[{"id":4124,"date":"2026-01-13T10:06:41","date_gmt":"2026-01-13T13:06:41","guid":{"rendered":"https:\/\/vilaflor.rn.gov.br\/transparencia\/?p=4124"},"modified":"2026-01-13T10:06:41","modified_gmt":"2026-01-13T13:06:41","slug":"termo-de-dispensa-de-licitacao-n-003-2026","status":"publish","type":"post","link":"https:\/\/vilaflor.rn.gov.br\/transparencia\/termo-de-dispensa-de-licitacao-n-003-2026\/","title":{"rendered":"TERMO DE DISPENSA DE LICITA\u00c7\u00c3O N\u00b0 003\/2026"},"content":{"rendered":"<p><strong>ESTADO DO RIO GRANDE DO NORTE<\/strong><br \/>\n<strong>PREFEITURA MUNICIPAL DE VILA FLOR<\/strong><\/p>\n<p>Fica dispensada a realiza\u00e7\u00e3o do certame licitat\u00f3rio para a\u00a0<strong>CONTRATA\u00c7\u00c3O DE SERVI\u00c7OS DE ATIVIDADES DE CUNHO T\u00c9CNICO E ADMINISTRATIVO DE APOIO A PREFEITURA, COMPREENDENDO O PREENCHIMENTO DO SIAI, INCLUINDO TODOS OS ANEXOS DISPONIBILIZADOS PELO PORTAL DO GESTOR, REALIZANDO CONSULTA AOS PROCESSOS ADMINISTRATIVOS PARA O DESEMPENHO DAS TAREFAS E ENVIO DE DADOS AO TRIBUNAL DE CONTAS<\/strong>. Declaro o interessado\u00a0<strong>ALMEIDA ASSESSORIA PUBLICA LTDA<\/strong>, CNPJ sob o n\u00b0\u00a0<strong>50.028.682\/0001-19<\/strong>, como apto e fornecedor da proposta mais vantajosa para a execu\u00e7\u00e3o do servi\u00e7o de natureza cont\u00ednua. O servi\u00e7o ser\u00e1 realizado sob a responsabilidade e fiscaliza\u00e7\u00e3o desta Prefeitura Municipal. A motiva\u00e7\u00e3o se d\u00e1 pelo pequeno valor da contrata\u00e7\u00e3o de R$ 4.470,00 (Quatro mil, quatrocentos e setenta reais) mensais e em face de not\u00f3rio interesse p\u00fablico na execu\u00e7\u00e3o das atividades desempenhadas por esta Administra\u00e7\u00e3o Municipal. As despesas decorrentes desta contrata\u00e7\u00e3o est\u00e3o programadas em dota\u00e7\u00e3o or\u00e7ament\u00e1ria pr\u00f3pria, prevista no or\u00e7amento do Munic\u00edpio de Vila Flor\/RN, para o exerc\u00edcio de 2025, na classifica\u00e7\u00e3o a seguir:\u00a0<strong>Classifica\u00e7\u00e3o econ\u00f4mica:\u00a0<\/strong>3.3.90.39.00 \u2013 Outros Servi\u00e7os de Terceiros \u2013 Pessoa Jur\u00eddica<strong>;\u00a0<\/strong><strong>\u00d3rg\u00e3o:\u00a0<\/strong>Prefeitura Municipal de Vila Flor;\u00a0<strong>Unidade Or\u00e7ament\u00e1ria:\u00a0<\/strong>03.001 \u2013 Secretaria Municipal de Administra\u00e7\u00e3o; Projeto Atividade: 2.007 \u2013 MANUTEN\u00c7\u00c3O DAS A\u00c7\u00d5ES DA SECRETARIA MUNICIPAL DE ADMINISTRA\u00c7\u00c3O; Fonte de Recurso: 15000000 \u2013 Recursos N\u00e3o Vinculados de Impostos.<\/p>\n<p>&nbsp;<\/p>\n<p><strong>RATIFICA\u00c7\u00c3O<\/strong><\/p>\n<p>&nbsp;<\/p>\n<p>Ante o exposto, tendo em vista os fundamentos apresentados e a regularidade formal do Processo Administrativo n\u00b0\u00a0<strong>30120001\/2025<\/strong>, bem como seu enquadramento legal, que fundamenta a Lei Federal n\u00ba 14.133\/2021 e legisla\u00e7\u00e3o complementar e, ainda de conformidade com o resultado do presente certame, usando das atribui\u00e7\u00f5es que nos s\u00e3o conferidas, a Prefeita Municipal de Vila Flor\/RN, atrav\u00e9s da Secretaria Municipal de Administra\u00e7\u00e3o, no uso de suas atribui\u00e7\u00f5es legais e com base nas informa\u00e7\u00f5es constantes do processo de licita\u00e7\u00e3o em ep\u00edgrafe, resolve\u00a0<strong>RATIFICAR<\/strong>\u00a0o\u00a0<strong>TERMO DE DISPENSA DE LICITA\u00c7\u00c3O N\u00ba 003\/2026,\u00a0<\/strong>para que este produza seus legais efeitos.<\/p>\n<p>&nbsp;<\/p>\n<p>Publique-se.<\/p>\n<p>&nbsp;<\/p>\n<p>Vila Flor\/RN, em 09 de janeiro de 2026.<\/p>\n<p>&nbsp;<\/p>\n<p>THUANNE KARLA CARVALHO DE SOUZA<\/p>\n<p><strong>Prefeita Municipal<\/strong><\/p>\n<p style=\"text-align: right;\"><strong>Publicado por:<\/strong><br \/>\nGRINALDO JOAQUIM DE SOUZA<br \/>\nSecret\u00e1rio Municipal de Administra\u00e7\u00e3o<br \/>\n<strong>C\u00f3digo Identificador:<\/strong>\u00a05SSVP72RSS<\/p>\n<div class=\"pdfprnt-buttons pdfprnt-buttons-post pdfprnt-bottom-right\"><a href=\"https:\/\/vilaflor.rn.gov.br\/transparencia\/wp-json\/wp\/v2\/posts?page=9&print=pdf#038;print=pdf\" class=\"pdfprnt-button pdfprnt-button-pdf\" target=\"_blank\"><img decoding=\"async\" src=\"https:\/\/vilaflor.rn.gov.br\/transparencia\/wp-content\/plugins\/pdf-print\/images\/pdf.png\" alt=\"image_pdf\" title=\"Baixar PDF\" \/><\/a><a href=\"https:\/\/vilaflor.rn.gov.br\/transparencia\/wp-json\/wp\/v2\/posts?page=9&print=print#038;print=pdf\" class=\"pdfprnt-button pdfprnt-button-print\" target=\"_blank\"><img decoding=\"async\" src=\"https:\/\/vilaflor.rn.gov.br\/transparencia\/wp-content\/plugins\/pdf-print\/images\/print.png\" alt=\"image_print\" title=\"Conte\u00fado de impress\u00e3o\" \/><\/a><\/div>","protected":false},"excerpt":{"rendered":"<p>ESTADO DO RIO GRANDE DO NORTE PREFEITURA MUNICIPAL DE VILA FLOR Fica dispensada a realiza\u00e7\u00e3o do certame licitat\u00f3rio para a\u00a0CONTRATA\u00c7\u00c3O DE SERVI\u00c7OS DE ATIVIDADES DE CUNHO T\u00c9CNICO E ADMINISTRATIVO DE APOIO A PREFEITURA, COMPREENDENDO O PREENCHIMENTO DO SIAI, INCLUINDO TODOS OS ANEXOS DISPONIBILIZADOS PELO PORTAL DO GESTOR, REALIZANDO CONSULTA AOS PROCESSOS ADMINISTRATIVOS PARA O DESEMPENHO [&hellip;]<\/p>\n","protected":false},"author":1,"featured_media":0,"comment_status":"open","ping_status":"open","sticky":false,"template":"","format":"standard","meta":{"ocean_post_layout":"","ocean_both_sidebars_style":"","ocean_both_sidebars_content_width":0,"ocean_both_sidebars_sidebars_width":0,"ocean_sidebar":"0","ocean_second_sidebar":"0","ocean_disable_margins":"enable","ocean_add_body_class":"","ocean_shortcode_before_top_bar":"","ocean_shortcode_after_top_bar":"","ocean_shortcode_before_header":"","ocean_shortcode_after_header":"","ocean_has_shortcode":"","ocean_shortcode_after_title":"","ocean_shortcode_before_footer_widgets":"","ocean_shortcode_after_footer_widgets":"","ocean_shortcode_before_footer_bottom":"","ocean_shortcode_after_footer_bottom":"","ocean_display_top_bar":"default","ocean_display_header":"default","ocean_header_style":"","ocean_center_header_left_menu":"0","ocean_custom_header_template":"0","ocean_custom_logo":0,"ocean_custom_retina_logo":0,"ocean_custom_logo_max_width":0,"ocean_custom_logo_tablet_max_width":0,"ocean_custom_logo_mobile_max_width":0,"ocean_custom_logo_max_height":0,"ocean_custom_logo_tablet_max_height":0,"ocean_custom_logo_mobile_max_height":0,"ocean_header_custom_menu":"0","ocean_menu_typo_font_family":"0","ocean_menu_typo_font_subset":"","ocean_menu_typo_font_size":0,"ocean_menu_typo_font_size_tablet":0,"ocean_menu_typo_font_size_mobile":0,"ocean_menu_typo_font_size_unit":"px","ocean_menu_typo_font_weight":"","ocean_menu_typo_font_weight_tablet":"","ocean_menu_typo_font_weight_mobile":"","ocean_menu_typo_transform":"","ocean_menu_typo_transform_tablet":"","ocean_menu_typo_transform_mobile":"","ocean_menu_typo_line_height":0,"ocean_menu_typo_line_height_tablet":0,"ocean_menu_typo_line_height_mobile":0,"ocean_menu_typo_line_height_unit":"","ocean_menu_typo_spacing":0,"ocean_menu_typo_spacing_tablet":0,"ocean_menu_typo_spacing_mobile":0,"ocean_menu_typo_spacing_unit":"","ocean_menu_link_color":"","ocean_menu_link_color_hover":"","ocean_menu_link_color_active":"","ocean_menu_link_background":"","ocean_menu_link_hover_background":"","ocean_menu_link_active_background":"","ocean_menu_social_links_bg":"","ocean_menu_social_hover_links_bg":"","ocean_menu_social_links_color":"","ocean_menu_social_hover_links_color":"","ocean_disable_title":"default","ocean_disable_heading":"default","ocean_post_title":"","ocean_post_subheading":"","ocean_post_title_style":"","ocean_post_title_background_color":"","ocean_post_title_background":0,"ocean_post_title_bg_image_position":"","ocean_post_title_bg_image_attachment":"","ocean_post_title_bg_image_repeat":"","ocean_post_title_bg_image_size":"","ocean_post_title_height":0,"ocean_post_title_bg_overlay":0.5,"ocean_post_title_bg_overlay_color":"","ocean_disable_breadcrumbs":"default","ocean_breadcrumbs_color":"","ocean_breadcrumbs_separator_color":"","ocean_breadcrumbs_links_color":"","ocean_breadcrumbs_links_hover_color":"","ocean_display_footer_widgets":"default","ocean_display_footer_bottom":"default","ocean_custom_footer_template":"0","ocean_post_oembed":"","ocean_post_self_hosted_media":"","ocean_post_video_embed":"","ocean_link_format":"","ocean_link_format_target":"self","ocean_quote_format":"","ocean_quote_format_link":"post","ocean_gallery_link_images":"on","ocean_gallery_id":[],"footnotes":""},"categories":[13,76,4],"tags":[],"class_list":["post-4124","post","type-post","status-publish","format-standard","hentry","category-dispensa-de-licitacao","category-dispensa-de-licitacao-2026","category-licitacao","entry"],"_links":{"self":[{"href":"https:\/\/vilaflor.rn.gov.br\/transparencia\/wp-json\/wp\/v2\/posts\/4124","targetHints":{"allow":["GET"]}}],"collection":[{"href":"https:\/\/vilaflor.rn.gov.br\/transparencia\/wp-json\/wp\/v2\/posts"}],"about":[{"href":"https:\/\/vilaflor.rn.gov.br\/transparencia\/wp-json\/wp\/v2\/types\/post"}],"author":[{"embeddable":true,"href":"https:\/\/vilaflor.rn.gov.br\/transparencia\/wp-json\/wp\/v2\/users\/1"}],"replies":[{"embeddable":true,"href":"https:\/\/vilaflor.rn.gov.br\/transparencia\/wp-json\/wp\/v2\/comments?post=4124"}],"version-history":[{"count":1,"href":"https:\/\/vilaflor.rn.gov.br\/transparencia\/wp-json\/wp\/v2\/posts\/4124\/revisions"}],"predecessor-version":[{"id":4125,"href":"https:\/\/vilaflor.rn.gov.br\/transparencia\/wp-json\/wp\/v2\/posts\/4124\/revisions\/4125"}],"wp:attachment":[{"href":"https:\/\/vilaflor.rn.gov.br\/transparencia\/wp-json\/wp\/v2\/media?parent=4124"}],"wp:term":[{"taxonomy":"category","embeddable":true,"href":"https:\/\/vilaflor.rn.gov.br\/transparencia\/wp-json\/wp\/v2\/categories?post=4124"},{"taxonomy":"post_tag","embeddable":true,"href":"https:\/\/vilaflor.rn.gov.br\/transparencia\/wp-json\/wp\/v2\/tags?post=4124"}],"curies":[{"name":"wp","href":"https:\/\/api.w.org\/{rel}","templated":true}]}},{"id":4122,"date":"2026-01-13T10:05:57","date_gmt":"2026-01-13T13:05:57","guid":{"rendered":"https:\/\/vilaflor.rn.gov.br\/transparencia\/?p=4122"},"modified":"2026-01-13T10:05:57","modified_gmt":"2026-01-13T13:05:57","slug":"aviso-de-licitacao-concorrencia-eletronica-no-001-2026","status":"publish","type":"post","link":"https:\/\/vilaflor.rn.gov.br\/transparencia\/aviso-de-licitacao-concorrencia-eletronica-no-001-2026\/","title":{"rendered":"AVISO DE LICITA\u00c7\u00c3O CONCORR\u00caNCIA ELETR\u00d4NICA N\u00ba 001\/2026"},"content":{"rendered":"<p><strong>ESTADO DO RIO GRANDE DO NORTE<\/strong><br \/>\n<strong>PREFEITURA MUNICIPAL DE VILA FLOR<\/strong><\/p>\n<p>A Comiss\u00e3o de Licita\u00e7\u00e3o do Munic\u00edpio de Vila Flor\/RN, Torna p\u00fablico que far\u00e1 realizar atrav\u00e9s do Agente de Contrata\u00e7\u00e3o e Equipe de Apoio, sediada na Rua Jos\u00e9 Calazans, 169, Centro, Vila Flor\/RN, CEP 59.192-000, por meio do site\u00a0<a href=\"https:\/\/www.portaldecompraspublicas.com.br\/\">https:\/\/www.portaldecompraspublicas.com.br\/<\/a>\u00a0licita\u00e7\u00e3o modalidade Concorr\u00eancia Eletr\u00f4nica, do tipo MENOR PRE\u00c7O, para: CONTRATA\u00c7\u00c3O DE EMPRESA DE ENGENHARIA ESPECIALIZADA EM EXECU\u00c7\u00c3O DE PAVIMENTA\u00c7\u00c3O EM PARALELEP\u00cdPEDO PARA CAL\u00c7AMENTO DAS RUAS SANTA RITA E ALEXANDRE DE MATOS NO MUNIC\u00cdPIO DE VILA FLOR\/RN. Abertura da sess\u00e3o p\u00fablica:\u00a0<u>09:00 horas do dia 02 de fevereiro de 2026.<\/u>\u00a0Refer\u00eancia: hor\u00e1rio de Bras\u00edlia \u2013 DF. Recursos: previstos no or\u00e7amento vigente. Fundamento legal: Lei Federal n\u00ba 14.133\/21; e legisla\u00e7\u00e3o pertinente, consideradas as altera\u00e7\u00f5es posteriores das referidas normas. Informa\u00e7\u00f5es: das 08:00 as 12:00 horas dos dias \u00fateis, no endere\u00e7o supracitado. E-mail: pmvflicitacoes2021@gmail.com.\u00a0Edital:\u00a0<a href=\"https:\/\/www.portaldecompraspublicas.com.br\/\">https:\/\/www.portaldecompraspublicas.com.br\/<\/a>;\u00a0<a href=\"http:\/\/www.tce.rn.gov.br\/\">www.tce.rn.gov.br<\/a>.<\/p>\n<p style=\"text-align: right;\"><strong>Publicado por:<\/strong><br \/>\nGRINALDO JOAQUIM DE SOUZA<br \/>\nSecret\u00e1rio Municipal de Administra\u00e7\u00e3o<br \/>\n<strong>C\u00f3digo Identificador:<\/strong>\u00a0IQ872IW7C3<\/p>\n<div class=\"pdfprnt-buttons pdfprnt-buttons-post pdfprnt-bottom-right\"><a href=\"https:\/\/vilaflor.rn.gov.br\/transparencia\/wp-json\/wp\/v2\/posts?page=9&print=pdf#038;print=pdf\" class=\"pdfprnt-button pdfprnt-button-pdf\" target=\"_blank\"><img decoding=\"async\" src=\"https:\/\/vilaflor.rn.gov.br\/transparencia\/wp-content\/plugins\/pdf-print\/images\/pdf.png\" alt=\"image_pdf\" title=\"Baixar PDF\" \/><\/a><a href=\"https:\/\/vilaflor.rn.gov.br\/transparencia\/wp-json\/wp\/v2\/posts?page=9&print=print#038;print=pdf\" class=\"pdfprnt-button pdfprnt-button-print\" target=\"_blank\"><img decoding=\"async\" src=\"https:\/\/vilaflor.rn.gov.br\/transparencia\/wp-content\/plugins\/pdf-print\/images\/print.png\" alt=\"image_print\" title=\"Conte\u00fado de impress\u00e3o\" \/><\/a><\/div>","protected":false},"excerpt":{"rendered":"<p>ESTADO DO RIO GRANDE DO NORTE PREFEITURA MUNICIPAL DE VILA FLOR A Comiss\u00e3o de Licita\u00e7\u00e3o do Munic\u00edpio de Vila Flor\/RN, Torna p\u00fablico que far\u00e1 realizar atrav\u00e9s do Agente de Contrata\u00e7\u00e3o e Equipe de Apoio, sediada na Rua Jos\u00e9 Calazans, 169, Centro, Vila Flor\/RN, CEP 59.192-000, por meio do site\u00a0https:\/\/www.portaldecompraspublicas.com.br\/\u00a0licita\u00e7\u00e3o modalidade Concorr\u00eancia Eletr\u00f4nica, do tipo MENOR [&hellip;]<\/p>\n","protected":false},"author":1,"featured_media":0,"comment_status":"open","ping_status":"open","sticky":false,"template":"","format":"standard","meta":{"ocean_post_layout":"","ocean_both_sidebars_style":"","ocean_both_sidebars_content_width":0,"ocean_both_sidebars_sidebars_width":0,"ocean_sidebar":"0","ocean_second_sidebar":"0","ocean_disable_margins":"enable","ocean_add_body_class":"","ocean_shortcode_before_top_bar":"","ocean_shortcode_after_top_bar":"","ocean_shortcode_before_header":"","ocean_shortcode_after_header":"","ocean_has_shortcode":"","ocean_shortcode_after_title":"","ocean_shortcode_before_footer_widgets":"","ocean_shortcode_after_footer_widgets":"","ocean_shortcode_before_footer_bottom":"","ocean_shortcode_after_footer_bottom":"","ocean_display_top_bar":"default","ocean_display_header":"default","ocean_header_style":"","ocean_center_header_left_menu":"0","ocean_custom_header_template":"0","ocean_custom_logo":0,"ocean_custom_retina_logo":0,"ocean_custom_logo_max_width":0,"ocean_custom_logo_tablet_max_width":0,"ocean_custom_logo_mobile_max_width":0,"ocean_custom_logo_max_height":0,"ocean_custom_logo_tablet_max_height":0,"ocean_custom_logo_mobile_max_height":0,"ocean_header_custom_menu":"0","ocean_menu_typo_font_family":"0","ocean_menu_typo_font_subset":"","ocean_menu_typo_font_size":0,"ocean_menu_typo_font_size_tablet":0,"ocean_menu_typo_font_size_mobile":0,"ocean_menu_typo_font_size_unit":"px","ocean_menu_typo_font_weight":"","ocean_menu_typo_font_weight_tablet":"","ocean_menu_typo_font_weight_mobile":"","ocean_menu_typo_transform":"","ocean_menu_typo_transform_tablet":"","ocean_menu_typo_transform_mobile":"","ocean_menu_typo_line_height":0,"ocean_menu_typo_line_height_tablet":0,"ocean_menu_typo_line_height_mobile":0,"ocean_menu_typo_line_height_unit":"","ocean_menu_typo_spacing":0,"ocean_menu_typo_spacing_tablet":0,"ocean_menu_typo_spacing_mobile":0,"ocean_menu_typo_spacing_unit":"","ocean_menu_link_color":"","ocean_menu_link_color_hover":"","ocean_menu_link_color_active":"","ocean_menu_link_background":"","ocean_menu_link_hover_background":"","ocean_menu_link_active_background":"","ocean_menu_social_links_bg":"","ocean_menu_social_hover_links_bg":"","ocean_menu_social_links_color":"","ocean_menu_social_hover_links_color":"","ocean_disable_title":"default","ocean_disable_heading":"default","ocean_post_title":"","ocean_post_subheading":"","ocean_post_title_style":"","ocean_post_title_background_color":"","ocean_post_title_background":0,"ocean_post_title_bg_image_position":"","ocean_post_title_bg_image_attachment":"","ocean_post_title_bg_image_repeat":"","ocean_post_title_bg_image_size":"","ocean_post_title_height":0,"ocean_post_title_bg_overlay":0.5,"ocean_post_title_bg_overlay_color":"","ocean_disable_breadcrumbs":"default","ocean_breadcrumbs_color":"","ocean_breadcrumbs_separator_color":"","ocean_breadcrumbs_links_color":"","ocean_breadcrumbs_links_hover_color":"","ocean_display_footer_widgets":"default","ocean_display_footer_bottom":"default","ocean_custom_footer_template":"0","ocean_post_oembed":"","ocean_post_self_hosted_media":"","ocean_post_video_embed":"","ocean_link_format":"","ocean_link_format_target":"self","ocean_quote_format":"","ocean_quote_format_link":"post","ocean_gallery_link_images":"on","ocean_gallery_id":[],"footnotes":""},"categories":[5,4],"tags":[],"class_list":["post-4122","post","type-post","status-publish","format-standard","hentry","category-aviso-de-licitacao","category-licitacao","entry"],"_links":{"self":[{"href":"https:\/\/vilaflor.rn.gov.br\/transparencia\/wp-json\/wp\/v2\/posts\/4122","targetHints":{"allow":["GET"]}}],"collection":[{"href":"https:\/\/vilaflor.rn.gov.br\/transparencia\/wp-json\/wp\/v2\/posts"}],"about":[{"href":"https:\/\/vilaflor.rn.gov.br\/transparencia\/wp-json\/wp\/v2\/types\/post"}],"author":[{"embeddable":true,"href":"https:\/\/vilaflor.rn.gov.br\/transparencia\/wp-json\/wp\/v2\/users\/1"}],"replies":[{"embeddable":true,"href":"https:\/\/vilaflor.rn.gov.br\/transparencia\/wp-json\/wp\/v2\/comments?post=4122"}],"version-history":[{"count":1,"href":"https:\/\/vilaflor.rn.gov.br\/transparencia\/wp-json\/wp\/v2\/posts\/4122\/revisions"}],"predecessor-version":[{"id":4123,"href":"https:\/\/vilaflor.rn.gov.br\/transparencia\/wp-json\/wp\/v2\/posts\/4122\/revisions\/4123"}],"wp:attachment":[{"href":"https:\/\/vilaflor.rn.gov.br\/transparencia\/wp-json\/wp\/v2\/media?parent=4122"}],"wp:term":[{"taxonomy":"category","embeddable":true,"href":"https:\/\/vilaflor.rn.gov.br\/transparencia\/wp-json\/wp\/v2\/categories?post=4122"},{"taxonomy":"post_tag","embeddable":true,"href":"https:\/\/vilaflor.rn.gov.br\/transparencia\/wp-json\/wp\/v2\/tags?post=4122"}],"curies":[{"name":"wp","href":"https:\/\/api.w.org\/{rel}","templated":true}]}},{"id":4128,"date":"2026-01-13T10:04:02","date_gmt":"2026-01-13T13:04:02","guid":{"rendered":"https:\/\/vilaflor.rn.gov.br\/transparencia\/?p=4128"},"modified":"2026-01-13T10:08:56","modified_gmt":"2026-01-13T13:08:56","slug":"extrato-de-contrato-n-005-2026","status":"publish","type":"post","link":"https:\/\/vilaflor.rn.gov.br\/transparencia\/extrato-de-contrato-n-005-2026\/","title":{"rendered":"EXTRATO DE CONTRATO N\u00b0 005\/2026"},"content":{"rendered":"<p><strong>ESTADO DO RIO GRANDE DO NORTE<\/strong><br \/>\n<strong>PREFEITURA MUNICIPAL DE VILA FLOR<\/strong><\/p>\n<p><strong>CONTRATANTE<\/strong>: Munic\u00edpio de Vila Flor\/ Prefeitura Municipal<\/p>\n<p>&nbsp;<\/p>\n<p><strong>CONTRATADA<\/strong>:\u00a0<strong>HERICA TATIANE BRITO DE OLIVEIRA LTDA.<\/strong><\/p>\n<p>&nbsp;<\/p>\n<p><strong>MODALIDADE<\/strong>: Dispensa de Licita\u00e7\u00e3o 004\/2026.<\/p>\n<p>&nbsp;<\/p>\n<p><strong>OBJETO<\/strong>: CONTRATA\u00c7\u00c3O DE PESSOA JUR\u00cdDICA PARA REALIZAR SERVI\u00c7OS DE ASSESSORIA E CONSULTORIA DA \u00c1REA FINANCEIRA E OR\u00c7AMENT\u00c1RIA, COMPREENDENDO ATIVIDADES DE CUNHO T\u00c9CNICO E DE APOIO AO SETOR DE TESOURARIA, COM AN\u00c1LISES DOS PROCESSOS E DE TODOS OS PROCEDIMENTOS DE ROTINA PARA PAGAMENTOS, VISANDO ATENDER AS NECESSIDADE DA PREFEITURA MUNICIPAL DE VILA FLOR\/RN<\/p>\n<p>&nbsp;<\/p>\n<p><strong>VALOR MENSAL ESTIMADO<\/strong>: R$ 5.026,00 (Cinco mil e vinte e seis reais)<\/p>\n<p>&nbsp;<\/p>\n<p><strong>DATA DE ASSINATURA<\/strong>: 09\/01\/2026<\/p>\n<p>&nbsp;<\/p>\n<p><strong>VIG\u00caNCIA<\/strong>: O prazo de vig\u00eancia deste Termo de Contrato se inicia com a sua assinatura e tem dura\u00e7\u00e3o de 12 (doze) meses.<\/p>\n<p>&nbsp;<\/p>\n<p><strong>FUNDAMENTO LEGAL<\/strong>: Art. 75, II, da Lei n\u00ba 14.133\/21.<\/p>\n<p><strong>\u00a0<\/strong><\/p>\n<p><strong>DOTA\u00c7\u00c3O<\/strong>:<\/p>\n<p><strong>Classifica\u00e7\u00e3o econ\u00f4mica:\u00a0<\/strong>3.3.90.39.00 \u2013 Outros Servi\u00e7os de Terceiros \u2013 Pessoa Jur\u00eddica<strong>;<\/strong><\/p>\n<p><strong>\u00d3rg\u00e3o:\u00a0<\/strong>Prefeitura Municipal de Vila Flor;<\/p>\n<p><strong>Unidade Or\u00e7ament\u00e1ria:\u00a0<\/strong>03.001 \u2013 Secretaria Municipal de Administra\u00e7\u00e3o;<\/p>\n<p><strong>Projeto Atividade<\/strong>: 2.007 \u2013 MANUTEN\u00c7\u00c3O DAS A\u00c7\u00d5ES DA SECRETARIA MUNICIPAL DE ADMINISTRA\u00c7\u00c3O;<\/p>\n<p><strong>Fonte de Recurso<\/strong>: 15000000 \u2013 Recursos N\u00e3o Vinculados de Impostos.<\/p>\n<p style=\"text-align: right;\"><strong>Publicado por:<\/strong><br \/>\nGRINALDO JOAQUIM DE SOUZA<br \/>\nSecret\u00e1rio Municipal de Administra\u00e7\u00e3o<br \/>\n<strong>C\u00f3digo Identificador:<\/strong>\u00a08XZQL8T03D<\/p>\n<div class=\"pdfprnt-buttons pdfprnt-buttons-post pdfprnt-bottom-right\"><a href=\"https:\/\/vilaflor.rn.gov.br\/transparencia\/wp-json\/wp\/v2\/posts?page=9&print=pdf#038;print=pdf\" class=\"pdfprnt-button pdfprnt-button-pdf\" target=\"_blank\"><img decoding=\"async\" src=\"https:\/\/vilaflor.rn.gov.br\/transparencia\/wp-content\/plugins\/pdf-print\/images\/pdf.png\" alt=\"image_pdf\" title=\"Baixar PDF\" \/><\/a><a href=\"https:\/\/vilaflor.rn.gov.br\/transparencia\/wp-json\/wp\/v2\/posts?page=9&print=print#038;print=pdf\" class=\"pdfprnt-button pdfprnt-button-print\" target=\"_blank\"><img decoding=\"async\" src=\"https:\/\/vilaflor.rn.gov.br\/transparencia\/wp-content\/plugins\/pdf-print\/images\/print.png\" alt=\"image_print\" title=\"Conte\u00fado de impress\u00e3o\" \/><\/a><\/div>","protected":false},"excerpt":{"rendered":"<p>ESTADO DO RIO GRANDE DO NORTE PREFEITURA MUNICIPAL DE VILA FLOR CONTRATANTE: Munic\u00edpio de Vila Flor\/ Prefeitura Municipal &nbsp; CONTRATADA:\u00a0HERICA TATIANE BRITO DE OLIVEIRA LTDA. &nbsp; MODALIDADE: Dispensa de Licita\u00e7\u00e3o 004\/2026. &nbsp; OBJETO: CONTRATA\u00c7\u00c3O DE PESSOA JUR\u00cdDICA PARA REALIZAR SERVI\u00c7OS DE ASSESSORIA E CONSULTORIA DA \u00c1REA FINANCEIRA E OR\u00c7AMENT\u00c1RIA, COMPREENDENDO ATIVIDADES DE CUNHO T\u00c9CNICO E [&hellip;]<\/p>\n","protected":false},"author":1,"featured_media":0,"comment_status":"open","ping_status":"open","sticky":false,"template":"","format":"standard","meta":{"ocean_post_layout":"","ocean_both_sidebars_style":"","ocean_both_sidebars_content_width":0,"ocean_both_sidebars_sidebars_width":0,"ocean_sidebar":"0","ocean_second_sidebar":"0","ocean_disable_margins":"enable","ocean_add_body_class":"","ocean_shortcode_before_top_bar":"","ocean_shortcode_after_top_bar":"","ocean_shortcode_before_header":"","ocean_shortcode_after_header":"","ocean_has_shortcode":"","ocean_shortcode_after_title":"","ocean_shortcode_before_footer_widgets":"","ocean_shortcode_after_footer_widgets":"","ocean_shortcode_before_footer_bottom":"","ocean_shortcode_after_footer_bottom":"","ocean_display_top_bar":"default","ocean_display_header":"default","ocean_header_style":"","ocean_center_header_left_menu":"0","ocean_custom_header_template":"0","ocean_custom_logo":0,"ocean_custom_retina_logo":0,"ocean_custom_logo_max_width":0,"ocean_custom_logo_tablet_max_width":0,"ocean_custom_logo_mobile_max_width":0,"ocean_custom_logo_max_height":0,"ocean_custom_logo_tablet_max_height":0,"ocean_custom_logo_mobile_max_height":0,"ocean_header_custom_menu":"0","ocean_menu_typo_font_family":"0","ocean_menu_typo_font_subset":"","ocean_menu_typo_font_size":0,"ocean_menu_typo_font_size_tablet":0,"ocean_menu_typo_font_size_mobile":0,"ocean_menu_typo_font_size_unit":"px","ocean_menu_typo_font_weight":"","ocean_menu_typo_font_weight_tablet":"","ocean_menu_typo_font_weight_mobile":"","ocean_menu_typo_transform":"","ocean_menu_typo_transform_tablet":"","ocean_menu_typo_transform_mobile":"","ocean_menu_typo_line_height":0,"ocean_menu_typo_line_height_tablet":0,"ocean_menu_typo_line_height_mobile":0,"ocean_menu_typo_line_height_unit":"","ocean_menu_typo_spacing":0,"ocean_menu_typo_spacing_tablet":0,"ocean_menu_typo_spacing_mobile":0,"ocean_menu_typo_spacing_unit":"","ocean_menu_link_color":"","ocean_menu_link_color_hover":"","ocean_menu_link_color_active":"","ocean_menu_link_background":"","ocean_menu_link_hover_background":"","ocean_menu_link_active_background":"","ocean_menu_social_links_bg":"","ocean_menu_social_hover_links_bg":"","ocean_menu_social_links_color":"","ocean_menu_social_hover_links_color":"","ocean_disable_title":"default","ocean_disable_heading":"default","ocean_post_title":"","ocean_post_subheading":"","ocean_post_title_style":"","ocean_post_title_background_color":"","ocean_post_title_background":0,"ocean_post_title_bg_image_position":"","ocean_post_title_bg_image_attachment":"","ocean_post_title_bg_image_repeat":"","ocean_post_title_bg_image_size":"","ocean_post_title_height":0,"ocean_post_title_bg_overlay":0.5,"ocean_post_title_bg_overlay_color":"","ocean_disable_breadcrumbs":"default","ocean_breadcrumbs_color":"","ocean_breadcrumbs_separator_color":"","ocean_breadcrumbs_links_color":"","ocean_breadcrumbs_links_hover_color":"","ocean_display_footer_widgets":"default","ocean_display_footer_bottom":"default","ocean_custom_footer_template":"0","ocean_post_oembed":"","ocean_post_self_hosted_media":"","ocean_post_video_embed":"","ocean_link_format":"","ocean_link_format_target":"self","ocean_quote_format":"","ocean_quote_format_link":"post","ocean_gallery_link_images":"on","ocean_gallery_id":[],"footnotes":""},"categories":[58,75,4],"tags":[],"class_list":["post-4128","post","type-post","status-publish","format-standard","hentry","category-contratos","category-contratos-2026","category-licitacao","entry"],"_links":{"self":[{"href":"https:\/\/vilaflor.rn.gov.br\/transparencia\/wp-json\/wp\/v2\/posts\/4128","targetHints":{"allow":["GET"]}}],"collection":[{"href":"https:\/\/vilaflor.rn.gov.br\/transparencia\/wp-json\/wp\/v2\/posts"}],"about":[{"href":"https:\/\/vilaflor.rn.gov.br\/transparencia\/wp-json\/wp\/v2\/types\/post"}],"author":[{"embeddable":true,"href":"https:\/\/vilaflor.rn.gov.br\/transparencia\/wp-json\/wp\/v2\/users\/1"}],"replies":[{"embeddable":true,"href":"https:\/\/vilaflor.rn.gov.br\/transparencia\/wp-json\/wp\/v2\/comments?post=4128"}],"version-history":[{"count":1,"href":"https:\/\/vilaflor.rn.gov.br\/transparencia\/wp-json\/wp\/v2\/posts\/4128\/revisions"}],"predecessor-version":[{"id":4129,"href":"https:\/\/vilaflor.rn.gov.br\/transparencia\/wp-json\/wp\/v2\/posts\/4128\/revisions\/4129"}],"wp:attachment":[{"href":"https:\/\/vilaflor.rn.gov.br\/transparencia\/wp-json\/wp\/v2\/media?parent=4128"}],"wp:term":[{"taxonomy":"category","embeddable":true,"href":"https:\/\/vilaflor.rn.gov.br\/transparencia\/wp-json\/wp\/v2\/categories?post=4128"},{"taxonomy":"post_tag","embeddable":true,"href":"https:\/\/vilaflor.rn.gov.br\/transparencia\/wp-json\/wp\/v2\/tags?post=4128"}],"curies":[{"name":"wp","href":"https:\/\/api.w.org\/{rel}","templated":true}]}},{"id":4120,"date":"2026-01-12T10:03:07","date_gmt":"2026-01-12T13:03:07","guid":{"rendered":"https:\/\/vilaflor.rn.gov.br\/transparencia\/?p=4120"},"modified":"2026-01-13T10:04:29","modified_gmt":"2026-01-13T13:04:29","slug":"extrato-de-contrato-n-004-2026","status":"publish","type":"post","link":"https:\/\/vilaflor.rn.gov.br\/transparencia\/extrato-de-contrato-n-004-2026\/","title":{"rendered":"EXTRATO DE CONTRATO N\u00b0 004\/2026"},"content":{"rendered":"<p><strong>ESTADO DO RIO GRANDE DO NORTE<\/strong><br \/>\n<strong>PREFEITURA MUNICIPAL DE VILA FLOR<\/strong><\/p>\n<p><strong>CONTRATANTE<\/strong>: Munic\u00edpio de Vila Flor\/ Prefeitura Municipal<\/p>\n<p>&nbsp;<\/p>\n<p><strong>CONTRATADA<\/strong>:\u00a0<strong>HENRIQUE BRITO DE OLIVEIRA LTDA.<\/strong><\/p>\n<p>&nbsp;<\/p>\n<p><strong>MODALIDADE<\/strong>: Dispensa de Licita\u00e7\u00e3o 002\/2026.<\/p>\n<p>&nbsp;<\/p>\n<p><strong>OBJETO<\/strong>: CONTRATA\u00c7\u00c3O DE SERVI\u00c7OS ESPECIALIZADOS DE ASSESSORIA E CONSULTORIA T\u00c9CNICA AO DEPARTAMENTO DE CONTROLE INTERNO, COM VISTAS A AVALIAR E ORIENTAR A GEST\u00c3O OR\u00c7AMENT\u00c1RIA, FINANCEIRA E PATRIMONIAL, PARA CORRETA E RACIONAL UTILIZA\u00c7\u00c3O DOS RECURSOS E BENS P\u00daBLICOS<\/p>\n<p>&nbsp;<\/p>\n<p><strong>VALOR ESTIMADO MENSAL<\/strong>: R$ 5.447,00 (Cinco mil, quatrocentos e quarenta e sete reais)<\/p>\n<p>&nbsp;<\/p>\n<p><strong>DATA DE ASSINATURA<\/strong>: 09\/01\/2026<\/p>\n<p>&nbsp;<\/p>\n<p><strong>VIG\u00caNCIA<\/strong>: O prazo de vig\u00eancia deste Termo de Contrato se inicia com a sua assinatura e tem dura\u00e7\u00e3o de 12 (doze) meses.<\/p>\n<p>&nbsp;<\/p>\n<p><strong>FUNDAMENTO LEGAL<\/strong>: Art. 75, II, da Lei n\u00ba 14.133\/21.<\/p>\n<p><strong>\u00a0<\/strong><\/p>\n<p><strong>DOTA\u00c7\u00c3O<\/strong>:<\/p>\n<p><strong>Classifica\u00e7\u00e3o econ\u00f4mica:\u00a0<\/strong>\u00a0\u00a0\u00a0 3.3.90.39.00 \u2013 Outros Servi\u00e7os de Terceiros \u2013 Pessoa Jur\u00eddica<strong>;<\/strong><\/p>\n<p><strong>\u00d3rg\u00e3o: \u00a0\u00a0\u00a0\u00a0\u00a0\u00a0\u00a0\u00a0\u00a0\u00a0\u00a0\u00a0\u00a0\u00a0\u00a0\u00a0\u00a0\u00a0\u00a0\u00a0\u00a0\u00a0\u00a0\u00a0\u00a0\u00a0\u00a0\u00a0\u00a0\u00a0\u00a0\u00a0\u00a0\u00a0<\/strong>Prefeitura Municipal de Vila Flor;<\/p>\n<p><strong>Unidade Or\u00e7ament\u00e1ria: \u00a0\u00a0\u00a0\u00a0\u00a0<\/strong>03.001 \u2013 Secretaria Municipal de Administra\u00e7\u00e3o;<\/p>\n<p><strong>Projeto Atividade<\/strong>: \u00a0\u00a0\u00a0\u00a0\u00a0\u00a0\u00a0\u00a0\u00a0\u00a0\u00a0\u00a0\u00a0\u00a0 2.007 \u2013 MANUTEN\u00c7\u00c3O DAS A\u00c7\u00d5ES DA SECRETARIA MUNICIPAL DE ADMINISTRA\u00c7\u00c3O;<\/p>\n<p><strong>Fonte de Recurso<\/strong>: \u00a0\u00a0\u00a0\u00a0\u00a0\u00a0\u00a0\u00a0\u00a0\u00a0\u00a0\u00a0\u00a0\u00a0 15000000 \u2013 Recursos N\u00e3o Vinculados de Impostos.<\/p>\n<p style=\"text-align: right;\"><strong>Publicado por:<\/strong><br \/>\nGRINALDO JOAQUIM DE SOUZA<br \/>\nSecret\u00e1rio Municipal de Administra\u00e7\u00e3o<br \/>\n<strong>C\u00f3digo Identificador:<\/strong>\u00a0B67NQES0CN<\/p>\n<div class=\"pdfprnt-buttons pdfprnt-buttons-post pdfprnt-bottom-right\"><a href=\"https:\/\/vilaflor.rn.gov.br\/transparencia\/wp-json\/wp\/v2\/posts?page=9&print=pdf#038;print=pdf\" class=\"pdfprnt-button pdfprnt-button-pdf\" target=\"_blank\"><img decoding=\"async\" src=\"https:\/\/vilaflor.rn.gov.br\/transparencia\/wp-content\/plugins\/pdf-print\/images\/pdf.png\" alt=\"image_pdf\" title=\"Baixar PDF\" \/><\/a><a href=\"https:\/\/vilaflor.rn.gov.br\/transparencia\/wp-json\/wp\/v2\/posts?page=9&print=print#038;print=pdf\" class=\"pdfprnt-button pdfprnt-button-print\" target=\"_blank\"><img decoding=\"async\" src=\"https:\/\/vilaflor.rn.gov.br\/transparencia\/wp-content\/plugins\/pdf-print\/images\/print.png\" alt=\"image_print\" title=\"Conte\u00fado de impress\u00e3o\" \/><\/a><\/div>","protected":false},"excerpt":{"rendered":"<p>ESTADO DO RIO GRANDE DO NORTE PREFEITURA MUNICIPAL DE VILA FLOR CONTRATANTE: Munic\u00edpio de Vila Flor\/ Prefeitura Municipal &nbsp; CONTRATADA:\u00a0HENRIQUE BRITO DE OLIVEIRA LTDA. &nbsp; MODALIDADE: Dispensa de Licita\u00e7\u00e3o 002\/2026. &nbsp; OBJETO: CONTRATA\u00c7\u00c3O DE SERVI\u00c7OS ESPECIALIZADOS DE ASSESSORIA E CONSULTORIA T\u00c9CNICA AO DEPARTAMENTO DE CONTROLE INTERNO, COM VISTAS A AVALIAR E ORIENTAR A GEST\u00c3O OR\u00c7AMENT\u00c1RIA, [&hellip;]<\/p>\n","protected":false},"author":1,"featured_media":0,"comment_status":"open","ping_status":"open","sticky":false,"template":"","format":"standard","meta":{"ocean_post_layout":"","ocean_both_sidebars_style":"","ocean_both_sidebars_content_width":0,"ocean_both_sidebars_sidebars_width":0,"ocean_sidebar":"0","ocean_second_sidebar":"0","ocean_disable_margins":"enable","ocean_add_body_class":"","ocean_shortcode_before_top_bar":"","ocean_shortcode_after_top_bar":"","ocean_shortcode_before_header":"","ocean_shortcode_after_header":"","ocean_has_shortcode":"","ocean_shortcode_after_title":"","ocean_shortcode_before_footer_widgets":"","ocean_shortcode_after_footer_widgets":"","ocean_shortcode_before_footer_bottom":"","ocean_shortcode_after_footer_bottom":"","ocean_display_top_bar":"default","ocean_display_header":"default","ocean_header_style":"","ocean_center_header_left_menu":"0","ocean_custom_header_template":"0","ocean_custom_logo":0,"ocean_custom_retina_logo":0,"ocean_custom_logo_max_width":0,"ocean_custom_logo_tablet_max_width":0,"ocean_custom_logo_mobile_max_width":0,"ocean_custom_logo_max_height":0,"ocean_custom_logo_tablet_max_height":0,"ocean_custom_logo_mobile_max_height":0,"ocean_header_custom_menu":"0","ocean_menu_typo_font_family":"0","ocean_menu_typo_font_subset":"","ocean_menu_typo_font_size":0,"ocean_menu_typo_font_size_tablet":0,"ocean_menu_typo_font_size_mobile":0,"ocean_menu_typo_font_size_unit":"px","ocean_menu_typo_font_weight":"","ocean_menu_typo_font_weight_tablet":"","ocean_menu_typo_font_weight_mobile":"","ocean_menu_typo_transform":"","ocean_menu_typo_transform_tablet":"","ocean_menu_typo_transform_mobile":"","ocean_menu_typo_line_height":0,"ocean_menu_typo_line_height_tablet":0,"ocean_menu_typo_line_height_mobile":0,"ocean_menu_typo_line_height_unit":"","ocean_menu_typo_spacing":0,"ocean_menu_typo_spacing_tablet":0,"ocean_menu_typo_spacing_mobile":0,"ocean_menu_typo_spacing_unit":"","ocean_menu_link_color":"","ocean_menu_link_color_hover":"","ocean_menu_link_color_active":"","ocean_menu_link_background":"","ocean_menu_link_hover_background":"","ocean_menu_link_active_background":"","ocean_menu_social_links_bg":"","ocean_menu_social_hover_links_bg":"","ocean_menu_social_links_color":"","ocean_menu_social_hover_links_color":"","ocean_disable_title":"default","ocean_disable_heading":"default","ocean_post_title":"","ocean_post_subheading":"","ocean_post_title_style":"","ocean_post_title_background_color":"","ocean_post_title_background":0,"ocean_post_title_bg_image_position":"","ocean_post_title_bg_image_attachment":"","ocean_post_title_bg_image_repeat":"","ocean_post_title_bg_image_size":"","ocean_post_title_height":0,"ocean_post_title_bg_overlay":0.5,"ocean_post_title_bg_overlay_color":"","ocean_disable_breadcrumbs":"default","ocean_breadcrumbs_color":"","ocean_breadcrumbs_separator_color":"","ocean_breadcrumbs_links_color":"","ocean_breadcrumbs_links_hover_color":"","ocean_display_footer_widgets":"default","ocean_display_footer_bottom":"default","ocean_custom_footer_template":"0","ocean_post_oembed":"","ocean_post_self_hosted_media":"","ocean_post_video_embed":"","ocean_link_format":"","ocean_link_format_target":"self","ocean_quote_format":"","ocean_quote_format_link":"post","ocean_gallery_link_images":"on","ocean_gallery_id":[],"footnotes":""},"categories":[58,75,4],"tags":[],"class_list":["post-4120","post","type-post","status-publish","format-standard","hentry","category-contratos","category-contratos-2026","category-licitacao","entry"],"_links":{"self":[{"href":"https:\/\/vilaflor.rn.gov.br\/transparencia\/wp-json\/wp\/v2\/posts\/4120","targetHints":{"allow":["GET"]}}],"collection":[{"href":"https:\/\/vilaflor.rn.gov.br\/transparencia\/wp-json\/wp\/v2\/posts"}],"about":[{"href":"https:\/\/vilaflor.rn.gov.br\/transparencia\/wp-json\/wp\/v2\/types\/post"}],"author":[{"embeddable":true,"href":"https:\/\/vilaflor.rn.gov.br\/transparencia\/wp-json\/wp\/v2\/users\/1"}],"replies":[{"embeddable":true,"href":"https:\/\/vilaflor.rn.gov.br\/transparencia\/wp-json\/wp\/v2\/comments?post=4120"}],"version-history":[{"count":1,"href":"https:\/\/vilaflor.rn.gov.br\/transparencia\/wp-json\/wp\/v2\/posts\/4120\/revisions"}],"predecessor-version":[{"id":4121,"href":"https:\/\/vilaflor.rn.gov.br\/transparencia\/wp-json\/wp\/v2\/posts\/4120\/revisions\/4121"}],"wp:attachment":[{"href":"https:\/\/vilaflor.rn.gov.br\/transparencia\/wp-json\/wp\/v2\/media?parent=4120"}],"wp:term":[{"taxonomy":"category","embeddable":true,"href":"https:\/\/vilaflor.rn.gov.br\/transparencia\/wp-json\/wp\/v2\/categories?post=4120"},{"taxonomy":"post_tag","embeddable":true,"href":"https:\/\/vilaflor.rn.gov.br\/transparencia\/wp-json\/wp\/v2\/tags?post=4120"}],"curies":[{"name":"wp","href":"https:\/\/api.w.org\/{rel}","templated":true}]}},{"id":4118,"date":"2026-01-12T10:02:07","date_gmt":"2026-01-12T13:02:07","guid":{"rendered":"https:\/\/vilaflor.rn.gov.br\/transparencia\/?p=4118"},"modified":"2026-01-13T10:02:58","modified_gmt":"2026-01-13T13:02:58","slug":"extrato-de-contrato-n-003-2026","status":"publish","type":"post","link":"https:\/\/vilaflor.rn.gov.br\/transparencia\/extrato-de-contrato-n-003-2026\/","title":{"rendered":"EXTRATO DE CONTRATO N\u00b0 003\/2026"},"content":{"rendered":"<p><strong>ESTADO DO RIO GRANDE DO NORTE<\/strong><br \/>\n<strong>PREFEITURA MUNICIPAL DE VILA FLOR<\/strong><\/p>\n<p><strong>CONTRATANTE<\/strong>: Munic\u00edpio de Vila Flor\/ Prefeitura Municipal<\/p>\n<p>&nbsp;<\/p>\n<p><strong>CONTRATADA<\/strong>:\u00a0<strong>FRANCISCO DE ASSIS FARIAS FILHO.<\/strong><\/p>\n<p>&nbsp;<\/p>\n<p><strong>MODALIDADE<\/strong>: Dispensa de Licita\u00e7\u00e3o 001\/2026.<\/p>\n<p>&nbsp;<\/p>\n<p><strong>OBJETO<\/strong>: CONTRATA\u00c7\u00c3O DE EMPRESA ESPECIALIZADA NOS SERVI\u00c7OS DE ASSESSORIA EM RECURSOS HUMANOS, FOLHA DE PAGAMENTO, GFIP, RAIS, SIAI-DP, DIRF E DEMAIS ROTINAS PERTINENTES A AREA DE SETOR PESSOAL DA PREFEITURA MUNICIPAL DE VILA FLOR\/RN<\/p>\n<p>&nbsp;<\/p>\n<p><strong>VALOR TOTAL<\/strong>: R$ R$ 61.200,00 (Sessenta e um mil e duzentos reais)<\/p>\n<p>&nbsp;<\/p>\n<p><strong>DATA DE ASSINATURA<\/strong>: 09\/01\/2026<\/p>\n<p>&nbsp;<\/p>\n<p><strong>VIG\u00caNCIA<\/strong>: O prazo de vig\u00eancia deste Termo de Contrato se inicia com a sua assinatura e tem dura\u00e7\u00e3o de 12 (doze) meses.<\/p>\n<p>&nbsp;<\/p>\n<p><strong>FUNDAMENTO LEGAL<\/strong>: Art. 75, II, da Lei n\u00ba 14.133\/21.<\/p>\n<p><strong>\u00a0<\/strong><\/p>\n<p><strong>DOTA\u00c7\u00c3O<\/strong>:<\/p>\n<p><strong>Classifica\u00e7\u00e3o econ\u00f4mica:\u00a0<\/strong>3.3.90.39.00 \u2013 Outros Servi\u00e7os de Terceiros \u2013 Pessoa Jur\u00eddica<strong>;<\/strong><\/p>\n<p><strong>\u00d3rg\u00e3o:\u00a0<\/strong>Prefeitura Municipal de Vila Flor;<\/p>\n<p><strong>Unidade Or\u00e7ament\u00e1ria:\u00a0<\/strong>03.001 \u2013 Secretaria Municipal de Administra\u00e7\u00e3o;<\/p>\n<p><strong>Projeto Atividade<\/strong>: 2.007 \u2013 MANUTEN\u00c7\u00c3O DAS A\u00c7\u00d5ES DA SECRETARIA MUNICIPAL DE ADMINISTRA\u00c7\u00c3O;<\/p>\n<p><strong>Fonte de Recurso<\/strong>: 15000000 \u2013 Recursos N\u00e3o Vinculados de Impostos.<\/p>\n<p style=\"text-align: right;\"><strong>Publicado por:<\/strong><br \/>\nGRINALDO JOAQUIM DE SOUZA<br \/>\nSecret\u00e1rio Municipal de Administra\u00e7\u00e3o<br \/>\n<strong>C\u00f3digo Identificador:<\/strong>\u00a0B47ZMTCZBB<\/p>\n<div class=\"pdfprnt-buttons pdfprnt-buttons-post pdfprnt-bottom-right\"><a href=\"https:\/\/vilaflor.rn.gov.br\/transparencia\/wp-json\/wp\/v2\/posts?page=9&print=pdf#038;print=pdf\" class=\"pdfprnt-button pdfprnt-button-pdf\" target=\"_blank\"><img decoding=\"async\" src=\"https:\/\/vilaflor.rn.gov.br\/transparencia\/wp-content\/plugins\/pdf-print\/images\/pdf.png\" alt=\"image_pdf\" title=\"Baixar PDF\" \/><\/a><a href=\"https:\/\/vilaflor.rn.gov.br\/transparencia\/wp-json\/wp\/v2\/posts?page=9&print=print#038;print=pdf\" class=\"pdfprnt-button pdfprnt-button-print\" target=\"_blank\"><img decoding=\"async\" src=\"https:\/\/vilaflor.rn.gov.br\/transparencia\/wp-content\/plugins\/pdf-print\/images\/print.png\" alt=\"image_print\" title=\"Conte\u00fado de impress\u00e3o\" \/><\/a><\/div>","protected":false},"excerpt":{"rendered":"<p>ESTADO DO RIO GRANDE DO NORTE PREFEITURA MUNICIPAL DE VILA FLOR CONTRATANTE: Munic\u00edpio de Vila Flor\/ Prefeitura Municipal &nbsp; CONTRATADA:\u00a0FRANCISCO DE ASSIS FARIAS FILHO. &nbsp; MODALIDADE: Dispensa de Licita\u00e7\u00e3o 001\/2026. &nbsp; OBJETO: CONTRATA\u00c7\u00c3O DE EMPRESA ESPECIALIZADA NOS SERVI\u00c7OS DE ASSESSORIA EM RECURSOS HUMANOS, FOLHA DE PAGAMENTO, GFIP, RAIS, SIAI-DP, DIRF E DEMAIS ROTINAS PERTINENTES A [&hellip;]<\/p>\n","protected":false},"author":1,"featured_media":0,"comment_status":"open","ping_status":"open","sticky":false,"template":"","format":"standard","meta":{"ocean_post_layout":"","ocean_both_sidebars_style":"","ocean_both_sidebars_content_width":0,"ocean_both_sidebars_sidebars_width":0,"ocean_sidebar":"0","ocean_second_sidebar":"0","ocean_disable_margins":"enable","ocean_add_body_class":"","ocean_shortcode_before_top_bar":"","ocean_shortcode_after_top_bar":"","ocean_shortcode_before_header":"","ocean_shortcode_after_header":"","ocean_has_shortcode":"","ocean_shortcode_after_title":"","ocean_shortcode_before_footer_widgets":"","ocean_shortcode_after_footer_widgets":"","ocean_shortcode_before_footer_bottom":"","ocean_shortcode_after_footer_bottom":"","ocean_display_top_bar":"default","ocean_display_header":"default","ocean_header_style":"","ocean_center_header_left_menu":"0","ocean_custom_header_template":"0","ocean_custom_logo":0,"ocean_custom_retina_logo":0,"ocean_custom_logo_max_width":0,"ocean_custom_logo_tablet_max_width":0,"ocean_custom_logo_mobile_max_width":0,"ocean_custom_logo_max_height":0,"ocean_custom_logo_tablet_max_height":0,"ocean_custom_logo_mobile_max_height":0,"ocean_header_custom_menu":"0","ocean_menu_typo_font_family":"0","ocean_menu_typo_font_subset":"","ocean_menu_typo_font_size":0,"ocean_menu_typo_font_size_tablet":0,"ocean_menu_typo_font_size_mobile":0,"ocean_menu_typo_font_size_unit":"px","ocean_menu_typo_font_weight":"","ocean_menu_typo_font_weight_tablet":"","ocean_menu_typo_font_weight_mobile":"","ocean_menu_typo_transform":"","ocean_menu_typo_transform_tablet":"","ocean_menu_typo_transform_mobile":"","ocean_menu_typo_line_height":0,"ocean_menu_typo_line_height_tablet":0,"ocean_menu_typo_line_height_mobile":0,"ocean_menu_typo_line_height_unit":"","ocean_menu_typo_spacing":0,"ocean_menu_typo_spacing_tablet":0,"ocean_menu_typo_spacing_mobile":0,"ocean_menu_typo_spacing_unit":"","ocean_menu_link_color":"","ocean_menu_link_color_hover":"","ocean_menu_link_color_active":"","ocean_menu_link_background":"","ocean_menu_link_hover_background":"","ocean_menu_link_active_background":"","ocean_menu_social_links_bg":"","ocean_menu_social_hover_links_bg":"","ocean_menu_social_links_color":"","ocean_menu_social_hover_links_color":"","ocean_disable_title":"default","ocean_disable_heading":"default","ocean_post_title":"","ocean_post_subheading":"","ocean_post_title_style":"","ocean_post_title_background_color":"","ocean_post_title_background":0,"ocean_post_title_bg_image_position":"","ocean_post_title_bg_image_attachment":"","ocean_post_title_bg_image_repeat":"","ocean_post_title_bg_image_size":"","ocean_post_title_height":0,"ocean_post_title_bg_overlay":0.5,"ocean_post_title_bg_overlay_color":"","ocean_disable_breadcrumbs":"default","ocean_breadcrumbs_color":"","ocean_breadcrumbs_separator_color":"","ocean_breadcrumbs_links_color":"","ocean_breadcrumbs_links_hover_color":"","ocean_display_footer_widgets":"default","ocean_display_footer_bottom":"default","ocean_custom_footer_template":"0","ocean_post_oembed":"","ocean_post_self_hosted_media":"","ocean_post_video_embed":"","ocean_link_format":"","ocean_link_format_target":"self","ocean_quote_format":"","ocean_quote_format_link":"post","ocean_gallery_link_images":"on","ocean_gallery_id":[],"footnotes":""},"categories":[58,75,4],"tags":[],"class_list":["post-4118","post","type-post","status-publish","format-standard","hentry","category-contratos","category-contratos-2026","category-licitacao","entry"],"_links":{"self":[{"href":"https:\/\/vilaflor.rn.gov.br\/transparencia\/wp-json\/wp\/v2\/posts\/4118","targetHints":{"allow":["GET"]}}],"collection":[{"href":"https:\/\/vilaflor.rn.gov.br\/transparencia\/wp-json\/wp\/v2\/posts"}],"about":[{"href":"https:\/\/vilaflor.rn.gov.br\/transparencia\/wp-json\/wp\/v2\/types\/post"}],"author":[{"embeddable":true,"href":"https:\/\/vilaflor.rn.gov.br\/transparencia\/wp-json\/wp\/v2\/users\/1"}],"replies":[{"embeddable":true,"href":"https:\/\/vilaflor.rn.gov.br\/transparencia\/wp-json\/wp\/v2\/comments?post=4118"}],"version-history":[{"count":1,"href":"https:\/\/vilaflor.rn.gov.br\/transparencia\/wp-json\/wp\/v2\/posts\/4118\/revisions"}],"predecessor-version":[{"id":4119,"href":"https:\/\/vilaflor.rn.gov.br\/transparencia\/wp-json\/wp\/v2\/posts\/4118\/revisions\/4119"}],"wp:attachment":[{"href":"https:\/\/vilaflor.rn.gov.br\/transparencia\/wp-json\/wp\/v2\/media?parent=4118"}],"wp:term":[{"taxonomy":"category","embeddable":true,"href":"https:\/\/vilaflor.rn.gov.br\/transparencia\/wp-json\/wp\/v2\/categories?post=4118"},{"taxonomy":"post_tag","embeddable":true,"href":"https:\/\/vilaflor.rn.gov.br\/transparencia\/wp-json\/wp\/v2\/tags?post=4118"}],"curies":[{"name":"wp","href":"https:\/\/api.w.org\/{rel}","templated":true}]}},{"id":4116,"date":"2026-01-12T10:00:36","date_gmt":"2026-01-12T13:00:36","guid":{"rendered":"https:\/\/vilaflor.rn.gov.br\/transparencia\/?p=4116"},"modified":"2026-01-13T10:01:25","modified_gmt":"2026-01-13T13:01:25","slug":"termo-de-dispensa-de-licitacao-n-001-2026","status":"publish","type":"post","link":"https:\/\/vilaflor.rn.gov.br\/transparencia\/termo-de-dispensa-de-licitacao-n-001-2026\/","title":{"rendered":"TERMO DE DISPENSA DE LICITA\u00c7\u00c3O N\u00b0 001\/2026"},"content":{"rendered":"<p><strong>ESTADO DO RIO GRANDE DO NORTE<\/strong><br \/>\n<strong>PREFEITURA MUNICIPAL DE VILA FLOR<\/strong><\/p>\n<p>Fica dispensada a realiza\u00e7\u00e3o do certame licitat\u00f3rio para a\u00a0<strong>CONTRATA\u00c7\u00c3O DE EMPRESA ESPECIALIZADA NOS SERVI\u00c7OS DE ASSESSORIA EM RECURSOS HUMANOS, FOLHA DE PAGAMENTO, GFIP, RAIS, SIAI-DP, DIRF E DEMAIS ROTINAS PERTINENTES A AREA DE SETOR PESSOAL DA PREFEITURA MUNICIPAL DE VILA FLOR\/RN<\/strong>. Declaro o interessado\u00a0<strong>FRANCISCO DE ASSIS FARIAS FILHO<\/strong>, CNPJ sob o n\u00b0\u00a0<strong>11.488.852\/0001-96<\/strong>, como apto e fornecedor da proposta mais vantajosa para a execu\u00e7\u00e3o do servi\u00e7o de natureza cont\u00ednua. O servi\u00e7o ser\u00e1 realizado sob a responsabilidade e fiscaliza\u00e7\u00e3o desta Prefeitura Municipal. A motiva\u00e7\u00e3o se d\u00e1 pelo pequeno valor da contrata\u00e7\u00e3o R$ 61.200,00 (Sessenta e um mil e duzentos reais) e em face de not\u00f3rio interesse p\u00fablico na execu\u00e7\u00e3o das atividades desempenhadas por esta administra\u00e7\u00e3o. As despesas decorrentes desta contrata\u00e7\u00e3o est\u00e3o programadas em dota\u00e7\u00e3o or\u00e7ament\u00e1ria pr\u00f3pria, prevista no or\u00e7amento do Munic\u00edpio de Vila Flor\/RN, para o exerc\u00edcio de 2025, na classifica\u00e7\u00e3o a seguir:\u00a0<strong>Classifica\u00e7\u00e3o econ\u00f4mica:\u00a0<\/strong>3.3.90.39.00 \u2013 Outros Servi\u00e7os de Terceiros \u2013 Pessoa Jur\u00eddica<strong>;\u00a0<\/strong><strong>\u00d3rg\u00e3o:\u00a0<\/strong>Prefeitura Municipal de Vila Flor;\u00a0<strong>Unidade Or\u00e7ament\u00e1ria:\u00a0<\/strong>03.001 \u2013 Secretaria Municipal de Administra\u00e7\u00e3o; Projeto Atividade: 2.007 \u2013 MANUTEN\u00c7\u00c3O DAS A\u00c7\u00d5ES DA SECRETARIA MUNICIPAL DE ADMINISTRA\u00c7\u00c3O; Fonte de Recurso: 15000000 \u2013 Recursos N\u00e3o Vinculados de Impostos.<\/p>\n<p>&nbsp;<\/p>\n<p><strong>RATIFICA\u00c7\u00c3O<\/strong><\/p>\n<p>&nbsp;<\/p>\n<p>Ante o exposto, tendo em vista os fundamentos apresentados e a regularidade formal do Processo Administrativo n\u00b0\u00a0<strong>29120001\/2025<\/strong>, bem como seu enquadramento legal, que fundamenta a Lei Federal n\u00ba 14.133\/2021 e legisla\u00e7\u00e3o complementar e, ainda de conformidade com o resultado do presente certame, usando das atribui\u00e7\u00f5es que nos s\u00e3o conferidas, a Prefeita Municipal de Vila Flor\/RN, atrav\u00e9s da Secretaria Municipal de Administra\u00e7\u00e3o, no uso de suas atribui\u00e7\u00f5es legais e com base nas informa\u00e7\u00f5es constantes do processo de licita\u00e7\u00e3o em ep\u00edgrafe, resolve\u00a0<strong>RATIFICAR<\/strong>\u00a0o\u00a0<strong>TERMO DE DISPENSA DE LICITA\u00c7\u00c3O N\u00ba 001\/2026,\u00a0<\/strong>para que este produza seus legais efeitos.<\/p>\n<p>&nbsp;<\/p>\n<p>Publique-se.<\/p>\n<p>&nbsp;<\/p>\n<p>Vila Flor\/RN, em 09 de janeiro de 2026.<\/p>\n<p>&nbsp;<\/p>\n<p>&nbsp;<\/p>\n<p>&nbsp;<\/p>\n<p>THUANNE KARLA CARVALHO DE SOUZA<\/p>\n<p><strong>Prefeita Municipal<\/strong><\/p>\n<p style=\"text-align: right;\"><strong>Publicado por:<\/strong><br \/>\nGRINALDO JOAQUIM DE SOUZA<br \/>\nSecret\u00e1rio Municipal de Administra\u00e7\u00e3o<br \/>\n<strong>C\u00f3digo Identificador:<\/strong>\u00a0I4E0BU4JJU<\/p>\n<div id=\"masteqr-wrap696641f427098\" class=\"masteqr-postwarpper\">\n<div id=\"masteqr-post696641f427098\" class=\"masteqr-post\" data-size=\"150\" data-content=\"https:\/\/diariooficial.vilaflor.rn.gov.br\/termo-de-dispensa-de-licitacao-n-001-2026\"><\/div>\n<div class=\"mqrbtnalign\">\n<div><\/div>\n<\/div>\n<\/div>\n<div class=\"pdfprnt-buttons pdfprnt-buttons-post pdfprnt-bottom-right\"><a href=\"https:\/\/vilaflor.rn.gov.br\/transparencia\/wp-json\/wp\/v2\/posts?page=9&print=pdf#038;print=pdf\" class=\"pdfprnt-button pdfprnt-button-pdf\" target=\"_blank\"><img decoding=\"async\" src=\"https:\/\/vilaflor.rn.gov.br\/transparencia\/wp-content\/plugins\/pdf-print\/images\/pdf.png\" alt=\"image_pdf\" title=\"Baixar PDF\" \/><\/a><a href=\"https:\/\/vilaflor.rn.gov.br\/transparencia\/wp-json\/wp\/v2\/posts?page=9&print=print#038;print=pdf\" class=\"pdfprnt-button pdfprnt-button-print\" target=\"_blank\"><img decoding=\"async\" src=\"https:\/\/vilaflor.rn.gov.br\/transparencia\/wp-content\/plugins\/pdf-print\/images\/print.png\" alt=\"image_print\" title=\"Conte\u00fado de impress\u00e3o\" \/><\/a><\/div>","protected":false},"excerpt":{"rendered":"<p>ESTADO DO RIO GRANDE DO NORTE PREFEITURA MUNICIPAL DE VILA FLOR Fica dispensada a realiza\u00e7\u00e3o do certame licitat\u00f3rio para a\u00a0CONTRATA\u00c7\u00c3O DE EMPRESA ESPECIALIZADA NOS SERVI\u00c7OS DE ASSESSORIA EM RECURSOS HUMANOS, FOLHA DE PAGAMENTO, GFIP, RAIS, SIAI-DP, DIRF E DEMAIS ROTINAS PERTINENTES A AREA DE SETOR PESSOAL DA PREFEITURA MUNICIPAL DE VILA FLOR\/RN. Declaro o interessado\u00a0FRANCISCO [&hellip;]<\/p>\n","protected":false},"author":1,"featured_media":0,"comment_status":"open","ping_status":"open","sticky":false,"template":"","format":"standard","meta":{"ocean_post_layout":"","ocean_both_sidebars_style":"","ocean_both_sidebars_content_width":0,"ocean_both_sidebars_sidebars_width":0,"ocean_sidebar":"0","ocean_second_sidebar":"0","ocean_disable_margins":"enable","ocean_add_body_class":"","ocean_shortcode_before_top_bar":"","ocean_shortcode_after_top_bar":"","ocean_shortcode_before_header":"","ocean_shortcode_after_header":"","ocean_has_shortcode":"","ocean_shortcode_after_title":"","ocean_shortcode_before_footer_widgets":"","ocean_shortcode_after_footer_widgets":"","ocean_shortcode_before_footer_bottom":"","ocean_shortcode_after_footer_bottom":"","ocean_display_top_bar":"default","ocean_display_header":"default","ocean_header_style":"","ocean_center_header_left_menu":"0","ocean_custom_header_template":"0","ocean_custom_logo":0,"ocean_custom_retina_logo":0,"ocean_custom_logo_max_width":0,"ocean_custom_logo_tablet_max_width":0,"ocean_custom_logo_mobile_max_width":0,"ocean_custom_logo_max_height":0,"ocean_custom_logo_tablet_max_height":0,"ocean_custom_logo_mobile_max_height":0,"ocean_header_custom_menu":"0","ocean_menu_typo_font_family":"0","ocean_menu_typo_font_subset":"","ocean_menu_typo_font_size":0,"ocean_menu_typo_font_size_tablet":0,"ocean_menu_typo_font_size_mobile":0,"ocean_menu_typo_font_size_unit":"px","ocean_menu_typo_font_weight":"","ocean_menu_typo_font_weight_tablet":"","ocean_menu_typo_font_weight_mobile":"","ocean_menu_typo_transform":"","ocean_menu_typo_transform_tablet":"","ocean_menu_typo_transform_mobile":"","ocean_menu_typo_line_height":0,"ocean_menu_typo_line_height_tablet":0,"ocean_menu_typo_line_height_mobile":0,"ocean_menu_typo_line_height_unit":"","ocean_menu_typo_spacing":0,"ocean_menu_typo_spacing_tablet":0,"ocean_menu_typo_spacing_mobile":0,"ocean_menu_typo_spacing_unit":"","ocean_menu_link_color":"","ocean_menu_link_color_hover":"","ocean_menu_link_color_active":"","ocean_menu_link_background":"","ocean_menu_link_hover_background":"","ocean_menu_link_active_background":"","ocean_menu_social_links_bg":"","ocean_menu_social_hover_links_bg":"","ocean_menu_social_links_color":"","ocean_menu_social_hover_links_color":"","ocean_disable_title":"default","ocean_disable_heading":"default","ocean_post_title":"","ocean_post_subheading":"","ocean_post_title_style":"","ocean_post_title_background_color":"","ocean_post_title_background":0,"ocean_post_title_bg_image_position":"","ocean_post_title_bg_image_attachment":"","ocean_post_title_bg_image_repeat":"","ocean_post_title_bg_image_size":"","ocean_post_title_height":0,"ocean_post_title_bg_overlay":0.5,"ocean_post_title_bg_overlay_color":"","ocean_disable_breadcrumbs":"default","ocean_breadcrumbs_color":"","ocean_breadcrumbs_separator_color":"","ocean_breadcrumbs_links_color":"","ocean_breadcrumbs_links_hover_color":"","ocean_display_footer_widgets":"default","ocean_display_footer_bottom":"default","ocean_custom_footer_template":"0","ocean_post_oembed":"","ocean_post_self_hosted_media":"","ocean_post_video_embed":"","ocean_link_format":"","ocean_link_format_target":"self","ocean_quote_format":"","ocean_quote_format_link":"post","ocean_gallery_link_images":"on","ocean_gallery_id":[],"footnotes":""},"categories":[13,76,4],"tags":[],"class_list":["post-4116","post","type-post","status-publish","format-standard","hentry","category-dispensa-de-licitacao","category-dispensa-de-licitacao-2026","category-licitacao","entry"],"_links":{"self":[{"href":"https:\/\/vilaflor.rn.gov.br\/transparencia\/wp-json\/wp\/v2\/posts\/4116","targetHints":{"allow":["GET"]}}],"collection":[{"href":"https:\/\/vilaflor.rn.gov.br\/transparencia\/wp-json\/wp\/v2\/posts"}],"about":[{"href":"https:\/\/vilaflor.rn.gov.br\/transparencia\/wp-json\/wp\/v2\/types\/post"}],"author":[{"embeddable":true,"href":"https:\/\/vilaflor.rn.gov.br\/transparencia\/wp-json\/wp\/v2\/users\/1"}],"replies":[{"embeddable":true,"href":"https:\/\/vilaflor.rn.gov.br\/transparencia\/wp-json\/wp\/v2\/comments?post=4116"}],"version-history":[{"count":1,"href":"https:\/\/vilaflor.rn.gov.br\/transparencia\/wp-json\/wp\/v2\/posts\/4116\/revisions"}],"predecessor-version":[{"id":4117,"href":"https:\/\/vilaflor.rn.gov.br\/transparencia\/wp-json\/wp\/v2\/posts\/4116\/revisions\/4117"}],"wp:attachment":[{"href":"https:\/\/vilaflor.rn.gov.br\/transparencia\/wp-json\/wp\/v2\/media?parent=4116"}],"wp:term":[{"taxonomy":"category","embeddable":true,"href":"https:\/\/vilaflor.rn.gov.br\/transparencia\/wp-json\/wp\/v2\/categories?post=4116"},{"taxonomy":"post_tag","embeddable":true,"href":"https:\/\/vilaflor.rn.gov.br\/transparencia\/wp-json\/wp\/v2\/tags?post=4116"}],"curies":[{"name":"wp","href":"https:\/\/api.w.org\/{rel}","templated":true}]}},{"id":4114,"date":"2026-01-09T09:56:56","date_gmt":"2026-01-09T12:56:56","guid":{"rendered":"https:\/\/vilaflor.rn.gov.br\/transparencia\/?p=4114"},"modified":"2026-01-13T10:00:24","modified_gmt":"2026-01-13T13:00:24","slug":"ata-de-recebimento-e-julgamento-de-propostas-e-habilitacao-dispensa-de-licitacao-n-001-2026","status":"publish","type":"post","link":"https:\/\/vilaflor.rn.gov.br\/transparencia\/ata-de-recebimento-e-julgamento-de-propostas-e-habilitacao-dispensa-de-licitacao-n-001-2026\/","title":{"rendered":"ATA DE RECEBIMENTO E JULGAMENTO DE PROPOSTAS E HABILITA\u00c7\u00c3O DISPENSA DE LICITA\u00c7\u00c3O N\u00b0 001\/2026"},"content":{"rendered":"<p><strong>ESTADO DO RIO GRANDE DO NORTE<\/strong><br \/>\n<strong>PREFEITURA MUNICIPAL DE VILA FLOR<\/strong><\/p>\n<p>DISPENSA DE LICITA\u00c7\u00c3O N\u00ba 001\/2025<\/p>\n<p>PROCESSO ADMINISTRATIVO N\u00ba 29120001\/2025<\/p>\n<p>DATA: 09 de janeiro de 2026<\/p>\n<p>HOR\u00c1RIO: 09h00min<\/p>\n<p>LOCAL: Sede da Prefeitura Municipal de Vila Flor\/RN<\/p>\n<ol>\n<li><strong>DO OBJETO<\/strong><\/li>\n<\/ol>\n<p>A presente sess\u00e3o tem por objeto a\u00a0<strong>CONTRATA\u00c7\u00c3O DE EMPRESA ESPECIALIZADA NOS SERVI\u00c7OS DE ASSESSORIA EM RECURSOS HUMANOS<\/strong>, abrangendo folha de pagamento, GFIP, RAIS, SIAI-DP, DIRF e demais rotinas pertinentes \u00e0 \u00e1rea de Setor Pessoal da Prefeitura Municipal de Vila Flor\/RN.<\/p>\n<ol start=\"2\">\n<li><strong>DO HIST\u00d3RICO<\/strong><\/li>\n<\/ol>\n<p>O Aviso de Dispensa de Licita\u00e7\u00e3o foi devidamente publicado no Di\u00e1rio Oficial do Munic\u00edpio em\u00a0<strong>06\/01\/2026<\/strong>, estabelecendo o prazo limite para envio de propostas e documenta\u00e7\u00e3o at\u00e9 \u00e0s 09h00 do dia\u00a0<strong>09\/01\/2026<\/strong>.<\/p>\n<ol start=\"3\">\n<li><strong>DAS EMPRESAS PARTICIPANTES<\/strong><\/li>\n<\/ol>\n<p>Compareceram ao certame as seguintes proponentes:<\/p>\n<table>\n<thead>\n<tr>\n<td><strong>Empresa<\/strong><\/td>\n<td><strong>CNPJ<\/strong><\/td>\n<td width=\"128\"><strong>Representante<\/strong><\/td>\n<td width=\"102\"><strong>Valor Mensal<\/strong><\/td>\n<td width=\"114\"><strong>Valor Total<\/strong><\/td>\n<\/tr>\n<\/thead>\n<tbody>\n<tr>\n<td><strong>CH2 \u2013 SOLUTIONS<\/strong><\/td>\n<td>54.984.823\/0001-28<\/td>\n<td width=\"128\">Sarah Mariana da Silva<\/td>\n<td width=\"102\">R$ 5.000,00<\/td>\n<td width=\"114\">R$ 60.000,00<\/td>\n<\/tr>\n<tr>\n<td><strong>FRANCISCO DE ASSIS FARIAS FILHO<\/strong><\/td>\n<td>11.488.852\/0001-96<\/td>\n<td width=\"128\">Francisco de Assis Farias Filho<\/td>\n<td width=\"102\">R$ 5.100,00<\/td>\n<td width=\"114\">R$ 61.200,00<\/td>\n<\/tr>\n<\/tbody>\n<\/table>\n<ol start=\"4\">\n<li><strong>DA AN\u00c1LISE E JULGAMENTO<\/strong><\/li>\n<\/ol>\n<p>Ap\u00f3s a abertura dos envelopes e an\u00e1lise detalhada da documenta\u00e7\u00e3o de habilita\u00e7\u00e3o e propostas de pre\u00e7os, a comiss\u00e3o\/respons\u00e1vel constatou o seguinte:<\/p>\n<ol>\n<li><strong>CH2 \u2013 SOLUTIONS:<\/strong>\u00a0Apesar de apresentar a proposta de menor valor, a empresa\u00a0<strong>deixou de atender<\/strong>\u00a0aos requisitos do item\u00a0<strong>1.2 \u201cd\u201d<\/strong>\u00a0do instrumento convocat\u00f3rio. Em vez de apresentar a Certid\u00e3o Negativa Municipal de Pessoa Jur\u00eddica, anexou a certid\u00e3o relativa \u00e0 Pessoa F\u00edsica, o que configura falha na instru\u00e7\u00e3o documental de habilita\u00e7\u00e3o.<\/li>\n<li><strong>FRANCISCO DE ASSIS FARIAS FILHO:<\/strong>\u00a0A empresa apresentou toda a documenta\u00e7\u00e3o exigida, estando devidamente\u00a0<strong>HABILITADA<\/strong>\u00a0em conformidade com o edital\/aviso de dispensa.<\/li>\n<li><strong>DA DELIBERA\u00c7\u00c3O FINAL<\/strong><\/li>\n<\/ol>\n<p>Diante da inabilita\u00e7\u00e3o da empresa detentora da menor proposta (CH2 \u2013 SOLUTIONS) por descumprimento documental, e considerando a conformidade t\u00e9cnica e jur\u00eddica da segunda proponente, decide-se por declarar\u00a0<strong>VENCEDORA<\/strong>\u00a0do certame a empresa:<\/p>\n<p><strong>FRANCISCO DE ASSIS FARIAS FILHO (CNPJ: 11.488.852\/0001-96)<\/strong>, com o valor global de\u00a0<strong>R$ 61.200,00 (sessenta e um mil e duzentos reais)<\/strong>.<\/p>\n<ol start=\"6\">\n<li><strong>ENCERRAMENTO<\/strong><\/li>\n<\/ol>\n<p>Nada mais havendo a tratar, foi lavrada a presente ata que, ap\u00f3s lida e achada conforme, ser\u00e1 assinada pelos presentes e encaminhada \u00e0 autoridade superior para fins de homologa\u00e7\u00e3o e ratifica\u00e7\u00e3o.<\/p>\n<p><strong>\u00a0<\/strong><\/p>\n<p><strong>\u00a0<\/strong><\/p>\n<p><strong>Vila Flor\/RN, 09 de janeiro de 2026.<\/strong><\/p>\n<p>&nbsp;<\/p>\n<p>&nbsp;<\/p>\n<p><strong>KEDSON JOSE DE LIMA<\/strong><\/p>\n<p><strong>Agente de Contrata\u00e7\u00e3o<\/strong><\/p>\n<p style=\"text-align: right;\"><strong>Publicado por:<\/strong><br \/>\nGRINALDO JOAQUIM DE SOUZA<br \/>\nSecret\u00e1rio Municipal de Administra\u00e7\u00e3o<br \/>\n<strong>C\u00f3digo Identificador:<\/strong>\u00a028ZX9J48XC<\/p>\n<div class=\"pdfprnt-buttons pdfprnt-buttons-post pdfprnt-bottom-right\"><a href=\"https:\/\/vilaflor.rn.gov.br\/transparencia\/wp-json\/wp\/v2\/posts?page=9&print=pdf#038;print=pdf\" class=\"pdfprnt-button pdfprnt-button-pdf\" target=\"_blank\"><img decoding=\"async\" src=\"https:\/\/vilaflor.rn.gov.br\/transparencia\/wp-content\/plugins\/pdf-print\/images\/pdf.png\" alt=\"image_pdf\" title=\"Baixar PDF\" \/><\/a><a href=\"https:\/\/vilaflor.rn.gov.br\/transparencia\/wp-json\/wp\/v2\/posts?page=9&print=print#038;print=pdf\" class=\"pdfprnt-button pdfprnt-button-print\" target=\"_blank\"><img decoding=\"async\" src=\"https:\/\/vilaflor.rn.gov.br\/transparencia\/wp-content\/plugins\/pdf-print\/images\/print.png\" alt=\"image_print\" title=\"Conte\u00fado de impress\u00e3o\" \/><\/a><\/div>","protected":false},"excerpt":{"rendered":"<p>ESTADO DO RIO GRANDE DO NORTE PREFEITURA MUNICIPAL DE VILA FLOR DISPENSA DE LICITA\u00c7\u00c3O N\u00ba 001\/2025 PROCESSO ADMINISTRATIVO N\u00ba 29120001\/2025 DATA: 09 de janeiro de 2026 HOR\u00c1RIO: 09h00min LOCAL: Sede da Prefeitura Municipal de Vila Flor\/RN DO OBJETO A presente sess\u00e3o tem por objeto a\u00a0CONTRATA\u00c7\u00c3O DE EMPRESA ESPECIALIZADA NOS SERVI\u00c7OS DE ASSESSORIA EM RECURSOS HUMANOS, [&hellip;]<\/p>\n","protected":false},"author":1,"featured_media":0,"comment_status":"open","ping_status":"open","sticky":false,"template":"","format":"standard","meta":{"ocean_post_layout":"","ocean_both_sidebars_style":"","ocean_both_sidebars_content_width":0,"ocean_both_sidebars_sidebars_width":0,"ocean_sidebar":"0","ocean_second_sidebar":"0","ocean_disable_margins":"enable","ocean_add_body_class":"","ocean_shortcode_before_top_bar":"","ocean_shortcode_after_top_bar":"","ocean_shortcode_before_header":"","ocean_shortcode_after_header":"","ocean_has_shortcode":"","ocean_shortcode_after_title":"","ocean_shortcode_before_footer_widgets":"","ocean_shortcode_after_footer_widgets":"","ocean_shortcode_before_footer_bottom":"","ocean_shortcode_after_footer_bottom":"","ocean_display_top_bar":"default","ocean_display_header":"default","ocean_header_style":"","ocean_center_header_left_menu":"0","ocean_custom_header_template":"0","ocean_custom_logo":0,"ocean_custom_retina_logo":0,"ocean_custom_logo_max_width":0,"ocean_custom_logo_tablet_max_width":0,"ocean_custom_logo_mobile_max_width":0,"ocean_custom_logo_max_height":0,"ocean_custom_logo_tablet_max_height":0,"ocean_custom_logo_mobile_max_height":0,"ocean_header_custom_menu":"0","ocean_menu_typo_font_family":"0","ocean_menu_typo_font_subset":"","ocean_menu_typo_font_size":0,"ocean_menu_typo_font_size_tablet":0,"ocean_menu_typo_font_size_mobile":0,"ocean_menu_typo_font_size_unit":"px","ocean_menu_typo_font_weight":"","ocean_menu_typo_font_weight_tablet":"","ocean_menu_typo_font_weight_mobile":"","ocean_menu_typo_transform":"","ocean_menu_typo_transform_tablet":"","ocean_menu_typo_transform_mobile":"","ocean_menu_typo_line_height":0,"ocean_menu_typo_line_height_tablet":0,"ocean_menu_typo_line_height_mobile":0,"ocean_menu_typo_line_height_unit":"","ocean_menu_typo_spacing":0,"ocean_menu_typo_spacing_tablet":0,"ocean_menu_typo_spacing_mobile":0,"ocean_menu_typo_spacing_unit":"","ocean_menu_link_color":"","ocean_menu_link_color_hover":"","ocean_menu_link_color_active":"","ocean_menu_link_background":"","ocean_menu_link_hover_background":"","ocean_menu_link_active_background":"","ocean_menu_social_links_bg":"","ocean_menu_social_hover_links_bg":"","ocean_menu_social_links_color":"","ocean_menu_social_hover_links_color":"","ocean_disable_title":"default","ocean_disable_heading":"default","ocean_post_title":"","ocean_post_subheading":"","ocean_post_title_style":"","ocean_post_title_background_color":"","ocean_post_title_background":0,"ocean_post_title_bg_image_position":"","ocean_post_title_bg_image_attachment":"","ocean_post_title_bg_image_repeat":"","ocean_post_title_bg_image_size":"","ocean_post_title_height":0,"ocean_post_title_bg_overlay":0.5,"ocean_post_title_bg_overlay_color":"","ocean_disable_breadcrumbs":"default","ocean_breadcrumbs_color":"","ocean_breadcrumbs_separator_color":"","ocean_breadcrumbs_links_color":"","ocean_breadcrumbs_links_hover_color":"","ocean_display_footer_widgets":"default","ocean_display_footer_bottom":"default","ocean_custom_footer_template":"0","ocean_post_oembed":"","ocean_post_self_hosted_media":"","ocean_post_video_embed":"","ocean_link_format":"","ocean_link_format_target":"self","ocean_quote_format":"","ocean_quote_format_link":"post","ocean_gallery_link_images":"on","ocean_gallery_id":[],"footnotes":""},"categories":[13,76,4],"tags":[],"class_list":["post-4114","post","type-post","status-publish","format-standard","hentry","category-dispensa-de-licitacao","category-dispensa-de-licitacao-2026","category-licitacao","entry"],"_links":{"self":[{"href":"https:\/\/vilaflor.rn.gov.br\/transparencia\/wp-json\/wp\/v2\/posts\/4114","targetHints":{"allow":["GET"]}}],"collection":[{"href":"https:\/\/vilaflor.rn.gov.br\/transparencia\/wp-json\/wp\/v2\/posts"}],"about":[{"href":"https:\/\/vilaflor.rn.gov.br\/transparencia\/wp-json\/wp\/v2\/types\/post"}],"author":[{"embeddable":true,"href":"https:\/\/vilaflor.rn.gov.br\/transparencia\/wp-json\/wp\/v2\/users\/1"}],"replies":[{"embeddable":true,"href":"https:\/\/vilaflor.rn.gov.br\/transparencia\/wp-json\/wp\/v2\/comments?post=4114"}],"version-history":[{"count":1,"href":"https:\/\/vilaflor.rn.gov.br\/transparencia\/wp-json\/wp\/v2\/posts\/4114\/revisions"}],"predecessor-version":[{"id":4115,"href":"https:\/\/vilaflor.rn.gov.br\/transparencia\/wp-json\/wp\/v2\/posts\/4114\/revisions\/4115"}],"wp:attachment":[{"href":"https:\/\/vilaflor.rn.gov.br\/transparencia\/wp-json\/wp\/v2\/media?parent=4114"}],"wp:term":[{"taxonomy":"category","embeddable":true,"href":"https:\/\/vilaflor.rn.gov.br\/transparencia\/wp-json\/wp\/v2\/categories?post=4114"},{"taxonomy":"post_tag","embeddable":true,"href":"https:\/\/vilaflor.rn.gov.br\/transparencia\/wp-json\/wp\/v2\/tags?post=4114"}],"curies":[{"name":"wp","href":"https:\/\/api.w.org\/{rel}","templated":true}]}},{"id":4112,"date":"2026-01-09T09:52:15","date_gmt":"2026-01-09T12:52:15","guid":{"rendered":"https:\/\/vilaflor.rn.gov.br\/transparencia\/?p=4112"},"modified":"2026-01-13T09:56:44","modified_gmt":"2026-01-13T12:56:44","slug":"aviso-de-licitacao-pregao-eletronico-no-001-2026","status":"publish","type":"post","link":"https:\/\/vilaflor.rn.gov.br\/transparencia\/aviso-de-licitacao-pregao-eletronico-no-001-2026\/","title":{"rendered":"AVISO DE LICITA\u00c7\u00c3O PREG\u00c3O ELETR\u00d4NICO N\u00ba 001\/2026"},"content":{"rendered":"<p><strong>ESTADO DO RIO GRANDE DO NORTE<\/strong><br \/>\n<strong>PREFEITURA MUNICIPAL DE VILA FLOR<\/strong><\/p>\n<p>O Munic\u00edpio de Vila Flor\/RN, por interm\u00e9dio de seu Pregoeiro, torna p\u00fablico que \u00e0s\u00a0<strong>09h00min<\/strong>\u00a0do dia\u00a0<strong>21 de janeiro de 2026<\/strong>, far\u00e1 realizar licita\u00e7\u00e3o na modalidade\u00a0<strong>Preg\u00e3o Eletr\u00f4nico n\u00ba 001\/2026<\/strong>, tipo menor pre\u00e7o\u00a0<strong>POR ITEM<\/strong>, objetivando o\u00a0<strong>AQUISI\u00c7\u00c3O DE CAMINH\u00c3O DO TIPO BASCULANTE 6X2, VISANDO SUPRIR AS NECESSIDADES DA SECRETARIA MUNICIPAL DE AGRICULTURA DO MUNIC\u00cdPIO DE VILA FLOR\/RN.\u00a0<\/strong>O procedimento licitat\u00f3rio obedecer\u00e1 ao disposto na Lei Federal n\u00ba 14.133\/21 de 1 de abril de 2021, e suas altera\u00e7\u00f5es posteriores que lhe foram introduzidas. O Edital e seus anexos encontram-se \u00e0 disposi\u00e7\u00e3o dos interessados, no site: www.portaldecompraspublicas.com.br ou atrav\u00e9s do e-mail:\u00a0<strong>pmvflicitacoes2021@gmail.com<\/strong>\u00a0ou ainda na sala da Comiss\u00e3o de Licita\u00e7\u00e3o situada na Rua Jos\u00e9 Calazans, 169, Centro, Vila Flor\/RN, CEP 59.192-000, a partir da publica\u00e7\u00e3o deste aviso, no hor\u00e1rio de expediente de 08h:00min \u00e0s 14h:00min, exceto feriados e ponto facultativo.<\/p>\n<p>&nbsp;<\/p>\n<p>&nbsp;<\/p>\n<p>Vila Flor\/RN, em 08 de janeiro de 2026<\/p>\n<p>&nbsp;<\/p>\n<p>&nbsp;<\/p>\n<p>&nbsp;<\/p>\n<p>KEDSON JOSE DE LIMA<\/p>\n<p>Pregoeiro Municipal<\/p>\n<p style=\"text-align: right;\"><strong>Publicado por:<\/strong><br \/>\nGRINALDO JOAQUIM DE SOUZA<br \/>\nSecret\u00e1rio Municipal de Administra\u00e7\u00e3o<br \/>\n<strong>C\u00f3digo Identificador:<\/strong>\u00a0OWVPBIYHWX<\/p>\n<div class=\"pdfprnt-buttons pdfprnt-buttons-post pdfprnt-bottom-right\"><a href=\"https:\/\/vilaflor.rn.gov.br\/transparencia\/wp-json\/wp\/v2\/posts?page=9&print=pdf#038;print=pdf\" class=\"pdfprnt-button pdfprnt-button-pdf\" target=\"_blank\"><img decoding=\"async\" src=\"https:\/\/vilaflor.rn.gov.br\/transparencia\/wp-content\/plugins\/pdf-print\/images\/pdf.png\" alt=\"image_pdf\" title=\"Baixar PDF\" \/><\/a><a href=\"https:\/\/vilaflor.rn.gov.br\/transparencia\/wp-json\/wp\/v2\/posts?page=9&print=print#038;print=pdf\" class=\"pdfprnt-button pdfprnt-button-print\" target=\"_blank\"><img decoding=\"async\" src=\"https:\/\/vilaflor.rn.gov.br\/transparencia\/wp-content\/plugins\/pdf-print\/images\/print.png\" alt=\"image_print\" title=\"Conte\u00fado de impress\u00e3o\" \/><\/a><\/div>","protected":false},"excerpt":{"rendered":"<p>ESTADO DO RIO GRANDE DO NORTE PREFEITURA MUNICIPAL DE VILA FLOR O Munic\u00edpio de Vila Flor\/RN, por interm\u00e9dio de seu Pregoeiro, torna p\u00fablico que \u00e0s\u00a009h00min\u00a0do dia\u00a021 de janeiro de 2026, far\u00e1 realizar licita\u00e7\u00e3o na modalidade\u00a0Preg\u00e3o Eletr\u00f4nico n\u00ba 001\/2026, tipo menor pre\u00e7o\u00a0POR ITEM, objetivando o\u00a0AQUISI\u00c7\u00c3O DE CAMINH\u00c3O DO TIPO BASCULANTE 6X2, VISANDO SUPRIR AS NECESSIDADES DA [&hellip;]<\/p>\n","protected":false},"author":1,"featured_media":0,"comment_status":"open","ping_status":"open","sticky":false,"template":"","format":"standard","meta":{"ocean_post_layout":"","ocean_both_sidebars_style":"","ocean_both_sidebars_content_width":0,"ocean_both_sidebars_sidebars_width":0,"ocean_sidebar":"0","ocean_second_sidebar":"0","ocean_disable_margins":"enable","ocean_add_body_class":"","ocean_shortcode_before_top_bar":"","ocean_shortcode_after_top_bar":"","ocean_shortcode_before_header":"","ocean_shortcode_after_header":"","ocean_has_shortcode":"","ocean_shortcode_after_title":"","ocean_shortcode_before_footer_widgets":"","ocean_shortcode_after_footer_widgets":"","ocean_shortcode_before_footer_bottom":"","ocean_shortcode_after_footer_bottom":"","ocean_display_top_bar":"default","ocean_display_header":"default","ocean_header_style":"","ocean_center_header_left_menu":"0","ocean_custom_header_template":"0","ocean_custom_logo":0,"ocean_custom_retina_logo":0,"ocean_custom_logo_max_width":0,"ocean_custom_logo_tablet_max_width":0,"ocean_custom_logo_mobile_max_width":0,"ocean_custom_logo_max_height":0,"ocean_custom_logo_tablet_max_height":0,"ocean_custom_logo_mobile_max_height":0,"ocean_header_custom_menu":"0","ocean_menu_typo_font_family":"0","ocean_menu_typo_font_subset":"","ocean_menu_typo_font_size":0,"ocean_menu_typo_font_size_tablet":0,"ocean_menu_typo_font_size_mobile":0,"ocean_menu_typo_font_size_unit":"px","ocean_menu_typo_font_weight":"","ocean_menu_typo_font_weight_tablet":"","ocean_menu_typo_font_weight_mobile":"","ocean_menu_typo_transform":"","ocean_menu_typo_transform_tablet":"","ocean_menu_typo_transform_mobile":"","ocean_menu_typo_line_height":0,"ocean_menu_typo_line_height_tablet":0,"ocean_menu_typo_line_height_mobile":0,"ocean_menu_typo_line_height_unit":"","ocean_menu_typo_spacing":0,"ocean_menu_typo_spacing_tablet":0,"ocean_menu_typo_spacing_mobile":0,"ocean_menu_typo_spacing_unit":"","ocean_menu_link_color":"","ocean_menu_link_color_hover":"","ocean_menu_link_color_active":"","ocean_menu_link_background":"","ocean_menu_link_hover_background":"","ocean_menu_link_active_background":"","ocean_menu_social_links_bg":"","ocean_menu_social_hover_links_bg":"","ocean_menu_social_links_color":"","ocean_menu_social_hover_links_color":"","ocean_disable_title":"default","ocean_disable_heading":"default","ocean_post_title":"","ocean_post_subheading":"","ocean_post_title_style":"","ocean_post_title_background_color":"","ocean_post_title_background":0,"ocean_post_title_bg_image_position":"","ocean_post_title_bg_image_attachment":"","ocean_post_title_bg_image_repeat":"","ocean_post_title_bg_image_size":"","ocean_post_title_height":0,"ocean_post_title_bg_overlay":0.5,"ocean_post_title_bg_overlay_color":"","ocean_disable_breadcrumbs":"default","ocean_breadcrumbs_color":"","ocean_breadcrumbs_separator_color":"","ocean_breadcrumbs_links_color":"","ocean_breadcrumbs_links_hover_color":"","ocean_display_footer_widgets":"default","ocean_display_footer_bottom":"default","ocean_custom_footer_template":"0","ocean_post_oembed":"","ocean_post_self_hosted_media":"","ocean_post_video_embed":"","ocean_link_format":"","ocean_link_format_target":"self","ocean_quote_format":"","ocean_quote_format_link":"post","ocean_gallery_link_images":"on","ocean_gallery_id":[],"footnotes":""},"categories":[5,4],"tags":[],"class_list":["post-4112","post","type-post","status-publish","format-standard","hentry","category-aviso-de-licitacao","category-licitacao","entry"],"_links":{"self":[{"href":"https:\/\/vilaflor.rn.gov.br\/transparencia\/wp-json\/wp\/v2\/posts\/4112","targetHints":{"allow":["GET"]}}],"collection":[{"href":"https:\/\/vilaflor.rn.gov.br\/transparencia\/wp-json\/wp\/v2\/posts"}],"about":[{"href":"https:\/\/vilaflor.rn.gov.br\/transparencia\/wp-json\/wp\/v2\/types\/post"}],"author":[{"embeddable":true,"href":"https:\/\/vilaflor.rn.gov.br\/transparencia\/wp-json\/wp\/v2\/users\/1"}],"replies":[{"embeddable":true,"href":"https:\/\/vilaflor.rn.gov.br\/transparencia\/wp-json\/wp\/v2\/comments?post=4112"}],"version-history":[{"count":1,"href":"https:\/\/vilaflor.rn.gov.br\/transparencia\/wp-json\/wp\/v2\/posts\/4112\/revisions"}],"predecessor-version":[{"id":4113,"href":"https:\/\/vilaflor.rn.gov.br\/transparencia\/wp-json\/wp\/v2\/posts\/4112\/revisions\/4113"}],"wp:attachment":[{"href":"https:\/\/vilaflor.rn.gov.br\/transparencia\/wp-json\/wp\/v2\/media?parent=4112"}],"wp:term":[{"taxonomy":"category","embeddable":true,"href":"https:\/\/vilaflor.rn.gov.br\/transparencia\/wp-json\/wp\/v2\/categories?post=4112"},{"taxonomy":"post_tag","embeddable":true,"href":"https:\/\/vilaflor.rn.gov.br\/transparencia\/wp-json\/wp\/v2\/tags?post=4112"}],"curies":[{"name":"wp","href":"https:\/\/api.w.org\/{rel}","templated":true}]}},{"id":4110,"date":"2026-01-09T09:19:29","date_gmt":"2026-01-09T12:19:29","guid":{"rendered":"https:\/\/vilaflor.rn.gov.br\/transparencia\/?p=4110"},"modified":"2026-01-13T09:20:22","modified_gmt":"2026-01-13T12:20:22","slug":"primeiro-termo-aditivo-ao-contrato-no-001-2025","status":"publish","type":"post","link":"https:\/\/vilaflor.rn.gov.br\/transparencia\/primeiro-termo-aditivo-ao-contrato-no-001-2025\/","title":{"rendered":"PRIMEIRO TERMO ADITIVO AO CONTRATO N\u00ba 001\/2025"},"content":{"rendered":"<p><strong>ESTADO DO RIO GRANDE DO NORTE<\/strong><br \/>\n<strong>PREFEITURA MUNICIPAL DE VILA FLOR<\/strong><\/p>\n<p>A PREFEITURA MUNICIPAL DE VILA FLOR, inscrito(a) no CNPJ sob o n\u00ba 08.169.278\/0001-07, com sede na RUA JOSE CALAZANS, 69, representado por THUANNE KARLA CARVALHO DE SOUZA, PREFEITA MUNICIPAL, doravante denominado(a) CONTRATANTE, e a detentora \u00e9 a empresa A4 CONTABILIDADE E CONSULTORIA LTDA, CNPJ\/MF: 35.840.775\/0001-50, j\u00e1 qualificados no contrato inicial, determinaram por meio deste, alterar o referido contrato, consubstanciado nas seguintes cl\u00e1usulas:<\/p>\n<p><strong>CL\u00c1USULA PRIMEIRA \u2013 DO OBJETO<\/strong><\/p>\n<ul>\n<li>O presente termo aditivo tem por objeto a prorroga\u00e7\u00e3o do prazo de vig\u00eancia do Contrato por mais 12 (doze) meses, a partir de 09\/01\/2026 at\u00e9 08\/01\/2027, podendo ser prorrogado sucessivamente, respeitada a vig\u00eancia m\u00e1xima decenal, na forma do artigo 107 da Lei n\u00ba 14.133, de 2021<\/li>\n<\/ul>\n<p>CL\u00c1USULA SEGUNDA \u2013 PRE\u00c7O<\/p>\n<ul>\n<li>O CONTRATANTE pagar\u00e1 ao CONTRATADO pela execu\u00e7\u00e3o do objeto deste Contrato o valor mensal de R$ 7.000,00 (Sete mil reais), totalizando o valor global de R$ 84.000,00 (Oitenta e quatro mil reais), conforme descrito na Cl\u00e1usula do Contrato.<\/li>\n<li>O valor acima \u00e9 meramente estimativo, de forma que os pagamentos devidos ao CONTRATADO depender\u00e3o dos quantitativos efetivamente prestados.<\/li>\n<\/ul>\n<p>CL\u00c1USULA TERCEIRA \u2013 DOTA\u00c7\u00c3O OR\u00c7AMENT\u00c1RIA<\/p>\n<ul>\n<li>As despesas decorrentes do presente termo aditivo correr\u00e3o \u00e0 conta de recursos espec\u00edficos consignados no Or\u00e7amento Geral deste exerc\u00edcio, na dota\u00e7\u00e3o abaixo discriminada:<\/li>\n<\/ul>\n<p><strong>\u00d3rg\u00e3o requisitante<\/strong>: \u00a0\u00a0\u00a0\u00a0\u00a0\u00a0\u00a0\u00a0\u00a0\u00a0\u00a0\u00a0\u00a0\u00a0\u00a0\u00a0\u00a0\u00a0\u00a0\u00a0 03.001 \u2013 Secretaria Municipal de Administra\u00e7\u00e3o<\/p>\n<p><strong>Projeto\/Atividade<\/strong>: \u00a0\u00a0\u00a0\u00a0\u00a0\u00a0\u00a0\u00a0\u00a0\u00a0\u00a0\u00a0\u00a0\u00a0\u00a0\u00a0\u00a0\u00a0\u00a0\u00a0\u00a0\u00a0\u00a0 2.007 \u2013 Manuten\u00e7\u00e3o das A\u00e7\u00f5es da Secretaria Municipal de Administra\u00e7\u00e3o<\/p>\n<p><strong>Classifica\u00e7\u00e3o Econ\u00f4mica<\/strong>: \u00a0\u00a0\u00a0\u00a0\u00a0\u00a0\u00a0\u00a0 3.3.90.39.00 \u2013 Outros Servi\u00e7os de Terceiros \u2013 Pessoa Jur\u00eddica<\/p>\n<p><strong>Fonte de Recurso<\/strong>: \u00a0\u00a0\u00a0\u00a0\u00a0\u00a0\u00a0\u00a0\u00a0\u00a0\u00a0\u00a0\u00a0\u00a0\u00a0\u00a0\u00a0\u00a0\u00a0\u00a0\u00a0\u00a0 1500000000 \u2013 Recurso n\u00e3o vinculado de Impostos<\/p>\n<p>A dota\u00e7\u00e3o relativa aos exerc\u00edcios financeiros subsequentes ser\u00e1 indicada ap\u00f3s aprova\u00e7\u00e3o da Lei Or\u00e7ament\u00e1ria respectiva e libera\u00e7\u00e3o dos cr\u00e9ditos correspondentes, mediante apostilamento.<\/p>\n<p>CL\u00c1USULA QUARTA \u2013 PRODU\u00c7\u00c3O DOS EFEITOS<\/p>\n<ul>\n<li>O presente termo aditivo produzir\u00e1 efeitos a partir 09 de janeiro de 2026.<\/li>\n<\/ul>\n<p>CL\u00c1USULA QUINTA \u2013RATIFICA\u00c7\u00c3O<\/p>\n<ul>\n<li>Ficam mantidas e ratificadas as demais cl\u00e1usulas e condi\u00e7\u00f5es do contrato origin\u00e1rio, naquilo que n\u00e3o contrariem o presente termo aditivo.<\/li>\n<\/ul>\n<p>CL\u00c1USULA SEXTA \u2013PUBLICA\u00c7\u00c3O<\/p>\n<ul>\n<li>Incumbir\u00e1 ao contratante divulgar o presente instrumento no Portal Nacional de Contrata\u00e7\u00f5es P\u00fablicas (PNCP), na forma prevista no art. 94 da Lei n\u00ba 14.133, de 2021, bem como no respectivo s\u00edtio oficial na Internet, em aten\u00e7\u00e3o ao art. 91,\u00a0<em>caput<\/em>, da Lei n\u00ba 14.133, de 2021, e ao art. 8\u00ba, \u00a72\u00ba, da Lei n\u00ba 12.527, de 2011, c\/c art. 7\u00ba, \u00a73\u00ba, inciso V, do Decreto n\u00ba 7.724, de 2012.<\/li>\n<\/ul>\n<p><em>\u00a0<\/em><em>\u00a0<\/em><\/p>\n<p><em>Vila Flor\/RN, em 08 de janeiro de 2026.<\/em><\/p>\n<p>&nbsp;<\/p>\n<p><strong>\u00a0PREFEITURA MUNICIPAL DE VILA FLOR<\/strong><\/p>\n<p><strong>CNPJ(MF)\u00a0 08.169.278\/0001-07<\/strong><\/p>\n<p><strong>\u00a0CONTRATANTE<\/strong><\/p>\n<p><strong>\u00a0<\/strong><\/p>\n<p><strong>\u00a0<\/strong><\/p>\n<p><strong>\u00a0<\/strong><\/p>\n<p><strong>A4 CONTABILIDADE E CONSULTORIA LTDA<\/strong><\/p>\n<p><strong>CNPJ\/MF:\u00a0<\/strong><strong>35.840.775\/0001-50<\/strong><\/p>\n<p><strong>CONTRATADA<\/strong><\/p>\n<p style=\"text-align: right;\"><strong>Publicado por:<\/strong><br \/>\nGRINALDO JOAQUIM DE SOUZA<br \/>\nSecret\u00e1rio Municipal de Administra\u00e7\u00e3o<br \/>\n<strong>C\u00f3digo Identificador:<\/strong>\u00a01DEKNIAE13<\/p>\n<div id=\"masteqr-wrap696638495af00\" class=\"masteqr-postwarpper\">\n<div id=\"masteqr-post696638495af00\" class=\"masteqr-post\" data-size=\"150\" data-content=\"https:\/\/diariooficial.vilaflor.rn.gov.br\/primeiro-termo-aditivo-ao-contrato-no-001-2025\"><\/div>\n<div class=\"mqrbtnalign\">\n<div><\/div>\n<\/div>\n<\/div>\n<div class=\"pdfprnt-buttons pdfprnt-buttons-post pdfprnt-bottom-right\"><a href=\"https:\/\/vilaflor.rn.gov.br\/transparencia\/wp-json\/wp\/v2\/posts?page=9&print=pdf#038;print=pdf\" class=\"pdfprnt-button pdfprnt-button-pdf\" target=\"_blank\"><img decoding=\"async\" src=\"https:\/\/vilaflor.rn.gov.br\/transparencia\/wp-content\/plugins\/pdf-print\/images\/pdf.png\" alt=\"image_pdf\" title=\"Baixar PDF\" \/><\/a><a href=\"https:\/\/vilaflor.rn.gov.br\/transparencia\/wp-json\/wp\/v2\/posts?page=9&print=print#038;print=pdf\" class=\"pdfprnt-button pdfprnt-button-print\" target=\"_blank\"><img decoding=\"async\" src=\"https:\/\/vilaflor.rn.gov.br\/transparencia\/wp-content\/plugins\/pdf-print\/images\/print.png\" alt=\"image_print\" title=\"Conte\u00fado de impress\u00e3o\" \/><\/a><\/div>","protected":false},"excerpt":{"rendered":"<p>ESTADO DO RIO GRANDE DO NORTE PREFEITURA MUNICIPAL DE VILA FLOR A PREFEITURA MUNICIPAL DE VILA FLOR, inscrito(a) no CNPJ sob o n\u00ba 08.169.278\/0001-07, com sede na RUA JOSE CALAZANS, 69, representado por THUANNE KARLA CARVALHO DE SOUZA, PREFEITA MUNICIPAL, doravante denominado(a) CONTRATANTE, e a detentora \u00e9 a empresa A4 CONTABILIDADE E CONSULTORIA LTDA, CNPJ\/MF: [&hellip;]<\/p>\n","protected":false},"author":1,"featured_media":0,"comment_status":"open","ping_status":"open","sticky":false,"template":"","format":"standard","meta":{"ocean_post_layout":"","ocean_both_sidebars_style":"","ocean_both_sidebars_content_width":0,"ocean_both_sidebars_sidebars_width":0,"ocean_sidebar":"0","ocean_second_sidebar":"0","ocean_disable_margins":"enable","ocean_add_body_class":"","ocean_shortcode_before_top_bar":"","ocean_shortcode_after_top_bar":"","ocean_shortcode_before_header":"","ocean_shortcode_after_header":"","ocean_has_shortcode":"","ocean_shortcode_after_title":"","ocean_shortcode_before_footer_widgets":"","ocean_shortcode_after_footer_widgets":"","ocean_shortcode_before_footer_bottom":"","ocean_shortcode_after_footer_bottom":"","ocean_display_top_bar":"default","ocean_display_header":"default","ocean_header_style":"","ocean_center_header_left_menu":"0","ocean_custom_header_template":"0","ocean_custom_logo":0,"ocean_custom_retina_logo":0,"ocean_custom_logo_max_width":0,"ocean_custom_logo_tablet_max_width":0,"ocean_custom_logo_mobile_max_width":0,"ocean_custom_logo_max_height":0,"ocean_custom_logo_tablet_max_height":0,"ocean_custom_logo_mobile_max_height":0,"ocean_header_custom_menu":"0","ocean_menu_typo_font_family":"0","ocean_menu_typo_font_subset":"","ocean_menu_typo_font_size":0,"ocean_menu_typo_font_size_tablet":0,"ocean_menu_typo_font_size_mobile":0,"ocean_menu_typo_font_size_unit":"px","ocean_menu_typo_font_weight":"","ocean_menu_typo_font_weight_tablet":"","ocean_menu_typo_font_weight_mobile":"","ocean_menu_typo_transform":"","ocean_menu_typo_transform_tablet":"","ocean_menu_typo_transform_mobile":"","ocean_menu_typo_line_height":0,"ocean_menu_typo_line_height_tablet":0,"ocean_menu_typo_line_height_mobile":0,"ocean_menu_typo_line_height_unit":"","ocean_menu_typo_spacing":0,"ocean_menu_typo_spacing_tablet":0,"ocean_menu_typo_spacing_mobile":0,"ocean_menu_typo_spacing_unit":"","ocean_menu_link_color":"","ocean_menu_link_color_hover":"","ocean_menu_link_color_active":"","ocean_menu_link_background":"","ocean_menu_link_hover_background":"","ocean_menu_link_active_background":"","ocean_menu_social_links_bg":"","ocean_menu_social_hover_links_bg":"","ocean_menu_social_links_color":"","ocean_menu_social_hover_links_color":"","ocean_disable_title":"default","ocean_disable_heading":"default","ocean_post_title":"","ocean_post_subheading":"","ocean_post_title_style":"","ocean_post_title_background_color":"","ocean_post_title_background":0,"ocean_post_title_bg_image_position":"","ocean_post_title_bg_image_attachment":"","ocean_post_title_bg_image_repeat":"","ocean_post_title_bg_image_size":"","ocean_post_title_height":0,"ocean_post_title_bg_overlay":0.5,"ocean_post_title_bg_overlay_color":"","ocean_disable_breadcrumbs":"default","ocean_breadcrumbs_color":"","ocean_breadcrumbs_separator_color":"","ocean_breadcrumbs_links_color":"","ocean_breadcrumbs_links_hover_color":"","ocean_display_footer_widgets":"default","ocean_display_footer_bottom":"default","ocean_custom_footer_template":"0","ocean_post_oembed":"","ocean_post_self_hosted_media":"","ocean_post_video_embed":"","ocean_link_format":"","ocean_link_format_target":"self","ocean_quote_format":"","ocean_quote_format_link":"post","ocean_gallery_link_images":"on","ocean_gallery_id":[],"footnotes":""},"categories":[58,75,4],"tags":[],"class_list":["post-4110","post","type-post","status-publish","format-standard","hentry","category-contratos","category-contratos-2026","category-licitacao","entry"],"_links":{"self":[{"href":"https:\/\/vilaflor.rn.gov.br\/transparencia\/wp-json\/wp\/v2\/posts\/4110","targetHints":{"allow":["GET"]}}],"collection":[{"href":"https:\/\/vilaflor.rn.gov.br\/transparencia\/wp-json\/wp\/v2\/posts"}],"about":[{"href":"https:\/\/vilaflor.rn.gov.br\/transparencia\/wp-json\/wp\/v2\/types\/post"}],"author":[{"embeddable":true,"href":"https:\/\/vilaflor.rn.gov.br\/transparencia\/wp-json\/wp\/v2\/users\/1"}],"replies":[{"embeddable":true,"href":"https:\/\/vilaflor.rn.gov.br\/transparencia\/wp-json\/wp\/v2\/comments?post=4110"}],"version-history":[{"count":1,"href":"https:\/\/vilaflor.rn.gov.br\/transparencia\/wp-json\/wp\/v2\/posts\/4110\/revisions"}],"predecessor-version":[{"id":4111,"href":"https:\/\/vilaflor.rn.gov.br\/transparencia\/wp-json\/wp\/v2\/posts\/4110\/revisions\/4111"}],"wp:attachment":[{"href":"https:\/\/vilaflor.rn.gov.br\/transparencia\/wp-json\/wp\/v2\/media?parent=4110"}],"wp:term":[{"taxonomy":"category","embeddable":true,"href":"https:\/\/vilaflor.rn.gov.br\/transparencia\/wp-json\/wp\/v2\/categories?post=4110"},{"taxonomy":"post_tag","embeddable":true,"href":"https:\/\/vilaflor.rn.gov.br\/transparencia\/wp-json\/wp\/v2\/tags?post=4110"}],"curies":[{"name":"wp","href":"https:\/\/api.w.org\/{rel}","templated":true}]}},{"id":4108,"date":"2026-01-06T09:18:16","date_gmt":"2026-01-06T12:18:16","guid":{"rendered":"https:\/\/vilaflor.rn.gov.br\/transparencia\/?p=4108"},"modified":"2026-01-13T09:19:09","modified_gmt":"2026-01-13T12:19:09","slug":"aviso-de-dispensa-de-licitacao-n-004-2026","status":"publish","type":"post","link":"https:\/\/vilaflor.rn.gov.br\/transparencia\/aviso-de-dispensa-de-licitacao-n-004-2026\/","title":{"rendered":"AVISO DE DISPENSA DE LICITA\u00c7\u00c3O N\u00b0 004\/2026"},"content":{"rendered":"<p><strong>ESTADO DO RIO GRANDE DO NORTE<\/strong><br \/>\n<strong>PREFEITURA MUNICIPAL DE VILA FLOR<\/strong><\/p>\n<p><strong>DADOS DO AVISO<\/strong><\/p>\n<p>Vila Flor\/RN, em 05 de janeiro de 2026.<\/p>\n<p>&nbsp;<\/p>\n<p><strong>PROCESSO ADMINISTRATIVO:\u00a0<\/strong>30120002\/2025<\/p>\n<p>&nbsp;<\/p>\n<p><strong>DATA E HORA LIMITE PARA ENTREGA DA PROPOSTA DE PRE\u00c7O E DOCUMENTOS DE HABILITA\u00c7\u00c3O<\/strong><\/p>\n<p>&nbsp;<\/p>\n<p>At\u00e9 dia 09\/01\/2026, \u00e0s 09:00h<\/p>\n<p>&nbsp;<\/p>\n<p><strong>REFER\u00caNCIA DE HOR\u00c1RIO<\/strong><\/p>\n<p><strong>\u00a0<\/strong><\/p>\n<p>Hor\u00e1rio de Brasilia \u2013 DF<\/p>\n<p><strong>\u00a0<\/strong><\/p>\n<p><strong>ENDERE\u00c7O ELETR\u00d4NICO PARA ENVIO DA PROPOSTA E DOCUMENTOS DE HABILITA\u00c7\u00c3O<\/strong><\/p>\n<p><strong>\u00a0<\/strong><\/p>\n<p><a href=\"mailto:pmvflicitacoes2021@gmail.com\">PMVFLICITACOES2021@GMAIL.COM<\/a><\/p>\n<p><strong>\u00a0<\/strong><\/p>\n<p>A\u00a0<strong>PREFEITURA MUNICIPAL DE VILA FLOR<\/strong>, atrav\u00e9s da\u00a0<strong>COMISS\u00c3O DE LICITA\u00c7\u00c3O<\/strong>, com sede na Rua Jos\u00e9 Calazans, 169, Centro, Vila Flor\/RN, CEP 59.192-000, inscrita no CNPJ\/MF sob n\u00b0 08.169.278\/0001-07, torna p\u00fablico para conhecimento dos interessados a realiza\u00e7\u00e3o de Chamada P\u00fablica para\u00a0<strong>DISPENSA DE LICITA\u00c7\u00c3O<\/strong>, com crit\u00e9rio de julgamento\u00a0<strong>MENOR PRE\u00c7O GLOBAL<\/strong>, nos termos do Art. n\u00ba 75, inciso II da Lei 14.133\/2021, e de acordo com as condi\u00e7\u00f5es, crit\u00e9rios e procedimentos estabelecidos neste Aviso e seus anexos, objetivando obter a melhor proposta, observadas as datas e hor\u00e1rios discriminados.<\/p>\n<p>OS INTERESSADOS DEVER\u00c3O ACOMPANHAR AS MENSAGENS REFERENTES A ESTE AVISO (RESPOSTAS A QUESTIONAMENTOS, IMPUGNA\u00c7\u00d5ES, RECURSOS, ETC.) NO E-MAIL INSTITUCIONAL, SENDO EXCLUSIVOS RESPONS\u00c1VEIS PELO \u00d4NUS DECORRENTE DA PERDA DE NEG\u00d3CIOS DIANTE DA INOBSERV\u00c2NCIA DE QUAISQUER MENSAGENS EMITIDAS PELO PORTAL.<\/p>\n<p>&nbsp;<\/p>\n<p><strong><u>ANEXOS DESTE AVISO<\/u><\/strong><\/p>\n<p><strong>\u00a0<\/strong><\/p>\n<p>Anexo I \u2013 Termo de Refer\u00eancia<\/p>\n<p>Anexo II \u2013 Modelo de Proposta de Pre\u00e7os<\/p>\n<p>Anexo III \u2013 Modelo de Declara\u00e7\u00e3o de cumprimento do disposto no Inc. XXXIII do art. 7\u00ba da Constitui\u00e7\u00e3o Federal<\/p>\n<p>Anexo IV \u2013 Declara\u00e7\u00e3o de reserva de cargos PcD, consoante art. 92, da Lei Federal n\u201d 14.133\/2021<\/p>\n<p>Anexo V \u2013 Declara\u00e7\u00e3o impedimentos do art. 14 da Lei Federal n\u201d 14.133\/2021<\/p>\n<p>Anexo VI \u2013 Modelo de Carta-Contrato<\/p>\n<p>&nbsp;<\/p>\n<p><strong>AVISO DE DISPENSA DE LICITA\u00c7\u00c3O N\u00b0 004\/2026<\/strong><\/p>\n<p><strong>\u00a0<\/strong><\/p>\n<ol>\n<li><strong>REG\u00caNCIA LEGAL<\/strong><\/li>\n<\/ol>\n<p>As contra\u00e7\u00f5es atrav\u00e9s de dispensa de licita\u00e7\u00e3o no Prefeitura Municipal de Vila Flor s\u00e3o regidas pelos dispositivos legais:<\/p>\n<ol start=\"14\">\n<li>a) Lei n\u00ba 133\/2021, Art. 75, Inc. II;<\/li>\n<li>Instru\u00e7\u00e3o Normativa SEMGE n\u00ba 05\/2021, aprovada pela Portaria SEMGE n\u00ba 624\/2021.<\/li>\n<\/ol>\n<p>&nbsp;<\/p>\n<ol start=\"2\">\n<li><strong>OBJETO<\/strong><\/li>\n<\/ol>\n<p>O presente termo de refer\u00eancia visa orientar a licita\u00e7\u00e3o para a\u00a0<strong>CONTRATA\u00c7\u00c3O DE PESSOA JUR\u00cdDICA PARA REALIZAR SERVI\u00c7OS DE ASSESSORIA E CONSULTORIA DA \u00c1REA FINANCEIRA E OR\u00c7AMENT\u00c1RIA, COMPREENDENDO ATIVIDADES DE CUNHO T\u00c9CNICO E DE APOIO AO SETOR DE TESOURARIA, COM AN\u00c1LISES DOS PROCESSOS E DE TODOS OS PROCEDIMENTOS DE ROTINA PARA PAGAMENTOS, VISANDO ATENDER AS NECESSIDADE DA PREFEITURA MUNICIPAL DE VILA FLOR\/RN<\/strong>, Anexo I deste Aviso.<\/p>\n<p>&nbsp;<\/p>\n<ol start=\"3\">\n<li><strong>INFORMA\u00c7\u00d5ES PRELIMINARES<\/strong><\/li>\n<\/ol>\n<p>Os interessados dever\u00e3o proceder, antes da elabora\u00e7\u00e3o das propostas, verifica\u00e7\u00e3o minuciosa de todos os elementos fornecidos, solicitando por escrito ao\u00a0<strong>SETOR DE LICITA\u00c7\u00c3O<\/strong>, via e-mail:\u00a0<a href=\"mailto:atendimento_cosel@salvador.ba.gov.br\"><strong>PMVFLICITACOES2021@GMAIL.COM<\/strong>,<\/a>\u00a0at\u00e9 01 (um) dia \u00fatil antes do prazo final para apresenta\u00e7\u00e3o da documenta\u00e7\u00e3o, as d\u00favidas suscitadas, que ser\u00e3o esclarecidas no pr\u00f3prio e-mail.<\/p>\n<p>&nbsp;<\/p>\n<ol start=\"4\">\n<li><strong>CONDI\u00c7\u00d5ES DE PARTICIPA\u00c7\u00c3O<\/strong>\n<ul>\n<li>Poder\u00e3o participar desta Dispensa de Licita\u00e7\u00e3o, pessoas f\u00edsica ou jur\u00eddica, regularmente estabelecidas no pa\u00eds que atenda \u00e0s condi\u00e7\u00f5es exigidas neste Aviso e seus anexos, devendo pertencer ao ramo da atividade pertinente e compat\u00edvel com o objeto<\/li>\n<\/ul>\n<\/li>\n<\/ol>\n<p>&nbsp;<\/p>\n<ul>\n<li>N\u00e3o poder\u00e3o participar desta Dispensa de Licita\u00e7\u00e3o os interessados:<\/li>\n<\/ul>\n<p>&nbsp;<\/p>\n<ol>\n<li>Proibidos de participar de licita\u00e7\u00f5es e celebrar contratos administrativos, na forma da legisla\u00e7\u00e3o<\/li>\n<li>Que n\u00e3o atendam \u00e0s condi\u00e7\u00f5es deste Aviso e Termo de Refer\u00eancia;<\/li>\n<li>Estrangeiros que n\u00e3o tenham representa\u00e7\u00e3o legal no Brasil com poderes expressos para receber cita\u00e7\u00e3o e responder administrativa ou judicialmente;<\/li>\n<li>Que se enquadrem nas veda\u00e7\u00f5es previstas no artigo 14\u00ba da Lei Federal n\u00b0 133\/21;<\/li>\n<li>Organiza\u00e7\u00f5es da Sociedade Civil de Interesse P\u00fablico \u2013 OSC IP, atuando nessa condi\u00e7\u00e3o (Ac\u00f3rd\u00e3o n\u00b0746\/2014 \u2013 TCU Plen\u00e1rio);<\/li>\n<li>Estejam cumprindo penalidade de suspens\u00e3o tempor\u00e1ria imposta pela Administra\u00e7\u00e3o P\u00fablica Municipal, ou, ainda, penalidade imposta por qualquer \u00f3rg\u00e3o da Administra\u00e7\u00e3o P\u00fablica, nas hip\u00f3teses previstas nos incisos III e IV do 156 da Lei n\u00b0 14.133\/21<\/li>\n<\/ol>\n<p>&nbsp;<\/p>\n<ol start=\"5\">\n<li><strong>ESPECIFICA\u00c7\u00d5ES DO OBJETO, DOTA\u00c7\u00c3O OR\u00c7AMENT\u00c1RIA, PRAZOS E LOCAL DE PRESTA\u00c7\u00c3O DE SERVI\u00c7OS<\/strong><\/li>\n<\/ol>\n<p>As informa\u00e7\u00f5es relativas a especifica\u00e7\u00f5es do objeto, dota\u00e7\u00e3o or\u00e7ament\u00e1ria, prazos e local de entrega est\u00e3o elencadas no termo de Refer\u00eancia anexo I deste Aviso.<\/p>\n<p>&nbsp;<\/p>\n<ol start=\"6\">\n<li><strong>PRAZO E FORMA PARA ENVIO DOS DOCUMENTOS DE HABILITA\u00c7\u00c3O E PROPOSTA DE PRE\u00c7O<\/strong>\n<ul>\n<li><strong>PRAZO DE ENTREGA DOS DOCUMENTOS<\/strong>: Esta chamada p\u00fablica para Dispensa de Licita\u00e7\u00e3o ficar\u00e1 aberta por um per\u00edodo de\u00a0<strong>03 (TR\u00caS) DIAS UT\u00c9IS,\u00a0<\/strong>contados a partir da data de publica\u00e7\u00e3o do\u00a0<strong>AVISO<\/strong>\u00a0<strong>DE DISPENSA DE LICITA\u00c7\u00c3O\u00a0<\/strong>na imprensa<\/li>\n<li>A proposta de pre\u00e7os e os documentos de habilita\u00e7\u00e3o, dever\u00e3o ser encaminhados via e-mail, para o endere\u00e7o eletr\u00f4nico:\u00a0<a href=\"mailto:atendimento_cosel@salvador.ba.gov.br\"><strong>PMVFLICITACOES2021@GMAIL.COM<\/strong>,<\/a>\u00a0fazendo refer\u00eancia no assunto do e-mail a\u00a0<strong>DISPENSA DE LICITA\u00c7\u00c3O N\u00b0 004\/2026.<\/strong><\/li>\n<\/ul>\n<\/li>\n<\/ol>\n<p>&nbsp;<\/p>\n<p>7.\u00a0\u00a0\u00a0\u00a0\u00a0\u00a0\u00a0 PROPOSTAS DE PRE\u00c7OS<\/p>\n<p><strong>\u00a0<\/strong><\/p>\n<ul>\n<li>A proposta de pre\u00e7os dever\u00e1 ser apresentada na forma, prazo e condi\u00e7\u00f5es estipulados neste Aviso e seus<\/li>\n<\/ul>\n<p>&nbsp;<\/p>\n<ul>\n<li>A proposta dever\u00e1 ser redigida em papel timbrado do interessado, por meio mec\u00e2nico ou informatizado, de forma clara e inequ\u00edvoca, sem emendas, rasuras ou entrelinhas, em estrita observ\u00e2ncia \u00e0s especifica\u00e7\u00f5es contidas neste Aviso, assinada na \u00faltima folha e rubricada nas demais pelo seu titular ou representante legal, devidamente identificado, nela constando, obrigatoriamente:<\/li>\n<\/ul>\n<p>&nbsp;<\/p>\n<ol>\n<li>Raz\u00e3o Social, CNPJ, endere\u00e7o, CEP, telefone\/ e-mail e pessoa de contato;<\/li>\n<li>Pre\u00e7os de acordo com os praticados no mercado, dento do pre\u00e7o m\u00e1ximo que a SEMOP se disp\u00f5e a pagar, em algarismo e por extenso, s\u00f3 reajust\u00e1veis na forma da lei, com valores expressos em moeda corrente nacional (R$). Ocorrendo diverg\u00eancia entre o pre\u00e7o em algarismo e o expresso por extenso, ser\u00e1 levado em conta por extenso.<\/li>\n<li>Prazo de validade de proposta n\u00e3o inferior a 90 (noventa) dias, a contar da data de sua apresenta\u00e7\u00e3o, sendo facultado aos proponentes estender tal validade por prazo<\/li>\n<\/ol>\n<p>&nbsp;<\/p>\n<ul>\n<li>A proposta de pre\u00e7os apresentada dever\u00e1 incluir todas e quaisquer despesas necess\u00e1rias para a execu\u00e7\u00e3o do objeto desta Dispensa de Licita\u00e7\u00e3o, tais como: tributos, emolumentos, contribui\u00e7\u00f5es sociais, fiscais, parafiscais, fretes, seguros e demais despesas inerentes, devendo o pre\u00e7o ofertado corresponder rigorosamente \u00e0s especifica\u00e7\u00f5es do objeto, n\u00e3o cabendo quaisquer reivindica\u00e7\u00f5es devidas a erros nessa avalia\u00e7\u00e3o, para efeito de solicitar revis\u00e3o de pre\u00e7os.<\/li>\n<\/ul>\n<p>&nbsp;<\/p>\n<ul>\n<li>A proposta de pre\u00e7os que n\u00e3o estiver em conson\u00e2ncia com as exig\u00eancias deste Aviso ser\u00e1<\/li>\n<\/ul>\n<p>&nbsp;<\/p>\n<ul>\n<li>Os pre\u00e7os ofertados n\u00e3o poder\u00e3o exceder os pre\u00e7os m\u00e1ximos, constantes neste<\/li>\n<\/ul>\n<p>&nbsp;<\/p>\n<p>8.\u00a0\u00a0\u00a0\u00a0\u00a0\u00a0\u00a0 DOCUMENTA\u00c7\u00c3O DE HABILITA\u00c7\u00c3O<\/p>\n<p><strong>\u00a0<\/strong><\/p>\n<ul>\n<li>Para fins de comprova\u00e7\u00e3o de habilita\u00e7\u00e3o, dever\u00e3o ser apresentados junto com a proposta de pre\u00e7os, os documentos abaixo relacionados, com prazo vigente, \u00e0 exce\u00e7\u00e3o daqueles que por sua natureza n\u00e3o contenham validade:<\/li>\n<\/ul>\n<p>&nbsp;<\/p>\n<ul>\n<li><strong><u>Habilita\u00e7\u00e3o Jur\u00eddica<\/u><\/strong>\n<ol>\n<li>Ato constitutivo, estatuto ou contrato social em vigor, devidamente registrado ou inscrito;<\/li>\n<li>Em se tratando de Microempreendedor individual \u2014 MEI: Certificado da Condi\u00e7\u00e3o de Microempreendedor Individual \u2013 CCMEI;<\/li>\n<\/ol>\n<\/li>\n<\/ul>\n<p>&nbsp;<\/p>\n<ul>\n<li><strong><u>Regularidade Fiscal e Trabalhista<\/u><\/strong>\n<ol start=\"8\">\n<li>Certid\u00e3o Conjunta Negativa de D\u00e9bitos, relativa aos tributos federais e \u00e0 D\u00edvida Ativa da Uni\u00e3o, no \u00e2mbito da RFB e da PGFN abrangendo inclusive as contribui\u00e7\u00f5es sociais previstas nas al\u00edneas \u201ca\u201d e \u201cd\u201d do par\u00e1grafo \u00fanico do art. 11 da Lei n.\u00ba 8.212, de 24 de julho de 1991, com base na Portaria Conjunta RFB\/PGFN no 751, de 02\/10\/2014.<\/li>\n<li>Prova de inscri\u00e7\u00e3o no cadastro de contribuintes estadual e\/ou Municipal, se houver, relativo ao domicilio ou sede do interessado, pertinente ao seu ramo de atividade e compat\u00edvel com o objeto<\/li>\n<li>Prova de regularidade com a Fazenda Estadual relativo ao domicilio ou sede do interessado;<\/li>\n<li>Prova de regularidade com a Fazenda Municipal do relativo ao domicilio ou sede do interessado;<\/li>\n<li>Prova de regularidade com o Fundo de Garantia por Tempo de Servi\u00e7o (FGTS), mediante a apresenta\u00e7\u00e3o de Certificado de Regularidade de Situa\u00e7\u00e3o\/CRF.<\/li>\n<li>Prova de inexist\u00eancia de d\u00e9bitos inadimplidos perante a justi\u00e7a do trabalho, mediante a apresenta\u00e7\u00e3o de Certid\u00e3o Negativa de D\u00e9bitos Trabalhistas (CNDT), com prazo de validade de 180 (cento e oitenta dias), contados da data de sua emiss\u00e3o, de acordo com a Legisla\u00e7\u00e3o federal \u201cLei n\u00ba 440, de 07 de julho de 2011\u201d.<\/li>\n<li>Prova de inscri\u00e7\u00e3o de Cadastro Nacional de Pessoas Jur\u00eddicas CNPJ;<\/li>\n<\/ol>\n<\/li>\n<\/ul>\n<p>&nbsp;<\/p>\n<ul>\n<li><strong><u>Qualifica\u00e7\u00e3o T\u00e9cnica<\/u><\/strong>\n<ol>\n<li>Apresenta\u00e7\u00e3o de pelo menos 01 (um) atestado em nome da pessoa jur\u00eddica, fornecido por pessoa jur\u00eddica de direito p\u00fablico ou privado, suficientes para comprovar a aptid\u00e3o em execu\u00e7\u00e3o de objetos similares ao desta contrata\u00e7\u00e3o.\n<ul>\n<li>O(s) atestado(s) dever\u00e1(\u00e3o) ser apresentado(s) constando as seguintes informa\u00e7\u00f5es da emitente: papel timbrado, CNPJ, endere\u00e7o, telefone, data de emiss\u00e3o, nome e cargo\/fun\u00e7\u00e3o de quem assina o documento, bem como conter objeto, atividades desenvolvidas e per\u00edodo da contrata\u00e7\u00e3o.<\/li>\n<li>N\u00e3o ser\u00e3o aceitos atestados emitidos por empresas do mesmo grupo empresarial da promitente contratada ou pela pr\u00f3pria pessoa jur\u00eddica e\/ou emitidos por empresas, das quais participem s\u00f3cios ou diretores da promitente<\/li>\n<\/ul>\n<\/li>\n<\/ol>\n<\/li>\n<\/ul>\n<p>&nbsp;<\/p>\n<ul>\n<li><strong><u>Qualifica\u00e7\u00e3o econ\u00f4mico-financeira<\/u><\/strong>\n<ol>\n<li>Certid\u00e3o negativa de fal\u00eancia, recupera\u00e7\u00e3o judicial ou extrajudicial ou execu\u00e7\u00e3o patrimonial, conforme o caso, expedida pelo distribuidor da sede do\n<ul>\n<li>Caso o licitante encontre-se em recupera\u00e7\u00e3o judicial, admite-se a participa\u00e7\u00e3o, em licita\u00e7\u00f5es, desde que amparadas em certid\u00e3o emitida pela inst\u00e2ncia judicial competente afirmando que a interessada est\u00e1 apta econ\u00f4mica e financeiramente a participar de procedimento licitat\u00f3rio, na forma do Ac\u00f3rd\u00e3o TCU \u2013 Plen\u00e1rio \u2013 1201\/2020.<\/li>\n<\/ul>\n<\/li>\n<\/ol>\n<\/li>\n<\/ul>\n<p>&nbsp;<\/p>\n<ul>\n<li><strong><u>Documenta\u00e7\u00e3o Complementar de Habilita\u00e7\u00e3o<\/u><\/strong>\n<ol start=\"14\">\n<li>Declara\u00e7\u00e3o de que n\u00e3o est\u00e1 incurso nos impedimentos de que trata o art.14 da Federal n\u00b0 133\/2021, conforme modelo ANEXO IV;<\/li>\n<li>Declara\u00e7\u00e3o de que cumpre as exig\u00eancias de reserva de cargos para Pessoas com Defici\u00eancia \u2014 PcD e para reabilitado da Previd\u00eancia Social, previstas em lei e normas espec\u00edficas, conforme modelo ANEXO III;<\/li>\n<li>Certid\u00e3o Negativa de Cadastro Nacional de Empresas Inid\u00f4neas e Suspensas \u2014 CEIS<\/li>\n<li>Certid\u00e3o Negativa de Cadastro Nacional de Empresas P\u00fablicas \u2014 CNE<\/li>\n<li>Declara\u00e7\u00e3o assinada pelo titular ou representante legal da Requerente, devidamente identificado, em conformidade com o disposto no XXXIII, art. 7\u00ba, da Constitui\u00e7\u00e3o Federal (Modelo no\u00a0<strong>Anexo IV\u00a0<\/strong>deste Aviso).<\/li>\n<\/ol>\n<\/li>\n<\/ul>\n<p>&nbsp;<\/p>\n<p>9.\u00a0\u00a0\u00a0\u00a0\u00a0\u00a0\u00a0 CRIT\u00c9RIO DE JULGAMENTO<\/p>\n<p><strong>\u00a0<\/strong><\/p>\n<ul>\n<li><strong><u>PROPOSTAS DE PRE\u00c7OS<\/u><\/strong><\/li>\n<\/ul>\n<p>&nbsp;<\/p>\n<ul>\n<li>As propostas apresentadas em conson\u00e2ncia com as exig\u00eancias do Aviso ser\u00e3o classificadas e ser\u00e1 declara vencedora a que apresentar o menor pre\u00e7o.<\/li>\n<\/ul>\n<p>&nbsp;<\/p>\n<ul>\n<li>Os interessados que apresentarem proposta de pre\u00e7os com diverg\u00eancia \u00e0s exig\u00eancias deste Aviso e seus anexos ser\u00e1<\/li>\n<\/ul>\n<p>&nbsp;<\/p>\n<ul>\n<li><strong><u>HABILITA\u00c7\u00c3O<\/u><\/strong>\n<ul>\n<li>Ser\u00e1 habilitado o interessado que atender todas as condi\u00e7\u00f5es do Aviso e seus<\/li>\n<li>Ser\u00e1 inabilitada o interessado que n\u00e3o atender as condi\u00e7\u00f5es do Aviso e seus<\/li>\n<\/ul>\n<\/li>\n<\/ul>\n<p>&nbsp;<\/p>\n<p>10.\u00a0\u00a0\u00a0\u00a0\u00a0 OBRIGA\u00c7\u00d5ES, PENALIDADES E SAN\u00c7\u00d5ES<\/p>\n<p><strong>\u00a0<\/strong><\/p>\n<p>As obriga\u00e7\u00f5es, penalidades e sans\u00f5es est\u00e3o elencadas no Termo de Refer\u00eancia, anexo I deste Aviso e s\u00e3o parte integrante independente de transcri\u00e7\u00e3o.<\/p>\n<p>&nbsp;<\/p>\n<p>11.\u00a0\u00a0\u00a0\u00a0\u00a0\u00a0\u00a0\u00a0 DISPOSI\u00c7\u00d5ES GERAIS<\/p>\n<p><strong>\u00a0<\/strong><\/p>\n<ul>\n<li>O interessado n\u00e3o poder\u00e1 alegar como justificativa para se eximir das obriga\u00e7\u00f5es assumidas, o desconhecimento das condi\u00e7\u00f5es para participa\u00e7\u00e3o desta Dispensa de Licita\u00e7\u00e3o.<\/li>\n<li>Poder\u00e1 esta Secretaria Municipal da Prefeitura Municipal de Vila Flor, revogar o presente Aviso, no todo em parte, por conveni\u00eancia administrativa e interesse p\u00fablico, decorrente de falo superveniente, devidamente<\/li>\n<li>A Secretaria Municipal da Prefeitura Municipal de Vila Flor poder\u00e1 anular o presente Aviso, no todo em parte, caso ocorra ilegalidade, de oficio ou por provoca\u00e7\u00e3o. A anula\u00e7\u00e3o do procedimento oriundo deste Aviso, n\u00e3o gera direito a indeniza\u00e7\u00e3o.<\/li>\n<li>Ap\u00f3s a fase de classifica\u00e7\u00e3o da proposta, n\u00e3o cabe desist\u00eancia da mesma, salvo por motivo justo decorrente de fato superveniente, e desde que aceito pela PREFEITURA MUNICIPAL.<\/li>\n<li>Ao apresentar a proposta de pre\u00e7os, o interessado declara sob as penalidades da Lei, da inexist\u00eancia de qualquer v\u00ednculo de natureza t\u00e9cnica, comercial, econ\u00f4mica, financeira ou trabalhista, entre si e os respons\u00e1veis por esta Dispensa de Licita\u00e7\u00e3o, quer direta ou<\/li>\n<li>A apresenta\u00e7\u00e3o de proposta pressup\u00f5e o pleno conhecimento, atendimento e aceita\u00e7\u00e3o integral e irretrat\u00e1vel, por parte do interessado, das exig\u00eancias e condi\u00e7\u00f5es estabelecidas neste Aviso e Termo de Refer\u00eancia.<\/li>\n<li>A falsidade de qualquer documento apresentado ou a inverdade das informa\u00e7\u00f5es nele contidas implicar\u00e1 a imediata desclassifica\u00e7\u00e3o\/inabilita\u00e7\u00e3o do interessado que o tiver apresentado, ou, caso tenha sido o vencedor, a rescis\u00e3o do contrato ou do pedido de compra, sem preju\u00edzo de demais san\u00e7\u00f5es cab\u00edveis.<\/li>\n<li>Na contagem dos prazos estabelecidos neste Aviso, com fulcro no Art 183 da Lei Federal 133\/2021, ser\u00e3o contados com exclus\u00e3o do dia do come\u00e7o e inclus\u00e3o do dia do vencimento, observando-se as seguintes disposi\u00e7\u00f5es:\n<ol>\n<li>os prazos expressos em dias corridos ser\u00e3o computados de modo cont\u00ednuo;<\/li>\n<li>os prazos expressos em meses ou anos ser\u00e3o computados de data a data;<\/li>\n<li>nos prazos expressos em dias \u00fateis, ser\u00e3o computados somente os dias em que ocorrer expediente administrativo no \u00f3rg\u00e3o ou entidade competente.<\/li>\n<\/ol>\n<\/li>\n<\/ul>\n<p>&nbsp;<\/p>\n<ul>\n<li>Salvo disposi\u00e7\u00e3o em contr\u00e1rio, considera-se dia do come\u00e7o do prazo:\n<ol>\n<li>o primeiro dia \u00fatil seguinte ao da disponibiliza\u00e7\u00e3o da informa\u00e7\u00e3o na<\/li>\n<\/ol>\n<\/li>\n<\/ul>\n<p>Vila Flor\/RN, em 05 de janeiro de 2026.<\/p>\n<p>&nbsp;<\/p>\n<p>Kedson Jos\u00e9 de Lima<\/p>\n<p><strong>Agente de Contrata\u00e7\u00e3o<\/strong><\/p>\n<p><strong>\u00a0<\/strong><\/p>\n<p>DISPENSA DE LICITA\u00c7\u00c3O N\u00b0 004\/2026<\/p>\n<p>SETOR DE LICITA\u00c7\u00c3O<\/p>\n<p>ANEXO I \u2013 TERMO DE REFER\u00caNCIA<\/p>\n<p>1.\u00a0\u00a0\u00a0 OBJETO<\/p>\n<p><strong>\u00a0<\/strong><\/p>\n<p>O presente termo de refer\u00eancia visa orientar a licita\u00e7\u00e3o para a\u00a0<strong>CONTRATA\u00c7\u00c3O DE PESSOA JUR\u00cdDICA PARA REALIZAR SERVI\u00c7OS DE ASSESSORIA E CONSULTORIA DA \u00c1REA FINANCEIRA E OR\u00c7AMENT\u00c1RIA, COMPREENDENDO ATIVIDADES DE CUNHO T\u00c9CNICO E DE APOIO AO SETOR DE TESOURARIA, COM AN\u00c1LISES DOS PROCESSOS E DE TODOS OS PROCEDIMENTOS DE ROTINA PARA PAGAMENTOS, VISANDO ATENDER AS NECESSIDADE DA PREFEITURA MUNICIPAL DE VILA FLOR\/RN<\/strong>.<\/p>\n<p>2.\u00a0\u00a0\u00a0 JUSTIFICATIVA<\/p>\n<p>A complexidade que envolve a gest\u00e3o das finan\u00e7as p\u00fablicas contempor\u00e2neas exige que a administra\u00e7\u00e3o municipal opere sob um regime de absoluta precis\u00e3o t\u00e9cnica, especialmente no que tange \u00e0 conformidade com o ordenamento jur\u00eddico vigente, como a Lei de Responsabilidade Fiscal e as normativas dos Tribunais de Contas.<\/p>\n<p>A justificativa para esta contrata\u00e7\u00e3o reside na natureza cr\u00edtica das fun\u00e7\u00f5es desempenhadas pela Secretaria de Finan\u00e7as, que n\u00e3o se limitam ao simples registro cont\u00e1bil, mas abrangem a salvaguarda do patrim\u00f4nio p\u00fablico e a garantia da legalidade em cada ato de desembolso. No contexto de Vila Flor\/RN, a integra\u00e7\u00e3o de uma assessoria especializada justifica-se pela necessidade de mitigar riscos de rejei\u00e7\u00e3o de contas e san\u00e7\u00f5es administrativas, uma vez que o manejo de recursos vinculados \u2014 como as verbas da Sa\u00fade, Educa\u00e7\u00e3o e Assist\u00eancia Social \u2014 imp\u00f5e uma segrega\u00e7\u00e3o de fontes extremamente rigorosa.<\/p>\n<p>A presen\u00e7a de um suporte t\u00e9cnico externo permite que o munic\u00edpio conte com metodologias atualizadas de controle interno e an\u00e1lise de dados, garantindo que a aplica\u00e7\u00e3o dos recursos obede\u00e7a n\u00e3o apenas \u00e0 disponibilidade de caixa, mas \u00e0 destina\u00e7\u00e3o espec\u00edfica imposta pela Constitui\u00e7\u00e3o Federal e pelos conv\u00eanios firmados.<\/p>\n<p>Al\u00e9m disso, justifica-se pela busca da efici\u00eancia operacional, onde a revis\u00e3o dos fluxos de trabalho e a moderniza\u00e7\u00e3o dos processos tribut\u00e1rios e financeiros resultam em uma gest\u00e3o mais transparente e capaz de responder prontamente \u00e0s exig\u00eancias de transpar\u00eancia p\u00fablica e fiscaliza\u00e7\u00e3o externa.<\/p>\n<p>3.\u00a0\u00a0\u00a0 FUNDAMENTA\u00c7\u00d5ES LEGAIS<\/p>\n<p><strong>\u00a0<\/strong><\/p>\n<ul>\n<li>O objeto deste Termo de Refer\u00eancia tem amparo legal nas normas gerais de licita\u00e7\u00e3o e contrata\u00e7\u00e3o para as Administra\u00e7\u00f5es P\u00fablicas diretas, aut\u00e1rquicas e fundacionais, integralmente, na Lei 14.133\/2021, que institui, no \u00e2mbito da Uni\u00e3o, Estados, Distrito Federal e Munic\u00edpios, nos termos do art. 37, inciso XXI, da Constitui\u00e7\u00e3o Federal.<\/li>\n<li>75, inciso II da Lei 14.133\/2021.<\/li>\n<\/ul>\n<p>&nbsp;<\/p>\n<p>4. RESULTADOS PRETENDIDOS<\/p>\n<p>Com a contrata\u00e7\u00e3o deste servi\u00e7o de assessoria e consultoria, a Prefeitura Municipal de Vila Flor\/RN busca atingir, primordialmente, o equil\u00edbrio fiscal e a conformidade plena com as exig\u00eancias dos \u00f3rg\u00e3os de controle. Espera-se que, por meio da revis\u00e3o t\u00e9cnica dos processos, ocorra a elimina\u00e7\u00e3o definitiva de inconsist\u00eancias no manejo das fontes de recursos, garantindo que cada pagamento seja realizado estritamente com a verba a ele vinculada, seja ela proveniente de conv\u00eanios, repasses fundo a fundo da sa\u00fade e assist\u00eancia social, ou recursos do FUNDEB. Outro resultado direto \u00e9 a mitiga\u00e7\u00e3o de riscos jur\u00eddicos, reduzindo a probabilidade de glosas, devolu\u00e7\u00f5es de recursos \u00e0 Uni\u00e3o ou apontamentos por parte do Tribunal de Contas do Estado do Rio Grande do Norte (TCE-RN), o que resguarda a responsabilidade administrativa do gestor e mant\u00e9m o munic\u00edpio adimplente nos sistemas de transfer\u00eancias volunt\u00e1rias.<\/p>\n<p>Ademais, pretende-se alcan\u00e7ar a otimiza\u00e7\u00e3o do fluxo de caixa, permitindo que a Tesouraria possua uma vis\u00e3o preditiva das receitas e despesas, facilitando o cumprimento do cronograma de pagamentos a fornecedores e servidores sem comprometer os limites constitucionais de gastos. No \u00e2mbito da transpar\u00eancia, a contrata\u00e7\u00e3o visa aprimorar a qualidade das informa\u00e7\u00f5es prestadas nos portais de transpar\u00eancia e nos sistemas de monitoramento federal (como SIOPS e SIOPE), entregando \u00e0 sociedade dados mais claros e precisos sobre a aplica\u00e7\u00e3o do dinheiro p\u00fablico. Por fim, busca-se a institucionaliza\u00e7\u00e3o de boas pr\u00e1ticas de gest\u00e3o, onde a transfer\u00eancia de conhecimento da consultoria para o corpo t\u00e9cnico local resulte em rotinas de trabalho mais \u00e1geis, seguras e menos suscet\u00edveis a erros humanos, consolidando uma administra\u00e7\u00e3o financeira moderna, eficiente e pautada no princ\u00edpio da economicidade.<\/p>\n<ol start=\"5\">\n<li><strong>DOS PRAZOS:<\/strong>\n<ul>\n<li>VIG\u00caNCIA: A vig\u00eancia do contrato dura\u00e7\u00e3o de 12 (Doze) meses, contados a partir da data da assinatura do contrato.<\/li>\n<li>O prazo de presta\u00e7\u00e3o dos servi\u00e7os s\u00e3o de 02 (dois) dias a partir da data da emiss\u00e3o da ordem de servi\u00e7o.<\/li>\n<li>Os prazos de execu\u00e7\u00e3o, de conclus\u00e3o e de entrega admitem prorroga\u00e7\u00e3o, mantidas as demais cl\u00e1usulas do contrato e assegurada a manuten\u00e7\u00e3o de seu equil\u00edbrio econ\u00f4mico financeiro, desde que ocorra algum dos motivos elencados no art. 124, da Lei Federal n\u00ba 14.133\/21, devidamente autuado em processo.<\/li>\n<\/ul>\n<\/li>\n<\/ol>\n<p>&nbsp;<\/p>\n<p>6.\u00a0\u00a0 DO DETALHAMENTO E DA EXECU\u00c7\u00c3O DOS SERVI\u00c7OS<\/p>\n<p>Detalhamento dos Servi\u00e7os<\/p>\n<p data-path-to-node=\"3\">Os servi\u00e7os de assessoria e consultoria financeira e or\u00e7ament\u00e1ria compreender\u00e3o um conjunto de atividades t\u00e9cnicas cont\u00ednuas, divididas em frentes de atua\u00e7\u00e3o estrat\u00e9gica e operacional:<\/p>\n<ul>\n<li data-path-to-node=\"4,0,0\"><strong data-path-to-node=\"4,0,0\" data-index-in-node=\"0\">Auditoria e Revis\u00e3o de Processos da Tesouraria:<\/strong>\u00a0Realiza\u00e7\u00e3o de diagn\u00f3stico completo nos fluxos de pagamento atuais para identifica\u00e7\u00e3o de gargalos, erros de classifica\u00e7\u00e3o de despesa e inconsist\u00eancias na utiliza\u00e7\u00e3o das fontes de recursos.<\/li>\n<li data-path-to-node=\"4,1,0\"><strong data-path-to-node=\"4,1,0\" data-index-in-node=\"0\">Gest\u00e3o e Monitoramento de Fontes de Recurso:<\/strong>\u00a0Apoio t\u00e9cnico na identifica\u00e7\u00e3o e segrega\u00e7\u00e3o das receitas vinculadas (Sa\u00fade, Educa\u00e7\u00e3o, Assist\u00eancia Social e Conv\u00eanios), garantindo que a Tesouraria utilize o \u201ccaixa carimbado\u201d de acordo com as normas constitucionais e o Plano de Contas Aplicado ao Setor P\u00fablico (PCASP).<\/li>\n<li data-path-to-node=\"4,2,0\"><strong data-path-to-node=\"4,2,0\" data-index-in-node=\"0\">Acompanhamento da Execu\u00e7\u00e3o Or\u00e7ament\u00e1ria:<\/strong>\u00a0Aux\u00edlio na verifica\u00e7\u00e3o da disponibilidade de dota\u00e7\u00e3o antes da realiza\u00e7\u00e3o do empenho, liquida\u00e7\u00e3o e pagamento, bem como o controle do limite de gastos com pessoal e limites constitucionais de Sa\u00fade e Educa\u00e7\u00e3o.<\/li>\n<li data-path-to-node=\"4,3,0\"><strong data-path-to-node=\"4,3,0\" data-index-in-node=\"0\">Apoio na Elabora\u00e7\u00e3o de Relat\u00f3rios de Gest\u00e3o Fiscal:<\/strong>\u00a0Consultoria na compila\u00e7\u00e3o de dados para a elabora\u00e7\u00e3o do Relat\u00f3rio Resumido da Execu\u00e7\u00e3o Or\u00e7ament\u00e1ria (RREO) e do Relat\u00f3rio de Gest\u00e3o Fiscal (RGF), assegurando a fidedignidade das informa\u00e7\u00f5es enviadas ao TCE\/RN e ao Tesouro Nacional (Siconfi).<\/li>\n<li data-path-to-node=\"4,4,0\"><strong data-path-to-node=\"4,4,0\" data-index-in-node=\"0\">Assessoria em Presta\u00e7\u00e3o de Contas de Fundos Especiais:<\/strong>\u00a0Apoio t\u00e9cnico espec\u00edfico na alimenta\u00e7\u00e3o e concilia\u00e7\u00e3o dos sistemas federais de presta\u00e7\u00e3o de contas (Fundo a Fundo), como SIOPS (Sa\u00fade), SIOPE (Educa\u00e7\u00e3o) e as plataformas de transfer\u00eancias da Assist\u00eancia Social.<\/li>\n<li data-path-to-node=\"4,5,0\"><strong data-path-to-node=\"4,5,0\" data-index-in-node=\"0\">Treinamento e Capacita\u00e7\u00e3o em Servi\u00e7o:<\/strong>\u00a0Orienta\u00e7\u00e3o t\u00e9cnica constante aos servidores da Secretaria de Finan\u00e7as e Tesouraria, visando \u00e0 atualiza\u00e7\u00e3o quanto \u00e0s novas normas brasileiras de contabilidade p\u00fablica e rotinas de controle interno.<\/li>\n<\/ul>\n<p>Modelo de Execu\u00e7\u00e3o<\/p>\n<p data-path-to-node=\"7\">A execu\u00e7\u00e3o dos servi\u00e7os dever\u00e1 seguir um regime de\u00a0<strong data-path-to-node=\"7\" data-index-in-node=\"51\">assessoria mista<\/strong>, combinando suporte presencial e acompanhamento remoto, de forma a garantir a continuidade operacional da prefeitura.<\/p>\n<p data-path-to-node=\"8,0,0\"><strong data-path-to-node=\"8,0,0\" data-index-in-node=\"0\">Regime de Presta\u00e7\u00e3o:<\/strong>\u00a0Os servi\u00e7os ser\u00e3o executados por meio de visitas t\u00e9cnicas peri\u00f3dicas \u00e0 sede da Prefeitura de Vila Flor\/RN, para an\u00e1lises documentais e reuni\u00f5es de alinhamento, complementadas por um suporte t\u00e9cnico remoto di\u00e1rio (via sistema, e-mail ou telefone) para resolu\u00e7\u00e3o de d\u00favidas urgentes no fluxo de pagamentos.<\/p>\n<p data-path-to-node=\"8,1,0\"><strong data-path-to-node=\"8,1,0\" data-index-in-node=\"0\">Cronograma de Trabalho:<\/strong><\/p>\n<ul>\n<li data-path-to-node=\"8,1,1,0,0\"><strong data-path-to-node=\"8,1,1,0,0\" data-index-in-node=\"0\">Fase de Diagn\u00f3stico (M\u00eas 1):<\/strong>\u00a0Levantamento da situa\u00e7\u00e3o financeira atual, an\u00e1lise das contas banc\u00e1rias e identifica\u00e7\u00e3o de passivos ou erros de classifica\u00e7\u00e3o.<\/li>\n<li data-path-to-node=\"8,1,1,1,0\"><strong data-path-to-node=\"8,1,1,1,0\" data-index-in-node=\"0\">Fase de Implementa\u00e7\u00e3o (Cont\u00ednua):<\/strong>\u00a0Reestrutura\u00e7\u00e3o dos fluxos de pagamento, acompanhamento di\u00e1rio das concilia\u00e7\u00f5es e valida\u00e7\u00e3o das fontes de recursos antes de cada ordem de pagamento.<\/li>\n<li data-path-to-node=\"8,1,1,2,0\"><strong data-path-to-node=\"8,1,1,2,0\" data-index-in-node=\"0\">Fase de Monitoramento e Relat\u00f3rios (Mensal):<\/strong>\u00a0Emiss\u00e3o de relat\u00f3rios t\u00e9cnicos mensais detalhando as atividades realizadas, as inconsist\u00eancias corrigidas e o status de cumprimento das metas fiscais.<\/li>\n<\/ul>\n<p data-path-to-node=\"8,2,0\"><strong data-path-to-node=\"8,2,0\" data-index-in-node=\"0\">Metodologia de Suporte:<\/strong>\u00a0A contratada dever\u00e1 disponibilizar uma equipe t\u00e9cnica multidisciplinar (contadores p\u00fablicos, especialistas em or\u00e7amento e gest\u00e3o de conv\u00eanios) para apoiar as decis\u00f5es da Secretaria de Finan\u00e7as, oferecendo pareceres t\u00e9cnicos sempre que houver d\u00favida sobre a legalidade ou a origem de recurso para determinada despesa.<\/p>\n<p data-path-to-node=\"8,3,0\"><strong data-path-to-node=\"8,3,0\" data-index-in-node=\"0\">Ferramentas e Entrega:<\/strong>\u00a0A execu\u00e7\u00e3o ser\u00e1 comprovada por meio de\u00a0<strong data-path-to-node=\"8,3,0\" data-index-in-node=\"62\">Relat\u00f3rios de Atividades Mensais (RAM)<\/strong>, que servir\u00e3o como subs\u00eddio para o atesto da nota fiscal. Nesses documentos, a consultoria dever\u00e1 detalhar os processos analisados, as recomenda\u00e7\u00f5es emitidas e os resultados alcan\u00e7ados na organiza\u00e7\u00e3o da Tesouraria.<\/p>\n<p>7.\u00a0\u00a0\u00a0\u00a0\u00a0 DO PRE\u00c7O:<\/p>\n<p><strong>\u00a0<\/strong><\/p>\n<ul>\n<li>A tabela a seguir engloba os valores das cota\u00e7\u00f5es, ofertados para a presente contrata\u00e7\u00e3o por meio de dispensa de licita\u00e7\u00e3o pelo valor, inclu\u00eddas todas as despesas necess\u00e1rias \u00e0 consecu\u00e7\u00e3o do objeto.<\/li>\n<\/ul>\n<p>&nbsp;<\/p>\n<table width=\"695\">\n<tbody>\n<tr>\n<td width=\"45\"><strong>Item<\/strong><\/td>\n<td width=\"272\"><strong>Nome<\/strong><\/td>\n<td width=\"90\"><strong>Quantidade<\/strong><\/td>\n<td width=\"80\"><strong>Unidade<\/strong><\/td>\n<td width=\"104\"><strong>V. Unit\u00e1rio<\/strong><\/td>\n<td width=\"104\"><strong>V. Total<\/strong><\/td>\n<\/tr>\n<tr>\n<td width=\"45\">1<\/td>\n<td width=\"272\">CONTRATA\u00c7\u00c3O DE PESSOA JUR\u00cdDICA PARA REALIZAR SERVI\u00c7OS DE ASSESSORIA E CONSULTORIA DA \u00c1REA FINANCEIRA E OR\u00c7AMENT\u00c1RIA, COMPREENDENDO ATIVIDADES DE CUNHO T\u00c9CNICO E DE APOIO AO SETOR DE TESOURARIA, COM AN\u00c1LISES DOS PROCESSOS E DE TODOS OS PROCEDIMENTOS DE ROTINA PARA PAGAMENTOS, VISANDO ATENDER AS NECESSIDADE DA PREFEITURA MUNICIPAL DE VILA FLOR\/RN<\/td>\n<td width=\"90\">12<\/td>\n<td width=\"80\">M\u00eas<\/td>\n<td width=\"104\">R$ 5.027,78<\/td>\n<td width=\"104\">R$ 60.333,32<\/td>\n<\/tr>\n<\/tbody>\n<\/table>\n<p>&nbsp;<\/p>\n<ul>\n<li>O pre\u00e7o GLOBAL m\u00e1ximo que a contratante se disp\u00f5es a pagar \u00e9\u00a0<strong>R$ 60.333,32 (Sessenta mil, trezentos e trinta e tr\u00eas reais e trinta e dois centavos)\u00a0<\/strong>obtido atrav\u00e9s da m\u00e9dia da pesquisa de mercado, resultante de cota\u00e7\u00e3o de pre\u00e7os com empresas do ramo pertinente e est\u00e1 compat\u00edvel com os valores praticados atualmente no<\/li>\n<\/ul>\n<p>&nbsp;<\/p>\n<ul>\n<li>Processo licitat\u00f3rio destinado, exclusivamente, \u00e0 participa\u00e7\u00e3o das microempresas e empresas de pequeno porte, conforme inciso I, Art. 48 da Lei Complementar 123\/2006 (contrata\u00e7\u00f5es cujo valor seja de at\u00e9 R$ 80.000,00 \u2013 oitenta mil reais) e Art. 4\u00ba da Lei 133\/2021.<\/li>\n<\/ul>\n<p>&nbsp;<\/p>\n<p>8.\u00a0\u00a0\u00a0\u00a0\u00a0 DOTA\u00c7\u00c3O OR\u00c7AMENT\u00c1RIA:<\/p>\n<p><strong>\u00a0<\/strong><\/p>\n<p>A despesa desta contra\u00e7\u00e3o correr\u00e1 pela dota\u00e7\u00e3o or\u00e7ament\u00e1ria vigente no exerc\u00edcio financeiro do ano de 2026.<\/p>\n<p><strong>Classifica\u00e7\u00e3o econ\u00f4mica: \u00a0\u00a0\u00a0 3.3.90.39.00 \u2013 Outros Servi\u00e7os de Terceiros \u2013 Pessoa Jur\u00eddica<\/strong><\/p>\n<p><strong>\u00a0\u00a0\u00a0\u00a0\u00a0\u00a0\u00a0\u00a0\u00a0\u00a0\u00a0<\/strong><\/p>\n<p><strong>\u00d3rg\u00e3o:<\/strong>\u00a0\u00a0\u00a0\u00a0\u00a0\u00a0\u00a0\u00a0\u00a0\u00a0\u00a0\u00a0\u00a0\u00a0\u00a0\u00a0\u00a0\u00a0\u00a0\u00a0\u00a0\u00a0\u00a0\u00a0\u00a0\u00a0\u00a0\u00a0\u00a0\u00a0\u00a0\u00a0\u00a0\u00a0 PREFEITURA MUNICIPAL DE VILA FLOR<\/p>\n<p><strong>Unidade Or\u00e7ament\u00e1ria: \u00a0\u00a0\u00a0\u00a0\u00a0<\/strong>03.001 \u2013 Secretaria Municipal de Administra\u00e7\u00e3o<\/p>\n<p>Projeto Atividade: \u00a0\u00a0\u00a0\u00a0\u00a0\u00a0\u00a0\u00a0\u00a0\u00a0\u00a0\u00a0\u00a0\u00a0\u00a0\u00a0 2.007 \u2013 MANUTEN\u00c7\u00c3O DAS A\u00c7\u00d5ES DA SECRETARIA MUNICIPAL DE ADMINISTRA\u00c7\u00c3O<\/p>\n<p>Fonte de Recurso: \u00a0\u00a0\u00a0\u00a0\u00a0\u00a0\u00a0\u00a0\u00a0\u00a0\u00a0\u00a0\u00a0\u00a0\u00a0\u00a0 15000000 \u2013 Recursos N\u00e3o Vinculados de Impostos<\/p>\n<p>&nbsp;<\/p>\n<p>9.\u00a0\u00a0\u00a0\u00a0\u00a0\u00a0\u00a0\u00a0\u00a0 DO CRIT\u00c9RIO DE ACEITA\u00c7\u00c3O DO OBJETO<\/p>\n<p><strong>\u00a0<\/strong><\/p>\n<p>Os objetos da contrata\u00e7\u00e3o ser\u00e3o aceitos pela administra\u00e7\u00e3o p\u00fablica t\u00e3o somente no caso de serem ofertados em estrita conformidade com as especifica\u00e7\u00f5es e exig\u00eancias constantes no presente Termo de Refer\u00eancia, livres de quaisquer \u00f4nus ou embara\u00e7os e entregues no local e dentro do prazo exigido;<\/p>\n<p>&nbsp;<\/p>\n<p>10.\u00a0\u00a0\u00a0\u00a0\u00a0 FORMA DE PAGAMENTO:<\/p>\n<ul>\n<li>No valor global deste j\u00e1 est\u00e3o inclusas todas as despesas com tributos, contribui\u00e7\u00f5es fiscais e parafiscais, emolumentos, frete, seguros e quaisquer outras que forem<\/li>\n<\/ul>\n<p>&nbsp;<\/p>\n<ul>\n<li>O pagamento ser\u00e1 realizado pela unidade compradora atrav\u00e9s de cr\u00e9dito em conta corrente indicada na declara\u00e7\u00e3o ou documento similar fornecido por estabelecimento banc\u00e1rio, no prazo de at\u00e9 15 (quinze) dias \u00fateis, contados da entrega da nota fiscal com planilha de composi\u00e7\u00e3o de custos e respectivos comprovantes e a aprova\u00e7\u00e3o das mesmas pela \u00e1rea t\u00e9cnica. A Nota Fiscal dever\u00e1 ser emitida por meio eletr\u00f4nico.<\/li>\n<\/ul>\n<p>&nbsp;<\/p>\n<ul>\n<li>Nenhum pagamento ser\u00e1 efetuado \u00e0 CONTRATADA enquanto pendente de liquida\u00e7\u00e3o qualquer obriga\u00e7\u00e3o financeira que lhe for imposta, em virtude de penalidade ou inadimpl\u00eancia, sem que isso gere direito a reajuste de pre\u00e7o.<\/li>\n<\/ul>\n<p>&nbsp;<\/p>\n<ul>\n<li>Havendo na Nota Fiscal ou descumprimento das condi\u00e7\u00f5es pactuadas, no todo ou em parte, a tramita\u00e7\u00e3o ser\u00e1 suspensa para que a CONTRATADA adote as provid\u00eancias necess\u00e1rias \u00e0 sua corre\u00e7\u00e3o. Passar\u00e1 a ser considerada, para efeito de pagamento, a data de reapresenta\u00e7\u00e3o da fatura, devidamente<\/li>\n<\/ul>\n<p>&nbsp;<\/p>\n<ul>\n<li>A Administra\u00e7\u00e3o poder\u00e1 sustar no todo ou em parte os pagamentos devidos, sempre que ocorrerem irregularidades na execu\u00e7\u00e3o do objeto do contrato ou no documento de cobran\u00e7a.<\/li>\n<\/ul>\n<p>&nbsp;<\/p>\n<ul>\n<li>A Nota Fiscal dever\u00e1 ser entregue na sede da C\u00e2mara Municipal, atrav\u00e9s do Setor de Protocolo, acompanhada dos seguintes<\/li>\n<\/ul>\n<p>&nbsp;<\/p>\n<p>10.6.1\u00a0\u00a0\u00a0\u00a0\u00a0\u00a0\u00a0\u00a0\u00a0\u00a0\u00a0\u00a0\u00a0\u00a0\u00a0\u00a0\u00a0\u00a0\u00a0\u00a0\u00a0 Nota Fiscal Eletr\u00f4nica de Servi\u00e7os, contendo o per\u00edodo do Servi\u00e7o e o n\u00famero do Contrato;<\/p>\n<p><strong>\u00a0<\/strong><\/p>\n<ul>\n<li><strong>Demonstrativo de faturamento demonstrando o quantitativo de servi\u00e7o realizado;<\/strong><\/li>\n<\/ul>\n<p><strong>\u00a0<\/strong><\/p>\n<p>10.6.3\u00a0\u00a0\u00a0\u00a0\u00a0\u00a0\u00a0\u00a0\u00a0\u00a0\u00a0\u00a0\u00a0\u00a0\u00a0\u00a0\u00a0\u00a0\u00a0\u00a0\u00a0 Certid\u00f5es negativas ou positivas com efeitos de negativa de regularidade fiscal federal, estadual, municipal e com a Justi\u00e7a do Trabalho (CNDT);<\/p>\n<p><strong>\u00a0<\/strong><\/p>\n<ul>\n<li><strong>Certificado de regularidade vigente com o FGTS;<\/strong><\/li>\n<\/ul>\n<p><strong>\u00a0<\/strong><\/p>\n<p>10.6.5\u00a0\u00a0\u00a0\u00a0\u00a0\u00a0\u00a0\u00a0\u00a0\u00a0\u00a0\u00a0\u00a0\u00a0\u00a0\u00a0\u00a0\u00a0\u00a0\u00a0\u00a0 C\u00f3pia do Instrumento Contratual com sua Publica\u00e7\u00e3o e aditamentos, se houver.<\/p>\n<p>&nbsp;<\/p>\n<ol start=\"11\">\n<li><strong>DOCUMENTOS DE QUALIFICA\u00c7\u00c3O T\u00c9CNICA E ECON\u00d4MICO-FINANCEIRA<\/strong><\/li>\n<\/ol>\n<p><strong>\u00a0<\/strong><\/p>\n<ul>\n<li><strong>Qualifica\u00e7\u00e3o T\u00e9cnica\u00a0<\/strong>ser\u00e1 comprovada mediante a apresenta\u00e7\u00e3o dos seguintes documentos:<\/li>\n<\/ul>\n<p>&nbsp;<\/p>\n<ul>\n<li>Apresenta\u00e7\u00e3o de Atestado de capacidade t\u00e9cnica, fornecidos por pessoa jur\u00eddica de direito p\u00fablico ou privado, pertinente e compat\u00edvel com o objeto da licita\u00e7\u00e3o. N\u00e3o ser\u00e3o aceitos atestados emitidos por empresas do mesmo grupo empresarial da Concorrente ou pela pr\u00f3pria Concorrente e\/ou emitidos porem presas, das quais participem s\u00f3cio sou diretores da<\/li>\n<\/ul>\n<p>12.\u00a0\u00a0\u00a0\u00a0\u00a0 OBRIGA\u00c7\u00d5ES<\/p>\n<p><strong>\u00a0<\/strong><\/p>\n<ul>\n<li><strong>DA CONTRATANTE\u00a0<\/strong>\u2013 A Contratante estar\u00e1 obrigado a:<\/li>\n<\/ul>\n<p>&nbsp;<\/p>\n<ul>\n<li>Efetuar o pagamento ajustado;<\/li>\n<li>Dar a CONTRATADA as condi\u00e7\u00f5es necess\u00e1rias para a regular execu\u00e7\u00e3o do contrato;<\/li>\n<li>Fiscalizar e acompanhar a execu\u00e7\u00e3o do contrato;<\/li>\n<li>receber ou n\u00e3o, os produtos fornecidos pela CONTRATADA;<\/li>\n<li>Efetuar o pagamento da Notas Fiscal emitida pela CONTRATADA, desde que devidamente atestada pelo fiscal do contrato, na forma da Cl\u00e1usula Terceira deste Contrato;<\/li>\n<li>Notificar a CONTRATADA, por escrito, de modifica\u00e7\u00f5es introduzidas nas especifica\u00e7\u00f5es dos produtos, sempre que houver necessidade de aprimoramento ou corre\u00e7\u00e3o de documentos;<\/li>\n<li>Notificar a CONTRATADA, por escrito, e com seu expresso ciente, fixando-lhe prazo para corrigir defeitos ou irregularidades verificadas na execu\u00e7\u00e3o do Contrato, bem como da eventual aplica\u00e7\u00e3o de multas previstas no<\/li>\n<\/ul>\n<p>&nbsp;<\/p>\n<ul>\n<li><strong>DA CONTRATADA\u00a0<\/strong>\u2013 A Contratada estar\u00e1 obrigado a:<\/li>\n<\/ul>\n<p>&nbsp;<\/p>\n<ul>\n<li>Realizar o fornecimento obedecendo todas as condi\u00e7\u00f5es ora estabelecidas, sem preju\u00edzo de outros encargos previstos em Lei e com observ\u00e2ncia das recomenda\u00e7\u00f5es ditadas pela fiscaliza\u00e7\u00e3o da CONTRATANTE, nas condi\u00e7\u00f5es indicadas na proposta apresentada.<\/li>\n<li>Todos os custos com m\u00e3o de obra, materiais e transporte, EPI\u2019s, impostos, taxas ser\u00e3o por conta da<\/li>\n<li>Manter, durante toda a execu\u00e7\u00e3o do Contrato, em compatibilidade com as obriga\u00e7\u00f5es assumidas, todas as condi\u00e7\u00f5es de habilita\u00e7\u00e3o;<\/li>\n<li>Efetuar o pagamento de todos os impostos, taxas e quaisquer outros encargos fiscais, de origem federal, estadual ou municipal, vigentes, bem como de quaisquer despesas judiciais ou extrajudiciais, que lhe venham a ser imputadas, inclusive em rela\u00e7\u00e3o a terceiros, decorrentes de a\u00e7\u00e3o ou omiss\u00e3o dolosa ou culposa de prepostos da CONTRATADA;<\/li>\n<li>Efetuar o pagamento dos sal\u00e1rios, encargos sociais, trabalhistas, previdenci\u00e1rios, adicionais, despesas de transporte, estada e\/ou di\u00e1rias, alimenta\u00e7\u00e3o, alojamento e quaisquer outras despesas com o seu pessoal encarregado dos servi\u00e7os objeto deste contrato, competindo-lhe, tamb\u00e9m, observar, rigorosamente, as disposi\u00e7\u00f5es da Consolida\u00e7\u00e3o das Leis do Trabalho e da legisla\u00e7\u00e3o correlata.<\/li>\n<\/ul>\n<p>&nbsp;<\/p>\n<p>13.\u00a0\u00a0\u00a0\u00a0\u00a0 DAS PENALIDADES E SAN\u00c7\u00d5ES<\/p>\n<p>&nbsp;<\/p>\n<ul>\n<li><strong>SAN\u00c7\u00d5ES\u00a0<\/strong>\u2013 Ao\u00a0<strong>LICITANTE\u00a0<\/strong>que incidir nas hip\u00f3teses abaixo relacionadas ser\u00e1 aplicada a seguinte san\u00e7\u00e3o, graduada conforme a gravidade da infra\u00e7\u00e3o, sem preju\u00edzo de san\u00e7\u00f5es civis e criminais, ap\u00f3s o pr\u00e9vio processo administrativo, garantida a ampla defesa e o contradit\u00f3rio:<\/li>\n<\/ul>\n<p>&nbsp;<\/p>\n<ul>\n<li><strong>Impedimento de licitar e contratar com a Administra\u00e7\u00e3o P\u00fablica\u00a0<\/strong>pelo prazo de at\u00e9 5 (cinco) anos, quando:<\/li>\n<\/ul>\n<p>&nbsp;<\/p>\n<ul>\n<li>N\u00e3o celebrar o contrato;<\/li>\n<li>n\u00e3o entregar a documenta\u00e7\u00e3o exigida no edital;<\/li>\n<li>Apresentar documenta\u00e7\u00e3o falsa;<\/li>\n<li>N\u00e3o mantiver a proposta;<\/li>\n<li>declarar informa\u00e7\u00f5es falsas; e\/ou<\/li>\n<li>Cometer fraude<\/li>\n<\/ul>\n<p>&nbsp;<\/p>\n<ul>\n<li><strong>PENALIDADES\u00a0<\/strong>\u2013 \u00c0 CONTRATADA que cometer infra\u00e7\u00f5es, descumprirem total ou parcialmente os contratos, ajustes ou acordos celebrados com a Administra\u00e7\u00e3o P\u00fablica Municipal, ser\u00e3o aplicadas as seguintes penalidades:<\/li>\n<\/ul>\n<p>&nbsp;<\/p>\n<ul>\n<li><strong>Advert\u00eancia\u00a0<\/strong>\u2013 comunica\u00e7\u00e3o formal ao fornecedor, sobre o descumprimento de contratos e outras obriga\u00e7\u00f5es assumidas, quando ocorrer atraso na presta\u00e7\u00e3o do servi\u00e7o, em at\u00e9 10 (dez) dias da data estipulada para tanto<\/li>\n<\/ul>\n<p>&nbsp;<\/p>\n<ul>\n<li><strong>Multa\u00a0<\/strong>\u2013 pena pecuni\u00e1ria em favor da Administra\u00e7\u00e3o Municipal pelos preju\u00edzos causados decorrentes do descumprimento de obriga\u00e7\u00f5es legais e<\/li>\n<\/ul>\n<p>&nbsp;<\/p>\n<ul>\n<li><strong>Suspens\u00e3o\u00a0<\/strong>\u2013 ato formal de impedimento tempor\u00e1rio para licitar, e contratar com a Administra\u00e7\u00e3o P\u00fablica Municipal.<\/li>\n<\/ul>\n<p>&nbsp;<\/p>\n<ul>\n<li><strong>Declara\u00e7\u00e3o de inidoneidade\u00a0<\/strong>\u2013 declara\u00e7\u00e3o da qualidade de impr\u00f3prio, de desqualificado, de inconveniente, de incapaz e A declara\u00e7\u00e3o de inidoneidade impede o fornecedor de licitar e contratar com a Administra\u00e7\u00e3o P\u00fablica.<\/li>\n<\/ul>\n<p>&nbsp;<\/p>\n<ul>\n<li>Ser\u00e3o aplicadas as seguintes penalidades, graduadas conforme a gravidade da infra\u00e7\u00e3o, sem preju\u00edzo de san\u00e7\u00f5es civis e criminais, ap\u00f3s o pr\u00e9vio processo administrativo conclusivo, garantido a ampla defesa e o contradit\u00f3rio;\n<ul>\n<li>n\u00e3o atender \u00e0s condi\u00e7\u00f5es da execu\u00e7\u00e3o do servi\u00e7o previstas no edital, termo de refer\u00eancia, contrato ou instrumento equivalente; multa de 10% (dez por cento) a 20% (vinte por cento), al\u00e9m de suspens\u00e3o tempor\u00e1ria de 12 (doze) meses, a depender do preju\u00edzo causado \u00e0 Administra\u00e7\u00e3o P\u00fablica Municipal;<\/li>\n<li>retardar imotivadamente execu\u00e7\u00e3o do servi\u00e7os, ou de suas parcelas quando houver reincid\u00eancia de atraso por mais de 15 (quinze) dias, no caso de fornecimento ou por mais de 30 (trinta) dias no caso de execu\u00e7\u00e3o de obras ou servi\u00e7os:<\/li>\n<\/ul>\n<\/li>\n<li>multa de 0,3% (tr\u00eas d\u00e9cimos por cento) ao dia, at\u00e9 o trig\u00e9simo dia de atraso, sobre o valor da fatura o servi\u00e7os n\u00e3o realizados, ou, ainda, sobre o valor da fatura correspondente \u00e0 etapa do cronograma f\u00edsico do servi\u00e7o n\u00e3o cumprido, al\u00e9m de suspens\u00e3o de 3 (tr\u00eas) meses;<\/li>\n<li>multa de 10% (dez por cento) a 15% (quinze por cento) sobre o valor da fatura da execu\u00e7\u00e3o do servi\u00e7os realizados com atrasos superiores a 30 (trinta) dias, em que n\u00e3o tenha havido o cancelamento da nota de empenho ou documento correspondente, e suspens\u00e3o de 3 (tr\u00eas) meses, a depender do preju\u00edzo causado \u00e0 Administra\u00e7\u00e3o P\u00fablica Municipal;<\/li>\n<\/ul>\n<p>&nbsp;<\/p>\n<ul>\n<li>multa de 20% (vinte por cento) sobre o valor da fatura da execu\u00e7\u00e3o do servi\u00e7os, realizados com atraso superiores a 30 (trinta) dias, em que haja o cancelamento da nota de empenho ou documento correspondente, e suspens\u00e3o de 6 (seis) meses;\n<ul>\n<li>paralisar servi\u00e7os, sem justa causa e pr\u00e9via comunica\u00e7\u00e3o \u00e0 Administra\u00e7\u00e3o: multa de 10% (dez por cento) a 20% (vinte por cento) sobre o valor do contrato ou empenho e suspens\u00e3o de 12 (doze) meses, a depender do preju\u00edzo causado \u00e0 Administra\u00e7\u00e3o P\u00fablica Municipal;<\/li>\n<li>prestar servi\u00e7o em desacordo com o termo de refer\u00eancia de refer\u00eancia, que apresente inseguran\u00e7a no desenvolvimento das atividades ou que comprometa a seguran\u00e7a de pessoas: multa de 10% (dez por cento) a 20% (vinte por cento) sobre o valor do contrato ou empenho e suspens\u00e3o de 12 (doze) meses, a depender do preju\u00edzo causado \u00e0 Administra\u00e7\u00e3o P\u00fablica Municipal;<\/li>\n<li>descumprir, no caso de pessoas jur\u00eddicas prestadoras de servi\u00e7os, obriga\u00e7\u00f5es relativas \u00e0 rela\u00e7\u00e3o de trabalho com seus empregados e prepostos, quanto a verbas previstas e or\u00e7adas nas planilhas que comp\u00f5em a proposta da contratada, especialmente o atraso de pagamento de sal\u00e1rio, 13\u00ba sal\u00e1rio, f\u00e9rias acrescidas de 1\/3, atraso ou n\u00e3o fornecimento de vale-transporte, vale-refei\u00e7\u00e3o ou aux\u00edlio alimenta\u00e7\u00e3o, constantes das respectivas planilhas de pre\u00e7os; multa de 1% (um por cento) sobre o valor mensal da fatura, por evento ocorrido, e suspens\u00e3o de 3 (tr\u00eas) meses;<\/li>\n<li>recusar-se a prestar a garantia contratual, a assinar o contrato ou a receber o empenho; multa de 15% (quinze por cento) sobre o valor do contrato ou empenho e suspens\u00e3o de 6 (seis) meses,<\/li>\n<li>quebrar sigilo, estabelecido em contrato, de informa\u00e7\u00f5es confidenciais sob quaisquer formas; multa de 20% (vinte por cento) sobre o valor do contrato e declara\u00e7\u00e3o de inidoneidade, por um prazo de 2 (dois) anos;<\/li>\n<\/ul>\n<\/li>\n<\/ul>\n<p>&nbsp;<\/p>\n<ul>\n<li>praticar ato il\u00edcito visando frustrar os objetivos da licita\u00e7\u00e3o ou do contrato, no \u00e2mbito da Administra\u00e7\u00e3o Municipal; declara\u00e7\u00e3o de inidoneidade, por um prazo de 2 (dois) anos;<\/li>\n<li>apresentar documentos falsificados, adulterados ou inver\u00eddicos para inscri\u00e7\u00e3o, renova\u00e7\u00e3o ou altera\u00e7\u00e3o no CADFOR ou nos processos licitat\u00f3rios, dispensas ou inexigibilidades de licita\u00e7\u00e3o; declara\u00e7\u00e3o de inidoneidade, por um prazo de 2 (dois) anos;<\/li>\n<\/ul>\n<p>&nbsp;<\/p>\n<ul>\n<li>sofrer condena\u00e7\u00e3o definitiva por praticar, por meio doloso, fraude fiscal no recolhimento de qualquer tributo; declara\u00e7\u00e3o de inidoneidade, por um prazo de 2 (dois)<\/li>\n<\/ul>\n<p>&nbsp;<\/p>\n<ul>\n<li>A suspens\u00e3o tempor\u00e1ria do fornecedor cujo contrato com a Administra\u00e7\u00e3o P\u00fablica Municipal esteja em vigor, impedir\u00e1 o mesmo de participar de outras licita\u00e7\u00f5es e contrata\u00e7\u00f5es no \u00e2mbito do Munic\u00edpio at\u00e9 o cumprimento da penalidade que lhe foi<\/li>\n<\/ul>\n<p>&nbsp;<\/p>\n<ul>\n<li>A declara\u00e7\u00e3o de inidoneidade para licitar ou contratar com a Administra\u00e7\u00e3o P\u00fablica, impedir\u00e1 a pessoa f\u00edsica ou jur\u00eddica de participar de outras licita\u00e7\u00f5es ou contrata\u00e7\u00f5es enquanto perdurarem os motivos determinantes da apena\u00e7\u00e3o ou at\u00e9 que seja promovida a reabilita\u00e7\u00e3o perante a pr\u00f3pria autoridade que aplicou a penalidade, que ser\u00e1 concedida sempre que o contratado ressarcir a Administra\u00e7\u00e3o pelos preju\u00edzos resultantes e ap\u00f3s decorrido o prazo da san\u00e7\u00e3o<\/li>\n<\/ul>\n<p>&nbsp;<\/p>\n<ul>\n<li>As multas aplicadas, nos termos das al\u00edneas do \u00a71\u00ba, dever\u00e3o ser pagas espontaneamente no prazo m\u00e1ximo de 5 (cinco) dias ou ser\u00e3o deduzidas do valor correspondente ao valor do servi\u00e7o, ap\u00f3s pr\u00e9vio processo administrativo, garantida a ampla defesa e o contradit\u00f3rio ou, ainda, cobradas judicialmente, a crit\u00e9rio da Secretaria Municipal de Gest\u00e3o de Vila Flor.<\/li>\n<\/ul>\n<p>&nbsp;<\/p>\n<ul>\n<li>As penalidades previstas neste artigo s\u00e3o de compet\u00eancia exclusiva do titular da Secretaria Municipal da Gest\u00e3o de Vila Flor, permitida a delega\u00e7\u00e3o para a san\u00e7\u00e3o prevista na al\u00ednea \u201ca\u201d do subitem 2 deste edital para a Contratante.<\/li>\n<\/ul>\n<p>&nbsp;<\/p>\n<ul>\n<li>Caso o valor da multa seja superior ao valor da garantia prestada, a CONTRATADA responder\u00e1 pela sua diferen\u00e7a, a qual ser\u00e1 descontada dos pagamentos eventualmente devidos pela Administra\u00e7\u00e3o, ou, ainda, cobrada<\/li>\n<\/ul>\n<p>&nbsp;<\/p>\n<ul>\n<li>A multa poder\u00e1 ser aplicada cumulativamente com as demais penalidades, a depender do grau da infra\u00e7\u00e3o cometida pelo contratado e dos preju\u00edzos causados \u00e0 Administra\u00e7\u00e3o P\u00fablica Municipal.<\/li>\n<\/ul>\n<p>14.\u00a0\u00a0\u00a0\u00a0\u00a0 DA FISCALIZA\u00c7\u00c3O<\/p>\n<p><strong>\u00a0<\/strong><\/p>\n<ul>\n<li>A fiscaliza\u00e7\u00e3o do contrato ser\u00e1 realizada por servidor formalmente designado para acompanhamento;<\/li>\n<\/ul>\n<p>&nbsp;<\/p>\n<ul>\n<li>Os objetos da presente contrata\u00e7\u00e3o ser\u00e3o devidamente fiscalizados, inicialmente a partir de minuciosa confer\u00eancia no momento da entrega\/recebimento;<\/li>\n<\/ul>\n<p>&nbsp;<\/p>\n<ul>\n<li>Ap\u00f3s o recebimento definitivo e aceite, os materiais permanecer\u00e3o em avalia\u00e7\u00e3o quanto \u00e0 sua durabilidade, validade e adequa\u00e7\u00e3o \u00e0s especifica\u00e7\u00f5es exigidas, sendo anotado em protocolo pr\u00f3prio todas as inconformidades para ado\u00e7\u00e3o dos procedimentos administrativos necess\u00e1rios para sanar aas incorre\u00e7\u00f5es<\/li>\n<\/ul>\n<p>15.\u00a0\u00a0\u00a0\u00a0\u00a0 DA DECALRA\u00c7\u00c3O DE INEXIST\u00caNCIA DE DETALHAMENTO EXCESSIVO<\/p>\n<p><strong>\u00a0<\/strong><\/p>\n<ul>\n<li>Declaro para os devidos fins, que na descri\u00e7\u00e3o do objeto n\u00e3o existem detalhes excessivos, irrelevantes ou desnecess\u00e1rios, capazes de conduzir \u00e0 limita\u00e7\u00e3o da competitividade do certame, sendo todos os itens de grande relev\u00e2ncia a devida utiliza\u00e7\u00e3o dos<\/li>\n<\/ul>\n<p>&nbsp;<\/p>\n<p>16.\u00a0\u00a0\u00a0\u00a0\u00a0 VEDA\u00c7\u00d5ES<\/p>\n<p><strong>\u00a0<\/strong><\/p>\n<p>Vedado qualquer execu\u00e7\u00e3o que modifique as condi\u00e7\u00f5es propostas pelo Termo de refer\u00eancia e descumpram o resultado final do objeto.<\/p>\n<p>&nbsp;<\/p>\n<p><strong>DISPENSA DE LICITA\u00c7\u00c3O N\u00b0 004\/2026 \u2013 SETOR DE LICITA\u00c7\u00c3O<\/strong><\/p>\n<p>ANEXO II \u2013 MODELO DE PROPOSTA DE PRE\u00c7OS<\/p>\n<table>\n<tbody>\n<tr>\n<td colspan=\"4\" width=\"680\"><strong>PREFEITURA MUNICIPAL DE VILA FLOR<\/strong>&nbsp;<\/p>\n<p><strong>COMISS\u00c3O SETORIAL DE LICITA\u00c7\u00c3O<\/strong><\/p>\n<p><strong>COMISS\u00c3O DE LICITA\u00c7\u00c3O<\/strong><\/p>\n<p><strong>DISPENSA DE LICITA\u00c7\u00c3O N\u00ba\u00a0<\/strong><strong>004\/2026<\/strong><\/td>\n<\/tr>\n<tr>\n<td colspan=\"4\" width=\"680\"><strong>DADOS DA EMPRESA<\/strong><\/td>\n<\/tr>\n<tr>\n<td width=\"123\"><strong>RAZ\u00c3O SOCIAL<\/strong><\/td>\n<td colspan=\"3\" width=\"558\"><\/td>\n<\/tr>\n<tr>\n<td width=\"123\"><strong>CNPJ<\/strong><\/td>\n<td width=\"130\"><\/td>\n<td width=\"115\"><strong>ENDERE\u00c7O<\/strong><\/td>\n<td width=\"312\"><\/td>\n<\/tr>\n<tr>\n<td width=\"123\"><strong>TELEFONE<\/strong><\/td>\n<td width=\"130\"><\/td>\n<td width=\"115\"><strong>E-MAIL<\/strong><\/td>\n<td width=\"312\"><\/td>\n<\/tr>\n<tr>\n<td colspan=\"4\" width=\"680\"><strong>DADOS DO REPRESENTANTE LEGAL<\/strong><\/td>\n<\/tr>\n<tr>\n<td width=\"123\"><strong>NOME DO REPRESENTANTE LEGAL<\/strong><\/td>\n<td width=\"130\"><\/td>\n<td width=\"115\"><strong>TELEFONE DO REPRESENTANTE LEGAL<\/strong><\/td>\n<td width=\"312\"><\/td>\n<\/tr>\n<\/tbody>\n<\/table>\n<p><strong>\u00a0<\/strong><\/p>\n<table>\n<tbody>\n<tr>\n<td width=\"66\"><strong>\u00a0<\/strong>&nbsp;<\/p>\n<p><strong>OBJETO<\/strong><\/td>\n<td colspan=\"9\" width=\"613\"><strong>CONTRATA\u00c7\u00c3O DE PESSOA JUR\u00cdDICA PARA REALIZAR SERVI\u00c7OS DE ASSESSORIA E CONSULTORIA DA \u00c1REA FINANCEIRA E OR\u00c7AMENT\u00c1RIA, COMPREENDENDO ATIVIDADES DE CUNHO T\u00c9CNICO E DE APOIO AO SETOR DE TESOURARIA, COM AN\u00c1LISES DOS PROCESSOS E DE TODOS OS PROCEDIMENTOS DE ROTINA PARA PAGAMENTOS, VISANDO ATENDER AS NECESSIDADE DA PREFEITURA MUNICIPAL DE VILA FLOR\/RN<\/strong><\/td>\n<\/tr>\n<tr>\n<td rowspan=\"2\" width=\"66\"><strong>ITEM<\/strong><\/td>\n<td colspan=\"5\" rowspan=\"2\" width=\"265\"><strong>DESCRI\u00c7\u00c3O<\/strong><\/td>\n<td rowspan=\"2\" width=\"76\"><strong>Unidade de Medida<\/strong><\/td>\n<td rowspan=\"2\" width=\"76\"><strong>Qnt.<\/strong><\/td>\n<td colspan=\"2\" width=\"197\"><strong>PRE\u00c7O (R$)<\/strong><\/td>\n<\/tr>\n<tr>\n<td width=\"95\"><strong>UNIT\u00c1RIO<\/strong><\/td>\n<td width=\"102\"><strong>GLOGAL<\/strong><\/td>\n<\/tr>\n<tr>\n<td width=\"66\">1<\/td>\n<td colspan=\"5\" width=\"265\">CONTRATA\u00c7\u00c3O DE PESSOA JUR\u00cdDICA PARA REALIZAR SERVI\u00c7OS DE ASSESSORIA E CONSULTORIA DA \u00c1REA FINANCEIRA E OR\u00c7AMENT\u00c1RIA, COMPREENDENDO ATIVIDADES DE CUNHO T\u00c9CNICO E DE APOIO AO SETOR DE TESOURARIA, COM AN\u00c1LISES DOS PROCESSOS E DE TODOS OS PROCEDIMENTOS DE ROTINA PARA PAGAMENTOS, VISANDO ATENDER AS NECESSIDADE DA PREFEITURA MUNICIPAL DE VILA FLOR\/RN<\/td>\n<td width=\"76\">M\u00eas<\/td>\n<td width=\"76\">12<\/td>\n<td width=\"95\"><\/td>\n<td width=\"102\"><\/td>\n<\/tr>\n<tr>\n<td colspan=\"3\" width=\"152\"><strong>VALOR GLOBAL POR EXTENSO<\/strong><\/td>\n<td width=\"86\"><\/td>\n<td colspan=\"6\" width=\"442\"><\/td>\n<\/tr>\n<tr>\n<td colspan=\"2\" width=\"90\"><\/td>\n<td colspan=\"8\" width=\"589\">Declaramos que concordamos e atenderemos todas as exig\u00eancias do Aviso e seus anexos.<\/td>\n<\/tr>\n<tr>\n<td colspan=\"3\" width=\"152\"><strong>VALIDADE DA PROPOSTA<\/strong><\/td>\n<td colspan=\"2\" width=\"118\"><strong>\u00a0<\/strong><\/td>\n<td colspan=\"5\" width=\"409\"><strong>ASSINATURA DO REPRESENTANTE LEGAL DA EMPRESA<\/strong><\/td>\n<\/tr>\n<tr>\n<td width=\"66\"><\/td>\n<td width=\"25\"><\/td>\n<td width=\"61\"><\/td>\n<td width=\"86\"><\/td>\n<td width=\"33\"><\/td>\n<td width=\"61\"><\/td>\n<td width=\"76\"><\/td>\n<td width=\"76\"><\/td>\n<td width=\"95\"><\/td>\n<td width=\"102\"><\/td>\n<\/tr>\n<\/tbody>\n<\/table>\n<p>&nbsp;<\/p>\n<p><strong>\u00a0<\/strong><\/p>\n<p>DISPENSA DE LICITA\u00c7\u00c3O N\u00b0 004\/2026<\/p>\n<p>SETOR DE LICITA\u00c7\u00c3O<\/p>\n<p><strong>\u00a0<\/strong><\/p>\n<p><strong>\u00a0<\/strong><\/p>\n<p><strong>ANEXO III \u2013 MODELO DE DECLARA\u00c7\u00c3O DE CUMPRIMENTO DO DISPOSTO NO INC. XXXIII DO ART. 7\u00ba DA CONSTITUI\u00c7\u00c3O FEDERAL<\/strong><\/p>\n<p><strong>\u00a0<\/strong><\/p>\n<p><strong>\u00a0<\/strong><\/p>\n<p>REFERENTE: DISPENSA DE LICITA\u00c7\u00c3O N\u00b0 004\/2026 \u2013 SETOR DE LICITA\u00c7\u00c3O<\/p>\n<p><strong>\u00a0<\/strong><\/p>\n<p><strong>\u00a0<\/strong><\/p>\n<p>Declaramos, para os fins do disposto no inciso VI do art. 68 da Lei 14.133\/2021, que n\u00e3o empregamos menor de 18 (dezoito) anos em trabalho noturno, perigoso ou insalubre e n\u00e3o empregarmos menor de 16 (dezesseis) anos.<\/p>\n<p>&nbsp;<\/p>\n<p>Ressalva: emprega menor, a partir de 14 (quatorze) anos, na condi\u00e7\u00e3o de aprendiz ( ). Observa\u00e7\u00e3o: em caso afirmativo, assinalar a ressalva acima.<\/p>\n<p>&nbsp;<\/p>\n<p>&nbsp;<\/p>\n<p>Vila Flor,<u>\u00a0\u00a0\u00a0\u00a0\u00a0\u00a0\u00a0\u00a0\u00a0\u00a0<\/u>de\u00a0\u00a0\u00a0\u00a0\u00a0\u00a0\u00a0\u00a0\u00a0\u00a0\u00a0\u00a0\u00a0\u00a0\u00a0\u00a0\u00a0\u00a0\u00a0 de\u00a0<u>\u00a0\u00a0\u00a0\u00a0\u00a0\u00a0\u00a0\u00a0\u00a0\u00a0\u00a0\u00a0\u00a0\u00a0\u00a0\u00a0\u00a0\u00a0\u00a0\u00a0\u00a0\u00a0\u00a0\u00a0<\/u><\/p>\n<p>&nbsp;<\/p>\n<p>&nbsp;<\/p>\n<p>&nbsp;<\/p>\n<p>ASSINATURA DO REPRESENTANTE LEGAL DA EMPRESA<\/p>\n<p>&nbsp;<\/p>\n<p>&nbsp;<\/p>\n<p>DISPENSA DE LICITA\u00c7\u00c3O N\u00b0 004\/2026<\/p>\n<p>SETOR DE LICITA\u00c7\u00c3O<\/p>\n<p>&nbsp;<\/p>\n<p><strong>ANEXO IV \u2013 DECLARA\u00c7\u00c3O DE RESERVA DE CARGOS PCD, CONSOANTE ART. 92, DA LEI FEDERAL N\u201d 14.133\/2021<\/strong><\/p>\n<p><strong>\u00a0<\/strong><\/p>\n<p><strong>\u00a0<\/strong><\/p>\n<p><strong>\u00a0<\/strong><\/p>\n<p><strong>\u00a0<\/strong><\/p>\n<p>REFERENTE: DISPENSA DE LICITA\u00c7\u00c3O N\u00b0 004\/2026 \u2013 COMISS\u00c3O DE LICITA\u00c7\u00c3O<\/p>\n<p><strong>\u00a0<\/strong><\/p>\n<p><strong>\u00a0<\/strong><\/p>\n<p>A empresa<u>\u00a0\u00a0\u00a0\u00a0\u00a0\u00a0\u00a0\u00a0\u00a0\u00a0\u00a0\u00a0\u00a0\u00a0\u00a0\u00a0\u00a0\u00a0\u00a0\u00a0\u00a0\u00a0\u00a0<\/u>_<u>\u00a0\u00a0\u00a0\u00a0\u00a0\u00a0\u00a0\u00a0\u00a0\u00a0\u00a0\u00a0\u00a0\u00a0\u00a0\u00a0\u00a0\u00a0\u00a0\u00a0\u00a0\u00a0\u00a0\u00a0\u00a0\u00a0\u00a0\u00a0\u00a0\u00a0\u00a0\u00a0\u00a0\u00a0\u00a0\u00a0\u00a0\u00a0\u00a0<\/u>, declara para os devidos fins licitat\u00f3rios que cumpre as exig\u00eancias de reserva de cargos para Pessoa com Defici\u00eancia \u2014 PcD, para Reabilitado da Previd\u00eancia Social e para aprendiz, em aten\u00e7\u00e3o ao art. 92, inciso XVII da Lei n\u00b0 14.133\/2021.<\/p>\n<p>&nbsp;<\/p>\n<p>&nbsp;<\/p>\n<p>&nbsp;<\/p>\n<p>&nbsp;<\/p>\n<p>Vila Flor,<u>\u00a0\u00a0\u00a0\u00a0\u00a0\u00a0\u00a0\u00a0\u00a0\u00a0\u00a0\u00a0\u00a0\u00a0\u00a0\u00a0\u00a0\u00a0\u00a0\u00a0\u00a0\u00a0\u00a0\u00a0\u00a0\u00a0\u00a0\u00a0\u00a0\u00a0\u00a0\u00a0\u00a0\u00a0\u00a0\u00a0\u00a0\u00a0\u00a0\u00a0\u00a0\u00a0\u00a0\u00a0\u00a0\u00a0\u00a0\u00a0\u00a0\u00a0\u00a0\u00a0\u00a0\u00a0<\/u>de__________ de\u00a0<u>\u00a0\u00a0\u00a0\u00a0\u00a0\u00a0\u00a0\u00a0\u00a0\u00a0\u00a0\u00a0\u00a0\u00a0\u00a0\u00a0\u00a0\u00a0\u00a0\u00a0\u00a0\u00a0\u00a0\u00a0<\/u><\/p>\n<p>&nbsp;<\/p>\n<p>&nbsp;<\/p>\n<p>&nbsp;<\/p>\n<p>ASSINATURA DO REPRESENTANTE LEGAL DA EMPRESA<\/p>\n<p>&nbsp;<\/p>\n<p>&nbsp;<\/p>\n<p>DISPENSA DE LICITA\u00c7\u00c3O N\u00b0 004\/2026 \u2013 SETOR DE LICITA\u00c7\u00c3O<\/p>\n<p><strong>ANEXO V \u2013 DECLARA\u00c7\u00c3O IMPEDIMENTOS DO ART. 14 DA LEI FEDERAL N\u201d 14.133\/2021<\/strong><\/p>\n<p><strong>\u00a0<\/strong><\/p>\n<p><strong>\u00a0<\/strong><\/p>\n<p><strong>\u00a0<\/strong><\/p>\n<p>REFERENTE: DISPENSA DE LICITA\u00c7\u00c3O N\u00b0 004\/2026 \u2013 SETOR DE LICITA\u00c7\u00c3O<\/p>\n<p><strong>\u00a0<\/strong><\/p>\n<p><strong>\u00a0<\/strong><\/p>\n<p><strong>\u00a0<\/strong><\/p>\n<p><strong>\u00a0<\/strong><\/p>\n<p>A empresa<u>\u00a0\u00a0\u00a0\u00a0\u00a0\u00a0\u00a0\u00a0\u00a0\u00a0\u00a0\u00a0\u00a0\u00a0\u00a0\u00a0\u00a0\u00a0\u00a0\u00a0\u00a0\u00a0\u00a0\u00a0\u00a0\u00a0\u00a0\u00a0\u00a0\u00a0\u00a0\u00a0\u00a0\u00a0\u00a0\u00a0\u00a0\u00a0\u00a0\u00a0\u00a0\u00a0\u00a0\u00a0\u00a0\u00a0\u00a0\u00a0\u00a0\u00a0\u00a0\u00a0\u00a0\u00a0\u00a0\u00a0\u00a0\u00a0\u00a0\u00a0\u00a0\u00a0\u00a0\u00a0<\/u>_ , declara para os devidos fins licitat\u00f3rios que n\u00e3o incursa nos impedimentos para disputa de licita\u00e7\u00e3o ou execu\u00e7\u00e3o do contrato de que trata o art. 14 da Lei Federal n\u00b0 14.133\/2021.<\/p>\n<p>&nbsp;<\/p>\n<p>&nbsp;<\/p>\n<p>&nbsp;<\/p>\n<p>Vila Flor,<u>\u00a0\u00a0\u00a0\u00a0\u00a0\u00a0\u00a0\u00a0\u00a0\u00a0\u00a0\u00a0\u00a0\u00a0\u00a0\u00a0\u00a0\u00a0\u00a0\u00a0\u00a0\u00a0\u00a0\u00a0\u00a0\u00a0\u00a0\u00a0\u00a0\u00a0\u00a0\u00a0\u00a0\u00a0\u00a0\u00a0\u00a0\u00a0\u00a0\u00a0\u00a0\u00a0\u00a0\u00a0\u00a0\u00a0\u00a0\u00a0\u00a0\u00a0\u00a0\u00a0\u00a0\u00a0<\/u>de__________ de\u00a0<u>\u00a0\u00a0\u00a0\u00a0\u00a0\u00a0\u00a0\u00a0\u00a0\u00a0\u00a0\u00a0\u00a0\u00a0\u00a0\u00a0\u00a0\u00a0\u00a0\u00a0\u00a0\u00a0\u00a0\u00a0<\/u><\/p>\n<p>&nbsp;<\/p>\n<p>&nbsp;<\/p>\n<p>&nbsp;<\/p>\n<p>ASSINATURA DO REPRESENTANTE LEGAL DA EMPRESA<\/p>\n<p>&nbsp;<\/p>\n<p>&nbsp;<\/p>\n<p><strong>\u00a0<\/strong><\/p>\n<p><strong>DISPENSA DE LICITA\u00c7\u00c3O N\u00b0 004\/2026<\/strong><\/p>\n<p><strong>SETOR DE LICITA\u00c7\u00c3O<\/strong><\/p>\n<p><strong>ANEXO VI \u2013 MODELO DE CARTA CONTRATO<\/strong><\/p>\n<p>&nbsp;<\/p>\n<p>Contrato de presta\u00e7\u00e3o de servi\u00e7os que entre si celebram o\u00a0<strong>PREFEITURA MUNICIPAL DE VILA FLOR\u00a0<\/strong>e a empresa\u00a0<strong>\u2026\u2026\u2026\u2026\u2026\u2026\u2026\u2026\u2026..<\/strong><\/p>\n<p><strong>\u00a0<\/strong><\/p>\n<p>A\u00a0<strong>PREFEITURA MUNICIPAL DE VILA FLOR,\u00a0<\/strong>pessoa jur\u00eddica de direito p\u00fablico interno, \u00f3rg\u00e3o p\u00fablico, com sede nesta Cidade, na Rua Jos\u00e9 Calazans, 169, Centro, Vila Flor\/RN, inscrita no CNPJ sob o n\u00ba 08.169.278\/0001-07, neste ato representado pel Sra. Prefeita Municipal THUANNE KARLA CARVALHO DE SOUZA, doravante denominado\u00a0<strong>CONTRATANTE,\u00a0<\/strong>e a\u00a0<strong>Empresa \u2026\u2026\u2026\u2026\u2026\u2026\u2026\u2026\u2026\u2026.,\u00a0<\/strong>CNPJ n\u00ba\u2026\u2026\u2026\u2026\u2026\u2026\u2026., situado \u00e0 \u2026\u2026\u2026\u2026\u2026\u2026\u2026\u2026.., Cidade-Estado, telefone \u2026\u2026\u2026\u2026\u2026.., e-mail\u00a0\u00a0 , neste ato representada pelo Sr\u00a0\u00a0 , brasileiro, casado, profiss\u00e3o, portador da C\u00e9dula de Identidade n\u00ba \u2026\u2026\u2026\u2026\u2026 \u2013 SSP-\u2026., CPF n\u00ba \u2026\u2026\u2026\u2026.. , residente na Rua \u2026\u2026\u2026\u2026\u2026\u2026., telefone \u2026\u2026\u2026\u2026\u2026, e-mail: \u2026\u2026\u2026\u2026\u2026\u2026\u2026.., doravante denominada\u00a0<strong>CONTRATADA<\/strong>, resolvem celebrar o presente Contrato, autorizado pelo despacho constante no Processo Administrativo n\u00b0\u00a0<strong>XXXXXXXXX\/20XX<\/strong>, mediante parecer jur\u00eddico, que se reger\u00e1 pela Lei Federal n.\u00ba 14.133\/2021 e altera\u00e7\u00f5es posteriores, mediante as cl\u00e1usulas e condi\u00e7\u00f5es a seguir e do qual ficam fazendo parte integrante independentemente de transcri\u00e7\u00e3o, os documentos:<\/p>\n<p>&nbsp;<\/p>\n<ol>\n<li>Aviso de DISPENSA DE LICITA\u00c7\u00c3O N\u00ba 004\/2026 \u2013 COMISS\u00c3O DE LICITA\u00c7\u00c3O e seus<\/li>\n<\/ol>\n<p>&nbsp;<\/p>\n<ol>\n<li>Propostas de pre\u00e7o apresentada pela\u00a0<strong>CONTRATADA\u00a0<\/strong>em 00\/00\/0000.<\/li>\n<\/ol>\n<p>&nbsp;<\/p>\n<p>CL\u00c1USULA PRIMEIRA \u2013 OBJETO<\/p>\n<p><strong>\u00a0<\/strong><\/p>\n<p><strong>CONTRATA\u00c7\u00c3O DE PESSOA JUR\u00cdDICA PARA REALIZAR SERVI\u00c7OS DE ASSESSORIA E CONSULTORIA DA \u00c1REA FINANCEIRA E OR\u00c7AMENT\u00c1RIA, COMPREENDENDO ATIVIDADES DE CUNHO T\u00c9CNICO E DE APOIO AO SETOR DE TESOURARIA, COM AN\u00c1LISES DOS PROCESSOS E DE TODOS OS PROCEDIMENTOS DE ROTINA PARA PAGAMENTOS, VISANDO ATENDER AS NECESSIDADE DA PREFEITURA MUNICIPAL DE VILA FLOR\/RN<\/strong><strong>\u00a0do Aviso de DISPENSA DE LICITA\u00c7\u00c3O N\u00ba\u00a0<\/strong><strong>004\/2026<\/strong><strong>\u00a0\u2013 COMISS\u00c3O DE LICITA\u00c7\u00c3O e proposta da CONTRATADA que s\u00e3o parte integrante deste instrumento independente de transcri\u00e7\u00e3o<\/strong>.<\/p>\n<p>&nbsp;<\/p>\n<p><strong>Par\u00e1grafo \u00fanico.\u00a0<\/strong>A licitante obriga-se a aceitar, quando solicitado pela Administra\u00e7\u00e3o, nas mesmas condi\u00e7\u00f5es e dentro do prazo contratual estabelecido, os acr\u00e9scimos ou supress\u00f5es\u00a0\u00a0 que se fizer nas compras de at\u00e9 25% (vinte e cinco por cento) do valor inicial atualizado do contrato, e as supress\u00f5es resultantes de acordo celebrado entre as partes, na forma do art. 125 da Lei Federal n\u00ba 14.133\/2021.<\/p>\n<p>&nbsp;<\/p>\n<p>CL\u00c1USULA SEGUNDA \u2013 DOS PRAZOS<\/p>\n<p><strong>\u00a0<\/strong><\/p>\n<ul>\n<li>1\u00ba VIG\u00caNCIA: A vig\u00eancia do contrato ser\u00e1 de 12 (doze) meses, contados a partir da data da assinatura.<\/li>\n<\/ul>\n<p>&nbsp;<\/p>\n<ul>\n<li>2\u00b0 O prazo de presta\u00e7\u00e3o dos servi\u00e7os s\u00e3o de 02 (dois) dias a partir da data da emiss\u00e3o da ordem de servi\u00e7o.<\/li>\n<\/ul>\n<p>&nbsp;<\/p>\n<ul>\n<li>3\u00ba Os prazos poder\u00e3o ser alterados nos termos da Lei Federal n\u00ba 14.133\/2021.<\/li>\n<\/ul>\n<p>&nbsp;<\/p>\n<p>CL\u00c1USULA TERCEIRA \u2013 PRE\u00c7O<\/p>\n<p><strong>\u00a0<\/strong><\/p>\n<table>\n<tbody>\n<tr>\n<td rowspan=\"2\" width=\"66\"><strong>ITEM<\/strong><\/td>\n<td rowspan=\"2\" width=\"265\"><strong>DESCRI\u00c7\u00c3O<\/strong><\/td>\n<td rowspan=\"2\" width=\"76\"><strong>Unidade de Medida<\/strong><\/td>\n<td rowspan=\"2\" width=\"76\"><strong>Qnt.<\/strong><\/td>\n<td colspan=\"2\" width=\"197\"><strong>PRE\u00c7O (R$)<\/strong><\/td>\n<\/tr>\n<tr>\n<td width=\"95\"><strong>UNIT\u00c1RIO<\/strong><\/td>\n<td width=\"102\"><strong>GLOGAL<\/strong><\/td>\n<\/tr>\n<tr>\n<td width=\"66\">1<\/td>\n<td width=\"265\">CONTRATA\u00c7\u00c3O DE PESSOA JUR\u00cdDICA PARA REALIZAR SERVI\u00c7OS DE ASSESSORIA E CONSULTORIA DA \u00c1REA FINANCEIRA E OR\u00c7AMENT\u00c1RIA, COMPREENDENDO ATIVIDADES DE CUNHO T\u00c9CNICO E DE APOIO AO SETOR DE TESOURARIA, COM AN\u00c1LISES DOS PROCESSOS E DE TODOS OS PROCEDIMENTOS DE ROTINA PARA PAGAMENTOS, VISANDO ATENDER AS NECESSIDADE DA PREFEITURA MUNICIPAL DE VILA FLOR\/RN<\/td>\n<td width=\"76\">M\u00eas<\/td>\n<td width=\"76\">12<\/td>\n<td width=\"95\"><\/td>\n<td width=\"102\"><\/td>\n<\/tr>\n<\/tbody>\n<\/table>\n<p><strong>\u00a0<\/strong><\/p>\n<p>O valor global deste contrato \u00e9 de\u00a0<strong>R$ \u2026\u2026\u2026\u2026\u2026\u2026 (\u2026\u2026\u2026\u2026\u2026\u2026\u2026\u2026\u2026\u2026\u2026\u2026 )\u00a0<\/strong>sendo fixo e irreajust\u00e1vel pelo per\u00edodo de 12 (doze) meses, transcrito da proposta de pre\u00e7o apresentada pela\u00a0<strong>CONTRATADA<\/strong>, entendido este como pre\u00e7o justo e suficiente para a total execu\u00e7\u00e3o do objeto deste Contrato.<\/p>\n<p>&nbsp;<\/p>\n<p>CL\u00c1USULA QUARTA \u2013 RECURSO FINANCEIRO<\/p>\n<p>Asdespesasparapagamentodestecontratocorrer\u00e3o\u00e0contadorecursodaDota\u00e7\u00e3oOr\u00e7ament\u00e1ria:<\/p>\n<p>Unidade Gestora:<\/p>\n<p>Gest\u00e3o<\/p>\n<p>Unidade Or\u00e7ament\u00e1ria<\/p>\n<p>Suba\u00e7\u00e3o<\/p>\n<p>Fonte Recurso:<\/p>\n<p>Elemento de despesa:<\/p>\n<p>&nbsp;<\/p>\n<p>CL\u00c1USULA QUINTA \u2013 ALTERA\u00c7\u00c3O<\/p>\n<p><strong>\u00a0<\/strong><\/p>\n<p>A altera\u00e7\u00e3o de quaisquer das cl\u00e1usulas ou condi\u00e7\u00f5es contidas neste contrato dever\u00e1 ser realizada mediante celebra\u00e7\u00e3o de Termo Aditivo, ressalvadas as hip\u00f3teses previstas em Lei.<\/p>\n<p>&nbsp;<\/p>\n<p>CL\u00c1USULA SEXTA \u2013 RESCIS\u00c3O<\/p>\n<p><strong>\u00a0<\/strong><\/p>\n<p>Este contrato poder\u00e1 ser extinto na forma dos Artigos 137, 138 e 139 da Lei Federal n\u00ba 14.133\/2021.<\/p>\n<p>&nbsp;<\/p>\n<p>CL\u00c1USULA S\u00c9TIMA \u2013 FORO<\/p>\n<p><strong>\u00a0<\/strong><\/p>\n<p>Fica eleito o Foro da Cidade de Vila Flor, Estado da Rio Grande do Norte, como o competente para dirimir quest\u00f5es decorrentes do cumprimento deste contrato, renunciando as partes a qualquer outro por mais privilegiado que seja.<\/p>\n<p>&nbsp;<\/p>\n<p>E, por estarem assim justas e acordadas, firmam as partes o presente instrumento em 03 (tr\u00eas) vias de igual teor e forma, para que produza os efeitos jur\u00eddicos.<\/p>\n<p>&nbsp;<\/p>\n<p>&nbsp;<\/p>\n<p>Vila Flor-Rio Grande do Norte, \u2026\u2026.. de \u2026\u2026\u2026\u2026\u2026\u2026. de \u2026\u2026\u2026\u2026\u2026\u2026..<\/p>\n<p>&nbsp;<\/p>\n<p>&nbsp;<\/p>\n<p><u>\u00a0\u00a0\u00a0\u00a0\u00a0\u00a0\u00a0\u00a0\u00a0\u00a0\u00a0\u00a0\u00a0\u00a0\u00a0\u00a0\u00a0\u00a0\u00a0\u00a0\u00a0\u00a0\u00a0\u00a0\u00a0\u00a0\u00a0\u00a0\u00a0\u00a0\u00a0\u00a0\u00a0\u00a0\u00a0\u00a0\u00a0\u00a0\u00a0<\/u>_<u>\u00a0\u00a0\u00a0\u00a0\u00a0\u00a0\u00a0\u00a0\u00a0\u00a0\u00a0\u00a0\u00a0\u00a0\u00a0\u00a0\u00a0\u00a0\u00a0\u00a0\u00a0\u00a0\u00a0\u00a0\u00a0\u00a0\u00a0\u00a0\u00a0\u00a0\u00a0\u00a0\u00a0\u00a0\u00a0\u00a0\u00a0\u00a0\u00a0<\/u>_<u>\u00a0\u00a0\u00a0\u00a0\u00a0\u00a0\u00a0<\/u><\/p>\n<p>CONTRATANTE<\/p>\n<p><strong>\u00a0<\/strong><\/p>\n<p><strong>\u00a0<\/strong><\/p>\n<p><u>\u00a0\u00a0\u00a0\u00a0\u00a0\u00a0\u00a0\u00a0\u00a0\u00a0\u00a0\u00a0\u00a0\u00a0\u00a0\u00a0\u00a0\u00a0\u00a0\u00a0\u00a0\u00a0\u00a0\u00a0\u00a0\u00a0\u00a0\u00a0\u00a0\u00a0\u00a0\u00a0\u00a0\u00a0\u00a0\u00a0\u00a0\u00a0\u00a0<\/u>_<u>\u00a0\u00a0\u00a0\u00a0\u00a0\u00a0\u00a0\u00a0\u00a0\u00a0\u00a0\u00a0\u00a0\u00a0\u00a0\u00a0\u00a0\u00a0\u00a0\u00a0\u00a0\u00a0\u00a0\u00a0\u00a0\u00a0\u00a0\u00a0\u00a0\u00a0\u00a0\u00a0\u00a0\u00a0\u00a0\u00a0\u00a0\u00a0\u00a0<\/u>_<u>\u00a0\u00a0\u00a0\u00a0\u00a0\u00a0\u00a0<\/u><\/p>\n<p>CONTRATADA<\/p>\n<p style=\"text-align: right;\"><strong>Publicado por:<\/strong><br \/>\nGRINALDO JOAQUIM DE SOUZA<br \/>\nSecret\u00e1rio Municipal de Administra\u00e7\u00e3o<br \/>\n<strong>C\u00f3digo Identificador:<\/strong>\u00a0F2EURR0KE1<\/p>\n<div class=\"pdfprnt-buttons pdfprnt-buttons-post pdfprnt-bottom-right\"><a href=\"https:\/\/vilaflor.rn.gov.br\/transparencia\/wp-json\/wp\/v2\/posts?page=9&print=pdf#038;print=pdf\" class=\"pdfprnt-button pdfprnt-button-pdf\" target=\"_blank\"><img decoding=\"async\" src=\"https:\/\/vilaflor.rn.gov.br\/transparencia\/wp-content\/plugins\/pdf-print\/images\/pdf.png\" alt=\"image_pdf\" title=\"Baixar PDF\" \/><\/a><a href=\"https:\/\/vilaflor.rn.gov.br\/transparencia\/wp-json\/wp\/v2\/posts?page=9&print=print#038;print=pdf\" class=\"pdfprnt-button pdfprnt-button-print\" target=\"_blank\"><img decoding=\"async\" src=\"https:\/\/vilaflor.rn.gov.br\/transparencia\/wp-content\/plugins\/pdf-print\/images\/print.png\" alt=\"image_print\" title=\"Conte\u00fado de impress\u00e3o\" \/><\/a><\/div>","protected":false},"excerpt":{"rendered":"<p>ESTADO DO RIO GRANDE DO NORTE PREFEITURA MUNICIPAL DE VILA FLOR DADOS DO AVISO Vila Flor\/RN, em 05 de janeiro de 2026. &nbsp; PROCESSO ADMINISTRATIVO:\u00a030120002\/2025 &nbsp; DATA E HORA LIMITE PARA ENTREGA DA PROPOSTA DE PRE\u00c7O E DOCUMENTOS DE HABILITA\u00c7\u00c3O &nbsp; At\u00e9 dia 09\/01\/2026, \u00e0s 09:00h &nbsp; REFER\u00caNCIA DE HOR\u00c1RIO \u00a0 Hor\u00e1rio de Brasilia \u2013 [&hellip;]<\/p>\n","protected":false},"author":1,"featured_media":0,"comment_status":"open","ping_status":"open","sticky":false,"template":"","format":"standard","meta":{"ocean_post_layout":"","ocean_both_sidebars_style":"","ocean_both_sidebars_content_width":0,"ocean_both_sidebars_sidebars_width":0,"ocean_sidebar":"0","ocean_second_sidebar":"0","ocean_disable_margins":"enable","ocean_add_body_class":"","ocean_shortcode_before_top_bar":"","ocean_shortcode_after_top_bar":"","ocean_shortcode_before_header":"","ocean_shortcode_after_header":"","ocean_has_shortcode":"","ocean_shortcode_after_title":"","ocean_shortcode_before_footer_widgets":"","ocean_shortcode_after_footer_widgets":"","ocean_shortcode_before_footer_bottom":"","ocean_shortcode_after_footer_bottom":"","ocean_display_top_bar":"default","ocean_display_header":"default","ocean_header_style":"","ocean_center_header_left_menu":"0","ocean_custom_header_template":"0","ocean_custom_logo":0,"ocean_custom_retina_logo":0,"ocean_custom_logo_max_width":0,"ocean_custom_logo_tablet_max_width":0,"ocean_custom_logo_mobile_max_width":0,"ocean_custom_logo_max_height":0,"ocean_custom_logo_tablet_max_height":0,"ocean_custom_logo_mobile_max_height":0,"ocean_header_custom_menu":"0","ocean_menu_typo_font_family":"0","ocean_menu_typo_font_subset":"","ocean_menu_typo_font_size":0,"ocean_menu_typo_font_size_tablet":0,"ocean_menu_typo_font_size_mobile":0,"ocean_menu_typo_font_size_unit":"px","ocean_menu_typo_font_weight":"","ocean_menu_typo_font_weight_tablet":"","ocean_menu_typo_font_weight_mobile":"","ocean_menu_typo_transform":"","ocean_menu_typo_transform_tablet":"","ocean_menu_typo_transform_mobile":"","ocean_menu_typo_line_height":0,"ocean_menu_typo_line_height_tablet":0,"ocean_menu_typo_line_height_mobile":0,"ocean_menu_typo_line_height_unit":"","ocean_menu_typo_spacing":0,"ocean_menu_typo_spacing_tablet":0,"ocean_menu_typo_spacing_mobile":0,"ocean_menu_typo_spacing_unit":"","ocean_menu_link_color":"","ocean_menu_link_color_hover":"","ocean_menu_link_color_active":"","ocean_menu_link_background":"","ocean_menu_link_hover_background":"","ocean_menu_link_active_background":"","ocean_menu_social_links_bg":"","ocean_menu_social_hover_links_bg":"","ocean_menu_social_links_color":"","ocean_menu_social_hover_links_color":"","ocean_disable_title":"default","ocean_disable_heading":"default","ocean_post_title":"","ocean_post_subheading":"","ocean_post_title_style":"","ocean_post_title_background_color":"","ocean_post_title_background":0,"ocean_post_title_bg_image_position":"","ocean_post_title_bg_image_attachment":"","ocean_post_title_bg_image_repeat":"","ocean_post_title_bg_image_size":"","ocean_post_title_height":0,"ocean_post_title_bg_overlay":0.5,"ocean_post_title_bg_overlay_color":"","ocean_disable_breadcrumbs":"default","ocean_breadcrumbs_color":"","ocean_breadcrumbs_separator_color":"","ocean_breadcrumbs_links_color":"","ocean_breadcrumbs_links_hover_color":"","ocean_display_footer_widgets":"default","ocean_display_footer_bottom":"default","ocean_custom_footer_template":"0","ocean_post_oembed":"","ocean_post_self_hosted_media":"","ocean_post_video_embed":"","ocean_link_format":"","ocean_link_format_target":"self","ocean_quote_format":"","ocean_quote_format_link":"post","ocean_gallery_link_images":"on","ocean_gallery_id":[],"footnotes":""},"categories":[5,4],"tags":[],"class_list":["post-4108","post","type-post","status-publish","format-standard","hentry","category-aviso-de-licitacao","category-licitacao","entry"],"_links":{"self":[{"href":"https:\/\/vilaflor.rn.gov.br\/transparencia\/wp-json\/wp\/v2\/posts\/4108","targetHints":{"allow":["GET"]}}],"collection":[{"href":"https:\/\/vilaflor.rn.gov.br\/transparencia\/wp-json\/wp\/v2\/posts"}],"about":[{"href":"https:\/\/vilaflor.rn.gov.br\/transparencia\/wp-json\/wp\/v2\/types\/post"}],"author":[{"embeddable":true,"href":"https:\/\/vilaflor.rn.gov.br\/transparencia\/wp-json\/wp\/v2\/users\/1"}],"replies":[{"embeddable":true,"href":"https:\/\/vilaflor.rn.gov.br\/transparencia\/wp-json\/wp\/v2\/comments?post=4108"}],"version-history":[{"count":1,"href":"https:\/\/vilaflor.rn.gov.br\/transparencia\/wp-json\/wp\/v2\/posts\/4108\/revisions"}],"predecessor-version":[{"id":4109,"href":"https:\/\/vilaflor.rn.gov.br\/transparencia\/wp-json\/wp\/v2\/posts\/4108\/revisions\/4109"}],"wp:attachment":[{"href":"https:\/\/vilaflor.rn.gov.br\/transparencia\/wp-json\/wp\/v2\/media?parent=4108"}],"wp:term":[{"taxonomy":"category","embeddable":true,"href":"https:\/\/vilaflor.rn.gov.br\/transparencia\/wp-json\/wp\/v2\/categories?post=4108"},{"taxonomy":"post_tag","embeddable":true,"href":"https:\/\/vilaflor.rn.gov.br\/transparencia\/wp-json\/wp\/v2\/tags?post=4108"}],"curies":[{"name":"wp","href":"https:\/\/api.w.org\/{rel}","templated":true}]}}]