[{"id":4174,"date":"2026-01-23T09:30:48","date_gmt":"2026-01-23T12:30:48","guid":{"rendered":"https:\/\/vilaflor.rn.gov.br\/transparencia\/?p=4174"},"modified":"2026-04-02T09:31:37","modified_gmt":"2026-04-02T12:31:37","slug":"termo-aditivo-ao-termo-de-colaboracao-no-20230106","status":"publish","type":"post","link":"https:\/\/vilaflor.rn.gov.br\/transparencia\/termo-aditivo-ao-termo-de-colaboracao-no-20230106\/","title":{"rendered":"Termo Aditivo ao Termo de Colabora\u00e7\u00e3o n\u00ba 20230106"},"content":{"rendered":"<p><strong>ESTADO DO RIO GRANDE DO NORTE<\/strong><br \/>\n<strong>PREFEITURA MUNICIPAL DE VILA FLOR<\/strong><\/p>\n<p><strong>TERMO ADITIVO AO TERMO DE COLABORA\u00c7\u00c3O N\u00ba\u00a0<em>20230106\u00a0<\/em>QUE ENTRE SI CELEBRAM\u00a0<em>PREFEITURA MUNICIPAL DE VILA FLOR<\/em>\u00a0E O INSTITUTO SOCIAL DE SAUDE E EDUCACAO DO RIO GRANDE DO NORTE, PARA OS FINS QUE ESPECIFICA.<\/strong><\/p>\n<p><strong>\u00a0<\/strong><\/p>\n<p>Pelo presente instrumento particular de Aditivo, onde de um lado, como CONTRATANTE, a PREFEITURA MUNICIPAL DE VILA FLOR, inscrita no CNPJ (MF) sob o n\u00ba 08.169.278\/0001-07, com sede \u00e0 Rua Jos\u00e9 Calazans, 169, Centro, Vila Flor\/RN, CEP 59.192-000, aqui representada pela Prefeita, a Sra. Thuanne Karla Carvalho de Souza, inscrito no CPF (MF) sob o n\u00ba 084.453.074-36, e INSTITUTO SOCIAL DE SAUDE E EDUCACAO DO RIO GRANDE DO NORTE, inscrito(a) no CNPJ 10.335.101\/0001-77, com sede na Rua Doutor Paulo Pinto de Abreu, 1997, Lagoa Nova, CEP 59.064-360, representada por ROBERVAL MARINHO DE ALMEIRA com o CPF sob o n\u00b0 110.144.954-31, conforme atos constitutivos da entidade, RESOLVEM celebrar o presente\u00a0<strong>Termo Aditivo ao Termo de Colabora\u00e7\u00e3o<\/strong>, tendo em vista o que consta do Processo Administrativo n\u00ba 10110001\/2022 e em observ\u00e2ncia \u00e0s disposi\u00e7\u00f5es da Lei n\u00ba 13.019, de 31 de julho de 2014, do Decreto n\u00ba 8.726, de 27 de abril de 2016, do Decreto Municipal n\u00b0 26, DE 25 DE NOVEMBRO DE 2021, mediante as cl\u00e1usulas e condi\u00e7\u00f5es a seguir enunciadas:<\/p>\n<p>&nbsp;<\/p>\n<p>CL\u00c1USULA PRIMEIRA \u2013 DO OBJETO<\/p>\n<p>O presente Termo Aditivo visa prorrogar a vig\u00eancia do Termo de Colabora\u00e7\u00e3o n\u00ba\u00a0<em>20230106<\/em>,\u00a0<strong>at\u00e9 a data de\u00a0<em>02 de janeiro de 2027<\/em><\/strong>, como tamb\u00e9m visa ampliar o valor total do instrumento em R$ 83.347,25 (Oitenta e tr\u00eas mil, trezentos e quarenta e sete reais e vinte e cinco centavos) e correspondentes altera\u00e7\u00f5es no Plano de Trabalho, conforme permite o art. 55 e 57 da Lei n\u00ba 13.019, de 2014, e o art. 43, inciso I, al\u00ednea \u201ca\u201d, do Decreto n\u00ba 8.726, de 2016.<\/p>\n<p>&nbsp;<\/p>\n<p>&nbsp;<\/p>\n<p>CL\u00c1USULA SEGUNDA \u2013 DA VIG\u00caNCIA<\/p>\n<p>A Cl\u00e1usula Terceira do Termo de Colabora\u00e7\u00e3o n\u00ba\u00a0<em>20230106\u00a0<\/em>passa a viger com a seguinte reda\u00e7\u00e3o:<\/p>\n<p>&nbsp;<\/p>\n<p><strong>CL\u00c1USULA TERCEIRA \u2013 DO PRAZO DE VIG\u00caNCIA\u00a0\u00a0\u00a0\u00a0\u00a0\u00a0\u00a0\u00a0\u00a0\u00a0\u00a0\u00a0\u00a0\u00a0\u00a0\u00a0\u00a0\u00a0\u00a0\u00a0\u00a0\u00a0\u00a0\u00a0\u00a0\u00a0\u00a0\u00a0\u00a0\u00a0\u00a0\u00a0\u00a0\u00a0\u00a0\u00a0\u00a0\u00a0\u00a0\u00a0\u00a0<\/strong><\/p>\n<p>O valor do Termo de Colabora\u00e7\u00e3o, previsto na Cl\u00e1usula do instrumento, foi aditado em 25%, passando a corresponder ao valor de repasse de R$ 416.731,25 (Quatrocentos e dezesseis mil, setecentos e trinta e um reais e vinte e cinco centavos).<\/p>\n<p>Subcl\u00e1usula \u00fanica. A Cl\u00e1usula Quarta do Termo de Colabora\u00e7\u00e3o n\u00ba 20230106 passa a viger com a seguinte reda\u00e7\u00e3o:<\/p>\n<p>&nbsp;<\/p>\n<p><strong>DOS RECURSOS FINANCEIROS<\/strong><\/p>\n<p>Para a execu\u00e7\u00e3o das [atividades] e [projetos] previstas(os) neste Termo de Colabora\u00e7\u00e3o, ser\u00e3o disponibilizados recursos pelo Secretaria Municipal de Educa\u00e7\u00e3o no valor de R$ 416.731,25 (Quatrocentos e dezesseis mil, setecentos e trinta e um reais e vinte e cinco centavos), conforme cronograma de desembolso constante do plano de trabalho, de acordo com a seguinte distribui\u00e7\u00e3o:<\/p>\n<p>&nbsp;<\/p>\n<p><strong>\u00a0<\/strong><strong>CL\u00c1USULA TERCEIRA \u2013 DO PRAZO DE VIG\u00caNCIA\u00a0\u00a0\u00a0\u00a0\u00a0\u00a0\u00a0\u00a0\u00a0\u00a0\u00a0\u00a0\u00a0\u00a0\u00a0\u00a0\u00a0\u00a0\u00a0\u00a0\u00a0\u00a0\u00a0\u00a0\u00a0\u00a0\u00a0\u00a0\u00a0\u00a0\u00a0\u00a0\u00a0\u00a0\u00a0\u00a0\u00a0\u00a0\u00a0\u00a0<\/strong><\/p>\n<p>O presente Termo de Colabora\u00e7\u00e3o ir\u00e1 viger at\u00e9 a data de 02 de janeiro de 2027, podendo ser prorrogado nos seguintes casos e condi\u00e7\u00f5es:<\/p>\n<p><em>Excepcionalmente o per\u00edodo total de vig\u00eancia poder\u00e1 ser superior aos dez anos, quando houver decis\u00e3o t\u00e9cnica fundamentada da administra\u00e7\u00e3o p\u00fablica federal que, sem preju\u00edzo de outros elementos, reconhe\u00e7a:<\/em><\/p>\n<p><em>I\u00a0\u00a0\u00a0 \u2013 a excepcionalidade da situa\u00e7\u00e3o f\u00e1tica; e<\/em><\/p>\n<p><em>II\u00a0\u00a0 \u2013 o interesse p\u00fablico no prazo maior da parceria.<\/em><\/p>\n<p><strong>CL\u00c1USULA TERCEIRA \u2013 DA RATIFICA\u00c7\u00c3O<\/strong><\/p>\n<p>Ficam ratificadas as demais cl\u00e1usulas e condi\u00e7\u00f5es do Termo de Colabora\u00e7\u00e3o original.<\/p>\n<p>&nbsp;<\/p>\n<p>CL\u00c1USULA QUARTA \u2013 DA PUBLICA\u00c7\u00c3O<\/p>\n<p>A efic\u00e1cia do presente Termo Aditivo fica condicionada \u00e0 publica\u00e7\u00e3o do respectivo extrato no Di\u00e1rio Oficial do Munic\u00edpio, a qual dever\u00e1 ser providenciada pela Prefeitura Muincipal, no prazo de at\u00e9 20 (vinte) dias a contar de sua assinatura.<\/p>\n<p>&nbsp;<\/p>\n<p>Vila Flor\/RN, em 29 de dezembro de 2025.<\/p>\n<p>&nbsp;<\/p>\n<p>&nbsp;<\/p>\n<p>&nbsp;<\/p>\n<p>RENAGIA COSTA AUGUSTINHO<\/p>\n<p>SECRET\u00c1RIA MUNICIPAL DE EDUCA\u00c7\u00c3O<\/p>\n<p>&nbsp;<\/p>\n<p>PREFEITURA MUNICIPAL DE VILA FLOR CNPJ(MF) 08.169.278\/0001-07<\/p>\n<p>CONTRATANTE<\/p>\n<p>&nbsp;<\/p>\n<p>&nbsp;<\/p>\n<p>&nbsp;<\/p>\n<p>&nbsp;<\/p>\n<p>INSTITUTO SOCIAL DE SAUDE E EDUCACAO DO RIO GRANDE DO NORTE<\/p>\n<p>CNPJ 10.335.101\/0001-77<\/p>\n<p>CONTRATADO(A)<\/p>\n<p>ROBERVAL MARINHO DE ALMEIDA<\/p>\n<p>CPF: 110.144.954-31<\/p>\n<p>PRESIDENTE<\/p>\n<p>&nbsp;<\/p>\n<p>&nbsp;<\/p>\n<p style=\"text-align: right;\"><strong>Publicado por:<\/strong><br \/>\nGRINALDO JOAQUIM DE SOUZA<br \/>\nSecret\u00e1rio Municipal de Administra\u00e7\u00e3o<br \/>\n<strong>C\u00f3digo Identificador:<\/strong>\u00a0OKMPOJ0I8P<\/p>\n<div class=\"pdfprnt-buttons pdfprnt-buttons-post pdfprnt-bottom-right\"><a href=\"https:\/\/vilaflor.rn.gov.br\/transparencia\/wp-json\/wp\/v2\/posts?page=8&print=pdf#038;print=pdf\" class=\"pdfprnt-button pdfprnt-button-pdf\" target=\"_blank\"><img decoding=\"async\" src=\"https:\/\/vilaflor.rn.gov.br\/transparencia\/wp-content\/plugins\/pdf-print\/images\/pdf.png\" alt=\"image_pdf\" title=\"Baixar PDF\" \/><\/a><a href=\"https:\/\/vilaflor.rn.gov.br\/transparencia\/wp-json\/wp\/v2\/posts?page=8&print=print#038;print=pdf\" class=\"pdfprnt-button pdfprnt-button-print\" target=\"_blank\"><img decoding=\"async\" src=\"https:\/\/vilaflor.rn.gov.br\/transparencia\/wp-content\/plugins\/pdf-print\/images\/print.png\" alt=\"image_print\" title=\"Conte\u00fado de impress\u00e3o\" \/><\/a><\/div>","protected":false},"excerpt":{"rendered":"<p>ESTADO DO RIO GRANDE DO NORTE PREFEITURA MUNICIPAL DE VILA FLOR TERMO ADITIVO AO TERMO DE COLABORA\u00c7\u00c3O N\u00ba\u00a020230106\u00a0QUE ENTRE SI CELEBRAM\u00a0PREFEITURA MUNICIPAL DE VILA FLOR\u00a0E O INSTITUTO SOCIAL DE SAUDE E EDUCACAO DO RIO GRANDE DO NORTE, PARA OS FINS QUE ESPECIFICA. \u00a0 Pelo presente instrumento particular de Aditivo, onde de um lado, como CONTRATANTE, [&hellip;]<\/p>\n","protected":false},"author":1,"featured_media":0,"comment_status":"open","ping_status":"open","sticky":false,"template":"","format":"standard","meta":{"ocean_post_layout":"","ocean_both_sidebars_style":"","ocean_both_sidebars_content_width":0,"ocean_both_sidebars_sidebars_width":0,"ocean_sidebar":"0","ocean_second_sidebar":"0","ocean_disable_margins":"enable","ocean_add_body_class":"","ocean_shortcode_before_top_bar":"","ocean_shortcode_after_top_bar":"","ocean_shortcode_before_header":"","ocean_shortcode_after_header":"","ocean_has_shortcode":"","ocean_shortcode_after_title":"","ocean_shortcode_before_footer_widgets":"","ocean_shortcode_after_footer_widgets":"","ocean_shortcode_before_footer_bottom":"","ocean_shortcode_after_footer_bottom":"","ocean_display_top_bar":"default","ocean_display_header":"default","ocean_header_style":"","ocean_center_header_left_menu":"0","ocean_custom_header_template":"0","ocean_custom_logo":0,"ocean_custom_retina_logo":0,"ocean_custom_logo_max_width":0,"ocean_custom_logo_tablet_max_width":0,"ocean_custom_logo_mobile_max_width":0,"ocean_custom_logo_max_height":0,"ocean_custom_logo_tablet_max_height":0,"ocean_custom_logo_mobile_max_height":0,"ocean_header_custom_menu":"0","ocean_menu_typo_font_family":"0","ocean_menu_typo_font_subset":"","ocean_menu_typo_font_size":0,"ocean_menu_typo_font_size_tablet":0,"ocean_menu_typo_font_size_mobile":0,"ocean_menu_typo_font_size_unit":"px","ocean_menu_typo_font_weight":"","ocean_menu_typo_font_weight_tablet":"","ocean_menu_typo_font_weight_mobile":"","ocean_menu_typo_transform":"","ocean_menu_typo_transform_tablet":"","ocean_menu_typo_transform_mobile":"","ocean_menu_typo_line_height":0,"ocean_menu_typo_line_height_tablet":0,"ocean_menu_typo_line_height_mobile":0,"ocean_menu_typo_line_height_unit":"","ocean_menu_typo_spacing":0,"ocean_menu_typo_spacing_tablet":0,"ocean_menu_typo_spacing_mobile":0,"ocean_menu_typo_spacing_unit":"","ocean_menu_link_color":"","ocean_menu_link_color_hover":"","ocean_menu_link_color_active":"","ocean_menu_link_background":"","ocean_menu_link_hover_background":"","ocean_menu_link_active_background":"","ocean_menu_social_links_bg":"","ocean_menu_social_hover_links_bg":"","ocean_menu_social_links_color":"","ocean_menu_social_hover_links_color":"","ocean_disable_title":"default","ocean_disable_heading":"default","ocean_post_title":"","ocean_post_subheading":"","ocean_post_title_style":"","ocean_post_title_background_color":"","ocean_post_title_background":0,"ocean_post_title_bg_image_position":"","ocean_post_title_bg_image_attachment":"","ocean_post_title_bg_image_repeat":"","ocean_post_title_bg_image_size":"","ocean_post_title_height":0,"ocean_post_title_bg_overlay":0.5,"ocean_post_title_bg_overlay_color":"","ocean_disable_breadcrumbs":"default","ocean_breadcrumbs_color":"","ocean_breadcrumbs_separator_color":"","ocean_breadcrumbs_links_color":"","ocean_breadcrumbs_links_hover_color":"","ocean_display_footer_widgets":"default","ocean_display_footer_bottom":"default","ocean_custom_footer_template":"0","ocean_post_oembed":"","ocean_post_self_hosted_media":"","ocean_post_video_embed":"","ocean_link_format":"","ocean_link_format_target":"self","ocean_quote_format":"","ocean_quote_format_link":"post","ocean_gallery_link_images":"on","ocean_gallery_id":[],"footnotes":""},"categories":[58,75,4],"tags":[],"class_list":["post-4174","post","type-post","status-publish","format-standard","hentry","category-contratos","category-contratos-2026","category-licitacao","entry"],"_links":{"self":[{"href":"https:\/\/vilaflor.rn.gov.br\/transparencia\/wp-json\/wp\/v2\/posts\/4174","targetHints":{"allow":["GET"]}}],"collection":[{"href":"https:\/\/vilaflor.rn.gov.br\/transparencia\/wp-json\/wp\/v2\/posts"}],"about":[{"href":"https:\/\/vilaflor.rn.gov.br\/transparencia\/wp-json\/wp\/v2\/types\/post"}],"author":[{"embeddable":true,"href":"https:\/\/vilaflor.rn.gov.br\/transparencia\/wp-json\/wp\/v2\/users\/1"}],"replies":[{"embeddable":true,"href":"https:\/\/vilaflor.rn.gov.br\/transparencia\/wp-json\/wp\/v2\/comments?post=4174"}],"version-history":[{"count":1,"href":"https:\/\/vilaflor.rn.gov.br\/transparencia\/wp-json\/wp\/v2\/posts\/4174\/revisions"}],"predecessor-version":[{"id":4175,"href":"https:\/\/vilaflor.rn.gov.br\/transparencia\/wp-json\/wp\/v2\/posts\/4174\/revisions\/4175"}],"wp:attachment":[{"href":"https:\/\/vilaflor.rn.gov.br\/transparencia\/wp-json\/wp\/v2\/media?parent=4174"}],"wp:term":[{"taxonomy":"category","embeddable":true,"href":"https:\/\/vilaflor.rn.gov.br\/transparencia\/wp-json\/wp\/v2\/categories?post=4174"},{"taxonomy":"post_tag","embeddable":true,"href":"https:\/\/vilaflor.rn.gov.br\/transparencia\/wp-json\/wp\/v2\/tags?post=4174"}],"curies":[{"name":"wp","href":"https:\/\/api.w.org\/{rel}","templated":true}]}},{"id":4172,"date":"2026-01-22T09:25:56","date_gmt":"2026-01-22T12:25:56","guid":{"rendered":"https:\/\/vilaflor.rn.gov.br\/transparencia\/?p=4172"},"modified":"2026-04-02T09:28:42","modified_gmt":"2026-04-02T12:28:42","slug":"portaria-no-001-2026-gab-concede-afastamento-do-servico-publico-a-servidora-que-menciona-em-decorrencia-de-falecimento-de-familiar-e-da-outras-providencias","status":"publish","type":"post","link":"https:\/\/vilaflor.rn.gov.br\/transparencia\/portaria-no-001-2026-gab-concede-afastamento-do-servico-publico-a-servidora-que-menciona-em-decorrencia-de-falecimento-de-familiar-e-da-outras-providencias\/","title":{"rendered":"PORTARIA N\u00ba 001\/2026-GAB &#8211; Concede afastamento do servi\u00e7o p\u00fablico \u00e0 servidora que menciona, em decorr\u00eancia de falecimento de familiar, e d\u00e1 outras provid\u00eancias."},"content":{"rendered":"<p><strong>ESTADO DO RIO GRANDE DO NORTE<\/strong><br \/>\n<strong>PREFEITURA MUNICIPAL DE VILA FLOR<\/strong><\/p>\n<p><em>Concede afastamento do servi\u00e7o p\u00fablico \u00e0 servidora que menciona, em decorr\u00eancia de falecimento de familiar, e d\u00e1 outras provid\u00eancias.<\/em><\/p>\n<p>&nbsp;<\/p>\n<p><strong>A PREFEITA MUNCIPAL DE VILA FLOR\/RN<\/strong>, no uso de suas atribui\u00e7\u00f5es legais, e\u00a0<strong>CONSIDERANDO,<\/strong>\u00a0o disposto no art. 170, II, b, da Lei 205\/2002.<\/p>\n<p>&nbsp;<\/p>\n<p><strong>RESOLVE:<\/strong><\/p>\n<p><strong>Art. 1\u00ba<\/strong>\u00a0Conceder a Servidora Nilde Martins da Costa Melo, ocupante do cargo de professora matricula 29-1 lotada na Secret\u00e1ria Municipal de Educa\u00e7\u00e3o, o afastamento por luto, pelo per\u00edodo de 03 dias consecutivos, sem preju\u00edzo de seus vencimentos.<\/p>\n<p><strong>Art. 2\u00ba<\/strong>\u00a0Esta portaria entra em vigor na data de sua publica\u00e7\u00e3o retroagindo seus efeitos a partir de 11\/01\/2026(data do \u00f3bito).<\/p>\n<p><strong>Art. 3\u00ba<\/strong>\u00a0Registre-se, publique-se, cumpra-se.<\/p>\n<p>&nbsp;<\/p>\n<p>Vila Flor\/RN , 21 de janeiro de 2026.<\/p>\n<p>&nbsp;<\/p>\n<p>&nbsp;<\/p>\n<p>&nbsp;<\/p>\n<p>Thuanne Karla Carvalho de Souza<\/p>\n<p>Prefeita Municipal<\/p>\n<p style=\"text-align: right;\"><strong>Publicado por:<\/strong><br \/>\nGRINALDO JOAQUIM DE SOUZA<br \/>\nSecret\u00e1rio Municipal de Administra\u00e7\u00e3o<br \/>\n<strong>C\u00f3digo Identificador:<\/strong>\u00a0MTK157V8BG<\/p>\n<div class=\"pdfprnt-buttons pdfprnt-buttons-post pdfprnt-bottom-right\"><a href=\"https:\/\/vilaflor.rn.gov.br\/transparencia\/wp-json\/wp\/v2\/posts?page=8&print=pdf#038;print=pdf\" class=\"pdfprnt-button pdfprnt-button-pdf\" target=\"_blank\"><img decoding=\"async\" src=\"https:\/\/vilaflor.rn.gov.br\/transparencia\/wp-content\/plugins\/pdf-print\/images\/pdf.png\" alt=\"image_pdf\" title=\"Baixar PDF\" \/><\/a><a href=\"https:\/\/vilaflor.rn.gov.br\/transparencia\/wp-json\/wp\/v2\/posts?page=8&print=print#038;print=pdf\" class=\"pdfprnt-button pdfprnt-button-print\" target=\"_blank\"><img decoding=\"async\" src=\"https:\/\/vilaflor.rn.gov.br\/transparencia\/wp-content\/plugins\/pdf-print\/images\/print.png\" alt=\"image_print\" title=\"Conte\u00fado de impress\u00e3o\" \/><\/a><\/div>","protected":false},"excerpt":{"rendered":"<p>ESTADO DO RIO GRANDE DO NORTE PREFEITURA MUNICIPAL DE VILA FLOR Concede afastamento do servi\u00e7o p\u00fablico \u00e0 servidora que menciona, em decorr\u00eancia de falecimento de familiar, e d\u00e1 outras provid\u00eancias. &nbsp; A PREFEITA MUNCIPAL DE VILA FLOR\/RN, no uso de suas atribui\u00e7\u00f5es legais, e\u00a0CONSIDERANDO,\u00a0o disposto no art. 170, II, b, da Lei 205\/2002. &nbsp; RESOLVE: [&hellip;]<\/p>\n","protected":false},"author":1,"featured_media":0,"comment_status":"open","ping_status":"open","sticky":false,"template":"","format":"standard","meta":{"ocean_post_layout":"","ocean_both_sidebars_style":"","ocean_both_sidebars_content_width":0,"ocean_both_sidebars_sidebars_width":0,"ocean_sidebar":"0","ocean_second_sidebar":"0","ocean_disable_margins":"enable","ocean_add_body_class":"","ocean_shortcode_before_top_bar":"","ocean_shortcode_after_top_bar":"","ocean_shortcode_before_header":"","ocean_shortcode_after_header":"","ocean_has_shortcode":"","ocean_shortcode_after_title":"","ocean_shortcode_before_footer_widgets":"","ocean_shortcode_after_footer_widgets":"","ocean_shortcode_before_footer_bottom":"","ocean_shortcode_after_footer_bottom":"","ocean_display_top_bar":"default","ocean_display_header":"default","ocean_header_style":"","ocean_center_header_left_menu":"0","ocean_custom_header_template":"0","ocean_custom_logo":0,"ocean_custom_retina_logo":0,"ocean_custom_logo_max_width":0,"ocean_custom_logo_tablet_max_width":0,"ocean_custom_logo_mobile_max_width":0,"ocean_custom_logo_max_height":0,"ocean_custom_logo_tablet_max_height":0,"ocean_custom_logo_mobile_max_height":0,"ocean_header_custom_menu":"0","ocean_menu_typo_font_family":"0","ocean_menu_typo_font_subset":"","ocean_menu_typo_font_size":0,"ocean_menu_typo_font_size_tablet":0,"ocean_menu_typo_font_size_mobile":0,"ocean_menu_typo_font_size_unit":"px","ocean_menu_typo_font_weight":"","ocean_menu_typo_font_weight_tablet":"","ocean_menu_typo_font_weight_mobile":"","ocean_menu_typo_transform":"","ocean_menu_typo_transform_tablet":"","ocean_menu_typo_transform_mobile":"","ocean_menu_typo_line_height":0,"ocean_menu_typo_line_height_tablet":0,"ocean_menu_typo_line_height_mobile":0,"ocean_menu_typo_line_height_unit":"","ocean_menu_typo_spacing":0,"ocean_menu_typo_spacing_tablet":0,"ocean_menu_typo_spacing_mobile":0,"ocean_menu_typo_spacing_unit":"","ocean_menu_link_color":"","ocean_menu_link_color_hover":"","ocean_menu_link_color_active":"","ocean_menu_link_background":"","ocean_menu_link_hover_background":"","ocean_menu_link_active_background":"","ocean_menu_social_links_bg":"","ocean_menu_social_hover_links_bg":"","ocean_menu_social_links_color":"","ocean_menu_social_hover_links_color":"","ocean_disable_title":"default","ocean_disable_heading":"default","ocean_post_title":"","ocean_post_subheading":"","ocean_post_title_style":"","ocean_post_title_background_color":"","ocean_post_title_background":0,"ocean_post_title_bg_image_position":"","ocean_post_title_bg_image_attachment":"","ocean_post_title_bg_image_repeat":"","ocean_post_title_bg_image_size":"","ocean_post_title_height":0,"ocean_post_title_bg_overlay":0.5,"ocean_post_title_bg_overlay_color":"","ocean_disable_breadcrumbs":"default","ocean_breadcrumbs_color":"","ocean_breadcrumbs_separator_color":"","ocean_breadcrumbs_links_color":"","ocean_breadcrumbs_links_hover_color":"","ocean_display_footer_widgets":"default","ocean_display_footer_bottom":"default","ocean_custom_footer_template":"0","ocean_post_oembed":"","ocean_post_self_hosted_media":"","ocean_post_video_embed":"","ocean_link_format":"","ocean_link_format_target":"self","ocean_quote_format":"","ocean_quote_format_link":"post","ocean_gallery_link_images":"on","ocean_gallery_id":[],"footnotes":""},"categories":[16,24,78],"tags":[],"class_list":["post-4172","post","type-post","status-publish","format-standard","hentry","category-legislacao","category-portarias","category-portarias-2026","entry"],"_links":{"self":[{"href":"https:\/\/vilaflor.rn.gov.br\/transparencia\/wp-json\/wp\/v2\/posts\/4172","targetHints":{"allow":["GET"]}}],"collection":[{"href":"https:\/\/vilaflor.rn.gov.br\/transparencia\/wp-json\/wp\/v2\/posts"}],"about":[{"href":"https:\/\/vilaflor.rn.gov.br\/transparencia\/wp-json\/wp\/v2\/types\/post"}],"author":[{"embeddable":true,"href":"https:\/\/vilaflor.rn.gov.br\/transparencia\/wp-json\/wp\/v2\/users\/1"}],"replies":[{"embeddable":true,"href":"https:\/\/vilaflor.rn.gov.br\/transparencia\/wp-json\/wp\/v2\/comments?post=4172"}],"version-history":[{"count":1,"href":"https:\/\/vilaflor.rn.gov.br\/transparencia\/wp-json\/wp\/v2\/posts\/4172\/revisions"}],"predecessor-version":[{"id":4173,"href":"https:\/\/vilaflor.rn.gov.br\/transparencia\/wp-json\/wp\/v2\/posts\/4172\/revisions\/4173"}],"wp:attachment":[{"href":"https:\/\/vilaflor.rn.gov.br\/transparencia\/wp-json\/wp\/v2\/media?parent=4172"}],"wp:term":[{"taxonomy":"category","embeddable":true,"href":"https:\/\/vilaflor.rn.gov.br\/transparencia\/wp-json\/wp\/v2\/categories?post=4172"},{"taxonomy":"post_tag","embeddable":true,"href":"https:\/\/vilaflor.rn.gov.br\/transparencia\/wp-json\/wp\/v2\/tags?post=4172"}],"curies":[{"name":"wp","href":"https:\/\/api.w.org\/{rel}","templated":true}]}},{"id":4170,"date":"2026-01-20T09:25:03","date_gmt":"2026-01-20T12:25:03","guid":{"rendered":"https:\/\/vilaflor.rn.gov.br\/transparencia\/?p=4170"},"modified":"2026-04-02T09:25:45","modified_gmt":"2026-04-02T12:25:45","slug":"repulicacao-aviso-de-licitacao-concorrencia-eletronica-no-001-2026","status":"publish","type":"post","link":"https:\/\/vilaflor.rn.gov.br\/transparencia\/repulicacao-aviso-de-licitacao-concorrencia-eletronica-no-001-2026\/","title":{"rendered":"REPULICA\u00c7\u00c3O AVISO DE LICITA\u00c7\u00c3O CONCORR\u00caNCIA ELETR\u00d4NICA N\u00ba 001\/2026"},"content":{"rendered":"<p><strong>ESTADO DO RIO GRANDE DO NORTE<\/strong><br \/>\n<strong>PREFEITURA MUNICIPAL DE VILA FLOR<\/strong><\/p>\n<p>A Comiss\u00e3o de Licita\u00e7\u00e3o do Munic\u00edpio de Vila Flor\/RN, Torna p\u00fablico que far\u00e1 realizar atrav\u00e9s do Agente de Contrata\u00e7\u00e3o e Equipe de Apoio, sediada na Rua Jos\u00e9 Calazans, 169, Centro, Vila Flor\/RN, CEP 59.192-000, por meio do site\u00a0<a href=\"https:\/\/www.portaldecompraspublicas.com.br\/\">https:\/\/www.portaldecompraspublicas.com.br\/<\/a>\u00a0licita\u00e7\u00e3o modalidade Concorr\u00eancia Eletr\u00f4nica, do tipo MENOR PRE\u00c7O, para: CONTRATA\u00c7\u00c3O DE EMPRESA DE ENGENHARIA ESPECIALIZADA EM EXECU\u00c7\u00c3O DE PAVIMENTA\u00c7\u00c3O EM PARALELEP\u00cdPEDO PARA CAL\u00c7AMENTO DAS RUAS SANTA RITA E ALEXANDRE DE MATOS NO MUNIC\u00cdPIO DE VILA FLOR\/RN. Abertura da sess\u00e3o p\u00fablica:\u00a0<u>09:00 horas do dia 04 de fevereiro de 2026.<\/u>\u00a0Refer\u00eancia: hor\u00e1rio de Bras\u00edlia \u2013 DF. Recursos: previstos no or\u00e7amento vigente. Fundamento legal: Lei Federal n\u00ba 14.133\/21; e legisla\u00e7\u00e3o pertinente, consideradas as altera\u00e7\u00f5es posteriores das referidas normas. Informa\u00e7\u00f5es: das 08:00 as 12:00 horas dos dias \u00fateis, no endere\u00e7o supracitado. E-mail: pmvflicitacoes2021@gmail.com.\u00a0Edital:\u00a0<a href=\"https:\/\/www.portaldecompraspublicas.com.br\/\">https:\/\/www.portaldecompraspublicas.com.br\/<\/a>;\u00a0<a href=\"http:\/\/www.tce.rn.gov.br\/\">www.tce.rn.gov.br<\/a>.<\/p>\n<p style=\"text-align: right;\"><strong>Publicado por:<\/strong><br \/>\nGRINALDO JOAQUIM DE SOUZA<br \/>\nSecret\u00e1rio Municipal de Administra\u00e7\u00e3o<br \/>\n<strong>C\u00f3digo Identificador:<\/strong>\u00a0CIQK28XUPU<\/p>\n<div class=\"pdfprnt-buttons pdfprnt-buttons-post pdfprnt-bottom-right\"><a href=\"https:\/\/vilaflor.rn.gov.br\/transparencia\/wp-json\/wp\/v2\/posts?page=8&print=pdf#038;print=pdf\" class=\"pdfprnt-button pdfprnt-button-pdf\" target=\"_blank\"><img decoding=\"async\" src=\"https:\/\/vilaflor.rn.gov.br\/transparencia\/wp-content\/plugins\/pdf-print\/images\/pdf.png\" alt=\"image_pdf\" title=\"Baixar PDF\" \/><\/a><a href=\"https:\/\/vilaflor.rn.gov.br\/transparencia\/wp-json\/wp\/v2\/posts?page=8&print=print#038;print=pdf\" class=\"pdfprnt-button pdfprnt-button-print\" target=\"_blank\"><img decoding=\"async\" src=\"https:\/\/vilaflor.rn.gov.br\/transparencia\/wp-content\/plugins\/pdf-print\/images\/print.png\" alt=\"image_print\" title=\"Conte\u00fado de impress\u00e3o\" \/><\/a><\/div>","protected":false},"excerpt":{"rendered":"<p>ESTADO DO RIO GRANDE DO NORTE PREFEITURA MUNICIPAL DE VILA FLOR A Comiss\u00e3o de Licita\u00e7\u00e3o do Munic\u00edpio de Vila Flor\/RN, Torna p\u00fablico que far\u00e1 realizar atrav\u00e9s do Agente de Contrata\u00e7\u00e3o e Equipe de Apoio, sediada na Rua Jos\u00e9 Calazans, 169, Centro, Vila Flor\/RN, CEP 59.192-000, por meio do site\u00a0https:\/\/www.portaldecompraspublicas.com.br\/\u00a0licita\u00e7\u00e3o modalidade Concorr\u00eancia Eletr\u00f4nica, do tipo MENOR [&hellip;]<\/p>\n","protected":false},"author":1,"featured_media":0,"comment_status":"open","ping_status":"open","sticky":false,"template":"","format":"standard","meta":{"ocean_post_layout":"","ocean_both_sidebars_style":"","ocean_both_sidebars_content_width":0,"ocean_both_sidebars_sidebars_width":0,"ocean_sidebar":"0","ocean_second_sidebar":"0","ocean_disable_margins":"enable","ocean_add_body_class":"","ocean_shortcode_before_top_bar":"","ocean_shortcode_after_top_bar":"","ocean_shortcode_before_header":"","ocean_shortcode_after_header":"","ocean_has_shortcode":"","ocean_shortcode_after_title":"","ocean_shortcode_before_footer_widgets":"","ocean_shortcode_after_footer_widgets":"","ocean_shortcode_before_footer_bottom":"","ocean_shortcode_after_footer_bottom":"","ocean_display_top_bar":"default","ocean_display_header":"default","ocean_header_style":"","ocean_center_header_left_menu":"0","ocean_custom_header_template":"0","ocean_custom_logo":0,"ocean_custom_retina_logo":0,"ocean_custom_logo_max_width":0,"ocean_custom_logo_tablet_max_width":0,"ocean_custom_logo_mobile_max_width":0,"ocean_custom_logo_max_height":0,"ocean_custom_logo_tablet_max_height":0,"ocean_custom_logo_mobile_max_height":0,"ocean_header_custom_menu":"0","ocean_menu_typo_font_family":"0","ocean_menu_typo_font_subset":"","ocean_menu_typo_font_size":0,"ocean_menu_typo_font_size_tablet":0,"ocean_menu_typo_font_size_mobile":0,"ocean_menu_typo_font_size_unit":"px","ocean_menu_typo_font_weight":"","ocean_menu_typo_font_weight_tablet":"","ocean_menu_typo_font_weight_mobile":"","ocean_menu_typo_transform":"","ocean_menu_typo_transform_tablet":"","ocean_menu_typo_transform_mobile":"","ocean_menu_typo_line_height":0,"ocean_menu_typo_line_height_tablet":0,"ocean_menu_typo_line_height_mobile":0,"ocean_menu_typo_line_height_unit":"","ocean_menu_typo_spacing":0,"ocean_menu_typo_spacing_tablet":0,"ocean_menu_typo_spacing_mobile":0,"ocean_menu_typo_spacing_unit":"","ocean_menu_link_color":"","ocean_menu_link_color_hover":"","ocean_menu_link_color_active":"","ocean_menu_link_background":"","ocean_menu_link_hover_background":"","ocean_menu_link_active_background":"","ocean_menu_social_links_bg":"","ocean_menu_social_hover_links_bg":"","ocean_menu_social_links_color":"","ocean_menu_social_hover_links_color":"","ocean_disable_title":"default","ocean_disable_heading":"default","ocean_post_title":"","ocean_post_subheading":"","ocean_post_title_style":"","ocean_post_title_background_color":"","ocean_post_title_background":0,"ocean_post_title_bg_image_position":"","ocean_post_title_bg_image_attachment":"","ocean_post_title_bg_image_repeat":"","ocean_post_title_bg_image_size":"","ocean_post_title_height":0,"ocean_post_title_bg_overlay":0.5,"ocean_post_title_bg_overlay_color":"","ocean_disable_breadcrumbs":"default","ocean_breadcrumbs_color":"","ocean_breadcrumbs_separator_color":"","ocean_breadcrumbs_links_color":"","ocean_breadcrumbs_links_hover_color":"","ocean_display_footer_widgets":"default","ocean_display_footer_bottom":"default","ocean_custom_footer_template":"0","ocean_post_oembed":"","ocean_post_self_hosted_media":"","ocean_post_video_embed":"","ocean_link_format":"","ocean_link_format_target":"self","ocean_quote_format":"","ocean_quote_format_link":"post","ocean_gallery_link_images":"on","ocean_gallery_id":[],"footnotes":""},"categories":[5,4],"tags":[],"class_list":["post-4170","post","type-post","status-publish","format-standard","hentry","category-aviso-de-licitacao","category-licitacao","entry"],"_links":{"self":[{"href":"https:\/\/vilaflor.rn.gov.br\/transparencia\/wp-json\/wp\/v2\/posts\/4170","targetHints":{"allow":["GET"]}}],"collection":[{"href":"https:\/\/vilaflor.rn.gov.br\/transparencia\/wp-json\/wp\/v2\/posts"}],"about":[{"href":"https:\/\/vilaflor.rn.gov.br\/transparencia\/wp-json\/wp\/v2\/types\/post"}],"author":[{"embeddable":true,"href":"https:\/\/vilaflor.rn.gov.br\/transparencia\/wp-json\/wp\/v2\/users\/1"}],"replies":[{"embeddable":true,"href":"https:\/\/vilaflor.rn.gov.br\/transparencia\/wp-json\/wp\/v2\/comments?post=4170"}],"version-history":[{"count":1,"href":"https:\/\/vilaflor.rn.gov.br\/transparencia\/wp-json\/wp\/v2\/posts\/4170\/revisions"}],"predecessor-version":[{"id":4171,"href":"https:\/\/vilaflor.rn.gov.br\/transparencia\/wp-json\/wp\/v2\/posts\/4170\/revisions\/4171"}],"wp:attachment":[{"href":"https:\/\/vilaflor.rn.gov.br\/transparencia\/wp-json\/wp\/v2\/media?parent=4170"}],"wp:term":[{"taxonomy":"category","embeddable":true,"href":"https:\/\/vilaflor.rn.gov.br\/transparencia\/wp-json\/wp\/v2\/categories?post=4170"},{"taxonomy":"post_tag","embeddable":true,"href":"https:\/\/vilaflor.rn.gov.br\/transparencia\/wp-json\/wp\/v2\/tags?post=4170"}],"curies":[{"name":"wp","href":"https:\/\/api.w.org\/{rel}","templated":true}]}},{"id":4141,"date":"2026-01-15T08:21:02","date_gmt":"2026-01-15T11:21:02","guid":{"rendered":"https:\/\/vilaflor.rn.gov.br\/transparencia\/?p=4141"},"modified":"2026-01-16T08:22:13","modified_gmt":"2026-01-16T11:22:13","slug":"lei-muncipal-no-494-2026-institui-a-semana-municipal-da-cultura-evangelica-e-o-dia-municipal-do-evangelico","status":"publish","type":"post","link":"https:\/\/vilaflor.rn.gov.br\/transparencia\/lei-muncipal-no-494-2026-institui-a-semana-municipal-da-cultura-evangelica-e-o-dia-municipal-do-evangelico\/","title":{"rendered":"LEI MUNCIPAL N\u00ba 494\/2026 &#8211; Institui a Semana Municipal da Cultura Evang\u00e9lica e o Dia Municipal do Evang\u00e9lico."},"content":{"rendered":"<p><strong>ESTADO DO RIO GRANDE DO NORTE<\/strong><br \/>\n<strong>PREFEITURA MUNICIPAL DE VILA FLOR<\/strong><\/p>\n<p><em>Institui a Semana Municipal da Cultura Evang\u00e9lica e o Dia Municipal do Evang\u00e9lico.<\/em><\/p>\n<p><em>\u00a0<\/em><\/p>\n<p><strong>A PREFEITA MUNICIPAL DE VILA FLOR,\u00a0<\/strong>Estado do Rio Grande do Norte, no uso das atribui\u00e7\u00f5es que lhe s\u00e3o conferidas pela Lei Org\u00e2nica do Munic\u00edpio, faz saber que a C\u00e2mara Municipal aprovou e ela sanciona a seguinte Lei:<\/p>\n<p>&nbsp;<\/p>\n<p><strong>Art. 1\u00ba \u2013\u00a0<\/strong>Fica institu\u00edda no \u00e2mbito da cidade de Vila Flor\/RN, a semana da Cultura Evang\u00e9lica, a ser realizada na segunda semana do m\u00eas de novembro de cada ano, culminado com o Dia Municipal do Evang\u00e9lico, este sendo compreendido no segundo s\u00e1bado do m\u00eas de novembro de cada ano.<\/p>\n<p>&nbsp;<\/p>\n<p><strong>Art. 2\u00ba\u00a0<\/strong>\u2013 A semana a que se refere esta Lei tem por finalidade divulgar a cultura evang\u00e9lica, mediante a realiza\u00e7\u00e3o das diversas atividades e ser\u00e1 um evento de consagramento de todas as igrejas evang\u00e9licas e institui\u00e7\u00f5es evang\u00e9licas do munic\u00edpio, isso independentemente de ordem denominacional, sendo seu inicio na segunda-feira e encerrando-se no domingo.<\/p>\n<p>&nbsp;<\/p>\n<p><strong>Art. 3\u00ba\u00a0<\/strong>\u2013 S\u00e3o institu\u00eddos, durante a Semana da Cultura Evang\u00e9lica, as seguintes \u00eanfases:<\/p>\n<ul>\n<li>\u2013 Dia do Pastor;<\/li>\n<li>\u2013 Dia do movimento das mulheres e homens evang\u00e9licos;<\/li>\n<li>\u2013 Dia do movimento dos jovens evang\u00e9licos;<\/li>\n<li>\u2013 Dia da M\u00fasica evang\u00e9lica;<\/li>\n<li>\u2013 Dia do teatro evang\u00e9lico e departamento infantil;<\/li>\n<li>\u2013 Dia da marcha para Jesus\/Dia Municipal do Evang\u00e9lico;<\/li>\n<li>\u2013 Dia da a\u00e7\u00e3o<\/li>\n<\/ul>\n<p>&nbsp;<\/p>\n<p><strong>Art. 4\u00ba\u00a0<\/strong>\u2013 A semana de que trata esta Lei, ser\u00e1 constitu\u00edda das diversas atividades e manifesta\u00e7\u00f5es religiosas, art\u00edsticas, culturais e sociais, al\u00e9m de trabalhos evangel\u00edsticos desenvolvidos pela comunidade evang\u00e9lica da cidade de Vila Flor\/RN, tendo a colabora\u00e7\u00e3o dos Poderes Legislativo e Executivo.<\/p>\n<p>&nbsp;<\/p>\n<p><strong>Art. 5\u00ba \u2013\u00a0<\/strong>A comemora\u00e7\u00e3o ora institu\u00edda passa a integrar o calend\u00e1rio oficial de datas e eventos da cidade de Vila Flor\/RN.<\/p>\n<p>&nbsp;<\/p>\n<p><strong>Art. 6\u00ba\u00a0<\/strong>\u2013 O evento poder\u00e1 contar com a participa\u00e7\u00e3o de todas as institui\u00e7\u00f5es evang\u00e9licas situadas na cidade de Vila Flor\/RN.<\/p>\n<p>&nbsp;<\/p>\n<p><strong>Art. 7\u00ba \u2013\u00a0<\/strong>A organiza\u00e7\u00e3o e coordena\u00e7\u00e3o do evento estar\u00e1 sob a responsabilidade da OMEG, Ordem de Pastores e L\u00edderes evang\u00e9licos de Vila Flor\/RN, da qual contara com a<\/p>\n<p>&nbsp;<\/p>\n<p>participa\u00e7\u00e3o de todos os Pastores, Pastoras e entidades evang\u00e9licas existentes no munic\u00edpio.<\/p>\n<p>&nbsp;<\/p>\n<p><strong>Art. 8\u00ba \u2013\u00a0<\/strong>A Secret\u00e1ria Municipal de Cultura, Esporte e Lazer dar\u00e1 apoio e suporte na organiza\u00e7\u00e3o dos eventos, para a execu\u00e7\u00e3o e realiza\u00e7\u00e3o da Semana Municipal da Cultura Evang\u00e9lica, e ced\u00eancia de espa\u00e7os e equipamentos p\u00fablicos.<\/p>\n<p><strong>Art. 9\u00ba \u2013\u00a0<\/strong>Esta Lei entra em vigor na data de sua publica\u00e7\u00e3o, revogando-se as disposi\u00e7\u00f5es em contr\u00e1rio.<\/p>\n<p>&nbsp;<\/p>\n<p>&nbsp;<\/p>\n<p>&nbsp;<\/p>\n<p>&nbsp;<\/p>\n<p>Vila Flor\/RN, 13 de janeiro de 2026.<\/p>\n<p>&nbsp;<\/p>\n<p><strong>Thuanne<\/strong>\u00a0<strong>Karla Carvalho<\/strong>\u00a0<strong>de<\/strong>\u00a0<strong>Souza<\/strong><\/p>\n<p><strong>Prefeita Municipal<\/strong><\/p>\n<p style=\"text-align: right;\"><strong>Publicado por:<\/strong><br \/>\nGRINALDO JOAQUIM DE SOUZA<br \/>\nSecret\u00e1rio Municipal de Administra\u00e7\u00e3o<br \/>\n<strong>C\u00f3digo Identificador:<\/strong>\u00a0AZS9RLQNJ9<\/p>\n<div class=\"pdfprnt-buttons pdfprnt-buttons-post pdfprnt-bottom-right\"><a href=\"https:\/\/vilaflor.rn.gov.br\/transparencia\/wp-json\/wp\/v2\/posts?page=8&print=pdf#038;print=pdf\" class=\"pdfprnt-button pdfprnt-button-pdf\" target=\"_blank\"><img decoding=\"async\" src=\"https:\/\/vilaflor.rn.gov.br\/transparencia\/wp-content\/plugins\/pdf-print\/images\/pdf.png\" alt=\"image_pdf\" title=\"Baixar PDF\" \/><\/a><a href=\"https:\/\/vilaflor.rn.gov.br\/transparencia\/wp-json\/wp\/v2\/posts?page=8&print=print#038;print=pdf\" class=\"pdfprnt-button pdfprnt-button-print\" target=\"_blank\"><img decoding=\"async\" src=\"https:\/\/vilaflor.rn.gov.br\/transparencia\/wp-content\/plugins\/pdf-print\/images\/print.png\" alt=\"image_print\" title=\"Conte\u00fado de impress\u00e3o\" \/><\/a><\/div>","protected":false},"excerpt":{"rendered":"<p>ESTADO DO RIO GRANDE DO NORTE PREFEITURA MUNICIPAL DE VILA FLOR Institui a Semana Municipal da Cultura Evang\u00e9lica e o Dia Municipal do Evang\u00e9lico. \u00a0 A PREFEITA MUNICIPAL DE VILA FLOR,\u00a0Estado do Rio Grande do Norte, no uso das atribui\u00e7\u00f5es que lhe s\u00e3o conferidas pela Lei Org\u00e2nica do Munic\u00edpio, faz saber que a C\u00e2mara Municipal [&hellip;]<\/p>\n","protected":false},"author":1,"featured_media":0,"comment_status":"open","ping_status":"open","sticky":false,"template":"","format":"standard","meta":{"ocean_post_layout":"","ocean_both_sidebars_style":"","ocean_both_sidebars_content_width":0,"ocean_both_sidebars_sidebars_width":0,"ocean_sidebar":"0","ocean_second_sidebar":"0","ocean_disable_margins":"enable","ocean_add_body_class":"","ocean_shortcode_before_top_bar":"","ocean_shortcode_after_top_bar":"","ocean_shortcode_before_header":"","ocean_shortcode_after_header":"","ocean_has_shortcode":"","ocean_shortcode_after_title":"","ocean_shortcode_before_footer_widgets":"","ocean_shortcode_after_footer_widgets":"","ocean_shortcode_before_footer_bottom":"","ocean_shortcode_after_footer_bottom":"","ocean_display_top_bar":"default","ocean_display_header":"default","ocean_header_style":"","ocean_center_header_left_menu":"0","ocean_custom_header_template":"0","ocean_custom_logo":0,"ocean_custom_retina_logo":0,"ocean_custom_logo_max_width":0,"ocean_custom_logo_tablet_max_width":0,"ocean_custom_logo_mobile_max_width":0,"ocean_custom_logo_max_height":0,"ocean_custom_logo_tablet_max_height":0,"ocean_custom_logo_mobile_max_height":0,"ocean_header_custom_menu":"0","ocean_menu_typo_font_family":"0","ocean_menu_typo_font_subset":"","ocean_menu_typo_font_size":0,"ocean_menu_typo_font_size_tablet":0,"ocean_menu_typo_font_size_mobile":0,"ocean_menu_typo_font_size_unit":"px","ocean_menu_typo_font_weight":"","ocean_menu_typo_font_weight_tablet":"","ocean_menu_typo_font_weight_mobile":"","ocean_menu_typo_transform":"","ocean_menu_typo_transform_tablet":"","ocean_menu_typo_transform_mobile":"","ocean_menu_typo_line_height":0,"ocean_menu_typo_line_height_tablet":0,"ocean_menu_typo_line_height_mobile":0,"ocean_menu_typo_line_height_unit":"","ocean_menu_typo_spacing":0,"ocean_menu_typo_spacing_tablet":0,"ocean_menu_typo_spacing_mobile":0,"ocean_menu_typo_spacing_unit":"","ocean_menu_link_color":"","ocean_menu_link_color_hover":"","ocean_menu_link_color_active":"","ocean_menu_link_background":"","ocean_menu_link_hover_background":"","ocean_menu_link_active_background":"","ocean_menu_social_links_bg":"","ocean_menu_social_hover_links_bg":"","ocean_menu_social_links_color":"","ocean_menu_social_hover_links_color":"","ocean_disable_title":"default","ocean_disable_heading":"default","ocean_post_title":"","ocean_post_subheading":"","ocean_post_title_style":"","ocean_post_title_background_color":"","ocean_post_title_background":0,"ocean_post_title_bg_image_position":"","ocean_post_title_bg_image_attachment":"","ocean_post_title_bg_image_repeat":"","ocean_post_title_bg_image_size":"","ocean_post_title_height":0,"ocean_post_title_bg_overlay":0.5,"ocean_post_title_bg_overlay_color":"","ocean_disable_breadcrumbs":"default","ocean_breadcrumbs_color":"","ocean_breadcrumbs_separator_color":"","ocean_breadcrumbs_links_color":"","ocean_breadcrumbs_links_hover_color":"","ocean_display_footer_widgets":"default","ocean_display_footer_bottom":"default","ocean_custom_footer_template":"0","ocean_post_oembed":"","ocean_post_self_hosted_media":"","ocean_post_video_embed":"","ocean_link_format":"","ocean_link_format_target":"self","ocean_quote_format":"","ocean_quote_format_link":"post","ocean_gallery_link_images":"on","ocean_gallery_id":[],"footnotes":""},"categories":[16,17,77],"tags":[],"class_list":["post-4141","post","type-post","status-publish","format-standard","hentry","category-legislacao","category-leis-municipais","category-leis-municipais-2026","entry"],"_links":{"self":[{"href":"https:\/\/vilaflor.rn.gov.br\/transparencia\/wp-json\/wp\/v2\/posts\/4141","targetHints":{"allow":["GET"]}}],"collection":[{"href":"https:\/\/vilaflor.rn.gov.br\/transparencia\/wp-json\/wp\/v2\/posts"}],"about":[{"href":"https:\/\/vilaflor.rn.gov.br\/transparencia\/wp-json\/wp\/v2\/types\/post"}],"author":[{"embeddable":true,"href":"https:\/\/vilaflor.rn.gov.br\/transparencia\/wp-json\/wp\/v2\/users\/1"}],"replies":[{"embeddable":true,"href":"https:\/\/vilaflor.rn.gov.br\/transparencia\/wp-json\/wp\/v2\/comments?post=4141"}],"version-history":[{"count":1,"href":"https:\/\/vilaflor.rn.gov.br\/transparencia\/wp-json\/wp\/v2\/posts\/4141\/revisions"}],"predecessor-version":[{"id":4142,"href":"https:\/\/vilaflor.rn.gov.br\/transparencia\/wp-json\/wp\/v2\/posts\/4141\/revisions\/4142"}],"wp:attachment":[{"href":"https:\/\/vilaflor.rn.gov.br\/transparencia\/wp-json\/wp\/v2\/media?parent=4141"}],"wp:term":[{"taxonomy":"category","embeddable":true,"href":"https:\/\/vilaflor.rn.gov.br\/transparencia\/wp-json\/wp\/v2\/categories?post=4141"},{"taxonomy":"post_tag","embeddable":true,"href":"https:\/\/vilaflor.rn.gov.br\/transparencia\/wp-json\/wp\/v2\/tags?post=4141"}],"curies":[{"name":"wp","href":"https:\/\/api.w.org\/{rel}","templated":true}]}},{"id":4138,"date":"2026-01-15T08:18:41","date_gmt":"2026-01-15T11:18:41","guid":{"rendered":"https:\/\/vilaflor.rn.gov.br\/transparencia\/?p=4138"},"modified":"2026-01-16T08:19:23","modified_gmt":"2026-01-16T11:19:23","slug":"termo-de-inexigibilidade-de-licitacao-n-003-2026","status":"publish","type":"post","link":"https:\/\/vilaflor.rn.gov.br\/transparencia\/termo-de-inexigibilidade-de-licitacao-n-003-2026\/","title":{"rendered":"TERMO DE INEXIGIBILIDADE DE LICITA\u00c7\u00c3O N\u00b0 003\/2026"},"content":{"rendered":"<p><strong>ESTADO DO RIO GRANDE DO NORTE<\/strong><br \/>\n<strong>PREFEITURA MUNICIPAL DE VILA FLOR<\/strong><\/p>\n<p>Fica dispensado da realiza\u00e7\u00e3o do certame licitat\u00f3rio para a Contrata\u00e7\u00e3o de pessoa jur\u00eddica para a realiza\u00e7\u00e3o da manuten\u00e7\u00e3o e revis\u00e3o de 1 (um) carro modelo POLO TRACK 1.0 (Chassi 9BWAG5R17ST087878), com intuito de manter a garantia do bem e para atender as necessidades da Secretaria Municipal de Sa\u00fade. Declaro o interessado NACIONAL VE\u00cdCULOS E SERVI\u00c7OS LTDA, CNPJ sob o N\u00b0 04.770.238\/0001-57, como apto e atestado para a execu\u00e7\u00e3o do servi\u00e7o em tela. O servi\u00e7o ser\u00e1 realizado sob a responsabilidade e fiscaliza\u00e7\u00e3o desta Prefeitura Municipal. A motiva\u00e7\u00e3o se d\u00e1 pelo pequeno valor da contrata\u00e7\u00e3o R$ 5.063,70 (Cinco mil, sessenta e tr\u00eas reais e setenta centavos) e em face de not\u00f3rio interesse p\u00fablico na execu\u00e7\u00e3o das atividades desempenhadas pela Administra\u00e7\u00e3o Municipal. As despesas decorrentes desta contrata\u00e7\u00e3o est\u00e3o programadas em dota\u00e7\u00e3o or\u00e7ament\u00e1ria pr\u00f3pria, prevista no or\u00e7amento do Munic\u00edpio de Vila Flor\/RN, para o exerc\u00edcio de 2025, na classifica\u00e7\u00e3o a seguir: Unidade or\u00e7ament\u00e1ria: Unidade gestora: 10 \u2013 Secretaria Municipal de Sa\u00fade; Unidade or\u00e7ament\u00e1ria: 10.002 \u2013 Fundo Municipal de Sa\u00fade; Projeto\/Atividade: 2061 \u2013 MANUTEN\u00c7\u00c3O DA SECRETARIA MUNICIPAL DE SA\u00daDE; Natureza da Despesa: 3.3.90.39.00 \u2013 Outros Servi\u00e7os de Terceiros \u2013 Pessoa Jur\u00eddica; 3.3.90.30.00 \u2013 Material de Uso e Consumo; Fonte de Recursos: 15000000 \u2013 Recursos n\u00e3o vinculados de impostos;<\/p>\n<p><strong>RATIFICA\u00c7\u00c3O<\/strong><\/p>\n<p>Ante o exposto, tendo em vista os fundamentos apresentados e a regularidade formal do Processo Administrativo n\u00b0 12010001\/2026, bem como seu enquadramento legal, que fundamenta a Lei Federal n\u00ba 14.133\/2021 e legisla\u00e7\u00e3o complementar e, ainda de conformidade com o resultado do presente certame, usando das atribui\u00e7\u00f5es que nos s\u00e3o conferidas, a Prefeita Municipal de Vila Flor\/RN, atrav\u00e9s da Secretaria Municipal de Sa\u00fade, no uso de suas atribui\u00e7\u00f5es legais e com base nas informa\u00e7\u00f5es constantes do processo de licita\u00e7\u00e3o em ep\u00edgrafe, resolve\u00a0<strong>RATIFICAR<\/strong>\u00a0o\u00a0<strong>TERMO DE INEXIGIBILIDADE DE LICITA\u00c7\u00c3O N\u00ba 003\/2026,\u00a0<\/strong>para que este produza seus legais efeitos.<\/p>\n<p>Publique-se.<\/p>\n<p>&nbsp;<\/p>\n<p>Vila Flor\/RN, em 15 de janeiro de 2026.<\/p>\n<p>&nbsp;<\/p>\n<p>_______________________________<\/p>\n<p>THUANNE KARLA CARVALHO DE SOUZA<\/p>\n<p><strong>Prefeita Municipal<\/strong><\/p>\n<p style=\"text-align: right;\"><strong>Publicado por:<\/strong><br \/>\nGRINALDO JOAQUIM DE SOUZA<br \/>\nSecret\u00e1rio Municipal de Administra\u00e7\u00e3o<br \/>\n<strong>C\u00f3digo Identificador:<\/strong>\u00a0GIQA8GPCB6<\/p>\n<div class=\"pdfprnt-buttons pdfprnt-buttons-post pdfprnt-bottom-right\"><a href=\"https:\/\/vilaflor.rn.gov.br\/transparencia\/wp-json\/wp\/v2\/posts?page=8&print=pdf#038;print=pdf\" class=\"pdfprnt-button pdfprnt-button-pdf\" target=\"_blank\"><img decoding=\"async\" src=\"https:\/\/vilaflor.rn.gov.br\/transparencia\/wp-content\/plugins\/pdf-print\/images\/pdf.png\" alt=\"image_pdf\" title=\"Baixar PDF\" \/><\/a><a href=\"https:\/\/vilaflor.rn.gov.br\/transparencia\/wp-json\/wp\/v2\/posts?page=8&print=print#038;print=pdf\" class=\"pdfprnt-button pdfprnt-button-print\" target=\"_blank\"><img decoding=\"async\" src=\"https:\/\/vilaflor.rn.gov.br\/transparencia\/wp-content\/plugins\/pdf-print\/images\/print.png\" alt=\"image_print\" title=\"Conte\u00fado de impress\u00e3o\" \/><\/a><\/div>","protected":false},"excerpt":{"rendered":"<p>ESTADO DO RIO GRANDE DO NORTE PREFEITURA MUNICIPAL DE VILA FLOR Fica dispensado da realiza\u00e7\u00e3o do certame licitat\u00f3rio para a Contrata\u00e7\u00e3o de pessoa jur\u00eddica para a realiza\u00e7\u00e3o da manuten\u00e7\u00e3o e revis\u00e3o de 1 (um) carro modelo POLO TRACK 1.0 (Chassi 9BWAG5R17ST087878), com intuito de manter a garantia do bem e para atender as necessidades da [&hellip;]<\/p>\n","protected":false},"author":1,"featured_media":0,"comment_status":"open","ping_status":"open","sticky":false,"template":"","format":"standard","meta":{"ocean_post_layout":"","ocean_both_sidebars_style":"","ocean_both_sidebars_content_width":0,"ocean_both_sidebars_sidebars_width":0,"ocean_sidebar":"0","ocean_second_sidebar":"0","ocean_disable_margins":"enable","ocean_add_body_class":"","ocean_shortcode_before_top_bar":"","ocean_shortcode_after_top_bar":"","ocean_shortcode_before_header":"","ocean_shortcode_after_header":"","ocean_has_shortcode":"","ocean_shortcode_after_title":"","ocean_shortcode_before_footer_widgets":"","ocean_shortcode_after_footer_widgets":"","ocean_shortcode_before_footer_bottom":"","ocean_shortcode_after_footer_bottom":"","ocean_display_top_bar":"default","ocean_display_header":"default","ocean_header_style":"","ocean_center_header_left_menu":"0","ocean_custom_header_template":"0","ocean_custom_logo":0,"ocean_custom_retina_logo":0,"ocean_custom_logo_max_width":0,"ocean_custom_logo_tablet_max_width":0,"ocean_custom_logo_mobile_max_width":0,"ocean_custom_logo_max_height":0,"ocean_custom_logo_tablet_max_height":0,"ocean_custom_logo_mobile_max_height":0,"ocean_header_custom_menu":"0","ocean_menu_typo_font_family":"0","ocean_menu_typo_font_subset":"","ocean_menu_typo_font_size":0,"ocean_menu_typo_font_size_tablet":0,"ocean_menu_typo_font_size_mobile":0,"ocean_menu_typo_font_size_unit":"px","ocean_menu_typo_font_weight":"","ocean_menu_typo_font_weight_tablet":"","ocean_menu_typo_font_weight_mobile":"","ocean_menu_typo_transform":"","ocean_menu_typo_transform_tablet":"","ocean_menu_typo_transform_mobile":"","ocean_menu_typo_line_height":0,"ocean_menu_typo_line_height_tablet":0,"ocean_menu_typo_line_height_mobile":0,"ocean_menu_typo_line_height_unit":"","ocean_menu_typo_spacing":0,"ocean_menu_typo_spacing_tablet":0,"ocean_menu_typo_spacing_mobile":0,"ocean_menu_typo_spacing_unit":"","ocean_menu_link_color":"","ocean_menu_link_color_hover":"","ocean_menu_link_color_active":"","ocean_menu_link_background":"","ocean_menu_link_hover_background":"","ocean_menu_link_active_background":"","ocean_menu_social_links_bg":"","ocean_menu_social_hover_links_bg":"","ocean_menu_social_links_color":"","ocean_menu_social_hover_links_color":"","ocean_disable_title":"default","ocean_disable_heading":"default","ocean_post_title":"","ocean_post_subheading":"","ocean_post_title_style":"","ocean_post_title_background_color":"","ocean_post_title_background":0,"ocean_post_title_bg_image_position":"","ocean_post_title_bg_image_attachment":"","ocean_post_title_bg_image_repeat":"","ocean_post_title_bg_image_size":"","ocean_post_title_height":0,"ocean_post_title_bg_overlay":0.5,"ocean_post_title_bg_overlay_color":"","ocean_disable_breadcrumbs":"default","ocean_breadcrumbs_color":"","ocean_breadcrumbs_separator_color":"","ocean_breadcrumbs_links_color":"","ocean_breadcrumbs_links_hover_color":"","ocean_display_footer_widgets":"default","ocean_display_footer_bottom":"default","ocean_custom_footer_template":"0","ocean_post_oembed":"","ocean_post_self_hosted_media":"","ocean_post_video_embed":"","ocean_link_format":"","ocean_link_format_target":"self","ocean_quote_format":"","ocean_quote_format_link":"post","ocean_gallery_link_images":"on","ocean_gallery_id":[],"footnotes":""},"categories":[12,74,4],"tags":[],"class_list":["post-4138","post","type-post","status-publish","format-standard","hentry","category-inexigibilidade","category-inexigibilidade-2026","category-licitacao","entry"],"_links":{"self":[{"href":"https:\/\/vilaflor.rn.gov.br\/transparencia\/wp-json\/wp\/v2\/posts\/4138","targetHints":{"allow":["GET"]}}],"collection":[{"href":"https:\/\/vilaflor.rn.gov.br\/transparencia\/wp-json\/wp\/v2\/posts"}],"about":[{"href":"https:\/\/vilaflor.rn.gov.br\/transparencia\/wp-json\/wp\/v2\/types\/post"}],"author":[{"embeddable":true,"href":"https:\/\/vilaflor.rn.gov.br\/transparencia\/wp-json\/wp\/v2\/users\/1"}],"replies":[{"embeddable":true,"href":"https:\/\/vilaflor.rn.gov.br\/transparencia\/wp-json\/wp\/v2\/comments?post=4138"}],"version-history":[{"count":1,"href":"https:\/\/vilaflor.rn.gov.br\/transparencia\/wp-json\/wp\/v2\/posts\/4138\/revisions"}],"predecessor-version":[{"id":4139,"href":"https:\/\/vilaflor.rn.gov.br\/transparencia\/wp-json\/wp\/v2\/posts\/4138\/revisions\/4139"}],"wp:attachment":[{"href":"https:\/\/vilaflor.rn.gov.br\/transparencia\/wp-json\/wp\/v2\/media?parent=4138"}],"wp:term":[{"taxonomy":"category","embeddable":true,"href":"https:\/\/vilaflor.rn.gov.br\/transparencia\/wp-json\/wp\/v2\/categories?post=4138"},{"taxonomy":"post_tag","embeddable":true,"href":"https:\/\/vilaflor.rn.gov.br\/transparencia\/wp-json\/wp\/v2\/tags?post=4138"}],"curies":[{"name":"wp","href":"https:\/\/api.w.org\/{rel}","templated":true}]}},{"id":4136,"date":"2026-01-14T08:17:44","date_gmt":"2026-01-14T11:17:44","guid":{"rendered":"https:\/\/vilaflor.rn.gov.br\/transparencia\/?p=4136"},"modified":"2026-01-16T08:18:28","modified_gmt":"2026-01-16T11:18:28","slug":"termo-de-dispensa-de-licitacao-n-002-2026","status":"publish","type":"post","link":"https:\/\/vilaflor.rn.gov.br\/transparencia\/termo-de-dispensa-de-licitacao-n-002-2026\/","title":{"rendered":"TERMO DE DISPENSA DE LICITA\u00c7\u00c3O N\u00b0 002\/2026"},"content":{"rendered":"<p><strong>ESTADO DO RIO GRANDE DO NORTE<\/strong><br \/>\n<strong>PREFEITURA MUNICIPAL DE VILA FLOR<\/strong><\/p>\n<p>Fica dispensada a realiza\u00e7\u00e3o do certame licitat\u00f3rio para a\u00a0<strong>CONTRATA\u00c7\u00c3O DE SERVI\u00c7OS ESPECIALIZADOS DE ASSESSORIA E CONSULTORIA T\u00c9CNICA AO DEPARTAMENTO DE CONTROLE INTERNO, COM VISTAS A AVALIAR E ORIENTAR A GEST\u00c3O OR\u00c7AMENT\u00c1RIA, FINANCEIRA E PATRIMONIAL, PARA CORRETA E RACIONAL UTILIZA\u00c7\u00c3O DOS RECURSOS E BENS P\u00daBLICOS<\/strong>. Declaro o interessado\u00a0<strong>HENRIQUE BRITO DE OLIVEIRA LTDA<\/strong>, CNPJ sob o n\u00b0\u00a0<strong>27.158.141\/0001-93<\/strong>, como apto e fornecedor da proposta mais vantajosa para a execu\u00e7\u00e3o do servi\u00e7o de natureza cont\u00ednua. O servi\u00e7o ser\u00e1 realizado sob a responsabilidade e fiscaliza\u00e7\u00e3o desta Prefeitura Municipal. A motiva\u00e7\u00e3o se d\u00e1 pelo pequeno valor da contrata\u00e7\u00e3o R$ 5.447,00 (Cinco mil, quatrocentos e quarenta e sete reais) mensais e em face de not\u00f3rio interesse p\u00fablico na execu\u00e7\u00e3o das atividades desempenhadas por esta Administra\u00e7\u00e3o P\u00fablica. As despesas decorrentes desta contrata\u00e7\u00e3o est\u00e3o programadas em dota\u00e7\u00e3o or\u00e7ament\u00e1ria pr\u00f3pria, prevista no or\u00e7amento do Munic\u00edpio de Vila Flor\/RN, para o exerc\u00edcio de 2025, na classifica\u00e7\u00e3o a seguir:\u00a0<strong>Classifica\u00e7\u00e3o econ\u00f4mica:\u00a0<\/strong>3.3.90.39.00 \u2013 Outros Servi\u00e7os de Terceiros \u2013 Pessoa Jur\u00eddica<strong>;\u00a0<\/strong><strong>\u00d3rg\u00e3o:\u00a0<\/strong>Prefeitura Municipal de Vila Flor;\u00a0<strong>Unidade Or\u00e7ament\u00e1ria:\u00a0<\/strong>03.001 \u2013 Secretaria Municipal de Administra\u00e7\u00e3o; Projeto Atividade: 2.007 \u2013 MANUTEN\u00c7\u00c3O DAS A\u00c7\u00d5ES DA SECRETARIA MUNICIPAL DE ADMINISTRA\u00c7\u00c3O; Fonte de Recurso: 15000000 \u2013 Recursos N\u00e3o Vinculados de Impostos.<\/p>\n<p>&nbsp;<\/p>\n<p><strong>RATIFICA\u00c7\u00c3O<\/strong><\/p>\n<p>&nbsp;<\/p>\n<p>Ante o exposto, tendo em vista os fundamentos apresentados e a regularidade formal do Processo Administrativo n\u00b0\u00a0<strong>29120002\/2025<\/strong>, bem como seu enquadramento legal, que fundamenta a Lei Federal n\u00ba 14.133\/2021 e legisla\u00e7\u00e3o complementar e, ainda de conformidade com o resultado do presente certame, usando das atribui\u00e7\u00f5es que nos s\u00e3o conferidas, a Prefeita Municipal de Vila Flor\/RN, atrav\u00e9s da Secretaria Municipal de Administra\u00e7\u00e3o, no uso de suas atribui\u00e7\u00f5es legais e com base nas informa\u00e7\u00f5es constantes do processo de licita\u00e7\u00e3o em ep\u00edgrafe, resolve\u00a0<strong>RATIFICAR<\/strong>\u00a0o\u00a0<strong>TERMO DE DISPENSA DE LICITA\u00c7\u00c3O N\u00ba 002\/2026,\u00a0<\/strong>para que este produza seus legais efeitos.<\/p>\n<p>&nbsp;<\/p>\n<p>Publique-se.<\/p>\n<p>&nbsp;<\/p>\n<p>Vila Flor\/RN, em 09 de janeiro de 2026.<\/p>\n<p>&nbsp;<\/p>\n<p>&nbsp;<\/p>\n<p>THUANNE KARLA CARVALHO DE SOUZA<\/p>\n<p><strong>Prefeita Municipal<\/strong><\/p>\n<p style=\"text-align: right;\"><strong>Publicado por:<\/strong><br \/>\nGRINALDO JOAQUIM DE SOUZA<br \/>\nSecret\u00e1rio Municipal de Administra\u00e7\u00e3o<br \/>\n<strong>C\u00f3digo Identificador:<\/strong>\u00a03A94AF53KB<\/p>\n<div class=\"pdfprnt-buttons pdfprnt-buttons-post pdfprnt-bottom-right\"><a href=\"https:\/\/vilaflor.rn.gov.br\/transparencia\/wp-json\/wp\/v2\/posts?page=8&print=pdf#038;print=pdf\" class=\"pdfprnt-button pdfprnt-button-pdf\" target=\"_blank\"><img decoding=\"async\" src=\"https:\/\/vilaflor.rn.gov.br\/transparencia\/wp-content\/plugins\/pdf-print\/images\/pdf.png\" alt=\"image_pdf\" title=\"Baixar PDF\" \/><\/a><a href=\"https:\/\/vilaflor.rn.gov.br\/transparencia\/wp-json\/wp\/v2\/posts?page=8&print=print#038;print=pdf\" class=\"pdfprnt-button pdfprnt-button-print\" target=\"_blank\"><img decoding=\"async\" src=\"https:\/\/vilaflor.rn.gov.br\/transparencia\/wp-content\/plugins\/pdf-print\/images\/print.png\" alt=\"image_print\" title=\"Conte\u00fado de impress\u00e3o\" \/><\/a><\/div>","protected":false},"excerpt":{"rendered":"<p>ESTADO DO RIO GRANDE DO NORTE PREFEITURA MUNICIPAL DE VILA FLOR Fica dispensada a realiza\u00e7\u00e3o do certame licitat\u00f3rio para a\u00a0CONTRATA\u00c7\u00c3O DE SERVI\u00c7OS ESPECIALIZADOS DE ASSESSORIA E CONSULTORIA T\u00c9CNICA AO DEPARTAMENTO DE CONTROLE INTERNO, COM VISTAS A AVALIAR E ORIENTAR A GEST\u00c3O OR\u00c7AMENT\u00c1RIA, FINANCEIRA E PATRIMONIAL, PARA CORRETA E RACIONAL UTILIZA\u00c7\u00c3O DOS RECURSOS E BENS P\u00daBLICOS. [&hellip;]<\/p>\n","protected":false},"author":1,"featured_media":0,"comment_status":"open","ping_status":"open","sticky":false,"template":"","format":"standard","meta":{"ocean_post_layout":"","ocean_both_sidebars_style":"","ocean_both_sidebars_content_width":0,"ocean_both_sidebars_sidebars_width":0,"ocean_sidebar":"0","ocean_second_sidebar":"0","ocean_disable_margins":"enable","ocean_add_body_class":"","ocean_shortcode_before_top_bar":"","ocean_shortcode_after_top_bar":"","ocean_shortcode_before_header":"","ocean_shortcode_after_header":"","ocean_has_shortcode":"","ocean_shortcode_after_title":"","ocean_shortcode_before_footer_widgets":"","ocean_shortcode_after_footer_widgets":"","ocean_shortcode_before_footer_bottom":"","ocean_shortcode_after_footer_bottom":"","ocean_display_top_bar":"default","ocean_display_header":"default","ocean_header_style":"","ocean_center_header_left_menu":"0","ocean_custom_header_template":"0","ocean_custom_logo":0,"ocean_custom_retina_logo":0,"ocean_custom_logo_max_width":0,"ocean_custom_logo_tablet_max_width":0,"ocean_custom_logo_mobile_max_width":0,"ocean_custom_logo_max_height":0,"ocean_custom_logo_tablet_max_height":0,"ocean_custom_logo_mobile_max_height":0,"ocean_header_custom_menu":"0","ocean_menu_typo_font_family":"0","ocean_menu_typo_font_subset":"","ocean_menu_typo_font_size":0,"ocean_menu_typo_font_size_tablet":0,"ocean_menu_typo_font_size_mobile":0,"ocean_menu_typo_font_size_unit":"px","ocean_menu_typo_font_weight":"","ocean_menu_typo_font_weight_tablet":"","ocean_menu_typo_font_weight_mobile":"","ocean_menu_typo_transform":"","ocean_menu_typo_transform_tablet":"","ocean_menu_typo_transform_mobile":"","ocean_menu_typo_line_height":0,"ocean_menu_typo_line_height_tablet":0,"ocean_menu_typo_line_height_mobile":0,"ocean_menu_typo_line_height_unit":"","ocean_menu_typo_spacing":0,"ocean_menu_typo_spacing_tablet":0,"ocean_menu_typo_spacing_mobile":0,"ocean_menu_typo_spacing_unit":"","ocean_menu_link_color":"","ocean_menu_link_color_hover":"","ocean_menu_link_color_active":"","ocean_menu_link_background":"","ocean_menu_link_hover_background":"","ocean_menu_link_active_background":"","ocean_menu_social_links_bg":"","ocean_menu_social_hover_links_bg":"","ocean_menu_social_links_color":"","ocean_menu_social_hover_links_color":"","ocean_disable_title":"default","ocean_disable_heading":"default","ocean_post_title":"","ocean_post_subheading":"","ocean_post_title_style":"","ocean_post_title_background_color":"","ocean_post_title_background":0,"ocean_post_title_bg_image_position":"","ocean_post_title_bg_image_attachment":"","ocean_post_title_bg_image_repeat":"","ocean_post_title_bg_image_size":"","ocean_post_title_height":0,"ocean_post_title_bg_overlay":0.5,"ocean_post_title_bg_overlay_color":"","ocean_disable_breadcrumbs":"default","ocean_breadcrumbs_color":"","ocean_breadcrumbs_separator_color":"","ocean_breadcrumbs_links_color":"","ocean_breadcrumbs_links_hover_color":"","ocean_display_footer_widgets":"default","ocean_display_footer_bottom":"default","ocean_custom_footer_template":"0","ocean_post_oembed":"","ocean_post_self_hosted_media":"","ocean_post_video_embed":"","ocean_link_format":"","ocean_link_format_target":"self","ocean_quote_format":"","ocean_quote_format_link":"post","ocean_gallery_link_images":"on","ocean_gallery_id":[],"footnotes":""},"categories":[13,76,4],"tags":[],"class_list":["post-4136","post","type-post","status-publish","format-standard","hentry","category-dispensa-de-licitacao","category-dispensa-de-licitacao-2026","category-licitacao","entry"],"_links":{"self":[{"href":"https:\/\/vilaflor.rn.gov.br\/transparencia\/wp-json\/wp\/v2\/posts\/4136","targetHints":{"allow":["GET"]}}],"collection":[{"href":"https:\/\/vilaflor.rn.gov.br\/transparencia\/wp-json\/wp\/v2\/posts"}],"about":[{"href":"https:\/\/vilaflor.rn.gov.br\/transparencia\/wp-json\/wp\/v2\/types\/post"}],"author":[{"embeddable":true,"href":"https:\/\/vilaflor.rn.gov.br\/transparencia\/wp-json\/wp\/v2\/users\/1"}],"replies":[{"embeddable":true,"href":"https:\/\/vilaflor.rn.gov.br\/transparencia\/wp-json\/wp\/v2\/comments?post=4136"}],"version-history":[{"count":1,"href":"https:\/\/vilaflor.rn.gov.br\/transparencia\/wp-json\/wp\/v2\/posts\/4136\/revisions"}],"predecessor-version":[{"id":4137,"href":"https:\/\/vilaflor.rn.gov.br\/transparencia\/wp-json\/wp\/v2\/posts\/4136\/revisions\/4137"}],"wp:attachment":[{"href":"https:\/\/vilaflor.rn.gov.br\/transparencia\/wp-json\/wp\/v2\/media?parent=4136"}],"wp:term":[{"taxonomy":"category","embeddable":true,"href":"https:\/\/vilaflor.rn.gov.br\/transparencia\/wp-json\/wp\/v2\/categories?post=4136"},{"taxonomy":"post_tag","embeddable":true,"href":"https:\/\/vilaflor.rn.gov.br\/transparencia\/wp-json\/wp\/v2\/tags?post=4136"}],"curies":[{"name":"wp","href":"https:\/\/api.w.org\/{rel}","templated":true}]}},{"id":4134,"date":"2026-01-14T08:15:56","date_gmt":"2026-01-14T11:15:56","guid":{"rendered":"https:\/\/vilaflor.rn.gov.br\/transparencia\/?p=4134"},"modified":"2026-01-16T08:17:26","modified_gmt":"2026-01-16T11:17:26","slug":"primeiro-termo-aditivo-ao-contrato-administrativo-no-002-2025","status":"publish","type":"post","link":"https:\/\/vilaflor.rn.gov.br\/transparencia\/primeiro-termo-aditivo-ao-contrato-administrativo-no-002-2025\/","title":{"rendered":"PRIMEIRO TERMO ADITIVO AO CONTRATO ADMINISTRATIVO N\u00ba 002\/2025"},"content":{"rendered":"<p><strong>ESTADO DO RIO GRANDE DO NORTE<\/strong><br \/>\n<strong>PREFEITURA MUNICIPAL DE VILA FLOR<\/strong><\/p>\n<p>&nbsp;<\/p>\n<p>A PREFEITURA MUNICIPAL DE VILA FLOR, inscrito(a) no CNPJ sob o n\u00ba 08.169.278\/0001-07, com sede na RUA JOSE CALAZANS, 169, CENTRO, VILA FLOR\/RN, CEP 59.192-000 representado por THUANNE KARLA CARVALHO DE SOUZA, PREFEITA MUNICIPAL, doravante denominado(a) CONTRATANTE, e a detentora \u00e9 a empresa\u00a0<strong>R H BIO COMERCIO E SERVICO EM EQUIPAMENTOS BIOMEDICOS LTDA<\/strong>, inscrita no CNPJ sob o n\u00ba\u00a0<strong>36.920.896\/0001-74<\/strong>, com sede no Rua Nova Jerusal\u00e9m, 11, Centro, Extremoz\/RN, CEP 59.575-000, tendo em vista o que consta no Processo n\u00ba 18110001\/2024 e em observ\u00e2ncia \u00e0s disposi\u00e7\u00f5es da Lei n\u00ba 14.133, de 1\u00ba de abril de 2021, e demais legisla\u00e7\u00e3o aplic\u00e1vel, resolvem celebrar o presente Termo Aditivo ao Contrato n\u00ba 002\/2025, mediante as cl\u00e1usulas e condi\u00e7\u00f5es a seguir enunciadas:<\/p>\n<ol>\n<li><strong>CL\u00c1USULA PRIMEIRA \u2013 OBJETO<\/strong><\/li>\n<\/ol>\n<p>1.1.\u00a0\u00a0\u00a0\u00a0 O presente termo aditivo tem por objeto a prorroga\u00e7\u00e3o do prazo de vig\u00eancia do Contrato por mais 12 (Doze) meses, a partir de 13 de janeiro de 2026 a 12 de janeiro de 2027, podendo ser prorrogado sucessivamente, respeitada a vig\u00eancia m\u00e1xima decenal, na forma do artigo 107 da Lei n\u00ba 14.133, de 2021<\/p>\n<ol start=\"2\">\n<li><strong>CL\u00c1USULA SEGUNDA \u2013 PRE\u00c7O<\/strong><\/li>\n<\/ol>\n<p><strong>2.1.\u00a0\u00a0\u00a0\u00a0\u00a0<\/strong>O CONTRATANTE pagar\u00e1 ao CONTRATADO pela execu\u00e7\u00e3o do objeto deste Contrato o valor global de R$ 57.200,00 (Cinquenta e sete mil e duzentos reais), conforme descrito na Cl\u00e1usula Quinta do Contrato.<\/p>\n<p><strong>2.2.<\/strong>\u00a0\u00a0\u00a0\u00a0 O valor acima \u00e9 meramente estimativo, de forma que os pagamentos devidos ao CONTRATADO depender\u00e3o dos quantitativos efetivamente prestados.<\/p>\n<ol start=\"3\">\n<li><strong>CL\u00c1USULA TERCEIRA \u2013 DOTA\u00c7\u00c3O OR\u00c7AMENT\u00c1RIA<\/strong><\/li>\n<\/ol>\n<p><strong>3.1.\u00a0\u00a0\u00a0\u00a0\u00a0<\/strong>As despesas decorrentes do presente termo aditivo correr\u00e3o \u00e0 conta de recursos espec\u00edficos consignados no Or\u00e7amento Geral da Prefeitura Municipal deste exerc\u00edcio, na dota\u00e7\u00e3o abaixo discriminada:<\/p>\n<p><strong>Gest\u00e3o\/Unidade: \u00a0\u00a0\u00a0\u00a0\u00a0\u00a0\u00a0\u00a0\u00a0\u00a0\u00a0\u00a0\u00a0\u00a0\u00a0\u00a0\u00a0<\/strong>10.002 \u2013 FUNDO MUNICIPAL DE SA\u00daDE<\/p>\n<p><strong>Fonte de Recursos:\u00a0 \u00a0\u00a0\u00a0\u00a0\u00a0\u00a0\u00a0\u00a0\u00a0\u00a0<\/strong>1500100200 \u2013 Receita de Impostos e Transfer\u00eancia \u2013 Sa\u00fade<\/p>\n<p><strong>Programa de Trabalho: \u00a0\u00a0\u00a0\u00a0\u00a0<\/strong>2.063 \u2013 Manuten\u00e7\u00e3o das A\u00e7\u00f5es do Fundo Municipal de Sa\u00fade \u2013 FMS<\/p>\n<p><strong>Elemento de Despesa: \u00a0\u00a0\u00a0\u00a0\u00a0\u00a0<\/strong>3.3.90.39.00 \u2013 Outros Servi\u00e7os de Terceiros \u2013 Pessoa Jur\u00eddica<\/p>\n<p><strong>\u00a0<\/strong><\/p>\n<p><strong>3.2.\u00a0\u00a0\u00a0\u00a0\u00a0<\/strong>A dota\u00e7\u00e3o relativa aos exerc\u00edcios financeiros subsequentes ser\u00e1 indicada ap\u00f3s aprova\u00e7\u00e3o da Lei Or\u00e7ament\u00e1ria respectiva e libera\u00e7\u00e3o dos cr\u00e9ditos correspondentes, mediante apostilamento.<\/p>\n<p>&nbsp;<\/p>\n<ol start=\"4\">\n<li><strong>CL\u00c1USULA QUINTA \u2013 PRODU\u00c7\u00c3O DOS EFEITOS<\/strong><\/li>\n<\/ol>\n<p><strong>\u00a0<\/strong><\/p>\n<ul>\n<li>O presente termo aditivo produzir\u00e1 efeitos a partir 13 de janeiro de 2026;<\/li>\n<\/ul>\n<p><strong>\u00a0<\/strong><\/p>\n<ol start=\"5\">\n<li><strong>CL\u00c1USULA SEXTA \u2013RATIFICA\u00c7\u00c3O<\/strong><\/li>\n<\/ol>\n<p><strong>\u00a0<\/strong><\/p>\n<ul>\n<li>Ficam mantidas e ratificadas as demais cl\u00e1usulas e condi\u00e7\u00f5es do contrato origin\u00e1rio, naquilo que n\u00e3o contrariem o presente termo aditivo.<\/li>\n<\/ul>\n<p><strong>\u00a0<\/strong><\/p>\n<ol start=\"6\">\n<li><strong>CL\u00c1USULA S\u00c9TIMA \u2013 PUBLICA\u00c7\u00c3O<\/strong><\/li>\n<\/ol>\n<p><strong>\u00a0<\/strong><\/p>\n<ul>\n<li>Incumbir\u00e1 ao contratante divulgar o presente instrumento no Portal Nacional de Contrata\u00e7\u00f5es P\u00fablicas (PNCP), na forma prevista no art. 94 da Lei n\u00ba 14.133, de 2021, bem como no respectivo s\u00edtio oficial na Internet, em aten\u00e7\u00e3o ao art. 91, caput, da Lei n\u00ba 14.133, de 2021, e ao art. 8\u00ba, \u00a72\u00ba, da Lei n\u00ba 12.527, de 2011, c\/c art. 7\u00ba, \u00a73\u00ba, inciso V, do Decreto n\u00ba 7.724, de 2012.<\/li>\n<\/ul>\n<p>&nbsp;<\/p>\n<p>Vila Flor\/RN, em 12 de janeiro de 2026.<\/p>\n<p>&nbsp;<\/p>\n<p>&nbsp;<\/p>\n<p><strong>PREFEITURA MUNICIPAL DE VILA FLOR<\/strong><\/p>\n<p><strong>CNPJ(MF)\u00a0 08.169.278\/0001-07<\/strong><\/p>\n<p><strong>CONTRATANTE<\/strong><\/p>\n<p><strong>\u00a0<\/strong><\/p>\n<p><strong>\u00a0<\/strong><\/p>\n<p><strong>\u00a0<\/strong><\/p>\n<p><strong>\u00a0<\/strong><\/p>\n<p><strong>R H BIO COMERCIO E SERVICO EM EQUIPAMENTOS BIOMEDICOS LTDA<\/strong><\/p>\n<p><strong>\u00a0<\/strong><\/p>\n<p>&nbsp;<\/p>\n<p><strong>CNPJ N\u00ba<\/strong>\u00a0<strong>36.920.896\/0001-74<\/strong><\/p>\n<p><strong>CONTRATADA<\/strong><\/p>\n<p style=\"text-align: right;\"><strong>Publicado por:<\/strong><\/p>\n<p style=\"text-align: right;\">GRINALDO JOAQUIM DE SOUZA<\/p>\n<p style=\"text-align: right;\">Secret\u00e1rio Municipal de Administra\u00e7\u00e3o<\/p>\n<p style=\"text-align: right;\"><strong>C\u00f3digo Identificador: <\/strong>CBKOZTXF1U<\/p>\n<div class=\"pdfprnt-buttons pdfprnt-buttons-post pdfprnt-bottom-right\"><a href=\"https:\/\/vilaflor.rn.gov.br\/transparencia\/wp-json\/wp\/v2\/posts?page=8&print=pdf#038;print=pdf\" class=\"pdfprnt-button pdfprnt-button-pdf\" target=\"_blank\"><img decoding=\"async\" src=\"https:\/\/vilaflor.rn.gov.br\/transparencia\/wp-content\/plugins\/pdf-print\/images\/pdf.png\" alt=\"image_pdf\" title=\"Baixar PDF\" \/><\/a><a href=\"https:\/\/vilaflor.rn.gov.br\/transparencia\/wp-json\/wp\/v2\/posts?page=8&print=print#038;print=pdf\" class=\"pdfprnt-button pdfprnt-button-print\" target=\"_blank\"><img decoding=\"async\" src=\"https:\/\/vilaflor.rn.gov.br\/transparencia\/wp-content\/plugins\/pdf-print\/images\/print.png\" alt=\"image_print\" title=\"Conte\u00fado de impress\u00e3o\" \/><\/a><\/div>","protected":false},"excerpt":{"rendered":"<p>ESTADO DO RIO GRANDE DO NORTE PREFEITURA MUNICIPAL DE VILA FLOR &nbsp; A PREFEITURA MUNICIPAL DE VILA FLOR, inscrito(a) no CNPJ sob o n\u00ba 08.169.278\/0001-07, com sede na RUA JOSE CALAZANS, 169, CENTRO, VILA FLOR\/RN, CEP 59.192-000 representado por THUANNE KARLA CARVALHO DE SOUZA, PREFEITA MUNICIPAL, doravante denominado(a) CONTRATANTE, e a detentora \u00e9 a empresa\u00a0R [&hellip;]<\/p>\n","protected":false},"author":1,"featured_media":0,"comment_status":"open","ping_status":"open","sticky":false,"template":"","format":"standard","meta":{"ocean_post_layout":"","ocean_both_sidebars_style":"","ocean_both_sidebars_content_width":0,"ocean_both_sidebars_sidebars_width":0,"ocean_sidebar":"0","ocean_second_sidebar":"0","ocean_disable_margins":"enable","ocean_add_body_class":"","ocean_shortcode_before_top_bar":"","ocean_shortcode_after_top_bar":"","ocean_shortcode_before_header":"","ocean_shortcode_after_header":"","ocean_has_shortcode":"","ocean_shortcode_after_title":"","ocean_shortcode_before_footer_widgets":"","ocean_shortcode_after_footer_widgets":"","ocean_shortcode_before_footer_bottom":"","ocean_shortcode_after_footer_bottom":"","ocean_display_top_bar":"default","ocean_display_header":"default","ocean_header_style":"","ocean_center_header_left_menu":"0","ocean_custom_header_template":"0","ocean_custom_logo":0,"ocean_custom_retina_logo":0,"ocean_custom_logo_max_width":0,"ocean_custom_logo_tablet_max_width":0,"ocean_custom_logo_mobile_max_width":0,"ocean_custom_logo_max_height":0,"ocean_custom_logo_tablet_max_height":0,"ocean_custom_logo_mobile_max_height":0,"ocean_header_custom_menu":"0","ocean_menu_typo_font_family":"0","ocean_menu_typo_font_subset":"","ocean_menu_typo_font_size":0,"ocean_menu_typo_font_size_tablet":0,"ocean_menu_typo_font_size_mobile":0,"ocean_menu_typo_font_size_unit":"px","ocean_menu_typo_font_weight":"","ocean_menu_typo_font_weight_tablet":"","ocean_menu_typo_font_weight_mobile":"","ocean_menu_typo_transform":"","ocean_menu_typo_transform_tablet":"","ocean_menu_typo_transform_mobile":"","ocean_menu_typo_line_height":0,"ocean_menu_typo_line_height_tablet":0,"ocean_menu_typo_line_height_mobile":0,"ocean_menu_typo_line_height_unit":"","ocean_menu_typo_spacing":0,"ocean_menu_typo_spacing_tablet":0,"ocean_menu_typo_spacing_mobile":0,"ocean_menu_typo_spacing_unit":"","ocean_menu_link_color":"","ocean_menu_link_color_hover":"","ocean_menu_link_color_active":"","ocean_menu_link_background":"","ocean_menu_link_hover_background":"","ocean_menu_link_active_background":"","ocean_menu_social_links_bg":"","ocean_menu_social_hover_links_bg":"","ocean_menu_social_links_color":"","ocean_menu_social_hover_links_color":"","ocean_disable_title":"default","ocean_disable_heading":"default","ocean_post_title":"","ocean_post_subheading":"","ocean_post_title_style":"","ocean_post_title_background_color":"","ocean_post_title_background":0,"ocean_post_title_bg_image_position":"","ocean_post_title_bg_image_attachment":"","ocean_post_title_bg_image_repeat":"","ocean_post_title_bg_image_size":"","ocean_post_title_height":0,"ocean_post_title_bg_overlay":0.5,"ocean_post_title_bg_overlay_color":"","ocean_disable_breadcrumbs":"default","ocean_breadcrumbs_color":"","ocean_breadcrumbs_separator_color":"","ocean_breadcrumbs_links_color":"","ocean_breadcrumbs_links_hover_color":"","ocean_display_footer_widgets":"default","ocean_display_footer_bottom":"default","ocean_custom_footer_template":"0","ocean_post_oembed":"","ocean_post_self_hosted_media":"","ocean_post_video_embed":"","ocean_link_format":"","ocean_link_format_target":"self","ocean_quote_format":"","ocean_quote_format_link":"post","ocean_gallery_link_images":"on","ocean_gallery_id":[],"footnotes":""},"categories":[58,75,4],"tags":[],"class_list":["post-4134","post","type-post","status-publish","format-standard","hentry","category-contratos","category-contratos-2026","category-licitacao","entry"],"_links":{"self":[{"href":"https:\/\/vilaflor.rn.gov.br\/transparencia\/wp-json\/wp\/v2\/posts\/4134","targetHints":{"allow":["GET"]}}],"collection":[{"href":"https:\/\/vilaflor.rn.gov.br\/transparencia\/wp-json\/wp\/v2\/posts"}],"about":[{"href":"https:\/\/vilaflor.rn.gov.br\/transparencia\/wp-json\/wp\/v2\/types\/post"}],"author":[{"embeddable":true,"href":"https:\/\/vilaflor.rn.gov.br\/transparencia\/wp-json\/wp\/v2\/users\/1"}],"replies":[{"embeddable":true,"href":"https:\/\/vilaflor.rn.gov.br\/transparencia\/wp-json\/wp\/v2\/comments?post=4134"}],"version-history":[{"count":1,"href":"https:\/\/vilaflor.rn.gov.br\/transparencia\/wp-json\/wp\/v2\/posts\/4134\/revisions"}],"predecessor-version":[{"id":4135,"href":"https:\/\/vilaflor.rn.gov.br\/transparencia\/wp-json\/wp\/v2\/posts\/4134\/revisions\/4135"}],"wp:attachment":[{"href":"https:\/\/vilaflor.rn.gov.br\/transparencia\/wp-json\/wp\/v2\/media?parent=4134"}],"wp:term":[{"taxonomy":"category","embeddable":true,"href":"https:\/\/vilaflor.rn.gov.br\/transparencia\/wp-json\/wp\/v2\/categories?post=4134"},{"taxonomy":"post_tag","embeddable":true,"href":"https:\/\/vilaflor.rn.gov.br\/transparencia\/wp-json\/wp\/v2\/tags?post=4134"}],"curies":[{"name":"wp","href":"https:\/\/api.w.org\/{rel}","templated":true}]}},{"id":4132,"date":"2026-01-13T11:29:51","date_gmt":"2026-01-13T14:29:51","guid":{"rendered":"https:\/\/vilaflor.rn.gov.br\/transparencia\/?p=4132"},"modified":"2026-01-13T11:30:37","modified_gmt":"2026-01-13T14:30:37","slug":"primeiro-termo-aditivo-ao-contrato-no-052-2025","status":"publish","type":"post","link":"https:\/\/vilaflor.rn.gov.br\/transparencia\/primeiro-termo-aditivo-ao-contrato-no-052-2025\/","title":{"rendered":"PRIMEIRO TERMO ADITIVO AO CONTRATO N\u00ba 052\/2025"},"content":{"rendered":"<p><strong>ESTADO DO RIO GRANDE DO NORTE<\/strong><br \/>\n<strong>PREFEITURA MUNICIPAL DE VILA FLOR<\/strong><\/p>\n<p>A Prefeitura Municipal de Vila Flor\/RN, com sede a Rua Jos\u00e9 Calazans, 169, Centro, Vila Flor\/RN, CEP 59.192-000, inscrito(a) no CNPJ\/MF sob o n\u00ba 08.169.278\/0001-07, neste ato representado(a) pelo(a) Prefeita Constitucional Thuanne Karla Carvalho de Souza, inscrito(a) no CPF sob o n\u00ba 084.453.074-36, doravante denominado CONTRATANTE, e a detentora \u00e9 a empresa TIAGO BERTO DOS SANTOS com o CNPJ sob o n\u00b0 97.519.321\/0001-39, situada a RUA 31 DE MARCO, 00030 \u2013 CENTRO \u2013 PEDRO VELHO \u2013 RN \u2013 CEP: 59196-000, que apresentou os documentos exigidos por lei, neste ato representado pelo Sr. TIAGO BERTO DOS SANTOS, CPF n\u00ba 055.805.354-81 e em observ\u00e2ncia \u00e0s disposi\u00e7\u00f5es da Lei n\u00ba 14.133, de 1\u00ba de abril de 2021, e demais legisla\u00e7\u00e3o aplic\u00e1vel, resolvem celebrar o presente Termo Aditivo ao Contrato n\u00ba 052\/2025, mediante as cl\u00e1usulas e condi\u00e7\u00f5es a seguir enunciadas.<\/p>\n<ol>\n<li>CL\u00c1USULA PRIMEIRA \u2013 OBJETO\n<ul>\n<li>O presente termo aditivo tem por objeto a prorroga\u00e7\u00e3o do prazo de vig\u00eancia do Contrato por mais\u00a0<em>60 (Sessenta) dias<\/em>, a partir de\u00a0<em>09 de janeiro de 2026\u00a0<\/em>at\u00e9\u00a0<em>10 de mar\u00e7o de 2026<\/em>, na forma do artigo 107 da Lei n\u00ba 14.133, de 2021.<\/li>\n<\/ul>\n<\/li>\n<li>CL\u00c1USULA SEGUNDA \u2013 PRE\u00c7O\n<ul>\n<li>O CONTRATANTE pagar\u00e1 ao CONTRATADO pela execu\u00e7\u00e3o do objeto deste Contrato o valor global de R$\u00a0<em>720,00<\/em>\u00a0(<em>Dezesseis mil, setecentos e vinte reais<\/em>), conforme descrito na Cl\u00e1usula do Contrato.<\/li>\n<li>O valor acima \u00e9 meramente estimativo, de forma que os pagamentos devidos ao CONTRATADO depender\u00e3o dos quantitativos efetivamente prestados.<\/li>\n<\/ul>\n<\/li>\n<li>CL\u00c1USULA TERCEIRA \u2013 DOTA\u00c7\u00c3O OR\u00c7AMENT\u00c1RIA\n<ul>\n<li>As despesas decorrentes do presente termo aditivo correr\u00e3o \u00e0 conta de recursos espec\u00edficos consignados no Or\u00e7amento Geral deste exerc\u00edcio, na dota\u00e7\u00e3o abaixo discriminada:<\/li>\n<\/ul>\n<\/li>\n<\/ol>\n<p>Classifica\u00e7\u00e3o econ\u00f4mica: 33.90.30.00 \u2013 Material de Consumo<\/p>\n<p>&nbsp;<\/p>\n<p>\u00d3rg\u00e3o: \u00a0\u00a0\u00a0\u00a0\u00a0\u00a0\u00a0\u00a0\u00a0\u00a0\u00a0\u00a0\u00a0\u00a0\u00a0\u00a0\u00a0\u00a0\u00a0\u00a0\u00a0\u00a0\u00a0\u00a0\u00a0\u00a0\u00a0\u00a0\u00a0\u00a0\u00a0\u00a0\u00a0 03 \u2013 Secretaria Municipal de Administra\u00e7\u00e3o<\/p>\n<p>Unidade Or\u00e7ament\u00e1ria: \u00a0\u00a0\u00a0\u00a0 0301 \u2013 Secretaria Municipal de Administra\u00e7\u00e3o<\/p>\n<p>Projeto Atividade: \u00a0\u00a0\u00a0\u00a0\u00a0\u00a0\u00a0\u00a0\u00a0\u00a0\u00a0\u00a0\u00a0\u00a0 2007 \u2013 Manuten\u00e7\u00e3o das A\u00e7\u00f5es da Secretaria Municipal de Administra\u00e7\u00e3o<\/p>\n<p>Fonte de Recurso: \u00a0\u00a0\u00a0\u00a0\u00a0\u00a0\u00a0\u00a0\u00a0\u00a0\u00a0\u00a0 15000000 \u2013 Recursos N\u00e3o Vinculados de Impostos<\/p>\n<p>17040000 \u2013 Transfer\u00eancia da Uni\u00e3o de Royalties de Petr\u00f3leo e G\u00e1s<\/p>\n<p>17050000 \u2013 Transfer\u00eancia do Estado de Royalties de Petr\u00f3leo e G\u00e1s<\/p>\n<p>17180000 \u2013 Aux\u00edlio financeiro \u2013 Cr\u00e9dito tribut\u00e1rio do ICMS<\/p>\n<p>&nbsp;<\/p>\n<p>\u00d3rg\u00e3o: \u00a0\u00a0\u00a0\u00a0\u00a0\u00a0\u00a0\u00a0\u00a0\u00a0\u00a0\u00a0\u00a0\u00a0\u00a0\u00a0\u00a0\u00a0\u00a0\u00a0\u00a0\u00a0\u00a0\u00a0\u00a0\u00a0\u00a0\u00a0\u00a0\u00a0\u00a0\u00a0\u00a0 02 \u2013 Gabinete da Prefeita<\/p>\n<p>Unidade Or\u00e7ament\u00e1ria: \u00a0\u00a0\u00a0\u00a0 0201 \u2013 Gabinete da Prefeita<\/p>\n<p>&nbsp;<\/p>\n<p>Projeto Atividade: \u00a0\u00a0\u00a0\u00a0\u00a0\u00a0\u00a0\u00a0\u00a0\u00a0\u00a0\u00a0\u00a0\u00a0 2005 \u2013 Manuten\u00e7\u00e3o das A\u00e7\u00f5es do Conselho Tutelar da Crian\u00e7a e do Adolescente<\/p>\n<p>Fonte de Recurso: \u00a0\u00a0\u00a0\u00a0\u00a0\u00a0\u00a0\u00a0\u00a0\u00a0\u00a0\u00a0 15000000 \u2013 Recursos N\u00e3o Vinculados de Impostos<\/p>\n<p>&nbsp;<\/p>\n<p>\u00d3rg\u00e3o: \u00a0\u00a0\u00a0\u00a0\u00a0\u00a0\u00a0\u00a0\u00a0\u00a0\u00a0\u00a0\u00a0\u00a0\u00a0\u00a0\u00a0\u00a0\u00a0\u00a0\u00a0\u00a0\u00a0\u00a0\u00a0\u00a0\u00a0\u00a0\u00a0\u00a0\u00a0\u00a0\u00a0 05 \u2013 Secretaria Municipal de Agrucultura<\/p>\n<p>Unidade Or\u00e7ament\u00e1ria: \u00a0\u00a0\u00a0\u00a0 0501 \u2013 Secretaria Municipal de Agrucultura<\/p>\n<p>&nbsp;<\/p>\n<p>Projeto Atividade: \u00a0\u00a0\u00a0\u00a0\u00a0\u00a0\u00a0\u00a0\u00a0\u00a0\u00a0\u00a0\u00a0\u00a0 2013 \u2013 Manuten\u00e7\u00e3o das A\u00e7\u00f5es da Secretaria Municipal de Agrucultura<\/p>\n<p>Fonte de Recurso: \u00a0\u00a0\u00a0\u00a0\u00a0\u00a0\u00a0\u00a0\u00a0\u00a0\u00a0\u00a0 15000000 \u2013 Recursos N\u00e3o Vinculados de Impostos<\/p>\n<p>17040000 \u2013 Transfer\u00eancia da Uni\u00e3o de Royalties de Petr\u00f3leo e G\u00e1s<\/p>\n<p>17050000 \u2013 Transfer\u00eancia do Estado de Royalties de Petr\u00f3leo e G\u00e1s<\/p>\n<p>&nbsp;<\/p>\n<p>\u00d3rg\u00e3o: 06 \u2013 Secretaria Municipal de Meio Ambiente<\/p>\n<p>Unidade Or\u00e7ament\u00e1ria: 0601 \u2013 Secretaria Municipal de Meio Ambiente<\/p>\n<p>&nbsp;<\/p>\n<p>Projeto Atividade: 2015 \u2013 Manuten\u00e7\u00e3o das A\u00e7\u00f5es da Secretaria Municipal de Meio Ambiente<\/p>\n<p>Fonte de Recurso: 15000000 \u2013 Recursos N\u00e3o Vinculados de Impostos<\/p>\n<p>&nbsp;<\/p>\n<p>\u00d3rg\u00e3o: 07 \u2013 Secretaria Municipal de Educa\u00e7\u00e3o<\/p>\n<p>Unidade Or\u00e7ament\u00e1ria: 0701 \u2013 Secretaria Municipal de Educa\u00e7\u00e3o<\/p>\n<p>&nbsp;<\/p>\n<p>Projeto Atividade: 2017 \u2013 Manuten\u00e7\u00e3o das A\u00e7\u00f5es da Secretaria Municipal de Educa\u00e7\u00e3o<\/p>\n<p>Fonte de Recurso: 15001001 \u2013 Receita de Impostos e Transfer\u00eancias \u2013 Educa\u00e7\u00e3o<\/p>\n<p>15730000 \u2013 Royalties de Petr\u00f3leo e G\u00e1s \u00e0 Educa\u00e7\u00e3o<\/p>\n<p>&nbsp;<\/p>\n<p>Projeto Atividade: 2021 \u2013 Manuten\u00e7\u00e3o do Ensino Fundamental<\/p>\n<p>Fonte de Recurso: 15001001 \u2013 Receita de Impostos e Transfer\u00eancias \u2013 Educa\u00e7\u00e3o<\/p>\n<p>&nbsp;<\/p>\n<p>Projeto Atividade: 2029 \u2013 Manuten\u00e7\u00e3o do Ensino Infantil \u2013 Creche<\/p>\n<p>Fonte de Recurso: 15001001 \u2013 Receita de Impostos e Transfer\u00eancias \u2013 Educa\u00e7\u00e3o<\/p>\n<p>&nbsp;<\/p>\n<p>Projeto Atividade: 2030 \u2013 Manuten\u00e7\u00e3o do Ensino Infantil \u2013 Pr\u00e9 Escola<\/p>\n<p>Fonte de Recurso: 15001001 \u2013 Receita de Impostos e Transfer\u00eancias \u2013 Educa\u00e7\u00e3o<\/p>\n<p>&nbsp;<\/p>\n<p>Projeto Atividade: 2033 \u2013 Manuten\u00e7\u00e3o das A\u00e7\u00f5es do Setor de Ensino de Jovens e Adultos<\/p>\n<p>Fonte de Recurso: 15001001 \u2013 Receita de Impostos e Transfer\u00eancias \u2013 Educa\u00e7\u00e3o<\/p>\n<p>&nbsp;<\/p>\n<p>Projeto Atividade: 2037 \u2013 Manuten\u00e7\u00e3o das A\u00e7\u00f5es do Setor de Ensino Especial<\/p>\n<p>Fonte de Recurso: 15001001 \u2013 Receita de Impostos e Transfer\u00eancias \u2013 Educa\u00e7\u00e3o<\/p>\n<p>&nbsp;<\/p>\n<p>\u00d3rg\u00e3o: 08 \u2013 Secretaria Municipal de Cultura, Esporte e Lazer<\/p>\n<p>Unidade Or\u00e7ament\u00e1ria: 0801 \u2013 Secretaria Municipal de Cultura, Esporte e Lazer<\/p>\n<p>&nbsp;<\/p>\n<p>Projeto Atividade: 2052 \u2013 Manuten\u00e7\u00e3o das A\u00e7\u00f5es da Secretaria Municipal de Cultura, Esporte e Lazer<\/p>\n<p>Fonte de Recurso: 15000000 \u2013 Recursos N\u00e3o Vinculados de Impostos<\/p>\n<p>17040000 \u2013 Transfer\u00eancia da Uni\u00e3o de Royalties de Petr\u00f3leo e G\u00e1s<\/p>\n<p>17050000 \u2013 Transfer\u00eancia do Estado de Royalties de Petr\u00f3leo e G\u00e1s<\/p>\n<p>&nbsp;<\/p>\n<p>\u00d3rg\u00e3o: 09 \u2013 Secretaria Municipal de Turismo<\/p>\n<p>Unidade Or\u00e7ament\u00e1ria: 0901 \u2013 Secretaria Municipal de Turismo<\/p>\n<p>&nbsp;<\/p>\n<p>Projeto Atividade: 2055 \u2013 Manuten\u00e7\u00e3o das A\u00e7\u00f5es da Secretaria Municipal de Turismo<\/p>\n<p>Fonte de Recurso: 15000000 \u2013 Recursos N\u00e3o Vinculados de Impostos<\/p>\n<p>&nbsp;<\/p>\n<p>\u00d3rg\u00e3o: 12 \u2013 Secretaria Municipal de Servi\u00e7os Urbanos<\/p>\n<p>Unidade Or\u00e7ament\u00e1ria: 1201 \u2013 Secretaria Municipal de Servi\u00e7os Urbanos<\/p>\n<p>&nbsp;<\/p>\n<p>Projeto Atividade: 2100 \u2013 Manuten\u00e7\u00e3o das A\u00e7\u00f5es da Secretaria Municipal de Servi\u00e7os Urbanos<\/p>\n<p>Fonte de Recurso: 15000000 \u2013 Recursos N\u00e3o Vinculados de Impostos<\/p>\n<p>17040000 \u2013 Transfer\u00eancia da Uni\u00e3o de Royalties de Petr\u00f3leo e G\u00e1s<\/p>\n<p>17050000 \u2013 Transfer\u00eancia do Estado de Royalties de Petr\u00f3leo e G\u00e1s<\/p>\n<p>&nbsp;<\/p>\n<p>\u00d3rg\u00e3o: 13 \u2013 Secretaria Municipal de Obras<\/p>\n<p>Unidade Or\u00e7ament\u00e1ria: 1301 \u2013 Secretaria Municipal de Obras<\/p>\n<p>&nbsp;<\/p>\n<p>Projeto Atividade: 2104 \u2013 Manuten\u00e7\u00e3o das A\u00e7\u00f5es da Secretaria Municipal de Obras<\/p>\n<p>Fonte de Recurso: 15000000 \u2013 Recursos N\u00e3o Vinculados de Impostos<\/p>\n<p>17040000 \u2013 Transfer\u00eancia da Uni\u00e3o de Royalties de Petr\u00f3leo e G\u00e1s<\/p>\n<p>17050000 \u2013 Transfer\u00eancia do Estado de Royalties de Petr\u00f3leo e G\u00e1s<\/p>\n<p>&nbsp;<\/p>\n<p>\u00d3rg\u00e3o: 14 \u2013 Secretaria Municipal de Transporte<\/p>\n<p>Unidade Or\u00e7ament\u00e1ria: 1401 \u2013 Secretaria Municipal de Transporte<\/p>\n<p>&nbsp;<\/p>\n<p>Projeto Atividade: 2106 \u2013 Manuten\u00e7\u00e3o das A\u00e7\u00f5es da Secretaria Municipal de Transporte<\/p>\n<p>Fonte de Recurso: 15000000 \u2013 Recursos N\u00e3o Vinculados de Impostos<\/p>\n<p>17040000 \u2013 Transfer\u00eancia da Uni\u00e3o de Royalties de Petr\u00f3leo e G\u00e1s<\/p>\n<p>17050000 \u2013 Transfer\u00eancia do Estado de Royalties de Petr\u00f3leo e G\u00e1s<\/p>\n<p>\u00d3rg\u00e3o: 15 \u2013 Secretaria Municipal de Seguran\u00e7a P\u00fablica e Defesa Social<\/p>\n<p>Unidade Or\u00e7ament\u00e1ria: 1501 \u2013 Secretaria Municipal de Seguran\u00e7a P\u00fablica e Defesa Social<\/p>\n<p>&nbsp;<\/p>\n<p>Projeto Atividade: 2109 \u2013 Manuten\u00e7\u00e3o das A\u00e7\u00f5es da Secretaria Municipal de Seguran\u00e7a P\u00fablica e Defesa Social<\/p>\n<p>Fonte de Recurso: 15000000 \u2013 Recursos N\u00e3o Vinculados de Impostos<\/p>\n<p>&nbsp;<\/p>\n<p>\u00d3rg\u00e3o: 11 \u2013 Secretaria Municipal de Assist\u00eancia Social<\/p>\n<p>Unidade Or\u00e7ament\u00e1ria: 1102 \u2013 Fundo Municipal de Assist\u00eancia Social<\/p>\n<p>&nbsp;<\/p>\n<p>Projeto Atividade: 2080 \u2013 Servi\u00e7o de Conviv\u00eancia e Fortalecimento de V\u00ednculo \u2013 SCFV\/Idoso<\/p>\n<p>Fonte de Recurso: 15000000 \u2013 Recursos N\u00e3o Vinculados de Impostos<\/p>\n<p>16600000 \u2013 Transfer\u00eancia de Recursos do FNAS<\/p>\n<p>&nbsp;<\/p>\n<p>Projeto Atividade: 2083 \u2013 Servi\u00e7o de Conviv\u00eancia e Fortalecimento de V\u00ednculo \u2013 SCFV\/Adolescentes 15 a 17 anos<\/p>\n<p>Fonte de Recurso: 15000000 \u2013 Recursos N\u00e3o Vinculados de Impostos<\/p>\n<p>16600000 \u2013 Transfer\u00eancia de Recursos do FNAS<\/p>\n<p>&nbsp;<\/p>\n<p>Projeto Atividade: 2086 \u2013 Servi\u00e7o de Conviv\u00eancia e Fortalecimento de V\u00ednculo \u2013 SCFV\/Adolescentes 0 a 15 anos<\/p>\n<p>Fonte de Recurso: 15000000 \u2013 Recursos N\u00e3o Vinculados de Impostos<\/p>\n<p>16600000 \u2013 Transfer\u00eancia de Recursos do FNAS<\/p>\n<p>&nbsp;<\/p>\n<p>Projeto Atividade: 2087 \u2013 Manuten\u00e7\u00e3o das A\u00e7\u00f5es do Programa \u201cCrian\u00e7a Feliz\u201d<\/p>\n<p>Fonte de Recurso: 15000000 \u2013 Recursos N\u00e3o Vinculados de Impostos<\/p>\n<p>16600000 \u2013 Transfer\u00eancia de Recursos do FNAS<\/p>\n<p>&nbsp;<\/p>\n<p>Projeto Atividade: 2089 \u2013 Atendimento e Acompanhamento \u00e0 Associa\u00e7\u00f5es, Cooperativas e Grupos de Produ\u00e7\u00e3o<\/p>\n<p>Fonte de Recurso: 15000000 \u2013 Recursos N\u00e3o Vinculados de Impostos<\/p>\n<p>16600000 \u2013 Transfer\u00eancia de Recursos do FNAS<\/p>\n<p>&nbsp;<\/p>\n<p>Projeto Atividade: 2092 \u2013 Manuten\u00e7\u00e3o das A\u00e7\u00f5es de Desenvolvimento no CRAS<\/p>\n<p>Fonte de Recurso: 15000000 \u2013 Recursos N\u00e3o Vinculados de Impostos<\/p>\n<p>16600000 \u2013 Transfer\u00eancia de Recursos do FNAS<\/p>\n<p>&nbsp;<\/p>\n<p>Projeto Atividade: 2095 \u2013 Manuten\u00e7\u00e3o do Fundo Municipal de Assist\u00eancia Social \u2013 FMAS<\/p>\n<p>Fonte de Recurso: 15000000 \u2013 Recursos N\u00e3o Vinculados de Impostos<\/p>\n<p>&nbsp;<\/p>\n<p>\u00d3rg\u00e3o: 10 \u2013 Secretaria Municipal de Sa\u00fade<\/p>\n<p>Unidade Or\u00e7ament\u00e1ria: 1002 \u2013 Fundo Municipal de Sa\u00fade<\/p>\n<p>&nbsp;<\/p>\n<p>Projeto Atividade: 2063 \u2013 Manuten\u00e7\u00e3o das A\u00e7\u00f5es do Fundo Municipal de Sa\u00fade \u2013 FMS<\/p>\n<p>Fonte de Recurso: 15001002 \u2013 Receita de Impostos e Transfer\u00eancias \u2013 Sa\u00fade<\/p>\n<p>16350000 \u2013 Royalties do Petr\u00f3leo e G\u00e1s \u00e0 Sa\u00fade<\/p>\n<p>&nbsp;<\/p>\n<p>&nbsp;<\/p>\n<p>&nbsp;<\/p>\n<p>Projeto Atividade: 2070 \u2013 Aten\u00e7\u00e3o Especializada a Sa\u00fade da Popula\u00e7\u00e3o para Procedimentos \u2013 MAC<\/p>\n<p>Fonte de Recurso: 16000000 \u2013 Transfer\u00eancias do SUS \u2013 Bloco de Manuten\u00e7\u00e3o<\/p>\n<p>15001002 \u2013 Receita de Impostos e Transfer\u00eancias \u2013 Sa\u00fade<\/p>\n<p>&nbsp;<\/p>\n<p>\u00d3rg\u00e3o: 15 \u2013 Secretaria Municipal de Seguran\u00e7a P\u00fablica e Defesa Social<\/p>\n<p>Unidade Or\u00e7ament\u00e1ria: 1502 \u2013 Fundo Municipal de Seguran\u00e7a P\u00fablica<\/p>\n<p>&nbsp;<\/p>\n<p>Projeto Atividade: 2110 \u2013 Manuten\u00e7\u00e3o dos Servi\u00e7os de Seguran\u00e7a P\u00fablica<\/p>\n<p>Fonte de Recurso: 15000000 \u2013 Recursos N\u00e3o Vinculados de Impostos<\/p>\n<p>A dota\u00e7\u00e3o relativa aos exerc\u00edcios financeiros subsequentes ser\u00e1 indicada ap\u00f3s aprova\u00e7\u00e3o da Lei Or\u00e7ament\u00e1ria respectiva e libera\u00e7\u00e3o dos cr\u00e9ditos correspondentes, mediante apostilamento.<\/p>\n<ol start=\"4\">\n<li>CL\u00c1USULA QUARTA \u2013 PRODU\u00c7\u00c3O DOS EFEITOS\n<ul>\n<li>O presente termo aditivo produzir\u00e1 efeitos a partir 09 de janeiro de 2026.<\/li>\n<\/ul>\n<\/li>\n<li>CL\u00c1USULA QUINTA \u2013RATIFICA\u00c7\u00c3O\n<ul>\n<li>Ficam mantidas e ratificadas as demais cl\u00e1usulas e condi\u00e7\u00f5es do contrato origin\u00e1rio, naquilo que n\u00e3o contrariem o presente termo aditivo.<\/li>\n<\/ul>\n<\/li>\n<li>CL\u00c1USULA SEXTA \u2013 PUBLICA\u00c7\u00c3O\n<ul>\n<li>Incumbir\u00e1 ao contratante divulgar o presente instrumento no Portal Nacional de Contrata\u00e7\u00f5es P\u00fablicas (PNCP), na forma prevista no art. 94 da Lei n\u00ba 14.133, de 2021, bem como no respectivo s\u00edtio oficial na Internet, em aten\u00e7\u00e3o ao art. 91,\u00a0<em>caput<\/em>, da Lei n\u00ba 14.133, de 2021, e ao art. 8\u00ba, \u00a72\u00ba, da Lei n\u00ba 12.527, de 2011, c\/c art. 7\u00ba, \u00a73\u00ba, inciso V, do Decreto n\u00ba 7.724, de 2012.<\/li>\n<\/ul>\n<\/li>\n<\/ol>\n<p>&nbsp;<\/p>\n<p>Vila Flor\/RN, em 09 de janeiro de 2026.<\/p>\n<p>&nbsp;<\/p>\n<p>&nbsp;<\/p>\n<p>&nbsp;<\/p>\n<p><strong>\u00a0PREFEITURA MUNICIPAL DE VILA FLOR<\/strong><\/p>\n<p><strong>CNPJ(MF)\u00a0 08.169.278\/0001-07<\/strong><\/p>\n<p><strong>\u00a0CONTRATANTE<\/strong><\/p>\n<p><strong>\u00a0<\/strong><\/p>\n<p><strong>\u00a0<\/strong><\/p>\n<p><strong>TIAGO BERTO DOS SANTOS<\/strong><\/p>\n<p><strong>CNPJ\/MF:\u00a0<\/strong><strong>97.519.321\/0001-39<\/strong><\/p>\n<p><strong>CONTRATADA<\/strong><\/p>\n<p style=\"text-align: right;\"><strong>Publicado por:<\/strong><br \/>\nGRINALDO JOAQUIM DE SOUZA<br \/>\nSecret\u00e1rio Municipal de Administra\u00e7\u00e3o<br \/>\n<strong>C\u00f3digo Identificador:<\/strong>\u00a044RDRHWYH9<\/p>\n<div class=\"pdfprnt-buttons pdfprnt-buttons-post pdfprnt-bottom-right\"><a href=\"https:\/\/vilaflor.rn.gov.br\/transparencia\/wp-json\/wp\/v2\/posts?page=8&print=pdf#038;print=pdf\" class=\"pdfprnt-button pdfprnt-button-pdf\" target=\"_blank\"><img decoding=\"async\" src=\"https:\/\/vilaflor.rn.gov.br\/transparencia\/wp-content\/plugins\/pdf-print\/images\/pdf.png\" alt=\"image_pdf\" title=\"Baixar PDF\" \/><\/a><a href=\"https:\/\/vilaflor.rn.gov.br\/transparencia\/wp-json\/wp\/v2\/posts?page=8&print=print#038;print=pdf\" class=\"pdfprnt-button pdfprnt-button-print\" target=\"_blank\"><img decoding=\"async\" src=\"https:\/\/vilaflor.rn.gov.br\/transparencia\/wp-content\/plugins\/pdf-print\/images\/print.png\" alt=\"image_print\" title=\"Conte\u00fado de impress\u00e3o\" \/><\/a><\/div>","protected":false},"excerpt":{"rendered":"<p>ESTADO DO RIO GRANDE DO NORTE PREFEITURA MUNICIPAL DE VILA FLOR A Prefeitura Municipal de Vila Flor\/RN, com sede a Rua Jos\u00e9 Calazans, 169, Centro, Vila Flor\/RN, CEP 59.192-000, inscrito(a) no CNPJ\/MF sob o n\u00ba 08.169.278\/0001-07, neste ato representado(a) pelo(a) Prefeita Constitucional Thuanne Karla Carvalho de Souza, inscrito(a) no CPF sob o n\u00ba 084.453.074-36, doravante [&hellip;]<\/p>\n","protected":false},"author":1,"featured_media":0,"comment_status":"open","ping_status":"open","sticky":false,"template":"","format":"standard","meta":{"ocean_post_layout":"","ocean_both_sidebars_style":"","ocean_both_sidebars_content_width":0,"ocean_both_sidebars_sidebars_width":0,"ocean_sidebar":"0","ocean_second_sidebar":"0","ocean_disable_margins":"enable","ocean_add_body_class":"","ocean_shortcode_before_top_bar":"","ocean_shortcode_after_top_bar":"","ocean_shortcode_before_header":"","ocean_shortcode_after_header":"","ocean_has_shortcode":"","ocean_shortcode_after_title":"","ocean_shortcode_before_footer_widgets":"","ocean_shortcode_after_footer_widgets":"","ocean_shortcode_before_footer_bottom":"","ocean_shortcode_after_footer_bottom":"","ocean_display_top_bar":"default","ocean_display_header":"default","ocean_header_style":"","ocean_center_header_left_menu":"0","ocean_custom_header_template":"0","ocean_custom_logo":0,"ocean_custom_retina_logo":0,"ocean_custom_logo_max_width":0,"ocean_custom_logo_tablet_max_width":0,"ocean_custom_logo_mobile_max_width":0,"ocean_custom_logo_max_height":0,"ocean_custom_logo_tablet_max_height":0,"ocean_custom_logo_mobile_max_height":0,"ocean_header_custom_menu":"0","ocean_menu_typo_font_family":"0","ocean_menu_typo_font_subset":"","ocean_menu_typo_font_size":0,"ocean_menu_typo_font_size_tablet":0,"ocean_menu_typo_font_size_mobile":0,"ocean_menu_typo_font_size_unit":"px","ocean_menu_typo_font_weight":"","ocean_menu_typo_font_weight_tablet":"","ocean_menu_typo_font_weight_mobile":"","ocean_menu_typo_transform":"","ocean_menu_typo_transform_tablet":"","ocean_menu_typo_transform_mobile":"","ocean_menu_typo_line_height":0,"ocean_menu_typo_line_height_tablet":0,"ocean_menu_typo_line_height_mobile":0,"ocean_menu_typo_line_height_unit":"","ocean_menu_typo_spacing":0,"ocean_menu_typo_spacing_tablet":0,"ocean_menu_typo_spacing_mobile":0,"ocean_menu_typo_spacing_unit":"","ocean_menu_link_color":"","ocean_menu_link_color_hover":"","ocean_menu_link_color_active":"","ocean_menu_link_background":"","ocean_menu_link_hover_background":"","ocean_menu_link_active_background":"","ocean_menu_social_links_bg":"","ocean_menu_social_hover_links_bg":"","ocean_menu_social_links_color":"","ocean_menu_social_hover_links_color":"","ocean_disable_title":"default","ocean_disable_heading":"default","ocean_post_title":"","ocean_post_subheading":"","ocean_post_title_style":"","ocean_post_title_background_color":"","ocean_post_title_background":0,"ocean_post_title_bg_image_position":"","ocean_post_title_bg_image_attachment":"","ocean_post_title_bg_image_repeat":"","ocean_post_title_bg_image_size":"","ocean_post_title_height":0,"ocean_post_title_bg_overlay":0.5,"ocean_post_title_bg_overlay_color":"","ocean_disable_breadcrumbs":"default","ocean_breadcrumbs_color":"","ocean_breadcrumbs_separator_color":"","ocean_breadcrumbs_links_color":"","ocean_breadcrumbs_links_hover_color":"","ocean_display_footer_widgets":"default","ocean_display_footer_bottom":"default","ocean_custom_footer_template":"0","ocean_post_oembed":"","ocean_post_self_hosted_media":"","ocean_post_video_embed":"","ocean_link_format":"","ocean_link_format_target":"self","ocean_quote_format":"","ocean_quote_format_link":"post","ocean_gallery_link_images":"on","ocean_gallery_id":[],"footnotes":""},"categories":[58,75,4],"tags":[],"class_list":["post-4132","post","type-post","status-publish","format-standard","hentry","category-contratos","category-contratos-2026","category-licitacao","entry"],"_links":{"self":[{"href":"https:\/\/vilaflor.rn.gov.br\/transparencia\/wp-json\/wp\/v2\/posts\/4132","targetHints":{"allow":["GET"]}}],"collection":[{"href":"https:\/\/vilaflor.rn.gov.br\/transparencia\/wp-json\/wp\/v2\/posts"}],"about":[{"href":"https:\/\/vilaflor.rn.gov.br\/transparencia\/wp-json\/wp\/v2\/types\/post"}],"author":[{"embeddable":true,"href":"https:\/\/vilaflor.rn.gov.br\/transparencia\/wp-json\/wp\/v2\/users\/1"}],"replies":[{"embeddable":true,"href":"https:\/\/vilaflor.rn.gov.br\/transparencia\/wp-json\/wp\/v2\/comments?post=4132"}],"version-history":[{"count":1,"href":"https:\/\/vilaflor.rn.gov.br\/transparencia\/wp-json\/wp\/v2\/posts\/4132\/revisions"}],"predecessor-version":[{"id":4133,"href":"https:\/\/vilaflor.rn.gov.br\/transparencia\/wp-json\/wp\/v2\/posts\/4132\/revisions\/4133"}],"wp:attachment":[{"href":"https:\/\/vilaflor.rn.gov.br\/transparencia\/wp-json\/wp\/v2\/media?parent=4132"}],"wp:term":[{"taxonomy":"category","embeddable":true,"href":"https:\/\/vilaflor.rn.gov.br\/transparencia\/wp-json\/wp\/v2\/categories?post=4132"},{"taxonomy":"post_tag","embeddable":true,"href":"https:\/\/vilaflor.rn.gov.br\/transparencia\/wp-json\/wp\/v2\/tags?post=4132"}],"curies":[{"name":"wp","href":"https:\/\/api.w.org\/{rel}","templated":true}]}},{"id":4130,"date":"2026-01-13T10:09:53","date_gmt":"2026-01-13T13:09:53","guid":{"rendered":"https:\/\/vilaflor.rn.gov.br\/transparencia\/?p=4130"},"modified":"2026-01-13T10:09:53","modified_gmt":"2026-01-13T13:09:53","slug":"termo-de-dispensa-de-licitacao-n-004-2026","status":"publish","type":"post","link":"https:\/\/vilaflor.rn.gov.br\/transparencia\/termo-de-dispensa-de-licitacao-n-004-2026\/","title":{"rendered":"TERMO DE DISPENSA DE LICITA\u00c7\u00c3O N\u00b0 004\/2026"},"content":{"rendered":"<p><strong>ESTADO DO RIO GRANDE DO NORTE<\/strong><br \/>\n<strong>PREFEITURA MUNICIPAL DE VILA FLOR<\/strong><\/p>\n<p>Fica dispensada a realiza\u00e7\u00e3o do certame licitat\u00f3rio para a\u00a0<strong>CONTRATA\u00c7\u00c3O DE PESSOA JUR\u00cdDICA PARA REALIZAR SERVI\u00c7OS DE ASSESSORIA E CONSULTORIA DA \u00c1REA FINANCEIRA E OR\u00c7AMENT\u00c1RIA, COMPREENDENDO ATIVIDADES DE CUNHO T\u00c9CNICO E DE APOIO AO SETOR DE TESOURARIA, COM AN\u00c1LISES DOS PROCESSOS E DE TODOS OS PROCEDIMENTOS DE ROTINA PARA PAGAMENTOS, VISANDO ATENDER AS NECESSIDADE DA PREFEITURA MUNICIPAL DE VILA FLOR\/RN<\/strong>. Declaro o interessado\u00a0<strong>HERICA TATIANE BRITO DE OLIVEIRA LTDA<\/strong>, CNPJ sob o n\u00b0\u00a0<strong>49.459.921\/0001-06<\/strong>, como apto e fornecedor da proposta mais vantajosa para a execu\u00e7\u00e3o do servi\u00e7o de natureza cont\u00ednua. O servi\u00e7o ser\u00e1 realizado sob a responsabilidade e fiscaliza\u00e7\u00e3o desta Prefeitura Municipal. A motiva\u00e7\u00e3o se d\u00e1 pelo pequeno valor da contrata\u00e7\u00e3o de R$ 5.026,00 (Cinco mil e vinte e seis reais) mensais e em face de not\u00f3rio interesse p\u00fablico na execu\u00e7\u00e3o das atividades desempenhadas por esta Administra\u00e7\u00e3o Municipal. As despesas decorrentes desta contrata\u00e7\u00e3o est\u00e3o programadas em dota\u00e7\u00e3o or\u00e7ament\u00e1ria pr\u00f3pria, prevista no or\u00e7amento do Munic\u00edpio de Vila Flor\/RN, para o exerc\u00edcio de 2025, na classifica\u00e7\u00e3o a seguir:\u00a0<strong>Classifica\u00e7\u00e3o econ\u00f4mica:\u00a0<\/strong>3.3.90.39.00 \u2013 Outros Servi\u00e7os de Terceiros \u2013 Pessoa Jur\u00eddica<strong>;\u00a0<\/strong><strong>\u00d3rg\u00e3o:\u00a0<\/strong>Prefeitura Municipal de Vila Flor;\u00a0<strong>Unidade Or\u00e7ament\u00e1ria:\u00a0<\/strong>03.001 \u2013 Secretaria Municipal de Administra\u00e7\u00e3o; Projeto Atividade: 2.007 \u2013 MANUTEN\u00c7\u00c3O DAS A\u00c7\u00d5ES DA SECRETARIA MUNICIPAL DE ADMINISTRA\u00c7\u00c3O; Fonte de Recurso: 15000000 \u2013 Recursos N\u00e3o Vinculados de Impostos.<\/p>\n<p>&nbsp;<\/p>\n<p><strong>RATIFICA\u00c7\u00c3O<\/strong><\/p>\n<p>&nbsp;<\/p>\n<p>Ante o exposto, tendo em vista os fundamentos apresentados e a regularidade formal do Processo Administrativo n\u00b0\u00a0<strong>30120002\/2025<\/strong>, bem como seu enquadramento legal, que fundamenta a Lei Federal n\u00ba 14.133\/2021 e legisla\u00e7\u00e3o complementar e, ainda de conformidade com o resultado do presente certame, usando das atribui\u00e7\u00f5es que nos s\u00e3o conferidas, a Prefeita Municipal de Vila Flor\/RN, atrav\u00e9s da Secretaria Municipal de Administra\u00e7\u00e3o, no uso de suas atribui\u00e7\u00f5es legais e com base nas informa\u00e7\u00f5es constantes do processo de licita\u00e7\u00e3o em ep\u00edgrafe, resolve\u00a0<strong>RATIFICAR<\/strong>\u00a0o\u00a0<strong>TERMO DE DISPENSA DE LICITA\u00c7\u00c3O N\u00ba 004\/2026,\u00a0<\/strong>para que este produza seus legais efeitos.<\/p>\n<p>&nbsp;<\/p>\n<p>Publique-se.<\/p>\n<p>&nbsp;<\/p>\n<p>Vila Flor\/RN, em 09 de janeiro de 2026.<\/p>\n<p>&nbsp;<\/p>\n<p>&nbsp;<\/p>\n<p>&nbsp;<\/p>\n<p>THUANNE KARLA CARVALHO DE SOUZA<\/p>\n<p><strong>Prefeita Municipal<\/strong><\/p>\n<p style=\"text-align: right;\"><strong>Publicado por:<\/strong><br \/>\nGRINALDO JOAQUIM DE SOUZA<br \/>\nSecret\u00e1rio Municipal de Administra\u00e7\u00e3o<br \/>\n<strong>C\u00f3digo Identificador:<\/strong>\u00a0PY2X2PU88O<\/p>\n<div class=\"pdfprnt-buttons pdfprnt-buttons-post pdfprnt-bottom-right\"><a href=\"https:\/\/vilaflor.rn.gov.br\/transparencia\/wp-json\/wp\/v2\/posts?page=8&print=pdf#038;print=pdf\" class=\"pdfprnt-button pdfprnt-button-pdf\" target=\"_blank\"><img decoding=\"async\" src=\"https:\/\/vilaflor.rn.gov.br\/transparencia\/wp-content\/plugins\/pdf-print\/images\/pdf.png\" alt=\"image_pdf\" title=\"Baixar PDF\" \/><\/a><a href=\"https:\/\/vilaflor.rn.gov.br\/transparencia\/wp-json\/wp\/v2\/posts?page=8&print=print#038;print=pdf\" class=\"pdfprnt-button pdfprnt-button-print\" target=\"_blank\"><img decoding=\"async\" src=\"https:\/\/vilaflor.rn.gov.br\/transparencia\/wp-content\/plugins\/pdf-print\/images\/print.png\" alt=\"image_print\" title=\"Conte\u00fado de impress\u00e3o\" \/><\/a><\/div>","protected":false},"excerpt":{"rendered":"<p>ESTADO DO RIO GRANDE DO NORTE PREFEITURA MUNICIPAL DE VILA FLOR Fica dispensada a realiza\u00e7\u00e3o do certame licitat\u00f3rio para a\u00a0CONTRATA\u00c7\u00c3O DE PESSOA JUR\u00cdDICA PARA REALIZAR SERVI\u00c7OS DE ASSESSORIA E CONSULTORIA DA \u00c1REA FINANCEIRA E OR\u00c7AMENT\u00c1RIA, COMPREENDENDO ATIVIDADES DE CUNHO T\u00c9CNICO E DE APOIO AO SETOR DE TESOURARIA, COM AN\u00c1LISES DOS PROCESSOS E DE TODOS OS [&hellip;]<\/p>\n","protected":false},"author":1,"featured_media":0,"comment_status":"open","ping_status":"open","sticky":false,"template":"","format":"standard","meta":{"ocean_post_layout":"","ocean_both_sidebars_style":"","ocean_both_sidebars_content_width":0,"ocean_both_sidebars_sidebars_width":0,"ocean_sidebar":"0","ocean_second_sidebar":"0","ocean_disable_margins":"enable","ocean_add_body_class":"","ocean_shortcode_before_top_bar":"","ocean_shortcode_after_top_bar":"","ocean_shortcode_before_header":"","ocean_shortcode_after_header":"","ocean_has_shortcode":"","ocean_shortcode_after_title":"","ocean_shortcode_before_footer_widgets":"","ocean_shortcode_after_footer_widgets":"","ocean_shortcode_before_footer_bottom":"","ocean_shortcode_after_footer_bottom":"","ocean_display_top_bar":"default","ocean_display_header":"default","ocean_header_style":"","ocean_center_header_left_menu":"0","ocean_custom_header_template":"0","ocean_custom_logo":0,"ocean_custom_retina_logo":0,"ocean_custom_logo_max_width":0,"ocean_custom_logo_tablet_max_width":0,"ocean_custom_logo_mobile_max_width":0,"ocean_custom_logo_max_height":0,"ocean_custom_logo_tablet_max_height":0,"ocean_custom_logo_mobile_max_height":0,"ocean_header_custom_menu":"0","ocean_menu_typo_font_family":"0","ocean_menu_typo_font_subset":"","ocean_menu_typo_font_size":0,"ocean_menu_typo_font_size_tablet":0,"ocean_menu_typo_font_size_mobile":0,"ocean_menu_typo_font_size_unit":"px","ocean_menu_typo_font_weight":"","ocean_menu_typo_font_weight_tablet":"","ocean_menu_typo_font_weight_mobile":"","ocean_menu_typo_transform":"","ocean_menu_typo_transform_tablet":"","ocean_menu_typo_transform_mobile":"","ocean_menu_typo_line_height":0,"ocean_menu_typo_line_height_tablet":0,"ocean_menu_typo_line_height_mobile":0,"ocean_menu_typo_line_height_unit":"","ocean_menu_typo_spacing":0,"ocean_menu_typo_spacing_tablet":0,"ocean_menu_typo_spacing_mobile":0,"ocean_menu_typo_spacing_unit":"","ocean_menu_link_color":"","ocean_menu_link_color_hover":"","ocean_menu_link_color_active":"","ocean_menu_link_background":"","ocean_menu_link_hover_background":"","ocean_menu_link_active_background":"","ocean_menu_social_links_bg":"","ocean_menu_social_hover_links_bg":"","ocean_menu_social_links_color":"","ocean_menu_social_hover_links_color":"","ocean_disable_title":"default","ocean_disable_heading":"default","ocean_post_title":"","ocean_post_subheading":"","ocean_post_title_style":"","ocean_post_title_background_color":"","ocean_post_title_background":0,"ocean_post_title_bg_image_position":"","ocean_post_title_bg_image_attachment":"","ocean_post_title_bg_image_repeat":"","ocean_post_title_bg_image_size":"","ocean_post_title_height":0,"ocean_post_title_bg_overlay":0.5,"ocean_post_title_bg_overlay_color":"","ocean_disable_breadcrumbs":"default","ocean_breadcrumbs_color":"","ocean_breadcrumbs_separator_color":"","ocean_breadcrumbs_links_color":"","ocean_breadcrumbs_links_hover_color":"","ocean_display_footer_widgets":"default","ocean_display_footer_bottom":"default","ocean_custom_footer_template":"0","ocean_post_oembed":"","ocean_post_self_hosted_media":"","ocean_post_video_embed":"","ocean_link_format":"","ocean_link_format_target":"self","ocean_quote_format":"","ocean_quote_format_link":"post","ocean_gallery_link_images":"on","ocean_gallery_id":[],"footnotes":""},"categories":[13,76,4],"tags":[],"class_list":["post-4130","post","type-post","status-publish","format-standard","hentry","category-dispensa-de-licitacao","category-dispensa-de-licitacao-2026","category-licitacao","entry"],"_links":{"self":[{"href":"https:\/\/vilaflor.rn.gov.br\/transparencia\/wp-json\/wp\/v2\/posts\/4130","targetHints":{"allow":["GET"]}}],"collection":[{"href":"https:\/\/vilaflor.rn.gov.br\/transparencia\/wp-json\/wp\/v2\/posts"}],"about":[{"href":"https:\/\/vilaflor.rn.gov.br\/transparencia\/wp-json\/wp\/v2\/types\/post"}],"author":[{"embeddable":true,"href":"https:\/\/vilaflor.rn.gov.br\/transparencia\/wp-json\/wp\/v2\/users\/1"}],"replies":[{"embeddable":true,"href":"https:\/\/vilaflor.rn.gov.br\/transparencia\/wp-json\/wp\/v2\/comments?post=4130"}],"version-history":[{"count":1,"href":"https:\/\/vilaflor.rn.gov.br\/transparencia\/wp-json\/wp\/v2\/posts\/4130\/revisions"}],"predecessor-version":[{"id":4131,"href":"https:\/\/vilaflor.rn.gov.br\/transparencia\/wp-json\/wp\/v2\/posts\/4130\/revisions\/4131"}],"wp:attachment":[{"href":"https:\/\/vilaflor.rn.gov.br\/transparencia\/wp-json\/wp\/v2\/media?parent=4130"}],"wp:term":[{"taxonomy":"category","embeddable":true,"href":"https:\/\/vilaflor.rn.gov.br\/transparencia\/wp-json\/wp\/v2\/categories?post=4130"},{"taxonomy":"post_tag","embeddable":true,"href":"https:\/\/vilaflor.rn.gov.br\/transparencia\/wp-json\/wp\/v2\/tags?post=4130"}],"curies":[{"name":"wp","href":"https:\/\/api.w.org\/{rel}","templated":true}]}},{"id":4126,"date":"2026-01-13T10:07:34","date_gmt":"2026-01-13T13:07:34","guid":{"rendered":"https:\/\/vilaflor.rn.gov.br\/transparencia\/?p=4126"},"modified":"2026-01-13T10:07:34","modified_gmt":"2026-01-13T13:07:34","slug":"extrato-de-contrato-n-006-2026","status":"publish","type":"post","link":"https:\/\/vilaflor.rn.gov.br\/transparencia\/extrato-de-contrato-n-006-2026\/","title":{"rendered":"EXTRATO DE CONTRATO N\u00b0 006\/2026"},"content":{"rendered":"<p><strong>ESTADO DO RIO GRANDE DO NORTE<\/strong><br \/>\n<strong>PREFEITURA MUNICIPAL DE VILA FLOR<\/strong><\/p>\n<p><strong>CONTRATANTE<\/strong>: Munic\u00edpio de Vila Flor\/ Prefeitura Municipal<\/p>\n<p>&nbsp;<\/p>\n<p><strong>CONTRATADA<\/strong>:\u00a0<strong>ALMEIDA ASSESSORIA PUBLICA LTDA.<\/strong><\/p>\n<p>&nbsp;<\/p>\n<p><strong>MODALIDADE<\/strong>: Dispensa de Licita\u00e7\u00e3o 003\/2026.<\/p>\n<p>&nbsp;<\/p>\n<p><strong>OBJETO<\/strong>: CONTRATA\u00c7\u00c3O DE SERVI\u00c7OS DE ATIVIDADES DE CUNHO T\u00c9CNICO E ADMINISTRATIVO DE APOIO A PREFEITURA, COMPREENDENDO O PREENCHIMENTO DO SIAI, INCLUINDO TODOS OS ANEXOS DISPONIBILIZADOS PELO PORTAL DO GESTOR, REALIZANDO CONSULTA AOS PROCESSOS ADMINISTRATIVOS PARA O DESEMPENHO DAS TAREFAS E ENVIO DE DADOS AO TRIBUNAL DE CONTAS<\/p>\n<p>&nbsp;<\/p>\n<p><strong>VALOR MENSAL ESTIMADO<\/strong>: R$ R$ 4.470,00 (Quatro mil, quatrocentos e setenta reais)<\/p>\n<p>&nbsp;<\/p>\n<p><strong>DATA DE ASSINATURA<\/strong>: 09\/01\/2026<\/p>\n<p>&nbsp;<\/p>\n<p><strong>VIG\u00caNCIA<\/strong>: O prazo de vig\u00eancia deste Termo de Contrato se inicia com a sua assinatura e tem dura\u00e7\u00e3o de 12 (doze) meses.<\/p>\n<p>&nbsp;<\/p>\n<p><strong>FUNDAMENTO LEGAL<\/strong>: Art. 75, II, da Lei n\u00ba 14.133\/21.<\/p>\n<p><strong>\u00a0<\/strong><\/p>\n<p><strong>DOTA\u00c7\u00c3O<\/strong>:<\/p>\n<p>&nbsp;<\/p>\n<p><strong>Classifica\u00e7\u00e3o econ\u00f4mica:\u00a0<\/strong>3.3.90.39.00 \u2013 Outros Servi\u00e7os de Terceiros \u2013 Pessoa Jur\u00eddica<strong>;<\/strong><\/p>\n<p><strong>\u00d3rg\u00e3o:\u00a0<\/strong>Prefeitura Municipal de Vila Flor;<\/p>\n<p><strong>Unidade Or\u00e7ament\u00e1ria:\u00a0<\/strong>03.001 \u2013 Secretaria Municipal de Administra\u00e7\u00e3o;<\/p>\n<p><strong>Projeto Atividade<\/strong>: 2.007 \u2013 MANUTEN\u00c7\u00c3O DAS A\u00c7\u00d5ES DA SECRETARIA MUNICIPAL DE ADMINISTRA\u00c7\u00c3O;<\/p>\n<p><strong>Fonte de Recurso<\/strong>: 15000000 \u2013 Recursos N\u00e3o Vinculados de Impostos.<\/p>\n<p style=\"text-align: right;\"><strong>Publicado por:<\/strong><br \/>\nGRINALDO JOAQUIM DE SOUZA<br \/>\nSecret\u00e1rio Municipal de Administra\u00e7\u00e3o<br \/>\n<strong>C\u00f3digo Identificador:<\/strong>\u00a05U6T03XFPJ<\/p>\n<div class=\"pdfprnt-buttons pdfprnt-buttons-post pdfprnt-bottom-right\"><a href=\"https:\/\/vilaflor.rn.gov.br\/transparencia\/wp-json\/wp\/v2\/posts?page=8&print=pdf#038;print=pdf\" class=\"pdfprnt-button pdfprnt-button-pdf\" target=\"_blank\"><img decoding=\"async\" src=\"https:\/\/vilaflor.rn.gov.br\/transparencia\/wp-content\/plugins\/pdf-print\/images\/pdf.png\" alt=\"image_pdf\" title=\"Baixar PDF\" \/><\/a><a href=\"https:\/\/vilaflor.rn.gov.br\/transparencia\/wp-json\/wp\/v2\/posts?page=8&print=print#038;print=pdf\" class=\"pdfprnt-button pdfprnt-button-print\" target=\"_blank\"><img decoding=\"async\" src=\"https:\/\/vilaflor.rn.gov.br\/transparencia\/wp-content\/plugins\/pdf-print\/images\/print.png\" alt=\"image_print\" title=\"Conte\u00fado de impress\u00e3o\" \/><\/a><\/div>","protected":false},"excerpt":{"rendered":"<p>ESTADO DO RIO GRANDE DO NORTE PREFEITURA MUNICIPAL DE VILA FLOR CONTRATANTE: Munic\u00edpio de Vila Flor\/ Prefeitura Municipal &nbsp; CONTRATADA:\u00a0ALMEIDA ASSESSORIA PUBLICA LTDA. &nbsp; MODALIDADE: Dispensa de Licita\u00e7\u00e3o 003\/2026. &nbsp; OBJETO: CONTRATA\u00c7\u00c3O DE SERVI\u00c7OS DE ATIVIDADES DE CUNHO T\u00c9CNICO E ADMINISTRATIVO DE APOIO A PREFEITURA, COMPREENDENDO O PREENCHIMENTO DO SIAI, INCLUINDO TODOS OS ANEXOS DISPONIBILIZADOS [&hellip;]<\/p>\n","protected":false},"author":1,"featured_media":0,"comment_status":"open","ping_status":"open","sticky":false,"template":"","format":"standard","meta":{"ocean_post_layout":"","ocean_both_sidebars_style":"","ocean_both_sidebars_content_width":0,"ocean_both_sidebars_sidebars_width":0,"ocean_sidebar":"0","ocean_second_sidebar":"0","ocean_disable_margins":"enable","ocean_add_body_class":"","ocean_shortcode_before_top_bar":"","ocean_shortcode_after_top_bar":"","ocean_shortcode_before_header":"","ocean_shortcode_after_header":"","ocean_has_shortcode":"","ocean_shortcode_after_title":"","ocean_shortcode_before_footer_widgets":"","ocean_shortcode_after_footer_widgets":"","ocean_shortcode_before_footer_bottom":"","ocean_shortcode_after_footer_bottom":"","ocean_display_top_bar":"default","ocean_display_header":"default","ocean_header_style":"","ocean_center_header_left_menu":"0","ocean_custom_header_template":"0","ocean_custom_logo":0,"ocean_custom_retina_logo":0,"ocean_custom_logo_max_width":0,"ocean_custom_logo_tablet_max_width":0,"ocean_custom_logo_mobile_max_width":0,"ocean_custom_logo_max_height":0,"ocean_custom_logo_tablet_max_height":0,"ocean_custom_logo_mobile_max_height":0,"ocean_header_custom_menu":"0","ocean_menu_typo_font_family":"0","ocean_menu_typo_font_subset":"","ocean_menu_typo_font_size":0,"ocean_menu_typo_font_size_tablet":0,"ocean_menu_typo_font_size_mobile":0,"ocean_menu_typo_font_size_unit":"px","ocean_menu_typo_font_weight":"","ocean_menu_typo_font_weight_tablet":"","ocean_menu_typo_font_weight_mobile":"","ocean_menu_typo_transform":"","ocean_menu_typo_transform_tablet":"","ocean_menu_typo_transform_mobile":"","ocean_menu_typo_line_height":0,"ocean_menu_typo_line_height_tablet":0,"ocean_menu_typo_line_height_mobile":0,"ocean_menu_typo_line_height_unit":"","ocean_menu_typo_spacing":0,"ocean_menu_typo_spacing_tablet":0,"ocean_menu_typo_spacing_mobile":0,"ocean_menu_typo_spacing_unit":"","ocean_menu_link_color":"","ocean_menu_link_color_hover":"","ocean_menu_link_color_active":"","ocean_menu_link_background":"","ocean_menu_link_hover_background":"","ocean_menu_link_active_background":"","ocean_menu_social_links_bg":"","ocean_menu_social_hover_links_bg":"","ocean_menu_social_links_color":"","ocean_menu_social_hover_links_color":"","ocean_disable_title":"default","ocean_disable_heading":"default","ocean_post_title":"","ocean_post_subheading":"","ocean_post_title_style":"","ocean_post_title_background_color":"","ocean_post_title_background":0,"ocean_post_title_bg_image_position":"","ocean_post_title_bg_image_attachment":"","ocean_post_title_bg_image_repeat":"","ocean_post_title_bg_image_size":"","ocean_post_title_height":0,"ocean_post_title_bg_overlay":0.5,"ocean_post_title_bg_overlay_color":"","ocean_disable_breadcrumbs":"default","ocean_breadcrumbs_color":"","ocean_breadcrumbs_separator_color":"","ocean_breadcrumbs_links_color":"","ocean_breadcrumbs_links_hover_color":"","ocean_display_footer_widgets":"default","ocean_display_footer_bottom":"default","ocean_custom_footer_template":"0","ocean_post_oembed":"","ocean_post_self_hosted_media":"","ocean_post_video_embed":"","ocean_link_format":"","ocean_link_format_target":"self","ocean_quote_format":"","ocean_quote_format_link":"post","ocean_gallery_link_images":"on","ocean_gallery_id":[],"footnotes":""},"categories":[58,75,4],"tags":[],"class_list":["post-4126","post","type-post","status-publish","format-standard","hentry","category-contratos","category-contratos-2026","category-licitacao","entry"],"_links":{"self":[{"href":"https:\/\/vilaflor.rn.gov.br\/transparencia\/wp-json\/wp\/v2\/posts\/4126","targetHints":{"allow":["GET"]}}],"collection":[{"href":"https:\/\/vilaflor.rn.gov.br\/transparencia\/wp-json\/wp\/v2\/posts"}],"about":[{"href":"https:\/\/vilaflor.rn.gov.br\/transparencia\/wp-json\/wp\/v2\/types\/post"}],"author":[{"embeddable":true,"href":"https:\/\/vilaflor.rn.gov.br\/transparencia\/wp-json\/wp\/v2\/users\/1"}],"replies":[{"embeddable":true,"href":"https:\/\/vilaflor.rn.gov.br\/transparencia\/wp-json\/wp\/v2\/comments?post=4126"}],"version-history":[{"count":1,"href":"https:\/\/vilaflor.rn.gov.br\/transparencia\/wp-json\/wp\/v2\/posts\/4126\/revisions"}],"predecessor-version":[{"id":4127,"href":"https:\/\/vilaflor.rn.gov.br\/transparencia\/wp-json\/wp\/v2\/posts\/4126\/revisions\/4127"}],"wp:attachment":[{"href":"https:\/\/vilaflor.rn.gov.br\/transparencia\/wp-json\/wp\/v2\/media?parent=4126"}],"wp:term":[{"taxonomy":"category","embeddable":true,"href":"https:\/\/vilaflor.rn.gov.br\/transparencia\/wp-json\/wp\/v2\/categories?post=4126"},{"taxonomy":"post_tag","embeddable":true,"href":"https:\/\/vilaflor.rn.gov.br\/transparencia\/wp-json\/wp\/v2\/tags?post=4126"}],"curies":[{"name":"wp","href":"https:\/\/api.w.org\/{rel}","templated":true}]}}]