[{"id":4190,"date":"2026-02-02T09:39:53","date_gmt":"2026-02-02T12:39:53","guid":{"rendered":"https:\/\/vilaflor.rn.gov.br\/transparencia\/?p=4190"},"modified":"2026-04-02T09:41:19","modified_gmt":"2026-04-02T12:41:19","slug":"extrato-do-contrato-no-008-2026-pregao-eletronico-no-001-2026","status":"publish","type":"post","link":"https:\/\/vilaflor.rn.gov.br\/transparencia\/extrato-do-contrato-no-008-2026-pregao-eletronico-no-001-2026\/","title":{"rendered":"EXTRATO DO CONTRATO N\u00ba 008\/2026 PREG\u00c3O ELETR\u00d4NICO N\u00ba 001\/2026"},"content":{"rendered":"<p><strong>ESTADO DO RIO GRANDE DO NORTE<\/strong><br \/>\n<strong>PREFEITURA MUNICIPAL DE VILA FLOR<\/strong><\/p>\n<p><strong>ORIGEM:\u00a0<\/strong>PREG\u00c3O ELETR\u00d4NICO N\u00ba 001\/2026<\/p>\n<p><strong>\u00a0<\/strong><\/p>\n<p><strong>OBJETO:\u00a0<\/strong><strong>AQUISI\u00c7\u00c3O DE CAMINH\u00c3O DO TIPO BASCULANTE 6X2, VISANDO SUPRIR AS NECESSIDADES DA SECRETARIA MUNICIPAL DE AGRICULTURA DO MUNIC\u00cdPIO DE VILA FLOR\/RN<\/strong>, conforme especifica\u00e7\u00f5es e quantidades conditas no termo de refer\u00eancia.<\/p>\n<p><strong>\u00a0<\/strong><\/p>\n<p><strong>\u00d3RG\u00c3O GERENCIADOR:\u00a0<\/strong>PREFEITURA MUNICIPAL DE VILA FLOR\/RN, inscrita no CNPJ\/MF n\u00ba 08.169.278\/0001-07.<\/p>\n<p><strong>\u00a0<\/strong><\/p>\n<p><strong>PROMITENTE FORNECEDOR AUTOR DO MENOR PRE\u00c7O REGISTRADO:<\/strong><\/p>\n<p>Empresa:\u00a0<strong>\u00a0\u00a0<\/strong><strong>VIAGOV LTDA \u2013 CNPJ: 61.854.011\/0001-23.<\/strong><\/p>\n<p><strong>\u00a0<\/strong><\/p>\n<p><strong>\u00a0<\/strong><\/p>\n<p>Vencedora, no valor global de\u00a0<strong>R$ 549.300,00 (quinhentos e quarenta e nove mil e trezentos reais).<\/strong><\/p>\n<p><strong>\u00a0<\/strong><\/p>\n<p><strong>\u00a0<\/strong><\/p>\n<p><strong>\u00a0<\/strong><\/p>\n<p><strong>VIG\u00caNCIA:\u00a0<\/strong>12 (doze) meses, a contar da data da sua assinatura.<\/p>\n<p>&nbsp;<\/p>\n<p><strong>DATA DA ASSINATURA:\u00a0<\/strong>\u00a030 de janeiro de 2026.<\/p>\n<p>&nbsp;<\/p>\n<p>&nbsp;<\/p>\n<p>Pela Contratante Prefeitura Municipal de Vila Flor\/RN \u2013 CNPJ\/MF n\u00ba 08.169.278\/0001-07<\/p>\n<p>THUANNE KARLA CARVALHO DE SOUZA<\/p>\n<p>PREFEITA MUNICIPAL<br \/>\nPela Contratada\u00a0<strong>VIAGOV LTDA \u2013 CNPJ: 61.854.011\/0001-23.<\/strong><\/p>\n<p>Representante o Sr.\u00a0<strong>DIOGO DE JESUS CARDOSO<\/strong><strong>\u00a0\u2013 CPF\/MF:\u00a0<\/strong><strong>XXX.907.XXX-72<\/strong><\/p>\n<p style=\"text-align: right;\"><strong>Publicado por:<\/strong><br \/>\nGRINALDO JOAQUIM DE SOUZA<br \/>\nSecret\u00e1rio Municipal de Administra\u00e7\u00e3o<br \/>\n<strong>C\u00f3digo Identificador:<\/strong>\u00a0F5P973TGGY<\/p>\n<div class=\"pdfprnt-buttons pdfprnt-buttons-post pdfprnt-bottom-right\"><a href=\"https:\/\/vilaflor.rn.gov.br\/transparencia\/wp-json\/wp\/v2\/posts?page=7&print=pdf#038;print=print\" class=\"pdfprnt-button pdfprnt-button-pdf\" target=\"_blank\"><img decoding=\"async\" src=\"https:\/\/vilaflor.rn.gov.br\/transparencia\/wp-content\/plugins\/pdf-print\/images\/pdf.png\" alt=\"image_pdf\" title=\"Baixar PDF\" \/><\/a><a href=\"https:\/\/vilaflor.rn.gov.br\/transparencia\/wp-json\/wp\/v2\/posts?page=7&print=print#038;print=print\" class=\"pdfprnt-button pdfprnt-button-print\" target=\"_blank\"><img decoding=\"async\" src=\"https:\/\/vilaflor.rn.gov.br\/transparencia\/wp-content\/plugins\/pdf-print\/images\/print.png\" alt=\"image_print\" title=\"Conte\u00fado de impress\u00e3o\" \/><\/a><\/div>","protected":false},"excerpt":{"rendered":"<p>ESTADO DO RIO GRANDE DO NORTE PREFEITURA MUNICIPAL DE VILA FLOR ORIGEM:\u00a0PREG\u00c3O ELETR\u00d4NICO N\u00ba 001\/2026 \u00a0 OBJETO:\u00a0AQUISI\u00c7\u00c3O DE CAMINH\u00c3O DO TIPO BASCULANTE 6X2, VISANDO SUPRIR AS NECESSIDADES DA SECRETARIA MUNICIPAL DE AGRICULTURA DO MUNIC\u00cdPIO DE VILA FLOR\/RN, conforme especifica\u00e7\u00f5es e quantidades conditas no termo de refer\u00eancia. \u00a0 \u00d3RG\u00c3O GERENCIADOR:\u00a0PREFEITURA MUNICIPAL DE VILA FLOR\/RN, inscrita no [&hellip;]<\/p>\n","protected":false},"author":1,"featured_media":0,"comment_status":"open","ping_status":"open","sticky":false,"template":"","format":"standard","meta":{"ocean_post_layout":"","ocean_both_sidebars_style":"","ocean_both_sidebars_content_width":0,"ocean_both_sidebars_sidebars_width":0,"ocean_sidebar":"0","ocean_second_sidebar":"0","ocean_disable_margins":"enable","ocean_add_body_class":"","ocean_shortcode_before_top_bar":"","ocean_shortcode_after_top_bar":"","ocean_shortcode_before_header":"","ocean_shortcode_after_header":"","ocean_has_shortcode":"","ocean_shortcode_after_title":"","ocean_shortcode_before_footer_widgets":"","ocean_shortcode_after_footer_widgets":"","ocean_shortcode_before_footer_bottom":"","ocean_shortcode_after_footer_bottom":"","ocean_display_top_bar":"default","ocean_display_header":"default","ocean_header_style":"","ocean_center_header_left_menu":"0","ocean_custom_header_template":"0","ocean_custom_logo":0,"ocean_custom_retina_logo":0,"ocean_custom_logo_max_width":0,"ocean_custom_logo_tablet_max_width":0,"ocean_custom_logo_mobile_max_width":0,"ocean_custom_logo_max_height":0,"ocean_custom_logo_tablet_max_height":0,"ocean_custom_logo_mobile_max_height":0,"ocean_header_custom_menu":"0","ocean_menu_typo_font_family":"0","ocean_menu_typo_font_subset":"","ocean_menu_typo_font_size":0,"ocean_menu_typo_font_size_tablet":0,"ocean_menu_typo_font_size_mobile":0,"ocean_menu_typo_font_size_unit":"px","ocean_menu_typo_font_weight":"","ocean_menu_typo_font_weight_tablet":"","ocean_menu_typo_font_weight_mobile":"","ocean_menu_typo_transform":"","ocean_menu_typo_transform_tablet":"","ocean_menu_typo_transform_mobile":"","ocean_menu_typo_line_height":0,"ocean_menu_typo_line_height_tablet":0,"ocean_menu_typo_line_height_mobile":0,"ocean_menu_typo_line_height_unit":"","ocean_menu_typo_spacing":0,"ocean_menu_typo_spacing_tablet":0,"ocean_menu_typo_spacing_mobile":0,"ocean_menu_typo_spacing_unit":"","ocean_menu_link_color":"","ocean_menu_link_color_hover":"","ocean_menu_link_color_active":"","ocean_menu_link_background":"","ocean_menu_link_hover_background":"","ocean_menu_link_active_background":"","ocean_menu_social_links_bg":"","ocean_menu_social_hover_links_bg":"","ocean_menu_social_links_color":"","ocean_menu_social_hover_links_color":"","ocean_disable_title":"default","ocean_disable_heading":"default","ocean_post_title":"","ocean_post_subheading":"","ocean_post_title_style":"","ocean_post_title_background_color":"","ocean_post_title_background":0,"ocean_post_title_bg_image_position":"","ocean_post_title_bg_image_attachment":"","ocean_post_title_bg_image_repeat":"","ocean_post_title_bg_image_size":"","ocean_post_title_height":0,"ocean_post_title_bg_overlay":0.5,"ocean_post_title_bg_overlay_color":"","ocean_disable_breadcrumbs":"default","ocean_breadcrumbs_color":"","ocean_breadcrumbs_separator_color":"","ocean_breadcrumbs_links_color":"","ocean_breadcrumbs_links_hover_color":"","ocean_display_footer_widgets":"default","ocean_display_footer_bottom":"default","ocean_custom_footer_template":"0","ocean_post_oembed":"","ocean_post_self_hosted_media":"","ocean_post_video_embed":"","ocean_link_format":"","ocean_link_format_target":"self","ocean_quote_format":"","ocean_quote_format_link":"post","ocean_gallery_link_images":"on","ocean_gallery_id":[],"footnotes":""},"categories":[58,75,4],"tags":[],"class_list":["post-4190","post","type-post","status-publish","format-standard","hentry","category-contratos","category-contratos-2026","category-licitacao","entry"],"_links":{"self":[{"href":"https:\/\/vilaflor.rn.gov.br\/transparencia\/wp-json\/wp\/v2\/posts\/4190","targetHints":{"allow":["GET"]}}],"collection":[{"href":"https:\/\/vilaflor.rn.gov.br\/transparencia\/wp-json\/wp\/v2\/posts"}],"about":[{"href":"https:\/\/vilaflor.rn.gov.br\/transparencia\/wp-json\/wp\/v2\/types\/post"}],"author":[{"embeddable":true,"href":"https:\/\/vilaflor.rn.gov.br\/transparencia\/wp-json\/wp\/v2\/users\/1"}],"replies":[{"embeddable":true,"href":"https:\/\/vilaflor.rn.gov.br\/transparencia\/wp-json\/wp\/v2\/comments?post=4190"}],"version-history":[{"count":1,"href":"https:\/\/vilaflor.rn.gov.br\/transparencia\/wp-json\/wp\/v2\/posts\/4190\/revisions"}],"predecessor-version":[{"id":4191,"href":"https:\/\/vilaflor.rn.gov.br\/transparencia\/wp-json\/wp\/v2\/posts\/4190\/revisions\/4191"}],"wp:attachment":[{"href":"https:\/\/vilaflor.rn.gov.br\/transparencia\/wp-json\/wp\/v2\/media?parent=4190"}],"wp:term":[{"taxonomy":"category","embeddable":true,"href":"https:\/\/vilaflor.rn.gov.br\/transparencia\/wp-json\/wp\/v2\/categories?post=4190"},{"taxonomy":"post_tag","embeddable":true,"href":"https:\/\/vilaflor.rn.gov.br\/transparencia\/wp-json\/wp\/v2\/tags?post=4190"}],"curies":[{"name":"wp","href":"https:\/\/api.w.org\/{rel}","templated":true}]}},{"id":4147,"date":"2026-01-30T12:24:03","date_gmt":"2026-01-30T15:24:03","guid":{"rendered":"https:\/\/vilaflor.rn.gov.br\/transparencia\/?p=4147"},"modified":"2026-02-02T12:24:39","modified_gmt":"2026-02-02T15:24:39","slug":"rreo-6o-bimestre-2025","status":"publish","type":"post","link":"https:\/\/vilaflor.rn.gov.br\/transparencia\/rreo-6o-bimestre-2025\/","title":{"rendered":"RREO 6\u00ba BIMESTRE 2025"},"content":{"rendered":"<div class=\"ead-preview\"><div class=\"ead-document\" style=\"position:relative;padding-top:90%;\"><iframe src=\"\/\/docs.google.com\/viewer?url=https%3A%2F%2Fvilaflor.rn.gov.br%2Ftransparencia%2Fwp-content%2Fuploads%2F2026%2F02%2FRREO-PARA-PUBLICACAO-DO-6-BIMESTRE-1.pdf&amp;embedded=true&amp;hl=en\" title=\"Embedded Document\" style=\"width:100%; height:100%; border: none; position: absolute;left:0;top:0;\"><\/iframe><\/div><p class=\"embed_download\"><a href=\"https:\/\/vilaflor.rn.gov.br\/transparencia\/wp-content\/uploads\/2026\/02\/RREO-PARA-PUBLICACAO-DO-6-BIMESTRE-1.pdf\" download >Download [430.26 KB] <\/a><\/p><\/div>\n<div class=\"pdfprnt-buttons pdfprnt-buttons-post pdfprnt-bottom-right\"><a href=\"https:\/\/vilaflor.rn.gov.br\/transparencia\/wp-json\/wp\/v2\/posts?page=7&print=pdf#038;print=print\" class=\"pdfprnt-button pdfprnt-button-pdf\" target=\"_blank\"><img decoding=\"async\" src=\"https:\/\/vilaflor.rn.gov.br\/transparencia\/wp-content\/plugins\/pdf-print\/images\/pdf.png\" alt=\"image_pdf\" title=\"Baixar PDF\" \/><\/a><a href=\"https:\/\/vilaflor.rn.gov.br\/transparencia\/wp-json\/wp\/v2\/posts?page=7&print=print#038;print=print\" class=\"pdfprnt-button pdfprnt-button-print\" target=\"_blank\"><img decoding=\"async\" src=\"https:\/\/vilaflor.rn.gov.br\/transparencia\/wp-content\/plugins\/pdf-print\/images\/print.png\" alt=\"image_print\" title=\"Conte\u00fado de impress\u00e3o\" \/><\/a><\/div>","protected":false},"excerpt":{"rendered":"","protected":false},"author":1,"featured_media":0,"comment_status":"open","ping_status":"open","sticky":false,"template":"","format":"standard","meta":{"ocean_post_layout":"","ocean_both_sidebars_style":"","ocean_both_sidebars_content_width":0,"ocean_both_sidebars_sidebars_width":0,"ocean_sidebar":"0","ocean_second_sidebar":"0","ocean_disable_margins":"enable","ocean_add_body_class":"","ocean_shortcode_before_top_bar":"","ocean_shortcode_after_top_bar":"","ocean_shortcode_before_header":"","ocean_shortcode_after_header":"","ocean_has_shortcode":"","ocean_shortcode_after_title":"","ocean_shortcode_before_footer_widgets":"","ocean_shortcode_after_footer_widgets":"","ocean_shortcode_before_footer_bottom":"","ocean_shortcode_after_footer_bottom":"","ocean_display_top_bar":"default","ocean_display_header":"default","ocean_header_style":"","ocean_center_header_left_menu":"0","ocean_custom_header_template":"0","ocean_custom_logo":0,"ocean_custom_retina_logo":0,"ocean_custom_logo_max_width":0,"ocean_custom_logo_tablet_max_width":0,"ocean_custom_logo_mobile_max_width":0,"ocean_custom_logo_max_height":0,"ocean_custom_logo_tablet_max_height":0,"ocean_custom_logo_mobile_max_height":0,"ocean_header_custom_menu":"0","ocean_menu_typo_font_family":"0","ocean_menu_typo_font_subset":"","ocean_menu_typo_font_size":0,"ocean_menu_typo_font_size_tablet":0,"ocean_menu_typo_font_size_mobile":0,"ocean_menu_typo_font_size_unit":"px","ocean_menu_typo_font_weight":"","ocean_menu_typo_font_weight_tablet":"","ocean_menu_typo_font_weight_mobile":"","ocean_menu_typo_transform":"","ocean_menu_typo_transform_tablet":"","ocean_menu_typo_transform_mobile":"","ocean_menu_typo_line_height":0,"ocean_menu_typo_line_height_tablet":0,"ocean_menu_typo_line_height_mobile":0,"ocean_menu_typo_line_height_unit":"","ocean_menu_typo_spacing":0,"ocean_menu_typo_spacing_tablet":0,"ocean_menu_typo_spacing_mobile":0,"ocean_menu_typo_spacing_unit":"","ocean_menu_link_color":"","ocean_menu_link_color_hover":"","ocean_menu_link_color_active":"","ocean_menu_link_background":"","ocean_menu_link_hover_background":"","ocean_menu_link_active_background":"","ocean_menu_social_links_bg":"","ocean_menu_social_hover_links_bg":"","ocean_menu_social_links_color":"","ocean_menu_social_hover_links_color":"","ocean_disable_title":"default","ocean_disable_heading":"default","ocean_post_title":"","ocean_post_subheading":"","ocean_post_title_style":"","ocean_post_title_background_color":"","ocean_post_title_background":0,"ocean_post_title_bg_image_position":"","ocean_post_title_bg_image_attachment":"","ocean_post_title_bg_image_repeat":"","ocean_post_title_bg_image_size":"","ocean_post_title_height":0,"ocean_post_title_bg_overlay":0.5,"ocean_post_title_bg_overlay_color":"","ocean_disable_breadcrumbs":"default","ocean_breadcrumbs_color":"","ocean_breadcrumbs_separator_color":"","ocean_breadcrumbs_links_color":"","ocean_breadcrumbs_links_hover_color":"","ocean_display_footer_widgets":"default","ocean_display_footer_bottom":"default","ocean_custom_footer_template":"0","ocean_post_oembed":"","ocean_post_self_hosted_media":"","ocean_post_video_embed":"","ocean_link_format":"","ocean_link_format_target":"self","ocean_quote_format":"","ocean_quote_format_link":"post","ocean_gallery_link_images":"on","ocean_gallery_id":[],"footnotes":""},"categories":[9,10,34],"tags":[],"class_list":["post-4147","post","type-post","status-publish","format-standard","hentry","category-instrumentos-de-transparencia","category-rreo","category-rreo-2025","entry"],"_links":{"self":[{"href":"https:\/\/vilaflor.rn.gov.br\/transparencia\/wp-json\/wp\/v2\/posts\/4147","targetHints":{"allow":["GET"]}}],"collection":[{"href":"https:\/\/vilaflor.rn.gov.br\/transparencia\/wp-json\/wp\/v2\/posts"}],"about":[{"href":"https:\/\/vilaflor.rn.gov.br\/transparencia\/wp-json\/wp\/v2\/types\/post"}],"author":[{"embeddable":true,"href":"https:\/\/vilaflor.rn.gov.br\/transparencia\/wp-json\/wp\/v2\/users\/1"}],"replies":[{"embeddable":true,"href":"https:\/\/vilaflor.rn.gov.br\/transparencia\/wp-json\/wp\/v2\/comments?post=4147"}],"version-history":[{"count":1,"href":"https:\/\/vilaflor.rn.gov.br\/transparencia\/wp-json\/wp\/v2\/posts\/4147\/revisions"}],"predecessor-version":[{"id":4149,"href":"https:\/\/vilaflor.rn.gov.br\/transparencia\/wp-json\/wp\/v2\/posts\/4147\/revisions\/4149"}],"wp:attachment":[{"href":"https:\/\/vilaflor.rn.gov.br\/transparencia\/wp-json\/wp\/v2\/media?parent=4147"}],"wp:term":[{"taxonomy":"category","embeddable":true,"href":"https:\/\/vilaflor.rn.gov.br\/transparencia\/wp-json\/wp\/v2\/categories?post=4147"},{"taxonomy":"post_tag","embeddable":true,"href":"https:\/\/vilaflor.rn.gov.br\/transparencia\/wp-json\/wp\/v2\/tags?post=4147"}],"curies":[{"name":"wp","href":"https:\/\/api.w.org\/{rel}","templated":true}]}},{"id":4144,"date":"2026-01-30T12:22:35","date_gmt":"2026-01-30T15:22:35","guid":{"rendered":"https:\/\/vilaflor.rn.gov.br\/transparencia\/?p=4144"},"modified":"2026-02-02T12:23:25","modified_gmt":"2026-02-02T15:23:25","slug":"rgf-2o-semestre-2025","status":"publish","type":"post","link":"https:\/\/vilaflor.rn.gov.br\/transparencia\/rgf-2o-semestre-2025\/","title":{"rendered":"RGF 2\u00ba SEMESTRE 2025"},"content":{"rendered":"<div class=\"ead-preview\"><div class=\"ead-document\" style=\"position:relative;padding-top:90%;\"><iframe src=\"\/\/docs.google.com\/viewer?url=https%3A%2F%2Fvilaflor.rn.gov.br%2Ftransparencia%2Fwp-content%2Fuploads%2F2026%2F02%2FRGF-PARA-PUBLICACAO-2025-VILA-FLOR-1.pdf&amp;embedded=true&amp;hl=en\" title=\"Embedded Document\" style=\"width:100%; height:100%; border: none; position: absolute;left:0;top:0;\"><\/iframe><\/div><p class=\"embed_download\"><a href=\"https:\/\/vilaflor.rn.gov.br\/transparencia\/wp-content\/uploads\/2026\/02\/RGF-PARA-PUBLICACAO-2025-VILA-FLOR-1.pdf\" download >Download [97.05 KB] <\/a><\/p><\/div>\n<div class=\"pdfprnt-buttons pdfprnt-buttons-post pdfprnt-bottom-right\"><a href=\"https:\/\/vilaflor.rn.gov.br\/transparencia\/wp-json\/wp\/v2\/posts?page=7&print=pdf#038;print=print\" class=\"pdfprnt-button pdfprnt-button-pdf\" target=\"_blank\"><img decoding=\"async\" src=\"https:\/\/vilaflor.rn.gov.br\/transparencia\/wp-content\/plugins\/pdf-print\/images\/pdf.png\" alt=\"image_pdf\" title=\"Baixar PDF\" \/><\/a><a href=\"https:\/\/vilaflor.rn.gov.br\/transparencia\/wp-json\/wp\/v2\/posts?page=7&print=print#038;print=print\" class=\"pdfprnt-button pdfprnt-button-print\" target=\"_blank\"><img decoding=\"async\" src=\"https:\/\/vilaflor.rn.gov.br\/transparencia\/wp-content\/plugins\/pdf-print\/images\/print.png\" alt=\"image_print\" title=\"Conte\u00fado de impress\u00e3o\" \/><\/a><\/div>","protected":false},"excerpt":{"rendered":"","protected":false},"author":1,"featured_media":0,"comment_status":"open","ping_status":"open","sticky":false,"template":"","format":"standard","meta":{"ocean_post_layout":"","ocean_both_sidebars_style":"","ocean_both_sidebars_content_width":0,"ocean_both_sidebars_sidebars_width":0,"ocean_sidebar":"0","ocean_second_sidebar":"0","ocean_disable_margins":"enable","ocean_add_body_class":"","ocean_shortcode_before_top_bar":"","ocean_shortcode_after_top_bar":"","ocean_shortcode_before_header":"","ocean_shortcode_after_header":"","ocean_has_shortcode":"","ocean_shortcode_after_title":"","ocean_shortcode_before_footer_widgets":"","ocean_shortcode_after_footer_widgets":"","ocean_shortcode_before_footer_bottom":"","ocean_shortcode_after_footer_bottom":"","ocean_display_top_bar":"default","ocean_display_header":"default","ocean_header_style":"","ocean_center_header_left_menu":"0","ocean_custom_header_template":"0","ocean_custom_logo":0,"ocean_custom_retina_logo":0,"ocean_custom_logo_max_width":0,"ocean_custom_logo_tablet_max_width":0,"ocean_custom_logo_mobile_max_width":0,"ocean_custom_logo_max_height":0,"ocean_custom_logo_tablet_max_height":0,"ocean_custom_logo_mobile_max_height":0,"ocean_header_custom_menu":"0","ocean_menu_typo_font_family":"0","ocean_menu_typo_font_subset":"","ocean_menu_typo_font_size":0,"ocean_menu_typo_font_size_tablet":0,"ocean_menu_typo_font_size_mobile":0,"ocean_menu_typo_font_size_unit":"px","ocean_menu_typo_font_weight":"","ocean_menu_typo_font_weight_tablet":"","ocean_menu_typo_font_weight_mobile":"","ocean_menu_typo_transform":"","ocean_menu_typo_transform_tablet":"","ocean_menu_typo_transform_mobile":"","ocean_menu_typo_line_height":0,"ocean_menu_typo_line_height_tablet":0,"ocean_menu_typo_line_height_mobile":0,"ocean_menu_typo_line_height_unit":"","ocean_menu_typo_spacing":0,"ocean_menu_typo_spacing_tablet":0,"ocean_menu_typo_spacing_mobile":0,"ocean_menu_typo_spacing_unit":"","ocean_menu_link_color":"","ocean_menu_link_color_hover":"","ocean_menu_link_color_active":"","ocean_menu_link_background":"","ocean_menu_link_hover_background":"","ocean_menu_link_active_background":"","ocean_menu_social_links_bg":"","ocean_menu_social_hover_links_bg":"","ocean_menu_social_links_color":"","ocean_menu_social_hover_links_color":"","ocean_disable_title":"default","ocean_disable_heading":"default","ocean_post_title":"","ocean_post_subheading":"","ocean_post_title_style":"","ocean_post_title_background_color":"","ocean_post_title_background":0,"ocean_post_title_bg_image_position":"","ocean_post_title_bg_image_attachment":"","ocean_post_title_bg_image_repeat":"","ocean_post_title_bg_image_size":"","ocean_post_title_height":0,"ocean_post_title_bg_overlay":0.5,"ocean_post_title_bg_overlay_color":"","ocean_disable_breadcrumbs":"default","ocean_breadcrumbs_color":"","ocean_breadcrumbs_separator_color":"","ocean_breadcrumbs_links_color":"","ocean_breadcrumbs_links_hover_color":"","ocean_display_footer_widgets":"default","ocean_display_footer_bottom":"default","ocean_custom_footer_template":"0","ocean_post_oembed":"","ocean_post_self_hosted_media":"","ocean_post_video_embed":"","ocean_link_format":"","ocean_link_format_target":"self","ocean_quote_format":"","ocean_quote_format_link":"post","ocean_gallery_link_images":"on","ocean_gallery_id":[],"footnotes":""},"categories":[9,11,35],"tags":[],"class_list":["post-4144","post","type-post","status-publish","format-standard","hentry","category-instrumentos-de-transparencia","category-rgf","category-rgf-2025","entry"],"_links":{"self":[{"href":"https:\/\/vilaflor.rn.gov.br\/transparencia\/wp-json\/wp\/v2\/posts\/4144","targetHints":{"allow":["GET"]}}],"collection":[{"href":"https:\/\/vilaflor.rn.gov.br\/transparencia\/wp-json\/wp\/v2\/posts"}],"about":[{"href":"https:\/\/vilaflor.rn.gov.br\/transparencia\/wp-json\/wp\/v2\/types\/post"}],"author":[{"embeddable":true,"href":"https:\/\/vilaflor.rn.gov.br\/transparencia\/wp-json\/wp\/v2\/users\/1"}],"replies":[{"embeddable":true,"href":"https:\/\/vilaflor.rn.gov.br\/transparencia\/wp-json\/wp\/v2\/comments?post=4144"}],"version-history":[{"count":1,"href":"https:\/\/vilaflor.rn.gov.br\/transparencia\/wp-json\/wp\/v2\/posts\/4144\/revisions"}],"predecessor-version":[{"id":4146,"href":"https:\/\/vilaflor.rn.gov.br\/transparencia\/wp-json\/wp\/v2\/posts\/4144\/revisions\/4146"}],"wp:attachment":[{"href":"https:\/\/vilaflor.rn.gov.br\/transparencia\/wp-json\/wp\/v2\/media?parent=4144"}],"wp:term":[{"taxonomy":"category","embeddable":true,"href":"https:\/\/vilaflor.rn.gov.br\/transparencia\/wp-json\/wp\/v2\/categories?post=4144"},{"taxonomy":"post_tag","embeddable":true,"href":"https:\/\/vilaflor.rn.gov.br\/transparencia\/wp-json\/wp\/v2\/tags?post=4144"}],"curies":[{"name":"wp","href":"https:\/\/api.w.org\/{rel}","templated":true}]}},{"id":4188,"date":"2026-01-28T09:38:38","date_gmt":"2026-01-28T12:38:38","guid":{"rendered":"https:\/\/vilaflor.rn.gov.br\/transparencia\/?p=4188"},"modified":"2026-04-02T09:39:45","modified_gmt":"2026-04-02T12:39:45","slug":"aviso-de-dispensa-de-licitacao-n-005-2026","status":"publish","type":"post","link":"https:\/\/vilaflor.rn.gov.br\/transparencia\/aviso-de-dispensa-de-licitacao-n-005-2026\/","title":{"rendered":"AVISO DE DISPENSA DE LICITA\u00c7\u00c3O N\u00b0 005\/2026"},"content":{"rendered":"<p><strong>ESTADO DO RIO GRANDE DO NORTE<\/strong><br \/>\n<strong>PREFEITURA MUNICIPAL DE VILA FLOR<\/strong><\/p>\n<p><strong>DADOS DO AVISO<\/strong><\/p>\n<p>Vila Flor\/RN, em 27 de janeiro de 2026.<\/p>\n<p>&nbsp;<\/p>\n<p><strong>PROCESSO ADMINISTRATIVO:\u00a0<\/strong>20010001\/2026<\/p>\n<p>&nbsp;<\/p>\n<p><strong>DATA E HORA LIMITE PARA ENTREGA DA PROPOSTA DE PRE\u00c7O E DOCUMENTOS DE HABILITA\u00c7\u00c3O<\/strong><\/p>\n<p>&nbsp;<\/p>\n<p>At\u00e9 dia 02\/02\/2026, \u00e0s 09:00h<\/p>\n<p>&nbsp;<\/p>\n<p><strong>REFER\u00caNCIA DE HOR\u00c1RIO<\/strong><\/p>\n<p><strong>\u00a0<\/strong><\/p>\n<p>Hor\u00e1rio de Brasilia \u2013 DF<\/p>\n<p><strong>\u00a0<\/strong><\/p>\n<p><strong>ENDERE\u00c7O ELETR\u00d4NICO PARA ENVIO DA PROPOSTA E DOCUMENTOS DE HABILITA\u00c7\u00c3O<\/strong><\/p>\n<p><strong>\u00a0<\/strong><\/p>\n<p><a href=\"mailto:pmvflicitacoes2021@gmail.com\">PMVFLICITACOES2021@GMAIL.COM<\/a><\/p>\n<p><strong>\u00a0<\/strong><\/p>\n<p>A\u00a0<strong>PREFEITURA MUNICIPAL DE VILA FLOR<\/strong>, atrav\u00e9s da\u00a0<strong>COMISS\u00c3O DE LICITA\u00c7\u00c3O<\/strong>, com sede na Rua Jos\u00e9 Calazans, 169, Centro, Vila Flor\/RN, CEP 59.192-000, inscrita no CNPJ\/MF sob n\u00b0 08.169.278\/0001-07, torna p\u00fablico para conhecimento dos interessados a realiza\u00e7\u00e3o de Chamada P\u00fablica para\u00a0<strong>DISPENSA DE LICITA\u00c7\u00c3O<\/strong>, com crit\u00e9rio de julgamento\u00a0<strong>MENOR PRE\u00c7O GLOBAL<\/strong>, nos termos do Art. n\u00ba 75, inciso II da Lei 14.133\/2021, e de acordo com as condi\u00e7\u00f5es, crit\u00e9rios e procedimentos estabelecidos neste Aviso e seus anexos, objetivando obter a melhor proposta, observadas as datas e hor\u00e1rios discriminados.<\/p>\n<p>OS INTERESSADOS DEVER\u00c3O ACOMPANHAR AS MENSAGENS REFERENTES A ESTE AVISO (RESPOSTAS A QUESTIONAMENTOS, IMPUGNA\u00c7\u00d5ES, RECURSOS, ETC.) NO E-MAIL INSTITUCIONAL, SENDO EXCLUSIVOS RESPONS\u00c1VEIS PELO \u00d4NUS DECORRENTE DA PERDA DE NEG\u00d3CIOS DIANTE DA INOBSERV\u00c2NCIA DE QUAISQUER MENSAGENS EMITIDAS PELO PORTAL.<\/p>\n<p>&nbsp;<\/p>\n<p><strong><u>ANEXOS DESTE AVISO<\/u><\/strong><\/p>\n<p><strong>\u00a0<\/strong><\/p>\n<p>Anexo I \u2013 Termo de Refer\u00eancia<\/p>\n<p>Anexo II \u2013 Modelo de Proposta de Pre\u00e7os<\/p>\n<p>Anexo III \u2013 Modelo de Declara\u00e7\u00e3o de cumprimento do disposto no Inc. XXXIII do art. 7\u00ba da Constitui\u00e7\u00e3o Federal<\/p>\n<p>Anexo IV \u2013 Declara\u00e7\u00e3o de reserva de cargos PcD, consoante art. 92, da Lei Federal n\u201d 14.133\/2021<\/p>\n<p>Anexo V \u2013 Declara\u00e7\u00e3o impedimentos do art. 14 da Lei Federal n\u201d 14.133\/2021<\/p>\n<p>Anexo VI \u2013 Modelo de Carta-Contrato<\/p>\n<p>&nbsp;<\/p>\n<p><strong>AVISO DE DISPENSA DE LICITA\u00c7\u00c3O N\u00b0 005\/2026<\/strong><\/p>\n<p><strong>\u00a0<\/strong><\/p>\n<ol>\n<li><strong>REFER\u00caNCIA LEGAL<\/strong><\/li>\n<\/ol>\n<p>As contra\u00e7\u00f5es atrav\u00e9s de dispensa de licita\u00e7\u00e3o no Prefeitura Municipal de Vila Flor s\u00e3o regidas pelos dispositivos legais:<\/p>\n<ol start=\"14\">\n<li>a) Lei n\u00ba 133\/2021, Art. 75, Inc. II;<\/li>\n<li>Instru\u00e7\u00e3o Normativa SEMGE n\u00ba 05\/2021, aprovada pela Portaria SEMGE n\u00ba 624\/2021.<\/li>\n<\/ol>\n<p>&nbsp;<\/p>\n<ol start=\"2\">\n<li><strong>OBJETO<\/strong><\/li>\n<\/ol>\n<p>O presente termo de refer\u00eancia visa orientar a licita\u00e7\u00e3o para a\u00a0<strong>CONTRATA\u00c7\u00c3O DE EMPRESA ESPECIALIZADA NA PRESTA\u00c7\u00c3O SERVI\u00c7O DE ASSESSORIA DE COMUNICA\u00c7\u00c3O, INCLUINDO A PRODU\u00c7\u00c3O DE TEXTOS, FOTOGRAFIAS, EDI\u00c7\u00c3O DE V\u00cdDEOS, WEB DESIGNER, DESIGNER GR\u00c1FICO, MARKETING DIGITAL, FILMAGENS E GRAVA\u00c7\u00d5ES VISANDO ATENDER AS NECESSIDADES DA PREFEITURA MUNICIPAL DE VILA FLOR\/RN<\/strong>, Anexo I deste Aviso.<\/p>\n<p>&nbsp;<\/p>\n<ol start=\"3\">\n<li><strong>INFORMA\u00c7\u00d5ES PRELIMINARES<\/strong><\/li>\n<\/ol>\n<p>Os interessados dever\u00e3o proceder, antes da elabora\u00e7\u00e3o das propostas, verifica\u00e7\u00e3o minuciosa de todos os elementos fornecidos, solicitando por escrito ao\u00a0<strong>SETOR DE LICITA\u00c7\u00c3O<\/strong>, via e-mail:\u00a0<a href=\"mailto:atendimento_cosel@salvador.ba.gov.br\"><strong>PMVFLICITACOES2021@GMAIL.COM<\/strong>,<\/a>\u00a0at\u00e9 01 (um) dia \u00fatil antes do prazo final para apresenta\u00e7\u00e3o da documenta\u00e7\u00e3o, as d\u00favidas suscitadas, que ser\u00e3o esclarecidas no pr\u00f3prio e-mail.<\/p>\n<p>&nbsp;<\/p>\n<ol start=\"4\">\n<li><strong>CONDI\u00c7\u00d5ES DE PARTICIPA\u00c7\u00c3O<\/strong>\n<ul>\n<li>Poder\u00e3o participar desta Dispensa de Licita\u00e7\u00e3o, pessoas f\u00edsica ou jur\u00eddica, regularmente estabelecidas no pa\u00eds que atenda \u00e0s condi\u00e7\u00f5es exigidas neste Aviso e seus anexos, devendo pertencer ao ramo da atividade pertinente e compat\u00edvel com o objeto<\/li>\n<\/ul>\n<\/li>\n<\/ol>\n<p>&nbsp;<\/p>\n<ul>\n<li>N\u00e3o poder\u00e3o participar desta Dispensa de Licita\u00e7\u00e3o os interessados:<\/li>\n<\/ul>\n<p>&nbsp;<\/p>\n<ol>\n<li>Proibidos de participar de licita\u00e7\u00f5es e celebrar contratos administrativos, na forma da legisla\u00e7\u00e3o<\/li>\n<li>Que n\u00e3o atendam \u00e0s condi\u00e7\u00f5es deste Aviso e Termo de Refer\u00eancia;<\/li>\n<li>Estrangeiros que n\u00e3o tenham representa\u00e7\u00e3o legal no Brasil com poderes expressos para receber cita\u00e7\u00e3o e responder administrativa ou judicialmente;<\/li>\n<li>Que se enquadrem nas veda\u00e7\u00f5es previstas no artigo 14\u00ba da Lei Federal n\u00b0 133\/21;<\/li>\n<li>Organiza\u00e7\u00f5es da Sociedade Civil de Interesse P\u00fablico \u2013 OSC IP, atuando nessa condi\u00e7\u00e3o (Ac\u00f3rd\u00e3o n\u00b0746\/2014 \u2013 TCU Plen\u00e1rio);<\/li>\n<li>Estejam cumprindo penalidade de suspens\u00e3o tempor\u00e1ria imposta pela Administra\u00e7\u00e3o P\u00fablica Municipal, ou, ainda, penalidade imposta por qualquer \u00f3rg\u00e3o da Administra\u00e7\u00e3o P\u00fablica, nas hip\u00f3teses previstas nos incisos III e IV do 156 da Lei n\u00b0 14.133\/21<\/li>\n<\/ol>\n<p>&nbsp;<\/p>\n<ol start=\"5\">\n<li><strong>ESPECIFICA\u00c7\u00d5ES DO OBJETO, DOTA\u00c7\u00c3O OR\u00c7AMENT\u00c1RIA, PRAZOS E LOCAL DE PRESTA\u00c7\u00c3O DE SERVI\u00c7OS<\/strong><\/li>\n<\/ol>\n<p>As informa\u00e7\u00f5es relativas a especifica\u00e7\u00f5es do objeto, dota\u00e7\u00e3o or\u00e7ament\u00e1ria, prazos e local de entrega est\u00e3o elencadas no termo de Refer\u00eancia anexo I deste Aviso.<\/p>\n<p>&nbsp;<\/p>\n<ol start=\"6\">\n<li><strong>PRAZO E FORMA PARA ENVIO DOS DOCUMENTOS DE HABILITA\u00c7\u00c3O E PROPOSTA DE PRE\u00c7O<\/strong>\n<ul>\n<li><strong>PRAZO DE ENTREGA DOS DOCUMENTOS<\/strong>: Esta chamada p\u00fablica para Dispensa de Licita\u00e7\u00e3o ficar\u00e1 aberta por um per\u00edodo de\u00a0<strong>03 (TR\u00caS) DIAS UT\u00c9IS,\u00a0<\/strong>contados a partir da data de publica\u00e7\u00e3o do\u00a0<strong>AVISO<\/strong>\u00a0<strong>DE DISPENSA DE LICITA\u00c7\u00c3O\u00a0<\/strong>na imprensa<\/li>\n<li>A proposta de pre\u00e7os e os documentos de habilita\u00e7\u00e3o, dever\u00e3o ser encaminhados via e-mail, para o endere\u00e7o eletr\u00f4nico:\u00a0<a href=\"mailto:atendimento_cosel@salvador.ba.gov.br\"><strong>PMVFLICITACOES2021@GMAIL.COM<\/strong>,<\/a>\u00a0fazendo refer\u00eancia no assunto do e-mail a\u00a0<strong>DISPENSA DE LICITA\u00c7\u00c3O N\u00b0 005\/2026.<\/strong><\/li>\n<\/ul>\n<\/li>\n<\/ol>\n<p>&nbsp;<\/p>\n<p>7.\u00a0\u00a0\u00a0\u00a0\u00a0\u00a0\u00a0 PROPOSTAS DE PRE\u00c7OS<\/p>\n<p><strong>\u00a0<\/strong><\/p>\n<ul>\n<li>A proposta de pre\u00e7os dever\u00e1 ser apresentada na forma, prazo e condi\u00e7\u00f5es estipulados neste Aviso e seus<\/li>\n<\/ul>\n<p>&nbsp;<\/p>\n<ul>\n<li>A proposta dever\u00e1 ser redigida em papel timbrado do interessado, por meio mec\u00e2nico ou informatizado, de forma clara e inequ\u00edvoca, sem emendas, rasuras ou entrelinhas, em estrita observ\u00e2ncia \u00e0s especifica\u00e7\u00f5es contidas neste Aviso, assinada na \u00faltima folha e rubricada nas demais pelo seu titular ou representante legal, devidamente identificado, nela constando, obrigatoriamente:<\/li>\n<\/ul>\n<p>&nbsp;<\/p>\n<ol>\n<li>Raz\u00e3o Social, CNPJ, endere\u00e7o, CEP, telefone\/ e-mail e pessoa de contato;<\/li>\n<li>Pre\u00e7os de acordo com os praticados no mercado, dento do pre\u00e7o m\u00e1ximo que a SEMOP se disp\u00f5e a pagar, em algarismo e por extenso, s\u00f3 reajust\u00e1veis na forma da lei, com valores expressos em moeda corrente nacional (R$). Ocorrendo diverg\u00eancia entre o pre\u00e7o em algarismo e o expresso por extenso, ser\u00e1 levado em conta por extenso.<\/li>\n<li>Prazo de validade de proposta n\u00e3o inferior a 90 (noventa) dias, a contar da data de sua apresenta\u00e7\u00e3o, sendo facultado aos proponentes estender tal validade por prazo<\/li>\n<\/ol>\n<p>&nbsp;<\/p>\n<ul>\n<li>A proposta de pre\u00e7os apresentada dever\u00e1 incluir todas e quaisquer despesas necess\u00e1rias para a execu\u00e7\u00e3o do objeto desta Dispensa de Licita\u00e7\u00e3o, tais como: tributos, emolumentos, contribui\u00e7\u00f5es sociais, fiscais, parafiscais, fretes, seguros e demais despesas inerentes, devendo o pre\u00e7o ofertado corresponder rigorosamente \u00e0s especifica\u00e7\u00f5es do objeto, n\u00e3o cabendo quaisquer reivindica\u00e7\u00f5es devidas a erros nessa avalia\u00e7\u00e3o, para efeito de solicitar revis\u00e3o de pre\u00e7os.<\/li>\n<\/ul>\n<p>&nbsp;<\/p>\n<ul>\n<li>A proposta de pre\u00e7os que n\u00e3o estiver em conson\u00e2ncia com as exig\u00eancias deste Aviso ser\u00e1<\/li>\n<\/ul>\n<p>&nbsp;<\/p>\n<ul>\n<li>Os pre\u00e7os ofertados n\u00e3o poder\u00e3o exceder os pre\u00e7os m\u00e1ximos, constantes neste<\/li>\n<\/ul>\n<p>&nbsp;<\/p>\n<p>8.\u00a0\u00a0\u00a0\u00a0\u00a0\u00a0\u00a0 DOCUMENTA\u00c7\u00c3O DE HABILITA\u00c7\u00c3O<\/p>\n<p><strong>\u00a0<\/strong><\/p>\n<ul>\n<li>Para fins de comprova\u00e7\u00e3o de habilita\u00e7\u00e3o, dever\u00e3o ser apresentados junto com a proposta de pre\u00e7os, os documentos abaixo relacionados, com prazo vigente, \u00e0 exce\u00e7\u00e3o daqueles que por sua natureza n\u00e3o contenham validade:<\/li>\n<\/ul>\n<p>&nbsp;<\/p>\n<ul>\n<li><strong><u>Habilita\u00e7\u00e3o Jur\u00eddica<\/u><\/strong>\n<ol>\n<li>Ato constitutivo, estatuto ou contrato social em vigor, devidamente registrado ou inscrito;<\/li>\n<li>Em se tratando de Microempreendedor individual \u2014 MEI: Certificado da Condi\u00e7\u00e3o de Microempreendedor Individual \u2013 CCMEI;<\/li>\n<\/ol>\n<\/li>\n<\/ul>\n<p>&nbsp;<\/p>\n<ul>\n<li><strong><u>Regularidade Fiscal e Trabalhista<\/u><\/strong>\n<ol start=\"8\">\n<li>Certid\u00e3o Conjunta Negativa de D\u00e9bitos, relativa aos tributos federais e \u00e0 D\u00edvida Ativa da Uni\u00e3o, no \u00e2mbito da RFB e da PGFN abrangendo inclusive as contribui\u00e7\u00f5es sociais previstas nas al\u00edneas \u201ca\u201d e \u201cd\u201d do par\u00e1grafo \u00fanico do art. 11 da Lei n.\u00ba 8.212, de 24 de julho de 1991, com base na Portaria Conjunta RFB\/PGFN no 751, de 02\/10\/2014.<\/li>\n<li>Prova de inscri\u00e7\u00e3o no cadastro de contribuintes estadual e\/ou Municipal, se houver, relativo ao domicilio ou sede do interessado, pertinente ao seu ramo de atividade e compat\u00edvel com o objeto<\/li>\n<li>Prova de regularidade com a Fazenda Estadual relativo ao domicilio ou sede do interessado;<\/li>\n<li>Prova de regularidade com a Fazenda Municipal do relativo ao domicilio ou sede do interessado;<\/li>\n<li>Prova de regularidade com o Fundo de Garantia por Tempo de Servi\u00e7o (FGTS), mediante a apresenta\u00e7\u00e3o de Certificado de Regularidade de Situa\u00e7\u00e3o\/CRF.<\/li>\n<li>Prova de inexist\u00eancia de d\u00e9bitos inadimplidos perante a justi\u00e7a do trabalho, mediante a apresenta\u00e7\u00e3o de Certid\u00e3o Negativa de D\u00e9bitos Trabalhistas (CNDT), com prazo de validade de 180 (cento e oitenta dias), contados da data de sua emiss\u00e3o, de acordo com a Legisla\u00e7\u00e3o federal \u201cLei n\u00ba 440, de 07 de julho de 2011\u201d.<\/li>\n<li>Prova de inscri\u00e7\u00e3o de Cadastro Nacional de Pessoas Jur\u00eddicas CNPJ;<\/li>\n<\/ol>\n<\/li>\n<\/ul>\n<p>&nbsp;<\/p>\n<ul>\n<li><strong><u>Qualifica\u00e7\u00e3o T\u00e9cnica<\/u><\/strong>\n<ol>\n<li>Apresenta\u00e7\u00e3o de pelo menos 01 (um) atestado em nome da pessoa jur\u00eddica, fornecido por pessoa jur\u00eddica de direito p\u00fablico ou privado, suficientes para comprovar a aptid\u00e3o em execu\u00e7\u00e3o de objetos similares ao desta contrata\u00e7\u00e3o.\n<ul>\n<li>O(s) atestado(s) dever\u00e1(\u00e3o) ser apresentado(s) constando as seguintes informa\u00e7\u00f5es da emitente: papel timbrado, CNPJ, endere\u00e7o, telefone, data de emiss\u00e3o, nome e cargo\/fun\u00e7\u00e3o de quem assina o documento, bem como conter objeto, atividades desenvolvidas e per\u00edodo da contrata\u00e7\u00e3o.<\/li>\n<li>N\u00e3o ser\u00e3o aceitos atestados emitidos por empresas do mesmo grupo empresarial da promitente contratada ou pela pr\u00f3pria pessoa jur\u00eddica e\/ou emitidos por empresas, das quais participem s\u00f3cios ou diretores da promitente<\/li>\n<\/ul>\n<\/li>\n<\/ol>\n<\/li>\n<\/ul>\n<p>&nbsp;<\/p>\n<ul>\n<li><strong><u>Qualifica\u00e7\u00e3o econ\u00f4mico-financeira<\/u><\/strong>\n<ol>\n<li>Certid\u00e3o negativa de fal\u00eancia, recupera\u00e7\u00e3o judicial ou extrajudicial ou execu\u00e7\u00e3o patrimonial, conforme o caso, expedida pelo distribuidor da sede do\n<ul>\n<li>Caso o licitante encontre-se em recupera\u00e7\u00e3o judicial, admite-se a participa\u00e7\u00e3o, em licita\u00e7\u00f5es, desde que amparadas em certid\u00e3o emitida pela inst\u00e2ncia judicial competente afirmando que a interessada est\u00e1 apta econ\u00f4mica e financeiramente a participar de procedimento licitat\u00f3rio, na forma do Ac\u00f3rd\u00e3o TCU \u2013 Plen\u00e1rio \u2013 1201\/2020.<\/li>\n<\/ul>\n<\/li>\n<\/ol>\n<\/li>\n<\/ul>\n<p>&nbsp;<\/p>\n<ul>\n<li><strong><u>Documenta\u00e7\u00e3o Complementar de Habilita\u00e7\u00e3o<\/u><\/strong>\n<ol start=\"14\">\n<li>Declara\u00e7\u00e3o de que n\u00e3o est\u00e1 incurso nos impedimentos de que trata o art.14 da Federal n\u00b0 133\/2021, conforme modelo ANEXO IV;<\/li>\n<li>Declara\u00e7\u00e3o de que cumpre as exig\u00eancias de reserva de cargos para Pessoas com Defici\u00eancia \u2014 PcD e para reabilitado da Previd\u00eancia Social, previstas em lei e normas espec\u00edficas, conforme modelo ANEXO III;<\/li>\n<li>Certid\u00e3o Negativa de Cadastro Nacional de Empresas Inid\u00f4neas e Suspensas \u2014 CEIS<\/li>\n<li>Certid\u00e3o Negativa de Cadastro Nacional de Empresas P\u00fablicas \u2014 CNEP<\/li>\n<li>Declara\u00e7\u00e3o assinada pelo titular ou representante legal da Requerente, devidamente identificado, em conformidade com o disposto no XXXIII, art. 7\u00ba, da Constitui\u00e7\u00e3o Federal (Modelo no\u00a0<strong>Anexo IV\u00a0<\/strong>deste Aviso).<\/li>\n<\/ol>\n<\/li>\n<\/ul>\n<p>&nbsp;<\/p>\n<p>9.\u00a0\u00a0\u00a0\u00a0\u00a0\u00a0\u00a0 CRIT\u00c9RIO DE JULGAMENTO<\/p>\n<p><strong>\u00a0<\/strong><\/p>\n<ul>\n<li><strong><u>PROPOSTAS DE PRE\u00c7OS<\/u><\/strong><\/li>\n<\/ul>\n<p>&nbsp;<\/p>\n<ul>\n<li>As propostas apresentadas em conson\u00e2ncia com as exig\u00eancias do Aviso ser\u00e3o classificadas e ser\u00e1 declara vencedora a que apresentar o menor pre\u00e7o.<\/li>\n<\/ul>\n<p>&nbsp;<\/p>\n<ul>\n<li>Os interessados que apresentarem proposta de pre\u00e7os com diverg\u00eancia \u00e0s exig\u00eancias deste Aviso e seus anexos ser\u00e1<\/li>\n<\/ul>\n<p>&nbsp;<\/p>\n<ul>\n<li><strong><u>HABILITA\u00c7\u00c3O<\/u><\/strong>\n<ul>\n<li>Ser\u00e1 habilitado o interessado que atender todas as condi\u00e7\u00f5es do Aviso e seus<\/li>\n<li>Ser\u00e1 inabilitada o interessado que n\u00e3o atender as condi\u00e7\u00f5es do Aviso e seus<\/li>\n<\/ul>\n<\/li>\n<\/ul>\n<p>&nbsp;<\/p>\n<p>10.\u00a0\u00a0\u00a0\u00a0\u00a0 OBRIGA\u00c7\u00d5ES, PENALIDADES E SAN\u00c7\u00d5ES<\/p>\n<p><strong>\u00a0<\/strong><\/p>\n<p>As obriga\u00e7\u00f5es, penalidades e sans\u00f5es est\u00e3o elencadas no Termo de Refer\u00eancia, anexo I deste Aviso e s\u00e3o parte integrante independente de transcri\u00e7\u00e3o.<\/p>\n<p>&nbsp;<\/p>\n<p>11.\u00a0\u00a0\u00a0\u00a0\u00a0\u00a0\u00a0\u00a0 DISPOSI\u00c7\u00d5ES GERAIS<\/p>\n<p><strong>\u00a0<\/strong><\/p>\n<ul>\n<li>O interessado n\u00e3o poder\u00e1 alegar como justificativa para se eximir das obriga\u00e7\u00f5es assumidas, o desconhecimento das condi\u00e7\u00f5es para participa\u00e7\u00e3o desta Dispensa de Licita\u00e7\u00e3o.<\/li>\n<li>Poder\u00e1 esta Secretaria Municipal da Prefeitura Municipal de Vila Flor, revogar o presente Aviso, no todo em parte, por conveni\u00eancia administrativa e interesse p\u00fablico, decorrente de falo superveniente, devidamente<\/li>\n<li>A Secretaria Municipal da Prefeitura Municipal de Vila Flor poder\u00e1 anular o presente Aviso, no todo em parte, caso ocorra ilegalidade, de oficio ou por provoca\u00e7\u00e3o. A anula\u00e7\u00e3o do procedimento oriundo deste Aviso, n\u00e3o gera direito a indeniza\u00e7\u00e3o.<\/li>\n<li>Ap\u00f3s a fase de classifica\u00e7\u00e3o da proposta, n\u00e3o cabe desist\u00eancia da mesma, salvo por motivo justo decorrente de fato superveniente, e desde que aceito pela PREFEITURA MUNICIPAL.<\/li>\n<li>Ao apresentar a proposta de pre\u00e7os, o interessado declara sob as penalidades da Lei, da inexist\u00eancia de qualquer v\u00ednculo de natureza t\u00e9cnica, comercial, econ\u00f4mica, financeira ou trabalhista, entre si e os respons\u00e1veis por esta Dispensa de Licita\u00e7\u00e3o, quer direta ou<\/li>\n<li>A apresenta\u00e7\u00e3o de proposta pressup\u00f5e o pleno conhecimento, atendimento e aceita\u00e7\u00e3o integral e irretrat\u00e1vel, por parte do interessado, das exig\u00eancias e condi\u00e7\u00f5es estabelecidas neste Aviso e Termo de Refer\u00eancia.<\/li>\n<li>A falsidade de qualquer documento apresentado ou a inverdade das informa\u00e7\u00f5es nele contidas implicar\u00e1 a imediata desclassifica\u00e7\u00e3o\/inabilita\u00e7\u00e3o do interessado que o tiver apresentado, ou, caso tenha sido o vencedor, a rescis\u00e3o do contrato ou do pedido de compra, sem preju\u00edzo de demais san\u00e7\u00f5es cab\u00edveis.<\/li>\n<li>Na contagem dos prazos estabelecidos neste Aviso, com fulcro no Art 183 da Lei Federal 133\/2021, ser\u00e3o contados com exclus\u00e3o do dia do come\u00e7o e inclus\u00e3o do dia do vencimento, observando-se as seguintes disposi\u00e7\u00f5es:\n<ol>\n<li>os prazos expressos em dias corridos ser\u00e3o computados de modo cont\u00ednuo;<\/li>\n<li>os prazos expressos em meses ou anos ser\u00e3o computados de data a data;<\/li>\n<li>nos prazos expressos em dias \u00fateis, ser\u00e3o computados somente os dias em que ocorrer expediente administrativo no \u00f3rg\u00e3o ou entidade competente.<\/li>\n<\/ol>\n<\/li>\n<\/ul>\n<p>&nbsp;<\/p>\n<ul>\n<li>Salvo disposi\u00e7\u00e3o em contr\u00e1rio, considera-se dia do come\u00e7o do prazo:\n<ol>\n<li>o primeiro dia \u00fatil seguinte ao da disponibiliza\u00e7\u00e3o da informa\u00e7\u00e3o na<\/li>\n<\/ol>\n<\/li>\n<\/ul>\n<p>Vila Flor\/RN, em 27 de janeiro de 2026.<\/p>\n<p>&nbsp;<\/p>\n<p>&nbsp;<\/p>\n<p>Kedson Jos\u00e9 de Lima<\/p>\n<p><strong>Agente de Contrata\u00e7\u00e3o<\/strong><\/p>\n<p><strong>\u00a0<\/strong><\/p>\n<p>DISPENSA DE LICITA\u00c7\u00c3O N\u00b0 005\/2026<\/p>\n<p>SETOR DE LICITA\u00c7\u00c3O<\/p>\n<p>ANEXO I \u2013 TERMO DE REFER\u00caNCIA<\/p>\n<ol>\n<li>CONDI\u00c7\u00d5ES GERAIS DA CONTRATA\u00c7\u00c3O<\/li>\n<\/ol>\n<p><strong>CONTRATA\u00c7\u00c3O DE EMPRESA ESPECIALIZADA NA PRESTA\u00c7\u00c3O SERVI\u00c7O DE ASSESSORIA DE COMUNICA\u00c7\u00c3O, INCLUINDO A PRODU\u00c7\u00c3O DE TEXTOS, FOTOGRAFIAS, EDI\u00c7\u00c3O DE V\u00cdDEOS, WEB DESIGNER, DESIGNER GR\u00c1FICO, MARKETING DIGITAL, FILMAGENS E GRAVA\u00c7\u00d5ES VISANDO ATENDER AS NECESSIDADES DA PREFEITURA MUNICIPAL DE VILA FLOR\/RN,\u00a0<\/strong>nos termos da tabela abaixo, conforme condi\u00e7\u00f5es e exig\u00eancias estabelecidas neste instrumento.<\/p>\n<table width=\"660\">\n<tbody>\n<tr>\n<td width=\"77\"><strong>ITEM<\/strong><\/td>\n<td width=\"389\"><strong>DESCRI\u00c7\u00c3O<\/strong><\/td>\n<td width=\"89\"><strong>UNID.<\/strong><\/td>\n<td width=\"105\"><strong>QUANT.<\/strong><\/td>\n<\/tr>\n<tr>\n<td width=\"77\">1<\/td>\n<td width=\"389\">CONTRATA\u00c7\u00c3O DE EMPRESA ESPECIALIZADA NA PRESTA\u00c7\u00c3O SERVI\u00c7O DE ASSESSORIA DE COMUNICA\u00c7\u00c3O, INCLUINDO A PRODU\u00c7\u00c3O DE TEXTOS, FOTOGRAFIAS, EDI\u00c7\u00c3O DE V\u00cdDEOS, WEB DESIGNER, DESIGNER GR\u00c1FICO, MARKETING DIGITAL, FILMAGENS E GRAVA\u00c7\u00d5ES VISANDO ATENDER AS NECESSIDADES DA PREFEITURA MUNICIPAL DE VILA FLOR\/RN<\/td>\n<td width=\"89\">M\u00eas<\/td>\n<td width=\"105\">12<\/td>\n<\/tr>\n<\/tbody>\n<\/table>\n<p>Os servi\u00e7os objeto desta contrata\u00e7\u00e3o s\u00e3o caracterizados como comuns, a classifica\u00e7\u00e3o fundamenta-se no fato de que tais atividades possuem padr\u00f5es de desempenho e qualidade que podem ser objetivamente definidos pelo edital, por meio de especifica\u00e7\u00f5es usuais de mercado. Embora envolvam criatividade, os servi\u00e7os de design, reda\u00e7\u00e3o, fotografia e edi\u00e7\u00e3o seguem normas t\u00e9cnicas consagradas e processos de execu\u00e7\u00e3o amplamente dominados por empresas do setor, permitindo a compara\u00e7\u00e3o objetiva entre as propostas e a sele\u00e7\u00e3o atrav\u00e9s de crit\u00e9rios de menor pre\u00e7o ou t\u00e9cnica e pre\u00e7o, conforme a legisla\u00e7\u00e3o de licita\u00e7\u00f5es vigente.<\/p>\n<p>O objeto desta contrata\u00e7\u00e3o n\u00e3o se enquadra como sendo de bem de luxo, conforme Decreto n\u00ba 10.818, de 27 de setembro de 2021.<\/p>\n<p>O prazo de vig\u00eancia da contrata\u00e7\u00e3o \u00e9 de 12 (doze) m\u00eas contados da data da homologa\u00e7\u00e3o, prorrog\u00e1vel por at\u00e9 10 anos, na forma dos artigos 106 e 107 da Lei n\u00b0 14.133, de 2021.<\/p>\n<p>A presta\u00e7\u00e3o dos servi\u00e7os \u00e9 enquadrado como continuado tendo em vista que s\u00e3o itens essenciais para o funcionamento de todas as atividades p\u00fablicas.<\/p>\n<p>O contrato oferece maior detalhamento das regras que ser\u00e3o aplicadas em rela\u00e7\u00e3o \u00e0 vig\u00eancia da contrata\u00e7\u00e3o.<\/p>\n<ol start=\"2\">\n<li>FUNDAMENTA\u00c7\u00c3O E DESCRI\u00c7\u00c3O DA NECESSIDADE DA CONTRATA\u00c7\u00c3O<\/li>\n<\/ol>\n<p>A necessidade desta contrata\u00e7\u00e3o fundamenta-se na car\u00eancia t\u00e9cnica e operacional que a estrutura administrativa municipal apresenta para cumprir o seu dever constitucional de publicidade e transpar\u00eancia. Atualmente, a gest\u00e3o p\u00fablica moderna exige um fluxo de comunica\u00e7\u00e3o ininterrupto, profissional e multiplataforma, o qual n\u00e3o pode ser suprido apenas por servidores de cargos generalistas ou por equipamentos b\u00e1sicos. Existe uma lacuna latente no que diz respeito \u00e0 capacidade de traduzir as a\u00e7\u00f5es governamentais em uma linguagem acess\u00edvel, visualmente atraente e tecnicamente adequada aos padr\u00f5es das redes sociais e ve\u00edculos de imprensa.<\/p>\n<p>&nbsp;<\/p>\n<p>A aus\u00eancia de um corpo t\u00e9cnico especializado em \u00e1reas como web design e marketing digital impede que a Prefeitura de Vila Flor estabele\u00e7a um canal de di\u00e1logo eficiente com o cidad\u00e3o, resultando em um distanciamento entre a administra\u00e7\u00e3o e a popula\u00e7\u00e3o. A necessidade se manifesta na urg\u00eancia de organizar a identidade visual do munic\u00edpio e manter o portal oficial e as redes sociais atualizados com rigor t\u00e9cnico, garantindo que informa\u00e7\u00f5es sobre sa\u00fade, educa\u00e7\u00e3o e obras p\u00fablicas cheguem ao conhecimento de todos. Sem o servi\u00e7o de assessoria, a produ\u00e7\u00e3o de v\u00eddeos e fotografias ocorre de forma amadora, o que compromete a credibilidade institucional e dificulta a preserva\u00e7\u00e3o da mem\u00f3ria administrativa da cidade. Portanto, a car\u00eancia n\u00e3o \u00e9 apenas de pessoal, mas de intelig\u00eancia estrat\u00e9gica e suporte tecnol\u00f3gico capaz de gerir a imagem p\u00fablica municipal de forma profissional.<\/p>\n<p>&nbsp;<\/p>\n<p>Dessa forma, a contrata\u00e7\u00e3o de uma empresa com expertise em comunica\u00e7\u00e3o institucional se mostra indispens\u00e1vel para suprir essas demandas t\u00e9cnicas, promover a imagem da C\u00e2mara e assegurar o direito da popula\u00e7\u00e3o \u00e0 informa\u00e7\u00e3o qualificada e de f\u00e1cil acesso.<\/p>\n<ol start=\"3\">\n<li>DESCRI\u00c7\u00c3O DA SOLU\u00c7\u00c3O COMO UM TODO CONSIDERADO O CICLO DE VIDA DO OBJETO E ESPECIFICA\u00c7\u00c3O DO PRODUTO<\/li>\n<\/ol>\n<p>A solu\u00e7\u00e3o compreende a presta\u00e7\u00e3o de servi\u00e7os integrados de comunica\u00e7\u00e3o social, estruturada para atuar desde o planejamento estrat\u00e9gico at\u00e9 a mensura\u00e7\u00e3o de resultados. A contratada dever\u00e1 fornecer uma estrutura t\u00e9cnica completa, composta por profissionais qualificados e equipamentos de ponta, para operacionalizar a imagem p\u00fablica da Prefeitura. A solu\u00e7\u00e3o abrange o gerenciamento de crises, a cobertura jornal\u00edstica de eventos, a manuten\u00e7\u00e3o da identidade visual em todas as secretarias e a gest\u00e3o t\u00e9cnica dos canais digitais. O foco central \u00e9 transformar a gest\u00e3o administrativa em conte\u00fado acess\u00edvel, garantindo que a informa\u00e7\u00e3o oficial seja fidedigna, r\u00e1pida e esteticamente profissional, eliminando ru\u00eddos entre o poder p\u00fablico e a sociedade civil atrav\u00e9s de uma linguagem multiplataforma.<\/p>\n<p>3.1. Ciclo de Vida do Objeto<\/p>\n<p>O ciclo de vida desta contrata\u00e7\u00e3o \u00e9 din\u00e2mico e retroalimentado, iniciando-se na fase de\u00a0<strong>Planejamento e Pauta<\/strong>, onde as necessidades de comunica\u00e7\u00e3o de cada secretaria s\u00e3o identificadas. Em seguida, entra-se na fase de\u00a0<strong>Produ\u00e7\u00e3o e Execu\u00e7\u00e3o<\/strong>, momento em que ocorrem as capta\u00e7\u00f5es de imagens, grava\u00e7\u00f5es, reda\u00e7\u00e3o de textos e cria\u00e7\u00f5es gr\u00e1ficas. Ap\u00f3s a produ\u00e7\u00e3o, ocorre a fase de\u00a0<strong>Curadoria e Edi\u00e7\u00e3o<\/strong>, onde o material \u00e9 refinado e adaptado para os diferentes suportes (redes sociais, portal oficial ou impressos). A etapa seguinte \u00e9 a de\u00a0<strong>Publica\u00e7\u00e3o e Dissemina\u00e7\u00e3o<\/strong>, garantindo o alcance ao p\u00fablico-alvo. Por fim, o ciclo se encerra com o\u00a0<strong>Monitoramento e Arquivamento<\/strong>, onde os resultados s\u00e3o avaliados e todo o material bruto e editado \u00e9 organizado em um acervo digital, assegurando que o patrim\u00f4nio imaterial e hist\u00f3rico do munic\u00edpio de Vila Flor seja preservado para gest\u00f5es futuras, evitando a perda de dados e registros p\u00fablicos.<\/p>\n<p>3.2. Especifica\u00e7\u00e3o do Produto<\/p>\n<p>O produto final desta contrata\u00e7\u00e3o \u00e9 constitu\u00eddo por um conjunto de entreg\u00e1veis tang\u00edveis e intang\u00edveis de alta qualidade t\u00e9cnica. Isso inclui a entrega de textos jornal\u00edsticos e publicit\u00e1rios revisados e prontos para publica\u00e7\u00e3o; fotografias profissionais em alta resolu\u00e7\u00e3o com tratamento de imagem; v\u00eddeos institucionais e informativos com capta\u00e7\u00e3o de \u00e1udio limpa, trilhas sonoras licenciadas e edi\u00e7\u00e3o din\u00e2mica; artes gr\u00e1ficas e layouts para campanhas educativas e institucionais seguindo o manual de identidade visual; e a gest\u00e3o t\u00e9cnica de plataformas web com interfaces funcionais e responsivas (Web Designer). Cada produto deve obrigatoriamente seguir padr\u00f5es de acessibilidade, est\u00e9tica institucional e corre\u00e7\u00e3o gramatical, sendo entregues em formatos digitais compat\u00edveis com as tecnologias mais recentes, garantindo que a Prefeitura receba n\u00e3o apenas a presta\u00e7\u00e3o do servi\u00e7o, mas ativos de comunica\u00e7\u00e3o prontos para o uso imediato e eficiente.<\/p>\n<ol start=\"4\">\n<li>REQUISITOS DA CONTRATA\u00c7\u00c3O<\/li>\n<\/ol>\n<p>4.1. Requisitos de Capacidade T\u00e9cnica (Operacional e Profissional)<\/p>\n<p>A empresa deve demonstrar que possui experi\u00eancia pr\u00e9via e equipe qualificada para lidar com a complexidade da comunica\u00e7\u00e3o p\u00fablica. Isso inclui:<\/p>\n<p><strong>Apresenta\u00e7\u00e3o de Atestados de Capacidade T\u00e9cnica:<\/strong>\u00a0Comprova\u00e7\u00e3o, emitida por pessoa jur\u00eddica de direito p\u00fablico ou privado, de que a empresa j\u00e1 executou servi\u00e7os similares em complexidade e volume, como gest\u00e3o de redes sociais, produ\u00e7\u00e3o audiovisual e assessoria de imprensa.<\/p>\n<p><strong>Equipe Multidisciplinar M\u00ednima:<\/strong>\u00a0Exig\u00eancia de profissionais registrados em seus respectivos conselhos ou com portf\u00f3lio comprovado nas \u00e1reas de Jornalismo (com registro profissional), Publicidade, Design Gr\u00e1fico e Web Design.<\/p>\n<p><strong>Disponibilidade de Equipamentos:<\/strong>\u00a0A contratada deve possuir ou disponibilizar c\u00e2meras fotogr\u00e1ficas e de v\u00eddeo de alta resolu\u00e7\u00e3o (4K ou superior), drones para filmagens a\u00e9reas, esta\u00e7\u00f5es de edi\u00e7\u00e3o com softwares licenciados e equipamentos de ilumina\u00e7\u00e3o e capta\u00e7\u00e3o de \u00e1udio.<\/p>\n<p>4.2. Requisitos de Qualifica\u00e7\u00e3o Econ\u00f4mico-Financeira<\/p>\n<p>Considerando que a comunica\u00e7\u00e3o \u00e9 um servi\u00e7o cont\u00ednuo e essencial, a empresa precisa demonstrar sa\u00fade financeira para suportar os custos operacionais:<\/p>\n<p><strong>Certid\u00f5es Negativas de Fal\u00eancia:<\/strong>\u00a0Comprova\u00e7\u00e3o de que a empresa n\u00e3o est\u00e1 em processo de recupera\u00e7\u00e3o judicial ou fal\u00eancia.<\/p>\n<p>4.3. Requisitos de Regularidade Jur\u00eddica e Fiscal<\/p>\n<p>Como em qualquer processo licitat\u00f3rio para a Administra\u00e7\u00e3o P\u00fablica, s\u00e3o indispens\u00e1veis:<\/p>\n<p><strong>Regularidade com a Fazenda P\u00fablica:<\/strong>\u00a0Certid\u00f5es negativas de d\u00e9bitos federais, estaduais e municipais.<\/p>\n<p><strong>Regularidade Trabalhista e Previdenci\u00e1ria:<\/strong>\u00a0Comprova\u00e7\u00e3o de inexist\u00eancia de d\u00e9bitos junto \u00e0 Justi\u00e7a do Trabalho (CNDT) e ao FGTS.<\/p>\n<p><strong>Habilita\u00e7\u00e3o Jur\u00eddica:<\/strong>\u00a0Contrato social que preveja no seu objeto social a presta\u00e7\u00e3o de servi\u00e7os de comunica\u00e7\u00e3o, marketing e produ\u00e7\u00e3o audiovisual.<\/p>\n<p>4.4. Requisitos de Execu\u00e7\u00e3o (Obriga\u00e7\u00f5es da Contratada)<\/p>\n<p><strong>Sigilo e Confidencialidade:<\/strong>\u00a0Termo de compromisso quanto ao tratamento de dados e informa\u00e7\u00f5es internas da Prefeitura, em conformidade com a LGPD (Lei Geral de Prote\u00e7\u00e3o de Dados).<\/p>\n<p><strong>Cess\u00e3o de Direitos Autorais:<\/strong>\u00a0Cl\u00e1usula expl\u00edcita determinando que todos os produtos (fotos, v\u00eddeos, artes, textos) produzidos durante o contrato s\u00e3o de propriedade exclusiva do Munic\u00edpio de Vila Flor\/RN.<\/p>\n<p><strong>Cumprimento de Prazos:<\/strong>\u00a0Capacidade de resposta imediata para demandas urgentes e gest\u00e3o de crises, com disponibilidade de atendimento em regime de prontid\u00e3o quando necess\u00e1rio.<\/p>\n<p>4.5. Subcontrata\u00e7\u00e3o<\/p>\n<p>N\u00e3o \u00e9 admitida a subcontrata\u00e7\u00e3o do objeto contratual.<\/p>\n<p><strong>4.6. Garantia da contrata\u00e7\u00e3o<\/strong><\/p>\n<p>N\u00e3o haver\u00e1 exig\u00eancia da garantia da contrata\u00e7\u00e3o dos\u00a0<a href=\"http:\/\/www.planalto.gov.br\/ccivil_03\/_ato2019-2022\/2021\/lei\/L14133.htm#art96\">artigos 96 e seguintes da Lei n\u00ba 14.133, de 2021<\/a>, pelas raz\u00f5es constantes do Estudo T\u00e9cnico Preliminar.<\/p>\n<ol start=\"5\">\n<li>MODELO DE EXECU\u00c7\u00c3O DO OBJETO<\/li>\n<\/ol>\n<p>Condi\u00e7\u00f5es de presta\u00e7\u00e3o de servi\u00e7os<\/p>\n<p>O prazo de presta\u00e7\u00e3o de servi\u00e7os \u00e9 de at\u00e9 02 (dois) dias, contados da data da emiss\u00e3o da ordem de servi\u00e7o, de forma parcelada.<\/p>\n<p><u>Caso n\u00e3o seja poss\u00edvel a presta\u00e7\u00e3o de servi\u00e7o na data assinalada, a empresa dever\u00e1 comunicar as raz\u00f5es respectivas com pelo menos 2 dois) dias de anteced\u00eancia para que qualquer pleito de prorroga\u00e7\u00e3o de prazo seja analisado, ressalvadas situa\u00e7\u00f5es de caso fortuito e for\u00e7a maior.<\/u><\/p>\n<p>Dever\u00e1 prestar os servi\u00e7os dando expediente na sede da Prefeitura Municipal durante\u00a0<strong>05 (cinco)<\/strong>\u00a0dias da semana de 08h \u00e0s 14h de segunda a sexta-feira, inclusive em finais de semana, datas comemorativas e eventos realizados na cidade, inclusive em dias festivos visando suprir as necessidades do Setor de Comunica\u00e7\u00e3o da Prefeitura Municipal.<\/p>\n<p>Dever\u00e1 ter atendimento via chat ou aplicativa de mensagens 7 (sete) dias da semana das 08h as 14h de segunda a sexta-feira para sanear as d\u00favidas do setor.<\/p>\n<p><strong>Fluxo Operacional e Rotina de Trabalho<\/strong><\/p>\n<p>A execu\u00e7\u00e3o do objeto dar-se-\u00e1 de forma cont\u00ednua, por meio de um sistema de demandas programadas e demandas urgentes. A empresa dever\u00e1 designar um gestor de conta para interlocu\u00e7\u00e3o direta com o setor de comunica\u00e7\u00e3o da Prefeitura.<\/p>\n<p>O ciclo operacional inicia-se com a reuni\u00e3o de pauta semanal, onde ser\u00e3o alinhadas as metas de divulga\u00e7\u00e3o de cada secretaria. A partir disso, a contratada dever\u00e1 realizar o deslocamento de equipes para cobertura de atos oficiais, obras e eventos. A produ\u00e7\u00e3o de textos, fotos e v\u00eddeos deve seguir um cronograma rigoroso de edi\u00e7\u00e3o, submetendo-se \u00e0 aprova\u00e7\u00e3o pr\u00e9via do Munic\u00edpio antes de qualquer publica\u00e7\u00e3o oficial. Para o web design e design gr\u00e1fico, a execu\u00e7\u00e3o envolve a cria\u00e7\u00e3o de pe\u00e7as de campanhas e manuten\u00e7\u00e3o est\u00e9tica dos portais, sempre respeitando a identidade visual institucional.<\/p>\n<p><strong>Mobiliza\u00e7\u00e3o e Disponibilidade T\u00e9cnica<\/strong><\/p>\n<p>A contratada dever\u00e1 garantir a disponibilidade de profissionais e equipamentos em Vila Flor\/RN sempre que houver necessidade de capta\u00e7\u00e3o presencial (fotos e filmagens). A estrutura de p\u00f3s-produ\u00e7\u00e3o (edi\u00e7\u00e3o de v\u00eddeo, tratamento de fotos e diagrama\u00e7\u00e3o) poder\u00e1 ser realizada na sede da empresa, desde que os prazos de entrega sejam rigorosamente cumpridos.<\/p>\n<p>A execu\u00e7\u00e3o exige que a empresa mantenha canais de comunica\u00e7\u00e3o em tempo real (como aplicativos de mensagens e e-mail institucional) para o gerenciamento de crises e publica\u00e7\u00f5es de utilidade p\u00fablica imediata, como alertas de defesa civil ou convoca\u00e7\u00f5es de sa\u00fade, que possuem car\u00e1ter de urg\u00eancia e preced\u00eancia sobre as demais pautas.<\/p>\n<p><strong>Entrega e Armazenamento (Cloud e F\u00edsico)<\/strong><\/p>\n<p>Todo o material produzido \u2014 incluindo arquivos brutos e editados \u2014 dever\u00e1 ser entregue mensalmente por meio de relat\u00f3rios de atividades, acompanhados de links de armazenamento em nuvem de f\u00e1cil acesso para a administra\u00e7\u00e3o.<\/p>\n<p>A execu\u00e7\u00e3o do objeto apenas ser\u00e1 considerada conclu\u00edda em cada etapa mediante a entrega dos arquivos finais em formatos abertos e fechados (ex: arquivos de design edit\u00e1veis e PDFs para impress\u00e3o). Al\u00e9m disso, a empresa \u00e9 respons\u00e1vel por organizar um banco de imagens e v\u00eddeos digital, devidamente catalogado, que servir\u00e1 como o acervo hist\u00f3rico das a\u00e7\u00f5es governamentais do munic\u00edpio, garantindo a perenidade da informa\u00e7\u00e3o p\u00fablica.<\/p>\n<p><strong>Supervis\u00e3o e Crit\u00e9rios de Qualidade<\/strong><\/p>\n<p>A execu\u00e7\u00e3o ser\u00e1 fiscalizada pela Secretaria respons\u00e1vel, que avaliar\u00e1 a qualidade t\u00e9cnica dos produtos entregues. Os crit\u00e9rios de aceita\u00e7\u00e3o incluem a corre\u00e7\u00e3o gramatical dos textos, a qualidade est\u00e9tica das artes gr\u00e1ficas, a resolu\u00e7\u00e3o dos v\u00eddeos e o cumprimento dos prazos estabelecidos para cada demanda. Caso um produto n\u00e3o atenda aos requisitos de qualidade ou \u00e0 estrat\u00e9gia da gest\u00e3o, a contratada dever\u00e1 realizar as corre\u00e7\u00f5es necess\u00e1rias sem custos adicionais, dentro do prazo estipulado pela fiscaliza\u00e7\u00e3o do contrato.<\/p>\n<ol start=\"6\">\n<li>MODELO DE GEST\u00c3O DO CONTRATO<\/li>\n<\/ol>\n<p>O contrato dever\u00e1 ser executado fielmente pelas partes, de acordo com as cl\u00e1usulas aven\u00e7adas e as normas da Lei n\u00ba 14.133, de 2021, e cada parte responder\u00e1 pelas consequ\u00eancias de sua inexecu\u00e7\u00e3o total ou parcial.<\/p>\n<p>Em caso de impedimento, ordem de paralisa\u00e7\u00e3o ou suspens\u00e3o do contrato, o cronograma de execu\u00e7\u00e3o ser\u00e1 prorrogado automaticamente pelo tempo correspondente, anotadas tais circunst\u00e2ncias mediante simples apostila.<\/p>\n<p>As comunica\u00e7\u00f5es entre o \u00f3rg\u00e3o ou entidade e a contratada devem ser realizadas por escrito sempre que o ato exigir tal formalidade, admitindo-se o uso de mensagem eletr\u00f4nica para esse fim.<\/p>\n<p>O \u00f3rg\u00e3o ou entidade poder\u00e1 convocar representante da empresa para ado\u00e7\u00e3o de provid\u00eancias que devam ser cumpridas de imediato.<\/p>\n<p>Ap\u00f3s a assinatura do contrato ou instrumento equivalente,\u00a0o \u00f3rg\u00e3o ou entidade poder\u00e1 convocar o representante da empresa contratada para reuni\u00e3o inicial para apresenta\u00e7\u00e3o do plano de fiscaliza\u00e7\u00e3o, que conter\u00e1 informa\u00e7\u00f5es acerca das obriga\u00e7\u00f5es contratuais, dos mecanismos de fiscaliza\u00e7\u00e3o, das estrat\u00e9gias para execu\u00e7\u00e3o do objeto, do plano complementar de execu\u00e7\u00e3o da contratada, quando houver, do m\u00e9todo de aferi\u00e7\u00e3o dos resultados e das san\u00e7\u00f5es aplic\u00e1veis, dentre outros.<\/p>\n<p><strong>6.1 Fiscaliza\u00e7\u00e3o<\/strong><\/p>\n<p>A execu\u00e7\u00e3o do contrato dever\u00e1 ser acompanhada e fiscalizada pelo(s) fiscal(is) do contrato, ou pelos respectivos substitutos (<a href=\"http:\/\/www.planalto.gov.br\/ccivil_03\/_ato2019-2022\/2021\/lei\/L14133.htm#art117\">Lei n\u00ba 14.133, de 2021, art. 117, caput<\/a>).<\/p>\n<ul>\n<li>Fiscal do Contrato<\/li>\n<\/ul>\n<p>O fiscal do contrato acompanhar\u00e1 a execu\u00e7\u00e3o do contrato, para que sejam cumpridas todas as condi\u00e7\u00f5es estabelecidas no contrato, de modo a assegurar os melhores resultados para a Administra\u00e7\u00e3o ou comunica\u00e7\u00e3o. (Decreto n\u00ba 11.246, de 2022, art. 22, VI);<\/p>\n<p>O fiscal do contrato do contrato anotar\u00e1 no hist\u00f3rico de gerenciamento do contrato todas as ocorr\u00eancias relacionadas \u00e0 execu\u00e7\u00e3o do contrato, com a descri\u00e7\u00e3o do que for necess\u00e1rio para a regulariza\u00e7\u00e3o das faltas ou dos defeitos observados. (<a href=\"http:\/\/www.planalto.gov.br\/ccivil_03\/_ato2019-2022\/2021\/lei\/L14133.htm#art117%C2%A71\">Lei n\u00ba 14.133, de 2021, art. 117, \u00a71\u00ba<\/a>, e\u00a0<a href=\"https:\/\/www.planalto.gov.br\/ccivil_03\/_ato2019-2022\/2022\/Decreto\/D11246.htm#art22\">Decreto n\u00ba 11.246, de 2022, art. 22, II);<\/a><\/p>\n<p>Identificada qualquer inexatid\u00e3o ou irregularidade, o fiscal do contrato do contrato emitir\u00e1 notifica\u00e7\u00f5es para a corre\u00e7\u00e3o da execu\u00e7\u00e3o do contrato, determinando prazo para a corre\u00e7\u00e3o. (<a href=\"https:\/\/www.planalto.gov.br\/ccivil_03\/_ato2019-2022\/2022\/Decreto\/D11246.htm#art22\">Decreto n\u00ba 11.246, de 2022, art. 22, III<\/a>);<\/p>\n<p>O fiscal do contrato do contrato informar\u00e1 ao gestor do contato, em tempo h\u00e1bil, a situa\u00e7\u00e3o que demandar decis\u00e3o ou ado\u00e7\u00e3o de medidas que ultrapassem sua compet\u00eancia, para que adote as medidas necess\u00e1rias e saneadoras, se for o caso. (<a href=\"https:\/\/www.planalto.gov.br\/ccivil_03\/_ato2019-2022\/2022\/Decreto\/D11246.htm#art22\">Decreto n\u00ba 11.246, de 2022, art. 22, IV<\/a>).<\/p>\n<p>No caso de ocorr\u00eancias que possam inviabilizar a execu\u00e7\u00e3o do contrato nas datas aprazadas, o fiscal do contrato do contrato comunicar\u00e1 o fato imediatamente ao fiscal do contrato. (<a href=\"https:\/\/www.planalto.gov.br\/ccivil_03\/_ato2019-2022\/2022\/Decreto\/D11246.htm#art22\">Decreto n\u00ba 11.246, de 2022, art. 22, V<\/a>).<\/p>\n<p>O fiscal do contrato do contrato comunicar\u00e1 ao fiscal do contrato, em tempo h\u00e1bil, o t\u00e9rmino do contrato sob sua responsabilidade, com vistas \u00e0 renova\u00e7\u00e3o tempestiva ou \u00e0 prorroga\u00e7\u00e3o contratual\u00a0<a href=\"https:\/\/www.planalto.gov.br\/ccivil_03\/_ato2019-2022\/2022\/Decreto\/D11246.htm#art22\">(Decreto n\u00ba 11.246, de 2022, art. 22, VII<\/a>).<\/p>\n<p><strong>6.3. Fiscaliza\u00e7\u00e3o Administrativa<\/strong><\/p>\n<p>O fiscal administrativo do contrato verificar\u00e1 a manuten\u00e7\u00e3o das condi\u00e7\u00f5es de habilita\u00e7\u00e3o da contratada, acompanhar\u00e1 o empenho, o pagamento, as garantias, as glosas e a formaliza\u00e7\u00e3o de apostilamento e termos aditivos, solicitando quaisquer documentos comprobat\u00f3rios pertinentes, caso necess\u00e1rio (<a href=\"https:\/\/www.planalto.gov.br\/ccivil_03\/_ato2019-2022\/2022\/Decreto\/D11246.htm#art23\">Art. 23, I e II, do Decreto n\u00ba 11.246, de 2022<\/a>).<\/p>\n<p>Caso ocorra descumprimento das obriga\u00e7\u00f5es contratuais, o fiscal administrativo do contrato atuar\u00e1 tempestivamente na solu\u00e7\u00e3o do problema, reportando ao fiscal do contrato para que tome as provid\u00eancias cab\u00edveis, quando ultrapassar a sua compet\u00eancia; (<a href=\"https:\/\/www.planalto.gov.br\/ccivil_03\/_ato2019-2022\/2022\/Decreto\/D11246.htm#art23\">Decreto n\u00ba 11.246, de 2022, art. 23, IV<\/a>).<\/p>\n<p>O fiscal do contrato coordenar\u00e1 a atualiza\u00e7\u00e3o do processo de acompanhamento e fiscaliza\u00e7\u00e3o do contrato contendo todos os registros formais da execu\u00e7\u00e3o no hist\u00f3rico de gerenciamento do contrato, a exemplo da ordem de servi\u00e7o, do registro de ocorr\u00eancias, das altera\u00e7\u00f5es e das prorroga\u00e7\u00f5es contratuais, elaborando relat\u00f3rio com vistas \u00e0 verifica\u00e7\u00e3o da necessidade de adequa\u00e7\u00f5es do contrato para fins de atendimento da finalidade da Administra\u00e7\u00e3o ou comunica\u00e7\u00e3o. (Decreto n\u00ba 11.246, de 2022, art. 21, IV).<\/p>\n<p>O fiscal do contrato acompanhar\u00e1 os registros realizados pelos fiscais do contrato, de todas as ocorr\u00eancias relacionadas \u00e0 execu\u00e7\u00e3o do contrato e as medidas adotadas, informando, se for o caso, \u00e0 autoridade superior \u00e0quelas que ultrapassarem a sua compet\u00eancia. (Decreto n\u00ba 11.246, de 2022, art. 21, II).<\/p>\n<p>O fiscal do contrato acompanhar\u00e1 a manuten\u00e7\u00e3o das condi\u00e7\u00f5es de habilita\u00e7\u00e3o da contratada, para fins de empenho de despesa e pagamento, e anotar\u00e1 os problemas que obstem o fluxo normal da liquida\u00e7\u00e3o e do pagamento da despesa no relat\u00f3rio de riscos eventuais. (Decreto n\u00ba 11.246, de 2022, art. 21, III).<\/p>\n<p>O fiscal do contrato emitir\u00e1 documento comprobat\u00f3rio da avalia\u00e7\u00e3o realizada pelos fiscais t\u00e9cnico, administrativo e setorial quanto ao cumprimento de obriga\u00e7\u00f5es assumidas pelo contratado, com men\u00e7\u00e3o ao seu desempenho na execu\u00e7\u00e3o contratual, baseado nos indicadores objetivamente definidos e aferidos, e a eventuais penalidades aplicadas, devendo constar do cadastro de atesto de cumprimento de obriga\u00e7\u00f5es. (Decreto n\u00ba 11.246, de 2022, art. 21, VIII).<\/p>\n<p>O fiscal do contrato tomar\u00e1 provid\u00eancias para a formaliza\u00e7\u00e3o de processo administrativo de responsabiliza\u00e7\u00e3o para fins de aplica\u00e7\u00e3o de san\u00e7\u00f5es, a ser conduzido pela comiss\u00e3o de que trata o art. 158 da Lei n\u00ba 14.133, de 2021, ou pelo agente ou pelo setor com compet\u00eancia para tal, conforme o caso. (Decreto n\u00ba 11.246, de 2022, art. 21, X).<\/p>\n<p>O fiscal do contrato dever\u00e1 elaborar relat\u00f3rio final com informa\u00e7\u00f5es sobre a consecu\u00e7\u00e3o dos objetivos que tenham justificado a contrata\u00e7\u00e3o e eventuais condutas a serem adotadas para o aprimoramento das atividades da Administra\u00e7\u00e3o ou comunica\u00e7\u00e3o. (Decreto n\u00ba 11.246, de 2022, art. 21, VI).<\/p>\n<p>O fiscal do contrato dever\u00e1 enviar a documenta\u00e7\u00e3o pertinente ao setor de contratos para a formaliza\u00e7\u00e3o dos procedimentos de liquida\u00e7\u00e3o e pagamento, no valor dimensionado pela fiscaliza\u00e7\u00e3o e gest\u00e3o nos termos do contrato.<\/p>\n<ol start=\"7\">\n<li>CRIT\u00c9RIOS DE COMPROVA\u00c7\u00c3O DE PRESTA\u00c7\u00c3O DE SERVI\u00c7OS E DE PAGAMENTO<\/li>\n<li>Recebimento<\/li>\n<\/ol>\n<p>Os servi\u00e7os ser\u00e3o recebidos provisoriamente, no ato da entrega, juntamente com a nota fiscal ou instrumento de cobran\u00e7a equivalente, pelo(a) respons\u00e1vel pelo acompanhamento e fiscaliza\u00e7\u00e3o do contrato, para efeito de posterior verifica\u00e7\u00e3o de sua conformidade com as especifica\u00e7\u00f5es constantes no Termo de Refer\u00eancia e na proposta.<\/p>\n<p>Os servi\u00e7os poder\u00e3o ser rejeitados, no todo ou em parte, inclusive antes do recebimento provis\u00f3rio, quando em desacordo com as especifica\u00e7\u00f5es constantes no Termo de Refer\u00eancia e na proposta, devendo ser substitu\u00eddos no prazo de 24 (vinte e quatro) horas, a contar da notifica\u00e7\u00e3o da contratada, \u00e0s suas custas, sem preju\u00edzo da aplica\u00e7\u00e3o das penalidades.<\/p>\n<p>O recebimento definitivo ocorrer\u00e1 no prazo de 20 dias \u00fateis, a contar do recebimento da nota fiscal ou instrumento de cobran\u00e7a equivalente pela Administra\u00e7\u00e3o ou comunica\u00e7\u00e3o, ap\u00f3s a verifica\u00e7\u00e3o da qualidade e quantidade do material e consequente aceita\u00e7\u00e3o mediante termo detalhado.<\/p>\n<p>O prazo para recebimento definitivo poder\u00e1 ser excepcionalmente prorrogado, de forma justificada, por igual per\u00edodo, quando houver necessidade de dilig\u00eancias para a aferi\u00e7\u00e3o do atendimento das exig\u00eancias contratuais.<\/p>\n<p>No caso de controv\u00e9rsia sobre a execu\u00e7\u00e3o do objeto, quanto \u00e0 dimens\u00e3o, qualidade e quantidade, dever\u00e1 ser observado o teor do\u00a0<a href=\"http:\/\/www.planalto.gov.br\/ccivil_03\/_ato2019-2022\/2021\/lei\/L14133.htm#art143\">art. 143 da Lei n\u00ba 14.133, de 2021<\/a>, comunicando-se \u00e0 empresa para emiss\u00e3o de Nota Fiscal no que pertine \u00e0 parcela incontroversa da execu\u00e7\u00e3o do objeto, para efeito de liquida\u00e7\u00e3o e pagamento.<\/p>\n<p>O prazo para a solu\u00e7\u00e3o, pelo contratado, de inconsist\u00eancias na execu\u00e7\u00e3o do objeto ou de saneamento da nota fiscal ou de instrumento de cobran\u00e7a equivalente, verificadas pela Administra\u00e7\u00e3o ou comunica\u00e7\u00e3o durante a an\u00e1lise pr\u00e9via \u00e0 liquida\u00e7\u00e3o de despesa, n\u00e3o ser\u00e1 computado para os fins do recebimento definitivo.<\/p>\n<p>O recebimento provis\u00f3rio ou definitivo n\u00e3o excluir\u00e1 a responsabilidade civil pela solidez e pela seguran\u00e7a dos servi\u00e7os nem a responsabilidade \u00e9tico-profissional pela perfeita execu\u00e7\u00e3o do contrato.<\/p>\n<ol start=\"9\">\n<li>Liquida\u00e7\u00e3o<\/li>\n<\/ol>\n<p>Recebida a Nota Fiscal ou documento de cobran\u00e7a equivalente, correr\u00e1 o prazo de dez dias \u00fateis para fins de liquida\u00e7\u00e3o, na forma desta se\u00e7\u00e3o, prorrog\u00e1veis por igual per\u00edodo, nos termos do art. 7\u00ba, \u00a73\u00ba da Instru\u00e7\u00e3o Normativa SEGES\/ME n\u00ba 77\/2022.<\/p>\n<p>O prazo de que trata o item anterior ser\u00e1 reduzido \u00e0 metade, mantendo-se a possibilidade de prorroga\u00e7\u00e3o, no caso de contrata\u00e7\u00f5es decorrentes de despesas cujos valores n\u00e3o ultrapassem o limite de que trata o\u00a0<a href=\"http:\/\/www.planalto.gov.br\/ccivil_03\/_ato2019-2022\/2021\/lei\/L14133.htm#art75\">inciso II do art. 75 da Lei n\u00ba 14.133, de 2021<\/a>.<\/p>\n<p>Para fins de liquida\u00e7\u00e3o, o setor competente dever\u00e1 verificar se a nota fiscal ou instrumento de cobran\u00e7a equivalente apresentado expressa os elementos necess\u00e1rios e essenciais do documento, tais como:<\/p>\n<p>o prazo de validade;<\/p>\n<p>a data da emiss\u00e3o;<\/p>\n<p>os dados do contrato e do \u00f3rg\u00e3o contratante;<\/p>\n<p>o per\u00edodo respectivo de execu\u00e7\u00e3o do contrato;<\/p>\n<p>o valor a pagar; e<\/p>\n<p>eventual destaque do valor de reten\u00e7\u00f5es tribut\u00e1rias cab\u00edveis.<\/p>\n<p>Havendo erro na apresenta\u00e7\u00e3o da nota fiscal ou instrumento de cobran\u00e7a equivalente, ou circunst\u00e2ncia que impe\u00e7a a liquida\u00e7\u00e3o da despesa, esta ficar\u00e1 sobrestada at\u00e9 que o contratado providencie as medidas saneadoras, reiniciando-se o prazo ap\u00f3s a comprova\u00e7\u00e3o da regulariza\u00e7\u00e3o da situa\u00e7\u00e3o, sem \u00f4nus ao contratante;<\/p>\n<p>A nota fiscal ou instrumento de cobran\u00e7a equivalente dever\u00e1 ser obrigatoriamente acompanhado da comprova\u00e7\u00e3o da regularidade fiscal, constatada por meio de consulta on-line ao SICAF ou, na impossibilidade de acesso ao referido Sistema, mediante consulta aos s\u00edtios eletr\u00f4nicos oficiais ou \u00e0 documenta\u00e7\u00e3o mencionada no\u00a0<a href=\"http:\/\/www.planalto.gov.br\/ccivil_03\/_ato2019-2022\/2021\/lei\/L14133.htm#art68\">art. 68 da Lei n\u00ba 14.133, de 2021.\u00a0<\/a><\/p>\n<p>A Administra\u00e7\u00e3o ou comunica\u00e7\u00e3o dever\u00e1 realizar consulta ao SICAF para: a) verificar a manuten\u00e7\u00e3o das condi\u00e7\u00f5es de habilita\u00e7\u00e3o exigidas no edital; b) identificar poss\u00edvel raz\u00e3o que impe\u00e7a a participa\u00e7\u00e3o em licita\u00e7\u00e3o, no \u00e2mbito do \u00f3rg\u00e3o ou entidade, proibi\u00e7\u00e3o de contratar com o Poder P\u00fablico, bem como ocorr\u00eancias impeditivas indiretas (INSTRU\u00c7\u00c3O NORMATIVA N\u00ba 3, DE 26 DE ABRIL DE 2018).<\/p>\n<p>Constatando-se, junto ao SICAF, a situa\u00e7\u00e3o de irregularidade do contratado, ser\u00e1 providenciada sua notifica\u00e7\u00e3o, por escrito, para que, no prazo de 5 (cinco) dias \u00fateis, regularize sua situa\u00e7\u00e3o ou, no mesmo prazo, apresente sua defesa. O prazo poder\u00e1 ser prorrogado uma vez, por igual per\u00edodo, a crit\u00e9rio do contratante.<\/p>\n<p>N\u00e3o havendo regulariza\u00e7\u00e3o ou sendo a defesa considerada improcedente, o contratante dever\u00e1 comunicar aos \u00f3rg\u00e3os respons\u00e1veis pela fiscaliza\u00e7\u00e3o da regularidade fiscal quanto \u00e0 inadimpl\u00eancia do contratado, bem como quanto \u00e0 exist\u00eancia de pagamento a ser efetuado, para que sejam acionados os meios pertinentes e necess\u00e1rios para garantir o recebimento de seus cr\u00e9ditos.<\/p>\n<p>Persistindo a irregularidade, o contratante dever\u00e1 adotar as medidas necess\u00e1rias \u00e0 rescis\u00e3o contratual nos autos do processo administrativo correspondente, assegurada ao contratado a ampla defesa.<\/p>\n<p>Havendo a efetiva execu\u00e7\u00e3o do objeto, os pagamentos ser\u00e3o realizados normalmente, at\u00e9 que se decida pela rescis\u00e3o do contrato, caso o contratado n\u00e3o regularize sua situa\u00e7\u00e3o junto ao SICAF.<\/p>\n<ol start=\"10\">\n<li>Prazo de pagamento<\/li>\n<\/ol>\n<p>O pagamento ser\u00e1 efetuado no prazo de at\u00e9 30 (trinta) dias \u00fateis contados da finaliza\u00e7\u00e3o da liquida\u00e7\u00e3o da despesa, conforme se\u00e7\u00e3o anterior, nos termos da\u00a0<a href=\"https:\/\/in.gov.br\/en\/web\/dou\/-\/instrucao-normativa-seges\/me-n-77-de-4-de-novembro-de-2022-441681061\">Instru\u00e7\u00e3o Normativa SEGES\/ME n\u00ba 77, de 2022<\/a>.<\/p>\n<p>No caso de atraso pelo Contratante, os valores devidos ao contratado ser\u00e3o atualizados monetariamente entre o termo final do prazo de pagamento at\u00e9 a data de sua efetiva realiza\u00e7\u00e3o, mediante aplica\u00e7\u00e3o do \u00edndice IPCA de corre\u00e7\u00e3o monet\u00e1ria.<\/p>\n<ol start=\"11\">\n<li>Forma de pagamento<\/li>\n<\/ol>\n<p>O pagamento ser\u00e1 realizado por meio de ordem banc\u00e1ria, para cr\u00e9dito em banco, ag\u00eancia e conta corrente indicados pelo contratado.<\/p>\n<p>Ser\u00e1 considerada data do pagamento o dia em que constar como emitida a ordem banc\u00e1ria para pagamento.<\/p>\n<p>Quando do pagamento, ser\u00e1 efetuada a reten\u00e7\u00e3o tribut\u00e1ria prevista na legisla\u00e7\u00e3o aplic\u00e1vel.<\/p>\n<p>Independentemente do percentual de tributo inserido na planilha, quando houver, ser\u00e3o retidos na fonte, quando da realiza\u00e7\u00e3o do pagamento, os percentuais estabelecidos na legisla\u00e7\u00e3o vigente.<\/p>\n<p>O contratado regularmente optante pelo Simples Nacional, nos termos da\u00a0<a href=\"https:\/\/www.planalto.gov.br\/ccivil_03\/leis\/lcp\/lcp123.htm\">Lei Complementar n\u00ba 123, de 2006<\/a>, n\u00e3o sofrer\u00e1 a reten\u00e7\u00e3o tribut\u00e1ria quanto aos impostos e contribui\u00e7\u00f5es abrangidos por aquele regime. No entanto, o pagamento ficar\u00e1 condicionado \u00e0 apresenta\u00e7\u00e3o de comprova\u00e7\u00e3o, por meio de documento oficial, de que faz jus ao tratamento tribut\u00e1rio favorecido previsto na referida Lei Complementar.<\/p>\n<ol start=\"12\">\n<li>FORMA E CRIT\u00c9RIOS DE SELE\u00c7\u00c3O DO FORNECEDOR E FORMA DE FORNECIMENTO<\/li>\n<li>Forma de sele\u00e7\u00e3o e crit\u00e9rio de julgamento da proposta<\/li>\n<\/ol>\n<p>O fornecedor ser\u00e1 selecionado por meio da realiza\u00e7\u00e3o de procedimento de DISPENSA DE LICITA\u00c7\u00c3O, com ado\u00e7\u00e3o do crit\u00e9rio de julgamento pelo MENOR PRE\u00c7O GLOBAL<\/p>\n<ol start=\"14\">\n<li>Forma de fornecimento<\/li>\n<\/ol>\n<p>O fornecimento do objeto ser\u00e1 parcelado<\/p>\n<ol start=\"15\">\n<li>ADEQUA\u00c7\u00c3O OR\u00c7AMENT\u00c1RIA<\/li>\n<\/ol>\n<p>A dota\u00e7\u00e3o relativa aos exerc\u00edcios financeiros subsequentes ser\u00e1 indicada ap\u00f3s aprova\u00e7\u00e3o da Lei Or\u00e7ament\u00e1ria respectiva e libera\u00e7\u00e3o dos cr\u00e9ditos correspondentes, mediante apostilamento.<\/p>\n<p>&nbsp;<\/p>\n<p><strong>DISPENSA DE LICITA\u00c7\u00c3O N\u00b0 005\/2026 \u2013 SETOR DE LICITA\u00c7\u00c3O<\/strong><\/p>\n<p>ANEXO II \u2013 MODELO DE PROPOSTA DE PRE\u00c7OS<\/p>\n<table>\n<tbody>\n<tr>\n<td colspan=\"4\" width=\"680\"><strong>PREFEITURA MUNICIPAL DE VILA FLOR<\/strong>&nbsp;<\/p>\n<p><strong>COMISS\u00c3O SETORIAL DE LICITA\u00c7\u00c3O<\/strong><\/p>\n<p><strong>COMISS\u00c3O DE LICITA\u00c7\u00c3O<\/strong><\/p>\n<p><strong>DISPENSA DE LICITA\u00c7\u00c3O N\u00ba\u00a0<\/strong><strong>005\/2026<\/strong><\/td>\n<\/tr>\n<tr>\n<td colspan=\"4\" width=\"680\"><strong>DADOS DA EMPRESA<\/strong><\/td>\n<\/tr>\n<tr>\n<td width=\"123\"><strong>RAZ\u00c3O SOCIAL<\/strong><\/td>\n<td colspan=\"3\" width=\"558\"><\/td>\n<\/tr>\n<tr>\n<td width=\"123\"><strong>CNPJ<\/strong><\/td>\n<td width=\"130\"><\/td>\n<td width=\"115\"><strong>ENDERE\u00c7O<\/strong><\/td>\n<td width=\"312\"><\/td>\n<\/tr>\n<tr>\n<td width=\"123\"><strong>TELEFONE<\/strong><\/td>\n<td width=\"130\"><\/td>\n<td width=\"115\"><strong>E-MAIL<\/strong><\/td>\n<td width=\"312\"><\/td>\n<\/tr>\n<tr>\n<td colspan=\"4\" width=\"680\"><strong>DADOS DO REPRESENTANTE LEGAL<\/strong><\/td>\n<\/tr>\n<tr>\n<td width=\"123\"><strong>NOME DO REPRESENTANTE LEGAL<\/strong><\/td>\n<td width=\"130\"><\/td>\n<td width=\"115\"><strong>TELEFONE DO REPRESENTANTE LEGAL<\/strong><\/td>\n<td width=\"312\"><\/td>\n<\/tr>\n<\/tbody>\n<\/table>\n<p><strong>\u00a0<\/strong><\/p>\n<table>\n<tbody>\n<tr>\n<td width=\"66\"><strong>\u00a0<\/strong>&nbsp;<\/p>\n<p><strong>OBJETO<\/strong><\/td>\n<td colspan=\"9\" width=\"613\"><strong>CONTRATA\u00c7\u00c3O DE EMPRESA ESPECIALIZADA NA PRESTA\u00c7\u00c3O SERVI\u00c7O DE ASSESSORIA DE COMUNICA\u00c7\u00c3O, INCLUINDO A PRODU\u00c7\u00c3O DE TEXTOS, FOTOGRAFIAS, EDI\u00c7\u00c3O DE V\u00cdDEOS, WEB DESIGNER, DESIGNER GR\u00c1FICO, MARKETING DIGITAL, FILMAGENS E GRAVA\u00c7\u00d5ES VISANDO ATENDER AS NECESSIDADES DA PREFEITURA MUNICIPAL DE VILA FLOR\/RN<\/strong><\/td>\n<\/tr>\n<tr>\n<td rowspan=\"2\" width=\"66\"><strong>ITEM<\/strong><\/td>\n<td colspan=\"5\" rowspan=\"2\" width=\"265\"><strong>DESCRI\u00c7\u00c3O<\/strong><\/td>\n<td rowspan=\"2\" width=\"76\"><strong>Unidade de Medida<\/strong><\/td>\n<td rowspan=\"2\" width=\"76\"><strong>Qnt.<\/strong><\/td>\n<td colspan=\"2\" width=\"197\"><strong>PRE\u00c7O (R$)<\/strong><\/td>\n<\/tr>\n<tr>\n<td width=\"95\"><strong>UNIT\u00c1RIO<\/strong><\/td>\n<td width=\"102\"><strong>GLOGAL<\/strong><\/td>\n<\/tr>\n<tr>\n<td width=\"66\">1<\/td>\n<td colspan=\"5\" width=\"265\">CONTRATA\u00c7\u00c3O DE EMPRESA ESPECIALIZADA NA PRESTA\u00c7\u00c3O SERVI\u00c7O DE ASSESSORIA DE COMUNICA\u00c7\u00c3O, INCLUINDO A PRODU\u00c7\u00c3O DE TEXTOS, FOTOGRAFIAS, EDI\u00c7\u00c3O DE V\u00cdDEOS, WEB DESIGNER, DESIGNER GR\u00c1FICO, MARKETING DIGITAL, FILMAGENS E GRAVA\u00c7\u00d5ES VISANDO ATENDER AS NECESSIDADES DA PREFEITURA MUNICIPAL DE VILA FLOR\/RN<\/td>\n<td width=\"76\">M\u00eas<\/td>\n<td width=\"76\">12<\/td>\n<td width=\"95\"><\/td>\n<td width=\"102\"><\/td>\n<\/tr>\n<tr>\n<td colspan=\"3\" width=\"152\"><strong>VALOR GLOBAL POR EXTENSO<\/strong><\/td>\n<td width=\"86\"><\/td>\n<td colspan=\"6\" width=\"442\"><\/td>\n<\/tr>\n<tr>\n<td colspan=\"2\" width=\"90\"><\/td>\n<td colspan=\"8\" width=\"589\">Declaramos que concordamos e atenderemos todas as exig\u00eancias do Aviso e seus anexos.<\/td>\n<\/tr>\n<tr>\n<td colspan=\"3\" width=\"152\"><strong>VALIDADE DA PROPOSTA<\/strong><\/td>\n<td colspan=\"2\" width=\"118\"><strong>\u00a0<\/strong><\/td>\n<td colspan=\"5\" width=\"409\"><strong>ASSINATURA DO REPRESENTANTE LEGAL DA EMPRESA<\/strong><\/td>\n<\/tr>\n<tr>\n<td width=\"66\"><\/td>\n<td width=\"25\"><\/td>\n<td width=\"61\"><\/td>\n<td width=\"86\"><\/td>\n<td width=\"33\"><\/td>\n<td width=\"61\"><\/td>\n<td width=\"76\"><\/td>\n<td width=\"76\"><\/td>\n<td width=\"95\"><\/td>\n<td width=\"102\"><\/td>\n<\/tr>\n<\/tbody>\n<\/table>\n<p>&nbsp;<\/p>\n<p><strong>\u00a0<\/strong><\/p>\n<p>DISPENSA DE LICITA\u00c7\u00c3O N\u00b0 005\/2026<\/p>\n<p>SETOR DE LICITA\u00c7\u00c3O<\/p>\n<p><strong>\u00a0<\/strong><\/p>\n<p><strong>\u00a0<\/strong><\/p>\n<p><strong>ANEXO III \u2013 MODELO DE DECLARA\u00c7\u00c3O DE CUMPRIMENTO DO DISPOSTO NO INC. XXXIII DO ART. 7\u00ba DA CONSTITUI\u00c7\u00c3O FEDERAL<\/strong><\/p>\n<p><strong>\u00a0<\/strong><\/p>\n<p><strong>\u00a0<\/strong><\/p>\n<p>REFERENTE: DISPENSA DE LICITA\u00c7\u00c3O N\u00b0 005\/2026 \u2013 SETOR DE LICITA\u00c7\u00c3O<\/p>\n<p><strong>\u00a0<\/strong><\/p>\n<p><strong>\u00a0<\/strong><\/p>\n<p>Declaramos, para os fins do disposto no inciso VI do art. 68 da Lei 14.133\/2021, que n\u00e3o empregamos menor de 18 (dezoito) anos em trabalho noturno, perigoso ou insalubre e n\u00e3o empregarmos menor de 16 (dezesseis) anos.<\/p>\n<p>&nbsp;<\/p>\n<p>Ressalva: emprega menor, a partir de 14 (quatorze) anos, na condi\u00e7\u00e3o de aprendiz ( ). Observa\u00e7\u00e3o: em caso afirmativo, assinalar a ressalva acima.<\/p>\n<p>&nbsp;<\/p>\n<p>&nbsp;<\/p>\n<p>Vila Flor,<u>\u00a0\u00a0\u00a0\u00a0\u00a0\u00a0\u00a0\u00a0\u00a0\u00a0<\/u>de\u00a0\u00a0\u00a0\u00a0\u00a0\u00a0\u00a0\u00a0\u00a0\u00a0\u00a0\u00a0\u00a0\u00a0\u00a0\u00a0\u00a0\u00a0\u00a0 de\u00a0<u>\u00a0\u00a0\u00a0\u00a0\u00a0\u00a0\u00a0\u00a0\u00a0\u00a0\u00a0\u00a0\u00a0\u00a0\u00a0\u00a0\u00a0\u00a0\u00a0\u00a0\u00a0\u00a0\u00a0\u00a0<\/u><\/p>\n<p>&nbsp;<\/p>\n<p>&nbsp;<\/p>\n<p>&nbsp;<\/p>\n<p>ASSINATURA DO REPRESENTANTE LEGAL DA EMPRESA<\/p>\n<p>&nbsp;<\/p>\n<p>&nbsp;<\/p>\n<p>DISPENSA DE LICITA\u00c7\u00c3O N\u00b0 005\/2026<\/p>\n<p>SETOR DE LICITA\u00c7\u00c3O<\/p>\n<p>&nbsp;<\/p>\n<p><strong>ANEXO IV \u2013 DECLARA\u00c7\u00c3O DE RESERVA DE CARGOS PCD, CONSOANTE ART. 92, DA LEI FEDERAL N\u201d 14.133\/2021<\/strong><\/p>\n<p><strong>\u00a0<\/strong><\/p>\n<p><strong>\u00a0<\/strong><\/p>\n<p><strong>\u00a0<\/strong><\/p>\n<p><strong>\u00a0<\/strong><\/p>\n<p>REFERENTE: DISPENSA DE LICITA\u00c7\u00c3O N\u00b0 005\/2026 \u2013 COMISS\u00c3O DE LICITA\u00c7\u00c3O<\/p>\n<p><strong>\u00a0<\/strong><\/p>\n<p><strong>\u00a0<\/strong><\/p>\n<p>A empresa<u>\u00a0\u00a0\u00a0\u00a0\u00a0\u00a0\u00a0\u00a0\u00a0\u00a0\u00a0\u00a0\u00a0\u00a0\u00a0\u00a0\u00a0\u00a0\u00a0\u00a0\u00a0\u00a0\u00a0<\/u>_<u>\u00a0\u00a0\u00a0\u00a0\u00a0\u00a0\u00a0\u00a0\u00a0\u00a0\u00a0\u00a0\u00a0\u00a0\u00a0\u00a0\u00a0\u00a0\u00a0\u00a0\u00a0\u00a0\u00a0\u00a0\u00a0\u00a0\u00a0\u00a0\u00a0\u00a0\u00a0\u00a0\u00a0\u00a0\u00a0\u00a0\u00a0\u00a0\u00a0<\/u>, declara para os devidos fins licitat\u00f3rios que cumpre as exig\u00eancias de reserva de cargos para Pessoa com Defici\u00eancia \u2014 PcD, para Reabilitado da Previd\u00eancia Social e para aprendiz, em aten\u00e7\u00e3o ao art. 92, inciso XVII da Lei n\u00b0 14.133\/2021.<\/p>\n<p>&nbsp;<\/p>\n<p>&nbsp;<\/p>\n<p>&nbsp;<\/p>\n<p>&nbsp;<\/p>\n<p>Vila Flor,<u>\u00a0\u00a0\u00a0\u00a0\u00a0\u00a0\u00a0\u00a0\u00a0\u00a0\u00a0\u00a0\u00a0\u00a0\u00a0\u00a0\u00a0\u00a0\u00a0\u00a0\u00a0\u00a0\u00a0\u00a0\u00a0\u00a0\u00a0\u00a0\u00a0\u00a0\u00a0\u00a0\u00a0\u00a0\u00a0\u00a0\u00a0\u00a0\u00a0\u00a0\u00a0\u00a0\u00a0\u00a0\u00a0\u00a0\u00a0\u00a0\u00a0\u00a0\u00a0\u00a0\u00a0\u00a0<\/u>de__________ de\u00a0<u>\u00a0\u00a0\u00a0\u00a0\u00a0\u00a0\u00a0\u00a0\u00a0\u00a0\u00a0\u00a0\u00a0\u00a0\u00a0\u00a0\u00a0\u00a0\u00a0\u00a0\u00a0\u00a0\u00a0\u00a0<\/u><\/p>\n<p>&nbsp;<\/p>\n<p>&nbsp;<\/p>\n<p>&nbsp;<\/p>\n<p>ASSINATURA DO REPRESENTANTE LEGAL DA EMPRESA<\/p>\n<p>&nbsp;<\/p>\n<p>&nbsp;<\/p>\n<p>DISPENSA DE LICITA\u00c7\u00c3O N\u00b0 005\/2026 \u2013 SETOR DE LICITA\u00c7\u00c3O<\/p>\n<p><strong>ANEXO V \u2013 DECLARA\u00c7\u00c3O IMPEDIMENTOS DO ART. 14 DA LEI FEDERAL N\u201d 14.133\/2021<\/strong><\/p>\n<p><strong>\u00a0<\/strong><\/p>\n<p><strong>\u00a0<\/strong><\/p>\n<p><strong>\u00a0<\/strong><\/p>\n<p>REFERENTE: DISPENSA DE LICITA\u00c7\u00c3O N\u00b0 005\/2026 \u2013 SETOR DE LICITA\u00c7\u00c3O<\/p>\n<p><strong>\u00a0<\/strong><\/p>\n<p><strong>\u00a0<\/strong><\/p>\n<p><strong>\u00a0<\/strong><\/p>\n<p><strong>\u00a0<\/strong><\/p>\n<p>A empresa<u>\u00a0\u00a0\u00a0\u00a0\u00a0\u00a0\u00a0\u00a0\u00a0\u00a0\u00a0\u00a0\u00a0\u00a0\u00a0\u00a0\u00a0\u00a0\u00a0\u00a0\u00a0\u00a0\u00a0\u00a0\u00a0\u00a0\u00a0\u00a0\u00a0\u00a0\u00a0\u00a0\u00a0\u00a0\u00a0\u00a0\u00a0\u00a0\u00a0\u00a0\u00a0\u00a0\u00a0\u00a0\u00a0\u00a0\u00a0\u00a0\u00a0\u00a0\u00a0\u00a0\u00a0\u00a0\u00a0\u00a0\u00a0\u00a0\u00a0\u00a0\u00a0\u00a0\u00a0\u00a0<\/u>_ , declara para os devidos fins licitat\u00f3rios que n\u00e3o incursa nos impedimentos para disputa de licita\u00e7\u00e3o ou execu\u00e7\u00e3o do contrato de que trata o art. 14 da Lei Federal n\u00b0 14.133\/2021.<\/p>\n<p>&nbsp;<\/p>\n<p>&nbsp;<\/p>\n<p>&nbsp;<\/p>\n<p>Vila Flor,<u>\u00a0\u00a0\u00a0\u00a0\u00a0\u00a0\u00a0\u00a0\u00a0\u00a0\u00a0\u00a0\u00a0\u00a0\u00a0\u00a0\u00a0\u00a0\u00a0\u00a0\u00a0\u00a0\u00a0\u00a0\u00a0\u00a0\u00a0\u00a0\u00a0\u00a0\u00a0\u00a0\u00a0\u00a0\u00a0\u00a0\u00a0\u00a0\u00a0\u00a0\u00a0\u00a0\u00a0\u00a0\u00a0\u00a0\u00a0\u00a0\u00a0\u00a0\u00a0\u00a0\u00a0\u00a0<\/u>de__________ de\u00a0<u>\u00a0\u00a0\u00a0\u00a0\u00a0\u00a0\u00a0\u00a0\u00a0\u00a0\u00a0\u00a0\u00a0\u00a0\u00a0\u00a0\u00a0\u00a0\u00a0\u00a0\u00a0\u00a0\u00a0\u00a0<\/u><\/p>\n<p>&nbsp;<\/p>\n<p>&nbsp;<\/p>\n<p>&nbsp;<\/p>\n<p>ASSINATURA DO REPRESENTANTE LEGAL DA EMPRESA<\/p>\n<p>&nbsp;<\/p>\n<p>&nbsp;<\/p>\n<p><strong>\u00a0<\/strong><\/p>\n<p><strong>DISPENSA DE LICITA\u00c7\u00c3O N\u00b0 005\/2026<\/strong><\/p>\n<p><strong>SETOR DE LICITA\u00c7\u00c3O<\/strong><\/p>\n<p><strong>ANEXO V \u2013 MODELO DE CARTA CONTRATO<\/strong><\/p>\n<p>&nbsp;<\/p>\n<p>Contrato de presta\u00e7\u00e3o de servi\u00e7os que entre si celebram o\u00a0<strong>PREFEITURA MUNICIPAL DE VILA FLOR\u00a0<\/strong>e a empresa\u00a0<strong>\u2026\u2026\u2026\u2026\u2026\u2026\u2026\u2026\u2026..<\/strong><\/p>\n<p><strong>\u00a0<\/strong><\/p>\n<p>A\u00a0<strong>PREFEITURA MUNICIPAL DE VILA FLOR,\u00a0<\/strong>pessoa jur\u00eddica de direito p\u00fablico interno, \u00f3rg\u00e3o p\u00fablico, com sede nesta Cidade, na Rua Jos\u00e9 Calazans, 169, Centro, Vila Flor\/RN, CEP 59.192-000, inscrita no CNPJ sob o n\u00ba 08.169.278\/0001-07, neste ato representado pelo Sr. Prefeita Municipal THUANNE KARLA CARVALHO DE SOUZA, doravante denominado\u00a0<strong>CONTRATANTE,\u00a0<\/strong>e a\u00a0<strong>Empresa \u2026\u2026\u2026\u2026\u2026\u2026\u2026\u2026\u2026\u2026.,\u00a0<\/strong>CNPJ n\u00ba\u2026\u2026\u2026\u2026\u2026\u2026\u2026., situado \u00e0 \u2026\u2026\u2026\u2026\u2026\u2026\u2026\u2026.., Cidade-Estado, telefone \u2026\u2026\u2026\u2026\u2026.., e-mail\u00a0\u00a0 , neste ato representada pelo Sr\u00a0\u00a0 , brasileiro, casado, profiss\u00e3o, portador da C\u00e9dula de Identidade n\u00ba \u2026\u2026\u2026\u2026\u2026 \u2013 SSP-\u2026., CPF n\u00ba \u2026\u2026\u2026\u2026.. , residente na Rua \u2026\u2026\u2026\u2026\u2026\u2026., telefone \u2026\u2026\u2026\u2026\u2026, e-mail: \u2026\u2026\u2026\u2026\u2026\u2026\u2026.., doravante denominada\u00a0<strong>CONTRATADA<\/strong>, resolvem celebrar o presente Contrato, autorizado pelo despacho constante no Processo Administrativo n\u00b0\u00a0<strong>XXXXXXXXX\/20XX<\/strong>, mediante parecer jur\u00eddico, que se reger\u00e1 pela Lei Federal n.\u00ba 14.133\/2021 e altera\u00e7\u00f5es posteriores, mediante as cl\u00e1usulas e condi\u00e7\u00f5es a seguir e do qual ficam fazendo parte integrante independentemente de transcri\u00e7\u00e3o, os documentos:<\/p>\n<p>&nbsp;<\/p>\n<p>1.\u00a0\u00a0\u00a0\u00a0\u00a0\u00a0\u00a0\u00a0 CL\u00c1USULA PRIMEIRA \u2013 OBJETO (art. 92, I e II)<\/p>\n<p>1.0.\u00a0\u00a0\u00a0\u00a0\u00a0 O objeto do presente instrumento \u00e9 a contrata\u00e7\u00e3o de servi\u00e7os comuns de \u2026\u2026\u2026\u2026\u2026\u2026\u2026\u2026.., nas condi\u00e7\u00f5es estabelecidas no Termo de Refer\u00eancia.<\/p>\n<p>1.1.\u00a0\u00a0\u00a0\u00a0\u00a0 Objeto da contrata\u00e7\u00e3o:<\/p>\n<table width=\"683\">\n<tbody>\n<tr>\n<td width=\"80\"><strong>ITEM<\/strong>&nbsp;<\/p>\n<p><strong>\u00a0<\/strong><\/td>\n<td width=\"205\"><strong>ESPECIFICA\u00c7\u00c3O<\/strong><\/td>\n<td width=\"91\"><strong>UNIDADE DE MEDIDA<\/strong><\/td>\n<td width=\"125\"><strong>QUANTIDADE<\/strong><\/td>\n<td width=\"103\"><strong>VALOR UNIT\u00c1RIO<\/strong><\/td>\n<td width=\"79\"><strong>VALOR TOTAL<\/strong><\/td>\n<\/tr>\n<tr>\n<td width=\"80\"><strong>1<\/strong><\/td>\n<td width=\"205\"><\/td>\n<td width=\"91\"><\/td>\n<td width=\"125\"><\/td>\n<td width=\"103\"><\/td>\n<td width=\"79\"><\/td>\n<\/tr>\n<tr>\n<td width=\"80\"><strong>2<\/strong><\/td>\n<td width=\"205\"><\/td>\n<td width=\"91\"><\/td>\n<td width=\"125\"><\/td>\n<td width=\"103\"><\/td>\n<td width=\"79\"><\/td>\n<\/tr>\n<tr>\n<td width=\"80\"><strong>3<\/strong><\/td>\n<td width=\"205\"><\/td>\n<td width=\"91\"><\/td>\n<td width=\"125\"><\/td>\n<td width=\"103\"><\/td>\n<td width=\"79\"><\/td>\n<\/tr>\n<tr>\n<td width=\"80\"><strong>\u2026<\/strong><\/td>\n<td width=\"205\"><\/td>\n<td width=\"91\"><\/td>\n<td width=\"125\"><\/td>\n<td width=\"103\"><\/td>\n<td width=\"79\"><\/td>\n<\/tr>\n<\/tbody>\n<\/table>\n<p>&nbsp;<\/p>\n<p>1.2.\u00a0\u00a0\u00a0\u00a0\u00a0 Vinculam esta contrata\u00e7\u00e3o, independentemente de transcri\u00e7\u00e3o:<\/p>\n<p>1.2.1.\u00a0\u00a0 O Termo de Refer\u00eancia;<\/p>\n<p>1.2.2.\u00a0\u00a0 A Autoriza\u00e7\u00e3o de Contrata\u00e7\u00e3o Direta;<\/p>\n<p>1.2.3.\u00a0\u00a0 A Proposta do contratado; e<\/p>\n<p>1.2.4.\u00a0\u00a0 Eventuais anexos dos documentos supracitados.<\/p>\n<p>2.\u00a0\u00a0\u00a0\u00a0\u00a0\u00a0\u00a0\u00a0 CL\u00c1USULA SEGUNDA \u2013 VIG\u00caNCIA E PRORROGA\u00c7\u00c3O<\/p>\n<p><strong>\u00a0<\/strong><\/p>\n<p>2.3.\u00a0\u00a0\u00a0\u00a0\u00a0 O prazo de vig\u00eancia da contrata\u00e7\u00e3o \u00e9 de \u2026\u2026\u2026\u2026\u2026\u2026\u2026\u2026\u2026\u2026 contados do(a) \u2026\u2026\u2026\u2026\u2026\u2026\u2026\u2026\u2026.., prorrog\u00e1vel por at\u00e9 10 anos, na forma dos artigos 106 e 107 da Lei n\u00b0 14.133, de 2021.<\/p>\n<p>2.4.\u00a0\u00a0\u00a0\u00a0\u00a0 A prorroga\u00e7\u00e3o de que trata este item \u00e9 condicionada ao ateste, pela autoridade competente, de que as condi\u00e7\u00f5es e os pre\u00e7os permanecem vantajosos para a Administra\u00e7\u00e3o, permitida a negocia\u00e7\u00e3o com o contratado, atentando, ainda, para o cumprimento dos seguintes requisitos:<\/p>\n<ol>\n<li>a) Estar formalmente demonstrado no processo que a forma de presta\u00e7\u00e3o dos servi\u00e7os tem natureza continuada;<\/li>\n<li>b) Seja juntado relat\u00f3rio que discorra sobre a execu\u00e7\u00e3o do contrato, com informa\u00e7\u00f5es de que os servi\u00e7os tenham sido prestados regularmente;<\/li>\n<li>c) Seja juntada justificativa e motivo, por escrito, de que a Administra\u00e7\u00e3o mant\u00e9m interesse na realiza\u00e7\u00e3o do servi\u00e7o;<\/li>\n<li>d) Haja manifesta\u00e7\u00e3o expressa do contratado informando o interesse na prorroga\u00e7\u00e3o;<\/li>\n<li>e) Seja comprovado que o contratado mant\u00e9m as condi\u00e7\u00f5es iniciais de habilita\u00e7\u00e3o.<\/li>\n<\/ol>\n<p>2.5.\u00a0\u00a0\u00a0\u00a0\u00a0 O contratado n\u00e3o tem direito subjetivo \u00e0 prorroga\u00e7\u00e3o contratual.<\/p>\n<p>2.6.\u00a0\u00a0\u00a0\u00a0\u00a0 A prorroga\u00e7\u00e3o de contrato dever\u00e1 ser promovida mediante celebra\u00e7\u00e3o de termo aditivo.<\/p>\n<p>2.7.\u00a0\u00a0\u00a0\u00a0\u00a0 Nas eventuais prorroga\u00e7\u00f5es contratuais, os custos n\u00e3o renov\u00e1veis j\u00e1 pagos ou amortizados ao longo do primeiro per\u00edodo de vig\u00eancia da contrata\u00e7\u00e3o dever\u00e3o ser reduzidos ou eliminados como condi\u00e7\u00e3o para a renova\u00e7\u00e3o.<\/p>\n<p>2.8.\u00a0\u00a0\u00a0\u00a0\u00a0 O contrato n\u00e3o poder\u00e1 ser prorrogado quando o contratado tiver sido penalizado nas san\u00e7\u00f5es de declara\u00e7\u00e3o de inidoneidade ou impedimento de licitar e contratar com poder p\u00fablico, observadas as abrang\u00eancias de aplica\u00e7\u00e3o.<\/p>\n<p>&nbsp;<\/p>\n<ol start=\"3\">\n<li><strong>CL\u00c1USULA TERCEIRA \u2013 MODELOS DE EXECU\u00c7\u00c3O E GEST\u00c3O CONTRATUAIS (art. 92, IV, VII e XVIII)<\/strong><\/li>\n<\/ol>\n<p>3.1.\u00a0\u00a0\u00a0\u00a0\u00a0 O regime de execu\u00e7\u00e3o contratual, os modelos de gest\u00e3o e de execu\u00e7\u00e3o, assim como os prazos e condi\u00e7\u00f5es de conclus\u00e3o, entrega, observa\u00e7\u00e3o e recebimento do objeto constam no Termo de Refer\u00eancia, anexo a este Contrato.<\/p>\n<ol start=\"4\">\n<li><strong>CL\u00c1USULA QUARTA \u2013 SUBCONTRATA\u00c7\u00c3O<\/strong><\/li>\n<\/ol>\n<p>4.1.\u00a0\u00a0\u00a0\u00a0\u00a0 N\u00e3o ser\u00e1 admitida a subcontrata\u00e7\u00e3o do objeto contratual.<\/p>\n<ol start=\"5\">\n<li><strong>CL\u00c1USULA QUINTA \u2013 PRE\u00c7O<\/strong><\/li>\n<\/ol>\n<p>5.1.\u00a0\u00a0\u00a0\u00a0\u00a0 O valor mensal da contrata\u00e7\u00e3o \u00e9 de R$ \u2026\u2026\u2026. (\u2026..), perfazendo o valor total de R$ \u2026\u2026. (\u2026.).<\/p>\n<ol start=\"6\">\n<li><strong>CL\u00c1USULA SEXTA \u2013 PAGAMENTO (art. 92, V e VI)<\/strong><\/li>\n<\/ol>\n<p>6.1.\u00a0\u00a0\u00a0\u00a0\u00a0 O prazo para pagamento ao contratado e demais condi\u00e7\u00f5es a ele referentes encontram-se definidos no Termo de Refer\u00eancia, anexo a este Contrato.<\/p>\n<ol start=\"7\">\n<li><strong>CL\u00c1USULA S\u00c9TIMA \u2013 REAJUSTE (art. 92, V)<\/strong><\/li>\n<\/ol>\n<p>7.1.\u00a0\u00a0\u00a0\u00a0\u00a0 Os pre\u00e7os inicialmente contratados s\u00e3o fixos e irreajust\u00e1veis no prazo de um ano contado da data do or\u00e7amento estimado, em __\/__\/__ (DD\/MM\/AAAA).<\/p>\n<p>7.2.\u00a0\u00a0\u00a0\u00a0\u00a0 Ap\u00f3s o interregno de um ano, e independentemente de pedido do contratado, os pre\u00e7os iniciais ser\u00e3o reajustados, mediante a aplica\u00e7\u00e3o, pelo contratante, do \u00edndice IPCA, exclusivamente para as obriga\u00e7\u00f5es iniciadas e conclu\u00eddas ap\u00f3s a ocorr\u00eancia da anualidade<\/p>\n<p>7.3.\u00a0\u00a0\u00a0\u00a0\u00a0 Nos reajustes subsequentes ao primeiro, o interregno m\u00ednimo de um ano ser\u00e1 contado a partir dos efeitos financeiros do \u00faltimo reajuste.<\/p>\n<p>7.4.\u00a0\u00a0\u00a0\u00a0\u00a0 No caso de atraso ou n\u00e3o divulga\u00e7\u00e3o do(s) \u00edndice (s) de reajustamento, o contratante pagar\u00e1 ao contratado a import\u00e2ncia calculada pela \u00faltima varia\u00e7\u00e3o conhecida, liquidando a diferen\u00e7a correspondente t\u00e3o logo seja(m) divulgado(s) o(s) \u00edndice(s) definitivo(s).<\/p>\n<p>7.5.\u00a0\u00a0\u00a0\u00a0\u00a0 Nas aferi\u00e7\u00f5es finais, o(s) \u00edndice(s) utilizado(s) para reajuste ser\u00e1(\u00e3o), obrigatoriamente, o(s) definitivo(s).<\/p>\n<p>7.6.\u00a0\u00a0\u00a0\u00a0\u00a0 Caso o(s) \u00edndice(s) estabelecido(s) para reajustamento venha(m) a ser extinto(s) ou de qualquer forma n\u00e3o possa(m) mais ser utilizado(s), ser\u00e1(\u00e3o) adotado(s), em substitui\u00e7\u00e3o, o(s) que vier(em) a ser determinado(s) pela legisla\u00e7\u00e3o ent\u00e3o em vigor.<\/p>\n<p>7.7.\u00a0\u00a0\u00a0\u00a0\u00a0 Na aus\u00eancia de previs\u00e3o legal quanto ao \u00edndice substituto, as partes eleger\u00e3o novo \u00edndice oficial, para reajustamento do pre\u00e7o do valor remanescente, por meio de termo aditivo.<\/p>\n<p>7.8.\u00a0\u00a0\u00a0\u00a0\u00a0 O reajuste ser\u00e1 realizado por apostilamento.<\/p>\n<ol start=\"8\">\n<li><strong>CL\u00c1USULA OITAVA \u2013 OBRIGA\u00c7\u00d5ES DO CONTRATANTE (art. 92, X, XI e XIV )<\/strong><\/li>\n<\/ol>\n<p>8.1.\u00a0\u00a0\u00a0\u00a0\u00a0 S\u00e3o obriga\u00e7\u00f5es do Contratante:<\/p>\n<p>8.2.\u00a0\u00a0\u00a0\u00a0\u00a0 Exigir o cumprimento de todas as obriga\u00e7\u00f5es assumidas pelo Contratado, de acordo com o contrato e seus anexos;<\/p>\n<p>8.3.\u00a0\u00a0\u00a0\u00a0\u00a0 Receber o objeto no prazo e condi\u00e7\u00f5es estabelecidas no Termo de Refer\u00eancia;<\/p>\n<p>8.4.\u00a0\u00a0\u00a0\u00a0\u00a0 Notificar o Contratado, por escrito, sobre v\u00edcios, defeitos ou incorre\u00e7\u00f5es verificadas no objeto fornecido, para que seja por ele substitu\u00eddo, reparado ou corrigido, no total ou em parte, \u00e0s suas expensas;<\/p>\n<p>8.5.\u00a0\u00a0\u00a0\u00a0\u00a0 Acompanhar e fiscalizar a execu\u00e7\u00e3o do contrato e o cumprimento das obriga\u00e7\u00f5es pelo Contratado;<\/p>\n<p>8.6.\u00a0\u00a0\u00a0\u00a0\u00a0 Comunicar a empresa para emiss\u00e3o de Nota Fiscal no que pertine \u00e0 parcela incontroversa da execu\u00e7\u00e3o do objeto, para efeito de liquida\u00e7\u00e3o e pagamento, quando houver controv\u00e9rsia sobre a execu\u00e7\u00e3o do objeto, quanto \u00e0 dimens\u00e3o, qualidade e quantidade, conforme o art. 143 da Lei n\u00ba 14.133, de 2021;<\/p>\n<p>8.7.\u00a0\u00a0\u00a0\u00a0\u00a0 Efetuar o pagamento ao Contratado do valor correspondente \u00e0 execu\u00e7\u00e3o do objeto, no prazo, forma e condi\u00e7\u00f5es estabelecidos no presente Contrato e no Termo de Refer\u00eancia;<\/p>\n<p>8.8.\u00a0\u00a0\u00a0\u00a0\u00a0 Aplicar ao Contratado as san\u00e7\u00f5es previstas na lei e neste Contrato;<\/p>\n<p>8.9.\u00a0\u00a0\u00a0\u00a0\u00a0 Cientificar o \u00f3rg\u00e3o de representa\u00e7\u00e3o judicial da Advocacia-Geral da Uni\u00e3o para ado\u00e7\u00e3o das medidas cab\u00edveis quando do descumprimento de obriga\u00e7\u00f5es pelo Contratado;<\/p>\n<p>8.10.\u00a0\u00a0\u00a0 Explicitamente emitir decis\u00e3o sobre todas as solicita\u00e7\u00f5es e reclama\u00e7\u00f5es relacionadas \u00e0 execu\u00e7\u00e3o do presente Contrato, ressalvados os requerimentos manifestamente impertinentes, meramente protelat\u00f3rios ou de nenhum interesse para a boa execu\u00e7\u00e3o do ajuste.<\/p>\n<p>8.10.1. A Administra\u00e7\u00e3o ter\u00e1 o prazo de 10 (Dez) dias, a contar da data do protocolo do requerimento para decidir, admitida a prorroga\u00e7\u00e3o motivada, por igual per\u00edodo.<\/p>\n<p>8.11.\u00a0\u00a0\u00a0 Responder eventuais pedidos de reestabelecimento do equil\u00edbrio econ\u00f4mico-financeiro feitos pelo contratado no prazo m\u00e1ximo de 10 (dez) dias.<\/p>\n<p>8.12.\u00a0\u00a0\u00a0 Notificar os emitentes das garantias quanto ao in\u00edcio de processo administrativo para apura\u00e7\u00e3o de descumprimento de cl\u00e1usulas contratuais.<\/p>\n<p>8.13.\u00a0\u00a0\u00a0 Comunicar o Contratado na hip\u00f3tese de posterior altera\u00e7\u00e3o do projeto pelo Contratante, no caso do art. 93, \u00a72\u00ba, da Lei n\u00ba 14.133, de 2021.<\/p>\n<p>8.14.\u00a0\u00a0\u00a0 A Administra\u00e7\u00e3o n\u00e3o responder\u00e1 por quaisquer compromissos assumidos pelo Contratado com terceiros, ainda que vinculados \u00e0 execu\u00e7\u00e3o do contrato, bem como por qualquer dano causado a terceiros em decorr\u00eancia de ato do Contratado, de seus empregados, prepostos ou subordinados.<\/p>\n<ol start=\"9\">\n<li><strong>CL\u00c1USULA NONA \u2013 OBRIGA\u00c7\u00d5ES DO CONTRATADO (art. 92, XIV, XVI e XVII)<\/strong><\/li>\n<\/ol>\n<p>9.1.\u00a0\u00a0\u00a0\u00a0\u00a0 O Contratado deve cumprir todas as obriga\u00e7\u00f5es constantes deste Contrato e de seus anexos, assumindo como exclusivamente seus os riscos e as despesas decorrentes da boa e perfeita execu\u00e7\u00e3o do objeto, observando, ainda, as obriga\u00e7\u00f5es a seguir dispostas:<\/p>\n<p>9.2.\u00a0\u00a0\u00a0\u00a0\u00a0 Manter preposto aceito pela Administra\u00e7\u00e3o no local do servi\u00e7o para represent\u00e1-lo na execu\u00e7\u00e3o do contrato.<\/p>\n<p>9.2.1.\u00a0\u00a0 A indica\u00e7\u00e3o ou a manuten\u00e7\u00e3o do preposto da empresa poder\u00e1 ser recusada pelo \u00f3rg\u00e3o ou entidade, desde que devidamente justificada, devendo a empresa designar outro para o exerc\u00edcio da atividade.<\/p>\n<p>9.3.\u00a0\u00a0\u00a0\u00a0\u00a0 Atender \u00e0s determina\u00e7\u00f5es regulares emitidas pelo fiscal do contrato ou autoridade superior (art. 137, II) e prestar todo esclarecimento ou informa\u00e7\u00e3o por eles solicitados;<\/p>\n<p>9.4.\u00a0\u00a0\u00a0\u00a0\u00a0 Alocar os empregados necess\u00e1rios ao perfeito cumprimento das cl\u00e1usulas deste contrato, com habilita\u00e7\u00e3o e conhecimento adequados, fornecendo os materiais, equipamentos, ferramentas e utens\u00edlios demandados, cuja quantidade, qualidade e tecnologia dever\u00e3o atender \u00e0s recomenda\u00e7\u00f5es de boa t\u00e9cnica e a legisla\u00e7\u00e3o de reg\u00eancia;<\/p>\n<p>9.5.\u00a0\u00a0\u00a0\u00a0\u00a0 Reparar, corrigir, remover, reconstruir ou substituir, \u00e0s suas expensas, no total ou em parte, no prazo fixado pelo fiscal do contrato, os servi\u00e7os nos quais se verificarem v\u00edcios, defeitos ou incorre\u00e7\u00f5es resultantes da execu\u00e7\u00e3o ou dos materiais empregados;<\/p>\n<p>9.6.\u00a0\u00a0\u00a0\u00a0\u00a0 Responsabilizar-se pelos v\u00edcios e danos decorrentes da execu\u00e7\u00e3o do objeto, de acordo com o C\u00f3digo de Defesa do Consumidor (Lei n\u00ba 8.078, de 1990), bem como por todo e qualquer dano causado \u00e0 Administra\u00e7\u00e3o ou terceiros, n\u00e3o reduzindo essa responsabilidade a fiscaliza\u00e7\u00e3o ou o acompanhamento da execu\u00e7\u00e3o contratual pelo Contratante, que ficar\u00e1 autorizado a descontar dos pagamentos devidos ou da garantia, caso exigida no edital, o valor correspondente aos danos sofridos;<\/p>\n<p>9.7.\u00a0\u00a0\u00a0\u00a0\u00a0 N\u00e3o contratar, durante a vig\u00eancia do contrato, c\u00f4njuge, companheiro ou parente em linha reta, colateral ou por afinidade, at\u00e9 o terceiro grau, de dirigente do contratante ou do fiscal ou gestor do contrato, nos termos do artigo 48, par\u00e1grafo \u00fanico, da Lei n\u00ba 14.133, de 2021;<\/p>\n<p>9.8.\u00a0\u00a0\u00a0\u00a0\u00a0 Quando n\u00e3o for poss\u00edvel a verifica\u00e7\u00e3o da regularidade no Sistema de Cadastro de Fornecedores \u2013 SICAF, o contratado dever\u00e1 entregar ao setor respons\u00e1vel pela fiscaliza\u00e7\u00e3o do contrato, at\u00e9 o dia trinta do m\u00eas seguinte ao da presta\u00e7\u00e3o dos servi\u00e7os, os seguintes documentos: 1) prova de regularidade relativa \u00e0 Seguridade Social; 2) certid\u00e3o conjunta relativa aos tributos federais e \u00e0 D\u00edvida Ativa da Uni\u00e3o; 3) certid\u00f5es que comprovem a regularidade perante a Fazenda Municipal ou Distrital do domic\u00edlio ou sede do contratado; 4) Certid\u00e3o de Regularidade do FGTS \u2013 CRF; e 5) Certid\u00e3o Negativa de D\u00e9bitos Trabalhistas \u2013 CNDT;<\/p>\n<p>9.9.\u00a0\u00a0\u00a0\u00a0\u00a0 Responsabilizar-se pelo cumprimento das obriga\u00e7\u00f5es previstas em Acordo, Conven\u00e7\u00e3o, Diss\u00eddio Coletivo de Trabalho ou equivalentes das categorias abrangidas pelo contrato, por todas as obriga\u00e7\u00f5es trabalhistas, sociais, previdenci\u00e1rias, tribut\u00e1rias e as demais previstas em legisla\u00e7\u00e3o espec\u00edfica, cuja inadimpl\u00eancia n\u00e3o transfere a responsabilidade ao Contratante;<\/p>\n<p>9.10.\u00a0\u00a0\u00a0 Comunicar ao Fiscal do contrato, no prazo de 24 (vinte e quatro) horas, qualquer ocorr\u00eancia anormal ou acidente que se verifique no local dos servi\u00e7os.<\/p>\n<p>9.11.\u00a0\u00a0\u00a0 Prestar todo esclarecimento ou informa\u00e7\u00e3o solicitada pelo Contratante ou por seus prepostos, garantindo-lhes o acesso, a qualquer tempo, ao local dos trabalhos, bem como aos documentos relativos \u00e0 execu\u00e7\u00e3o do empreendimento.<\/p>\n<p>9.12.\u00a0\u00a0\u00a0 Paralisar, por determina\u00e7\u00e3o do Contratante, qualquer atividade que n\u00e3o esteja sendo executada de acordo com a boa t\u00e9cnica ou que ponha em risco a seguran\u00e7a de pessoas ou bens de terceiros.<\/p>\n<p>9.13.\u00a0\u00a0\u00a0 Promover a guarda, manuten\u00e7\u00e3o e vigil\u00e2ncia de materiais, ferramentas, e tudo o que for necess\u00e1rio \u00e0 execu\u00e7\u00e3o do objeto, durante a vig\u00eancia do contrato.<\/p>\n<p>9.14.\u00a0\u00a0\u00a0 Conduzir os trabalhos com estrita observ\u00e2ncia \u00e0s normas da legisla\u00e7\u00e3o pertinente, cumprindo as determina\u00e7\u00f5es dos Poderes P\u00fablicos, mantendo sempre limpo o local dos servi\u00e7os e nas melhores condi\u00e7\u00f5es de seguran\u00e7a, higiene e disciplina.<\/p>\n<p>9.15.\u00a0\u00a0\u00a0 Submeter previamente, por escrito, ao Contratante, para an\u00e1lise e aprova\u00e7\u00e3o, quaisquer mudan\u00e7as nos m\u00e9todos executivos que fujam \u00e0s especifica\u00e7\u00f5es do memorial descritivo ou instrumento cong\u00eanere.<\/p>\n<p>9.16.\u00a0\u00a0\u00a0 N\u00e3o permitir a utiliza\u00e7\u00e3o de qualquer trabalho do menor de dezesseis anos, exceto na condi\u00e7\u00e3o de aprendiz para os maiores de quatorze anos, nem permitir a utiliza\u00e7\u00e3o do trabalho do menor de dezoito anos em trabalho noturno, perigoso ou insalubre;<\/p>\n<p>9.17.\u00a0\u00a0\u00a0 Manter durante toda a vig\u00eancia do contrato, em compatibilidade com as obriga\u00e7\u00f5es assumidas, todas as condi\u00e7\u00f5es exigidas para qualifica\u00e7\u00e3o na contrata\u00e7\u00e3o direta;<\/p>\n<p>9.18.\u00a0\u00a0\u00a0 Cumprir, durante todo o per\u00edodo de execu\u00e7\u00e3o do contrato, a reserva de cargos prevista em lei para pessoa com defici\u00eancia, para reabilitado da Previd\u00eancia Social ou para aprendiz, bem como as reservas de cargos previstas na legisla\u00e7\u00e3o (art. 116);<\/p>\n<p>9.19.\u00a0\u00a0\u00a0 Comprovar a reserva de cargos a que se refere a cl\u00e1usula acima, no prazo fixado pelo fiscal do contrato, com a indica\u00e7\u00e3o dos empregados que preencheram as referidas vagas (art. 116, par\u00e1grafo \u00fanico);<\/p>\n<p>9.20.\u00a0\u00a0\u00a0 Guardar sigilo sobre todas as informa\u00e7\u00f5es obtidas em decorr\u00eancia do cumprimento do contrato;<\/p>\n<p>9.21.\u00a0\u00a0\u00a0 Arcar com o \u00f4nus decorrente de eventual equ\u00edvoco no dimensionamento dos quantitativos de sua proposta, inclusive quanto aos custos vari\u00e1veis decorrentes de fatores futuros e incertos, devendo complement\u00e1-los, caso o previsto inicialmente em sua proposta n\u00e3o seja satisfat\u00f3rio para o atendimento do objeto da contrata\u00e7\u00e3o, exceto quando ocorrer algum dos eventos arrolados no art. 124, II, d, da Lei n\u00ba 14.133, de 2021;<\/p>\n<p>9.22.\u00a0\u00a0\u00a0 Cumprir, al\u00e9m dos postulados legais vigentes de \u00e2mbito federal, estadual ou municipal, as normas de seguran\u00e7a do Contratante;<\/p>\n<p><strong>CL\u00c1USULA D\u00c9CIMA\u2013 DOTA\u00c7\u00c3O OR\u00c7AMENT\u00c1RIA (art. 92, VIII)<\/strong><\/p>\n<ol start=\"10\">\n<li>As despesas decorrentes da presente contrata\u00e7\u00e3o correr\u00e3o \u00e0 conta de recursos espec\u00edficos consignados no Or\u00e7amento Geral da PREFEITURA MUNICIPAL deste exerc\u00edcio, na dota\u00e7\u00e3o abaixo discriminada:<\/li>\n<li>Gest\u00e3o\/Unidade:<\/li>\n<li>Fonte de Recursos:<\/li>\n<\/ol>\n<p>III.\u00a0\u00a0\u00a0\u00a0\u00a0 Programa de Trabalho:<\/p>\n<ol>\n<li>Elemento de Despesa:<\/li>\n<li>Plano Interno:<\/li>\n<li>Nota de Empenho:<\/li>\n<\/ol>\n<p><strong>CL\u00c1USULA D\u00c9CIMA PRIMEIRA \u2013 ALTERA\u00c7\u00d5ES<\/strong><\/p>\n<p>11.1.\u00a0\u00a0\u00a0 Eventuais altera\u00e7\u00f5es contratuais reger-se-\u00e3o pela disciplina dos arts. 124 e seguintes da Lei n\u00ba 14.133, de 2021.<\/p>\n<p>11.2.\u00a0\u00a0\u00a0 O contratado \u00e9 obrigado a aceitar, nas mesmas condi\u00e7\u00f5es contratuais, os acr\u00e9scimos ou supress\u00f5es que se fizerem necess\u00e1rios, at\u00e9 o limite de 25% (vinte e cinco por cento) do valor inicial atualizado do contrato.<\/p>\n<p>11.3.\u00a0\u00a0\u00a0 As altera\u00e7\u00f5es contratuais dever\u00e3o ser promovidas mediante celebra\u00e7\u00e3o de termo aditivo, submetido \u00e0 pr\u00e9via aprova\u00e7\u00e3o da consultoria jur\u00eddica do contratante, salvo nos casos de justificada necessidade de antecipa\u00e7\u00e3o de seus efeitos, hip\u00f3tese em que a formaliza\u00e7\u00e3o do aditivo dever\u00e1 ocorrer no prazo m\u00e1ximo de 1 (um) m\u00eas (art. 132 da Lei n\u00ba 14.133, de 2021).<\/p>\n<p>11.4.\u00a0\u00a0\u00a0 Registros que n\u00e3o caracterizam altera\u00e7\u00e3o do contrato podem ser realizados por simples apostila, dispensada a celebra\u00e7\u00e3o de termo aditivo, na forma do art. 136 da Lei n\u00ba 14.133, de 2021.<\/p>\n<ol start=\"12\">\n<li><strong>CL\u00c1USULA D\u00c9CIMA SEGUNDA \u2013 PUBLICA\u00c7\u00c3O<\/strong><\/li>\n<\/ol>\n<p>12.1.\u00a0\u00a0\u00a0 Incumbir\u00e1 ao contratante divulgar o presente instrumento no Portal Nacional de Contrata\u00e7\u00f5es P\u00fablicas (PNCP), na forma prevista no art. 94 da Lei 14.133, de 2021, bem como no respectivo s\u00edtio oficial na Internet, em aten\u00e7\u00e3o ao art. 91, caput, da Lei n.\u00ba 14.133, de 2021, e ao art. 8\u00ba, \u00a72\u00ba, da Lei n. 12.527, de 2011, c\/c art. 7\u00ba, \u00a73\u00ba, inciso V, do Decreto n. 7.724, de 2012.<\/p>\n<ol start=\"13\">\n<li><strong>CL\u00c1USULA D\u00c9CIMA TERCEIRA\u2013 FORO (art. 92, \u00a71\u00ba)<\/strong><\/li>\n<\/ol>\n<p>13.1.\u00a0\u00a0\u00a0 Fica eleito o Foro da Cidade de Canguaretama para dirimir os lit\u00edgios que decorrerem da execu\u00e7\u00e3o deste Termo de Contrato que n\u00e3o puderem ser compostos pela concilia\u00e7\u00e3o, conforme art. 92, \u00a71\u00ba, da Lei n\u00ba 14.133\/21.<\/p>\n<p>&nbsp;<\/p>\n<p>Vila Flor-Rio Grande do Norte, \u2026\u2026.. de \u2026\u2026\u2026\u2026\u2026\u2026. de \u2026\u2026\u2026\u2026\u2026\u2026..<\/p>\n<p>&nbsp;<\/p>\n<p>&nbsp;<\/p>\n<p><u>\u00a0\u00a0\u00a0\u00a0\u00a0\u00a0\u00a0\u00a0\u00a0\u00a0\u00a0\u00a0\u00a0\u00a0\u00a0\u00a0\u00a0\u00a0\u00a0\u00a0\u00a0\u00a0\u00a0\u00a0\u00a0\u00a0\u00a0\u00a0\u00a0\u00a0\u00a0\u00a0\u00a0\u00a0\u00a0\u00a0\u00a0\u00a0\u00a0<\/u>_<u>\u00a0\u00a0\u00a0\u00a0\u00a0\u00a0\u00a0\u00a0\u00a0\u00a0\u00a0\u00a0\u00a0\u00a0\u00a0\u00a0\u00a0\u00a0\u00a0\u00a0\u00a0\u00a0\u00a0\u00a0\u00a0\u00a0\u00a0\u00a0\u00a0\u00a0\u00a0\u00a0\u00a0\u00a0\u00a0\u00a0\u00a0\u00a0\u00a0<\/u>_<u>\u00a0\u00a0\u00a0\u00a0\u00a0\u00a0\u00a0<\/u><\/p>\n<p>CONTRATANTE<\/p>\n<p><strong>\u00a0<\/strong><\/p>\n<p><strong>\u00a0<\/strong><\/p>\n<p><u>\u00a0\u00a0\u00a0\u00a0\u00a0\u00a0\u00a0\u00a0\u00a0\u00a0\u00a0\u00a0\u00a0\u00a0\u00a0\u00a0\u00a0\u00a0\u00a0\u00a0\u00a0\u00a0\u00a0\u00a0\u00a0\u00a0\u00a0\u00a0\u00a0\u00a0\u00a0\u00a0\u00a0\u00a0\u00a0\u00a0\u00a0\u00a0\u00a0<\/u>_<u>\u00a0\u00a0\u00a0\u00a0\u00a0\u00a0\u00a0\u00a0\u00a0\u00a0\u00a0\u00a0\u00a0\u00a0\u00a0\u00a0\u00a0\u00a0\u00a0\u00a0\u00a0\u00a0\u00a0\u00a0\u00a0\u00a0\u00a0\u00a0\u00a0\u00a0\u00a0\u00a0\u00a0\u00a0\u00a0\u00a0\u00a0\u00a0\u00a0<\/u>_<u>\u00a0\u00a0\u00a0\u00a0\u00a0\u00a0\u00a0<\/u><\/p>\n<p>CONTRATADA<\/p>\n<p>&nbsp;<\/p>\n<p style=\"text-align: right;\"><strong>Publicado por:<\/strong><br \/>\nGRINALDO JOAQUIM DE SOUZA<br \/>\nSecret\u00e1rio Municipal de Administra\u00e7\u00e3o<br \/>\n<strong>C\u00f3digo Identificador:<\/strong>\u00a0L5DBUEIJ37<\/p>\n<div class=\"pdfprnt-buttons pdfprnt-buttons-post pdfprnt-bottom-right\"><a href=\"https:\/\/vilaflor.rn.gov.br\/transparencia\/wp-json\/wp\/v2\/posts?page=7&print=pdf#038;print=print\" class=\"pdfprnt-button pdfprnt-button-pdf\" target=\"_blank\"><img decoding=\"async\" src=\"https:\/\/vilaflor.rn.gov.br\/transparencia\/wp-content\/plugins\/pdf-print\/images\/pdf.png\" alt=\"image_pdf\" title=\"Baixar PDF\" \/><\/a><a href=\"https:\/\/vilaflor.rn.gov.br\/transparencia\/wp-json\/wp\/v2\/posts?page=7&print=print#038;print=print\" class=\"pdfprnt-button pdfprnt-button-print\" target=\"_blank\"><img decoding=\"async\" src=\"https:\/\/vilaflor.rn.gov.br\/transparencia\/wp-content\/plugins\/pdf-print\/images\/print.png\" alt=\"image_print\" title=\"Conte\u00fado de impress\u00e3o\" \/><\/a><\/div>","protected":false},"excerpt":{"rendered":"<p>ESTADO DO RIO GRANDE DO NORTE PREFEITURA MUNICIPAL DE VILA FLOR DADOS DO AVISO Vila Flor\/RN, em 27 de janeiro de 2026. &nbsp; PROCESSO ADMINISTRATIVO:\u00a020010001\/2026 &nbsp; DATA E HORA LIMITE PARA ENTREGA DA PROPOSTA DE PRE\u00c7O E DOCUMENTOS DE HABILITA\u00c7\u00c3O &nbsp; At\u00e9 dia 02\/02\/2026, \u00e0s 09:00h &nbsp; REFER\u00caNCIA DE HOR\u00c1RIO \u00a0 Hor\u00e1rio de Brasilia \u2013 [&hellip;]<\/p>\n","protected":false},"author":1,"featured_media":0,"comment_status":"open","ping_status":"open","sticky":false,"template":"","format":"standard","meta":{"ocean_post_layout":"","ocean_both_sidebars_style":"","ocean_both_sidebars_content_width":0,"ocean_both_sidebars_sidebars_width":0,"ocean_sidebar":"0","ocean_second_sidebar":"0","ocean_disable_margins":"enable","ocean_add_body_class":"","ocean_shortcode_before_top_bar":"","ocean_shortcode_after_top_bar":"","ocean_shortcode_before_header":"","ocean_shortcode_after_header":"","ocean_has_shortcode":"","ocean_shortcode_after_title":"","ocean_shortcode_before_footer_widgets":"","ocean_shortcode_after_footer_widgets":"","ocean_shortcode_before_footer_bottom":"","ocean_shortcode_after_footer_bottom":"","ocean_display_top_bar":"default","ocean_display_header":"default","ocean_header_style":"","ocean_center_header_left_menu":"0","ocean_custom_header_template":"0","ocean_custom_logo":0,"ocean_custom_retina_logo":0,"ocean_custom_logo_max_width":0,"ocean_custom_logo_tablet_max_width":0,"ocean_custom_logo_mobile_max_width":0,"ocean_custom_logo_max_height":0,"ocean_custom_logo_tablet_max_height":0,"ocean_custom_logo_mobile_max_height":0,"ocean_header_custom_menu":"0","ocean_menu_typo_font_family":"0","ocean_menu_typo_font_subset":"","ocean_menu_typo_font_size":0,"ocean_menu_typo_font_size_tablet":0,"ocean_menu_typo_font_size_mobile":0,"ocean_menu_typo_font_size_unit":"px","ocean_menu_typo_font_weight":"","ocean_menu_typo_font_weight_tablet":"","ocean_menu_typo_font_weight_mobile":"","ocean_menu_typo_transform":"","ocean_menu_typo_transform_tablet":"","ocean_menu_typo_transform_mobile":"","ocean_menu_typo_line_height":0,"ocean_menu_typo_line_height_tablet":0,"ocean_menu_typo_line_height_mobile":0,"ocean_menu_typo_line_height_unit":"","ocean_menu_typo_spacing":0,"ocean_menu_typo_spacing_tablet":0,"ocean_menu_typo_spacing_mobile":0,"ocean_menu_typo_spacing_unit":"","ocean_menu_link_color":"","ocean_menu_link_color_hover":"","ocean_menu_link_color_active":"","ocean_menu_link_background":"","ocean_menu_link_hover_background":"","ocean_menu_link_active_background":"","ocean_menu_social_links_bg":"","ocean_menu_social_hover_links_bg":"","ocean_menu_social_links_color":"","ocean_menu_social_hover_links_color":"","ocean_disable_title":"default","ocean_disable_heading":"default","ocean_post_title":"","ocean_post_subheading":"","ocean_post_title_style":"","ocean_post_title_background_color":"","ocean_post_title_background":0,"ocean_post_title_bg_image_position":"","ocean_post_title_bg_image_attachment":"","ocean_post_title_bg_image_repeat":"","ocean_post_title_bg_image_size":"","ocean_post_title_height":0,"ocean_post_title_bg_overlay":0.5,"ocean_post_title_bg_overlay_color":"","ocean_disable_breadcrumbs":"default","ocean_breadcrumbs_color":"","ocean_breadcrumbs_separator_color":"","ocean_breadcrumbs_links_color":"","ocean_breadcrumbs_links_hover_color":"","ocean_display_footer_widgets":"default","ocean_display_footer_bottom":"default","ocean_custom_footer_template":"0","ocean_post_oembed":"","ocean_post_self_hosted_media":"","ocean_post_video_embed":"","ocean_link_format":"","ocean_link_format_target":"self","ocean_quote_format":"","ocean_quote_format_link":"post","ocean_gallery_link_images":"on","ocean_gallery_id":[],"footnotes":""},"categories":[5,4],"tags":[],"class_list":["post-4188","post","type-post","status-publish","format-standard","hentry","category-aviso-de-licitacao","category-licitacao","entry"],"_links":{"self":[{"href":"https:\/\/vilaflor.rn.gov.br\/transparencia\/wp-json\/wp\/v2\/posts\/4188","targetHints":{"allow":["GET"]}}],"collection":[{"href":"https:\/\/vilaflor.rn.gov.br\/transparencia\/wp-json\/wp\/v2\/posts"}],"about":[{"href":"https:\/\/vilaflor.rn.gov.br\/transparencia\/wp-json\/wp\/v2\/types\/post"}],"author":[{"embeddable":true,"href":"https:\/\/vilaflor.rn.gov.br\/transparencia\/wp-json\/wp\/v2\/users\/1"}],"replies":[{"embeddable":true,"href":"https:\/\/vilaflor.rn.gov.br\/transparencia\/wp-json\/wp\/v2\/comments?post=4188"}],"version-history":[{"count":1,"href":"https:\/\/vilaflor.rn.gov.br\/transparencia\/wp-json\/wp\/v2\/posts\/4188\/revisions"}],"predecessor-version":[{"id":4189,"href":"https:\/\/vilaflor.rn.gov.br\/transparencia\/wp-json\/wp\/v2\/posts\/4188\/revisions\/4189"}],"wp:attachment":[{"href":"https:\/\/vilaflor.rn.gov.br\/transparencia\/wp-json\/wp\/v2\/media?parent=4188"}],"wp:term":[{"taxonomy":"category","embeddable":true,"href":"https:\/\/vilaflor.rn.gov.br\/transparencia\/wp-json\/wp\/v2\/categories?post=4188"},{"taxonomy":"post_tag","embeddable":true,"href":"https:\/\/vilaflor.rn.gov.br\/transparencia\/wp-json\/wp\/v2\/tags?post=4188"}],"curies":[{"name":"wp","href":"https:\/\/api.w.org\/{rel}","templated":true}]}},{"id":4186,"date":"2026-01-27T09:37:54","date_gmt":"2026-01-27T12:37:54","guid":{"rendered":"https:\/\/vilaflor.rn.gov.br\/transparencia\/?p=4186"},"modified":"2026-04-02T09:38:25","modified_gmt":"2026-04-02T12:38:25","slug":"aviso-de-licitacao-pregao-eletronico-srp-no-003-2026","status":"publish","type":"post","link":"https:\/\/vilaflor.rn.gov.br\/transparencia\/aviso-de-licitacao-pregao-eletronico-srp-no-003-2026\/","title":{"rendered":"AVISO DE LICITA\u00c7\u00c3O PREG\u00c3O ELETR\u00d4NICO SRP N\u00ba 003\/2026"},"content":{"rendered":"<p><strong>ESTADO DO RIO GRANDE DO NORTE<\/strong><br \/>\n<strong>PREFEITURA MUNICIPAL DE VILA FLOR<\/strong><\/p>\n<p>O Munic\u00edpio de Vila Flor\/RN, por interm\u00e9dio de seu Pregoeiro, torna p\u00fablico que \u00e0s\u00a0<strong>09h00min<\/strong>\u00a0do dia\u00a0<strong>06 de fevereiro de 2026<\/strong>, far\u00e1 realizar licita\u00e7\u00e3o na modalidade\u00a0<strong>Preg\u00e3o Eletr\u00f4nico para Registro de Pre\u00e7os n\u00ba 003\/2026<\/strong>, tipo menor pre\u00e7o\u00a0<strong>POR ITEM<\/strong>, objetivando o\u00a0<strong>REGISTRO DE PRE\u00c7OS PARA FUTURA E EVENTUAL AQUISI\u00c7\u00c3O DE \u00c1GUA MINERAL E G\u00c1S DE COZINHA PARA ATENDER AS NECESSIDADES DA PREFEITURA E SECRETARIAS DO MUNIC\u00cdPIO DE VILA FLOR-RN.\u00a0<\/strong>O procedimento licitat\u00f3rio obedecer\u00e1 ao disposto na Lei Federal n\u00ba 14.133\/21 de 1 de abril de 2021, e suas altera\u00e7\u00f5es posteriores que lhe foram introduzidas. O Edital e seus anexos encontram-se \u00e0 disposi\u00e7\u00e3o dos interessados, no site: www.portaldecompraspublicas.com.br ou atrav\u00e9s do e-mail:\u00a0<strong>pmvflicitacoes2021@gmail.com<\/strong>\u00a0ou ainda na sala da Comiss\u00e3o de Licita\u00e7\u00e3o situada na Rua Jos\u00e9 Calazans, 169, Centro, Vila Flor\/RN, CEP 59.192-000, a partir da publica\u00e7\u00e3o deste aviso, no hor\u00e1rio de expediente de 08h:00min \u00e0s 14h:00min, exceto feriados e ponto facultativo.<\/p>\n<p>&nbsp;<\/p>\n<p>Vila Flor\/RN, em 26 de janeiro de 2026<\/p>\n<p>&nbsp;<\/p>\n<p>KEDSON JOSE DE LIMA.<\/p>\n<p>Pregoeiro<\/p>\n<p>&nbsp;<\/p>\n<p style=\"text-align: right;\"><strong>Publicado por:<\/strong><br \/>\nGRINALDO JOAQUIM DE SOUZA<br \/>\nSecret\u00e1rio Municipal de Administra\u00e7\u00e3o<br \/>\n<strong>C\u00f3digo Identificador:<\/strong>\u00a0KAVR5F61R8<\/p>\n<div class=\"pdfprnt-buttons pdfprnt-buttons-post pdfprnt-bottom-right\"><a href=\"https:\/\/vilaflor.rn.gov.br\/transparencia\/wp-json\/wp\/v2\/posts?page=7&print=pdf#038;print=print\" class=\"pdfprnt-button pdfprnt-button-pdf\" target=\"_blank\"><img decoding=\"async\" src=\"https:\/\/vilaflor.rn.gov.br\/transparencia\/wp-content\/plugins\/pdf-print\/images\/pdf.png\" alt=\"image_pdf\" title=\"Baixar PDF\" \/><\/a><a href=\"https:\/\/vilaflor.rn.gov.br\/transparencia\/wp-json\/wp\/v2\/posts?page=7&print=print#038;print=print\" class=\"pdfprnt-button pdfprnt-button-print\" target=\"_blank\"><img decoding=\"async\" src=\"https:\/\/vilaflor.rn.gov.br\/transparencia\/wp-content\/plugins\/pdf-print\/images\/print.png\" alt=\"image_print\" title=\"Conte\u00fado de impress\u00e3o\" \/><\/a><\/div>","protected":false},"excerpt":{"rendered":"<p>ESTADO DO RIO GRANDE DO NORTE PREFEITURA MUNICIPAL DE VILA FLOR O Munic\u00edpio de Vila Flor\/RN, por interm\u00e9dio de seu Pregoeiro, torna p\u00fablico que \u00e0s\u00a009h00min\u00a0do dia\u00a006 de fevereiro de 2026, far\u00e1 realizar licita\u00e7\u00e3o na modalidade\u00a0Preg\u00e3o Eletr\u00f4nico para Registro de Pre\u00e7os n\u00ba 003\/2026, tipo menor pre\u00e7o\u00a0POR ITEM, objetivando o\u00a0REGISTRO DE PRE\u00c7OS PARA FUTURA E EVENTUAL AQUISI\u00c7\u00c3O [&hellip;]<\/p>\n","protected":false},"author":1,"featured_media":0,"comment_status":"open","ping_status":"open","sticky":false,"template":"","format":"standard","meta":{"ocean_post_layout":"","ocean_both_sidebars_style":"","ocean_both_sidebars_content_width":0,"ocean_both_sidebars_sidebars_width":0,"ocean_sidebar":"0","ocean_second_sidebar":"0","ocean_disable_margins":"enable","ocean_add_body_class":"","ocean_shortcode_before_top_bar":"","ocean_shortcode_after_top_bar":"","ocean_shortcode_before_header":"","ocean_shortcode_after_header":"","ocean_has_shortcode":"","ocean_shortcode_after_title":"","ocean_shortcode_before_footer_widgets":"","ocean_shortcode_after_footer_widgets":"","ocean_shortcode_before_footer_bottom":"","ocean_shortcode_after_footer_bottom":"","ocean_display_top_bar":"default","ocean_display_header":"default","ocean_header_style":"","ocean_center_header_left_menu":"0","ocean_custom_header_template":"0","ocean_custom_logo":0,"ocean_custom_retina_logo":0,"ocean_custom_logo_max_width":0,"ocean_custom_logo_tablet_max_width":0,"ocean_custom_logo_mobile_max_width":0,"ocean_custom_logo_max_height":0,"ocean_custom_logo_tablet_max_height":0,"ocean_custom_logo_mobile_max_height":0,"ocean_header_custom_menu":"0","ocean_menu_typo_font_family":"0","ocean_menu_typo_font_subset":"","ocean_menu_typo_font_size":0,"ocean_menu_typo_font_size_tablet":0,"ocean_menu_typo_font_size_mobile":0,"ocean_menu_typo_font_size_unit":"px","ocean_menu_typo_font_weight":"","ocean_menu_typo_font_weight_tablet":"","ocean_menu_typo_font_weight_mobile":"","ocean_menu_typo_transform":"","ocean_menu_typo_transform_tablet":"","ocean_menu_typo_transform_mobile":"","ocean_menu_typo_line_height":0,"ocean_menu_typo_line_height_tablet":0,"ocean_menu_typo_line_height_mobile":0,"ocean_menu_typo_line_height_unit":"","ocean_menu_typo_spacing":0,"ocean_menu_typo_spacing_tablet":0,"ocean_menu_typo_spacing_mobile":0,"ocean_menu_typo_spacing_unit":"","ocean_menu_link_color":"","ocean_menu_link_color_hover":"","ocean_menu_link_color_active":"","ocean_menu_link_background":"","ocean_menu_link_hover_background":"","ocean_menu_link_active_background":"","ocean_menu_social_links_bg":"","ocean_menu_social_hover_links_bg":"","ocean_menu_social_links_color":"","ocean_menu_social_hover_links_color":"","ocean_disable_title":"default","ocean_disable_heading":"default","ocean_post_title":"","ocean_post_subheading":"","ocean_post_title_style":"","ocean_post_title_background_color":"","ocean_post_title_background":0,"ocean_post_title_bg_image_position":"","ocean_post_title_bg_image_attachment":"","ocean_post_title_bg_image_repeat":"","ocean_post_title_bg_image_size":"","ocean_post_title_height":0,"ocean_post_title_bg_overlay":0.5,"ocean_post_title_bg_overlay_color":"","ocean_disable_breadcrumbs":"default","ocean_breadcrumbs_color":"","ocean_breadcrumbs_separator_color":"","ocean_breadcrumbs_links_color":"","ocean_breadcrumbs_links_hover_color":"","ocean_display_footer_widgets":"default","ocean_display_footer_bottom":"default","ocean_custom_footer_template":"0","ocean_post_oembed":"","ocean_post_self_hosted_media":"","ocean_post_video_embed":"","ocean_link_format":"","ocean_link_format_target":"self","ocean_quote_format":"","ocean_quote_format_link":"post","ocean_gallery_link_images":"on","ocean_gallery_id":[],"footnotes":""},"categories":[5,4],"tags":[],"class_list":["post-4186","post","type-post","status-publish","format-standard","hentry","category-aviso-de-licitacao","category-licitacao","entry"],"_links":{"self":[{"href":"https:\/\/vilaflor.rn.gov.br\/transparencia\/wp-json\/wp\/v2\/posts\/4186","targetHints":{"allow":["GET"]}}],"collection":[{"href":"https:\/\/vilaflor.rn.gov.br\/transparencia\/wp-json\/wp\/v2\/posts"}],"about":[{"href":"https:\/\/vilaflor.rn.gov.br\/transparencia\/wp-json\/wp\/v2\/types\/post"}],"author":[{"embeddable":true,"href":"https:\/\/vilaflor.rn.gov.br\/transparencia\/wp-json\/wp\/v2\/users\/1"}],"replies":[{"embeddable":true,"href":"https:\/\/vilaflor.rn.gov.br\/transparencia\/wp-json\/wp\/v2\/comments?post=4186"}],"version-history":[{"count":1,"href":"https:\/\/vilaflor.rn.gov.br\/transparencia\/wp-json\/wp\/v2\/posts\/4186\/revisions"}],"predecessor-version":[{"id":4187,"href":"https:\/\/vilaflor.rn.gov.br\/transparencia\/wp-json\/wp\/v2\/posts\/4186\/revisions\/4187"}],"wp:attachment":[{"href":"https:\/\/vilaflor.rn.gov.br\/transparencia\/wp-json\/wp\/v2\/media?parent=4186"}],"wp:term":[{"taxonomy":"category","embeddable":true,"href":"https:\/\/vilaflor.rn.gov.br\/transparencia\/wp-json\/wp\/v2\/categories?post=4186"},{"taxonomy":"post_tag","embeddable":true,"href":"https:\/\/vilaflor.rn.gov.br\/transparencia\/wp-json\/wp\/v2\/tags?post=4186"}],"curies":[{"name":"wp","href":"https:\/\/api.w.org\/{rel}","templated":true}]}},{"id":4184,"date":"2026-01-27T09:35:59","date_gmt":"2026-01-27T12:35:59","guid":{"rendered":"https:\/\/vilaflor.rn.gov.br\/transparencia\/?p=4184"},"modified":"2026-04-02T09:37:47","modified_gmt":"2026-04-02T12:37:47","slug":"aviso-de-licitacao-pregao-eletronico-srp-no-002-2026","status":"publish","type":"post","link":"https:\/\/vilaflor.rn.gov.br\/transparencia\/aviso-de-licitacao-pregao-eletronico-srp-no-002-2026\/","title":{"rendered":"AVISO DE LICITA\u00c7\u00c3O PREG\u00c3O ELETR\u00d4NICO SRP N\u00ba 002\/2026"},"content":{"rendered":"<p><strong>ESTADO DO RIO GRANDE DO NORTE<\/strong><br \/>\n<strong>PREFEITURA MUNICIPAL DE VILA FLOR<\/strong><\/p>\n<p>O Munic\u00edpio de Vila Flor\/RN, por interm\u00e9dio de seu Pregoeiro, torna p\u00fablico que \u00e0s 09h00min do dia 10 de fevereiro de 2026, far\u00e1 realizar licita\u00e7\u00e3o na modalidade Preg\u00e3o Eletr\u00f4nico para Registro de Pre\u00e7os n\u00ba 002\/2026, tipo menor pre\u00e7o POR LOTE, objetivando o REGISTRO DE PRE\u00c7OS PARA FUTURA E EVENTUAL CONTRATA\u00c7\u00c3O DE EMPRESA ESPECIALIZADA NOS SERVI\u00c7OS FUNER\u00c1RIOS INCLUINDO ATA\u00daDES E TRANSLADO, PARA ATENDER AS NECESSIDADES DA ASSIST\u00caNCIA SOCIAL DO MUNIC\u00cdPIO DE VILA FLOR\/RN. O procedimento licitat\u00f3rio obedecer\u00e1 ao disposto na Lei Federal n\u00ba 14.133\/21 de 1 de abril de 2021, e suas altera\u00e7\u00f5es posteriores que lhe foram introduzidas. O Edital e seus anexos encontram-se \u00e0 disposi\u00e7\u00e3o dos interessados, no site: www.portaldecompraspublicas.com.br ou atrav\u00e9s do e-mail: pmvflicitacoes2021@gmail.com ou ainda na sala da Comiss\u00e3o de Licita\u00e7\u00e3o situada na Rua Jos\u00e9 Calazans, 169, Centro, Vila Flor\/RN, CEP 59.192-000, a partir da publica\u00e7\u00e3o deste aviso, no hor\u00e1rio de expediente de 08h:00min \u00e0s 14h:00min, exceto feriados e ponto facultativo.<\/p>\n<p>Vila Flor\/RN, em 26 de janeiro de 2026.<\/p>\n<p>KEDSON JOSE DE LIMA.<br \/>\nPregoeiro Municipal<\/p>\n<p>&nbsp;<\/p>\n<p style=\"text-align: right;\"><strong>Publicado por:<\/strong><br \/>\nGRINALDO JOAQUIM DE SOUZA<br \/>\nSecret\u00e1rio Municipal de Administra\u00e7\u00e3o<br \/>\n<strong>C\u00f3digo Identificador:<\/strong>\u00a0IB14DLP314<\/p>\n<div class=\"pdfprnt-buttons pdfprnt-buttons-post pdfprnt-bottom-right\"><a href=\"https:\/\/vilaflor.rn.gov.br\/transparencia\/wp-json\/wp\/v2\/posts?page=7&print=pdf#038;print=print\" class=\"pdfprnt-button pdfprnt-button-pdf\" target=\"_blank\"><img decoding=\"async\" src=\"https:\/\/vilaflor.rn.gov.br\/transparencia\/wp-content\/plugins\/pdf-print\/images\/pdf.png\" alt=\"image_pdf\" title=\"Baixar PDF\" \/><\/a><a href=\"https:\/\/vilaflor.rn.gov.br\/transparencia\/wp-json\/wp\/v2\/posts?page=7&print=print#038;print=print\" class=\"pdfprnt-button pdfprnt-button-print\" target=\"_blank\"><img decoding=\"async\" src=\"https:\/\/vilaflor.rn.gov.br\/transparencia\/wp-content\/plugins\/pdf-print\/images\/print.png\" alt=\"image_print\" title=\"Conte\u00fado de impress\u00e3o\" \/><\/a><\/div>","protected":false},"excerpt":{"rendered":"<p>ESTADO DO RIO GRANDE DO NORTE PREFEITURA MUNICIPAL DE VILA FLOR O Munic\u00edpio de Vila Flor\/RN, por interm\u00e9dio de seu Pregoeiro, torna p\u00fablico que \u00e0s 09h00min do dia 10 de fevereiro de 2026, far\u00e1 realizar licita\u00e7\u00e3o na modalidade Preg\u00e3o Eletr\u00f4nico para Registro de Pre\u00e7os n\u00ba 002\/2026, tipo menor pre\u00e7o POR LOTE, objetivando o REGISTRO DE [&hellip;]<\/p>\n","protected":false},"author":1,"featured_media":0,"comment_status":"open","ping_status":"open","sticky":false,"template":"","format":"standard","meta":{"ocean_post_layout":"","ocean_both_sidebars_style":"","ocean_both_sidebars_content_width":0,"ocean_both_sidebars_sidebars_width":0,"ocean_sidebar":"0","ocean_second_sidebar":"0","ocean_disable_margins":"enable","ocean_add_body_class":"","ocean_shortcode_before_top_bar":"","ocean_shortcode_after_top_bar":"","ocean_shortcode_before_header":"","ocean_shortcode_after_header":"","ocean_has_shortcode":"","ocean_shortcode_after_title":"","ocean_shortcode_before_footer_widgets":"","ocean_shortcode_after_footer_widgets":"","ocean_shortcode_before_footer_bottom":"","ocean_shortcode_after_footer_bottom":"","ocean_display_top_bar":"default","ocean_display_header":"default","ocean_header_style":"","ocean_center_header_left_menu":"0","ocean_custom_header_template":"0","ocean_custom_logo":0,"ocean_custom_retina_logo":0,"ocean_custom_logo_max_width":0,"ocean_custom_logo_tablet_max_width":0,"ocean_custom_logo_mobile_max_width":0,"ocean_custom_logo_max_height":0,"ocean_custom_logo_tablet_max_height":0,"ocean_custom_logo_mobile_max_height":0,"ocean_header_custom_menu":"0","ocean_menu_typo_font_family":"0","ocean_menu_typo_font_subset":"","ocean_menu_typo_font_size":0,"ocean_menu_typo_font_size_tablet":0,"ocean_menu_typo_font_size_mobile":0,"ocean_menu_typo_font_size_unit":"px","ocean_menu_typo_font_weight":"","ocean_menu_typo_font_weight_tablet":"","ocean_menu_typo_font_weight_mobile":"","ocean_menu_typo_transform":"","ocean_menu_typo_transform_tablet":"","ocean_menu_typo_transform_mobile":"","ocean_menu_typo_line_height":0,"ocean_menu_typo_line_height_tablet":0,"ocean_menu_typo_line_height_mobile":0,"ocean_menu_typo_line_height_unit":"","ocean_menu_typo_spacing":0,"ocean_menu_typo_spacing_tablet":0,"ocean_menu_typo_spacing_mobile":0,"ocean_menu_typo_spacing_unit":"","ocean_menu_link_color":"","ocean_menu_link_color_hover":"","ocean_menu_link_color_active":"","ocean_menu_link_background":"","ocean_menu_link_hover_background":"","ocean_menu_link_active_background":"","ocean_menu_social_links_bg":"","ocean_menu_social_hover_links_bg":"","ocean_menu_social_links_color":"","ocean_menu_social_hover_links_color":"","ocean_disable_title":"default","ocean_disable_heading":"default","ocean_post_title":"","ocean_post_subheading":"","ocean_post_title_style":"","ocean_post_title_background_color":"","ocean_post_title_background":0,"ocean_post_title_bg_image_position":"","ocean_post_title_bg_image_attachment":"","ocean_post_title_bg_image_repeat":"","ocean_post_title_bg_image_size":"","ocean_post_title_height":0,"ocean_post_title_bg_overlay":0.5,"ocean_post_title_bg_overlay_color":"","ocean_disable_breadcrumbs":"default","ocean_breadcrumbs_color":"","ocean_breadcrumbs_separator_color":"","ocean_breadcrumbs_links_color":"","ocean_breadcrumbs_links_hover_color":"","ocean_display_footer_widgets":"default","ocean_display_footer_bottom":"default","ocean_custom_footer_template":"0","ocean_post_oembed":"","ocean_post_self_hosted_media":"","ocean_post_video_embed":"","ocean_link_format":"","ocean_link_format_target":"self","ocean_quote_format":"","ocean_quote_format_link":"post","ocean_gallery_link_images":"on","ocean_gallery_id":[],"footnotes":""},"categories":[5,4],"tags":[],"class_list":["post-4184","post","type-post","status-publish","format-standard","hentry","category-aviso-de-licitacao","category-licitacao","entry"],"_links":{"self":[{"href":"https:\/\/vilaflor.rn.gov.br\/transparencia\/wp-json\/wp\/v2\/posts\/4184","targetHints":{"allow":["GET"]}}],"collection":[{"href":"https:\/\/vilaflor.rn.gov.br\/transparencia\/wp-json\/wp\/v2\/posts"}],"about":[{"href":"https:\/\/vilaflor.rn.gov.br\/transparencia\/wp-json\/wp\/v2\/types\/post"}],"author":[{"embeddable":true,"href":"https:\/\/vilaflor.rn.gov.br\/transparencia\/wp-json\/wp\/v2\/users\/1"}],"replies":[{"embeddable":true,"href":"https:\/\/vilaflor.rn.gov.br\/transparencia\/wp-json\/wp\/v2\/comments?post=4184"}],"version-history":[{"count":1,"href":"https:\/\/vilaflor.rn.gov.br\/transparencia\/wp-json\/wp\/v2\/posts\/4184\/revisions"}],"predecessor-version":[{"id":4185,"href":"https:\/\/vilaflor.rn.gov.br\/transparencia\/wp-json\/wp\/v2\/posts\/4184\/revisions\/4185"}],"wp:attachment":[{"href":"https:\/\/vilaflor.rn.gov.br\/transparencia\/wp-json\/wp\/v2\/media?parent=4184"}],"wp:term":[{"taxonomy":"category","embeddable":true,"href":"https:\/\/vilaflor.rn.gov.br\/transparencia\/wp-json\/wp\/v2\/categories?post=4184"},{"taxonomy":"post_tag","embeddable":true,"href":"https:\/\/vilaflor.rn.gov.br\/transparencia\/wp-json\/wp\/v2\/tags?post=4184"}],"curies":[{"name":"wp","href":"https:\/\/api.w.org\/{rel}","templated":true}]}},{"id":4182,"date":"2026-01-23T09:34:07","date_gmt":"2026-01-23T12:34:07","guid":{"rendered":"https:\/\/vilaflor.rn.gov.br\/transparencia\/?p=4182"},"modified":"2026-04-02T09:35:33","modified_gmt":"2026-04-02T12:35:33","slug":"lei-ordinaria-municipal-no-495-2026-dispoe-sobre-o-ajuste-do-valor-do-salario-minimo-altera-o-orcamento-municipal-e-da-outras-providencias","status":"publish","type":"post","link":"https:\/\/vilaflor.rn.gov.br\/transparencia\/lei-ordinaria-municipal-no-495-2026-dispoe-sobre-o-ajuste-do-valor-do-salario-minimo-altera-o-orcamento-municipal-e-da-outras-providencias\/","title":{"rendered":"Lei Ordin\u00e1ria Municipal n\u00ba 495\/2026 &#8211; Disp\u00f5e sobre o ajuste do valor do sal\u00e1rio m\u00ednimo, altera o or\u00e7amento municipal, e d\u00e1 outras provid\u00eancias."},"content":{"rendered":"<p><strong>ESTADO DO RIO GRANDE DO NORTE<\/strong><br \/>\n<strong>PREFEITURA MUNICIPAL DE VILA FLOR<\/strong><\/p>\n<p>Disp\u00f5e sobre o ajuste do valor do sal\u00e1rio m\u00ednimo, altera o or\u00e7amento municipal, e d\u00e1 outras provid\u00eancias.<\/p>\n<p>O Prefeito Municipal de Vila Flor\/RN: Faz saber que a C\u00e2mara Municipal aprova e Ele sanciona a seguinte Lei.<\/p>\n<p>Art. 1\u00ba \u2013 Fica o Poder Executivo Municipal de Vila Flor\/RN, autorizado a adotar como sal\u00e1rio m\u00ednimo local, como remunera\u00e7\u00e3o inicial dos servidores p\u00fablicos municipais, para o ano de 2026, o valor de R$ 1.621,00 (Um mil, seiscentos e vinte e um reais) mensais, ap\u00f3s majora\u00e7\u00e3o de 6,78% (Seis v\u00edrgula setenta e oito por cento) sobre essa mesma refer\u00eancia, vigente no exerc\u00edcio de 2025.<\/p>\n<p>Art. 2\u00ba \u2013 O valor definido no art. 1\u00ba segue par\u00e2metros definidos pelo Governo Federal, atrav\u00e9s do Decreto n\u00ba 12.797\/2025, de 23 de dezembro de 2025.<\/p>\n<p>Art. 3\u00ba \u2013 Com a defini\u00e7\u00e3o do valor do sal\u00e1rio m\u00ednimo, conforme estabelecido no artigo 1\u00ba desta Lei, ficam estabelecidos os valores de R$ 54,04 (Cinquenta e quatro reais e quatro centavos), como valor di\u00e1rio; e R$ 7,37 (Sete reais e trinta e sete centavos) como valor hor\u00e1rio.<\/p>\n<p>Art. 4\u00ba \u2013 Os servidores municipais que s\u00e3o regidos por plano de cargos, carreira e sal\u00e1rio espec\u00edfico, n\u00e3o ser\u00e3o beneficiados com o reajuste fixado por esta Lei.<\/p>\n<p>Art. 5\u00ba \u2013 Fica o Executivo Municipal autorizado a proceder no or\u00e7amento do corrente ano, a abertura de novos cr\u00e9ditos adicionais suplementares, em mais 6,78% (Seis v\u00edrgula setenta e oito por cento), das receitas or\u00e7ament\u00e1rias previstas para o ano vigente.<\/p>\n<p>Art. 6\u00ba \u2013 Esta Lei entra em vigor a partir de sua publica\u00e7\u00e3o, retroagindo seus efeitos a 1\u00ba de janeiro de 2026.<\/p>\n<p>Art. 7\u00ba. \u2013 Revogam-se as disposi\u00e7\u00f5es em contr\u00e1rio.<\/p>\n<p>&nbsp;<\/p>\n<p>Vila Flor \/RN, 22 de janeiro de 2026.<\/p>\n<p>Thuanne Karla Carvalho de Souza<br \/>\nPrefeita Municipal<\/p>\n<p style=\"text-align: right;\">\n<p style=\"text-align: right;\"><strong>Publicado por:<\/strong><br \/>\nGRINALDO JOAQUIM DE SOUZA<br \/>\nSecret\u00e1rio Municipal de Administra\u00e7\u00e3o<br \/>\n<strong>C\u00f3digo Identificador:<\/strong>\u00a01YELB69XQO<\/p>\n<div class=\"pdfprnt-buttons pdfprnt-buttons-post pdfprnt-bottom-right\"><a href=\"https:\/\/vilaflor.rn.gov.br\/transparencia\/wp-json\/wp\/v2\/posts?page=7&print=pdf#038;print=print\" class=\"pdfprnt-button pdfprnt-button-pdf\" target=\"_blank\"><img decoding=\"async\" src=\"https:\/\/vilaflor.rn.gov.br\/transparencia\/wp-content\/plugins\/pdf-print\/images\/pdf.png\" alt=\"image_pdf\" title=\"Baixar PDF\" \/><\/a><a href=\"https:\/\/vilaflor.rn.gov.br\/transparencia\/wp-json\/wp\/v2\/posts?page=7&print=print#038;print=print\" class=\"pdfprnt-button pdfprnt-button-print\" target=\"_blank\"><img decoding=\"async\" src=\"https:\/\/vilaflor.rn.gov.br\/transparencia\/wp-content\/plugins\/pdf-print\/images\/print.png\" alt=\"image_print\" title=\"Conte\u00fado de impress\u00e3o\" \/><\/a><\/div>","protected":false},"excerpt":{"rendered":"<p>ESTADO DO RIO GRANDE DO NORTE PREFEITURA MUNICIPAL DE VILA FLOR Disp\u00f5e sobre o ajuste do valor do sal\u00e1rio m\u00ednimo, altera o or\u00e7amento municipal, e d\u00e1 outras provid\u00eancias. O Prefeito Municipal de Vila Flor\/RN: Faz saber que a C\u00e2mara Municipal aprova e Ele sanciona a seguinte Lei. Art. 1\u00ba \u2013 Fica o Poder Executivo Municipal [&hellip;]<\/p>\n","protected":false},"author":1,"featured_media":0,"comment_status":"open","ping_status":"open","sticky":false,"template":"","format":"standard","meta":{"ocean_post_layout":"","ocean_both_sidebars_style":"","ocean_both_sidebars_content_width":0,"ocean_both_sidebars_sidebars_width":0,"ocean_sidebar":"0","ocean_second_sidebar":"0","ocean_disable_margins":"enable","ocean_add_body_class":"","ocean_shortcode_before_top_bar":"","ocean_shortcode_after_top_bar":"","ocean_shortcode_before_header":"","ocean_shortcode_after_header":"","ocean_has_shortcode":"","ocean_shortcode_after_title":"","ocean_shortcode_before_footer_widgets":"","ocean_shortcode_after_footer_widgets":"","ocean_shortcode_before_footer_bottom":"","ocean_shortcode_after_footer_bottom":"","ocean_display_top_bar":"default","ocean_display_header":"default","ocean_header_style":"","ocean_center_header_left_menu":"0","ocean_custom_header_template":"0","ocean_custom_logo":0,"ocean_custom_retina_logo":0,"ocean_custom_logo_max_width":0,"ocean_custom_logo_tablet_max_width":0,"ocean_custom_logo_mobile_max_width":0,"ocean_custom_logo_max_height":0,"ocean_custom_logo_tablet_max_height":0,"ocean_custom_logo_mobile_max_height":0,"ocean_header_custom_menu":"0","ocean_menu_typo_font_family":"0","ocean_menu_typo_font_subset":"","ocean_menu_typo_font_size":0,"ocean_menu_typo_font_size_tablet":0,"ocean_menu_typo_font_size_mobile":0,"ocean_menu_typo_font_size_unit":"px","ocean_menu_typo_font_weight":"","ocean_menu_typo_font_weight_tablet":"","ocean_menu_typo_font_weight_mobile":"","ocean_menu_typo_transform":"","ocean_menu_typo_transform_tablet":"","ocean_menu_typo_transform_mobile":"","ocean_menu_typo_line_height":0,"ocean_menu_typo_line_height_tablet":0,"ocean_menu_typo_line_height_mobile":0,"ocean_menu_typo_line_height_unit":"","ocean_menu_typo_spacing":0,"ocean_menu_typo_spacing_tablet":0,"ocean_menu_typo_spacing_mobile":0,"ocean_menu_typo_spacing_unit":"","ocean_menu_link_color":"","ocean_menu_link_color_hover":"","ocean_menu_link_color_active":"","ocean_menu_link_background":"","ocean_menu_link_hover_background":"","ocean_menu_link_active_background":"","ocean_menu_social_links_bg":"","ocean_menu_social_hover_links_bg":"","ocean_menu_social_links_color":"","ocean_menu_social_hover_links_color":"","ocean_disable_title":"default","ocean_disable_heading":"default","ocean_post_title":"","ocean_post_subheading":"","ocean_post_title_style":"","ocean_post_title_background_color":"","ocean_post_title_background":0,"ocean_post_title_bg_image_position":"","ocean_post_title_bg_image_attachment":"","ocean_post_title_bg_image_repeat":"","ocean_post_title_bg_image_size":"","ocean_post_title_height":0,"ocean_post_title_bg_overlay":0.5,"ocean_post_title_bg_overlay_color":"","ocean_disable_breadcrumbs":"default","ocean_breadcrumbs_color":"","ocean_breadcrumbs_separator_color":"","ocean_breadcrumbs_links_color":"","ocean_breadcrumbs_links_hover_color":"","ocean_display_footer_widgets":"default","ocean_display_footer_bottom":"default","ocean_custom_footer_template":"0","ocean_post_oembed":"","ocean_post_self_hosted_media":"","ocean_post_video_embed":"","ocean_link_format":"","ocean_link_format_target":"self","ocean_quote_format":"","ocean_quote_format_link":"post","ocean_gallery_link_images":"on","ocean_gallery_id":[],"footnotes":""},"categories":[16,17,77],"tags":[],"class_list":["post-4182","post","type-post","status-publish","format-standard","hentry","category-legislacao","category-leis-municipais","category-leis-municipais-2026","entry"],"_links":{"self":[{"href":"https:\/\/vilaflor.rn.gov.br\/transparencia\/wp-json\/wp\/v2\/posts\/4182","targetHints":{"allow":["GET"]}}],"collection":[{"href":"https:\/\/vilaflor.rn.gov.br\/transparencia\/wp-json\/wp\/v2\/posts"}],"about":[{"href":"https:\/\/vilaflor.rn.gov.br\/transparencia\/wp-json\/wp\/v2\/types\/post"}],"author":[{"embeddable":true,"href":"https:\/\/vilaflor.rn.gov.br\/transparencia\/wp-json\/wp\/v2\/users\/1"}],"replies":[{"embeddable":true,"href":"https:\/\/vilaflor.rn.gov.br\/transparencia\/wp-json\/wp\/v2\/comments?post=4182"}],"version-history":[{"count":1,"href":"https:\/\/vilaflor.rn.gov.br\/transparencia\/wp-json\/wp\/v2\/posts\/4182\/revisions"}],"predecessor-version":[{"id":4183,"href":"https:\/\/vilaflor.rn.gov.br\/transparencia\/wp-json\/wp\/v2\/posts\/4182\/revisions\/4183"}],"wp:attachment":[{"href":"https:\/\/vilaflor.rn.gov.br\/transparencia\/wp-json\/wp\/v2\/media?parent=4182"}],"wp:term":[{"taxonomy":"category","embeddable":true,"href":"https:\/\/vilaflor.rn.gov.br\/transparencia\/wp-json\/wp\/v2\/categories?post=4182"},{"taxonomy":"post_tag","embeddable":true,"href":"https:\/\/vilaflor.rn.gov.br\/transparencia\/wp-json\/wp\/v2\/tags?post=4182"}],"curies":[{"name":"wp","href":"https:\/\/api.w.org\/{rel}","templated":true}]}},{"id":4180,"date":"2026-01-23T09:33:17","date_gmt":"2026-01-23T12:33:17","guid":{"rendered":"https:\/\/vilaflor.rn.gov.br\/transparencia\/?p=4180"},"modified":"2026-04-02T09:33:57","modified_gmt":"2026-04-02T12:33:57","slug":"primeiro-termo-aditivo-ao-contrato-administrativo-no-003-2025-dispensa-de-licitacao-no-001-2025","status":"publish","type":"post","link":"https:\/\/vilaflor.rn.gov.br\/transparencia\/primeiro-termo-aditivo-ao-contrato-administrativo-no-003-2025-dispensa-de-licitacao-no-001-2025\/","title":{"rendered":"PRIMEIRO TERMO ADITIVO AO CONTRATO ADMINISTRATIVO N\u00ba 003\/2025 DISPENSA DE LICITA\u00c7\u00c3O N\u00ba 001\/2025"},"content":{"rendered":"<p><strong>ESTADO DO RIO GRANDE DO NORTE<\/strong><br \/>\n<strong>PREFEITURA MUNICIPAL DE VILA FLOR<\/strong><\/p>\n<p>A PREFEITURA MUNICIPAL DE VILA FLOR, inscrito(a) no CNPJ sob o n\u00ba 08.169.278\/0001-07, com sede na RUA JOSE CALAZANS, 169, CENTRO, VILA FLOR\/RN, CEP 59.192-000 representado por THUANNE KARLA CARVALHO DE SOUZA, PREFEITA MUNICIPAL, doravante denominado(a) CONTRATANTE, e a detentora \u00e9 a empresa F3C COMERCIO E SERVICOS LTDA, inscrita no CNPJ sob o n\u00ba 23.984.553.0001-21, com sede no Av. Maria Lacerda Montenegro, n\u00ba 1962 \u2013 Nova Parnamirim \u2013 CEP: 59.152-600, tendo em vista o que consta no Processo n\u00ba 02010002\/2025 e em observ\u00e2ncia \u00e0s disposi\u00e7\u00f5es da Lei n\u00ba 14.133, de 1\u00ba de abril de 2021, e demais legisla\u00e7\u00e3o aplic\u00e1vel, resolvem celebrar o presente Termo Aditivo ao Contrato n\u00ba 003\/2025, mediante as cl\u00e1usulas e condi\u00e7\u00f5es a seguir enunciadas:<br \/>\n1. CL\u00c1USULA PRIMEIRA \u2013 OBJETO<br \/>\n1.1. O presente termo aditivo tem por objeto a prorroga\u00e7\u00e3o do prazo de vig\u00eancia do Contrato por mais 12 (Doze) meses, a partir de 22 de janeiro de 2026 a 21 de janeiro de 2027, podendo ser prorrogado sucessivamente, respeitada a vig\u00eancia m\u00e1xima decenal, na forma do artigo 107 da Lei n\u00ba 14.133, de 2021<br \/>\n2. CL\u00c1USULA SEGUNDA \u2013 PRE\u00c7O<br \/>\n2.1. O CONTRATANTE pagar\u00e1 ao CONTRATADO pela execu\u00e7\u00e3o do objeto deste Contrato o valor global de R$ 60.915,00 (Sessenta mil, novecentos e quinze reais), conforme descrito na Cl\u00e1usula Terceira do Contrato.<br \/>\n2.2. O valor acima \u00e9 meramente estimativo, de forma que os pagamentos devidos ao CONTRATADO depender\u00e3o dos quantitativos efetivamente prestados.<br \/>\n3. CL\u00c1USULA TERCEIRA \u2013 DOTA\u00c7\u00c3O OR\u00c7AMENT\u00c1RIA<br \/>\n3.1. As despesas decorrentes do presente termo aditivo correr\u00e3o \u00e0 conta de recursos espec\u00edficos consignados no Or\u00e7amento Geral da Prefeitura Municipal deste exerc\u00edcio, na dota\u00e7\u00e3o abaixo discriminada:<br \/>\nUnid. Adm.: 03.001 \u2013 Secretaria Municipal de Administra\u00e7\u00e3o<br \/>\nProj\/Ativ.: 2.007 \u2013 Manuten\u00e7\u00e3o das atividades da Secretaria Municipal de Administra\u00e7\u00e3o<br \/>\nUnid. Adm.: 07.001 \u2013 Secretaria Municipal de Educa\u00e7\u00e3o<br \/>\nProj\/Ativ.: 2.017 \u2013 Manuten\u00e7\u00e3o das atividades da Secretaria Municipal de Educa\u00e7\u00e3o<br \/>\nUnid. Adm.: 10.001 \u2013 Secretaria Municipal de Sa\u00fade<br \/>\nProj\/Ativ.: 2.061 \u2013 Manuten\u00e7\u00e3o das atividades da Secretaria Municipal de Sa\u00fade<br \/>\nUnid. Adm.: 11.001 \u2013 Secretaria Municipal de Assist\u00eancia Social<br \/>\nProj\/Ativ.: 2.075 \u2013 Manuten\u00e7\u00e3o das atividades da Secretaria Municipal de Assist\u00eancia Social<br \/>\nNat. Despesa: 3.3.90.39.00 \u2013 Outros Servi\u00e7os de Terceiros \u2013 Pessoa Jur\u00eddico<br \/>\nFonte de Recurso: 1500000000 \u2013 Recursos n\u00e3o vinculados de impostos<\/p>\n<p>3.2. A dota\u00e7\u00e3o relativa aos exerc\u00edcios financeiros subsequentes ser\u00e1 indicada ap\u00f3s aprova\u00e7\u00e3o da Lei Or\u00e7ament\u00e1ria respectiva e libera\u00e7\u00e3o dos cr\u00e9ditos correspondentes, mediante apostilamento.<br \/>\n4. CL\u00c1USULA QUINTA \u2013 PRODU\u00c7\u00c3O DOS EFEITOS<\/p>\n<p>4.1 O presente termo aditivo produzir\u00e1 efeitos a partir 22 de janeiro de 2026;<\/p>\n<p>5. CL\u00c1USULA SEXTA \u2013RATIFICA\u00c7\u00c3O<\/p>\n<p>5.1 Ficam mantidas e ratificadas as demais cl\u00e1usulas e condi\u00e7\u00f5es do contrato origin\u00e1rio, naquilo que n\u00e3o contrariem o presente termo aditivo.<\/p>\n<p>6. CL\u00c1USULA S\u00c9TIMA \u2013 PUBLICA\u00c7\u00c3O<\/p>\n<p>6.1 Incumbir\u00e1 ao contratante divulgar o presente instrumento no Portal Nacional de Contrata\u00e7\u00f5es P\u00fablicas (PNCP), na forma prevista no art. 94 da Lei n\u00ba 14.133, de 2021, bem como no respectivo s\u00edtio oficial na Internet, em aten\u00e7\u00e3o ao art. 91, caput, da Lei n\u00ba 14.133, de 2021, e ao art. 8\u00ba, \u00a72\u00ba, da Lei n\u00ba 12.527, de 2011, c\/c art. 7\u00ba, \u00a73\u00ba, inciso V, do Decreto n\u00ba 7.724, de 2012.<\/p>\n<p>Vila Flor\/RN, em 22 de janeiro de 2026.<\/p>\n<p>PREFEITURA MUNICIPAL DE VILA FLOR<br \/>\nCNPJ(MF) 08.169.278\/0001-07<br \/>\nCONTRATANTE<\/p>\n<p>F3C COMERCIO E SERVICOS LTDA<br \/>\nCNPJ N\u00ba 23.984.553.0001-21<br \/>\nCONTRATADA<\/p>\n<p style=\"text-align: right;\"><strong>Publicado por:<\/strong><br \/>\nGRINALDO JOAQUIM DE SOUZA<br \/>\nSecret\u00e1rio Municipal de Administra\u00e7\u00e3o<br \/>\n<strong>C\u00f3digo Identificador:<\/strong>\u00a0B4PIDI03GW<\/p>\n<div id=\"masteqr-wrap69ce620a52212\" class=\"masteqr-postwarpper\">\n<div id=\"masteqr-post69ce620a52212\" class=\"masteqr-post\" data-size=\"150\" data-content=\"https:\/\/diariooficial.vilaflor.rn.gov.br\/primeiro-termo-aditivo-ao-contrato-administrativo-no-003-2025-dispensa-de-licitacao-no-001-2025\"><\/div>\n<div class=\"mqrbtnalign\">\n<div><\/div>\n<\/div>\n<\/div>\n<div class=\"pdfprnt-buttons pdfprnt-buttons-post pdfprnt-bottom-right\"><a href=\"https:\/\/vilaflor.rn.gov.br\/transparencia\/wp-json\/wp\/v2\/posts?page=7&print=pdf#038;print=print\" class=\"pdfprnt-button pdfprnt-button-pdf\" target=\"_blank\"><img decoding=\"async\" src=\"https:\/\/vilaflor.rn.gov.br\/transparencia\/wp-content\/plugins\/pdf-print\/images\/pdf.png\" alt=\"image_pdf\" title=\"Baixar PDF\" \/><\/a><a href=\"https:\/\/vilaflor.rn.gov.br\/transparencia\/wp-json\/wp\/v2\/posts?page=7&print=print#038;print=print\" class=\"pdfprnt-button pdfprnt-button-print\" target=\"_blank\"><img decoding=\"async\" src=\"https:\/\/vilaflor.rn.gov.br\/transparencia\/wp-content\/plugins\/pdf-print\/images\/print.png\" alt=\"image_print\" title=\"Conte\u00fado de impress\u00e3o\" \/><\/a><\/div>","protected":false},"excerpt":{"rendered":"<p>ESTADO DO RIO GRANDE DO NORTE PREFEITURA MUNICIPAL DE VILA FLOR A PREFEITURA MUNICIPAL DE VILA FLOR, inscrito(a) no CNPJ sob o n\u00ba 08.169.278\/0001-07, com sede na RUA JOSE CALAZANS, 169, CENTRO, VILA FLOR\/RN, CEP 59.192-000 representado por THUANNE KARLA CARVALHO DE SOUZA, PREFEITA MUNICIPAL, doravante denominado(a) CONTRATANTE, e a detentora \u00e9 a empresa F3C [&hellip;]<\/p>\n","protected":false},"author":1,"featured_media":0,"comment_status":"open","ping_status":"open","sticky":false,"template":"","format":"standard","meta":{"ocean_post_layout":"","ocean_both_sidebars_style":"","ocean_both_sidebars_content_width":0,"ocean_both_sidebars_sidebars_width":0,"ocean_sidebar":"0","ocean_second_sidebar":"0","ocean_disable_margins":"enable","ocean_add_body_class":"","ocean_shortcode_before_top_bar":"","ocean_shortcode_after_top_bar":"","ocean_shortcode_before_header":"","ocean_shortcode_after_header":"","ocean_has_shortcode":"","ocean_shortcode_after_title":"","ocean_shortcode_before_footer_widgets":"","ocean_shortcode_after_footer_widgets":"","ocean_shortcode_before_footer_bottom":"","ocean_shortcode_after_footer_bottom":"","ocean_display_top_bar":"default","ocean_display_header":"default","ocean_header_style":"","ocean_center_header_left_menu":"0","ocean_custom_header_template":"0","ocean_custom_logo":0,"ocean_custom_retina_logo":0,"ocean_custom_logo_max_width":0,"ocean_custom_logo_tablet_max_width":0,"ocean_custom_logo_mobile_max_width":0,"ocean_custom_logo_max_height":0,"ocean_custom_logo_tablet_max_height":0,"ocean_custom_logo_mobile_max_height":0,"ocean_header_custom_menu":"0","ocean_menu_typo_font_family":"0","ocean_menu_typo_font_subset":"","ocean_menu_typo_font_size":0,"ocean_menu_typo_font_size_tablet":0,"ocean_menu_typo_font_size_mobile":0,"ocean_menu_typo_font_size_unit":"px","ocean_menu_typo_font_weight":"","ocean_menu_typo_font_weight_tablet":"","ocean_menu_typo_font_weight_mobile":"","ocean_menu_typo_transform":"","ocean_menu_typo_transform_tablet":"","ocean_menu_typo_transform_mobile":"","ocean_menu_typo_line_height":0,"ocean_menu_typo_line_height_tablet":0,"ocean_menu_typo_line_height_mobile":0,"ocean_menu_typo_line_height_unit":"","ocean_menu_typo_spacing":0,"ocean_menu_typo_spacing_tablet":0,"ocean_menu_typo_spacing_mobile":0,"ocean_menu_typo_spacing_unit":"","ocean_menu_link_color":"","ocean_menu_link_color_hover":"","ocean_menu_link_color_active":"","ocean_menu_link_background":"","ocean_menu_link_hover_background":"","ocean_menu_link_active_background":"","ocean_menu_social_links_bg":"","ocean_menu_social_hover_links_bg":"","ocean_menu_social_links_color":"","ocean_menu_social_hover_links_color":"","ocean_disable_title":"default","ocean_disable_heading":"default","ocean_post_title":"","ocean_post_subheading":"","ocean_post_title_style":"","ocean_post_title_background_color":"","ocean_post_title_background":0,"ocean_post_title_bg_image_position":"","ocean_post_title_bg_image_attachment":"","ocean_post_title_bg_image_repeat":"","ocean_post_title_bg_image_size":"","ocean_post_title_height":0,"ocean_post_title_bg_overlay":0.5,"ocean_post_title_bg_overlay_color":"","ocean_disable_breadcrumbs":"default","ocean_breadcrumbs_color":"","ocean_breadcrumbs_separator_color":"","ocean_breadcrumbs_links_color":"","ocean_breadcrumbs_links_hover_color":"","ocean_display_footer_widgets":"default","ocean_display_footer_bottom":"default","ocean_custom_footer_template":"0","ocean_post_oembed":"","ocean_post_self_hosted_media":"","ocean_post_video_embed":"","ocean_link_format":"","ocean_link_format_target":"self","ocean_quote_format":"","ocean_quote_format_link":"post","ocean_gallery_link_images":"on","ocean_gallery_id":[],"footnotes":""},"categories":[58,75,4],"tags":[],"class_list":["post-4180","post","type-post","status-publish","format-standard","hentry","category-contratos","category-contratos-2026","category-licitacao","entry"],"_links":{"self":[{"href":"https:\/\/vilaflor.rn.gov.br\/transparencia\/wp-json\/wp\/v2\/posts\/4180","targetHints":{"allow":["GET"]}}],"collection":[{"href":"https:\/\/vilaflor.rn.gov.br\/transparencia\/wp-json\/wp\/v2\/posts"}],"about":[{"href":"https:\/\/vilaflor.rn.gov.br\/transparencia\/wp-json\/wp\/v2\/types\/post"}],"author":[{"embeddable":true,"href":"https:\/\/vilaflor.rn.gov.br\/transparencia\/wp-json\/wp\/v2\/users\/1"}],"replies":[{"embeddable":true,"href":"https:\/\/vilaflor.rn.gov.br\/transparencia\/wp-json\/wp\/v2\/comments?post=4180"}],"version-history":[{"count":1,"href":"https:\/\/vilaflor.rn.gov.br\/transparencia\/wp-json\/wp\/v2\/posts\/4180\/revisions"}],"predecessor-version":[{"id":4181,"href":"https:\/\/vilaflor.rn.gov.br\/transparencia\/wp-json\/wp\/v2\/posts\/4180\/revisions\/4181"}],"wp:attachment":[{"href":"https:\/\/vilaflor.rn.gov.br\/transparencia\/wp-json\/wp\/v2\/media?parent=4180"}],"wp:term":[{"taxonomy":"category","embeddable":true,"href":"https:\/\/vilaflor.rn.gov.br\/transparencia\/wp-json\/wp\/v2\/categories?post=4180"},{"taxonomy":"post_tag","embeddable":true,"href":"https:\/\/vilaflor.rn.gov.br\/transparencia\/wp-json\/wp\/v2\/tags?post=4180"}],"curies":[{"name":"wp","href":"https:\/\/api.w.org\/{rel}","templated":true}]}},{"id":4178,"date":"2026-01-23T09:32:34","date_gmt":"2026-01-23T12:32:34","guid":{"rendered":"https:\/\/vilaflor.rn.gov.br\/transparencia\/?p=4178"},"modified":"2026-04-02T09:33:08","modified_gmt":"2026-04-02T12:33:08","slug":"extrato-de-contrato-n-007-2026-inexigibilidade-de-licitacao-n-005-2026","status":"publish","type":"post","link":"https:\/\/vilaflor.rn.gov.br\/transparencia\/extrato-de-contrato-n-007-2026-inexigibilidade-de-licitacao-n-005-2026\/","title":{"rendered":"EXTRATO DE CONTRATO N\u00b0 007\/2026 INEXIGIBILIDADE DE LICITA\u00c7\u00c3O N\u00b0 005\/2026"},"content":{"rendered":"<p><strong>ESTADO DO RIO GRANDE DO NORTE<\/strong><br \/>\n<strong>PREFEITURA MUNICIPAL DE VILA FLOR<\/strong><\/p>\n<p><strong>CONTRATANTE<\/strong>: Munic\u00edpio de Vila Flor\/ Prefeitura Municipal<\/p>\n<p><strong>CONTRATADA<\/strong>:\u00a0<strong>M STUDIO DE ARQUITETURA E URBANISMO LTDA<\/strong><\/p>\n<p><strong>MODALIDADE<\/strong>: Inexigibilidade de Licita\u00e7\u00e3o n\u00b0 005\/2026<\/p>\n<p><strong>OBJETO<\/strong>: CONTRATA\u00c7\u00c3O DE EMPRESA ESPECIALIZADA NA \u00c1REA DE ARQUITETURA E URBANISMO, DESTINADA A CONSULTORIA, PLANEJAMENTO, ACOMPANHAMENTO, INCLUSIVE ELABORA\u00c7\u00c3O DE PROJETOS EXECUTIVOS, VISANDO SUPRIR AS NECESSIDADES DA PREFEITURA MUNICIPAL DE VILA FLOR\/RN.<\/p>\n<p><strong>VALOR TOTAL ESTIMADO<\/strong>: R$ 12.000,00 (Doze mil reais)<\/p>\n<p><strong>DATA DE ASSINATURA<\/strong>: 22 de janeiro de 2026<\/p>\n<p><strong>VIG\u00caNCIA<\/strong>: 22 de janeiro de 2026 a 21 de janeiro de 2027.<\/p>\n<p><strong>FUNDAMENTO LEGAL<\/strong>: Art. 74, Inciso III, \u201cc\u201d, da Lei n\u00ba 14.133\/21.<\/p>\n<p><strong>DOTA\u00c7\u00c3O OR\u00c7AMENT\u00c1RIA:<\/strong><\/p>\n<p><strong>\u00a0<\/strong><\/p>\n<p>Unidade gestora: \u00a0\u00a0\u00a0\u00a0\u00a0\u00a0\u00a0\u00a0\u00a0\u00a0\u00a0\u00a0\u00a0\u00a0\u00a0\u00a0\u00a0\u00a0 PREFEITURA MUNICIPAL DE VILA FLOR;<\/p>\n<p>Unidade or\u00e7ament\u00e1ria: \u00a0\u00a0\u00a0\u00a0\u00a0\u00a0\u00a0\u00a0\u00a0 13.001 \u2013 Secretaria Municipal de Obras<\/p>\n<p>Projeto\/Atividade: \u00a0\u00a0\u00a0\u00a0\u00a0\u00a0\u00a0\u00a0\u00a0\u00a0\u00a0\u00a0\u00a0\u00a0\u00a0\u00a0 2.104 \u2013 MANUTEN\u00c7\u00c3O DAS A\u00c7\u00d5ES DA SECRETARIA MUNICIPAL DE OBRAS<\/p>\n<p>Natureza da Despesa: \u00a0\u00a0\u00a0\u00a0\u00a0\u00a0\u00a0\u00a0\u00a0\u00a0\u00a0\u00a0\u00a0\u00a0\u00a0\u00a0\u00a0\u00a0\u00a0\u00a0\u00a0\u00a0 3.3.90.39.00 \u2013 Outros Servi\u00e7os de Terceiros \u2013 Pessoa Jur\u00eddica<\/p>\n<p>Fonte de Recursos: \u00a0\u00a0\u00a0\u00a0\u00a0\u00a0\u00a0\u00a0\u00a0\u00a0\u00a0\u00a0\u00a0\u00a0\u00a0 15000000 \u2013 Recursos n\u00e3o vinculados de impostos<\/p>\n<p style=\"text-align: right;\"><strong>Publicado por:<\/strong><br \/>\nGRINALDO JOAQUIM DE SOUZA<br \/>\nSecret\u00e1rio Municipal de Administra\u00e7\u00e3o<br \/>\n<strong>C\u00f3digo Identificador:<\/strong>\u00a0NLEUTH6SOU<\/p>\n<div class=\"pdfprnt-buttons pdfprnt-buttons-post pdfprnt-bottom-right\"><a href=\"https:\/\/vilaflor.rn.gov.br\/transparencia\/wp-json\/wp\/v2\/posts?page=7&print=pdf#038;print=print\" class=\"pdfprnt-button pdfprnt-button-pdf\" target=\"_blank\"><img decoding=\"async\" src=\"https:\/\/vilaflor.rn.gov.br\/transparencia\/wp-content\/plugins\/pdf-print\/images\/pdf.png\" alt=\"image_pdf\" title=\"Baixar PDF\" \/><\/a><a href=\"https:\/\/vilaflor.rn.gov.br\/transparencia\/wp-json\/wp\/v2\/posts?page=7&print=print#038;print=print\" class=\"pdfprnt-button pdfprnt-button-print\" target=\"_blank\"><img decoding=\"async\" src=\"https:\/\/vilaflor.rn.gov.br\/transparencia\/wp-content\/plugins\/pdf-print\/images\/print.png\" alt=\"image_print\" title=\"Conte\u00fado de impress\u00e3o\" \/><\/a><\/div>","protected":false},"excerpt":{"rendered":"<p>ESTADO DO RIO GRANDE DO NORTE PREFEITURA MUNICIPAL DE VILA FLOR CONTRATANTE: Munic\u00edpio de Vila Flor\/ Prefeitura Municipal CONTRATADA:\u00a0M STUDIO DE ARQUITETURA E URBANISMO LTDA MODALIDADE: Inexigibilidade de Licita\u00e7\u00e3o n\u00b0 005\/2026 OBJETO: CONTRATA\u00c7\u00c3O DE EMPRESA ESPECIALIZADA NA \u00c1REA DE ARQUITETURA E URBANISMO, DESTINADA A CONSULTORIA, PLANEJAMENTO, ACOMPANHAMENTO, INCLUSIVE ELABORA\u00c7\u00c3O DE PROJETOS EXECUTIVOS, VISANDO SUPRIR AS [&hellip;]<\/p>\n","protected":false},"author":1,"featured_media":0,"comment_status":"open","ping_status":"open","sticky":false,"template":"","format":"standard","meta":{"ocean_post_layout":"","ocean_both_sidebars_style":"","ocean_both_sidebars_content_width":0,"ocean_both_sidebars_sidebars_width":0,"ocean_sidebar":"0","ocean_second_sidebar":"0","ocean_disable_margins":"enable","ocean_add_body_class":"","ocean_shortcode_before_top_bar":"","ocean_shortcode_after_top_bar":"","ocean_shortcode_before_header":"","ocean_shortcode_after_header":"","ocean_has_shortcode":"","ocean_shortcode_after_title":"","ocean_shortcode_before_footer_widgets":"","ocean_shortcode_after_footer_widgets":"","ocean_shortcode_before_footer_bottom":"","ocean_shortcode_after_footer_bottom":"","ocean_display_top_bar":"default","ocean_display_header":"default","ocean_header_style":"","ocean_center_header_left_menu":"0","ocean_custom_header_template":"0","ocean_custom_logo":0,"ocean_custom_retina_logo":0,"ocean_custom_logo_max_width":0,"ocean_custom_logo_tablet_max_width":0,"ocean_custom_logo_mobile_max_width":0,"ocean_custom_logo_max_height":0,"ocean_custom_logo_tablet_max_height":0,"ocean_custom_logo_mobile_max_height":0,"ocean_header_custom_menu":"0","ocean_menu_typo_font_family":"0","ocean_menu_typo_font_subset":"","ocean_menu_typo_font_size":0,"ocean_menu_typo_font_size_tablet":0,"ocean_menu_typo_font_size_mobile":0,"ocean_menu_typo_font_size_unit":"px","ocean_menu_typo_font_weight":"","ocean_menu_typo_font_weight_tablet":"","ocean_menu_typo_font_weight_mobile":"","ocean_menu_typo_transform":"","ocean_menu_typo_transform_tablet":"","ocean_menu_typo_transform_mobile":"","ocean_menu_typo_line_height":0,"ocean_menu_typo_line_height_tablet":0,"ocean_menu_typo_line_height_mobile":0,"ocean_menu_typo_line_height_unit":"","ocean_menu_typo_spacing":0,"ocean_menu_typo_spacing_tablet":0,"ocean_menu_typo_spacing_mobile":0,"ocean_menu_typo_spacing_unit":"","ocean_menu_link_color":"","ocean_menu_link_color_hover":"","ocean_menu_link_color_active":"","ocean_menu_link_background":"","ocean_menu_link_hover_background":"","ocean_menu_link_active_background":"","ocean_menu_social_links_bg":"","ocean_menu_social_hover_links_bg":"","ocean_menu_social_links_color":"","ocean_menu_social_hover_links_color":"","ocean_disable_title":"default","ocean_disable_heading":"default","ocean_post_title":"","ocean_post_subheading":"","ocean_post_title_style":"","ocean_post_title_background_color":"","ocean_post_title_background":0,"ocean_post_title_bg_image_position":"","ocean_post_title_bg_image_attachment":"","ocean_post_title_bg_image_repeat":"","ocean_post_title_bg_image_size":"","ocean_post_title_height":0,"ocean_post_title_bg_overlay":0.5,"ocean_post_title_bg_overlay_color":"","ocean_disable_breadcrumbs":"default","ocean_breadcrumbs_color":"","ocean_breadcrumbs_separator_color":"","ocean_breadcrumbs_links_color":"","ocean_breadcrumbs_links_hover_color":"","ocean_display_footer_widgets":"default","ocean_display_footer_bottom":"default","ocean_custom_footer_template":"0","ocean_post_oembed":"","ocean_post_self_hosted_media":"","ocean_post_video_embed":"","ocean_link_format":"","ocean_link_format_target":"self","ocean_quote_format":"","ocean_quote_format_link":"post","ocean_gallery_link_images":"on","ocean_gallery_id":[],"footnotes":""},"categories":[58,75,4],"tags":[],"class_list":["post-4178","post","type-post","status-publish","format-standard","hentry","category-contratos","category-contratos-2026","category-licitacao","entry"],"_links":{"self":[{"href":"https:\/\/vilaflor.rn.gov.br\/transparencia\/wp-json\/wp\/v2\/posts\/4178","targetHints":{"allow":["GET"]}}],"collection":[{"href":"https:\/\/vilaflor.rn.gov.br\/transparencia\/wp-json\/wp\/v2\/posts"}],"about":[{"href":"https:\/\/vilaflor.rn.gov.br\/transparencia\/wp-json\/wp\/v2\/types\/post"}],"author":[{"embeddable":true,"href":"https:\/\/vilaflor.rn.gov.br\/transparencia\/wp-json\/wp\/v2\/users\/1"}],"replies":[{"embeddable":true,"href":"https:\/\/vilaflor.rn.gov.br\/transparencia\/wp-json\/wp\/v2\/comments?post=4178"}],"version-history":[{"count":1,"href":"https:\/\/vilaflor.rn.gov.br\/transparencia\/wp-json\/wp\/v2\/posts\/4178\/revisions"}],"predecessor-version":[{"id":4179,"href":"https:\/\/vilaflor.rn.gov.br\/transparencia\/wp-json\/wp\/v2\/posts\/4178\/revisions\/4179"}],"wp:attachment":[{"href":"https:\/\/vilaflor.rn.gov.br\/transparencia\/wp-json\/wp\/v2\/media?parent=4178"}],"wp:term":[{"taxonomy":"category","embeddable":true,"href":"https:\/\/vilaflor.rn.gov.br\/transparencia\/wp-json\/wp\/v2\/categories?post=4178"},{"taxonomy":"post_tag","embeddable":true,"href":"https:\/\/vilaflor.rn.gov.br\/transparencia\/wp-json\/wp\/v2\/tags?post=4178"}],"curies":[{"name":"wp","href":"https:\/\/api.w.org\/{rel}","templated":true}]}},{"id":4176,"date":"2026-01-23T09:31:46","date_gmt":"2026-01-23T12:31:46","guid":{"rendered":"https:\/\/vilaflor.rn.gov.br\/transparencia\/?p=4176"},"modified":"2026-04-02T09:32:27","modified_gmt":"2026-04-02T12:32:27","slug":"termo-de-inexigibilidade-de-licitacao-n-005-2026","status":"publish","type":"post","link":"https:\/\/vilaflor.rn.gov.br\/transparencia\/termo-de-inexigibilidade-de-licitacao-n-005-2026\/","title":{"rendered":"TERMO DE INEXIGIBILIDADE DE LICITA\u00c7\u00c3O N\u00b0 005\/2026"},"content":{"rendered":"<p><strong>ESTADO DO RIO GRANDE DO NORTE<\/strong><br \/>\n<strong>PREFEITURA MUNICIPAL DE VILA FLOR<\/strong><\/p>\n<p>Fica dispensado da realiza\u00e7\u00e3o do certame licitat\u00f3rio para a CONTRATA\u00c7\u00c3O DE EMPRESA ESPECIALIZADA NA \u00c1REA DE ARQUITETURA E URBANISMO, DESTINADA A CONSULTORIA, PLANEJAMENTO, ACOMPANHAMENTO, INCLUSIVE ELABORA\u00c7\u00c3O DE PROJETOS EXECUTIVOS, VISANDO SUPRIR AS NECESSIDADES DA PREFEITURA MUNICIPAL DE VILA FLOR\/RN. Declaro o interessado M STUDIO DE ARQUITETURA E URBANISMO LTDA, CNPJ sob o N\u00b0 46.472.444\/0001-20, como apto e atestado para a execu\u00e7\u00e3o do servi\u00e7o de natureza cont\u00ednua. O servi\u00e7o ser\u00e1 realizado sob a responsabilidade e fiscaliza\u00e7\u00e3o desta Prefeitura Municipal. A motiva\u00e7\u00e3o se d\u00e1 pelo interesse P\u00fablico, tendo em vista ainda a necessidade da administra\u00e7\u00e3o em contratar o servi\u00e7o em apre\u00e7o com o valor R$ 12.000,00 (Doze mil reais) em face de not\u00f3rio interesse p\u00fablico na execu\u00e7\u00e3o das atividades desempenhadas. As despesas decorrentes desta contrata\u00e7\u00e3o est\u00e3o programadas em dota\u00e7\u00e3o or\u00e7ament\u00e1ria pr\u00f3pria, prevista no or\u00e7amento do Munic\u00edpio de Vila Flor\/RN, para o exerc\u00edcio de 2026, na classifica\u00e7\u00e3o a seguir: Unidade or\u00e7ament\u00e1ria: 13.001 \u2013 Secretaria Municipal de Obras; Projeto\/Atividade: 2.104 \u2013 MANUTEN\u00c7\u00c3O DAS A\u00c7\u00d5ES DA SECRETARIA MUNICIPAL DE OBRAS; Natureza da Despesa: 3.3.90.39.00 \u2013 Outros Servi\u00e7os de Terceiros \u2013 Pessoa Jur\u00eddica; Fonte de Recursos: 15000000 \u2013 Recursos n\u00e3o vinculados de impostos;<\/p>\n<p><strong>RATIFICA\u00c7\u00c3O<\/strong><\/p>\n<p>Ante o exposto, tendo em vista os fundamentos apresentados e a regularidade formal do Processo Administrativo n\u00b0\u00a0<strong>09010001\/2026<\/strong>, bem como seu enquadramento legal, que fundamenta a Lei Federal n\u00ba 14.133\/2021 e legisla\u00e7\u00e3o complementar e, ainda de conformidade com o resultado do presente certame, usando das atribui\u00e7\u00f5es que nos s\u00e3o conferidas, a Prefeita Municipal de Vila Flor\/RN, atrav\u00e9s da Secretaria Municipal de Obras, no uso de suas atribui\u00e7\u00f5es legais e com base nas informa\u00e7\u00f5es constantes do processo de licita\u00e7\u00e3o em ep\u00edgrafe, resolve\u00a0<strong>RATIFICAR<\/strong>\u00a0o\u00a0<strong>TERMO DE INEXIGIBILIDADE DE LICITA\u00c7\u00c3O N\u00ba 005\/2026,\u00a0<\/strong>para que este produza seus legais efeitos.<\/p>\n<p>Publique-se.<\/p>\n<p>&nbsp;<\/p>\n<p>Vila Flor\/RN, em 22 de janeiro de 2026.<\/p>\n<p>&nbsp;<\/p>\n<p>&nbsp;<\/p>\n<p>_______________________________<\/p>\n<p>THUANNE KARLA CARVALHO DE SOUZA<\/p>\n<p><strong>Prefeita Municipal<\/strong><\/p>\n<p style=\"text-align: right;\">Publicado por:<br \/>\nGRINALDO JOAQUIM DE SOUZA<br \/>\nSecret\u00e1rio Municipal de Administra\u00e7\u00e3o<br \/>\nC\u00f3digo Identificador: 8UDKKKT34I<\/p>\n<div class=\"pdfprnt-buttons pdfprnt-buttons-post pdfprnt-bottom-right\"><a href=\"https:\/\/vilaflor.rn.gov.br\/transparencia\/wp-json\/wp\/v2\/posts?page=7&print=pdf#038;print=print\" class=\"pdfprnt-button pdfprnt-button-pdf\" target=\"_blank\"><img decoding=\"async\" src=\"https:\/\/vilaflor.rn.gov.br\/transparencia\/wp-content\/plugins\/pdf-print\/images\/pdf.png\" alt=\"image_pdf\" title=\"Baixar PDF\" \/><\/a><a href=\"https:\/\/vilaflor.rn.gov.br\/transparencia\/wp-json\/wp\/v2\/posts?page=7&print=print#038;print=print\" class=\"pdfprnt-button pdfprnt-button-print\" target=\"_blank\"><img decoding=\"async\" src=\"https:\/\/vilaflor.rn.gov.br\/transparencia\/wp-content\/plugins\/pdf-print\/images\/print.png\" alt=\"image_print\" title=\"Conte\u00fado de impress\u00e3o\" \/><\/a><\/div>","protected":false},"excerpt":{"rendered":"<p>ESTADO DO RIO GRANDE DO NORTE PREFEITURA MUNICIPAL DE VILA FLOR Fica dispensado da realiza\u00e7\u00e3o do certame licitat\u00f3rio para a CONTRATA\u00c7\u00c3O DE EMPRESA ESPECIALIZADA NA \u00c1REA DE ARQUITETURA E URBANISMO, DESTINADA A CONSULTORIA, PLANEJAMENTO, ACOMPANHAMENTO, INCLUSIVE ELABORA\u00c7\u00c3O DE PROJETOS EXECUTIVOS, VISANDO SUPRIR AS NECESSIDADES DA PREFEITURA MUNICIPAL DE VILA FLOR\/RN. Declaro o interessado M STUDIO [&hellip;]<\/p>\n","protected":false},"author":1,"featured_media":0,"comment_status":"open","ping_status":"open","sticky":false,"template":"","format":"standard","meta":{"ocean_post_layout":"","ocean_both_sidebars_style":"","ocean_both_sidebars_content_width":0,"ocean_both_sidebars_sidebars_width":0,"ocean_sidebar":"0","ocean_second_sidebar":"0","ocean_disable_margins":"enable","ocean_add_body_class":"","ocean_shortcode_before_top_bar":"","ocean_shortcode_after_top_bar":"","ocean_shortcode_before_header":"","ocean_shortcode_after_header":"","ocean_has_shortcode":"","ocean_shortcode_after_title":"","ocean_shortcode_before_footer_widgets":"","ocean_shortcode_after_footer_widgets":"","ocean_shortcode_before_footer_bottom":"","ocean_shortcode_after_footer_bottom":"","ocean_display_top_bar":"default","ocean_display_header":"default","ocean_header_style":"","ocean_center_header_left_menu":"0","ocean_custom_header_template":"0","ocean_custom_logo":0,"ocean_custom_retina_logo":0,"ocean_custom_logo_max_width":0,"ocean_custom_logo_tablet_max_width":0,"ocean_custom_logo_mobile_max_width":0,"ocean_custom_logo_max_height":0,"ocean_custom_logo_tablet_max_height":0,"ocean_custom_logo_mobile_max_height":0,"ocean_header_custom_menu":"0","ocean_menu_typo_font_family":"0","ocean_menu_typo_font_subset":"","ocean_menu_typo_font_size":0,"ocean_menu_typo_font_size_tablet":0,"ocean_menu_typo_font_size_mobile":0,"ocean_menu_typo_font_size_unit":"px","ocean_menu_typo_font_weight":"","ocean_menu_typo_font_weight_tablet":"","ocean_menu_typo_font_weight_mobile":"","ocean_menu_typo_transform":"","ocean_menu_typo_transform_tablet":"","ocean_menu_typo_transform_mobile":"","ocean_menu_typo_line_height":0,"ocean_menu_typo_line_height_tablet":0,"ocean_menu_typo_line_height_mobile":0,"ocean_menu_typo_line_height_unit":"","ocean_menu_typo_spacing":0,"ocean_menu_typo_spacing_tablet":0,"ocean_menu_typo_spacing_mobile":0,"ocean_menu_typo_spacing_unit":"","ocean_menu_link_color":"","ocean_menu_link_color_hover":"","ocean_menu_link_color_active":"","ocean_menu_link_background":"","ocean_menu_link_hover_background":"","ocean_menu_link_active_background":"","ocean_menu_social_links_bg":"","ocean_menu_social_hover_links_bg":"","ocean_menu_social_links_color":"","ocean_menu_social_hover_links_color":"","ocean_disable_title":"default","ocean_disable_heading":"default","ocean_post_title":"","ocean_post_subheading":"","ocean_post_title_style":"","ocean_post_title_background_color":"","ocean_post_title_background":0,"ocean_post_title_bg_image_position":"","ocean_post_title_bg_image_attachment":"","ocean_post_title_bg_image_repeat":"","ocean_post_title_bg_image_size":"","ocean_post_title_height":0,"ocean_post_title_bg_overlay":0.5,"ocean_post_title_bg_overlay_color":"","ocean_disable_breadcrumbs":"default","ocean_breadcrumbs_color":"","ocean_breadcrumbs_separator_color":"","ocean_breadcrumbs_links_color":"","ocean_breadcrumbs_links_hover_color":"","ocean_display_footer_widgets":"default","ocean_display_footer_bottom":"default","ocean_custom_footer_template":"0","ocean_post_oembed":"","ocean_post_self_hosted_media":"","ocean_post_video_embed":"","ocean_link_format":"","ocean_link_format_target":"self","ocean_quote_format":"","ocean_quote_format_link":"post","ocean_gallery_link_images":"on","ocean_gallery_id":[],"footnotes":""},"categories":[12,74,4],"tags":[],"class_list":["post-4176","post","type-post","status-publish","format-standard","hentry","category-inexigibilidade","category-inexigibilidade-2026","category-licitacao","entry"],"_links":{"self":[{"href":"https:\/\/vilaflor.rn.gov.br\/transparencia\/wp-json\/wp\/v2\/posts\/4176","targetHints":{"allow":["GET"]}}],"collection":[{"href":"https:\/\/vilaflor.rn.gov.br\/transparencia\/wp-json\/wp\/v2\/posts"}],"about":[{"href":"https:\/\/vilaflor.rn.gov.br\/transparencia\/wp-json\/wp\/v2\/types\/post"}],"author":[{"embeddable":true,"href":"https:\/\/vilaflor.rn.gov.br\/transparencia\/wp-json\/wp\/v2\/users\/1"}],"replies":[{"embeddable":true,"href":"https:\/\/vilaflor.rn.gov.br\/transparencia\/wp-json\/wp\/v2\/comments?post=4176"}],"version-history":[{"count":1,"href":"https:\/\/vilaflor.rn.gov.br\/transparencia\/wp-json\/wp\/v2\/posts\/4176\/revisions"}],"predecessor-version":[{"id":4177,"href":"https:\/\/vilaflor.rn.gov.br\/transparencia\/wp-json\/wp\/v2\/posts\/4176\/revisions\/4177"}],"wp:attachment":[{"href":"https:\/\/vilaflor.rn.gov.br\/transparencia\/wp-json\/wp\/v2\/media?parent=4176"}],"wp:term":[{"taxonomy":"category","embeddable":true,"href":"https:\/\/vilaflor.rn.gov.br\/transparencia\/wp-json\/wp\/v2\/categories?post=4176"},{"taxonomy":"post_tag","embeddable":true,"href":"https:\/\/vilaflor.rn.gov.br\/transparencia\/wp-json\/wp\/v2\/tags?post=4176"}],"curies":[{"name":"wp","href":"https:\/\/api.w.org\/{rel}","templated":true}]}}]