[{"id":4210,"date":"2026-02-06T09:50:17","date_gmt":"2026-02-06T12:50:17","guid":{"rendered":"https:\/\/vilaflor.rn.gov.br\/transparencia\/?p=4210"},"modified":"2026-04-02T09:50:58","modified_gmt":"2026-04-02T12:50:58","slug":"lei-ordinaria-municipal-no-497-2026-dispoe-sobre-o-reajuste-da-remuneracao-dos-professores-contratados-temporariamente-pelo-municipio-de-vila-flor-rn-e-da-outras-providencias","status":"publish","type":"post","link":"https:\/\/vilaflor.rn.gov.br\/transparencia\/lei-ordinaria-municipal-no-497-2026-dispoe-sobre-o-reajuste-da-remuneracao-dos-professores-contratados-temporariamente-pelo-municipio-de-vila-flor-rn-e-da-outras-providencias\/","title":{"rendered":"Lei Ordin\u00e1ria Municipal n\u00ba 497\/2026 &#8211; Disp\u00f5e sobre o reajuste da remunera\u00e7\u00e3o dos professores contratados temporariamente pelo Munic\u00edpio de Vila Flor\/RN e d\u00e1 outras provid\u00eancias."},"content":{"rendered":"<p><strong>ESTADO DO RIO GRANDE DO NORTE<\/strong><br \/>\n<strong>PREFEITURA MUNICIPAL DE VILA FLOR<\/strong><\/p>\n<p><em>Disp\u00f5e sobre o reajuste da remunera\u00e7\u00e3o dos professores contratados temporariamente pelo Munic\u00edpio de Vila Flor\/RN e d\u00e1 outras provid\u00eancias<\/em><strong>.<\/strong><\/p>\n<p><em>\u00a0<\/em><\/p>\n<p><em>\u00a0<\/em><\/p>\n<p><strong>A PREFEITA MUNICIPAL DE VILA FLOR\/RN,\u00a0<\/strong>no uso de suas atribui\u00e7\u00f5es legais, faz saber que a C\u00e2mara Municipal aprovou e ele sanciona a seguinte Lei:<\/p>\n<p>&nbsp;<\/p>\n<p><strong>Art. 1\u00ba-\u00a0<\/strong>Fica concedido reajuste salarial no percentual de\u00a0<strong>40% (quarenta por cento)\u00a0<\/strong>sobre a remunera\u00e7\u00e3o base dos\u00a0<strong>professores contratados temporariamente\u00a0<\/strong>pelo Munic\u00edpio de Vila Flor.<\/p>\n<p>&nbsp;<\/p>\n<p><strong>Art. 2\u00ba-\u00a0<\/strong>O reajuste de que trata esta Lei aplica-se aos profissionais do magist\u00e9rio contratados por tempo determinado para atender a necessidade tempor\u00e1ria de excepcional interesse p\u00fablico, nos termos do art. 37, inciso IX, da Constitui\u00e7\u00e3o Federal e da legisla\u00e7\u00e3o municipal pertinente.<\/p>\n<p>&nbsp;<\/p>\n<p><strong>Art. 3\u00ba-\u00a0<\/strong>A atualiza\u00e7\u00e3o remunerat\u00f3ria prevista nesta Lei visa \u00e0 valoriza\u00e7\u00e3o do magist\u00e9rio municipal.<\/p>\n<p>&nbsp;<\/p>\n<p><strong>Art. 4\u00ba-\u00a0<\/strong>\u2013 Os gastos ora majorados correr\u00e3o por conta dos recursos do Fundo de Manuten\u00e7\u00e3o e Desenvolvimento da Educa\u00e7\u00e3o B\u00e1sica e de Valoriza\u00e7\u00e3o dos Profissionais da Educa\u00e7\u00e3o\/Fundeb,atrav\u00e9s da sua cota-parte do Fundeb 70%.<\/p>\n<p>&nbsp;<\/p>\n<p><strong>Par\u00e1grafo \u00danico\u00a0<\/strong>\u2013 Havendo insufici\u00eancia de recursos na fonte financeira indicada no caput, a administra\u00e7\u00e3o poder\u00e1 alocar recursos da cota parte do Fundeb 30%, do Fundeb\/VAAT e outras fontes de receitas pr\u00f3prias para custeio das despesas ora majoradas.<\/p>\n<p>&nbsp;<\/p>\n<p><strong>Art. 5\u00ba\u00a0<\/strong>O reajuste previsto nesta Lei produzir\u00e1 efeitos financeiros a partir de 01 de mar\u00e7o de 2026.<\/p>\n<p>&nbsp;<\/p>\n<p><strong>Art. 6\u00ba\u00a0<\/strong>Esta Lei entra em vigor na data de sua publica\u00e7\u00e3o.<\/p>\n<p>&nbsp;<\/p>\n<p><strong>Art. 7\u00ba.\u00a0<\/strong>\u2013 Revogam-se as disposi\u00e7\u00f5es em contr\u00e1rio.<\/p>\n<p>&nbsp;<\/p>\n<p>Vila Flor\/RN, 05 de fevereiro de 2026.<\/p>\n<p>&nbsp;<\/p>\n<p>Thuanne Karla Carvalho de Souza<\/p>\n<p>Prefeita Muncpal<\/p>\n<p style=\"text-align: right;\"><strong>Publicado por:<\/strong><br \/>\nGRINALDO JOAQUIM DE SOUZA<br \/>\nSecret\u00e1rio Municipal de Administra\u00e7\u00e3o<br \/>\n<strong>C\u00f3digo Identificador:<\/strong>\u00a0UAPC4JKUFT<\/p>\n<div class=\"pdfprnt-buttons pdfprnt-buttons-post pdfprnt-bottom-right\"><a href=\"https:\/\/vilaflor.rn.gov.br\/transparencia\/wp-json\/wp\/v2\/posts?page=6&print=pdf#038;print=print\" class=\"pdfprnt-button pdfprnt-button-pdf\" target=\"_blank\"><img decoding=\"async\" src=\"https:\/\/vilaflor.rn.gov.br\/transparencia\/wp-content\/plugins\/pdf-print\/images\/pdf.png\" alt=\"image_pdf\" title=\"Baixar PDF\" \/><\/a><a href=\"https:\/\/vilaflor.rn.gov.br\/transparencia\/wp-json\/wp\/v2\/posts?page=6&print=print#038;print=print\" class=\"pdfprnt-button pdfprnt-button-print\" target=\"_blank\"><img decoding=\"async\" src=\"https:\/\/vilaflor.rn.gov.br\/transparencia\/wp-content\/plugins\/pdf-print\/images\/print.png\" alt=\"image_print\" title=\"Conte\u00fado de impress\u00e3o\" \/><\/a><\/div>","protected":false},"excerpt":{"rendered":"<p>ESTADO DO RIO GRANDE DO NORTE PREFEITURA MUNICIPAL DE VILA FLOR Disp\u00f5e sobre o reajuste da remunera\u00e7\u00e3o dos professores contratados temporariamente pelo Munic\u00edpio de Vila Flor\/RN e d\u00e1 outras provid\u00eancias. \u00a0 \u00a0 A PREFEITA MUNICIPAL DE VILA FLOR\/RN,\u00a0no uso de suas atribui\u00e7\u00f5es legais, faz saber que a C\u00e2mara Municipal aprovou e ele sanciona a seguinte [&hellip;]<\/p>\n","protected":false},"author":1,"featured_media":0,"comment_status":"open","ping_status":"open","sticky":false,"template":"","format":"standard","meta":{"ocean_post_layout":"","ocean_both_sidebars_style":"","ocean_both_sidebars_content_width":0,"ocean_both_sidebars_sidebars_width":0,"ocean_sidebar":"0","ocean_second_sidebar":"0","ocean_disable_margins":"enable","ocean_add_body_class":"","ocean_shortcode_before_top_bar":"","ocean_shortcode_after_top_bar":"","ocean_shortcode_before_header":"","ocean_shortcode_after_header":"","ocean_has_shortcode":"","ocean_shortcode_after_title":"","ocean_shortcode_before_footer_widgets":"","ocean_shortcode_after_footer_widgets":"","ocean_shortcode_before_footer_bottom":"","ocean_shortcode_after_footer_bottom":"","ocean_display_top_bar":"default","ocean_display_header":"default","ocean_header_style":"","ocean_center_header_left_menu":"0","ocean_custom_header_template":"0","ocean_custom_logo":0,"ocean_custom_retina_logo":0,"ocean_custom_logo_max_width":0,"ocean_custom_logo_tablet_max_width":0,"ocean_custom_logo_mobile_max_width":0,"ocean_custom_logo_max_height":0,"ocean_custom_logo_tablet_max_height":0,"ocean_custom_logo_mobile_max_height":0,"ocean_header_custom_menu":"0","ocean_menu_typo_font_family":"0","ocean_menu_typo_font_subset":"","ocean_menu_typo_font_size":0,"ocean_menu_typo_font_size_tablet":0,"ocean_menu_typo_font_size_mobile":0,"ocean_menu_typo_font_size_unit":"px","ocean_menu_typo_font_weight":"","ocean_menu_typo_font_weight_tablet":"","ocean_menu_typo_font_weight_mobile":"","ocean_menu_typo_transform":"","ocean_menu_typo_transform_tablet":"","ocean_menu_typo_transform_mobile":"","ocean_menu_typo_line_height":0,"ocean_menu_typo_line_height_tablet":0,"ocean_menu_typo_line_height_mobile":0,"ocean_menu_typo_line_height_unit":"","ocean_menu_typo_spacing":0,"ocean_menu_typo_spacing_tablet":0,"ocean_menu_typo_spacing_mobile":0,"ocean_menu_typo_spacing_unit":"","ocean_menu_link_color":"","ocean_menu_link_color_hover":"","ocean_menu_link_color_active":"","ocean_menu_link_background":"","ocean_menu_link_hover_background":"","ocean_menu_link_active_background":"","ocean_menu_social_links_bg":"","ocean_menu_social_hover_links_bg":"","ocean_menu_social_links_color":"","ocean_menu_social_hover_links_color":"","ocean_disable_title":"default","ocean_disable_heading":"default","ocean_post_title":"","ocean_post_subheading":"","ocean_post_title_style":"","ocean_post_title_background_color":"","ocean_post_title_background":0,"ocean_post_title_bg_image_position":"","ocean_post_title_bg_image_attachment":"","ocean_post_title_bg_image_repeat":"","ocean_post_title_bg_image_size":"","ocean_post_title_height":0,"ocean_post_title_bg_overlay":0.5,"ocean_post_title_bg_overlay_color":"","ocean_disable_breadcrumbs":"default","ocean_breadcrumbs_color":"","ocean_breadcrumbs_separator_color":"","ocean_breadcrumbs_links_color":"","ocean_breadcrumbs_links_hover_color":"","ocean_display_footer_widgets":"default","ocean_display_footer_bottom":"default","ocean_custom_footer_template":"0","ocean_post_oembed":"","ocean_post_self_hosted_media":"","ocean_post_video_embed":"","ocean_link_format":"","ocean_link_format_target":"self","ocean_quote_format":"","ocean_quote_format_link":"post","ocean_gallery_link_images":"on","ocean_gallery_id":[],"footnotes":""},"categories":[16,17,77],"tags":[],"class_list":["post-4210","post","type-post","status-publish","format-standard","hentry","category-legislacao","category-leis-municipais","category-leis-municipais-2026","entry"],"_links":{"self":[{"href":"https:\/\/vilaflor.rn.gov.br\/transparencia\/wp-json\/wp\/v2\/posts\/4210","targetHints":{"allow":["GET"]}}],"collection":[{"href":"https:\/\/vilaflor.rn.gov.br\/transparencia\/wp-json\/wp\/v2\/posts"}],"about":[{"href":"https:\/\/vilaflor.rn.gov.br\/transparencia\/wp-json\/wp\/v2\/types\/post"}],"author":[{"embeddable":true,"href":"https:\/\/vilaflor.rn.gov.br\/transparencia\/wp-json\/wp\/v2\/users\/1"}],"replies":[{"embeddable":true,"href":"https:\/\/vilaflor.rn.gov.br\/transparencia\/wp-json\/wp\/v2\/comments?post=4210"}],"version-history":[{"count":1,"href":"https:\/\/vilaflor.rn.gov.br\/transparencia\/wp-json\/wp\/v2\/posts\/4210\/revisions"}],"predecessor-version":[{"id":4211,"href":"https:\/\/vilaflor.rn.gov.br\/transparencia\/wp-json\/wp\/v2\/posts\/4210\/revisions\/4211"}],"wp:attachment":[{"href":"https:\/\/vilaflor.rn.gov.br\/transparencia\/wp-json\/wp\/v2\/media?parent=4210"}],"wp:term":[{"taxonomy":"category","embeddable":true,"href":"https:\/\/vilaflor.rn.gov.br\/transparencia\/wp-json\/wp\/v2\/categories?post=4210"},{"taxonomy":"post_tag","embeddable":true,"href":"https:\/\/vilaflor.rn.gov.br\/transparencia\/wp-json\/wp\/v2\/tags?post=4210"}],"curies":[{"name":"wp","href":"https:\/\/api.w.org\/{rel}","templated":true}]}},{"id":4208,"date":"2026-02-06T09:48:22","date_gmt":"2026-02-06T12:48:22","guid":{"rendered":"https:\/\/vilaflor.rn.gov.br\/transparencia\/?p=4208"},"modified":"2026-04-02T09:49:14","modified_gmt":"2026-04-02T12:49:14","slug":"lei-ordinaria-municipal-no-496-2026-dispoe-sobre-a-elevacao-do-piso-salarial-do-magisterio-da-educacao-basica-altera-o-orcamento-municipal-quanto-aos-creditos-adicionais-e-da-outras-providencias","status":"publish","type":"post","link":"https:\/\/vilaflor.rn.gov.br\/transparencia\/lei-ordinaria-municipal-no-496-2026-dispoe-sobre-a-elevacao-do-piso-salarial-do-magisterio-da-educacao-basica-altera-o-orcamento-municipal-quanto-aos-creditos-adicionais-e-da-outras-providencias\/","title":{"rendered":"Lei Ordin\u00e1ria Municipal n\u00ba 496\/2026 &#8211; Disp\u00f5e sobre a eleva\u00e7\u00e3o do piso salarial do magist\u00e9rio da educa\u00e7\u00e3o b\u00e1sica, altera o or\u00e7amento municipal quanto aos cr\u00e9ditos adicionais, e d\u00e1 outras provid\u00eancias."},"content":{"rendered":"<p><strong>ESTADO DO RIO GRANDE DO NORTE<\/strong><br \/>\n<strong>PREFEITURA MUNICIPAL DE VILA FLOR<\/strong><\/p>\n<p><em>Disp\u00f5e sobre a eleva\u00e7\u00e3o do piso salarial do magist\u00e9rio da educa\u00e7\u00e3o b\u00e1sica, altera o or\u00e7amento municipal quanto aos cr\u00e9ditos adicionais, e d\u00e1 outras provid\u00eancias.<\/em><\/p>\n<p><em>\u00a0<\/em><\/p>\n<p><em>\u00a0<\/em><\/p>\n<p>A Prefeita Municipal de Vila Flor\/RN:<\/p>\n<p>Faz saber que a C\u00e2mara Municipal aprova e Ele sanciona a seguinte Lei.<\/p>\n<p><strong>Art. 1\u00ba\u00a0<\/strong>\u2013 Fica o Poder Executivo Municipal de Vila Flor\/RN, autorizado a reajustar o valor do piso salarial do magist\u00e9rio da educa\u00e7\u00e3o b\u00e1sica municipal, seguindo a carga hor\u00e1ria local, em mais 5,4% (Cinco v\u00edrgula quatro d\u00e9cimos por cento).<\/p>\n<p><strong>Art. 2\u00ba\u00a0<\/strong>\u2013 Os gastos ora majorados correr\u00e3o por conta dos recursos do Fundo de Manuten\u00e7\u00e3o e Desenvolvimento da Educa\u00e7\u00e3o B\u00e1sica e de Valoriza\u00e7\u00e3o dos Profissionais da Educa\u00e7\u00e3o\/Fundeb, atrav\u00e9s da sua cota-parte do Fundeb 70%.<\/p>\n<p><strong>Par\u00e1grafo \u00danico\u00a0<\/strong>\u2013 Havendo insufici\u00eancia de recursos na fonte financeira indicada no\u00a0<em>caput,\u00a0<\/em>a administra\u00e7\u00e3o poder\u00e1 alocar recursos da cota parte do Fundeb 30%, do Fundeb\/VAAT e outras fontes de receitas pr\u00f3prias para custeio das despesas ora majoradas.<\/p>\n<p>&nbsp;<\/p>\n<p><strong>Art. 3\u00ba\u00a0<\/strong>\u2013 Fica o Executivo Municipal autorizado a proceder no corrente ano, a abertura de novos cr\u00e9ditos adicionais suplementares em mais 5,4% (Cinco v\u00edrgula quatro d\u00e9cimos por cento) das despesas or\u00e7ament\u00e1rias anuais.<\/p>\n<p>&nbsp;<\/p>\n<p><strong>Art. 4\u00ba\u00a0<\/strong>\u2013 Esta Lei entra em vigor a partir de sua publica\u00e7\u00e3o, retroagindo seus a 1\u00ba de janeiro de 2026.<\/p>\n<p>&nbsp;<\/p>\n<p><strong>Art. 5\u00ba.\u00a0<\/strong>\u2013 Revogam-se as disposi\u00e7\u00f5es em contr\u00e1rio.<\/p>\n<p>&nbsp;<\/p>\n<p>Vila Flor\/RN, 05 de fevereiro de 2026.<\/p>\n<p>&nbsp;<\/p>\n<p>&nbsp;<\/p>\n<p><strong>Thuanne<\/strong>\u00a0<strong>Karla<\/strong>\u00a0<strong>Carvalho<\/strong>\u00a0<strong>de<\/strong>\u00a0<strong>Souza<\/strong><\/p>\n<p><strong>Prefeita Municipal<\/strong><\/p>\n<p style=\"text-align: right;\"><strong>Publicado por:<\/strong><br \/>\nGRINALDO JOAQUIM DE SOUZA<br \/>\nSecret\u00e1rio Municipal de Administra\u00e7\u00e3o<br \/>\n<strong>C\u00f3digo Identificador:<\/strong>\u00a031ZHOHML23<\/p>\n<div class=\"pdfprnt-buttons pdfprnt-buttons-post pdfprnt-bottom-right\"><a href=\"https:\/\/vilaflor.rn.gov.br\/transparencia\/wp-json\/wp\/v2\/posts?page=6&print=pdf#038;print=print\" class=\"pdfprnt-button pdfprnt-button-pdf\" target=\"_blank\"><img decoding=\"async\" src=\"https:\/\/vilaflor.rn.gov.br\/transparencia\/wp-content\/plugins\/pdf-print\/images\/pdf.png\" alt=\"image_pdf\" title=\"Baixar PDF\" \/><\/a><a href=\"https:\/\/vilaflor.rn.gov.br\/transparencia\/wp-json\/wp\/v2\/posts?page=6&print=print#038;print=print\" class=\"pdfprnt-button pdfprnt-button-print\" target=\"_blank\"><img decoding=\"async\" src=\"https:\/\/vilaflor.rn.gov.br\/transparencia\/wp-content\/plugins\/pdf-print\/images\/print.png\" alt=\"image_print\" title=\"Conte\u00fado de impress\u00e3o\" \/><\/a><\/div>","protected":false},"excerpt":{"rendered":"<p>ESTADO DO RIO GRANDE DO NORTE PREFEITURA MUNICIPAL DE VILA FLOR Disp\u00f5e sobre a eleva\u00e7\u00e3o do piso salarial do magist\u00e9rio da educa\u00e7\u00e3o b\u00e1sica, altera o or\u00e7amento municipal quanto aos cr\u00e9ditos adicionais, e d\u00e1 outras provid\u00eancias. \u00a0 \u00a0 A Prefeita Municipal de Vila Flor\/RN: Faz saber que a C\u00e2mara Municipal aprova e Ele sanciona a seguinte [&hellip;]<\/p>\n","protected":false},"author":1,"featured_media":0,"comment_status":"open","ping_status":"open","sticky":false,"template":"","format":"standard","meta":{"ocean_post_layout":"","ocean_both_sidebars_style":"","ocean_both_sidebars_content_width":0,"ocean_both_sidebars_sidebars_width":0,"ocean_sidebar":"0","ocean_second_sidebar":"0","ocean_disable_margins":"enable","ocean_add_body_class":"","ocean_shortcode_before_top_bar":"","ocean_shortcode_after_top_bar":"","ocean_shortcode_before_header":"","ocean_shortcode_after_header":"","ocean_has_shortcode":"","ocean_shortcode_after_title":"","ocean_shortcode_before_footer_widgets":"","ocean_shortcode_after_footer_widgets":"","ocean_shortcode_before_footer_bottom":"","ocean_shortcode_after_footer_bottom":"","ocean_display_top_bar":"default","ocean_display_header":"default","ocean_header_style":"","ocean_center_header_left_menu":"0","ocean_custom_header_template":"0","ocean_custom_logo":0,"ocean_custom_retina_logo":0,"ocean_custom_logo_max_width":0,"ocean_custom_logo_tablet_max_width":0,"ocean_custom_logo_mobile_max_width":0,"ocean_custom_logo_max_height":0,"ocean_custom_logo_tablet_max_height":0,"ocean_custom_logo_mobile_max_height":0,"ocean_header_custom_menu":"0","ocean_menu_typo_font_family":"0","ocean_menu_typo_font_subset":"","ocean_menu_typo_font_size":0,"ocean_menu_typo_font_size_tablet":0,"ocean_menu_typo_font_size_mobile":0,"ocean_menu_typo_font_size_unit":"px","ocean_menu_typo_font_weight":"","ocean_menu_typo_font_weight_tablet":"","ocean_menu_typo_font_weight_mobile":"","ocean_menu_typo_transform":"","ocean_menu_typo_transform_tablet":"","ocean_menu_typo_transform_mobile":"","ocean_menu_typo_line_height":0,"ocean_menu_typo_line_height_tablet":0,"ocean_menu_typo_line_height_mobile":0,"ocean_menu_typo_line_height_unit":"","ocean_menu_typo_spacing":0,"ocean_menu_typo_spacing_tablet":0,"ocean_menu_typo_spacing_mobile":0,"ocean_menu_typo_spacing_unit":"","ocean_menu_link_color":"","ocean_menu_link_color_hover":"","ocean_menu_link_color_active":"","ocean_menu_link_background":"","ocean_menu_link_hover_background":"","ocean_menu_link_active_background":"","ocean_menu_social_links_bg":"","ocean_menu_social_hover_links_bg":"","ocean_menu_social_links_color":"","ocean_menu_social_hover_links_color":"","ocean_disable_title":"default","ocean_disable_heading":"default","ocean_post_title":"","ocean_post_subheading":"","ocean_post_title_style":"","ocean_post_title_background_color":"","ocean_post_title_background":0,"ocean_post_title_bg_image_position":"","ocean_post_title_bg_image_attachment":"","ocean_post_title_bg_image_repeat":"","ocean_post_title_bg_image_size":"","ocean_post_title_height":0,"ocean_post_title_bg_overlay":0.5,"ocean_post_title_bg_overlay_color":"","ocean_disable_breadcrumbs":"default","ocean_breadcrumbs_color":"","ocean_breadcrumbs_separator_color":"","ocean_breadcrumbs_links_color":"","ocean_breadcrumbs_links_hover_color":"","ocean_display_footer_widgets":"default","ocean_display_footer_bottom":"default","ocean_custom_footer_template":"0","ocean_post_oembed":"","ocean_post_self_hosted_media":"","ocean_post_video_embed":"","ocean_link_format":"","ocean_link_format_target":"self","ocean_quote_format":"","ocean_quote_format_link":"post","ocean_gallery_link_images":"on","ocean_gallery_id":[],"footnotes":""},"categories":[16,17,77],"tags":[],"class_list":["post-4208","post","type-post","status-publish","format-standard","hentry","category-legislacao","category-leis-municipais","category-leis-municipais-2026","entry"],"_links":{"self":[{"href":"https:\/\/vilaflor.rn.gov.br\/transparencia\/wp-json\/wp\/v2\/posts\/4208","targetHints":{"allow":["GET"]}}],"collection":[{"href":"https:\/\/vilaflor.rn.gov.br\/transparencia\/wp-json\/wp\/v2\/posts"}],"about":[{"href":"https:\/\/vilaflor.rn.gov.br\/transparencia\/wp-json\/wp\/v2\/types\/post"}],"author":[{"embeddable":true,"href":"https:\/\/vilaflor.rn.gov.br\/transparencia\/wp-json\/wp\/v2\/users\/1"}],"replies":[{"embeddable":true,"href":"https:\/\/vilaflor.rn.gov.br\/transparencia\/wp-json\/wp\/v2\/comments?post=4208"}],"version-history":[{"count":1,"href":"https:\/\/vilaflor.rn.gov.br\/transparencia\/wp-json\/wp\/v2\/posts\/4208\/revisions"}],"predecessor-version":[{"id":4209,"href":"https:\/\/vilaflor.rn.gov.br\/transparencia\/wp-json\/wp\/v2\/posts\/4208\/revisions\/4209"}],"wp:attachment":[{"href":"https:\/\/vilaflor.rn.gov.br\/transparencia\/wp-json\/wp\/v2\/media?parent=4208"}],"wp:term":[{"taxonomy":"category","embeddable":true,"href":"https:\/\/vilaflor.rn.gov.br\/transparencia\/wp-json\/wp\/v2\/categories?post=4208"},{"taxonomy":"post_tag","embeddable":true,"href":"https:\/\/vilaflor.rn.gov.br\/transparencia\/wp-json\/wp\/v2\/tags?post=4208"}],"curies":[{"name":"wp","href":"https:\/\/api.w.org\/{rel}","templated":true}]}},{"id":4206,"date":"2026-02-06T09:47:43","date_gmt":"2026-02-06T12:47:43","guid":{"rendered":"https:\/\/vilaflor.rn.gov.br\/transparencia\/?p=4206"},"modified":"2026-04-02T09:48:16","modified_gmt":"2026-04-02T12:48:16","slug":"extrato-de-contrato-n-011-2026-inexigibilidade-de-licitacao-n-007-2026","status":"publish","type":"post","link":"https:\/\/vilaflor.rn.gov.br\/transparencia\/extrato-de-contrato-n-011-2026-inexigibilidade-de-licitacao-n-007-2026\/","title":{"rendered":"EXTRATO DE CONTRATO N\u00b0 011\/2026 INEXIGIBILIDADE DE LICITA\u00c7\u00c3O N\u00b0 007\/2026"},"content":{"rendered":"<p><strong>ESTADO DO RIO GRANDE DO NORTE<\/strong><br \/>\n<strong>PREFEITURA MUNICIPAL DE VILA FLOR<\/strong><\/p>\n<p><strong>CONTRATANTE<\/strong>: Munic\u00edpio de Vila Flor\/ Prefeitura Municipal<\/p>\n<p><strong>CONTRATADA<\/strong>:\u00a0<strong>SISTEMA INTEGRADO DE FERRAMENTAS P\u00daBLICAS LTDA<\/strong><\/p>\n<p><strong>MODALIDADE<\/strong>: Inexigibilidade de Licita\u00e7\u00e3o n\u00b0 007\/2026<\/p>\n<p><strong>OBJETO<\/strong>: CONTRATA\u00c7\u00c3O DE PESSOA JUR\u00cdDICA ESPECIALIZADA PARA PRESTAR OS SERVI\u00c7OS COM A CAPACITA\u00c7\u00c3O E TREINAMENTO A SERVIDORES DA PREFEITURA MUNICIPAL PARA OPERA\u00c7\u00c3O E ALIMENTA\u00c7\u00c3O DAS PLATAFORMAS E-SIC E PORTAL DA TRANSPAR\u00caNCIA EM OBEDI\u00caNCIA AS LEIS FEDERAL N\u00ba 131\/2009 E 12.527\/2011 DE ACESSO AS INFORMA\u00c7\u00d5ES E TRANSPAR\u00caNCIAS, CONFORME SOLICITA\u00c7\u00c3O DA SECRETARIA MUNICIPAL DE ADMINISTRA\u00c7\u00c3O.<\/p>\n<p><strong>VALOR MENSAL ESTIMADO<\/strong>: R$ 5.500,00 (Cinco mil e quinhentos reais)<\/p>\n<p><strong>DATA DE ASSINATURA<\/strong>: 04 de fevereiro de 2026<\/p>\n<p><strong>VIG\u00caNCIA<\/strong>: 04 de fevereiro de 2026 a 05 de fevereiro de 2027.<\/p>\n<p><strong>FUNDAMENTO LEGAL<\/strong>: Art. 74, Inciso III, \u201cc\u201d, da Lei n\u00ba 14.133\/21.<\/p>\n<p><strong>DOTA\u00c7\u00c3O OR\u00c7AMENT\u00c1RIA:<\/strong><\/p>\n<p><strong>\u00a0<\/strong><\/p>\n<p>Unidade gestora: \u00a0\u00a0\u00a0\u00a0\u00a0\u00a0\u00a0\u00a0\u00a0\u00a0\u00a0\u00a0\u00a0\u00a0\u00a0\u00a0\u00a0\u00a0 PREFEITURA MUNICIPAL DE VILA FLOR;<\/p>\n<p>Unidade or\u00e7ament\u00e1ria: \u00a0\u00a0\u00a0\u00a0\u00a0\u00a0\u00a0\u00a0\u00a0 03.001 \u2013 Secretaria Municipal de Administra\u00e7\u00e3o<\/p>\n<p>Projeto\/Atividade: \u00a0\u00a0\u00a0\u00a0\u00a0\u00a0\u00a0\u00a0\u00a0\u00a0\u00a0\u00a0\u00a0\u00a0\u00a0\u00a0 2.007 \u2013 Manuten\u00e7\u00e3o das A\u00e7\u00f5es da Secretaria Municipal de Administra\u00e7\u00e3o<\/p>\n<p>Natureza da Despesa: \u00a0\u00a0\u00a0\u00a0\u00a0\u00a0\u00a0\u00a0\u00a0\u00a0\u00a0\u00a0\u00a0\u00a0\u00a0\u00a0\u00a0\u00a0\u00a0\u00a0\u00a0\u00a0 3.3.90.39.00 \u2013 Outros Servi\u00e7os de Terceiros \u2013 Pessoa Jur\u00eddica<\/p>\n<p>Fonte de Recursos: \u00a0\u00a0\u00a0\u00a0\u00a0\u00a0\u00a0\u00a0\u00a0\u00a0\u00a0\u00a0\u00a0\u00a0\u00a0 15000000 \u2013 Recursos n\u00e3o vinculados de impostos<\/p>\n<p style=\"text-align: right;\"><strong>Publicado por:<\/strong><br \/>\nGRINALDO JOAQUIM DE SOUZA<br \/>\nSecret\u00e1rio Municipal de Administra\u00e7\u00e3o<br \/>\n<strong>C\u00f3digo Identificador:<\/strong>\u00a0QUDUW2NF0X<\/p>\n<div class=\"pdfprnt-buttons pdfprnt-buttons-post pdfprnt-bottom-right\"><a href=\"https:\/\/vilaflor.rn.gov.br\/transparencia\/wp-json\/wp\/v2\/posts?page=6&print=pdf#038;print=print\" class=\"pdfprnt-button pdfprnt-button-pdf\" target=\"_blank\"><img decoding=\"async\" src=\"https:\/\/vilaflor.rn.gov.br\/transparencia\/wp-content\/plugins\/pdf-print\/images\/pdf.png\" alt=\"image_pdf\" title=\"Baixar PDF\" \/><\/a><a href=\"https:\/\/vilaflor.rn.gov.br\/transparencia\/wp-json\/wp\/v2\/posts?page=6&print=print#038;print=print\" class=\"pdfprnt-button pdfprnt-button-print\" target=\"_blank\"><img decoding=\"async\" src=\"https:\/\/vilaflor.rn.gov.br\/transparencia\/wp-content\/plugins\/pdf-print\/images\/print.png\" alt=\"image_print\" title=\"Conte\u00fado de impress\u00e3o\" \/><\/a><\/div>","protected":false},"excerpt":{"rendered":"<p>ESTADO DO RIO GRANDE DO NORTE PREFEITURA MUNICIPAL DE VILA FLOR CONTRATANTE: Munic\u00edpio de Vila Flor\/ Prefeitura Municipal CONTRATADA:\u00a0SISTEMA INTEGRADO DE FERRAMENTAS P\u00daBLICAS LTDA MODALIDADE: Inexigibilidade de Licita\u00e7\u00e3o n\u00b0 007\/2026 OBJETO: CONTRATA\u00c7\u00c3O DE PESSOA JUR\u00cdDICA ESPECIALIZADA PARA PRESTAR OS SERVI\u00c7OS COM A CAPACITA\u00c7\u00c3O E TREINAMENTO A SERVIDORES DA PREFEITURA MUNICIPAL PARA OPERA\u00c7\u00c3O E ALIMENTA\u00c7\u00c3O DAS [&hellip;]<\/p>\n","protected":false},"author":1,"featured_media":0,"comment_status":"open","ping_status":"open","sticky":false,"template":"","format":"standard","meta":{"ocean_post_layout":"","ocean_both_sidebars_style":"","ocean_both_sidebars_content_width":0,"ocean_both_sidebars_sidebars_width":0,"ocean_sidebar":"0","ocean_second_sidebar":"0","ocean_disable_margins":"enable","ocean_add_body_class":"","ocean_shortcode_before_top_bar":"","ocean_shortcode_after_top_bar":"","ocean_shortcode_before_header":"","ocean_shortcode_after_header":"","ocean_has_shortcode":"","ocean_shortcode_after_title":"","ocean_shortcode_before_footer_widgets":"","ocean_shortcode_after_footer_widgets":"","ocean_shortcode_before_footer_bottom":"","ocean_shortcode_after_footer_bottom":"","ocean_display_top_bar":"default","ocean_display_header":"default","ocean_header_style":"","ocean_center_header_left_menu":"0","ocean_custom_header_template":"0","ocean_custom_logo":0,"ocean_custom_retina_logo":0,"ocean_custom_logo_max_width":0,"ocean_custom_logo_tablet_max_width":0,"ocean_custom_logo_mobile_max_width":0,"ocean_custom_logo_max_height":0,"ocean_custom_logo_tablet_max_height":0,"ocean_custom_logo_mobile_max_height":0,"ocean_header_custom_menu":"0","ocean_menu_typo_font_family":"0","ocean_menu_typo_font_subset":"","ocean_menu_typo_font_size":0,"ocean_menu_typo_font_size_tablet":0,"ocean_menu_typo_font_size_mobile":0,"ocean_menu_typo_font_size_unit":"px","ocean_menu_typo_font_weight":"","ocean_menu_typo_font_weight_tablet":"","ocean_menu_typo_font_weight_mobile":"","ocean_menu_typo_transform":"","ocean_menu_typo_transform_tablet":"","ocean_menu_typo_transform_mobile":"","ocean_menu_typo_line_height":0,"ocean_menu_typo_line_height_tablet":0,"ocean_menu_typo_line_height_mobile":0,"ocean_menu_typo_line_height_unit":"","ocean_menu_typo_spacing":0,"ocean_menu_typo_spacing_tablet":0,"ocean_menu_typo_spacing_mobile":0,"ocean_menu_typo_spacing_unit":"","ocean_menu_link_color":"","ocean_menu_link_color_hover":"","ocean_menu_link_color_active":"","ocean_menu_link_background":"","ocean_menu_link_hover_background":"","ocean_menu_link_active_background":"","ocean_menu_social_links_bg":"","ocean_menu_social_hover_links_bg":"","ocean_menu_social_links_color":"","ocean_menu_social_hover_links_color":"","ocean_disable_title":"default","ocean_disable_heading":"default","ocean_post_title":"","ocean_post_subheading":"","ocean_post_title_style":"","ocean_post_title_background_color":"","ocean_post_title_background":0,"ocean_post_title_bg_image_position":"","ocean_post_title_bg_image_attachment":"","ocean_post_title_bg_image_repeat":"","ocean_post_title_bg_image_size":"","ocean_post_title_height":0,"ocean_post_title_bg_overlay":0.5,"ocean_post_title_bg_overlay_color":"","ocean_disable_breadcrumbs":"default","ocean_breadcrumbs_color":"","ocean_breadcrumbs_separator_color":"","ocean_breadcrumbs_links_color":"","ocean_breadcrumbs_links_hover_color":"","ocean_display_footer_widgets":"default","ocean_display_footer_bottom":"default","ocean_custom_footer_template":"0","ocean_post_oembed":"","ocean_post_self_hosted_media":"","ocean_post_video_embed":"","ocean_link_format":"","ocean_link_format_target":"self","ocean_quote_format":"","ocean_quote_format_link":"post","ocean_gallery_link_images":"on","ocean_gallery_id":[],"footnotes":""},"categories":[58,75,4],"tags":[],"class_list":["post-4206","post","type-post","status-publish","format-standard","hentry","category-contratos","category-contratos-2026","category-licitacao","entry"],"_links":{"self":[{"href":"https:\/\/vilaflor.rn.gov.br\/transparencia\/wp-json\/wp\/v2\/posts\/4206","targetHints":{"allow":["GET"]}}],"collection":[{"href":"https:\/\/vilaflor.rn.gov.br\/transparencia\/wp-json\/wp\/v2\/posts"}],"about":[{"href":"https:\/\/vilaflor.rn.gov.br\/transparencia\/wp-json\/wp\/v2\/types\/post"}],"author":[{"embeddable":true,"href":"https:\/\/vilaflor.rn.gov.br\/transparencia\/wp-json\/wp\/v2\/users\/1"}],"replies":[{"embeddable":true,"href":"https:\/\/vilaflor.rn.gov.br\/transparencia\/wp-json\/wp\/v2\/comments?post=4206"}],"version-history":[{"count":1,"href":"https:\/\/vilaflor.rn.gov.br\/transparencia\/wp-json\/wp\/v2\/posts\/4206\/revisions"}],"predecessor-version":[{"id":4207,"href":"https:\/\/vilaflor.rn.gov.br\/transparencia\/wp-json\/wp\/v2\/posts\/4206\/revisions\/4207"}],"wp:attachment":[{"href":"https:\/\/vilaflor.rn.gov.br\/transparencia\/wp-json\/wp\/v2\/media?parent=4206"}],"wp:term":[{"taxonomy":"category","embeddable":true,"href":"https:\/\/vilaflor.rn.gov.br\/transparencia\/wp-json\/wp\/v2\/categories?post=4206"},{"taxonomy":"post_tag","embeddable":true,"href":"https:\/\/vilaflor.rn.gov.br\/transparencia\/wp-json\/wp\/v2\/tags?post=4206"}],"curies":[{"name":"wp","href":"https:\/\/api.w.org\/{rel}","templated":true}]}},{"id":4204,"date":"2026-02-06T09:47:02","date_gmt":"2026-02-06T12:47:02","guid":{"rendered":"https:\/\/vilaflor.rn.gov.br\/transparencia\/?p=4204"},"modified":"2026-04-02T09:47:36","modified_gmt":"2026-04-02T12:47:36","slug":"termo-de-inexigibilidade-de-licitacao-n-007-2026","status":"publish","type":"post","link":"https:\/\/vilaflor.rn.gov.br\/transparencia\/termo-de-inexigibilidade-de-licitacao-n-007-2026\/","title":{"rendered":"TERMO DE INEXIGIBILIDADE DE LICITA\u00c7\u00c3O N\u00b0 007\/2026"},"content":{"rendered":"<p><strong>ESTADO DO RIO GRANDE DO NORTE<\/strong><br \/>\n<strong>PREFEITURA MUNICIPAL DE VILA FLOR<\/strong><\/p>\n<p>Fica dispensado da realiza\u00e7\u00e3o do certame licitat\u00f3rio para a CONTRATA\u00c7\u00c3O DE PESSOA JUR\u00cdDICA ESPECIALIZADA PARA PRESTAR OS SERVI\u00c7OS COM A CAPACITA\u00c7\u00c3O E TREINAMENTO A SERVIDORES DA PREFEITURA MUNICIPAL PARA OPERA\u00c7\u00c3O E ALIMENTA\u00c7\u00c3O DAS PLATAFORMAS E-SIC E PORTAL DA TRANSPAR\u00caNCIA EM OBEDI\u00caNCIA AS LEIS FEDERAL N\u00ba 131\/2009 E 12.527\/2011 DE ACESSO AS INFORMA\u00c7\u00d5ES E TRANSPAR\u00caNCIAS, CONFORME SOLICITA\u00c7\u00c3O DA SECRETARIA MUNICIPAL DE ADMINISTRA\u00c7\u00c3O. Declaro o interessado SISTEMA INTEGRADO DE FERRAMENTAS P\u00daBLICAS LTDA, CNPJ sob o N\u00b0 22.737.196\/0001-34, como apto e atestado para a execu\u00e7\u00e3o do servi\u00e7o de natureza cont\u00ednua. O servi\u00e7o ser\u00e1 realizado sob a responsabilidade e fiscaliza\u00e7\u00e3o desta Prefeitura Municipal. A motiva\u00e7\u00e3o se d\u00e1 pelo interesse P\u00fablico, tendo em vista ainda a necessidade da administra\u00e7\u00e3o em contratar o servi\u00e7o em apre\u00e7o com o valor R$ 5.500,00 (Cinco mil e quinhentos reais) mensais em face de not\u00f3rio interesse p\u00fablico na execu\u00e7\u00e3o das atividades desempenhadas. As despesas decorrentes desta contrata\u00e7\u00e3o est\u00e3o programadas em dota\u00e7\u00e3o or\u00e7ament\u00e1ria pr\u00f3pria, prevista no or\u00e7amento do Munic\u00edpio de Vila Flor\/RN, para o exerc\u00edcio de 2026, na classifica\u00e7\u00e3o a seguir: Unidade or\u00e7ament\u00e1ria: 03.001 \u2013 Secretaria Municipal de Administra\u00e7\u00e3o; Projeto\/Atividade: 2.007 \u2013 Manuten\u00e7\u00e3o das A\u00e7\u00f5es da Secretaria Municipal de Administra\u00e7\u00e3o; Natureza da Despesa: 3.3.90.39.00 \u2013 Outros Servi\u00e7os de Terceiros \u2013 Pessoa Jur\u00eddica; Fonte de Recursos: 15000000 \u2013 Recursos n\u00e3o vinculados de impostos;<\/p>\n<p><strong>RATIFICA\u00c7\u00c3O<\/strong><\/p>\n<p>Ante o exposto, tendo em vista os fundamentos apresentados e a regularidade formal do Processo Administrativo n\u00b0\u00a0<strong>12010004\/2026<\/strong>, bem como seu enquadramento legal, que fundamenta a Lei Federal n\u00ba 14.133\/2021 e legisla\u00e7\u00e3o complementar e, ainda de conformidade com o resultado do presente certame, usando das atribui\u00e7\u00f5es que nos s\u00e3o conferidas, a Prefeita Municipal de Vila Flor\/RN, atrav\u00e9s da Secretaria Municipal de Administra\u00e7\u00e3o, no uso de suas atribui\u00e7\u00f5es legais e com base nas informa\u00e7\u00f5es constantes do processo de licita\u00e7\u00e3o em ep\u00edgrafe, resolve\u00a0<strong>RATIFICAR<\/strong>\u00a0o\u00a0<strong>TERMO DE INEXIGIBILIDADE DE LICITA\u00c7\u00c3O N\u00ba 007\/2026,\u00a0<\/strong>para que este produza seus legais efeitos.<\/p>\n<p>Publique-se.<\/p>\n<p>&nbsp;<\/p>\n<p>Vila Flor\/RN, em 02 de fevereiro de 2026.<\/p>\n<p>&nbsp;<\/p>\n<p>&nbsp;<\/p>\n<p>_______________________________<\/p>\n<p>THUANNE KARLA CARVALHO DE SOUZA<\/p>\n<p><strong>Prefeita Municipal<\/strong><\/p>\n<p style=\"text-align: right;\"><strong>Publicado por:<\/strong><br \/>\nGRINALDO JOAQUIM DE SOUZA<br \/>\nSecret\u00e1rio Municipal de Administra\u00e7\u00e3o<br \/>\n<strong>C\u00f3digo Identificador:<\/strong>\u00a0R1BC9TW0JB<\/p>\n<div class=\"pdfprnt-buttons pdfprnt-buttons-post pdfprnt-bottom-right\"><a href=\"https:\/\/vilaflor.rn.gov.br\/transparencia\/wp-json\/wp\/v2\/posts?page=6&print=pdf#038;print=print\" class=\"pdfprnt-button pdfprnt-button-pdf\" target=\"_blank\"><img decoding=\"async\" src=\"https:\/\/vilaflor.rn.gov.br\/transparencia\/wp-content\/plugins\/pdf-print\/images\/pdf.png\" alt=\"image_pdf\" title=\"Baixar PDF\" \/><\/a><a href=\"https:\/\/vilaflor.rn.gov.br\/transparencia\/wp-json\/wp\/v2\/posts?page=6&print=print#038;print=print\" class=\"pdfprnt-button pdfprnt-button-print\" target=\"_blank\"><img decoding=\"async\" src=\"https:\/\/vilaflor.rn.gov.br\/transparencia\/wp-content\/plugins\/pdf-print\/images\/print.png\" alt=\"image_print\" title=\"Conte\u00fado de impress\u00e3o\" \/><\/a><\/div>","protected":false},"excerpt":{"rendered":"<p>ESTADO DO RIO GRANDE DO NORTE PREFEITURA MUNICIPAL DE VILA FLOR Fica dispensado da realiza\u00e7\u00e3o do certame licitat\u00f3rio para a CONTRATA\u00c7\u00c3O DE PESSOA JUR\u00cdDICA ESPECIALIZADA PARA PRESTAR OS SERVI\u00c7OS COM A CAPACITA\u00c7\u00c3O E TREINAMENTO A SERVIDORES DA PREFEITURA MUNICIPAL PARA OPERA\u00c7\u00c3O E ALIMENTA\u00c7\u00c3O DAS PLATAFORMAS E-SIC E PORTAL DA TRANSPAR\u00caNCIA EM OBEDI\u00caNCIA AS LEIS FEDERAL [&hellip;]<\/p>\n","protected":false},"author":1,"featured_media":0,"comment_status":"open","ping_status":"open","sticky":false,"template":"","format":"standard","meta":{"ocean_post_layout":"","ocean_both_sidebars_style":"","ocean_both_sidebars_content_width":0,"ocean_both_sidebars_sidebars_width":0,"ocean_sidebar":"0","ocean_second_sidebar":"0","ocean_disable_margins":"enable","ocean_add_body_class":"","ocean_shortcode_before_top_bar":"","ocean_shortcode_after_top_bar":"","ocean_shortcode_before_header":"","ocean_shortcode_after_header":"","ocean_has_shortcode":"","ocean_shortcode_after_title":"","ocean_shortcode_before_footer_widgets":"","ocean_shortcode_after_footer_widgets":"","ocean_shortcode_before_footer_bottom":"","ocean_shortcode_after_footer_bottom":"","ocean_display_top_bar":"default","ocean_display_header":"default","ocean_header_style":"","ocean_center_header_left_menu":"0","ocean_custom_header_template":"0","ocean_custom_logo":0,"ocean_custom_retina_logo":0,"ocean_custom_logo_max_width":0,"ocean_custom_logo_tablet_max_width":0,"ocean_custom_logo_mobile_max_width":0,"ocean_custom_logo_max_height":0,"ocean_custom_logo_tablet_max_height":0,"ocean_custom_logo_mobile_max_height":0,"ocean_header_custom_menu":"0","ocean_menu_typo_font_family":"0","ocean_menu_typo_font_subset":"","ocean_menu_typo_font_size":0,"ocean_menu_typo_font_size_tablet":0,"ocean_menu_typo_font_size_mobile":0,"ocean_menu_typo_font_size_unit":"px","ocean_menu_typo_font_weight":"","ocean_menu_typo_font_weight_tablet":"","ocean_menu_typo_font_weight_mobile":"","ocean_menu_typo_transform":"","ocean_menu_typo_transform_tablet":"","ocean_menu_typo_transform_mobile":"","ocean_menu_typo_line_height":0,"ocean_menu_typo_line_height_tablet":0,"ocean_menu_typo_line_height_mobile":0,"ocean_menu_typo_line_height_unit":"","ocean_menu_typo_spacing":0,"ocean_menu_typo_spacing_tablet":0,"ocean_menu_typo_spacing_mobile":0,"ocean_menu_typo_spacing_unit":"","ocean_menu_link_color":"","ocean_menu_link_color_hover":"","ocean_menu_link_color_active":"","ocean_menu_link_background":"","ocean_menu_link_hover_background":"","ocean_menu_link_active_background":"","ocean_menu_social_links_bg":"","ocean_menu_social_hover_links_bg":"","ocean_menu_social_links_color":"","ocean_menu_social_hover_links_color":"","ocean_disable_title":"default","ocean_disable_heading":"default","ocean_post_title":"","ocean_post_subheading":"","ocean_post_title_style":"","ocean_post_title_background_color":"","ocean_post_title_background":0,"ocean_post_title_bg_image_position":"","ocean_post_title_bg_image_attachment":"","ocean_post_title_bg_image_repeat":"","ocean_post_title_bg_image_size":"","ocean_post_title_height":0,"ocean_post_title_bg_overlay":0.5,"ocean_post_title_bg_overlay_color":"","ocean_disable_breadcrumbs":"default","ocean_breadcrumbs_color":"","ocean_breadcrumbs_separator_color":"","ocean_breadcrumbs_links_color":"","ocean_breadcrumbs_links_hover_color":"","ocean_display_footer_widgets":"default","ocean_display_footer_bottom":"default","ocean_custom_footer_template":"0","ocean_post_oembed":"","ocean_post_self_hosted_media":"","ocean_post_video_embed":"","ocean_link_format":"","ocean_link_format_target":"self","ocean_quote_format":"","ocean_quote_format_link":"post","ocean_gallery_link_images":"on","ocean_gallery_id":[],"footnotes":""},"categories":[12,74,4],"tags":[],"class_list":["post-4204","post","type-post","status-publish","format-standard","hentry","category-inexigibilidade","category-inexigibilidade-2026","category-licitacao","entry"],"_links":{"self":[{"href":"https:\/\/vilaflor.rn.gov.br\/transparencia\/wp-json\/wp\/v2\/posts\/4204","targetHints":{"allow":["GET"]}}],"collection":[{"href":"https:\/\/vilaflor.rn.gov.br\/transparencia\/wp-json\/wp\/v2\/posts"}],"about":[{"href":"https:\/\/vilaflor.rn.gov.br\/transparencia\/wp-json\/wp\/v2\/types\/post"}],"author":[{"embeddable":true,"href":"https:\/\/vilaflor.rn.gov.br\/transparencia\/wp-json\/wp\/v2\/users\/1"}],"replies":[{"embeddable":true,"href":"https:\/\/vilaflor.rn.gov.br\/transparencia\/wp-json\/wp\/v2\/comments?post=4204"}],"version-history":[{"count":1,"href":"https:\/\/vilaflor.rn.gov.br\/transparencia\/wp-json\/wp\/v2\/posts\/4204\/revisions"}],"predecessor-version":[{"id":4205,"href":"https:\/\/vilaflor.rn.gov.br\/transparencia\/wp-json\/wp\/v2\/posts\/4204\/revisions\/4205"}],"wp:attachment":[{"href":"https:\/\/vilaflor.rn.gov.br\/transparencia\/wp-json\/wp\/v2\/media?parent=4204"}],"wp:term":[{"taxonomy":"category","embeddable":true,"href":"https:\/\/vilaflor.rn.gov.br\/transparencia\/wp-json\/wp\/v2\/categories?post=4204"},{"taxonomy":"post_tag","embeddable":true,"href":"https:\/\/vilaflor.rn.gov.br\/transparencia\/wp-json\/wp\/v2\/tags?post=4204"}],"curies":[{"name":"wp","href":"https:\/\/api.w.org\/{rel}","templated":true}]}},{"id":4202,"date":"2026-02-05T09:46:10","date_gmt":"2026-02-05T12:46:10","guid":{"rendered":"https:\/\/vilaflor.rn.gov.br\/transparencia\/?p=4202"},"modified":"2026-04-02T09:46:54","modified_gmt":"2026-04-02T12:46:54","slug":"aviso-de-dispensa-de-licitacao-n-006-2026","status":"publish","type":"post","link":"https:\/\/vilaflor.rn.gov.br\/transparencia\/aviso-de-dispensa-de-licitacao-n-006-2026\/","title":{"rendered":"AVISO DE DISPENSA DE LICITA\u00c7\u00c3O N\u00b0 006\/2026"},"content":{"rendered":"<p><strong>ESTADO DO RIO GRANDE DO NORTE<\/strong><br \/>\n<strong>PREFEITURA MUNICIPAL DE VILA FLOR<\/strong><\/p>\n<p>FUNDAMENTA\u00c7\u00c3O LEGAL: ART. 75, INCISO II e \u00a7\u00a7 1\u00ba a 4\u00ba, DA LEI FEDERAL N\u00ba 14.133\/2021; INSTRU\u00c7\u00c3O NORMATIVA SEMGE N\u00ba 05\/2021<\/p>\n<p>&nbsp;<\/p>\n<p><strong>DADOS DO AVISO<\/strong><\/p>\n<p>Vila Flor\/RN, em 04 de fevereiro de 2026.<\/p>\n<p>&nbsp;<\/p>\n<p><strong>PROCESSO ADMINISTRATIVO:\u00a0<\/strong>28010001\/2026<\/p>\n<p>&nbsp;<\/p>\n<p><strong>DATA E HORA LIMITE PARA ENTREGA DA PROPOSTA DE PRE\u00c7O E DOCUMENTOS DE HABILITA\u00c7\u00c3O<\/strong><\/p>\n<p>&nbsp;<\/p>\n<p>At\u00e9 dia 10\/02\/2026, \u00e0s 09:00h<\/p>\n<p>&nbsp;<\/p>\n<p><strong>REFER\u00caNCIA DE HOR\u00c1RIO<\/strong><\/p>\n<p><strong>\u00a0<\/strong><\/p>\n<p>Hor\u00e1rio de Brasilia \u2013 DF<\/p>\n<p><strong>\u00a0<\/strong><\/p>\n<p><strong>ENDERE\u00c7O ELETR\u00d4NICO PARA ENVIO DA PROPOSTA E DOCUMENTOS DE HABILITA\u00c7\u00c3O<\/strong><\/p>\n<p><strong>\u00a0<\/strong><\/p>\n<p><a href=\"mailto:pmvflicitacoes2021@gmail.com\">PMVFLICITACOES2021@GMAIL.COM<\/a><\/p>\n<p><strong>\u00a0<\/strong><\/p>\n<p>A\u00a0<strong>PREFEITURA MUNICIPAL DE VILA FLOR<\/strong>, atrav\u00e9s da\u00a0<strong>COMISS\u00c3O DE LICITA\u00c7\u00c3O<\/strong>, com sede na Rua Jos\u00e9 Calazans, 169, Centro, Vila Flor\/RN, CEP 59.192-000, inscrita no CNPJ\/MF sob n\u00b0 08.169.278\/0001-07, torna p\u00fablico para conhecimento dos interessados a realiza\u00e7\u00e3o de Chamada P\u00fablica para\u00a0<strong>DISPENSA DE LICITA\u00c7\u00c3O<\/strong>, com crit\u00e9rio de julgamento MENOR PRE\u00c7O POR ITEM, nos termos do Art. n\u00ba 75, inciso II da Lei 14.133\/2021, e de acordo com as condi\u00e7\u00f5es, crit\u00e9rios e procedimentos estabelecidos neste Aviso e seus anexos, objetivando obter a melhor proposta, observadas as datas e hor\u00e1rios discriminados.<\/p>\n<p>OS INTERESSADOS DEVER\u00c3O ACOMPANHAR AS MENSAGENS REFERENTES A ESTE AVISO (RESPOSTAS A QUESTIONAMENTOS, IMPUGNA\u00c7\u00d5ES, RECURSOS, ETC.) NO E-MAIL INSTITUCIONAL, SENDO EXCLUSIVOS RESPONS\u00c1VEIS PELO \u00d4NUS DECORRENTE DA PERDA DE NEG\u00d3CIOS DIANTE DA INOBSERV\u00c2NCIA DE QUAISQUER MENSAGENS EMITIDAS PELO PORTAL.<\/p>\n<p>&nbsp;<\/p>\n<p><strong><u>ANEXOS DESTE AVISO<\/u><\/strong><\/p>\n<p><strong>\u00a0<\/strong><\/p>\n<p>Anexo I \u2013 Termo de Refer\u00eancia<\/p>\n<p>Anexo II \u2013 Modelo de Proposta de Pre\u00e7os<\/p>\n<p>Anexo III \u2013 Modelo de Declara\u00e7\u00e3o de cumprimento do disposto no Inc. XXXIII do art. 7\u00ba da Constitui\u00e7\u00e3o \u00a0Federal<\/p>\n<p>Anexo IV \u2013 Declara\u00e7\u00e3o de reserva de cargos PcD, consoante art. 92, da Lei Federal n\u201d 14.133\/2021<\/p>\n<p>Anexo V \u2013 Declara\u00e7\u00e3o impedimentos do art. 14 da Lei Federal n\u201d 14.133\/2021<\/p>\n<p>Anexo VI \u2013 Minuta do Contrato<\/p>\n<p>&nbsp;<\/p>\n<p><strong>AVISO DE DISPENSA DE LICITA\u00c7\u00c3O N\u00b0 006\/2026<\/strong><\/p>\n<p><strong>\u00a0<\/strong><\/p>\n<ol>\n<li><strong>REG\u00caNCIA LEGAL<\/strong><\/li>\n<\/ol>\n<p>As contra\u00e7\u00f5es atrav\u00e9s de dispensa de licita\u00e7\u00e3o no Prefeitura Municipal de Vila Flor s\u00e3o regidas pelos dispositivos legais:<\/p>\n<ol start=\"14\">\n<li>a) Lei n\u00ba 133\/2021, Art. 75, Inc. II;<\/li>\n<li>Instru\u00e7\u00e3o Normativa SEMGE n\u00ba 05\/2021, aprovada pela Portaria SEMGE n\u00ba 624\/2021.<\/li>\n<\/ol>\n<p>&nbsp;<\/p>\n<ol start=\"2\">\n<li><strong>OBJETO<\/strong><\/li>\n<\/ol>\n<p>O presente termo de refer\u00eancia visa orientar a licita\u00e7\u00e3o para a\u00a0<strong>CONTRATA\u00c7\u00c3O DE EMPRESA PARA PRESTA\u00c7\u00c3O DE SERVI\u00c7OS DE DIGITALIZA\u00c7\u00c3O DE DOCUMENTOS, TRATAMENTO COM GERENCIAMENTO ELETR\u00d4NICO DE INFORMA\u00c7\u00d5ES, CAPTURA DE IMAGEM, O RECONHECIMENTO \u00d3PTICO DOS CARACTERES \u2013 OCR, INDEXA\u00c7\u00c3O, AUDITORIA EM SISTEMA, GERENCIAMENTO DE CONHECIMENTO EM SOFTWARE COM GUARDA DE DOCUMENTOS EM M\u00cdDIA, CONVERS\u00c3O DE ARTEFATOS F\u00cdSICO PARA DIGITAL COM DISPONIBILIZA\u00c7\u00c3O DE TEXTO EM IMAGEM PARA CONSULTA, PESQUISA E VISUALIZA\u00c7\u00c3O EM SOFTWARE DE GERENCIAMENTO ELETR\u00d4NICO, PORTAL DE CONSULTA WEB PERMITINDO DOWNLOAD DOS DOCUMENTOS DIGITALIZADOS, DOCUMENTOS PARA FORMATO COM ASSINATURA ELETR\u00d4NICA, IMPLEMENTA\u00c7\u00c3O, SUPORTE T\u00c9CNICO, TREINAMENTO E SOFTWARE DE GERENCIAMENTO ELETR\u00d4NICO DE DOCUMENTOS GED, COM LICENCIAMENTO DE USO PERPETUO EM M\u00cdDIA DOS DOCUMENTOS DIGITALIZADOS. MIGRA\u00c7\u00c3O DE ARQUIVOS DIGITALIZADOS ANTERIORMENTE EM FORMATO TIFF (FORMATO DE ARQUIVO RASTER PARA IMAGENS DIGITAIS) E PDF, ARMAZENADOS NO BANCO DE DADOS MICROSOFT MYSQ<\/strong>, Anexo I deste Aviso.<\/p>\n<p>&nbsp;<\/p>\n<ol start=\"3\">\n<li><strong>INFORMA\u00c7\u00d5ES PRELIMINARES<\/strong><\/li>\n<\/ol>\n<p>Os interessados dever\u00e3o proceder, antes da elabora\u00e7\u00e3o das propostas, verifica\u00e7\u00e3o minuciosa de todos os elementos fornecidos, solicitando por escrito ao\u00a0<strong>SETOR DE LICITA\u00c7\u00c3O<\/strong>, via e-mail:\u00a0<a href=\"mailto:atendimento_cosel@salvador.ba.gov.br\"><strong>PMVFLICITACOES2021@GMAIL.COM<\/strong>,<\/a>\u00a0at\u00e9 01 (um) dia \u00fatil antes do prazo final para apresenta\u00e7\u00e3o da documenta\u00e7\u00e3o, as d\u00favidas suscitadas, que ser\u00e3o esclarecidas no pr\u00f3prio e-mail.<\/p>\n<p>&nbsp;<\/p>\n<ol start=\"4\">\n<li><strong>CONDI\u00c7\u00d5ES DE PARTICIPA\u00c7\u00c3O<\/strong>\n<ul>\n<li>Poder\u00e3o participar desta Dispensa de Licita\u00e7\u00e3o, pessoas f\u00edsica ou jur\u00eddica, regularmente estabelecidas no pa\u00eds que atenda \u00e0s condi\u00e7\u00f5es exigidas neste Aviso e seus anexos, devendo pertencer ao ramo da atividade pertinente e compat\u00edvel com o objeto<\/li>\n<\/ul>\n<\/li>\n<\/ol>\n<p>&nbsp;<\/p>\n<ul>\n<li>N\u00e3o poder\u00e3o participar desta Dispensa de Licita\u00e7\u00e3o os interessados:<\/li>\n<\/ul>\n<p>&nbsp;<\/p>\n<ol>\n<li>Proibidos de participar de licita\u00e7\u00f5es e celebrar contratos administrativos, na forma da legisla\u00e7\u00e3o<\/li>\n<li>Que n\u00e3o atendam \u00e0s condi\u00e7\u00f5es deste Aviso e Termo de Refer\u00eancia;<\/li>\n<li>Estrangeiros que n\u00e3o tenham representa\u00e7\u00e3o legal no Brasil com poderes expressos para receber cita\u00e7\u00e3o e responder administrativa ou judicialmente;<\/li>\n<li>Que se enquadrem nas veda\u00e7\u00f5es previstas no artigo 14\u00ba da Lei Federal n\u00b0 133\/21;<\/li>\n<li>Organiza\u00e7\u00f5es da Sociedade Civil de Interesse P\u00fablico \u2013 OSC IP, atuando nessa condi\u00e7\u00e3o (Ac\u00f3rd\u00e3o n\u00b0746\/2014 \u2013 TCU Plen\u00e1rio);<\/li>\n<li>Estejam cumprindo penalidade de suspens\u00e3o tempor\u00e1ria imposta pela Administra\u00e7\u00e3o P\u00fablica Municipal, ou, ainda, penalidade imposta por qualquer \u00f3rg\u00e3o da Administra\u00e7\u00e3o P\u00fablica, nas hip\u00f3teses previstas nos incisos III e IV do 156 da Lei n\u00b0 14.133\/21<\/li>\n<\/ol>\n<p>&nbsp;<\/p>\n<ol start=\"5\">\n<li><strong>ESPECIFICA\u00c7\u00d5ES DO OBJETO, DOTA\u00c7\u00c3O OR\u00c7AMENT\u00c1RIA, PRAZOS E LOCAL DE PRESTA\u00c7\u00c3O DE SERVI\u00c7OS<\/strong><\/li>\n<\/ol>\n<p>As informa\u00e7\u00f5es relativas a especifica\u00e7\u00f5es do objeto, dota\u00e7\u00e3o or\u00e7ament\u00e1ria, prazos e local de entrega est\u00e3o elencadas no termo de Refer\u00eancia anexo I deste Aviso.<\/p>\n<p>&nbsp;<\/p>\n<ol start=\"6\">\n<li><strong>PRAZO E FORMA PARA ENVIO DOS DOCUMENTOS DE HABILITA\u00c7\u00c3O E PROPOSTA DE PRE\u00c7O<\/strong>\n<ul>\n<li><strong>PRAZO DE ENTREGA DOS DOCUMENTOS<\/strong>: Esta chamada p\u00fablica para Dispensa de Licita\u00e7\u00e3o ficar\u00e1 aberta por um per\u00edodo de\u00a0<strong>03 (TR\u00caS) DIAS UT\u00c9IS,\u00a0<\/strong>contados a partir da data de publica\u00e7\u00e3o do\u00a0<strong>AVISO<\/strong>\u00a0<strong>DE DISPENSA DE LICITA\u00c7\u00c3O\u00a0<\/strong>na imprensa<\/li>\n<li>A proposta de pre\u00e7os e os documentos de habilita\u00e7\u00e3o, dever\u00e3o ser encaminhados via e-mail, para o endere\u00e7o eletr\u00f4nico:\u00a0<a href=\"mailto:atendimento_cosel@salvador.ba.gov.br\"><strong>PMVFLICITACOES2021@GMAIL.COM<\/strong>,<\/a>\u00a0fazendo refer\u00eancia no assunto do e-mail a\u00a0<strong>DISPENSA DE LICITA\u00c7\u00c3O N\u00b0 006\/2026.<\/strong><\/li>\n<\/ul>\n<\/li>\n<\/ol>\n<p>&nbsp;<\/p>\n<p>7.\u00a0\u00a0\u00a0\u00a0\u00a0\u00a0\u00a0 PROPOSTAS DE PRE\u00c7OS<\/p>\n<p><strong>\u00a0<\/strong><\/p>\n<ul>\n<li>A proposta de pre\u00e7os dever\u00e1 ser apresentada na forma, prazo e condi\u00e7\u00f5es estipulados neste Aviso e seus<\/li>\n<\/ul>\n<p>&nbsp;<\/p>\n<ul>\n<li>A proposta dever\u00e1 ser redigida em papel timbrado do interessado, por meio mec\u00e2nico ou informatizado, de forma clara e inequ\u00edvoca, sem emendas, rasuras ou entrelinhas, em estrita observ\u00e2ncia \u00e0s especifica\u00e7\u00f5es contidas neste Aviso, assinada na \u00faltima folha e rubricada nas demais pelo seu titular ou representante legal, devidamente identificado, nela constando, obrigatoriamente:<\/li>\n<\/ul>\n<p>&nbsp;<\/p>\n<ol>\n<li>Raz\u00e3o Social, CNPJ, endere\u00e7o, CEP, telefone\/ e-mail e pessoa de contato;<\/li>\n<li>Pre\u00e7os de acordo com os praticados no mercado, dento do pre\u00e7o m\u00e1ximo que a SEMOP se disp\u00f5e a pagar, em algarismo e por extenso, s\u00f3 reajust\u00e1veis na forma da lei, com valores expressos em moeda corrente nacional (R$). Ocorrendo diverg\u00eancia entre o pre\u00e7o em algarismo e o expresso por extenso, ser\u00e1 levado em conta por extenso.<\/li>\n<li>Prazo de validade de proposta n\u00e3o inferior a 90 (noventa) dias, a contar da data de sua apresenta\u00e7\u00e3o, sendo facultado aos proponentes estender tal validade por prazo<\/li>\n<\/ol>\n<p>&nbsp;<\/p>\n<ul>\n<li>A proposta de pre\u00e7os apresentada dever\u00e1 incluir todas e quaisquer despesas necess\u00e1rias para a execu\u00e7\u00e3o do objeto desta Dispensa de Licita\u00e7\u00e3o, tais como: tributos, emolumentos, contribui\u00e7\u00f5es sociais, fiscais, parafiscais, fretes, seguros e demais despesas inerentes, devendo o pre\u00e7o ofertado corresponder rigorosamente \u00e0s especifica\u00e7\u00f5es do objeto, n\u00e3o cabendo quaisquer reivindica\u00e7\u00f5es devidas a erros nessa avalia\u00e7\u00e3o, para efeito de solicitar revis\u00e3o de pre\u00e7os.<\/li>\n<\/ul>\n<p>&nbsp;<\/p>\n<ul>\n<li>A proposta de pre\u00e7os que n\u00e3o estiver em conson\u00e2ncia com as exig\u00eancias deste Aviso ser\u00e1<\/li>\n<\/ul>\n<p>&nbsp;<\/p>\n<ul>\n<li>Os pre\u00e7os ofertados n\u00e3o poder\u00e3o exceder os pre\u00e7os m\u00e1ximos, constantes neste<\/li>\n<\/ul>\n<p>&nbsp;<\/p>\n<p>8.\u00a0\u00a0\u00a0\u00a0\u00a0\u00a0\u00a0 DOCUMENTA\u00c7\u00c3O DE HABILITA\u00c7\u00c3O<\/p>\n<p><strong>\u00a0<\/strong><\/p>\n<ul>\n<li>Para fins de comprova\u00e7\u00e3o de habilita\u00e7\u00e3o, dever\u00e3o ser apresentados junto com a proposta de pre\u00e7os, os documentos abaixo relacionados, com prazo vigente, \u00e0 exce\u00e7\u00e3o daqueles que por sua natureza n\u00e3o contenham validade:<\/li>\n<\/ul>\n<p>&nbsp;<\/p>\n<ul>\n<li><strong><u>Habilita\u00e7\u00e3o Jur\u00eddica<\/u><\/strong>\n<ol>\n<li>Ato constitutivo, estatuto ou contrato social em vigor, devidamente registrado ou inscrito;<\/li>\n<li>Em se tratando de Microempreendedor individual \u2014 MEI: Certificado da Condi\u00e7\u00e3o de Microempreendedor Individual \u2013 CCMEI;<\/li>\n<\/ol>\n<\/li>\n<\/ul>\n<p>&nbsp;<\/p>\n<ul>\n<li><strong><u>Regularidade Fiscal e Trabalhista<\/u><\/strong>\n<ol start=\"8\">\n<li>Certid\u00e3o Conjunta Negativa de D\u00e9bitos, relativa aos tributos federais e \u00e0 D\u00edvida Ativa da Uni\u00e3o, no \u00e2mbito da RFB e da PGFN abrangendo inclusive as contribui\u00e7\u00f5es sociais previstas nas al\u00edneas \u201ca\u201d e \u201cd\u201d do par\u00e1grafo \u00fanico do art. 11 da Lei n.\u00ba 8.212, de 24 de julho de 1991, com base na Portaria Conjunta RFB\/PGFN no 751, de 02\/10\/2014.<\/li>\n<li>Prova de inscri\u00e7\u00e3o no cadastro de contribuintes estadual e\/ou Municipal, se houver, relativo ao domicilio ou sede do interessado, pertinente ao seu ramo de atividade e compat\u00edvel com o objeto<\/li>\n<li>Prova de regularidade com a Fazenda Estadual relativo ao domicilio ou sede do interessado;<\/li>\n<li>Prova de regularidade com a Fazenda Municipal do relativo ao domicilio ou sede do interessado;<\/li>\n<li>Prova de regularidade com o Fundo de Garantia por Tempo de Servi\u00e7o (FGTS), mediante a apresenta\u00e7\u00e3o de Certificado de Regularidade de Situa\u00e7\u00e3o\/CRF.<\/li>\n<li>Prova de inexist\u00eancia de d\u00e9bitos inadimplidos perante a justi\u00e7a do trabalho, mediante a apresenta\u00e7\u00e3o de Certid\u00e3o Negativa de D\u00e9bitos Trabalhistas (CNDT), com prazo de validade de 180 (cento e oitenta dias), contados da data de sua emiss\u00e3o, de acordo com a Legisla\u00e7\u00e3o federal \u201cLei n\u00ba 440, de 07 de julho de 2011\u201d.<\/li>\n<li>Prova de inscri\u00e7\u00e3o de Cadastro Nacional de Pessoas Jur\u00eddicas CNPJ;<\/li>\n<\/ol>\n<\/li>\n<\/ul>\n<p>&nbsp;<\/p>\n<ul>\n<li><strong><u>Qualifica\u00e7\u00e3o T\u00e9cnica<\/u><\/strong>\n<ol>\n<li>Apresenta\u00e7\u00e3o de pelo menos 01 (um) atestado em nome da pessoa jur\u00eddica, fornecido por pessoa jur\u00eddica de direito p\u00fablico ou privado, suficientes para comprovar a aptid\u00e3o em execu\u00e7\u00e3o de objetos similares ao desta contrata\u00e7\u00e3o.\n<ul>\n<li>O(s) atestado(s) dever\u00e1(\u00e3o) ser apresentado(s) constando as seguintes informa\u00e7\u00f5es da emitente: papel timbrado, CNPJ, endere\u00e7o, telefone, data de emiss\u00e3o, nome e cargo\/fun\u00e7\u00e3o de quem assina o documento, bem como conter objeto, atividades desenvolvidas e per\u00edodo da contrata\u00e7\u00e3o.<\/li>\n<li>N\u00e3o ser\u00e3o aceitos atestados emitidos por empresas do mesmo grupo empresarial da promitente contratada ou pela pr\u00f3pria pessoa jur\u00eddica e\/ou emitidos por empresas, das quais participem s\u00f3cios ou diretores da promitente<\/li>\n<\/ul>\n<\/li>\n<\/ol>\n<\/li>\n<\/ul>\n<p>&nbsp;<\/p>\n<ul>\n<li><strong><u>Qualifica\u00e7\u00e3o econ\u00f4mico-financeira<\/u><\/strong>\n<ol>\n<li>Certid\u00e3o negativa de fal\u00eancia, recupera\u00e7\u00e3o judicial ou extrajudicial ou execu\u00e7\u00e3o patrimonial, conforme o caso, expedida pelo distribuidor da sede do\n<ul>\n<li>Caso o licitante encontre-se em recupera\u00e7\u00e3o judicial, admite-se a participa\u00e7\u00e3o, em licita\u00e7\u00f5es, desde que amparadas em certid\u00e3o emitida pela inst\u00e2ncia judicial competente afirmando que a interessada est\u00e1 apta econ\u00f4mica e financeiramente a participar de procedimento licitat\u00f3rio, na forma do Ac\u00f3rd\u00e3o TCU \u2013 Plen\u00e1rio \u2013 1201\/2020.<\/li>\n<\/ul>\n<\/li>\n<li>Rela\u00e7\u00e3o de Compromissos Assumidos, conforme expressa o art. 69 combinado com o art. 67, IV da Lei Federal n\u00ba 14133\/2021, bem como orienta\u00e7\u00e3o do Manual de licita\u00e7\u00f5es e contratos do TCU e da IN 05\/2017 Minist\u00e9rio do Planejamento, Desenvolvimento e Gest\u00e3o, a qual deve informar que 1\/12 (um doze avos) dos contratos firmados pela licitante n\u00e3o \u00e9 superior ao Patrim\u00f4nio L\u00edquido da licitante, conforme a equa\u00e7\u00e3o:<\/li>\n<\/ol>\n<\/li>\n<\/ul>\n<p>&nbsp;<\/p>\n<p><strong>F\u00d3RMULA DE C\u00c1LCULO:<\/strong><\/p>\n<p><strong>\u00a0<\/strong><\/p>\n<table>\n<tbody>\n<tr>\n<td width=\"313\">(Valor do Patrim\u00f4nio L\u00edquido x 12) &gt; 1<\/td>\n<\/tr>\n<tr>\n<td width=\"313\">Valor total dos contratos*<\/td>\n<\/tr>\n<\/tbody>\n<\/table>\n<p>&nbsp;<\/p>\n<p>Observa\u00e7\u00e3o:<\/p>\n<p>Nota 1: Esse resultado dever\u00e1 ser superior a 1 (um).<\/p>\n<p>Nota 2: Considera-se o valor remanescente do contrato, excluindo o j\u00e1 executado*.<\/p>\n<p>&nbsp;<\/p>\n<p>Para os casos onde a diferen\u00e7a entre a receita bruta discriminada na Demonstra\u00e7\u00e3o do Resultado do Exerc\u00edcio (DRE) e a declara\u00e7\u00e3o apresentada seja maior que 10% (dez por cento) positivo ou negativo em rela\u00e7\u00e3o \u00e0 receita bruta, conforme a equa\u00e7\u00e3o:<\/p>\n<p>&nbsp;<\/p>\n<table>\n<tbody>\n<tr>\n<td width=\"381\">(Valor da Receita Bruta \u2013 Valor total dos Contratos) x 100<\/td>\n<td rowspan=\"2\" width=\"52\">= %<\/td>\n<\/tr>\n<tr>\n<td width=\"381\">Valor da Receita Bruta<\/td>\n<\/tr>\n<\/tbody>\n<\/table>\n<p>&nbsp;<\/p>\n<ol>\n<li>Caso a diferen\u00e7a entre a declara\u00e7\u00e3o e a receita bruta discriminada na Demonstra\u00e7\u00e3o do Resultado do Exerc\u00edcio \u2013 DRE apresentada seja superior a 10% (dez por cento), para mais ou para menos, o licitante dever\u00e1 apresentar justificativa para tal diverg\u00eancia na qual dever\u00e1 ficar clara a raz\u00e3o desta diferen\u00e7a.<\/li>\n<li>A Declara\u00e7\u00e3o contendo a rela\u00e7\u00e3o dos contratos, a demonstra\u00e7\u00e3o dos resultados dever\u00e1 ser constitu\u00edda minimamente do: nome do emitente, CNPJ, Vig\u00eancia e Valor do Contrato e\/ou Ata de registro de pre\u00e7os, e justificativas quando se fizerem necess\u00e1rias. Esses elementos s\u00e3o itens obrigat\u00f3rios no documento, e esse faz parte do rol das exig\u00eancias legais para os servi\u00e7os, sendo motivo de inabilita\u00e7\u00e3o imediata da licitante por descumprimento das qualifica\u00e7\u00f5es econ\u00f4mico financeiras. Caso as licitantes n\u00e3o possuam contratos ou atas vigentes, dever\u00e3o apresentar os \u00edndices e justificativas com o equivalente dos contratos zerados.<\/li>\n<\/ol>\n<p>&nbsp;<\/p>\n<ul>\n<li><strong><u>Documenta\u00e7\u00e3o Complementar de Habilita\u00e7\u00e3o<\/u><\/strong>\n<ol start=\"14\">\n<li>Declara\u00e7\u00e3o de que n\u00e3o est\u00e1 incurso nos impedimentos de que trata o art.14 da Federal n\u00b0 133\/2021, conforme modelo ANEXO IV;<\/li>\n<li>Declara\u00e7\u00e3o de que cumpre as exig\u00eancias de reserva de cargos para Pessoas com Defici\u00eancia \u2014 PcD e para reabilitado da Previd\u00eancia Social, previstas em lei e normas espec\u00edficas, conforme modelo ANEXO III;<\/li>\n<li>Certid\u00e3o Negativa de Cadastro Nacional de Empresas Inid\u00f4neas e Suspensas \u2014 CEIS<\/li>\n<li>Certid\u00e3o Negativa de Cadastro Nacional de Empresas P\u00fablicas \u2014 CNE<\/li>\n<li>Declara\u00e7\u00e3o assinada pelo titular ou representante legal da Requerente, devidamente identificado, em conformidade com o disposto no XXXIII, art. 7\u00ba, da Constitui\u00e7\u00e3o Federal (Modelo no\u00a0<strong>Anexo IV\u00a0<\/strong>deste Aviso).<\/li>\n<\/ol>\n<\/li>\n<\/ul>\n<p>&nbsp;<\/p>\n<p>9.\u00a0\u00a0\u00a0\u00a0\u00a0\u00a0\u00a0 CRIT\u00c9RIO DE JULGAMENTO<\/p>\n<p><strong>\u00a0<\/strong><\/p>\n<ul>\n<li><strong><u>PROPOSTAS DE PRE\u00c7OS<\/u><\/strong><\/li>\n<\/ul>\n<p>&nbsp;<\/p>\n<ul>\n<li>As propostas apresentadas em conson\u00e2ncia com as exig\u00eancias do Aviso ser\u00e3o classificadas e ser\u00e1 declara vencedora a que apresentar o menor pre\u00e7o.<\/li>\n<\/ul>\n<p>&nbsp;<\/p>\n<ul>\n<li>Os interessados que apresentarem proposta de pre\u00e7os com diverg\u00eancia \u00e0s exig\u00eancias deste Aviso e seus anexos ser\u00e1<\/li>\n<\/ul>\n<p>&nbsp;<\/p>\n<ul>\n<li><strong><u>HABILITA\u00c7\u00c3O<\/u><\/strong>\n<ul>\n<li>Ser\u00e1 habilitado o interessado que atender todas as condi\u00e7\u00f5es do Aviso e seus<\/li>\n<li>Ser\u00e1 inabilitada o interessado que n\u00e3o atender as condi\u00e7\u00f5es do Aviso e seus<\/li>\n<\/ul>\n<\/li>\n<\/ul>\n<p>&nbsp;<\/p>\n<p>10.\u00a0\u00a0\u00a0\u00a0\u00a0 OBRIGA\u00c7\u00d5ES, PENALIDADES E SAN\u00c7\u00d5ES<\/p>\n<p><strong>\u00a0<\/strong><\/p>\n<p>As obriga\u00e7\u00f5es, penalidades e sans\u00f5es est\u00e3o elencadas no Termo de Refer\u00eancia, anexo I deste Aviso e s\u00e3o parte integrante independente de transcri\u00e7\u00e3o.<\/p>\n<p>&nbsp;<\/p>\n<p>11.\u00a0\u00a0\u00a0\u00a0\u00a0\u00a0\u00a0\u00a0 DISPOSI\u00c7\u00d5ES GERAIS<\/p>\n<p><strong>\u00a0<\/strong><\/p>\n<ul>\n<li>O interessado n\u00e3o poder\u00e1 alegar como justificativa para se eximir das obriga\u00e7\u00f5es assumidas, o desconhecimento das condi\u00e7\u00f5es para participa\u00e7\u00e3o desta Dispensa de Licita\u00e7\u00e3o.<\/li>\n<li>Poder\u00e1 esta Secretaria Municipal da Prefeitura Municipal de Vila Flor, revogar o presente Aviso, no todo em parte, por conveni\u00eancia administrativa e interesse p\u00fablico, decorrente de falo superveniente, devidamente<\/li>\n<li>A Secretaria Municipal da Prefeitura Municipal de Vila Flor poder\u00e1 anular o presente Aviso, no todo em parte, caso ocorra ilegalidade, de oficio ou por provoca\u00e7\u00e3o. A anula\u00e7\u00e3o do procedimento oriundo deste Aviso, n\u00e3o gera direito a indeniza\u00e7\u00e3o.<\/li>\n<li>Ap\u00f3s a fase de classifica\u00e7\u00e3o da proposta, n\u00e3o cabe desist\u00eancia da mesma, salvo por motivo justo decorrente de fato superveniente, e desde que aceito pela Prefeitura Municipal.<\/li>\n<li>Ao apresentar a proposta de pre\u00e7os, o interessado declara sob as penalidades da Lei, da inexist\u00eancia de qualquer v\u00ednculo de natureza t\u00e9cnica, comercial, econ\u00f4mica, financeira ou trabalhista, entre si e os respons\u00e1veis por esta Dispensa de Licita\u00e7\u00e3o, quer direta ou<\/li>\n<li>A apresenta\u00e7\u00e3o de proposta pressup\u00f5e o pleno conhecimento, atendimento e aceita\u00e7\u00e3o integral e irretrat\u00e1vel, por parte do interessado, das exig\u00eancias e condi\u00e7\u00f5es estabelecidas neste Aviso e Termo de Refer\u00eancia.<\/li>\n<li>A falsidade de qualquer documento apresentado ou a inverdade das informa\u00e7\u00f5es nele contidas implicar\u00e1 a imediata desclassifica\u00e7\u00e3o\/inabilita\u00e7\u00e3o do interessado que o tiver apresentado, ou, caso tenha sido o vencedor, a rescis\u00e3o do contrato ou do pedido de compra, sem preju\u00edzo de demais san\u00e7\u00f5es cab\u00edveis.<\/li>\n<li>Na contagem dos prazos estabelecidos neste Aviso, com fulcro no Art 183 da Lei Federal 133\/2021, ser\u00e3o contados com exclus\u00e3o do dia do come\u00e7o e inclus\u00e3o do dia do vencimento, observando-se as seguintes disposi\u00e7\u00f5es:\n<ol>\n<li>os prazos expressos em dias corridos ser\u00e3o computados de modo cont\u00ednuo;<\/li>\n<li>os prazos expressos em meses ou anos ser\u00e3o computados de data a data;<\/li>\n<li>nos prazos expressos em dias \u00fateis, ser\u00e3o computados somente os dias em que ocorrer expediente administrativo no \u00f3rg\u00e3o ou entidade competente.<\/li>\n<\/ol>\n<\/li>\n<\/ul>\n<p>&nbsp;<\/p>\n<ul>\n<li>Salvo disposi\u00e7\u00e3o em contr\u00e1rio, considera-se dia do come\u00e7o do prazo:\n<ol>\n<li>o primeiro dia \u00fatil seguinte ao da disponibiliza\u00e7\u00e3o da informa\u00e7\u00e3o na<\/li>\n<\/ol>\n<\/li>\n<\/ul>\n<p>Vila Flor\/RN, em 04 de fevereiro de 2026.<\/p>\n<p>&nbsp;<\/p>\n<p>&nbsp;<\/p>\n<p>KEDSON JOS\u00c9 DE LIMA<\/p>\n<p><strong>AGENTE DE CONTRATA\u00c7\u00c3O<\/strong><\/p>\n<p><strong>\u00a0<\/strong><\/p>\n<p>DISPENSA DE LICITA\u00c7\u00c3O N\u00b0 006\/2026<\/p>\n<p>SETOR DE LICITA\u00c7\u00c3O<\/p>\n<p>ANEXO I \u2013 TERMO DE REFER\u00caNCIA<\/p>\n<ol>\n<li>OBJETO<\/li>\n<\/ol>\n<p><strong>\u00a0<\/strong><\/p>\n<p>O presente termo de refer\u00eancia visa orientar a licita\u00e7\u00e3o para a\u00a0<strong>CONTRATA\u00c7\u00c3O DE EMPRESA PARA PRESTA\u00c7\u00c3O DE SERVI\u00c7OS DE DIGITALIZA\u00c7\u00c3O DE DOCUMENTOS, TRATAMENTO COM GERENCIAMENTO ELETR\u00d4NICO DE INFORMA\u00c7\u00d5ES, CAPTURA DE IMAGEM, O RECONHECIMENTO \u00d3PTICO DOS CARACTERES \u2013 OCR, INDEXA\u00c7\u00c3O, AUDITORIA EM SISTEMA, GERENCIAMENTO DE CONHECIMENTO EM SOFTWARE COM GUARDA DE DOCUMENTOS EM M\u00cdDIA, CONVERS\u00c3O DE ARTEFATOS F\u00cdSICO PARA DIGITAL COM DISPONIBILIZA\u00c7\u00c3O DE TEXTO EM IMAGEM PARA CONSULTA, PESQUISA E VISUALIZA\u00c7\u00c3O EM SOFTWARE DE GERENCIAMENTO ELETR\u00d4NICO, PORTAL DE CONSULTA WEB PERMITINDO DOWNLOAD DOS DOCUMENTOS DIGITALIZADOS, DOCUMENTOS PARA FORMATO COM ASSINATURA ELETR\u00d4NICA, IMPLEMENTA\u00c7\u00c3O, SUPORTE T\u00c9CNICO, TREINAMENTO E SOFTWARE DE GERENCIAMENTO ELETR\u00d4NICO DE DOCUMENTOS GED, COM LICENCIAMENTO DE USO PERPETUO EM M\u00cdDIA DOS DOCUMENTOS DIGITALIZADOS. MIGRA\u00c7\u00c3O DE ARQUIVOS DIGITALIZADOS ANTERIORMENTE EM FORMATO TIFF (FORMATO DE ARQUIVO RASTER PARA IMAGENS DIGITAIS) E PDF, ARMAZENADOS NO BANCO DE DADOS MICROSOFT MYSQ<\/strong><\/p>\n<p>Quadro de Quantitativos e Especifica\u00e7\u00f5es do(s) Item(ns):<\/p>\n<p>&nbsp;<\/p>\n<table width=\"671\">\n<tbody>\n<tr>\n<td width=\"88\"><strong>ITEM<\/strong><\/td>\n<td width=\"428\"><strong>DESCRI\u00c7\u00c3O<\/strong><\/td>\n<td width=\"82\"><strong>Unidade de Medida<\/strong><\/td>\n<td width=\"73\"><strong>QUANT.<\/strong><\/td>\n<\/tr>\n<tr>\n<td width=\"88\">1<\/td>\n<td width=\"428\">Digitaliza\u00e7\u00e3o de documentos, Tratamento com Gerenciamento Eletr\u00f4nico de Informa\u00e7\u00f5es, Captura de imagem, o reconhecimento \u00f3ptico dos caracteres \u2013 OCR, Indexa\u00e7\u00e3o, Auditoria em sistema, gerenciamento de conhecimento em software com guarda de documentos em m\u00eddia, convers\u00e3o de artefatos f\u00edsico para digital com disponibiliza\u00e7\u00e3o de texto em imagem para consulta, pesquisa e visualiza\u00e7\u00e3o em software de gerenciamento eletr\u00f4nico, portal de consulta web permitindo download dos documentos digitalizados, documentos para formato com assinatura eletr\u00f4nica, implementa\u00e7\u00e3o, suporte t\u00e9cnico, treinamento e software de gerenciamento eletr\u00f4nico de documentos GED, com licenciamento de uso perpetuo em m\u00eddia dos documentos digitalizados. Migra\u00e7\u00e3o de arquivos digitalizados anteriormente em formato TIFF (Formato de Arquivo raster para imagens digitais) e PDF, armazenados no banco de dados Microsoft MySQ<\/td>\n<td width=\"82\">P\u00e1gina<\/td>\n<td width=\"73\">192.000<\/td>\n<\/tr>\n<\/tbody>\n<\/table>\n<p>2.\u00a0\u00a0\u00a0\u00a0\u00a0\u00a0\u00a0 JUSTIFICATIVA<\/p>\n<p>&nbsp;<\/p>\n<p>A gest\u00e3o documental eficiente \u00e9 um pilar fundamental para qualquer organiza\u00e7\u00e3o que busca excel\u00eancia operacional e compliance. A realidade atual da institui\u00e7\u00e3o, com documentos dispersos em diferentes formatos e suportes, exige uma solu\u00e7\u00e3o robusta que una tecnologia, metodologia e expertise especializada.<\/p>\n<p>&nbsp;<\/p>\n<p>A digitaliza\u00e7\u00e3o integrada a um sistema de GED proporciona n\u00e3o apenas a preserva\u00e7\u00e3o dos acervos, mas tamb\u00e9m sua transforma\u00e7\u00e3o em ativos estrat\u00e9gicos. A possibilidade de realizar buscas instant\u00e2neas em textos escaneados, aplicar controles de acesso granular e garantir a autenticidade por meio de assinatura eletr\u00f4nica representa um avan\u00e7o significativo na forma como a informa\u00e7\u00e3o \u00e9 gerida.<\/p>\n<p>&nbsp;<\/p>\n<p>A migra\u00e7\u00e3o dos arquivos digitais antigos para um ambiente unificado, com metadados e indexa\u00e7\u00e3o adequados, recupera o valor de documentos que hoje est\u00e3o subutilizados. Da mesma forma, a disponibiliza\u00e7\u00e3o de um portal web amplia o acesso \u00e0s informa\u00e7\u00f5es, permitindo que diferentes setores ou mesmo o p\u00fablico externo, quando aplic\u00e1vel, consultem os documentos de forma \u00e1gil e segura.<\/p>\n<p>&nbsp;<\/p>\n<p>A implementa\u00e7\u00e3o de uma solu\u00e7\u00e3o completa, acompanhada de treinamento e suporte t\u00e9cnico, assegura que a institui\u00e7\u00e3o n\u00e3o apenas adquira uma ferramenta, mas incorpore uma nova cultura de gest\u00e3o da informa\u00e7\u00e3o. Essa mudan\u00e7a garante a sustentabilidade do projeto no longo prazo, evitando a obsolesc\u00eancia e garantindo que os benef\u00edcios da digitaliza\u00e7\u00e3o sejam plenamente aproveitados.<\/p>\n<p>&nbsp;<\/p>\n<p>Investir em uma solu\u00e7\u00e3o profissional de GED \u00e9, portanto, um passo decisivo para modernizar a infraestrutura de informa\u00e7\u00e3o da institui\u00e7\u00e3o, trazendo efici\u00eancia, seguran\u00e7a e conformidade para processos cr\u00edticos. A aus\u00eancia dessa moderniza\u00e7\u00e3o colocaria a organiza\u00e7\u00e3o em desvantagem competitiva, al\u00e9m de aumentar riscos operacionais e legais. A contrata\u00e7\u00e3o de uma empresa qualificada \u00e9 a garantia de que essa transi\u00e7\u00e3o ser\u00e1 realizada com a qualidade e a efici\u00eancia necess\u00e1rias.<\/p>\n<p>&nbsp;<\/p>\n<p>3.\u00a0\u00a0\u00a0\u00a0\u00a0\u00a0\u00a0 FUNDAMENTA\u00c7\u00d5ES LEGAIS<\/p>\n<p><strong>\u00a0<\/strong><\/p>\n<ul>\n<li>O objeto deste Termo de Refer\u00eancia tem amparo legal nas normas gerais de licita\u00e7\u00e3o e contrata\u00e7\u00e3o para as Administra\u00e7\u00f5es P\u00fablicas diretas, aut\u00e1rquicas e fundacionais, integralmente, na Lei 14.133\/2021, que institui, no \u00e2mbito da Uni\u00e3o, Estados, Distrito Federal e Munic\u00edpios, nos termos do art. 37, inciso XXI, da Constitui\u00e7\u00e3o<\/li>\n<li>75, inciso II da Lei 14.133\/2021.<\/li>\n<\/ul>\n<p>&nbsp;<\/p>\n<p>4.\u00a0\u00a0\u00a0\u00a0 RESULTADOS PRETENDIDOS<\/p>\n<p>A implementa\u00e7\u00e3o de um projeto integrado de\u00a0<strong>digitaliza\u00e7\u00e3o, gest\u00e3o eletr\u00f4nica de documentos (GED) e tratamento de informa\u00e7\u00f5es<\/strong>\u00a0visa alcan\u00e7ar os seguintes resultados estrat\u00e9gicos e operacionais:<\/p>\n<p>&nbsp;<\/p>\n<p><strong>Centraliza\u00e7\u00e3o e Organiza\u00e7\u00e3o do Acervo Documental<\/strong><\/p>\n<p>&nbsp;<\/p>\n<p><strong>Unifica\u00e7\u00e3o<\/strong>\u00a0de documentos f\u00edsicos e digitais em um \u00fanico sistema, eliminando dispers\u00e3o e redund\u00e2ncias.<\/p>\n<p><strong>Estrutura\u00e7\u00e3o<\/strong>\u00a0de pastas, metadados e fluxos de indexa\u00e7\u00e3o para classifica\u00e7\u00e3o autom\u00e1tica e recupera\u00e7\u00e3o \u00e1gil.<\/p>\n<p>&nbsp;<\/p>\n<p><strong>Acesso R\u00e1pido e Inteligente \u00e0s Informa\u00e7\u00f5es<\/strong><\/p>\n<p>&nbsp;<\/p>\n<p><strong>Busca textual<\/strong>\u00a0em documentos digitalizados via OCR (Reconhecimento \u00d3ptico de Caracteres), eliminando a necessidade de leitura manual.<br \/>\n<strong>Filtros avan\u00e7ados<\/strong>\u00a0por data, tipo, assunto, palavras-chave e outros crit\u00e9rios customiz\u00e1veis.<br \/>\n<strong>Visualiza\u00e7\u00e3o online<\/strong>\u00a0e download seguro de arquivos, facilitando o compartilhamento controlado.<\/p>\n<p><strong>\u00a0<\/strong><\/p>\n<p><strong>Seguran\u00e7a, Rastreabilidade e Compliance<\/strong><\/p>\n<p>&nbsp;<\/p>\n<p><strong>Controle de acesso<\/strong>\u00a0por usu\u00e1rios e n\u00edveis de permiss\u00e3o, garantindo confidencialidade.<br \/>\n<strong>Auditoria em tempo real<\/strong>, com registro de acessos, altera\u00e7\u00f5es e downloads.<br \/>\n<strong>Validade jur\u00eddica<\/strong>\u00a0por meio de assinatura eletr\u00f4nica e certifica\u00e7\u00e3o digital, em conformidade com a MP 2.200-2\/2001 e LGPD.<\/p>\n<p><strong>\u00a0<\/strong><\/p>\n<p><strong>Redu\u00e7\u00e3o de Custos e Sustentabilidade<\/strong><\/p>\n<p>&nbsp;<\/p>\n<p><strong>Elimina\u00e7\u00e3o de despesas<\/strong>\u00a0com armazenamento f\u00edsico, impress\u00e3o e transporte de documentos.<\/p>\n<p><strong>Diminui\u00e7\u00e3o de perdas<\/strong>\u00a0por extravio, deteriora\u00e7\u00e3o ou desorganiza\u00e7\u00e3o de arquivos.<br \/>\n<strong>Economia de tempo<\/strong>\u00a0em processos manuais de localiza\u00e7\u00e3o e tramita\u00e7\u00e3o de documentos.<\/p>\n<p><strong>\u00a0<\/strong><\/p>\n<p><strong>Preserva\u00e7\u00e3o e Migra\u00e7\u00e3o de Acervos Antigos<\/strong><\/p>\n<p>&nbsp;<\/p>\n<p><strong>Convers\u00e3o de arquivos legados<\/strong>\u00a0(TIFF, PDF n\u00e3o pesquis\u00e1vel) para formatos otimizados com OCR.<br \/>\n<strong>Padroniza\u00e7\u00e3o<\/strong>\u00a0de metadados e integra\u00e7\u00e3o com bancos de dados existentes (ex.: MySQL).<br \/>\n<strong>Backup automatizado<\/strong>\u00a0em m\u00eddia permanente, garantindo preserva\u00e7\u00e3o a longo prazo.<\/p>\n<p><strong>\u00a0<\/strong><\/p>\n<p><strong>Melhoria na Produtividade e Tomada de Decis\u00e3o<\/strong><\/p>\n<p><strong>\u00a0<\/strong><\/p>\n<p><strong>Redu\u00e7\u00e3o de at\u00e9 80%<\/strong>\u00a0no tempo de busca e recupera\u00e7\u00e3o de documentos (benchmarks de mercado).<br \/>\n<strong>Automatiza\u00e7\u00e3o de workflows<\/strong>, como aprova\u00e7\u00f5es, assinaturas e tramita\u00e7\u00f5es digitais.<br \/>\n<strong>Gera\u00e7\u00e3o de relat\u00f3rios<\/strong>\u00a0e analytics sobre uso de documentos, auxiliando na gest\u00e3o do conhecimento.<\/p>\n<p><strong>\u00a0<\/strong><\/p>\n<p><strong>Disponibilidade Remota e Colabora\u00e7\u00e3o<\/strong><\/p>\n<p>&nbsp;<\/p>\n<p><strong>Acesso via web<\/strong>\u00a0de qualquer local, facilitando home office e atendimento multicanal.<br \/>\n<strong>Integra\u00e7\u00e3o com outros sistemas<\/strong>\u00a0(ERP, CRM, processos internos) via APIs.<br \/>\n<strong>Portal autoatendimento<\/strong>\u00a0para consulta p\u00fablica (se aplic\u00e1vel), com download controlado.<\/p>\n<p><strong>\u00a0<\/strong><\/p>\n<p><strong>Capacita\u00e7\u00e3o e Governan\u00e7a Cont\u00ednua<\/strong><\/p>\n<p>&nbsp;<\/p>\n<p><strong>Treinamento das equipes<\/strong>\u00a0para uso avan\u00e7ado do GED, assegurando ado\u00e7\u00e3o plena.<br \/>\n<strong>Suporte t\u00e9cnico permanente<\/strong>\u00a0para manuten\u00e7\u00e3o, atualiza\u00e7\u00f5es e escalabilidade.<br \/>\n<strong>Pol\u00edticas de gest\u00e3o documental<\/strong>\u00a0alinhadas \u00e0s melhores pr\u00e1ticas de arquivamento e TI.<\/p>\n<p><strong>\u00a0<\/strong><\/p>\n<p><strong>Impacto Esperado no M\u00e9dio e Longo Prazo<\/strong><\/p>\n<ul>\n<li><strong>Elimina\u00e7\u00e3o completa do papel<\/strong>\u00a0em processos-chave, com migra\u00e7\u00e3o para ambiente 100% digital.<\/li>\n<li><strong>Redu\u00e7\u00e3o de riscos<\/strong>\u00a0legais e operacionais por perda ou inconsist\u00eancia de documentos.<\/li>\n<li><strong>Aumento da efici\u00eancia organizacional<\/strong>, com ganhos mensur\u00e1veis em produtividade.<\/li>\n<li><strong>Futura integra\u00e7\u00e3o<\/strong>\u00a0com tecnologias como IA (classifica\u00e7\u00e3o autom\u00e1tica) e blockchain (autenticidade).<\/li>\n<li><\/li>\n<\/ul>\n<p>Esses resultados garantir\u00e3o que a institui\u00e7\u00e3o atinja um\u00a0<strong>patamar superior em gest\u00e3o da informa\u00e7\u00e3o<\/strong>, alinhado \u00e0s demandas de transforma\u00e7\u00e3o digital do setor p\u00fablico e privado.<\/p>\n<p>&nbsp;<\/p>\n<ol start=\"5\">\n<li><strong>ESPECIFICA\u00c7\u00d5ES DOS SERVI\u00c7OS<\/strong><\/li>\n<\/ol>\n<p><strong>\u00a0<\/strong><\/p>\n<p>O servi\u00e7o dever\u00e1 ser iniciado em at\u00e9 2 (dois) dias ap\u00f3s a assinatura do contrato.<\/p>\n<p>&nbsp;<\/p>\n<p>O servi\u00e7o ser\u00e1 realizado na sede da Prefeitura Municipal;<\/p>\n<p>&nbsp;<\/p>\n<p>Os documentos a serem digitalizados est\u00e3o estimados na quantidade de 100.000 (Cem mil) folhas e compreendem:<\/p>\n<ul>\n<li>Documentos cont\u00e1beis: notas de empenho, or\u00e7amentos, documentos fiscais, recibos e c\u00f3pias de cheques;<\/li>\n<li>Processos Administrativos: licita\u00e7\u00f5es, dispensas, outros processos;<\/li>\n<li>Legisla\u00e7\u00e3o: Leis municipais, Resolu\u00e7\u00f5es, Portarias;<\/li>\n<li>Atas.<\/li>\n<li>E quaisquer documentos que se fizerem necess\u00e1rios a sua digitaliza\u00e7\u00e3o e tratem de documentos do Poder Executivo Municipal.<\/li>\n<\/ul>\n<p>&nbsp;<\/p>\n<p>Ser\u00e3o processados documentos de diferentes tamanhos e gramaturas, havendo inclusive, volumes encadernados.<\/p>\n<p>&nbsp;<\/p>\n<p>Os documentos impressos em papel de gramatura reduzida n\u00e3o poder\u00e3o ser submetidos \u00e0 digitaliza\u00e7\u00e3o em equipamentos de tra\u00e7\u00e3o, devendo ser utilizado equipamento que n\u00e3o coloque em risco a integridade dos originais.<\/p>\n<p>&nbsp;<\/p>\n<p>Retirada e Prepara\u00e7\u00e3o dos Documentos<\/p>\n<p>&nbsp;<\/p>\n<p>Os servi\u00e7os de digitaliza\u00e7\u00e3o objeto da presente dispensa dever\u00e3o ser executados nas depend\u00eancias da Prefeitura Municipal, ou em outro local, desde que previamente informado e autorizado.<\/p>\n<p>&nbsp;<\/p>\n<p>Os documentos a serem digitalizados ser\u00e3o organizados pela contratante, que os entregar\u00e1 em lotes \u00e0 contratada, se necess\u00e1rio mediante recibo.<\/p>\n<p>&nbsp;<\/p>\n<p>As pastas com todas as documenta\u00e7\u00f5es a serem digitalizados ter\u00e1 que conter uma rela\u00e7\u00e3o sequencial, de identifica\u00e7\u00e3o com a quantidade de folhas que fica a cargo do contratado.<\/p>\n<p>&nbsp;<\/p>\n<p>Os lotes ser\u00e3o entregues \u00e0 contratada mensalmente, nas depend\u00eancias da Prefeitura Municipal.<\/p>\n<p>&nbsp;<\/p>\n<p>A contratada ser\u00e1 respons\u00e1vel pela conserva\u00e7\u00e3o dos documentos a serem processados ou reprocessados, bem como pela sua devolu\u00e7\u00e3o e acondicionamento nas mesmas caixas-arquivo em que foram retirados.<\/p>\n<p>&nbsp;<\/p>\n<p>Recebidos os documentos pela contratada, eles dever\u00e3o ser preparados para a digitaliza\u00e7\u00e3o, por meio da higieniza\u00e7\u00e3o e organiza\u00e7\u00e3o do material, seguindo criteriosamente os seguintes passos:<\/p>\n<ol>\n<li>a) Remo\u00e7\u00e3o do p\u00f3 e demais sujidades a seco, folha a folha, utilizando-se de trinchas, escovas macias, pincela e flanelas de algod\u00e3o.<\/li>\n<li>b) Remo\u00e7\u00e3o dos corpos estranhos aos documentos, tais como: prendedores met\u00e1licos ou grampos, clips, insetos e outros agentes que provocam a deteriora\u00e7\u00e3o dos documentos.<\/li>\n<li>c) Prepara\u00e7\u00e3o dos documentos para o processo de digitaliza\u00e7\u00e3o, mediante a realiza\u00e7\u00e3o de tarefas como desencaderna\u00e7\u00e3o, verifica\u00e7\u00e3o de partes dobradas, amassadas e rasgadas.<\/li>\n<li>d) Elaborar reparos que se fizerem necess\u00e1rios para a perfeita digitaliza\u00e7\u00e3o, preservando-se sempre o conte\u00fado dos documentos.<\/li>\n<li>e) Armazenamento dos documentos em localiza\u00e7\u00e3o f\u00edsica adequada, previamente preparada para tal finalidade, com padr\u00f5es suficientes de seguran\u00e7a.<\/li>\n<\/ol>\n<p>&nbsp;<\/p>\n<p>Os documentos encadernados n\u00e3o poder\u00e3o ser guilhotinados, devendo ser submetidos a processo de desencaderna\u00e7\u00e3o que garanta a integridade do seu conte\u00fado.<\/p>\n<p>&nbsp;<\/p>\n<p><strong>Processo de Digitaliza\u00e7\u00e3o dos Documentos<\/strong><\/p>\n<p>&nbsp;<\/p>\n<p>A contratada dever\u00e1 digitalizar os documentos seguindo estritamente as seguintes especifica\u00e7\u00f5es:<\/p>\n<ol>\n<li>a) Colora\u00e7\u00e3o: preto e branco (bitonal), com escalas de cinza, ou colorida;<\/li>\n<li>b) Resolu\u00e7\u00e3o: de 300 a 600 dpi;<\/li>\n<li>c) Formato do arquivo de sa\u00edda: PDF.<\/li>\n<li>d) Todo o equipamento para digitaliza\u00e7\u00e3o e de responsabilidade da contratada.<\/li>\n<\/ol>\n<p>&nbsp;<\/p>\n<p>As esta\u00e7\u00f5es de digitaliza\u00e7\u00e3o a serem utilizadas no processo dever\u00e3o estar conectadas a scanners de alto desempenho de captura e grande \u00e1rea de capta\u00e7\u00e3o de imagens, de acordo com o tipo de papel a ser convertido, devendo ser realizado, em qualquer caso, os seguintes procedimentos no tratamento das imagens geradas:<\/p>\n<p>&nbsp;<\/p>\n<p>Os documentos digitais dever\u00e3o ser gerados em papel de tamanho A4, independentemente do tamanho do original, com o mesmo layout deste, respeitando textos em colunas, tabelas, gr\u00e1ficos e imagens eventualmente existentes no original.<\/p>\n<p>&nbsp;<\/p>\n<p>Ap\u00f3s o reconhecimento, o arquivo resultante n\u00e3o dever\u00e1 sofrer qualquer tipo de altera\u00e7\u00e3o manual de conte\u00fado, ressalvada a hip\u00f3tese de necessidade de recupera\u00e7\u00e3o de caracteres, sendo obrigat\u00f3ria a manuten\u00e7\u00e3o das refer\u00eancias entre o texto existente no documento digitalizado e o texto reconhecido.<\/p>\n<p>&nbsp;<\/p>\n<p><strong>Controle de Qualidade<\/strong><\/p>\n<p>&nbsp;<\/p>\n<p>A contratada dever\u00e1 realizar o controle de qualidade do servi\u00e7o prestado, independentemente da verifica\u00e7\u00e3o que ser\u00e1 feita pela contratante, checando os resultados obtidos no processo de digitaliza\u00e7\u00e3o dos documentos, avaliando a qualidade do documento digital gerado, bem como a sequ\u00eancia e integridade dos documentos digitalizados.<\/p>\n<p>&nbsp;<\/p>\n<p>Havendo necessidade, a contratada dever\u00e1 repetir o processo de digitaliza\u00e7\u00e3o tantas vezes quantas bastem para atingir a fidelidade dos documentos originais apresentados pela contratante e a qualidade da imagem esperada, sem acr\u00e9scimo no quantitativo di\u00e1rio produzido.<\/p>\n<p>&nbsp;<\/p>\n<p>Eventuais antecipa\u00e7\u00f5es de etapas do cronograma poder\u00e3o ser aceitas, a crit\u00e9rio exclusivo da contratante.<\/p>\n<ol start=\"6\">\n<li>DOS PRAZOS:\n<ul>\n<li>O prazo de in\u00edcio da presta\u00e7\u00e3o de servi\u00e7os \u00e9 de 2 (dois) dias, contados da assinatura do contrato e o servi\u00e7o dever\u00e1 ser entregue mensalmente.<\/li>\n<li>Os servi\u00e7os poder\u00e3o ser rejeitados, no todo OU em parte, quando em desacordo com as especifica\u00e7\u00f5es constantes neste Termo de Refer\u00eancia e na proposta, devendo ser substitu\u00eddos no prazo de 05 (cinco) dias, a contar da notifica\u00e7\u00e3o da contratada, \u00e0s suas custas, sem preju\u00edzo da aplica\u00e7\u00e3o das penalidades.<\/li>\n<li>Os servi\u00e7os ser\u00e3o recebidos definitivamente no prazo de 05 (cinco) dias corridos ou de acordo com a necessidade do contratante, contados do recebimento provis\u00f3rio, ap\u00f3s a verifica\u00e7\u00e3o da qualidade e quantidade da presta\u00e7\u00e3o de servi\u00e7os e consequente aceita\u00e7\u00e3o.<\/li>\n<li>Na hip\u00f3tese de a verifica\u00e7\u00e3o a que se refere o subitem anterior n\u00e3o ser procedida dentro do prazo fixado, reputar-se-\u00e1 como realizada, consumando-se o recebimento definitivo no dia do esgotamento do prazo.<\/li>\n<li>O recebimento provis\u00f3rio ou definitivo do objeto n\u00e3o exclui a responsabilidade da contratada pelos preju\u00edzos resultantes da incorreta execu\u00e7\u00e3o do servi\u00e7o<\/li>\n<\/ul>\n<\/li>\n<\/ol>\n<p>7.\u00a0 DO PRE\u00c7O:<\/p>\n<p><strong>\u00a0<\/strong><\/p>\n<ul>\n<li>A tabela a seguir engloba os valores das cota\u00e7\u00f5es, ofertados para a presente contrata\u00e7\u00e3o por meio de dispensa de licita\u00e7\u00e3o pelo valor, inclu\u00eddas todas as despesas necess\u00e1rias \u00e0 consecu\u00e7\u00e3o do objeto.<\/li>\n<\/ul>\n<p>&nbsp;<\/p>\n<table width=\"690\">\n<tbody>\n<tr>\n<td width=\"65\"><strong>ITEM<\/strong><\/td>\n<td width=\"276\"><strong>DESCRI\u00c7\u00c3O<\/strong><\/td>\n<td width=\"100\"><strong>Unidade de Medida<\/strong><\/td>\n<td width=\"68\"><strong>QUANT.<\/strong><\/td>\n<td width=\"87\"><strong>V. Unit\u00e1rio<\/strong><\/td>\n<td width=\"94\"><strong>V. Total<\/strong><\/td>\n<\/tr>\n<tr>\n<td width=\"65\">1<\/td>\n<td width=\"276\">Digitaliza\u00e7\u00e3o de documentos, Tratamento com Gerenciamento Eletr\u00f4nico de Informa\u00e7\u00f5es, Captura de imagem, o reconhecimento \u00f3ptico dos caracteres \u2013 OCR, Indexa\u00e7\u00e3o, Auditoria em sistema, gerenciamento de conhecimento em software com guarda de documentos em m\u00eddia, convers\u00e3o de artefatos f\u00edsico para digital com disponibiliza\u00e7\u00e3o de texto em imagem para consulta, pesquisa e visualiza\u00e7\u00e3o em software de gerenciamento eletr\u00f4nico, portal de consulta web permitindo download dos documentos digitalizados, documentos para formato com assinatura eletr\u00f4nica, implementa\u00e7\u00e3o, suporte t\u00e9cnico, treinamento e software de gerenciamento eletr\u00f4nico de documentos GED, com licenciamento de uso perpetuo em m\u00eddia dos documentos digitalizados. Migra\u00e7\u00e3o de arquivos digitalizados anteriormente em formato TIFF (Formato de Arquivo raster para imagens digitais) e PDF, armazenados no banco de dados Microsoft MySQ<\/td>\n<td width=\"100\">P\u00e1gina<\/td>\n<td width=\"68\">192.000<\/td>\n<td width=\"87\">R$ 0,34<\/td>\n<td width=\"94\">R$ 65.280,00<\/td>\n<\/tr>\n<\/tbody>\n<\/table>\n<p>&nbsp;<\/p>\n<ul>\n<li>O pre\u00e7o GLOBAL m\u00e1ximo que a contratante se disp\u00f5es a pagar \u00e9\u00a0<strong>R$ 65.280,00 (Sessenta e cinco mil, duzentos e oitenta reais)\u00a0<\/strong>obtido atrav\u00e9s da m\u00e9dia da pesquisa de mercado, resultante de cota\u00e7\u00e3o de pre\u00e7os com empresas do ramo pertinente e est\u00e1 compat\u00edvel com os valores praticados atualmente no<\/li>\n<\/ul>\n<p>&nbsp;<\/p>\n<ul>\n<li>Processo licitat\u00f3rio destinado, exclusivamente, \u00e0 participa\u00e7\u00e3o das microempresas e empresas de pequeno porte, conforme inciso I, Art. 48 da Lei Complementar 123\/2006 (contrata\u00e7\u00f5es cujo valor seja de at\u00e9 R$ 80.000,00 \u2013 oitenta mil reais) e Art. 4\u00ba da Lei 133\/2021.<\/li>\n<\/ul>\n<p>&nbsp;<\/p>\n<p>8.\u00a0\u00a0\u00a0\u00a0\u00a0 DOTA\u00c7\u00c3O OR\u00c7AMENT\u00c1RIA:<\/p>\n<p><strong>\u00a0<\/strong><\/p>\n<p>A despesa desta contra\u00e7\u00e3o correr\u00e1 pela dota\u00e7\u00e3o or\u00e7ament\u00e1ria vigente no exerc\u00edcio financeiro do ano de 2025.<\/p>\n<p><strong>Classifica\u00e7\u00e3o econ\u00f4mica: \u00a0\u00a0\u00a0 3.3.90.39.00 \u2013 Outros Servi\u00e7os de Terceiros \u2013 Pessoa Jur\u00eddica<\/strong><\/p>\n<p><strong>\u00a0\u00a0\u00a0\u00a0\u00a0\u00a0\u00a0\u00a0\u00a0\u00a0\u00a0<\/strong><\/p>\n<p><strong>\u00d3rg\u00e3o:<\/strong>\u00a0\u00a0\u00a0\u00a0\u00a0\u00a0\u00a0\u00a0\u00a0\u00a0\u00a0\u00a0\u00a0\u00a0\u00a0\u00a0\u00a0\u00a0\u00a0\u00a0\u00a0\u00a0\u00a0\u00a0\u00a0\u00a0\u00a0\u00a0\u00a0\u00a0\u00a0\u00a0\u00a0\u00a0 PREFEITURA MUNICIPAL DE VILA FLOR<\/p>\n<p><strong>Unidade Or\u00e7ament\u00e1ria: \u00a0\u00a0\u00a0\u00a0\u00a0<\/strong>03.001 \u2013 SECRETARIA MUNICIPAL DE ADMINISTRA\u00c7\u00c3O<\/p>\n<p><strong>Projeto Atividade:<\/strong>\u00a0\u00a0\u00a0\u00a0\u00a0\u00a0\u00a0\u00a0\u00a0\u00a0\u00a0\u00a0\u00a0\u00a0\u00a0 2007 \u2013 MANUTEN\u00c7\u00c3O DAS A\u00c7\u00d5ES DA SECRETARIA MUNICIPAL DE ADMINISTRA\u00c7\u00c3O<\/p>\n<p><strong>Fonte de Recurso:<\/strong>\u00a0\u00a0\u00a0 \u00a0\u00a0\u00a0\u00a0\u00a0\u00a0\u00a0\u00a0\u00a0\u00a0\u00a0 15000000 \u2013 Recursos n\u00e3o Vinculados de Impostos<\/p>\n<p>&nbsp;<\/p>\n<p>9.\u00a0\u00a0\u00a0\u00a0\u00a0\u00a0\u00a0\u00a0\u00a0 DO CRIT\u00c9RIO DE ACEITA\u00c7\u00c3O DO OBJETO<\/p>\n<p><strong>\u00a0<\/strong><\/p>\n<p>Os objetos da contrata\u00e7\u00e3o ser\u00e3o aceitos pela administra\u00e7\u00e3o p\u00fablica t\u00e3o somente no caso de serem ofertados em estrita conformidade com as especifica\u00e7\u00f5es e exig\u00eancias constantes no presente Termo de Refer\u00eancia, livres de quaisquer \u00f4nus ou embara\u00e7os e entregues no local e dentro do prazo exigido;<\/p>\n<p>&nbsp;<\/p>\n<p>10.\u00a0\u00a0\u00a0\u00a0\u00a0 FORMA DE PAGAMENTO:<\/p>\n<ul>\n<li>No valor global deste j\u00e1 est\u00e3o inclusas todas as despesas com tributos, contribui\u00e7\u00f5es fiscais e parafiscais, emolumentos, frete, seguros e quaisquer outras que forem<\/li>\n<\/ul>\n<p>&nbsp;<\/p>\n<ul>\n<li>O pagamento ser\u00e1 realizado pela unidade compradora atrav\u00e9s de cr\u00e9dito em conta corrente indicada na declara\u00e7\u00e3o ou documento similar fornecido por estabelecimento banc\u00e1rio, no prazo de at\u00e9 15 (quinze) dias \u00fateis, contados da entrega da nota fiscal com planilha de composi\u00e7\u00e3o de custos e respectivos comprovantes e a aprova\u00e7\u00e3o das mesmas pela \u00e1rea t\u00e9cnica. A Nota Fiscal dever\u00e1 ser emitida por meio eletr\u00f4nico.<\/li>\n<\/ul>\n<p>&nbsp;<\/p>\n<ul>\n<li>Nenhum pagamento ser\u00e1 efetuado \u00e0 CONTRATADA enquanto pendente de liquida\u00e7\u00e3o qualquer obriga\u00e7\u00e3o financeira que lhe for imposta, em virtude de penalidade ou inadimpl\u00eancia, sem que isso gere direito a reajuste de pre\u00e7o.<\/li>\n<\/ul>\n<p>&nbsp;<\/p>\n<ul>\n<li>Havendo na Nota Fiscal ou descumprimento das condi\u00e7\u00f5es pactuadas, no todo ou em parte, a tramita\u00e7\u00e3o ser\u00e1 suspensa para que a CONTRATADA adote as provid\u00eancias necess\u00e1rias \u00e0 sua corre\u00e7\u00e3o. Passar\u00e1 a ser considerada, para efeito de pagamento, a data de reapresenta\u00e7\u00e3o da fatura, devidamente<\/li>\n<\/ul>\n<p>&nbsp;<\/p>\n<ul>\n<li>A Administra\u00e7\u00e3o poder\u00e1 sustar no todo ou em parte os pagamentos devidos, sempre que ocorrerem irregularidades na execu\u00e7\u00e3o do objeto do contrato ou no documento de cobran\u00e7a.<\/li>\n<\/ul>\n<p>&nbsp;<\/p>\n<ul>\n<li>A Nota Fiscal dever\u00e1 ser entregue na sede da Prefeitura Municipal, atrav\u00e9s do Setor de Protocolo, acompanhada dos seguintes<\/li>\n<\/ul>\n<p>&nbsp;<\/p>\n<p>a)\u00a0\u00a0\u00a0\u00a0\u00a0\u00a0\u00a0\u00a0\u00a0\u00a0\u00a0\u00a0\u00a0\u00a0\u00a0\u00a0\u00a0\u00a0\u00a0\u00a0\u00a0\u00a0\u00a0\u00a0\u00a0\u00a0\u00a0\u00a0\u00a0\u00a0\u00a0\u00a0\u00a0\u00a0\u00a0 Nota Fiscal Eletr\u00f4nica de Servi\u00e7os, contendo o per\u00edodo do Servi\u00e7o e o n\u00famero do Contrato;<\/p>\n<p><strong>\u00a0<\/strong><\/p>\n<ol>\n<li><strong>Demonstrativo de faturamento demonstrando o quantitativo de servi\u00e7o realizado;<\/strong><\/li>\n<\/ol>\n<p><strong>\u00a0<\/strong><\/p>\n<p>c)\u00a0\u00a0\u00a0\u00a0\u00a0\u00a0\u00a0\u00a0\u00a0\u00a0\u00a0\u00a0\u00a0\u00a0\u00a0\u00a0\u00a0\u00a0\u00a0\u00a0\u00a0\u00a0\u00a0\u00a0\u00a0\u00a0\u00a0\u00a0\u00a0\u00a0\u00a0\u00a0\u00a0\u00a0\u00a0 Certid\u00f5es negativas ou positivas com efeitos de negativa de regularidade fiscal federal, estadual, municipal e com a Justi\u00e7a do Trabalho (CNDT);<\/p>\n<p><strong>\u00a0<\/strong><\/p>\n<ol>\n<li><strong>Certificado de regularidade vigente com o FGTS;<\/strong><\/li>\n<\/ol>\n<p><strong>\u00a0<\/strong><\/p>\n<p>e)\u00a0\u00a0\u00a0\u00a0\u00a0\u00a0\u00a0\u00a0\u00a0\u00a0\u00a0\u00a0\u00a0\u00a0\u00a0\u00a0\u00a0\u00a0\u00a0\u00a0\u00a0\u00a0\u00a0\u00a0\u00a0\u00a0\u00a0\u00a0\u00a0\u00a0\u00a0\u00a0\u00a0\u00a0\u00a0 C\u00f3pia do Instrumento Contratual com sua Publica\u00e7\u00e3o e aditamentos, se houver.<\/p>\n<p>&nbsp;<\/p>\n<ol start=\"11\">\n<li><strong>DOCUMENTOS DE QUALIFICA\u00c7\u00c3O T\u00c9CNICA E ECON\u00d4MICO-FINANCEIRA<\/strong><\/li>\n<\/ol>\n<p><strong>\u00a0<\/strong><\/p>\n<ul>\n<li><strong>Qualifica\u00e7\u00e3o T\u00e9cnica\u00a0<\/strong>ser\u00e1 comprovada mediante a apresenta\u00e7\u00e3o dos seguintes documentos:<\/li>\n<\/ul>\n<p>&nbsp;<\/p>\n<ol>\n<li>Apresenta\u00e7\u00e3o de Atestado de capacidade t\u00e9cnica, fornecidos por pessoa jur\u00eddica de direito p\u00fablico ou privado, pertinente e compat\u00edvel com o objeto da licita\u00e7\u00e3o. N\u00e3o ser\u00e3o aceitos atestados emitidos por empresas do mesmo grupo empresarial da Concorrente ou pela pr\u00f3pria Concorrente e\/ou emitidos porem presas, das quais participem s\u00f3cio sou diretores da<\/li>\n<\/ol>\n<p>12.\u00a0\u00a0\u00a0\u00a0\u00a0 OBRIGA\u00c7\u00d5ES<\/p>\n<p><strong>\u00a0<\/strong><\/p>\n<ul>\n<li><strong>DA CONTRATANTE\u00a0<\/strong>\u2013 A Contratante estar\u00e1 obrigado a:<\/li>\n<\/ul>\n<p>&nbsp;<\/p>\n<ol>\n<li>Efetuar o pagamento ajustado;<\/li>\n<li>Dar a CONTRATADA as condi\u00e7\u00f5es necess\u00e1rias para a regular execu\u00e7\u00e3o do contrato;<\/li>\n<li>Fiscalizar e acompanhar a execu\u00e7\u00e3o do contrato;<\/li>\n<li>receber ou n\u00e3o, os produtos fornecidos pela CONTRATADA;<\/li>\n<li>Efetuar o pagamento da Notas Fiscal emitida pela CONTRATADA, desde que devidamente atestada pelo fiscal do contrato, na forma da Cl\u00e1usula Terceira deste Contrato;<\/li>\n<li>Notificar a CONTRATADA, por escrito, de modifica\u00e7\u00f5es introduzidas nas especifica\u00e7\u00f5es dos produtos, sempre que houver necessidade de aprimoramento ou corre\u00e7\u00e3o de documentos;<\/li>\n<li>Notificar a CONTRATADA, por escrito, e com seu expresso ciente, fixando-lhe prazo para corrigir defeitos ou irregularidades verificadas na execu\u00e7\u00e3o do Contrato, bem como da eventual aplica\u00e7\u00e3o de multas previstas no<\/li>\n<\/ol>\n<p>&nbsp;<\/p>\n<ul>\n<li><strong>DA CONTRATADA\u00a0<\/strong>\u2013 A Contratada estar\u00e1 obrigado a:<\/li>\n<\/ul>\n<p>&nbsp;<\/p>\n<ol>\n<li>Realizar o fornecimento obedecendo todas as condi\u00e7\u00f5es ora estabelecidas, sem preju\u00edzo de outros encargos previstos em Lei e com observ\u00e2ncia das recomenda\u00e7\u00f5es ditadas pela fiscaliza\u00e7\u00e3o da CONTRATANTE, nas condi\u00e7\u00f5es indicadas na proposta apresentada.<\/li>\n<li>Todos os custos com m\u00e3o de obra, materiais e transporte, EPI\u2019s, impostos, taxas ser\u00e3o por conta da<\/li>\n<li>Manter, durante toda a execu\u00e7\u00e3o do Contrato, em compatibilidade com as obriga\u00e7\u00f5es assumidas, todas as condi\u00e7\u00f5es de habilita\u00e7\u00e3o;<\/li>\n<li>Efetuar o pagamento de todos os impostos, taxas e quaisquer outros encargos fiscais, de origem federal, estadual ou municipal, vigentes, bem como de quaisquer despesas judiciais ou extrajudiciais, que lhe venham a ser imputadas, inclusive em rela\u00e7\u00e3o a terceiros, decorrentes de a\u00e7\u00e3o ou omiss\u00e3o dolosa ou culposa de prepostos da CONTRATADA;<\/li>\n<li>Efetuar o pagamento dos sal\u00e1rios, encargos sociais, trabalhistas, previdenci\u00e1rios, adicionais, despesas de transporte, estada e\/ou di\u00e1rias, alimenta\u00e7\u00e3o, alojamento e quaisquer outras despesas com o seu pessoal encarregado dos servi\u00e7os objeto deste contrato, competindo-lhe, tamb\u00e9m, observar, rigorosamente, as disposi\u00e7\u00f5es da Consolida\u00e7\u00e3o das Leis do Trabalho e da legisla\u00e7\u00e3o correlata.<\/li>\n<\/ol>\n<p>&nbsp;<\/p>\n<p>13.\u00a0\u00a0\u00a0\u00a0\u00a0 DAS PENALIDADES E SAN\u00c7\u00d5ES<\/p>\n<p>&nbsp;<\/p>\n<ul>\n<li><strong>SAN\u00c7\u00d5ES\u00a0<\/strong>\u2013 Ao\u00a0<strong>LICITANTE\u00a0<\/strong>que incidir nas hip\u00f3teses abaixo relacionadas ser\u00e1 aplicada a seguinte san\u00e7\u00e3o, graduada conforme a gravidade da infra\u00e7\u00e3o, sem preju\u00edzo de san\u00e7\u00f5es civis e criminais, ap\u00f3s o pr\u00e9vio processo administrativo, garantida a ampla defesa e o contradit\u00f3rio:<\/li>\n<\/ul>\n<p>&nbsp;<\/p>\n<ul>\n<li><strong>Impedimento de licitar e contratar com a Administra\u00e7\u00e3o P\u00fablica\u00a0<\/strong>pelo prazo de at\u00e9 5 (cinco) anos, quando:<\/li>\n<\/ul>\n<p>&nbsp;<\/p>\n<ul>\n<li><\/li>\n<li>\n<ul>\n<li>\n<ul>\n<li>\n<ul>\n<li>N\u00e3o celebrar o contrato;<\/li>\n<li>n\u00e3o entregar a documenta\u00e7\u00e3o exigida no edital;<\/li>\n<li>Apresentar documenta\u00e7\u00e3o falsa;<\/li>\n<li>N\u00e3o mantiver a proposta;<\/li>\n<li>declarar informa\u00e7\u00f5es falsas; e\/ou<\/li>\n<li>Cometer fraude<\/li>\n<\/ul>\n<\/li>\n<\/ul>\n<\/li>\n<\/ul>\n<\/li>\n<\/ul>\n<p>&nbsp;<\/p>\n<ul>\n<li><strong>PENALIDADES\u00a0<\/strong>\u2013 \u00c0 CONTRATADA que cometer infra\u00e7\u00f5es, descumprirem total ou parcialmente os contratos, ajustes ou acordos celebrados com a Administra\u00e7\u00e3o P\u00fablica Municipal, ser\u00e3o aplicadas as seguintes penalidades:<\/li>\n<\/ul>\n<p>&nbsp;<\/p>\n<ol>\n<li><strong>Advert\u00eancia\u00a0<\/strong>\u2013 comunica\u00e7\u00e3o formal ao fornecedor, sobre o descumprimento de contratos e outras obriga\u00e7\u00f5es assumidas, quando ocorrer atraso na presta\u00e7\u00e3o do servi\u00e7o, em at\u00e9 10 (dez) dias da data estipulada para tanto<\/li>\n<\/ol>\n<p>&nbsp;<\/p>\n<ol>\n<li><strong>Multa\u00a0<\/strong>\u2013 pena pecuni\u00e1ria em favor da Administra\u00e7\u00e3o Municipal pelos preju\u00edzos causados decorrentes do descumprimento de obriga\u00e7\u00f5es legais e<\/li>\n<\/ol>\n<p>&nbsp;<\/p>\n<ol>\n<li><strong>Suspens\u00e3o\u00a0<\/strong>\u2013 ato formal de impedimento tempor\u00e1rio para licitar, e contratar com a Administra\u00e7\u00e3o P\u00fablica Municipal.<\/li>\n<\/ol>\n<p>&nbsp;<\/p>\n<ol>\n<li><strong>Declara\u00e7\u00e3o de inidoneidade\u00a0<\/strong>\u2013 declara\u00e7\u00e3o da qualidade de impr\u00f3prio, de desqualificado, de inconveniente, de incapaz e A declara\u00e7\u00e3o de inidoneidade impede o fornecedor de licitar e contratar com a Administra\u00e7\u00e3o P\u00fablica.<\/li>\n<\/ol>\n<p>&nbsp;<\/p>\n<ul>\n<li>Ser\u00e3o aplicadas as seguintes penalidades, graduadas conforme a gravidade da infra\u00e7\u00e3o, sem preju\u00edzo de san\u00e7\u00f5es civis e criminais, ap\u00f3s o pr\u00e9vio processo administrativo conclusivo, garantido a ampla defesa e o contradit\u00f3rio;<\/li>\n<\/ul>\n<ul>\n<li><\/li>\n<li>\n<ul>\n<li>\n<ul>\n<li>n\u00e3o atender \u00e0s condi\u00e7\u00f5es da execu\u00e7\u00e3o do servi\u00e7o previstas no edital, termo de refer\u00eancia, contrato ou instrumento equivalente; multa de 10% (dez por cento) a 20% (vinte por cento), al\u00e9m de suspens\u00e3o tempor\u00e1ria de 12 (doze) meses, a depender do preju\u00edzo causado \u00e0 Administra\u00e7\u00e3o P\u00fablica Municipal;<\/li>\n<li>retardar imotivadamente execu\u00e7\u00e3o do servi\u00e7os, ou de suas parcelas quando houver reincid\u00eancia de atraso por mais de 15 (quinze) dias, no caso de fornecimento ou por mais de 30 (trinta) dias no caso de execu\u00e7\u00e3o de obras ou servi\u00e7os:<\/li>\n<li>multa de 0,3% (tr\u00eas d\u00e9cimos por cento) ao dia, at\u00e9 o trig\u00e9simo dia de atraso, sobre o valor da fatura o servi\u00e7os n\u00e3o realizados, ou, ainda, sobre o valor da fatura correspondente \u00e0 etapa do cronograma f\u00edsico do servi\u00e7o n\u00e3o cumprido, al\u00e9m de suspens\u00e3o de 3 (tr\u00eas) meses;<\/li>\n<li>multa de 10% (dez por cento) a 15% (quinze por cento) sobre o valor da fatura da execu\u00e7\u00e3o do servi\u00e7os realizados com atrasos superiores a 30 (trinta) dias, em que n\u00e3o tenha havido o cancelamento da nota de empenho ou documento correspondente, e suspens\u00e3o de 3 (tr\u00eas) meses, a depender do preju\u00edzo causado \u00e0 Administra\u00e7\u00e3o P\u00fablica Municipal;<\/li>\n<li>multa de 20% (vinte por cento) sobre o valor da fatura da execu\u00e7\u00e3o do servi\u00e7os, realizados com atraso superiores a 30 (trinta) dias, em que haja o cancelamento da nota de empenho ou documento correspondente, e suspens\u00e3o de 6 (seis) meses<\/li>\n<li>paralisar servi\u00e7os, sem justa causa e pr\u00e9via comunica\u00e7\u00e3o \u00e0 Administra\u00e7\u00e3o: multa de 10% (dez por cento) a 20% (vinte por cento) sobre o valor do contrato ou empenho e suspens\u00e3o de 12 (doze) meses, a depender do preju\u00edzo causado \u00e0 Administra\u00e7\u00e3o P\u00fablica Municipal;<\/li>\n<li>prestar servi\u00e7o em desacordo com o termo de refer\u00eancia de refer\u00eancia, que apresente inseguran\u00e7a no desenvolvimento das atividades ou que comprometa a seguran\u00e7a de pessoas: multa de 10% (dez por cento) a 20% (vinte por cento) sobre o valor do contrato ou empenho e suspens\u00e3o de 12 (doze) meses, a depender do preju\u00edzo causado \u00e0 Administra\u00e7\u00e3o P\u00fablica Municipal;<\/li>\n<li>descumprir, no caso de pessoas jur\u00eddicas prestadoras de servi\u00e7os, obriga\u00e7\u00f5es relativas \u00e0 rela\u00e7\u00e3o de trabalho com seus empregados e prepostos, quanto a verbas previstas e or\u00e7adas nas planilhas que comp\u00f5em a proposta da contratada, especialmente o atraso de pagamento de sal\u00e1rio, 13\u00ba sal\u00e1rio, f\u00e9rias acrescidas de 1\/3, atraso ou n\u00e3o fornecimento de vale-transporte, vale-refei\u00e7\u00e3o ou aux\u00edlio alimenta\u00e7\u00e3o, constantes das respectivas planilhas de pre\u00e7os; multa de 1% (um por cento) sobre o valor mensal da fatura, por evento ocorrido, e suspens\u00e3o de 3 (tr\u00eas) meses;<\/li>\n<li>recusar-se a prestar a garantia contratual, a assinar o contrato ou a receber o empenho; multa de 15% (quinze por cento) sobre o valor do contrato ou empenho e suspens\u00e3o de 6 (seis) meses,<\/li>\n<li>quebrar sigilo, estabelecido em contrato, de informa\u00e7\u00f5es confidenciais sob quaisquer formas; multa de 20% (vinte por cento) sobre o valor do contrato e declara\u00e7\u00e3o de inidoneidade, por um prazo de 2 (dois) anos;<\/li>\n<li>praticar ato il\u00edcito visando frustrar os objetivos da licita\u00e7\u00e3o ou do contrato, no \u00e2mbito da Administra\u00e7\u00e3o Municipal; declara\u00e7\u00e3o de inidoneidade, por um prazo de 2 (dois) anos;<\/li>\n<li>apresentar documentos falsificados, adulterados ou inver\u00eddicos para inscri\u00e7\u00e3o, renova\u00e7\u00e3o ou altera\u00e7\u00e3o no CADFOR ou nos processos licitat\u00f3rios, dispensas ou inexigibilidades de licita\u00e7\u00e3o; declara\u00e7\u00e3o de inidoneidade, por um prazo de 2 (dois) anos;<\/li>\n<li>sofrer condena\u00e7\u00e3o definitiva por praticar, por meio doloso, fraude fiscal no recolhimento de qualquer tributo; declara\u00e7\u00e3o de inidoneidade, por um prazo de 2 (dois)<\/li>\n<\/ul>\n<\/li>\n<\/ul>\n<\/li>\n<\/ul>\n<p>&nbsp;<\/p>\n<ol>\n<li>A suspens\u00e3o tempor\u00e1ria do fornecedor cujo contrato com a Administra\u00e7\u00e3o P\u00fablica Municipal esteja em vigor, impedir\u00e1 o mesmo de participar de outras licita\u00e7\u00f5es e contrata\u00e7\u00f5es no \u00e2mbito do Munic\u00edpio at\u00e9 o cumprimento da penalidade que lhe foi<\/li>\n<\/ol>\n<p>&nbsp;<\/p>\n<ol>\n<li>A declara\u00e7\u00e3o de inidoneidade para licitar ou contratar com a Administra\u00e7\u00e3o P\u00fablica, impedir\u00e1 a pessoa f\u00edsica ou jur\u00eddica de participar de outras licita\u00e7\u00f5es ou contrata\u00e7\u00f5es enquanto perdurarem os motivos determinantes da apena\u00e7\u00e3o ou at\u00e9 que seja promovida a reabilita\u00e7\u00e3o perante a pr\u00f3pria autoridade que aplicou a penalidade, que ser\u00e1 concedida sempre que o contratado ressarcir a Administra\u00e7\u00e3o pelos preju\u00edzos resultantes e ap\u00f3s decorrido o prazo da san\u00e7\u00e3o<\/li>\n<\/ol>\n<p>&nbsp;<\/p>\n<ol>\n<li>As multas aplicadas, nos termos das al\u00edneas do \u00a71\u00ba, dever\u00e3o ser pagas espontaneamente no prazo m\u00e1ximo de 5 (cinco) dias ou ser\u00e3o deduzidas do valor correspondente ao valor do servi\u00e7o, ap\u00f3s pr\u00e9vio processo administrativo, garantida a ampla defesa e o contradit\u00f3rio ou, ainda, cobradas judicialmente, a crit\u00e9rio da Secretaria Municipal de Gest\u00e3o de Vila Flor.<\/li>\n<\/ol>\n<p>&nbsp;<\/p>\n<ol start=\"20\">\n<li>As penalidades previstas neste artigo s\u00e3o de compet\u00eancia exclusiva do titular da Secretaria Municipal da Gest\u00e3o de Vila Flor, permitida a delega\u00e7\u00e3o para a san\u00e7\u00e3o prevista na al\u00ednea \u201ca\u201d do subitem 2 deste edital para a Contratante.<\/li>\n<\/ol>\n<p>&nbsp;<\/p>\n<ol>\n<li>Caso o valor da multa seja superior ao valor da garantia prestada, a CONTRATADA responder\u00e1 pela sua diferen\u00e7a, a qual ser\u00e1 descontada dos pagamentos eventualmente devidos pela Administra\u00e7\u00e3o, ou, ainda, cobrada<\/li>\n<\/ol>\n<p>&nbsp;<\/p>\n<ol>\n<li>A multa poder\u00e1 ser aplicada cumulativamente com as demais penalidades, a depender do grau da infra\u00e7\u00e3o cometida pelo contratado e dos preju\u00edzos causados \u00e0 Administra\u00e7\u00e3o P\u00fablica Municipal.<\/li>\n<\/ol>\n<p>14.\u00a0\u00a0\u00a0\u00a0\u00a0 DA FISCALIZA\u00c7\u00c3O<\/p>\n<p><strong>\u00a0<\/strong><\/p>\n<ul>\n<li>A fiscaliza\u00e7\u00e3o do contrato ser\u00e1 realizada por servidor formalmente designado para acompanhamento;<\/li>\n<\/ul>\n<p>&nbsp;<\/p>\n<ul>\n<li>Os objetos da presente contrata\u00e7\u00e3o ser\u00e3o devidamente fiscalizados, inicialmente a partir de minuciosa confer\u00eancia no momento da entrega\/recebimento;<\/li>\n<\/ul>\n<p>&nbsp;<\/p>\n<ul>\n<li>Ap\u00f3s o recebimento definitivo e aceite, os materiais permanecer\u00e3o em avalia\u00e7\u00e3o quanto \u00e0 sua durabilidade, validade e adequa\u00e7\u00e3o \u00e0s especifica\u00e7\u00f5es exigidas, sendo anotado em protocolo pr\u00f3prio todas as inconformidades para ado\u00e7\u00e3o dos procedimentos administrativos necess\u00e1rios para sanar aas incorre\u00e7\u00f5es<\/li>\n<\/ul>\n<p>15.\u00a0\u00a0\u00a0\u00a0\u00a0 DA DECALRA\u00c7\u00c3O DE INEXIST\u00caNCIA DE DETALHAMENTO EXCESSIVO<\/p>\n<p><strong>\u00a0<\/strong><\/p>\n<ul>\n<li>Declaro para os devidos fins, que na descri\u00e7\u00e3o do objeto n\u00e3o existem detalhes excessivos, irrelevantes ou desnecess\u00e1rios, capazes de conduzir \u00e0 limita\u00e7\u00e3o da competitividade do certame, sendo todos os itens de grande relev\u00e2ncia a devida utiliza\u00e7\u00e3o dos<\/li>\n<\/ul>\n<p>&nbsp;<\/p>\n<p>16.\u00a0\u00a0\u00a0\u00a0\u00a0 VEDA\u00c7\u00d5ES<\/p>\n<p><strong>\u00a0<\/strong><\/p>\n<p>Vedado qualquer execu\u00e7\u00e3o que modifique as condi\u00e7\u00f5es propostas pelo Termo de refer\u00eancia e descumpram o resultado final do objeto.<\/p>\n<p>&nbsp;<\/p>\n<p><strong>DISPENSA DE LICITA\u00c7\u00c3O N\u00b0 006\/2026 \u2013 SETOR DE LICITA\u00c7\u00c3O<\/strong><\/p>\n<p>ANEXO II \u2013 MODELO DE PROPOSTA DE PRE\u00c7OS<\/p>\n<table>\n<tbody>\n<tr>\n<td colspan=\"4\" width=\"680\"><strong>PREFEITURA MUNICIPAL DE VILA FLOR<\/strong><strong>COMISS\u00c3O SETORIAL DE LICITA\u00c7\u00c3O<\/strong><strong>COMISS\u00c3O DE LICITA\u00c7\u00c3O<\/strong><strong>DISPENSA DE LICITA\u00c7\u00c3O N\u00ba 006\/2026<\/strong><\/td>\n<\/tr>\n<tr>\n<td colspan=\"4\" width=\"680\"><strong>DADOS DA EMPRESA<\/strong><\/td>\n<\/tr>\n<tr>\n<td width=\"123\"><strong>RAZ\u00c3O SOCIAL<\/strong><\/td>\n<td colspan=\"3\" width=\"558\"><\/td>\n<\/tr>\n<tr>\n<td width=\"123\"><strong>CNPJ<\/strong><\/td>\n<td width=\"130\"><\/td>\n<td width=\"115\"><strong>ENDERE\u00c7O<\/strong><\/td>\n<td width=\"312\"><\/td>\n<\/tr>\n<tr>\n<td width=\"123\"><strong>TELEFONE<\/strong><\/td>\n<td width=\"130\"><\/td>\n<td width=\"115\"><strong>E-MAIL<\/strong><\/td>\n<td width=\"312\"><\/td>\n<\/tr>\n<tr>\n<td colspan=\"4\" width=\"680\"><strong>DADOS DO REPRESENTANTE LEGAL<\/strong><\/td>\n<\/tr>\n<tr>\n<td width=\"123\"><strong>NOME DO REPRESENTANTE LEGAL<\/strong><\/td>\n<td width=\"130\"><\/td>\n<td width=\"115\"><strong>TELEFONE DO REPRESENTANTE LEGAL<\/strong><\/td>\n<td width=\"312\"><\/td>\n<\/tr>\n<\/tbody>\n<\/table>\n<p><strong>\u00a0<\/strong><\/p>\n<table>\n<tbody>\n<tr>\n<td width=\"66\"><strong>\u00a0<\/strong><strong>OBJETO<\/strong><\/td>\n<td colspan=\"9\" width=\"613\"><strong>CONTRATA\u00c7\u00c3O DE EMPRESA PARA PRESTA\u00c7\u00c3O DE SERVI\u00c7OS DE DIGITALIZA\u00c7\u00c3O DE DOCUMENTOS, TRATAMENTO COM GERENCIAMENTO ELETR\u00d4NICO DE INFORMA\u00c7\u00d5ES, CAPTURA DE IMAGEM, O RECONHECIMENTO \u00d3PTICO DOS CARACTERES \u2013 OCR, INDEXA\u00c7\u00c3O, AUDITORIA EM SISTEMA, GERENCIAMENTO DE CONHECIMENTO EM SOFTWARE COM GUARDA DE DOCUMENTOS EM M\u00cdDIA, CONVERS\u00c3O DE ARTEFATOS F\u00cdSICO PARA DIGITAL COM DISPONIBILIZA\u00c7\u00c3O DE TEXTO EM IMAGEM PARA CONSULTA, PESQUISA E VISUALIZA\u00c7\u00c3O EM SOFTWARE DE GERENCIAMENTO ELETR\u00d4NICO, PORTAL DE CONSULTA WEB PERMITINDO DOWNLOAD DOS DOCUMENTOS DIGITALIZADOS, DOCUMENTOS PARA FORMATO COM ASSINATURA ELETR\u00d4NICA, IMPLEMENTA\u00c7\u00c3O, SUPORTE T\u00c9CNICO, TREINAMENTO E SOFTWARE DE GERENCIAMENTO ELETR\u00d4NICO DE DOCUMENTOS GED, COM LICENCIAMENTO DE USO PERPETUO EM M\u00cdDIA DOS DOCUMENTOS DIGITALIZADOS. MIGRA\u00c7\u00c3O DE ARQUIVOS DIGITALIZADOS ANTERIORMENTE EM FORMATO TIFF (FORMATO DE ARQUIVO RASTER PARA IMAGENS DIGITAIS) E PDF, ARMAZENADOS NO BANCO DE DADOS MICROSOFT MYSQ<\/strong><\/td>\n<\/tr>\n<tr>\n<td rowspan=\"2\" width=\"66\"><strong>ITEM<\/strong><\/td>\n<td colspan=\"5\" rowspan=\"2\" width=\"265\"><strong>DESCRI\u00c7\u00c3O<\/strong><\/td>\n<td rowspan=\"2\" width=\"76\"><strong>Unidade de Medida<\/strong><\/td>\n<td rowspan=\"2\" width=\"76\"><strong>Qnt.<\/strong><\/td>\n<td colspan=\"2\" width=\"197\"><strong>PRE\u00c7O (R$)<\/strong><\/td>\n<\/tr>\n<tr>\n<td width=\"95\"><strong>UNIT\u00c1RIO<\/strong><\/td>\n<td width=\"102\"><strong>GLOGAL<\/strong><\/td>\n<\/tr>\n<tr>\n<td width=\"66\"><\/td>\n<td colspan=\"5\" width=\"265\"><\/td>\n<td width=\"76\"><\/td>\n<td width=\"76\"><\/td>\n<td width=\"95\"><\/td>\n<td width=\"102\"><\/td>\n<\/tr>\n<tr>\n<td colspan=\"3\" width=\"152\"><strong>VALOR GLOBAL POR EXTENSO<\/strong><\/td>\n<td width=\"86\"><\/td>\n<td colspan=\"6\" width=\"442\"><\/td>\n<\/tr>\n<tr>\n<td colspan=\"2\" width=\"90\"><\/td>\n<td colspan=\"8\" width=\"589\">Declaramos que concordamos e atenderemos todas as exig\u00eancias do Aviso e seus anexos.<\/td>\n<\/tr>\n<tr>\n<td colspan=\"3\" width=\"152\"><strong>VALIDADE DA PROPOSTA<\/strong><\/td>\n<td colspan=\"2\" width=\"118\"><strong>\u00a0<\/strong><\/td>\n<td colspan=\"5\" width=\"409\"><strong>ASSINATURA DO REPRESENTANTE LEGAL DA EMPRESA<\/strong><\/td>\n<\/tr>\n<tr>\n<td width=\"66\"><\/td>\n<td width=\"25\"><\/td>\n<td width=\"61\"><\/td>\n<td width=\"86\"><\/td>\n<td width=\"33\"><\/td>\n<td width=\"61\"><\/td>\n<td width=\"76\"><\/td>\n<td width=\"76\"><\/td>\n<td width=\"95\"><\/td>\n<td width=\"102\"><\/td>\n<\/tr>\n<\/tbody>\n<\/table>\n<p>&nbsp;<\/p>\n<p><strong>\u00a0<\/strong><\/p>\n<p>DISPENSA DE LICITA\u00c7\u00c3O N\u00b0 006\/2026<\/p>\n<p>SETOR DE LICITA\u00c7\u00c3O<\/p>\n<p><strong>\u00a0<\/strong><\/p>\n<p><strong>\u00a0<\/strong><\/p>\n<p><strong>ANEXO III \u2013 MODELO DE DECLARA\u00c7\u00c3O DE CUMPRIMENTO DO DISPOSTO NO INC. XXXIII DO ART. 7\u00ba DA CONSTITUI\u00c7\u00c3O FEDERAL<\/strong><\/p>\n<p><strong>\u00a0<\/strong><\/p>\n<p><strong>\u00a0<\/strong><\/p>\n<p>REFERENTE: DISPENSA DE LICITA\u00c7\u00c3O N\u00b0 006\/2026 \u2013 SETOR DE LICITA\u00c7\u00c3O<\/p>\n<p><strong>\u00a0<\/strong><\/p>\n<p><strong>\u00a0<\/strong><\/p>\n<p>Declaramos, para os fins do disposto no inciso VI do art. 68 da Lei 14.133\/2021, que n\u00e3o empregamos menor de 18 (dezoito) anos em trabalho noturno, perigoso ou insalubre e n\u00e3o empregarmos menor de 16 (dezesseis) anos.<\/p>\n<p>&nbsp;<\/p>\n<p>Ressalva: emprega menor, a partir de 14 (quatorze) anos, na condi\u00e7\u00e3o de aprendiz ( ). Observa\u00e7\u00e3o: em caso afirmativo, assinalar a ressalva acima.<\/p>\n<p>&nbsp;<\/p>\n<p>&nbsp;<\/p>\n<p>Vila Flor,<u>\u00a0\u00a0\u00a0\u00a0\u00a0\u00a0\u00a0\u00a0\u00a0\u00a0<\/u>de\u00a0\u00a0\u00a0\u00a0\u00a0\u00a0\u00a0\u00a0\u00a0\u00a0\u00a0\u00a0\u00a0\u00a0\u00a0\u00a0\u00a0\u00a0\u00a0 de\u00a0<u>\u00a0\u00a0\u00a0\u00a0\u00a0\u00a0\u00a0\u00a0\u00a0\u00a0\u00a0\u00a0\u00a0\u00a0\u00a0\u00a0\u00a0\u00a0\u00a0\u00a0\u00a0\u00a0\u00a0\u00a0<\/u><\/p>\n<p>&nbsp;<\/p>\n<p>&nbsp;<\/p>\n<p>&nbsp;<\/p>\n<p>ASSINATURA DO REPRESENTANTE LEGAL DA EMPRESA<\/p>\n<p>&nbsp;<\/p>\n<p>&nbsp;<\/p>\n<p>DISPENSA DE LICITA\u00c7\u00c3O N\u00b0 006\/2026<\/p>\n<p>SETOR DE LICITA\u00c7\u00c3O<\/p>\n<p>&nbsp;<\/p>\n<p><strong>ANEXO IV \u2013 DECLARA\u00c7\u00c3O DE RESERVA DE CARGOS PCD, CONSOANTE ART. 92, DA LEI\u00a0<\/strong><strong>FEDERAL N\u00b0 14.133\/2021<\/strong><\/p>\n<p><strong>\u00a0<\/strong><\/p>\n<p><strong>\u00a0<\/strong><\/p>\n<p><strong>\u00a0<\/strong><\/p>\n<p><strong>\u00a0<\/strong><\/p>\n<p>REFERENTE: DISPENSA DE LICITA\u00c7\u00c3O N\u00b0 006\/2026 \u2013 COMISS\u00c3O DE LICITA\u00c7\u00c3O<\/p>\n<p><strong>\u00a0<\/strong><\/p>\n<p><strong>\u00a0<\/strong><\/p>\n<p>A empresa<u>\u00a0\u00a0\u00a0\u00a0\u00a0\u00a0\u00a0\u00a0\u00a0\u00a0\u00a0\u00a0\u00a0\u00a0\u00a0\u00a0\u00a0\u00a0\u00a0\u00a0\u00a0\u00a0\u00a0<\/u>_<u>\u00a0\u00a0\u00a0\u00a0\u00a0\u00a0\u00a0\u00a0\u00a0\u00a0\u00a0\u00a0\u00a0\u00a0\u00a0\u00a0\u00a0\u00a0\u00a0\u00a0\u00a0\u00a0\u00a0\u00a0\u00a0\u00a0\u00a0\u00a0\u00a0\u00a0\u00a0\u00a0\u00a0\u00a0\u00a0\u00a0\u00a0\u00a0\u00a0<\/u>, declara para os devidos fins licitat\u00f3rios que cumpre as exig\u00eancias de reserva de cargos para Pessoa com Defici\u00eancia \u2014 PcD, para Reabilitado da Previd\u00eancia Social e para aprendiz, em aten\u00e7\u00e3o ao art. 92, inciso XVII da Lei n\u00b0 14.133\/2021.<\/p>\n<p>&nbsp;<\/p>\n<p>&nbsp;<\/p>\n<p>&nbsp;<\/p>\n<p>&nbsp;<\/p>\n<p>Vila Flor,<u>\u00a0\u00a0\u00a0\u00a0\u00a0\u00a0\u00a0\u00a0\u00a0\u00a0\u00a0\u00a0\u00a0\u00a0\u00a0\u00a0\u00a0\u00a0\u00a0\u00a0\u00a0\u00a0\u00a0\u00a0\u00a0\u00a0\u00a0\u00a0\u00a0\u00a0\u00a0\u00a0\u00a0\u00a0\u00a0\u00a0\u00a0\u00a0\u00a0\u00a0\u00a0\u00a0\u00a0\u00a0\u00a0\u00a0\u00a0\u00a0\u00a0\u00a0\u00a0\u00a0\u00a0\u00a0<\/u>de__________ de\u00a0<u>\u00a0\u00a0\u00a0\u00a0\u00a0\u00a0\u00a0\u00a0\u00a0\u00a0\u00a0\u00a0\u00a0\u00a0\u00a0\u00a0\u00a0\u00a0\u00a0\u00a0\u00a0\u00a0\u00a0\u00a0<\/u><\/p>\n<p>&nbsp;<\/p>\n<p>&nbsp;<\/p>\n<p>&nbsp;<\/p>\n<p>ASSINATURA DO REPRESENTANTE LEGAL DA EMPRESA<\/p>\n<p>&nbsp;<\/p>\n<p>&nbsp;<\/p>\n<p>DISPENSA DE LICITA\u00c7\u00c3O N\u00b0 006\/2026 \u2013 SETOR DE LICITA\u00c7\u00c3O<\/p>\n<p><strong>ANEXO V \u2013 DECLARA\u00c7\u00c3O IMPEDIMENTOS DO ART. 14 DA LEI FEDERAL N\u201d 14.133\/2021<\/strong><\/p>\n<p><strong>\u00a0<\/strong><\/p>\n<p><strong>\u00a0<\/strong><\/p>\n<p><strong>\u00a0<\/strong><\/p>\n<p>REFERENTE: DISPENSA DE LICITA\u00c7\u00c3O N\u00b0 006\/2026 \u2013 SETOR DE LICITA\u00c7\u00c3O<\/p>\n<p><strong>\u00a0<\/strong><\/p>\n<p><strong>\u00a0<\/strong><\/p>\n<p><strong>\u00a0<\/strong><\/p>\n<p><strong>\u00a0<\/strong><\/p>\n<p>A empresa<u>\u00a0\u00a0\u00a0\u00a0\u00a0\u00a0\u00a0\u00a0\u00a0\u00a0\u00a0\u00a0\u00a0\u00a0\u00a0\u00a0\u00a0\u00a0\u00a0\u00a0\u00a0\u00a0\u00a0\u00a0\u00a0\u00a0\u00a0\u00a0\u00a0\u00a0\u00a0\u00a0\u00a0\u00a0\u00a0\u00a0\u00a0\u00a0\u00a0\u00a0\u00a0\u00a0\u00a0\u00a0\u00a0\u00a0\u00a0\u00a0\u00a0\u00a0\u00a0\u00a0\u00a0\u00a0\u00a0\u00a0\u00a0\u00a0\u00a0\u00a0\u00a0\u00a0\u00a0\u00a0<\/u>_ , declara para os devidos fins licitat\u00f3rios que n\u00e3o incursa nos impedimentos para disputa de licita\u00e7\u00e3o ou execu\u00e7\u00e3o do contrato de que trata o art. 14 da Lei Federal n\u00b0 14.133\/2021.<\/p>\n<p>&nbsp;<\/p>\n<p>&nbsp;<\/p>\n<p>&nbsp;<\/p>\n<p>Vila Flor,<u>\u00a0\u00a0\u00a0\u00a0\u00a0\u00a0\u00a0\u00a0\u00a0\u00a0\u00a0\u00a0\u00a0\u00a0\u00a0\u00a0\u00a0\u00a0\u00a0\u00a0\u00a0\u00a0\u00a0\u00a0\u00a0\u00a0\u00a0\u00a0\u00a0\u00a0\u00a0\u00a0\u00a0\u00a0\u00a0\u00a0\u00a0\u00a0\u00a0\u00a0\u00a0\u00a0\u00a0\u00a0\u00a0\u00a0\u00a0\u00a0\u00a0\u00a0\u00a0\u00a0\u00a0\u00a0<\/u>de__________ de\u00a0<u>\u00a0\u00a0\u00a0\u00a0\u00a0\u00a0\u00a0\u00a0\u00a0\u00a0\u00a0\u00a0\u00a0\u00a0\u00a0\u00a0\u00a0\u00a0\u00a0\u00a0\u00a0\u00a0\u00a0\u00a0<\/u><\/p>\n<p>&nbsp;<\/p>\n<p>&nbsp;<\/p>\n<p>&nbsp;<\/p>\n<p>ASSINATURA DO REPRESENTANTE LEGAL DA EMPRESA<\/p>\n<p>&nbsp;<\/p>\n<p>&nbsp;<\/p>\n<p><strong>\u00a0<\/strong><\/p>\n<p><strong>\u00a0<\/strong><\/p>\n<p><strong>\u00a0<\/strong><\/p>\n<p><strong>\u00a0<\/strong><\/p>\n<p><strong>\u00a0<\/strong><\/p>\n<p><strong>\u00a0<\/strong><\/p>\n<p><strong>\u00a0<\/strong><\/p>\n<p><strong>\u00a0<\/strong><\/p>\n<p><strong>\u00a0<\/strong><\/p>\n<p><strong>\u00a0<\/strong><\/p>\n<p><strong>\u00a0<\/strong><\/p>\n<p>&nbsp;<\/p>\n<p><strong>DISPENSA DE LICITA\u00c7\u00c3O N\u00b0 006\/2026<\/strong><\/p>\n<p><strong>SETOR DE LICITA\u00c7\u00c3O<\/strong><\/p>\n<p><strong>ANEXO VI \u2013 MODELO DE CARTA CONTRATO<\/strong><\/p>\n<p>&nbsp;<\/p>\n<p>Contrato de presta\u00e7\u00e3o de servi\u00e7os que entre si celebram o\u00a0<strong>PREFEITURA MUNICIPAL DE VILA FLOR\u00a0<\/strong>e a empresa\u00a0<strong>\u2026\u2026\u2026\u2026\u2026\u2026\u2026\u2026\u2026..<\/strong><\/p>\n<p><strong>\u00a0<\/strong><\/p>\n<p>A\u00a0<strong>PREFEITURA MUNICIPAL DE VILA FLOR,\u00a0<\/strong>pessoa jur\u00eddica de direito p\u00fablico interno, \u00f3rg\u00e3o p\u00fablico, com sede nesta Cidade, na Rua Jos\u00e9 Calazans, 169, Centro, Vila Flor\/RN, inscrita no CNPJ sob o n\u00ba 08.169.278\/0001-07, neste ato representado pel Sra. Prefeita Municipal THUANNE KARLA CARVALHO DE SOUZA, doravante denominado\u00a0<strong>CONTRATANTE,\u00a0<\/strong>e a\u00a0<strong>Empresa \u2026\u2026\u2026\u2026\u2026\u2026\u2026\u2026\u2026\u2026.,\u00a0<\/strong>CNPJ n\u00ba\u2026\u2026\u2026\u2026\u2026\u2026\u2026., situado \u00e0 \u2026\u2026\u2026\u2026\u2026\u2026\u2026\u2026.., Cidade-Estado, telefone \u2026\u2026\u2026\u2026\u2026.., e-mail\u00a0\u00a0 , neste ato representada pelo Sr\u00a0\u00a0 , brasileiro, casado, profiss\u00e3o, portador da C\u00e9dula de Identidade n\u00ba \u2026\u2026\u2026\u2026\u2026 \u2013 SSP-\u2026., CPF n\u00ba \u2026\u2026\u2026\u2026.. , residente na Rua \u2026\u2026\u2026\u2026\u2026\u2026., telefone \u2026\u2026\u2026\u2026\u2026, e-mail: \u2026\u2026\u2026\u2026\u2026\u2026\u2026.., doravante denominada\u00a0<strong>CONTRATADA<\/strong>, resolvem celebrar o presente Contrato, autorizado pelo despacho constante no Processo Administrativo n\u00b0\u00a0<strong>XXXXXXXXX\/20XX<\/strong>, mediante parecer jur\u00eddico, que se reger\u00e1 pela Lei Federal n.\u00ba 14.133\/2021 e altera\u00e7\u00f5es posteriores, mediante as cl\u00e1usulas e condi\u00e7\u00f5es a seguir e do qual ficam fazendo parte integrante independentemente de transcri\u00e7\u00e3o, os documentos:<\/p>\n<p>&nbsp;<\/p>\n<ol>\n<li>Aviso de DISPENSA DE LICITA\u00c7\u00c3O N\u00ba 012\/2025 \u2013 COMISS\u00c3O DE LICITA\u00c7\u00c3O e seus<\/li>\n<\/ol>\n<p>&nbsp;<\/p>\n<ol>\n<li>Propostas de pre\u00e7o apresentada pela\u00a0<strong>CONTRATADA\u00a0<\/strong>em 00\/00\/0000.<\/li>\n<\/ol>\n<p>&nbsp;<\/p>\n<p>CL\u00c1USULA PRIMEIRA \u2013 OBJETO<\/p>\n<p><strong>\u00a0<\/strong><\/p>\n<p><strong>CONTRATA\u00c7\u00c3O DE EMPRESA PARA PRESTA\u00c7\u00c3O DE SERVI\u00c7OS DE DIGITALIZA\u00c7\u00c3O DE DOCUMENTOS, TRATAMENTO COM GERENCIAMENTO ELETR\u00d4NICO DE INFORMA\u00c7\u00d5ES, CAPTURA DE IMAGEM, O RECONHECIMENTO \u00d3PTICO DOS CARACTERES \u2013 OCR, INDEXA\u00c7\u00c3O, AUDITORIA EM SISTEMA, GERENCIAMENTO DE CONHECIMENTO EM SOFTWARE COM GUARDA DE DOCUMENTOS EM M\u00cdDIA, CONVERS\u00c3O DE ARTEFATOS F\u00cdSICO PARA DIGITAL COM DISPONIBILIZA\u00c7\u00c3O DE TEXTO EM IMAGEM PARA CONSULTA, PESQUISA E VISUALIZA\u00c7\u00c3O EM SOFTWARE DE GERENCIAMENTO ELETR\u00d4NICO, PORTAL DE CONSULTA WEB PERMITINDO DOWNLOAD DOS DOCUMENTOS DIGITALIZADOS, DOCUMENTOS PARA FORMATO COM ASSINATURA ELETR\u00d4NICA, IMPLEMENTA\u00c7\u00c3O, SUPORTE T\u00c9CNICO, TREINAMENTO E SOFTWARE DE GERENCIAMENTO ELETR\u00d4NICO DE DOCUMENTOS GED, COM LICENCIAMENTO DE USO PERPETUO EM M\u00cdDIA DOS DOCUMENTOS DIGITALIZADOS. MIGRA\u00c7\u00c3O DE ARQUIVOS DIGITALIZADOS ANTERIORMENTE EM FORMATO TIFF (FORMATO DE ARQUIVO RASTER PARA IMAGENS DIGITAIS) E PDF, ARMAZENADOS NO BANCO DE DADOS MICROSOFT MYSQ<\/strong><strong>\u00a0do Aviso de DISPENSA DE LICITA\u00c7\u00c3O N\u00ba 006\/2026 \u2013 COMISS\u00c3O DE LICITA\u00c7\u00c3O e proposta da CONTRATADA que s\u00e3o parte integrante deste instrumento independente de transcri\u00e7\u00e3o<\/strong>.<\/p>\n<p>&nbsp;<\/p>\n<p><strong>Par\u00e1grafo \u00fanico.\u00a0<\/strong>A licitante obriga-se a aceitar, quando solicitado pela Administra\u00e7\u00e3o, nas mesmas condi\u00e7\u00f5es e dentro do prazo contratual estabelecido, os acr\u00e9scimos ou supress\u00f5es\u00a0\u00a0 que se fizer nas compras de at\u00e9 25% (vinte e cinco por cento) do valor inicial atualizado do contrato, e as supress\u00f5es resultantes de acordo celebrado entre as partes, na forma do art. 125 da Lei Federal n\u00ba 14.133\/2021.<\/p>\n<p>&nbsp;<\/p>\n<p>CL\u00c1USULA SEGUNDA \u2013 DOS PRAZOS<\/p>\n<p><strong>\u00a0<\/strong><\/p>\n<ul>\n<li>1\u00ba VIG\u00caNCIA: A vig\u00eancia do contrato ser\u00e1 de 12 (doze) meses, contados a partir da data da assinatura.<\/li>\n<\/ul>\n<p>&nbsp;<\/p>\n<ul>\n<li>2\u00b0 O prazo de presta\u00e7\u00e3o dos servi\u00e7os s\u00e3o de 02 (dois) dias a partir da data da emiss\u00e3o da ordem de servi\u00e7o.<\/li>\n<\/ul>\n<p>&nbsp;<\/p>\n<ul>\n<li>3\u00ba Os prazos poder\u00e3o ser alterados nos termos da Lei Federal n\u00ba 14.133\/2021.<\/li>\n<\/ul>\n<p>&nbsp;<\/p>\n<p>CL\u00c1USULA TERCEIRA \u2013 PRE\u00c7O<\/p>\n<p><strong>\u00a0<\/strong><\/p>\n<table>\n<tbody>\n<tr>\n<td rowspan=\"2\" width=\"66\"><strong>ITEM<\/strong><\/td>\n<td rowspan=\"2\" width=\"265\"><strong>DESCRI\u00c7\u00c3O<\/strong><\/td>\n<td rowspan=\"2\" width=\"76\"><strong>Unidade de Medida<\/strong><\/td>\n<td rowspan=\"2\" width=\"76\"><strong>Qnt.<\/strong><\/td>\n<td colspan=\"2\" width=\"197\"><strong>PRE\u00c7O (R$)<\/strong><\/td>\n<\/tr>\n<tr>\n<td width=\"95\"><strong>UNIT\u00c1RIO<\/strong><\/td>\n<td width=\"102\"><strong>GLOGAL<\/strong><\/td>\n<\/tr>\n<tr>\n<td width=\"66\">1<\/td>\n<td width=\"265\"><\/td>\n<td width=\"76\"><\/td>\n<td width=\"76\"><\/td>\n<td width=\"95\"><\/td>\n<td width=\"102\"><\/td>\n<\/tr>\n<\/tbody>\n<\/table>\n<p><strong>\u00a0<\/strong><\/p>\n<p>O valor global deste contrato \u00e9 de\u00a0<strong>R$ \u2026\u2026\u2026\u2026\u2026\u2026 (\u2026\u2026\u2026\u2026\u2026\u2026\u2026\u2026\u2026\u2026\u2026\u2026 )\u00a0<\/strong>sendo fixo e irreajust\u00e1vel pelo per\u00edodo de 12 (doze) meses, transcrito da proposta de pre\u00e7o apresentada pela\u00a0<strong>CONTRATADA<\/strong>, entendido este como pre\u00e7o justo e suficiente para a total execu\u00e7\u00e3o do objeto deste Contrato.<\/p>\n<p>&nbsp;<\/p>\n<p>CL\u00c1USULA QUARTA \u2013 RECURSO FINANCEIRO<\/p>\n<p>As despesas para pagamento deste contrato correr\u00e3o \u00e0 conta do recurso da Dota\u00e7\u00e3o Or\u00e7ament\u00e1ria:<\/p>\n<p>Unidade Gestora:<\/p>\n<p>Gest\u00e3o<\/p>\n<p>Unidade Or\u00e7ament\u00e1ria<\/p>\n<p>Suba\u00e7\u00e3o<\/p>\n<p>Fonte Recurso:<\/p>\n<p>Elemento de despesa:<\/p>\n<p>&nbsp;<\/p>\n<p>CL\u00c1USULA QUINTA \u2013 ALTERA\u00c7\u00c3O<\/p>\n<p><strong>\u00a0<\/strong><\/p>\n<p>A altera\u00e7\u00e3o de quaisquer das cl\u00e1usulas ou condi\u00e7\u00f5es contidas neste contrato dever\u00e1 ser realizada mediante celebra\u00e7\u00e3o de Termo Aditivo, ressalvadas as hip\u00f3teses previstas em Lei.<\/p>\n<p>&nbsp;<\/p>\n<p>CL\u00c1USULA SEXTA \u2013 RESCIS\u00c3O<\/p>\n<p><strong>\u00a0<\/strong><\/p>\n<p>Este contrato poder\u00e1 ser extinto na forma dos Artigos 137, 138 e 139 da Lei Federal n\u00ba 14.133\/2021.<\/p>\n<p>&nbsp;<\/p>\n<p>CL\u00c1USULA S\u00c9TIMA \u2013 FORO<\/p>\n<p><strong>\u00a0<\/strong><\/p>\n<p>Fica eleito o Foro da Cidade de Canguaretama, Estado da Rio Grande do Norte, como o competente para dirimir quest\u00f5es decorrentes do cumprimento deste contrato, renunciando as partes a qualquer outro por mais privilegiado que seja.<\/p>\n<p>&nbsp;<\/p>\n<p>E, por estarem assim justas e acordadas, firmam as partes o presente instrumento em 03 (tr\u00eas) vias de igual teor e forma, para que produza os efeitos jur\u00eddicos.<\/p>\n<p>&nbsp;<\/p>\n<p>&nbsp;<\/p>\n<p>Vila Flor-Rio Grande do Norte, \u2026\u2026.. de \u2026\u2026\u2026\u2026\u2026\u2026. de \u2026\u2026\u2026\u2026\u2026\u2026..<\/p>\n<p>&nbsp;<\/p>\n<p>&nbsp;<\/p>\n<p><u>\u00a0<\/u><u>\u00a0\u00a0\u00a0\u00a0\u00a0\u00a0\u00a0\u00a0\u00a0\u00a0\u00a0\u00a0\u00a0\u00a0\u00a0\u00a0\u00a0\u00a0\u00a0\u00a0\u00a0\u00a0\u00a0\u00a0\u00a0\u00a0\u00a0\u00a0\u00a0\u00a0\u00a0\u00a0\u00a0\u00a0\u00a0\u00a0\u00a0\u00a0<\/u>_<u>\u00a0\u00a0\u00a0\u00a0\u00a0\u00a0\u00a0\u00a0\u00a0\u00a0\u00a0\u00a0\u00a0\u00a0\u00a0\u00a0\u00a0\u00a0\u00a0\u00a0\u00a0\u00a0\u00a0\u00a0\u00a0\u00a0\u00a0\u00a0\u00a0\u00a0\u00a0\u00a0\u00a0\u00a0\u00a0\u00a0\u00a0\u00a0\u00a0<\/u>_<u>\u00a0\u00a0\u00a0\u00a0\u00a0\u00a0\u00a0<\/u><\/p>\n<p>CONTRATANTE<\/p>\n<p><strong>\u00a0<\/strong><\/p>\n<p><strong>\u00a0<\/strong><\/p>\n<p><u>\u00a0<\/u><u>\u00a0\u00a0\u00a0\u00a0\u00a0\u00a0\u00a0\u00a0\u00a0\u00a0\u00a0\u00a0\u00a0\u00a0\u00a0\u00a0\u00a0\u00a0\u00a0\u00a0\u00a0\u00a0\u00a0\u00a0\u00a0\u00a0\u00a0\u00a0\u00a0\u00a0\u00a0\u00a0\u00a0\u00a0\u00a0\u00a0\u00a0\u00a0<\/u>_<u>\u00a0\u00a0\u00a0\u00a0\u00a0\u00a0\u00a0\u00a0\u00a0\u00a0\u00a0\u00a0\u00a0\u00a0\u00a0\u00a0\u00a0\u00a0\u00a0\u00a0\u00a0\u00a0\u00a0\u00a0\u00a0\u00a0\u00a0\u00a0\u00a0\u00a0\u00a0\u00a0\u00a0\u00a0\u00a0\u00a0\u00a0\u00a0\u00a0<\/u>_<u>\u00a0\u00a0\u00a0\u00a0\u00a0\u00a0\u00a0<\/u><\/p>\n<p>CONTRATADA<\/p>\n<p style=\"text-align: right;\"><strong>Publicado por:<\/strong><br \/>\nGRINALDO JOAQUIM DE SOUZA<br \/>\nSecret\u00e1rio Municipal de Administra\u00e7\u00e3o<br \/>\n<strong>C\u00f3digo Identificador:<\/strong>\u00a0FNNT9IIC3Q<\/p>\n<div class=\"pdfprnt-buttons pdfprnt-buttons-post pdfprnt-bottom-right\"><a href=\"https:\/\/vilaflor.rn.gov.br\/transparencia\/wp-json\/wp\/v2\/posts?page=6&print=pdf#038;print=print\" class=\"pdfprnt-button pdfprnt-button-pdf\" target=\"_blank\"><img decoding=\"async\" src=\"https:\/\/vilaflor.rn.gov.br\/transparencia\/wp-content\/plugins\/pdf-print\/images\/pdf.png\" alt=\"image_pdf\" title=\"Baixar PDF\" \/><\/a><a href=\"https:\/\/vilaflor.rn.gov.br\/transparencia\/wp-json\/wp\/v2\/posts?page=6&print=print#038;print=print\" class=\"pdfprnt-button pdfprnt-button-print\" target=\"_blank\"><img decoding=\"async\" src=\"https:\/\/vilaflor.rn.gov.br\/transparencia\/wp-content\/plugins\/pdf-print\/images\/print.png\" alt=\"image_print\" title=\"Conte\u00fado de impress\u00e3o\" \/><\/a><\/div>","protected":false},"excerpt":{"rendered":"<p>ESTADO DO RIO GRANDE DO NORTE PREFEITURA MUNICIPAL DE VILA FLOR FUNDAMENTA\u00c7\u00c3O LEGAL: ART. 75, INCISO II e \u00a7\u00a7 1\u00ba a 4\u00ba, DA LEI FEDERAL N\u00ba 14.133\/2021; INSTRU\u00c7\u00c3O NORMATIVA SEMGE N\u00ba 05\/2021 &nbsp; DADOS DO AVISO Vila Flor\/RN, em 04 de fevereiro de 2026. &nbsp; PROCESSO ADMINISTRATIVO:\u00a028010001\/2026 &nbsp; DATA E HORA LIMITE PARA ENTREGA DA [&hellip;]<\/p>\n","protected":false},"author":1,"featured_media":0,"comment_status":"open","ping_status":"open","sticky":false,"template":"","format":"standard","meta":{"ocean_post_layout":"","ocean_both_sidebars_style":"","ocean_both_sidebars_content_width":0,"ocean_both_sidebars_sidebars_width":0,"ocean_sidebar":"0","ocean_second_sidebar":"0","ocean_disable_margins":"enable","ocean_add_body_class":"","ocean_shortcode_before_top_bar":"","ocean_shortcode_after_top_bar":"","ocean_shortcode_before_header":"","ocean_shortcode_after_header":"","ocean_has_shortcode":"","ocean_shortcode_after_title":"","ocean_shortcode_before_footer_widgets":"","ocean_shortcode_after_footer_widgets":"","ocean_shortcode_before_footer_bottom":"","ocean_shortcode_after_footer_bottom":"","ocean_display_top_bar":"default","ocean_display_header":"default","ocean_header_style":"","ocean_center_header_left_menu":"0","ocean_custom_header_template":"0","ocean_custom_logo":0,"ocean_custom_retina_logo":0,"ocean_custom_logo_max_width":0,"ocean_custom_logo_tablet_max_width":0,"ocean_custom_logo_mobile_max_width":0,"ocean_custom_logo_max_height":0,"ocean_custom_logo_tablet_max_height":0,"ocean_custom_logo_mobile_max_height":0,"ocean_header_custom_menu":"0","ocean_menu_typo_font_family":"0","ocean_menu_typo_font_subset":"","ocean_menu_typo_font_size":0,"ocean_menu_typo_font_size_tablet":0,"ocean_menu_typo_font_size_mobile":0,"ocean_menu_typo_font_size_unit":"px","ocean_menu_typo_font_weight":"","ocean_menu_typo_font_weight_tablet":"","ocean_menu_typo_font_weight_mobile":"","ocean_menu_typo_transform":"","ocean_menu_typo_transform_tablet":"","ocean_menu_typo_transform_mobile":"","ocean_menu_typo_line_height":0,"ocean_menu_typo_line_height_tablet":0,"ocean_menu_typo_line_height_mobile":0,"ocean_menu_typo_line_height_unit":"","ocean_menu_typo_spacing":0,"ocean_menu_typo_spacing_tablet":0,"ocean_menu_typo_spacing_mobile":0,"ocean_menu_typo_spacing_unit":"","ocean_menu_link_color":"","ocean_menu_link_color_hover":"","ocean_menu_link_color_active":"","ocean_menu_link_background":"","ocean_menu_link_hover_background":"","ocean_menu_link_active_background":"","ocean_menu_social_links_bg":"","ocean_menu_social_hover_links_bg":"","ocean_menu_social_links_color":"","ocean_menu_social_hover_links_color":"","ocean_disable_title":"default","ocean_disable_heading":"default","ocean_post_title":"","ocean_post_subheading":"","ocean_post_title_style":"","ocean_post_title_background_color":"","ocean_post_title_background":0,"ocean_post_title_bg_image_position":"","ocean_post_title_bg_image_attachment":"","ocean_post_title_bg_image_repeat":"","ocean_post_title_bg_image_size":"","ocean_post_title_height":0,"ocean_post_title_bg_overlay":0.5,"ocean_post_title_bg_overlay_color":"","ocean_disable_breadcrumbs":"default","ocean_breadcrumbs_color":"","ocean_breadcrumbs_separator_color":"","ocean_breadcrumbs_links_color":"","ocean_breadcrumbs_links_hover_color":"","ocean_display_footer_widgets":"default","ocean_display_footer_bottom":"default","ocean_custom_footer_template":"0","ocean_post_oembed":"","ocean_post_self_hosted_media":"","ocean_post_video_embed":"","ocean_link_format":"","ocean_link_format_target":"self","ocean_quote_format":"","ocean_quote_format_link":"post","ocean_gallery_link_images":"on","ocean_gallery_id":[],"footnotes":""},"categories":[5,4],"tags":[],"class_list":["post-4202","post","type-post","status-publish","format-standard","hentry","category-aviso-de-licitacao","category-licitacao","entry"],"_links":{"self":[{"href":"https:\/\/vilaflor.rn.gov.br\/transparencia\/wp-json\/wp\/v2\/posts\/4202","targetHints":{"allow":["GET"]}}],"collection":[{"href":"https:\/\/vilaflor.rn.gov.br\/transparencia\/wp-json\/wp\/v2\/posts"}],"about":[{"href":"https:\/\/vilaflor.rn.gov.br\/transparencia\/wp-json\/wp\/v2\/types\/post"}],"author":[{"embeddable":true,"href":"https:\/\/vilaflor.rn.gov.br\/transparencia\/wp-json\/wp\/v2\/users\/1"}],"replies":[{"embeddable":true,"href":"https:\/\/vilaflor.rn.gov.br\/transparencia\/wp-json\/wp\/v2\/comments?post=4202"}],"version-history":[{"count":1,"href":"https:\/\/vilaflor.rn.gov.br\/transparencia\/wp-json\/wp\/v2\/posts\/4202\/revisions"}],"predecessor-version":[{"id":4203,"href":"https:\/\/vilaflor.rn.gov.br\/transparencia\/wp-json\/wp\/v2\/posts\/4202\/revisions\/4203"}],"wp:attachment":[{"href":"https:\/\/vilaflor.rn.gov.br\/transparencia\/wp-json\/wp\/v2\/media?parent=4202"}],"wp:term":[{"taxonomy":"category","embeddable":true,"href":"https:\/\/vilaflor.rn.gov.br\/transparencia\/wp-json\/wp\/v2\/categories?post=4202"},{"taxonomy":"post_tag","embeddable":true,"href":"https:\/\/vilaflor.rn.gov.br\/transparencia\/wp-json\/wp\/v2\/tags?post=4202"}],"curies":[{"name":"wp","href":"https:\/\/api.w.org\/{rel}","templated":true}]}},{"id":4200,"date":"2026-02-04T09:45:36","date_gmt":"2026-02-04T12:45:36","guid":{"rendered":"https:\/\/vilaflor.rn.gov.br\/transparencia\/?p=4200"},"modified":"2026-04-02T09:46:01","modified_gmt":"2026-04-02T12:46:01","slug":"extrato-de-contrato-n-009-2026-dispensa-de-licitacao-005-2026","status":"publish","type":"post","link":"https:\/\/vilaflor.rn.gov.br\/transparencia\/extrato-de-contrato-n-009-2026-dispensa-de-licitacao-005-2026\/","title":{"rendered":"EXTRATO DE CONTRATO N\u00b0 009\/2026 DISPENSA DE LICITA\u00c7\u00c3O 005\/2026"},"content":{"rendered":"<p><strong>ESTADO DO RIO GRANDE DO NORTE<\/strong><br \/>\n<strong>PREFEITURA MUNICIPAL DE VILA FLOR<\/strong><\/p>\n<p>CONTRATANTE: Munic\u00edpio de Vila Flor\/ Prefeitura Municipal<\/p>\n<p>&nbsp;<\/p>\n<p>CONTRATADA:\u00a0<strong>JOZAILTON VICTOR CAVALCANTI DA SILVA 70119505401.<\/strong><\/p>\n<p>&nbsp;<\/p>\n<p>MODALIDADE: Dispensa de Licita\u00e7\u00e3o 005\/2026.<\/p>\n<p>&nbsp;<\/p>\n<p>OBJETO: CONTRATA\u00c7\u00c3O DE EMPRESA ESPECIALIZADA NA PRESTA\u00c7\u00c3O SERVI\u00c7O DE ASSESSORIA DE COMUNICA\u00c7\u00c3O, INCLUINDO A PRODU\u00c7\u00c3O DE TEXTOS, FOTOGRAFIAS, EDI\u00c7\u00c3O DE V\u00cdDEOS, WEB DESIGNER, DESIGNER GR\u00c1FICO, MARKETING DIGITAL, FILMAGENS E GRAVA\u00c7\u00d5ES VISANDO ATENDER AS NECESSIDADES DA PREFEITURA MUNICIPAL DE VILA FLOR\/RN<\/p>\n<p>&nbsp;<\/p>\n<p>VALOR MENSAL ESTIMADO: R$ 5.100,00 (Cinco mil e cem reais)<\/p>\n<p>&nbsp;<\/p>\n<p>DATA DE ASSINATURA: 03\/02\/2026<\/p>\n<p>&nbsp;<\/p>\n<p>VIG\u00caNCIA: O prazo de vig\u00eancia deste Termo de Contrato \u00e9 de 12 (doze) meses contados a partir da data de publica\u00e7\u00e3o do extrato de contrato, podendo ser prorrogado por interesse das partes nos termos do art. 107, da Lei n\u00ba 14.133\/21, desde que haja autoriza\u00e7\u00e3o formal da autoridade competente e observados os requisitos previstos no Termo de Contrato.<\/p>\n<p>&nbsp;<\/p>\n<p>FUNDAMENTO LEGAL: Art. 75, II, da Lei n\u00ba 14.133\/21.<\/p>\n<p>&nbsp;<\/p>\n<p>DOTA\u00c7\u00c3O:<\/p>\n<p><strong>Classifica\u00e7\u00e3o econ\u00f4mica: \u00a0\u00a0\u00a0\u00a0<\/strong>3.3.90.39.00 \u2013 Outros Servi\u00e7os de Terceiros \u2013 Pessoa Jur\u00eddica<strong>;<\/strong><\/p>\n<p><strong>\u00d3rg\u00e3o: \u00a0\u00a0\u00a0\u00a0\u00a0\u00a0\u00a0\u00a0\u00a0\u00a0\u00a0\u00a0\u00a0\u00a0\u00a0\u00a0\u00a0\u00a0\u00a0\u00a0\u00a0\u00a0\u00a0\u00a0\u00a0\u00a0\u00a0\u00a0\u00a0\u00a0\u00a0\u00a0\u00a0\u00a0<\/strong>Prefeitura Municipal de Vila Flor;<\/p>\n<p><strong>Unidade Or\u00e7ament\u00e1ria: \u00a0\u00a0\u00a0\u00a0\u00a0<\/strong>03.001 \u2013 Secretaria Municipal de Administra\u00e7\u00e3o;<\/p>\n<p><strong>Projeto Atividade<\/strong>: \u00a0\u00a0\u00a0\u00a0\u00a0\u00a0\u00a0\u00a0\u00a0\u00a0\u00a0\u00a0\u00a0\u00a0 2.007 \u2013 MANUTEN\u00c7\u00c3O DAS A\u00c7\u00d5ES DA SECRETARIA MUNICIPAL DE ADMINISTRA\u00c7\u00c3O;<\/p>\n<p><strong>Fonte de Recurso<\/strong>:\u00a0\u00a0\u00a0\u00a0\u00a0\u00a0\u00a0\u00a0\u00a0\u00a0\u00a0\u00a0\u00a0\u00a0\u00a0\u00a0 15000000 \u2013 Recursos N\u00e3o Vinculados de Impostos.<\/p>\n<p style=\"text-align: right;\"><strong>Publicado por:<\/strong><br \/>\nGRINALDO JOAQUIM DE SOUZA<br \/>\nSecret\u00e1rio Municipal de Administra\u00e7\u00e3o<br \/>\n<strong>C\u00f3digo Identificador:<\/strong>\u00a0MWO2FFYYOI<\/p>\n<div class=\"pdfprnt-buttons pdfprnt-buttons-post pdfprnt-bottom-right\"><a href=\"https:\/\/vilaflor.rn.gov.br\/transparencia\/wp-json\/wp\/v2\/posts?page=6&print=pdf#038;print=print\" class=\"pdfprnt-button pdfprnt-button-pdf\" target=\"_blank\"><img decoding=\"async\" src=\"https:\/\/vilaflor.rn.gov.br\/transparencia\/wp-content\/plugins\/pdf-print\/images\/pdf.png\" alt=\"image_pdf\" title=\"Baixar PDF\" \/><\/a><a href=\"https:\/\/vilaflor.rn.gov.br\/transparencia\/wp-json\/wp\/v2\/posts?page=6&print=print#038;print=print\" class=\"pdfprnt-button pdfprnt-button-print\" target=\"_blank\"><img decoding=\"async\" src=\"https:\/\/vilaflor.rn.gov.br\/transparencia\/wp-content\/plugins\/pdf-print\/images\/print.png\" alt=\"image_print\" title=\"Conte\u00fado de impress\u00e3o\" \/><\/a><\/div>","protected":false},"excerpt":{"rendered":"<p>ESTADO DO RIO GRANDE DO NORTE PREFEITURA MUNICIPAL DE VILA FLOR CONTRATANTE: Munic\u00edpio de Vila Flor\/ Prefeitura Municipal &nbsp; CONTRATADA:\u00a0JOZAILTON VICTOR CAVALCANTI DA SILVA 70119505401. &nbsp; MODALIDADE: Dispensa de Licita\u00e7\u00e3o 005\/2026. &nbsp; OBJETO: CONTRATA\u00c7\u00c3O DE EMPRESA ESPECIALIZADA NA PRESTA\u00c7\u00c3O SERVI\u00c7O DE ASSESSORIA DE COMUNICA\u00c7\u00c3O, INCLUINDO A PRODU\u00c7\u00c3O DE TEXTOS, FOTOGRAFIAS, EDI\u00c7\u00c3O DE V\u00cdDEOS, WEB DESIGNER, [&hellip;]<\/p>\n","protected":false},"author":1,"featured_media":0,"comment_status":"open","ping_status":"open","sticky":false,"template":"","format":"standard","meta":{"ocean_post_layout":"","ocean_both_sidebars_style":"","ocean_both_sidebars_content_width":0,"ocean_both_sidebars_sidebars_width":0,"ocean_sidebar":"0","ocean_second_sidebar":"0","ocean_disable_margins":"enable","ocean_add_body_class":"","ocean_shortcode_before_top_bar":"","ocean_shortcode_after_top_bar":"","ocean_shortcode_before_header":"","ocean_shortcode_after_header":"","ocean_has_shortcode":"","ocean_shortcode_after_title":"","ocean_shortcode_before_footer_widgets":"","ocean_shortcode_after_footer_widgets":"","ocean_shortcode_before_footer_bottom":"","ocean_shortcode_after_footer_bottom":"","ocean_display_top_bar":"default","ocean_display_header":"default","ocean_header_style":"","ocean_center_header_left_menu":"0","ocean_custom_header_template":"0","ocean_custom_logo":0,"ocean_custom_retina_logo":0,"ocean_custom_logo_max_width":0,"ocean_custom_logo_tablet_max_width":0,"ocean_custom_logo_mobile_max_width":0,"ocean_custom_logo_max_height":0,"ocean_custom_logo_tablet_max_height":0,"ocean_custom_logo_mobile_max_height":0,"ocean_header_custom_menu":"0","ocean_menu_typo_font_family":"0","ocean_menu_typo_font_subset":"","ocean_menu_typo_font_size":0,"ocean_menu_typo_font_size_tablet":0,"ocean_menu_typo_font_size_mobile":0,"ocean_menu_typo_font_size_unit":"px","ocean_menu_typo_font_weight":"","ocean_menu_typo_font_weight_tablet":"","ocean_menu_typo_font_weight_mobile":"","ocean_menu_typo_transform":"","ocean_menu_typo_transform_tablet":"","ocean_menu_typo_transform_mobile":"","ocean_menu_typo_line_height":0,"ocean_menu_typo_line_height_tablet":0,"ocean_menu_typo_line_height_mobile":0,"ocean_menu_typo_line_height_unit":"","ocean_menu_typo_spacing":0,"ocean_menu_typo_spacing_tablet":0,"ocean_menu_typo_spacing_mobile":0,"ocean_menu_typo_spacing_unit":"","ocean_menu_link_color":"","ocean_menu_link_color_hover":"","ocean_menu_link_color_active":"","ocean_menu_link_background":"","ocean_menu_link_hover_background":"","ocean_menu_link_active_background":"","ocean_menu_social_links_bg":"","ocean_menu_social_hover_links_bg":"","ocean_menu_social_links_color":"","ocean_menu_social_hover_links_color":"","ocean_disable_title":"default","ocean_disable_heading":"default","ocean_post_title":"","ocean_post_subheading":"","ocean_post_title_style":"","ocean_post_title_background_color":"","ocean_post_title_background":0,"ocean_post_title_bg_image_position":"","ocean_post_title_bg_image_attachment":"","ocean_post_title_bg_image_repeat":"","ocean_post_title_bg_image_size":"","ocean_post_title_height":0,"ocean_post_title_bg_overlay":0.5,"ocean_post_title_bg_overlay_color":"","ocean_disable_breadcrumbs":"default","ocean_breadcrumbs_color":"","ocean_breadcrumbs_separator_color":"","ocean_breadcrumbs_links_color":"","ocean_breadcrumbs_links_hover_color":"","ocean_display_footer_widgets":"default","ocean_display_footer_bottom":"default","ocean_custom_footer_template":"0","ocean_post_oembed":"","ocean_post_self_hosted_media":"","ocean_post_video_embed":"","ocean_link_format":"","ocean_link_format_target":"self","ocean_quote_format":"","ocean_quote_format_link":"post","ocean_gallery_link_images":"on","ocean_gallery_id":[],"footnotes":""},"categories":[58,75,4],"tags":[],"class_list":["post-4200","post","type-post","status-publish","format-standard","hentry","category-contratos","category-contratos-2026","category-licitacao","entry"],"_links":{"self":[{"href":"https:\/\/vilaflor.rn.gov.br\/transparencia\/wp-json\/wp\/v2\/posts\/4200","targetHints":{"allow":["GET"]}}],"collection":[{"href":"https:\/\/vilaflor.rn.gov.br\/transparencia\/wp-json\/wp\/v2\/posts"}],"about":[{"href":"https:\/\/vilaflor.rn.gov.br\/transparencia\/wp-json\/wp\/v2\/types\/post"}],"author":[{"embeddable":true,"href":"https:\/\/vilaflor.rn.gov.br\/transparencia\/wp-json\/wp\/v2\/users\/1"}],"replies":[{"embeddable":true,"href":"https:\/\/vilaflor.rn.gov.br\/transparencia\/wp-json\/wp\/v2\/comments?post=4200"}],"version-history":[{"count":1,"href":"https:\/\/vilaflor.rn.gov.br\/transparencia\/wp-json\/wp\/v2\/posts\/4200\/revisions"}],"predecessor-version":[{"id":4201,"href":"https:\/\/vilaflor.rn.gov.br\/transparencia\/wp-json\/wp\/v2\/posts\/4200\/revisions\/4201"}],"wp:attachment":[{"href":"https:\/\/vilaflor.rn.gov.br\/transparencia\/wp-json\/wp\/v2\/media?parent=4200"}],"wp:term":[{"taxonomy":"category","embeddable":true,"href":"https:\/\/vilaflor.rn.gov.br\/transparencia\/wp-json\/wp\/v2\/categories?post=4200"},{"taxonomy":"post_tag","embeddable":true,"href":"https:\/\/vilaflor.rn.gov.br\/transparencia\/wp-json\/wp\/v2\/tags?post=4200"}],"curies":[{"name":"wp","href":"https:\/\/api.w.org\/{rel}","templated":true}]}},{"id":4198,"date":"2026-02-04T09:44:54","date_gmt":"2026-02-04T12:44:54","guid":{"rendered":"https:\/\/vilaflor.rn.gov.br\/transparencia\/?p=4198"},"modified":"2026-04-02T09:45:28","modified_gmt":"2026-04-02T12:45:28","slug":"termo-de-dispensa-de-licitacao-n-005-2026","status":"publish","type":"post","link":"https:\/\/vilaflor.rn.gov.br\/transparencia\/termo-de-dispensa-de-licitacao-n-005-2026\/","title":{"rendered":"TERMO DE DISPENSA DE LICITA\u00c7\u00c3O N\u00b0 005\/2026"},"content":{"rendered":"<p><strong>ESTADO DO RIO GRANDE DO NORTE<\/strong><br \/>\n<strong>PREFEITURA MUNICIPAL DE VILA FLOR<\/strong><\/p>\n<p>Fica dispensada a realiza\u00e7\u00e3o do certame licitat\u00f3rio para a\u00a0<strong>CONTRATA\u00c7\u00c3O DE EMPRESA ESPECIALIZADA NA PRESTA\u00c7\u00c3O SERVI\u00c7O DE ASSESSORIA DE COMUNICA\u00c7\u00c3O, INCLUINDO A PRODU\u00c7\u00c3O DE TEXTOS, FOTOGRAFIAS, EDI\u00c7\u00c3O DE V\u00cdDEOS, WEB DESIGNER, DESIGNER GR\u00c1FICO, MARKETING DIGITAL, FILMAGENS E GRAVA\u00c7\u00d5ES VISANDO ATENDER AS NECESSIDADES DA PREFEITURA MUNICIPAL DE VILA FLOR\/RN.<\/strong>\u00a0Declaro o interessado\u00a0<strong>JOZAILTON VICTOR CAVALCANTI DA SILVA 70119505401<\/strong>, CNPJ sob o n\u00b0\u00a0<strong>39.819.570\/0001-43<\/strong>, como apto e fornecedor da proposta mais vantajosa para a execu\u00e7\u00e3o do servi\u00e7o em tela. O servi\u00e7o ser\u00e1 realizado sob a responsabilidade e fiscaliza\u00e7\u00e3o desta Prefeitura Municipal. A motiva\u00e7\u00e3o se d\u00e1 pelo pequeno valor da contrata\u00e7\u00e3o de R$ 5.100,00 (Cinco mil e cem reais) mensais e em face de not\u00f3rio interesse p\u00fablico. As despesas decorrentes desta contrata\u00e7\u00e3o est\u00e3o programadas em dota\u00e7\u00e3o or\u00e7ament\u00e1ria pr\u00f3pria, prevista no or\u00e7amento do Munic\u00edpio de Vila Flor\/RN, para o exerc\u00edcio de 2026, na classifica\u00e7\u00e3o a seguir: Unidade or\u00e7ament\u00e1ria:\u00a0<strong>Classifica\u00e7\u00e3o econ\u00f4mica:\u00a0<\/strong>3.3.90.39.00 \u2013 Outros Servi\u00e7os de Terceiros \u2013 Pessoa Jur\u00eddica<strong>;\u00a0<\/strong><strong>\u00d3rg\u00e3o:\u00a0<\/strong>Prefeitura Municipal de Vila Flor;\u00a0<strong>Unidade Or\u00e7ament\u00e1ria:\u00a0<\/strong>03.001 \u2013 Secretaria Municipal de Administra\u00e7\u00e3o;\u00a0<strong>Projeto Atividade<\/strong>: 2.007 \u2013 MANUTEN\u00c7\u00c3O DAS A\u00c7\u00d5ES DA SECRETARIA MUNICIPAL DE ADMINISTRA\u00c7\u00c3O;\u00a0<strong>Fonte de Recurso<\/strong>: 15000000 \u2013 Recursos N\u00e3o Vinculados de Impostos.<\/p>\n<p>&nbsp;<\/p>\n<p><strong>RATIFICA\u00c7\u00c3O<\/strong><\/p>\n<p>&nbsp;<\/p>\n<p>Ante o exposto, tendo em vista os fundamentos apresentados e a regularidade formal do Processo Administrativo n\u00b0 20010001\/2026, bem como seu enquadramento legal, que fundamenta a Lei Federal n\u00ba 14.133\/2021 e legisla\u00e7\u00e3o complementar e, ainda de conformidade com o resultado do presente certame, usando das atribui\u00e7\u00f5es que nos s\u00e3o conferidas, a Prefeitura Municipal de Vila Flor\/RN, atrav\u00e9s da Secretaria Municipal de Administra\u00e7\u00e3o, no uso de suas atribui\u00e7\u00f5es legais e com base nas informa\u00e7\u00f5es constantes do processo de licita\u00e7\u00e3o em ep\u00edgrafe, resolve\u00a0<strong>RATIFICAR<\/strong>\u00a0o\u00a0<strong>TERMO DE DISPENSA DE LICITA\u00c7\u00c3O N\u00ba 005\/2026,\u00a0<\/strong>para que este produza seus legais efeitos.<\/p>\n<p>&nbsp;<\/p>\n<p>Publique-se.<\/p>\n<p>&nbsp;<\/p>\n<p>&nbsp;<\/p>\n<p>Vila Flor\/RN, em 03 de fevereiro de 2026.<\/p>\n<p>&nbsp;<\/p>\n<p>&nbsp;<\/p>\n<p>THUANNE KARLA CARVALHO DE SOUZA<\/p>\n<p><strong>Prefeita Municipal<\/strong><\/p>\n<p style=\"text-align: right;\"><strong>Publicado por:<\/strong><br \/>\nGRINALDO JOAQUIM DE SOUZA<br \/>\nSecret\u00e1rio Municipal de Administra\u00e7\u00e3o<br \/>\n<strong>C\u00f3digo Identificador:<\/strong>\u00a07NO4Q9T7HZ<\/p>\n<div class=\"pdfprnt-buttons pdfprnt-buttons-post pdfprnt-bottom-right\"><a href=\"https:\/\/vilaflor.rn.gov.br\/transparencia\/wp-json\/wp\/v2\/posts?page=6&print=pdf#038;print=print\" class=\"pdfprnt-button pdfprnt-button-pdf\" target=\"_blank\"><img decoding=\"async\" src=\"https:\/\/vilaflor.rn.gov.br\/transparencia\/wp-content\/plugins\/pdf-print\/images\/pdf.png\" alt=\"image_pdf\" title=\"Baixar PDF\" \/><\/a><a href=\"https:\/\/vilaflor.rn.gov.br\/transparencia\/wp-json\/wp\/v2\/posts?page=6&print=print#038;print=print\" class=\"pdfprnt-button pdfprnt-button-print\" target=\"_blank\"><img decoding=\"async\" src=\"https:\/\/vilaflor.rn.gov.br\/transparencia\/wp-content\/plugins\/pdf-print\/images\/print.png\" alt=\"image_print\" title=\"Conte\u00fado de impress\u00e3o\" \/><\/a><\/div>","protected":false},"excerpt":{"rendered":"<p>ESTADO DO RIO GRANDE DO NORTE PREFEITURA MUNICIPAL DE VILA FLOR Fica dispensada a realiza\u00e7\u00e3o do certame licitat\u00f3rio para a\u00a0CONTRATA\u00c7\u00c3O DE EMPRESA ESPECIALIZADA NA PRESTA\u00c7\u00c3O SERVI\u00c7O DE ASSESSORIA DE COMUNICA\u00c7\u00c3O, INCLUINDO A PRODU\u00c7\u00c3O DE TEXTOS, FOTOGRAFIAS, EDI\u00c7\u00c3O DE V\u00cdDEOS, WEB DESIGNER, DESIGNER GR\u00c1FICO, MARKETING DIGITAL, FILMAGENS E GRAVA\u00c7\u00d5ES VISANDO ATENDER AS NECESSIDADES DA PREFEITURA MUNICIPAL [&hellip;]<\/p>\n","protected":false},"author":1,"featured_media":0,"comment_status":"open","ping_status":"open","sticky":false,"template":"","format":"standard","meta":{"ocean_post_layout":"","ocean_both_sidebars_style":"","ocean_both_sidebars_content_width":0,"ocean_both_sidebars_sidebars_width":0,"ocean_sidebar":"0","ocean_second_sidebar":"0","ocean_disable_margins":"enable","ocean_add_body_class":"","ocean_shortcode_before_top_bar":"","ocean_shortcode_after_top_bar":"","ocean_shortcode_before_header":"","ocean_shortcode_after_header":"","ocean_has_shortcode":"","ocean_shortcode_after_title":"","ocean_shortcode_before_footer_widgets":"","ocean_shortcode_after_footer_widgets":"","ocean_shortcode_before_footer_bottom":"","ocean_shortcode_after_footer_bottom":"","ocean_display_top_bar":"default","ocean_display_header":"default","ocean_header_style":"","ocean_center_header_left_menu":"0","ocean_custom_header_template":"0","ocean_custom_logo":0,"ocean_custom_retina_logo":0,"ocean_custom_logo_max_width":0,"ocean_custom_logo_tablet_max_width":0,"ocean_custom_logo_mobile_max_width":0,"ocean_custom_logo_max_height":0,"ocean_custom_logo_tablet_max_height":0,"ocean_custom_logo_mobile_max_height":0,"ocean_header_custom_menu":"0","ocean_menu_typo_font_family":"0","ocean_menu_typo_font_subset":"","ocean_menu_typo_font_size":0,"ocean_menu_typo_font_size_tablet":0,"ocean_menu_typo_font_size_mobile":0,"ocean_menu_typo_font_size_unit":"px","ocean_menu_typo_font_weight":"","ocean_menu_typo_font_weight_tablet":"","ocean_menu_typo_font_weight_mobile":"","ocean_menu_typo_transform":"","ocean_menu_typo_transform_tablet":"","ocean_menu_typo_transform_mobile":"","ocean_menu_typo_line_height":0,"ocean_menu_typo_line_height_tablet":0,"ocean_menu_typo_line_height_mobile":0,"ocean_menu_typo_line_height_unit":"","ocean_menu_typo_spacing":0,"ocean_menu_typo_spacing_tablet":0,"ocean_menu_typo_spacing_mobile":0,"ocean_menu_typo_spacing_unit":"","ocean_menu_link_color":"","ocean_menu_link_color_hover":"","ocean_menu_link_color_active":"","ocean_menu_link_background":"","ocean_menu_link_hover_background":"","ocean_menu_link_active_background":"","ocean_menu_social_links_bg":"","ocean_menu_social_hover_links_bg":"","ocean_menu_social_links_color":"","ocean_menu_social_hover_links_color":"","ocean_disable_title":"default","ocean_disable_heading":"default","ocean_post_title":"","ocean_post_subheading":"","ocean_post_title_style":"","ocean_post_title_background_color":"","ocean_post_title_background":0,"ocean_post_title_bg_image_position":"","ocean_post_title_bg_image_attachment":"","ocean_post_title_bg_image_repeat":"","ocean_post_title_bg_image_size":"","ocean_post_title_height":0,"ocean_post_title_bg_overlay":0.5,"ocean_post_title_bg_overlay_color":"","ocean_disable_breadcrumbs":"default","ocean_breadcrumbs_color":"","ocean_breadcrumbs_separator_color":"","ocean_breadcrumbs_links_color":"","ocean_breadcrumbs_links_hover_color":"","ocean_display_footer_widgets":"default","ocean_display_footer_bottom":"default","ocean_custom_footer_template":"0","ocean_post_oembed":"","ocean_post_self_hosted_media":"","ocean_post_video_embed":"","ocean_link_format":"","ocean_link_format_target":"self","ocean_quote_format":"","ocean_quote_format_link":"post","ocean_gallery_link_images":"on","ocean_gallery_id":[],"footnotes":""},"categories":[13,76,4],"tags":[],"class_list":["post-4198","post","type-post","status-publish","format-standard","hentry","category-dispensa-de-licitacao","category-dispensa-de-licitacao-2026","category-licitacao","entry"],"_links":{"self":[{"href":"https:\/\/vilaflor.rn.gov.br\/transparencia\/wp-json\/wp\/v2\/posts\/4198","targetHints":{"allow":["GET"]}}],"collection":[{"href":"https:\/\/vilaflor.rn.gov.br\/transparencia\/wp-json\/wp\/v2\/posts"}],"about":[{"href":"https:\/\/vilaflor.rn.gov.br\/transparencia\/wp-json\/wp\/v2\/types\/post"}],"author":[{"embeddable":true,"href":"https:\/\/vilaflor.rn.gov.br\/transparencia\/wp-json\/wp\/v2\/users\/1"}],"replies":[{"embeddable":true,"href":"https:\/\/vilaflor.rn.gov.br\/transparencia\/wp-json\/wp\/v2\/comments?post=4198"}],"version-history":[{"count":1,"href":"https:\/\/vilaflor.rn.gov.br\/transparencia\/wp-json\/wp\/v2\/posts\/4198\/revisions"}],"predecessor-version":[{"id":4199,"href":"https:\/\/vilaflor.rn.gov.br\/transparencia\/wp-json\/wp\/v2\/posts\/4198\/revisions\/4199"}],"wp:attachment":[{"href":"https:\/\/vilaflor.rn.gov.br\/transparencia\/wp-json\/wp\/v2\/media?parent=4198"}],"wp:term":[{"taxonomy":"category","embeddable":true,"href":"https:\/\/vilaflor.rn.gov.br\/transparencia\/wp-json\/wp\/v2\/categories?post=4198"},{"taxonomy":"post_tag","embeddable":true,"href":"https:\/\/vilaflor.rn.gov.br\/transparencia\/wp-json\/wp\/v2\/tags?post=4198"}],"curies":[{"name":"wp","href":"https:\/\/api.w.org\/{rel}","templated":true}]}},{"id":4196,"date":"2026-02-04T09:44:14","date_gmt":"2026-02-04T12:44:14","guid":{"rendered":"https:\/\/vilaflor.rn.gov.br\/transparencia\/?p=4196"},"modified":"2026-04-02T09:44:47","modified_gmt":"2026-04-02T12:44:47","slug":"extrato-de-anulacao-dispensa-de-licitacao-no-019-2025","status":"publish","type":"post","link":"https:\/\/vilaflor.rn.gov.br\/transparencia\/extrato-de-anulacao-dispensa-de-licitacao-no-019-2025\/","title":{"rendered":"EXTRATO DE ANULA\u00c7\u00c3O DISPENSA DE LICITA\u00c7\u00c3O N\u00ba 019\/2025"},"content":{"rendered":"<p><strong>ESTADO DO RIO GRANDE DO NORTE<\/strong><br \/>\n<strong>PREFEITURA MUNICIPAL DE VILA FLOR<\/strong><\/p>\n<p><strong>PROCESSO ADMINISTRATIVO:<\/strong>\u00a001070001\/2025.\u00a0<strong>\u00d3RG\u00c3O:<\/strong>\u00a0Munic\u00edpio de Vila Flor\/RN.<\/p>\n<p>&nbsp;<\/p>\n<p><strong>OBJETO:<\/strong>\u00a0O objeto anteriormente publicado apresentava diverg\u00eancia entre o Aviso (Loca\u00e7\u00e3o de Di\u00e1rio Oficial) e o Termo de Refer\u00eancia (Servi\u00e7os de Digitaliza\u00e7\u00e3o e Gest\u00e3o Eletr\u00f4nica).<\/p>\n<p>&nbsp;<\/p>\n<p><strong>MOTIVA\u00c7\u00c3O E FUNDAMENTA\u00c7\u00c3O:<\/strong>\u00a0A Administra\u00e7\u00e3o P\u00fablica Municipal, no uso de suas atribui\u00e7\u00f5es e baseada no Relat\u00f3rio da Controladoria Interna de 23\/08\/2025, resolve\u00a0<strong>ANULAR<\/strong>\u00a0o Aviso de Dispensa de Licita\u00e7\u00e3o n\u00ba 019\/2025. A decis\u00e3o fundamenta-se nos Arts. 158 e 160 da Lei Federal n\u00ba 14.133\/2021, devido \u00e0 exist\u00eancia de v\u00edcio insan\u00e1vel na descri\u00e7\u00e3o do objeto, o que fere os princ\u00edpios da publicidade, transpar\u00eancia e isonomia.<\/p>\n<p>&nbsp;<\/p>\n<p><strong>ENCAMINHAMENTO:<\/strong>\u00a0Fica determinada a imediata anula\u00e7\u00e3o do processo administrativo.<\/p>\n<p>&nbsp;<\/p>\n<p>Vila Flor\/RN, em 03 de fevereiro de 2026.<\/p>\n<p>&nbsp;<\/p>\n<p>THUANNE KARLA CARVALHO DE SOUZA<\/p>\n<p>Prefeita Municipal<\/p>\n<p style=\"text-align: right;\"><strong>Publicado por:<\/strong><br \/>\nGRINALDO JOAQUIM DE SOUZA<br \/>\nSecret\u00e1rio Municipal de Administra\u00e7\u00e3o<br \/>\n<strong>C\u00f3digo Identificador:<\/strong>\u00a0IIJBEUT370<\/p>\n<div class=\"pdfprnt-buttons pdfprnt-buttons-post pdfprnt-bottom-right\"><a href=\"https:\/\/vilaflor.rn.gov.br\/transparencia\/wp-json\/wp\/v2\/posts?page=6&print=pdf#038;print=print\" class=\"pdfprnt-button pdfprnt-button-pdf\" target=\"_blank\"><img decoding=\"async\" src=\"https:\/\/vilaflor.rn.gov.br\/transparencia\/wp-content\/plugins\/pdf-print\/images\/pdf.png\" alt=\"image_pdf\" title=\"Baixar PDF\" \/><\/a><a href=\"https:\/\/vilaflor.rn.gov.br\/transparencia\/wp-json\/wp\/v2\/posts?page=6&print=print#038;print=print\" class=\"pdfprnt-button pdfprnt-button-print\" target=\"_blank\"><img decoding=\"async\" src=\"https:\/\/vilaflor.rn.gov.br\/transparencia\/wp-content\/plugins\/pdf-print\/images\/print.png\" alt=\"image_print\" title=\"Conte\u00fado de impress\u00e3o\" \/><\/a><\/div>","protected":false},"excerpt":{"rendered":"<p>ESTADO DO RIO GRANDE DO NORTE PREFEITURA MUNICIPAL DE VILA FLOR PROCESSO ADMINISTRATIVO:\u00a001070001\/2025.\u00a0\u00d3RG\u00c3O:\u00a0Munic\u00edpio de Vila Flor\/RN. &nbsp; OBJETO:\u00a0O objeto anteriormente publicado apresentava diverg\u00eancia entre o Aviso (Loca\u00e7\u00e3o de Di\u00e1rio Oficial) e o Termo de Refer\u00eancia (Servi\u00e7os de Digitaliza\u00e7\u00e3o e Gest\u00e3o Eletr\u00f4nica). &nbsp; MOTIVA\u00c7\u00c3O E FUNDAMENTA\u00c7\u00c3O:\u00a0A Administra\u00e7\u00e3o P\u00fablica Municipal, no uso de suas atribui\u00e7\u00f5es e baseada [&hellip;]<\/p>\n","protected":false},"author":1,"featured_media":0,"comment_status":"open","ping_status":"open","sticky":false,"template":"","format":"standard","meta":{"ocean_post_layout":"","ocean_both_sidebars_style":"","ocean_both_sidebars_content_width":0,"ocean_both_sidebars_sidebars_width":0,"ocean_sidebar":"0","ocean_second_sidebar":"0","ocean_disable_margins":"enable","ocean_add_body_class":"","ocean_shortcode_before_top_bar":"","ocean_shortcode_after_top_bar":"","ocean_shortcode_before_header":"","ocean_shortcode_after_header":"","ocean_has_shortcode":"","ocean_shortcode_after_title":"","ocean_shortcode_before_footer_widgets":"","ocean_shortcode_after_footer_widgets":"","ocean_shortcode_before_footer_bottom":"","ocean_shortcode_after_footer_bottom":"","ocean_display_top_bar":"default","ocean_display_header":"default","ocean_header_style":"","ocean_center_header_left_menu":"0","ocean_custom_header_template":"0","ocean_custom_logo":0,"ocean_custom_retina_logo":0,"ocean_custom_logo_max_width":0,"ocean_custom_logo_tablet_max_width":0,"ocean_custom_logo_mobile_max_width":0,"ocean_custom_logo_max_height":0,"ocean_custom_logo_tablet_max_height":0,"ocean_custom_logo_mobile_max_height":0,"ocean_header_custom_menu":"0","ocean_menu_typo_font_family":"0","ocean_menu_typo_font_subset":"","ocean_menu_typo_font_size":0,"ocean_menu_typo_font_size_tablet":0,"ocean_menu_typo_font_size_mobile":0,"ocean_menu_typo_font_size_unit":"px","ocean_menu_typo_font_weight":"","ocean_menu_typo_font_weight_tablet":"","ocean_menu_typo_font_weight_mobile":"","ocean_menu_typo_transform":"","ocean_menu_typo_transform_tablet":"","ocean_menu_typo_transform_mobile":"","ocean_menu_typo_line_height":0,"ocean_menu_typo_line_height_tablet":0,"ocean_menu_typo_line_height_mobile":0,"ocean_menu_typo_line_height_unit":"","ocean_menu_typo_spacing":0,"ocean_menu_typo_spacing_tablet":0,"ocean_menu_typo_spacing_mobile":0,"ocean_menu_typo_spacing_unit":"","ocean_menu_link_color":"","ocean_menu_link_color_hover":"","ocean_menu_link_color_active":"","ocean_menu_link_background":"","ocean_menu_link_hover_background":"","ocean_menu_link_active_background":"","ocean_menu_social_links_bg":"","ocean_menu_social_hover_links_bg":"","ocean_menu_social_links_color":"","ocean_menu_social_hover_links_color":"","ocean_disable_title":"default","ocean_disable_heading":"default","ocean_post_title":"","ocean_post_subheading":"","ocean_post_title_style":"","ocean_post_title_background_color":"","ocean_post_title_background":0,"ocean_post_title_bg_image_position":"","ocean_post_title_bg_image_attachment":"","ocean_post_title_bg_image_repeat":"","ocean_post_title_bg_image_size":"","ocean_post_title_height":0,"ocean_post_title_bg_overlay":0.5,"ocean_post_title_bg_overlay_color":"","ocean_disable_breadcrumbs":"default","ocean_breadcrumbs_color":"","ocean_breadcrumbs_separator_color":"","ocean_breadcrumbs_links_color":"","ocean_breadcrumbs_links_hover_color":"","ocean_display_footer_widgets":"default","ocean_display_footer_bottom":"default","ocean_custom_footer_template":"0","ocean_post_oembed":"","ocean_post_self_hosted_media":"","ocean_post_video_embed":"","ocean_link_format":"","ocean_link_format_target":"self","ocean_quote_format":"","ocean_quote_format_link":"post","ocean_gallery_link_images":"on","ocean_gallery_id":[],"footnotes":""},"categories":[13,76,4],"tags":[],"class_list":["post-4196","post","type-post","status-publish","format-standard","hentry","category-dispensa-de-licitacao","category-dispensa-de-licitacao-2026","category-licitacao","entry"],"_links":{"self":[{"href":"https:\/\/vilaflor.rn.gov.br\/transparencia\/wp-json\/wp\/v2\/posts\/4196","targetHints":{"allow":["GET"]}}],"collection":[{"href":"https:\/\/vilaflor.rn.gov.br\/transparencia\/wp-json\/wp\/v2\/posts"}],"about":[{"href":"https:\/\/vilaflor.rn.gov.br\/transparencia\/wp-json\/wp\/v2\/types\/post"}],"author":[{"embeddable":true,"href":"https:\/\/vilaflor.rn.gov.br\/transparencia\/wp-json\/wp\/v2\/users\/1"}],"replies":[{"embeddable":true,"href":"https:\/\/vilaflor.rn.gov.br\/transparencia\/wp-json\/wp\/v2\/comments?post=4196"}],"version-history":[{"count":1,"href":"https:\/\/vilaflor.rn.gov.br\/transparencia\/wp-json\/wp\/v2\/posts\/4196\/revisions"}],"predecessor-version":[{"id":4197,"href":"https:\/\/vilaflor.rn.gov.br\/transparencia\/wp-json\/wp\/v2\/posts\/4196\/revisions\/4197"}],"wp:attachment":[{"href":"https:\/\/vilaflor.rn.gov.br\/transparencia\/wp-json\/wp\/v2\/media?parent=4196"}],"wp:term":[{"taxonomy":"category","embeddable":true,"href":"https:\/\/vilaflor.rn.gov.br\/transparencia\/wp-json\/wp\/v2\/categories?post=4196"},{"taxonomy":"post_tag","embeddable":true,"href":"https:\/\/vilaflor.rn.gov.br\/transparencia\/wp-json\/wp\/v2\/tags?post=4196"}],"curies":[{"name":"wp","href":"https:\/\/api.w.org\/{rel}","templated":true}]}},{"id":4194,"date":"2026-02-02T09:43:30","date_gmt":"2026-02-02T12:43:30","guid":{"rendered":"https:\/\/vilaflor.rn.gov.br\/transparencia\/?p=4194"},"modified":"2026-04-02T09:44:06","modified_gmt":"2026-04-02T12:44:06","slug":"extrato-do-contrato-no-008-2026-pregao-eletronico-no-001-2026-2","status":"publish","type":"post","link":"https:\/\/vilaflor.rn.gov.br\/transparencia\/extrato-do-contrato-no-008-2026-pregao-eletronico-no-001-2026-2\/","title":{"rendered":"EXTRATO DO CONTRATO N\u00ba 008\/2026 PREG\u00c3O ELETR\u00d4NICO N\u00ba 001\/2026"},"content":{"rendered":"<p><strong>ESTADO DO RIO GRANDE DO NORTE<\/strong><br \/>\n<strong>PREFEITURA MUNICIPAL DE VILA FLOR<\/strong><\/p>\n<p><strong>ORIGEM:\u00a0<\/strong>PREG\u00c3O ELETR\u00d4NICO N\u00ba 001\/2026<\/p>\n<p><strong>\u00a0<\/strong><\/p>\n<p><strong>OBJETO:\u00a0<\/strong><strong>AQUISI\u00c7\u00c3O DE CAMINH\u00c3O DO TIPO BASCULANTE 6X2, VISANDO SUPRIR AS NECESSIDADES DA SECRETARIA MUNICIPAL DE AGRICULTURA DO MUNIC\u00cdPIO DE VILA FLOR\/RN<\/strong>, conforme especifica\u00e7\u00f5es e quantidades conditas no termo de refer\u00eancia.<\/p>\n<p><strong>\u00a0<\/strong><\/p>\n<p><strong>\u00d3RG\u00c3O GERENCIADOR:\u00a0<\/strong>PREFEITURA MUNICIPAL DE VILA FLOR\/RN, inscrita no CNPJ\/MF n\u00ba 08.169.278\/0001-07.<\/p>\n<p><strong>\u00a0<\/strong><\/p>\n<p><strong>PROMITENTE FORNECEDOR AUTOR DO MENOR PRE\u00c7O REGISTRADO:<\/strong><\/p>\n<p>Empresa:\u00a0<strong>\u00a0\u00a0<\/strong><strong>VIAGOV LTDA \u2013 CNPJ: 61.854.011\/0001-23.<\/strong><\/p>\n<p><strong>\u00a0<\/strong><\/p>\n<p><strong>\u00a0<\/strong><\/p>\n<p>Vencedora, no valor global de\u00a0<strong>R$ 549.300,00 (quinhentos e quarenta e nove mil e trezentos reais).<\/strong><\/p>\n<p><strong>\u00a0<\/strong><\/p>\n<p><strong>\u00a0<\/strong><\/p>\n<p><strong>\u00a0<\/strong><\/p>\n<p><strong>VIG\u00caNCIA:\u00a0<\/strong>12 (doze) meses, a contar da data da sua assinatura.<\/p>\n<p>&nbsp;<\/p>\n<p><strong>DATA DA ASSINATURA:\u00a0<\/strong>\u00a030 de janeiro de 2026.<\/p>\n<p>&nbsp;<\/p>\n<p>&nbsp;<\/p>\n<p>Pela Contratante Prefeitura Municipal de Vila Flor\/RN \u2013 CNPJ\/MF n\u00ba 08.169.278\/0001-07<\/p>\n<p>THUANNE KARLA CARVALHO DE SOUZA<\/p>\n<p>PREFEITA MUNICIPAL<br \/>\nPela Contratada\u00a0<strong>VIAGOV LTDA \u2013 CNPJ: 61.854.011\/0001-23.<\/strong><\/p>\n<p>Representante o Sr.\u00a0<strong>DIOGO DE JESUS CARDOSO<\/strong><strong>\u00a0\u2013 CPF\/MF:\u00a0<\/strong><strong>XXX.907.XXX-72<\/strong><\/p>\n<p style=\"text-align: right;\"><strong>Publicado por:<\/strong><br \/>\nGRINALDO JOAQUIM DE SOUZA<br \/>\nSecret\u00e1rio Municipal de Administra\u00e7\u00e3o<br \/>\n<strong>C\u00f3digo Identificador:<\/strong>\u00a0F5P973TGGY<\/p>\n<div class=\"pdfprnt-buttons pdfprnt-buttons-post pdfprnt-bottom-right\"><a href=\"https:\/\/vilaflor.rn.gov.br\/transparencia\/wp-json\/wp\/v2\/posts?page=6&print=pdf#038;print=print\" class=\"pdfprnt-button pdfprnt-button-pdf\" target=\"_blank\"><img decoding=\"async\" src=\"https:\/\/vilaflor.rn.gov.br\/transparencia\/wp-content\/plugins\/pdf-print\/images\/pdf.png\" alt=\"image_pdf\" title=\"Baixar PDF\" \/><\/a><a href=\"https:\/\/vilaflor.rn.gov.br\/transparencia\/wp-json\/wp\/v2\/posts?page=6&print=print#038;print=print\" class=\"pdfprnt-button pdfprnt-button-print\" target=\"_blank\"><img decoding=\"async\" src=\"https:\/\/vilaflor.rn.gov.br\/transparencia\/wp-content\/plugins\/pdf-print\/images\/print.png\" alt=\"image_print\" title=\"Conte\u00fado de impress\u00e3o\" \/><\/a><\/div>","protected":false},"excerpt":{"rendered":"<p>ESTADO DO RIO GRANDE DO NORTE PREFEITURA MUNICIPAL DE VILA FLOR ORIGEM:\u00a0PREG\u00c3O ELETR\u00d4NICO N\u00ba 001\/2026 \u00a0 OBJETO:\u00a0AQUISI\u00c7\u00c3O DE CAMINH\u00c3O DO TIPO BASCULANTE 6X2, VISANDO SUPRIR AS NECESSIDADES DA SECRETARIA MUNICIPAL DE AGRICULTURA DO MUNIC\u00cdPIO DE VILA FLOR\/RN, conforme especifica\u00e7\u00f5es e quantidades conditas no termo de refer\u00eancia. \u00a0 \u00d3RG\u00c3O GERENCIADOR:\u00a0PREFEITURA MUNICIPAL DE VILA FLOR\/RN, inscrita no [&hellip;]<\/p>\n","protected":false},"author":1,"featured_media":0,"comment_status":"open","ping_status":"open","sticky":false,"template":"","format":"standard","meta":{"ocean_post_layout":"","ocean_both_sidebars_style":"","ocean_both_sidebars_content_width":0,"ocean_both_sidebars_sidebars_width":0,"ocean_sidebar":"0","ocean_second_sidebar":"0","ocean_disable_margins":"enable","ocean_add_body_class":"","ocean_shortcode_before_top_bar":"","ocean_shortcode_after_top_bar":"","ocean_shortcode_before_header":"","ocean_shortcode_after_header":"","ocean_has_shortcode":"","ocean_shortcode_after_title":"","ocean_shortcode_before_footer_widgets":"","ocean_shortcode_after_footer_widgets":"","ocean_shortcode_before_footer_bottom":"","ocean_shortcode_after_footer_bottom":"","ocean_display_top_bar":"default","ocean_display_header":"default","ocean_header_style":"","ocean_center_header_left_menu":"0","ocean_custom_header_template":"0","ocean_custom_logo":0,"ocean_custom_retina_logo":0,"ocean_custom_logo_max_width":0,"ocean_custom_logo_tablet_max_width":0,"ocean_custom_logo_mobile_max_width":0,"ocean_custom_logo_max_height":0,"ocean_custom_logo_tablet_max_height":0,"ocean_custom_logo_mobile_max_height":0,"ocean_header_custom_menu":"0","ocean_menu_typo_font_family":"0","ocean_menu_typo_font_subset":"","ocean_menu_typo_font_size":0,"ocean_menu_typo_font_size_tablet":0,"ocean_menu_typo_font_size_mobile":0,"ocean_menu_typo_font_size_unit":"px","ocean_menu_typo_font_weight":"","ocean_menu_typo_font_weight_tablet":"","ocean_menu_typo_font_weight_mobile":"","ocean_menu_typo_transform":"","ocean_menu_typo_transform_tablet":"","ocean_menu_typo_transform_mobile":"","ocean_menu_typo_line_height":0,"ocean_menu_typo_line_height_tablet":0,"ocean_menu_typo_line_height_mobile":0,"ocean_menu_typo_line_height_unit":"","ocean_menu_typo_spacing":0,"ocean_menu_typo_spacing_tablet":0,"ocean_menu_typo_spacing_mobile":0,"ocean_menu_typo_spacing_unit":"","ocean_menu_link_color":"","ocean_menu_link_color_hover":"","ocean_menu_link_color_active":"","ocean_menu_link_background":"","ocean_menu_link_hover_background":"","ocean_menu_link_active_background":"","ocean_menu_social_links_bg":"","ocean_menu_social_hover_links_bg":"","ocean_menu_social_links_color":"","ocean_menu_social_hover_links_color":"","ocean_disable_title":"default","ocean_disable_heading":"default","ocean_post_title":"","ocean_post_subheading":"","ocean_post_title_style":"","ocean_post_title_background_color":"","ocean_post_title_background":0,"ocean_post_title_bg_image_position":"","ocean_post_title_bg_image_attachment":"","ocean_post_title_bg_image_repeat":"","ocean_post_title_bg_image_size":"","ocean_post_title_height":0,"ocean_post_title_bg_overlay":0.5,"ocean_post_title_bg_overlay_color":"","ocean_disable_breadcrumbs":"default","ocean_breadcrumbs_color":"","ocean_breadcrumbs_separator_color":"","ocean_breadcrumbs_links_color":"","ocean_breadcrumbs_links_hover_color":"","ocean_display_footer_widgets":"default","ocean_display_footer_bottom":"default","ocean_custom_footer_template":"0","ocean_post_oembed":"","ocean_post_self_hosted_media":"","ocean_post_video_embed":"","ocean_link_format":"","ocean_link_format_target":"self","ocean_quote_format":"","ocean_quote_format_link":"post","ocean_gallery_link_images":"on","ocean_gallery_id":[],"footnotes":""},"categories":[58,75,4],"tags":[],"class_list":["post-4194","post","type-post","status-publish","format-standard","hentry","category-contratos","category-contratos-2026","category-licitacao","entry"],"_links":{"self":[{"href":"https:\/\/vilaflor.rn.gov.br\/transparencia\/wp-json\/wp\/v2\/posts\/4194","targetHints":{"allow":["GET"]}}],"collection":[{"href":"https:\/\/vilaflor.rn.gov.br\/transparencia\/wp-json\/wp\/v2\/posts"}],"about":[{"href":"https:\/\/vilaflor.rn.gov.br\/transparencia\/wp-json\/wp\/v2\/types\/post"}],"author":[{"embeddable":true,"href":"https:\/\/vilaflor.rn.gov.br\/transparencia\/wp-json\/wp\/v2\/users\/1"}],"replies":[{"embeddable":true,"href":"https:\/\/vilaflor.rn.gov.br\/transparencia\/wp-json\/wp\/v2\/comments?post=4194"}],"version-history":[{"count":1,"href":"https:\/\/vilaflor.rn.gov.br\/transparencia\/wp-json\/wp\/v2\/posts\/4194\/revisions"}],"predecessor-version":[{"id":4195,"href":"https:\/\/vilaflor.rn.gov.br\/transparencia\/wp-json\/wp\/v2\/posts\/4194\/revisions\/4195"}],"wp:attachment":[{"href":"https:\/\/vilaflor.rn.gov.br\/transparencia\/wp-json\/wp\/v2\/media?parent=4194"}],"wp:term":[{"taxonomy":"category","embeddable":true,"href":"https:\/\/vilaflor.rn.gov.br\/transparencia\/wp-json\/wp\/v2\/categories?post=4194"},{"taxonomy":"post_tag","embeddable":true,"href":"https:\/\/vilaflor.rn.gov.br\/transparencia\/wp-json\/wp\/v2\/tags?post=4194"}],"curies":[{"name":"wp","href":"https:\/\/api.w.org\/{rel}","templated":true}]}},{"id":4192,"date":"2026-02-02T09:41:26","date_gmt":"2026-02-02T12:41:26","guid":{"rendered":"https:\/\/vilaflor.rn.gov.br\/transparencia\/?p=4192"},"modified":"2026-04-02T09:41:58","modified_gmt":"2026-04-02T12:41:58","slug":"pregao-eletronico-001-2026-pmvf-rn-termo-de-adjudicacao-resultado","status":"publish","type":"post","link":"https:\/\/vilaflor.rn.gov.br\/transparencia\/pregao-eletronico-001-2026-pmvf-rn-termo-de-adjudicacao-resultado\/","title":{"rendered":"PREG\u00c3O ELETR\u00d4NICO \u2013 001\/2026 \u2013 PMVF\/RN TERMO DE ADJUDICA\u00c7\u00c3O RESULTADO"},"content":{"rendered":"<p><strong>ESTADO DO RIO GRANDE DO NORTE<\/strong><br \/>\n<strong>PREFEITURA MUNICIPAL DE VILA FLOR<\/strong><\/p>\n<p>O pregoeiro do Munic\u00edpio de Vila Flor, no uso de suas atribui\u00e7\u00f5es legais, torna p\u00fablico que o\u00a0<strong>Preg\u00e3o Eletr\u00f4nico n\u00ba 001\/2026<\/strong>, que tem como objeto<strong>:\u00a0<\/strong><strong>AQUISI\u00c7\u00c3O DE CAMINH\u00c3O DO TIPO BASCULANTE 6X2, VISANDO SUPRIR AS NECESSIDADES DA SECRETARIA MUNICIPAL DE AGRICULTURA DO MUNIC\u00cdPIO DE VILA FLOR\/RN<\/strong><strong>, conforme especifica\u00e7\u00f5es e quantidades contidas no termo de refer\u00eancia<\/strong>, teve como vencedora a empresa:\u00a0<strong>VIAGOV LTDA \u2013 CNPJ: 61.854.011\/0001-23<\/strong><strong>,<\/strong>\u00a0assim, o resultado.<\/p>\n<p>&nbsp;<\/p>\n<p>Vila Flor\/RN, em 30 de janeiro de 2026.<\/p>\n<p>&nbsp;<\/p>\n<p>&nbsp;<\/p>\n<p>&nbsp;<\/p>\n<p><strong>THUANNE KARLA CARVALHO DE SOUZA<\/strong><\/p>\n<p>Prefeita Municipal<\/p>\n<p style=\"text-align: right;\"><strong>Publicado por:<\/strong><br \/>\nGRINALDO JOAQUIM DE SOUZA<br \/>\nSecret\u00e1rio Municipal de Administra\u00e7\u00e3o<br \/>\n<strong>C\u00f3digo Identificador:<\/strong>\u00a02OM4LFW13J<\/p>\n<div class=\"pdfprnt-buttons pdfprnt-buttons-post pdfprnt-bottom-right\"><a href=\"https:\/\/vilaflor.rn.gov.br\/transparencia\/wp-json\/wp\/v2\/posts?page=6&print=pdf#038;print=print\" class=\"pdfprnt-button pdfprnt-button-pdf\" target=\"_blank\"><img decoding=\"async\" src=\"https:\/\/vilaflor.rn.gov.br\/transparencia\/wp-content\/plugins\/pdf-print\/images\/pdf.png\" alt=\"image_pdf\" title=\"Baixar PDF\" \/><\/a><a href=\"https:\/\/vilaflor.rn.gov.br\/transparencia\/wp-json\/wp\/v2\/posts?page=6&print=print#038;print=print\" class=\"pdfprnt-button pdfprnt-button-print\" target=\"_blank\"><img decoding=\"async\" src=\"https:\/\/vilaflor.rn.gov.br\/transparencia\/wp-content\/plugins\/pdf-print\/images\/print.png\" alt=\"image_print\" title=\"Conte\u00fado de impress\u00e3o\" \/><\/a><\/div>","protected":false},"excerpt":{"rendered":"<p>ESTADO DO RIO GRANDE DO NORTE PREFEITURA MUNICIPAL DE VILA FLOR O pregoeiro do Munic\u00edpio de Vila Flor, no uso de suas atribui\u00e7\u00f5es legais, torna p\u00fablico que o\u00a0Preg\u00e3o Eletr\u00f4nico n\u00ba 001\/2026, que tem como objeto:\u00a0AQUISI\u00c7\u00c3O DE CAMINH\u00c3O DO TIPO BASCULANTE 6X2, VISANDO SUPRIR AS NECESSIDADES DA SECRETARIA MUNICIPAL DE AGRICULTURA DO MUNIC\u00cdPIO DE VILA FLOR\/RN, [&hellip;]<\/p>\n","protected":false},"author":1,"featured_media":0,"comment_status":"open","ping_status":"open","sticky":false,"template":"","format":"standard","meta":{"ocean_post_layout":"","ocean_both_sidebars_style":"","ocean_both_sidebars_content_width":0,"ocean_both_sidebars_sidebars_width":0,"ocean_sidebar":"0","ocean_second_sidebar":"0","ocean_disable_margins":"enable","ocean_add_body_class":"","ocean_shortcode_before_top_bar":"","ocean_shortcode_after_top_bar":"","ocean_shortcode_before_header":"","ocean_shortcode_after_header":"","ocean_has_shortcode":"","ocean_shortcode_after_title":"","ocean_shortcode_before_footer_widgets":"","ocean_shortcode_after_footer_widgets":"","ocean_shortcode_before_footer_bottom":"","ocean_shortcode_after_footer_bottom":"","ocean_display_top_bar":"default","ocean_display_header":"default","ocean_header_style":"","ocean_center_header_left_menu":"0","ocean_custom_header_template":"0","ocean_custom_logo":0,"ocean_custom_retina_logo":0,"ocean_custom_logo_max_width":0,"ocean_custom_logo_tablet_max_width":0,"ocean_custom_logo_mobile_max_width":0,"ocean_custom_logo_max_height":0,"ocean_custom_logo_tablet_max_height":0,"ocean_custom_logo_mobile_max_height":0,"ocean_header_custom_menu":"0","ocean_menu_typo_font_family":"0","ocean_menu_typo_font_subset":"","ocean_menu_typo_font_size":0,"ocean_menu_typo_font_size_tablet":0,"ocean_menu_typo_font_size_mobile":0,"ocean_menu_typo_font_size_unit":"px","ocean_menu_typo_font_weight":"","ocean_menu_typo_font_weight_tablet":"","ocean_menu_typo_font_weight_mobile":"","ocean_menu_typo_transform":"","ocean_menu_typo_transform_tablet":"","ocean_menu_typo_transform_mobile":"","ocean_menu_typo_line_height":0,"ocean_menu_typo_line_height_tablet":0,"ocean_menu_typo_line_height_mobile":0,"ocean_menu_typo_line_height_unit":"","ocean_menu_typo_spacing":0,"ocean_menu_typo_spacing_tablet":0,"ocean_menu_typo_spacing_mobile":0,"ocean_menu_typo_spacing_unit":"","ocean_menu_link_color":"","ocean_menu_link_color_hover":"","ocean_menu_link_color_active":"","ocean_menu_link_background":"","ocean_menu_link_hover_background":"","ocean_menu_link_active_background":"","ocean_menu_social_links_bg":"","ocean_menu_social_hover_links_bg":"","ocean_menu_social_links_color":"","ocean_menu_social_hover_links_color":"","ocean_disable_title":"default","ocean_disable_heading":"default","ocean_post_title":"","ocean_post_subheading":"","ocean_post_title_style":"","ocean_post_title_background_color":"","ocean_post_title_background":0,"ocean_post_title_bg_image_position":"","ocean_post_title_bg_image_attachment":"","ocean_post_title_bg_image_repeat":"","ocean_post_title_bg_image_size":"","ocean_post_title_height":0,"ocean_post_title_bg_overlay":0.5,"ocean_post_title_bg_overlay_color":"","ocean_disable_breadcrumbs":"default","ocean_breadcrumbs_color":"","ocean_breadcrumbs_separator_color":"","ocean_breadcrumbs_links_color":"","ocean_breadcrumbs_links_hover_color":"","ocean_display_footer_widgets":"default","ocean_display_footer_bottom":"default","ocean_custom_footer_template":"0","ocean_post_oembed":"","ocean_post_self_hosted_media":"","ocean_post_video_embed":"","ocean_link_format":"","ocean_link_format_target":"self","ocean_quote_format":"","ocean_quote_format_link":"post","ocean_gallery_link_images":"on","ocean_gallery_id":[],"footnotes":""},"categories":[4,7],"tags":[],"class_list":["post-4192","post","type-post","status-publish","format-standard","hentry","category-licitacao","category-resultados-de-licitacao","entry"],"_links":{"self":[{"href":"https:\/\/vilaflor.rn.gov.br\/transparencia\/wp-json\/wp\/v2\/posts\/4192","targetHints":{"allow":["GET"]}}],"collection":[{"href":"https:\/\/vilaflor.rn.gov.br\/transparencia\/wp-json\/wp\/v2\/posts"}],"about":[{"href":"https:\/\/vilaflor.rn.gov.br\/transparencia\/wp-json\/wp\/v2\/types\/post"}],"author":[{"embeddable":true,"href":"https:\/\/vilaflor.rn.gov.br\/transparencia\/wp-json\/wp\/v2\/users\/1"}],"replies":[{"embeddable":true,"href":"https:\/\/vilaflor.rn.gov.br\/transparencia\/wp-json\/wp\/v2\/comments?post=4192"}],"version-history":[{"count":1,"href":"https:\/\/vilaflor.rn.gov.br\/transparencia\/wp-json\/wp\/v2\/posts\/4192\/revisions"}],"predecessor-version":[{"id":4193,"href":"https:\/\/vilaflor.rn.gov.br\/transparencia\/wp-json\/wp\/v2\/posts\/4192\/revisions\/4193"}],"wp:attachment":[{"href":"https:\/\/vilaflor.rn.gov.br\/transparencia\/wp-json\/wp\/v2\/media?parent=4192"}],"wp:term":[{"taxonomy":"category","embeddable":true,"href":"https:\/\/vilaflor.rn.gov.br\/transparencia\/wp-json\/wp\/v2\/categories?post=4192"},{"taxonomy":"post_tag","embeddable":true,"href":"https:\/\/vilaflor.rn.gov.br\/transparencia\/wp-json\/wp\/v2\/tags?post=4192"}],"curies":[{"name":"wp","href":"https:\/\/api.w.org\/{rel}","templated":true}]}}]