[{"id":4234,"date":"2026-02-11T10:37:52","date_gmt":"2026-02-11T13:37:52","guid":{"rendered":"https:\/\/vilaflor.rn.gov.br\/transparencia\/?p=4234"},"modified":"2026-04-02T10:39:03","modified_gmt":"2026-04-02T13:39:03","slug":"termo-de-adesao-a-ata-de-registros-de-precos-n-032-2025","status":"publish","type":"post","link":"https:\/\/vilaflor.rn.gov.br\/transparencia\/termo-de-adesao-a-ata-de-registros-de-precos-n-032-2025\/","title":{"rendered":"TERMO DE ADES\u00c3O \u00c0 ATA DE REGISTROS DE PRE\u00c7OS N\u00b0 032\/2025"},"content":{"rendered":"<p><strong>ESTADO DO RIO GRANDE DO NORTE<\/strong><br \/>\n<strong>PREFEITURA MUNICIPAL DE VILA FLOR<\/strong><\/p>\n<p>A Prefeita do Munic\u00edpio de Vila Flor\/RN torna p\u00fablico a ades\u00e3o a ATA DE REGISTROS DE PRE\u00c7OS N\u00b0 032\/2025 ORIUNDA DO PREG\u00c3O ELETR\u00d4NICO SRP N\u00b0 013\/2025, oriundo da Prefeitura Municipal de Extremoz\/RN, em que foram registrados os pre\u00e7os da empresa\u00a0<strong>POTIGUAR TRATORES PECAS E SERVICOS LTDA\u00a0<\/strong>inscrito no CNPJ\/MF sob o n\u00b0 03.034.090\/0001-20, totalizando o valor global de\u00a0<strong>R$ 364.520,00 (Trezentos e sessenta e quatro mil, quinhentos e vinte reais)<\/strong><\/p>\n<p>&nbsp;<\/p>\n<p>Cujo objeto \u00e9 \u00e0 CONTRATA\u00c7\u00c3O DE SERVI\u00c7OS DE MANUTEN\u00c7\u00c3O DE M\u00c1QUINAS PESADAS E IMPLEMENTOS AGR\u00cdCOLAS MOVIDOS A DIESEL<\/p>\n<p><strong>\u00a0<\/strong><\/p>\n<p><strong>TERMO DE RATIFICA\u00c7\u00c3O<\/strong><\/p>\n<p>&nbsp;<\/p>\n<p>Circunstanciado pelo Parecer da Assessoria Jur\u00eddica, opinando favoravelmente pela ades\u00e3o a ATA DE REGISTROS DE PRE\u00c7OS N\u00b0 032\/2025 ORIUNDA DO PREG\u00c3O ELETR\u00d4NICO SRP N\u00b0 013\/2025, da Prefeitura Municipal de Extremoz\/RN, objetivando a ades\u00e3o \u00e0 ATA DE REGISTROS DE PRE\u00c7OS N\u00b0 032\/2025 ORIUNDA DO PREG\u00c3O ELETR\u00d4NICO SRP N\u00b0 013\/2025, venho RATIFICAR a contrata\u00e7\u00e3o com a empresa\u00a0<strong>POTIGUAR TRATORES PECAS E SERVICOS LTDA inscrito no CNPJ\/MF sob o n\u00b0 03.034.090\/0001-20<\/strong>, totalizando o valor global de\u00a0<strong>R$ 364.520,00 (Trezentos e sessenta e quatro mil, quinhentos e vinte reais)<\/strong><\/p>\n<p><strong>\u00a0<\/strong><\/p>\n<p><strong>\u00a0<\/strong><\/p>\n<p>&nbsp;<\/p>\n<p>Vila Flor\/RN, em 10 de fevereiro de 2026.<\/p>\n<p>&nbsp;<\/p>\n<p>&nbsp;<\/p>\n<p>&nbsp;<\/p>\n<p>&nbsp;<\/p>\n<p><strong><em>THUANNE KARLA CARVALHO DE SOUZA<\/em><\/strong><\/p>\n<p>Prefeita Municipal<\/p>\n<p style=\"text-align: right;\"><strong>Publicado por:<\/strong><br \/>\nGRINALDO JOAQUIM DE SOUZA<br \/>\nSecret\u00e1rio Municipal de Administra\u00e7\u00e3o<br \/>\n<strong>C\u00f3digo Identificador:<\/strong>\u00a0YLQZ0TX6PL<\/p>\n<div class=\"pdfprnt-buttons pdfprnt-buttons-post pdfprnt-bottom-right\"><a href=\"https:\/\/vilaflor.rn.gov.br\/transparencia\/wp-json\/wp\/v2\/posts?page=5&print=pdf#038;print=print\" class=\"pdfprnt-button pdfprnt-button-pdf\" target=\"_blank\"><img decoding=\"async\" src=\"https:\/\/vilaflor.rn.gov.br\/transparencia\/wp-content\/plugins\/pdf-print\/images\/pdf.png\" alt=\"image_pdf\" title=\"Baixar PDF\" \/><\/a><a href=\"https:\/\/vilaflor.rn.gov.br\/transparencia\/wp-json\/wp\/v2\/posts?page=5&print=print#038;print=print\" class=\"pdfprnt-button pdfprnt-button-print\" target=\"_blank\"><img decoding=\"async\" src=\"https:\/\/vilaflor.rn.gov.br\/transparencia\/wp-content\/plugins\/pdf-print\/images\/print.png\" alt=\"image_print\" title=\"Conte\u00fado de impress\u00e3o\" \/><\/a><\/div>","protected":false},"excerpt":{"rendered":"<p>ESTADO DO RIO GRANDE DO NORTE PREFEITURA MUNICIPAL DE VILA FLOR A Prefeita do Munic\u00edpio de Vila Flor\/RN torna p\u00fablico a ades\u00e3o a ATA DE REGISTROS DE PRE\u00c7OS N\u00b0 032\/2025 ORIUNDA DO PREG\u00c3O ELETR\u00d4NICO SRP N\u00b0 013\/2025, oriundo da Prefeitura Municipal de Extremoz\/RN, em que foram registrados os pre\u00e7os da empresa\u00a0POTIGUAR TRATORES PECAS E SERVICOS [&hellip;]<\/p>\n","protected":false},"author":1,"featured_media":0,"comment_status":"open","ping_status":"open","sticky":false,"template":"","format":"standard","meta":{"ocean_post_layout":"","ocean_both_sidebars_style":"","ocean_both_sidebars_content_width":0,"ocean_both_sidebars_sidebars_width":0,"ocean_sidebar":"0","ocean_second_sidebar":"0","ocean_disable_margins":"enable","ocean_add_body_class":"","ocean_shortcode_before_top_bar":"","ocean_shortcode_after_top_bar":"","ocean_shortcode_before_header":"","ocean_shortcode_after_header":"","ocean_has_shortcode":"","ocean_shortcode_after_title":"","ocean_shortcode_before_footer_widgets":"","ocean_shortcode_after_footer_widgets":"","ocean_shortcode_before_footer_bottom":"","ocean_shortcode_after_footer_bottom":"","ocean_display_top_bar":"default","ocean_display_header":"default","ocean_header_style":"","ocean_center_header_left_menu":"0","ocean_custom_header_template":"0","ocean_custom_logo":0,"ocean_custom_retina_logo":0,"ocean_custom_logo_max_width":0,"ocean_custom_logo_tablet_max_width":0,"ocean_custom_logo_mobile_max_width":0,"ocean_custom_logo_max_height":0,"ocean_custom_logo_tablet_max_height":0,"ocean_custom_logo_mobile_max_height":0,"ocean_header_custom_menu":"0","ocean_menu_typo_font_family":"0","ocean_menu_typo_font_subset":"","ocean_menu_typo_font_size":0,"ocean_menu_typo_font_size_tablet":0,"ocean_menu_typo_font_size_mobile":0,"ocean_menu_typo_font_size_unit":"px","ocean_menu_typo_font_weight":"","ocean_menu_typo_font_weight_tablet":"","ocean_menu_typo_font_weight_mobile":"","ocean_menu_typo_transform":"","ocean_menu_typo_transform_tablet":"","ocean_menu_typo_transform_mobile":"","ocean_menu_typo_line_height":0,"ocean_menu_typo_line_height_tablet":0,"ocean_menu_typo_line_height_mobile":0,"ocean_menu_typo_line_height_unit":"","ocean_menu_typo_spacing":0,"ocean_menu_typo_spacing_tablet":0,"ocean_menu_typo_spacing_mobile":0,"ocean_menu_typo_spacing_unit":"","ocean_menu_link_color":"","ocean_menu_link_color_hover":"","ocean_menu_link_color_active":"","ocean_menu_link_background":"","ocean_menu_link_hover_background":"","ocean_menu_link_active_background":"","ocean_menu_social_links_bg":"","ocean_menu_social_hover_links_bg":"","ocean_menu_social_links_color":"","ocean_menu_social_hover_links_color":"","ocean_disable_title":"default","ocean_disable_heading":"default","ocean_post_title":"","ocean_post_subheading":"","ocean_post_title_style":"","ocean_post_title_background_color":"","ocean_post_title_background":0,"ocean_post_title_bg_image_position":"","ocean_post_title_bg_image_attachment":"","ocean_post_title_bg_image_repeat":"","ocean_post_title_bg_image_size":"","ocean_post_title_height":0,"ocean_post_title_bg_overlay":0.5,"ocean_post_title_bg_overlay_color":"","ocean_disable_breadcrumbs":"default","ocean_breadcrumbs_color":"","ocean_breadcrumbs_separator_color":"","ocean_breadcrumbs_links_color":"","ocean_breadcrumbs_links_hover_color":"","ocean_display_footer_widgets":"default","ocean_display_footer_bottom":"default","ocean_custom_footer_template":"0","ocean_post_oembed":"","ocean_post_self_hosted_media":"","ocean_post_video_embed":"","ocean_link_format":"","ocean_link_format_target":"self","ocean_quote_format":"","ocean_quote_format_link":"post","ocean_gallery_link_images":"on","ocean_gallery_id":[],"footnotes":""},"categories":[53,79,4],"tags":[],"class_list":["post-4234","post","type-post","status-publish","format-standard","hentry","category-atas","category-atas-de-adesao-2026","category-licitacao","entry"],"_links":{"self":[{"href":"https:\/\/vilaflor.rn.gov.br\/transparencia\/wp-json\/wp\/v2\/posts\/4234","targetHints":{"allow":["GET"]}}],"collection":[{"href":"https:\/\/vilaflor.rn.gov.br\/transparencia\/wp-json\/wp\/v2\/posts"}],"about":[{"href":"https:\/\/vilaflor.rn.gov.br\/transparencia\/wp-json\/wp\/v2\/types\/post"}],"author":[{"embeddable":true,"href":"https:\/\/vilaflor.rn.gov.br\/transparencia\/wp-json\/wp\/v2\/users\/1"}],"replies":[{"embeddable":true,"href":"https:\/\/vilaflor.rn.gov.br\/transparencia\/wp-json\/wp\/v2\/comments?post=4234"}],"version-history":[{"count":1,"href":"https:\/\/vilaflor.rn.gov.br\/transparencia\/wp-json\/wp\/v2\/posts\/4234\/revisions"}],"predecessor-version":[{"id":4235,"href":"https:\/\/vilaflor.rn.gov.br\/transparencia\/wp-json\/wp\/v2\/posts\/4234\/revisions\/4235"}],"wp:attachment":[{"href":"https:\/\/vilaflor.rn.gov.br\/transparencia\/wp-json\/wp\/v2\/media?parent=4234"}],"wp:term":[{"taxonomy":"category","embeddable":true,"href":"https:\/\/vilaflor.rn.gov.br\/transparencia\/wp-json\/wp\/v2\/categories?post=4234"},{"taxonomy":"post_tag","embeddable":true,"href":"https:\/\/vilaflor.rn.gov.br\/transparencia\/wp-json\/wp\/v2\/tags?post=4234"}],"curies":[{"name":"wp","href":"https:\/\/api.w.org\/{rel}","templated":true}]}},{"id":4232,"date":"2026-02-11T10:33:25","date_gmt":"2026-02-11T13:33:25","guid":{"rendered":"https:\/\/vilaflor.rn.gov.br\/transparencia\/?p=4232"},"modified":"2026-04-02T10:37:36","modified_gmt":"2026-04-02T13:37:36","slug":"pregao-eletronico-002-2026-pmvf-rn-termo-de-adjudicacao-resultado","status":"publish","type":"post","link":"https:\/\/vilaflor.rn.gov.br\/transparencia\/pregao-eletronico-002-2026-pmvf-rn-termo-de-adjudicacao-resultado\/","title":{"rendered":"PREG\u00c3O ELETR\u00d4NICO \u2013 002\/2026 \u2013 PMVF\/RN TERMO DE ADJUDICA\u00c7\u00c3O RESULTADO"},"content":{"rendered":"<p><strong>ESTADO DO RIO GRANDE DO NORTE<\/strong><br \/>\n<strong>PREFEITURA MUNICIPAL DE VILA FLOR<\/strong><\/p>\n<p>O pregoeiro do Munic\u00edpio de Vila Flor, no uso de suas atribui\u00e7\u00f5es legais, torna p\u00fablico que o\u00a0<strong>Preg\u00e3o Eletr\u00f4nico n\u00ba 002\/2026<\/strong>, que tem como objeto<strong>: REGISTRO DE PRE\u00c7OS PARA FUTURA E EVENTUAL CONTRATA\u00c7\u00c3O DE EMPRESA ESPECIALIZADA NOS SERVI\u00c7OS FUNER\u00c1RIOS INCLUINDO ATA\u00daDES E TRANSLADO, PARA ATENDER AS NECESSIDADES DA ASSIST\u00caNCIA SOCIAL DO MUNIC\u00cdPIO DE VILA FLOR\/RN, conforme especifica\u00e7\u00f5es e quantidades contidas no termo de refer\u00eancia<\/strong>, teve como vencedora a empresa:<strong>\u00a0UNIPLAN SANTO ANTONIO SERVICOS E COMERCIO LTDA \u2013 CNPJ: 06.538.203\/0001-12,<\/strong>\u00a0assim, o resultado.<\/p>\n<p>&nbsp;<\/p>\n<p>Vila Flor\/RN, em 10 de fevereiro de 2026.<\/p>\n<p>&nbsp;<\/p>\n<p>&nbsp;<\/p>\n<p>&nbsp;<\/p>\n<p><strong>THUANNE KARLA CARVALHO DE SOUZA<\/strong><\/p>\n<p style=\"text-align: left;\">Prefeita Municipal<\/p>\n<p style=\"text-align: right;\"><strong>Publicado por:<\/strong><br \/>\nGRINALDO JOAQUIM DE SOUZA<br \/>\nSecret\u00e1rio Municipal de Administra\u00e7\u00e3o<br \/>\n<strong>C\u00f3digo Identificador:<\/strong>\u00a02CNOP5ZIE9<\/p>\n<div class=\"pdfprnt-buttons pdfprnt-buttons-post pdfprnt-bottom-right\"><a href=\"https:\/\/vilaflor.rn.gov.br\/transparencia\/wp-json\/wp\/v2\/posts?page=5&print=pdf#038;print=print\" class=\"pdfprnt-button pdfprnt-button-pdf\" target=\"_blank\"><img decoding=\"async\" src=\"https:\/\/vilaflor.rn.gov.br\/transparencia\/wp-content\/plugins\/pdf-print\/images\/pdf.png\" alt=\"image_pdf\" title=\"Baixar PDF\" \/><\/a><a href=\"https:\/\/vilaflor.rn.gov.br\/transparencia\/wp-json\/wp\/v2\/posts?page=5&print=print#038;print=print\" class=\"pdfprnt-button pdfprnt-button-print\" target=\"_blank\"><img decoding=\"async\" src=\"https:\/\/vilaflor.rn.gov.br\/transparencia\/wp-content\/plugins\/pdf-print\/images\/print.png\" alt=\"image_print\" title=\"Conte\u00fado de impress\u00e3o\" \/><\/a><\/div>","protected":false},"excerpt":{"rendered":"<p>ESTADO DO RIO GRANDE DO NORTE PREFEITURA MUNICIPAL DE VILA FLOR O pregoeiro do Munic\u00edpio de Vila Flor, no uso de suas atribui\u00e7\u00f5es legais, torna p\u00fablico que o\u00a0Preg\u00e3o Eletr\u00f4nico n\u00ba 002\/2026, que tem como objeto: REGISTRO DE PRE\u00c7OS PARA FUTURA E EVENTUAL CONTRATA\u00c7\u00c3O DE EMPRESA ESPECIALIZADA NOS SERVI\u00c7OS FUNER\u00c1RIOS INCLUINDO ATA\u00daDES E TRANSLADO, PARA ATENDER [&hellip;]<\/p>\n","protected":false},"author":1,"featured_media":0,"comment_status":"open","ping_status":"open","sticky":false,"template":"","format":"standard","meta":{"ocean_post_layout":"","ocean_both_sidebars_style":"","ocean_both_sidebars_content_width":0,"ocean_both_sidebars_sidebars_width":0,"ocean_sidebar":"0","ocean_second_sidebar":"0","ocean_disable_margins":"enable","ocean_add_body_class":"","ocean_shortcode_before_top_bar":"","ocean_shortcode_after_top_bar":"","ocean_shortcode_before_header":"","ocean_shortcode_after_header":"","ocean_has_shortcode":"","ocean_shortcode_after_title":"","ocean_shortcode_before_footer_widgets":"","ocean_shortcode_after_footer_widgets":"","ocean_shortcode_before_footer_bottom":"","ocean_shortcode_after_footer_bottom":"","ocean_display_top_bar":"default","ocean_display_header":"default","ocean_header_style":"","ocean_center_header_left_menu":"0","ocean_custom_header_template":"0","ocean_custom_logo":0,"ocean_custom_retina_logo":0,"ocean_custom_logo_max_width":0,"ocean_custom_logo_tablet_max_width":0,"ocean_custom_logo_mobile_max_width":0,"ocean_custom_logo_max_height":0,"ocean_custom_logo_tablet_max_height":0,"ocean_custom_logo_mobile_max_height":0,"ocean_header_custom_menu":"0","ocean_menu_typo_font_family":"0","ocean_menu_typo_font_subset":"","ocean_menu_typo_font_size":0,"ocean_menu_typo_font_size_tablet":0,"ocean_menu_typo_font_size_mobile":0,"ocean_menu_typo_font_size_unit":"px","ocean_menu_typo_font_weight":"","ocean_menu_typo_font_weight_tablet":"","ocean_menu_typo_font_weight_mobile":"","ocean_menu_typo_transform":"","ocean_menu_typo_transform_tablet":"","ocean_menu_typo_transform_mobile":"","ocean_menu_typo_line_height":0,"ocean_menu_typo_line_height_tablet":0,"ocean_menu_typo_line_height_mobile":0,"ocean_menu_typo_line_height_unit":"","ocean_menu_typo_spacing":0,"ocean_menu_typo_spacing_tablet":0,"ocean_menu_typo_spacing_mobile":0,"ocean_menu_typo_spacing_unit":"","ocean_menu_link_color":"","ocean_menu_link_color_hover":"","ocean_menu_link_color_active":"","ocean_menu_link_background":"","ocean_menu_link_hover_background":"","ocean_menu_link_active_background":"","ocean_menu_social_links_bg":"","ocean_menu_social_hover_links_bg":"","ocean_menu_social_links_color":"","ocean_menu_social_hover_links_color":"","ocean_disable_title":"default","ocean_disable_heading":"default","ocean_post_title":"","ocean_post_subheading":"","ocean_post_title_style":"","ocean_post_title_background_color":"","ocean_post_title_background":0,"ocean_post_title_bg_image_position":"","ocean_post_title_bg_image_attachment":"","ocean_post_title_bg_image_repeat":"","ocean_post_title_bg_image_size":"","ocean_post_title_height":0,"ocean_post_title_bg_overlay":0.5,"ocean_post_title_bg_overlay_color":"","ocean_disable_breadcrumbs":"default","ocean_breadcrumbs_color":"","ocean_breadcrumbs_separator_color":"","ocean_breadcrumbs_links_color":"","ocean_breadcrumbs_links_hover_color":"","ocean_display_footer_widgets":"default","ocean_display_footer_bottom":"default","ocean_custom_footer_template":"0","ocean_post_oembed":"","ocean_post_self_hosted_media":"","ocean_post_video_embed":"","ocean_link_format":"","ocean_link_format_target":"self","ocean_quote_format":"","ocean_quote_format_link":"post","ocean_gallery_link_images":"on","ocean_gallery_id":[],"footnotes":""},"categories":[4,7],"tags":[],"class_list":["post-4232","post","type-post","status-publish","format-standard","hentry","category-licitacao","category-resultados-de-licitacao","entry"],"_links":{"self":[{"href":"https:\/\/vilaflor.rn.gov.br\/transparencia\/wp-json\/wp\/v2\/posts\/4232","targetHints":{"allow":["GET"]}}],"collection":[{"href":"https:\/\/vilaflor.rn.gov.br\/transparencia\/wp-json\/wp\/v2\/posts"}],"about":[{"href":"https:\/\/vilaflor.rn.gov.br\/transparencia\/wp-json\/wp\/v2\/types\/post"}],"author":[{"embeddable":true,"href":"https:\/\/vilaflor.rn.gov.br\/transparencia\/wp-json\/wp\/v2\/users\/1"}],"replies":[{"embeddable":true,"href":"https:\/\/vilaflor.rn.gov.br\/transparencia\/wp-json\/wp\/v2\/comments?post=4232"}],"version-history":[{"count":1,"href":"https:\/\/vilaflor.rn.gov.br\/transparencia\/wp-json\/wp\/v2\/posts\/4232\/revisions"}],"predecessor-version":[{"id":4233,"href":"https:\/\/vilaflor.rn.gov.br\/transparencia\/wp-json\/wp\/v2\/posts\/4232\/revisions\/4233"}],"wp:attachment":[{"href":"https:\/\/vilaflor.rn.gov.br\/transparencia\/wp-json\/wp\/v2\/media?parent=4232"}],"wp:term":[{"taxonomy":"category","embeddable":true,"href":"https:\/\/vilaflor.rn.gov.br\/transparencia\/wp-json\/wp\/v2\/categories?post=4232"},{"taxonomy":"post_tag","embeddable":true,"href":"https:\/\/vilaflor.rn.gov.br\/transparencia\/wp-json\/wp\/v2\/tags?post=4232"}],"curies":[{"name":"wp","href":"https:\/\/api.w.org\/{rel}","templated":true}]}},{"id":4236,"date":"2026-02-10T10:39:53","date_gmt":"2026-02-10T13:39:53","guid":{"rendered":"https:\/\/vilaflor.rn.gov.br\/transparencia\/?p=4236"},"modified":"2026-04-02T10:40:24","modified_gmt":"2026-04-02T13:40:24","slug":"extrato-de-contrato-n-013-2026-adesao-a-ata-de-registros-de-precos-n-032-2025","status":"publish","type":"post","link":"https:\/\/vilaflor.rn.gov.br\/transparencia\/extrato-de-contrato-n-013-2026-adesao-a-ata-de-registros-de-precos-n-032-2025\/","title":{"rendered":"EXTRATO DE CONTRATO N\u00b0 013\/2026 ADES\u00c3O A ATA DE REGISTROS DE PRE\u00c7OS N\u00b0 032\/2025"},"content":{"rendered":"<p><strong>ESTADO DO RIO GRANDE DO NORTE<\/strong><br \/>\n<strong>PREFEITURA MUNICIPAL DE VILA FLOR<\/strong><\/p>\n<p><strong>CONTRATO N<\/strong>\u00ba\u2026\u2026\u2026..:\u00a0<strong>013\/2026<\/strong><\/p>\n<p>&nbsp;<\/p>\n<p><strong>ORIGEM<\/strong>\u2026\u2026\u2026\u2026\u2026\u2026\u2026:\u00a0 ADESAO N\u00b0 002\/2026<\/p>\n<p>&nbsp;<\/p>\n<p><strong>CONTRATANTE<\/strong>\u2026\u2026..: PREFEITURA MUNICIPAL DE VILA FLOR<\/p>\n<p>&nbsp;<\/p>\n<p><strong>CONTRATADA(O)<\/strong>\u2026..:\u00a0<strong>POTIGUAR TRATORES PECAS E SERVICOS LTDA<\/strong><\/p>\n<p>&nbsp;<\/p>\n<p><strong>OBJETO<\/strong>\u2026\u2026\u2026\u2026\u2026\u2026\u2026.: CONTRATA\u00c7\u00c3O DE SERVI\u00c7OS DE MANUTEN\u00c7\u00c3O DE M\u00c1QUINAS PESADAS E IMPLEMENTOS AGR\u00cdCOLAS MOVIDOS A DIESEL<\/p>\n<p>&nbsp;<\/p>\n<p><strong>VALOR TOTAL<\/strong>\u2026\u2026\u2026\u2026\u2026.:\u00a0<strong>R$ 364.520,00 (Trezentos e sessenta e quatro mil, quinhentos e vinte reais)<\/strong><\/p>\n<p>&nbsp;<\/p>\n<p><strong>VIG\u00caNCIA<\/strong>\u2026\u2026\u2026\u2026\u2026\u2026.: 10 de fevereiro de 2026 a 09 de fevereiro de 2027<\/p>\n<p>&nbsp;<\/p>\n<p><strong>DATA DA ASSINATURA<\/strong>\u2026\u2026\u2026: 10 de fevereiro de 2026<\/p>\n<p style=\"text-align: right;\"><strong>Publicado por:<\/strong><br \/>\nGRINALDO JOAQUIM DE SOUZA<br \/>\nSecret\u00e1rio Municipal de Administra\u00e7\u00e3o<br \/>\n<strong>C\u00f3digo Identificador:<\/strong>\u00a0Y4ZI5WCNGW<\/p>\n<div class=\"pdfprnt-buttons pdfprnt-buttons-post pdfprnt-bottom-right\"><a href=\"https:\/\/vilaflor.rn.gov.br\/transparencia\/wp-json\/wp\/v2\/posts?page=5&print=pdf#038;print=print\" class=\"pdfprnt-button pdfprnt-button-pdf\" target=\"_blank\"><img decoding=\"async\" src=\"https:\/\/vilaflor.rn.gov.br\/transparencia\/wp-content\/plugins\/pdf-print\/images\/pdf.png\" alt=\"image_pdf\" title=\"Baixar PDF\" \/><\/a><a href=\"https:\/\/vilaflor.rn.gov.br\/transparencia\/wp-json\/wp\/v2\/posts?page=5&print=print#038;print=print\" class=\"pdfprnt-button pdfprnt-button-print\" target=\"_blank\"><img decoding=\"async\" src=\"https:\/\/vilaflor.rn.gov.br\/transparencia\/wp-content\/plugins\/pdf-print\/images\/print.png\" alt=\"image_print\" title=\"Conte\u00fado de impress\u00e3o\" \/><\/a><\/div>","protected":false},"excerpt":{"rendered":"<p>ESTADO DO RIO GRANDE DO NORTE PREFEITURA MUNICIPAL DE VILA FLOR CONTRATO N\u00ba\u2026\u2026\u2026..:\u00a0013\/2026 &nbsp; ORIGEM\u2026\u2026\u2026\u2026\u2026\u2026\u2026:\u00a0 ADESAO N\u00b0 002\/2026 &nbsp; CONTRATANTE\u2026\u2026..: PREFEITURA MUNICIPAL DE VILA FLOR &nbsp; CONTRATADA(O)\u2026..:\u00a0POTIGUAR TRATORES PECAS E SERVICOS LTDA &nbsp; OBJETO\u2026\u2026\u2026\u2026\u2026\u2026\u2026.: CONTRATA\u00c7\u00c3O DE SERVI\u00c7OS DE MANUTEN\u00c7\u00c3O DE M\u00c1QUINAS PESADAS E IMPLEMENTOS AGR\u00cdCOLAS MOVIDOS A DIESEL &nbsp; VALOR TOTAL\u2026\u2026\u2026\u2026\u2026.:\u00a0R$ 364.520,00 (Trezentos e sessenta [&hellip;]<\/p>\n","protected":false},"author":1,"featured_media":0,"comment_status":"open","ping_status":"open","sticky":false,"template":"","format":"standard","meta":{"ocean_post_layout":"","ocean_both_sidebars_style":"","ocean_both_sidebars_content_width":0,"ocean_both_sidebars_sidebars_width":0,"ocean_sidebar":"0","ocean_second_sidebar":"0","ocean_disable_margins":"enable","ocean_add_body_class":"","ocean_shortcode_before_top_bar":"","ocean_shortcode_after_top_bar":"","ocean_shortcode_before_header":"","ocean_shortcode_after_header":"","ocean_has_shortcode":"","ocean_shortcode_after_title":"","ocean_shortcode_before_footer_widgets":"","ocean_shortcode_after_footer_widgets":"","ocean_shortcode_before_footer_bottom":"","ocean_shortcode_after_footer_bottom":"","ocean_display_top_bar":"default","ocean_display_header":"default","ocean_header_style":"","ocean_center_header_left_menu":"0","ocean_custom_header_template":"0","ocean_custom_logo":0,"ocean_custom_retina_logo":0,"ocean_custom_logo_max_width":0,"ocean_custom_logo_tablet_max_width":0,"ocean_custom_logo_mobile_max_width":0,"ocean_custom_logo_max_height":0,"ocean_custom_logo_tablet_max_height":0,"ocean_custom_logo_mobile_max_height":0,"ocean_header_custom_menu":"0","ocean_menu_typo_font_family":"0","ocean_menu_typo_font_subset":"","ocean_menu_typo_font_size":0,"ocean_menu_typo_font_size_tablet":0,"ocean_menu_typo_font_size_mobile":0,"ocean_menu_typo_font_size_unit":"px","ocean_menu_typo_font_weight":"","ocean_menu_typo_font_weight_tablet":"","ocean_menu_typo_font_weight_mobile":"","ocean_menu_typo_transform":"","ocean_menu_typo_transform_tablet":"","ocean_menu_typo_transform_mobile":"","ocean_menu_typo_line_height":0,"ocean_menu_typo_line_height_tablet":0,"ocean_menu_typo_line_height_mobile":0,"ocean_menu_typo_line_height_unit":"","ocean_menu_typo_spacing":0,"ocean_menu_typo_spacing_tablet":0,"ocean_menu_typo_spacing_mobile":0,"ocean_menu_typo_spacing_unit":"","ocean_menu_link_color":"","ocean_menu_link_color_hover":"","ocean_menu_link_color_active":"","ocean_menu_link_background":"","ocean_menu_link_hover_background":"","ocean_menu_link_active_background":"","ocean_menu_social_links_bg":"","ocean_menu_social_hover_links_bg":"","ocean_menu_social_links_color":"","ocean_menu_social_hover_links_color":"","ocean_disable_title":"default","ocean_disable_heading":"default","ocean_post_title":"","ocean_post_subheading":"","ocean_post_title_style":"","ocean_post_title_background_color":"","ocean_post_title_background":0,"ocean_post_title_bg_image_position":"","ocean_post_title_bg_image_attachment":"","ocean_post_title_bg_image_repeat":"","ocean_post_title_bg_image_size":"","ocean_post_title_height":0,"ocean_post_title_bg_overlay":0.5,"ocean_post_title_bg_overlay_color":"","ocean_disable_breadcrumbs":"default","ocean_breadcrumbs_color":"","ocean_breadcrumbs_separator_color":"","ocean_breadcrumbs_links_color":"","ocean_breadcrumbs_links_hover_color":"","ocean_display_footer_widgets":"default","ocean_display_footer_bottom":"default","ocean_custom_footer_template":"0","ocean_post_oembed":"","ocean_post_self_hosted_media":"","ocean_post_video_embed":"","ocean_link_format":"","ocean_link_format_target":"self","ocean_quote_format":"","ocean_quote_format_link":"post","ocean_gallery_link_images":"on","ocean_gallery_id":[],"footnotes":""},"categories":[58,75,4],"tags":[],"class_list":["post-4236","post","type-post","status-publish","format-standard","hentry","category-contratos","category-contratos-2026","category-licitacao","entry"],"_links":{"self":[{"href":"https:\/\/vilaflor.rn.gov.br\/transparencia\/wp-json\/wp\/v2\/posts\/4236","targetHints":{"allow":["GET"]}}],"collection":[{"href":"https:\/\/vilaflor.rn.gov.br\/transparencia\/wp-json\/wp\/v2\/posts"}],"about":[{"href":"https:\/\/vilaflor.rn.gov.br\/transparencia\/wp-json\/wp\/v2\/types\/post"}],"author":[{"embeddable":true,"href":"https:\/\/vilaflor.rn.gov.br\/transparencia\/wp-json\/wp\/v2\/users\/1"}],"replies":[{"embeddable":true,"href":"https:\/\/vilaflor.rn.gov.br\/transparencia\/wp-json\/wp\/v2\/comments?post=4236"}],"version-history":[{"count":1,"href":"https:\/\/vilaflor.rn.gov.br\/transparencia\/wp-json\/wp\/v2\/posts\/4236\/revisions"}],"predecessor-version":[{"id":4237,"href":"https:\/\/vilaflor.rn.gov.br\/transparencia\/wp-json\/wp\/v2\/posts\/4236\/revisions\/4237"}],"wp:attachment":[{"href":"https:\/\/vilaflor.rn.gov.br\/transparencia\/wp-json\/wp\/v2\/media?parent=4236"}],"wp:term":[{"taxonomy":"category","embeddable":true,"href":"https:\/\/vilaflor.rn.gov.br\/transparencia\/wp-json\/wp\/v2\/categories?post=4236"},{"taxonomy":"post_tag","embeddable":true,"href":"https:\/\/vilaflor.rn.gov.br\/transparencia\/wp-json\/wp\/v2\/tags?post=4236"}],"curies":[{"name":"wp","href":"https:\/\/api.w.org\/{rel}","templated":true}]}},{"id":4230,"date":"2026-02-10T10:32:48","date_gmt":"2026-02-10T13:32:48","guid":{"rendered":"https:\/\/vilaflor.rn.gov.br\/transparencia\/?p=4230"},"modified":"2026-04-02T10:33:19","modified_gmt":"2026-04-02T13:33:19","slug":"aviso-de-licitacao-pregao-eletronico-srp-no-004-2026","status":"publish","type":"post","link":"https:\/\/vilaflor.rn.gov.br\/transparencia\/aviso-de-licitacao-pregao-eletronico-srp-no-004-2026\/","title":{"rendered":"AVISO DE LICITA\u00c7\u00c3O PREG\u00c3O ELETR\u00d4NICO SRP N\u00ba 004\/2026"},"content":{"rendered":"<p><strong>ESTADO DO RIO GRANDE DO NORTE<\/strong><br \/>\n<strong>PREFEITURA MUNICIPAL DE VILA FLOR<\/strong><\/p>\n<p>O Munic\u00edpio de Vila Flor\/RN, por interm\u00e9dio de seu Pregoeiro, torna p\u00fablico que \u00e0s\u00a0<strong>09h00min<\/strong>\u00a0do dia<strong>\u00a027 de fevereiro de 2026<\/strong>, far\u00e1 realizar licita\u00e7\u00e3o na modalidade\u00a0<strong>Preg\u00e3o Eletr\u00f4nico para Registro de Pre\u00e7os n\u00ba 004\/2026<\/strong>, tipo menor pre\u00e7o\u00a0<strong>POR ITEM<\/strong>, objetivando o\u00a0<strong>FUTURA E EVENTUAL REGISTRO DE PRE\u00c7OS PARA AQUISI\u00c7\u00c3O DE MEDICAMENTOS DO TIPO B\u00c1SICOS, CONTROLADOS E INJET\u00c1VEIS, VISANDO SUPRIR AS NECESSIDADES DAS UNIDADES DE SA\u00daDE DO MUNIC\u00cdPIO DE VILA FLOR\/RN.\u00a0<\/strong>O procedimento licitat\u00f3rio obedecer\u00e1 ao disposto na Lei Federal n\u00ba 14.133\/21 de 1 de abril de 2021, e suas altera\u00e7\u00f5es posteriores que lhe foram introduzidas. O Edital e seus anexos encontram-se \u00e0 disposi\u00e7\u00e3o dos interessados, no site: www.portaldecompraspublicas.com.br ou atrav\u00e9s do e-mail:\u00a0<strong>pmvflicitacoes2021@gmail.com<\/strong>\u00a0ou ainda na sala da Comiss\u00e3o de Licita\u00e7\u00e3o situada na Rua Jos\u00e9 Calazans, 169, Centro, Vila Flor\/RN, CEP 59.192-000, a partir da publica\u00e7\u00e3o deste aviso, no hor\u00e1rio de expediente de 08h:00min \u00e0s 14h:00min, exceto feriados e ponto facultativo.<\/p>\n<p>&nbsp;<\/p>\n<p>&nbsp;<\/p>\n<p>Vila Flor\/RN, em 09 de fevereiro de 2026<\/p>\n<p>&nbsp;<\/p>\n<p>&nbsp;<\/p>\n<p>&nbsp;<\/p>\n<p>KEDSON JOSE DE LIMA.<\/p>\n<p>Pregoeiro Municipal<\/p>\n<p style=\"text-align: right;\"><strong>Publicado por:<\/strong><br \/>\nGRINALDO JOAQUIM DE SOUZA<br \/>\nSecret\u00e1rio Municipal de Administra\u00e7\u00e3o<br \/>\n<strong>C\u00f3digo Identificador:<\/strong>\u00a03X5ZARLTKB<\/p>\n<div class=\"pdfprnt-buttons pdfprnt-buttons-post pdfprnt-bottom-right\"><a href=\"https:\/\/vilaflor.rn.gov.br\/transparencia\/wp-json\/wp\/v2\/posts?page=5&print=pdf#038;print=print\" class=\"pdfprnt-button pdfprnt-button-pdf\" target=\"_blank\"><img decoding=\"async\" src=\"https:\/\/vilaflor.rn.gov.br\/transparencia\/wp-content\/plugins\/pdf-print\/images\/pdf.png\" alt=\"image_pdf\" title=\"Baixar PDF\" \/><\/a><a href=\"https:\/\/vilaflor.rn.gov.br\/transparencia\/wp-json\/wp\/v2\/posts?page=5&print=print#038;print=print\" class=\"pdfprnt-button pdfprnt-button-print\" target=\"_blank\"><img decoding=\"async\" src=\"https:\/\/vilaflor.rn.gov.br\/transparencia\/wp-content\/plugins\/pdf-print\/images\/print.png\" alt=\"image_print\" title=\"Conte\u00fado de impress\u00e3o\" \/><\/a><\/div>","protected":false},"excerpt":{"rendered":"<p>ESTADO DO RIO GRANDE DO NORTE PREFEITURA MUNICIPAL DE VILA FLOR O Munic\u00edpio de Vila Flor\/RN, por interm\u00e9dio de seu Pregoeiro, torna p\u00fablico que \u00e0s\u00a009h00min\u00a0do dia\u00a027 de fevereiro de 2026, far\u00e1 realizar licita\u00e7\u00e3o na modalidade\u00a0Preg\u00e3o Eletr\u00f4nico para Registro de Pre\u00e7os n\u00ba 004\/2026, tipo menor pre\u00e7o\u00a0POR ITEM, objetivando o\u00a0FUTURA E EVENTUAL REGISTRO DE PRE\u00c7OS PARA AQUISI\u00c7\u00c3O [&hellip;]<\/p>\n","protected":false},"author":1,"featured_media":0,"comment_status":"open","ping_status":"open","sticky":false,"template":"","format":"standard","meta":{"ocean_post_layout":"","ocean_both_sidebars_style":"","ocean_both_sidebars_content_width":0,"ocean_both_sidebars_sidebars_width":0,"ocean_sidebar":"0","ocean_second_sidebar":"0","ocean_disable_margins":"enable","ocean_add_body_class":"","ocean_shortcode_before_top_bar":"","ocean_shortcode_after_top_bar":"","ocean_shortcode_before_header":"","ocean_shortcode_after_header":"","ocean_has_shortcode":"","ocean_shortcode_after_title":"","ocean_shortcode_before_footer_widgets":"","ocean_shortcode_after_footer_widgets":"","ocean_shortcode_before_footer_bottom":"","ocean_shortcode_after_footer_bottom":"","ocean_display_top_bar":"default","ocean_display_header":"default","ocean_header_style":"","ocean_center_header_left_menu":"0","ocean_custom_header_template":"0","ocean_custom_logo":0,"ocean_custom_retina_logo":0,"ocean_custom_logo_max_width":0,"ocean_custom_logo_tablet_max_width":0,"ocean_custom_logo_mobile_max_width":0,"ocean_custom_logo_max_height":0,"ocean_custom_logo_tablet_max_height":0,"ocean_custom_logo_mobile_max_height":0,"ocean_header_custom_menu":"0","ocean_menu_typo_font_family":"0","ocean_menu_typo_font_subset":"","ocean_menu_typo_font_size":0,"ocean_menu_typo_font_size_tablet":0,"ocean_menu_typo_font_size_mobile":0,"ocean_menu_typo_font_size_unit":"px","ocean_menu_typo_font_weight":"","ocean_menu_typo_font_weight_tablet":"","ocean_menu_typo_font_weight_mobile":"","ocean_menu_typo_transform":"","ocean_menu_typo_transform_tablet":"","ocean_menu_typo_transform_mobile":"","ocean_menu_typo_line_height":0,"ocean_menu_typo_line_height_tablet":0,"ocean_menu_typo_line_height_mobile":0,"ocean_menu_typo_line_height_unit":"","ocean_menu_typo_spacing":0,"ocean_menu_typo_spacing_tablet":0,"ocean_menu_typo_spacing_mobile":0,"ocean_menu_typo_spacing_unit":"","ocean_menu_link_color":"","ocean_menu_link_color_hover":"","ocean_menu_link_color_active":"","ocean_menu_link_background":"","ocean_menu_link_hover_background":"","ocean_menu_link_active_background":"","ocean_menu_social_links_bg":"","ocean_menu_social_hover_links_bg":"","ocean_menu_social_links_color":"","ocean_menu_social_hover_links_color":"","ocean_disable_title":"default","ocean_disable_heading":"default","ocean_post_title":"","ocean_post_subheading":"","ocean_post_title_style":"","ocean_post_title_background_color":"","ocean_post_title_background":0,"ocean_post_title_bg_image_position":"","ocean_post_title_bg_image_attachment":"","ocean_post_title_bg_image_repeat":"","ocean_post_title_bg_image_size":"","ocean_post_title_height":0,"ocean_post_title_bg_overlay":0.5,"ocean_post_title_bg_overlay_color":"","ocean_disable_breadcrumbs":"default","ocean_breadcrumbs_color":"","ocean_breadcrumbs_separator_color":"","ocean_breadcrumbs_links_color":"","ocean_breadcrumbs_links_hover_color":"","ocean_display_footer_widgets":"default","ocean_display_footer_bottom":"default","ocean_custom_footer_template":"0","ocean_post_oembed":"","ocean_post_self_hosted_media":"","ocean_post_video_embed":"","ocean_link_format":"","ocean_link_format_target":"self","ocean_quote_format":"","ocean_quote_format_link":"post","ocean_gallery_link_images":"on","ocean_gallery_id":[],"footnotes":""},"categories":[5,4],"tags":[],"class_list":["post-4230","post","type-post","status-publish","format-standard","hentry","category-aviso-de-licitacao","category-licitacao","entry"],"_links":{"self":[{"href":"https:\/\/vilaflor.rn.gov.br\/transparencia\/wp-json\/wp\/v2\/posts\/4230","targetHints":{"allow":["GET"]}}],"collection":[{"href":"https:\/\/vilaflor.rn.gov.br\/transparencia\/wp-json\/wp\/v2\/posts"}],"about":[{"href":"https:\/\/vilaflor.rn.gov.br\/transparencia\/wp-json\/wp\/v2\/types\/post"}],"author":[{"embeddable":true,"href":"https:\/\/vilaflor.rn.gov.br\/transparencia\/wp-json\/wp\/v2\/users\/1"}],"replies":[{"embeddable":true,"href":"https:\/\/vilaflor.rn.gov.br\/transparencia\/wp-json\/wp\/v2\/comments?post=4230"}],"version-history":[{"count":1,"href":"https:\/\/vilaflor.rn.gov.br\/transparencia\/wp-json\/wp\/v2\/posts\/4230\/revisions"}],"predecessor-version":[{"id":4231,"href":"https:\/\/vilaflor.rn.gov.br\/transparencia\/wp-json\/wp\/v2\/posts\/4230\/revisions\/4231"}],"wp:attachment":[{"href":"https:\/\/vilaflor.rn.gov.br\/transparencia\/wp-json\/wp\/v2\/media?parent=4230"}],"wp:term":[{"taxonomy":"category","embeddable":true,"href":"https:\/\/vilaflor.rn.gov.br\/transparencia\/wp-json\/wp\/v2\/categories?post=4230"},{"taxonomy":"post_tag","embeddable":true,"href":"https:\/\/vilaflor.rn.gov.br\/transparencia\/wp-json\/wp\/v2\/tags?post=4230"}],"curies":[{"name":"wp","href":"https:\/\/api.w.org\/{rel}","templated":true}]}},{"id":4222,"date":"2026-02-10T09:57:41","date_gmt":"2026-02-10T12:57:41","guid":{"rendered":"https:\/\/vilaflor.rn.gov.br\/transparencia\/?p=4222"},"modified":"2026-04-02T09:58:11","modified_gmt":"2026-04-02T12:58:11","slug":"extrato-de-contrato-n-012-2026-adesao-a-ata-de-registros-de-precos-n-004-2025","status":"publish","type":"post","link":"https:\/\/vilaflor.rn.gov.br\/transparencia\/extrato-de-contrato-n-012-2026-adesao-a-ata-de-registros-de-precos-n-004-2025\/","title":{"rendered":"EXTRATO DE CONTRATO N\u00b0 012\/2026 ADES\u00c3O A ATA DE REGISTROS DE PRE\u00c7OS N\u00b0 004\/2025"},"content":{"rendered":"<p><strong>ESTADO DO RIO GRANDE DO NORTE<\/strong><br \/>\n<strong>PREFEITURA MUNICIPAL DE VILA FLOR<\/strong><\/p>\n<p>CONTRATO N\u00ba\u2026\u2026\u2026..: 012\/2026<\/p>\n<p>ORIGEM\u2026\u2026\u2026\u2026\u2026\u2026\u2026: ADESAO N\u00b0 001\/2026<\/p>\n<p>CONTRATANTE\u2026\u2026..: PREFEITURA MUNICIPAL DE VILA FLOR<\/p>\n<p>CONTRATADA(O)\u2026..: TOP DOWN CONSULTORIA LTDA \u2013 EPP<\/p>\n<p>OBJETO\u2026\u2026\u2026\u2026\u2026\u2026\u2026.: Contrata\u00e7\u00e3o futura de empresa especializada para fornecer cess\u00e3o de direito de uso de Sistemas Integrados de Gest\u00e3o P\u00fablica, incluindo hospedagem e servi\u00e7os t\u00e9cnicos especializados para manuten\u00e7\u00e3o preventiva, corretiva, evolutiva e adaptativa dos softwares, em conformidade com a legisla\u00e7\u00e3o brasileira vigente e as exig\u00eancias do SIAFIC (Sistema \u00danico e Integrado de Execu\u00e7\u00e3o Or\u00e7ament\u00e1ria, Administra\u00e7\u00e3o Financeira e Controle)<\/p>\n<p>VALOR TOTAL\u2026\u2026\u2026\u2026\u2026.: R$ 77.445,00 (Setenta e sete mil, quatrocentos e quarenta e cinco reais)<\/p>\n<p>VIG\u00caNCIA\u2026\u2026\u2026\u2026\u2026\u2026.: 09 de fevereiro de 2026 a 08 de agosto de 2026.<\/p>\n<p>DATA DA ASSINATURA\u2026\u2026\u2026: 09 de fevereiro de 2026<\/p>\n<p>DOTA\u00c7\u00c3O OR\u00c7AMENT\u00c1RIA:<\/p>\n<p>Gest\u00e3o\/Unidade: 03.001 \u2013 Secretaria Municipal de Administra\u00e7\u00e3o<br \/>\nFonte de Recursos: 1500000000 \u2013 Recursos n\u00e3o vinculados de Impostos<br \/>\nPrograma de Trabalho: 2.007 \u2013 Manuten\u00e7\u00e3o das A\u00e7\u00f5es da Secretaria Municipal de Administra\u00e7\u00e3o<br \/>\nElemento de Despesa: 3.3.90.40.00 \u2013 Servi\u00e7os de Tecnologia, Informa\u00e7\u00e3o\/Comunica\u00e7\u00e3o \u2013 Pessoa Jur\u00eddica<\/p>\n<p>&nbsp;<\/p>\n<p style=\"text-align: right;\"><strong>Publicado por:<\/strong><br \/>\nGRINALDO JOAQUIM DE SOUZA<br \/>\nSecret\u00e1rio Municipal de Administra\u00e7\u00e3o<br \/>\n<strong>C\u00f3digo Identificador:<\/strong>\u00a0OIS50X257Q<\/p>\n<div class=\"pdfprnt-buttons pdfprnt-buttons-post pdfprnt-bottom-right\"><a href=\"https:\/\/vilaflor.rn.gov.br\/transparencia\/wp-json\/wp\/v2\/posts?page=5&print=pdf#038;print=print\" class=\"pdfprnt-button pdfprnt-button-pdf\" target=\"_blank\"><img decoding=\"async\" src=\"https:\/\/vilaflor.rn.gov.br\/transparencia\/wp-content\/plugins\/pdf-print\/images\/pdf.png\" alt=\"image_pdf\" title=\"Baixar PDF\" \/><\/a><a href=\"https:\/\/vilaflor.rn.gov.br\/transparencia\/wp-json\/wp\/v2\/posts?page=5&print=print#038;print=print\" class=\"pdfprnt-button pdfprnt-button-print\" target=\"_blank\"><img decoding=\"async\" src=\"https:\/\/vilaflor.rn.gov.br\/transparencia\/wp-content\/plugins\/pdf-print\/images\/print.png\" alt=\"image_print\" title=\"Conte\u00fado de impress\u00e3o\" \/><\/a><\/div>","protected":false},"excerpt":{"rendered":"<p>ESTADO DO RIO GRANDE DO NORTE PREFEITURA MUNICIPAL DE VILA FLOR CONTRATO N\u00ba\u2026\u2026\u2026..: 012\/2026 ORIGEM\u2026\u2026\u2026\u2026\u2026\u2026\u2026: ADESAO N\u00b0 001\/2026 CONTRATANTE\u2026\u2026..: PREFEITURA MUNICIPAL DE VILA FLOR CONTRATADA(O)\u2026..: TOP DOWN CONSULTORIA LTDA \u2013 EPP OBJETO\u2026\u2026\u2026\u2026\u2026\u2026\u2026.: Contrata\u00e7\u00e3o futura de empresa especializada para fornecer cess\u00e3o de direito de uso de Sistemas Integrados de Gest\u00e3o P\u00fablica, incluindo hospedagem e servi\u00e7os t\u00e9cnicos [&hellip;]<\/p>\n","protected":false},"author":1,"featured_media":0,"comment_status":"open","ping_status":"open","sticky":false,"template":"","format":"standard","meta":{"ocean_post_layout":"","ocean_both_sidebars_style":"","ocean_both_sidebars_content_width":0,"ocean_both_sidebars_sidebars_width":0,"ocean_sidebar":"0","ocean_second_sidebar":"0","ocean_disable_margins":"enable","ocean_add_body_class":"","ocean_shortcode_before_top_bar":"","ocean_shortcode_after_top_bar":"","ocean_shortcode_before_header":"","ocean_shortcode_after_header":"","ocean_has_shortcode":"","ocean_shortcode_after_title":"","ocean_shortcode_before_footer_widgets":"","ocean_shortcode_after_footer_widgets":"","ocean_shortcode_before_footer_bottom":"","ocean_shortcode_after_footer_bottom":"","ocean_display_top_bar":"default","ocean_display_header":"default","ocean_header_style":"","ocean_center_header_left_menu":"0","ocean_custom_header_template":"0","ocean_custom_logo":0,"ocean_custom_retina_logo":0,"ocean_custom_logo_max_width":0,"ocean_custom_logo_tablet_max_width":0,"ocean_custom_logo_mobile_max_width":0,"ocean_custom_logo_max_height":0,"ocean_custom_logo_tablet_max_height":0,"ocean_custom_logo_mobile_max_height":0,"ocean_header_custom_menu":"0","ocean_menu_typo_font_family":"0","ocean_menu_typo_font_subset":"","ocean_menu_typo_font_size":0,"ocean_menu_typo_font_size_tablet":0,"ocean_menu_typo_font_size_mobile":0,"ocean_menu_typo_font_size_unit":"px","ocean_menu_typo_font_weight":"","ocean_menu_typo_font_weight_tablet":"","ocean_menu_typo_font_weight_mobile":"","ocean_menu_typo_transform":"","ocean_menu_typo_transform_tablet":"","ocean_menu_typo_transform_mobile":"","ocean_menu_typo_line_height":0,"ocean_menu_typo_line_height_tablet":0,"ocean_menu_typo_line_height_mobile":0,"ocean_menu_typo_line_height_unit":"","ocean_menu_typo_spacing":0,"ocean_menu_typo_spacing_tablet":0,"ocean_menu_typo_spacing_mobile":0,"ocean_menu_typo_spacing_unit":"","ocean_menu_link_color":"","ocean_menu_link_color_hover":"","ocean_menu_link_color_active":"","ocean_menu_link_background":"","ocean_menu_link_hover_background":"","ocean_menu_link_active_background":"","ocean_menu_social_links_bg":"","ocean_menu_social_hover_links_bg":"","ocean_menu_social_links_color":"","ocean_menu_social_hover_links_color":"","ocean_disable_title":"default","ocean_disable_heading":"default","ocean_post_title":"","ocean_post_subheading":"","ocean_post_title_style":"","ocean_post_title_background_color":"","ocean_post_title_background":0,"ocean_post_title_bg_image_position":"","ocean_post_title_bg_image_attachment":"","ocean_post_title_bg_image_repeat":"","ocean_post_title_bg_image_size":"","ocean_post_title_height":0,"ocean_post_title_bg_overlay":0.5,"ocean_post_title_bg_overlay_color":"","ocean_disable_breadcrumbs":"default","ocean_breadcrumbs_color":"","ocean_breadcrumbs_separator_color":"","ocean_breadcrumbs_links_color":"","ocean_breadcrumbs_links_hover_color":"","ocean_display_footer_widgets":"default","ocean_display_footer_bottom":"default","ocean_custom_footer_template":"0","ocean_post_oembed":"","ocean_post_self_hosted_media":"","ocean_post_video_embed":"","ocean_link_format":"","ocean_link_format_target":"self","ocean_quote_format":"","ocean_quote_format_link":"post","ocean_gallery_link_images":"on","ocean_gallery_id":[],"footnotes":""},"categories":[58,75,4],"tags":[],"class_list":["post-4222","post","type-post","status-publish","format-standard","hentry","category-contratos","category-contratos-2026","category-licitacao","entry"],"_links":{"self":[{"href":"https:\/\/vilaflor.rn.gov.br\/transparencia\/wp-json\/wp\/v2\/posts\/4222","targetHints":{"allow":["GET"]}}],"collection":[{"href":"https:\/\/vilaflor.rn.gov.br\/transparencia\/wp-json\/wp\/v2\/posts"}],"about":[{"href":"https:\/\/vilaflor.rn.gov.br\/transparencia\/wp-json\/wp\/v2\/types\/post"}],"author":[{"embeddable":true,"href":"https:\/\/vilaflor.rn.gov.br\/transparencia\/wp-json\/wp\/v2\/users\/1"}],"replies":[{"embeddable":true,"href":"https:\/\/vilaflor.rn.gov.br\/transparencia\/wp-json\/wp\/v2\/comments?post=4222"}],"version-history":[{"count":1,"href":"https:\/\/vilaflor.rn.gov.br\/transparencia\/wp-json\/wp\/v2\/posts\/4222\/revisions"}],"predecessor-version":[{"id":4223,"href":"https:\/\/vilaflor.rn.gov.br\/transparencia\/wp-json\/wp\/v2\/posts\/4222\/revisions\/4223"}],"wp:attachment":[{"href":"https:\/\/vilaflor.rn.gov.br\/transparencia\/wp-json\/wp\/v2\/media?parent=4222"}],"wp:term":[{"taxonomy":"category","embeddable":true,"href":"https:\/\/vilaflor.rn.gov.br\/transparencia\/wp-json\/wp\/v2\/categories?post=4222"},{"taxonomy":"post_tag","embeddable":true,"href":"https:\/\/vilaflor.rn.gov.br\/transparencia\/wp-json\/wp\/v2\/tags?post=4222"}],"curies":[{"name":"wp","href":"https:\/\/api.w.org\/{rel}","templated":true}]}},{"id":4220,"date":"2026-02-10T09:54:13","date_gmt":"2026-02-10T12:54:13","guid":{"rendered":"https:\/\/vilaflor.rn.gov.br\/transparencia\/?p=4220"},"modified":"2026-04-02T09:57:26","modified_gmt":"2026-04-02T12:57:26","slug":"termo-de-adesao-a-ata-de-registros-de-precos-n-004-2025","status":"publish","type":"post","link":"https:\/\/vilaflor.rn.gov.br\/transparencia\/termo-de-adesao-a-ata-de-registros-de-precos-n-004-2025\/","title":{"rendered":"TERMO DE ADES\u00c3O \u00c0 ATA DE REGISTROS DE PRE\u00c7OS N\u00b0 004\/2025"},"content":{"rendered":"<p><strong>ESTADO DO RIO GRANDE DO NORTE<\/strong><br \/>\n<strong>PREFEITURA MUNICIPAL DE VILA FLOR<\/strong><\/p>\n<p>A Prefeita do Munic\u00edpio de Vila Flor\/RN torna p\u00fablico a ades\u00e3o a ATA DE REGISTROS DE PRE\u00c7OS N\u00b0 004\/2025 ORIUNDA DO PREG\u00c3O ELETR\u00d4NICO SRP N\u00b0 004\/2025, oriundo da Prefeitura Municipal de S\u00edtio Novo\/RN, em que foram registrados os pre\u00e7os da empresa\u00a0<strong>Top Down Consultoria Ltda \u2013 EPP\u00a0<\/strong>inscrito no CNPJ\/MF sob o n\u00b0 40.998.734\/0001-26, totalizando o valor global de\u00a0<strong>R$ 77.445,00 (Setenta e sete mil, quatrocentos e quarenta e cinco reais)<\/strong><\/p>\n<p>&nbsp;<\/p>\n<p>Cujo objeto \u00e9 \u00e0 contrata\u00e7\u00e3o futura de empresa especializada para fornecer cess\u00e3o de direito de uso de Sistemas Integrados de Gest\u00e3o P\u00fablica, incluindo hospedagem e servi\u00e7os t\u00e9cnicos especializados para manuten\u00e7\u00e3o preventiva, corretiva, evolutiva e adaptativa dos softwares, em conformidade com a legisla\u00e7\u00e3o brasileira vigente e as exig\u00eancias do SIAFIC (Sistema \u00danico e Integrado de Execu\u00e7\u00e3o Or\u00e7ament\u00e1ria, Administra\u00e7\u00e3o Financeira e Controle)<\/p>\n<p><strong>\u00a0<\/strong><\/p>\n<p><strong>TERMO DE RATIFICA\u00c7\u00c3O<\/strong><\/p>\n<p>&nbsp;<\/p>\n<p>Circunstanciado pelo Parecer da Assessoria Jur\u00eddica, opinando favoravelmente pela ades\u00e3o a ATA DE REGISTROS DE PRE\u00c7OS N\u00b0 004\/2025 ORIUNDA DO PREG\u00c3O ELETR\u00d4NICO SRP N\u00b0 004\/2025, da Prefeitura Municipal de S\u00edtio Novo\/RN, objetivando a celebra\u00e7\u00e3o de contrato para \u00e0 contrata\u00e7\u00e3o futura de empresa especializada para fornecer cess\u00e3o de direito de uso de Sistemas Integrados de Gest\u00e3o P\u00fablica, incluindo hospedagem e servi\u00e7os t\u00e9cnicos especializados para manuten\u00e7\u00e3o preventiva, corretiva, evolutiva e adaptativa dos softwares, em conformidade com a legisla\u00e7\u00e3o brasileira vigente e as exig\u00eancias do SIAFIC (Sistema \u00danico e Integrado de Execu\u00e7\u00e3o Or\u00e7ament\u00e1ria, Administra\u00e7\u00e3o Financeira e Controle), venho RATIFICAR a contrata\u00e7\u00e3o com a empresa\u00a0<strong>Top Down Consultoria Ltda \u2013 EPP<\/strong>\u00a0inscrito no CNPJ\/MF sob o n\u00b0 40.998.734\/0001-26, totalizando o valor global de\u00a0<strong>R$ 77.445,00 (Setenta e sete mil, quatrocentos e quarenta e cinco reais)<\/strong><\/p>\n<p><strong>\u00a0<\/strong><\/p>\n<p><strong>\u00a0<\/strong><\/p>\n<p>&nbsp;<\/p>\n<p>VILA FLOR \/RN, em 09 de fevereiro de 2026.<\/p>\n<p>&nbsp;<\/p>\n<p>&nbsp;<\/p>\n<p>&nbsp;<\/p>\n<p>&nbsp;<\/p>\n<p><strong><em>THUANNE KARLA CARVALHO DE SOUZA<\/em><\/strong><\/p>\n<p>Prefeita Municipal<\/p>\n<p style=\"text-align: right;\"><strong>Publicado por:<\/strong><br \/>\nGRINALDO JOAQUIM DE SOUZA<br \/>\nSecret\u00e1rio Municipal de Administra\u00e7\u00e3o<br \/>\n<strong>C\u00f3digo Identificador:<\/strong>\u00a00ODDTYE79T<\/p>\n<div class=\"pdfprnt-buttons pdfprnt-buttons-post pdfprnt-bottom-right\"><a href=\"https:\/\/vilaflor.rn.gov.br\/transparencia\/wp-json\/wp\/v2\/posts?page=5&print=pdf#038;print=print\" class=\"pdfprnt-button pdfprnt-button-pdf\" target=\"_blank\"><img decoding=\"async\" src=\"https:\/\/vilaflor.rn.gov.br\/transparencia\/wp-content\/plugins\/pdf-print\/images\/pdf.png\" alt=\"image_pdf\" title=\"Baixar PDF\" \/><\/a><a href=\"https:\/\/vilaflor.rn.gov.br\/transparencia\/wp-json\/wp\/v2\/posts?page=5&print=print#038;print=print\" class=\"pdfprnt-button pdfprnt-button-print\" target=\"_blank\"><img decoding=\"async\" src=\"https:\/\/vilaflor.rn.gov.br\/transparencia\/wp-content\/plugins\/pdf-print\/images\/print.png\" alt=\"image_print\" title=\"Conte\u00fado de impress\u00e3o\" \/><\/a><\/div>","protected":false},"excerpt":{"rendered":"<p>ESTADO DO RIO GRANDE DO NORTE PREFEITURA MUNICIPAL DE VILA FLOR A Prefeita do Munic\u00edpio de Vila Flor\/RN torna p\u00fablico a ades\u00e3o a ATA DE REGISTROS DE PRE\u00c7OS N\u00b0 004\/2025 ORIUNDA DO PREG\u00c3O ELETR\u00d4NICO SRP N\u00b0 004\/2025, oriundo da Prefeitura Municipal de S\u00edtio Novo\/RN, em que foram registrados os pre\u00e7os da empresa\u00a0Top Down Consultoria Ltda [&hellip;]<\/p>\n","protected":false},"author":1,"featured_media":0,"comment_status":"closed","ping_status":"closed","sticky":false,"template":"","format":"standard","meta":{"ocean_post_layout":"","ocean_both_sidebars_style":"","ocean_both_sidebars_content_width":0,"ocean_both_sidebars_sidebars_width":0,"ocean_sidebar":"","ocean_second_sidebar":"","ocean_disable_margins":"enable","ocean_add_body_class":"","ocean_shortcode_before_top_bar":"","ocean_shortcode_after_top_bar":"","ocean_shortcode_before_header":"","ocean_shortcode_after_header":"","ocean_has_shortcode":"","ocean_shortcode_after_title":"","ocean_shortcode_before_footer_widgets":"","ocean_shortcode_after_footer_widgets":"","ocean_shortcode_before_footer_bottom":"","ocean_shortcode_after_footer_bottom":"","ocean_display_top_bar":"default","ocean_display_header":"default","ocean_header_style":"","ocean_center_header_left_menu":"","ocean_custom_header_template":"","ocean_custom_logo":0,"ocean_custom_retina_logo":0,"ocean_custom_logo_max_width":0,"ocean_custom_logo_tablet_max_width":0,"ocean_custom_logo_mobile_max_width":0,"ocean_custom_logo_max_height":0,"ocean_custom_logo_tablet_max_height":0,"ocean_custom_logo_mobile_max_height":0,"ocean_header_custom_menu":"","ocean_menu_typo_font_family":"","ocean_menu_typo_font_subset":"","ocean_menu_typo_font_size":0,"ocean_menu_typo_font_size_tablet":0,"ocean_menu_typo_font_size_mobile":0,"ocean_menu_typo_font_size_unit":"px","ocean_menu_typo_font_weight":"","ocean_menu_typo_font_weight_tablet":"","ocean_menu_typo_font_weight_mobile":"","ocean_menu_typo_transform":"","ocean_menu_typo_transform_tablet":"","ocean_menu_typo_transform_mobile":"","ocean_menu_typo_line_height":0,"ocean_menu_typo_line_height_tablet":0,"ocean_menu_typo_line_height_mobile":0,"ocean_menu_typo_line_height_unit":"","ocean_menu_typo_spacing":0,"ocean_menu_typo_spacing_tablet":0,"ocean_menu_typo_spacing_mobile":0,"ocean_menu_typo_spacing_unit":"","ocean_menu_link_color":"","ocean_menu_link_color_hover":"","ocean_menu_link_color_active":"","ocean_menu_link_background":"","ocean_menu_link_hover_background":"","ocean_menu_link_active_background":"","ocean_menu_social_links_bg":"","ocean_menu_social_hover_links_bg":"","ocean_menu_social_links_color":"","ocean_menu_social_hover_links_color":"","ocean_disable_title":"default","ocean_disable_heading":"default","ocean_post_title":"","ocean_post_subheading":"","ocean_post_title_style":"","ocean_post_title_background_color":"","ocean_post_title_background":0,"ocean_post_title_bg_image_position":"","ocean_post_title_bg_image_attachment":"","ocean_post_title_bg_image_repeat":"","ocean_post_title_bg_image_size":"","ocean_post_title_height":0,"ocean_post_title_bg_overlay":0.5,"ocean_post_title_bg_overlay_color":"","ocean_disable_breadcrumbs":"default","ocean_breadcrumbs_color":"","ocean_breadcrumbs_separator_color":"","ocean_breadcrumbs_links_color":"","ocean_breadcrumbs_links_hover_color":"","ocean_display_footer_widgets":"default","ocean_display_footer_bottom":"default","ocean_custom_footer_template":"","ocean_post_oembed":"","ocean_post_self_hosted_media":"","ocean_post_video_embed":"","ocean_link_format":"","ocean_link_format_target":"self","ocean_quote_format":"","ocean_quote_format_link":"post","ocean_gallery_link_images":"on","ocean_gallery_id":[],"footnotes":""},"categories":[53,79,4],"tags":[],"class_list":["post-4220","post","type-post","status-publish","format-standard","hentry","category-atas","category-atas-de-adesao-2026","category-licitacao","entry"],"_links":{"self":[{"href":"https:\/\/vilaflor.rn.gov.br\/transparencia\/wp-json\/wp\/v2\/posts\/4220","targetHints":{"allow":["GET"]}}],"collection":[{"href":"https:\/\/vilaflor.rn.gov.br\/transparencia\/wp-json\/wp\/v2\/posts"}],"about":[{"href":"https:\/\/vilaflor.rn.gov.br\/transparencia\/wp-json\/wp\/v2\/types\/post"}],"author":[{"embeddable":true,"href":"https:\/\/vilaflor.rn.gov.br\/transparencia\/wp-json\/wp\/v2\/users\/1"}],"replies":[{"embeddable":true,"href":"https:\/\/vilaflor.rn.gov.br\/transparencia\/wp-json\/wp\/v2\/comments?post=4220"}],"version-history":[{"count":1,"href":"https:\/\/vilaflor.rn.gov.br\/transparencia\/wp-json\/wp\/v2\/posts\/4220\/revisions"}],"predecessor-version":[{"id":4221,"href":"https:\/\/vilaflor.rn.gov.br\/transparencia\/wp-json\/wp\/v2\/posts\/4220\/revisions\/4221"}],"wp:attachment":[{"href":"https:\/\/vilaflor.rn.gov.br\/transparencia\/wp-json\/wp\/v2\/media?parent=4220"}],"wp:term":[{"taxonomy":"category","embeddable":true,"href":"https:\/\/vilaflor.rn.gov.br\/transparencia\/wp-json\/wp\/v2\/categories?post=4220"},{"taxonomy":"post_tag","embeddable":true,"href":"https:\/\/vilaflor.rn.gov.br\/transparencia\/wp-json\/wp\/v2\/tags?post=4220"}],"curies":[{"name":"wp","href":"https:\/\/api.w.org\/{rel}","templated":true}]}},{"id":4218,"date":"2026-02-10T09:53:19","date_gmt":"2026-02-10T12:53:19","guid":{"rendered":"https:\/\/vilaflor.rn.gov.br\/transparencia\/?p=4218"},"modified":"2026-04-02T09:54:03","modified_gmt":"2026-04-02T12:54:03","slug":"aviso-de-dispensa-de-licitacao-n-007-2026","status":"publish","type":"post","link":"https:\/\/vilaflor.rn.gov.br\/transparencia\/aviso-de-dispensa-de-licitacao-n-007-2026\/","title":{"rendered":"AVISO DE DISPENSA DE LICITA\u00c7\u00c3O N\u00b0 007\/2026"},"content":{"rendered":"<p><strong>ESTADO DO RIO GRANDE DO NORTE<\/strong><br \/>\n<strong>PREFEITURA MUNICIPAL DE VILA FLOR<\/strong><\/p>\n<p><strong>DADOS<\/strong><strong>\u00a0<\/strong><strong>DO<\/strong><strong>\u00a0<\/strong><strong>AVISO<\/strong><\/p>\n<p>Vila Flor\/RN, em 09 de fevereiro\u00a0de 2026.<\/p>\n<p>&nbsp;<\/p>\n<p><strong>PROCESSO<\/strong><strong>\u00a0<\/strong><strong>ADMINISTRATIVO:<\/strong><strong>\u00a0<\/strong>04020001\/2026<\/p>\n<p>&nbsp;<\/p>\n<p><strong>DATA<\/strong><strong>\u00a0<\/strong><strong>E<\/strong><strong>\u00a0<\/strong><strong>HORA<\/strong><strong>\u00a0<\/strong><strong>LIMITE<\/strong><strong>\u00a0<\/strong><strong>PARA<\/strong><strong>\u00a0<\/strong><strong>ENTREGA DA<\/strong><strong>\u00a0<\/strong><strong>PROPOSTA<\/strong><strong>\u00a0<\/strong><strong>DE<\/strong><strong>\u00a0<\/strong><strong>PRE\u00c7O<\/strong><strong>\u00a0<\/strong><strong>E<\/strong><strong>\u00a0<\/strong><strong>DOCUMENTOS<\/strong><strong>\u00a0<\/strong><strong>DE<\/strong><strong>\u00a0<\/strong><strong>HABILITA\u00c7\u00c3O<\/strong><\/p>\n<p>&nbsp;<\/p>\n<p>At\u00e9\u00a0dia\u00a013\/02\/2026,\u00a0\u00e0s\u00a009:00h<\/p>\n<p>&nbsp;<\/p>\n<p><strong>REFER\u00caNCIA<\/strong><strong>\u00a0<\/strong><strong>DE<\/strong><strong>\u00a0<\/strong><strong>HOR\u00c1RIO<\/strong><\/p>\n<p><strong>\u00a0<\/strong><\/p>\n<p>Hor\u00e1rio\u00a0de\u00a0Brasilia\u00a0\u2013\u00a0DF<\/p>\n<p><strong>\u00a0<\/strong><\/p>\n<p><strong>ENDERE\u00c7O ELETR\u00d4NICO PARA ENVIO DA PROPOSTA E<\/strong><strong>\u00a0<\/strong><strong>DOCUMENTOS<\/strong><strong>\u00a0<\/strong><strong>DE<\/strong><strong>\u00a0<\/strong><strong>HABILITA\u00c7\u00c3O<\/strong><\/p>\n<p><strong>\u00a0<\/strong><\/p>\n<p><a href=\"mailto:pmvflicitacoes2021@gmail.com\"><u>PMVFLICITACOES2021@GMAIL.COM<\/u><\/a><\/p>\n<p><strong>\u00a0<\/strong><\/p>\n<p>A\u00a0<strong>PREFEITURA MUNICIPAL DE VILA FLOR<\/strong>,\u00a0atrav\u00e9s\u00a0da\u00a0<strong>COMISS\u00c3O DE LICITA\u00c7\u00c3O<\/strong>, com\u00a0sede\u00a0na\u00a0Rua Jos\u00e9 Calazans, 169, Centro, Vila Flor\/RN, CEP 59.192-000,\u00a0inscrita\u00a0no\u00a0CNPJ\/MF\u00a0sob\u00a0n\u00b0\u00a008.169.278\/0001-07,\u00a0torna p\u00fablico para conhecimento dos interessados a realiza\u00e7\u00e3o de Chamada P\u00fablica para\u00a0<strong>DISPENSA DE LICITA\u00c7\u00c3O<\/strong>, com crit\u00e9rio de julgamento\u00a0<strong><b>MENOR PRE\u00c7O GLOBAL<\/b><\/strong>, nos termos do Art. n\u00ba\u00a075, inciso II da Lei 14.133\/2021, e de acordo com as condi\u00e7\u00f5es, crit\u00e9rios e procedimentos estabelecidos\u00a0neste\u00a0Aviso\u00a0e\u00a0seus\u00a0anexos,\u00a0objetivando\u00a0obter\u00a0a\u00a0melhor\u00a0proposta,\u00a0observadas\u00a0as\u00a0datas\u00a0e\u00a0hor\u00e1rios\u00a0discriminados.<\/p>\n<p><strong><em><b><i>OS<\/i><\/b><\/em><\/strong><strong><em><b><i>\u00a0<\/i><\/b><\/em><\/strong><strong><em><b><i>INTERESSADOS<\/i><\/b><\/em><\/strong><strong><em><b><i>\u00a0<\/i><\/b><\/em><\/strong><strong><em><b><i>DEVER\u00c3O<\/i><\/b><\/em><\/strong><strong><em><b><i>\u00a0<\/i><\/b><\/em><\/strong><strong><em><b><i>ACOMPANHAR<\/i><\/b><\/em><\/strong><strong><em><b><i>\u00a0<\/i><\/b><\/em><\/strong><strong><em><b><i>AS<\/i><\/b><\/em><\/strong><strong><em><b><i>\u00a0<\/i><\/b><\/em><\/strong><strong><em><b><i>MENSAGENS<\/i><\/b><\/em><\/strong><strong><em><b><i>\u00a0<\/i><\/b><\/em><\/strong><strong><em><b><i>REFERENTES<\/i><\/b><\/em><\/strong><strong><em><b><i>\u00a0<\/i><\/b><\/em><\/strong><strong><em><b><i>A<\/i><\/b><\/em><\/strong><strong><em><b><i>\u00a0<\/i><\/b><\/em><\/strong><strong><em><b><i>ESTE<\/i><\/b><\/em><\/strong><strong><em><b><i>\u00a0<\/i><\/b><\/em><\/strong><strong><em><b><i>AVISO<\/i><\/b><\/em><\/strong><strong><em><b><i>\u00a0<\/i><\/b><\/em><\/strong><strong><em><b><i>(RESPOSTAS<\/i><\/b><\/em><\/strong><strong><em><b><i>\u00a0<\/i><\/b><\/em><\/strong><strong><em><b><i>A<\/i><\/b><\/em><\/strong><strong><em><b><i>\u00a0<\/i><\/b><\/em><\/strong><strong><em><b><i>QUESTIONAMENTOS,<\/i><\/b><\/em><\/strong><strong><em><b><i>\u00a0<\/i><\/b><\/em><\/strong><strong><em><b><i>IMPUGNA\u00c7\u00d5ES,<\/i><\/b><\/em><\/strong><strong><em><b><i>\u00a0<\/i><\/b><\/em><\/strong><strong><em><b><i>RECURSOS,<\/i><\/b><\/em><\/strong><strong><em><b><i>\u00a0<\/i><\/b><\/em><\/strong><strong><em><b><i>ETC.)<\/i><\/b><\/em><\/strong><strong><em><b><i>\u00a0<\/i><\/b><\/em><\/strong><strong><em><b><i>NO<\/i><\/b><\/em><\/strong><strong><em><b><i>\u00a0<\/i><\/b><\/em><\/strong><strong><em><b><i>E-MAIL INSTITUCIONAL, SENDO<\/i><\/b><\/em><\/strong><strong><em><b><i>\u00a0<\/i><\/b><\/em><\/strong><strong><em><b><i>EXCLUSIVOS<\/i><\/b><\/em><\/strong><strong><em><b><i>\u00a0<\/i><\/b><\/em><\/strong><strong><em><b><i>RESPONS\u00c1VEIS<\/i><\/b><\/em><\/strong><strong><em><b><i>\u00a0<\/i><\/b><\/em><\/strong><strong><em><b><i>PELO<\/i><\/b><\/em><\/strong><strong><em><b><i>\u00a0<\/i><\/b><\/em><\/strong><strong><em><b><i>\u00d4NUS<\/i><\/b><\/em><\/strong><strong><em><b><i>\u00a0<\/i><\/b><\/em><\/strong><strong><em><b><i>DECORRENTE<\/i><\/b><\/em><\/strong><strong><em><b><i>\u00a0<\/i><\/b><\/em><\/strong><strong><em><b><i>DA<\/i><\/b><\/em><\/strong><strong><em><b><i>\u00a0<\/i><\/b><\/em><\/strong><strong><em><b><i>PERDA<\/i><\/b><\/em><\/strong><strong><em><b><i>\u00a0<\/i><\/b><\/em><\/strong><strong><em><b><i>DE<\/i><\/b><\/em><\/strong><strong><em><b><i>\u00a0<\/i><\/b><\/em><\/strong><strong><em><b><i>NEG\u00d3CIOS<\/i><\/b><\/em><\/strong><strong><em><b><i>\u00a0<\/i><\/b><\/em><\/strong><strong><em><b><i>DIANTE<\/i><\/b><\/em><\/strong><strong><em><b><i>\u00a0<\/i><\/b><\/em><\/strong><strong><em><b><i>DA<\/i><\/b><\/em><\/strong><strong><em><b><i>\u00a0<\/i><\/b><\/em><\/strong><strong><em><b><i>INOBSERV\u00c2NCIA<\/i><\/b><\/em><\/strong><strong><em><b><i>\u00a0<\/i><\/b><\/em><\/strong><strong><em><b><i>DE QUAISQUER<\/i><\/b><\/em><\/strong><strong><em><b><i>\u00a0<\/i><\/b><\/em><\/strong><strong><em><b><i>MENSAGENS<\/i><\/b><\/em><\/strong><strong><em><b><i>\u00a0<\/i><\/b><\/em><\/strong><strong><em><b><i>EMITIDAS<\/i><\/b><\/em><\/strong><strong><em><b><i>\u00a0<\/i><\/b><\/em><\/strong><strong><em><b><i>PELO<\/i><\/b><\/em><\/strong><strong><em><b><i>\u00a0<\/i><\/b><\/em><\/strong><strong><em><b><i>PORTAL.<\/i><\/b><\/em><\/strong><\/p>\n<p>&nbsp;<\/p>\n<p><strong><u>ANEXOS<\/u><\/strong><strong><u>\u00a0<\/u><\/strong><strong><u>DESTE<\/u><\/strong><strong><u>\u00a0<\/u><\/strong><strong><u>AVISO<\/u><\/strong><\/p>\n<p><strong>\u00a0<\/strong><\/p>\n<p>Anexo\u00a0I\u00a0\u2013\u00a0Termo\u00a0de\u00a0Refer\u00eancia<\/p>\n<p>Anexo\u00a0II\u00a0\u2013\u00a0Modelo\u00a0de\u00a0Proposta\u00a0de\u00a0Pre\u00e7os<\/p>\n<p>Anexo III\u00a0\u2013\u00a0Modelo\u00a0de\u00a0Declara\u00e7\u00e3o\u00a0de\u00a0cumprimento\u00a0do\u00a0disposto\u00a0no\u00a0Inc.\u00a0XXXIII\u00a0do\u00a0art.\u00a07\u00ba\u00a0da\u00a0Constitui\u00e7\u00e3o\u00a0Federal<\/p>\n<p>Anexo IV\u00a0\u2013 Declara\u00e7\u00e3o de reserva de cargos PcD, consoante art. 92, da Lei Federal n\u201d 14.133\/2021<\/p>\n<p>Anexo V\u00a0\u2013 Declara\u00e7\u00e3o\u00a0impedimentos\u00a0do\u00a0art.\u00a014\u00a0da\u00a0Lei Federal\u00a0n\u201d 14.133\/2021<\/p>\n<p>Anexo\u00a0VI\u00a0\u2013\u00a0Modelo\u00a0de\u00a0Carta-Contrato<\/p>\n<p>&nbsp;<\/p>\n<p><strong>AVISO<\/strong><strong>\u00a0<\/strong><strong>DE<\/strong><strong>\u00a0<\/strong><strong>DISPENSA<\/strong><strong>\u00a0<\/strong><strong>DE<\/strong><strong>\u00a0<\/strong><strong>LICITA\u00c7\u00c3O<\/strong><strong>\u00a0<\/strong><strong>N\u00b0<\/strong><strong>\u00a0<\/strong><strong>007\/2026<\/strong><\/p>\n<p><strong>\u00a0<\/strong><\/p>\n<ol>\n<li><b><\/b><strong>REFER\u00caNCIA LEGAL<\/strong><\/li>\n<\/ol>\n<p>As\u00a0contra\u00e7\u00f5es\u00a0atrav\u00e9s\u00a0de\u00a0dispensa\u00a0de\u00a0licita\u00e7\u00e3o\u00a0no\u00a0Prefeitura Municipal de Vila Flor\u00a0s\u00e3o\u00a0regidas\u00a0pelos\u00a0dispositivos\u00a0\u00a0legais:<\/p>\n<ol start=\"14\">\n<li>a)Lein\u00ba\u00a0133\/2021,\u00a0Art.\u00a075,\u00a0Inc.\u00a0II;<\/li>\n<li>Instru\u00e7\u00e3oNormativa\u00a0SEMGE\u00a0n\u00ba\u00a005\/2021,\u00a0aprovada\u00a0pela\u00a0Portaria\u00a0SEMGE\u00a0n\u00ba\u00a0624\/2021.<\/li>\n<\/ol>\n<p>&nbsp;<\/p>\n<ol start=\"2\">\n<li><b><\/b><strong>OBJETO<\/strong><\/li>\n<\/ol>\n<p>O presente termo de refer\u00eancia visa orientar a licita\u00e7\u00e3o para a\u00a0<strong>contrata\u00e7\u00e3o de empresa especializada na presta\u00e7\u00e3o dos servi\u00e7os operacionais do evento para realiza\u00e7\u00e3o da 1\u00aa Corrida de Nossa Senhora do Desterro, promovida pela Prefeitura Municipal de Vila Flor\/RN, visando o fortalecimento dos la\u00e7os entre a corpora\u00e7\u00e3o e a comunidade por meio de atividade esportiva que estimule sa\u00fade, uni\u00e3o e bem-estar coletivo que ocorrer\u00e1 dia 27 de fevereiro de 2026<\/strong>,\u00a0Anexo\u00a0I\u00a0deste\u00a0Aviso.<\/p>\n<p>&nbsp;<\/p>\n<ol start=\"3\">\n<li><b><\/b><strong>INFORMA\u00c7\u00d5ES<\/strong><strong>PRELIMINARES<\/strong><\/li>\n<\/ol>\n<p>Os interessados dever\u00e3o proceder, antes da elabora\u00e7\u00e3o das propostas, verifica\u00e7\u00e3o minuciosa de todos os\u00a0elementos\u00a0fornecidos,\u00a0solicitando\u00a0por\u00a0escrito\u00a0ao\u00a0<strong>SETOR DE LICITA\u00c7\u00c3O<\/strong>,\u00a0via\u00a0e-mail:\u00a0<a href=\"mailto:atendimento_cosel@salvador.ba.gov.br\"><strong>PMVFLICITACOES2021@GMAIL.COM<\/strong>,<\/a>\u00a0at\u00e9\u00a001\u00a0(um)\u00a0dia\u00a0\u00fatil\u00a0antes\u00a0do\u00a0prazo\u00a0final para\u00a0apresenta\u00e7\u00e3o\u00a0da\u00a0documenta\u00e7\u00e3o,\u00a0as\u00a0d\u00favidas\u00a0suscitadas,\u00a0que\u00a0ser\u00e3o\u00a0esclarecidas\u00a0no pr\u00f3prio e-mail.<\/p>\n<p>&nbsp;<\/p>\n<ol start=\"4\">\n<li><b><\/b><strong>CONDI\u00c7\u00d5ES<\/strong><strong>DE<\/strong><strong>\u00a0<\/strong><strong>PARTICIPA\u00c7\u00c3O<\/strong>\n<ul>\n<li>Poder\u00e3oparticipar\u00a0desta\u00a0Dispensa\u00a0de\u00a0Licita\u00e7\u00e3o,\u00a0pessoas\u00a0f\u00edsica\u00a0ou\u00a0jur\u00eddica,\u00a0regularmente\u00a0estabelecidas\u00a0no pa\u00eds que atenda \u00e0s condi\u00e7\u00f5es exigidas neste Aviso e seus anexos, devendo pertencer ao ramo da\u00a0atividade\u00a0pertinente\u00a0e\u00a0compat\u00edvel\u00a0com\u00a0o\u00a0objeto<\/li>\n<\/ul>\n<\/li>\n<\/ol>\n<p>&nbsp;<\/p>\n<ul>\n<li>N\u00e3opoder\u00e3o\u00a0participar\u00a0desta\u00a0Dispensa\u00a0de\u00a0Licita\u00e7\u00e3o\u00a0os\u00a0interessados:<\/li>\n<\/ul>\n<p>&nbsp;<\/p>\n<ol>\n<li>Proibidos de participar de licita\u00e7\u00f5es e celebrar contratos administrativos, naforma da\u00a0legisla\u00e7\u00e3o<\/li>\n<li>Quen\u00e3o atendam\u00a0\u00e0s\u00a0condi\u00e7\u00f5es\u00a0deste\u00a0Aviso\u00a0e\u00a0Termo\u00a0de\u00a0Refer\u00eancia;<\/li>\n<li>Estrangeiros que n\u00e3o tenham representa\u00e7\u00e3o legal no Brasil com poderes expressospara receber\u00a0cita\u00e7\u00e3o\u00a0e\u00a0responder\u00a0administrativa\u00a0ou judicialmente;<\/li>\n<li>Quese\u00a0enquadrem\u00a0nas\u00a0veda\u00e7\u00f5es\u00a0previstas\u00a0no\u00a0artigo\u00a014\u00ba\u00a0da\u00a0Lei\u00a0Federal\u00a0n\u00b0\u00a0133\/21;<\/li>\n<li>Organiza\u00e7\u00f5es da Sociedade Civil de Interesse P\u00fablico \u2013 OSC IP, atuando nessa condi\u00e7\u00e3o(Ac\u00f3rd\u00e3o\u00a0n\u00b0746\/2014\u00a0\u2013\u00a0TCU\u00a0Plen\u00e1rio);<\/li>\n<li>Estejam cumprindo penalidade de suspens\u00e3o tempor\u00e1ria imposta pela Administra\u00e7\u00e3o P\u00fablicaMunicipal, ou, ainda, penalidade imposta por qualquer \u00f3rg\u00e3o da Administra\u00e7\u00e3o P\u00fablica, nas\u00a0hip\u00f3teses\u00a0previstas\u00a0nos\u00a0incisos\u00a0III\u00a0e\u00a0IV do\u00a0\u00a0156\u00a0da\u00a0Lei\u00a0n\u00b0\u00a014.133\/21<\/li>\n<\/ol>\n<p>&nbsp;<\/p>\n<ol start=\"5\">\n<li><b><\/b><strong>ESPECIFICA\u00c7\u00d5ES<\/strong><strong>DO<\/strong><strong>\u00a0<\/strong><strong>OBJETO,<\/strong><strong>\u00a0<\/strong><strong>DOTA\u00c7\u00c3O<\/strong><strong>\u00a0<\/strong><strong>OR\u00c7AMENT\u00c1RIA,<\/strong><strong>\u00a0<\/strong><strong>PRAZOS<\/strong><strong>\u00a0<\/strong><strong>E<\/strong><strong>\u00a0<\/strong><strong>LOCAL<\/strong><strong>\u00a0<\/strong><strong>DE<\/strong><strong>\u00a0<\/strong><strong>PRESTA\u00c7\u00c3O DE SERVI\u00c7OS<\/strong><\/li>\n<\/ol>\n<p>As\u00a0informa\u00e7\u00f5es\u00a0relativas\u00a0a\u00a0especifica\u00e7\u00f5es\u00a0do\u00a0objeto,\u00a0dota\u00e7\u00e3o\u00a0or\u00e7ament\u00e1ria,\u00a0prazos\u00a0e\u00a0local\u00a0de\u00a0entrega\u00a0est\u00e3o\u00a0elencadas\u00a0no\u00a0termo\u00a0de\u00a0Refer\u00eancia anexo\u00a0I\u00a0deste\u00a0Aviso.<\/p>\n<p>&nbsp;<\/p>\n<ol start=\"6\">\n<li><b><\/b><strong>PRAZO<\/strong><strong>E<\/strong><strong>\u00a0<\/strong><strong>FORMA<\/strong><strong>\u00a0<\/strong><strong>PARA<\/strong><strong>\u00a0<\/strong><strong>ENVIO<\/strong><strong>\u00a0<\/strong><strong>DOS<\/strong><strong>\u00a0<\/strong><strong>DOCUMENTOS<\/strong><strong>\u00a0<\/strong><strong>DE<\/strong><strong>\u00a0<\/strong><strong>HABILITA\u00c7\u00c3O<\/strong><strong>\u00a0<\/strong><strong>E<\/strong><strong>\u00a0<\/strong><strong>PROPOSTA<\/strong><strong>\u00a0<\/strong><strong>DE<\/strong><strong>\u00a0<\/strong><strong>PRE\u00c7O<\/strong>\n<ul>\n<li><strong>PRAZO DE<\/strong><strong>ENTREGA DOS<\/strong><strong>\u00a0<\/strong><strong>DOCUMENTOS<\/strong>:\u00a0Esta\u00a0chamada\u00a0p\u00fablica\u00a0para\u00a0Dispensa\u00a0de Licita\u00e7\u00e3o\u00a0ficar\u00e1 aberta por um per\u00edodo de\u00a0<strong>03 (TR\u00caS) DIAS UT\u00c9IS,\u00a0<\/strong>contados a partir da data de publica\u00e7\u00e3o do\u00a0<strong><b>AVISO<\/b><\/strong>\u00a0<strong>DE DISPENSA<\/strong><strong>\u00a0<\/strong><strong>DE LICITA\u00c7\u00c3O<\/strong><strong>\u00a0<\/strong>na\u00a0imprensa<\/li>\n<li>A proposta de pre\u00e7os e os documentos de habilita\u00e7\u00e3o, dever\u00e3o ser encaminhados via e-mail, para oendere\u00e7o eletr\u00f4nico:\u00a0<a href=\"mailto:atendimento_cosel@salvador.ba.gov.br\"><strong>PMVFLICITACOES2021@GMAIL.COM<\/strong>,<\/a>\u00a0fazendo refer\u00eancia no assunto do\u00a0e-mail\u00a0a\u00a0<strong>DISPENSA<\/strong><strong>\u00a0<\/strong><strong>DE<\/strong><strong>\u00a0<\/strong><strong>LICITA\u00c7\u00c3O<\/strong><strong>\u00a0<\/strong><strong>N\u00b0\u00a0<\/strong><strong>007\/2026<\/strong><strong>.<\/strong><\/li>\n<\/ul>\n<\/li>\n<\/ol>\n<p>&nbsp;<\/p>\n<p><b>7.\u00a0<\/b><strong><b>PROPOSTAS<\/b><\/strong><strong><b>\u00a0<\/b><\/strong><strong><b>DE PRE\u00c7OS<\/b><\/strong><\/p>\n<p><strong>\u00a0<\/strong><\/p>\n<ul>\n<li>A proposta de pre\u00e7os dever\u00e1 ser apresentada na forma, prazo e condi\u00e7\u00f5es estipulados neste Aviso eseus<\/li>\n<\/ul>\n<p>&nbsp;<\/p>\n<ul>\n<li>A proposta dever\u00e1 ser redigida em papel timbrado do interessado, por meio mec\u00e2nico ou informatizado,de\u00a0forma\u00a0clara\u00a0e\u00a0inequ\u00edvoca,\u00a0sem\u00a0emendas,\u00a0rasuras\u00a0ou\u00a0entrelinhas,\u00a0em\u00a0estrita\u00a0observ\u00e2ncia\u00a0\u00e0s\u00a0especifica\u00e7\u00f5es contidas neste Aviso, assinada na \u00faltima folha e rubricada nas demais pelo seu titular ou\u00a0representante legal,\u00a0devidamente\u00a0identificado,\u00a0nela\u00a0constando,\u00a0obrigatoriamente:<\/li>\n<\/ul>\n<p>&nbsp;<\/p>\n<ol>\n<li>Raz\u00e3oSocial,\u00a0CNPJ,\u00a0endere\u00e7o,\u00a0CEP,\u00a0telefone\/\u00a0e-mail\u00a0e\u00a0pessoa\u00a0de\u00a0contato;<\/li>\n<li>Pre\u00e7os de acordo com os praticados no mercado, dento do pre\u00e7o m\u00e1ximo que a SEMOP se disp\u00f5e apagar, em algarismo e por extenso, s\u00f3 reajust\u00e1veis na forma da lei, com valores expressos em moeda\u00a0corrente nacional (R$). Ocorrendo diverg\u00eancia entre o pre\u00e7o em algarismo e o expresso por extenso,\u00a0ser\u00e1\u00a0levado\u00a0em\u00a0conta\u00a0por extenso.<\/li>\n<li>Prazo de validade de proposta n\u00e3o inferior a 90 (noventa) dias, a contar da data de sua apresenta\u00e7\u00e3o,sendo\u00a0facultado aos proponentes\u00a0estender\u00a0tal\u00a0validade\u00a0por\u00a0prazo<\/li>\n<\/ol>\n<p>&nbsp;<\/p>\n<ul>\n<li>Aproposta\u00a0de\u00a0pre\u00e7os\u00a0apresentada\u00a0dever\u00e1\u00a0incluir\u00a0todas\u00a0e\u00a0quaisquer\u00a0despesas\u00a0necess\u00e1rias\u00a0para\u00a0a\u00a0execu\u00e7\u00e3o do objeto desta Dispensa de Licita\u00e7\u00e3o, tais como: tributos, emolumentos, contribui\u00e7\u00f5es sociais,\u00a0fiscais, parafiscais, fretes, seguros e demais despesas inerentes, devendo o pre\u00e7o ofertado corresponder\u00a0rigorosamente \u00e0s especifica\u00e7\u00f5es do objeto, n\u00e3o cabendo quaisquer reivindica\u00e7\u00f5es devidas a erros nessa\u00a0avalia\u00e7\u00e3o, para\u00a0efeito\u00a0de\u00a0solicitar revis\u00e3o\u00a0de pre\u00e7os.<\/li>\n<\/ul>\n<p>&nbsp;<\/p>\n<ul>\n<li>Aproposta\u00a0de\u00a0pre\u00e7os\u00a0que\u00a0n\u00e3o\u00a0estiver\u00a0em\u00a0conson\u00e2ncia\u00a0com\u00a0as\u00a0exig\u00eancias\u00a0deste\u00a0Aviso\u00a0ser\u00e1<\/li>\n<\/ul>\n<p>&nbsp;<\/p>\n<ul>\n<li>Ospre\u00e7os\u00a0ofertados\u00a0n\u00e3o\u00a0poder\u00e3o\u00a0exceder\u00a0os\u00a0pre\u00e7os\u00a0m\u00e1ximos,\u00a0constantes\u00a0neste<\/li>\n<\/ul>\n<p>&nbsp;<\/p>\n<p><b>8.\u00a0<\/b><strong><b>DOCUMENTA\u00c7\u00c3O<\/b><\/strong><strong><b>\u00a0<\/b><\/strong><strong><b>DE<\/b><\/strong><strong><b>\u00a0<\/b><\/strong><strong><b>HABILITA\u00c7\u00c3O<\/b><\/strong><\/p>\n<p><strong>\u00a0<\/strong><\/p>\n<ul>\n<li>Para fins de comprova\u00e7\u00e3o de habilita\u00e7\u00e3o, dever\u00e3o ser apresentados junto com a proposta de pre\u00e7os,os documentos abaixo relacionados, com prazo vigente, \u00e0 exce\u00e7\u00e3o daqueles que por sua natureza\u00a0n\u00e3o\u00a0contenham\u00a0validade:<\/li>\n<\/ul>\n<p>&nbsp;<\/p>\n<p><b>8.1.1\u00a0<\/b><strong><u><b>Habilita\u00e7\u00e3o<\/b><\/u><\/strong><strong><u><b>\u00a0<\/b><\/u><\/strong><strong><u><b>Jur\u00eddica<\/b><\/u><\/strong><\/p>\n<ol>\n<li>Atoconstitutivo,\u00a0estatuto\u00a0ou\u00a0contrato\u00a0social\u00a0em\u00a0vigor,\u00a0devidamente\u00a0registrado\u00a0ou\u00a0inscrito;<\/li>\n<li>Emse\u00a0tratando\u00a0de\u00a0Microempreendedor\u00a0individual\u00a0\u2014\u00a0MEI:\u00a0Certificado\u00a0da\u00a0Condi\u00e7\u00e3o\u00a0de\u00a0Microempreendedor\u00a0Individual\u00a0\u2013\u00a0CCMEI;<\/li>\n<\/ol>\n<p>&nbsp;<\/p>\n<p><b>8.1.2\u00a0<\/b><strong><u><b>Regularidade<\/b><\/u><\/strong><strong><u><b>\u00a0<\/b><\/u><\/strong><strong><u><b>Fiscal<\/b><\/u><\/strong><strong><u><b>\u00a0<\/b><\/u><\/strong><strong><u><b>e<\/b><\/u><\/strong><strong><u><b>\u00a0<\/b><\/u><\/strong><strong><u><b>Trabalhista<\/b><\/u><\/strong><\/p>\n<ol start=\"8\">\n<li>Certid\u00e3o Conjunta Negativa de D\u00e9bitos, relativa aos tributos federais e \u00e0 D\u00edvida Ativa daUni\u00e3o,\u00a0no\u00a0\u00e2mbito\u00a0da\u00a0RFB\u00a0e\u00a0da\u00a0PGFN\u00a0abrangendo\u00a0inclusive\u00a0as\u00a0contribui\u00e7\u00f5es\u00a0sociais\u00a0previstas nas al\u00edneas \u201ca\u201d e \u201cd\u201d do par\u00e1grafo \u00fanico do art. 11 da Lei n.\u00ba 8.212, de 24 de julho\u00a0de\u00a01991, com\u00a0base\u00a0na\u00a0Portaria\u00a0Conjunta\u00a0RFB\/PGFN\u00a0no\u00a0751, de 02\/10\/2014.<\/li>\n<li>Provade\u00a0inscri\u00e7\u00e3o\u00a0no\u00a0cadastro\u00a0de\u00a0contribuintes\u00a0estadual\u00a0e\/ou\u00a0Municipal,\u00a0se\u00a0houver,\u00a0relativo\u00a0ao domicilio\u00a0ou sede do\u00a0interessado,\u00a0pertinente\u00a0ao\u00a0seu\u00a0ramo\u00a0de\u00a0atividade\u00a0e\u00a0compat\u00edvel\u00a0com\u00a0o\u00a0objeto<\/li>\n<li>Provade\u00a0regularidade\u00a0com\u00a0a\u00a0Fazenda\u00a0Estadual\u00a0relativo\u00a0ao\u00a0domicilio\u00a0ou\u00a0sede\u00a0do\u00a0interessado;<\/li>\n<li>Prova de regularidade coma Fazenda Municipal do relativo\u00a0ao domicilio\u00a0ou sede\u00a0do\u00a0interessado;<\/li>\n<li>Prova de regularidade com o Fundo de Garantia por Tempo de Servi\u00e7o (FGTS), mediante aapresenta\u00e7\u00e3o\u00a0de\u00a0Certificado\u00a0de\u00a0Regularidade\u00a0de\u00a0Situa\u00e7\u00e3o\/CRF.<\/li>\n<\/ol>\n<ol start=\"12\">\n<li>Prova de inexist\u00eancia de d\u00e9bitos inadimplidos perante a justi\u00e7a do trabalho, mediante aapresenta\u00e7\u00e3o de Certid\u00e3o Negativa de D\u00e9bitos Trabalhistas (CNDT), com prazo de validade\u00a0de\u00a0180\u00a0(cento\u00a0e\u00a0oitenta\u00a0dias),\u00a0contados\u00a0da\u00a0data\u00a0de\u00a0sua\u00a0emiss\u00e3o,\u00a0de\u00a0acordo\u00a0com\u00a0a\u00a0Legisla\u00e7\u00e3o federal\u00a0\u201cLei\u00a0n\u00ba\u00a0440,\u00a0de\u00a007 de\u00a0julho\u00a0de 2011\u201d.\n<ol>\n<li>Provade\u00a0inscri\u00e7\u00e3o\u00a0de\u00a0Cadastro\u00a0Nacional\u00a0de\u00a0Pessoas\u00a0Jur\u00eddicas\u00a0CNPJ;<\/li>\n<\/ol>\n<\/li>\n<\/ol>\n<p>&nbsp;<\/p>\n<p><b>8.1.3\u00a0<\/b><strong><u><b>Qualifica\u00e7\u00e3o<\/b><\/u><\/strong><strong><u><b>\u00a0<\/b><\/u><\/strong><strong><u><b>T\u00e9cnica<\/b><\/u><\/strong><\/p>\n<ol>\n<li>Apresenta\u00e7\u00e3o de pelo menos 01 (um) atestado em nome da pessoa jur\u00eddica, fornecido porpessoa jur\u00eddica de direito p\u00fablico ou privado, suficientes para comprovar a aptid\u00e3o em\u00a0execu\u00e7\u00e3o\u00a0de\u00a0objetos similares\u00a0ao\u00a0desta\u00a0contrata\u00e7\u00e3o.\n<ul>\n<li>O(s) atestado(s) dever\u00e1(\u00e3o) ser apresentado(s) constando as seguintes informa\u00e7\u00f5es daemitente:\u00a0papel\u00a0timbrado,\u00a0CNPJ,\u00a0endere\u00e7o,\u00a0telefone,\u00a0data\u00a0de\u00a0emiss\u00e3o,\u00a0nome\u00a0e\u00a0cargo\/fun\u00e7\u00e3o\u00a0de\u00a0quem\u00a0assina\u00a0o\u00a0documento,\u00a0bem\u00a0como\u00a0conter\u00a0objeto,\u00a0atividades\u00a0desenvolvidas\u00a0e\u00a0per\u00edodo\u00a0da contrata\u00e7\u00e3o.<\/li>\n<li>N\u00e3o ser\u00e3o aceitos atestados emitidos por empresas do mesmo grupo empresarial dapromitente contratada ou pela pr\u00f3pria pessoa jur\u00eddica e\/ou emitidos por empresas, das\u00a0quais\u00a0participem\u00a0s\u00f3cios\u00a0ou\u00a0diretores\u00a0da promitente<\/li>\n<\/ul>\n<\/li>\n<\/ol>\n<p>&nbsp;<\/p>\n<p><b>8.1.4\u00a0<\/b><strong><u><b>Qualifica\u00e7\u00e3o<\/b><\/u><\/strong><strong><u><b>\u00a0<\/b><\/u><\/strong><strong><u><b>econ\u00f4mico-financeira<\/b><\/u><\/strong><\/p>\n<ol>\n<li>Certid\u00e3o negativa de fal\u00eancia, recupera\u00e7\u00e3o judicial ou extrajudicial ou execu\u00e7\u00e3o patrimonial,conforme\u00a0o\u00a0caso,\u00a0expedida\u00a0pelo\u00a0distribuidor da\u00a0sede do\n<ul>\n<li>Caso o licitante encontre-se em recupera\u00e7\u00e3o judicial, admite-se a participa\u00e7\u00e3o, emlicita\u00e7\u00f5es, desde que amparadas em certid\u00e3o emitida pela inst\u00e2ncia judicial competente\u00a0afirmando que a interessada est\u00e1 apta econ\u00f4mica e financeiramente a participar de\u00a0procedimento\u00a0licitat\u00f3rio, na forma\u00a0do\u00a0Ac\u00f3rd\u00e3o TCU\u00a0\u2013\u00a0Plen\u00e1rio \u2013\u00a01201\/2020.<\/li>\n<\/ul>\n<\/li>\n<\/ol>\n<p>&nbsp;<\/p>\n<p><b>8.1.5\u00a0<\/b><strong><u><b>Documenta\u00e7\u00e3o<\/b><\/u><\/strong><strong><u><b>\u00a0<\/b><\/u><\/strong><strong><u><b>Complementar<\/b><\/u><\/strong><strong><u><b>\u00a0<\/b><\/u><\/strong><strong><u><b>de<\/b><\/u><\/strong><strong><u><b>\u00a0<\/b><\/u><\/strong><strong><u><b>Habilita\u00e7\u00e3o<\/b><\/u><\/strong><\/p>\n<ol start=\"14\">\n<li>Declara\u00e7\u00e3o de que n\u00e3o est\u00e1 incurso nos impedimentos de que trata o art.14 da Federal n\u00b0133\/2021,\u00a0conforme\u00a0modelo\u00a0ANEXO IV;<\/li>\n<li>Declara\u00e7\u00e3ode\u00a0que\u00a0cumpre\u00a0as\u00a0exig\u00eancias\u00a0de\u00a0reserva\u00a0de\u00a0cargos\u00a0para\u00a0Pessoas\u00a0com\u00a0Defici\u00eancia \u2014 PcD e para reabilitado da Previd\u00eancia Social, previstas em lei e normas\u00a0espec\u00edficas,\u00a0conforme\u00a0modelo\u00a0ANEXO III;<\/li>\n<li>Certid\u00e3oNegativa\u00a0de\u00a0Cadastro\u00a0Nacional\u00a0de\u00a0Empresas\u00a0Inid\u00f4neas\u00a0e\u00a0Suspensas\u00a0\u2014\u00a0CEIS<\/li>\n<li>Certid\u00e3oNegativa\u00a0de\u00a0Cadastro\u00a0Nacional\u00a0de\u00a0Empresas\u00a0P\u00fablicas \u2014\u00a0CNEP<\/li>\n<li>Declara\u00e7\u00e3oassinada\u00a0pelo\u00a0titular\u00a0ou\u00a0representante\u00a0legal\u00a0da\u00a0Requerente,\u00a0devidamente\u00a0identificado, em conformidade com o disposto no XXXIII, art. 7\u00ba, da Constitui\u00e7\u00e3o Federal\u00a0(Modelo no\u00a0<strong>Anexo IV<\/strong><strong>\u00a0<\/strong>deste\u00a0Aviso).<\/li>\n<\/ol>\n<p>&nbsp;<\/p>\n<p><b>9.\u00a0<\/b><strong><b>CRIT\u00c9RIO<\/b><\/strong><strong><b>\u00a0<\/b><\/strong><strong><b>DE<\/b><\/strong><strong><b>\u00a0<\/b><\/strong><strong><b>JULGAMENTO<\/b><\/strong><\/p>\n<p><strong>\u00a0<\/strong><\/p>\n<ul>\n<li><b><\/b><strong><u><b>PROPOSTAS<\/b><\/u><\/strong><u><b><\/b><\/u><strong><u><b>DE<\/b><\/u><\/strong><strong><u><b>\u00a0<\/b><\/u><\/strong><strong><u><b>PRE\u00c7OS<\/b><\/u><\/strong><\/li>\n<\/ul>\n<p>&nbsp;<\/p>\n<p>9.1.1\u00a0As\u00a0propostas\u00a0apresentadas\u00a0em\u00a0conson\u00e2ncia\u00a0com\u00a0as\u00a0exig\u00eancias\u00a0do\u00a0Aviso\u00a0ser\u00e3o\u00a0classificadas\u00a0e\u00a0ser\u00e1\u00a0declara\u00a0vencedora\u00a0a que\u00a0apresentar o\u00a0menor\u00a0pre\u00e7o.<\/p>\n<p>&nbsp;<\/p>\n<p>9.1.2\u00a0Os\u00a0interessados\u00a0que\u00a0apresentarem\u00a0proposta\u00a0de\u00a0pre\u00e7os\u00a0com\u00a0diverg\u00eancia\u00a0\u00e0s\u00a0exig\u00eancias\u00a0deste\u00a0Aviso\u00a0e\u00a0seus anexos ser\u00e1\u00a0desclassificada.<\/p>\n<p>&nbsp;<\/p>\n<ul>\n<li><b><\/b><strong><u><b>HABILITA\u00c7\u00c3O<\/b><\/u><\/strong><\/li>\n<\/ul>\n<p>9.2.1\u00a0Ser\u00e1\u00a0habilitado\u00a0o\u00a0interessado\u00a0que\u00a0atender\u00a0todas\u00a0as\u00a0condi\u00e7\u00f5es\u00a0do\u00a0Aviso\u00a0e\u00a0seus\u00a0anexos.<\/p>\n<p>9.2.2\u00a0Ser\u00e1\u00a0inabilitada\u00a0o\u00a0interessado\u00a0que\u00a0n\u00e3o\u00a0atender\u00a0as\u00a0condi\u00e7\u00f5es\u00a0do\u00a0Aviso\u00a0e\u00a0seus\u00a0anexos.<\/p>\n<p>&nbsp;<\/p>\n<p><b>10.\u00a0<\/b><strong><b>OBRIGA\u00c7\u00d5ES,<\/b><\/strong><strong><b>\u00a0<\/b><\/strong><strong><b>PENALIDADES<\/b><\/strong><strong><b>\u00a0<\/b><\/strong><strong><b>E<\/b><\/strong><strong><b>\u00a0<\/b><\/strong><strong><b>SAN\u00c7\u00d5ES<\/b><\/strong><\/p>\n<p><strong>\u00a0<\/strong><\/p>\n<p>As\u00a0obriga\u00e7\u00f5es,\u00a0penalidades\u00a0e\u00a0sans\u00f5es\u00a0est\u00e3o\u00a0elencadas\u00a0no\u00a0Termo\u00a0de\u00a0Refer\u00eancia,\u00a0anexo\u00a0I\u00a0deste\u00a0Aviso\u00a0e\u00a0s\u00e3o\u00a0parte integrante\u00a0independente\u00a0de\u00a0transcri\u00e7\u00e3o.<\/p>\n<p>&nbsp;<\/p>\n<p><b>11.\u00a0<\/b><strong><b>DISPOSI\u00c7\u00d5ES<\/b><\/strong><strong><b>\u00a0<\/b><\/strong><strong><b>GERAIS<\/b><\/strong><\/p>\n<p><strong>\u00a0<\/strong><\/p>\n<ul>\n<li>O interessado n\u00e3o poder\u00e1 alegar como justificativa para se eximir das obriga\u00e7\u00f5es assumidas, odesconhecimento\u00a0das\u00a0condi\u00e7\u00f5es\u00a0para\u00a0participa\u00e7\u00e3o desta\u00a0Dispensa\u00a0de\u00a0Licita\u00e7\u00e3o.<\/li>\n<li>Poder\u00e1 esta Secretaria Municipal da Prefeitura Municipal de Vila Flor, revogar opresente Aviso, no todo em parte, por conveni\u00eancia administrativa e interesse p\u00fablico, decorrente de\u00a0falo\u00a0superveniente,\u00a0devidamente<\/li>\n<li>ASecretaria Municipal\u00a0da\u00a0Prefeitura Municipal de Vila Flor\u00a0poder\u00e1\u00a0anular\u00a0o\u00a0presente\u00a0Aviso, no todo em\u00a0parte, caso ocorra ilegalidade, de oficio ou por provoca\u00e7\u00e3o. A anula\u00e7\u00e3o\u00a0do\u00a0procedimento\u00a0oriundo\u00a0deste\u00a0Aviso,\u00a0n\u00e3o\u00a0gera\u00a0direito\u00a0a\u00a0indeniza\u00e7\u00e3o.<\/li>\n<li>Ap\u00f3s a fase de classifica\u00e7\u00e3o da proposta, n\u00e3o cabe desist\u00eancia da mesma, salvo por motivo justodecorrente de\u00a0fato\u00a0superveniente, e\u00a0desde\u00a0que aceito\u00a0pela\u00a0PREFEITURA MUNICIPAL.<\/li>\n<li>Ao apresentar a proposta de pre\u00e7os, o interessado declara sob as penalidades da Lei, da inexist\u00eanciade qualquer v\u00ednculo de natureza t\u00e9cnica, comercial, econ\u00f4mica, financeira ou trabalhista, entre si e os\u00a0respons\u00e1veis\u00a0por\u00a0esta\u00a0Dispensa\u00a0de\u00a0Licita\u00e7\u00e3o,\u00a0quer direta\u00a0ou<\/li>\n<li>A apresenta\u00e7\u00e3o de proposta pressup\u00f5e o pleno conhecimento, atendimento e aceita\u00e7\u00e3o integral eirretrat\u00e1vel, por parte do interessado, das exig\u00eancias e condi\u00e7\u00f5es estabelecidas neste Aviso e Termo\u00a0de\u00a0Refer\u00eancia.<\/li>\n<li>A falsidade de qualquer documento apresentado ou a inverdade das informa\u00e7\u00f5es nele contidasimplicar\u00e1 a imediata desclassifica\u00e7\u00e3o\/inabilita\u00e7\u00e3o do interessado que o tiver apresentado, ou, caso\u00a0tenha sido o vencedor, a rescis\u00e3o do contrato ou do pedido de compra, sem preju\u00edzo de demais\u00a0san\u00e7\u00f5es\u00a0cab\u00edveis.<\/li>\n<li>Nacontagem\u00a0dos\u00a0prazos\u00a0estabelecidos\u00a0neste\u00a0Aviso,\u00a0com\u00a0fulcro\u00a0no\u00a0Art\u00a0183\u00a0da\u00a0Lei\u00a0Federal\u00a0133\/2021, ser\u00e3o contados com exclus\u00e3o do dia do come\u00e7o e inclus\u00e3o do dia do vencimento,\u00a0observando-se\u00a0as seguintes disposi\u00e7\u00f5es:\n<ol>\n<li>osprazos\u00a0expressos\u00a0em dias\u00a0corridos\u00a0ser\u00e3o\u00a0computados\u00a0de\u00a0modo\u00a0cont\u00ednuo;<\/li>\n<li>osprazos\u00a0expressos\u00a0em\u00a0meses\u00a0ou\u00a0anos\u00a0ser\u00e3o\u00a0computados\u00a0de\u00a0data\u00a0a\u00a0data;<\/li>\n<li>nosprazos\u00a0expressos\u00a0em\u00a0dias\u00a0\u00fateis,\u00a0ser\u00e3o\u00a0computados\u00a0somente\u00a0os\u00a0dias\u00a0em\u00a0que\u00a0ocorrer\u00a0expediente\u00a0administrativo\u00a0no\u00a0\u00f3rg\u00e3o\u00a0ou\u00a0entidade competente.<\/li>\n<\/ol>\n<\/li>\n<\/ul>\n<p>&nbsp;<\/p>\n<p>11.8.1\u00a0Salvo\u00a0disposi\u00e7\u00e3o\u00a0em contr\u00e1rio,\u00a0considera-se\u00a0dia\u00a0do\u00a0come\u00e7o\u00a0do\u00a0prazo:<\/p>\n<ol>\n<li>oprimeiro\u00a0dia\u00a0\u00fatil\u00a0seguinte\u00a0ao\u00a0da\u00a0disponibiliza\u00e7\u00e3o\u00a0da\u00a0informa\u00e7\u00e3o\u00a0na<\/li>\n<\/ol>\n<p>Vila Flor\/RN,\u00a0em 06 de fevereiro\u00a0de 2026.<\/p>\n<p>&nbsp;<\/p>\n<p>&nbsp;<\/p>\n<p>Kedson Jos\u00e9 de Lima<\/p>\n<p><strong><b>Agente de Contrata\u00e7\u00e3o<\/b><\/strong><\/p>\n<p><b>\u00a0<\/b><\/p>\n<p><strong><em><b><i>DISPENSA DE LICITA\u00c7\u00c3O N\u00b0\u00a0<\/i><\/b><\/em><\/strong><strong><em><b><i>007\/2026<\/i><\/b><\/em><\/strong><\/p>\n<p><strong><em><b><i>SETOR DE LICITA\u00c7\u00c3O<\/i><\/b><\/em><\/strong><\/p>\n<p><strong><em><b><i>ANEXO<\/i><\/b><\/em><\/strong><strong><em><b><i>\u00a0<\/i><\/b><\/em><\/strong><strong><em><b><i>I<\/i><\/b><\/em><\/strong><strong><em><b><i>\u00a0<\/i><\/b><\/em><\/strong><strong><em><b><i>\u2013 TERMO DE<\/i><\/b><\/em><\/strong><strong><em><b><i>\u00a0<\/i><\/b><\/em><\/strong><strong><em><b><i>REFER\u00caNCIA<\/i><\/b><\/em><\/strong><\/p>\n<ol>\n<li><b><\/b><strong><b>CONDI\u00c7\u00d5ES GERAIS DA CONTRATA\u00c7\u00c3O<\/b><\/strong><\/li>\n<\/ol>\n<p><strong><b>contrata\u00e7\u00e3o de empresa especializada na presta\u00e7\u00e3o dos servi\u00e7os operacionais do evento para realiza\u00e7\u00e3o da 1\u00aa Corrida de Nossa Senhora do Desterro, promovida pela Prefeitura Municipal de Vila Flor\/RN, visando o fortalecimento dos la\u00e7os entre a corpora\u00e7\u00e3o e a comunidade por meio de atividade esportiva que estimule sa\u00fade, uni\u00e3o e bem-estar coletivo que ocorrer\u00e1 dia 27 de fevereiro de 2026<\/b><\/strong><strong><b>,\u00a0<\/b><\/strong>nos termos da tabela abaixo, conforme condi\u00e7\u00f5es e exig\u00eancias estabelecidas neste instrumento.<\/p>\n<p>&nbsp;<\/p>\n<table>\n<tbody>\n<tr>\n<td width=\"77\"><strong><b>ITEM<\/b><\/strong><\/td>\n<td width=\"388\"><strong><b>DESCRI\u00c7\u00c3O<\/b><\/strong><\/td>\n<td width=\"88\"><strong><b>UNID.<\/b><\/strong><\/td>\n<td width=\"105\"><strong><b>QUANT.<\/b><\/strong><\/td>\n<\/tr>\n<tr>\n<td width=\"77\">1<\/td>\n<td width=\"388\">Presta\u00e7\u00e3o de servi\u00e7os operacionais para evento esportivo (6km), incluindo fornecimento de 130\u00a0medalhas personalizadas, kit hidrata\u00e7\u00e3o (\u00e1gua mineral) e lanche p\u00f3s-prova para 130\u00a0participantes.<\/td>\n<td width=\"88\">Ser<\/td>\n<td width=\"105\">01<\/td>\n<\/tr>\n<\/tbody>\n<\/table>\n<p>Os servi\u00e7os objeto desta contrata\u00e7\u00e3o s\u00e3o caracterizados como comuns, a classifica\u00e7\u00e3o fundamenta-se no fato de que tais atividades possuem padr\u00f5es de desempenho e qualidade que podem ser objetivamente definidos pelo edital, por meio de especifica\u00e7\u00f5es usuais de mercado.<\/p>\n<p>O objeto desta contrata\u00e7\u00e3o n\u00e3o se enquadra como sendo de bem de luxo, conforme Decreto n\u00ba 10.818, de 27 de setembro de 2021.<\/p>\n<p>O prazo de vig\u00eancia da contrata\u00e7\u00e3o \u00e9 de 60 (sessenta)d dias\u00a0da data da homologa\u00e7\u00e3o, improrrog\u00e1vel, na forma do art. 75, inciso VIII, da Lei n\u00b0 14.133\/2021.<\/p>\n<p><em><i>O servi\u00e7o \u00e9 enquadrado como n\u00e3o cont\u00ednuo ou contratados por escopo.<\/i><\/em><\/p>\n<p>O contrato oferece maior detalhamento das regras que ser\u00e3o aplicadas em rela\u00e7\u00e3o \u00e0 vig\u00eancia da contrata\u00e7\u00e3o.<\/p>\n<ol start=\"2\">\n<li><b><\/b><strong><b>FUNDAMENTA\u00c7\u00c3O E DESCRI\u00c7\u00c3O DA NECESSIDADE DA CONTRATA\u00c7\u00c3O<\/b><\/strong><\/li>\n<\/ol>\n<p>A necessidade da contrata\u00e7\u00e3o, de forma distinta, manifesta-se pela car\u00eancia de estrutura operacional t\u00e9cnica especializada e de materiais de consumo espec\u00edficos que n\u00e3o comp\u00f5em o estoque permanente ou as compet\u00eancias rotineiras das secretarias municipais.<\/p>\n<p>&nbsp;<\/p>\n<p>Embora a Prefeitura forne\u00e7a itens estruturais de grande porte, como palcos e som, a administra\u00e7\u00e3o municipal n\u00e3o det\u00e9m a capacidade de fabrica\u00e7\u00e3o de itens de premia\u00e7\u00e3o personalizada, como as medalhas comemorativas, nem possui log\u00edstica interna espec\u00edfica para o fornecimento de kits de hidrata\u00e7\u00e3o e alimenta\u00e7\u00e3o esportiva nas condi\u00e7\u00f5es t\u00e9cnicas exigidas para uma prova de rua.<\/p>\n<p>&nbsp;<\/p>\n<p>Atualmente, a gest\u00e3o municipal enfrenta uma lacuna operativa no que tange \u00e0 coordena\u00e7\u00e3o de fluxo de atletas e suporte t\u00e9cnico-esportivo de campo, o que n\u00e3o pode ser suprido satisfatoriamente apenas com servidores de cargos generalistas sem o aux\u00edlio de uma empresa com expertise no setor. Sem a contrata\u00e7\u00e3o dessa intelig\u00eancia operacional e log\u00edstica, a execu\u00e7\u00e3o do evento ocorreria de forma amadora, colocando em risco a seguran\u00e7a dos participantes e a credibilidade institucional da Prefeitura, sendo, portanto, indispens\u00e1vel o suporte externo para garantir que a informa\u00e7\u00e3o e o servi\u00e7o prestado cheguem ao cidad\u00e3o com o rigor t\u00e9cnico, a qualidade e a seguran\u00e7a que a dignidade do evento e da popula\u00e7\u00e3o exigem.<\/p>\n<ol start=\"3\">\n<li><b><\/b><strong><b>DESCRI\u00c7\u00c3O DA SOLU\u00c7\u00c3O COMO UM TODO CONSIDERADO O CICLO DE VIDA DO OBJETO E ESPECIFICA\u00c7\u00c3O DO PRODUTO<\/b><\/strong><\/li>\n<\/ol>\n<p>A solu\u00e7\u00e3o compreende a presta\u00e7\u00e3o de servi\u00e7os integrados de log\u00edstica e opera\u00e7\u00e3o esportiva, estruturada para atuar desde o planejamento operacional at\u00e9 a execu\u00e7\u00e3o e entrega de resultados. A contratada dever\u00e1 fornecer uma estrutura t\u00e9cnica especializada, composta por profissionais qualificados e insumos de alta qualidade, para operacionalizar a corrida de rua em conformidade com os padr\u00f5es de seguran\u00e7a e desempenho exigidos. A solu\u00e7\u00e3o abrange a coordena\u00e7\u00e3o do fluxo de atletas, a gest\u00e3o dos pontos de hidrata\u00e7\u00e3o, a entrega de kits de alimenta\u00e7\u00e3o e a log\u00edstica de premia\u00e7\u00e3o. O foco central \u00e9 transformar a diretriz administrativa em um evento acess\u00edvel e seguro, garantindo que a experi\u00eancia do cidad\u00e3o seja fidedigna aos valores de sa\u00fade e bem-estar promovidos pela Prefeitura, eliminando riscos operacionais atrav\u00e9s de uma execu\u00e7\u00e3o profissional.<\/p>\n<p><strong><b>3.1. Ciclo de Vida do Objeto<\/b><\/strong><\/p>\n<p>O ciclo de vida desta contrata\u00e7\u00e3o \u00e9 din\u00e2mico e retroalimentado, iniciando-se na fase de\u00a0<strong><b>Planejamento e Pauta<\/b><\/strong>, onde as especificidades do percurso de 6km e a log\u00edstica de entrega de lanches s\u00e3o detalhadas em conjunto com a Secretaria respons\u00e1vel. Em seguida, entra-se na fase de\u00a0<strong><b>Produ\u00e7\u00e3o e Execu\u00e7\u00e3o<\/b><\/strong>, momento em que ocorrem a aquisi\u00e7\u00e3o e personaliza\u00e7\u00e3o das 130\u00a0medalhas, a mobiliza\u00e7\u00e3o dos insumos de hidrata\u00e7\u00e3o e a montagem das esta\u00e7\u00f5es de servi\u00e7o no dia 27 de fevereiro de 2026. Ap\u00f3s a execu\u00e7\u00e3o da prova, ocorre a fase de\u00a0<strong><b>Curadoria e Entrega<\/b><\/strong>, onde o material de premia\u00e7\u00e3o e alimenta\u00e7\u00e3o \u00e9 distribu\u00eddo e o fluxo de atletas \u00e9 gerenciado. A etapa seguinte \u00e9 a de\u00a0<strong><b>Finaliza\u00e7\u00e3o e Avalia\u00e7\u00e3o<\/b><\/strong>, garantindo que todos os participantes tenham recebido o suporte contratado. Por fim, o ciclo se encerra com o\u00a0<strong><b>Monitoramento e Relat\u00f3rio Final<\/b><\/strong>, onde os resultados da prova e a confirma\u00e7\u00e3o de entrega dos kits s\u00e3o documentados em acervo digital, assegurando que o hist\u00f3rico esportivo e social do munic\u00edpio de Vila Flor seja preservado para futuras edi\u00e7\u00f5es, evitando a perda de dados sobre a participa\u00e7\u00e3o comunit\u00e1ria e o sucesso da pol\u00edtica p\u00fablica implementada.<\/p>\n<p><strong><b>3.2. Especifica\u00e7\u00e3o do Produto<\/b><\/strong><\/p>\n<p>O produto final desta contrata\u00e7\u00e3o \u00e9 constitu\u00eddo por um conjunto de entreg\u00e1veis tang\u00edveis e intang\u00edveis de alta qualidade t\u00e9cnica. Isso inclui:<\/p>\n<p><strong><b>Medalhas de Premia\u00e7\u00e3o:<\/b><\/strong>\u00a0Entrega de 130\u00a0medalhas em metal ou material resistente, com acabamento de alta qualidade e fitas personalizadas, seguindo rigorosamente o manual de identidade visual do evento;<\/p>\n<p><strong><b>Kit de Hidrata\u00e7\u00e3o:<\/b><\/strong>\u00a0Fornecimento de \u00e1gua mineral em embalagens individuais, garantindo a temperatura adequada e a disponibilidade constante nos pontos de percurso e chegada;<\/p>\n<p><strong><b>Kit de Alimenta\u00e7\u00e3o P\u00f3s-Prova:<\/b><\/strong>\u00a0Fornecimento de lanches (frutas e barras de cereal) devidamente higienizados e embalados, prontos para consumo imediato, respeitando padr\u00f5es de seguran\u00e7a alimentar;<\/p>\n<p><strong><b>Coordena\u00e7\u00e3o Operacional:<\/b><\/strong>\u00a0Presta\u00e7\u00e3o de servi\u00e7o t\u00e9cnico de campo para orienta\u00e7\u00e3o dos corredores e suporte na entrega dos ativos da prova.<\/p>\n<p>Cada produto e servi\u00e7o deve obrigatoriamente seguir padr\u00f5es de qualidade, est\u00e9tica institucional e efici\u00eancia operacional, garantindo que a Prefeitura receba n\u00e3o apenas a presta\u00e7\u00e3o do servi\u00e7o isolado, mas uma solu\u00e7\u00e3o de evento pronta para uso imediato e eficiente.<\/p>\n<ol start=\"4\">\n<li><b><\/b><strong><b>REQUISITOS DA CONTRATA\u00c7\u00c3O<\/b><\/strong><\/li>\n<\/ol>\n<p>Para a perfeita execu\u00e7\u00e3o do objeto, considerando as diretrizes da Lei n\u00ba 14.133\/2021 e o padr\u00e3o operacional da Prefeitura Municipal de Vila Flor\/RN, a contratada deve atender aos seguintes requisitos de mobiliza\u00e7\u00e3o, conduta e entrega:<\/p>\n<p><strong><b>4.1.\u00a0<\/b><\/strong><strong><b>REQUISITOS DE EXECU\u00c7\u00c3O E MOBILIZA\u00c7\u00c3O<\/b><\/strong><\/p>\n<p><strong><b>Disponibilidade e Prontid\u00e3o:<\/b><\/strong>\u00a0A contratada deve garantir a disponibilidade de profissionais e equipamentos necess\u00e1rios no local do evento (Vila Flor\/RN) para a capta\u00e7\u00e3o e execu\u00e7\u00e3o presencial das atividades.<\/p>\n<p><strong><b>Cumprimento de Prazos e Resposta Imediata:<\/b><\/strong>\u00a0\u00c9 indispens\u00e1vel a capacidade de resposta imediata para demandas urgentes e gest\u00e3o de crises, mantendo canais de comunica\u00e7\u00e3o em tempo real (como aplicativos de mensagens) para situa\u00e7\u00f5es que exijam utilidade p\u00fablica imediata.<\/p>\n<p><strong><b>Fluxo de Comunica\u00e7\u00e3o:<\/b><\/strong>\u00a0Deve ser designado um gestor para interlocu\u00e7\u00e3o direta com o setor respons\u00e1vel da Prefeitura, assegurando que todas as a\u00e7\u00f5es sigam um cronograma rigoroso e submetam-se \u00e0 aprova\u00e7\u00e3o pr\u00e9via do Munic\u00edpio.<\/p>\n<p><strong><b>Padr\u00f5es de Qualidade e Acessibilidade:<\/b><\/strong>\u00a0Os produtos entregues (medalhas, kits e suporte operacional) devem seguir obrigatoriamente padr\u00f5es de est\u00e9tica institucional, corre\u00e7\u00e3o e acessibilidade.<\/p>\n<p><strong><b>Sigilo e Propriedade Intelectual:<\/b><\/strong>\u00a0A empresa deve firmar termo de compromisso quanto ao tratamento de dados (LGPD) e aceitar a cl\u00e1usula de que todos os produtos gerados s\u00e3o de propriedade exclusiva do Munic\u00edpio de Vila Flor\/RN.<\/p>\n<p><strong><b>4.2.\u00a0<\/b><\/strong><strong><b>REQUISITOS DE CAPACIDADE T\u00c9CNICA E OPERACIONAL<\/b><\/strong><\/p>\n<p><strong><b>Comprova\u00e7\u00e3o de Experi\u00eancia:<\/b><\/strong>\u00a0Apresenta\u00e7\u00e3o de Atestados de Capacidade T\u00e9cnica que comprovem que a empresa j\u00e1 executou servi\u00e7os similares em complexidade e volume.<\/p>\n<p><strong><b>Equipe Qualificada:<\/b><\/strong>\u00a0Exig\u00eancia de profissionais com portf\u00f3lio comprovado ou registro nos respectivos conselhos de classe para as \u00e1reas t\u00e9cnicas envolvidas.<\/p>\n<p><strong><b>Infraestrutura Tecnol\u00f3gica:<\/b><\/strong>\u00a0A contratada deve possuir ou disponibilizar todos os equipamentos de suporte necess\u00e1rios para a operacionaliza\u00e7\u00e3o, garantindo que a estrutura de p\u00f3s-produ\u00e7\u00e3o e relat\u00f3rios cumpra os prazos estipulados.<\/p>\n<p><strong><b>4.3.\u00a0<\/b><\/strong><strong><b>REQUISITOS DE FINALIZA\u00c7\u00c3O E REGULARIDADE<\/b><\/strong><\/p>\n<p><strong><b>Entrega de Acervo e Relat\u00f3rios:<\/b><\/strong>\u00a0Todo o material produzido e os registros da execu\u00e7\u00e3o devem ser organizados em um acervo digital devidamente catalogado e entregue \u00e0 administra\u00e7\u00e3o para garantir a mem\u00f3ria administrativa.<\/p>\n<p><strong><b>Manuten\u00e7\u00e3o da Habilita\u00e7\u00e3o:<\/b><\/strong>\u00a0Durante toda a execu\u00e7\u00e3o e para fins de pagamento, a empresa deve manter a regularidade fiscal, trabalhista e previdenci\u00e1ria, comprovada via consulta aos sistemas oficiais ou documenta\u00e7\u00e3o equivalente.<\/p>\n<p><strong><b>4.<\/b><\/strong><strong><b>4<\/b><\/strong><strong><b>. SUBCONTRATA\u00c7\u00c3O<\/b><\/strong><\/p>\n<p>N\u00e3o \u00e9 admitida a subcontrata\u00e7\u00e3o do objeto contratual.<\/p>\n<p><strong><b>4.<\/b><\/strong><strong><b>5<\/b><\/strong><strong><b>. GARANTIA DA CONTRATA\u00c7\u00c3O<\/b><\/strong><\/p>\n<p>N\u00e3o haver\u00e1 exig\u00eancia da garantia da contrata\u00e7\u00e3o dos\u00a0<a href=\"https:\/\/diariooficial.vilaflor.rn.gov.br\/aviso-de-dispensa-de-licitacao-n-007-2026-fundamentacao-legal-art-75-inciso-ii-e-%c2%a7-1o-a-4o-da-lei-federal-no-14-133-2021-instrucao-normativa-semge-no-05-2021\/#art96\"><u>artigos 96 e seguintes da Lei n\u00ba 14.133, de 2021<\/u><\/a>, pelas raz\u00f5es constantes do Estudo T\u00e9cnico Preliminar.<\/p>\n<ol start=\"5\">\n<li><b><\/b><strong><b>MODELO DE EXECU\u00c7\u00c3O DO OBJETO<\/b><\/strong><\/li>\n<\/ol>\n<p><strong><b>5.1. Condi\u00e7\u00f5es de Presta\u00e7\u00e3o de Servi\u00e7os<\/b><\/strong><\/p>\n<p>A execu\u00e7\u00e3o do objeto dar-se-\u00e1 de forma pontual e coordenada, devendo a contratada observar os seguintes prazos e condi\u00e7\u00f5es:<\/p>\n<p><strong><b>Prazo de In\u00edcio:<\/b><\/strong>\u00a0A presta\u00e7\u00e3o dos servi\u00e7os preparat\u00f3rios deve iniciar em at\u00e9 02 (dois) dias ap\u00f3s a emiss\u00e3o da Ordem de Servi\u00e7o.<\/p>\n<p><strong><b>Comunica\u00e7\u00e3o de Impedimentos:<\/b><\/strong>\u00a0Caso ocorra impossibilidade de execu\u00e7\u00e3o na data aprazada, a contratada dever\u00e1 comunicar formalmente com anteced\u00eancia m\u00ednima de 02 (dois) dias, ressalvados casos fortuitos ou de for\u00e7a maior.<\/p>\n<p><strong><b>Disponibilidade em Eventos:<\/b><\/strong>\u00a0A contratada dever\u00e1 manter equipe t\u00e9cnica em regime de prontid\u00e3o para a execu\u00e7\u00e3o no dia 27 de fevereiro de 2026, inclusive em hor\u00e1rios que transcendam o expediente administrativo, visando suprir as necessidades do evento.<\/p>\n<p><strong><b>5.2. Fluxo Operacional e Rotina de Trabalho<\/b><\/strong><\/p>\n<p>A execu\u00e7\u00e3o ser\u00e1 dividida em etapas l\u00f3gicas para garantir a seguran\u00e7a dos 130\u00a0participantes:<\/p>\n<p><strong><b>Planejamento:<\/b><\/strong>\u00a0Reuni\u00e3o inicial para alinhamento das metas de entrega e defini\u00e7\u00e3o dos pontos de hidrata\u00e7\u00e3o no percurso de 6km.<\/p>\n<p><strong><b>Mobiliza\u00e7\u00e3o de Insumos:<\/b><\/strong>\u00a0Aquisi\u00e7\u00e3o e personaliza\u00e7\u00e3o das 130\u00a0medalhas, al\u00e9m da log\u00edstica de estocagem de \u00e1gua mineral e lanches.<\/p>\n<p><strong><b>Execu\u00e7\u00e3o de Campo:<\/b><\/strong>\u00a0No dia do evento, a empresa dever\u00e1 realizar o deslocamento de equipes para cobertura operacional do percurso, entrega de medalhas e suporte na hidrata\u00e7\u00e3o.<\/p>\n<p><strong><b>Interlocu\u00e7\u00e3o:<\/b><\/strong>\u00a0A empresa designar\u00e1 um gestor para comunica\u00e7\u00e3o direta em tempo real (via aplicativos de mensagens) com a fiscaliza\u00e7\u00e3o do munic\u00edpio para gerenciamento de intercorr\u00eancias.<\/p>\n<p><strong><b>5.3. Entrega e Armazenamento<\/b><\/strong><\/p>\n<p>A conclus\u00e3o da presta\u00e7\u00e3o do servi\u00e7o est\u00e1 vinculada \u00e0 entrega dos seguintes ativos:<\/p>\n<p><strong><b>Relat\u00f3rio de Atividades:<\/b><\/strong>\u00a0Documento detalhando a execu\u00e7\u00e3o do evento, quantitativo de medalhas entregues e insumos distribu\u00eddos.<\/p>\n<p><strong><b>Acervo Digital:<\/b><\/strong>\u00a0Entrega de registros fotogr\u00e1ficos ou filmagens da execu\u00e7\u00e3o (caso solicitado pela comunica\u00e7\u00e3o) em links de armazenamento em nuvem.<\/p>\n<p><strong><b>Formatos:<\/b><\/strong>\u00a0Os arquivos de relat\u00f3rio e presta\u00e7\u00e3o de contas devem ser entregues em formatos abertos e fechados (edit\u00e1veis e PDFs).<\/p>\n<p><strong><b>5.4. Supervis\u00e3o e Crit\u00e9rios de Qualidade<\/b><\/strong><\/p>\n<p>A execu\u00e7\u00e3o ser\u00e1 fiscalizada pela Secretaria respons\u00e1vel, que avaliar\u00e1:<\/p>\n<p>A qualidade est\u00e9tica e resist\u00eancia das medalhas fornecidas.<\/p>\n<p>A integridade e higiene dos kits de alimenta\u00e7\u00e3o (lanches) e \u00e1gua mineral.<\/p>\n<p>O cumprimento rigoroso dos hor\u00e1rios estabelecidos para largada e premia\u00e7\u00e3o.<\/p>\n<p><strong><b>Corre\u00e7\u00f5es:<\/b><\/strong>\u00a0Eventuais produtos ou servi\u00e7os que n\u00e3o atendam aos requisitos de qualidade dever\u00e3o ser corrigidos ou substitu\u00eddos sem custos adicionais \u00e0 administra\u00e7\u00e3o.<\/p>\n<ol start=\"6\">\n<li><b><\/b><strong><b>MODELO DE GEST\u00c3O DO CONTRATO<\/b><\/strong><\/li>\n<\/ol>\n<p>O contrato dever\u00e1 ser executado fielmente pelas partes, de acordo com as cl\u00e1usulas aven\u00e7adas e as normas da Lei n\u00ba 14.133, de 2021, e cada parte responder\u00e1 pelas consequ\u00eancias de sua inexecu\u00e7\u00e3o total ou parcial.<\/p>\n<p>Em caso de impedimento, ordem de paralisa\u00e7\u00e3o ou suspens\u00e3o do contrato, o cronograma de execu\u00e7\u00e3o ser\u00e1 prorrogado automaticamente pelo tempo correspondente, anotadas tais circunst\u00e2ncias mediante simples apostila.<\/p>\n<p>As comunica\u00e7\u00f5es entre o \u00f3rg\u00e3o ou entidade e a contratada devem ser realizadas por escrito sempre que o ato exigir tal formalidade, admitindo-se o uso de mensagem eletr\u00f4nica para esse fim.<\/p>\n<p>O \u00f3rg\u00e3o ou entidade poder\u00e1 convocar representante da empresa para ado\u00e7\u00e3o de provid\u00eancias que devam ser cumpridas de imediato.<\/p>\n<p>Ap\u00f3s a assinatura do contrato ou instrumento equivalente,\u00a0o \u00f3rg\u00e3o ou entidade poder\u00e1 convocar o representante da empresa contratada para reuni\u00e3o inicial para apresenta\u00e7\u00e3o do plano de fiscaliza\u00e7\u00e3o, que conter\u00e1 informa\u00e7\u00f5es acerca das obriga\u00e7\u00f5es contratuais, dos mecanismos de fiscaliza\u00e7\u00e3o, das estrat\u00e9gias para execu\u00e7\u00e3o do objeto, do plano complementar de execu\u00e7\u00e3o da contratada, quando houver, do m\u00e9todo de aferi\u00e7\u00e3o dos resultados e das san\u00e7\u00f5es aplic\u00e1veis, dentre outros.<\/p>\n<p><strong><b>6.1 Fiscaliza\u00e7\u00e3o<\/b><\/strong><\/p>\n<p>A execu\u00e7\u00e3o do contrato dever\u00e1 ser acompanhada e fiscalizada pelo(s) fiscal(is) do contrato, ou pelos respectivos substitutos (<a href=\"https:\/\/diariooficial.vilaflor.rn.gov.br\/aviso-de-dispensa-de-licitacao-n-007-2026-fundamentacao-legal-art-75-inciso-ii-e-%c2%a7-1o-a-4o-da-lei-federal-no-14-133-2021-instrucao-normativa-semge-no-05-2021\/#art117\"><u>Lei n\u00ba 14.133, de 2021, art. 117, caput<\/u><\/a>).<\/p>\n<ul>\n<li><b><\/b><strong><b>Fiscal do Contrato<\/b><\/strong><\/li>\n<\/ul>\n<p>O fiscal do contrato acompanhar\u00e1 a execu\u00e7\u00e3o do contrato, para que sejam cumpridas todas as condi\u00e7\u00f5es estabelecidas no contrato, de modo a assegurar os melhores resultados para a Administra\u00e7\u00e3o ou comunica\u00e7\u00e3o. (Decreto n\u00ba 11.246, de 2022, art. 22, VI);<\/p>\n<p>O fiscal do contrato do contrato anotar\u00e1 no hist\u00f3rico de gerenciamento do contrato todas as ocorr\u00eancias relacionadas \u00e0 execu\u00e7\u00e3o do contrato, com a descri\u00e7\u00e3o do que for necess\u00e1rio para a regulariza\u00e7\u00e3o das faltas ou dos defeitos observados. (<a href=\"https:\/\/diariooficial.vilaflor.rn.gov.br\/aviso-de-dispensa-de-licitacao-n-007-2026-fundamentacao-legal-art-75-inciso-ii-e-%c2%a7-1o-a-4o-da-lei-federal-no-14-133-2021-instrucao-normativa-semge-no-05-2021\/#art117%C2%A71\"><u>Lei n\u00ba 14.133, de 2021, art. 117, \u00a71\u00ba<\/u><\/a>, e\u00a0<a href=\"https:\/\/diariooficial.vilaflor.rn.gov.br\/aviso-de-dispensa-de-licitacao-n-007-2026-fundamentacao-legal-art-75-inciso-ii-e-%c2%a7-1o-a-4o-da-lei-federal-no-14-133-2021-instrucao-normativa-semge-no-05-2021\/#art22\"><u>Decreto n\u00ba 11.246, de 2022, art. 22, II);<\/u><\/a><\/p>\n<p>Identificada qualquer inexatid\u00e3o ou irregularidade, o fiscal do contrato do contrato emitir\u00e1 notifica\u00e7\u00f5es para a corre\u00e7\u00e3o da execu\u00e7\u00e3o do contrato, determinando prazo para a corre\u00e7\u00e3o. (<a href=\"https:\/\/diariooficial.vilaflor.rn.gov.br\/aviso-de-dispensa-de-licitacao-n-007-2026-fundamentacao-legal-art-75-inciso-ii-e-%c2%a7-1o-a-4o-da-lei-federal-no-14-133-2021-instrucao-normativa-semge-no-05-2021\/#art22\"><u>Decreto n\u00ba 11.246, de 2022, art. 22, III<\/u><\/a>);<\/p>\n<p>O fiscal do contrato do contrato informar\u00e1 ao gestor do contato, em tempo h\u00e1bil, a situa\u00e7\u00e3o que demandar decis\u00e3o ou ado\u00e7\u00e3o de medidas que ultrapassem sua compet\u00eancia, para que adote as medidas necess\u00e1rias e saneadoras, se for o caso. (<a href=\"https:\/\/diariooficial.vilaflor.rn.gov.br\/aviso-de-dispensa-de-licitacao-n-007-2026-fundamentacao-legal-art-75-inciso-ii-e-%c2%a7-1o-a-4o-da-lei-federal-no-14-133-2021-instrucao-normativa-semge-no-05-2021\/#art22\"><u>Decreto n\u00ba 11.246, de 2022, art. 22, IV<\/u><\/a>).<\/p>\n<p>No caso de ocorr\u00eancias que possam inviabilizar a execu\u00e7\u00e3o do contrato nas datas aprazadas, o fiscal do contrato do contrato comunicar\u00e1 o fato imediatamente ao fiscal do contrato. (<a href=\"https:\/\/diariooficial.vilaflor.rn.gov.br\/aviso-de-dispensa-de-licitacao-n-007-2026-fundamentacao-legal-art-75-inciso-ii-e-%c2%a7-1o-a-4o-da-lei-federal-no-14-133-2021-instrucao-normativa-semge-no-05-2021\/#art22\"><u>Decreto n\u00ba 11.246, de 2022, art. 22, V<\/u><\/a>).<\/p>\n<p>O fiscal do contrato do contrato comunicar\u00e1 ao fiscal do contrato, em tempo h\u00e1bil, o t\u00e9rmino do contrato sob sua responsabilidade, com vistas \u00e0 renova\u00e7\u00e3o tempestiva ou \u00e0 prorroga\u00e7\u00e3o contratual\u00a0<a href=\"https:\/\/diariooficial.vilaflor.rn.gov.br\/aviso-de-dispensa-de-licitacao-n-007-2026-fundamentacao-legal-art-75-inciso-ii-e-%c2%a7-1o-a-4o-da-lei-federal-no-14-133-2021-instrucao-normativa-semge-no-05-2021\/#art22\"><u>(Decreto n\u00ba 11.246, de 2022, art. 22, VII<\/u><\/a>).<\/p>\n<p><strong><b>6.3. Fiscaliza\u00e7\u00e3o Administrativa<\/b><\/strong><\/p>\n<p>O fiscal administrativo do contrato verificar\u00e1 a manuten\u00e7\u00e3o das condi\u00e7\u00f5es de habilita\u00e7\u00e3o da contratada, acompanhar\u00e1 o empenho, o pagamento, as garantias, as glosas e a formaliza\u00e7\u00e3o de apostilamento e termos aditivos, solicitando quaisquer documentos comprobat\u00f3rios pertinentes, caso necess\u00e1rio (<a href=\"https:\/\/diariooficial.vilaflor.rn.gov.br\/aviso-de-dispensa-de-licitacao-n-007-2026-fundamentacao-legal-art-75-inciso-ii-e-%c2%a7-1o-a-4o-da-lei-federal-no-14-133-2021-instrucao-normativa-semge-no-05-2021\/#art23\"><u>Art. 23, I e II, do Decreto n\u00ba 11.246, de 2022<\/u><\/a>).<\/p>\n<p>Caso ocorra descumprimento das obriga\u00e7\u00f5es contratuais, o fiscal administrativo do contrato atuar\u00e1 tempestivamente na solu\u00e7\u00e3o do problema, reportando ao fiscal do contrato para que tome as provid\u00eancias cab\u00edveis, quando ultrapassar a sua compet\u00eancia; (<a href=\"https:\/\/diariooficial.vilaflor.rn.gov.br\/aviso-de-dispensa-de-licitacao-n-007-2026-fundamentacao-legal-art-75-inciso-ii-e-%c2%a7-1o-a-4o-da-lei-federal-no-14-133-2021-instrucao-normativa-semge-no-05-2021\/#art23\"><u>Decreto n\u00ba 11.246, de 2022, art. 23, IV<\/u><\/a>).<\/p>\n<p>O fiscal do contrato coordenar\u00e1 a atualiza\u00e7\u00e3o do processo de acompanhamento e fiscaliza\u00e7\u00e3o do contrato contendo todos os registros formais da execu\u00e7\u00e3o no hist\u00f3rico de gerenciamento do contrato, a exemplo da ordem de servi\u00e7o, do registro de ocorr\u00eancias, das altera\u00e7\u00f5es e das prorroga\u00e7\u00f5es contratuais, elaborando relat\u00f3rio com vistas \u00e0 verifica\u00e7\u00e3o da necessidade de adequa\u00e7\u00f5es do contrato para fins de atendimento da finalidade da Administra\u00e7\u00e3o ou comunica\u00e7\u00e3o. (Decreto n\u00ba 11.246, de 2022, art. 21, IV).<\/p>\n<p>O fiscal do contrato acompanhar\u00e1 os registros realizados pelos fiscais do contrato, de todas as ocorr\u00eancias relacionadas \u00e0 execu\u00e7\u00e3o do contrato e as medidas adotadas, informando, se for o caso, \u00e0 autoridade superior \u00e0quelas que ultrapassarem a sua compet\u00eancia. (Decreto n\u00ba 11.246, de 2022, art. 21, II).<\/p>\n<p>O fiscal do contrato acompanhar\u00e1 a manuten\u00e7\u00e3o das condi\u00e7\u00f5es de habilita\u00e7\u00e3o da contratada, para fins de empenho de despesa e pagamento, e anotar\u00e1 os problemas que obstem o fluxo normal da liquida\u00e7\u00e3o e do pagamento da despesa no relat\u00f3rio de riscos eventuais. (Decreto n\u00ba 11.246, de 2022, art. 21, III).<\/p>\n<p>O fiscal do contrato emitir\u00e1 documento comprobat\u00f3rio da avalia\u00e7\u00e3o realizada pelos fiscais t\u00e9cnico, administrativo e setorial quanto ao cumprimento de obriga\u00e7\u00f5es assumidas pelo contratado, com men\u00e7\u00e3o ao seu desempenho na execu\u00e7\u00e3o contratual, baseado nos indicadores objetivamente definidos e aferidos, e a eventuais penalidades aplicadas, devendo constar do cadastro de atesto de cumprimento de obriga\u00e7\u00f5es. (Decreto n\u00ba 11.246, de 2022, art. 21, VIII).<\/p>\n<p>O fiscal do contrato tomar\u00e1 provid\u00eancias para a formaliza\u00e7\u00e3o de processo administrativo de responsabiliza\u00e7\u00e3o para fins de aplica\u00e7\u00e3o de san\u00e7\u00f5es, a ser conduzido pela comiss\u00e3o de que trata o art. 158 da Lei n\u00ba 14.133, de 2021, ou pelo agente ou pelo setor com compet\u00eancia para tal, conforme o caso. (Decreto n\u00ba 11.246, de 2022, art. 21, X).<\/p>\n<p>O fiscal do contrato dever\u00e1 elaborar relat\u00f3rio final com informa\u00e7\u00f5es sobre a consecu\u00e7\u00e3o dos objetivos que tenham justificado a contrata\u00e7\u00e3o e eventuais condutas a serem adotadas para o aprimoramento das atividades da Administra\u00e7\u00e3o ou comunica\u00e7\u00e3o. (Decreto n\u00ba 11.246, de 2022, art. 21, VI).<\/p>\n<p>O fiscal do contrato dever\u00e1 enviar a documenta\u00e7\u00e3o pertinente ao setor de contratos para a formaliza\u00e7\u00e3o dos procedimentos de liquida\u00e7\u00e3o e pagamento, no valor dimensionado pela fiscaliza\u00e7\u00e3o e gest\u00e3o nos termos do contrato.<\/p>\n<ol start=\"7\">\n<li><b><\/b><strong><b>CRIT\u00c9RIOS DE COMPROVA\u00c7\u00c3O DE PRESTA\u00c7\u00c3O DE SERVI\u00c7OS E DE PAGAMENTO<\/b><\/strong><\/li>\n<li><b><\/b><strong><b>Recebimento<\/b><\/strong><\/li>\n<\/ol>\n<p>Os servi\u00e7os ser\u00e3o recebidos provisoriamente, no ato da entrega, juntamente com a nota\u00a0fiscal ou instrumento de cobran\u00e7a equivalente, pelo(a) respons\u00e1vel pelo acompanhamento e fiscaliza\u00e7\u00e3o do contrato, para efeito de posterior verifica\u00e7\u00e3o de sua conformidade com as especifica\u00e7\u00f5es constantes no Termo de Refer\u00eancia e na proposta.<\/p>\n<p>Os servi\u00e7os poder\u00e3o ser rejeitados, no todo ou em parte, inclusive antes do recebimento provis\u00f3rio, quando em desacordo com as especifica\u00e7\u00f5es constantes no Termo de Refer\u00eancia e na proposta, devendo ser substitu\u00eddos no prazo de 24 (vinte e quatro) horas, a contar da notifica\u00e7\u00e3o da contratada, \u00e0s suas custas, sem preju\u00edzo da aplica\u00e7\u00e3o das penalidades.<\/p>\n<p>O recebimento definitivo ocorrer\u00e1 no prazo de 20 dias \u00fateis, a contar do recebimento da nota fiscal ou instrumento de cobran\u00e7a equivalente pela Administra\u00e7\u00e3o ou comunica\u00e7\u00e3o, ap\u00f3s a verifica\u00e7\u00e3o da qualidade e quantidade do material e consequente aceita\u00e7\u00e3o mediante termo detalhado.<\/p>\n<p>O prazo para recebimento definitivo poder\u00e1 ser excepcionalmente prorrogado, de forma justificada, por igual per\u00edodo, quando houver necessidade de dilig\u00eancias para a aferi\u00e7\u00e3o do atendimento das exig\u00eancias contratuais.<\/p>\n<p>No caso de controv\u00e9rsia sobre a execu\u00e7\u00e3o do objeto, quanto \u00e0 dimens\u00e3o, qualidade e quantidade, dever\u00e1 ser observado o teor do\u00a0<a href=\"https:\/\/diariooficial.vilaflor.rn.gov.br\/aviso-de-dispensa-de-licitacao-n-007-2026-fundamentacao-legal-art-75-inciso-ii-e-%c2%a7-1o-a-4o-da-lei-federal-no-14-133-2021-instrucao-normativa-semge-no-05-2021\/#art143\"><u>art. 143 da Lei n\u00ba 14.133, de 2021<\/u><\/a>, comunicando-se \u00e0 empresa para emiss\u00e3o de Nota Fiscal no que pertine \u00e0 parcela incontroversa da execu\u00e7\u00e3o do objeto, para efeito de liquida\u00e7\u00e3o e pagamento.<\/p>\n<p>O prazo para a solu\u00e7\u00e3o, pelo contratado, de inconsist\u00eancias na execu\u00e7\u00e3o do objeto ou de saneamento da nota fiscal ou de instrumento de cobran\u00e7a equivalente, verificadas pela Administra\u00e7\u00e3o ou comunica\u00e7\u00e3o durante a an\u00e1lise pr\u00e9via \u00e0 liquida\u00e7\u00e3o de despesa, n\u00e3o ser\u00e1 computado para os fins do recebimento definitivo.<\/p>\n<p>O recebimento provis\u00f3rio ou definitivo n\u00e3o excluir\u00e1 a responsabilidade civil pela solidez e pela seguran\u00e7a dos servi\u00e7os nem a responsabilidade \u00e9tico-profissional pela perfeita execu\u00e7\u00e3o do contrato.<\/p>\n<ol start=\"9\">\n<li><b><\/b><strong><b>Liquida\u00e7\u00e3o<\/b><\/strong><\/li>\n<\/ol>\n<p>Recebida a Nota Fiscal ou documento de cobran\u00e7a equivalente, correr\u00e1 o prazo de dez dias \u00fateis para fins de liquida\u00e7\u00e3o, na forma desta se\u00e7\u00e3o, prorrog\u00e1veis por igual per\u00edodo, nos termos do art. 7\u00ba, \u00a73<u>\u00ba da Instru\u00e7\u00e3o Normativa SEGES\/ME n\u00ba 77\/2022<\/u>.<\/p>\n<p>O prazo de que trata o item anterior ser\u00e1 reduzido \u00e0 metade, mantendo-se a possibilidade de prorroga\u00e7\u00e3o, no caso de contrata\u00e7\u00f5es decorrentes de despesas cujos valores n\u00e3o ultrapassem o limite de que trata o\u00a0<a href=\"https:\/\/diariooficial.vilaflor.rn.gov.br\/aviso-de-dispensa-de-licitacao-n-007-2026-fundamentacao-legal-art-75-inciso-ii-e-%c2%a7-1o-a-4o-da-lei-federal-no-14-133-2021-instrucao-normativa-semge-no-05-2021\/#art75\"><u>inciso II do art. 75 da Lei n\u00ba 14.133, de 2021<\/u><\/a>.<\/p>\n<p>Para fins de liquida\u00e7\u00e3o, o setor competente dever\u00e1 verificar se a nota fiscal ou instrumento de cobran\u00e7a equivalente apresentado expressa os elementos necess\u00e1rios e essenciais do documento, tais como:<\/p>\n<p>o prazo de validade;<\/p>\n<p>a data da emiss\u00e3o;<\/p>\n<p>os dados do contrato e do \u00f3rg\u00e3o contratante;<\/p>\n<p>o per\u00edodo respectivo de execu\u00e7\u00e3o do contrato;<\/p>\n<p>o valor a pagar; e<\/p>\n<p>eventual destaque do valor de reten\u00e7\u00f5es tribut\u00e1rias cab\u00edveis.<\/p>\n<p>Havendo erro na apresenta\u00e7\u00e3o da nota fiscal ou instrumento de cobran\u00e7a equivalente, ou circunst\u00e2ncia que impe\u00e7a a liquida\u00e7\u00e3o da despesa, esta ficar\u00e1 sobrestada at\u00e9 que o contratado providencie as medidas saneadoras, reiniciando-se o prazo ap\u00f3s a comprova\u00e7\u00e3o da regulariza\u00e7\u00e3o da situa\u00e7\u00e3o, sem \u00f4nus ao contratante;<\/p>\n<p>A nota fiscal ou instrumento de cobran\u00e7a equivalente dever\u00e1 ser obrigatoriamente acompanhado da comprova\u00e7\u00e3o da regularidade fiscal, constatada por meio de consulta on-line ao SICAF ou, na impossibilidade de acesso ao referido Sistema, mediante consulta aos s\u00edtios eletr\u00f4nicos oficiais ou \u00e0 documenta\u00e7\u00e3o mencionada no\u00a0<a href=\"https:\/\/diariooficial.vilaflor.rn.gov.br\/aviso-de-dispensa-de-licitacao-n-007-2026-fundamentacao-legal-art-75-inciso-ii-e-%c2%a7-1o-a-4o-da-lei-federal-no-14-133-2021-instrucao-normativa-semge-no-05-2021\/#art68\"><u>art. 68 da Lei n\u00ba 14.133, de 2021. \u00a0<\/u><\/a><\/p>\n<p>A Administra\u00e7\u00e3o ou comunica\u00e7\u00e3o dever\u00e1 realizar consulta ao SICAF para: a) verificar a manuten\u00e7\u00e3o das condi\u00e7\u00f5es de habilita\u00e7\u00e3o exigidas no edital; b) identificar poss\u00edvel raz\u00e3o que impe\u00e7a a participa\u00e7\u00e3o em licita\u00e7\u00e3o, no \u00e2mbito do \u00f3rg\u00e3o ou entidade, proibi\u00e7\u00e3o de contratar com o Poder P\u00fablico, bem como ocorr\u00eancias impeditivas indiretas (INSTRU\u00c7\u00c3O NORMATIVA N\u00ba 3, DE 26 DE ABRIL DE 2018).<\/p>\n<p>Constatando-se, junto ao SICAF, a situa\u00e7\u00e3o de irregularidade do contratado, ser\u00e1 providenciada sua notifica\u00e7\u00e3o, por escrito, para que, no prazo de 5 (cinco) dias \u00fateis, regularize sua situa\u00e7\u00e3o ou, no mesmo prazo, apresente sua defesa. O prazo poder\u00e1 ser prorrogado uma vez, por igual per\u00edodo, a crit\u00e9rio do contratante.<\/p>\n<p>N\u00e3o havendo regulariza\u00e7\u00e3o ou sendo a defesa considerada improcedente, o contratante dever\u00e1 comunicar aos \u00f3rg\u00e3os respons\u00e1veis pela fiscaliza\u00e7\u00e3o da regularidade fiscal quanto \u00e0 inadimpl\u00eancia do contratado, bem como quanto \u00e0 exist\u00eancia de pagamento a ser efetuado, para que sejam acionados os meios pertinentes e necess\u00e1rios para garantir o recebimento de seus cr\u00e9ditos.<\/p>\n<p>Persistindo a irregularidade, o contratante dever\u00e1 adotar as medidas necess\u00e1rias \u00e0 rescis\u00e3o contratual nos autos do processo administrativo correspondente, assegurada ao contratado a ampla defesa.<\/p>\n<p>Havendo a efetiva execu\u00e7\u00e3o do objeto, os pagamentos ser\u00e3o realizados normalmente, at\u00e9 que se decida pela rescis\u00e3o do contrato, caso o contratado n\u00e3o regularize sua situa\u00e7\u00e3o junto ao SICAF.<\/p>\n<ol start=\"10\">\n<li><b><\/b><strong><b>Prazo de pagamento<\/b><\/strong><\/li>\n<\/ol>\n<p>O pagamento ser\u00e1 efetuado no prazo de at\u00e9 30 (trinta) dias \u00fateis contados da finaliza\u00e7\u00e3o da liquida\u00e7\u00e3o da despesa, conforme se\u00e7\u00e3o anterior, nos termos da\u00a0<a href=\"https:\/\/in.gov.br\/en\/web\/dou\/-\/instrucao-normativa-seges\/me-n-77-de-4-de-novembro-de-2022-441681061\"><u>Instru\u00e7\u00e3o Normativa SEGES\/ME n\u00ba 77, de 2022<\/u><\/a>.<\/p>\n<p>No caso de atraso pelo Contratante, os valores devidos ao contratado ser\u00e3o atualizados monetariamente entre o termo final do prazo de pagamento at\u00e9 a data de sua efetiva realiza\u00e7\u00e3o, mediante aplica\u00e7\u00e3o do \u00edndice IPCA de corre\u00e7\u00e3o monet\u00e1ria.<\/p>\n<ol start=\"11\">\n<li><b><\/b><strong><b>Forma de pagamento<\/b><\/strong><\/li>\n<\/ol>\n<p>O pagamento ser\u00e1 realizado por meio de ordem banc\u00e1ria, para cr\u00e9dito em banco, ag\u00eancia e conta corrente indicados pelo contratado.<\/p>\n<p>Ser\u00e1 considerada data do pagamento o dia em que constar como emitida a ordem banc\u00e1ria para pagamento.<\/p>\n<p>Quando do pagamento, ser\u00e1 efetuada a reten\u00e7\u00e3o tribut\u00e1ria prevista na legisla\u00e7\u00e3o aplic\u00e1vel.<\/p>\n<p>Independentemente do percentual de tributo inserido na planilha, quando houver, ser\u00e3o retidos na fonte, quando da realiza\u00e7\u00e3o do pagamento, os percentuais estabelecidos na legisla\u00e7\u00e3o vigente.<\/p>\n<p>O contratado regularmente optante pelo Simples Nacional, nos termos da\u00a0<a href=\"https:\/\/www.planalto.gov.br\/ccivil_03\/leis\/lcp\/lcp123.htm\"><u>Lei Complementar n\u00ba 123, de 2006<\/u><\/a>, n\u00e3o sofrer\u00e1 a reten\u00e7\u00e3o tribut\u00e1ria quanto aos impostos e contribui\u00e7\u00f5es abrangidos por aquele regime. No entanto, o pagamento ficar\u00e1 condicionado \u00e0 apresenta\u00e7\u00e3o de comprova\u00e7\u00e3o, por meio de documento oficial, de que faz jus ao tratamento tribut\u00e1rio favorecido previsto na referida Lei Complementar.<\/p>\n<ol start=\"12\">\n<li><b><\/b><strong><b>FORMA E CRIT\u00c9RIOS DE SELE\u00c7\u00c3O DO FORNECEDOR E FORMA DE FORNECIMENTO<\/b><\/strong><\/li>\n<li><b><\/b><strong><b>Forma de sele\u00e7\u00e3o e crit\u00e9rio de julgamento da proposta<\/b><\/strong><\/li>\n<\/ol>\n<p>O fornecedor ser\u00e1 selecionado por meio da realiza\u00e7\u00e3o de procedimento de DISPENSA DE LICITA\u00c7\u00c3O, com ado\u00e7\u00e3o do crit\u00e9rio de julgamento pelo MENOR PRE\u00c7O GLOBAL<\/p>\n<ol start=\"14\">\n<li><b><\/b><strong><b>Forma de fornecimento<\/b><\/strong><\/li>\n<\/ol>\n<p>O fornecimento do objeto ser\u00e1 parcelado<\/p>\n<ol start=\"15\">\n<li><b><\/b><strong><b>ADEQUA\u00c7\u00c3O OR\u00c7AMENT\u00c1RIA<\/b><\/strong><\/li>\n<\/ol>\n<p>A dota\u00e7\u00e3o relativa aos exerc\u00edcios financeiros subsequentes ser\u00e1 indicada ap\u00f3s aprova\u00e7\u00e3o da Lei Or\u00e7ament\u00e1ria respectiva e libera\u00e7\u00e3o dos cr\u00e9ditos correspondentes, mediante apostilamento.<\/p>\n<p><strong>DISPENSA<\/strong><strong>\u00a0<\/strong><strong>DE LICITA\u00c7\u00c3O<\/strong><strong>\u00a0<\/strong><strong>N\u00b0<\/strong><strong>\u00a0<\/strong><strong>007\/2026<\/strong><strong>\u00a0<\/strong><strong>\u2013<\/strong><strong>\u00a0<\/strong><strong>SETOR DE LICITA\u00c7\u00c3O<\/strong><\/p>\n<p><strong><em><b><i>ANEXO<\/i><\/b><\/em><\/strong><strong><em><b><i>\u00a0<\/i><\/b><\/em><\/strong><strong><em><b><i>II<\/i><\/b><\/em><\/strong><strong><em><b><i>\u00a0<\/i><\/b><\/em><\/strong><strong><em><b><i>\u2013<\/i><\/b><\/em><\/strong><strong><em><b><i>\u00a0<\/i><\/b><\/em><\/strong><strong><em><b><i>MODELO DE<\/i><\/b><\/em><\/strong><strong><em><b><i>\u00a0<\/i><\/b><\/em><\/strong><strong><em><b><i>PROPOSTA<\/i><\/b><\/em><\/strong><strong><em><b><i>\u00a0<\/i><\/b><\/em><\/strong><strong><em><b><i>DE PRE\u00c7OS<\/i><\/b><\/em><\/strong><\/p>\n<table>\n<tbody>\n<tr>\n<td colspan=\"4\" width=\"680\"><strong>PREFEITURA MUNICIPAL DE VILA FLOR<\/strong>&nbsp;<\/p>\n<p><strong>COMISS\u00c3O<\/strong><strong>\u00a0<\/strong><strong>SETORIAL DE<\/strong><strong>\u00a0<\/strong><strong>LICITA\u00c7\u00c3O<\/strong><\/p>\n<p><strong>COMISS\u00c3O DE LICITA\u00c7\u00c3O<\/strong><\/p>\n<p><strong>DISPENSA<\/strong><strong>\u00a0<\/strong><strong>DE<\/strong><strong>\u00a0<\/strong><strong>LICITA\u00c7\u00c3O<\/strong><strong>\u00a0<\/strong><strong>N\u00ba<\/strong><strong>\u00a0<\/strong><strong>007\/2026<\/strong><\/td>\n<\/tr>\n<tr>\n<td colspan=\"4\" width=\"680\"><strong>DADOS<\/strong><strong>\u00a0<\/strong><strong>DA<\/strong><strong>\u00a0<\/strong><strong>EMPRESA<\/strong><\/td>\n<\/tr>\n<tr>\n<td width=\"122\"><strong>RAZ\u00c3O<\/strong><strong>\u00a0<\/strong><strong>SOCIAL<\/strong><\/td>\n<td colspan=\"3\" width=\"557\"><\/td>\n<\/tr>\n<tr>\n<td width=\"122\"><strong>CNPJ<\/strong><\/td>\n<td width=\"130\"><\/td>\n<td width=\"115\"><strong>ENDERE\u00c7O<\/strong><\/td>\n<td width=\"311\"><\/td>\n<\/tr>\n<tr>\n<td width=\"122\"><strong>TELEFONE<\/strong><\/td>\n<td width=\"130\"><\/td>\n<td width=\"115\"><strong>E-MAIL<\/strong><\/td>\n<td width=\"311\"><\/td>\n<\/tr>\n<tr>\n<td colspan=\"4\" width=\"680\"><strong>DADOS<\/strong><strong>\u00a0<\/strong><strong>DO<\/strong><strong>\u00a0<\/strong><strong>REPRESENTANTE<\/strong><strong>\u00a0<\/strong><strong>LEGAL<\/strong><\/td>\n<\/tr>\n<tr>\n<td width=\"122\"><strong>NOME DO<\/strong><strong>\u00a0<\/strong><strong>REPRESENTANTE<\/strong><strong>\u00a0<\/strong><strong>LEGAL<\/strong><\/td>\n<td width=\"130\"><\/td>\n<td width=\"115\"><strong>TELEFONE DO<\/strong><strong>\u00a0<\/strong><strong>REPRESENTANTE<\/strong><strong>\u00a0<\/strong><strong>LEGAL<\/strong><\/td>\n<td width=\"311\"><\/td>\n<\/tr>\n<\/tbody>\n<\/table>\n<p><strong>\u00a0<\/strong><\/p>\n<table>\n<tbody>\n<tr>\n<td width=\"65\"><strong>\u00a0<\/strong>&nbsp;<\/p>\n<p><strong>OBJETO<\/strong><\/td>\n<td colspan=\"9\" width=\"613\"><strong>contrata\u00e7\u00e3o de empresa especializada na presta\u00e7\u00e3o dos servi\u00e7os operacionais do evento para realiza\u00e7\u00e3o da 1\u00aa Corrida de Nossa Senhora do Desterro, promovida pela Prefeitura Municipal de Vila Flor\/RN, visando o fortalecimento dos la\u00e7os entre a corpora\u00e7\u00e3o e a comunidade por meio de atividade esportiva que estimule sa\u00fade, uni\u00e3o e bem-estar coletivo que ocorrer\u00e1 dia 27 de fevereiro de 2026<\/strong><\/td>\n<\/tr>\n<tr>\n<td rowspan=\"2\" width=\"65\"><strong>ITEM<\/strong><\/td>\n<td colspan=\"5\" rowspan=\"2\" width=\"265\"><strong>DESCRI\u00c7\u00c3O<\/strong><\/td>\n<td rowspan=\"2\" width=\"75\"><strong>Unidade de Medida<\/strong><\/td>\n<td rowspan=\"2\" width=\"75\"><strong>Qnt.<\/strong><\/td>\n<td colspan=\"2\" width=\"196\"><strong>PRE\u00c7O<\/strong><strong>\u00a0<\/strong><strong>(R$)<\/strong><\/td>\n<\/tr>\n<tr>\n<td width=\"94\"><strong>UNIT\u00c1RIO<\/strong><\/td>\n<td width=\"102\"><strong>GLOGAL<\/strong><\/td>\n<\/tr>\n<tr>\n<td width=\"65\">1<\/td>\n<td colspan=\"5\" width=\"265\">contrata\u00e7\u00e3o de empresa especializada na presta\u00e7\u00e3o dos servi\u00e7os operacionais do evento para realiza\u00e7\u00e3o da 1\u00aa Corrida de Nossa Senhora do Desterro, promovida pela Prefeitura Municipal de Vila Flor\/RN, visando o fortalecimento dos la\u00e7os entre a corpora\u00e7\u00e3o e a comunidade por meio de atividade esportiva que estimule sa\u00fade, uni\u00e3o e bem-estar coletivo que ocorrer\u00e1 dia 27 de fevereiro de 2026<\/td>\n<td width=\"75\">Ser<\/td>\n<td width=\"75\">01<\/td>\n<td width=\"94\"><\/td>\n<td width=\"102\"><\/td>\n<\/tr>\n<tr>\n<td colspan=\"3\" width=\"151\"><strong>VALOR<\/strong><strong>\u00a0<\/strong><strong>GLOBAL<\/strong><strong>\u00a0<\/strong><strong>POR<\/strong><strong>\u00a0<\/strong><strong>EXTENSO<\/strong><\/td>\n<td width=\"85\"><\/td>\n<td colspan=\"6\" width=\"441\"><\/td>\n<\/tr>\n<tr>\n<td colspan=\"2\" width=\"90\"><\/td>\n<td colspan=\"8\" width=\"588\">Declaramos\u00a0que\u00a0concordamos\u00a0e\u00a0atenderemos\u00a0todas\u00a0as\u00a0exig\u00eancias\u00a0do\u00a0Aviso\u00a0e\u00a0seus\u00a0anexos.<\/td>\n<\/tr>\n<tr>\n<td colspan=\"3\" width=\"151\"><strong>VALIDADE<\/strong><strong>\u00a0<\/strong><strong>DA<\/strong><strong>\u00a0<\/strong><strong>PROPOSTA<\/strong><\/td>\n<td colspan=\"2\" width=\"118\"><strong>\u00a0<\/strong><\/td>\n<td colspan=\"5\" width=\"409\"><strong>ASSINATURA<\/strong><strong>\u00a0<\/strong><strong>DO<\/strong><strong>\u00a0<\/strong><strong>REPRESENTANTE<\/strong><strong>\u00a0<\/strong><strong>LEGAL<\/strong><strong>\u00a0<\/strong><strong>DA<\/strong><strong>\u00a0<\/strong><strong>EMPRESA<\/strong><\/td>\n<\/tr>\n<\/tbody>\n<\/table>\n<p>&nbsp;<\/p>\n<p><strong>\u00a0<\/strong><\/p>\n<p><strong><b>DISPENSA<\/b><\/strong><strong><b>\u00a0<\/b><\/strong><strong><b>DE<\/b><\/strong><strong><b>\u00a0<\/b><\/strong><strong><b>LICITA\u00c7\u00c3O<\/b><\/strong><strong><b>\u00a0<\/b><\/strong><strong><b>N\u00b0<\/b><\/strong><strong><b>\u00a0<\/b><\/strong><strong><b>007\/2026<\/b><\/strong><\/p>\n<p><strong><b>SETOR DE LICITA\u00c7\u00c3O<\/b><\/strong><\/p>\n<p><strong>\u00a0<\/strong><\/p>\n<p><strong>\u00a0<\/strong><\/p>\n<p><strong>ANEXO III<\/strong><strong>\u00a0<\/strong><strong>\u2013<\/strong><strong>\u00a0<\/strong><strong>MODELO<\/strong><strong>\u00a0<\/strong><strong>DE<\/strong><strong>\u00a0<\/strong><strong>DECLARA\u00c7\u00c3O<\/strong><strong>\u00a0<\/strong><strong>DE<\/strong><strong>\u00a0<\/strong><strong>CUMPRIMENTO<\/strong><strong>\u00a0<\/strong><strong>DO<\/strong><strong>\u00a0<\/strong><strong>DISPOSTO<\/strong><strong>\u00a0<\/strong><strong>NO<\/strong><strong>\u00a0<\/strong><strong>INC.<\/strong><strong>\u00a0<\/strong><strong>XXXIII<\/strong><strong>\u00a0<\/strong><strong>DO<\/strong><strong>\u00a0<\/strong><strong>ART.<\/strong><strong>\u00a0<\/strong><strong>7\u00ba<\/strong><strong>\u00a0<\/strong><strong>DA<\/strong><strong>\u00a0<\/strong><strong>CONSTITUI\u00c7\u00c3O FEDERAL<\/strong><\/p>\n<p><strong>\u00a0<\/strong><\/p>\n<p><strong>\u00a0<\/strong><\/p>\n<p><strong><b>REFERENTE:<\/b><\/strong><strong><b>\u00a0<\/b><\/strong><strong><b>DISPENSA<\/b><\/strong><strong><b>\u00a0<\/b><\/strong><strong><b>DE<\/b><\/strong><strong><b>\u00a0<\/b><\/strong><strong><b>LICITA\u00c7\u00c3O<\/b><\/strong><strong><b>\u00a0<\/b><\/strong><strong><b>N\u00b0<\/b><\/strong><strong><b>\u00a0<\/b><\/strong><strong><b>007\/2026<\/b><\/strong><strong><b>\u00a0<\/b><\/strong><strong><b>\u2013<\/b><\/strong><strong><b>\u00a0<\/b><\/strong><strong><b>SETOR DE LICITA\u00c7\u00c3O<\/b><\/strong><\/p>\n<p><strong>\u00a0<\/strong><\/p>\n<p><strong>\u00a0<\/strong><\/p>\n<p>Declaramos, para os fins do disposto no inciso VI do art. 68 da Lei 14.133\/2021, que n\u00e3o empregamos menor\u00a0de\u00a018\u00a0(dezoito)\u00a0anos\u00a0em\u00a0trabalho\u00a0noturno,\u00a0perigoso\u00a0ou\u00a0insalubre\u00a0e\u00a0n\u00e3o\u00a0empregarmos\u00a0menor\u00a0de\u00a016\u00a0(dezesseis)\u00a0anos.<\/p>\n<p>&nbsp;<\/p>\n<p>Ressalva: emprega menor, a partir de 14 (quatorze) anos, na condi\u00e7\u00e3o de aprendiz (\u00a0).\u00a0Observa\u00e7\u00e3o: em\u00a0caso\u00a0afirmativo, assinalar\u00a0a\u00a0ressalva acima.<\/p>\n<p>&nbsp;<\/p>\n<p>&nbsp;<\/p>\n<p>Vila Flor, de de\u00a0<u>\u00a0<\/u><\/p>\n<p>&nbsp;<\/p>\n<p>&nbsp;<\/p>\n<p>&nbsp;<\/p>\n<p>ASSINATURA\u00a0DO\u00a0REPRESENTANTE\u00a0LEGAL\u00a0DA\u00a0EMPRESA<\/p>\n<p>&nbsp;<\/p>\n<p>&nbsp;<\/p>\n<p><strong><b>DISPENSA<\/b><\/strong><strong><b>\u00a0<\/b><\/strong><strong><b>DE<\/b><\/strong><strong><b>\u00a0<\/b><\/strong><strong><b>LICITA\u00c7\u00c3O<\/b><\/strong><strong><b>\u00a0<\/b><\/strong><strong><b>N\u00b0<\/b><\/strong><strong><b>\u00a0<\/b><\/strong><strong><b>007\/2026<\/b><\/strong><\/p>\n<p><strong><b>SETOR DE LICITA\u00c7\u00c3O<\/b><\/strong><\/p>\n<p><strong><b>\u00a0<\/b><\/strong><\/p>\n<p><strong>ANEXO<\/strong><strong>\u00a0<\/strong><strong>IV<\/strong><strong>\u00a0<\/strong><strong>\u2013<\/strong><strong>\u00a0<\/strong><strong>DECLARA\u00c7\u00c3O<\/strong><strong>\u00a0<\/strong><strong>DE<\/strong><strong>\u00a0<\/strong><strong>RESERVA<\/strong><strong>\u00a0<\/strong><strong>DE<\/strong><strong>\u00a0<\/strong><strong>CARGOS<\/strong><strong>\u00a0<\/strong><strong>PCD,<\/strong><strong>\u00a0<\/strong><strong>CONSOANTE<\/strong><strong>\u00a0<\/strong><strong>ART.<\/strong><strong>\u00a0<\/strong><strong>92,<\/strong><strong>\u00a0<\/strong><strong>DA<\/strong><strong>\u00a0<\/strong><strong>LEI<\/strong><strong>\u00a0<\/strong><strong>FEDERAL<\/strong><strong>\u00a0<\/strong><strong>N\u201d 14.133\/2021<\/strong><\/p>\n<p><strong>\u00a0<\/strong><\/p>\n<p><strong>\u00a0<\/strong><\/p>\n<p><strong>\u00a0<\/strong><\/p>\n<p><strong>\u00a0<\/strong><\/p>\n<p><strong><b>REFERENTE:<\/b><\/strong><strong><b>\u00a0<\/b><\/strong><strong><b>DISPENSA<\/b><\/strong><strong><b>\u00a0<\/b><\/strong><strong><b>DE<\/b><\/strong><strong><b>\u00a0<\/b><\/strong><strong><b>LICITA\u00c7\u00c3O<\/b><\/strong><strong><b>\u00a0<\/b><\/strong><strong><b>N\u00b0<\/b><\/strong><strong><b>\u00a0<\/b><\/strong><strong><b>007\/2026<\/b><\/strong><strong><b>\u00a0<\/b><\/strong><strong><b>\u2013<\/b><\/strong><strong><b>\u00a0<\/b><\/strong><strong><b>COMISS\u00c3O DE LICITA\u00c7\u00c3O<\/b><\/strong><\/p>\n<p><strong>\u00a0<\/strong><\/p>\n<p><strong>\u00a0<\/strong><\/p>\n<p>A\u00a0empresa _ ,\u00a0declara\u00a0para\u00a0os\u00a0devidos\u00a0fins\u00a0licitat\u00f3rios\u00a0que\u00a0cumpre\u00a0as\u00a0exig\u00eancias de reserva de cargos para Pessoa com Defici\u00eancia \u2014 PcD, para Reabilitado da Previd\u00eancia Social\u00a0e\u00a0para aprendiz,\u00a0em\u00a0aten\u00e7\u00e3o\u00a0ao art.\u00a092,\u00a0inciso\u00a0XVII\u00a0da\u00a0Lei\u00a0n\u00b0 14.133\/2021.<\/p>\n<p>&nbsp;<\/p>\n<p>&nbsp;<\/p>\n<p>&nbsp;<\/p>\n<p>&nbsp;<\/p>\n<p>Vila Flor, de de\u00a0<u>\u00a0<\/u><\/p>\n<p>&nbsp;<\/p>\n<p>&nbsp;<\/p>\n<p>&nbsp;<\/p>\n<p>ASSINATURA\u00a0DO\u00a0REPRESENTANTE\u00a0LEGAL\u00a0DA\u00a0EMPRESA<\/p>\n<p>&nbsp;<\/p>\n<p>&nbsp;<\/p>\n<p><strong><b>DISPENSA<\/b><\/strong><strong><b>\u00a0<\/b><\/strong><strong><b>DE<\/b><\/strong><strong><b>\u00a0<\/b><\/strong><strong><b>LICITA\u00c7\u00c3O<\/b><\/strong><strong><b>\u00a0<\/b><\/strong><strong><b>N\u00b0<\/b><\/strong><strong><b>\u00a0<\/b><\/strong><strong><b>007\/2026<\/b><\/strong><strong><b>\u00a0<\/b><\/strong><strong><b>\u2013<\/b><\/strong><strong><b>\u00a0<\/b><\/strong><strong><b>SETOR DE LICITA\u00c7\u00c3O<\/b><\/strong><\/p>\n<p><strong>ANEXO V<\/strong><strong>\u00a0<\/strong><strong>\u2013<\/strong><strong>\u00a0<\/strong><strong>DECLARA\u00c7\u00c3O<\/strong><strong>\u00a0<\/strong><strong>IMPEDIMENTOS<\/strong><strong>\u00a0<\/strong><strong>DO<\/strong><strong>\u00a0<\/strong><strong>ART.<\/strong><strong>\u00a0<\/strong><strong>14<\/strong><strong>\u00a0<\/strong><strong>DA<\/strong><strong>\u00a0<\/strong><strong>LEI<\/strong><strong>\u00a0<\/strong><strong>FEDERAL<\/strong><strong>\u00a0<\/strong><strong>N\u201d<\/strong><strong>\u00a0<\/strong><strong>14.133\/2021<\/strong><\/p>\n<p><strong>\u00a0<\/strong><\/p>\n<p><strong>\u00a0<\/strong><\/p>\n<p><strong>\u00a0<\/strong><\/p>\n<p><strong><b>REFERENTE:<\/b><\/strong><strong><b>\u00a0<\/b><\/strong><strong><b>DISPENSA<\/b><\/strong><strong><b>\u00a0<\/b><\/strong><strong><b>DE<\/b><\/strong><strong><b>\u00a0<\/b><\/strong><strong><b>LICITA\u00c7\u00c3O<\/b><\/strong><strong><b>\u00a0<\/b><\/strong><strong><b>N\u00b0<\/b><\/strong><strong><b>\u00a0<\/b><\/strong><strong><b>007\/2026<\/b><\/strong><strong><b>\u00a0<\/b><\/strong><strong><b>\u2013<\/b><\/strong><strong><b>\u00a0<\/b><\/strong><strong><b>SETOR DE LICITA\u00c7\u00c3O<\/b><\/strong><\/p>\n<p><strong>\u00a0<\/strong><\/p>\n<p><strong>\u00a0<\/strong><\/p>\n<p><strong>\u00a0<\/strong><\/p>\n<p><strong>\u00a0<\/strong><\/p>\n<p>A\u00a0empresa _<u>\u00a0<\/u>, declara para os devidos fins licitat\u00f3rios que n\u00e3o\u00a0incursa nos impedimentos para disputa de licita\u00e7\u00e3o ou execu\u00e7\u00e3o do contrato de que trata o art. 14 da Lei\u00a0Federal\u00a0n\u00b0\u00a014.133\/2021.<\/p>\n<p>&nbsp;<\/p>\n<p>&nbsp;<\/p>\n<p>&nbsp;<\/p>\n<p>Vila Flor, de de\u00a0<u>\u00a0<\/u><\/p>\n<p>&nbsp;<\/p>\n<p>&nbsp;<\/p>\n<p>&nbsp;<\/p>\n<p>ASSINATURA\u00a0DO\u00a0REPRESENTANTE\u00a0LEGAL\u00a0DA\u00a0EMPRESA<\/p>\n<p>&nbsp;<\/p>\n<p>&nbsp;<\/p>\n<p><strong><br \/>\n<\/strong><strong>DISPENSA DE LICITA\u00c7\u00c3O N\u00b0\u00a0<\/strong><strong>007\/2026<\/strong><\/p>\n<p><strong>SETOR DE LICITA\u00c7\u00c3O<\/strong><\/p>\n<p><strong>ANEXO<\/strong><strong>\u00a0<\/strong><strong>V \u2013<\/strong><strong>\u00a0<\/strong><strong>MODELO DE CARTA<\/strong><strong>\u00a0<\/strong><strong>CONTRATO<\/strong><\/p>\n<p><strong><b>\u00a0<\/b><\/strong><\/p>\n<p>Contrato\u00a0de\u00a0presta\u00e7\u00e3o de servi\u00e7os\u00a0que\u00a0entre\u00a0si\u00a0celebram o\u00a0<strong>PREFEITURA MUNICIPAL DE VILA FLOR<\/strong><strong>\u00a0<\/strong>e\u00a0a\u00a0empresa\u00a0<strong>\u2026\u2026\u2026\u2026\u2026\u2026\u2026\u2026\u2026..<\/strong><\/p>\n<p><strong>\u00a0<\/strong><\/p>\n<p>A\u00a0<strong>PREFEITURA MUNICIPAL DE VILA FLOR,<\/strong><strong>\u00a0<\/strong>pessoa\u00a0jur\u00eddica\u00a0de\u00a0direito\u00a0p\u00fablico\u00a0interno,\u00a0\u00f3rg\u00e3o p\u00fablico, com sede nesta Cidade, na Rua Jos\u00e9 Calazans, 169, Centro, Vila Flor\/RN, CEP 59.192-000,\u00a0inscrita\u00a0no\u00a0CNPJ\u00a0sob\u00a0o\u00a0n\u00ba\u00a008.169.278\/0001-07,\u00a0neste\u00a0ato\u00a0representado\u00a0pela\u00a0Sra. Prefeita Municipal THUANNE KARLA CARVALHO DE SOUZA, doravante\u00a0denominado\u00a0<strong>CONTRATANTE,<\/strong><strong>\u00a0<\/strong>e\u00a0a\u00a0<strong>Empresa<\/strong><strong>\u00a0<\/strong><strong>\u2026\u2026\u2026\u2026\u2026\u2026\u2026\u2026\u2026\u2026.,<\/strong><strong>\u00a0<\/strong>CNPJ\u00a0n\u00ba\u2026\u2026\u2026\u2026\u2026\u2026\u2026.,\u00a0situado\u00a0\u00e0\u00a0\u2026\u2026\u2026\u2026\u2026\u2026\u2026\u2026..,\u00a0Cidade-Estado,\u00a0telefone\u00a0\u2026\u2026\u2026\u2026\u2026..,\u00a0e-mail ,\u00a0neste ato\u00a0representada\u00a0pelo\u00a0Sr ,\u00a0brasileiro,\u00a0casado,\u00a0profiss\u00e3o,\u00a0portador\u00a0da\u00a0C\u00e9dula\u00a0de\u00a0Identidade n\u00ba\u00a0\u2026\u2026\u2026\u2026\u2026\u00a0\u2013\u00a0SSP-\u2026.,\u00a0CPF\u00a0n\u00ba\u00a0\u2026\u2026\u2026\u2026..\u00a0,\u00a0residente\u00a0na\u00a0Rua\u00a0\u2026\u2026\u2026\u2026\u2026\u2026.,\u00a0telefone\u00a0\u2026\u2026\u2026\u2026\u2026,\u00a0e-mail: \u2026\u2026\u2026\u2026\u2026\u2026\u2026.., doravante denominada\u00a0<strong>CONTRATADA<\/strong>, resolvem celebrar o presente Contrato, autorizado\u00a0pelo\u00a0despacho\u00a0constante\u00a0no\u00a0Processo Administrativo n\u00b0\u00a0<strong>XXXXXXXXX\/20XX<\/strong>,\u00a0mediante\u00a0parecer\u00a0jur\u00eddico, que se reger\u00e1 pela Lei Federal n.\u00ba 14.133\/2021 e altera\u00e7\u00f5es posteriores, mediante as cl\u00e1usulas e\u00a0condi\u00e7\u00f5es\u00a0a\u00a0seguir\u00a0e\u00a0do\u00a0qual\u00a0ficam\u00a0fazendo\u00a0parte\u00a0integrante\u00a0independentemente\u00a0de\u00a0transcri\u00e7\u00e3o,\u00a0os\u00a0documentos:<\/p>\n<p>&nbsp;<\/p>\n<p><strong><b>1.<\/b><\/strong>\u00a0<strong><b>CL\u00c1USULA PRIMEIRA \u2013 OBJETO (art. 92, I e II)<\/b><\/strong><\/p>\n<p>1.0. O objeto do presente instrumento \u00e9 a contrata\u00e7\u00e3o de servi\u00e7os comuns de \u2026\u2026\u2026\u2026\u2026\u2026\u2026\u2026.., nas condi\u00e7\u00f5es estabelecidas no Termo de Refer\u00eancia.<\/p>\n<p>1.1. Objeto da contrata\u00e7\u00e3o:<\/p>\n<table>\n<tbody>\n<tr>\n<td width=\"79\"><strong><b>ITEM<\/b><\/strong>&nbsp;<\/p>\n<p><strong><b>\u00a0<\/b><\/strong><\/td>\n<td width=\"205\"><strong><b>ESPECIFICA\u00c7\u00c3O<\/b><\/strong><\/td>\n<td width=\"91\"><strong><b>UNIDADE DE MEDIDA<\/b><\/strong><\/td>\n<td width=\"125\"><strong><b>QUANTIDADE<\/b><\/strong><\/td>\n<td width=\"102\"><strong><b>VALOR UNIT\u00c1RIO<\/b><\/strong><\/td>\n<td width=\"79\"><strong><b>VALOR TOTAL<\/b><\/strong><\/td>\n<\/tr>\n<tr>\n<td width=\"79\"><strong><b>1<\/b><\/strong><\/td>\n<td width=\"205\"><\/td>\n<td width=\"91\"><\/td>\n<td width=\"125\"><\/td>\n<td width=\"102\"><\/td>\n<td width=\"79\"><\/td>\n<\/tr>\n<tr>\n<td width=\"79\"><strong><b>2<\/b><\/strong><\/td>\n<td width=\"205\"><\/td>\n<td width=\"91\"><\/td>\n<td width=\"125\"><\/td>\n<td width=\"102\"><\/td>\n<td width=\"79\"><\/td>\n<\/tr>\n<tr>\n<td width=\"79\"><strong><b>3<\/b><\/strong><\/td>\n<td width=\"205\"><\/td>\n<td width=\"91\"><\/td>\n<td width=\"125\"><\/td>\n<td width=\"102\"><\/td>\n<td width=\"79\"><\/td>\n<\/tr>\n<tr>\n<td width=\"79\"><strong><b>\u2026<\/b><\/strong><\/td>\n<td width=\"205\"><\/td>\n<td width=\"91\"><\/td>\n<td width=\"125\"><\/td>\n<td width=\"102\"><\/td>\n<td width=\"79\"><\/td>\n<\/tr>\n<\/tbody>\n<\/table>\n<p>&nbsp;<\/p>\n<p>1.2. Vinculam esta contrata\u00e7\u00e3o, independentemente de transcri\u00e7\u00e3o:<\/p>\n<p>1.2.1. O Termo de Refer\u00eancia;<\/p>\n<p>1.2.2. A Autoriza\u00e7\u00e3o de Contrata\u00e7\u00e3o Direta;<\/p>\n<p>1.2.3. A Proposta do contratado; e<\/p>\n<p>1.2.4. Eventuais anexos dos documentos supracitados.<\/p>\n<p><strong><b>2.<\/b><\/strong>\u00a0<strong><b>CL\u00c1USULA SEGUNDA \u2013 VIG\u00caNCIA E PRORROGA\u00c7\u00c3O<\/b><\/strong><\/p>\n<p><strong>\u00a0<\/strong><\/p>\n<p>2.3. O prazo de vig\u00eancia da contrata\u00e7\u00e3o \u00e9 de \u2026\u2026\u2026\u2026\u2026\u2026\u2026\u2026\u2026\u2026 contados do(a) \u2026\u2026\u2026\u2026\u2026\u2026\u2026\u2026\u2026.., prorrog\u00e1vel por at\u00e9 10 anos, na forma dos artigos 106 e 107 da Lei n\u00b0 14.133, de 2021.<\/p>\n<p>2.4. A prorroga\u00e7\u00e3o de que trata este item \u00e9 condicionada ao ateste, pela autoridade competente, de que as condi\u00e7\u00f5es e os pre\u00e7os permanecem vantajosos para a Administra\u00e7\u00e3o, permitida a negocia\u00e7\u00e3o com o contratado, atentando, ainda, para o cumprimento dos seguintes requisitos:<\/p>\n<ol>\n<li>a) Estar formalmente demonstrado no processo que a forma de presta\u00e7\u00e3o dos servi\u00e7os tem natureza continuada;<\/li>\n<li>b) Seja juntado relat\u00f3rio que discorra sobre a execu\u00e7\u00e3o do contrato, com informa\u00e7\u00f5es de que os servi\u00e7os tenham sido prestados regularmente;<\/li>\n<li>c) Seja juntada justificativa e motivo, por escrito, de que a Administra\u00e7\u00e3o mant\u00e9m interesse na realiza\u00e7\u00e3o do servi\u00e7o;<\/li>\n<li>d) Haja manifesta\u00e7\u00e3o expressa do contratado informando o interesse na prorroga\u00e7\u00e3o;<\/li>\n<li>e) Seja comprovado que o contratado mant\u00e9m as condi\u00e7\u00f5es iniciais de habilita\u00e7\u00e3o.<\/li>\n<\/ol>\n<p>2.5. O contratado n\u00e3o tem direito subjetivo \u00e0 prorroga\u00e7\u00e3o contratual.<\/p>\n<p>2.6. A prorroga\u00e7\u00e3o de contrato dever\u00e1 ser promovida mediante celebra\u00e7\u00e3o de termo aditivo.<\/p>\n<p>2.7. Nas eventuais prorroga\u00e7\u00f5es contratuais, os custos n\u00e3o renov\u00e1veis j\u00e1 pagos ou amortizados ao longo do primeiro per\u00edodo de vig\u00eancia da contrata\u00e7\u00e3o dever\u00e3o ser reduzidos ou eliminados como condi\u00e7\u00e3o para a renova\u00e7\u00e3o.<\/p>\n<p>2.8. O contrato n\u00e3o poder\u00e1 ser prorrogado quando o contratado tiver sido penalizado nas san\u00e7\u00f5es de declara\u00e7\u00e3o de inidoneidade ou impedimento de licitar e contratar com poder p\u00fablico, observadas as abrang\u00eancias de aplica\u00e7\u00e3o.<\/p>\n<p>&nbsp;<\/p>\n<ol start=\"3\">\n<li><b><\/b><strong><b>CL\u00c1USULA TERCEIRA \u2013 MODELOS DE EXECU\u00c7\u00c3O E GEST\u00c3O CONTRATUAIS (art. 92, IV, VII e XVIII)<\/b><\/strong><\/li>\n<\/ol>\n<p>3.1. O regime de execu\u00e7\u00e3o contratual, os modelos de gest\u00e3o e de execu\u00e7\u00e3o, assim como os prazos e condi\u00e7\u00f5es de conclus\u00e3o, entrega, observa\u00e7\u00e3o e recebimento do objeto constam no Termo de Refer\u00eancia, anexo a este Contrato.<\/p>\n<ol start=\"4\">\n<li><b><\/b><strong><b>CL\u00c1USULA QUARTA \u2013 SUBCONTRATA\u00c7\u00c3O<\/b><\/strong><\/li>\n<\/ol>\n<p>4.1. N\u00e3o ser\u00e1 admitida a subcontrata\u00e7\u00e3o do objeto contratual.<\/p>\n<ol start=\"5\">\n<li><b><\/b><strong><b>CL\u00c1USULA QUINTA \u2013 PRE\u00c7O<\/b><\/strong><\/li>\n<\/ol>\n<p>5.1. O valor mensal da contrata\u00e7\u00e3o \u00e9 de R$ \u2026\u2026\u2026. (\u2026..), perfazendo o valor total de R$ \u2026\u2026. (\u2026.).<\/p>\n<ol start=\"6\">\n<li><b><\/b><strong><b>CL\u00c1USULA SEXTA \u2013 PAGAMENTO (art. 92, V e VI)<\/b><\/strong><\/li>\n<\/ol>\n<p>6.1. O prazo para pagamento ao contratado e demais condi\u00e7\u00f5es a ele referentes encontram-se definidos no Termo de Refer\u00eancia, anexo a este Contrato.<\/p>\n<ol start=\"7\">\n<li><b><\/b><strong><b>CL\u00c1USULA S\u00c9TIMA \u2013 REAJUSTE (art. 92, V)<\/b><\/strong><\/li>\n<\/ol>\n<p>7.1. Os pre\u00e7os inicialmente contratados s\u00e3o fixos e irreajust\u00e1veis no prazo de um ano contado da data do or\u00e7amento estimado, em __\/__\/__ (DD\/MM\/AAAA).<\/p>\n<p>7.2. Ap\u00f3s o interregno de um ano, e independentemente de pedido do contratado, os pre\u00e7os iniciais ser\u00e3o reajustados, mediante a aplica\u00e7\u00e3o, pelo contratante, do \u00edndice IPCA, exclusivamente para as obriga\u00e7\u00f5es iniciadas e conclu\u00eddas ap\u00f3s a ocorr\u00eancia da anualidade<\/p>\n<p>7.3. Nos reajustes subsequentes ao primeiro, o interregno m\u00ednimo de um ano ser\u00e1 contado a partir dos efeitos financeiros do \u00faltimo reajuste.<\/p>\n<p>7.4. No caso de atraso ou n\u00e3o divulga\u00e7\u00e3o do(s) \u00edndice (s) de reajustamento, o contratante pagar\u00e1 ao contratado a import\u00e2ncia calculada pela \u00faltima varia\u00e7\u00e3o conhecida, liquidando a diferen\u00e7a correspondente t\u00e3o logo seja(m) divulgado(s) o(s) \u00edndice(s) definitivo(s).<\/p>\n<p>7.5. Nas aferi\u00e7\u00f5es finais, o(s) \u00edndice(s) utilizado(s) para reajuste ser\u00e1(\u00e3o), obrigatoriamente, o(s) definitivo(s).<\/p>\n<p>7.6. Caso o(s) \u00edndice(s) estabelecido(s) para reajustamento venha(m) a ser extinto(s) ou de qualquer forma n\u00e3o possa(m) mais ser utilizado(s), ser\u00e1(\u00e3o) adotado(s), em substitui\u00e7\u00e3o, o(s) que vier(em) a ser determinado(s) pela legisla\u00e7\u00e3o ent\u00e3o em vigor.<\/p>\n<p>7.7. Na aus\u00eancia de previs\u00e3o legal quanto ao \u00edndice substituto, as partes eleger\u00e3o novo \u00edndice oficial, para reajustamento do pre\u00e7o do valor remanescente, por meio de termo aditivo.<\/p>\n<p>7.8. O reajuste ser\u00e1 realizado por apostilamento.<\/p>\n<ol start=\"8\">\n<li><b><\/b><strong><b>CL\u00c1USULA OITAVA \u2013 OBRIGA\u00c7\u00d5ES DO CONTRATANTE (art. 92, X, XI e XIV )<\/b><\/strong><\/li>\n<\/ol>\n<p>8.1. S\u00e3o obriga\u00e7\u00f5es do Contratante:<\/p>\n<p>8.2. Exigir o cumprimento de todas as obriga\u00e7\u00f5es assumidas pelo Contratado, de acordo com o contrato e seus anexos;<\/p>\n<p>8.3. Receber o objeto no prazo e condi\u00e7\u00f5es estabelecidas no Termo de Refer\u00eancia;<\/p>\n<p>8.4. Notificar o Contratado, por escrito, sobre v\u00edcios, defeitos ou incorre\u00e7\u00f5es verificadas no objeto fornecido, para que seja por ele substitu\u00eddo, reparado ou corrigido, no total ou em parte, \u00e0s suas expensas;<\/p>\n<p>8.5. Acompanhar e fiscalizar a execu\u00e7\u00e3o do contrato e o cumprimento das obriga\u00e7\u00f5es pelo Contratado;<\/p>\n<p>8.6. Comunicar a empresa para emiss\u00e3o de Nota Fiscal no que pertine \u00e0 parcela incontroversa da execu\u00e7\u00e3o do objeto, para efeito de liquida\u00e7\u00e3o e pagamento, quando houver controv\u00e9rsia sobre a execu\u00e7\u00e3o do objeto, quanto \u00e0 dimens\u00e3o, qualidade e quantidade, conforme o art. 143 da Lei n\u00ba 14.133, de 2021;<\/p>\n<p>8.7. Efetuar o pagamento ao Contratado do valor correspondente \u00e0 execu\u00e7\u00e3o do objeto, no prazo, forma e condi\u00e7\u00f5es estabelecidos no presente Contrato e no Termo de Refer\u00eancia;<\/p>\n<p>8.8. Aplicar ao Contratado as san\u00e7\u00f5es previstas na lei e neste Contrato;<\/p>\n<p>8.9. Cientificar o \u00f3rg\u00e3o de representa\u00e7\u00e3o judicial da Advocacia-Geral da Uni\u00e3o para ado\u00e7\u00e3o das medidas cab\u00edveis quando do descumprimento de obriga\u00e7\u00f5es pelo Contratado;<\/p>\n<p>8.10. Explicitamente emitir decis\u00e3o sobre todas as solicita\u00e7\u00f5es e reclama\u00e7\u00f5es relacionadas \u00e0 execu\u00e7\u00e3o do presente Contrato, ressalvados os requerimentos manifestamente impertinentes, meramente protelat\u00f3rios ou de nenhum interesse para a boa execu\u00e7\u00e3o do ajuste.<\/p>\n<p>8.10.1. \u00a0A Administra\u00e7\u00e3o ter\u00e1 o prazo de 10 (Dez) dias, a contar da data do protocolo do requerimento para decidir, admitida a prorroga\u00e7\u00e3o motivada, por igual per\u00edodo.<\/p>\n<p>8.11. Responder eventuais pedidos de reestabelecimento do equil\u00edbrio econ\u00f4mico-financeiro feitos pelo contratado no prazo m\u00e1ximo de 10 (dez) dias.<\/p>\n<p>8.12. Notificar os emitentes das garantias quanto ao in\u00edcio de processo administrativo para apura\u00e7\u00e3o de descumprimento de cl\u00e1usulas contratuais.<\/p>\n<p>8.13. Comunicar o Contratado na hip\u00f3tese de posterior altera\u00e7\u00e3o do projeto pelo Contratante, no caso do art. 93, \u00a72\u00ba, da Lei n\u00ba 14.133, de 2021.<\/p>\n<p>8.14. A Administra\u00e7\u00e3o n\u00e3o responder\u00e1 por quaisquer compromissos assumidos pelo Contratado com terceiros, ainda que vinculados \u00e0 execu\u00e7\u00e3o do contrato, bem como por qualquer dano causado a terceiros em decorr\u00eancia de ato do Contratado, de seus empregados, prepostos ou subordinados.<\/p>\n<ol start=\"9\">\n<li><b><\/b><strong><b>CL\u00c1USULA NONA \u2013 OBRIGA\u00c7\u00d5ES DO CONTRATADO (art. 92, XIV, XVI e XVII)<\/b><\/strong><\/li>\n<\/ol>\n<p>9.1. O Contratado deve cumprir todas as obriga\u00e7\u00f5es constantes deste Contrato e de seus anexos, assumindo como exclusivamente seus os riscos e as despesas decorrentes da boa e perfeita execu\u00e7\u00e3o do objeto, observando, ainda, as obriga\u00e7\u00f5es a seguir dispostas:<\/p>\n<p>9.2. Manter preposto aceito pela Administra\u00e7\u00e3o no local do servi\u00e7o para represent\u00e1-lo na execu\u00e7\u00e3o do contrato.<\/p>\n<p>9.2.1. A indica\u00e7\u00e3o ou a manuten\u00e7\u00e3o do preposto da empresa poder\u00e1 ser recusada pelo \u00f3rg\u00e3o ou entidade, desde que devidamente justificada, devendo a empresa designar outro para o exerc\u00edcio da atividade.<\/p>\n<p>9.3. Atender \u00e0s determina\u00e7\u00f5es regulares emitidas pelo fiscal do contrato ou autoridade superior (art. 137, II) e prestar todo esclarecimento ou informa\u00e7\u00e3o por eles solicitados;<\/p>\n<p>9.4. Alocar os empregados necess\u00e1rios ao perfeito cumprimento das cl\u00e1usulas deste contrato, com habilita\u00e7\u00e3o e conhecimento adequados, fornecendo os materiais, equipamentos, ferramentas e utens\u00edlios demandados, cuja quantidade, qualidade e tecnologia dever\u00e3o atender \u00e0s recomenda\u00e7\u00f5es de boa t\u00e9cnica e a legisla\u00e7\u00e3o de reg\u00eancia;<\/p>\n<p>9.5. Reparar, corrigir, remover, reconstruir ou substituir, \u00e0s suas expensas, no total ou em parte, no prazo fixado pelo fiscal do contrato, os servi\u00e7os nos quais se verificarem v\u00edcios, defeitos ou incorre\u00e7\u00f5es resultantes da execu\u00e7\u00e3o ou dos materiais empregados;<\/p>\n<p>9.6. Responsabilizar-se pelos v\u00edcios e danos decorrentes da execu\u00e7\u00e3o do objeto, de acordo com o C\u00f3digo de Defesa do Consumidor (Lei n\u00ba 8.078, de 1990), bem como por todo e qualquer dano causado \u00e0 Administra\u00e7\u00e3o ou terceiros, n\u00e3o reduzindo essa responsabilidade a fiscaliza\u00e7\u00e3o ou o acompanhamento da execu\u00e7\u00e3o contratual pelo Contratante, que ficar\u00e1 autorizado a descontar dos pagamentos devidos ou da garantia, caso exigida no edital, o valor correspondente aos danos sofridos;<\/p>\n<p>9.7. N\u00e3o contratar, durante a vig\u00eancia do contrato, c\u00f4njuge, companheiro ou parente em linha reta, colateral ou por afinidade, at\u00e9 o terceiro grau, de dirigente do contratante ou do fiscal ou gestor do contrato, nos termos do artigo 48, par\u00e1grafo \u00fanico, da Lei n\u00ba 14.133, de 2021;<\/p>\n<p>9.8. Quando n\u00e3o for poss\u00edvel a verifica\u00e7\u00e3o da regularidade no Sistema de Cadastro de Fornecedores \u2013 SICAF, o contratado dever\u00e1 entregar ao setor respons\u00e1vel pela fiscaliza\u00e7\u00e3o do contrato, at\u00e9 o dia trinta do m\u00eas seguinte ao da presta\u00e7\u00e3o dos servi\u00e7os, os seguintes documentos: 1) prova de regularidade relativa \u00e0 Seguridade Social; 2) certid\u00e3o conjunta relativa aos tributos federais e \u00e0 D\u00edvida Ativa da Uni\u00e3o; 3) certid\u00f5es que comprovem a regularidade perante a Fazenda Municipal ou Distrital do domic\u00edlio ou sede do contratado; 4) Certid\u00e3o de Regularidade do FGTS \u2013 CRF; e 5) Certid\u00e3o Negativa de D\u00e9bitos Trabalhistas \u2013 CNDT;<\/p>\n<p>9.9. Responsabilizar-se pelo cumprimento das obriga\u00e7\u00f5es previstas em Acordo, Conven\u00e7\u00e3o, Diss\u00eddio Coletivo de Trabalho ou equivalentes das categorias abrangidas pelo contrato, por todas as obriga\u00e7\u00f5es trabalhistas, sociais, previdenci\u00e1rias, tribut\u00e1rias e as demais previstas em legisla\u00e7\u00e3o espec\u00edfica, cuja inadimpl\u00eancia n\u00e3o transfere a responsabilidade ao Contratante;<\/p>\n<p>9.10. Comunicar ao Fiscal do contrato, no prazo de 24 (vinte e quatro) horas, qualquer ocorr\u00eancia anormal ou acidente que se verifique no local dos servi\u00e7os.<\/p>\n<p>9.11. Prestar todo esclarecimento ou informa\u00e7\u00e3o solicitada pelo Contratante ou por seus prepostos, garantindo-lhes o acesso, a qualquer tempo, ao local dos trabalhos, bem como aos documentos relativos \u00e0 execu\u00e7\u00e3o do empreendimento.<\/p>\n<p>9.12. Paralisar, por determina\u00e7\u00e3o do Contratante, qualquer atividade que n\u00e3o esteja sendo executada de acordo com a boa t\u00e9cnica ou que ponha em risco a seguran\u00e7a de pessoas ou bens de terceiros.<\/p>\n<p>9.13. Promover a guarda, manuten\u00e7\u00e3o e vigil\u00e2ncia de materiais, ferramentas, e tudo o que for necess\u00e1rio \u00e0 execu\u00e7\u00e3o do objeto, durante a vig\u00eancia do contrato.<\/p>\n<p>9.14. Conduzir os trabalhos com estrita observ\u00e2ncia \u00e0s normas da legisla\u00e7\u00e3o pertinente, cumprindo as determina\u00e7\u00f5es dos Poderes P\u00fablicos, mantendo sempre limpo o local dos servi\u00e7os e nas melhores condi\u00e7\u00f5es de seguran\u00e7a, higiene e disciplina.<\/p>\n<p>9.15. Submeter previamente, por escrito, ao Contratante, para an\u00e1lise e aprova\u00e7\u00e3o, quaisquer mudan\u00e7as nos m\u00e9todos executivos que fujam \u00e0s especifica\u00e7\u00f5es do memorial descritivo ou instrumento cong\u00eanere.<\/p>\n<p>9.16. N\u00e3o permitir a utiliza\u00e7\u00e3o de qualquer trabalho do menor de dezesseis anos, exceto na condi\u00e7\u00e3o de aprendiz para os maiores de quatorze anos, nem permitir a utiliza\u00e7\u00e3o do trabalho do menor de dezoito anos em trabalho noturno, perigoso ou insalubre;<\/p>\n<p>9.17. \u00a0Manter durante toda a vig\u00eancia do contrato, em compatibilidade com as obriga\u00e7\u00f5es assumidas, todas as condi\u00e7\u00f5es exigidas para qualifica\u00e7\u00e3o na contrata\u00e7\u00e3o direta;<\/p>\n<p>9.18. Cumprir, durante todo o per\u00edodo de execu\u00e7\u00e3o do contrato, a reserva de cargos prevista em lei para pessoa com defici\u00eancia, para reabilitado da Previd\u00eancia Social ou para aprendiz, bem como as reservas de cargos previstas na legisla\u00e7\u00e3o (art. 116);<\/p>\n<p>9.19. Comprovar a reserva de cargos a que se refere a cl\u00e1usula acima, no prazo fixado pelo fiscal do contrato, com a indica\u00e7\u00e3o dos empregados que preencheram as referidas vagas (art. 116, par\u00e1grafo \u00fanico);<\/p>\n<p>9.20. Guardar sigilo sobre todas as informa\u00e7\u00f5es obtidas em decorr\u00eancia do cumprimento do contrato;<\/p>\n<p>9.21. Arcar com o \u00f4nus decorrente de eventual equ\u00edvoco no dimensionamento dos quantitativos de sua proposta, inclusive quanto aos custos vari\u00e1veis decorrentes de fatores futuros e incertos, devendo complement\u00e1-los, caso o previsto inicialmente em sua proposta n\u00e3o seja satisfat\u00f3rio para o atendimento do objeto da contrata\u00e7\u00e3o, exceto quando ocorrer algum dos eventos arrolados no art. 124, II, d, da Lei n\u00ba 14.133, de 2021;<\/p>\n<p>9.22. Cumprir, al\u00e9m dos postulados legais vigentes de \u00e2mbito federal, estadual ou municipal, as normas de seguran\u00e7a do Contratante;<\/p>\n<p><strong><b>CL\u00c1USULA D\u00c9CIMA\u2013 DOTA\u00c7\u00c3O OR\u00c7AMENT\u00c1RIA (art. 92, VIII)<\/b><\/strong><\/p>\n<ol start=\"10\">\n<li>As despesas decorrentes da presente contrata\u00e7\u00e3o correr\u00e3o \u00e0 conta de recursos espec\u00edficos consignados no Or\u00e7amento Geral da PREFEITURA MUNICIPAL deste exerc\u00edcio, na dota\u00e7\u00e3o abaixo discriminada:<\/li>\n<li>Gest\u00e3o\/Unidade:<\/li>\n<li>Fonte de Recursos:<\/li>\n<\/ol>\n<p>III. Programa de Trabalho:<\/p>\n<ol>\n<li>Elemento de Despesa:<\/li>\n<li>Plano Interno:<\/li>\n<li>Nota de Empenho:<\/li>\n<\/ol>\n<p><strong><b>CL\u00c1USULA D\u00c9CIMA PRIMEIRA \u2013 ALTERA\u00c7\u00d5ES<\/b><\/strong><\/p>\n<p>11.1. Eventuais altera\u00e7\u00f5es contratuais reger-se-\u00e3o pela disciplina dos arts. 124 e seguintes da Lei n\u00ba 14.133, de 2021.<\/p>\n<p>11.2. O contratado \u00e9 obrigado a aceitar, nas mesmas condi\u00e7\u00f5es contratuais, os acr\u00e9scimos ou supress\u00f5es que se fizerem necess\u00e1rios, at\u00e9 o limite de 25% (vinte e cinco por cento) do valor inicial atualizado do contrato.<\/p>\n<p>11.3. As altera\u00e7\u00f5es contratuais dever\u00e3o ser promovidas mediante celebra\u00e7\u00e3o de termo aditivo, submetido \u00e0 pr\u00e9via aprova\u00e7\u00e3o da consultoria jur\u00eddica do contratante, salvo nos casos de justificada necessidade de antecipa\u00e7\u00e3o de seus efeitos, hip\u00f3tese em que a formaliza\u00e7\u00e3o do aditivo dever\u00e1 ocorrer no prazo m\u00e1ximo de 1 (um) m\u00eas (art. 132 da Lei n\u00ba 14.133, de 2021).<\/p>\n<p>11.4. Registros que n\u00e3o caracterizam altera\u00e7\u00e3o do contrato podem ser realizados por simples apostila, dispensada a celebra\u00e7\u00e3o de termo aditivo, na forma do art. 136 da Lei n\u00ba 14.133, de 2021.<\/p>\n<ol start=\"12\">\n<li><b><\/b><strong><b>CL\u00c1USULA D\u00c9CIMA SEGUNDA \u2013 PUBLICA\u00c7\u00c3O<\/b><\/strong><\/li>\n<\/ol>\n<p>12.1. Incumbir\u00e1 ao contratante divulgar o presente instrumento no Portal Nacional de Contrata\u00e7\u00f5es P\u00fablicas (PNCP), na forma prevista no art. 94 da Lei 14.133, de 2021, bem como no respectivo s\u00edtio oficial na Internet, em aten\u00e7\u00e3o ao art. 91, caput, da Lei n.\u00ba 14.133, de 2021, e ao art. 8\u00ba, \u00a72\u00ba, da Lei n. 12.527, de 2011, c\/c art. 7\u00ba, \u00a73\u00ba, inciso V, do Decreto n. 7.724, de 2012.<\/p>\n<ol start=\"13\">\n<li><b><\/b><strong><b>CL\u00c1USULA D\u00c9CIMA TERCEIRA\u2013 FORO (art. 92, \u00a71\u00ba)<\/b><\/strong><\/li>\n<\/ol>\n<p>13.1. Fica eleito o Foro da Cidade de Canguaretama para dirimir os lit\u00edgios que decorrerem da execu\u00e7\u00e3o deste Termo de Contrato que n\u00e3o puderem ser compostos pela concilia\u00e7\u00e3o, conforme art. 92, \u00a71\u00ba, da Lei n\u00ba 14.133\/21.<\/p>\n<p>&nbsp;<\/p>\n<p>Vila Flor-Rio Grande do Norte,\u00a0\u2026\u2026..\u00a0de\u00a0\u2026\u2026\u2026\u2026\u2026\u2026.\u00a0de\u00a0\u2026\u2026\u2026\u2026\u2026\u2026..<\/p>\n<p>&nbsp;<\/p>\n<p>&nbsp;<\/p>\n<p><u>\u00a0<\/u>\u00a0_ _<u>\u00a0<\/u><\/p>\n<p><strong><b>CONTRATANTE<\/b><\/strong><\/p>\n<p><strong>\u00a0<\/strong><\/p>\n<p><strong>\u00a0<\/strong><\/p>\n<p><u>\u00a0<\/u>\u00a0_ _<u>\u00a0<\/u><\/p>\n<p><strong><b>CONTRATADA<\/b><\/strong><\/p>\n<h3><strong><b>\u00a0<\/b><\/strong><\/h3>\n<p style=\"text-align: right;\"><strong>Publicado por:<\/strong><br \/>\nGRINALDO JOAQUIM DE SOUZA<br \/>\nSecret\u00e1rio Municipal de Administra\u00e7\u00e3o<br \/>\n<strong>C\u00f3digo Identificador:<\/strong>\u00a08C6D6N7JO4<\/p>\n<div class=\"pdfprnt-buttons pdfprnt-buttons-post pdfprnt-bottom-right\"><a href=\"https:\/\/vilaflor.rn.gov.br\/transparencia\/wp-json\/wp\/v2\/posts?page=5&print=pdf#038;print=print\" class=\"pdfprnt-button pdfprnt-button-pdf\" target=\"_blank\"><img decoding=\"async\" src=\"https:\/\/vilaflor.rn.gov.br\/transparencia\/wp-content\/plugins\/pdf-print\/images\/pdf.png\" alt=\"image_pdf\" title=\"Baixar PDF\" \/><\/a><a href=\"https:\/\/vilaflor.rn.gov.br\/transparencia\/wp-json\/wp\/v2\/posts?page=5&print=print#038;print=print\" class=\"pdfprnt-button pdfprnt-button-print\" target=\"_blank\"><img decoding=\"async\" src=\"https:\/\/vilaflor.rn.gov.br\/transparencia\/wp-content\/plugins\/pdf-print\/images\/print.png\" alt=\"image_print\" title=\"Conte\u00fado de impress\u00e3o\" \/><\/a><\/div>","protected":false},"excerpt":{"rendered":"<p>ESTADO DO RIO GRANDE DO NORTE PREFEITURA MUNICIPAL DE VILA FLOR DADOS\u00a0DO\u00a0AVISO Vila Flor\/RN, em 09 de fevereiro\u00a0de 2026. &nbsp; PROCESSO\u00a0ADMINISTRATIVO:\u00a004020001\/2026 &nbsp; DATA\u00a0E\u00a0HORA\u00a0LIMITE\u00a0PARA\u00a0ENTREGA DA\u00a0PROPOSTA\u00a0DE\u00a0PRE\u00c7O\u00a0E\u00a0DOCUMENTOS\u00a0DE\u00a0HABILITA\u00c7\u00c3O &nbsp; At\u00e9\u00a0dia\u00a013\/02\/2026,\u00a0\u00e0s\u00a009:00h &nbsp; REFER\u00caNCIA\u00a0DE\u00a0HOR\u00c1RIO \u00a0 Hor\u00e1rio\u00a0de\u00a0Brasilia\u00a0\u2013\u00a0DF \u00a0 ENDERE\u00c7O ELETR\u00d4NICO PARA ENVIO DA PROPOSTA E\u00a0DOCUMENTOS\u00a0DE\u00a0HABILITA\u00c7\u00c3O \u00a0 PMVFLICITACOES2021@GMAIL.COM \u00a0 A\u00a0PREFEITURA MUNICIPAL DE VILA FLOR,\u00a0atrav\u00e9s\u00a0da\u00a0COMISS\u00c3O DE LICITA\u00c7\u00c3O, com\u00a0sede\u00a0na\u00a0Rua Jos\u00e9 Calazans, 169, Centro, Vila Flor\/RN, [&hellip;]<\/p>\n","protected":false},"author":1,"featured_media":0,"comment_status":"open","ping_status":"open","sticky":false,"template":"","format":"standard","meta":{"ocean_post_layout":"","ocean_both_sidebars_style":"","ocean_both_sidebars_content_width":0,"ocean_both_sidebars_sidebars_width":0,"ocean_sidebar":"0","ocean_second_sidebar":"0","ocean_disable_margins":"enable","ocean_add_body_class":"","ocean_shortcode_before_top_bar":"","ocean_shortcode_after_top_bar":"","ocean_shortcode_before_header":"","ocean_shortcode_after_header":"","ocean_has_shortcode":"","ocean_shortcode_after_title":"","ocean_shortcode_before_footer_widgets":"","ocean_shortcode_after_footer_widgets":"","ocean_shortcode_before_footer_bottom":"","ocean_shortcode_after_footer_bottom":"","ocean_display_top_bar":"default","ocean_display_header":"default","ocean_header_style":"","ocean_center_header_left_menu":"0","ocean_custom_header_template":"0","ocean_custom_logo":0,"ocean_custom_retina_logo":0,"ocean_custom_logo_max_width":0,"ocean_custom_logo_tablet_max_width":0,"ocean_custom_logo_mobile_max_width":0,"ocean_custom_logo_max_height":0,"ocean_custom_logo_tablet_max_height":0,"ocean_custom_logo_mobile_max_height":0,"ocean_header_custom_menu":"0","ocean_menu_typo_font_family":"0","ocean_menu_typo_font_subset":"","ocean_menu_typo_font_size":0,"ocean_menu_typo_font_size_tablet":0,"ocean_menu_typo_font_size_mobile":0,"ocean_menu_typo_font_size_unit":"px","ocean_menu_typo_font_weight":"","ocean_menu_typo_font_weight_tablet":"","ocean_menu_typo_font_weight_mobile":"","ocean_menu_typo_transform":"","ocean_menu_typo_transform_tablet":"","ocean_menu_typo_transform_mobile":"","ocean_menu_typo_line_height":0,"ocean_menu_typo_line_height_tablet":0,"ocean_menu_typo_line_height_mobile":0,"ocean_menu_typo_line_height_unit":"","ocean_menu_typo_spacing":0,"ocean_menu_typo_spacing_tablet":0,"ocean_menu_typo_spacing_mobile":0,"ocean_menu_typo_spacing_unit":"","ocean_menu_link_color":"","ocean_menu_link_color_hover":"","ocean_menu_link_color_active":"","ocean_menu_link_background":"","ocean_menu_link_hover_background":"","ocean_menu_link_active_background":"","ocean_menu_social_links_bg":"","ocean_menu_social_hover_links_bg":"","ocean_menu_social_links_color":"","ocean_menu_social_hover_links_color":"","ocean_disable_title":"default","ocean_disable_heading":"default","ocean_post_title":"","ocean_post_subheading":"","ocean_post_title_style":"","ocean_post_title_background_color":"","ocean_post_title_background":0,"ocean_post_title_bg_image_position":"","ocean_post_title_bg_image_attachment":"","ocean_post_title_bg_image_repeat":"","ocean_post_title_bg_image_size":"","ocean_post_title_height":0,"ocean_post_title_bg_overlay":0.5,"ocean_post_title_bg_overlay_color":"","ocean_disable_breadcrumbs":"default","ocean_breadcrumbs_color":"","ocean_breadcrumbs_separator_color":"","ocean_breadcrumbs_links_color":"","ocean_breadcrumbs_links_hover_color":"","ocean_display_footer_widgets":"default","ocean_display_footer_bottom":"default","ocean_custom_footer_template":"0","ocean_post_oembed":"","ocean_post_self_hosted_media":"","ocean_post_video_embed":"","ocean_link_format":"","ocean_link_format_target":"self","ocean_quote_format":"","ocean_quote_format_link":"post","ocean_gallery_link_images":"on","ocean_gallery_id":[],"footnotes":""},"categories":[5,4],"tags":[],"class_list":["post-4218","post","type-post","status-publish","format-standard","hentry","category-aviso-de-licitacao","category-licitacao","entry"],"_links":{"self":[{"href":"https:\/\/vilaflor.rn.gov.br\/transparencia\/wp-json\/wp\/v2\/posts\/4218","targetHints":{"allow":["GET"]}}],"collection":[{"href":"https:\/\/vilaflor.rn.gov.br\/transparencia\/wp-json\/wp\/v2\/posts"}],"about":[{"href":"https:\/\/vilaflor.rn.gov.br\/transparencia\/wp-json\/wp\/v2\/types\/post"}],"author":[{"embeddable":true,"href":"https:\/\/vilaflor.rn.gov.br\/transparencia\/wp-json\/wp\/v2\/users\/1"}],"replies":[{"embeddable":true,"href":"https:\/\/vilaflor.rn.gov.br\/transparencia\/wp-json\/wp\/v2\/comments?post=4218"}],"version-history":[{"count":1,"href":"https:\/\/vilaflor.rn.gov.br\/transparencia\/wp-json\/wp\/v2\/posts\/4218\/revisions"}],"predecessor-version":[{"id":4219,"href":"https:\/\/vilaflor.rn.gov.br\/transparencia\/wp-json\/wp\/v2\/posts\/4218\/revisions\/4219"}],"wp:attachment":[{"href":"https:\/\/vilaflor.rn.gov.br\/transparencia\/wp-json\/wp\/v2\/media?parent=4218"}],"wp:term":[{"taxonomy":"category","embeddable":true,"href":"https:\/\/vilaflor.rn.gov.br\/transparencia\/wp-json\/wp\/v2\/categories?post=4218"},{"taxonomy":"post_tag","embeddable":true,"href":"https:\/\/vilaflor.rn.gov.br\/transparencia\/wp-json\/wp\/v2\/tags?post=4218"}],"curies":[{"name":"wp","href":"https:\/\/api.w.org\/{rel}","templated":true}]}},{"id":4216,"date":"2026-02-09T09:52:32","date_gmt":"2026-02-09T12:52:32","guid":{"rendered":"https:\/\/vilaflor.rn.gov.br\/transparencia\/?p=4216"},"modified":"2026-04-02T09:53:07","modified_gmt":"2026-04-02T12:53:07","slug":"pregao-eletronico-003-2026-pmvf-rn-termo-de-adjudicacao-resultado","status":"publish","type":"post","link":"https:\/\/vilaflor.rn.gov.br\/transparencia\/pregao-eletronico-003-2026-pmvf-rn-termo-de-adjudicacao-resultado\/","title":{"rendered":"PREG\u00c3O ELETR\u00d4NICO \u2013 003\/2026 \u2013 PMVF\/RN TERMO DE ADJUDICA\u00c7\u00c3O RESULTADO"},"content":{"rendered":"<p><strong>ESTADO DO RIO GRANDE DO NORTE<\/strong><br \/>\n<strong>PREFEITURA MUNICIPAL DE VILA FLOR<\/strong><\/p>\n<p>O pregoeiro do Munic\u00edpio de Vila Flor, no uso de suas atribui\u00e7\u00f5es legais, torna p\u00fablico que o\u00a0<strong>Preg\u00e3o Eletr\u00f4nico n\u00ba 003\/2026<\/strong>, que tem como objeto<strong>:\u00a0<\/strong><strong>REGISTRO DE PRE\u00c7OS PARA FUTURA E EVENTUAL AQUISI\u00c7\u00c3O DE \u00c1GUA MINERAL E G\u00c1S DE COZINHA PARA ATENDER AS NECESSIDADES DA PREFEITURA E SECRETARIAS DO MUNIC\u00cdPIO DE VILA FLOR\/RN<\/strong><strong>, conforme especifica\u00e7\u00f5es e quantidades contidas no termo de refer\u00eancia<\/strong>, teve como vencedora a empresa:\u00a0<strong>WALBER CESAR MELO DA ROCHA \u2013 CNPJ: 13.920.428\/0001-02<\/strong><strong>,<\/strong>\u00a0assim, o resultado.<\/p>\n<p>&nbsp;<\/p>\n<p>Vila Flor\/RN, em 06 de fevereiro de 2026.<\/p>\n<p>&nbsp;<\/p>\n<p>&nbsp;<\/p>\n<p>&nbsp;<\/p>\n<p><strong>THUANNE KARLA CARVALHO DE SOUZA<\/strong><\/p>\n<p>Prefeita Municipal<\/p>\n<p style=\"text-align: right;\"><strong>Publicado por:<\/strong><br \/>\nGRINALDO JOAQUIM DE SOUZA<br \/>\nSecret\u00e1rio Municipal de Administra\u00e7\u00e3o<br \/>\n<strong>C\u00f3digo Identificador:<\/strong>\u00a0E977RRCO32<\/p>\n<div class=\"pdfprnt-buttons pdfprnt-buttons-post pdfprnt-bottom-right\"><a href=\"https:\/\/vilaflor.rn.gov.br\/transparencia\/wp-json\/wp\/v2\/posts?page=5&print=pdf#038;print=print\" class=\"pdfprnt-button pdfprnt-button-pdf\" target=\"_blank\"><img decoding=\"async\" src=\"https:\/\/vilaflor.rn.gov.br\/transparencia\/wp-content\/plugins\/pdf-print\/images\/pdf.png\" alt=\"image_pdf\" title=\"Baixar PDF\" \/><\/a><a href=\"https:\/\/vilaflor.rn.gov.br\/transparencia\/wp-json\/wp\/v2\/posts?page=5&print=print#038;print=print\" class=\"pdfprnt-button pdfprnt-button-print\" target=\"_blank\"><img decoding=\"async\" src=\"https:\/\/vilaflor.rn.gov.br\/transparencia\/wp-content\/plugins\/pdf-print\/images\/print.png\" alt=\"image_print\" title=\"Conte\u00fado de impress\u00e3o\" \/><\/a><\/div>","protected":false},"excerpt":{"rendered":"<p>ESTADO DO RIO GRANDE DO NORTE PREFEITURA MUNICIPAL DE VILA FLOR O pregoeiro do Munic\u00edpio de Vila Flor, no uso de suas atribui\u00e7\u00f5es legais, torna p\u00fablico que o\u00a0Preg\u00e3o Eletr\u00f4nico n\u00ba 003\/2026, que tem como objeto:\u00a0REGISTRO DE PRE\u00c7OS PARA FUTURA E EVENTUAL AQUISI\u00c7\u00c3O DE \u00c1GUA MINERAL E G\u00c1S DE COZINHA PARA ATENDER AS NECESSIDADES DA PREFEITURA [&hellip;]<\/p>\n","protected":false},"author":1,"featured_media":0,"comment_status":"open","ping_status":"open","sticky":false,"template":"","format":"standard","meta":{"ocean_post_layout":"","ocean_both_sidebars_style":"","ocean_both_sidebars_content_width":0,"ocean_both_sidebars_sidebars_width":0,"ocean_sidebar":"0","ocean_second_sidebar":"0","ocean_disable_margins":"enable","ocean_add_body_class":"","ocean_shortcode_before_top_bar":"","ocean_shortcode_after_top_bar":"","ocean_shortcode_before_header":"","ocean_shortcode_after_header":"","ocean_has_shortcode":"","ocean_shortcode_after_title":"","ocean_shortcode_before_footer_widgets":"","ocean_shortcode_after_footer_widgets":"","ocean_shortcode_before_footer_bottom":"","ocean_shortcode_after_footer_bottom":"","ocean_display_top_bar":"default","ocean_display_header":"default","ocean_header_style":"","ocean_center_header_left_menu":"0","ocean_custom_header_template":"0","ocean_custom_logo":0,"ocean_custom_retina_logo":0,"ocean_custom_logo_max_width":0,"ocean_custom_logo_tablet_max_width":0,"ocean_custom_logo_mobile_max_width":0,"ocean_custom_logo_max_height":0,"ocean_custom_logo_tablet_max_height":0,"ocean_custom_logo_mobile_max_height":0,"ocean_header_custom_menu":"0","ocean_menu_typo_font_family":"0","ocean_menu_typo_font_subset":"","ocean_menu_typo_font_size":0,"ocean_menu_typo_font_size_tablet":0,"ocean_menu_typo_font_size_mobile":0,"ocean_menu_typo_font_size_unit":"px","ocean_menu_typo_font_weight":"","ocean_menu_typo_font_weight_tablet":"","ocean_menu_typo_font_weight_mobile":"","ocean_menu_typo_transform":"","ocean_menu_typo_transform_tablet":"","ocean_menu_typo_transform_mobile":"","ocean_menu_typo_line_height":0,"ocean_menu_typo_line_height_tablet":0,"ocean_menu_typo_line_height_mobile":0,"ocean_menu_typo_line_height_unit":"","ocean_menu_typo_spacing":0,"ocean_menu_typo_spacing_tablet":0,"ocean_menu_typo_spacing_mobile":0,"ocean_menu_typo_spacing_unit":"","ocean_menu_link_color":"","ocean_menu_link_color_hover":"","ocean_menu_link_color_active":"","ocean_menu_link_background":"","ocean_menu_link_hover_background":"","ocean_menu_link_active_background":"","ocean_menu_social_links_bg":"","ocean_menu_social_hover_links_bg":"","ocean_menu_social_links_color":"","ocean_menu_social_hover_links_color":"","ocean_disable_title":"default","ocean_disable_heading":"default","ocean_post_title":"","ocean_post_subheading":"","ocean_post_title_style":"","ocean_post_title_background_color":"","ocean_post_title_background":0,"ocean_post_title_bg_image_position":"","ocean_post_title_bg_image_attachment":"","ocean_post_title_bg_image_repeat":"","ocean_post_title_bg_image_size":"","ocean_post_title_height":0,"ocean_post_title_bg_overlay":0.5,"ocean_post_title_bg_overlay_color":"","ocean_disable_breadcrumbs":"default","ocean_breadcrumbs_color":"","ocean_breadcrumbs_separator_color":"","ocean_breadcrumbs_links_color":"","ocean_breadcrumbs_links_hover_color":"","ocean_display_footer_widgets":"default","ocean_display_footer_bottom":"default","ocean_custom_footer_template":"0","ocean_post_oembed":"","ocean_post_self_hosted_media":"","ocean_post_video_embed":"","ocean_link_format":"","ocean_link_format_target":"self","ocean_quote_format":"","ocean_quote_format_link":"post","ocean_gallery_link_images":"on","ocean_gallery_id":[],"footnotes":""},"categories":[4,7],"tags":[],"class_list":["post-4216","post","type-post","status-publish","format-standard","hentry","category-licitacao","category-resultados-de-licitacao","entry"],"_links":{"self":[{"href":"https:\/\/vilaflor.rn.gov.br\/transparencia\/wp-json\/wp\/v2\/posts\/4216","targetHints":{"allow":["GET"]}}],"collection":[{"href":"https:\/\/vilaflor.rn.gov.br\/transparencia\/wp-json\/wp\/v2\/posts"}],"about":[{"href":"https:\/\/vilaflor.rn.gov.br\/transparencia\/wp-json\/wp\/v2\/types\/post"}],"author":[{"embeddable":true,"href":"https:\/\/vilaflor.rn.gov.br\/transparencia\/wp-json\/wp\/v2\/users\/1"}],"replies":[{"embeddable":true,"href":"https:\/\/vilaflor.rn.gov.br\/transparencia\/wp-json\/wp\/v2\/comments?post=4216"}],"version-history":[{"count":1,"href":"https:\/\/vilaflor.rn.gov.br\/transparencia\/wp-json\/wp\/v2\/posts\/4216\/revisions"}],"predecessor-version":[{"id":4217,"href":"https:\/\/vilaflor.rn.gov.br\/transparencia\/wp-json\/wp\/v2\/posts\/4216\/revisions\/4217"}],"wp:attachment":[{"href":"https:\/\/vilaflor.rn.gov.br\/transparencia\/wp-json\/wp\/v2\/media?parent=4216"}],"wp:term":[{"taxonomy":"category","embeddable":true,"href":"https:\/\/vilaflor.rn.gov.br\/transparencia\/wp-json\/wp\/v2\/categories?post=4216"},{"taxonomy":"post_tag","embeddable":true,"href":"https:\/\/vilaflor.rn.gov.br\/transparencia\/wp-json\/wp\/v2\/tags?post=4216"}],"curies":[{"name":"wp","href":"https:\/\/api.w.org\/{rel}","templated":true}]}},{"id":4214,"date":"2026-02-06T09:51:45","date_gmt":"2026-02-06T12:51:45","guid":{"rendered":"https:\/\/vilaflor.rn.gov.br\/transparencia\/?p=4214"},"modified":"2026-04-02T09:52:16","modified_gmt":"2026-04-02T12:52:16","slug":"extrato-de-contrato-n-010-2026-inexigibilidade-de-licitacao-n-006-2026","status":"publish","type":"post","link":"https:\/\/vilaflor.rn.gov.br\/transparencia\/extrato-de-contrato-n-010-2026-inexigibilidade-de-licitacao-n-006-2026\/","title":{"rendered":"EXTRATO DE CONTRATO N\u00b0 010\/2026 INEXIGIBILIDADE DE LICITA\u00c7\u00c3O N\u00b0 006\/2026"},"content":{"rendered":"<p><strong>ESTADO DO RIO GRANDE DO NORTE<\/strong><br \/>\n<strong>PREFEITURA MUNICIPAL DE VILA FLOR<\/strong><\/p>\n<p><strong>CONTRATANTE<\/strong>: Munic\u00edpio de Vila Flor\/ Prefeitura Municipal<\/p>\n<p><strong>CONTRATADA<\/strong>:\u00a0<strong>CENTRO DE ACAO COMUNITARIA DE ENTIDADES ORGANIZACIONAIS<\/strong><\/p>\n<p><strong>MODALIDADE<\/strong>: Inexigibilidade de Licita\u00e7\u00e3o n\u00b0 006\/2026<\/p>\n<p><strong>OBJETO<\/strong>: CONTRATA\u00c7\u00c3O DE EMPRESA ESPECIALIZADA NA PRESTA\u00c7\u00c3O DE SERVI\u00c7OS NA GEST\u00c3O DE CONV\u00caNIOS E CONTRATOS DE REPASSE COM A ADMINISTRA\u00c7\u00c3O DIRETA E INDIRETA DO GOVERNO FEDERAL E GOVERNO DO ESTADO DO RIO GRANDE DO NORTE, ACOMPANHAR PROPOSTAS E PROJETOS JUNTOS AOS MINIST\u00c9RIOS E DEMAIS \u00d3RG\u00c3OS FEDERAIS CESSION\u00c1RIOS DE RECURSOS, AT\u00c9 A EFETIVA\u00c7\u00c3O DE SUA LIBERA\u00c7\u00c3O, GEST\u00c3O DOS CONTRATOS E CONV\u00caNIOS JUNTO A CAIXA ECON\u00d4MICA FEDERAL E(OU) OUTROS AGENTES FINANCEIROS E SUAS PRESTA\u00c7\u00d5ES DE CONTAS E AINDA DISPOR DE OPERADORES DOS SISTEMAS DE CONV\u00caNIOS DO GOVERNO FEDERAL, BEM COMO ESTRUTURA F\u00cdSICA E OPERACIONAL PARA ATENDIMENTO NA CAPITAL DO ESTADO DO RIO GRANDE DO NORTE.<\/p>\n<p><strong>VALOR MENSAL ESTIMADO<\/strong>: R$ 7.000,00 (Sete mil reais)<\/p>\n<p><strong>DATA DE ASSINATURA<\/strong>: 04 de fevereiro de 2026<\/p>\n<p><strong>VIG\u00caNCIA<\/strong>: 04 de fevereiro de 2026 a 05 de fevereiro de 2027.<\/p>\n<p><strong>FUNDAMENTO LEGAL<\/strong>: Art. 74, Inciso III, \u201cc\u201d, da Lei n\u00ba 14.133\/21.<\/p>\n<p><strong>DOTA\u00c7\u00c3O OR\u00c7AMENT\u00c1RIA:<\/strong><\/p>\n<p><strong>\u00a0<\/strong><\/p>\n<p>Unidade gestora: \u00a0\u00a0\u00a0\u00a0\u00a0\u00a0\u00a0\u00a0\u00a0\u00a0\u00a0\u00a0\u00a0\u00a0\u00a0\u00a0\u00a0\u00a0 PREFEITURA MUNICIPAL DE VILA FLOR;<\/p>\n<p>Unidade or\u00e7ament\u00e1ria: \u00a0\u00a0\u00a0\u00a0\u00a0\u00a0\u00a0\u00a0\u00a0 03.001 \u2013 Secretaria Municipal de Administra\u00e7\u00e3o<\/p>\n<p>Projeto\/Atividade: \u00a0\u00a0\u00a0\u00a0\u00a0\u00a0\u00a0\u00a0\u00a0\u00a0\u00a0\u00a0\u00a0\u00a0\u00a0\u00a0 2.007 \u2013 Manuten\u00e7\u00e3o das A\u00e7\u00f5es da Secretaria Municipal de Administra\u00e7\u00e3o<\/p>\n<p>Natureza da Despesa: \u00a0\u00a0\u00a0\u00a0\u00a0\u00a0\u00a0\u00a0\u00a0\u00a0\u00a0\u00a0\u00a0\u00a0\u00a0\u00a0\u00a0\u00a0\u00a0\u00a0\u00a0\u00a0 3.3.90.39.00 \u2013 Outros Servi\u00e7os de Terceiros \u2013 Pessoa Jur\u00eddica<\/p>\n<p>Fonte de Recursos: \u00a0\u00a0\u00a0\u00a0\u00a0\u00a0\u00a0\u00a0\u00a0\u00a0\u00a0\u00a0\u00a0\u00a0\u00a0 15000000 \u2013 Recursos n\u00e3o vinculados de impostos<\/p>\n<p style=\"text-align: right;\"><strong>Publicado por:<\/strong><br \/>\nGRINALDO JOAQUIM DE SOUZA<br \/>\nSecret\u00e1rio Municipal de Administra\u00e7\u00e3o<br \/>\n<strong>C\u00f3digo Identificador:<\/strong>\u00a0X2XKLF98IA<\/p>\n<div class=\"pdfprnt-buttons pdfprnt-buttons-post pdfprnt-bottom-right\"><a href=\"https:\/\/vilaflor.rn.gov.br\/transparencia\/wp-json\/wp\/v2\/posts?page=5&print=pdf#038;print=print\" class=\"pdfprnt-button pdfprnt-button-pdf\" target=\"_blank\"><img decoding=\"async\" src=\"https:\/\/vilaflor.rn.gov.br\/transparencia\/wp-content\/plugins\/pdf-print\/images\/pdf.png\" alt=\"image_pdf\" title=\"Baixar PDF\" \/><\/a><a href=\"https:\/\/vilaflor.rn.gov.br\/transparencia\/wp-json\/wp\/v2\/posts?page=5&print=print#038;print=print\" class=\"pdfprnt-button pdfprnt-button-print\" target=\"_blank\"><img decoding=\"async\" src=\"https:\/\/vilaflor.rn.gov.br\/transparencia\/wp-content\/plugins\/pdf-print\/images\/print.png\" alt=\"image_print\" title=\"Conte\u00fado de impress\u00e3o\" \/><\/a><\/div>","protected":false},"excerpt":{"rendered":"<p>ESTADO DO RIO GRANDE DO NORTE PREFEITURA MUNICIPAL DE VILA FLOR CONTRATANTE: Munic\u00edpio de Vila Flor\/ Prefeitura Municipal CONTRATADA:\u00a0CENTRO DE ACAO COMUNITARIA DE ENTIDADES ORGANIZACIONAIS MODALIDADE: Inexigibilidade de Licita\u00e7\u00e3o n\u00b0 006\/2026 OBJETO: CONTRATA\u00c7\u00c3O DE EMPRESA ESPECIALIZADA NA PRESTA\u00c7\u00c3O DE SERVI\u00c7OS NA GEST\u00c3O DE CONV\u00caNIOS E CONTRATOS DE REPASSE COM A ADMINISTRA\u00c7\u00c3O DIRETA E INDIRETA DO [&hellip;]<\/p>\n","protected":false},"author":1,"featured_media":0,"comment_status":"open","ping_status":"open","sticky":false,"template":"","format":"standard","meta":{"ocean_post_layout":"","ocean_both_sidebars_style":"","ocean_both_sidebars_content_width":0,"ocean_both_sidebars_sidebars_width":0,"ocean_sidebar":"0","ocean_second_sidebar":"0","ocean_disable_margins":"enable","ocean_add_body_class":"","ocean_shortcode_before_top_bar":"","ocean_shortcode_after_top_bar":"","ocean_shortcode_before_header":"","ocean_shortcode_after_header":"","ocean_has_shortcode":"","ocean_shortcode_after_title":"","ocean_shortcode_before_footer_widgets":"","ocean_shortcode_after_footer_widgets":"","ocean_shortcode_before_footer_bottom":"","ocean_shortcode_after_footer_bottom":"","ocean_display_top_bar":"default","ocean_display_header":"default","ocean_header_style":"","ocean_center_header_left_menu":"0","ocean_custom_header_template":"0","ocean_custom_logo":0,"ocean_custom_retina_logo":0,"ocean_custom_logo_max_width":0,"ocean_custom_logo_tablet_max_width":0,"ocean_custom_logo_mobile_max_width":0,"ocean_custom_logo_max_height":0,"ocean_custom_logo_tablet_max_height":0,"ocean_custom_logo_mobile_max_height":0,"ocean_header_custom_menu":"0","ocean_menu_typo_font_family":"0","ocean_menu_typo_font_subset":"","ocean_menu_typo_font_size":0,"ocean_menu_typo_font_size_tablet":0,"ocean_menu_typo_font_size_mobile":0,"ocean_menu_typo_font_size_unit":"px","ocean_menu_typo_font_weight":"","ocean_menu_typo_font_weight_tablet":"","ocean_menu_typo_font_weight_mobile":"","ocean_menu_typo_transform":"","ocean_menu_typo_transform_tablet":"","ocean_menu_typo_transform_mobile":"","ocean_menu_typo_line_height":0,"ocean_menu_typo_line_height_tablet":0,"ocean_menu_typo_line_height_mobile":0,"ocean_menu_typo_line_height_unit":"","ocean_menu_typo_spacing":0,"ocean_menu_typo_spacing_tablet":0,"ocean_menu_typo_spacing_mobile":0,"ocean_menu_typo_spacing_unit":"","ocean_menu_link_color":"","ocean_menu_link_color_hover":"","ocean_menu_link_color_active":"","ocean_menu_link_background":"","ocean_menu_link_hover_background":"","ocean_menu_link_active_background":"","ocean_menu_social_links_bg":"","ocean_menu_social_hover_links_bg":"","ocean_menu_social_links_color":"","ocean_menu_social_hover_links_color":"","ocean_disable_title":"default","ocean_disable_heading":"default","ocean_post_title":"","ocean_post_subheading":"","ocean_post_title_style":"","ocean_post_title_background_color":"","ocean_post_title_background":0,"ocean_post_title_bg_image_position":"","ocean_post_title_bg_image_attachment":"","ocean_post_title_bg_image_repeat":"","ocean_post_title_bg_image_size":"","ocean_post_title_height":0,"ocean_post_title_bg_overlay":0.5,"ocean_post_title_bg_overlay_color":"","ocean_disable_breadcrumbs":"default","ocean_breadcrumbs_color":"","ocean_breadcrumbs_separator_color":"","ocean_breadcrumbs_links_color":"","ocean_breadcrumbs_links_hover_color":"","ocean_display_footer_widgets":"default","ocean_display_footer_bottom":"default","ocean_custom_footer_template":"0","ocean_post_oembed":"","ocean_post_self_hosted_media":"","ocean_post_video_embed":"","ocean_link_format":"","ocean_link_format_target":"self","ocean_quote_format":"","ocean_quote_format_link":"post","ocean_gallery_link_images":"on","ocean_gallery_id":[],"footnotes":""},"categories":[58,75,4],"tags":[],"class_list":["post-4214","post","type-post","status-publish","format-standard","hentry","category-contratos","category-contratos-2026","category-licitacao","entry"],"_links":{"self":[{"href":"https:\/\/vilaflor.rn.gov.br\/transparencia\/wp-json\/wp\/v2\/posts\/4214","targetHints":{"allow":["GET"]}}],"collection":[{"href":"https:\/\/vilaflor.rn.gov.br\/transparencia\/wp-json\/wp\/v2\/posts"}],"about":[{"href":"https:\/\/vilaflor.rn.gov.br\/transparencia\/wp-json\/wp\/v2\/types\/post"}],"author":[{"embeddable":true,"href":"https:\/\/vilaflor.rn.gov.br\/transparencia\/wp-json\/wp\/v2\/users\/1"}],"replies":[{"embeddable":true,"href":"https:\/\/vilaflor.rn.gov.br\/transparencia\/wp-json\/wp\/v2\/comments?post=4214"}],"version-history":[{"count":1,"href":"https:\/\/vilaflor.rn.gov.br\/transparencia\/wp-json\/wp\/v2\/posts\/4214\/revisions"}],"predecessor-version":[{"id":4215,"href":"https:\/\/vilaflor.rn.gov.br\/transparencia\/wp-json\/wp\/v2\/posts\/4214\/revisions\/4215"}],"wp:attachment":[{"href":"https:\/\/vilaflor.rn.gov.br\/transparencia\/wp-json\/wp\/v2\/media?parent=4214"}],"wp:term":[{"taxonomy":"category","embeddable":true,"href":"https:\/\/vilaflor.rn.gov.br\/transparencia\/wp-json\/wp\/v2\/categories?post=4214"},{"taxonomy":"post_tag","embeddable":true,"href":"https:\/\/vilaflor.rn.gov.br\/transparencia\/wp-json\/wp\/v2\/tags?post=4214"}],"curies":[{"name":"wp","href":"https:\/\/api.w.org\/{rel}","templated":true}]}},{"id":4212,"date":"2026-02-06T09:51:05","date_gmt":"2026-02-06T12:51:05","guid":{"rendered":"https:\/\/vilaflor.rn.gov.br\/transparencia\/?p=4212"},"modified":"2026-04-02T09:51:38","modified_gmt":"2026-04-02T12:51:38","slug":"termo-de-inexigibilidade-de-licitacao-n-006-2026","status":"publish","type":"post","link":"https:\/\/vilaflor.rn.gov.br\/transparencia\/termo-de-inexigibilidade-de-licitacao-n-006-2026\/","title":{"rendered":"TERMO DE INEXIGIBILIDADE DE LICITA\u00c7\u00c3O N\u00b0 006\/2026"},"content":{"rendered":"<p><strong>ESTADO DO RIO GRANDE DO NORTE<\/strong><br \/>\n<strong>PREFEITURA MUNICIPAL DE VILA FLOR<\/strong><\/p>\n<p>Fica dispensado da realiza\u00e7\u00e3o do certame licitat\u00f3rio para a CONTRATA\u00c7\u00c3O DE EMPRESA ESPECIALIZADA NA PRESTA\u00c7\u00c3O DE SERVI\u00c7OS NA GEST\u00c3O DE CONV\u00caNIOS E CONTRATOS DE REPASSE COM A ADMINISTRA\u00c7\u00c3O DIRETA E INDIRETA DO GOVERNO FEDERAL E GOVERNO DO ESTADO DO RIO GRANDE DO NORTE, ACOMPANHAR PROPOSTAS E PROJETOS JUNTOS AOS MINIST\u00c9RIOS E DEMAIS \u00d3RG\u00c3OS FEDERAIS CESSION\u00c1RIOS DE RECURSOS, AT\u00c9 A EFETIVA\u00c7\u00c3O DE SUA LIBERA\u00c7\u00c3O, GEST\u00c3O DOS CONTRATOS E CONV\u00caNIOS JUNTO A CAIXA ECON\u00d4MICA FEDERAL E(OU) OUTROS AGENTES FINANCEIROS E SUAS PRESTA\u00c7\u00d5ES DE CONTAS E AINDA DISPOR DE OPERADORES DOS SISTEMAS DE CONV\u00caNIOS DO GOVERNO FEDERAL, BEM COMO ESTRUTURA F\u00cdSICA E OPERACIONAL PARA ATENDIMENTO NA CAPITAL DO ESTADO DO RIO GRANDE DO NORTE. Declaro o interessado CENTRO DE ACAO COMUNITARIA DE ENTIDADES ORGANIZACIONAIS, CNPJ sob o N\u00b0 02.398.628\/0001-12, como apto e atestado para a execu\u00e7\u00e3o do servi\u00e7o de natureza cont\u00ednua. O servi\u00e7o ser\u00e1 realizado sob a responsabilidade e fiscaliza\u00e7\u00e3o desta Prefeitura Municipal. A motiva\u00e7\u00e3o se d\u00e1 pelo interesse P\u00fablico, tendo em vista ainda a necessidade da administra\u00e7\u00e3o em contratar o servi\u00e7o em apre\u00e7o com o valor R$ 7.000,00 (Sete mil reais) mensais em face de not\u00f3rio interesse p\u00fablico na execu\u00e7\u00e3o das atividades desempenhadas. As despesas decorrentes desta contrata\u00e7\u00e3o est\u00e3o programadas em dota\u00e7\u00e3o or\u00e7ament\u00e1ria pr\u00f3pria, prevista no or\u00e7amento do Munic\u00edpio de Vila Flor\/RN, para o exerc\u00edcio de 2026, na classifica\u00e7\u00e3o a seguir: Unidade or\u00e7ament\u00e1ria: 03.001 \u2013 Secretaria Municipal de Administra\u00e7\u00e3o; Projeto\/Atividade: 2.007 \u2013 Manuten\u00e7\u00e3o das A\u00e7\u00f5es da Secretaria Municipal de Administra\u00e7\u00e3o; Natureza da Despesa: 3.3.90.39.00 \u2013 Outros Servi\u00e7os de Terceiros \u2013 Pessoa Jur\u00eddica; Fonte de Recursos: 15000000 \u2013 Recursos n\u00e3o vinculados de impostos;<\/p>\n<p><strong>RATIFICA\u00c7\u00c3O<\/strong><\/p>\n<p>Ante o exposto, tendo em vista os fundamentos apresentados e a regularidade formal do Processo Administrativo n\u00b0\u00a0<strong>12010003\/2026<\/strong>, bem como seu enquadramento legal, que fundamenta a Lei Federal n\u00ba 14.133\/2021 e legisla\u00e7\u00e3o complementar e, ainda de conformidade com o resultado do presente certame, usando das atribui\u00e7\u00f5es que nos s\u00e3o conferidas, a Prefeita Municipal de Vila Flor\/RN, atrav\u00e9s da Secretaria Municipal de Administra\u00e7\u00e3o, no uso de suas atribui\u00e7\u00f5es legais e com base nas informa\u00e7\u00f5es constantes do processo de licita\u00e7\u00e3o em ep\u00edgrafe, resolve\u00a0<strong>RATIFICAR<\/strong>\u00a0o\u00a0<strong>TERMO DE INEXIGIBILIDADE DE LICITA\u00c7\u00c3O N\u00ba 006\/2026,\u00a0<\/strong>para que este produza seus legais efeitos.<\/p>\n<p>Publique-se.<\/p>\n<p>&nbsp;<\/p>\n<p>Vila Flor\/RN, em 02 de fevereiro de 2026.<\/p>\n<p>&nbsp;<\/p>\n<p>&nbsp;<\/p>\n<p>_______________________________<\/p>\n<p>THUANNE KARLA CARVALHO DE SOUZA<\/p>\n<p><strong>Prefeita Municipal<\/strong><\/p>\n<p style=\"text-align: right;\"><strong>Publicado por:<\/strong><br \/>\nGRINALDO JOAQUIM DE SOUZA<br \/>\nSecret\u00e1rio Municipal de Administra\u00e7\u00e3o<br \/>\n<strong>C\u00f3digo Identificador:<\/strong>\u00a0ZNMB4GZN5E<\/p>\n<div class=\"pdfprnt-buttons pdfprnt-buttons-post pdfprnt-bottom-right\"><a href=\"https:\/\/vilaflor.rn.gov.br\/transparencia\/wp-json\/wp\/v2\/posts?page=5&print=pdf#038;print=print\" class=\"pdfprnt-button pdfprnt-button-pdf\" target=\"_blank\"><img decoding=\"async\" src=\"https:\/\/vilaflor.rn.gov.br\/transparencia\/wp-content\/plugins\/pdf-print\/images\/pdf.png\" alt=\"image_pdf\" title=\"Baixar PDF\" \/><\/a><a href=\"https:\/\/vilaflor.rn.gov.br\/transparencia\/wp-json\/wp\/v2\/posts?page=5&print=print#038;print=print\" class=\"pdfprnt-button pdfprnt-button-print\" target=\"_blank\"><img decoding=\"async\" src=\"https:\/\/vilaflor.rn.gov.br\/transparencia\/wp-content\/plugins\/pdf-print\/images\/print.png\" alt=\"image_print\" title=\"Conte\u00fado de impress\u00e3o\" \/><\/a><\/div>","protected":false},"excerpt":{"rendered":"<p>ESTADO DO RIO GRANDE DO NORTE PREFEITURA MUNICIPAL DE VILA FLOR Fica dispensado da realiza\u00e7\u00e3o do certame licitat\u00f3rio para a CONTRATA\u00c7\u00c3O DE EMPRESA ESPECIALIZADA NA PRESTA\u00c7\u00c3O DE SERVI\u00c7OS NA GEST\u00c3O DE CONV\u00caNIOS E CONTRATOS DE REPASSE COM A ADMINISTRA\u00c7\u00c3O DIRETA E INDIRETA DO GOVERNO FEDERAL E GOVERNO DO ESTADO DO RIO GRANDE DO NORTE, ACOMPANHAR [&hellip;]<\/p>\n","protected":false},"author":1,"featured_media":0,"comment_status":"open","ping_status":"open","sticky":false,"template":"","format":"standard","meta":{"ocean_post_layout":"","ocean_both_sidebars_style":"","ocean_both_sidebars_content_width":0,"ocean_both_sidebars_sidebars_width":0,"ocean_sidebar":"0","ocean_second_sidebar":"0","ocean_disable_margins":"enable","ocean_add_body_class":"","ocean_shortcode_before_top_bar":"","ocean_shortcode_after_top_bar":"","ocean_shortcode_before_header":"","ocean_shortcode_after_header":"","ocean_has_shortcode":"","ocean_shortcode_after_title":"","ocean_shortcode_before_footer_widgets":"","ocean_shortcode_after_footer_widgets":"","ocean_shortcode_before_footer_bottom":"","ocean_shortcode_after_footer_bottom":"","ocean_display_top_bar":"default","ocean_display_header":"default","ocean_header_style":"","ocean_center_header_left_menu":"0","ocean_custom_header_template":"0","ocean_custom_logo":0,"ocean_custom_retina_logo":0,"ocean_custom_logo_max_width":0,"ocean_custom_logo_tablet_max_width":0,"ocean_custom_logo_mobile_max_width":0,"ocean_custom_logo_max_height":0,"ocean_custom_logo_tablet_max_height":0,"ocean_custom_logo_mobile_max_height":0,"ocean_header_custom_menu":"0","ocean_menu_typo_font_family":"0","ocean_menu_typo_font_subset":"","ocean_menu_typo_font_size":0,"ocean_menu_typo_font_size_tablet":0,"ocean_menu_typo_font_size_mobile":0,"ocean_menu_typo_font_size_unit":"px","ocean_menu_typo_font_weight":"","ocean_menu_typo_font_weight_tablet":"","ocean_menu_typo_font_weight_mobile":"","ocean_menu_typo_transform":"","ocean_menu_typo_transform_tablet":"","ocean_menu_typo_transform_mobile":"","ocean_menu_typo_line_height":0,"ocean_menu_typo_line_height_tablet":0,"ocean_menu_typo_line_height_mobile":0,"ocean_menu_typo_line_height_unit":"","ocean_menu_typo_spacing":0,"ocean_menu_typo_spacing_tablet":0,"ocean_menu_typo_spacing_mobile":0,"ocean_menu_typo_spacing_unit":"","ocean_menu_link_color":"","ocean_menu_link_color_hover":"","ocean_menu_link_color_active":"","ocean_menu_link_background":"","ocean_menu_link_hover_background":"","ocean_menu_link_active_background":"","ocean_menu_social_links_bg":"","ocean_menu_social_hover_links_bg":"","ocean_menu_social_links_color":"","ocean_menu_social_hover_links_color":"","ocean_disable_title":"default","ocean_disable_heading":"default","ocean_post_title":"","ocean_post_subheading":"","ocean_post_title_style":"","ocean_post_title_background_color":"","ocean_post_title_background":0,"ocean_post_title_bg_image_position":"","ocean_post_title_bg_image_attachment":"","ocean_post_title_bg_image_repeat":"","ocean_post_title_bg_image_size":"","ocean_post_title_height":0,"ocean_post_title_bg_overlay":0.5,"ocean_post_title_bg_overlay_color":"","ocean_disable_breadcrumbs":"default","ocean_breadcrumbs_color":"","ocean_breadcrumbs_separator_color":"","ocean_breadcrumbs_links_color":"","ocean_breadcrumbs_links_hover_color":"","ocean_display_footer_widgets":"default","ocean_display_footer_bottom":"default","ocean_custom_footer_template":"0","ocean_post_oembed":"","ocean_post_self_hosted_media":"","ocean_post_video_embed":"","ocean_link_format":"","ocean_link_format_target":"self","ocean_quote_format":"","ocean_quote_format_link":"post","ocean_gallery_link_images":"on","ocean_gallery_id":[],"footnotes":""},"categories":[12,74,4],"tags":[],"class_list":["post-4212","post","type-post","status-publish","format-standard","hentry","category-inexigibilidade","category-inexigibilidade-2026","category-licitacao","entry"],"_links":{"self":[{"href":"https:\/\/vilaflor.rn.gov.br\/transparencia\/wp-json\/wp\/v2\/posts\/4212","targetHints":{"allow":["GET"]}}],"collection":[{"href":"https:\/\/vilaflor.rn.gov.br\/transparencia\/wp-json\/wp\/v2\/posts"}],"about":[{"href":"https:\/\/vilaflor.rn.gov.br\/transparencia\/wp-json\/wp\/v2\/types\/post"}],"author":[{"embeddable":true,"href":"https:\/\/vilaflor.rn.gov.br\/transparencia\/wp-json\/wp\/v2\/users\/1"}],"replies":[{"embeddable":true,"href":"https:\/\/vilaflor.rn.gov.br\/transparencia\/wp-json\/wp\/v2\/comments?post=4212"}],"version-history":[{"count":1,"href":"https:\/\/vilaflor.rn.gov.br\/transparencia\/wp-json\/wp\/v2\/posts\/4212\/revisions"}],"predecessor-version":[{"id":4213,"href":"https:\/\/vilaflor.rn.gov.br\/transparencia\/wp-json\/wp\/v2\/posts\/4212\/revisions\/4213"}],"wp:attachment":[{"href":"https:\/\/vilaflor.rn.gov.br\/transparencia\/wp-json\/wp\/v2\/media?parent=4212"}],"wp:term":[{"taxonomy":"category","embeddable":true,"href":"https:\/\/vilaflor.rn.gov.br\/transparencia\/wp-json\/wp\/v2\/categories?post=4212"},{"taxonomy":"post_tag","embeddable":true,"href":"https:\/\/vilaflor.rn.gov.br\/transparencia\/wp-json\/wp\/v2\/tags?post=4212"}],"curies":[{"name":"wp","href":"https:\/\/api.w.org\/{rel}","templated":true}]}}]