[{"id":4276,"date":"2026-02-25T11:07:03","date_gmt":"2026-02-25T14:07:03","guid":{"rendered":"https:\/\/vilaflor.rn.gov.br\/transparencia\/?p=4276"},"modified":"2026-04-02T11:07:45","modified_gmt":"2026-04-02T14:07:45","slug":"termo-de-inexigibilidade-de-licitacao-no-011-2026","status":"publish","type":"post","link":"https:\/\/vilaflor.rn.gov.br\/transparencia\/termo-de-inexigibilidade-de-licitacao-no-011-2026\/","title":{"rendered":"TERMO DE INEXIGIBILIDADE DE LICITA\u00c7\u00c3O N\u00ba 011\/2026"},"content":{"rendered":"<p><strong>ESTADO DO RIO GRANDE DO NORTE<\/strong><br \/>\n<strong>PREFEITURA MUNICIPAL DE VILA FLOR<\/strong><\/p>\n<p>Foi declarada inexig\u00edvel a realiza\u00e7\u00e3o do certame licitat\u00f3rio para a CONTRATA\u00c7\u00c3O DE APRESENTA\u00c7\u00c3O DE UM SHOW ART\u00cdSTICO AO VIVO DE (THIAGO FREITAS) PARA O EVENTO FESTA DA PADROEIRA, CUJA APRESENTA\u00c7\u00c3O REALIZAR-SE-\u00c1 NO DIA 28 DE FEVEREIRO DE 2026, conforme especifica\u00e7\u00f5es e condi\u00e7\u00f5es previstas no Termo de Refer\u00eancia. Para a execu\u00e7\u00e3o dos servi\u00e7os objeto desta contrata\u00e7\u00e3o, a Prefeitura Municipal de Vila Flor\/RN pagar\u00e1 \u00e0 contratada a quantia de\u00a0<strong>R$ 250.000,00 (Duzentos e cinquenta mil reais)<\/strong>. A motiva\u00e7\u00e3o se d\u00e1 pela impossibilidade da realiza\u00e7\u00e3o de concorr\u00eancia em face da inexist\u00eancia de crit\u00e9rios objetivos para diferenciar as performances art\u00edsticas, nos termos do art. 74, inciso II, da Lei 14.133\/21. Contrata-se, portanto, a THIAGO FREITAS PROMO\u00c7\u00d5ES ARTISTICAS LTDA, com o CNPJ sob o n\u00b0 48.910.333\/0001-84 com sede na RUA CANOPUS, 240, SALA 10, PARQUE DAS NA\u00c7\u00d5ES, PARNAMIRIM\/RN, CEP 59.158-775, fornecedor do servi\u00e7o em tela. A despesa decorrente com a presente contrata\u00e7\u00e3o correr\u00e1 no exerc\u00edcio de 2026 \u00e0 conta das Dota\u00e7\u00f5es Or\u00e7ament\u00e1rias: \u00d3rg\u00e3o: 20 Secretaria de Cultura, Esporte e Lazer; Gest\u00e3o\/Unidade:\u00a008.001 \u2013 Secretaria Municipal de Cultura, Esporte e Lazer; Projeto\/Atividade:\u00a0 2.048 \u2013 Promo\u00e7\u00f5es e Eventos Culturais; Classifica\u00e7\u00e3o Econ\u00f4mica:\u00a0 3.3.90.39.00 \u2013 Outros servi\u00e7os de Terceiros \u2013 Pessoa Jur\u00eddica; Subelemento: 3.3.90.39.23 \u2013 Festividades e Homenagens; Fonte de Recurso: 1500000000 \u2013 Recrusos n\u00e3o vinculados de Impostos.<\/p>\n<p>&nbsp;<\/p>\n<p><strong>RATIFICA\u00c7\u00c3O<\/strong><\/p>\n<p>&nbsp;<\/p>\n<p>Ante o exposto, tendo em vista os fundamentos apresentados e a regularidade formal do\u00a0<strong>Processo Administrativo n\u00b0 13020003\/2026<\/strong>, bem como seu enquadramento legal, que fundamenta a Lei Federal n\u00ba14.133\/2021 e legisla\u00e7\u00e3o complementar e, ainda de conformidade com o resultado do presente certame,usando das atribui\u00e7\u00f5es que nos s\u00e3o conferidas, a Prefeita Municipal de Vila Flor\/RN, atrav\u00e9s da Secretaria Municipal de Cultura, Esporte e Lazer, no uso de suas atribui\u00e7\u00f5es legais e com base nas informa\u00e7\u00f5es constantes do processo de licita\u00e7\u00e3o em ep\u00edgrafe, resolve RATIFICAR o\u00a0<strong>TERMO DE INEXIGIBILIDADE DE LICITA\u00c7\u00c3O N\u00ba 011\/2026<\/strong>, para que este produza seus legais efeitos.<\/p>\n<p>&nbsp;<\/p>\n<p>Publique-se.<\/p>\n<p>&nbsp;<\/p>\n<p>&nbsp;<\/p>\n<p>Vila Flor\/RN, em 23 de fevereiro de 2026.<\/p>\n<p><strong><em>\u00a0<\/em><\/strong><\/p>\n<p><em>\u00a0<\/em><\/p>\n<p>Thuanne Karla Carvalho de Souza<\/p>\n<p>Prefeita Municipal de Vila Flor\/RN<\/p>\n<p>&nbsp;<\/p>\n<p>&nbsp;<\/p>\n<p><strong>*PUBLICA\u00c7\u00c3O POR INCORRE\u00c7\u00c3O POR TER SA\u00cdDO NO DI\u00c1RIO OFICIAL \u2013 ANO II \u2013 EDI\u00c7\u00c3O N\u00ba 0149 \u2013 DE 24 DE FEVEREIRO DE 2026, Pg. 05.<\/strong><\/p>\n<p style=\"text-align: right;\"><strong>Publicado por:<\/strong><br \/>\nGRINALDO JOAQUIM DE SOUZA<br \/>\nSecret\u00e1rio Municipal de Administra\u00e7\u00e3o<br \/>\n<strong>C\u00f3digo Identificador:<\/strong>\u00a04XT0P6VS22<\/p>\n<div class=\"pdfprnt-buttons pdfprnt-buttons-post pdfprnt-bottom-right\"><a href=\"https:\/\/vilaflor.rn.gov.br\/transparencia\/wp-json\/wp\/v2\/posts?page=3&print=pdf#038;print=pdf\" class=\"pdfprnt-button pdfprnt-button-pdf\" target=\"_blank\"><img decoding=\"async\" src=\"https:\/\/vilaflor.rn.gov.br\/transparencia\/wp-content\/plugins\/pdf-print\/images\/pdf.png\" alt=\"image_pdf\" title=\"Baixar PDF\" \/><\/a><a href=\"https:\/\/vilaflor.rn.gov.br\/transparencia\/wp-json\/wp\/v2\/posts?page=3&print=print#038;print=pdf\" class=\"pdfprnt-button pdfprnt-button-print\" target=\"_blank\"><img decoding=\"async\" src=\"https:\/\/vilaflor.rn.gov.br\/transparencia\/wp-content\/plugins\/pdf-print\/images\/print.png\" alt=\"image_print\" title=\"Conte\u00fado de impress\u00e3o\" \/><\/a><\/div>","protected":false},"excerpt":{"rendered":"<p>ESTADO DO RIO GRANDE DO NORTE PREFEITURA MUNICIPAL DE VILA FLOR Foi declarada inexig\u00edvel a realiza\u00e7\u00e3o do certame licitat\u00f3rio para a CONTRATA\u00c7\u00c3O DE APRESENTA\u00c7\u00c3O DE UM SHOW ART\u00cdSTICO AO VIVO DE (THIAGO FREITAS) PARA O EVENTO FESTA DA PADROEIRA, CUJA APRESENTA\u00c7\u00c3O REALIZAR-SE-\u00c1 NO DIA 28 DE FEVEREIRO DE 2026, conforme especifica\u00e7\u00f5es e condi\u00e7\u00f5es previstas no [&hellip;]<\/p>\n","protected":false},"author":1,"featured_media":0,"comment_status":"open","ping_status":"open","sticky":false,"template":"","format":"standard","meta":{"ocean_post_layout":"","ocean_both_sidebars_style":"","ocean_both_sidebars_content_width":0,"ocean_both_sidebars_sidebars_width":0,"ocean_sidebar":"0","ocean_second_sidebar":"0","ocean_disable_margins":"enable","ocean_add_body_class":"","ocean_shortcode_before_top_bar":"","ocean_shortcode_after_top_bar":"","ocean_shortcode_before_header":"","ocean_shortcode_after_header":"","ocean_has_shortcode":"","ocean_shortcode_after_title":"","ocean_shortcode_before_footer_widgets":"","ocean_shortcode_after_footer_widgets":"","ocean_shortcode_before_footer_bottom":"","ocean_shortcode_after_footer_bottom":"","ocean_display_top_bar":"default","ocean_display_header":"default","ocean_header_style":"","ocean_center_header_left_menu":"0","ocean_custom_header_template":"0","ocean_custom_logo":0,"ocean_custom_retina_logo":0,"ocean_custom_logo_max_width":0,"ocean_custom_logo_tablet_max_width":0,"ocean_custom_logo_mobile_max_width":0,"ocean_custom_logo_max_height":0,"ocean_custom_logo_tablet_max_height":0,"ocean_custom_logo_mobile_max_height":0,"ocean_header_custom_menu":"0","ocean_menu_typo_font_family":"0","ocean_menu_typo_font_subset":"","ocean_menu_typo_font_size":0,"ocean_menu_typo_font_size_tablet":0,"ocean_menu_typo_font_size_mobile":0,"ocean_menu_typo_font_size_unit":"px","ocean_menu_typo_font_weight":"","ocean_menu_typo_font_weight_tablet":"","ocean_menu_typo_font_weight_mobile":"","ocean_menu_typo_transform":"","ocean_menu_typo_transform_tablet":"","ocean_menu_typo_transform_mobile":"","ocean_menu_typo_line_height":0,"ocean_menu_typo_line_height_tablet":0,"ocean_menu_typo_line_height_mobile":0,"ocean_menu_typo_line_height_unit":"","ocean_menu_typo_spacing":0,"ocean_menu_typo_spacing_tablet":0,"ocean_menu_typo_spacing_mobile":0,"ocean_menu_typo_spacing_unit":"","ocean_menu_link_color":"","ocean_menu_link_color_hover":"","ocean_menu_link_color_active":"","ocean_menu_link_background":"","ocean_menu_link_hover_background":"","ocean_menu_link_active_background":"","ocean_menu_social_links_bg":"","ocean_menu_social_hover_links_bg":"","ocean_menu_social_links_color":"","ocean_menu_social_hover_links_color":"","ocean_disable_title":"default","ocean_disable_heading":"default","ocean_post_title":"","ocean_post_subheading":"","ocean_post_title_style":"","ocean_post_title_background_color":"","ocean_post_title_background":0,"ocean_post_title_bg_image_position":"","ocean_post_title_bg_image_attachment":"","ocean_post_title_bg_image_repeat":"","ocean_post_title_bg_image_size":"","ocean_post_title_height":0,"ocean_post_title_bg_overlay":0.5,"ocean_post_title_bg_overlay_color":"","ocean_disable_breadcrumbs":"default","ocean_breadcrumbs_color":"","ocean_breadcrumbs_separator_color":"","ocean_breadcrumbs_links_color":"","ocean_breadcrumbs_links_hover_color":"","ocean_display_footer_widgets":"default","ocean_display_footer_bottom":"default","ocean_custom_footer_template":"0","ocean_post_oembed":"","ocean_post_self_hosted_media":"","ocean_post_video_embed":"","ocean_link_format":"","ocean_link_format_target":"self","ocean_quote_format":"","ocean_quote_format_link":"post","ocean_gallery_link_images":"on","ocean_gallery_id":[],"footnotes":""},"categories":[12,74,4],"tags":[],"class_list":["post-4276","post","type-post","status-publish","format-standard","hentry","category-inexigibilidade","category-inexigibilidade-2026","category-licitacao","entry"],"_links":{"self":[{"href":"https:\/\/vilaflor.rn.gov.br\/transparencia\/wp-json\/wp\/v2\/posts\/4276","targetHints":{"allow":["GET"]}}],"collection":[{"href":"https:\/\/vilaflor.rn.gov.br\/transparencia\/wp-json\/wp\/v2\/posts"}],"about":[{"href":"https:\/\/vilaflor.rn.gov.br\/transparencia\/wp-json\/wp\/v2\/types\/post"}],"author":[{"embeddable":true,"href":"https:\/\/vilaflor.rn.gov.br\/transparencia\/wp-json\/wp\/v2\/users\/1"}],"replies":[{"embeddable":true,"href":"https:\/\/vilaflor.rn.gov.br\/transparencia\/wp-json\/wp\/v2\/comments?post=4276"}],"version-history":[{"count":1,"href":"https:\/\/vilaflor.rn.gov.br\/transparencia\/wp-json\/wp\/v2\/posts\/4276\/revisions"}],"predecessor-version":[{"id":4277,"href":"https:\/\/vilaflor.rn.gov.br\/transparencia\/wp-json\/wp\/v2\/posts\/4276\/revisions\/4277"}],"wp:attachment":[{"href":"https:\/\/vilaflor.rn.gov.br\/transparencia\/wp-json\/wp\/v2\/media?parent=4276"}],"wp:term":[{"taxonomy":"category","embeddable":true,"href":"https:\/\/vilaflor.rn.gov.br\/transparencia\/wp-json\/wp\/v2\/categories?post=4276"},{"taxonomy":"post_tag","embeddable":true,"href":"https:\/\/vilaflor.rn.gov.br\/transparencia\/wp-json\/wp\/v2\/tags?post=4276"}],"curies":[{"name":"wp","href":"https:\/\/api.w.org\/{rel}","templated":true}]}},{"id":4274,"date":"2026-02-25T11:06:19","date_gmt":"2026-02-25T14:06:19","guid":{"rendered":"https:\/\/vilaflor.rn.gov.br\/transparencia\/?p=4274"},"modified":"2026-04-02T11:06:49","modified_gmt":"2026-04-02T14:06:49","slug":"extrato-de-contrato-n-017-2026-inexigibilidade-de-licitacao-n-011-2026","status":"publish","type":"post","link":"https:\/\/vilaflor.rn.gov.br\/transparencia\/extrato-de-contrato-n-017-2026-inexigibilidade-de-licitacao-n-011-2026\/","title":{"rendered":"EXTRATO DE CONTRATO N\u00b0 017\/2026 INEXIGIBILIDADE DE LICITA\u00c7\u00c3O N\u00b0 011\/2026"},"content":{"rendered":"<p><strong>ESTADO DO RIO GRANDE DO NORTE<\/strong><br \/>\n<strong>PREFEITURA MUNICIPAL DE VILA FLOR<\/strong><\/p>\n<p><strong>CONTRATO N<\/strong>\u00ba\u2026\u2026\u2026..:\u00a0<strong>017\/2026<\/strong><\/p>\n<p>&nbsp;<\/p>\n<p><strong>ORIGEM<\/strong>\u2026\u2026\u2026\u2026\u2026\u2026\u2026:\u00a0 INEXIGIBILIDADE DE LICITA\u00c7\u00c3O N\u00b0 011\/2026<\/p>\n<p>&nbsp;<\/p>\n<p><strong>CONTRATANTE<\/strong>\u2026\u2026..: PREFEITURA MUNICIPAL DE VILA FLOR<\/p>\n<p>&nbsp;<\/p>\n<p><strong>CONTRATADA(O)<\/strong>\u2026..:\u00a0<strong>THIAGO FREITAS PROMO\u00c7\u00d5ES ARTISTICAS LTDA<\/strong><\/p>\n<p>&nbsp;<\/p>\n<p><strong>OBJETO<\/strong>\u2026\u2026\u2026\u2026\u2026\u2026\u2026.: CONTRATA\u00c7\u00c3O DE APRESENTA\u00c7\u00c3O DE UM SHOW ART\u00cdSTICO AO VIVO DE (THIAGO FREITAS) PARA O EVENTO FESTA DA PADROEIRA, CUJA APRESENTA\u00c7\u00c3O REALIZAR-SE-\u00c1 NO DIA 28 DE FEVEREIRO DE 2026<\/p>\n<p>&nbsp;<\/p>\n<p><strong>VALOR TOTAL<\/strong>\u2026\u2026\u2026\u2026\u2026.R$ 250.000,00 (Duzentos e cinquenta mil reais)<\/p>\n<p>&nbsp;<\/p>\n<p><strong>VIG\u00caNCIA<\/strong>\u2026\u2026\u2026\u2026\u2026\u2026.:\u00a0<strong>60 (sessenta) dias\u00a0<\/strong>contados da publica\u00e7\u00e3o do extrato do contrato na Imprensa Oficial<\/p>\n<p>&nbsp;<\/p>\n<p><strong>DATA DA ASSINATURA<\/strong>\u2026\u2026\u2026: 23 de fevereiro de 2026<\/p>\n<p>&nbsp;<\/p>\n<p><strong>*PUBLICA\u00c7\u00c3O POR INCORRE\u00c7\u00c3O POR TER SA\u00cdDO NO DI\u00c1RIO OFICIAL \u2013 ANO II \u2013 EDI\u00c7\u00c3O N\u00ba 0149 \u2013 DE 24 DE FEVEREIRO DE 2026, Pg. 06.<\/strong><\/p>\n<p style=\"text-align: right;\"><strong>Publicado por:<\/strong><br \/>\nGRINALDO JOAQUIM DE SOUZA<br \/>\nSecret\u00e1rio Municipal de Administra\u00e7\u00e3o<br \/>\n<strong>C\u00f3digo Identificador:<\/strong>\u00a0RH9VRN2DHI<\/p>\n<div class=\"pdfprnt-buttons pdfprnt-buttons-post pdfprnt-bottom-right\"><a href=\"https:\/\/vilaflor.rn.gov.br\/transparencia\/wp-json\/wp\/v2\/posts?page=3&print=pdf#038;print=pdf\" class=\"pdfprnt-button pdfprnt-button-pdf\" target=\"_blank\"><img decoding=\"async\" src=\"https:\/\/vilaflor.rn.gov.br\/transparencia\/wp-content\/plugins\/pdf-print\/images\/pdf.png\" alt=\"image_pdf\" title=\"Baixar PDF\" \/><\/a><a href=\"https:\/\/vilaflor.rn.gov.br\/transparencia\/wp-json\/wp\/v2\/posts?page=3&print=print#038;print=pdf\" class=\"pdfprnt-button pdfprnt-button-print\" target=\"_blank\"><img decoding=\"async\" src=\"https:\/\/vilaflor.rn.gov.br\/transparencia\/wp-content\/plugins\/pdf-print\/images\/print.png\" alt=\"image_print\" title=\"Conte\u00fado de impress\u00e3o\" \/><\/a><\/div>","protected":false},"excerpt":{"rendered":"<p>ESTADO DO RIO GRANDE DO NORTE PREFEITURA MUNICIPAL DE VILA FLOR CONTRATO N\u00ba\u2026\u2026\u2026..:\u00a0017\/2026 &nbsp; ORIGEM\u2026\u2026\u2026\u2026\u2026\u2026\u2026:\u00a0 INEXIGIBILIDADE DE LICITA\u00c7\u00c3O N\u00b0 011\/2026 &nbsp; CONTRATANTE\u2026\u2026..: PREFEITURA MUNICIPAL DE VILA FLOR &nbsp; CONTRATADA(O)\u2026..:\u00a0THIAGO FREITAS PROMO\u00c7\u00d5ES ARTISTICAS LTDA &nbsp; OBJETO\u2026\u2026\u2026\u2026\u2026\u2026\u2026.: CONTRATA\u00c7\u00c3O DE APRESENTA\u00c7\u00c3O DE UM SHOW ART\u00cdSTICO AO VIVO DE (THIAGO FREITAS) PARA O EVENTO FESTA DA PADROEIRA, CUJA APRESENTA\u00c7\u00c3O [&hellip;]<\/p>\n","protected":false},"author":1,"featured_media":0,"comment_status":"open","ping_status":"open","sticky":false,"template":"","format":"standard","meta":{"ocean_post_layout":"","ocean_both_sidebars_style":"","ocean_both_sidebars_content_width":0,"ocean_both_sidebars_sidebars_width":0,"ocean_sidebar":"0","ocean_second_sidebar":"0","ocean_disable_margins":"enable","ocean_add_body_class":"","ocean_shortcode_before_top_bar":"","ocean_shortcode_after_top_bar":"","ocean_shortcode_before_header":"","ocean_shortcode_after_header":"","ocean_has_shortcode":"","ocean_shortcode_after_title":"","ocean_shortcode_before_footer_widgets":"","ocean_shortcode_after_footer_widgets":"","ocean_shortcode_before_footer_bottom":"","ocean_shortcode_after_footer_bottom":"","ocean_display_top_bar":"default","ocean_display_header":"default","ocean_header_style":"","ocean_center_header_left_menu":"0","ocean_custom_header_template":"0","ocean_custom_logo":0,"ocean_custom_retina_logo":0,"ocean_custom_logo_max_width":0,"ocean_custom_logo_tablet_max_width":0,"ocean_custom_logo_mobile_max_width":0,"ocean_custom_logo_max_height":0,"ocean_custom_logo_tablet_max_height":0,"ocean_custom_logo_mobile_max_height":0,"ocean_header_custom_menu":"0","ocean_menu_typo_font_family":"0","ocean_menu_typo_font_subset":"","ocean_menu_typo_font_size":0,"ocean_menu_typo_font_size_tablet":0,"ocean_menu_typo_font_size_mobile":0,"ocean_menu_typo_font_size_unit":"px","ocean_menu_typo_font_weight":"","ocean_menu_typo_font_weight_tablet":"","ocean_menu_typo_font_weight_mobile":"","ocean_menu_typo_transform":"","ocean_menu_typo_transform_tablet":"","ocean_menu_typo_transform_mobile":"","ocean_menu_typo_line_height":0,"ocean_menu_typo_line_height_tablet":0,"ocean_menu_typo_line_height_mobile":0,"ocean_menu_typo_line_height_unit":"","ocean_menu_typo_spacing":0,"ocean_menu_typo_spacing_tablet":0,"ocean_menu_typo_spacing_mobile":0,"ocean_menu_typo_spacing_unit":"","ocean_menu_link_color":"","ocean_menu_link_color_hover":"","ocean_menu_link_color_active":"","ocean_menu_link_background":"","ocean_menu_link_hover_background":"","ocean_menu_link_active_background":"","ocean_menu_social_links_bg":"","ocean_menu_social_hover_links_bg":"","ocean_menu_social_links_color":"","ocean_menu_social_hover_links_color":"","ocean_disable_title":"default","ocean_disable_heading":"default","ocean_post_title":"","ocean_post_subheading":"","ocean_post_title_style":"","ocean_post_title_background_color":"","ocean_post_title_background":0,"ocean_post_title_bg_image_position":"","ocean_post_title_bg_image_attachment":"","ocean_post_title_bg_image_repeat":"","ocean_post_title_bg_image_size":"","ocean_post_title_height":0,"ocean_post_title_bg_overlay":0.5,"ocean_post_title_bg_overlay_color":"","ocean_disable_breadcrumbs":"default","ocean_breadcrumbs_color":"","ocean_breadcrumbs_separator_color":"","ocean_breadcrumbs_links_color":"","ocean_breadcrumbs_links_hover_color":"","ocean_display_footer_widgets":"default","ocean_display_footer_bottom":"default","ocean_custom_footer_template":"0","ocean_post_oembed":"","ocean_post_self_hosted_media":"","ocean_post_video_embed":"","ocean_link_format":"","ocean_link_format_target":"self","ocean_quote_format":"","ocean_quote_format_link":"post","ocean_gallery_link_images":"on","ocean_gallery_id":[],"footnotes":""},"categories":[58,75,4],"tags":[],"class_list":["post-4274","post","type-post","status-publish","format-standard","hentry","category-contratos","category-contratos-2026","category-licitacao","entry"],"_links":{"self":[{"href":"https:\/\/vilaflor.rn.gov.br\/transparencia\/wp-json\/wp\/v2\/posts\/4274","targetHints":{"allow":["GET"]}}],"collection":[{"href":"https:\/\/vilaflor.rn.gov.br\/transparencia\/wp-json\/wp\/v2\/posts"}],"about":[{"href":"https:\/\/vilaflor.rn.gov.br\/transparencia\/wp-json\/wp\/v2\/types\/post"}],"author":[{"embeddable":true,"href":"https:\/\/vilaflor.rn.gov.br\/transparencia\/wp-json\/wp\/v2\/users\/1"}],"replies":[{"embeddable":true,"href":"https:\/\/vilaflor.rn.gov.br\/transparencia\/wp-json\/wp\/v2\/comments?post=4274"}],"version-history":[{"count":1,"href":"https:\/\/vilaflor.rn.gov.br\/transparencia\/wp-json\/wp\/v2\/posts\/4274\/revisions"}],"predecessor-version":[{"id":4275,"href":"https:\/\/vilaflor.rn.gov.br\/transparencia\/wp-json\/wp\/v2\/posts\/4274\/revisions\/4275"}],"wp:attachment":[{"href":"https:\/\/vilaflor.rn.gov.br\/transparencia\/wp-json\/wp\/v2\/media?parent=4274"}],"wp:term":[{"taxonomy":"category","embeddable":true,"href":"https:\/\/vilaflor.rn.gov.br\/transparencia\/wp-json\/wp\/v2\/categories?post=4274"},{"taxonomy":"post_tag","embeddable":true,"href":"https:\/\/vilaflor.rn.gov.br\/transparencia\/wp-json\/wp\/v2\/tags?post=4274"}],"curies":[{"name":"wp","href":"https:\/\/api.w.org\/{rel}","templated":true}]}},{"id":4272,"date":"2026-02-25T11:03:11","date_gmt":"2026-02-25T14:03:11","guid":{"rendered":"https:\/\/vilaflor.rn.gov.br\/transparencia\/?p=4272"},"modified":"2026-04-02T11:06:06","modified_gmt":"2026-04-02T14:06:06","slug":"extrato-de-contrato-n-016-2026-inexigibilidade-de-licitacao-n-010-2026","status":"publish","type":"post","link":"https:\/\/vilaflor.rn.gov.br\/transparencia\/extrato-de-contrato-n-016-2026-inexigibilidade-de-licitacao-n-010-2026\/","title":{"rendered":"EXTRATO DE CONTRATO N\u00b0 016\/2026 INEXIGIBILIDADE DE LICITA\u00c7\u00c3O N\u00b0 010\/2026"},"content":{"rendered":"<p><strong>ESTADO DO RIO GRANDE DO NORTE<\/strong><br \/>\n<strong>PREFEITURA MUNICIPAL DE VILA FLOR<\/strong><\/p>\n<p><strong>CONTRATO N<\/strong>\u00ba\u2026\u2026\u2026..:\u00a0<strong>016\/2026<\/strong><\/p>\n<p>&nbsp;<\/p>\n<p><strong>ORIGEM<\/strong>\u2026\u2026\u2026\u2026\u2026\u2026\u2026:\u00a0 INEXIGIBILIDADE DE LICITA\u00c7\u00c3O N\u00b0 010\/2026<\/p>\n<p>&nbsp;<\/p>\n<p><strong>CONTRATANTE<\/strong>\u2026\u2026..: PREFEITURA MUNICIPAL DE VILA FLOR<\/p>\n<p>&nbsp;<\/p>\n<p><strong>CONTRATADA(O)<\/strong>\u2026..:\u00a0<strong>F. IVO DE MACEDO PRODU\u00c7\u00c3O DE EVENTOS E FESTAS LTDA<\/strong><\/p>\n<p>&nbsp;<\/p>\n<p><strong>OBJETO<\/strong>\u2026\u2026\u2026\u2026\u2026\u2026\u2026.: CONTRATA\u00c7\u00c3O DE APRESENTA\u00c7\u00c3O DE UM SHOW ART\u00cdSTICO AO VIVO DE (TETE PESSOA \u2013 CIRCUITO MUSICAL) PARA O EVENTO FESTA DA PADROEIRA, CUJA APRESENTA\u00c7\u00c3O REALIZAR-SE-\u00c1 NO DIA 28 DE FEVEREIRO DE 2026<\/p>\n<p>&nbsp;<\/p>\n<p><strong>VALOR TOTAL<\/strong>\u2026\u2026\u2026\u2026\u2026.R$ 100.000,00 (Cem mil reais)<\/p>\n<p>&nbsp;<\/p>\n<p><strong>VIG\u00caNCIA<\/strong>\u2026\u2026\u2026\u2026\u2026\u2026.:\u00a0<strong>60 (sessenta) dias\u00a0<\/strong>contados da publica\u00e7\u00e3o do extrato do contrato na Imprensa Oficial<\/p>\n<p>&nbsp;<\/p>\n<p><strong>DATA DA ASSINATURA<\/strong>\u2026\u2026\u2026: 23 de fevereiro de 2026<\/p>\n<p>&nbsp;<\/p>\n<p><strong>*PUBLICA\u00c7\u00c3O POR INCORRE\u00c7\u00c3O POR TER SA\u00cdDO NO DI\u00c1RIO OFICIAL \u2013 ANO II \u2013 EDI\u00c7\u00c3O N\u00ba 0149 \u2013 DE 24 DE FEVEREIRO DE 2026, Pg. 04.<\/strong><\/p>\n<p style=\"text-align: right;\"><strong>Publicado por:<\/strong><br \/>\nGRINALDO JOAQUIM DE SOUZA<br \/>\nSecret\u00e1rio Municipal de Administra\u00e7\u00e3o<br \/>\n<strong>C\u00f3digo Identificador:<\/strong>\u00a0QQ3FF2F83N<\/p>\n<div class=\"pdfprnt-buttons pdfprnt-buttons-post pdfprnt-bottom-right\"><a href=\"https:\/\/vilaflor.rn.gov.br\/transparencia\/wp-json\/wp\/v2\/posts?page=3&print=pdf#038;print=pdf\" class=\"pdfprnt-button pdfprnt-button-pdf\" target=\"_blank\"><img decoding=\"async\" src=\"https:\/\/vilaflor.rn.gov.br\/transparencia\/wp-content\/plugins\/pdf-print\/images\/pdf.png\" alt=\"image_pdf\" title=\"Baixar PDF\" \/><\/a><a href=\"https:\/\/vilaflor.rn.gov.br\/transparencia\/wp-json\/wp\/v2\/posts?page=3&print=print#038;print=pdf\" class=\"pdfprnt-button pdfprnt-button-print\" target=\"_blank\"><img decoding=\"async\" src=\"https:\/\/vilaflor.rn.gov.br\/transparencia\/wp-content\/plugins\/pdf-print\/images\/print.png\" alt=\"image_print\" title=\"Conte\u00fado de impress\u00e3o\" \/><\/a><\/div>","protected":false},"excerpt":{"rendered":"<p>ESTADO DO RIO GRANDE DO NORTE PREFEITURA MUNICIPAL DE VILA FLOR CONTRATO N\u00ba\u2026\u2026\u2026..:\u00a0016\/2026 &nbsp; ORIGEM\u2026\u2026\u2026\u2026\u2026\u2026\u2026:\u00a0 INEXIGIBILIDADE DE LICITA\u00c7\u00c3O N\u00b0 010\/2026 &nbsp; CONTRATANTE\u2026\u2026..: PREFEITURA MUNICIPAL DE VILA FLOR &nbsp; CONTRATADA(O)\u2026..:\u00a0F. IVO DE MACEDO PRODU\u00c7\u00c3O DE EVENTOS E FESTAS LTDA &nbsp; OBJETO\u2026\u2026\u2026\u2026\u2026\u2026\u2026.: CONTRATA\u00c7\u00c3O DE APRESENTA\u00c7\u00c3O DE UM SHOW ART\u00cdSTICO AO VIVO DE (TETE PESSOA \u2013 CIRCUITO MUSICAL) [&hellip;]<\/p>\n","protected":false},"author":1,"featured_media":0,"comment_status":"open","ping_status":"open","sticky":false,"template":"","format":"standard","meta":{"ocean_post_layout":"","ocean_both_sidebars_style":"","ocean_both_sidebars_content_width":0,"ocean_both_sidebars_sidebars_width":0,"ocean_sidebar":"0","ocean_second_sidebar":"0","ocean_disable_margins":"enable","ocean_add_body_class":"","ocean_shortcode_before_top_bar":"","ocean_shortcode_after_top_bar":"","ocean_shortcode_before_header":"","ocean_shortcode_after_header":"","ocean_has_shortcode":"","ocean_shortcode_after_title":"","ocean_shortcode_before_footer_widgets":"","ocean_shortcode_after_footer_widgets":"","ocean_shortcode_before_footer_bottom":"","ocean_shortcode_after_footer_bottom":"","ocean_display_top_bar":"default","ocean_display_header":"default","ocean_header_style":"","ocean_center_header_left_menu":"0","ocean_custom_header_template":"0","ocean_custom_logo":0,"ocean_custom_retina_logo":0,"ocean_custom_logo_max_width":0,"ocean_custom_logo_tablet_max_width":0,"ocean_custom_logo_mobile_max_width":0,"ocean_custom_logo_max_height":0,"ocean_custom_logo_tablet_max_height":0,"ocean_custom_logo_mobile_max_height":0,"ocean_header_custom_menu":"0","ocean_menu_typo_font_family":"0","ocean_menu_typo_font_subset":"","ocean_menu_typo_font_size":0,"ocean_menu_typo_font_size_tablet":0,"ocean_menu_typo_font_size_mobile":0,"ocean_menu_typo_font_size_unit":"px","ocean_menu_typo_font_weight":"","ocean_menu_typo_font_weight_tablet":"","ocean_menu_typo_font_weight_mobile":"","ocean_menu_typo_transform":"","ocean_menu_typo_transform_tablet":"","ocean_menu_typo_transform_mobile":"","ocean_menu_typo_line_height":0,"ocean_menu_typo_line_height_tablet":0,"ocean_menu_typo_line_height_mobile":0,"ocean_menu_typo_line_height_unit":"","ocean_menu_typo_spacing":0,"ocean_menu_typo_spacing_tablet":0,"ocean_menu_typo_spacing_mobile":0,"ocean_menu_typo_spacing_unit":"","ocean_menu_link_color":"","ocean_menu_link_color_hover":"","ocean_menu_link_color_active":"","ocean_menu_link_background":"","ocean_menu_link_hover_background":"","ocean_menu_link_active_background":"","ocean_menu_social_links_bg":"","ocean_menu_social_hover_links_bg":"","ocean_menu_social_links_color":"","ocean_menu_social_hover_links_color":"","ocean_disable_title":"default","ocean_disable_heading":"default","ocean_post_title":"","ocean_post_subheading":"","ocean_post_title_style":"","ocean_post_title_background_color":"","ocean_post_title_background":0,"ocean_post_title_bg_image_position":"","ocean_post_title_bg_image_attachment":"","ocean_post_title_bg_image_repeat":"","ocean_post_title_bg_image_size":"","ocean_post_title_height":0,"ocean_post_title_bg_overlay":0.5,"ocean_post_title_bg_overlay_color":"","ocean_disable_breadcrumbs":"default","ocean_breadcrumbs_color":"","ocean_breadcrumbs_separator_color":"","ocean_breadcrumbs_links_color":"","ocean_breadcrumbs_links_hover_color":"","ocean_display_footer_widgets":"default","ocean_display_footer_bottom":"default","ocean_custom_footer_template":"0","ocean_post_oembed":"","ocean_post_self_hosted_media":"","ocean_post_video_embed":"","ocean_link_format":"","ocean_link_format_target":"self","ocean_quote_format":"","ocean_quote_format_link":"post","ocean_gallery_link_images":"on","ocean_gallery_id":[],"footnotes":""},"categories":[58,75,4],"tags":[],"class_list":["post-4272","post","type-post","status-publish","format-standard","hentry","category-contratos","category-contratos-2026","category-licitacao","entry"],"_links":{"self":[{"href":"https:\/\/vilaflor.rn.gov.br\/transparencia\/wp-json\/wp\/v2\/posts\/4272","targetHints":{"allow":["GET"]}}],"collection":[{"href":"https:\/\/vilaflor.rn.gov.br\/transparencia\/wp-json\/wp\/v2\/posts"}],"about":[{"href":"https:\/\/vilaflor.rn.gov.br\/transparencia\/wp-json\/wp\/v2\/types\/post"}],"author":[{"embeddable":true,"href":"https:\/\/vilaflor.rn.gov.br\/transparencia\/wp-json\/wp\/v2\/users\/1"}],"replies":[{"embeddable":true,"href":"https:\/\/vilaflor.rn.gov.br\/transparencia\/wp-json\/wp\/v2\/comments?post=4272"}],"version-history":[{"count":1,"href":"https:\/\/vilaflor.rn.gov.br\/transparencia\/wp-json\/wp\/v2\/posts\/4272\/revisions"}],"predecessor-version":[{"id":4273,"href":"https:\/\/vilaflor.rn.gov.br\/transparencia\/wp-json\/wp\/v2\/posts\/4272\/revisions\/4273"}],"wp:attachment":[{"href":"https:\/\/vilaflor.rn.gov.br\/transparencia\/wp-json\/wp\/v2\/media?parent=4272"}],"wp:term":[{"taxonomy":"category","embeddable":true,"href":"https:\/\/vilaflor.rn.gov.br\/transparencia\/wp-json\/wp\/v2\/categories?post=4272"},{"taxonomy":"post_tag","embeddable":true,"href":"https:\/\/vilaflor.rn.gov.br\/transparencia\/wp-json\/wp\/v2\/tags?post=4272"}],"curies":[{"name":"wp","href":"https:\/\/api.w.org\/{rel}","templated":true}]}},{"id":4270,"date":"2026-02-25T11:02:18","date_gmt":"2026-02-25T14:02:18","guid":{"rendered":"https:\/\/vilaflor.rn.gov.br\/transparencia\/?p=4270"},"modified":"2026-04-02T11:03:02","modified_gmt":"2026-04-02T14:03:02","slug":"termo-de-inexigibilidade-de-licitacao-no-010-2026-2","status":"publish","type":"post","link":"https:\/\/vilaflor.rn.gov.br\/transparencia\/termo-de-inexigibilidade-de-licitacao-no-010-2026-2\/","title":{"rendered":"TERMO DE INEXIGIBILIDADE DE LICITA\u00c7\u00c3O N\u00ba 010\/2026"},"content":{"rendered":"<p><strong>ESTADO DO RIO GRANDE DO NORTE<\/strong><br \/>\n<strong>PREFEITURA MUNICIPAL DE VILA FLOR<\/strong><\/p>\n<p>Foi declarada inexig\u00edvel a realiza\u00e7\u00e3o do certame licitat\u00f3rio para a CONTRATA\u00c7\u00c3O DE APRESENTA\u00c7\u00c3O DE UM SHOW ART\u00cdSTICO AO VIVO DE (TETE PESSOA \u2013 CIRCUITO MUSICAL) PARA O EVENTO FESTA DA PADROEIRA, CUJA APRESENTA\u00c7\u00c3O REALIZAR-SE-\u00c1 NO DIA 28 DE FEVEREIRO DE 2026, conforme especifica\u00e7\u00f5es e condi\u00e7\u00f5es previstas no Termo de Refer\u00eancia. Para a execu\u00e7\u00e3o dos servi\u00e7os objeto desta contrata\u00e7\u00e3o, a Prefeitura Municipal de Vila Flor\/RN pagar\u00e1 \u00e0 contratada a quantia de R$ 100.000,00 (Cem mil reais). A motiva\u00e7\u00e3o se d\u00e1 pela impossibilidade da realiza\u00e7\u00e3o de concorr\u00eancia em face da inexist\u00eancia de crit\u00e9rios objetivos para diferenciar as performances art\u00edsticas, nos termos do art. 74, inciso II, da Lei 14.133\/21. Contrata-se, portanto, a F. IVO DE MACEDO PRODU\u00c7\u00c3O DE EVENTOS E FESTAS LTDA, inscrita no CNPJ sob o n\u00ba 27.141.623\/0001-30 com sede na Alameda do Sol, no 16, sl.10, Parque das Na\u00e7\u00f5es, Parnamirim\/RN, CEP 59.158-780, fornecedor do servi\u00e7o em tela. A despesa decorrente com a presente contrata\u00e7\u00e3o correr\u00e1 no exerc\u00edcio de 2026 \u00e0 conta das Dota\u00e7\u00f5es Or\u00e7ament\u00e1rias: \u00d3rg\u00e3o: 20 Secretaria de Cultura, Esporte e Lazer; Gest\u00e3o\/Unidade:\u00a008.001 \u2013 Secretaria Municipal de Cultura, Esporte e Lazer; Projeto\/Atividade:\u00a0 2.048 \u2013 Promo\u00e7\u00f5es e Eventos Culturais; Classifica\u00e7\u00e3o Econ\u00f4mica:\u00a0 3.3.90.39.00 \u2013 Outros servi\u00e7os de Terceiros \u2013 Pessoa Jur\u00eddica; Subelemento: 3.3.90.39.23 \u2013 Festividades e Homenagens; Fonte de Recurso: 1500000000 \u2013 Recrusos n\u00e3o vinculados de Impostos.<\/p>\n<p>&nbsp;<\/p>\n<p><strong>RATIFICA\u00c7\u00c3O<\/strong><\/p>\n<p>&nbsp;<\/p>\n<p>Ante o exposto, tendo em vista os fundamentos apresentados e a regularidade formal do\u00a0<strong>Processo Administrativo n\u00b0 13020002\/2026<\/strong>, bem como seu enquadramento legal, que fundamenta a Lei Federal n\u00ba14.133\/2021 e legisla\u00e7\u00e3o complementar e, ainda de conformidade com o resultado do presente certame, usando das atribui\u00e7\u00f5es que nos s\u00e3o conferidas, a Prefeita Municipal de Vila Flor\/RN, atrav\u00e9s da Secretaria Municipal de Cultura, Esporte e Lazer, no uso de suas atribui\u00e7\u00f5es legais e com base nas informa\u00e7\u00f5es constantes do processo de licita\u00e7\u00e3o em ep\u00edgrafe, resolve RATIFICAR o\u00a0<strong>TERMO DE INEXIGIBILIDADE DE LICITA\u00c7\u00c3O N\u00ba 010\/2026<\/strong>, para que este produza seus legais efeitos.<\/p>\n<p>&nbsp;<\/p>\n<p>Publique-se.<\/p>\n<p>&nbsp;<\/p>\n<p>Vila Flor\/RN, em 23 de fevereiro de 2026.<\/p>\n<p><strong><em>\u00a0<\/em><\/strong><\/p>\n<p><em>\u00a0<\/em><\/p>\n<p>Thuanne Karla Carvalho de Souza<\/p>\n<p>Prefeita Municipal de Vila Flor\/RN<\/p>\n<p><strong>\u00a0<\/strong><\/p>\n<p><strong>*PUBLICA\u00c7\u00c3O POR INCORRE\u00c7\u00c3O POR TER SA\u00cdDO NO DI\u00c1RIO OFICIAL \u2013 ANO II \u2013 EDI\u00c7\u00c3O N\u00ba 0149 \u2013 DE 24 DE FEVEREIRO DE 2026, Pg. 03.<\/strong><\/p>\n<p style=\"text-align: right;\"><strong>Publicado por:<\/strong><br \/>\nGRINALDO JOAQUIM DE SOUZA<br \/>\nSecret\u00e1rio Municipal de Administra\u00e7\u00e3o<br \/>\n<strong>C\u00f3digo Identificador:<\/strong>\u00a0FKDJLJUG6Y<\/p>\n<div class=\"pdfprnt-buttons pdfprnt-buttons-post pdfprnt-bottom-right\"><a href=\"https:\/\/vilaflor.rn.gov.br\/transparencia\/wp-json\/wp\/v2\/posts?page=3&print=pdf#038;print=pdf\" class=\"pdfprnt-button pdfprnt-button-pdf\" target=\"_blank\"><img decoding=\"async\" src=\"https:\/\/vilaflor.rn.gov.br\/transparencia\/wp-content\/plugins\/pdf-print\/images\/pdf.png\" alt=\"image_pdf\" title=\"Baixar PDF\" \/><\/a><a href=\"https:\/\/vilaflor.rn.gov.br\/transparencia\/wp-json\/wp\/v2\/posts?page=3&print=print#038;print=pdf\" class=\"pdfprnt-button pdfprnt-button-print\" target=\"_blank\"><img decoding=\"async\" src=\"https:\/\/vilaflor.rn.gov.br\/transparencia\/wp-content\/plugins\/pdf-print\/images\/print.png\" alt=\"image_print\" title=\"Conte\u00fado de impress\u00e3o\" \/><\/a><\/div>","protected":false},"excerpt":{"rendered":"<p>ESTADO DO RIO GRANDE DO NORTE PREFEITURA MUNICIPAL DE VILA FLOR Foi declarada inexig\u00edvel a realiza\u00e7\u00e3o do certame licitat\u00f3rio para a CONTRATA\u00c7\u00c3O DE APRESENTA\u00c7\u00c3O DE UM SHOW ART\u00cdSTICO AO VIVO DE (TETE PESSOA \u2013 CIRCUITO MUSICAL) PARA O EVENTO FESTA DA PADROEIRA, CUJA APRESENTA\u00c7\u00c3O REALIZAR-SE-\u00c1 NO DIA 28 DE FEVEREIRO DE 2026, conforme especifica\u00e7\u00f5es e [&hellip;]<\/p>\n","protected":false},"author":1,"featured_media":0,"comment_status":"open","ping_status":"open","sticky":false,"template":"","format":"standard","meta":{"ocean_post_layout":"","ocean_both_sidebars_style":"","ocean_both_sidebars_content_width":0,"ocean_both_sidebars_sidebars_width":0,"ocean_sidebar":"0","ocean_second_sidebar":"0","ocean_disable_margins":"enable","ocean_add_body_class":"","ocean_shortcode_before_top_bar":"","ocean_shortcode_after_top_bar":"","ocean_shortcode_before_header":"","ocean_shortcode_after_header":"","ocean_has_shortcode":"","ocean_shortcode_after_title":"","ocean_shortcode_before_footer_widgets":"","ocean_shortcode_after_footer_widgets":"","ocean_shortcode_before_footer_bottom":"","ocean_shortcode_after_footer_bottom":"","ocean_display_top_bar":"default","ocean_display_header":"default","ocean_header_style":"","ocean_center_header_left_menu":"0","ocean_custom_header_template":"0","ocean_custom_logo":0,"ocean_custom_retina_logo":0,"ocean_custom_logo_max_width":0,"ocean_custom_logo_tablet_max_width":0,"ocean_custom_logo_mobile_max_width":0,"ocean_custom_logo_max_height":0,"ocean_custom_logo_tablet_max_height":0,"ocean_custom_logo_mobile_max_height":0,"ocean_header_custom_menu":"0","ocean_menu_typo_font_family":"0","ocean_menu_typo_font_subset":"","ocean_menu_typo_font_size":0,"ocean_menu_typo_font_size_tablet":0,"ocean_menu_typo_font_size_mobile":0,"ocean_menu_typo_font_size_unit":"px","ocean_menu_typo_font_weight":"","ocean_menu_typo_font_weight_tablet":"","ocean_menu_typo_font_weight_mobile":"","ocean_menu_typo_transform":"","ocean_menu_typo_transform_tablet":"","ocean_menu_typo_transform_mobile":"","ocean_menu_typo_line_height":0,"ocean_menu_typo_line_height_tablet":0,"ocean_menu_typo_line_height_mobile":0,"ocean_menu_typo_line_height_unit":"","ocean_menu_typo_spacing":0,"ocean_menu_typo_spacing_tablet":0,"ocean_menu_typo_spacing_mobile":0,"ocean_menu_typo_spacing_unit":"","ocean_menu_link_color":"","ocean_menu_link_color_hover":"","ocean_menu_link_color_active":"","ocean_menu_link_background":"","ocean_menu_link_hover_background":"","ocean_menu_link_active_background":"","ocean_menu_social_links_bg":"","ocean_menu_social_hover_links_bg":"","ocean_menu_social_links_color":"","ocean_menu_social_hover_links_color":"","ocean_disable_title":"default","ocean_disable_heading":"default","ocean_post_title":"","ocean_post_subheading":"","ocean_post_title_style":"","ocean_post_title_background_color":"","ocean_post_title_background":0,"ocean_post_title_bg_image_position":"","ocean_post_title_bg_image_attachment":"","ocean_post_title_bg_image_repeat":"","ocean_post_title_bg_image_size":"","ocean_post_title_height":0,"ocean_post_title_bg_overlay":0.5,"ocean_post_title_bg_overlay_color":"","ocean_disable_breadcrumbs":"default","ocean_breadcrumbs_color":"","ocean_breadcrumbs_separator_color":"","ocean_breadcrumbs_links_color":"","ocean_breadcrumbs_links_hover_color":"","ocean_display_footer_widgets":"default","ocean_display_footer_bottom":"default","ocean_custom_footer_template":"0","ocean_post_oembed":"","ocean_post_self_hosted_media":"","ocean_post_video_embed":"","ocean_link_format":"","ocean_link_format_target":"self","ocean_quote_format":"","ocean_quote_format_link":"post","ocean_gallery_link_images":"on","ocean_gallery_id":[],"footnotes":""},"categories":[12,74,4],"tags":[],"class_list":["post-4270","post","type-post","status-publish","format-standard","hentry","category-inexigibilidade","category-inexigibilidade-2026","category-licitacao","entry"],"_links":{"self":[{"href":"https:\/\/vilaflor.rn.gov.br\/transparencia\/wp-json\/wp\/v2\/posts\/4270","targetHints":{"allow":["GET"]}}],"collection":[{"href":"https:\/\/vilaflor.rn.gov.br\/transparencia\/wp-json\/wp\/v2\/posts"}],"about":[{"href":"https:\/\/vilaflor.rn.gov.br\/transparencia\/wp-json\/wp\/v2\/types\/post"}],"author":[{"embeddable":true,"href":"https:\/\/vilaflor.rn.gov.br\/transparencia\/wp-json\/wp\/v2\/users\/1"}],"replies":[{"embeddable":true,"href":"https:\/\/vilaflor.rn.gov.br\/transparencia\/wp-json\/wp\/v2\/comments?post=4270"}],"version-history":[{"count":1,"href":"https:\/\/vilaflor.rn.gov.br\/transparencia\/wp-json\/wp\/v2\/posts\/4270\/revisions"}],"predecessor-version":[{"id":4271,"href":"https:\/\/vilaflor.rn.gov.br\/transparencia\/wp-json\/wp\/v2\/posts\/4270\/revisions\/4271"}],"wp:attachment":[{"href":"https:\/\/vilaflor.rn.gov.br\/transparencia\/wp-json\/wp\/v2\/media?parent=4270"}],"wp:term":[{"taxonomy":"category","embeddable":true,"href":"https:\/\/vilaflor.rn.gov.br\/transparencia\/wp-json\/wp\/v2\/categories?post=4270"},{"taxonomy":"post_tag","embeddable":true,"href":"https:\/\/vilaflor.rn.gov.br\/transparencia\/wp-json\/wp\/v2\/tags?post=4270"}],"curies":[{"name":"wp","href":"https:\/\/api.w.org\/{rel}","templated":true}]}},{"id":4268,"date":"2026-02-25T11:01:27","date_gmt":"2026-02-25T14:01:27","guid":{"rendered":"https:\/\/vilaflor.rn.gov.br\/transparencia\/?p=4268"},"modified":"2026-04-02T11:01:57","modified_gmt":"2026-04-02T14:01:57","slug":"termo-aditivo-ao-contrato-no-015-2026","status":"publish","type":"post","link":"https:\/\/vilaflor.rn.gov.br\/transparencia\/termo-aditivo-ao-contrato-no-015-2026\/","title":{"rendered":"TERMO ADITIVO AO CONTRATO N\u00ba 015\/2026"},"content":{"rendered":"<p><strong>ESTADO DO RIO GRANDE DO NORTE<\/strong><br \/>\n<strong>PREFEITURA MUNICIPAL DE VILA FLOR<\/strong><\/p>\n<p>Processo n\u00ba 04020001\/2026<\/p>\n<p>TERMO ADITIVO AO\u00a0<strong>CONTRATO N\u00ba 015\/2026<\/strong>, QUE ENTRE SI FAZEM A PREFEITURA MUNICIPAL DE VILA FLOR\/RN, POR INTERM\u00c9DIO DA\u00a0<strong>SECRETARIA MUNICIPAL DE CULTURA, ESPORTE E LAZER<\/strong>\u00a0E A EMPRESA\u00a0<strong>RNCRONO LTDA<\/strong>\u00a0COM O CNPJ SOB O N\u00b0\u00a0<strong>27.789.883\/0001-17<\/strong><\/p>\n<p>A PREFEITURA MUNICIPAL DE VILA FLOR, inscrito(a) no CNPJ sob o n\u00ba 08.169.278\/0001-07, com sede na RUA JOSE CALAZANS, 169, representado por THUANNE KARLA CARVALHO DE SOUZA, PREFEITA MUNICIPAL, doravante denominado(a) CONTRATANTE, e a detentora \u00e9 a empresa RNCRONO LTDA, CNPJ\/MF: 27.789.883\/0001-17, j\u00e1 qualificados no contrato inicial, determinaram por meio deste, alterar o referido contrato, tendo em vista o que consta no Processo n\u00ba 04020001\/2026 e em observ\u00e2ncia \u00e0s disposi\u00e7\u00f5es da Lei n\u00ba 14.133, de 1\u00ba de abril de 2021, e demais legisla\u00e7\u00e3o aplic\u00e1vel, resolvem celebrar o presente Termo Aditivo, e autorizado por despacho da Prefeita Municipal, em conformidade com o disposto no artigo 61 da Lei n\u00ba 14.133\/21, e demais legisla\u00e7\u00e3o aplic\u00e1vel, resolvem celebrar o presente Termo aditivo de acr\u00e9scimo de altera\u00e7\u00e3o contratual, mediante as cl\u00e1usulas e condi\u00e7\u00f5es a seguir enunciadas.<\/p>\n<p><strong>CL\u00c1USULA PRIMEIRA \u2013 OBJETO (art. 125, da Lei 14.133\/21)<\/strong><\/p>\n<p>O presente termo aditivo de acr\u00e9scimo tem por objeto a(s) seguinte(s) altera\u00e7\u00e3o(\u00f5es) contratual(is):<\/p>\n<p><strong>CL\u00c1USULA SEGUNDA \u2013 PRE\u00c7O<\/strong><\/p>\n<p><em>2.1. Com a(s) altera\u00e7\u00e3o(\u00f5es), o valor da contrata\u00e7\u00e3o passar\u00e1 a ser R$\u00a0<\/em><em>2.033,50<\/em><em>\u00a0(Dois mil, trinta e tr\u00eas reais e cinquenta centavos), o que corresponde a 16,47% do contrato incialmente pactuado.<\/em><\/p>\n<p><em>2.2. O valor \u00e9 meramente estimativo, de forma que os pagamentos devidos ao CONTRATADO depender\u00e3o dos quantitativos efetivamente prestados.<\/em><\/p>\n<p><strong>CL\u00c1USULA TERCEIRA \u2013 DOTA\u00c7\u00c3O OR\u00c7AMENT\u00c1RIA<\/strong><\/p>\n<p>3.1. As despesas decorrentes do presente termo aditivo de acr\u00e9scimo correr\u00e3o \u00e0 conta de recursos espec\u00edficos consignados no Or\u00e7amento Geral do Executivo deste exerc\u00edcio, na dota\u00e7\u00e3o abaixo discriminada:<\/p>\n<p><strong>\u00d3rg\u00e3o:<\/strong>\u00a0\u00a0\u00a0\u00a0\u00a0\u00a0\u00a0\u00a0\u00a0\u00a0\u00a0\u00a0\u00a0\u00a0\u00a0\u00a0\u00a0\u00a0\u00a0\u00a0\u00a0\u00a0\u00a0\u00a0\u00a0\u00a0\u00a0\u00a0\u00a0\u00a0\u00a0\u00a0\u00a0\u00a0\u00a0\u00a0\u00a0\u00a0\u00a0\u00a0\u00a0\u00a0\u00a0\u00a0\u00a0 08 \u2013 SECRETARIA MUNICIPAL DE CULTURA, ESPORTE E LAZER<\/p>\n<p><strong>Unidade Or\u00e7ament\u00e1ria: \u00a0 \u00a0\u00a0\u00a0\u00a0\u00a0\u00a0\u00a0\u00a0\u00a0\u00a0\u00a0\u00a0<\/strong>08.001 \u2013 SECRETARIA MUNICIPAL DE CULTURA, ESPORTE E LAZER;<\/p>\n<p><strong>Projeto Atividade<\/strong>: \u00a0\u00a0\u00a0\u00a0\u00a0\u00a0\u00a0\u00a0\u00a0\u00a0\u00a0 \u00a0\u00a0\u00a0\u00a0\u00a0\u00a0\u00a0\u00a0\u00a0\u00a0\u00a0 2.048 \u2013 PROMO\u00c7\u00d5ES E EVENTOS CULTURAIS;\u00a0<strong>Classifica\u00e7\u00e3o econ\u00f4mica<\/strong>: 3.3.90.39.00 \u2013 Outros Servi\u00e7os de Terceiros \u2013 Pessoa Jur\u00eddica;<\/p>\n<p><strong>Fonte de Recurso<\/strong>: \u00a0\u00a0\u00a0\u00a0\u00a0\u00a0\u00a0\u00a0\u00a0\u00a0\u00a0\u00a0\u00a0\u00a0\u00a0\u00a0\u00a0\u00a0\u00a0\u00a0\u00a0\u00a0 15000000 \u2013 Recursos N\u00e3o Vinculados de Impostos<\/p>\n<p><em>\u00a0<\/em><\/p>\n<p><em>3.2. A dota\u00e7\u00e3o relativa aos exerc\u00edcios financeiros subsequentes ser\u00e1 indicada ap\u00f3s aprova\u00e7\u00e3o da Lei Or\u00e7ament\u00e1ria respectiva e libera\u00e7\u00e3o dos cr\u00e9ditos correspondentes, mediante apostilamento<\/em>.<\/p>\n<p><strong>CL\u00c1USULA QUARTA \u2013 RATIFICA\u00c7\u00c3O<\/strong><\/p>\n<p>4.1. Ficam mantidas e ratificadas as demais cl\u00e1usulas e condi\u00e7\u00f5es do contrato origin\u00e1rio, naquilo que n\u00e3o contrariem o presente termo aditivo.<\/p>\n<p><strong>CL\u00c1USULA QUINTA \u2013 DA PUBLICA\u00c7\u00c3O<\/strong><\/p>\n<p>5.1. Incumbir\u00e1 ao contratante divulgar o presente instrumento no Portal Nacional de Contrata\u00e7\u00f5es P\u00fablicas (PNCP), na forma prevista no art. 94 da Lei n\u00ba 14.133, de 2021, bem como no respectivo s\u00edtio oficial na Internet, em aten\u00e7\u00e3o ao art. 91, caput, da Lei n\u00ba 14.133, de 2021, e ao art. 8\u00ba, \u00a72\u00ba, da Lei n\u00ba 12.527, de 2011, c\/c art. 7\u00ba, \u00a73\u00ba, inciso V, do Decreto n\u00ba 7.724, de 2012.<\/p>\n<p>&nbsp;<\/p>\n<p><em>Vila Flor\/RN, em 24 de fevereiro de 2026.<\/em><\/p>\n<p>&nbsp;<\/p>\n<p><strong>PREFEITURA MUNICIPAL DE VILA FLOR<\/strong><\/p>\n<p><strong>CNPJ(MF)\u00a0 08.169.278\/0001-07<\/strong><\/p>\n<p><strong>\u00a0CONTRATANTE<\/strong><\/p>\n<p><strong>\u00a0<\/strong><\/p>\n<p><strong>\u00a0<\/strong><\/p>\n<p><strong>RNCRONO LTDA<\/strong><\/p>\n<p><strong>CNPJ\/MF:\u00a0<\/strong><strong>27.789.883\/0001-17<\/strong><\/p>\n<p><strong>CONTRATADA<\/strong><\/p>\n<p>&nbsp;<\/p>\n<table width=\"651\">\n<tbody>\n<tr>\n<td width=\"335\"><strong>TESTEMUNHAS<\/strong>&nbsp;<\/p>\n<p>______________________________<\/p>\n<p>Nome:<\/p>\n<p>CPF n\u00b0:<\/p>\n<p>Identidade n\u00b0:<\/p>\n<p>&nbsp;<\/td>\n<td width=\"316\">_________________________________&nbsp;<\/p>\n<p>Nome:<\/p>\n<p>CPF n\u00b0:<\/p>\n<p>Identidade n\u00b0:<\/td>\n<\/tr>\n<\/tbody>\n<\/table>\n<p>&nbsp;<\/p>\n<p style=\"text-align: right;\"><strong>Publicado por:<\/strong><br \/>\nGRINALDO JOAQUIM DE SOUZA<br \/>\nSecret\u00e1rio Municipal de Administra\u00e7\u00e3o<br \/>\n<strong>C\u00f3digo Identificador:<\/strong>\u00a0M3XODNQR27<\/p>\n<div class=\"pdfprnt-buttons pdfprnt-buttons-post pdfprnt-bottom-right\"><a href=\"https:\/\/vilaflor.rn.gov.br\/transparencia\/wp-json\/wp\/v2\/posts?page=3&print=pdf#038;print=pdf\" class=\"pdfprnt-button pdfprnt-button-pdf\" target=\"_blank\"><img decoding=\"async\" src=\"https:\/\/vilaflor.rn.gov.br\/transparencia\/wp-content\/plugins\/pdf-print\/images\/pdf.png\" alt=\"image_pdf\" title=\"Baixar PDF\" \/><\/a><a href=\"https:\/\/vilaflor.rn.gov.br\/transparencia\/wp-json\/wp\/v2\/posts?page=3&print=print#038;print=pdf\" class=\"pdfprnt-button pdfprnt-button-print\" target=\"_blank\"><img decoding=\"async\" src=\"https:\/\/vilaflor.rn.gov.br\/transparencia\/wp-content\/plugins\/pdf-print\/images\/print.png\" alt=\"image_print\" title=\"Conte\u00fado de impress\u00e3o\" \/><\/a><\/div>","protected":false},"excerpt":{"rendered":"<p>ESTADO DO RIO GRANDE DO NORTE PREFEITURA MUNICIPAL DE VILA FLOR Processo n\u00ba 04020001\/2026 TERMO ADITIVO AO\u00a0CONTRATO N\u00ba 015\/2026, QUE ENTRE SI FAZEM A PREFEITURA MUNICIPAL DE VILA FLOR\/RN, POR INTERM\u00c9DIO DA\u00a0SECRETARIA MUNICIPAL DE CULTURA, ESPORTE E LAZER\u00a0E A EMPRESA\u00a0RNCRONO LTDA\u00a0COM O CNPJ SOB O N\u00b0\u00a027.789.883\/0001-17 A PREFEITURA MUNICIPAL DE VILA FLOR, inscrito(a) no CNPJ [&hellip;]<\/p>\n","protected":false},"author":1,"featured_media":0,"comment_status":"open","ping_status":"open","sticky":false,"template":"","format":"standard","meta":{"ocean_post_layout":"","ocean_both_sidebars_style":"","ocean_both_sidebars_content_width":0,"ocean_both_sidebars_sidebars_width":0,"ocean_sidebar":"0","ocean_second_sidebar":"0","ocean_disable_margins":"enable","ocean_add_body_class":"","ocean_shortcode_before_top_bar":"","ocean_shortcode_after_top_bar":"","ocean_shortcode_before_header":"","ocean_shortcode_after_header":"","ocean_has_shortcode":"","ocean_shortcode_after_title":"","ocean_shortcode_before_footer_widgets":"","ocean_shortcode_after_footer_widgets":"","ocean_shortcode_before_footer_bottom":"","ocean_shortcode_after_footer_bottom":"","ocean_display_top_bar":"default","ocean_display_header":"default","ocean_header_style":"","ocean_center_header_left_menu":"0","ocean_custom_header_template":"0","ocean_custom_logo":0,"ocean_custom_retina_logo":0,"ocean_custom_logo_max_width":0,"ocean_custom_logo_tablet_max_width":0,"ocean_custom_logo_mobile_max_width":0,"ocean_custom_logo_max_height":0,"ocean_custom_logo_tablet_max_height":0,"ocean_custom_logo_mobile_max_height":0,"ocean_header_custom_menu":"0","ocean_menu_typo_font_family":"0","ocean_menu_typo_font_subset":"","ocean_menu_typo_font_size":0,"ocean_menu_typo_font_size_tablet":0,"ocean_menu_typo_font_size_mobile":0,"ocean_menu_typo_font_size_unit":"px","ocean_menu_typo_font_weight":"","ocean_menu_typo_font_weight_tablet":"","ocean_menu_typo_font_weight_mobile":"","ocean_menu_typo_transform":"","ocean_menu_typo_transform_tablet":"","ocean_menu_typo_transform_mobile":"","ocean_menu_typo_line_height":0,"ocean_menu_typo_line_height_tablet":0,"ocean_menu_typo_line_height_mobile":0,"ocean_menu_typo_line_height_unit":"","ocean_menu_typo_spacing":0,"ocean_menu_typo_spacing_tablet":0,"ocean_menu_typo_spacing_mobile":0,"ocean_menu_typo_spacing_unit":"","ocean_menu_link_color":"","ocean_menu_link_color_hover":"","ocean_menu_link_color_active":"","ocean_menu_link_background":"","ocean_menu_link_hover_background":"","ocean_menu_link_active_background":"","ocean_menu_social_links_bg":"","ocean_menu_social_hover_links_bg":"","ocean_menu_social_links_color":"","ocean_menu_social_hover_links_color":"","ocean_disable_title":"default","ocean_disable_heading":"default","ocean_post_title":"","ocean_post_subheading":"","ocean_post_title_style":"","ocean_post_title_background_color":"","ocean_post_title_background":0,"ocean_post_title_bg_image_position":"","ocean_post_title_bg_image_attachment":"","ocean_post_title_bg_image_repeat":"","ocean_post_title_bg_image_size":"","ocean_post_title_height":0,"ocean_post_title_bg_overlay":0.5,"ocean_post_title_bg_overlay_color":"","ocean_disable_breadcrumbs":"default","ocean_breadcrumbs_color":"","ocean_breadcrumbs_separator_color":"","ocean_breadcrumbs_links_color":"","ocean_breadcrumbs_links_hover_color":"","ocean_display_footer_widgets":"default","ocean_display_footer_bottom":"default","ocean_custom_footer_template":"0","ocean_post_oembed":"","ocean_post_self_hosted_media":"","ocean_post_video_embed":"","ocean_link_format":"","ocean_link_format_target":"self","ocean_quote_format":"","ocean_quote_format_link":"post","ocean_gallery_link_images":"on","ocean_gallery_id":[],"footnotes":""},"categories":[58,75,4],"tags":[],"class_list":["post-4268","post","type-post","status-publish","format-standard","hentry","category-contratos","category-contratos-2026","category-licitacao","entry"],"_links":{"self":[{"href":"https:\/\/vilaflor.rn.gov.br\/transparencia\/wp-json\/wp\/v2\/posts\/4268","targetHints":{"allow":["GET"]}}],"collection":[{"href":"https:\/\/vilaflor.rn.gov.br\/transparencia\/wp-json\/wp\/v2\/posts"}],"about":[{"href":"https:\/\/vilaflor.rn.gov.br\/transparencia\/wp-json\/wp\/v2\/types\/post"}],"author":[{"embeddable":true,"href":"https:\/\/vilaflor.rn.gov.br\/transparencia\/wp-json\/wp\/v2\/users\/1"}],"replies":[{"embeddable":true,"href":"https:\/\/vilaflor.rn.gov.br\/transparencia\/wp-json\/wp\/v2\/comments?post=4268"}],"version-history":[{"count":1,"href":"https:\/\/vilaflor.rn.gov.br\/transparencia\/wp-json\/wp\/v2\/posts\/4268\/revisions"}],"predecessor-version":[{"id":4269,"href":"https:\/\/vilaflor.rn.gov.br\/transparencia\/wp-json\/wp\/v2\/posts\/4268\/revisions\/4269"}],"wp:attachment":[{"href":"https:\/\/vilaflor.rn.gov.br\/transparencia\/wp-json\/wp\/v2\/media?parent=4268"}],"wp:term":[{"taxonomy":"category","embeddable":true,"href":"https:\/\/vilaflor.rn.gov.br\/transparencia\/wp-json\/wp\/v2\/categories?post=4268"},{"taxonomy":"post_tag","embeddable":true,"href":"https:\/\/vilaflor.rn.gov.br\/transparencia\/wp-json\/wp\/v2\/tags?post=4268"}],"curies":[{"name":"wp","href":"https:\/\/api.w.org\/{rel}","templated":true}]}},{"id":4266,"date":"2026-02-24T11:00:35","date_gmt":"2026-02-24T14:00:35","guid":{"rendered":"https:\/\/vilaflor.rn.gov.br\/transparencia\/?p=4266"},"modified":"2026-04-02T11:01:18","modified_gmt":"2026-04-02T14:01:18","slug":"segundo-termo-aditivo-ao-contrato-inexigibilidade-de-licitacao-001-2024","status":"publish","type":"post","link":"https:\/\/vilaflor.rn.gov.br\/transparencia\/segundo-termo-aditivo-ao-contrato-inexigibilidade-de-licitacao-001-2024\/","title":{"rendered":"SEGUNDO TERMO ADITIVO AO CONTRATO \u2013 INEXIGIBILIDADE DE LICITA\u00c7\u00c3O 001\/2024"},"content":{"rendered":"<p style=\"font-weight: 400;\"><span style=\"font-style: inherit; font-weight: inherit;\"><strong style=\"font-style: inherit; font-weight: 600;\">ESTADO DO RIO GRANDE DO NORTE<\/strong><br \/>\n<strong style=\"font-style: inherit; font-weight: 600;\">PREFEITURA MUNICIPAL DE VILA FLOR<\/strong><\/span><\/p>\n<p style=\"font-weight: 400;\"><span style=\"font-style: inherit; font-weight: inherit;\">Pelo presente instrumento particular de Aditivo, onde de um lado, como\u00a0<strong style=\"font-style: inherit; font-weight: 600;\">CONTRATANTE<\/strong>, a PREFEITURA MUNICIPAL DE Vila Flor, inscrita no CNPJ (MF) sob o n\u00ba 08.169.278\/0001-07, com sede \u00e0 Rua Jos\u00e9 Calazans, 69, Centro, Vila Flor\/RN, CEP 59.192-000, aqui representada pela Prefeita, a Sra. Thuanne Karla Carvalho de Souza, inscrito no CPF (MF) sob o n\u00ba 084.453.074-36, e do outro lado como\u00a0<strong style=\"font-style: inherit; font-weight: 600;\">CONTRATADA<\/strong>, a empresa LOURIVAL JOSE DE FREITAS, inscrita no CPF (MF) sob o n\u00ba 047.511.084-68, com sede na Fazenda Amparo, 5, Zona Rural, Canguaretama\/RN, CEP 59.190-000, aqui representada pelo Sr., LOURIVAL JOSE DE FREITAS, inscrita no CPF (MF) sob o n\u00ba 047.511.084-68, ficam aditados de acordo com a Lei Federal n\u00ba 8.666\/93 e suas combina\u00e7\u00f5es, conforme especifica\u00e7\u00f5es a seguir:<\/span><\/p>\n<p style=\"font-weight: 400;\"><span style=\"font-style: inherit; font-weight: inherit;\">\u00a0<\/span><\/p>\n<p style=\"font-weight: 400;\"><strong style=\"font-style: inherit; font-weight: 600;\"><span style=\"font-style: inherit; font-weight: inherit;\">CL\u00c1USULA 1\u00aa \u2013 DO OBJETO:<\/span><\/strong><\/p>\n<p style=\"font-weight: 400;\"><strong style=\"font-style: inherit; font-weight: 600;\"><span style=\"font-style: inherit; font-weight: inherit;\">\u00a0<\/span><\/strong><\/p>\n<p style=\"font-weight: 400;\">O presente Aditivo tem como objeto autorizar a prorroga\u00e7\u00e3o do prazo por mais 2 (dois) meses dos servi\u00e7os celebrados conforme Contrato pactuado entre as partes acima mencionadas, e oriundo da INEXIGIBILIDADE DE LICITA\u00c7\u00c3O 001\/2024.<\/p>\n<p style=\"font-weight: 400;\"><span style=\"font-style: inherit; font-weight: inherit;\">\u00a0<\/span><\/p>\n<p style=\"font-weight: 400;\"><strong style=\"font-style: inherit; font-weight: 600;\"><span style=\"font-style: inherit; font-weight: inherit;\">CL\u00c1USULA 2\u00aa \u2013 DO VALOR:<\/span><\/strong><\/p>\n<p style=\"font-weight: 400;\"><strong style=\"font-style: inherit; font-weight: 600;\"><span style=\"font-style: inherit; font-weight: inherit;\">\u00a0<\/span><\/strong><\/p>\n<p style=\"font-weight: 400;\">Com a prorroga\u00e7\u00e3o do prazo o termo Aditivo importar\u00e1 no valor mensal de R$ 4.000,00 (Quatro mil reais), totalizando o valor de R$ 8.000,00 (Oito mil reais) conforme tabela abaixo:<\/p>\n<table style=\"font-weight: 400;\">\n<tbody style=\"font-style: inherit; font-weight: inherit;\">\n<tr style=\"font-style: inherit; font-weight: inherit;\">\n<td style=\"font-style: inherit;\" width=\"58\">\n<p style=\"font-style: inherit; font-weight: inherit;\">Item<\/p>\n<\/td>\n<td style=\"font-style: inherit;\" width=\"172\">\n<p style=\"font-style: inherit; font-weight: inherit;\">Descri\u00e7\u00e3o<\/p>\n<\/td>\n<td style=\"font-style: inherit;\" width=\"107\">\n<p style=\"font-style: inherit; font-weight: inherit;\">Unidade de Medida<\/p>\n<\/td>\n<td style=\"font-style: inherit;\" width=\"108\">\n<p style=\"font-style: inherit; font-weight: inherit;\">Quantidade<\/p>\n<\/td>\n<td style=\"font-style: inherit;\" width=\"107\">\n<p style=\"font-style: inherit; font-weight: inherit;\">V. Unit\u00e1rio<\/p>\n<\/td>\n<td style=\"font-style: inherit;\" width=\"106\">\n<p style=\"font-style: inherit; font-weight: inherit;\">V. Total<\/p>\n<\/td>\n<\/tr>\n<tr style=\"font-style: inherit; font-weight: inherit;\">\n<td style=\"font-style: inherit;\" width=\"58\">\n<p style=\"font-style: inherit; font-weight: inherit;\">01<\/p>\n<\/td>\n<td style=\"font-style: inherit;\" width=\"172\">\n<p style=\"font-style: inherit; font-weight: inherit;\">loca\u00e7\u00e3o de um terreno situado na Zona Rural de Canguaretama, Fazenda Amparo, n\u00ba 05, destinado \u00e0 destina\u00e7\u00e3o final do lixo dom\u00e9stico dos cidad\u00e3os do Munic\u00edpio de Vila Flor\/RN<\/p>\n<\/td>\n<td style=\"font-style: inherit;\" width=\"107\">\n<p style=\"font-style: inherit; font-weight: inherit;\">M\u00eas<\/p>\n<\/td>\n<td style=\"font-style: inherit;\" width=\"108\">\n<p style=\"font-style: inherit; font-weight: inherit;\">02<\/p>\n<\/td>\n<td style=\"font-style: inherit;\" width=\"107\">\n<p style=\"font-style: inherit; font-weight: inherit;\">R$ 4.000,00<\/p>\n<\/td>\n<td style=\"font-style: inherit;\" width=\"106\">\n<p style=\"font-style: inherit; font-weight: inherit;\">R$ 8.000,00<\/p>\n<\/td>\n<\/tr>\n<\/tbody>\n<\/table>\n<p style=\"font-weight: 400;\"><span style=\"font-style: inherit; font-weight: inherit;\">\u00a0<\/span><\/p>\n<p style=\"font-weight: 400;\"><strong style=\"font-style: inherit; font-weight: 600;\">CL\u00c1USULA 3\u00aa \u2013 DA DOTA\u00c7\u00c3O OR\u00c7AMENT\u00c1RIA<\/strong><\/p>\n<p style=\"font-weight: 400;\"><strong style=\"font-style: inherit; font-weight: 600;\">\u00a0<\/strong><\/p>\n<p style=\"font-weight: 400;\">A despesa decorrente da presente altera\u00e7\u00e3o correr\u00e1 \u00e0 conta da seguinte Dota\u00e7\u00e3o Or\u00e7ament\u00e1ria: Exerc\u00edcio 2025<\/p>\n<p style=\"font-weight: 400;\">\u00d3rg\u00e3o requisitante: \u00a0\u00a0\u00a0\u00a0\u00a0 \u00a0\u00a0\u00a0\u00a0\u00a0\u00a0\u00a0\u00a0\u00a0\u00a0\u00a0 12.001 \u2013 Secretaria Municipal de Servi\u00e7os Urbanos<\/p>\n<p style=\"font-weight: 400;\">Projeto\/Atividade: \u00a0\u00a0\u00a0\u00a0\u00a0\u00a0 \u00a0\u00a0\u00a0\u00a0\u00a0\u00a0\u00a0\u00a0\u00a0\u00a0\u00a0 2.100 \u2013 Manuten\u00e7\u00e3o das A\u00e7\u00f5es da Secretaria Municipal de Servi\u00e7os Urbanos<\/p>\n<p style=\"font-weight: 400;\">Classifica\u00e7\u00e3o Econ\u00f4mica: \u00a0\u00a0\u00a0\u00a0\u00a0\u00a0\u00a0 3.3.90.36.00 \u2013 Outros Servi\u00e7os de Terceiros \u2013 Pessoa F\u00edsica<\/p>\n<p style=\"font-weight: 400;\">Fonte de Recurso: \u00a0\u00a0\u00a0\u00a0\u00a0\u00a0\u00a0\u00a0\u00a0\u00a0\u00a0\u00a0\u00a0\u00a0\u00a0\u00a0 \u00a0 \u00a0\u00a0\u00a0\u00a0\u00a0\u00a0\u00a0\u00a0\u00a0\u00a0\u00a0 1500000000<strong style=\"font-style: inherit; font-weight: 600;\">\u00a0\u2013\u00a0<\/strong>Recurso n\u00e3o vinculado de Impostos<\/p>\n<p style=\"font-weight: 400;\"><strong style=\"font-style: inherit; font-weight: 600;\"><span style=\"font-style: inherit; font-weight: inherit;\">\u00a0<\/span><\/strong><\/p>\n<p style=\"font-weight: 400;\"><strong style=\"font-style: inherit; font-weight: 600;\"><span style=\"font-style: inherit; font-weight: inherit;\">CL\u00c1USULA 4\u00aa \u2013 DA BASE LEGAL:<\/span><\/strong><\/p>\n<p style=\"font-weight: 400;\"><strong style=\"font-style: inherit; font-weight: 600;\"><span style=\"font-style: inherit; font-weight: inherit;\">\u00a0<\/span><\/strong><\/p>\n<p style=\"font-weight: 400;\"><span style=\"font-style: inherit; font-weight: inherit;\">A celebra\u00e7\u00e3o do presente Aditivo est\u00e1 prevista no art. 107, \u00a71, da Lei Federal n\u00ba 14.133\/21 e suas altera\u00e7\u00f5es posteriores.<\/span><\/p>\n<p style=\"font-weight: 400;\"><span style=\"font-style: inherit; font-weight: inherit;\">\u00a0<\/span><\/p>\n<p style=\"font-weight: 400;\"><strong style=\"font-style: inherit; font-weight: 600;\"><span style=\"font-style: inherit; font-weight: inherit;\">CL\u00c1USULA 5\u00aa \u2013 DAS DEMAIS CL\u00c1USULAS:<\/span><\/strong><\/p>\n<p style=\"font-weight: 400;\"><strong style=\"font-style: inherit; font-weight: 600;\"><span style=\"font-style: inherit; font-weight: inherit;\">\u00a0<\/span><\/strong><\/p>\n<p style=\"font-weight: 400;\"><span style=\"font-style: inherit; font-weight: inherit;\">Ficam mantidas as demais condi\u00e7\u00f5es contidas no Contrato de Presta\u00e7\u00e3o de Servi\u00e7os oriundo da Licita\u00e7\u00e3o \u2013 INEXIGIBILIDADE DE LICITA\u00c7\u00c3O 001\/2024, inclusive no que se refere \u00e0s condi\u00e7\u00f5es de pagamento.<\/span><\/p>\n<p style=\"font-weight: 400;\"><span style=\"font-style: inherit; font-weight: inherit;\">\u00a0<\/span><\/p>\n<p style=\"font-weight: 400;\"><span style=\"font-style: inherit; font-weight: inherit;\">E por estarem justos e aditados, mandou-se lavrar o presente termo, em 03 (tr\u00eas) vias, para que surta os efeitos legais e jur\u00eddicos.<\/span><\/p>\n<p style=\"font-weight: 400;\"><span style=\"font-style: inherit; font-weight: inherit;\">\u00a0<\/span><\/p>\n<p style=\"font-weight: 400;\"><span style=\"font-style: inherit; font-weight: inherit;\">\u00a0<\/span><\/p>\n<p style=\"font-weight: 400;\"><span style=\"font-style: inherit; font-weight: inherit;\">\u00a0<\/span><\/p>\n<p style=\"font-weight: 400;\"><span style=\"font-style: inherit; font-weight: inherit;\">Vila Flor\/RN, em 29 de dezembro de 2025.<\/span><\/p>\n<p style=\"font-weight: 400;\"><span style=\"font-style: inherit; font-weight: inherit;\">\u00a0<\/span><\/p>\n<p style=\"font-weight: 400;\"><span style=\"font-style: inherit; font-weight: inherit;\">\u00a0<\/span><\/p>\n<p style=\"font-weight: 400;\"><span style=\"font-style: inherit; font-weight: inherit;\">\u00a0<\/span><\/p>\n<p style=\"font-weight: 400;\"><span style=\"font-style: inherit; font-weight: inherit;\">\u00a0<\/span><\/p>\n<p style=\"font-weight: 400;\"><span style=\"font-style: inherit; font-weight: inherit;\">\u00a0<\/span><\/p>\n<p style=\"font-weight: 400;\"><span style=\"font-style: inherit; font-weight: inherit;\">\u00a0<\/span><\/p>\n<table style=\"font-style: inherit; font-weight: inherit;\" width=\"594\">\n<tbody style=\"font-style: inherit; font-weight: inherit;\">\n<tr style=\"font-style: inherit; font-weight: inherit;\">\n<td style=\"font-style: inherit;\" width=\"339\">\n<p style=\"font-style: inherit; font-weight: inherit;\"><strong style=\"font-style: inherit; font-weight: 600;\"><span style=\"font-style: inherit; font-weight: inherit;\">Thuanne Karla Carvalho de Souza<\/span><\/strong><\/p>\n<p style=\"font-style: inherit; font-weight: inherit;\"><span style=\"font-style: inherit; font-weight: inherit;\">PELA CONTRATANTE<\/span><\/p>\n<p style=\"font-style: inherit; font-weight: inherit;\"><span style=\"font-style: inherit; font-weight: inherit;\">Prefeita Municipal<\/span><\/p>\n<\/td>\n<td style=\"font-style: inherit;\" width=\"255\">\n<p style=\"font-style: inherit; font-weight: inherit;\"><strong style=\"font-style: inherit; font-weight: 600;\"><span style=\"font-style: inherit; font-weight: inherit;\">LOURIVAL JOSE DE FREITAS<\/span><\/strong><\/p>\n<p style=\"font-style: inherit; font-weight: inherit;\"><span style=\"font-style: inherit; font-weight: inherit;\">CONTRATADO<\/span><\/p>\n<\/td>\n<\/tr>\n<\/tbody>\n<\/table>\n<p style=\"font-weight: 400;\">\n<p style=\"font-weight: 400;\"><span style=\"font-style: inherit; font-weight: inherit;\">\u00a0<\/span><\/p>\n<p style=\"font-weight: 400; text-align: right;\"><span style=\"font-style: inherit; font-weight: inherit;\"><strong style=\"font-style: inherit; font-weight: 600;\">Publicado por:<\/strong><br \/>\nGRINALDO JOAQUIM DE SOUZA<br \/>\nSecret\u00e1rio Municipal de Administra\u00e7\u00e3o<br \/>\n<strong style=\"font-style: inherit; font-weight: 600;\">C\u00f3digo Identificador:<\/strong>\u00a0BOOGDYL1OE<\/span><\/p>\n<div class=\"pdfprnt-buttons pdfprnt-buttons-post pdfprnt-bottom-right\"><a href=\"https:\/\/vilaflor.rn.gov.br\/transparencia\/wp-json\/wp\/v2\/posts?page=3&print=pdf#038;print=pdf\" class=\"pdfprnt-button pdfprnt-button-pdf\" target=\"_blank\"><img decoding=\"async\" src=\"https:\/\/vilaflor.rn.gov.br\/transparencia\/wp-content\/plugins\/pdf-print\/images\/pdf.png\" alt=\"image_pdf\" title=\"Baixar PDF\" \/><\/a><a href=\"https:\/\/vilaflor.rn.gov.br\/transparencia\/wp-json\/wp\/v2\/posts?page=3&print=print#038;print=pdf\" class=\"pdfprnt-button pdfprnt-button-print\" target=\"_blank\"><img decoding=\"async\" src=\"https:\/\/vilaflor.rn.gov.br\/transparencia\/wp-content\/plugins\/pdf-print\/images\/print.png\" alt=\"image_print\" title=\"Conte\u00fado de impress\u00e3o\" \/><\/a><\/div>","protected":false},"excerpt":{"rendered":"<p>ESTADO DO RIO GRANDE DO NORTE PREFEITURA MUNICIPAL DE VILA FLOR Pelo presente instrumento particular de Aditivo, onde de um lado, como\u00a0CONTRATANTE, a PREFEITURA MUNICIPAL DE Vila Flor, inscrita no CNPJ (MF) sob o n\u00ba 08.169.278\/0001-07, com sede \u00e0 Rua Jos\u00e9 Calazans, 69, Centro, Vila Flor\/RN, CEP 59.192-000, aqui representada pela Prefeita, a Sra. Thuanne [&hellip;]<\/p>\n","protected":false},"author":1,"featured_media":0,"comment_status":"open","ping_status":"open","sticky":false,"template":"","format":"standard","meta":{"ocean_post_layout":"","ocean_both_sidebars_style":"","ocean_both_sidebars_content_width":0,"ocean_both_sidebars_sidebars_width":0,"ocean_sidebar":"0","ocean_second_sidebar":"0","ocean_disable_margins":"enable","ocean_add_body_class":"","ocean_shortcode_before_top_bar":"","ocean_shortcode_after_top_bar":"","ocean_shortcode_before_header":"","ocean_shortcode_after_header":"","ocean_has_shortcode":"","ocean_shortcode_after_title":"","ocean_shortcode_before_footer_widgets":"","ocean_shortcode_after_footer_widgets":"","ocean_shortcode_before_footer_bottom":"","ocean_shortcode_after_footer_bottom":"","ocean_display_top_bar":"default","ocean_display_header":"default","ocean_header_style":"","ocean_center_header_left_menu":"0","ocean_custom_header_template":"0","ocean_custom_logo":0,"ocean_custom_retina_logo":0,"ocean_custom_logo_max_width":0,"ocean_custom_logo_tablet_max_width":0,"ocean_custom_logo_mobile_max_width":0,"ocean_custom_logo_max_height":0,"ocean_custom_logo_tablet_max_height":0,"ocean_custom_logo_mobile_max_height":0,"ocean_header_custom_menu":"0","ocean_menu_typo_font_family":"0","ocean_menu_typo_font_subset":"","ocean_menu_typo_font_size":0,"ocean_menu_typo_font_size_tablet":0,"ocean_menu_typo_font_size_mobile":0,"ocean_menu_typo_font_size_unit":"px","ocean_menu_typo_font_weight":"","ocean_menu_typo_font_weight_tablet":"","ocean_menu_typo_font_weight_mobile":"","ocean_menu_typo_transform":"","ocean_menu_typo_transform_tablet":"","ocean_menu_typo_transform_mobile":"","ocean_menu_typo_line_height":0,"ocean_menu_typo_line_height_tablet":0,"ocean_menu_typo_line_height_mobile":0,"ocean_menu_typo_line_height_unit":"","ocean_menu_typo_spacing":0,"ocean_menu_typo_spacing_tablet":0,"ocean_menu_typo_spacing_mobile":0,"ocean_menu_typo_spacing_unit":"","ocean_menu_link_color":"","ocean_menu_link_color_hover":"","ocean_menu_link_color_active":"","ocean_menu_link_background":"","ocean_menu_link_hover_background":"","ocean_menu_link_active_background":"","ocean_menu_social_links_bg":"","ocean_menu_social_hover_links_bg":"","ocean_menu_social_links_color":"","ocean_menu_social_hover_links_color":"","ocean_disable_title":"default","ocean_disable_heading":"default","ocean_post_title":"","ocean_post_subheading":"","ocean_post_title_style":"","ocean_post_title_background_color":"","ocean_post_title_background":0,"ocean_post_title_bg_image_position":"","ocean_post_title_bg_image_attachment":"","ocean_post_title_bg_image_repeat":"","ocean_post_title_bg_image_size":"","ocean_post_title_height":0,"ocean_post_title_bg_overlay":0.5,"ocean_post_title_bg_overlay_color":"","ocean_disable_breadcrumbs":"default","ocean_breadcrumbs_color":"","ocean_breadcrumbs_separator_color":"","ocean_breadcrumbs_links_color":"","ocean_breadcrumbs_links_hover_color":"","ocean_display_footer_widgets":"default","ocean_display_footer_bottom":"default","ocean_custom_footer_template":"0","ocean_post_oembed":"","ocean_post_self_hosted_media":"","ocean_post_video_embed":"","ocean_link_format":"","ocean_link_format_target":"self","ocean_quote_format":"","ocean_quote_format_link":"post","ocean_gallery_link_images":"on","ocean_gallery_id":[],"footnotes":""},"categories":[58,75,4],"tags":[],"class_list":["post-4266","post","type-post","status-publish","format-standard","hentry","category-contratos","category-contratos-2026","category-licitacao","entry"],"_links":{"self":[{"href":"https:\/\/vilaflor.rn.gov.br\/transparencia\/wp-json\/wp\/v2\/posts\/4266","targetHints":{"allow":["GET"]}}],"collection":[{"href":"https:\/\/vilaflor.rn.gov.br\/transparencia\/wp-json\/wp\/v2\/posts"}],"about":[{"href":"https:\/\/vilaflor.rn.gov.br\/transparencia\/wp-json\/wp\/v2\/types\/post"}],"author":[{"embeddable":true,"href":"https:\/\/vilaflor.rn.gov.br\/transparencia\/wp-json\/wp\/v2\/users\/1"}],"replies":[{"embeddable":true,"href":"https:\/\/vilaflor.rn.gov.br\/transparencia\/wp-json\/wp\/v2\/comments?post=4266"}],"version-history":[{"count":1,"href":"https:\/\/vilaflor.rn.gov.br\/transparencia\/wp-json\/wp\/v2\/posts\/4266\/revisions"}],"predecessor-version":[{"id":4267,"href":"https:\/\/vilaflor.rn.gov.br\/transparencia\/wp-json\/wp\/v2\/posts\/4266\/revisions\/4267"}],"wp:attachment":[{"href":"https:\/\/vilaflor.rn.gov.br\/transparencia\/wp-json\/wp\/v2\/media?parent=4266"}],"wp:term":[{"taxonomy":"category","embeddable":true,"href":"https:\/\/vilaflor.rn.gov.br\/transparencia\/wp-json\/wp\/v2\/categories?post=4266"},{"taxonomy":"post_tag","embeddable":true,"href":"https:\/\/vilaflor.rn.gov.br\/transparencia\/wp-json\/wp\/v2\/tags?post=4266"}],"curies":[{"name":"wp","href":"https:\/\/api.w.org\/{rel}","templated":true}]}},{"id":4264,"date":"2026-02-24T10:59:53","date_gmt":"2026-02-24T13:59:53","guid":{"rendered":"https:\/\/vilaflor.rn.gov.br\/transparencia\/?p=4264"},"modified":"2026-04-02T11:00:28","modified_gmt":"2026-04-02T14:00:28","slug":"extrato-de-contrato-n-017-2026-inexigibilidade-de-licitacao-n-010-2026","status":"publish","type":"post","link":"https:\/\/vilaflor.rn.gov.br\/transparencia\/extrato-de-contrato-n-017-2026-inexigibilidade-de-licitacao-n-010-2026\/","title":{"rendered":"EXTRATO DE CONTRATO N\u00b0 017\/2026 INEXIGIBILIDADE DE LICITA\u00c7\u00c3O N\u00b0 010\/2026"},"content":{"rendered":"<p><strong>ESTADO DO RIO GRANDE DO NORTE<\/strong><br \/>\n<strong>PREFEITURA MUNICIPAL DE VILA FLOR<\/strong><\/p>\n<p><strong><b>CONTRATO N<\/b><\/strong>\u00ba\u2026\u2026\u2026..:\u00a0<strong><b>0<\/b><\/strong><strong><b>17\/2026<\/b><\/strong><\/p>\n<p>&nbsp;<\/p>\n<p><strong><b>ORIGEM<\/b><\/strong>\u2026\u2026\u2026\u2026\u2026\u2026\u2026: \u00a0INEXIGIBILIDADE DE LICITA\u00c7\u00c3O N\u00b0 010\/2026<\/p>\n<p>&nbsp;<\/p>\n<p><strong><b>CONTRATANTE<\/b><\/strong>\u2026\u2026..: PREFEITURA MUNICIPAL DE VILA FLOR<\/p>\n<p>&nbsp;<\/p>\n<p><strong><b>CONTRATADA(O)<\/b><\/strong>\u2026..:\u00a0<strong>THIAGO FREITAS PROMO\u00c7\u00d5ES ARTISTICAS LTDA<\/strong><\/p>\n<p>&nbsp;<\/p>\n<p><strong><b>OBJETO<\/b><\/strong>\u2026\u2026\u2026\u2026\u2026\u2026\u2026.: CONTRATA\u00c7\u00c3O DE APRESENTA\u00c7\u00c3O DE UM SHOW ART\u00cdSTICO AO VIVO DE (THIAGO FREITAS) PARA O EVENTO FESTA DA PADROEIRA, CUJA APRESENTA\u00c7\u00c3O REALIZAR-SE-\u00c1 NO DIA 28 DE FEVEREIRO DE 2026<\/p>\n<p>&nbsp;<\/p>\n<p><strong><b>VALOR TOTAL<\/b><\/strong>\u2026\u2026\u2026\u2026\u2026.R$ 250.000,00 (Duzentos e cinquenta mil reais)<\/p>\n<p>&nbsp;<\/p>\n<p><strong><b>VIG\u00caNCIA<\/b><\/strong>\u2026\u2026\u2026\u2026\u2026\u2026.:\u00a0<strong>60\u00a0<\/strong><strong>(<\/strong><strong>sessenta<\/strong><strong>) dias\u00a0<\/strong>contados da publica\u00e7\u00e3o do extrato do contrato na Imprensa Oficial<\/p>\n<p>&nbsp;<\/p>\n<p><strong><b>DATA DA ASSINATURA<\/b><\/strong>\u2026\u2026\u2026: 23 de fevereiro de 2026<\/p>\n<p style=\"text-align: right;\"><strong>Publicado por:<\/strong><br \/>\nGRINALDO JOAQUIM DE SOUZA<br \/>\nSecret\u00e1rio Municipal de Administra\u00e7\u00e3o<br \/>\n<strong>C\u00f3digo Identificador:<\/strong>\u00a0YYO9LYW56D<\/p>\n<div class=\"pdfprnt-buttons pdfprnt-buttons-post pdfprnt-bottom-right\"><a href=\"https:\/\/vilaflor.rn.gov.br\/transparencia\/wp-json\/wp\/v2\/posts?page=3&print=pdf#038;print=pdf\" class=\"pdfprnt-button pdfprnt-button-pdf\" target=\"_blank\"><img decoding=\"async\" src=\"https:\/\/vilaflor.rn.gov.br\/transparencia\/wp-content\/plugins\/pdf-print\/images\/pdf.png\" alt=\"image_pdf\" title=\"Baixar PDF\" \/><\/a><a href=\"https:\/\/vilaflor.rn.gov.br\/transparencia\/wp-json\/wp\/v2\/posts?page=3&print=print#038;print=pdf\" class=\"pdfprnt-button pdfprnt-button-print\" target=\"_blank\"><img decoding=\"async\" src=\"https:\/\/vilaflor.rn.gov.br\/transparencia\/wp-content\/plugins\/pdf-print\/images\/print.png\" alt=\"image_print\" title=\"Conte\u00fado de impress\u00e3o\" \/><\/a><\/div>","protected":false},"excerpt":{"rendered":"<p>ESTADO DO RIO GRANDE DO NORTE PREFEITURA MUNICIPAL DE VILA FLOR CONTRATO N\u00ba\u2026\u2026\u2026..:\u00a0017\/2026 &nbsp; ORIGEM\u2026\u2026\u2026\u2026\u2026\u2026\u2026: \u00a0INEXIGIBILIDADE DE LICITA\u00c7\u00c3O N\u00b0 010\/2026 &nbsp; CONTRATANTE\u2026\u2026..: PREFEITURA MUNICIPAL DE VILA FLOR &nbsp; CONTRATADA(O)\u2026..:\u00a0THIAGO FREITAS PROMO\u00c7\u00d5ES ARTISTICAS LTDA &nbsp; OBJETO\u2026\u2026\u2026\u2026\u2026\u2026\u2026.: CONTRATA\u00c7\u00c3O DE APRESENTA\u00c7\u00c3O DE UM SHOW ART\u00cdSTICO AO VIVO DE (THIAGO FREITAS) PARA O EVENTO FESTA DA PADROEIRA, CUJA APRESENTA\u00c7\u00c3O [&hellip;]<\/p>\n","protected":false},"author":1,"featured_media":0,"comment_status":"open","ping_status":"open","sticky":false,"template":"","format":"standard","meta":{"ocean_post_layout":"","ocean_both_sidebars_style":"","ocean_both_sidebars_content_width":0,"ocean_both_sidebars_sidebars_width":0,"ocean_sidebar":"0","ocean_second_sidebar":"0","ocean_disable_margins":"enable","ocean_add_body_class":"","ocean_shortcode_before_top_bar":"","ocean_shortcode_after_top_bar":"","ocean_shortcode_before_header":"","ocean_shortcode_after_header":"","ocean_has_shortcode":"","ocean_shortcode_after_title":"","ocean_shortcode_before_footer_widgets":"","ocean_shortcode_after_footer_widgets":"","ocean_shortcode_before_footer_bottom":"","ocean_shortcode_after_footer_bottom":"","ocean_display_top_bar":"default","ocean_display_header":"default","ocean_header_style":"","ocean_center_header_left_menu":"0","ocean_custom_header_template":"0","ocean_custom_logo":0,"ocean_custom_retina_logo":0,"ocean_custom_logo_max_width":0,"ocean_custom_logo_tablet_max_width":0,"ocean_custom_logo_mobile_max_width":0,"ocean_custom_logo_max_height":0,"ocean_custom_logo_tablet_max_height":0,"ocean_custom_logo_mobile_max_height":0,"ocean_header_custom_menu":"0","ocean_menu_typo_font_family":"0","ocean_menu_typo_font_subset":"","ocean_menu_typo_font_size":0,"ocean_menu_typo_font_size_tablet":0,"ocean_menu_typo_font_size_mobile":0,"ocean_menu_typo_font_size_unit":"px","ocean_menu_typo_font_weight":"","ocean_menu_typo_font_weight_tablet":"","ocean_menu_typo_font_weight_mobile":"","ocean_menu_typo_transform":"","ocean_menu_typo_transform_tablet":"","ocean_menu_typo_transform_mobile":"","ocean_menu_typo_line_height":0,"ocean_menu_typo_line_height_tablet":0,"ocean_menu_typo_line_height_mobile":0,"ocean_menu_typo_line_height_unit":"","ocean_menu_typo_spacing":0,"ocean_menu_typo_spacing_tablet":0,"ocean_menu_typo_spacing_mobile":0,"ocean_menu_typo_spacing_unit":"","ocean_menu_link_color":"","ocean_menu_link_color_hover":"","ocean_menu_link_color_active":"","ocean_menu_link_background":"","ocean_menu_link_hover_background":"","ocean_menu_link_active_background":"","ocean_menu_social_links_bg":"","ocean_menu_social_hover_links_bg":"","ocean_menu_social_links_color":"","ocean_menu_social_hover_links_color":"","ocean_disable_title":"default","ocean_disable_heading":"default","ocean_post_title":"","ocean_post_subheading":"","ocean_post_title_style":"","ocean_post_title_background_color":"","ocean_post_title_background":0,"ocean_post_title_bg_image_position":"","ocean_post_title_bg_image_attachment":"","ocean_post_title_bg_image_repeat":"","ocean_post_title_bg_image_size":"","ocean_post_title_height":0,"ocean_post_title_bg_overlay":0.5,"ocean_post_title_bg_overlay_color":"","ocean_disable_breadcrumbs":"default","ocean_breadcrumbs_color":"","ocean_breadcrumbs_separator_color":"","ocean_breadcrumbs_links_color":"","ocean_breadcrumbs_links_hover_color":"","ocean_display_footer_widgets":"default","ocean_display_footer_bottom":"default","ocean_custom_footer_template":"0","ocean_post_oembed":"","ocean_post_self_hosted_media":"","ocean_post_video_embed":"","ocean_link_format":"","ocean_link_format_target":"self","ocean_quote_format":"","ocean_quote_format_link":"post","ocean_gallery_link_images":"on","ocean_gallery_id":[],"footnotes":""},"categories":[58,75,4],"tags":[],"class_list":["post-4264","post","type-post","status-publish","format-standard","hentry","category-contratos","category-contratos-2026","category-licitacao","entry"],"_links":{"self":[{"href":"https:\/\/vilaflor.rn.gov.br\/transparencia\/wp-json\/wp\/v2\/posts\/4264","targetHints":{"allow":["GET"]}}],"collection":[{"href":"https:\/\/vilaflor.rn.gov.br\/transparencia\/wp-json\/wp\/v2\/posts"}],"about":[{"href":"https:\/\/vilaflor.rn.gov.br\/transparencia\/wp-json\/wp\/v2\/types\/post"}],"author":[{"embeddable":true,"href":"https:\/\/vilaflor.rn.gov.br\/transparencia\/wp-json\/wp\/v2\/users\/1"}],"replies":[{"embeddable":true,"href":"https:\/\/vilaflor.rn.gov.br\/transparencia\/wp-json\/wp\/v2\/comments?post=4264"}],"version-history":[{"count":1,"href":"https:\/\/vilaflor.rn.gov.br\/transparencia\/wp-json\/wp\/v2\/posts\/4264\/revisions"}],"predecessor-version":[{"id":4265,"href":"https:\/\/vilaflor.rn.gov.br\/transparencia\/wp-json\/wp\/v2\/posts\/4264\/revisions\/4265"}],"wp:attachment":[{"href":"https:\/\/vilaflor.rn.gov.br\/transparencia\/wp-json\/wp\/v2\/media?parent=4264"}],"wp:term":[{"taxonomy":"category","embeddable":true,"href":"https:\/\/vilaflor.rn.gov.br\/transparencia\/wp-json\/wp\/v2\/categories?post=4264"},{"taxonomy":"post_tag","embeddable":true,"href":"https:\/\/vilaflor.rn.gov.br\/transparencia\/wp-json\/wp\/v2\/tags?post=4264"}],"curies":[{"name":"wp","href":"https:\/\/api.w.org\/{rel}","templated":true}]}},{"id":4262,"date":"2026-02-24T10:51:42","date_gmt":"2026-02-24T13:51:42","guid":{"rendered":"https:\/\/vilaflor.rn.gov.br\/transparencia\/?p=4262"},"modified":"2026-04-02T10:53:09","modified_gmt":"2026-04-02T13:53:09","slug":"termo-de-inexigibilidade-de-licitacao-no-010-2026","status":"publish","type":"post","link":"https:\/\/vilaflor.rn.gov.br\/transparencia\/termo-de-inexigibilidade-de-licitacao-no-010-2026\/","title":{"rendered":"TERMO DE INEXIGIBILIDADE DE LICITA\u00c7\u00c3O N\u00ba 010\/2026"},"content":{"rendered":"<p><strong>ESTADO DO RIO GRANDE DO NORTE<\/strong><br \/>\n<strong>PREFEITURA MUNICIPAL DE VILA FLOR<\/strong><\/p>\n<p>Foi declarada inexig\u00edvel a realiza\u00e7\u00e3o do certame licitat\u00f3rio para a CONTRATA\u00c7\u00c3O DE APRESENTA\u00c7\u00c3O DE UM SHOW ART\u00cdSTICO AO VIVO DE (THIAGO FREITAS) PARA O EVENTO FESTA DA PADROEIRA, CUJA APRESENTA\u00c7\u00c3O REALIZAR-SE-\u00c1 NO DIA 28 DE FEVEREIRO DE 2026, conforme especifica\u00e7\u00f5es e condi\u00e7\u00f5es previstas no Termo de Refer\u00eancia. Para a execu\u00e7\u00e3o dos servi\u00e7os objeto desta contrata\u00e7\u00e3o, a Prefeitura Municipal de Vila Flor\/RN pagar\u00e1 \u00e0 contratada a quantia de\u00a0<strong><b>R$\u00a0<\/b><\/strong><strong><b>250.000,00<\/b><\/strong><strong><b>\u00a0(<\/b><\/strong><strong><b>Duzentos e cinquenta mil reais<\/b><\/strong><strong><b>)<\/b><\/strong>. A motiva\u00e7\u00e3o se d\u00e1 pela impossibilidade da realiza\u00e7\u00e3o de concorr\u00eancia em face da inexist\u00eancia de crit\u00e9rios objetivos para diferenciar as performances art\u00edsticas, nos termos do art. 74, inciso II, da Lei 14.133\/21. Contrata-se, portanto, a THIAGO FREITAS PROMO\u00c7\u00d5ES ARTISTICAS LTDA, com o CNPJ sob o n\u00b0 48.910.333\/0001-84 com sede na RUA CANOPUS, 240, SALA 10, PARQUE DAS NA\u00c7\u00d5ES, PARNAMIRIM\/RN, CEP 59.158-775, fornecedor do servi\u00e7o em tela. A despesa decorrente com a presente contrata\u00e7\u00e3o correr\u00e1 no exerc\u00edcio de 2026\u00a0\u00e0 conta das Dota\u00e7\u00f5es Or\u00e7ament\u00e1rias: \u00d3rg\u00e3o: 20 Secretaria de Cultura, Esporte e Lazer; Gest\u00e3o\/Unidade:\u00a008.001 \u2013 Secretaria Municipal de Cultura, Esporte e Lazer; Projeto\/Atividade:\u00a0 2.048 \u2013 Promo\u00e7\u00f5es e Eventos Culturais; Classifica\u00e7\u00e3o Econ\u00f4mica:\u00a0 3.3.90.39.00 \u2013 Outros servi\u00e7os de Terceiros \u2013 Pessoa Jur\u00eddica; Subelemento: 3.3.90.39.23 \u2013 Festividades e Homenagens; Fonte de Recurso: 1500000000 \u2013 Recrusos n\u00e3o vinculados de Impostos.<\/p>\n<p>&nbsp;<\/p>\n<p><strong><b>RATIFICA\u00c7\u00c3O<\/b><\/strong><\/p>\n<p>&nbsp;<\/p>\n<p>Ante o exposto, tendo em vista os fundamentos apresentados e a regularidade formal do\u00a0<strong><b>Processo<\/b><\/strong><strong><b>\u00a0<\/b><\/strong><strong><b>Administrativo n\u00b0<\/b><\/strong><strong><b>\u00a013020003\/2026<\/b><\/strong>, bem como seu enquadramento legal, que fundamenta a Lei Federal n\u00ba14.133\/2021 e legisla\u00e7\u00e3o complementar e, ainda de conformidade com o resultado do presente certame,usando das atribui\u00e7\u00f5es que nos s\u00e3o conferidas, a Prefeita Municipal de Vila Flor\/RN, atrav\u00e9s da Secretaria\u00a0Municipal de Cultura, Esporte e Lazer, no uso de suas atribui\u00e7\u00f5es legais e com base nas informa\u00e7\u00f5es constantes do\u00a0processo de licita\u00e7\u00e3o em ep\u00edgrafe, resolve\u00a0RATIFICAR\u00a0o\u00a0<strong><b>TERMO DE INEXIGIBILIDADE DE<\/b><\/strong><strong><b>\u00a0<\/b><\/strong><strong><b>LICITA\u00c7\u00c3O N\u00ba<\/b><\/strong><strong><b>\u00a0010\/2026<\/b><\/strong>,\u00a0para que este produza seus legais efeitos.<\/p>\n<p>&nbsp;<\/p>\n<p>Publique-se.<\/p>\n<p>&nbsp;<\/p>\n<p>&nbsp;<\/p>\n<p>Vila Flor\/RN, em 23 de fevereiro de 2026.<\/p>\n<p><strong><em><b><i>\u00a0<\/i><\/b><\/em><\/strong><\/p>\n<p><em><i>\u00a0<\/i><\/em><\/p>\n<p>Thuanne Karla Carvalho de Souza<\/p>\n<p>Prefeita Municipal de Vila Flor\/RN<\/p>\n<p style=\"text-align: right;\"><strong>Publicado por:<\/strong><br \/>\nGRINALDO JOAQUIM DE SOUZA<br \/>\nSecret\u00e1rio Municipal de Administra\u00e7\u00e3o<br \/>\n<strong>C\u00f3digo Identificador:<\/strong>\u00a0B5JYU7JDDG<\/p>\n<div class=\"pdfprnt-buttons pdfprnt-buttons-post pdfprnt-bottom-right\"><a href=\"https:\/\/vilaflor.rn.gov.br\/transparencia\/wp-json\/wp\/v2\/posts?page=3&print=pdf#038;print=pdf\" class=\"pdfprnt-button pdfprnt-button-pdf\" target=\"_blank\"><img decoding=\"async\" src=\"https:\/\/vilaflor.rn.gov.br\/transparencia\/wp-content\/plugins\/pdf-print\/images\/pdf.png\" alt=\"image_pdf\" title=\"Baixar PDF\" \/><\/a><a href=\"https:\/\/vilaflor.rn.gov.br\/transparencia\/wp-json\/wp\/v2\/posts?page=3&print=print#038;print=pdf\" class=\"pdfprnt-button pdfprnt-button-print\" target=\"_blank\"><img decoding=\"async\" src=\"https:\/\/vilaflor.rn.gov.br\/transparencia\/wp-content\/plugins\/pdf-print\/images\/print.png\" alt=\"image_print\" title=\"Conte\u00fado de impress\u00e3o\" \/><\/a><\/div>","protected":false},"excerpt":{"rendered":"<p>ESTADO DO RIO GRANDE DO NORTE PREFEITURA MUNICIPAL DE VILA FLOR Foi declarada inexig\u00edvel a realiza\u00e7\u00e3o do certame licitat\u00f3rio para a CONTRATA\u00c7\u00c3O DE APRESENTA\u00c7\u00c3O DE UM SHOW ART\u00cdSTICO AO VIVO DE (THIAGO FREITAS) PARA O EVENTO FESTA DA PADROEIRA, CUJA APRESENTA\u00c7\u00c3O REALIZAR-SE-\u00c1 NO DIA 28 DE FEVEREIRO DE 2026, conforme especifica\u00e7\u00f5es e condi\u00e7\u00f5es previstas no [&hellip;]<\/p>\n","protected":false},"author":1,"featured_media":0,"comment_status":"open","ping_status":"open","sticky":false,"template":"","format":"standard","meta":{"ocean_post_layout":"","ocean_both_sidebars_style":"","ocean_both_sidebars_content_width":0,"ocean_both_sidebars_sidebars_width":0,"ocean_sidebar":"0","ocean_second_sidebar":"0","ocean_disable_margins":"enable","ocean_add_body_class":"","ocean_shortcode_before_top_bar":"","ocean_shortcode_after_top_bar":"","ocean_shortcode_before_header":"","ocean_shortcode_after_header":"","ocean_has_shortcode":"","ocean_shortcode_after_title":"","ocean_shortcode_before_footer_widgets":"","ocean_shortcode_after_footer_widgets":"","ocean_shortcode_before_footer_bottom":"","ocean_shortcode_after_footer_bottom":"","ocean_display_top_bar":"default","ocean_display_header":"default","ocean_header_style":"","ocean_center_header_left_menu":"0","ocean_custom_header_template":"0","ocean_custom_logo":0,"ocean_custom_retina_logo":0,"ocean_custom_logo_max_width":0,"ocean_custom_logo_tablet_max_width":0,"ocean_custom_logo_mobile_max_width":0,"ocean_custom_logo_max_height":0,"ocean_custom_logo_tablet_max_height":0,"ocean_custom_logo_mobile_max_height":0,"ocean_header_custom_menu":"0","ocean_menu_typo_font_family":"0","ocean_menu_typo_font_subset":"","ocean_menu_typo_font_size":0,"ocean_menu_typo_font_size_tablet":0,"ocean_menu_typo_font_size_mobile":0,"ocean_menu_typo_font_size_unit":"px","ocean_menu_typo_font_weight":"","ocean_menu_typo_font_weight_tablet":"","ocean_menu_typo_font_weight_mobile":"","ocean_menu_typo_transform":"","ocean_menu_typo_transform_tablet":"","ocean_menu_typo_transform_mobile":"","ocean_menu_typo_line_height":0,"ocean_menu_typo_line_height_tablet":0,"ocean_menu_typo_line_height_mobile":0,"ocean_menu_typo_line_height_unit":"","ocean_menu_typo_spacing":0,"ocean_menu_typo_spacing_tablet":0,"ocean_menu_typo_spacing_mobile":0,"ocean_menu_typo_spacing_unit":"","ocean_menu_link_color":"","ocean_menu_link_color_hover":"","ocean_menu_link_color_active":"","ocean_menu_link_background":"","ocean_menu_link_hover_background":"","ocean_menu_link_active_background":"","ocean_menu_social_links_bg":"","ocean_menu_social_hover_links_bg":"","ocean_menu_social_links_color":"","ocean_menu_social_hover_links_color":"","ocean_disable_title":"default","ocean_disable_heading":"default","ocean_post_title":"","ocean_post_subheading":"","ocean_post_title_style":"","ocean_post_title_background_color":"","ocean_post_title_background":0,"ocean_post_title_bg_image_position":"","ocean_post_title_bg_image_attachment":"","ocean_post_title_bg_image_repeat":"","ocean_post_title_bg_image_size":"","ocean_post_title_height":0,"ocean_post_title_bg_overlay":0.5,"ocean_post_title_bg_overlay_color":"","ocean_disable_breadcrumbs":"default","ocean_breadcrumbs_color":"","ocean_breadcrumbs_separator_color":"","ocean_breadcrumbs_links_color":"","ocean_breadcrumbs_links_hover_color":"","ocean_display_footer_widgets":"default","ocean_display_footer_bottom":"default","ocean_custom_footer_template":"0","ocean_post_oembed":"","ocean_post_self_hosted_media":"","ocean_post_video_embed":"","ocean_link_format":"","ocean_link_format_target":"self","ocean_quote_format":"","ocean_quote_format_link":"post","ocean_gallery_link_images":"on","ocean_gallery_id":[],"footnotes":""},"categories":[12,74,4],"tags":[],"class_list":["post-4262","post","type-post","status-publish","format-standard","hentry","category-inexigibilidade","category-inexigibilidade-2026","category-licitacao","entry"],"_links":{"self":[{"href":"https:\/\/vilaflor.rn.gov.br\/transparencia\/wp-json\/wp\/v2\/posts\/4262","targetHints":{"allow":["GET"]}}],"collection":[{"href":"https:\/\/vilaflor.rn.gov.br\/transparencia\/wp-json\/wp\/v2\/posts"}],"about":[{"href":"https:\/\/vilaflor.rn.gov.br\/transparencia\/wp-json\/wp\/v2\/types\/post"}],"author":[{"embeddable":true,"href":"https:\/\/vilaflor.rn.gov.br\/transparencia\/wp-json\/wp\/v2\/users\/1"}],"replies":[{"embeddable":true,"href":"https:\/\/vilaflor.rn.gov.br\/transparencia\/wp-json\/wp\/v2\/comments?post=4262"}],"version-history":[{"count":1,"href":"https:\/\/vilaflor.rn.gov.br\/transparencia\/wp-json\/wp\/v2\/posts\/4262\/revisions"}],"predecessor-version":[{"id":4263,"href":"https:\/\/vilaflor.rn.gov.br\/transparencia\/wp-json\/wp\/v2\/posts\/4262\/revisions\/4263"}],"wp:attachment":[{"href":"https:\/\/vilaflor.rn.gov.br\/transparencia\/wp-json\/wp\/v2\/media?parent=4262"}],"wp:term":[{"taxonomy":"category","embeddable":true,"href":"https:\/\/vilaflor.rn.gov.br\/transparencia\/wp-json\/wp\/v2\/categories?post=4262"},{"taxonomy":"post_tag","embeddable":true,"href":"https:\/\/vilaflor.rn.gov.br\/transparencia\/wp-json\/wp\/v2\/tags?post=4262"}],"curies":[{"name":"wp","href":"https:\/\/api.w.org\/{rel}","templated":true}]}},{"id":4260,"date":"2026-02-24T10:50:54","date_gmt":"2026-02-24T13:50:54","guid":{"rendered":"https:\/\/vilaflor.rn.gov.br\/transparencia\/?p=4260"},"modified":"2026-04-02T10:51:29","modified_gmt":"2026-04-02T13:51:29","slug":"extrato-de-contrato-n-016-2026-inexigibilidade-de-licitacao-n-009-2026","status":"publish","type":"post","link":"https:\/\/vilaflor.rn.gov.br\/transparencia\/extrato-de-contrato-n-016-2026-inexigibilidade-de-licitacao-n-009-2026\/","title":{"rendered":"EXTRATO DE CONTRATO N\u00b0 016\/2026 INEXIGIBILIDADE DE LICITA\u00c7\u00c3O N\u00b0 009\/2026"},"content":{"rendered":"<p><strong>ESTADO DO RIO GRANDE DO NORTE<\/strong><br \/>\n<strong>PREFEITURA MUNICIPAL DE VILA FLOR<\/strong><\/p>\n<p><strong><b>CONTRATO N<\/b><\/strong>\u00ba\u2026\u2026\u2026..:\u00a0<strong><b>0<\/b><\/strong><strong><b>16<\/b><\/strong><strong><b>\/202<\/b><\/strong><strong><b>6<\/b><\/strong><\/p>\n<p>&nbsp;<\/p>\n<p><strong><b>ORIGEM<\/b><\/strong>\u2026\u2026\u2026\u2026\u2026\u2026\u2026: \u00a0INEXIGIBILIDADE DE LICITA\u00c7\u00c3O N\u00b0 009\/2026<\/p>\n<p>&nbsp;<\/p>\n<p><strong><b>CONTRATANTE<\/b><\/strong>\u2026\u2026..: PREFEITURA MUNICIPAL DE VILA FLOR<\/p>\n<p>&nbsp;<\/p>\n<p><strong><b>CONTRATADA(O)<\/b><\/strong>\u2026..:\u00a0<strong>F. IVO DE MACEDO PRODU\u00c7\u00c3O DE EVENTOS E FESTAS LTDA<\/strong><\/p>\n<p>&nbsp;<\/p>\n<p><strong><b>OBJETO<\/b><\/strong>\u2026\u2026\u2026\u2026\u2026\u2026\u2026.: CONTRATA\u00c7\u00c3O DE APRESENTA\u00c7\u00c3O DE UM SHOW ART\u00cdSTICO AO VIVO DE (TETE PESSOA \u2013 CIRCUITO MUSICAL) PARA O EVENTO FESTA DA PADROEIRA, CUJA APRESENTA\u00c7\u00c3O REALIZAR-SE-\u00c1 NO DIA 28 DE FEVEREIRO DE 2026<\/p>\n<p>&nbsp;<\/p>\n<p><strong><b>VALOR TOTAL<\/b><\/strong>\u2026\u2026\u2026\u2026\u2026.R$ 100.000,00 (Cem mil reais)<\/p>\n<p>&nbsp;<\/p>\n<p><strong><b>VIG\u00caNCIA<\/b><\/strong>\u2026\u2026\u2026\u2026\u2026\u2026.:\u00a0<strong>60\u00a0<\/strong><strong>(<\/strong><strong>sessenta<\/strong><strong>) dias\u00a0<\/strong>contados da publica\u00e7\u00e3o do extrato do contrato na Imprensa Oficial<\/p>\n<p>&nbsp;<\/p>\n<p><strong><b>DATA DA ASSINATURA<\/b><\/strong>\u2026\u2026\u2026: 23 de fevereiro de 2026<\/p>\n<p style=\"text-align: right;\"><strong>Publicado por:<\/strong><br \/>\nGRINALDO JOAQUIM DE SOUZA<br \/>\nSecret\u00e1rio Municipal de Administra\u00e7\u00e3o<br \/>\n<strong>C\u00f3digo Identificador:<\/strong>\u00a0JRUDHGCG74<\/p>\n<div class=\"pdfprnt-buttons pdfprnt-buttons-post pdfprnt-bottom-right\"><a href=\"https:\/\/vilaflor.rn.gov.br\/transparencia\/wp-json\/wp\/v2\/posts?page=3&print=pdf#038;print=pdf\" class=\"pdfprnt-button pdfprnt-button-pdf\" target=\"_blank\"><img decoding=\"async\" src=\"https:\/\/vilaflor.rn.gov.br\/transparencia\/wp-content\/plugins\/pdf-print\/images\/pdf.png\" alt=\"image_pdf\" title=\"Baixar PDF\" \/><\/a><a href=\"https:\/\/vilaflor.rn.gov.br\/transparencia\/wp-json\/wp\/v2\/posts?page=3&print=print#038;print=pdf\" class=\"pdfprnt-button pdfprnt-button-print\" target=\"_blank\"><img decoding=\"async\" src=\"https:\/\/vilaflor.rn.gov.br\/transparencia\/wp-content\/plugins\/pdf-print\/images\/print.png\" alt=\"image_print\" title=\"Conte\u00fado de impress\u00e3o\" \/><\/a><\/div>","protected":false},"excerpt":{"rendered":"<p>ESTADO DO RIO GRANDE DO NORTE PREFEITURA MUNICIPAL DE VILA FLOR CONTRATO N\u00ba\u2026\u2026\u2026..:\u00a0016\/2026 &nbsp; ORIGEM\u2026\u2026\u2026\u2026\u2026\u2026\u2026: \u00a0INEXIGIBILIDADE DE LICITA\u00c7\u00c3O N\u00b0 009\/2026 &nbsp; CONTRATANTE\u2026\u2026..: PREFEITURA MUNICIPAL DE VILA FLOR &nbsp; CONTRATADA(O)\u2026..:\u00a0F. IVO DE MACEDO PRODU\u00c7\u00c3O DE EVENTOS E FESTAS LTDA &nbsp; OBJETO\u2026\u2026\u2026\u2026\u2026\u2026\u2026.: CONTRATA\u00c7\u00c3O DE APRESENTA\u00c7\u00c3O DE UM SHOW ART\u00cdSTICO AO VIVO DE (TETE PESSOA \u2013 CIRCUITO MUSICAL) [&hellip;]<\/p>\n","protected":false},"author":1,"featured_media":0,"comment_status":"open","ping_status":"open","sticky":false,"template":"","format":"standard","meta":{"ocean_post_layout":"","ocean_both_sidebars_style":"","ocean_both_sidebars_content_width":0,"ocean_both_sidebars_sidebars_width":0,"ocean_sidebar":"0","ocean_second_sidebar":"0","ocean_disable_margins":"enable","ocean_add_body_class":"","ocean_shortcode_before_top_bar":"","ocean_shortcode_after_top_bar":"","ocean_shortcode_before_header":"","ocean_shortcode_after_header":"","ocean_has_shortcode":"","ocean_shortcode_after_title":"","ocean_shortcode_before_footer_widgets":"","ocean_shortcode_after_footer_widgets":"","ocean_shortcode_before_footer_bottom":"","ocean_shortcode_after_footer_bottom":"","ocean_display_top_bar":"default","ocean_display_header":"default","ocean_header_style":"","ocean_center_header_left_menu":"0","ocean_custom_header_template":"0","ocean_custom_logo":0,"ocean_custom_retina_logo":0,"ocean_custom_logo_max_width":0,"ocean_custom_logo_tablet_max_width":0,"ocean_custom_logo_mobile_max_width":0,"ocean_custom_logo_max_height":0,"ocean_custom_logo_tablet_max_height":0,"ocean_custom_logo_mobile_max_height":0,"ocean_header_custom_menu":"0","ocean_menu_typo_font_family":"0","ocean_menu_typo_font_subset":"","ocean_menu_typo_font_size":0,"ocean_menu_typo_font_size_tablet":0,"ocean_menu_typo_font_size_mobile":0,"ocean_menu_typo_font_size_unit":"px","ocean_menu_typo_font_weight":"","ocean_menu_typo_font_weight_tablet":"","ocean_menu_typo_font_weight_mobile":"","ocean_menu_typo_transform":"","ocean_menu_typo_transform_tablet":"","ocean_menu_typo_transform_mobile":"","ocean_menu_typo_line_height":0,"ocean_menu_typo_line_height_tablet":0,"ocean_menu_typo_line_height_mobile":0,"ocean_menu_typo_line_height_unit":"","ocean_menu_typo_spacing":0,"ocean_menu_typo_spacing_tablet":0,"ocean_menu_typo_spacing_mobile":0,"ocean_menu_typo_spacing_unit":"","ocean_menu_link_color":"","ocean_menu_link_color_hover":"","ocean_menu_link_color_active":"","ocean_menu_link_background":"","ocean_menu_link_hover_background":"","ocean_menu_link_active_background":"","ocean_menu_social_links_bg":"","ocean_menu_social_hover_links_bg":"","ocean_menu_social_links_color":"","ocean_menu_social_hover_links_color":"","ocean_disable_title":"default","ocean_disable_heading":"default","ocean_post_title":"","ocean_post_subheading":"","ocean_post_title_style":"","ocean_post_title_background_color":"","ocean_post_title_background":0,"ocean_post_title_bg_image_position":"","ocean_post_title_bg_image_attachment":"","ocean_post_title_bg_image_repeat":"","ocean_post_title_bg_image_size":"","ocean_post_title_height":0,"ocean_post_title_bg_overlay":0.5,"ocean_post_title_bg_overlay_color":"","ocean_disable_breadcrumbs":"default","ocean_breadcrumbs_color":"","ocean_breadcrumbs_separator_color":"","ocean_breadcrumbs_links_color":"","ocean_breadcrumbs_links_hover_color":"","ocean_display_footer_widgets":"default","ocean_display_footer_bottom":"default","ocean_custom_footer_template":"0","ocean_post_oembed":"","ocean_post_self_hosted_media":"","ocean_post_video_embed":"","ocean_link_format":"","ocean_link_format_target":"self","ocean_quote_format":"","ocean_quote_format_link":"post","ocean_gallery_link_images":"on","ocean_gallery_id":[],"footnotes":""},"categories":[58,75,4],"tags":[],"class_list":["post-4260","post","type-post","status-publish","format-standard","hentry","category-contratos","category-contratos-2026","category-licitacao","entry"],"_links":{"self":[{"href":"https:\/\/vilaflor.rn.gov.br\/transparencia\/wp-json\/wp\/v2\/posts\/4260","targetHints":{"allow":["GET"]}}],"collection":[{"href":"https:\/\/vilaflor.rn.gov.br\/transparencia\/wp-json\/wp\/v2\/posts"}],"about":[{"href":"https:\/\/vilaflor.rn.gov.br\/transparencia\/wp-json\/wp\/v2\/types\/post"}],"author":[{"embeddable":true,"href":"https:\/\/vilaflor.rn.gov.br\/transparencia\/wp-json\/wp\/v2\/users\/1"}],"replies":[{"embeddable":true,"href":"https:\/\/vilaflor.rn.gov.br\/transparencia\/wp-json\/wp\/v2\/comments?post=4260"}],"version-history":[{"count":1,"href":"https:\/\/vilaflor.rn.gov.br\/transparencia\/wp-json\/wp\/v2\/posts\/4260\/revisions"}],"predecessor-version":[{"id":4261,"href":"https:\/\/vilaflor.rn.gov.br\/transparencia\/wp-json\/wp\/v2\/posts\/4260\/revisions\/4261"}],"wp:attachment":[{"href":"https:\/\/vilaflor.rn.gov.br\/transparencia\/wp-json\/wp\/v2\/media?parent=4260"}],"wp:term":[{"taxonomy":"category","embeddable":true,"href":"https:\/\/vilaflor.rn.gov.br\/transparencia\/wp-json\/wp\/v2\/categories?post=4260"},{"taxonomy":"post_tag","embeddable":true,"href":"https:\/\/vilaflor.rn.gov.br\/transparencia\/wp-json\/wp\/v2\/tags?post=4260"}],"curies":[{"name":"wp","href":"https:\/\/api.w.org\/{rel}","templated":true}]}},{"id":4258,"date":"2026-02-24T10:49:33","date_gmt":"2026-02-24T13:49:33","guid":{"rendered":"https:\/\/vilaflor.rn.gov.br\/transparencia\/?p=4258"},"modified":"2026-04-02T10:50:35","modified_gmt":"2026-04-02T13:50:35","slug":"termo-de-inexigibilidade-de-licitacao-no-009-2026","status":"publish","type":"post","link":"https:\/\/vilaflor.rn.gov.br\/transparencia\/termo-de-inexigibilidade-de-licitacao-no-009-2026\/","title":{"rendered":"TERMO DE INEXIGIBILIDADE DE LICITA\u00c7\u00c3O N\u00ba 009\/2026"},"content":{"rendered":"<p><strong>ESTADO DO RIO GRANDE DO NORTE<\/strong><br \/>\n<strong>PREFEITURA MUNICIPAL DE VILA FLOR<\/strong><\/p>\n<p>Foi declarada inexig\u00edvel a realiza\u00e7\u00e3o do certame licitat\u00f3rio para a CONTRATA\u00c7\u00c3O DE APRESENTA\u00c7\u00c3O DE UM SHOW ART\u00cdSTICO AO VIVO DE (TETE PESSOA \u2013 CIRCUITO MUSICAL) PARA O EVENTO FESTA DA PADROEIRA, CUJA APRESENTA\u00c7\u00c3O REALIZAR-SE-\u00c1 NO DIA 28 DE FEVEREIRO DE 2026, conforme especifica\u00e7\u00f5es e condi\u00e7\u00f5es previstas no Termo de Refer\u00eancia. Para a execu\u00e7\u00e3o dos servi\u00e7os objeto desta contrata\u00e7\u00e3o, a Prefeitura Municipal de Vila Flor\/RN pagar\u00e1 \u00e0 contratada a quantia de R$ 100.000,00\u00a0(Cem mil reais). A motiva\u00e7\u00e3o se d\u00e1 pela impossibilidade da realiza\u00e7\u00e3o de concorr\u00eancia em face da inexist\u00eancia de crit\u00e9rios objetivos para diferenciar as performances art\u00edsticas, nos termos do art. 74, inciso II, da Lei 14.133\/21. Contrata-se, portanto, a F. IVO DE MACEDO PRODU\u00c7\u00c3O DE EVENTOS E FESTAS LTDA, inscrita no CNPJ sob o n\u00ba 27.141.623\/0001-30 com sede na Alameda do Sol, no 16, sl.10, Parque das Na\u00e7\u00f5es, Parnamirim\/RN, CEP 59.158-780, fornecedor do servi\u00e7o em tela. A despesa decorrente com a presente contrata\u00e7\u00e3o correr\u00e1 no exerc\u00edcio de 2026\u00a0\u00e0 conta das Dota\u00e7\u00f5es Or\u00e7ament\u00e1rias: \u00d3rg\u00e3o: 20 Secretaria de Cultura, Esporte e Lazer; Gest\u00e3o\/Unidade:\u00a008.001 \u2013 Secretaria Municipal de Cultura, Esporte e Lazer; Projeto\/Atividade:\u00a0 2.048 \u2013 Promo\u00e7\u00f5es e Eventos Culturais; Classifica\u00e7\u00e3o Econ\u00f4mica:\u00a0 3.3.90.39.00 \u2013 Outros servi\u00e7os de Terceiros \u2013 Pessoa Jur\u00eddica; Subelemento: 3.3.90.39.23 \u2013 Festividades e Homenagens; Fonte de Recurso: 1500000000 \u2013 Recrusos n\u00e3o vinculados de Impostos.<\/p>\n<p>&nbsp;<\/p>\n<p><strong><b>RATIFICA\u00c7\u00c3O<\/b><\/strong><\/p>\n<p>Ante o exposto, tendo em vista os fundamentos apresentados e a regularidade formal do\u00a0<strong><b>Processo<\/b><\/strong><strong><b>\u00a0<\/b><\/strong><strong><b>Administrativo n\u00b0<\/b><\/strong><strong><b>\u00a013020002\/2026<\/b><\/strong>, bem como seu enquadramento legal, que fundamenta a Lei Federal n\u00ba14.133\/2021 e legisla\u00e7\u00e3o complementar e, ainda de conformidade com o resultado do presente certame,\u00a0usando das atribui\u00e7\u00f5es que nos s\u00e3o conferidas, a Prefeita Municipal de Vila Flor\/RN, atrav\u00e9s da Secretaria\u00a0Municipal de Cultura, Esporte e Lazer, no uso de suas atribui\u00e7\u00f5es legais e com base nas informa\u00e7\u00f5es constantes do\u00a0processo de licita\u00e7\u00e3o em ep\u00edgrafe, resolve\u00a0RATIFICAR\u00a0o\u00a0<strong><b>TERMO DE INEXIGIBILIDADE DE<\/b><\/strong><strong><b>\u00a0<\/b><\/strong><strong><b>LICITA\u00c7\u00c3O N\u00ba<\/b><\/strong><strong><b>\u00a0009\/2026<\/b><\/strong>,\u00a0para que este produza seus legais efeitos.<\/p>\n<p>Publique-se.<\/p>\n<p>Vila Flor\/RN, em 23 de fevereiro de 2026.<\/p>\n<p><strong><em><b><i>\u00a0<\/i><\/b><\/em><\/strong><em><i>\u00a0<\/i><\/em><\/p>\n<p>Thuanne Karla Carvalho de Souza<\/p>\n<p>Prefeita Municipal de Vila Flor\/RN<\/p>\n<p style=\"text-align: right;\"><strong>Publicado por:<\/strong><br \/>\nGRINALDO JOAQUIM DE SOUZA<br \/>\nSecret\u00e1rio Municipal de Administra\u00e7\u00e3o<br \/>\n<strong>C\u00f3digo Identificador:<\/strong>\u00a0Y71L308CZD<\/p>\n<div class=\"pdfprnt-buttons pdfprnt-buttons-post pdfprnt-bottom-right\"><a href=\"https:\/\/vilaflor.rn.gov.br\/transparencia\/wp-json\/wp\/v2\/posts?page=3&print=pdf#038;print=pdf\" class=\"pdfprnt-button pdfprnt-button-pdf\" target=\"_blank\"><img decoding=\"async\" src=\"https:\/\/vilaflor.rn.gov.br\/transparencia\/wp-content\/plugins\/pdf-print\/images\/pdf.png\" alt=\"image_pdf\" title=\"Baixar PDF\" \/><\/a><a href=\"https:\/\/vilaflor.rn.gov.br\/transparencia\/wp-json\/wp\/v2\/posts?page=3&print=print#038;print=pdf\" class=\"pdfprnt-button pdfprnt-button-print\" target=\"_blank\"><img decoding=\"async\" src=\"https:\/\/vilaflor.rn.gov.br\/transparencia\/wp-content\/plugins\/pdf-print\/images\/print.png\" alt=\"image_print\" title=\"Conte\u00fado de impress\u00e3o\" \/><\/a><\/div>","protected":false},"excerpt":{"rendered":"<p>ESTADO DO RIO GRANDE DO NORTE PREFEITURA MUNICIPAL DE VILA FLOR Foi declarada inexig\u00edvel a realiza\u00e7\u00e3o do certame licitat\u00f3rio para a CONTRATA\u00c7\u00c3O DE APRESENTA\u00c7\u00c3O DE UM SHOW ART\u00cdSTICO AO VIVO DE (TETE PESSOA \u2013 CIRCUITO MUSICAL) PARA O EVENTO FESTA DA PADROEIRA, CUJA APRESENTA\u00c7\u00c3O REALIZAR-SE-\u00c1 NO DIA 28 DE FEVEREIRO DE 2026, conforme especifica\u00e7\u00f5es e [&hellip;]<\/p>\n","protected":false},"author":1,"featured_media":0,"comment_status":"open","ping_status":"open","sticky":false,"template":"","format":"standard","meta":{"ocean_post_layout":"","ocean_both_sidebars_style":"","ocean_both_sidebars_content_width":0,"ocean_both_sidebars_sidebars_width":0,"ocean_sidebar":"0","ocean_second_sidebar":"0","ocean_disable_margins":"enable","ocean_add_body_class":"","ocean_shortcode_before_top_bar":"","ocean_shortcode_after_top_bar":"","ocean_shortcode_before_header":"","ocean_shortcode_after_header":"","ocean_has_shortcode":"","ocean_shortcode_after_title":"","ocean_shortcode_before_footer_widgets":"","ocean_shortcode_after_footer_widgets":"","ocean_shortcode_before_footer_bottom":"","ocean_shortcode_after_footer_bottom":"","ocean_display_top_bar":"default","ocean_display_header":"default","ocean_header_style":"","ocean_center_header_left_menu":"0","ocean_custom_header_template":"0","ocean_custom_logo":0,"ocean_custom_retina_logo":0,"ocean_custom_logo_max_width":0,"ocean_custom_logo_tablet_max_width":0,"ocean_custom_logo_mobile_max_width":0,"ocean_custom_logo_max_height":0,"ocean_custom_logo_tablet_max_height":0,"ocean_custom_logo_mobile_max_height":0,"ocean_header_custom_menu":"0","ocean_menu_typo_font_family":"0","ocean_menu_typo_font_subset":"","ocean_menu_typo_font_size":0,"ocean_menu_typo_font_size_tablet":0,"ocean_menu_typo_font_size_mobile":0,"ocean_menu_typo_font_size_unit":"px","ocean_menu_typo_font_weight":"","ocean_menu_typo_font_weight_tablet":"","ocean_menu_typo_font_weight_mobile":"","ocean_menu_typo_transform":"","ocean_menu_typo_transform_tablet":"","ocean_menu_typo_transform_mobile":"","ocean_menu_typo_line_height":0,"ocean_menu_typo_line_height_tablet":0,"ocean_menu_typo_line_height_mobile":0,"ocean_menu_typo_line_height_unit":"","ocean_menu_typo_spacing":0,"ocean_menu_typo_spacing_tablet":0,"ocean_menu_typo_spacing_mobile":0,"ocean_menu_typo_spacing_unit":"","ocean_menu_link_color":"","ocean_menu_link_color_hover":"","ocean_menu_link_color_active":"","ocean_menu_link_background":"","ocean_menu_link_hover_background":"","ocean_menu_link_active_background":"","ocean_menu_social_links_bg":"","ocean_menu_social_hover_links_bg":"","ocean_menu_social_links_color":"","ocean_menu_social_hover_links_color":"","ocean_disable_title":"default","ocean_disable_heading":"default","ocean_post_title":"","ocean_post_subheading":"","ocean_post_title_style":"","ocean_post_title_background_color":"","ocean_post_title_background":0,"ocean_post_title_bg_image_position":"","ocean_post_title_bg_image_attachment":"","ocean_post_title_bg_image_repeat":"","ocean_post_title_bg_image_size":"","ocean_post_title_height":0,"ocean_post_title_bg_overlay":0.5,"ocean_post_title_bg_overlay_color":"","ocean_disable_breadcrumbs":"default","ocean_breadcrumbs_color":"","ocean_breadcrumbs_separator_color":"","ocean_breadcrumbs_links_color":"","ocean_breadcrumbs_links_hover_color":"","ocean_display_footer_widgets":"default","ocean_display_footer_bottom":"default","ocean_custom_footer_template":"0","ocean_post_oembed":"","ocean_post_self_hosted_media":"","ocean_post_video_embed":"","ocean_link_format":"","ocean_link_format_target":"self","ocean_quote_format":"","ocean_quote_format_link":"post","ocean_gallery_link_images":"on","ocean_gallery_id":[],"footnotes":""},"categories":[12,74,4],"tags":[],"class_list":["post-4258","post","type-post","status-publish","format-standard","hentry","category-inexigibilidade","category-inexigibilidade-2026","category-licitacao","entry"],"_links":{"self":[{"href":"https:\/\/vilaflor.rn.gov.br\/transparencia\/wp-json\/wp\/v2\/posts\/4258","targetHints":{"allow":["GET"]}}],"collection":[{"href":"https:\/\/vilaflor.rn.gov.br\/transparencia\/wp-json\/wp\/v2\/posts"}],"about":[{"href":"https:\/\/vilaflor.rn.gov.br\/transparencia\/wp-json\/wp\/v2\/types\/post"}],"author":[{"embeddable":true,"href":"https:\/\/vilaflor.rn.gov.br\/transparencia\/wp-json\/wp\/v2\/users\/1"}],"replies":[{"embeddable":true,"href":"https:\/\/vilaflor.rn.gov.br\/transparencia\/wp-json\/wp\/v2\/comments?post=4258"}],"version-history":[{"count":1,"href":"https:\/\/vilaflor.rn.gov.br\/transparencia\/wp-json\/wp\/v2\/posts\/4258\/revisions"}],"predecessor-version":[{"id":4259,"href":"https:\/\/vilaflor.rn.gov.br\/transparencia\/wp-json\/wp\/v2\/posts\/4258\/revisions\/4259"}],"wp:attachment":[{"href":"https:\/\/vilaflor.rn.gov.br\/transparencia\/wp-json\/wp\/v2\/media?parent=4258"}],"wp:term":[{"taxonomy":"category","embeddable":true,"href":"https:\/\/vilaflor.rn.gov.br\/transparencia\/wp-json\/wp\/v2\/categories?post=4258"},{"taxonomy":"post_tag","embeddable":true,"href":"https:\/\/vilaflor.rn.gov.br\/transparencia\/wp-json\/wp\/v2\/tags?post=4258"}],"curies":[{"name":"wp","href":"https:\/\/api.w.org\/{rel}","templated":true}]}}]