[{"id":4296,"date":"2026-03-06T11:16:28","date_gmt":"2026-03-06T14:16:28","guid":{"rendered":"https:\/\/vilaflor.rn.gov.br\/transparencia\/?p=4296"},"modified":"2026-04-02T11:16:59","modified_gmt":"2026-04-02T14:16:59","slug":"extrato-de-contrato-n-020-2026-dispensa-de-licitacao-008-2026","status":"publish","type":"post","link":"https:\/\/vilaflor.rn.gov.br\/transparencia\/extrato-de-contrato-n-020-2026-dispensa-de-licitacao-008-2026\/","title":{"rendered":"EXTRATO DE CONTRATO N\u00b0 020\/2026 DISPENSA DE LICITA\u00c7\u00c3O 008\/2026"},"content":{"rendered":"<p><strong>ESTADO DO RIO GRANDE DO NORTE<\/strong><br \/>\n<strong>PREFEITURA MUNICIPAL DE VILA FLOR<\/strong><\/p>\n<p>CONTRATANTE: Munic\u00edpio de Vila Flor\/ Prefeitura Municipal<\/p>\n<p>&nbsp;<\/p>\n<p>CONTRATADA:\u00a0<strong>APICE CONSULTORIA E PROJETOS LTDA.<\/strong><\/p>\n<p>&nbsp;<\/p>\n<p>MODALIDADE: Dispensa de Licita\u00e7\u00e3o 008\/2026.<\/p>\n<p>&nbsp;<\/p>\n<p>OBJETO: CONTRATA\u00c7\u00c3O DE EMPRESA ESPECIALIZADA PARA A EXECU\u00c7\u00c3O DE SERVI\u00c7OS DE GEORREFERENCIAMENTO URBANO E RURAL, VISANDO A ATUALIZA\u00c7\u00c3O DO CADASTRO IMOBILI\u00c1RIO MULTIFINALIT\u00c1RIO (CIM) DO MUNIC\u00cdPIO DE VILA FLOR\/RN<\/p>\n<p>&nbsp;<\/p>\n<p>VALOR GLOBAL ESTIMADO: R$ 52.500,00 (Cinquenta e dois mil e quinhentos reais)<\/p>\n<p>&nbsp;<\/p>\n<p>DATA DE ASSINATURA: 05\/03\/2026<\/p>\n<p>&nbsp;<\/p>\n<p>VIG\u00caNCIA: O prazo de vig\u00eancia deste Termo de Contrato \u00e9 de 12 (doze) meses contados a partir da data de publica\u00e7\u00e3o do extrato de contrato, podendo ser prorrogado por interesse das partes nos termos do art. 107, da Lei n\u00ba 14.133\/21, desde que haja autoriza\u00e7\u00e3o formal da autoridade competente e observados os requisitos previstos no Termo de Contrato.<\/p>\n<p>&nbsp;<\/p>\n<p>FUNDAMENTO LEGAL: Art. 75, II, da Lei n\u00ba 14.133\/21.<\/p>\n<p>&nbsp;<\/p>\n<p>DOTA\u00c7\u00c3O:<\/p>\n<p><strong>Classifica\u00e7\u00e3o econ\u00f4mica: \u00a0\u00a0\u00a0\u00a0<\/strong>3.3.90.39.00 \u2013 Outros Servi\u00e7os de Terceiros \u2013 Pessoa Jur\u00eddica<strong>;<\/strong><\/p>\n<p><strong>\u00d3rg\u00e3o: \u00a0\u00a0\u00a0\u00a0\u00a0\u00a0\u00a0\u00a0\u00a0 \u00a0\u00a0\u00a0\u00a0\u00a0\u00a0\u00a0\u00a0\u00a0\u00a0\u00a0 \u00a0\u00a0\u00a0\u00a0\u00a0\u00a0\u00a0\u00a0\u00a0\u00a0\u00a0\u00a0<\/strong>Prefeitura Municipal de Vila Flor;<\/p>\n<p><strong>Unidade Or\u00e7ament\u00e1ria: \u00a0\u00a0\u00a0\u00a0\u00a0<\/strong>16.001 \u2013 SECRETARIA MUNICIPAL DE TRIBUBTA\u00c7\u00c3O E PLANEJAMENTO;<\/p>\n<p><strong>Projeto Atividade<\/strong>: \u00a0\u00a0\u00a0\u00a0\u00a0\u00a0\u00a0\u00a0\u00a0\u00a0\u00a0\u00a0\u00a0\u00a0 2114 \u2013 MANUTE\u00c7\u00c3O DAS A\u00c7\u00d5ES DA SECRETARIA MUNICIPAL DE TRIBUTA\u00c7\u00c3O E PLANEJAMENTO;<\/p>\n<p><strong>Fonte de Recurso<\/strong>:\u00a0\u00a0\u00a0\u00a0\u00a0\u00a0\u00a0\u00a0\u00a0\u00a0\u00a0\u00a0\u00a0\u00a0\u00a0\u00a0 15000000 \u2013 Recursos N\u00e3o Vinculados de Impostos.<\/p>\n<p style=\"text-align: right;\"><strong>Publicado por:<\/strong><br \/>\nGRINALDO JOAQUIM DE SOUZA<br \/>\nSecret\u00e1rio Municipal de Administra\u00e7\u00e3o<br \/>\n<strong>C\u00f3digo Identificador:<\/strong>\u00a0QSIMG00CMT<\/p>\n<div class=\"pdfprnt-buttons pdfprnt-buttons-post pdfprnt-bottom-right\"><a href=\"https:\/\/vilaflor.rn.gov.br\/transparencia\/wp-json\/wp\/v2\/posts?page=2&print=pdf#038;print=print\" class=\"pdfprnt-button pdfprnt-button-pdf\" target=\"_blank\"><img decoding=\"async\" src=\"https:\/\/vilaflor.rn.gov.br\/transparencia\/wp-content\/plugins\/pdf-print\/images\/pdf.png\" alt=\"image_pdf\" title=\"Baixar PDF\" \/><\/a><a href=\"https:\/\/vilaflor.rn.gov.br\/transparencia\/wp-json\/wp\/v2\/posts?page=2&print=print#038;print=print\" class=\"pdfprnt-button pdfprnt-button-print\" target=\"_blank\"><img decoding=\"async\" src=\"https:\/\/vilaflor.rn.gov.br\/transparencia\/wp-content\/plugins\/pdf-print\/images\/print.png\" alt=\"image_print\" title=\"Conte\u00fado de impress\u00e3o\" \/><\/a><\/div>","protected":false},"excerpt":{"rendered":"<p>ESTADO DO RIO GRANDE DO NORTE PREFEITURA MUNICIPAL DE VILA FLOR CONTRATANTE: Munic\u00edpio de Vila Flor\/ Prefeitura Municipal &nbsp; CONTRATADA:\u00a0APICE CONSULTORIA E PROJETOS LTDA. &nbsp; MODALIDADE: Dispensa de Licita\u00e7\u00e3o 008\/2026. &nbsp; OBJETO: CONTRATA\u00c7\u00c3O DE EMPRESA ESPECIALIZADA PARA A EXECU\u00c7\u00c3O DE SERVI\u00c7OS DE GEORREFERENCIAMENTO URBANO E RURAL, VISANDO A ATUALIZA\u00c7\u00c3O DO CADASTRO IMOBILI\u00c1RIO MULTIFINALIT\u00c1RIO (CIM) DO [&hellip;]<\/p>\n","protected":false},"author":1,"featured_media":0,"comment_status":"open","ping_status":"open","sticky":false,"template":"","format":"standard","meta":{"ocean_post_layout":"","ocean_both_sidebars_style":"","ocean_both_sidebars_content_width":0,"ocean_both_sidebars_sidebars_width":0,"ocean_sidebar":"0","ocean_second_sidebar":"0","ocean_disable_margins":"enable","ocean_add_body_class":"","ocean_shortcode_before_top_bar":"","ocean_shortcode_after_top_bar":"","ocean_shortcode_before_header":"","ocean_shortcode_after_header":"","ocean_has_shortcode":"","ocean_shortcode_after_title":"","ocean_shortcode_before_footer_widgets":"","ocean_shortcode_after_footer_widgets":"","ocean_shortcode_before_footer_bottom":"","ocean_shortcode_after_footer_bottom":"","ocean_display_top_bar":"default","ocean_display_header":"default","ocean_header_style":"","ocean_center_header_left_menu":"0","ocean_custom_header_template":"0","ocean_custom_logo":0,"ocean_custom_retina_logo":0,"ocean_custom_logo_max_width":0,"ocean_custom_logo_tablet_max_width":0,"ocean_custom_logo_mobile_max_width":0,"ocean_custom_logo_max_height":0,"ocean_custom_logo_tablet_max_height":0,"ocean_custom_logo_mobile_max_height":0,"ocean_header_custom_menu":"0","ocean_menu_typo_font_family":"0","ocean_menu_typo_font_subset":"","ocean_menu_typo_font_size":0,"ocean_menu_typo_font_size_tablet":0,"ocean_menu_typo_font_size_mobile":0,"ocean_menu_typo_font_size_unit":"px","ocean_menu_typo_font_weight":"","ocean_menu_typo_font_weight_tablet":"","ocean_menu_typo_font_weight_mobile":"","ocean_menu_typo_transform":"","ocean_menu_typo_transform_tablet":"","ocean_menu_typo_transform_mobile":"","ocean_menu_typo_line_height":0,"ocean_menu_typo_line_height_tablet":0,"ocean_menu_typo_line_height_mobile":0,"ocean_menu_typo_line_height_unit":"","ocean_menu_typo_spacing":0,"ocean_menu_typo_spacing_tablet":0,"ocean_menu_typo_spacing_mobile":0,"ocean_menu_typo_spacing_unit":"","ocean_menu_link_color":"","ocean_menu_link_color_hover":"","ocean_menu_link_color_active":"","ocean_menu_link_background":"","ocean_menu_link_hover_background":"","ocean_menu_link_active_background":"","ocean_menu_social_links_bg":"","ocean_menu_social_hover_links_bg":"","ocean_menu_social_links_color":"","ocean_menu_social_hover_links_color":"","ocean_disable_title":"default","ocean_disable_heading":"default","ocean_post_title":"","ocean_post_subheading":"","ocean_post_title_style":"","ocean_post_title_background_color":"","ocean_post_title_background":0,"ocean_post_title_bg_image_position":"","ocean_post_title_bg_image_attachment":"","ocean_post_title_bg_image_repeat":"","ocean_post_title_bg_image_size":"","ocean_post_title_height":0,"ocean_post_title_bg_overlay":0.5,"ocean_post_title_bg_overlay_color":"","ocean_disable_breadcrumbs":"default","ocean_breadcrumbs_color":"","ocean_breadcrumbs_separator_color":"","ocean_breadcrumbs_links_color":"","ocean_breadcrumbs_links_hover_color":"","ocean_display_footer_widgets":"default","ocean_display_footer_bottom":"default","ocean_custom_footer_template":"0","ocean_post_oembed":"","ocean_post_self_hosted_media":"","ocean_post_video_embed":"","ocean_link_format":"","ocean_link_format_target":"self","ocean_quote_format":"","ocean_quote_format_link":"post","ocean_gallery_link_images":"on","ocean_gallery_id":[],"footnotes":""},"categories":[58,75,4],"tags":[],"class_list":["post-4296","post","type-post","status-publish","format-standard","hentry","category-contratos","category-contratos-2026","category-licitacao","entry"],"_links":{"self":[{"href":"https:\/\/vilaflor.rn.gov.br\/transparencia\/wp-json\/wp\/v2\/posts\/4296","targetHints":{"allow":["GET"]}}],"collection":[{"href":"https:\/\/vilaflor.rn.gov.br\/transparencia\/wp-json\/wp\/v2\/posts"}],"about":[{"href":"https:\/\/vilaflor.rn.gov.br\/transparencia\/wp-json\/wp\/v2\/types\/post"}],"author":[{"embeddable":true,"href":"https:\/\/vilaflor.rn.gov.br\/transparencia\/wp-json\/wp\/v2\/users\/1"}],"replies":[{"embeddable":true,"href":"https:\/\/vilaflor.rn.gov.br\/transparencia\/wp-json\/wp\/v2\/comments?post=4296"}],"version-history":[{"count":1,"href":"https:\/\/vilaflor.rn.gov.br\/transparencia\/wp-json\/wp\/v2\/posts\/4296\/revisions"}],"predecessor-version":[{"id":4297,"href":"https:\/\/vilaflor.rn.gov.br\/transparencia\/wp-json\/wp\/v2\/posts\/4296\/revisions\/4297"}],"wp:attachment":[{"href":"https:\/\/vilaflor.rn.gov.br\/transparencia\/wp-json\/wp\/v2\/media?parent=4296"}],"wp:term":[{"taxonomy":"category","embeddable":true,"href":"https:\/\/vilaflor.rn.gov.br\/transparencia\/wp-json\/wp\/v2\/categories?post=4296"},{"taxonomy":"post_tag","embeddable":true,"href":"https:\/\/vilaflor.rn.gov.br\/transparencia\/wp-json\/wp\/v2\/tags?post=4296"}],"curies":[{"name":"wp","href":"https:\/\/api.w.org\/{rel}","templated":true}]}},{"id":4294,"date":"2026-03-06T11:15:48","date_gmt":"2026-03-06T14:15:48","guid":{"rendered":"https:\/\/vilaflor.rn.gov.br\/transparencia\/?p=4294"},"modified":"2026-04-02T11:16:19","modified_gmt":"2026-04-02T14:16:19","slug":"termo-de-dispensa-de-licitacao-n-008-2026","status":"publish","type":"post","link":"https:\/\/vilaflor.rn.gov.br\/transparencia\/termo-de-dispensa-de-licitacao-n-008-2026\/","title":{"rendered":"TERMO DE DISPENSA DE LICITA\u00c7\u00c3O N\u00b0 008\/2026"},"content":{"rendered":"<p><strong>ESTADO DO RIO GRANDE DO NORTE<\/strong><br \/>\n<strong>PREFEITURA MUNICIPAL DE VILA FLOR<\/strong><\/p>\n<p>Fica dispensada a realiza\u00e7\u00e3o do certame licitat\u00f3rio para a\u00a0<strong>CONTRATA\u00c7\u00c3O DE EMPRESA ESPECIALIZADA PARA A EXECU\u00c7\u00c3O DE SERVI\u00c7OS DE GEORREFERENCIAMENTO URBANO E RURAL, VISANDO A ATUALIZA\u00c7\u00c3O DO CADASTRO IMOBILI\u00c1RIO MULTIFINALIT\u00c1RIO (CIM) DO MUNIC\u00cdPIO DE VILA FLOR\/RN.<\/strong>\u00a0Declaro o interessado\u00a0<strong>APICE CONSULTORIA E PROJETOS LTDA<\/strong>, CNPJ sob o n\u00b0\u00a0<strong>41.384.245\/0001-47<\/strong>, como apto e fornecedor da proposta mais vantajosa para a execu\u00e7\u00e3o do servi\u00e7o em tela. O servi\u00e7o ser\u00e1 realizado sob a responsabilidade e fiscaliza\u00e7\u00e3o desta Prefeitura Municipal. A motiva\u00e7\u00e3o se d\u00e1 pelo interesse P\u00fablico, tendo em vista ainda a necessidade da administra\u00e7\u00e3o em contratar o servi\u00e7o em apre\u00e7o com o valor global de R$ 52.500,00 (Cinquenta e dois mil e quinhentos reais) e em face de not\u00f3rio interesse p\u00fablico na execu\u00e7\u00e3o das atividades desempenhadas. As despesas decorrentes desta contrata\u00e7\u00e3o est\u00e3o programadas em dota\u00e7\u00e3o or\u00e7ament\u00e1ria pr\u00f3pria, prevista no or\u00e7amento do Munic\u00edpio de Vila Flor\/RN, para o exerc\u00edcio de 2026, na classifica\u00e7\u00e3o a seguir: Unidade or\u00e7ament\u00e1ria:\u00a0<strong>Classifica\u00e7\u00e3o econ\u00f4mica:\u00a0<\/strong>3.3.90.39.00 \u2013 Outros Servi\u00e7os de Terceiros \u2013 Pessoa Jur\u00eddica<strong>;\u00a0<\/strong><strong>\u00d3rg\u00e3o:\u00a0<\/strong>Prefeitura Municipal de Vila Flor;\u00a0<strong>Unidade Or\u00e7ament\u00e1ria:\u00a0<\/strong>16.001 \u2013 SECRETARIA MUNICIPAL DE TRIBUBTA\u00c7\u00c3O E PLANEJAMENTO;\u00a0<strong>Projeto Atividade<\/strong>: 2114 \u2013 MANUTE\u00c7\u00c3O DAS A\u00c7\u00d5ES DA SECRETARIA MUNICIPAL DE TRIBUTA\u00c7\u00c3O E PLANEJAMENTO;\u00a0<strong>Fonte de Recurso<\/strong>: 15000000 \u2013 Recursos N\u00e3o Vinculados de Impostos.<\/p>\n<p>&nbsp;<\/p>\n<p><strong>RATIFICA\u00c7\u00c3O<\/strong><\/p>\n<p>&nbsp;<\/p>\n<p>Ante o exposto, tendo em vista os fundamentos apresentados e a regularidade formal do Processo Administrativo n\u00b0 20020001\/2026, bem como seu enquadramento legal, que fundamenta a Lei Federal n\u00ba 14.133\/2021 e legisla\u00e7\u00e3o complementar e, ainda de conformidade com o resultado do presente certame, usando das atribui\u00e7\u00f5es que nos s\u00e3o conferidas, a Prefeitura Municipal de Vila Flor\/RN, atrav\u00e9s da Secretaria Municipal de Tributa\u00e7\u00e3o e Planejamento, no uso de suas atribui\u00e7\u00f5es legais e com base nas informa\u00e7\u00f5es constantes do processo de licita\u00e7\u00e3o em ep\u00edgrafe, resolve\u00a0<strong>RATIFICAR<\/strong>\u00a0o\u00a0<strong>TERMO DE DISPENSA DE LICITA\u00c7\u00c3O N\u00ba 008\/2026,\u00a0<\/strong>para que este produza seus legais efeitos.<\/p>\n<p>&nbsp;<\/p>\n<p>Publique-se.<\/p>\n<p>&nbsp;<\/p>\n<p>&nbsp;<\/p>\n<p>Vila Flor\/RN, em 04 de mar\u00e7o de 2026.<\/p>\n<p>&nbsp;<\/p>\n<p>&nbsp;<\/p>\n<p>&nbsp;<\/p>\n<p>&nbsp;<\/p>\n<p>&nbsp;<\/p>\n<p>THUANNE KARLA CARVALHO DE SOUZA<\/p>\n<p><strong>Prefeita Municipal<\/strong><\/p>\n<p style=\"text-align: right;\"><strong>Publicado por:<\/strong><br \/>\nGRINALDO JOAQUIM DE SOUZA<br \/>\nSecret\u00e1rio Municipal de Administra\u00e7\u00e3o<br \/>\n<strong>C\u00f3digo Identificador:<\/strong>\u00a0V6V94DVRXN<\/p>\n<div class=\"pdfprnt-buttons pdfprnt-buttons-post pdfprnt-bottom-right\"><a href=\"https:\/\/vilaflor.rn.gov.br\/transparencia\/wp-json\/wp\/v2\/posts?page=2&print=pdf#038;print=print\" class=\"pdfprnt-button pdfprnt-button-pdf\" target=\"_blank\"><img decoding=\"async\" src=\"https:\/\/vilaflor.rn.gov.br\/transparencia\/wp-content\/plugins\/pdf-print\/images\/pdf.png\" alt=\"image_pdf\" title=\"Baixar PDF\" \/><\/a><a href=\"https:\/\/vilaflor.rn.gov.br\/transparencia\/wp-json\/wp\/v2\/posts?page=2&print=print#038;print=print\" class=\"pdfprnt-button pdfprnt-button-print\" target=\"_blank\"><img decoding=\"async\" src=\"https:\/\/vilaflor.rn.gov.br\/transparencia\/wp-content\/plugins\/pdf-print\/images\/print.png\" alt=\"image_print\" title=\"Conte\u00fado de impress\u00e3o\" \/><\/a><\/div>","protected":false},"excerpt":{"rendered":"<p>ESTADO DO RIO GRANDE DO NORTE PREFEITURA MUNICIPAL DE VILA FLOR Fica dispensada a realiza\u00e7\u00e3o do certame licitat\u00f3rio para a\u00a0CONTRATA\u00c7\u00c3O DE EMPRESA ESPECIALIZADA PARA A EXECU\u00c7\u00c3O DE SERVI\u00c7OS DE GEORREFERENCIAMENTO URBANO E RURAL, VISANDO A ATUALIZA\u00c7\u00c3O DO CADASTRO IMOBILI\u00c1RIO MULTIFINALIT\u00c1RIO (CIM) DO MUNIC\u00cdPIO DE VILA FLOR\/RN.\u00a0Declaro o interessado\u00a0APICE CONSULTORIA E PROJETOS LTDA, CNPJ sob o [&hellip;]<\/p>\n","protected":false},"author":1,"featured_media":0,"comment_status":"open","ping_status":"open","sticky":false,"template":"","format":"standard","meta":{"ocean_post_layout":"","ocean_both_sidebars_style":"","ocean_both_sidebars_content_width":0,"ocean_both_sidebars_sidebars_width":0,"ocean_sidebar":"0","ocean_second_sidebar":"0","ocean_disable_margins":"enable","ocean_add_body_class":"","ocean_shortcode_before_top_bar":"","ocean_shortcode_after_top_bar":"","ocean_shortcode_before_header":"","ocean_shortcode_after_header":"","ocean_has_shortcode":"","ocean_shortcode_after_title":"","ocean_shortcode_before_footer_widgets":"","ocean_shortcode_after_footer_widgets":"","ocean_shortcode_before_footer_bottom":"","ocean_shortcode_after_footer_bottom":"","ocean_display_top_bar":"default","ocean_display_header":"default","ocean_header_style":"","ocean_center_header_left_menu":"0","ocean_custom_header_template":"0","ocean_custom_logo":0,"ocean_custom_retina_logo":0,"ocean_custom_logo_max_width":0,"ocean_custom_logo_tablet_max_width":0,"ocean_custom_logo_mobile_max_width":0,"ocean_custom_logo_max_height":0,"ocean_custom_logo_tablet_max_height":0,"ocean_custom_logo_mobile_max_height":0,"ocean_header_custom_menu":"0","ocean_menu_typo_font_family":"0","ocean_menu_typo_font_subset":"","ocean_menu_typo_font_size":0,"ocean_menu_typo_font_size_tablet":0,"ocean_menu_typo_font_size_mobile":0,"ocean_menu_typo_font_size_unit":"px","ocean_menu_typo_font_weight":"","ocean_menu_typo_font_weight_tablet":"","ocean_menu_typo_font_weight_mobile":"","ocean_menu_typo_transform":"","ocean_menu_typo_transform_tablet":"","ocean_menu_typo_transform_mobile":"","ocean_menu_typo_line_height":0,"ocean_menu_typo_line_height_tablet":0,"ocean_menu_typo_line_height_mobile":0,"ocean_menu_typo_line_height_unit":"","ocean_menu_typo_spacing":0,"ocean_menu_typo_spacing_tablet":0,"ocean_menu_typo_spacing_mobile":0,"ocean_menu_typo_spacing_unit":"","ocean_menu_link_color":"","ocean_menu_link_color_hover":"","ocean_menu_link_color_active":"","ocean_menu_link_background":"","ocean_menu_link_hover_background":"","ocean_menu_link_active_background":"","ocean_menu_social_links_bg":"","ocean_menu_social_hover_links_bg":"","ocean_menu_social_links_color":"","ocean_menu_social_hover_links_color":"","ocean_disable_title":"default","ocean_disable_heading":"default","ocean_post_title":"","ocean_post_subheading":"","ocean_post_title_style":"","ocean_post_title_background_color":"","ocean_post_title_background":0,"ocean_post_title_bg_image_position":"","ocean_post_title_bg_image_attachment":"","ocean_post_title_bg_image_repeat":"","ocean_post_title_bg_image_size":"","ocean_post_title_height":0,"ocean_post_title_bg_overlay":0.5,"ocean_post_title_bg_overlay_color":"","ocean_disable_breadcrumbs":"default","ocean_breadcrumbs_color":"","ocean_breadcrumbs_separator_color":"","ocean_breadcrumbs_links_color":"","ocean_breadcrumbs_links_hover_color":"","ocean_display_footer_widgets":"default","ocean_display_footer_bottom":"default","ocean_custom_footer_template":"0","ocean_post_oembed":"","ocean_post_self_hosted_media":"","ocean_post_video_embed":"","ocean_link_format":"","ocean_link_format_target":"self","ocean_quote_format":"","ocean_quote_format_link":"post","ocean_gallery_link_images":"on","ocean_gallery_id":[],"footnotes":""},"categories":[13,76,4],"tags":[],"class_list":["post-4294","post","type-post","status-publish","format-standard","hentry","category-dispensa-de-licitacao","category-dispensa-de-licitacao-2026","category-licitacao","entry"],"_links":{"self":[{"href":"https:\/\/vilaflor.rn.gov.br\/transparencia\/wp-json\/wp\/v2\/posts\/4294","targetHints":{"allow":["GET"]}}],"collection":[{"href":"https:\/\/vilaflor.rn.gov.br\/transparencia\/wp-json\/wp\/v2\/posts"}],"about":[{"href":"https:\/\/vilaflor.rn.gov.br\/transparencia\/wp-json\/wp\/v2\/types\/post"}],"author":[{"embeddable":true,"href":"https:\/\/vilaflor.rn.gov.br\/transparencia\/wp-json\/wp\/v2\/users\/1"}],"replies":[{"embeddable":true,"href":"https:\/\/vilaflor.rn.gov.br\/transparencia\/wp-json\/wp\/v2\/comments?post=4294"}],"version-history":[{"count":1,"href":"https:\/\/vilaflor.rn.gov.br\/transparencia\/wp-json\/wp\/v2\/posts\/4294\/revisions"}],"predecessor-version":[{"id":4295,"href":"https:\/\/vilaflor.rn.gov.br\/transparencia\/wp-json\/wp\/v2\/posts\/4294\/revisions\/4295"}],"wp:attachment":[{"href":"https:\/\/vilaflor.rn.gov.br\/transparencia\/wp-json\/wp\/v2\/media?parent=4294"}],"wp:term":[{"taxonomy":"category","embeddable":true,"href":"https:\/\/vilaflor.rn.gov.br\/transparencia\/wp-json\/wp\/v2\/categories?post=4294"},{"taxonomy":"post_tag","embeddable":true,"href":"https:\/\/vilaflor.rn.gov.br\/transparencia\/wp-json\/wp\/v2\/tags?post=4294"}],"curies":[{"name":"wp","href":"https:\/\/api.w.org\/{rel}","templated":true}]}},{"id":4292,"date":"2026-03-06T11:14:45","date_gmt":"2026-03-06T14:14:45","guid":{"rendered":"https:\/\/vilaflor.rn.gov.br\/transparencia\/?p=4292"},"modified":"2026-04-02T11:15:13","modified_gmt":"2026-04-02T14:15:13","slug":"segundo-termo-aditivo-ao-contrato-no-019-2023-pregao-presencial-n-001-2023-2","status":"publish","type":"post","link":"https:\/\/vilaflor.rn.gov.br\/transparencia\/segundo-termo-aditivo-ao-contrato-no-019-2023-pregao-presencial-n-001-2023-2\/","title":{"rendered":"SEGUNDO TERMO ADITIVO AO CONTRATO N\u00ba 019\/2023 PREG\u00c3O PRESENCIAL N\u00b0 001\/2023"},"content":{"rendered":"<p><strong>ESTADO DO RIO GRANDE DO NORTE<\/strong><br \/>\n<strong>PREFEITURA MUNICIPAL DE VILA FLOR<\/strong><\/p>\n<p>A PREFEITURA MUNICIPAL DE VILA FLOR, inscrito(a) no CNPJ sob o n\u00ba 08.169.278\/0001-07, com sede na RUA JOSE CALAZANS, 169, representado por THUANNE KARLA CARVALHO DE SOUZA, PREFEITA MUNICIPAL, doravante denominado(a) CONTRATANTE, e a detentora \u00e9 a empresa APICE CONSULTORIA E PROJETOS LTDA com o CNPJ sob o n\u00b0 41.384.245\/0001-47, j\u00e1 qualificados no contrato inicial, determinaram por meio deste, alterar o referido contrato, consubstanciado nas seguintes cl\u00e1usulas:<\/p>\n<p><strong>CL\u00c1USULA PRIMEIRA \u2013 DO OBJETO<\/strong><\/p>\n<ol>\n<li><strong>CL\u00c1USULA PRIMEIRA \u2013 OBJETO<\/strong><\/li>\n<\/ol>\n<p>1.1. O objeto do presente instrumento \u00e9:<\/p>\n<p>1.1.1. PRORROGAR o prazo da vig\u00eancia do Contrato n\u00ba 019\/2023, por 12 (Doze) meses, contemplando-se, nesta ocasi\u00e3o, o per\u00edodo de 04 de mar\u00e7o de 2026 a 03 de mar\u00e7o de 2027, nos termos do art. 57, II, da Lei n.\u00ba 8.666, de 1993.<\/p>\n<ol start=\"2\">\n<li><strong>CL\u00c1USULA SEGUNDA \u2013 DO PRE\u00c7O<\/strong><\/li>\n<\/ol>\n<p>2.1\u00a0\u00a0\u00a0\u00a0\u00a0 O valor mensal da contrata\u00e7\u00e3o \u00e9 de R$ 3.200,00 (Tr\u00eas mil e duzentos reais), totalizando o valor global de R$ 38.400,00 (Trinta e oito mil e quatrocentos reais);<\/p>\n<p>2.2\u00a0\u00a0\u00a0\u00a0\u00a0 O valor acima \u00e9 meramente estimativo, de forma que os pagamentos devidos \u00e0 CONTRATADA depender\u00e3o dos quantitativos de servi\u00e7os efetivamente prestados.<\/p>\n<ol start=\"3\">\n<li><strong>CL\u00c1USULA SEGUNDA \u2013 DA DOTA\u00c7\u00c3O OR\u00c7AMENT\u00c1RIA<\/strong><\/li>\n<\/ol>\n<p>A despesa decorrente da presente altera\u00e7\u00e3o correr\u00e1 \u00e0 conta da seguinte Dota\u00e7\u00e3o Or\u00e7ament\u00e1ria: Exerc\u00edcio 2026<\/p>\n<p>\u00d3rg\u00e3o requisitante: \u00a0\u00a0\u00a0\u00a0\u00a0\u00a0\u00a0\u00a0\u00a0\u00a0\u00a0\u00a0\u00a0\u00a0\u00a0\u00a0\u00a0\u00a0\u00a0\u00a0\u00a0\u00a0\u00a0 03.001 \u2013 Secretaria Municipal de Administra\u00e7\u00e3o<\/p>\n<p>Projeto\/Atividade: \u00a0\u00a0\u00a0\u00a0\u00a0\u00a0\u00a0\u00a0\u00a0\u00a0\u00a0\u00a0\u00a0\u00a0\u00a0\u00a0\u00a0\u00a0\u00a0\u00a0\u00a0\u00a0\u00a0\u00a0\u00a0\u00a0 2.007 \u2013 Manuten\u00e7\u00e3o das A\u00e7\u00f5es da Secretaria Municipal de Administra\u00e7\u00e3o<\/p>\n<p>Classifica\u00e7\u00e3o Econ\u00f4mica: \u00a0\u00a0\u00a0\u00a0\u00a0\u00a0\u00a0\u00a0\u00a0\u00a0\u00a0 3.3.90.39.00 \u2013 Outros Servi\u00e7os de Terceiros \u2013 Pessoa Jur\u00eddica<\/p>\n<p>Fonte de Recurso: \u00a0\u00a0\u00a0\u00a0\u00a0\u00a0\u00a0\u00a0\u00a0\u00a0\u00a0\u00a0\u00a0\u00a0\u00a0\u00a0\u00a0\u00a0\u00a0\u00a0\u00a0\u00a0\u00a0\u00a0 1500000000 \u2013 Recurso n\u00e3o vinculado de Impostos<\/p>\n<ol start=\"4\">\n<li><strong>CL\u00c1USULA QUINTA \u2013 PRODU\u00c7\u00c3O DOS EFEITOS<\/strong><\/li>\n<\/ol>\n<p>4.1 O presente termo aditivo produzir\u00e1 efeitos a partir 04 de mar\u00e7o de 2026.<\/p>\n<ol start=\"5\">\n<li><strong>CL\u00c1USULA SEXTA \u2013RATIFICA\u00c7\u00c3O<\/strong><\/li>\n<\/ol>\n<p>5.1.\u00a0\u00a0\u00a0\u00a0 Ficam mantidas e ratificadas as demais cl\u00e1usulas e condi\u00e7\u00f5es do contrato origin\u00e1rio, naquilo que n\u00e3o contrariem o presente termo aditivo.<\/p>\n<ol start=\"6\">\n<li><strong>CL\u00c1USULA S\u00c9TIMA \u2013PUBLICA\u00c7\u00c3O<\/strong><\/li>\n<\/ol>\n<p>6.1.\u00a0\u00a0\u00a0\u00a0 Incumbir\u00e1 \u00e0 CONTRATANTE providenciar a publica\u00e7\u00e3o deste instrumento, por extrato, no Di\u00e1rio Oficial dos Munic\u00edpios, de acordo com o prescrito no artigo 61, par\u00e1grafo \u00fanico, da Lei n\u00ba 8.666, de 1993.<\/p>\n<p>&nbsp;<\/p>\n<p>Vila Flor\/RN, em 04 de mar\u00e7o de 2026.<\/p>\n<p>&nbsp;<\/p>\n<p>&nbsp;<\/p>\n<p>&nbsp;<\/p>\n<p><strong>\u00a0PREFEITURA MUNICIPAL DE VILA FLOR<\/strong><\/p>\n<p><strong>CNPJ(MF)\u00a0 08.169.278\/0001-07<\/strong><\/p>\n<p><strong>\u00a0CONTRATANTE<\/strong><\/p>\n<p><strong>\u00a0<\/strong><\/p>\n<p><strong>\u00a0<\/strong><\/p>\n<p><strong>\u00a0<\/strong><\/p>\n<p><strong>\u00a0<\/strong><\/p>\n<p><strong>APICE CONSULTORIA E PROJETOS LTDA<\/strong><\/p>\n<p><strong>CNPJ\/MF:\u00a0<\/strong><strong>41.384.245\/0001-47<\/strong><\/p>\n<p><strong>CONTRATADA<\/strong><\/p>\n<p>&nbsp;<\/p>\n<p style=\"text-align: right;\"><strong>Publicado por:<\/strong><br \/>\nGRINALDO JOAQUIM DE SOUZA<br \/>\nSecret\u00e1rio Municipal de Administra\u00e7\u00e3o<br \/>\n<strong>C\u00f3digo Identificador:<\/strong>\u00a0P4RG300N4X<\/p>\n<div class=\"pdfprnt-buttons pdfprnt-buttons-post pdfprnt-bottom-right\"><a href=\"https:\/\/vilaflor.rn.gov.br\/transparencia\/wp-json\/wp\/v2\/posts?page=2&print=pdf#038;print=print\" class=\"pdfprnt-button pdfprnt-button-pdf\" target=\"_blank\"><img decoding=\"async\" src=\"https:\/\/vilaflor.rn.gov.br\/transparencia\/wp-content\/plugins\/pdf-print\/images\/pdf.png\" alt=\"image_pdf\" title=\"Baixar PDF\" \/><\/a><a href=\"https:\/\/vilaflor.rn.gov.br\/transparencia\/wp-json\/wp\/v2\/posts?page=2&print=print#038;print=print\" class=\"pdfprnt-button pdfprnt-button-print\" target=\"_blank\"><img decoding=\"async\" src=\"https:\/\/vilaflor.rn.gov.br\/transparencia\/wp-content\/plugins\/pdf-print\/images\/print.png\" alt=\"image_print\" title=\"Conte\u00fado de impress\u00e3o\" \/><\/a><\/div>","protected":false},"excerpt":{"rendered":"<p>ESTADO DO RIO GRANDE DO NORTE PREFEITURA MUNICIPAL DE VILA FLOR A PREFEITURA MUNICIPAL DE VILA FLOR, inscrito(a) no CNPJ sob o n\u00ba 08.169.278\/0001-07, com sede na RUA JOSE CALAZANS, 169, representado por THUANNE KARLA CARVALHO DE SOUZA, PREFEITA MUNICIPAL, doravante denominado(a) CONTRATANTE, e a detentora \u00e9 a empresa APICE CONSULTORIA E PROJETOS LTDA com [&hellip;]<\/p>\n","protected":false},"author":1,"featured_media":0,"comment_status":"open","ping_status":"open","sticky":false,"template":"","format":"standard","meta":{"ocean_post_layout":"","ocean_both_sidebars_style":"","ocean_both_sidebars_content_width":0,"ocean_both_sidebars_sidebars_width":0,"ocean_sidebar":"0","ocean_second_sidebar":"0","ocean_disable_margins":"enable","ocean_add_body_class":"","ocean_shortcode_before_top_bar":"","ocean_shortcode_after_top_bar":"","ocean_shortcode_before_header":"","ocean_shortcode_after_header":"","ocean_has_shortcode":"","ocean_shortcode_after_title":"","ocean_shortcode_before_footer_widgets":"","ocean_shortcode_after_footer_widgets":"","ocean_shortcode_before_footer_bottom":"","ocean_shortcode_after_footer_bottom":"","ocean_display_top_bar":"default","ocean_display_header":"default","ocean_header_style":"","ocean_center_header_left_menu":"0","ocean_custom_header_template":"0","ocean_custom_logo":0,"ocean_custom_retina_logo":0,"ocean_custom_logo_max_width":0,"ocean_custom_logo_tablet_max_width":0,"ocean_custom_logo_mobile_max_width":0,"ocean_custom_logo_max_height":0,"ocean_custom_logo_tablet_max_height":0,"ocean_custom_logo_mobile_max_height":0,"ocean_header_custom_menu":"0","ocean_menu_typo_font_family":"0","ocean_menu_typo_font_subset":"","ocean_menu_typo_font_size":0,"ocean_menu_typo_font_size_tablet":0,"ocean_menu_typo_font_size_mobile":0,"ocean_menu_typo_font_size_unit":"px","ocean_menu_typo_font_weight":"","ocean_menu_typo_font_weight_tablet":"","ocean_menu_typo_font_weight_mobile":"","ocean_menu_typo_transform":"","ocean_menu_typo_transform_tablet":"","ocean_menu_typo_transform_mobile":"","ocean_menu_typo_line_height":0,"ocean_menu_typo_line_height_tablet":0,"ocean_menu_typo_line_height_mobile":0,"ocean_menu_typo_line_height_unit":"","ocean_menu_typo_spacing":0,"ocean_menu_typo_spacing_tablet":0,"ocean_menu_typo_spacing_mobile":0,"ocean_menu_typo_spacing_unit":"","ocean_menu_link_color":"","ocean_menu_link_color_hover":"","ocean_menu_link_color_active":"","ocean_menu_link_background":"","ocean_menu_link_hover_background":"","ocean_menu_link_active_background":"","ocean_menu_social_links_bg":"","ocean_menu_social_hover_links_bg":"","ocean_menu_social_links_color":"","ocean_menu_social_hover_links_color":"","ocean_disable_title":"default","ocean_disable_heading":"default","ocean_post_title":"","ocean_post_subheading":"","ocean_post_title_style":"","ocean_post_title_background_color":"","ocean_post_title_background":0,"ocean_post_title_bg_image_position":"","ocean_post_title_bg_image_attachment":"","ocean_post_title_bg_image_repeat":"","ocean_post_title_bg_image_size":"","ocean_post_title_height":0,"ocean_post_title_bg_overlay":0.5,"ocean_post_title_bg_overlay_color":"","ocean_disable_breadcrumbs":"default","ocean_breadcrumbs_color":"","ocean_breadcrumbs_separator_color":"","ocean_breadcrumbs_links_color":"","ocean_breadcrumbs_links_hover_color":"","ocean_display_footer_widgets":"default","ocean_display_footer_bottom":"default","ocean_custom_footer_template":"0","ocean_post_oembed":"","ocean_post_self_hosted_media":"","ocean_post_video_embed":"","ocean_link_format":"","ocean_link_format_target":"self","ocean_quote_format":"","ocean_quote_format_link":"post","ocean_gallery_link_images":"on","ocean_gallery_id":[],"footnotes":""},"categories":[58,75,4],"tags":[],"class_list":["post-4292","post","type-post","status-publish","format-standard","hentry","category-contratos","category-contratos-2026","category-licitacao","entry"],"_links":{"self":[{"href":"https:\/\/vilaflor.rn.gov.br\/transparencia\/wp-json\/wp\/v2\/posts\/4292","targetHints":{"allow":["GET"]}}],"collection":[{"href":"https:\/\/vilaflor.rn.gov.br\/transparencia\/wp-json\/wp\/v2\/posts"}],"about":[{"href":"https:\/\/vilaflor.rn.gov.br\/transparencia\/wp-json\/wp\/v2\/types\/post"}],"author":[{"embeddable":true,"href":"https:\/\/vilaflor.rn.gov.br\/transparencia\/wp-json\/wp\/v2\/users\/1"}],"replies":[{"embeddable":true,"href":"https:\/\/vilaflor.rn.gov.br\/transparencia\/wp-json\/wp\/v2\/comments?post=4292"}],"version-history":[{"count":1,"href":"https:\/\/vilaflor.rn.gov.br\/transparencia\/wp-json\/wp\/v2\/posts\/4292\/revisions"}],"predecessor-version":[{"id":4293,"href":"https:\/\/vilaflor.rn.gov.br\/transparencia\/wp-json\/wp\/v2\/posts\/4292\/revisions\/4293"}],"wp:attachment":[{"href":"https:\/\/vilaflor.rn.gov.br\/transparencia\/wp-json\/wp\/v2\/media?parent=4292"}],"wp:term":[{"taxonomy":"category","embeddable":true,"href":"https:\/\/vilaflor.rn.gov.br\/transparencia\/wp-json\/wp\/v2\/categories?post=4292"},{"taxonomy":"post_tag","embeddable":true,"href":"https:\/\/vilaflor.rn.gov.br\/transparencia\/wp-json\/wp\/v2\/tags?post=4292"}],"curies":[{"name":"wp","href":"https:\/\/api.w.org\/{rel}","templated":true}]}},{"id":4290,"date":"2026-03-05T11:13:48","date_gmt":"2026-03-05T14:13:48","guid":{"rendered":"https:\/\/vilaflor.rn.gov.br\/transparencia\/?p=4290"},"modified":"2026-04-02T11:14:32","modified_gmt":"2026-04-02T14:14:32","slug":"aviso-de-licitacao-pregao-eletronico-srp-no-006-2026","status":"publish","type":"post","link":"https:\/\/vilaflor.rn.gov.br\/transparencia\/aviso-de-licitacao-pregao-eletronico-srp-no-006-2026\/","title":{"rendered":"AVISO DE LICITA\u00c7\u00c3O PREG\u00c3O ELETR\u00d4NICO SRP N\u00ba 006\/2026"},"content":{"rendered":"<p><strong>ESTADO DO RIO GRANDE DO NORTE<\/strong><br \/>\n<strong>PREFEITURA MUNICIPAL DE VILA FLOR<\/strong><\/p>\n<p>O Munic\u00edpio de Vila Flor\/RN, por interm\u00e9dio de seu Pregoeiro, torna p\u00fablico que \u00e0s\u00a0<strong>09h00min<\/strong>\u00a0do dia\u00a0<strong>17 de mar\u00e7o de 2026<\/strong>, far\u00e1 realizar licita\u00e7\u00e3o na modalidade\u00a0<strong>Preg\u00e3o Eletr\u00f4nico para Registro de Pre\u00e7os n\u00ba 006\/2026<\/strong>, tipo menor pre\u00e7o\u00a0<strong>POR ITEM<\/strong>, objetivando o\u00a0<strong>REGISTRO DE PRE\u00c7OS PARA FUTURA E EVENTUAL AQUISI\u00c7\u00c3O DE CESTA B\u00c1SICA PARA DISTRIBUI\u00c7\u00c3O A FAMILIAS CARENTES DO MUNIC\u00cdPIO DE VILA FLOR\/RN. \u00a0<\/strong>O procedimento licitat\u00f3rio obedecer\u00e1 ao disposto na Lei Federal n\u00ba 14.133\/21 de 1 de abril de 2021, e suas altera\u00e7\u00f5es posteriores que lhe foram introduzidas. O Edital e seus anexos encontram-se \u00e0 disposi\u00e7\u00e3o dos interessados, no site: www.portaldecompraspublicas.com.br ou atrav\u00e9s do e-mail:\u00a0<strong>pmvflicitacoes2021@gmail.com<\/strong>\u00a0ou ainda na sala da Comiss\u00e3o de Licita\u00e7\u00e3o situada na Rua Jos\u00e9 Calazans, 169, Centro, Vila Flor\/RN, CEP 59.192-000, a partir da publica\u00e7\u00e3o deste aviso, no hor\u00e1rio de expediente de 08h:00min \u00e0s 14h:00min, exceto feriados e ponto facultativo.<\/p>\n<p>&nbsp;<\/p>\n<p>Vila Flor\/RN, em 04 de mar\u00e7o de 2026<\/p>\n<p>&nbsp;<\/p>\n<p>KEDSON JOSE DE LIMA.<\/p>\n<p>Pregoeiro Municipal<\/p>\n<p style=\"text-align: right;\"><strong>Publicado por:<\/strong><br \/>\nGRINALDO JOAQUIM DE SOUZA<br \/>\nSecret\u00e1rio Municipal de Administra\u00e7\u00e3o<br \/>\n<strong>C\u00f3digo Identificador:<\/strong>\u00a0XPD6V06BE2<\/p>\n<div class=\"pdfprnt-buttons pdfprnt-buttons-post pdfprnt-bottom-right\"><a href=\"https:\/\/vilaflor.rn.gov.br\/transparencia\/wp-json\/wp\/v2\/posts?page=2&print=pdf#038;print=print\" class=\"pdfprnt-button pdfprnt-button-pdf\" target=\"_blank\"><img decoding=\"async\" src=\"https:\/\/vilaflor.rn.gov.br\/transparencia\/wp-content\/plugins\/pdf-print\/images\/pdf.png\" alt=\"image_pdf\" title=\"Baixar PDF\" \/><\/a><a href=\"https:\/\/vilaflor.rn.gov.br\/transparencia\/wp-json\/wp\/v2\/posts?page=2&print=print#038;print=print\" class=\"pdfprnt-button pdfprnt-button-print\" target=\"_blank\"><img decoding=\"async\" src=\"https:\/\/vilaflor.rn.gov.br\/transparencia\/wp-content\/plugins\/pdf-print\/images\/print.png\" alt=\"image_print\" title=\"Conte\u00fado de impress\u00e3o\" \/><\/a><\/div>","protected":false},"excerpt":{"rendered":"<p>ESTADO DO RIO GRANDE DO NORTE PREFEITURA MUNICIPAL DE VILA FLOR O Munic\u00edpio de Vila Flor\/RN, por interm\u00e9dio de seu Pregoeiro, torna p\u00fablico que \u00e0s\u00a009h00min\u00a0do dia\u00a017 de mar\u00e7o de 2026, far\u00e1 realizar licita\u00e7\u00e3o na modalidade\u00a0Preg\u00e3o Eletr\u00f4nico para Registro de Pre\u00e7os n\u00ba 006\/2026, tipo menor pre\u00e7o\u00a0POR ITEM, objetivando o\u00a0REGISTRO DE PRE\u00c7OS PARA FUTURA E EVENTUAL AQUISI\u00c7\u00c3O [&hellip;]<\/p>\n","protected":false},"author":1,"featured_media":0,"comment_status":"open","ping_status":"open","sticky":false,"template":"","format":"standard","meta":{"ocean_post_layout":"","ocean_both_sidebars_style":"","ocean_both_sidebars_content_width":0,"ocean_both_sidebars_sidebars_width":0,"ocean_sidebar":"0","ocean_second_sidebar":"0","ocean_disable_margins":"enable","ocean_add_body_class":"","ocean_shortcode_before_top_bar":"","ocean_shortcode_after_top_bar":"","ocean_shortcode_before_header":"","ocean_shortcode_after_header":"","ocean_has_shortcode":"","ocean_shortcode_after_title":"","ocean_shortcode_before_footer_widgets":"","ocean_shortcode_after_footer_widgets":"","ocean_shortcode_before_footer_bottom":"","ocean_shortcode_after_footer_bottom":"","ocean_display_top_bar":"default","ocean_display_header":"default","ocean_header_style":"","ocean_center_header_left_menu":"0","ocean_custom_header_template":"0","ocean_custom_logo":0,"ocean_custom_retina_logo":0,"ocean_custom_logo_max_width":0,"ocean_custom_logo_tablet_max_width":0,"ocean_custom_logo_mobile_max_width":0,"ocean_custom_logo_max_height":0,"ocean_custom_logo_tablet_max_height":0,"ocean_custom_logo_mobile_max_height":0,"ocean_header_custom_menu":"0","ocean_menu_typo_font_family":"0","ocean_menu_typo_font_subset":"","ocean_menu_typo_font_size":0,"ocean_menu_typo_font_size_tablet":0,"ocean_menu_typo_font_size_mobile":0,"ocean_menu_typo_font_size_unit":"px","ocean_menu_typo_font_weight":"","ocean_menu_typo_font_weight_tablet":"","ocean_menu_typo_font_weight_mobile":"","ocean_menu_typo_transform":"","ocean_menu_typo_transform_tablet":"","ocean_menu_typo_transform_mobile":"","ocean_menu_typo_line_height":0,"ocean_menu_typo_line_height_tablet":0,"ocean_menu_typo_line_height_mobile":0,"ocean_menu_typo_line_height_unit":"","ocean_menu_typo_spacing":0,"ocean_menu_typo_spacing_tablet":0,"ocean_menu_typo_spacing_mobile":0,"ocean_menu_typo_spacing_unit":"","ocean_menu_link_color":"","ocean_menu_link_color_hover":"","ocean_menu_link_color_active":"","ocean_menu_link_background":"","ocean_menu_link_hover_background":"","ocean_menu_link_active_background":"","ocean_menu_social_links_bg":"","ocean_menu_social_hover_links_bg":"","ocean_menu_social_links_color":"","ocean_menu_social_hover_links_color":"","ocean_disable_title":"default","ocean_disable_heading":"default","ocean_post_title":"","ocean_post_subheading":"","ocean_post_title_style":"","ocean_post_title_background_color":"","ocean_post_title_background":0,"ocean_post_title_bg_image_position":"","ocean_post_title_bg_image_attachment":"","ocean_post_title_bg_image_repeat":"","ocean_post_title_bg_image_size":"","ocean_post_title_height":0,"ocean_post_title_bg_overlay":0.5,"ocean_post_title_bg_overlay_color":"","ocean_disable_breadcrumbs":"default","ocean_breadcrumbs_color":"","ocean_breadcrumbs_separator_color":"","ocean_breadcrumbs_links_color":"","ocean_breadcrumbs_links_hover_color":"","ocean_display_footer_widgets":"default","ocean_display_footer_bottom":"default","ocean_custom_footer_template":"0","ocean_post_oembed":"","ocean_post_self_hosted_media":"","ocean_post_video_embed":"","ocean_link_format":"","ocean_link_format_target":"self","ocean_quote_format":"","ocean_quote_format_link":"post","ocean_gallery_link_images":"on","ocean_gallery_id":[],"footnotes":""},"categories":[5,4],"tags":[],"class_list":["post-4290","post","type-post","status-publish","format-standard","hentry","category-aviso-de-licitacao","category-licitacao","entry"],"_links":{"self":[{"href":"https:\/\/vilaflor.rn.gov.br\/transparencia\/wp-json\/wp\/v2\/posts\/4290","targetHints":{"allow":["GET"]}}],"collection":[{"href":"https:\/\/vilaflor.rn.gov.br\/transparencia\/wp-json\/wp\/v2\/posts"}],"about":[{"href":"https:\/\/vilaflor.rn.gov.br\/transparencia\/wp-json\/wp\/v2\/types\/post"}],"author":[{"embeddable":true,"href":"https:\/\/vilaflor.rn.gov.br\/transparencia\/wp-json\/wp\/v2\/users\/1"}],"replies":[{"embeddable":true,"href":"https:\/\/vilaflor.rn.gov.br\/transparencia\/wp-json\/wp\/v2\/comments?post=4290"}],"version-history":[{"count":1,"href":"https:\/\/vilaflor.rn.gov.br\/transparencia\/wp-json\/wp\/v2\/posts\/4290\/revisions"}],"predecessor-version":[{"id":4291,"href":"https:\/\/vilaflor.rn.gov.br\/transparencia\/wp-json\/wp\/v2\/posts\/4290\/revisions\/4291"}],"wp:attachment":[{"href":"https:\/\/vilaflor.rn.gov.br\/transparencia\/wp-json\/wp\/v2\/media?parent=4290"}],"wp:term":[{"taxonomy":"category","embeddable":true,"href":"https:\/\/vilaflor.rn.gov.br\/transparencia\/wp-json\/wp\/v2\/categories?post=4290"},{"taxonomy":"post_tag","embeddable":true,"href":"https:\/\/vilaflor.rn.gov.br\/transparencia\/wp-json\/wp\/v2\/tags?post=4290"}],"curies":[{"name":"wp","href":"https:\/\/api.w.org\/{rel}","templated":true}]}},{"id":4288,"date":"2026-03-03T11:13:01","date_gmt":"2026-03-03T14:13:01","guid":{"rendered":"https:\/\/vilaflor.rn.gov.br\/transparencia\/?p=4288"},"modified":"2026-04-02T11:13:40","modified_gmt":"2026-04-02T14:13:40","slug":"extrato-de-contrato-n-019-2026-adesao-a-ata-de-registro-de-precos-n-055-2025","status":"publish","type":"post","link":"https:\/\/vilaflor.rn.gov.br\/transparencia\/extrato-de-contrato-n-019-2026-adesao-a-ata-de-registro-de-precos-n-055-2025\/","title":{"rendered":"EXTRATO DE CONTRATO N\u00b0 019\/2026 ADES\u00c3O A ATA DE REGISTRO DE PRE\u00c7OS N\u00b0 055\/2025"},"content":{"rendered":"<p><strong>ESTADO DO RIO GRANDE DO NORTE<\/strong><br \/>\n<strong>PREFEITURA MUNICIPAL DE VILA FLOR<\/strong><\/p>\n<p><strong>CONTRATO N<\/strong>\u00ba\u2026\u2026\u2026..:\u00a0<strong>019\/2026<\/strong><\/p>\n<p>&nbsp;<\/p>\n<p><strong>ORIGEM<\/strong>\u2026\u2026\u2026\u2026\u2026\u2026\u2026: \u00a0ADESAO N\u00b0 004\/2026<\/p>\n<p>&nbsp;<\/p>\n<p><strong>CONTRATANTE<\/strong>\u2026\u2026..: PREFEITURA MUNICIPAL DE VILA FLOR<\/p>\n<p>&nbsp;<\/p>\n<p><strong>CONTRATADA(O)<\/strong>\u2026..:\u00a0<strong>G PHARMA HOSPITALAR LTDA<\/strong><\/p>\n<p>&nbsp;<\/p>\n<p><strong>OBJETO<\/strong>\u2026\u2026\u2026\u2026\u2026\u2026\u2026.: REGISTRO DE PRE\u00c7OS PARA FUTURA E EVENTUAL AQUISI\u00c7\u00c3O DE FORMA PARCELADA DE SUPLEMENTOS NUTRICIONAIS ORAIS OBJETIVANDO ATENDER AS NECESSIDADES DOS USU\u00c1RIOS DA SECRETARIA MUNICIPAL DE SA\u00daDE<\/p>\n<p>&nbsp;<\/p>\n<p><strong>VALOR TOTAL<\/strong>\u2026\u2026\u2026\u2026\u2026.:\u00a0<strong>\u00a0R$ 131.337,79 (Cento e trinta e um mil, trezentos e trinta e sete reais e setenta e nove centavos)<\/strong>.<\/p>\n<p>&nbsp;<\/p>\n<p><strong>VIG\u00caNCIA<\/strong>\u2026\u2026\u2026\u2026\u2026\u2026.: 02 de mar\u00e7o de 2026 a 01 de mar\u00e7o de 2027<\/p>\n<p>&nbsp;<\/p>\n<p><strong>DATA DA ASSINATURA<\/strong>\u2026\u2026\u2026: 02 de mar\u00e7o de 2026<\/p>\n<p>&nbsp;<\/p>\n<p>&nbsp;<\/p>\n<p style=\"text-align: right;\"><strong>Publicado por:<\/strong><br \/>\nGRINALDO JOAQUIM DE SOUZA<br \/>\nSecret\u00e1rio Municipal de Administra\u00e7\u00e3o<br \/>\n<strong>C\u00f3digo Identificador:<\/strong>\u00a0E1DKNRULS3<\/p>\n<div class=\"pdfprnt-buttons pdfprnt-buttons-post pdfprnt-bottom-right\"><a href=\"https:\/\/vilaflor.rn.gov.br\/transparencia\/wp-json\/wp\/v2\/posts?page=2&print=pdf#038;print=print\" class=\"pdfprnt-button pdfprnt-button-pdf\" target=\"_blank\"><img decoding=\"async\" src=\"https:\/\/vilaflor.rn.gov.br\/transparencia\/wp-content\/plugins\/pdf-print\/images\/pdf.png\" alt=\"image_pdf\" title=\"Baixar PDF\" \/><\/a><a href=\"https:\/\/vilaflor.rn.gov.br\/transparencia\/wp-json\/wp\/v2\/posts?page=2&print=print#038;print=print\" class=\"pdfprnt-button pdfprnt-button-print\" target=\"_blank\"><img decoding=\"async\" src=\"https:\/\/vilaflor.rn.gov.br\/transparencia\/wp-content\/plugins\/pdf-print\/images\/print.png\" alt=\"image_print\" title=\"Conte\u00fado de impress\u00e3o\" \/><\/a><\/div>","protected":false},"excerpt":{"rendered":"<p>ESTADO DO RIO GRANDE DO NORTE PREFEITURA MUNICIPAL DE VILA FLOR CONTRATO N\u00ba\u2026\u2026\u2026..:\u00a0019\/2026 &nbsp; ORIGEM\u2026\u2026\u2026\u2026\u2026\u2026\u2026: \u00a0ADESAO N\u00b0 004\/2026 &nbsp; CONTRATANTE\u2026\u2026..: PREFEITURA MUNICIPAL DE VILA FLOR &nbsp; CONTRATADA(O)\u2026..:\u00a0G PHARMA HOSPITALAR LTDA &nbsp; OBJETO\u2026\u2026\u2026\u2026\u2026\u2026\u2026.: REGISTRO DE PRE\u00c7OS PARA FUTURA E EVENTUAL AQUISI\u00c7\u00c3O DE FORMA PARCELADA DE SUPLEMENTOS NUTRICIONAIS ORAIS OBJETIVANDO ATENDER AS NECESSIDADES DOS USU\u00c1RIOS DA SECRETARIA [&hellip;]<\/p>\n","protected":false},"author":1,"featured_media":0,"comment_status":"open","ping_status":"open","sticky":false,"template":"","format":"standard","meta":{"ocean_post_layout":"","ocean_both_sidebars_style":"","ocean_both_sidebars_content_width":0,"ocean_both_sidebars_sidebars_width":0,"ocean_sidebar":"0","ocean_second_sidebar":"0","ocean_disable_margins":"enable","ocean_add_body_class":"","ocean_shortcode_before_top_bar":"","ocean_shortcode_after_top_bar":"","ocean_shortcode_before_header":"","ocean_shortcode_after_header":"","ocean_has_shortcode":"","ocean_shortcode_after_title":"","ocean_shortcode_before_footer_widgets":"","ocean_shortcode_after_footer_widgets":"","ocean_shortcode_before_footer_bottom":"","ocean_shortcode_after_footer_bottom":"","ocean_display_top_bar":"default","ocean_display_header":"default","ocean_header_style":"","ocean_center_header_left_menu":"0","ocean_custom_header_template":"0","ocean_custom_logo":0,"ocean_custom_retina_logo":0,"ocean_custom_logo_max_width":0,"ocean_custom_logo_tablet_max_width":0,"ocean_custom_logo_mobile_max_width":0,"ocean_custom_logo_max_height":0,"ocean_custom_logo_tablet_max_height":0,"ocean_custom_logo_mobile_max_height":0,"ocean_header_custom_menu":"0","ocean_menu_typo_font_family":"0","ocean_menu_typo_font_subset":"","ocean_menu_typo_font_size":0,"ocean_menu_typo_font_size_tablet":0,"ocean_menu_typo_font_size_mobile":0,"ocean_menu_typo_font_size_unit":"px","ocean_menu_typo_font_weight":"","ocean_menu_typo_font_weight_tablet":"","ocean_menu_typo_font_weight_mobile":"","ocean_menu_typo_transform":"","ocean_menu_typo_transform_tablet":"","ocean_menu_typo_transform_mobile":"","ocean_menu_typo_line_height":0,"ocean_menu_typo_line_height_tablet":0,"ocean_menu_typo_line_height_mobile":0,"ocean_menu_typo_line_height_unit":"","ocean_menu_typo_spacing":0,"ocean_menu_typo_spacing_tablet":0,"ocean_menu_typo_spacing_mobile":0,"ocean_menu_typo_spacing_unit":"","ocean_menu_link_color":"","ocean_menu_link_color_hover":"","ocean_menu_link_color_active":"","ocean_menu_link_background":"","ocean_menu_link_hover_background":"","ocean_menu_link_active_background":"","ocean_menu_social_links_bg":"","ocean_menu_social_hover_links_bg":"","ocean_menu_social_links_color":"","ocean_menu_social_hover_links_color":"","ocean_disable_title":"default","ocean_disable_heading":"default","ocean_post_title":"","ocean_post_subheading":"","ocean_post_title_style":"","ocean_post_title_background_color":"","ocean_post_title_background":0,"ocean_post_title_bg_image_position":"","ocean_post_title_bg_image_attachment":"","ocean_post_title_bg_image_repeat":"","ocean_post_title_bg_image_size":"","ocean_post_title_height":0,"ocean_post_title_bg_overlay":0.5,"ocean_post_title_bg_overlay_color":"","ocean_disable_breadcrumbs":"default","ocean_breadcrumbs_color":"","ocean_breadcrumbs_separator_color":"","ocean_breadcrumbs_links_color":"","ocean_breadcrumbs_links_hover_color":"","ocean_display_footer_widgets":"default","ocean_display_footer_bottom":"default","ocean_custom_footer_template":"0","ocean_post_oembed":"","ocean_post_self_hosted_media":"","ocean_post_video_embed":"","ocean_link_format":"","ocean_link_format_target":"self","ocean_quote_format":"","ocean_quote_format_link":"post","ocean_gallery_link_images":"on","ocean_gallery_id":[],"footnotes":""},"categories":[58,75,4],"tags":[],"class_list":["post-4288","post","type-post","status-publish","format-standard","hentry","category-contratos","category-contratos-2026","category-licitacao","entry"],"_links":{"self":[{"href":"https:\/\/vilaflor.rn.gov.br\/transparencia\/wp-json\/wp\/v2\/posts\/4288","targetHints":{"allow":["GET"]}}],"collection":[{"href":"https:\/\/vilaflor.rn.gov.br\/transparencia\/wp-json\/wp\/v2\/posts"}],"about":[{"href":"https:\/\/vilaflor.rn.gov.br\/transparencia\/wp-json\/wp\/v2\/types\/post"}],"author":[{"embeddable":true,"href":"https:\/\/vilaflor.rn.gov.br\/transparencia\/wp-json\/wp\/v2\/users\/1"}],"replies":[{"embeddable":true,"href":"https:\/\/vilaflor.rn.gov.br\/transparencia\/wp-json\/wp\/v2\/comments?post=4288"}],"version-history":[{"count":1,"href":"https:\/\/vilaflor.rn.gov.br\/transparencia\/wp-json\/wp\/v2\/posts\/4288\/revisions"}],"predecessor-version":[{"id":4289,"href":"https:\/\/vilaflor.rn.gov.br\/transparencia\/wp-json\/wp\/v2\/posts\/4288\/revisions\/4289"}],"wp:attachment":[{"href":"https:\/\/vilaflor.rn.gov.br\/transparencia\/wp-json\/wp\/v2\/media?parent=4288"}],"wp:term":[{"taxonomy":"category","embeddable":true,"href":"https:\/\/vilaflor.rn.gov.br\/transparencia\/wp-json\/wp\/v2\/categories?post=4288"},{"taxonomy":"post_tag","embeddable":true,"href":"https:\/\/vilaflor.rn.gov.br\/transparencia\/wp-json\/wp\/v2\/tags?post=4288"}],"curies":[{"name":"wp","href":"https:\/\/api.w.org\/{rel}","templated":true}]}},{"id":4286,"date":"2026-03-03T11:11:44","date_gmt":"2026-03-03T14:11:44","guid":{"rendered":"https:\/\/vilaflor.rn.gov.br\/transparencia\/?p=4286"},"modified":"2026-04-02T11:12:22","modified_gmt":"2026-04-02T14:12:22","slug":"termo-de-adesao-a-ata-de-registro-de-precos-n-055-2025","status":"publish","type":"post","link":"https:\/\/vilaflor.rn.gov.br\/transparencia\/termo-de-adesao-a-ata-de-registro-de-precos-n-055-2025\/","title":{"rendered":"TERMO DE ADES\u00c3O \u00c0 ATA DE REGISTRO DE PRE\u00c7OS N\u00b0 055\/2025"},"content":{"rendered":"<p><strong>ESTADO DO RIO GRANDE DO NORTE<\/strong><br \/>\n<strong>PREFEITURA MUNICIPAL DE VILA FLOR<\/strong><\/p>\n<p>A Prefeita Municipal de Vila Flor\/RN torna p\u00fablico a ades\u00e3o a Ata de Registros de Pre\u00e7os N\u00ba 055\/2025, oriunda do PREG\u00c3O ELETR\u00d4NICO SRP N\u00b0 044\/2025, oriundo Prefeitura Municipal de Ielmo Marinho\/RN, em que foram registrados os pre\u00e7os da empresa\u00a0<strong>G PHARMA HOSPITALAR LTDA\u00a0<\/strong>inscrito no CNPJ\/MF sob o n\u00b0 23.140.975\/0001-10, totalizando o valor global de<strong>\u00a0R$ 131.337,79 (Cento e trinta e um mil, trezentos e trinta e sete reais e setenta e nove centavos)<\/strong><\/p>\n<p>&nbsp;<\/p>\n<p>Cujo objeto \u00e9 o\u00a0<strong>REGISTRO DE PRE\u00c7OS PARA FUTURA E EVENTUAL AQUISI\u00c7\u00c3O DE FORMA PARCELADA DE SUPLEMENTOS NUTRICIONAIS ORAIS OBJETIVANDO ATENDER AS NECESSIDADES DOS USU\u00c1RIOS DA SECRETARIA MUNICIPAL DE SA\u00daDE.<\/strong><\/p>\n<p>&nbsp;<\/p>\n<p><strong>RATIFICA\u00c7\u00c3O<\/strong><\/p>\n<p>&nbsp;<\/p>\n<p>Circunstanciado pelo Parecer da Assessoria Jur\u00eddica, opinando favoravelmente pela ades\u00e3o a Ata de Registros de Pre\u00e7os N\u00ba 055\/2025, oriunda do Preg\u00e3o Eletr\u00f4nico SRP N\u00b0 044\/2025 realizados pela Prefeitura Municipal de Ielmo Marinho\/RN, objetivando a celebra\u00e7\u00e3o de contrato para a aquisi\u00e7\u00e3o de forma parcelada de suplementos nutricionais orais objetivando atender as necessidades dos usu\u00e1rios da Secretaria Municipal de Sa\u00fade, venho\u00a0<strong>RATIFICAR<\/strong>\u00a0a contrata\u00e7\u00e3o com a empresa\u00a0<strong>G PHARMA HOSPITALAR LTDA\u00a0<\/strong>inscrito no CNPJ\/MF sob o n\u00b0 23.140.975\/0001-10, totalizando o valor global de<strong>\u00a0R$ 131.337,79 (Cento e trinta e um mil, trezentos e trinta e sete reais e setenta e nove centavos)<\/strong><\/p>\n<p>&nbsp;<\/p>\n<p>VILA FLOR \/RN, em 02 de mar\u00e7o de 2026.<\/p>\n<p>&nbsp;<\/p>\n<p>&nbsp;<\/p>\n<p><strong><em>THUANNE KARLA CARVALHO DE SOUZA<\/em><\/strong><\/p>\n<p>Prefeita Municipal<\/p>\n<p style=\"text-align: right;\"><strong>Publicado por:<\/strong><br \/>\nGRINALDO JOAQUIM DE SOUZA<br \/>\nSecret\u00e1rio Municipal de Administra\u00e7\u00e3o<br \/>\n<strong>C\u00f3digo Identificador:<\/strong>\u00a0ZIW9N4JAFZ<\/p>\n<div class=\"pdfprnt-buttons pdfprnt-buttons-post pdfprnt-bottom-right\"><a href=\"https:\/\/vilaflor.rn.gov.br\/transparencia\/wp-json\/wp\/v2\/posts?page=2&print=pdf#038;print=print\" class=\"pdfprnt-button pdfprnt-button-pdf\" target=\"_blank\"><img decoding=\"async\" src=\"https:\/\/vilaflor.rn.gov.br\/transparencia\/wp-content\/plugins\/pdf-print\/images\/pdf.png\" alt=\"image_pdf\" title=\"Baixar PDF\" \/><\/a><a href=\"https:\/\/vilaflor.rn.gov.br\/transparencia\/wp-json\/wp\/v2\/posts?page=2&print=print#038;print=print\" class=\"pdfprnt-button pdfprnt-button-print\" target=\"_blank\"><img decoding=\"async\" src=\"https:\/\/vilaflor.rn.gov.br\/transparencia\/wp-content\/plugins\/pdf-print\/images\/print.png\" alt=\"image_print\" title=\"Conte\u00fado de impress\u00e3o\" \/><\/a><\/div>","protected":false},"excerpt":{"rendered":"<p>ESTADO DO RIO GRANDE DO NORTE PREFEITURA MUNICIPAL DE VILA FLOR A Prefeita Municipal de Vila Flor\/RN torna p\u00fablico a ades\u00e3o a Ata de Registros de Pre\u00e7os N\u00ba 055\/2025, oriunda do PREG\u00c3O ELETR\u00d4NICO SRP N\u00b0 044\/2025, oriundo Prefeitura Municipal de Ielmo Marinho\/RN, em que foram registrados os pre\u00e7os da empresa\u00a0G PHARMA HOSPITALAR LTDA\u00a0inscrito no CNPJ\/MF [&hellip;]<\/p>\n","protected":false},"author":1,"featured_media":0,"comment_status":"open","ping_status":"open","sticky":false,"template":"","format":"standard","meta":{"ocean_post_layout":"","ocean_both_sidebars_style":"","ocean_both_sidebars_content_width":0,"ocean_both_sidebars_sidebars_width":0,"ocean_sidebar":"0","ocean_second_sidebar":"0","ocean_disable_margins":"enable","ocean_add_body_class":"","ocean_shortcode_before_top_bar":"","ocean_shortcode_after_top_bar":"","ocean_shortcode_before_header":"","ocean_shortcode_after_header":"","ocean_has_shortcode":"","ocean_shortcode_after_title":"","ocean_shortcode_before_footer_widgets":"","ocean_shortcode_after_footer_widgets":"","ocean_shortcode_before_footer_bottom":"","ocean_shortcode_after_footer_bottom":"","ocean_display_top_bar":"default","ocean_display_header":"default","ocean_header_style":"","ocean_center_header_left_menu":"0","ocean_custom_header_template":"0","ocean_custom_logo":0,"ocean_custom_retina_logo":0,"ocean_custom_logo_max_width":0,"ocean_custom_logo_tablet_max_width":0,"ocean_custom_logo_mobile_max_width":0,"ocean_custom_logo_max_height":0,"ocean_custom_logo_tablet_max_height":0,"ocean_custom_logo_mobile_max_height":0,"ocean_header_custom_menu":"0","ocean_menu_typo_font_family":"0","ocean_menu_typo_font_subset":"","ocean_menu_typo_font_size":0,"ocean_menu_typo_font_size_tablet":0,"ocean_menu_typo_font_size_mobile":0,"ocean_menu_typo_font_size_unit":"px","ocean_menu_typo_font_weight":"","ocean_menu_typo_font_weight_tablet":"","ocean_menu_typo_font_weight_mobile":"","ocean_menu_typo_transform":"","ocean_menu_typo_transform_tablet":"","ocean_menu_typo_transform_mobile":"","ocean_menu_typo_line_height":0,"ocean_menu_typo_line_height_tablet":0,"ocean_menu_typo_line_height_mobile":0,"ocean_menu_typo_line_height_unit":"","ocean_menu_typo_spacing":0,"ocean_menu_typo_spacing_tablet":0,"ocean_menu_typo_spacing_mobile":0,"ocean_menu_typo_spacing_unit":"","ocean_menu_link_color":"","ocean_menu_link_color_hover":"","ocean_menu_link_color_active":"","ocean_menu_link_background":"","ocean_menu_link_hover_background":"","ocean_menu_link_active_background":"","ocean_menu_social_links_bg":"","ocean_menu_social_hover_links_bg":"","ocean_menu_social_links_color":"","ocean_menu_social_hover_links_color":"","ocean_disable_title":"default","ocean_disable_heading":"default","ocean_post_title":"","ocean_post_subheading":"","ocean_post_title_style":"","ocean_post_title_background_color":"","ocean_post_title_background":0,"ocean_post_title_bg_image_position":"","ocean_post_title_bg_image_attachment":"","ocean_post_title_bg_image_repeat":"","ocean_post_title_bg_image_size":"","ocean_post_title_height":0,"ocean_post_title_bg_overlay":0.5,"ocean_post_title_bg_overlay_color":"","ocean_disable_breadcrumbs":"default","ocean_breadcrumbs_color":"","ocean_breadcrumbs_separator_color":"","ocean_breadcrumbs_links_color":"","ocean_breadcrumbs_links_hover_color":"","ocean_display_footer_widgets":"default","ocean_display_footer_bottom":"default","ocean_custom_footer_template":"0","ocean_post_oembed":"","ocean_post_self_hosted_media":"","ocean_post_video_embed":"","ocean_link_format":"","ocean_link_format_target":"self","ocean_quote_format":"","ocean_quote_format_link":"post","ocean_gallery_link_images":"on","ocean_gallery_id":[],"footnotes":""},"categories":[53,79,4],"tags":[],"class_list":["post-4286","post","type-post","status-publish","format-standard","hentry","category-atas","category-atas-de-adesao-2026","category-licitacao","entry"],"_links":{"self":[{"href":"https:\/\/vilaflor.rn.gov.br\/transparencia\/wp-json\/wp\/v2\/posts\/4286","targetHints":{"allow":["GET"]}}],"collection":[{"href":"https:\/\/vilaflor.rn.gov.br\/transparencia\/wp-json\/wp\/v2\/posts"}],"about":[{"href":"https:\/\/vilaflor.rn.gov.br\/transparencia\/wp-json\/wp\/v2\/types\/post"}],"author":[{"embeddable":true,"href":"https:\/\/vilaflor.rn.gov.br\/transparencia\/wp-json\/wp\/v2\/users\/1"}],"replies":[{"embeddable":true,"href":"https:\/\/vilaflor.rn.gov.br\/transparencia\/wp-json\/wp\/v2\/comments?post=4286"}],"version-history":[{"count":1,"href":"https:\/\/vilaflor.rn.gov.br\/transparencia\/wp-json\/wp\/v2\/posts\/4286\/revisions"}],"predecessor-version":[{"id":4287,"href":"https:\/\/vilaflor.rn.gov.br\/transparencia\/wp-json\/wp\/v2\/posts\/4286\/revisions\/4287"}],"wp:attachment":[{"href":"https:\/\/vilaflor.rn.gov.br\/transparencia\/wp-json\/wp\/v2\/media?parent=4286"}],"wp:term":[{"taxonomy":"category","embeddable":true,"href":"https:\/\/vilaflor.rn.gov.br\/transparencia\/wp-json\/wp\/v2\/categories?post=4286"},{"taxonomy":"post_tag","embeddable":true,"href":"https:\/\/vilaflor.rn.gov.br\/transparencia\/wp-json\/wp\/v2\/tags?post=4286"}],"curies":[{"name":"wp","href":"https:\/\/api.w.org\/{rel}","templated":true}]}},{"id":4284,"date":"2026-03-03T11:10:52","date_gmt":"2026-03-03T14:10:52","guid":{"rendered":"https:\/\/vilaflor.rn.gov.br\/transparencia\/?p=4284"},"modified":"2026-04-02T11:11:30","modified_gmt":"2026-04-02T14:11:30","slug":"extrato-de-contrato-n-018-2026-adesao-a-ata-de-registros-de-precos-n-050-2025","status":"publish","type":"post","link":"https:\/\/vilaflor.rn.gov.br\/transparencia\/extrato-de-contrato-n-018-2026-adesao-a-ata-de-registros-de-precos-n-050-2025\/","title":{"rendered":"EXTRATO DE CONTRATO N\u00b0 018\/2026 ADES\u00c3O A ATA DE REGISTROS DE PRE\u00c7OS N\u00b0 050\/2025"},"content":{"rendered":"<p><strong>ESTADO DO RIO GRANDE DO NORTE<\/strong><br \/>\n<strong>PREFEITURA MUNICIPAL DE VILA FLOR<\/strong><\/p>\n<p>CONTRATO N\u00ba\u2026\u2026\u2026..: 018\/2026<\/p>\n<p>ORIGEM\u2026\u2026\u2026\u2026\u2026\u2026\u2026: ADESAO N\u00b0 003\/2026<\/p>\n<p>CONTRATANTE\u2026\u2026..: PREFEITURA MUNICIPAL DE VILA FLOR<\/p>\n<p>CONTRATADA(O)\u2026..: BCS AUTO CENTER LTDA<\/p>\n<p>OBJETO\u2026\u2026\u2026\u2026\u2026\u2026\u2026.: REGISTRO DE PRE\u00c7O PARA CONTRATA\u00c7\u00c3O DE EMPRESA ESPECIALIZADA PARA A PRESTA\u00c7\u00c3O DE SERVI\u00c7OS CONTINUADOS DE MANUTEN\u00c7\u00c3O PREVENTIVA E CORRETIVA DA FROTA VEICULAR DO MUNIC\u00cdPIO, INCLUINDO FORNECIMENTO DE PE\u00c7AS E ACESS\u00d3RIOS NOVOS, ORIGINAIS OU SIMILARES DE PRIMEIRA LINHA, DE FORMA A GARANTIR A CONTINUIDADE DOS SERVI\u00c7OS P\u00daBLICOS ESSENCIAIS<\/p>\n<p>VALOR TOTAL\u2026\u2026\u2026\u2026\u2026.: R$ 750.010,00 (Setecentos e cinquenta mil reais e dez centavos)<\/p>\n<p>VIG\u00caNCIA\u2026\u2026\u2026\u2026\u2026\u2026.: 02 de mar\u00e7o de 2026 a 01 de mar\u00e7o de 2027<\/p>\n<p>DATA DA ASSINATURA\u2026\u2026\u2026: 02 de mar\u00e7o de 2026<\/p>\n<p style=\"text-align: right;\"><strong>Publicado por:<\/strong><br \/>\nGRINALDO JOAQUIM DE SOUZA<br \/>\nSecret\u00e1rio Municipal de Administra\u00e7\u00e3o<br \/>\n<strong>C\u00f3digo Identificador:<\/strong>\u00a082F2G4Y3PE<\/p>\n<div class=\"pdfprnt-buttons pdfprnt-buttons-post pdfprnt-bottom-right\"><a href=\"https:\/\/vilaflor.rn.gov.br\/transparencia\/wp-json\/wp\/v2\/posts?page=2&print=pdf#038;print=print\" class=\"pdfprnt-button pdfprnt-button-pdf\" target=\"_blank\"><img decoding=\"async\" src=\"https:\/\/vilaflor.rn.gov.br\/transparencia\/wp-content\/plugins\/pdf-print\/images\/pdf.png\" alt=\"image_pdf\" title=\"Baixar PDF\" \/><\/a><a href=\"https:\/\/vilaflor.rn.gov.br\/transparencia\/wp-json\/wp\/v2\/posts?page=2&print=print#038;print=print\" class=\"pdfprnt-button pdfprnt-button-print\" target=\"_blank\"><img decoding=\"async\" src=\"https:\/\/vilaflor.rn.gov.br\/transparencia\/wp-content\/plugins\/pdf-print\/images\/print.png\" alt=\"image_print\" title=\"Conte\u00fado de impress\u00e3o\" \/><\/a><\/div>","protected":false},"excerpt":{"rendered":"<p>ESTADO DO RIO GRANDE DO NORTE PREFEITURA MUNICIPAL DE VILA FLOR CONTRATO N\u00ba\u2026\u2026\u2026..: 018\/2026 ORIGEM\u2026\u2026\u2026\u2026\u2026\u2026\u2026: ADESAO N\u00b0 003\/2026 CONTRATANTE\u2026\u2026..: PREFEITURA MUNICIPAL DE VILA FLOR CONTRATADA(O)\u2026..: BCS AUTO CENTER LTDA OBJETO\u2026\u2026\u2026\u2026\u2026\u2026\u2026.: REGISTRO DE PRE\u00c7O PARA CONTRATA\u00c7\u00c3O DE EMPRESA ESPECIALIZADA PARA A PRESTA\u00c7\u00c3O DE SERVI\u00c7OS CONTINUADOS DE MANUTEN\u00c7\u00c3O PREVENTIVA E CORRETIVA DA FROTA VEICULAR DO MUNIC\u00cdPIO, INCLUINDO [&hellip;]<\/p>\n","protected":false},"author":1,"featured_media":0,"comment_status":"open","ping_status":"open","sticky":false,"template":"","format":"standard","meta":{"ocean_post_layout":"","ocean_both_sidebars_style":"","ocean_both_sidebars_content_width":0,"ocean_both_sidebars_sidebars_width":0,"ocean_sidebar":"0","ocean_second_sidebar":"0","ocean_disable_margins":"enable","ocean_add_body_class":"","ocean_shortcode_before_top_bar":"","ocean_shortcode_after_top_bar":"","ocean_shortcode_before_header":"","ocean_shortcode_after_header":"","ocean_has_shortcode":"","ocean_shortcode_after_title":"","ocean_shortcode_before_footer_widgets":"","ocean_shortcode_after_footer_widgets":"","ocean_shortcode_before_footer_bottom":"","ocean_shortcode_after_footer_bottom":"","ocean_display_top_bar":"default","ocean_display_header":"default","ocean_header_style":"","ocean_center_header_left_menu":"0","ocean_custom_header_template":"0","ocean_custom_logo":0,"ocean_custom_retina_logo":0,"ocean_custom_logo_max_width":0,"ocean_custom_logo_tablet_max_width":0,"ocean_custom_logo_mobile_max_width":0,"ocean_custom_logo_max_height":0,"ocean_custom_logo_tablet_max_height":0,"ocean_custom_logo_mobile_max_height":0,"ocean_header_custom_menu":"0","ocean_menu_typo_font_family":"0","ocean_menu_typo_font_subset":"","ocean_menu_typo_font_size":0,"ocean_menu_typo_font_size_tablet":0,"ocean_menu_typo_font_size_mobile":0,"ocean_menu_typo_font_size_unit":"px","ocean_menu_typo_font_weight":"","ocean_menu_typo_font_weight_tablet":"","ocean_menu_typo_font_weight_mobile":"","ocean_menu_typo_transform":"","ocean_menu_typo_transform_tablet":"","ocean_menu_typo_transform_mobile":"","ocean_menu_typo_line_height":0,"ocean_menu_typo_line_height_tablet":0,"ocean_menu_typo_line_height_mobile":0,"ocean_menu_typo_line_height_unit":"","ocean_menu_typo_spacing":0,"ocean_menu_typo_spacing_tablet":0,"ocean_menu_typo_spacing_mobile":0,"ocean_menu_typo_spacing_unit":"","ocean_menu_link_color":"","ocean_menu_link_color_hover":"","ocean_menu_link_color_active":"","ocean_menu_link_background":"","ocean_menu_link_hover_background":"","ocean_menu_link_active_background":"","ocean_menu_social_links_bg":"","ocean_menu_social_hover_links_bg":"","ocean_menu_social_links_color":"","ocean_menu_social_hover_links_color":"","ocean_disable_title":"default","ocean_disable_heading":"default","ocean_post_title":"","ocean_post_subheading":"","ocean_post_title_style":"","ocean_post_title_background_color":"","ocean_post_title_background":0,"ocean_post_title_bg_image_position":"","ocean_post_title_bg_image_attachment":"","ocean_post_title_bg_image_repeat":"","ocean_post_title_bg_image_size":"","ocean_post_title_height":0,"ocean_post_title_bg_overlay":0.5,"ocean_post_title_bg_overlay_color":"","ocean_disable_breadcrumbs":"default","ocean_breadcrumbs_color":"","ocean_breadcrumbs_separator_color":"","ocean_breadcrumbs_links_color":"","ocean_breadcrumbs_links_hover_color":"","ocean_display_footer_widgets":"default","ocean_display_footer_bottom":"default","ocean_custom_footer_template":"0","ocean_post_oembed":"","ocean_post_self_hosted_media":"","ocean_post_video_embed":"","ocean_link_format":"","ocean_link_format_target":"self","ocean_quote_format":"","ocean_quote_format_link":"post","ocean_gallery_link_images":"on","ocean_gallery_id":[],"footnotes":""},"categories":[58,75,4],"tags":[],"class_list":["post-4284","post","type-post","status-publish","format-standard","hentry","category-contratos","category-contratos-2026","category-licitacao","entry"],"_links":{"self":[{"href":"https:\/\/vilaflor.rn.gov.br\/transparencia\/wp-json\/wp\/v2\/posts\/4284","targetHints":{"allow":["GET"]}}],"collection":[{"href":"https:\/\/vilaflor.rn.gov.br\/transparencia\/wp-json\/wp\/v2\/posts"}],"about":[{"href":"https:\/\/vilaflor.rn.gov.br\/transparencia\/wp-json\/wp\/v2\/types\/post"}],"author":[{"embeddable":true,"href":"https:\/\/vilaflor.rn.gov.br\/transparencia\/wp-json\/wp\/v2\/users\/1"}],"replies":[{"embeddable":true,"href":"https:\/\/vilaflor.rn.gov.br\/transparencia\/wp-json\/wp\/v2\/comments?post=4284"}],"version-history":[{"count":1,"href":"https:\/\/vilaflor.rn.gov.br\/transparencia\/wp-json\/wp\/v2\/posts\/4284\/revisions"}],"predecessor-version":[{"id":4285,"href":"https:\/\/vilaflor.rn.gov.br\/transparencia\/wp-json\/wp\/v2\/posts\/4284\/revisions\/4285"}],"wp:attachment":[{"href":"https:\/\/vilaflor.rn.gov.br\/transparencia\/wp-json\/wp\/v2\/media?parent=4284"}],"wp:term":[{"taxonomy":"category","embeddable":true,"href":"https:\/\/vilaflor.rn.gov.br\/transparencia\/wp-json\/wp\/v2\/categories?post=4284"},{"taxonomy":"post_tag","embeddable":true,"href":"https:\/\/vilaflor.rn.gov.br\/transparencia\/wp-json\/wp\/v2\/tags?post=4284"}],"curies":[{"name":"wp","href":"https:\/\/api.w.org\/{rel}","templated":true}]}},{"id":4282,"date":"2026-03-03T11:10:02","date_gmt":"2026-03-03T14:10:02","guid":{"rendered":"https:\/\/vilaflor.rn.gov.br\/transparencia\/?p=4282"},"modified":"2026-04-02T11:10:41","modified_gmt":"2026-04-02T14:10:41","slug":"termo-de-adesao-a-ata-de-registro-de-precos-oriunda-do-pregao-eletronico-srp-n-038-2025","status":"publish","type":"post","link":"https:\/\/vilaflor.rn.gov.br\/transparencia\/termo-de-adesao-a-ata-de-registro-de-precos-oriunda-do-pregao-eletronico-srp-n-038-2025\/","title":{"rendered":"TERMO DE ADES\u00c3O \u00c0 ATA DE REGISTRO DE PRE\u00c7OS ORIUNDA DO PREG\u00c3O ELETR\u00d4NICO SRP N\u00b0 038\/2025"},"content":{"rendered":"<p><strong>ESTADO DO RIO GRANDE DO NORTE<\/strong><br \/>\n<strong>PREFEITURA MUNICIPAL DE VILA FLOR<\/strong><\/p>\n<p>A Prefeita do Munic\u00edpio de Vila Flor\/RN torna p\u00fablico a ades\u00e3o a ATA DE REGISTROS DE PRE\u00c7OS N\u00b0 050\/2025, PREG\u00c3O ELETR\u00d4NICO SRP N\u00b0 038\/2025, oriundo Prefeitura Municipal de Ielmo Marinho\/RN, em que foram registrados os pre\u00e7os da empresa\u00a0<strong>BCS AUTO CENTER LTDA\u00a0<\/strong>inscrito no CNPJ\/MF sob o n\u00b0 49.259.452\/0001-81, totalizando o valor global de\u00a0<strong>R$ 750.010,00 (Setecentos e cinquenta mil reais e dez centavos)<\/strong><\/p>\n<p>&nbsp;<\/p>\n<p>Cujo objeto \u00e9 o REGISTRO DE PRE\u00c7O PARA CONTRATA\u00c7\u00c3O DE EMPRESA ESPECIALIZADA PARA A PRESTA\u00c7\u00c3O DE SERVI\u00c7OS CONTINUADOS DE MANUTEN\u00c7\u00c3O PREVENTIVA E CORRETIVA DA FROTA VEICULAR DO MUNIC\u00cdPIO, INCLUINDO FORNECIMENTO DE PE\u00c7AS E ACESS\u00d3RIOS NOVOS, ORIGINAIS OU SIMILARES DE PRIMEIRA LINHA, DE FORMA A GARANTIR A CONTINUIDADE DOS SERVI\u00c7OS P\u00daBLICOS ESSENCIAIS<\/p>\n<p>&nbsp;<\/p>\n<p><strong>RATIFICA\u00c7\u00c3O<\/strong><\/p>\n<p>&nbsp;<\/p>\n<p>Circunstanciado pelo Parecer da Assessoria Jur\u00eddica, opinando favoravelmente pela ades\u00e3o a ATA DE REGISTROS DE PRE\u00c7OS N\u00b0 050\/2025 oriunda do PREG\u00c3O ELETR\u00d4NICO SRP N\u00b0 038\/2025, oriundo Prefeitura Municipal de Ielmo Marinho\/RN, objetivando a celebra\u00e7\u00e3o de contrato para o registro de pre\u00e7o para contrata\u00e7\u00e3o de empresa especializada para a presta\u00e7\u00e3o de servi\u00e7os continuados de manuten\u00e7\u00e3o preventiva e corretiva da frota veicular do munic\u00edpio, incluindo fornecimento de pe\u00e7as e acess\u00f3rios novos, originais ou similares de primeira linha, de forma a garantir a continuidade dos servi\u00e7os p\u00fablicos essenciais, venho RATIFICAR a contrata\u00e7\u00e3o com a empresa\u00a0<strong>BCS AUTO CENTER LTDA<\/strong>\u00a0inscrito no CNPJ\/MF sob o n\u00b0 49.259.452\/0001-81, totalizando o valor global de\u00a0<strong>R$ 750.010,00 (Setecentos e cinquenta mil reais e dez centavos)<\/strong><\/p>\n<p>&nbsp;<\/p>\n<p>VILA FLOR \/RN, em 02 de mar\u00e7o de 2026.<\/p>\n<p>&nbsp;<\/p>\n<p>&nbsp;<\/p>\n<p><strong><em>THUANNE KARLA CARVALHO DE SOUZA<\/em><\/strong><\/p>\n<p>Prefeita Municipal<\/p>\n<p style=\"text-align: right;\"><strong>Publicado por:<\/strong><br \/>\nGRINALDO JOAQUIM DE SOUZA<br \/>\nSecret\u00e1rio Municipal de Administra\u00e7\u00e3o<br \/>\n<strong>C\u00f3digo Identificador:<\/strong>\u00a07HMLUY2E5Z<\/p>\n<div class=\"pdfprnt-buttons pdfprnt-buttons-post pdfprnt-bottom-right\"><a href=\"https:\/\/vilaflor.rn.gov.br\/transparencia\/wp-json\/wp\/v2\/posts?page=2&print=pdf#038;print=print\" class=\"pdfprnt-button pdfprnt-button-pdf\" target=\"_blank\"><img decoding=\"async\" src=\"https:\/\/vilaflor.rn.gov.br\/transparencia\/wp-content\/plugins\/pdf-print\/images\/pdf.png\" alt=\"image_pdf\" title=\"Baixar PDF\" \/><\/a><a href=\"https:\/\/vilaflor.rn.gov.br\/transparencia\/wp-json\/wp\/v2\/posts?page=2&print=print#038;print=print\" class=\"pdfprnt-button pdfprnt-button-print\" target=\"_blank\"><img decoding=\"async\" src=\"https:\/\/vilaflor.rn.gov.br\/transparencia\/wp-content\/plugins\/pdf-print\/images\/print.png\" alt=\"image_print\" title=\"Conte\u00fado de impress\u00e3o\" \/><\/a><\/div>","protected":false},"excerpt":{"rendered":"<p>ESTADO DO RIO GRANDE DO NORTE PREFEITURA MUNICIPAL DE VILA FLOR A Prefeita do Munic\u00edpio de Vila Flor\/RN torna p\u00fablico a ades\u00e3o a ATA DE REGISTROS DE PRE\u00c7OS N\u00b0 050\/2025, PREG\u00c3O ELETR\u00d4NICO SRP N\u00b0 038\/2025, oriundo Prefeitura Municipal de Ielmo Marinho\/RN, em que foram registrados os pre\u00e7os da empresa\u00a0BCS AUTO CENTER LTDA\u00a0inscrito no CNPJ\/MF sob [&hellip;]<\/p>\n","protected":false},"author":1,"featured_media":0,"comment_status":"open","ping_status":"open","sticky":false,"template":"","format":"standard","meta":{"ocean_post_layout":"","ocean_both_sidebars_style":"","ocean_both_sidebars_content_width":0,"ocean_both_sidebars_sidebars_width":0,"ocean_sidebar":"0","ocean_second_sidebar":"0","ocean_disable_margins":"enable","ocean_add_body_class":"","ocean_shortcode_before_top_bar":"","ocean_shortcode_after_top_bar":"","ocean_shortcode_before_header":"","ocean_shortcode_after_header":"","ocean_has_shortcode":"","ocean_shortcode_after_title":"","ocean_shortcode_before_footer_widgets":"","ocean_shortcode_after_footer_widgets":"","ocean_shortcode_before_footer_bottom":"","ocean_shortcode_after_footer_bottom":"","ocean_display_top_bar":"default","ocean_display_header":"default","ocean_header_style":"","ocean_center_header_left_menu":"0","ocean_custom_header_template":"0","ocean_custom_logo":0,"ocean_custom_retina_logo":0,"ocean_custom_logo_max_width":0,"ocean_custom_logo_tablet_max_width":0,"ocean_custom_logo_mobile_max_width":0,"ocean_custom_logo_max_height":0,"ocean_custom_logo_tablet_max_height":0,"ocean_custom_logo_mobile_max_height":0,"ocean_header_custom_menu":"0","ocean_menu_typo_font_family":"0","ocean_menu_typo_font_subset":"","ocean_menu_typo_font_size":0,"ocean_menu_typo_font_size_tablet":0,"ocean_menu_typo_font_size_mobile":0,"ocean_menu_typo_font_size_unit":"px","ocean_menu_typo_font_weight":"","ocean_menu_typo_font_weight_tablet":"","ocean_menu_typo_font_weight_mobile":"","ocean_menu_typo_transform":"","ocean_menu_typo_transform_tablet":"","ocean_menu_typo_transform_mobile":"","ocean_menu_typo_line_height":0,"ocean_menu_typo_line_height_tablet":0,"ocean_menu_typo_line_height_mobile":0,"ocean_menu_typo_line_height_unit":"","ocean_menu_typo_spacing":0,"ocean_menu_typo_spacing_tablet":0,"ocean_menu_typo_spacing_mobile":0,"ocean_menu_typo_spacing_unit":"","ocean_menu_link_color":"","ocean_menu_link_color_hover":"","ocean_menu_link_color_active":"","ocean_menu_link_background":"","ocean_menu_link_hover_background":"","ocean_menu_link_active_background":"","ocean_menu_social_links_bg":"","ocean_menu_social_hover_links_bg":"","ocean_menu_social_links_color":"","ocean_menu_social_hover_links_color":"","ocean_disable_title":"default","ocean_disable_heading":"default","ocean_post_title":"","ocean_post_subheading":"","ocean_post_title_style":"","ocean_post_title_background_color":"","ocean_post_title_background":0,"ocean_post_title_bg_image_position":"","ocean_post_title_bg_image_attachment":"","ocean_post_title_bg_image_repeat":"","ocean_post_title_bg_image_size":"","ocean_post_title_height":0,"ocean_post_title_bg_overlay":0.5,"ocean_post_title_bg_overlay_color":"","ocean_disable_breadcrumbs":"default","ocean_breadcrumbs_color":"","ocean_breadcrumbs_separator_color":"","ocean_breadcrumbs_links_color":"","ocean_breadcrumbs_links_hover_color":"","ocean_display_footer_widgets":"default","ocean_display_footer_bottom":"default","ocean_custom_footer_template":"0","ocean_post_oembed":"","ocean_post_self_hosted_media":"","ocean_post_video_embed":"","ocean_link_format":"","ocean_link_format_target":"self","ocean_quote_format":"","ocean_quote_format_link":"post","ocean_gallery_link_images":"on","ocean_gallery_id":[],"footnotes":""},"categories":[53,79,4],"tags":[],"class_list":["post-4282","post","type-post","status-publish","format-standard","hentry","category-atas","category-atas-de-adesao-2026","category-licitacao","entry"],"_links":{"self":[{"href":"https:\/\/vilaflor.rn.gov.br\/transparencia\/wp-json\/wp\/v2\/posts\/4282","targetHints":{"allow":["GET"]}}],"collection":[{"href":"https:\/\/vilaflor.rn.gov.br\/transparencia\/wp-json\/wp\/v2\/posts"}],"about":[{"href":"https:\/\/vilaflor.rn.gov.br\/transparencia\/wp-json\/wp\/v2\/types\/post"}],"author":[{"embeddable":true,"href":"https:\/\/vilaflor.rn.gov.br\/transparencia\/wp-json\/wp\/v2\/users\/1"}],"replies":[{"embeddable":true,"href":"https:\/\/vilaflor.rn.gov.br\/transparencia\/wp-json\/wp\/v2\/comments?post=4282"}],"version-history":[{"count":1,"href":"https:\/\/vilaflor.rn.gov.br\/transparencia\/wp-json\/wp\/v2\/posts\/4282\/revisions"}],"predecessor-version":[{"id":4283,"href":"https:\/\/vilaflor.rn.gov.br\/transparencia\/wp-json\/wp\/v2\/posts\/4282\/revisions\/4283"}],"wp:attachment":[{"href":"https:\/\/vilaflor.rn.gov.br\/transparencia\/wp-json\/wp\/v2\/media?parent=4282"}],"wp:term":[{"taxonomy":"category","embeddable":true,"href":"https:\/\/vilaflor.rn.gov.br\/transparencia\/wp-json\/wp\/v2\/categories?post=4282"},{"taxonomy":"post_tag","embeddable":true,"href":"https:\/\/vilaflor.rn.gov.br\/transparencia\/wp-json\/wp\/v2\/tags?post=4282"}],"curies":[{"name":"wp","href":"https:\/\/api.w.org\/{rel}","templated":true}]}},{"id":4280,"date":"2026-02-27T11:09:18","date_gmt":"2026-02-27T14:09:18","guid":{"rendered":"https:\/\/vilaflor.rn.gov.br\/transparencia\/?p=4280"},"modified":"2026-04-02T11:09:53","modified_gmt":"2026-04-02T14:09:53","slug":"aviso-de-licitacao-pregao-eletronico-srp-no-005-2026","status":"publish","type":"post","link":"https:\/\/vilaflor.rn.gov.br\/transparencia\/aviso-de-licitacao-pregao-eletronico-srp-no-005-2026\/","title":{"rendered":"AVISO DE LICITA\u00c7\u00c3O PREG\u00c3O ELETR\u00d4NICO SRP N\u00ba 005\/2026"},"content":{"rendered":"<p><strong>ESTADO DO RIO GRANDE DO NORTE<\/strong><br \/>\n<strong>PREFEITURA MUNICIPAL DE VILA FLOR<\/strong><\/p>\n<p>O Munic\u00edpio de Vila Flor\/RN, por interm\u00e9dio de seu Pregoeiro, torna p\u00fablico que \u00e0s\u00a0<strong>09h00min<\/strong>\u00a0do dia\u00a0<strong>16 de mar\u00e7o de 2026<\/strong>, far\u00e1 realizar licita\u00e7\u00e3o na modalidade\u00a0<strong>Preg\u00e3o Eletr\u00f4nico para Registro de Pre\u00e7os n\u00ba 005\/2026<\/strong>, tipo menor pre\u00e7o\u00a0<strong>POR LOTE<\/strong>, objetivando o\u00a0<strong>REGISTRO DE PRE\u00c7OS PARA FUTURA E EVENTUAL AQUISI\u00c7\u00c3O DE MATERIAL DE INFORM\u00c1TICA E PERIF\u00c9RICOS, VISANDO ATENDER AS NECESSIDADES DA PREFEITURA MUNICIPAL DE VILA FLOR\/RN \u00a0<\/strong>O procedimento licitat\u00f3rio obedecer\u00e1 ao disposto na Lei Federal n\u00ba 14.133\/21 de 1 de abril de 2021, e suas altera\u00e7\u00f5es posteriores que lhe foram introduzidas. O Edital e seus anexos encontram-se \u00e0 disposi\u00e7\u00e3o dos interessados, no site: www.portaldecompraspublicas.com.br ou atrav\u00e9s do e-mail:\u00a0<strong>pmvflicitacoes2021@gmail.com<\/strong>\u00a0ou ainda na sala da Comiss\u00e3o de Licita\u00e7\u00e3o situada na Rua Jos\u00e9 Calazans, 169, Centro, Vila Flor\/RN, CEP 59.192-000, a partir da publica\u00e7\u00e3o deste aviso, no hor\u00e1rio de expediente de 08h:00min \u00e0s 14h:00min, exceto feriados e ponto facultativo.<\/p>\n<p>&nbsp;<\/p>\n<p>&nbsp;<\/p>\n<p>Vila Flor\/RN, em 26 de fevereiro de 2026<\/p>\n<p>&nbsp;<\/p>\n<p>&nbsp;<\/p>\n<p>&nbsp;<\/p>\n<p>KEDSON JOSE DE LIMA.<\/p>\n<p>Pregoeiro Municipal<\/p>\n<p style=\"text-align: right;\"><strong>Publicado por:<\/strong><br \/>\nGRINALDO JOAQUIM DE SOUZA<br \/>\nSecret\u00e1rio Municipal de Administra\u00e7\u00e3o<br \/>\n<strong>C\u00f3digo Identificador:<\/strong>\u00a0794EAWU2UD<\/p>\n<div class=\"pdfprnt-buttons pdfprnt-buttons-post pdfprnt-bottom-right\"><a href=\"https:\/\/vilaflor.rn.gov.br\/transparencia\/wp-json\/wp\/v2\/posts?page=2&print=pdf#038;print=print\" class=\"pdfprnt-button pdfprnt-button-pdf\" target=\"_blank\"><img decoding=\"async\" src=\"https:\/\/vilaflor.rn.gov.br\/transparencia\/wp-content\/plugins\/pdf-print\/images\/pdf.png\" alt=\"image_pdf\" title=\"Baixar PDF\" \/><\/a><a href=\"https:\/\/vilaflor.rn.gov.br\/transparencia\/wp-json\/wp\/v2\/posts?page=2&print=print#038;print=print\" class=\"pdfprnt-button pdfprnt-button-print\" target=\"_blank\"><img decoding=\"async\" src=\"https:\/\/vilaflor.rn.gov.br\/transparencia\/wp-content\/plugins\/pdf-print\/images\/print.png\" alt=\"image_print\" title=\"Conte\u00fado de impress\u00e3o\" \/><\/a><\/div>","protected":false},"excerpt":{"rendered":"<p>ESTADO DO RIO GRANDE DO NORTE PREFEITURA MUNICIPAL DE VILA FLOR O Munic\u00edpio de Vila Flor\/RN, por interm\u00e9dio de seu Pregoeiro, torna p\u00fablico que \u00e0s\u00a009h00min\u00a0do dia\u00a016 de mar\u00e7o de 2026, far\u00e1 realizar licita\u00e7\u00e3o na modalidade\u00a0Preg\u00e3o Eletr\u00f4nico para Registro de Pre\u00e7os n\u00ba 005\/2026, tipo menor pre\u00e7o\u00a0POR LOTE, objetivando o\u00a0REGISTRO DE PRE\u00c7OS PARA FUTURA E EVENTUAL AQUISI\u00c7\u00c3O [&hellip;]<\/p>\n","protected":false},"author":1,"featured_media":0,"comment_status":"open","ping_status":"open","sticky":false,"template":"","format":"standard","meta":{"ocean_post_layout":"","ocean_both_sidebars_style":"","ocean_both_sidebars_content_width":0,"ocean_both_sidebars_sidebars_width":0,"ocean_sidebar":"0","ocean_second_sidebar":"0","ocean_disable_margins":"enable","ocean_add_body_class":"","ocean_shortcode_before_top_bar":"","ocean_shortcode_after_top_bar":"","ocean_shortcode_before_header":"","ocean_shortcode_after_header":"","ocean_has_shortcode":"","ocean_shortcode_after_title":"","ocean_shortcode_before_footer_widgets":"","ocean_shortcode_after_footer_widgets":"","ocean_shortcode_before_footer_bottom":"","ocean_shortcode_after_footer_bottom":"","ocean_display_top_bar":"default","ocean_display_header":"default","ocean_header_style":"","ocean_center_header_left_menu":"0","ocean_custom_header_template":"0","ocean_custom_logo":0,"ocean_custom_retina_logo":0,"ocean_custom_logo_max_width":0,"ocean_custom_logo_tablet_max_width":0,"ocean_custom_logo_mobile_max_width":0,"ocean_custom_logo_max_height":0,"ocean_custom_logo_tablet_max_height":0,"ocean_custom_logo_mobile_max_height":0,"ocean_header_custom_menu":"0","ocean_menu_typo_font_family":"0","ocean_menu_typo_font_subset":"","ocean_menu_typo_font_size":0,"ocean_menu_typo_font_size_tablet":0,"ocean_menu_typo_font_size_mobile":0,"ocean_menu_typo_font_size_unit":"px","ocean_menu_typo_font_weight":"","ocean_menu_typo_font_weight_tablet":"","ocean_menu_typo_font_weight_mobile":"","ocean_menu_typo_transform":"","ocean_menu_typo_transform_tablet":"","ocean_menu_typo_transform_mobile":"","ocean_menu_typo_line_height":0,"ocean_menu_typo_line_height_tablet":0,"ocean_menu_typo_line_height_mobile":0,"ocean_menu_typo_line_height_unit":"","ocean_menu_typo_spacing":0,"ocean_menu_typo_spacing_tablet":0,"ocean_menu_typo_spacing_mobile":0,"ocean_menu_typo_spacing_unit":"","ocean_menu_link_color":"","ocean_menu_link_color_hover":"","ocean_menu_link_color_active":"","ocean_menu_link_background":"","ocean_menu_link_hover_background":"","ocean_menu_link_active_background":"","ocean_menu_social_links_bg":"","ocean_menu_social_hover_links_bg":"","ocean_menu_social_links_color":"","ocean_menu_social_hover_links_color":"","ocean_disable_title":"default","ocean_disable_heading":"default","ocean_post_title":"","ocean_post_subheading":"","ocean_post_title_style":"","ocean_post_title_background_color":"","ocean_post_title_background":0,"ocean_post_title_bg_image_position":"","ocean_post_title_bg_image_attachment":"","ocean_post_title_bg_image_repeat":"","ocean_post_title_bg_image_size":"","ocean_post_title_height":0,"ocean_post_title_bg_overlay":0.5,"ocean_post_title_bg_overlay_color":"","ocean_disable_breadcrumbs":"default","ocean_breadcrumbs_color":"","ocean_breadcrumbs_separator_color":"","ocean_breadcrumbs_links_color":"","ocean_breadcrumbs_links_hover_color":"","ocean_display_footer_widgets":"default","ocean_display_footer_bottom":"default","ocean_custom_footer_template":"0","ocean_post_oembed":"","ocean_post_self_hosted_media":"","ocean_post_video_embed":"","ocean_link_format":"","ocean_link_format_target":"self","ocean_quote_format":"","ocean_quote_format_link":"post","ocean_gallery_link_images":"on","ocean_gallery_id":[],"footnotes":""},"categories":[5,4],"tags":[],"class_list":["post-4280","post","type-post","status-publish","format-standard","hentry","category-aviso-de-licitacao","category-licitacao","entry"],"_links":{"self":[{"href":"https:\/\/vilaflor.rn.gov.br\/transparencia\/wp-json\/wp\/v2\/posts\/4280","targetHints":{"allow":["GET"]}}],"collection":[{"href":"https:\/\/vilaflor.rn.gov.br\/transparencia\/wp-json\/wp\/v2\/posts"}],"about":[{"href":"https:\/\/vilaflor.rn.gov.br\/transparencia\/wp-json\/wp\/v2\/types\/post"}],"author":[{"embeddable":true,"href":"https:\/\/vilaflor.rn.gov.br\/transparencia\/wp-json\/wp\/v2\/users\/1"}],"replies":[{"embeddable":true,"href":"https:\/\/vilaflor.rn.gov.br\/transparencia\/wp-json\/wp\/v2\/comments?post=4280"}],"version-history":[{"count":1,"href":"https:\/\/vilaflor.rn.gov.br\/transparencia\/wp-json\/wp\/v2\/posts\/4280\/revisions"}],"predecessor-version":[{"id":4281,"href":"https:\/\/vilaflor.rn.gov.br\/transparencia\/wp-json\/wp\/v2\/posts\/4280\/revisions\/4281"}],"wp:attachment":[{"href":"https:\/\/vilaflor.rn.gov.br\/transparencia\/wp-json\/wp\/v2\/media?parent=4280"}],"wp:term":[{"taxonomy":"category","embeddable":true,"href":"https:\/\/vilaflor.rn.gov.br\/transparencia\/wp-json\/wp\/v2\/categories?post=4280"},{"taxonomy":"post_tag","embeddable":true,"href":"https:\/\/vilaflor.rn.gov.br\/transparencia\/wp-json\/wp\/v2\/tags?post=4280"}],"curies":[{"name":"wp","href":"https:\/\/api.w.org\/{rel}","templated":true}]}},{"id":4278,"date":"2026-02-26T11:08:10","date_gmt":"2026-02-26T14:08:10","guid":{"rendered":"https:\/\/vilaflor.rn.gov.br\/transparencia\/?p=4278"},"modified":"2026-04-02T11:09:03","modified_gmt":"2026-04-02T14:09:03","slug":"aviso-de-dispensa-de-licitacao-n-008-2026","status":"publish","type":"post","link":"https:\/\/vilaflor.rn.gov.br\/transparencia\/aviso-de-dispensa-de-licitacao-n-008-2026\/","title":{"rendered":"AVISO DE DISPENSA DE LICITA\u00c7\u00c3O N\u00b0 008\/2026"},"content":{"rendered":"<p><strong>ESTADO DO RIO GRANDE DO NORTE<\/strong><br \/>\n<strong>PREFEITURA MUNICIPAL DE VILA FLOR<\/strong><\/p>\n<p><strong>DADOS DO AVISO<\/strong><\/p>\n<p>Vila Flor\/RN, em 25 de fevereiro de 2026.<\/p>\n<p>&nbsp;<\/p>\n<p><strong>PROCESSO ADMINISTRATIVO:\u00a0<\/strong>20020001\/2026<\/p>\n<p>&nbsp;<\/p>\n<p><strong>DATA E HORA LIMITE PARA ENTREGA DA PROPOSTA DE PRE\u00c7O E DOCUMENTOS DE HABILITA\u00c7\u00c3O<\/strong><\/p>\n<p>&nbsp;<\/p>\n<p>At\u00e9 dia 03\/03\/2026, \u00e0s 09:00h<\/p>\n<p>&nbsp;<\/p>\n<p><strong>REFER\u00caNCIA DE HOR\u00c1RIO<\/strong><\/p>\n<p><strong>\u00a0<\/strong><\/p>\n<p>Hor\u00e1rio de Brasilia \u2013 DF<\/p>\n<p><strong>\u00a0<\/strong><\/p>\n<p><strong>ENDERE\u00c7O ELETR\u00d4NICO PARA ENVIO DA PROPOSTA E DOCUMENTOS DE HABILITA\u00c7\u00c3O<\/strong><\/p>\n<p><strong>\u00a0<\/strong><\/p>\n<p><a href=\"mailto:pmvflicitacoes2021@gmail.com\">PMVFLICITACOES2021@GMAIL.COM<\/a><\/p>\n<p><strong>\u00a0<\/strong><\/p>\n<p>A\u00a0<strong>PREFEITURA MUNICIPAL DE VILA FLOR<\/strong>, atrav\u00e9s da\u00a0<strong>COMISS\u00c3O DE LICITA\u00c7\u00c3O<\/strong>, com sede na Rua Jos\u00e9 Calazans, 169, Centro, Vila Flor\/RN, CEP 59.192-000, inscrita no CNPJ\/MF sob n\u00b0 08.169.278\/0001-07, torna p\u00fablico para conhecimento dos interessados a realiza\u00e7\u00e3o de Chamada P\u00fablica para\u00a0<strong>DISPENSA DE LICITA\u00c7\u00c3O<\/strong>, com crit\u00e9rio de julgamento\u00a0<strong>MENOR PRE\u00c7O GLOBAL<\/strong>, nos termos do Art. n\u00ba 75, inciso II da Lei 14.133\/2021, e de acordo com as condi\u00e7\u00f5es, crit\u00e9rios e procedimentos estabelecidos neste Aviso e seus anexos, objetivando obter a melhor proposta, observadas as datas e hor\u00e1rios discriminados.<\/p>\n<p>OS INTERESSADOS DEVER\u00c3O ACOMPANHAR AS MENSAGENS REFERENTES A ESTE AVISO (RESPOSTAS A QUESTIONAMENTOS, IMPUGNA\u00c7\u00d5ES, RECURSOS, ETC.) NO E-MAIL INSTITUCIONAL, SENDO EXCLUSIVOS RESPONS\u00c1VEIS PELO \u00d4NUS DECORRENTE DA PERDA DE NEG\u00d3CIOS DIANTE DA INOBSERV\u00c2NCIA DE QUAISQUER MENSAGENS EMITIDAS PELO PORTAL.<\/p>\n<p>&nbsp;<\/p>\n<p><strong><u>ANEXOS DESTE AVISO<\/u><\/strong><\/p>\n<p><strong>\u00a0<\/strong><\/p>\n<p>Anexo I \u2013 Termo de Refer\u00eancia<\/p>\n<p>Anexo II \u2013 Modelo de Proposta de Pre\u00e7os<\/p>\n<p>Anexo III \u2013 Modelo de Declara\u00e7\u00e3o de cumprimento do disposto no Inc. XXXIII do art. 7\u00ba da Constitui\u00e7\u00e3o Federal<\/p>\n<p>Anexo IV \u2013 Declara\u00e7\u00e3o de reserva de cargos PcD, consoante art. 92, da Lei Federal n\u201d 14.133\/2021<\/p>\n<p>Anexo V \u2013 Declara\u00e7\u00e3o impedimentos do art. 14 da Lei Federal n\u201d 14.133\/2021<\/p>\n<p>Anexo VI \u2013 Modelo de Carta-Contrato<\/p>\n<p>&nbsp;<\/p>\n<p><strong>AVISO DE DISPENSA DE LICITA\u00c7\u00c3O N\u00b0 008\/2026<\/strong><\/p>\n<p><strong>\u00a0<\/strong><\/p>\n<ol>\n<li><strong>REFER\u00caNCIA LEGAL<\/strong><\/li>\n<\/ol>\n<p>As contra\u00e7\u00f5es atrav\u00e9s de dispensa de licita\u00e7\u00e3o no Prefeitura Municipal de Vila Flor s\u00e3o regidas pelos dispositivos \u00a0legais:<\/p>\n<ol start=\"14\">\n<li>a) Lei n\u00ba 133\/2021, Art. 75, Inc. II;<\/li>\n<li>Instru\u00e7\u00e3o Normativa SEMGE n\u00ba 05\/2021, aprovada pela Portaria SEMGE n\u00ba 624\/2021.<\/li>\n<\/ol>\n<p>&nbsp;<\/p>\n<ol start=\"2\">\n<li><strong>OBJETO<\/strong><\/li>\n<\/ol>\n<p>O presente termo de refer\u00eancia visa orientar a licita\u00e7\u00e3o para a\u00a0<strong>Contrata\u00e7\u00e3o de empresa especializada para a execu\u00e7\u00e3o de servi\u00e7os de Georreferenciamento Urbano e Rural, visando a atualiza\u00e7\u00e3o do Cadastro Imobili\u00e1rio Multifinalit\u00e1rio (CIM) do Munic\u00edpio de Vila Flor\/RN<\/strong>, Anexo I deste Aviso.<\/p>\n<p>&nbsp;<\/p>\n<ol start=\"3\">\n<li><strong>INFORMA\u00c7\u00d5ES PRELIMINARES<\/strong><\/li>\n<\/ol>\n<p>Os interessados dever\u00e3o proceder, antes da elabora\u00e7\u00e3o das propostas, verifica\u00e7\u00e3o minuciosa de todos os elementos fornecidos, solicitando por escrito ao\u00a0<strong>SETOR DE LICITA\u00c7\u00c3O<\/strong>, via e-mail:\u00a0<a href=\"mailto:atendimento_cosel@salvador.ba.gov.br\"><strong>PMVFLICITACOES2021@GMAIL.COM<\/strong>,<\/a>\u00a0at\u00e9 01 (um) dia \u00fatil antes do prazo final para apresenta\u00e7\u00e3o da documenta\u00e7\u00e3o, as d\u00favidas suscitadas, que ser\u00e3o esclarecidas no pr\u00f3prio e-mail.<\/p>\n<p>&nbsp;<\/p>\n<ol start=\"4\">\n<li><strong>CONDI\u00c7\u00d5ES DE PARTICIPA\u00c7\u00c3O<\/strong>\n<ul>\n<li>Poder\u00e3o participar desta Dispensa de Licita\u00e7\u00e3o, pessoas f\u00edsica ou jur\u00eddica, regularmente estabelecidas no pa\u00eds que atenda \u00e0s condi\u00e7\u00f5es exigidas neste Aviso e seus anexos, devendo pertencer ao ramo da atividade pertinente e compat\u00edvel com o objeto<\/li>\n<\/ul>\n<\/li>\n<\/ol>\n<p>&nbsp;<\/p>\n<ul>\n<li>N\u00e3o poder\u00e3o participar desta Dispensa de Licita\u00e7\u00e3o os interessados:<\/li>\n<\/ul>\n<p>&nbsp;<\/p>\n<ol>\n<li>Proibidos de participar de licita\u00e7\u00f5es e celebrar contratos administrativos, na forma da legisla\u00e7\u00e3o<\/li>\n<li>Que n\u00e3o atendam \u00e0s condi\u00e7\u00f5es deste Aviso e Termo de Refer\u00eancia;<\/li>\n<li>Estrangeiros que n\u00e3o tenham representa\u00e7\u00e3o legal no Brasil com poderes expressos para receber cita\u00e7\u00e3o e responder administrativa ou judicialmente;<\/li>\n<li>Que se enquadrem nas veda\u00e7\u00f5es previstas no artigo 14\u00ba da Lei Federal n\u00b0 133\/21;<\/li>\n<li>Organiza\u00e7\u00f5es da Sociedade Civil de Interesse P\u00fablico \u2013 OSC IP, atuando nessa condi\u00e7\u00e3o (Ac\u00f3rd\u00e3o n\u00b0746\/2014 \u2013 TCU Plen\u00e1rio);<\/li>\n<li>Estejam cumprindo penalidade de suspens\u00e3o tempor\u00e1ria imposta pela Administra\u00e7\u00e3o P\u00fablica Municipal, ou, ainda, penalidade imposta por qualquer \u00f3rg\u00e3o da Administra\u00e7\u00e3o P\u00fablica, nas hip\u00f3teses previstas nos incisos III e IV do 156 da Lei n\u00b0 14.133\/21<\/li>\n<\/ol>\n<p>&nbsp;<\/p>\n<ol start=\"5\">\n<li><strong>ESPECIFICA\u00c7\u00d5ES DO OBJETO, DOTA\u00c7\u00c3O OR\u00c7AMENT\u00c1RIA, PRAZOS E LOCAL DE PRESTA\u00c7\u00c3O DE SERVI\u00c7OS<\/strong><\/li>\n<\/ol>\n<p>As informa\u00e7\u00f5es relativas a especifica\u00e7\u00f5es do objeto, dota\u00e7\u00e3o or\u00e7ament\u00e1ria, prazos e local de entrega est\u00e3o elencadas no termo de Refer\u00eancia anexo I deste Aviso.<\/p>\n<p>&nbsp;<\/p>\n<ol start=\"6\">\n<li><strong>PRAZO E FORMA PARA ENVIO DOS DOCUMENTOS DE HABILITA\u00c7\u00c3O E PROPOSTA DE PRE\u00c7O<\/strong>\n<ul>\n<li><strong>PRAZO DE ENTREGA DOS DOCUMENTOS<\/strong>: Esta chamada p\u00fablica para Dispensa de Licita\u00e7\u00e3o ficar\u00e1 aberta por um per\u00edodo de\u00a0<strong>03 (TR\u00caS) DIAS UT\u00c9IS,\u00a0<\/strong>contados a partir da data de publica\u00e7\u00e3o do\u00a0<strong>AVISO<\/strong>\u00a0<strong>DE DISPENSA DE LICITA\u00c7\u00c3O\u00a0<\/strong>na imprensa<\/li>\n<li>A proposta de pre\u00e7os e os documentos de habilita\u00e7\u00e3o, dever\u00e3o ser encaminhados via e-mail, para o endere\u00e7o eletr\u00f4nico:\u00a0<a href=\"mailto:atendimento_cosel@salvador.ba.gov.br\"><strong>PMVFLICITACOES2021@GMAIL.COM<\/strong>,<\/a>\u00a0fazendo refer\u00eancia no assunto do e-mail a\u00a0<strong>DISPENSA DE LICITA\u00c7\u00c3O N\u00b0 008\/2026.<\/strong><\/li>\n<\/ul>\n<\/li>\n<\/ol>\n<p>&nbsp;<\/p>\n<p>7.\u00a0\u00a0\u00a0\u00a0\u00a0\u00a0\u00a0 PROPOSTAS DE PRE\u00c7OS<\/p>\n<p><strong>\u00a0<\/strong><\/p>\n<ul>\n<li>A proposta de pre\u00e7os dever\u00e1 ser apresentada na forma, prazo e condi\u00e7\u00f5es estipulados neste Aviso e seus<\/li>\n<\/ul>\n<p>&nbsp;<\/p>\n<ul>\n<li>A proposta dever\u00e1 ser redigida em papel timbrado do interessado, por meio mec\u00e2nico ou informatizado, de forma clara e inequ\u00edvoca, sem emendas, rasuras ou entrelinhas, em estrita observ\u00e2ncia \u00e0s especifica\u00e7\u00f5es contidas neste Aviso, assinada na \u00faltima folha e rubricada nas demais pelo seu titular ou representante legal, devidamente identificado, nela constando, obrigatoriamente:<\/li>\n<\/ul>\n<p>&nbsp;<\/p>\n<ol>\n<li>Raz\u00e3o Social, CNPJ, endere\u00e7o, CEP, telefone\/ e-mail e pessoa de contato;<\/li>\n<li>Pre\u00e7os de acordo com os praticados no mercado, dento do pre\u00e7o m\u00e1ximo que a SEMOP se disp\u00f5e a pagar, em algarismo e por extenso, s\u00f3 reajust\u00e1veis na forma da lei, com valores expressos em moeda corrente nacional (R$). Ocorrendo diverg\u00eancia entre o pre\u00e7o em algarismo e o expresso por extenso, ser\u00e1 levado em conta por extenso.<\/li>\n<li>Prazo de validade de proposta n\u00e3o inferior a 90 (noventa) dias, a contar da data de sua apresenta\u00e7\u00e3o, sendo facultado aos proponentes estender tal validade por prazo<\/li>\n<\/ol>\n<p>&nbsp;<\/p>\n<ul>\n<li>A proposta de pre\u00e7os apresentada dever\u00e1 incluir todas e quaisquer despesas necess\u00e1rias para a execu\u00e7\u00e3o do objeto desta Dispensa de Licita\u00e7\u00e3o, tais como: tributos, emolumentos, contribui\u00e7\u00f5es sociais, fiscais, parafiscais, fretes, seguros e demais despesas inerentes, devendo o pre\u00e7o ofertado corresponder rigorosamente \u00e0s especifica\u00e7\u00f5es do objeto, n\u00e3o cabendo quaisquer reivindica\u00e7\u00f5es devidas a erros nessa avalia\u00e7\u00e3o, para efeito de solicitar revis\u00e3o de pre\u00e7os.<\/li>\n<\/ul>\n<p>&nbsp;<\/p>\n<ul>\n<li>A proposta de pre\u00e7os que n\u00e3o estiver em conson\u00e2ncia com as exig\u00eancias deste Aviso ser\u00e1<\/li>\n<\/ul>\n<p>&nbsp;<\/p>\n<ul>\n<li>Os pre\u00e7os ofertados n\u00e3o poder\u00e3o exceder os pre\u00e7os m\u00e1ximos, constantes neste<\/li>\n<\/ul>\n<p>&nbsp;<\/p>\n<p>8.\u00a0\u00a0\u00a0\u00a0\u00a0\u00a0\u00a0 DOCUMENTA\u00c7\u00c3O DE HABILITA\u00c7\u00c3O<\/p>\n<p><strong>\u00a0<\/strong><\/p>\n<ul>\n<li>Para fins de comprova\u00e7\u00e3o de habilita\u00e7\u00e3o, dever\u00e3o ser apresentados junto com a proposta de pre\u00e7os, os documentos abaixo relacionados, com prazo vigente, \u00e0 exce\u00e7\u00e3o daqueles que por sua natureza n\u00e3o contenham validade:<\/li>\n<\/ul>\n<p>&nbsp;<\/p>\n<ul>\n<li><strong><u>Habilita\u00e7\u00e3o Jur\u00eddica<\/u><\/strong>\n<ol>\n<li>Ato constitutivo, estatuto ou contrato social em vigor, devidamente registrado ou inscrito;<\/li>\n<li>Em se tratando de Microempreendedor individual \u2014 MEI: Certificado da Condi\u00e7\u00e3o de Microempreendedor Individual \u2013 CCMEI;<\/li>\n<\/ol>\n<\/li>\n<\/ul>\n<p>&nbsp;<\/p>\n<ul>\n<li><strong><u>Regularidade Fiscal e Trabalhista<\/u><\/strong>\n<ol start=\"8\">\n<li>Certid\u00e3o Conjunta Negativa de D\u00e9bitos, relativa aos tributos federais e \u00e0 D\u00edvida Ativa da Uni\u00e3o, no \u00e2mbito da RFB e da PGFN abrangendo inclusive as contribui\u00e7\u00f5es sociais previstas nas al\u00edneas \u201ca\u201d e \u201cd\u201d do par\u00e1grafo \u00fanico do art. 11 da Lei n.\u00ba 8.212, de 24 de julho de 1991, com base na Portaria Conjunta RFB\/PGFN no 751, de 02\/10\/2014.<\/li>\n<li>Prova de inscri\u00e7\u00e3o no cadastro de contribuintes estadual e\/ou Municipal, se houver, relativo ao domicilio ou sede do interessado, pertinente ao seu ramo de atividade e compat\u00edvel com o objeto<\/li>\n<li>Prova de regularidade com a Fazenda Estadual relativo ao domicilio ou sede do interessado;<\/li>\n<li>Prova de regularidade com a Fazenda Municipal do relativo ao domicilio ou sede do interessado;<\/li>\n<li>Prova de regularidade com o Fundo de Garantia por Tempo de Servi\u00e7o (FGTS), mediante a apresenta\u00e7\u00e3o de Certificado de Regularidade de Situa\u00e7\u00e3o\/CRF.<\/li>\n<li>Prova de inexist\u00eancia de d\u00e9bitos inadimplidos perante a justi\u00e7a do trabalho, mediante a apresenta\u00e7\u00e3o de Certid\u00e3o Negativa de D\u00e9bitos Trabalhistas (CNDT), com prazo de validade de 180 (cento e oitenta dias), contados da data de sua emiss\u00e3o, de acordo com a Legisla\u00e7\u00e3o federal \u201cLei n\u00ba 440, de 07 de julho de 2011\u201d.<\/li>\n<li>Prova de inscri\u00e7\u00e3o de Cadastro Nacional de Pessoas Jur\u00eddicas CNPJ;<\/li>\n<\/ol>\n<\/li>\n<\/ul>\n<p>&nbsp;<\/p>\n<ul>\n<li><strong><u>Qualifica\u00e7\u00e3o T\u00e9cnica<\/u><\/strong>\n<ol>\n<li>Apresenta\u00e7\u00e3o de pelo menos 01 (um) atestado em nome da pessoa jur\u00eddica, fornecido por pessoa jur\u00eddica de direito p\u00fablico ou privado, suficientes para comprovar a aptid\u00e3o em execu\u00e7\u00e3o de objetos similares ao desta contrata\u00e7\u00e3o.\n<ul>\n<li>O(s) atestado(s) dever\u00e1(\u00e3o) ser apresentado(s) constando as seguintes informa\u00e7\u00f5es da emitente: papel timbrado, CNPJ, endere\u00e7o, telefone, data de emiss\u00e3o, nome e cargo\/fun\u00e7\u00e3o de quem assina o documento, bem como conter objeto, atividades desenvolvidas e per\u00edodo da contrata\u00e7\u00e3o.<\/li>\n<li>N\u00e3o ser\u00e3o aceitos atestados emitidos por empresas do mesmo grupo empresarial da promitente contratada ou pela pr\u00f3pria pessoa jur\u00eddica e\/ou emitidos por empresas, das quais participem s\u00f3cios ou diretores da promitente<\/li>\n<\/ul>\n<\/li>\n<\/ol>\n<\/li>\n<\/ul>\n<p>&nbsp;<\/p>\n<ul>\n<li><strong><u>Qualifica\u00e7\u00e3o econ\u00f4mico-financeira<\/u><\/strong>\n<ol>\n<li>Certid\u00e3o negativa de fal\u00eancia, recupera\u00e7\u00e3o judicial ou extrajudicial ou execu\u00e7\u00e3o patrimonial, conforme o caso, expedida pelo distribuidor da sede do\n<ul>\n<li>Caso o licitante encontre-se em recupera\u00e7\u00e3o judicial, admite-se a participa\u00e7\u00e3o, em licita\u00e7\u00f5es, desde que amparadas em certid\u00e3o emitida pela inst\u00e2ncia judicial competente afirmando que a interessada est\u00e1 apta econ\u00f4mica e financeiramente a participar de procedimento licitat\u00f3rio, na forma do Ac\u00f3rd\u00e3o TCU \u2013 Plen\u00e1rio \u2013 1201\/2020.<\/li>\n<\/ul>\n<\/li>\n<\/ol>\n<\/li>\n<\/ul>\n<p>&nbsp;<\/p>\n<ul>\n<li><strong><u>Documenta\u00e7\u00e3o Complementar de Habilita\u00e7\u00e3o<\/u><\/strong>\n<ol start=\"14\">\n<li>Declara\u00e7\u00e3o de que n\u00e3o est\u00e1 incurso nos impedimentos de que trata o art.14 da Federal n\u00b0 133\/2021, conforme modelo ANEXO IV;<\/li>\n<li>Declara\u00e7\u00e3o de que cumpre as exig\u00eancias de reserva de cargos para Pessoas com Defici\u00eancia \u2014 PcD e para reabilitado da Previd\u00eancia Social, previstas em lei e normas espec\u00edficas, conforme modelo ANEXO III;<\/li>\n<li>Certid\u00e3o Negativa de Cadastro Nacional de Empresas Inid\u00f4neas e Suspensas \u2014 CEIS<\/li>\n<li>Certid\u00e3o Negativa de Cadastro Nacional de Empresas P\u00fablicas \u2014 CNEP<\/li>\n<li>Declara\u00e7\u00e3o assinada pelo titular ou representante legal da Requerente, devidamente identificado, em conformidade com o disposto no XXXIII, art. 7\u00ba, da Constitui\u00e7\u00e3o Federal (Modelo no\u00a0<strong>Anexo IV\u00a0<\/strong>deste Aviso).<\/li>\n<\/ol>\n<\/li>\n<\/ul>\n<p>&nbsp;<\/p>\n<p>9.\u00a0\u00a0\u00a0\u00a0\u00a0\u00a0\u00a0 CRIT\u00c9RIO DE JULGAMENTO<\/p>\n<p><strong>\u00a0<\/strong><\/p>\n<ul>\n<li><strong><u>PROPOSTAS DE PRE\u00c7OS<\/u><\/strong><\/li>\n<\/ul>\n<p>&nbsp;<\/p>\n<ul>\n<li>As propostas apresentadas em conson\u00e2ncia com as exig\u00eancias do Aviso ser\u00e3o classificadas e ser\u00e1 declara vencedora a que apresentar o menor pre\u00e7o.<\/li>\n<\/ul>\n<p>&nbsp;<\/p>\n<ul>\n<li>Os interessados que apresentarem proposta de pre\u00e7os com diverg\u00eancia \u00e0s exig\u00eancias deste Aviso e seus anexos ser\u00e1<\/li>\n<\/ul>\n<p>&nbsp;<\/p>\n<ul>\n<li><strong><u>HABILITA\u00c7\u00c3O<\/u><\/strong>\n<ul>\n<li>Ser\u00e1 habilitado o interessado que atender todas as condi\u00e7\u00f5es do Aviso e seus<\/li>\n<li>Ser\u00e1 inabilitada o interessado que n\u00e3o atender as condi\u00e7\u00f5es do Aviso e seus<\/li>\n<\/ul>\n<\/li>\n<\/ul>\n<p>&nbsp;<\/p>\n<p>10.\u00a0\u00a0\u00a0\u00a0\u00a0 OBRIGA\u00c7\u00d5ES, PENALIDADES E SAN\u00c7\u00d5ES<\/p>\n<p><strong>\u00a0<\/strong><\/p>\n<p>As obriga\u00e7\u00f5es, penalidades e sans\u00f5es est\u00e3o elencadas no Termo de Refer\u00eancia, anexo I deste Aviso e s\u00e3o parte integrante independente de transcri\u00e7\u00e3o.<\/p>\n<p>&nbsp;<\/p>\n<p>11.\u00a0\u00a0\u00a0\u00a0\u00a0\u00a0\u00a0\u00a0 DISPOSI\u00c7\u00d5ES GERAIS<\/p>\n<p><strong>\u00a0<\/strong><\/p>\n<ul>\n<li>O interessado n\u00e3o poder\u00e1 alegar como justificativa para se eximir das obriga\u00e7\u00f5es assumidas, o desconhecimento das condi\u00e7\u00f5es para participa\u00e7\u00e3o desta Dispensa de Licita\u00e7\u00e3o.<\/li>\n<li>Poder\u00e1 esta Secretaria Municipal da Prefeitura Municipal de Vila Flor, revogar o presente Aviso, no todo em parte, por conveni\u00eancia administrativa e interesse p\u00fablico, decorrente de falo superveniente, devidamente<\/li>\n<li>A Secretaria Municipal da Prefeitura Municipal de Vila Flor poder\u00e1 anular o presente Aviso, no todo em parte, caso ocorra ilegalidade, de oficio ou por provoca\u00e7\u00e3o. A anula\u00e7\u00e3o do procedimento oriundo deste Aviso, n\u00e3o gera direito a indeniza\u00e7\u00e3o.<\/li>\n<li>Ap\u00f3s a fase de classifica\u00e7\u00e3o da proposta, n\u00e3o cabe desist\u00eancia da mesma, salvo por motivo justo decorrente de fato superveniente, e desde que aceito pela Prefeitura Municipal.<\/li>\n<li>Ao apresentar a proposta de pre\u00e7os, o interessado declara sob as penalidades da Lei, da inexist\u00eancia de qualquer v\u00ednculo de natureza t\u00e9cnica, comercial, econ\u00f4mica, financeira ou trabalhista, entre si e os respons\u00e1veis por esta Dispensa de Licita\u00e7\u00e3o, quer direta ou<\/li>\n<li>A apresenta\u00e7\u00e3o de proposta pressup\u00f5e o pleno conhecimento, atendimento e aceita\u00e7\u00e3o integral e irretrat\u00e1vel, por parte do interessado, das exig\u00eancias e condi\u00e7\u00f5es estabelecidas neste Aviso e Termo de Refer\u00eancia.<\/li>\n<li>A falsidade de qualquer documento apresentado ou a inverdade das informa\u00e7\u00f5es nele contidas implicar\u00e1 a imediata desclassifica\u00e7\u00e3o\/inabilita\u00e7\u00e3o do interessado que o tiver apresentado, ou, caso tenha sido o vencedor, a rescis\u00e3o do contrato ou do pedido de compra, sem preju\u00edzo de demais san\u00e7\u00f5es cab\u00edveis.<\/li>\n<li>Na contagem dos prazos estabelecidos neste Aviso, com fulcro no Art 183 da Lei Federal 133\/2021, ser\u00e3o contados com exclus\u00e3o do dia do come\u00e7o e inclus\u00e3o do dia do vencimento, observando-se as seguintes disposi\u00e7\u00f5es:\n<ol>\n<li>os prazos expressos em dias corridos ser\u00e3o computados de modo cont\u00ednuo;<\/li>\n<li>os prazos expressos em meses ou anos ser\u00e3o computados de data a data;<\/li>\n<li>nos prazos expressos em dias \u00fateis, ser\u00e3o computados somente os dias em que ocorrer expediente administrativo no \u00f3rg\u00e3o ou entidade competente.<\/li>\n<\/ol>\n<\/li>\n<\/ul>\n<p>&nbsp;<\/p>\n<ul>\n<li>Salvo disposi\u00e7\u00e3o em contr\u00e1rio, considera-se dia do come\u00e7o do prazo:\n<ol>\n<li>o primeiro dia \u00fatil seguinte ao da disponibiliza\u00e7\u00e3o da informa\u00e7\u00e3o na<\/li>\n<\/ol>\n<\/li>\n<\/ul>\n<p>Vila Flor\/RN, em 25 de fevereiro de 2026.<\/p>\n<p>&nbsp;<\/p>\n<p>&nbsp;<\/p>\n<p>Kedson Jos\u00e9 de Lima<\/p>\n<p><strong>Agente de Contrata\u00e7\u00e3o<\/strong><\/p>\n<p><strong>\u00a0<\/strong><\/p>\n<p>DISPENSA DE LICITA\u00c7\u00c3O N\u00b0 008\/2026<\/p>\n<p>SETOR DE LICITA\u00c7\u00c3O<\/p>\n<p>ANEXO I \u2013 TERMO DE REFER\u00caNCIA<\/p>\n<ol>\n<li>CONDI\u00c7\u00d5ES GERAIS DA CONTRATA\u00c7\u00c3O<\/li>\n<\/ol>\n<p><strong>1.1 CONTRATA\u00c7\u00c3O DE EMPRESA ESPECIALIZADA PARA A EXECU\u00c7\u00c3O DE SERVI\u00c7OS DE GEORREFERENCIAMENTO URBANO E RURAL, VISANDO A ATUALIZA\u00c7\u00c3O DO CADASTRO IMOBILI\u00c1RIO MULTIFINALIT\u00c1RIO (CIM) DO MUNIC\u00cdPIO DE VILA FLOR\/RN,\u00a0<\/strong>nos termos da tabela abaixo, conforme condi\u00e7\u00f5es e exig\u00eancias estabelecidas neste instrumento.<\/p>\n<p>&nbsp;<\/p>\n<table width=\"688\">\n<tbody>\n<tr>\n<td width=\"57\"><strong>ITEM<\/strong><\/td>\n<td width=\"286\"><strong>DESCRI\u00c7\u00c3O<\/strong><\/td>\n<td width=\"65\"><strong>UNID.<\/strong><\/td>\n<td width=\"77\"><strong>QUANT.<\/strong><\/td>\n<td width=\"99\"><strong>V. Unit\u00e1rio<\/strong><\/td>\n<td width=\"104\"><strong>V. Total<\/strong><\/td>\n<\/tr>\n<tr>\n<td width=\"57\">1<\/td>\n<td width=\"286\">CONTRATA\u00c7\u00c3O DE EMPRESA ESPECIALIZADA PARA A EXECU\u00c7\u00c3O DE SERVI\u00c7OS DE GEORREFERENCIAMENTO URBANO E RURAL, VISANDO A ATUALIZA\u00c7\u00c3O DO CADASTRO IMOBILI\u00c1RIO MULTIFINALIT\u00c1RIO (CIM) DO MUNIC\u00cdPIO DE VILA FLOR\/RN<\/td>\n<td width=\"65\">Ser<\/td>\n<td width=\"77\">01<\/td>\n<td width=\"99\">R$ 60.146,98<\/td>\n<td width=\"104\">R$ 60.146,98<\/td>\n<\/tr>\n<\/tbody>\n<\/table>\n<p>1.2 Os servi\u00e7os objeto desta contrata\u00e7\u00e3o s\u00e3o caracterizados como comuns, a classifica\u00e7\u00e3o fundamenta-se no fato de que tais atividades possuem padr\u00f5es de desempenho e qualidade que podem ser objetivamente definidos pelo edital, por meio de especifica\u00e7\u00f5es usuais de mercado.<\/p>\n<ul>\n<li>O objeto desta contrata\u00e7\u00e3o n\u00e3o se enquadra como sendo de bem de luxo, conforme Decreto n\u00ba 10.818, de 27 de setembro de 2021.<\/li>\n<li>O prazo de vig\u00eancia da contrata\u00e7\u00e3o \u00e9 de 120 (cento e vinte) dias da data da homologa\u00e7\u00e3o, improrrog\u00e1vel, na forma do art. 75, inciso II, da Lei n\u00b0 14.133\/2021.<\/li>\n<li><em>O servi\u00e7o \u00e9 enquadrado como n\u00e3o cont\u00ednuo ou contratados por escopo.<\/em><\/li>\n<li>O contrato oferece maior detalhamento das regras que ser\u00e3o aplicadas em rela\u00e7\u00e3o \u00e0 vig\u00eancia da contrata\u00e7\u00e3o.\n<ol start=\"2\">\n<li>FUNDAMENTA\u00c7\u00c3O E DESCRI\u00c7\u00c3O DA NECESSIDADE DA CONTRATA\u00c7\u00c3O<\/li>\n<\/ol>\n<\/li>\n<li>A necessidade de contrata\u00e7\u00e3o decorre da obsolesc\u00eancia e da fragmenta\u00e7\u00e3o dos dados territoriais e tribut\u00e1rios que atualmente norteiam a gest\u00e3o p\u00fablica de Vila Flor. O munic\u00edpio enfrenta um cen\u00e1rio onde os registros administrativos n\u00e3o refletem a realidade f\u00edsica das ocupa\u00e7\u00f5es urbanas e rurais, gerando um descompasso entre a infraestrutura existente e o planejamento governamental. Existe uma car\u00eancia cr\u00edtica de informa\u00e7\u00f5es geospaciais precisas, o que impede a identifica\u00e7\u00e3o de novas edifica\u00e7\u00f5es, amplia\u00e7\u00f5es de im\u00f3veis e mudan\u00e7as no uso do solo que ocorreram ao longo dos \u00faltimos anos sem a devida comunica\u00e7\u00e3o oficial.<\/li>\n<li>Essa defasagem t\u00e9cnica resulta em uma gest\u00e3o \u201ccega\u201d, onde o poder p\u00fablico n\u00e3o consegue visualizar com exatid\u00e3o a malha de logradouros, a rede de ilumina\u00e7\u00e3o ou as \u00e1reas de preserva\u00e7\u00e3o ambiental sob press\u00e3o urbana. Sem uma base cartogr\u00e1fica moderna e georreferenciada, a administra\u00e7\u00e3o municipal fica impossibilitada de exercer plenamente sua fun\u00e7\u00e3o fiscalizat\u00f3ria e de planejamento, operando com dados anal\u00f3gicos ou digitais imprecisos que geram inseguran\u00e7a jur\u00eddica tanto para o er\u00e1rio quanto para o cidad\u00e3o. Portanto, a necessidade \u00e9 a supera\u00e7\u00e3o desse estado de desatualiza\u00e7\u00e3o informacional atrav\u00e9s da cria\u00e7\u00e3o de um invent\u00e1rio territorial fidedigno e tecnol\u00f3gico.<\/li>\n<li>A contrata\u00e7\u00e3o fundamenta-se no\u00a0<strong>75, inciso II, da Lei Federal n\u00ba 14.133\/2021<\/strong>. \u00c9 importante ressaltar que, para o exerc\u00edcio de\u00a0<strong>2026<\/strong>, os valores limites para a dispensa de licita\u00e7\u00e3o foram atualizados pelo\u00a0<strong>Decreto Federal n\u00ba 12.807, de 29 de dezembro de 2025<\/strong>.<\/li>\n<li>Este decreto reajustou os patamares legais, permitindo que servi\u00e7os de natureza comum, como o georreferenciamento e a atualiza\u00e7\u00e3o cadastral, sejam contratados diretamente, desde que o valor total da despesa n\u00e3o ultrapasse o novo teto estabelecido para o ano de 2026. A utiliza\u00e7\u00e3o deste dispositivo garante que a Prefeitura de Vila Flor atenda \u00e0 necessidade de atualiza\u00e7\u00e3o do Cadastro Imobili\u00e1rio Multifinalit\u00e1rio (CIM) de forma \u00e1gil, aproveitando a efici\u00eancia da contrata\u00e7\u00e3o direta por baixo valor.\n<ol start=\"3\">\n<li><strong>Aus\u00eancia de Estudo T\u00e9cnico Preliminar (ETP)<\/strong><\/li>\n<\/ol>\n<\/li>\n<\/ul>\n<p>A instru\u00e7\u00e3o deste processo prescinde da elabora\u00e7\u00e3o do Estudo T\u00e9cnico Preliminar (ETP) com base nas seguintes justificativas normativas:<\/p>\n<ul>\n<li><strong>Previs\u00e3o de Facultatividade:<\/strong>\u00a0O\u00a0<strong>Decreto Municipal n\u00ba 007\/2024<\/strong>\u00a0de Vila Flor estabelece expressamente em seu\u00a0<strong>Art. 11, inciso I<\/strong>, que a elabora\u00e7\u00e3o do ETP \u00e9 facultada nas hip\u00f3teses do inciso II do Art. 75 da Lei n\u00ba 14.133\/2021.<\/li>\n<li><strong>Efici\u00eancia Administrativa:<\/strong>\u00a0A administra\u00e7\u00e3o municipal opta pela n\u00e3o realiza\u00e7\u00e3o do ETP para garantir a celeridade do certame, visto que o objeto se enquadra em uma contrata\u00e7\u00e3o direta de menor complexidade documental, conforme permitido pelo regulamento local.<\/li>\n<li><strong>Alinhamento com Objetivos da Lei:<\/strong>\u00a0A dispensa do ETP, neste caso, privilegia a consecu\u00e7\u00e3o dos objetivos da contrata\u00e7\u00e3o em detrimento de exig\u00eancias meramente formais, conforme orientado pelo Art. 7\u00ba, \u00a7 3\u00ba, do pr\u00f3prio decreto municipal.<\/li>\n<li><strong>Substitui\u00e7\u00e3o por Termo de Refer\u00eancia:<\/strong>\u00a0Nos termos do Art. 12 do Decreto n\u00ba 007\/2024, a especifica\u00e7\u00e3o t\u00e9cnica do objeto ser\u00e1 realizada diretamente no Termo de Refer\u00eancia, documento este que ser\u00e1 suficiente para aferir os padr\u00f5es de qualidade e desempenho almejados pela Secretaria Municipal de Administra\u00e7\u00e3o.<\/li>\n<\/ul>\n<ul>\n<li><strong>Conclus\u00e3o do Enquadramento<\/strong>\n<ul>\n<li>A contrata\u00e7\u00e3o direta da empresa para georreferenciamento urbano e rural em Vila Flor\/RN apresenta plena conformidade legal. Ela respeita os limites financeiros atualizados pelo\u00a0<strong>Decreto Federal n\u00ba 12.807\/2025<\/strong>\u00a0para o ano de\u00a0<strong>2026<\/strong>\u00a0e utiliza a prerrogativa da\u00a0<strong>n\u00e3o elabora\u00e7\u00e3o do ETP<\/strong>\u00a0autorizada pelo Art. 11, inciso I, do Decreto Municipal n\u00ba 007\/2024.\n<ol start=\"4\">\n<li>DESCRI\u00c7\u00c3O DA SOLU\u00c7\u00c3O COMO UM TODO CONSIDERADO O CICLO DE VIDA DO OBJETO E ESPECIFICA\u00c7\u00c3O DO PRODUTO<\/li>\n<\/ol>\n<\/li>\n<\/ul>\n<\/li>\n<\/ul>\n<p>A solu\u00e7\u00e3o consiste na implementa\u00e7\u00e3o de um ecossistema de intelig\u00eancia geogr\u00e1fica para o Munic\u00edpio de Vila Flor, integrando o levantamento de dados em campo com ferramentas digitais de gest\u00e3o tribut\u00e1ria. A contrata\u00e7\u00e3o n\u00e3o se limita \u00e0 entrega de mapas, mas abrange o ciclo completo de atualiza\u00e7\u00e3o do\u00a0<strong>Cadastro Imobili\u00e1rio Multifinalit\u00e1rio (CIM)<\/strong>, garantindo a interoperabilidade entre a base cartogr\u00e1fica e o sistema de arrecada\u00e7\u00e3o municipal.<\/p>\n<p>&nbsp;<\/p>\n<ul>\n<li><strong>Ciclo de Vida do Objeto<\/strong><\/li>\n<\/ul>\n<p><strong>\u00a0<\/strong><\/p>\n<p>O ciclo de vida desta solu\u00e7\u00e3o foi planejado para garantir que os dados coletados permane\u00e7am \u00fateis e audit\u00e1veis ao longo do tempo, dividindo-se em quatro fases principais:<\/p>\n<p>&nbsp;<\/p>\n<ul>\n<li><strong>Planejamento e Mobiliza\u00e7\u00e3o:<\/strong>\u00a0Fase inicial de defini\u00e7\u00e3o da equipe de planejamento da contrata\u00e7\u00e3o e estabelecimento do controle terrestre (pontos de apoio).<\/li>\n<li><strong>Execu\u00e7\u00e3o e Processamento (Aquisi\u00e7\u00e3o):<\/strong>\u00a0Coleta de dados via aerofotogrametria de alta resolu\u00e7\u00e3o, processamento de imagens e vetoriza\u00e7\u00e3o das edifica\u00e7\u00f5es para identificar o problema do vazio cadastral.<\/li>\n<li><strong>Implanta\u00e7\u00e3o e Opera\u00e7\u00e3o:<\/strong>\u00a0Integra\u00e7\u00e3o dos dados no Sistema de Informa\u00e7\u00e3o Geogr\u00e1fica (SIG) da prefeitura, permitindo o uso imediato pela Secretaria de Administra\u00e7\u00e3o.<\/li>\n<li><strong>Manuten\u00e7\u00e3o e Suporte:<\/strong>\u00a0Per\u00edodo de garantia t\u00e9cnica e assist\u00eancia t\u00e9cnica para assegurar que a solu\u00e7\u00e3o de tecnologia da informa\u00e7\u00e3o e comunica\u00e7\u00e3o funcione sem interrup\u00e7\u00f5es.<\/li>\n<\/ul>\n<p>&nbsp;<\/p>\n<ul>\n<li><strong>Especifica\u00e7\u00e3o do Produto<\/strong><\/li>\n<\/ul>\n<p><strong>\u00a0<\/strong><\/p>\n<p>A especifica\u00e7\u00e3o t\u00e9cnica garante padr\u00f5es m\u00ednimos de qualidade e desempenho, conforme exigido pelo regulamento municipal. O produto final dever\u00e1 entregar os seguintes componentes:<\/p>\n<p>&nbsp;<\/p>\n<ul>\n<li><strong>Componentes Cartogr\u00e1ficos<\/strong><\/li>\n<\/ul>\n<p><strong>\u00a0<\/strong><\/p>\n<ul>\n<li><strong>Ortomosaico Digital:<\/strong>\u00a0Imagens georreferenciadas com resolu\u00e7\u00e3o espacial (GSD) de alto padr\u00e3o, permitindo a visualiza\u00e7\u00e3o clara de amplia\u00e7\u00f5es de telhados e muros.<\/li>\n<li><strong>Modelo Digital de Superf\u00edcie (MDS):<\/strong>\u00a0Representa\u00e7\u00e3o tridimensional de Vila Flor para an\u00e1lise de altimetria e drenagem urbana.<\/li>\n<li><strong>Base Vetorial:<\/strong>\u00a0Arquivos em formato compat\u00edvel com SIG (Ex: Shapefile ou GeoJSON) contendo a delimita\u00e7\u00e3o de todos os lotes e logradouros.<\/li>\n<\/ul>\n<p>&nbsp;<\/p>\n<ul>\n<li><strong>Componentes Tribut\u00e1rios e de Software<\/strong><\/li>\n<\/ul>\n<p><strong>\u00a0<\/strong><\/p>\n<ul>\n<li><strong>Relat\u00f3rio de Diverg\u00eancias:<\/strong>\u00a0Documento anal\u00edtico comparando a \u00e1rea real medida no georreferenciamento com a \u00e1rea atualmente cadastrada no banco de dados do IPTU.<\/li>\n<li><strong>Plataforma de Visualiza\u00e7\u00e3o (WebGIS):<\/strong>\u00a0Interface de software que permita aos servidores a consulta espacial dos dados, sem necessidade de softwares propriet\u00e1rios complexos.<\/li>\n<li><strong>Capacita\u00e7\u00e3o:<\/strong>\u00a0Transfer\u00eancia de conhecimento para os servidores da \u00e1rea t\u00e9cnica para a correta gest\u00e3o e fiscaliza\u00e7\u00e3o contratual.<\/li>\n<\/ul>\n<p>&nbsp;<\/p>\n<ul>\n<li><strong>Justificativa de Qualidade<\/strong><\/li>\n<\/ul>\n<p><strong>\u00a0<\/strong><\/p>\n<p>Conforme o Art. 7\u00ba, inciso II, do Decreto 007\/2024, esta especifica\u00e7\u00e3o inclui crit\u00e9rios de sustentabilidade e qualidade t\u00e9cnica que s\u00e3o indispens\u00e1veis para o sucesso da arrecada\u00e7\u00e3o. A escolha por uma solu\u00e7\u00e3o integrada (produto + servi\u00e7o + treinamento) justifica-se pela necessidade de um resultado que gere economicidade e melhor aproveitamento dos recursos humanos de Vila Flor.<\/p>\n<ol start=\"5\">\n<li>REQUISITOS DA CONTRATA\u00c7\u00c3O<\/li>\n<\/ol>\n<ul>\n<li>REQUISITOS T\u00c9CNICOS E OPERACIONAIS<\/li>\n<\/ul>\n<ul>\n<li>Capacidade T\u00e9cnica Especializada: A contratada deve demonstrar conhecimento t\u00e9cnico-operacional comprovado na execu\u00e7\u00e3o de aerofotogrametria e sistemas de geoinforma\u00e7\u00e3o (SIG).<\/li>\n<li>Apoio e Deslocamento T\u00e9cnico: Deve ser exigido que os servi\u00e7os de suporte e manuten\u00e7\u00e3o sejam prestados mediante deslocamento de t\u00e9cnicos ou disponibilizados em unidade com dist\u00e2ncia compat\u00edvel com as necessidades da Prefeitura de Vila Flor.<\/li>\n<li>Uso de Recursos Locais: Sempre que poss\u00edvel, deve-se avaliar a utiliza\u00e7\u00e3o de m\u00e3o de obra e materiais existentes no local, desde que n\u00e3o prejudique a efici\u00eancia do contrato ou a competitividade.<\/li>\n<li>Qualidade e Desempenho: A especifica\u00e7\u00e3o deve assegurar padr\u00f5es m\u00ednimos de precis\u00e3o cartogr\u00e1fica, essenciais para que o georreferenciamento sirva de base fidedigna para a atualiza\u00e7\u00e3o do Cadastro Imobili\u00e1rio Multifinalit\u00e1rio.\n<ul>\n<li>REQUISITOS DE PLANEJAMENTO E SUSTENTABILIDADE<\/li>\n<\/ul>\n<\/li>\n<li>Alinhamento Estrat\u00e9gico: A contrata\u00e7\u00e3o deve estar estritamente alinhada ao Plano de Contrata\u00e7\u00f5es Anual e a outros instrumentos de planejamento da Administra\u00e7\u00e3o Municipal.<\/li>\n<li>Sustentabilidade: Devem ser previstos crit\u00e9rios e pr\u00e1ticas de sustentabilidade, observando legisla\u00e7\u00f5es espec\u00edficas e impactos ambientais, incluindo, se aplic\u00e1vel, o baixo consumo de energia e log\u00edstica reversa.<\/li>\n<li>Levantamento de Mercado: A solu\u00e7\u00e3o deve ser precedida por uma an\u00e1lise de alternativas poss\u00edveis, justificando a escolha t\u00e9cnica e econ\u00f4mica para garantir que Vila Flor adote as metodologias mais inovadoras e menos onerosas.\n<ul>\n<li>REQUISITOS DE GEST\u00c3O E FISCALIZA\u00c7\u00c3O<\/li>\n<\/ul>\n<\/li>\n<li>Capacita\u00e7\u00e3o de Servidores: A solu\u00e7\u00e3o deve incluir a provid\u00eancia de capacitar os servidores ou empregados municipais para a efetiva fiscaliza\u00e7\u00e3o e gest\u00e3o do contrato, garantindo a continuidade do servi\u00e7o.<\/li>\n<li>Interdepend\u00eancia: Devem ser considerados os requisitos relacionados \u00e0 manuten\u00e7\u00e3o e assist\u00eancia t\u00e9cnica da solu\u00e7\u00e3o como um todo, prevendo a integra\u00e7\u00e3o com outras contrata\u00e7\u00f5es correlatas da prefeitura.<\/li>\n<li>Adequa\u00e7\u00e3o ao Interesse P\u00fablico: O projeto deve conter um posicionamento conclusivo que demonstre a adequa\u00e7\u00e3o da contrata\u00e7\u00e3o para resolver o problema da defasagem na arrecada\u00e7\u00e3o tribut\u00e1ria sob a perspectiva do interesse p\u00fablico.<\/li>\n<\/ul>\n<p>4.4. SUBCONTRATA\u00c7\u00c3O<\/p>\n<p>N\u00e3o \u00e9 admitida a subcontrata\u00e7\u00e3o do objeto contratual.<\/p>\n<p><strong>4.5. GARANTIA DA CONTRATA\u00c7\u00c3O<\/strong><\/p>\n<p>N\u00e3o haver\u00e1 exig\u00eancia da garantia da contrata\u00e7\u00e3o dos\u00a0<a href=\"http:\/\/www.planalto.gov.br\/ccivil_03\/_ato2019-2022\/2021\/lei\/L14133.htm#art96\">artigos 96 e seguintes da Lei n\u00ba 14.133, de 2021<\/a>, pelas raz\u00f5es constantes do Estudo T\u00e9cnico Preliminar.<\/p>\n<ol start=\"6\">\n<li>MODELO DE EXECU\u00c7\u00c3O DO OBJETO<\/li>\n<\/ol>\n<p>5.1.Condi\u00e7\u00f5es de Presta\u00e7\u00e3o de Servi\u00e7os<\/p>\n<p>A execu\u00e7\u00e3o do objeto dar-se-\u00e1 de forma pontual e coordenada, devendo a contratada observar os seguintes prazos e condi\u00e7\u00f5es:<\/p>\n<p><strong>Prazo de In\u00edcio:<\/strong>\u00a0A presta\u00e7\u00e3o dos servi\u00e7os preparat\u00f3rios deve iniciar em at\u00e9 02 (dois) dias ap\u00f3s a emiss\u00e3o da Ordem de Servi\u00e7o.<\/p>\n<p><strong>Comunica\u00e7\u00e3o de Impedimentos:<\/strong>\u00a0Caso ocorra impossibilidade de execu\u00e7\u00e3o na data aprazada, a contratada dever\u00e1 comunicar formalmente com anteced\u00eancia m\u00ednima de 24 (vinte e quatro) horas, ressalvados casos fortuitos ou de for\u00e7a maior.<\/p>\n<p>O modelo de execu\u00e7\u00e3o fundamenta-se na divis\u00e3o de responsabilidades entre a\u00a0<strong>Contratada<\/strong>, a\u00a0<strong>\u00c1rea T\u00e9cnica<\/strong>\u00a0e o\u00a0<strong>Requisitante<\/strong>, garantindo que cada etapa contribua para o resultado final de justi\u00e7a fiscal e atualiza\u00e7\u00e3o cadastral.<\/p>\n<ul>\n<li><strong>Etapa de Planejamento e Mobiliza\u00e7\u00e3o<\/strong><\/li>\n<\/ul>\n<ul>\n<li><strong>Equipe de Planejamento:<\/strong>\u00a0Constitui\u00e7\u00e3o formal do grupo de agentes com compet\u00eancias t\u00e9cnicas e operacionais para acompanhar o in\u00edcio dos trabalhos.<\/li>\n<li><strong>Plano de Trabalho Detalhado:<\/strong>\u00a0Entrega do cronograma de voos e levantamentos terrestres, alinhado ao Plano de Contrata\u00e7\u00f5es Anual do munic\u00edpio.<\/li>\n<li><strong>Provid\u00eancias Administrativas:<\/strong>\u00a0Identifica\u00e7\u00e3o de necessidades de licen\u00e7as ou autoriza\u00e7\u00f5es junto a \u00f3rg\u00e3os de controle do espa\u00e7o a\u00e9reo, conforme as provid\u00eancias pr\u00e9vias exigidas pelo decreto.\n<ul>\n<li><strong>Levantamento e Aquisi\u00e7\u00e3o de Dados (Campo e Remoto)<\/strong><\/li>\n<\/ul>\n<\/li>\n<li><strong>Voo Aerofotogram\u00e9trico:<\/strong>\u00a0Utiliza\u00e7\u00e3o de tecnologias que permitam o cumprimento dos requisitos de qualidade e desempenho estabelecidos.<\/li>\n<li><strong>Apoio Terrestre:<\/strong>\u00a0Instala\u00e7\u00e3o de marcos geod\u00e9sicos para garantir a precis\u00e3o centim\u00e9trica necess\u00e1ria \u00e0 base tribut\u00e1ria.<\/li>\n<li><strong>Vistoria In Loco (Opcional):<\/strong>\u00a0Utiliza\u00e7\u00e3o de m\u00e3o de obra local para apoio na identifica\u00e7\u00e3o de logradouros, desde que n\u00e3o prejudique a efici\u00eancia do contrato.\n<ul>\n<li><strong>Processamento e Vetoriza\u00e7\u00e3o (Gera\u00e7\u00e3o do Produto)<\/strong><\/li>\n<\/ul>\n<\/li>\n<li><strong>Gera\u00e7\u00e3o do Ortomosaico:<\/strong>\u00a0Processamento das imagens para cria\u00e7\u00e3o da base cartogr\u00e1fica atualizada.<\/li>\n<li><strong>Restitui\u00e7\u00e3o Fotogram\u00e9trica:<\/strong>\u00a0Mapeamento vetorial de todas as edifica\u00e7\u00f5es e lotes, visando evidenciar o problema do vazio cadastral sob a perspectiva do interesse p\u00fablico.<\/li>\n<li><strong>Cruzamento de Dados:<\/strong>\u00a0Compara\u00e7\u00e3o automatizada entre a \u00e1rea real detectada e o banco de dados do IPTU atual da prefeitura.\n<ul>\n<li><strong>Integra\u00e7\u00e3o e Entrega Tecnol\u00f3gica<\/strong><\/li>\n<\/ul>\n<\/li>\n<li><strong>Implanta\u00e7\u00e3o do SIG Web:<\/strong>\u00a0Disponibiliza\u00e7\u00e3o da solu\u00e7\u00e3o como um todo, incluindo as exig\u00eancias de manuten\u00e7\u00e3o e assist\u00eancia t\u00e9cnica.<\/li>\n<li><strong>Capacita\u00e7\u00e3o de Servidores:<\/strong>\u00a0Treinamento dos agentes municipais para que possam operar o sistema e realizar a gest\u00e3o contratual de forma aut\u00f4noma.<\/li>\n<li><strong>Posicionamento Conclusivo:<\/strong>\u00a0Emiss\u00e3o de relat\u00f3rio pela fiscaliza\u00e7\u00e3o atestando a adequa\u00e7\u00e3o da contrata\u00e7\u00e3o para o atendimento da necessidade municipal.\n<ul>\n<li><strong>Recebimento e Avalia\u00e7\u00e3o de Resultados<\/strong><\/li>\n<\/ul>\n<\/li>\n<li><strong>Verifica\u00e7\u00e3o de Requisitos:<\/strong>\u00a0A \u00e1rea t\u00e9cnica validar\u00e1 se o produto entrega os padr\u00f5es m\u00ednimos de qualidade definidos no Termo de Refer\u00eancia.<\/li>\n<li><strong>Demonstrativo de Economicidade:<\/strong>\u00a0Relat\u00f3rio final demonstrando o incremento projetado na arrecada\u00e7\u00e3o e o melhor aproveitamento dos recursos financeiros dispon\u00edveis.<\/li>\n<li><strong>Manuten\u00e7\u00e3o:<\/strong>\u00a0In\u00edcio do per\u00edodo de suporte t\u00e9cnico, assegurando a continuidade da solu\u00e7\u00e3o tecnol\u00f3gica.\n<ol start=\"7\">\n<li>MODELO DE GEST\u00c3O DO CONTRATO<\/li>\n<\/ol>\n<\/li>\n<\/ul>\n<p>O contrato dever\u00e1 ser executado fielmente pelas partes, de acordo com as cl\u00e1usulas aven\u00e7adas e as normas da Lei n\u00ba 14.133, de 2021, e cada parte responder\u00e1 pelas consequ\u00eancias de sua inexecu\u00e7\u00e3o total ou parcial.<\/p>\n<p>Em caso de impedimento, ordem de paralisa\u00e7\u00e3o ou suspens\u00e3o do contrato, o cronograma de execu\u00e7\u00e3o ser\u00e1 prorrogado automaticamente pelo tempo correspondente, anotadas tais circunst\u00e2ncias mediante simples apostila.<\/p>\n<p>As comunica\u00e7\u00f5es entre o \u00f3rg\u00e3o ou entidade e a contratada devem ser realizadas por escrito sempre que o ato exigir tal formalidade, admitindo-se o uso de mensagem eletr\u00f4nica para esse fim.<\/p>\n<p>O \u00f3rg\u00e3o ou entidade poder\u00e1 convocar representante da empresa para ado\u00e7\u00e3o de provid\u00eancias que devam ser cumpridas de imediato.<\/p>\n<p>Ap\u00f3s a assinatura do contrato ou instrumento equivalente,\u00a0o \u00f3rg\u00e3o ou entidade poder\u00e1 convocar o representante da empresa contratada para reuni\u00e3o inicial para apresenta\u00e7\u00e3o do plano de fiscaliza\u00e7\u00e3o, que conter\u00e1 informa\u00e7\u00f5es acerca das obriga\u00e7\u00f5es contratuais, dos mecanismos de fiscaliza\u00e7\u00e3o, das estrat\u00e9gias para execu\u00e7\u00e3o do objeto, do plano complementar de execu\u00e7\u00e3o da contratada, quando houver, do m\u00e9todo de aferi\u00e7\u00e3o dos resultados e das san\u00e7\u00f5es aplic\u00e1veis, dentre outros.<\/p>\n<p><strong>6.1 Fiscaliza\u00e7\u00e3o<\/strong><\/p>\n<p>A execu\u00e7\u00e3o do contrato dever\u00e1 ser acompanhada e fiscalizada pelo(s) fiscal(is) do contrato, ou pelos respectivos substitutos (<a href=\"http:\/\/www.planalto.gov.br\/ccivil_03\/_ato2019-2022\/2021\/lei\/L14133.htm#art117\">Lei n\u00ba 14.133, de 2021, art. 117, caput<\/a>).<\/p>\n<ul>\n<li>Fiscal do Contrato<\/li>\n<\/ul>\n<p>O fiscal do contrato acompanhar\u00e1 a execu\u00e7\u00e3o do contrato, para que sejam cumpridas todas as condi\u00e7\u00f5es estabelecidas no contrato, de modo a assegurar os melhores resultados para a Administra\u00e7\u00e3o ou comunica\u00e7\u00e3o. (Decreto n\u00ba 11.246, de 2022, art. 22, VI);<\/p>\n<p>O fiscal do contrato do contrato anotar\u00e1 no hist\u00f3rico de gerenciamento do contrato todas as ocorr\u00eancias relacionadas \u00e0 execu\u00e7\u00e3o do contrato, com a descri\u00e7\u00e3o do que for necess\u00e1rio para a regulariza\u00e7\u00e3o das faltas ou dos defeitos observados. (<a href=\"http:\/\/www.planalto.gov.br\/ccivil_03\/_ato2019-2022\/2021\/lei\/L14133.htm#art117%C2%A71\">Lei n\u00ba 14.133, de 2021, art. 117, \u00a71\u00ba<\/a>, e\u00a0<a href=\"https:\/\/www.planalto.gov.br\/ccivil_03\/_ato2019-2022\/2022\/Decreto\/D11246.htm#art22\">Decreto n\u00ba 11.246, de 2022, art. 22, II);<\/a><\/p>\n<p>Identificada qualquer inexatid\u00e3o ou irregularidade, o fiscal do contrato do contrato emitir\u00e1 notifica\u00e7\u00f5es para a corre\u00e7\u00e3o da execu\u00e7\u00e3o do contrato, determinando prazo para a corre\u00e7\u00e3o. (<a href=\"https:\/\/www.planalto.gov.br\/ccivil_03\/_ato2019-2022\/2022\/Decreto\/D11246.htm#art22\">Decreto n\u00ba 11.246, de 2022, art. 22, III<\/a>);<\/p>\n<p>O fiscal do contrato do contrato informar\u00e1 ao gestor do contato, em tempo h\u00e1bil, a situa\u00e7\u00e3o que demandar decis\u00e3o ou ado\u00e7\u00e3o de medidas que ultrapassem sua compet\u00eancia, para que adote as medidas necess\u00e1rias e saneadoras, se for o caso. (<a href=\"https:\/\/www.planalto.gov.br\/ccivil_03\/_ato2019-2022\/2022\/Decreto\/D11246.htm#art22\">Decreto n\u00ba 11.246, de 2022, art. 22, IV<\/a>).<\/p>\n<p>No caso de ocorr\u00eancias que possam inviabilizar a execu\u00e7\u00e3o do contrato nas datas aprazadas, o fiscal do contrato do contrato comunicar\u00e1 o fato imediatamente ao fiscal do contrato. (<a href=\"https:\/\/www.planalto.gov.br\/ccivil_03\/_ato2019-2022\/2022\/Decreto\/D11246.htm#art22\">Decreto n\u00ba 11.246, de 2022, art. 22, V<\/a>).<\/p>\n<p>O fiscal do contrato do contrato comunicar\u00e1 ao fiscal do contrato, em tempo h\u00e1bil, o t\u00e9rmino do contrato sob sua responsabilidade, com vistas \u00e0 renova\u00e7\u00e3o tempestiva ou \u00e0 prorroga\u00e7\u00e3o contratual\u00a0<a href=\"https:\/\/www.planalto.gov.br\/ccivil_03\/_ato2019-2022\/2022\/Decreto\/D11246.htm#art22\">(Decreto n\u00ba 11.246, de 2022, art. 22, VII<\/a>).<\/p>\n<p><strong>6.3. Fiscaliza\u00e7\u00e3o Administrativa<\/strong><\/p>\n<p>O fiscal administrativo do contrato verificar\u00e1 a manuten\u00e7\u00e3o das condi\u00e7\u00f5es de habilita\u00e7\u00e3o da contratada, acompanhar\u00e1 o empenho, o pagamento, as garantias, as glosas e a formaliza\u00e7\u00e3o de apostilamento e termos aditivos, solicitando quaisquer documentos comprobat\u00f3rios pertinentes, caso necess\u00e1rio (<a href=\"https:\/\/www.planalto.gov.br\/ccivil_03\/_ato2019-2022\/2022\/Decreto\/D11246.htm#art23\">Art. 23, I e II, do Decreto n\u00ba 11.246, de 2022<\/a>).<\/p>\n<p>Caso ocorra descumprimento das obriga\u00e7\u00f5es contratuais, o fiscal administrativo do contrato atuar\u00e1 tempestivamente na solu\u00e7\u00e3o do problema, reportando ao fiscal do contrato para que tome as provid\u00eancias cab\u00edveis, quando ultrapassar a sua compet\u00eancia; (<a href=\"https:\/\/www.planalto.gov.br\/ccivil_03\/_ato2019-2022\/2022\/Decreto\/D11246.htm#art23\">Decreto n\u00ba 11.246, de 2022, art. 23, IV<\/a>).<\/p>\n<p>O fiscal do contrato coordenar\u00e1 a atualiza\u00e7\u00e3o do processo de acompanhamento e fiscaliza\u00e7\u00e3o do contrato contendo todos os registros formais da execu\u00e7\u00e3o no hist\u00f3rico de gerenciamento do contrato, a exemplo da ordem de servi\u00e7o, do registro de ocorr\u00eancias, das altera\u00e7\u00f5es e das prorroga\u00e7\u00f5es contratuais, elaborando relat\u00f3rio com vistas \u00e0 verifica\u00e7\u00e3o da necessidade de adequa\u00e7\u00f5es do contrato para fins de atendimento da finalidade da Administra\u00e7\u00e3o ou comunica\u00e7\u00e3o. (Decreto n\u00ba 11.246, de 2022, art. 21, IV).<\/p>\n<p>O fiscal do contrato acompanhar\u00e1 os registros realizados pelos fiscais do contrato, de todas as ocorr\u00eancias relacionadas \u00e0 execu\u00e7\u00e3o do contrato e as medidas adotadas, informando, se for o caso, \u00e0 autoridade superior \u00e0quelas que ultrapassarem a sua compet\u00eancia. (Decreto n\u00ba 11.246, de 2022, art. 21, II).<\/p>\n<p>O fiscal do contrato acompanhar\u00e1 a manuten\u00e7\u00e3o das condi\u00e7\u00f5es de habilita\u00e7\u00e3o da contratada, para fins de empenho de despesa e pagamento, e anotar\u00e1 os problemas que obstem o fluxo normal da liquida\u00e7\u00e3o e do pagamento da despesa no relat\u00f3rio de riscos eventuais. (Decreto n\u00ba 11.246, de 2022, art. 21, III).<\/p>\n<p>O fiscal do contrato emitir\u00e1 documento comprobat\u00f3rio da avalia\u00e7\u00e3o realizada pelos fiscais t\u00e9cnico, administrativo e setorial quanto ao cumprimento de obriga\u00e7\u00f5es assumidas pelo contratado, com men\u00e7\u00e3o ao seu desempenho na execu\u00e7\u00e3o contratual, baseado nos indicadores objetivamente definidos e aferidos, e a eventuais penalidades aplicadas, devendo constar do cadastro de atesto de cumprimento de obriga\u00e7\u00f5es. (Decreto n\u00ba 11.246, de 2022, art. 21, VIII).<\/p>\n<p>O fiscal do contrato tomar\u00e1 provid\u00eancias para a formaliza\u00e7\u00e3o de processo administrativo de responsabiliza\u00e7\u00e3o para fins de aplica\u00e7\u00e3o de san\u00e7\u00f5es, a ser conduzido pela comiss\u00e3o de que trata o art. 158 da Lei n\u00ba 14.133, de 2021, ou pelo agente ou pelo setor com compet\u00eancia para tal, conforme o caso. (Decreto n\u00ba 11.246, de 2022, art. 21, X).<\/p>\n<p>O fiscal do contrato dever\u00e1 elaborar relat\u00f3rio final com informa\u00e7\u00f5es sobre a consecu\u00e7\u00e3o dos objetivos que tenham justificado a contrata\u00e7\u00e3o e eventuais condutas a serem adotadas para o aprimoramento das atividades da Administra\u00e7\u00e3o ou comunica\u00e7\u00e3o. (Decreto n\u00ba 11.246, de 2022, art. 21, VI).<\/p>\n<p>O fiscal do contrato dever\u00e1 enviar a documenta\u00e7\u00e3o pertinente ao setor de contratos para a formaliza\u00e7\u00e3o dos procedimentos de liquida\u00e7\u00e3o e pagamento, no valor dimensionado pela fiscaliza\u00e7\u00e3o e gest\u00e3o nos termos do contrato.<\/p>\n<ol start=\"8\">\n<li>CRIT\u00c9RIOS DE COMPROVA\u00c7\u00c3O DE PRESTA\u00c7\u00c3O DE SERVI\u00c7OS E DE PAGAMENTO<\/li>\n<li>Recebimento<\/li>\n<\/ol>\n<p>Os servi\u00e7os ser\u00e3o recebidos provisoriamente, no ato da entrega, juntamente com a nota fiscal ou instrumento de cobran\u00e7a equivalente, pelo(a) respons\u00e1vel pelo acompanhamento e fiscaliza\u00e7\u00e3o do contrato, para efeito de posterior verifica\u00e7\u00e3o de sua conformidade com as especifica\u00e7\u00f5es constantes no Termo de Refer\u00eancia e na proposta.<\/p>\n<p>Os servi\u00e7os poder\u00e3o ser rejeitados, no todo ou em parte, inclusive antes do recebimento provis\u00f3rio, quando em desacordo com as especifica\u00e7\u00f5es constantes no Termo de Refer\u00eancia e na proposta, devendo ser substitu\u00eddos no prazo de 24 (vinte e quatro) horas, a contar da notifica\u00e7\u00e3o da contratada, \u00e0s suas custas, sem preju\u00edzo da aplica\u00e7\u00e3o das penalidades.<\/p>\n<p>O recebimento definitivo ocorrer\u00e1 no prazo de 20 dias \u00fateis, a contar do recebimento da nota fiscal ou instrumento de cobran\u00e7a equivalente pela Administra\u00e7\u00e3o ou comunica\u00e7\u00e3o, ap\u00f3s a verifica\u00e7\u00e3o da qualidade e quantidade do material e consequente aceita\u00e7\u00e3o mediante termo detalhado.<\/p>\n<p>O prazo para recebimento definitivo poder\u00e1 ser excepcionalmente prorrogado, de forma justificada, por igual per\u00edodo, quando houver necessidade de dilig\u00eancias para a aferi\u00e7\u00e3o do atendimento das exig\u00eancias contratuais.<\/p>\n<p>No caso de controv\u00e9rsia sobre a execu\u00e7\u00e3o do objeto, quanto \u00e0 dimens\u00e3o, qualidade e quantidade, dever\u00e1 ser observado o teor do\u00a0<a href=\"http:\/\/www.planalto.gov.br\/ccivil_03\/_ato2019-2022\/2021\/lei\/L14133.htm#art143\">art. 143 da Lei n\u00ba 14.133, de 2021<\/a>, comunicando-se \u00e0 empresa para emiss\u00e3o de Nota Fiscal no que pertine \u00e0 parcela incontroversa da execu\u00e7\u00e3o do objeto, para efeito de liquida\u00e7\u00e3o e pagamento.<\/p>\n<p>O prazo para a solu\u00e7\u00e3o, pelo contratado, de inconsist\u00eancias na execu\u00e7\u00e3o do objeto ou de saneamento da nota fiscal ou de instrumento de cobran\u00e7a equivalente, verificadas pela Administra\u00e7\u00e3o ou comunica\u00e7\u00e3o durante a an\u00e1lise pr\u00e9via \u00e0 liquida\u00e7\u00e3o de despesa, n\u00e3o ser\u00e1 computado para os fins do recebimento definitivo.<\/p>\n<p>O recebimento provis\u00f3rio ou definitivo n\u00e3o excluir\u00e1 a responsabilidade civil pela solidez e pela seguran\u00e7a dos servi\u00e7os nem a responsabilidade \u00e9tico-profissional pela perfeita execu\u00e7\u00e3o do contrato.<\/p>\n<ol start=\"10\">\n<li>Liquida\u00e7\u00e3o<\/li>\n<\/ol>\n<p>Recebida a Nota Fiscal ou documento de cobran\u00e7a equivalente, correr\u00e1 o prazo de dez dias \u00fateis para fins de liquida\u00e7\u00e3o, na forma desta se\u00e7\u00e3o, prorrog\u00e1veis por igual per\u00edodo, nos termos do art. 7\u00ba, \u00a73\u00ba da Instru\u00e7\u00e3o Normativa SEGES\/ME n\u00ba 77\/2022.<\/p>\n<p>O prazo de que trata o item anterior ser\u00e1 reduzido \u00e0 metade, mantendo-se a possibilidade de prorroga\u00e7\u00e3o, no caso de contrata\u00e7\u00f5es decorrentes de despesas cujos valores n\u00e3o ultrapassem o limite de que trata o\u00a0<a href=\"http:\/\/www.planalto.gov.br\/ccivil_03\/_ato2019-2022\/2021\/lei\/L14133.htm#art75\">inciso II do art. 75 da Lei n\u00ba 14.133, de 2021<\/a>.<\/p>\n<p>Para fins de liquida\u00e7\u00e3o, o setor competente dever\u00e1 verificar se a nota fiscal ou instrumento de cobran\u00e7a equivalente apresentado expressa os elementos necess\u00e1rios e essenciais do documento, tais como:<\/p>\n<p>o prazo de validade;<\/p>\n<p>a data da emiss\u00e3o;<\/p>\n<p>os dados do contrato e do \u00f3rg\u00e3o contratante;<\/p>\n<p>o per\u00edodo respectivo de execu\u00e7\u00e3o do contrato;<\/p>\n<p>o valor a pagar; e<\/p>\n<p>eventual destaque do valor de reten\u00e7\u00f5es tribut\u00e1rias cab\u00edveis.<\/p>\n<p>Havendo erro na apresenta\u00e7\u00e3o da nota fiscal ou instrumento de cobran\u00e7a equivalente, ou circunst\u00e2ncia que impe\u00e7a a liquida\u00e7\u00e3o da despesa, esta ficar\u00e1 sobrestada at\u00e9 que o contratado providencie as medidas saneadoras, reiniciando-se o prazo ap\u00f3s a comprova\u00e7\u00e3o da regulariza\u00e7\u00e3o da situa\u00e7\u00e3o, sem \u00f4nus ao contratante;<\/p>\n<p>A nota fiscal ou instrumento de cobran\u00e7a equivalente dever\u00e1 ser obrigatoriamente acompanhado da comprova\u00e7\u00e3o da regularidade fiscal, constatada por meio de consulta on-line ao SICAF ou, na impossibilidade de acesso ao referido Sistema, mediante consulta aos s\u00edtios eletr\u00f4nicos oficiais ou \u00e0 documenta\u00e7\u00e3o mencionada no\u00a0<a href=\"http:\/\/www.planalto.gov.br\/ccivil_03\/_ato2019-2022\/2021\/lei\/L14133.htm#art68\">art. 68 da Lei n\u00ba 14.133, de 2021.\u00a0<\/a><\/p>\n<p>A Administra\u00e7\u00e3o ou comunica\u00e7\u00e3o dever\u00e1 realizar consulta ao SICAF para: a) verificar a manuten\u00e7\u00e3o das condi\u00e7\u00f5es de habilita\u00e7\u00e3o exigidas no edital; b) identificar poss\u00edvel raz\u00e3o que impe\u00e7a a participa\u00e7\u00e3o em licita\u00e7\u00e3o, no \u00e2mbito do \u00f3rg\u00e3o ou entidade, proibi\u00e7\u00e3o de contratar com o Poder P\u00fablico, bem como ocorr\u00eancias impeditivas indiretas (INSTRU\u00c7\u00c3O NORMATIVA N\u00ba 3, DE 26 DE ABRIL DE 2018).<\/p>\n<p>Constatando-se, junto ao SICAF, a situa\u00e7\u00e3o de irregularidade do contratado, ser\u00e1 providenciada sua notifica\u00e7\u00e3o, por escrito, para que, no prazo de 5 (cinco) dias \u00fateis, regularize sua situa\u00e7\u00e3o ou, no mesmo prazo, apresente sua defesa. O prazo poder\u00e1 ser prorrogado uma vez, por igual per\u00edodo, a crit\u00e9rio do contratante.<\/p>\n<p>N\u00e3o havendo regulariza\u00e7\u00e3o ou sendo a defesa considerada improcedente, o contratante dever\u00e1 comunicar aos \u00f3rg\u00e3os respons\u00e1veis pela fiscaliza\u00e7\u00e3o da regularidade fiscal quanto \u00e0 inadimpl\u00eancia do contratado, bem como quanto \u00e0 exist\u00eancia de pagamento a ser efetuado, para que sejam acionados os meios pertinentes e necess\u00e1rios para garantir o recebimento de seus cr\u00e9ditos.<\/p>\n<p>Persistindo a irregularidade, o contratante dever\u00e1 adotar as medidas necess\u00e1rias \u00e0 rescis\u00e3o contratual nos autos do processo administrativo correspondente, assegurada ao contratado a ampla defesa.<\/p>\n<p>Havendo a efetiva execu\u00e7\u00e3o do objeto, os pagamentos ser\u00e3o realizados normalmente, at\u00e9 que se decida pela rescis\u00e3o do contrato, caso o contratado n\u00e3o regularize sua situa\u00e7\u00e3o junto ao SICAF.<\/p>\n<ol start=\"11\">\n<li>Prazo de pagamento<\/li>\n<\/ol>\n<p>O pagamento ser\u00e1 efetuado no prazo de at\u00e9 30 (trinta) dias \u00fateis contados da finaliza\u00e7\u00e3o da liquida\u00e7\u00e3o da despesa, conforme se\u00e7\u00e3o anterior, nos termos da\u00a0<a href=\"https:\/\/in.gov.br\/en\/web\/dou\/-\/instrucao-normativa-seges\/me-n-77-de-4-de-novembro-de-2022-441681061\">Instru\u00e7\u00e3o Normativa SEGES\/ME n\u00ba 77, de 2022<\/a>.<\/p>\n<p>No caso de atraso pelo Contratante, os valores devidos ao contratado ser\u00e3o atualizados monetariamente entre o termo final do prazo de pagamento at\u00e9 a data de sua efetiva realiza\u00e7\u00e3o, mediante aplica\u00e7\u00e3o do \u00edndice IPCA de corre\u00e7\u00e3o monet\u00e1ria.<\/p>\n<ol start=\"12\">\n<li>Forma de pagamento<\/li>\n<\/ol>\n<p>O pagamento ser\u00e1 realizado por meio de ordem banc\u00e1ria, para cr\u00e9dito em banco, ag\u00eancia e conta corrente indicados pelo contratado.<\/p>\n<p>Ser\u00e1 considerada data do pagamento o dia em que constar como emitida a ordem banc\u00e1ria para pagamento.<\/p>\n<p>Quando do pagamento, ser\u00e1 efetuada a reten\u00e7\u00e3o tribut\u00e1ria prevista na legisla\u00e7\u00e3o aplic\u00e1vel.<\/p>\n<p>Independentemente do percentual de tributo inserido na planilha, quando houver, ser\u00e3o retidos na fonte, quando da realiza\u00e7\u00e3o do pagamento, os percentuais estabelecidos na legisla\u00e7\u00e3o vigente.<\/p>\n<p>O contratado regularmente optante pelo Simples Nacional, nos termos da\u00a0<a href=\"https:\/\/www.planalto.gov.br\/ccivil_03\/leis\/lcp\/lcp123.htm\">Lei Complementar n\u00ba 123, de 2006<\/a>, n\u00e3o sofrer\u00e1 a reten\u00e7\u00e3o tribut\u00e1ria quanto aos impostos e contribui\u00e7\u00f5es abrangidos por aquele regime. No entanto, o pagamento ficar\u00e1 condicionado \u00e0 apresenta\u00e7\u00e3o de comprova\u00e7\u00e3o, por meio de documento oficial, de que faz jus ao tratamento tribut\u00e1rio favorecido previsto na referida Lei Complementar.<\/p>\n<ol start=\"13\">\n<li>FORMA E CRIT\u00c9RIOS DE SELE\u00c7\u00c3O DO FORNECEDOR E FORMA DE FORNECIMENTO<\/li>\n<li>Forma de sele\u00e7\u00e3o e crit\u00e9rio de julgamento da proposta<\/li>\n<\/ol>\n<p>O fornecedor ser\u00e1 selecionado por meio da realiza\u00e7\u00e3o de procedimento de DISPENSA DE LICITA\u00c7\u00c3O, com ado\u00e7\u00e3o do crit\u00e9rio de julgamento pelo MENOR PRE\u00c7O GLOBAL<\/p>\n<ol start=\"15\">\n<li>Forma de fornecimento<\/li>\n<\/ol>\n<p>O fornecimento do objeto ser\u00e1 parcelado<\/p>\n<ol start=\"16\">\n<li>ADEQUA\u00c7\u00c3O OR\u00c7AMENT\u00c1RIA<\/li>\n<\/ol>\n<p>A dota\u00e7\u00e3o relativa aos exerc\u00edcios financeiros subsequentes ser\u00e1 indicada ap\u00f3s aprova\u00e7\u00e3o da Lei Or\u00e7ament\u00e1ria respectiva e libera\u00e7\u00e3o dos cr\u00e9ditos correspondentes, mediante apostilamento.<\/p>\n<p>Or\u00e7ament\u00e1ria respectiva e libera\u00e7\u00e3o dos cr\u00e9ditos correspondentes, mediante apostilamento.<\/p>\n<p>&nbsp;<\/p>\n<p><strong>DISPENSA DE LICITA\u00c7\u00c3O N\u00b0 008\/2026 \u2013 SETOR DE LICITA\u00c7\u00c3O<\/strong><\/p>\n<p>ANEXO II \u2013 MODELO DE PROPOSTA DE PRE\u00c7OS<\/p>\n<table>\n<tbody>\n<tr>\n<td colspan=\"4\" width=\"680\"><strong>PREFEITURA MUNICIPAL DE VILA FLOR<\/strong>&nbsp;<\/p>\n<p><strong>COMISS\u00c3O SETORIAL DE LICITA\u00c7\u00c3O<\/strong><\/p>\n<p><strong>COMISS\u00c3O DE LICITA\u00c7\u00c3O<\/strong><\/p>\n<p><strong>DISPENSA DE LICITA\u00c7\u00c3O N\u00ba\u00a0<\/strong><strong>008\/2026<\/strong><\/td>\n<\/tr>\n<tr>\n<td colspan=\"4\" width=\"680\"><strong>DADOS DA EMPRESA<\/strong><\/td>\n<\/tr>\n<tr>\n<td width=\"123\"><strong>RAZ\u00c3O SOCIAL<\/strong><\/td>\n<td colspan=\"3\" width=\"558\"><\/td>\n<\/tr>\n<tr>\n<td width=\"123\"><strong>CNPJ<\/strong><\/td>\n<td width=\"130\"><\/td>\n<td width=\"115\"><strong>ENDERE\u00c7O<\/strong><\/td>\n<td width=\"312\"><\/td>\n<\/tr>\n<tr>\n<td width=\"123\"><strong>TELEFONE<\/strong><\/td>\n<td width=\"130\"><\/td>\n<td width=\"115\"><strong>E-MAIL<\/strong><\/td>\n<td width=\"312\"><\/td>\n<\/tr>\n<tr>\n<td colspan=\"4\" width=\"680\"><strong>DADOS DO REPRESENTANTE LEGAL<\/strong><\/td>\n<\/tr>\n<tr>\n<td width=\"123\"><strong>NOME DO REPRESENTANTE LEGAL<\/strong><\/td>\n<td width=\"130\"><\/td>\n<td width=\"115\"><strong>TELEFONE DO REPRESENTANTE LEGAL<\/strong><\/td>\n<td width=\"312\"><\/td>\n<\/tr>\n<\/tbody>\n<\/table>\n<p><strong>\u00a0<\/strong><\/p>\n<table>\n<tbody>\n<tr>\n<td width=\"66\"><strong>\u00a0<\/strong>&nbsp;<\/p>\n<p><strong>OBJETO<\/strong><\/td>\n<td colspan=\"9\" width=\"613\"><strong>CONTRATA\u00c7\u00c3O DE EMPRESA ESPECIALIZADA PARA A EXECU\u00c7\u00c3O DE SERVI\u00c7OS DE GEORREFERENCIAMENTO URBANO E RURAL, VISANDO A ATUALIZA\u00c7\u00c3O DO CADASTRO IMOBILI\u00c1RIO MULTIFINALIT\u00c1RIO (CIM) DO MUNIC\u00cdPIO DE VILA FLOR\/RN<\/strong><\/td>\n<\/tr>\n<tr>\n<td rowspan=\"2\" width=\"66\"><strong>ITEM<\/strong><\/td>\n<td colspan=\"5\" rowspan=\"2\" width=\"265\"><strong>DESCRI\u00c7\u00c3O<\/strong><\/td>\n<td rowspan=\"2\" width=\"76\"><strong>Unidade de Medida<\/strong><\/td>\n<td rowspan=\"2\" width=\"76\"><strong>Qnt.<\/strong><\/td>\n<td colspan=\"2\" width=\"197\"><strong>PRE\u00c7O (R$)<\/strong><\/td>\n<\/tr>\n<tr>\n<td width=\"95\"><strong>UNIT\u00c1RIO<\/strong><\/td>\n<td width=\"102\"><strong>GLOGAL<\/strong><\/td>\n<\/tr>\n<tr>\n<td width=\"66\">1<\/td>\n<td colspan=\"5\" width=\"265\">Contrata\u00e7\u00e3o de empresa especializada para a execu\u00e7\u00e3o de servi\u00e7os de Georreferenciamento Urbano e Rural, visando a atualiza\u00e7\u00e3o do Cadastro Imobili\u00e1rio Multifinalit\u00e1rio (CIM) do Munic\u00edpio de Vila Flor\/RN<\/td>\n<td width=\"76\">Ser<\/td>\n<td width=\"76\">01<\/td>\n<td width=\"95\"><\/td>\n<td width=\"102\"><\/td>\n<\/tr>\n<tr>\n<td colspan=\"3\" width=\"152\"><strong>VALOR GLOBAL POR EXTENSO<\/strong><\/td>\n<td width=\"86\"><\/td>\n<td colspan=\"6\" width=\"442\"><\/td>\n<\/tr>\n<tr>\n<td colspan=\"2\" width=\"90\"><\/td>\n<td colspan=\"8\" width=\"589\">Declaramos que concordamos e atenderemos todas as exig\u00eancias do Aviso e seus anexos.<\/td>\n<\/tr>\n<tr>\n<td colspan=\"3\" width=\"152\"><strong>VALIDADE DA PROPOSTA<\/strong><\/td>\n<td colspan=\"2\" width=\"118\"><strong>\u00a0<\/strong><\/td>\n<td colspan=\"5\" width=\"409\"><strong>ASSINATURA DO REPRESENTANTE LEGAL DA EMPRESA<\/strong><\/td>\n<\/tr>\n<tr>\n<td width=\"66\"><\/td>\n<td width=\"25\"><\/td>\n<td width=\"61\"><\/td>\n<td width=\"86\"><\/td>\n<td width=\"33\"><\/td>\n<td width=\"61\"><\/td>\n<td width=\"76\"><\/td>\n<td width=\"76\"><\/td>\n<td width=\"95\"><\/td>\n<td width=\"102\"><\/td>\n<\/tr>\n<\/tbody>\n<\/table>\n<p>&nbsp;<\/p>\n<p><strong>\u00a0<\/strong><\/p>\n<p>DISPENSA DE LICITA\u00c7\u00c3O N\u00b0 008\/2026<\/p>\n<p>SETOR DE LICITA\u00c7\u00c3O<\/p>\n<p><strong>\u00a0<\/strong><\/p>\n<p><strong>\u00a0<\/strong><\/p>\n<p><strong>ANEXO III \u2013 MODELO DE DECLARA\u00c7\u00c3O DE CUMPRIMENTO DO DISPOSTO NO INC. XXXIII DO ART. 7\u00ba DA CONSTITUI\u00c7\u00c3O FEDERAL<\/strong><\/p>\n<p><strong>\u00a0<\/strong><\/p>\n<p><strong>\u00a0<\/strong><\/p>\n<p>REFERENTE: DISPENSA DE LICITA\u00c7\u00c3O N\u00b0 008\/2026 \u2013 SETOR DE LICITA\u00c7\u00c3O<\/p>\n<p><strong>\u00a0<\/strong><\/p>\n<p><strong>\u00a0<\/strong><\/p>\n<p>Declaramos, para os fins do disposto no inciso VI do art. 68 da Lei 14.133\/2021, que n\u00e3o empregamos menor de 18 (dezoito) anos em trabalho noturno, perigoso ou insalubre e n\u00e3o empregarmos menor de 16 (dezesseis) anos.<\/p>\n<p>&nbsp;<\/p>\n<p>Ressalva: emprega menor, a partir de 14 (quatorze) anos, na condi\u00e7\u00e3o de aprendiz ( ). Observa\u00e7\u00e3o: em caso afirmativo, assinalar a ressalva acima.<\/p>\n<p>&nbsp;<\/p>\n<p>&nbsp;<\/p>\n<p>Vila Flor,<u>\u00a0\u00a0\u00a0\u00a0\u00a0\u00a0\u00a0\u00a0\u00a0\u00a0<\/u>de\u00a0\u00a0\u00a0\u00a0\u00a0\u00a0\u00a0\u00a0\u00a0\u00a0\u00a0\u00a0\u00a0\u00a0\u00a0\u00a0\u00a0\u00a0\u00a0 de\u00a0<u>\u00a0\u00a0\u00a0\u00a0\u00a0\u00a0\u00a0\u00a0\u00a0\u00a0\u00a0\u00a0\u00a0\u00a0\u00a0\u00a0\u00a0\u00a0\u00a0\u00a0\u00a0\u00a0\u00a0\u00a0<\/u><\/p>\n<p>&nbsp;<\/p>\n<p>&nbsp;<\/p>\n<p>&nbsp;<\/p>\n<p>ASSINATURA DO REPRESENTANTE LEGAL DA EMPRESA<\/p>\n<p>&nbsp;<\/p>\n<p>&nbsp;<\/p>\n<p>DISPENSA DE LICITA\u00c7\u00c3O N\u00b0 008\/2026<\/p>\n<p>SETOR DE LICITA\u00c7\u00c3O<\/p>\n<p>&nbsp;<\/p>\n<p><strong>ANEXO IV \u2013 DECLARA\u00c7\u00c3O DE RESERVA DE CARGOS PCD, CONSOANTE ART. 92, DA LEI FEDERAL N\u201d 14.133\/2021<\/strong><\/p>\n<p><strong>\u00a0<\/strong><\/p>\n<p><strong>\u00a0<\/strong><\/p>\n<p><strong>\u00a0<\/strong><\/p>\n<p><strong>\u00a0<\/strong><\/p>\n<p>REFERENTE: DISPENSA DE LICITA\u00c7\u00c3O N\u00b0 008\/2026 \u2013 COMISS\u00c3O DE LICITA\u00c7\u00c3O<\/p>\n<p><strong>\u00a0<\/strong><\/p>\n<p><strong>\u00a0<\/strong><\/p>\n<p>A empresa<u>\u00a0\u00a0\u00a0\u00a0\u00a0\u00a0\u00a0\u00a0\u00a0\u00a0\u00a0\u00a0\u00a0\u00a0\u00a0\u00a0\u00a0\u00a0\u00a0\u00a0\u00a0\u00a0\u00a0<\/u>_<u>\u00a0\u00a0\u00a0\u00a0\u00a0\u00a0\u00a0\u00a0\u00a0\u00a0\u00a0\u00a0\u00a0\u00a0\u00a0\u00a0\u00a0\u00a0\u00a0\u00a0\u00a0\u00a0\u00a0\u00a0\u00a0\u00a0\u00a0\u00a0\u00a0\u00a0\u00a0\u00a0\u00a0\u00a0\u00a0\u00a0\u00a0\u00a0\u00a0<\/u>, declara para os devidos fins licitat\u00f3rios que cumpre as exig\u00eancias de reserva de cargos para Pessoa com Defici\u00eancia \u2014 PcD, para Reabilitado da Previd\u00eancia Social e para aprendiz, em aten\u00e7\u00e3o ao art. 92, inciso XVII da Lei n\u00b0 14.133\/2021.<\/p>\n<p>&nbsp;<\/p>\n<p>&nbsp;<\/p>\n<p>&nbsp;<\/p>\n<p>&nbsp;<\/p>\n<p>Vila Flor,<u>\u00a0\u00a0\u00a0\u00a0\u00a0\u00a0\u00a0\u00a0\u00a0\u00a0\u00a0\u00a0\u00a0\u00a0\u00a0\u00a0\u00a0\u00a0\u00a0\u00a0\u00a0\u00a0\u00a0\u00a0\u00a0\u00a0\u00a0\u00a0\u00a0\u00a0\u00a0\u00a0\u00a0\u00a0\u00a0\u00a0\u00a0\u00a0\u00a0\u00a0\u00a0\u00a0\u00a0\u00a0\u00a0\u00a0\u00a0\u00a0\u00a0\u00a0\u00a0\u00a0\u00a0\u00a0<\/u>de__________ de\u00a0<u>\u00a0\u00a0\u00a0\u00a0\u00a0\u00a0\u00a0\u00a0\u00a0\u00a0\u00a0\u00a0\u00a0\u00a0\u00a0\u00a0\u00a0\u00a0\u00a0\u00a0\u00a0\u00a0\u00a0\u00a0<\/u><\/p>\n<p>&nbsp;<\/p>\n<p>&nbsp;<\/p>\n<p>&nbsp;<\/p>\n<p>ASSINATURA DO REPRESENTANTE LEGAL DA EMPRESA<\/p>\n<p>&nbsp;<\/p>\n<p>&nbsp;<\/p>\n<p>DISPENSA DE LICITA\u00c7\u00c3O N\u00b0 008\/2026 \u2013 SETOR DE LICITA\u00c7\u00c3O<\/p>\n<p><strong>ANEXO V \u2013 DECLARA\u00c7\u00c3O IMPEDIMENTOS DO ART. 14 DA LEI FEDERAL N\u201d 14.133\/2021<\/strong><\/p>\n<p><strong>\u00a0<\/strong><\/p>\n<p><strong>\u00a0<\/strong><\/p>\n<p><strong>\u00a0<\/strong><\/p>\n<p>REFERENTE: DISPENSA DE LICITA\u00c7\u00c3O N\u00b0 008\/2026 \u2013 SETOR DE LICITA\u00c7\u00c3O<\/p>\n<p><strong>\u00a0<\/strong><\/p>\n<p><strong>\u00a0<\/strong><\/p>\n<p><strong>\u00a0<\/strong><\/p>\n<p><strong>\u00a0<\/strong><\/p>\n<p>A empresa<u>\u00a0\u00a0\u00a0\u00a0\u00a0\u00a0\u00a0\u00a0\u00a0\u00a0\u00a0\u00a0\u00a0\u00a0\u00a0\u00a0\u00a0\u00a0\u00a0\u00a0\u00a0\u00a0\u00a0\u00a0\u00a0\u00a0\u00a0\u00a0\u00a0\u00a0\u00a0\u00a0\u00a0\u00a0\u00a0\u00a0\u00a0\u00a0\u00a0\u00a0\u00a0\u00a0\u00a0\u00a0\u00a0\u00a0\u00a0\u00a0\u00a0\u00a0\u00a0\u00a0\u00a0\u00a0\u00a0\u00a0\u00a0\u00a0\u00a0\u00a0\u00a0\u00a0\u00a0\u00a0<\/u>_ , declara para os devidos fins licitat\u00f3rios que n\u00e3o incursa nos impedimentos para disputa de licita\u00e7\u00e3o ou execu\u00e7\u00e3o do contrato de que trata o art. 14 da Lei Federal n\u00b0 14.133\/2021.<\/p>\n<p>&nbsp;<\/p>\n<p>&nbsp;<\/p>\n<p>&nbsp;<\/p>\n<p>Vila Flor,<u>\u00a0\u00a0\u00a0\u00a0\u00a0\u00a0\u00a0\u00a0\u00a0\u00a0\u00a0\u00a0\u00a0\u00a0\u00a0\u00a0\u00a0\u00a0\u00a0\u00a0\u00a0\u00a0\u00a0\u00a0\u00a0\u00a0\u00a0\u00a0\u00a0\u00a0\u00a0\u00a0\u00a0\u00a0\u00a0\u00a0\u00a0\u00a0\u00a0\u00a0\u00a0\u00a0\u00a0\u00a0\u00a0\u00a0\u00a0\u00a0\u00a0\u00a0\u00a0\u00a0\u00a0\u00a0<\/u>de__________ de\u00a0<u>\u00a0\u00a0\u00a0\u00a0\u00a0\u00a0\u00a0\u00a0\u00a0\u00a0\u00a0\u00a0\u00a0\u00a0\u00a0\u00a0\u00a0\u00a0\u00a0\u00a0\u00a0\u00a0\u00a0\u00a0<\/u><\/p>\n<p>&nbsp;<\/p>\n<p>&nbsp;<\/p>\n<p>&nbsp;<\/p>\n<p>ASSINATURA DO REPRESENTANTE LEGAL DA EMPRESA<\/p>\n<p>&nbsp;<\/p>\n<p>&nbsp;<\/p>\n<p><strong>\u00a0<\/strong><\/p>\n<p><strong>DISPENSA DE LICITA\u00c7\u00c3O N\u00b0 008\/2026<\/strong><\/p>\n<p><strong>SETOR DE LICITA\u00c7\u00c3O<\/strong><\/p>\n<p><strong>ANEXO V \u2013 MODELO DE CARTA CONTRATO<\/strong><\/p>\n<p>&nbsp;<\/p>\n<p>Contrato de presta\u00e7\u00e3o de servi\u00e7os que entre si celebram o\u00a0<strong>PREFEITURA MUNICIPAL DE VILA FLOR\u00a0<\/strong>e a empresa\u00a0<strong>\u2026\u2026\u2026\u2026\u2026\u2026\u2026\u2026\u2026..<\/strong><\/p>\n<p><strong>\u00a0<\/strong><\/p>\n<p>A\u00a0<strong>PREFEITURA MUNICIPAL DE VILA FLOR,\u00a0<\/strong>pessoa jur\u00eddica de direito p\u00fablico interno, \u00f3rg\u00e3o p\u00fablico, com sede nesta Cidade, na Rua Jos\u00e9 Calazans, 169, Centro, Vila Flor\/RN, CEP 59.192-000, inscrita no CNPJ sob o n\u00ba 08.169.278\/0001-07, neste ato representado pela Sra. Prefeita Municipal THUANNE KARLA CARVALHO DE SOUZA, doravante denominado\u00a0<strong>CONTRATANTE,\u00a0<\/strong>e a\u00a0<strong>Empresa \u2026\u2026\u2026\u2026\u2026\u2026\u2026\u2026\u2026\u2026.,\u00a0<\/strong>CNPJ n\u00ba\u2026\u2026\u2026\u2026\u2026\u2026\u2026., situado \u00e0 \u2026\u2026\u2026\u2026\u2026\u2026\u2026\u2026.., Cidade-Estado, telefone \u2026\u2026\u2026\u2026\u2026.., e-mail\u00a0\u00a0 , neste ato representada pelo Sr\u00a0\u00a0 , brasileiro, casado, profiss\u00e3o, portador da C\u00e9dula de Identidade n\u00ba \u2026\u2026\u2026\u2026\u2026 \u2013 SSP-\u2026., CPF n\u00ba \u2026\u2026\u2026\u2026.. , residente na Rua \u2026\u2026\u2026\u2026\u2026\u2026., telefone \u2026\u2026\u2026\u2026\u2026, e-mail: \u2026\u2026\u2026\u2026\u2026\u2026\u2026.., doravante denominada\u00a0<strong>CONTRATADA<\/strong>, resolvem celebrar o presente Contrato, autorizado pelo despacho constante no Processo Administrativo n\u00b0\u00a0<strong>XXXXXXXXX\/20XX<\/strong>, mediante parecer jur\u00eddico, que se reger\u00e1 pela Lei Federal n.\u00ba 14.133\/2021 e altera\u00e7\u00f5es posteriores, mediante as cl\u00e1usulas e condi\u00e7\u00f5es a seguir e do qual ficam fazendo parte integrante independentemente de transcri\u00e7\u00e3o, os documentos:<\/p>\n<p>&nbsp;<\/p>\n<p>1.\u00a0\u00a0\u00a0\u00a0\u00a0\u00a0\u00a0\u00a0 CL\u00c1USULA PRIMEIRA \u2013 OBJETO (art. 92, I e II)<\/p>\n<p>1.0.\u00a0\u00a0\u00a0\u00a0\u00a0 O objeto do presente instrumento \u00e9 a contrata\u00e7\u00e3o de servi\u00e7os comuns de \u2026\u2026\u2026\u2026\u2026\u2026\u2026\u2026.., nas condi\u00e7\u00f5es estabelecidas no Termo de Refer\u00eancia.<\/p>\n<p>1.1.\u00a0\u00a0\u00a0\u00a0\u00a0 Objeto da contrata\u00e7\u00e3o:<\/p>\n<table width=\"683\">\n<tbody>\n<tr>\n<td width=\"80\"><strong>ITEM<\/strong>&nbsp;<\/p>\n<p><strong>\u00a0<\/strong><\/td>\n<td width=\"205\"><strong>ESPECIFICA\u00c7\u00c3O<\/strong><\/td>\n<td width=\"91\"><strong>UNIDADE DE MEDIDA<\/strong><\/td>\n<td width=\"125\"><strong>QUANTIDADE<\/strong><\/td>\n<td width=\"103\"><strong>VALOR UNIT\u00c1RIO<\/strong><\/td>\n<td width=\"79\"><strong>VALOR TOTAL<\/strong><\/td>\n<\/tr>\n<tr>\n<td width=\"80\"><strong>1<\/strong><\/td>\n<td width=\"205\"><\/td>\n<td width=\"91\"><\/td>\n<td width=\"125\"><\/td>\n<td width=\"103\"><\/td>\n<td width=\"79\"><\/td>\n<\/tr>\n<tr>\n<td width=\"80\"><strong>2<\/strong><\/td>\n<td width=\"205\"><\/td>\n<td width=\"91\"><\/td>\n<td width=\"125\"><\/td>\n<td width=\"103\"><\/td>\n<td width=\"79\"><\/td>\n<\/tr>\n<tr>\n<td width=\"80\"><strong>3<\/strong><\/td>\n<td width=\"205\"><\/td>\n<td width=\"91\"><\/td>\n<td width=\"125\"><\/td>\n<td width=\"103\"><\/td>\n<td width=\"79\"><\/td>\n<\/tr>\n<tr>\n<td width=\"80\"><strong>\u2026<\/strong><\/td>\n<td width=\"205\"><\/td>\n<td width=\"91\"><\/td>\n<td width=\"125\"><\/td>\n<td width=\"103\"><\/td>\n<td width=\"79\"><\/td>\n<\/tr>\n<\/tbody>\n<\/table>\n<p>&nbsp;<\/p>\n<p>1.2.\u00a0\u00a0\u00a0\u00a0\u00a0 Vinculam esta contrata\u00e7\u00e3o, independentemente de transcri\u00e7\u00e3o:<\/p>\n<p>1.2.1.\u00a0\u00a0 O Termo de Refer\u00eancia;<\/p>\n<p>1.2.2.\u00a0\u00a0 A Autoriza\u00e7\u00e3o de Contrata\u00e7\u00e3o Direta;<\/p>\n<p>1.2.3.\u00a0\u00a0 A Proposta do contratado; e<\/p>\n<p>1.2.4.\u00a0\u00a0 Eventuais anexos dos documentos supracitados.<\/p>\n<p>2.\u00a0\u00a0\u00a0\u00a0\u00a0\u00a0\u00a0\u00a0 CL\u00c1USULA SEGUNDA \u2013 VIG\u00caNCIA E PRORROGA\u00c7\u00c3O<\/p>\n<p><strong>\u00a0<\/strong><\/p>\n<p>2.3.\u00a0\u00a0\u00a0\u00a0\u00a0 O prazo de vig\u00eancia da contrata\u00e7\u00e3o \u00e9 de \u2026\u2026\u2026\u2026\u2026\u2026\u2026\u2026\u2026\u2026 contados do(a) \u2026\u2026\u2026\u2026\u2026\u2026\u2026\u2026\u2026.., prorrog\u00e1vel por at\u00e9 10 anos, na forma dos artigos 106 e 107 da Lei n\u00b0 14.133, de 2021.<\/p>\n<p>2.4.\u00a0\u00a0\u00a0\u00a0\u00a0 A prorroga\u00e7\u00e3o de que trata este item \u00e9 condicionada ao ateste, pela autoridade competente, de que as condi\u00e7\u00f5es e os pre\u00e7os permanecem vantajosos para a Administra\u00e7\u00e3o, permitida a negocia\u00e7\u00e3o com o contratado, atentando, ainda, para o cumprimento dos seguintes requisitos:<\/p>\n<ol>\n<li>a) Estar formalmente demonstrado no processo que a forma de presta\u00e7\u00e3o dos servi\u00e7os tem natureza continuada;<\/li>\n<li>b) Seja juntado relat\u00f3rio que discorra sobre a execu\u00e7\u00e3o do contrato, com informa\u00e7\u00f5es de que os servi\u00e7os tenham sido prestados regularmente;<\/li>\n<li>c) Seja juntada justificativa e motivo, por escrito, de que a Administra\u00e7\u00e3o mant\u00e9m interesse na realiza\u00e7\u00e3o do servi\u00e7o;<\/li>\n<li>d) Haja manifesta\u00e7\u00e3o expressa do contratado informando o interesse na prorroga\u00e7\u00e3o;<\/li>\n<li>e) Seja comprovado que o contratado mant\u00e9m as condi\u00e7\u00f5es iniciais de habilita\u00e7\u00e3o.<\/li>\n<\/ol>\n<p>2.5.\u00a0\u00a0\u00a0\u00a0\u00a0 O contratado n\u00e3o tem direito subjetivo \u00e0 prorroga\u00e7\u00e3o contratual.<\/p>\n<p>2.6.\u00a0\u00a0\u00a0\u00a0\u00a0 A prorroga\u00e7\u00e3o de contrato dever\u00e1 ser promovida mediante celebra\u00e7\u00e3o de termo aditivo.<\/p>\n<p>2.7.\u00a0\u00a0\u00a0\u00a0\u00a0 Nas eventuais prorroga\u00e7\u00f5es contratuais, os custos n\u00e3o renov\u00e1veis j\u00e1 pagos ou amortizados ao longo do primeiro per\u00edodo de vig\u00eancia da contrata\u00e7\u00e3o dever\u00e3o ser reduzidos ou eliminados como condi\u00e7\u00e3o para a renova\u00e7\u00e3o.<\/p>\n<p>2.8.\u00a0\u00a0\u00a0\u00a0\u00a0 O contrato n\u00e3o poder\u00e1 ser prorrogado quando o contratado tiver sido penalizado nas san\u00e7\u00f5es de declara\u00e7\u00e3o de inidoneidade ou impedimento de licitar e contratar com poder p\u00fablico, observadas as abrang\u00eancias de aplica\u00e7\u00e3o.<\/p>\n<p>&nbsp;<\/p>\n<ol start=\"3\">\n<li><strong>CL\u00c1USULA TERCEIRA \u2013 MODELOS DE EXECU\u00c7\u00c3O E GEST\u00c3O CONTRATUAIS (art. 92, IV, VII e XVIII)<\/strong><\/li>\n<\/ol>\n<p>3.1.\u00a0\u00a0\u00a0\u00a0\u00a0 O regime de execu\u00e7\u00e3o contratual, os modelos de gest\u00e3o e de execu\u00e7\u00e3o, assim como os prazos e condi\u00e7\u00f5es de conclus\u00e3o, entrega, observa\u00e7\u00e3o e recebimento do objeto constam no Termo de Refer\u00eancia, anexo a este Contrato.<\/p>\n<ol start=\"4\">\n<li><strong>CL\u00c1USULA QUARTA \u2013 SUBCONTRATA\u00c7\u00c3O<\/strong><\/li>\n<\/ol>\n<p>4.1.\u00a0\u00a0\u00a0\u00a0\u00a0 N\u00e3o ser\u00e1 admitida a subcontrata\u00e7\u00e3o do objeto contratual.<\/p>\n<ol start=\"5\">\n<li><strong>CL\u00c1USULA QUINTA \u2013 PRE\u00c7O<\/strong><\/li>\n<\/ol>\n<p>5.1.\u00a0\u00a0\u00a0\u00a0\u00a0 O valor mensal da contrata\u00e7\u00e3o \u00e9 de R$ \u2026\u2026\u2026. (\u2026..), perfazendo o valor total de R$ \u2026\u2026. (\u2026.).<\/p>\n<ol start=\"6\">\n<li><strong>CL\u00c1USULA SEXTA \u2013 PAGAMENTO (art. 92, V e VI)<\/strong><\/li>\n<\/ol>\n<p>6.1.\u00a0\u00a0\u00a0\u00a0\u00a0 O prazo para pagamento ao contratado e demais condi\u00e7\u00f5es a ele referentes encontram-se definidos no Termo de Refer\u00eancia, anexo a este Contrato.<\/p>\n<ol start=\"7\">\n<li><strong>CL\u00c1USULA S\u00c9TIMA \u2013 REAJUSTE (art. 92, V)<\/strong><\/li>\n<\/ol>\n<p>7.1.\u00a0\u00a0\u00a0\u00a0\u00a0 Os pre\u00e7os inicialmente contratados s\u00e3o fixos e irreajust\u00e1veis no prazo de um ano contado da data do or\u00e7amento estimado, em __\/__\/__ (DD\/MM\/AAAA).<\/p>\n<p>7.2.\u00a0\u00a0\u00a0\u00a0\u00a0 Ap\u00f3s o interregno de um ano, e independentemente de pedido do contratado, os pre\u00e7os iniciais ser\u00e3o reajustados, mediante a aplica\u00e7\u00e3o, pelo contratante, do \u00edndice IPCA, exclusivamente para as obriga\u00e7\u00f5es iniciadas e conclu\u00eddas ap\u00f3s a ocorr\u00eancia da anualidade<\/p>\n<p>7.3.\u00a0\u00a0\u00a0\u00a0\u00a0 Nos reajustes subsequentes ao primeiro, o interregno m\u00ednimo de um ano ser\u00e1 contado a partir dos efeitos financeiros do \u00faltimo reajuste.<\/p>\n<p>7.4.\u00a0\u00a0\u00a0\u00a0\u00a0 No caso de atraso ou n\u00e3o divulga\u00e7\u00e3o do(s) \u00edndice (s) de reajustamento, o contratante pagar\u00e1 ao contratado a import\u00e2ncia calculada pela \u00faltima varia\u00e7\u00e3o conhecida, liquidando a diferen\u00e7a correspondente t\u00e3o logo seja(m) divulgado(s) o(s) \u00edndice(s) definitivo(s).<\/p>\n<p>7.5.\u00a0\u00a0\u00a0\u00a0\u00a0 Nas aferi\u00e7\u00f5es finais, o(s) \u00edndice(s) utilizado(s) para reajuste ser\u00e1(\u00e3o), obrigatoriamente, o(s) definitivo(s).<\/p>\n<p>7.6.\u00a0\u00a0\u00a0\u00a0\u00a0 Caso o(s) \u00edndice(s) estabelecido(s) para reajustamento venha(m) a ser extinto(s) ou de qualquer forma n\u00e3o possa(m) mais ser utilizado(s), ser\u00e1(\u00e3o) adotado(s), em substitui\u00e7\u00e3o, o(s) que vier(em) a ser determinado(s) pela legisla\u00e7\u00e3o ent\u00e3o em vigor.<\/p>\n<p>7.7.\u00a0\u00a0\u00a0\u00a0\u00a0 Na aus\u00eancia de previs\u00e3o legal quanto ao \u00edndice substituto, as partes eleger\u00e3o novo \u00edndice oficial, para reajustamento do pre\u00e7o do valor remanescente, por meio de termo aditivo.<\/p>\n<p>7.8.\u00a0\u00a0\u00a0\u00a0\u00a0 O reajuste ser\u00e1 realizado por apostilamento.<\/p>\n<ol start=\"8\">\n<li><strong>CL\u00c1USULA OITAVA \u2013 OBRIGA\u00c7\u00d5ES DO CONTRATANTE (art. 92, X, XI e XIV )<\/strong><\/li>\n<\/ol>\n<p>8.1.\u00a0\u00a0\u00a0\u00a0\u00a0 S\u00e3o obriga\u00e7\u00f5es do Contratante:<\/p>\n<p>8.2.\u00a0\u00a0\u00a0\u00a0\u00a0 Exigir o cumprimento de todas as obriga\u00e7\u00f5es assumidas pelo Contratado, de acordo com o contrato e seus anexos;<\/p>\n<p>8.3.\u00a0\u00a0\u00a0\u00a0\u00a0 Receber o objeto no prazo e condi\u00e7\u00f5es estabelecidas no Termo de Refer\u00eancia;<\/p>\n<p>8.4.\u00a0\u00a0\u00a0\u00a0\u00a0 Notificar o Contratado, por escrito, sobre v\u00edcios, defeitos ou incorre\u00e7\u00f5es verificadas no objeto fornecido, para que seja por ele substitu\u00eddo, reparado ou corrigido, no total ou em parte, \u00e0s suas expensas;<\/p>\n<p>8.5.\u00a0\u00a0\u00a0\u00a0\u00a0 Acompanhar e fiscalizar a execu\u00e7\u00e3o do contrato e o cumprimento das obriga\u00e7\u00f5es pelo Contratado;<\/p>\n<p>8.6.\u00a0\u00a0\u00a0\u00a0\u00a0 Comunicar a empresa para emiss\u00e3o de Nota Fiscal no que pertine \u00e0 parcela incontroversa da execu\u00e7\u00e3o do objeto, para efeito de liquida\u00e7\u00e3o e pagamento, quando houver controv\u00e9rsia sobre a execu\u00e7\u00e3o do objeto, quanto \u00e0 dimens\u00e3o, qualidade e quantidade, conforme o art. 143 da Lei n\u00ba 14.133, de 2021;<\/p>\n<p>8.7.\u00a0\u00a0\u00a0\u00a0\u00a0 Efetuar o pagamento ao Contratado do valor correspondente \u00e0 execu\u00e7\u00e3o do objeto, no prazo, forma e condi\u00e7\u00f5es estabelecidos no presente Contrato e no Termo de Refer\u00eancia;<\/p>\n<p>8.8.\u00a0\u00a0\u00a0\u00a0\u00a0 Aplicar ao Contratado as san\u00e7\u00f5es previstas na lei e neste Contrato;<\/p>\n<p>8.9.\u00a0\u00a0\u00a0\u00a0\u00a0 Cientificar o \u00f3rg\u00e3o de representa\u00e7\u00e3o judicial da Advocacia-Geral da Uni\u00e3o para ado\u00e7\u00e3o das medidas cab\u00edveis quando do descumprimento de obriga\u00e7\u00f5es pelo Contratado;<\/p>\n<p>8.10.\u00a0\u00a0\u00a0 Explicitamente emitir decis\u00e3o sobre todas as solicita\u00e7\u00f5es e reclama\u00e7\u00f5es relacionadas \u00e0 execu\u00e7\u00e3o do presente Contrato, ressalvados os requerimentos manifestamente impertinentes, meramente protelat\u00f3rios ou de nenhum interesse para a boa execu\u00e7\u00e3o do ajuste.<\/p>\n<p>8.10.1. A Administra\u00e7\u00e3o ter\u00e1 o prazo de 10 (Dez) dias, a contar da data do protocolo do requerimento para decidir, admitida a prorroga\u00e7\u00e3o motivada, por igual per\u00edodo.<\/p>\n<p>8.11.\u00a0\u00a0\u00a0 Responder eventuais pedidos de reestabelecimento do equil\u00edbrio econ\u00f4mico-financeiro feitos pelo contratado no prazo m\u00e1ximo de 10 (dez) dias.<\/p>\n<p>8.12.\u00a0\u00a0\u00a0 Notificar os emitentes das garantias quanto ao in\u00edcio de processo administrativo para apura\u00e7\u00e3o de descumprimento de cl\u00e1usulas contratuais.<\/p>\n<p>8.13.\u00a0\u00a0\u00a0 Comunicar o Contratado na hip\u00f3tese de posterior altera\u00e7\u00e3o do projeto pelo Contratante, no caso do art. 93, \u00a72\u00ba, da Lei n\u00ba 14.133, de 2021.<\/p>\n<p>8.14.\u00a0\u00a0\u00a0 A Administra\u00e7\u00e3o n\u00e3o responder\u00e1 por quaisquer compromissos assumidos pelo Contratado com terceiros, ainda que vinculados \u00e0 execu\u00e7\u00e3o do contrato, bem como por qualquer dano causado a terceiros em decorr\u00eancia de ato do Contratado, de seus empregados, prepostos ou subordinados.<\/p>\n<ol start=\"9\">\n<li><strong>CL\u00c1USULA NONA \u2013 OBRIGA\u00c7\u00d5ES DO CONTRATADO (art. 92, XIV, XVI e XVII)<\/strong><\/li>\n<\/ol>\n<p>9.1.\u00a0\u00a0\u00a0\u00a0\u00a0 O Contratado deve cumprir todas as obriga\u00e7\u00f5es constantes deste Contrato e de seus anexos, assumindo como exclusivamente seus os riscos e as despesas decorrentes da boa e perfeita execu\u00e7\u00e3o do objeto, observando, ainda, as obriga\u00e7\u00f5es a seguir dispostas:<\/p>\n<p>9.2.\u00a0\u00a0\u00a0\u00a0\u00a0 Manter preposto aceito pela Administra\u00e7\u00e3o no local do servi\u00e7o para represent\u00e1-lo na execu\u00e7\u00e3o do contrato.<\/p>\n<p>9.2.1.\u00a0\u00a0 A indica\u00e7\u00e3o ou a manuten\u00e7\u00e3o do preposto da empresa poder\u00e1 ser recusada pelo \u00f3rg\u00e3o ou entidade, desde que devidamente justificada, devendo a empresa designar outro para o exerc\u00edcio da atividade.<\/p>\n<p>9.3.\u00a0\u00a0\u00a0\u00a0\u00a0 Atender \u00e0s determina\u00e7\u00f5es regulares emitidas pelo fiscal do contrato ou autoridade superior (art. 137, II) e prestar todo esclarecimento ou informa\u00e7\u00e3o por eles solicitados;<\/p>\n<p>9.4.\u00a0\u00a0\u00a0\u00a0\u00a0 Alocar os empregados necess\u00e1rios ao perfeito cumprimento das cl\u00e1usulas deste contrato, com habilita\u00e7\u00e3o e conhecimento adequados, fornecendo os materiais, equipamentos, ferramentas e utens\u00edlios demandados, cuja quantidade, qualidade e tecnologia dever\u00e3o atender \u00e0s recomenda\u00e7\u00f5es de boa t\u00e9cnica e a legisla\u00e7\u00e3o de reg\u00eancia;<\/p>\n<p>9.5.\u00a0\u00a0\u00a0\u00a0\u00a0 Reparar, corrigir, remover, reconstruir ou substituir, \u00e0s suas expensas, no total ou em parte, no prazo fixado pelo fiscal do contrato, os servi\u00e7os nos quais se verificarem v\u00edcios, defeitos ou incorre\u00e7\u00f5es resultantes da execu\u00e7\u00e3o ou dos materiais empregados;<\/p>\n<p>9.6.\u00a0\u00a0\u00a0\u00a0\u00a0 Responsabilizar-se pelos v\u00edcios e danos decorrentes da execu\u00e7\u00e3o do objeto, de acordo com o C\u00f3digo de Defesa do Consumidor (Lei n\u00ba 8.078, de 1990), bem como por todo e qualquer dano causado \u00e0 Administra\u00e7\u00e3o ou terceiros, n\u00e3o reduzindo essa responsabilidade a fiscaliza\u00e7\u00e3o ou o acompanhamento da execu\u00e7\u00e3o contratual pelo Contratante, que ficar\u00e1 autorizado a descontar dos pagamentos devidos ou da garantia, caso exigida no edital, o valor correspondente aos danos sofridos;<\/p>\n<p>9.7.\u00a0\u00a0\u00a0\u00a0\u00a0 N\u00e3o contratar, durante a vig\u00eancia do contrato, c\u00f4njuge, companheiro ou parente em linha reta, colateral ou por afinidade, at\u00e9 o terceiro grau, de dirigente do contratante ou do fiscal ou gestor do contrato, nos termos do artigo 48, par\u00e1grafo \u00fanico, da Lei n\u00ba 14.133, de 2021;<\/p>\n<p>9.8.\u00a0\u00a0\u00a0\u00a0\u00a0 Quando n\u00e3o for poss\u00edvel a verifica\u00e7\u00e3o da regularidade no Sistema de Cadastro de Fornecedores \u2013 SICAF, o contratado dever\u00e1 entregar ao setor respons\u00e1vel pela fiscaliza\u00e7\u00e3o do contrato, at\u00e9 o dia trinta do m\u00eas seguinte ao da presta\u00e7\u00e3o dos servi\u00e7os, os seguintes documentos: 1) prova de regularidade relativa \u00e0 Seguridade Social; 2) certid\u00e3o conjunta relativa aos tributos federais e \u00e0 D\u00edvida Ativa da Uni\u00e3o; 3) certid\u00f5es que comprovem a regularidade perante a Fazenda Municipal ou Distrital do domic\u00edlio ou sede do contratado; 4) Certid\u00e3o de Regularidade do FGTS \u2013 CRF; e 5) Certid\u00e3o Negativa de D\u00e9bitos Trabalhistas \u2013 CNDT;<\/p>\n<p>9.9.\u00a0\u00a0\u00a0\u00a0\u00a0 Responsabilizar-se pelo cumprimento das obriga\u00e7\u00f5es previstas em Acordo, Conven\u00e7\u00e3o, Diss\u00eddio Coletivo de Trabalho ou equivalentes das categorias abrangidas pelo contrato, por todas as obriga\u00e7\u00f5es trabalhistas, sociais, previdenci\u00e1rias, tribut\u00e1rias e as demais previstas em legisla\u00e7\u00e3o espec\u00edfica, cuja inadimpl\u00eancia n\u00e3o transfere a responsabilidade ao Contratante;<\/p>\n<p>9.10.\u00a0\u00a0\u00a0 Comunicar ao Fiscal do contrato, no prazo de 24 (vinte e quatro) horas, qualquer ocorr\u00eancia anormal ou acidente que se verifique no local dos servi\u00e7os.<\/p>\n<p>9.11.\u00a0\u00a0\u00a0 Prestar todo esclarecimento ou informa\u00e7\u00e3o solicitada pelo Contratante ou por seus prepostos, garantindo-lhes o acesso, a qualquer tempo, ao local dos trabalhos, bem como aos documentos relativos \u00e0 execu\u00e7\u00e3o do empreendimento.<\/p>\n<p>9.12.\u00a0\u00a0\u00a0 Paralisar, por determina\u00e7\u00e3o do Contratante, qualquer atividade que n\u00e3o esteja sendo executada de acordo com a boa t\u00e9cnica ou que ponha em risco a seguran\u00e7a de pessoas ou bens de terceiros.<\/p>\n<p>9.13.\u00a0\u00a0\u00a0 Promover a guarda, manuten\u00e7\u00e3o e vigil\u00e2ncia de materiais, ferramentas, e tudo o que for necess\u00e1rio \u00e0 execu\u00e7\u00e3o do objeto, durante a vig\u00eancia do contrato.<\/p>\n<p>9.14.\u00a0\u00a0\u00a0 Conduzir os trabalhos com estrita observ\u00e2ncia \u00e0s normas da legisla\u00e7\u00e3o pertinente, cumprindo as determina\u00e7\u00f5es dos Poderes P\u00fablicos, mantendo sempre limpo o local dos servi\u00e7os e nas melhores condi\u00e7\u00f5es de seguran\u00e7a, higiene e disciplina.<\/p>\n<p>9.15.\u00a0\u00a0\u00a0 Submeter previamente, por escrito, ao Contratante, para an\u00e1lise e aprova\u00e7\u00e3o, quaisquer mudan\u00e7as nos m\u00e9todos executivos que fujam \u00e0s especifica\u00e7\u00f5es do memorial descritivo ou instrumento cong\u00eanere.<\/p>\n<p>9.16.\u00a0\u00a0\u00a0 N\u00e3o permitir a utiliza\u00e7\u00e3o de qualquer trabalho do menor de dezesseis anos, exceto na condi\u00e7\u00e3o de aprendiz para os maiores de quatorze anos, nem permitir a utiliza\u00e7\u00e3o do trabalho do menor de dezoito anos em trabalho noturno, perigoso ou insalubre;<\/p>\n<p>9.17.\u00a0\u00a0\u00a0 Manter durante toda a vig\u00eancia do contrato, em compatibilidade com as obriga\u00e7\u00f5es assumidas, todas as condi\u00e7\u00f5es exigidas para qualifica\u00e7\u00e3o na contrata\u00e7\u00e3o direta;<\/p>\n<p>9.18.\u00a0\u00a0\u00a0 Cumprir, durante todo o per\u00edodo de execu\u00e7\u00e3o do contrato, a reserva de cargos prevista em lei para pessoa com defici\u00eancia, para reabilitado da Previd\u00eancia Social ou para aprendiz, bem como as reservas de cargos previstas na legisla\u00e7\u00e3o (art. 116);<\/p>\n<p>9.19.\u00a0\u00a0\u00a0 Comprovar a reserva de cargos a que se refere a cl\u00e1usula acima, no prazo fixado pelo fiscal do contrato, com a indica\u00e7\u00e3o dos empregados que preencheram as referidas vagas (art. 116, par\u00e1grafo \u00fanico);<\/p>\n<p>9.20.\u00a0\u00a0\u00a0 Guardar sigilo sobre todas as informa\u00e7\u00f5es obtidas em decorr\u00eancia do cumprimento do contrato;<\/p>\n<p>9.21.\u00a0\u00a0\u00a0 Arcar com o \u00f4nus decorrente de eventual equ\u00edvoco no dimensionamento dos quantitativos de sua proposta, inclusive quanto aos custos vari\u00e1veis decorrentes de fatores futuros e incertos, devendo complement\u00e1-los, caso o previsto inicialmente em sua proposta n\u00e3o seja satisfat\u00f3rio para o atendimento do objeto da contrata\u00e7\u00e3o, exceto quando ocorrer algum dos eventos arrolados no art. 124, II, d, da Lei n\u00ba 14.133, de 2021;<\/p>\n<p>9.22.\u00a0\u00a0\u00a0 Cumprir, al\u00e9m dos postulados legais vigentes de \u00e2mbito federal, estadual ou municipal, as normas de seguran\u00e7a do Contratante;<\/p>\n<p><strong>CL\u00c1USULA D\u00c9CIMA\u2013 DOTA\u00c7\u00c3O OR\u00c7AMENT\u00c1RIA (art. 92, VIII)<\/strong><\/p>\n<ol start=\"10\">\n<li>As despesas decorrentes da presente contrata\u00e7\u00e3o correr\u00e3o \u00e0 conta de recursos espec\u00edficos consignados no Or\u00e7amento Geral da PREFEITURA MUNICIPAL deste exerc\u00edcio, na dota\u00e7\u00e3o abaixo discriminada:<\/li>\n<li>Gest\u00e3o\/Unidade:<\/li>\n<li>Fonte de Recursos:<\/li>\n<\/ol>\n<p>III.\u00a0\u00a0\u00a0\u00a0\u00a0 Programa de Trabalho:<\/p>\n<ol>\n<li>Elemento de Despesa:<\/li>\n<li>Plano Interno:<\/li>\n<li>Nota de Empenho:<\/li>\n<\/ol>\n<p><strong>CL\u00c1USULA D\u00c9CIMA PRIMEIRA \u2013 ALTERA\u00c7\u00d5ES<\/strong><\/p>\n<p>11.1.\u00a0\u00a0\u00a0 Eventuais altera\u00e7\u00f5es contratuais reger-se-\u00e3o pela disciplina dos arts. 124 e seguintes da Lei n\u00ba 14.133, de 2021.<\/p>\n<p>11.2.\u00a0\u00a0\u00a0 O contratado \u00e9 obrigado a aceitar, nas mesmas condi\u00e7\u00f5es contratuais, os acr\u00e9scimos ou supress\u00f5es que se fizerem necess\u00e1rios, at\u00e9 o limite de 25% (vinte e cinco por cento) do valor inicial atualizado do contrato.<\/p>\n<p>11.3.\u00a0\u00a0\u00a0 As altera\u00e7\u00f5es contratuais dever\u00e3o ser promovidas mediante celebra\u00e7\u00e3o de termo aditivo, submetido \u00e0 pr\u00e9via aprova\u00e7\u00e3o da consultoria jur\u00eddica do contratante, salvo nos casos de justificada necessidade de antecipa\u00e7\u00e3o de seus efeitos, hip\u00f3tese em que a formaliza\u00e7\u00e3o do aditivo dever\u00e1 ocorrer no prazo m\u00e1ximo de 1 (um) m\u00eas (art. 132 da Lei n\u00ba 14.133, de 2021).<\/p>\n<p>11.4.\u00a0\u00a0\u00a0 Registros que n\u00e3o caracterizam altera\u00e7\u00e3o do contrato podem ser realizados por simples apostila, dispensada a celebra\u00e7\u00e3o de termo aditivo, na forma do art. 136 da Lei n\u00ba 14.133, de 2021.<\/p>\n<ol start=\"12\">\n<li><strong>CL\u00c1USULA D\u00c9CIMA SEGUNDA \u2013 PUBLICA\u00c7\u00c3O<\/strong><\/li>\n<\/ol>\n<p>12.1.\u00a0\u00a0\u00a0 Incumbir\u00e1 ao contratante divulgar o presente instrumento no Portal Nacional de Contrata\u00e7\u00f5es P\u00fablicas (PNCP), na forma prevista no art. 94 da Lei 14.133, de 2021, bem como no respectivo s\u00edtio oficial na Internet, em aten\u00e7\u00e3o ao art. 91, caput, da Lei n.\u00ba 14.133, de 2021, e ao art. 8\u00ba, \u00a72\u00ba, da Lei n. 12.527, de 2011, c\/c art. 7\u00ba, \u00a73\u00ba, inciso V, do Decreto n. 7.724, de 2012.<\/p>\n<ol start=\"13\">\n<li><strong>CL\u00c1USULA D\u00c9CIMA TERCEIRA\u2013 FORO (art. 92, \u00a71\u00ba)<\/strong><\/li>\n<\/ol>\n<p>13.1.\u00a0\u00a0\u00a0 Fica eleito o Foro da Cidade de Canguaretama para dirimir os lit\u00edgios que decorrerem da execu\u00e7\u00e3o deste Termo de Contrato que n\u00e3o puderem ser compostos pela concilia\u00e7\u00e3o, conforme art. 92, \u00a71\u00ba, da Lei n\u00ba 14.133\/21.<\/p>\n<p>&nbsp;<\/p>\n<p>Vila Flor-Rio Grande do Norte, \u2026\u2026.. de \u2026\u2026\u2026\u2026\u2026\u2026. de \u2026\u2026\u2026\u2026\u2026\u2026..<\/p>\n<p>&nbsp;<\/p>\n<p>&nbsp;<\/p>\n<p><u>\u00a0\u00a0\u00a0\u00a0\u00a0\u00a0\u00a0\u00a0\u00a0\u00a0\u00a0\u00a0\u00a0\u00a0\u00a0\u00a0\u00a0\u00a0\u00a0\u00a0\u00a0\u00a0\u00a0\u00a0\u00a0\u00a0\u00a0\u00a0\u00a0\u00a0\u00a0\u00a0\u00a0\u00a0\u00a0\u00a0\u00a0\u00a0\u00a0<\/u>_<u>\u00a0\u00a0\u00a0\u00a0\u00a0\u00a0\u00a0\u00a0\u00a0\u00a0\u00a0\u00a0\u00a0\u00a0\u00a0\u00a0\u00a0\u00a0\u00a0\u00a0\u00a0\u00a0\u00a0\u00a0\u00a0\u00a0\u00a0\u00a0\u00a0\u00a0\u00a0\u00a0\u00a0\u00a0\u00a0\u00a0\u00a0\u00a0\u00a0<\/u>_<u>\u00a0\u00a0\u00a0\u00a0\u00a0\u00a0\u00a0<\/u><\/p>\n<p>CONTRATANTE<\/p>\n<p><strong>\u00a0<\/strong><\/p>\n<p><strong>\u00a0<\/strong><\/p>\n<p><u>\u00a0\u00a0\u00a0\u00a0\u00a0\u00a0\u00a0\u00a0\u00a0\u00a0\u00a0\u00a0\u00a0\u00a0\u00a0\u00a0\u00a0\u00a0\u00a0\u00a0\u00a0\u00a0\u00a0\u00a0\u00a0\u00a0\u00a0\u00a0\u00a0\u00a0\u00a0\u00a0\u00a0\u00a0\u00a0\u00a0\u00a0\u00a0\u00a0<\/u>_<u>\u00a0\u00a0\u00a0\u00a0\u00a0\u00a0\u00a0\u00a0\u00a0\u00a0\u00a0\u00a0\u00a0\u00a0\u00a0\u00a0\u00a0\u00a0\u00a0\u00a0\u00a0\u00a0\u00a0\u00a0\u00a0\u00a0\u00a0\u00a0\u00a0\u00a0\u00a0\u00a0\u00a0\u00a0\u00a0\u00a0\u00a0\u00a0\u00a0<\/u>_<u>\u00a0\u00a0\u00a0\u00a0\u00a0\u00a0\u00a0<\/u><\/p>\n<p>CONTRATADA<\/p>\n<p style=\"text-align: right;\"><strong>Publicado por:<\/strong><br \/>\nGRINALDO JOAQUIM DE SOUZA<br \/>\nSecret\u00e1rio Municipal de Administra\u00e7\u00e3o<br \/>\n<strong>C\u00f3digo Identificador:<\/strong>\u00a0UUVLE1N19E<\/p>\n<div class=\"pdfprnt-buttons pdfprnt-buttons-post pdfprnt-bottom-right\"><a href=\"https:\/\/vilaflor.rn.gov.br\/transparencia\/wp-json\/wp\/v2\/posts?page=2&print=pdf#038;print=print\" class=\"pdfprnt-button pdfprnt-button-pdf\" target=\"_blank\"><img decoding=\"async\" src=\"https:\/\/vilaflor.rn.gov.br\/transparencia\/wp-content\/plugins\/pdf-print\/images\/pdf.png\" alt=\"image_pdf\" title=\"Baixar PDF\" \/><\/a><a href=\"https:\/\/vilaflor.rn.gov.br\/transparencia\/wp-json\/wp\/v2\/posts?page=2&print=print#038;print=print\" class=\"pdfprnt-button pdfprnt-button-print\" target=\"_blank\"><img decoding=\"async\" src=\"https:\/\/vilaflor.rn.gov.br\/transparencia\/wp-content\/plugins\/pdf-print\/images\/print.png\" alt=\"image_print\" title=\"Conte\u00fado de impress\u00e3o\" \/><\/a><\/div>","protected":false},"excerpt":{"rendered":"<p>ESTADO DO RIO GRANDE DO NORTE PREFEITURA MUNICIPAL DE VILA FLOR DADOS DO AVISO Vila Flor\/RN, em 25 de fevereiro de 2026. &nbsp; PROCESSO ADMINISTRATIVO:\u00a020020001\/2026 &nbsp; DATA E HORA LIMITE PARA ENTREGA DA PROPOSTA DE PRE\u00c7O E DOCUMENTOS DE HABILITA\u00c7\u00c3O &nbsp; At\u00e9 dia 03\/03\/2026, \u00e0s 09:00h &nbsp; REFER\u00caNCIA DE HOR\u00c1RIO \u00a0 Hor\u00e1rio de Brasilia \u2013 [&hellip;]<\/p>\n","protected":false},"author":1,"featured_media":0,"comment_status":"open","ping_status":"open","sticky":false,"template":"","format":"standard","meta":{"ocean_post_layout":"","ocean_both_sidebars_style":"","ocean_both_sidebars_content_width":0,"ocean_both_sidebars_sidebars_width":0,"ocean_sidebar":"0","ocean_second_sidebar":"0","ocean_disable_margins":"enable","ocean_add_body_class":"","ocean_shortcode_before_top_bar":"","ocean_shortcode_after_top_bar":"","ocean_shortcode_before_header":"","ocean_shortcode_after_header":"","ocean_has_shortcode":"","ocean_shortcode_after_title":"","ocean_shortcode_before_footer_widgets":"","ocean_shortcode_after_footer_widgets":"","ocean_shortcode_before_footer_bottom":"","ocean_shortcode_after_footer_bottom":"","ocean_display_top_bar":"default","ocean_display_header":"default","ocean_header_style":"","ocean_center_header_left_menu":"0","ocean_custom_header_template":"0","ocean_custom_logo":0,"ocean_custom_retina_logo":0,"ocean_custom_logo_max_width":0,"ocean_custom_logo_tablet_max_width":0,"ocean_custom_logo_mobile_max_width":0,"ocean_custom_logo_max_height":0,"ocean_custom_logo_tablet_max_height":0,"ocean_custom_logo_mobile_max_height":0,"ocean_header_custom_menu":"0","ocean_menu_typo_font_family":"0","ocean_menu_typo_font_subset":"","ocean_menu_typo_font_size":0,"ocean_menu_typo_font_size_tablet":0,"ocean_menu_typo_font_size_mobile":0,"ocean_menu_typo_font_size_unit":"px","ocean_menu_typo_font_weight":"","ocean_menu_typo_font_weight_tablet":"","ocean_menu_typo_font_weight_mobile":"","ocean_menu_typo_transform":"","ocean_menu_typo_transform_tablet":"","ocean_menu_typo_transform_mobile":"","ocean_menu_typo_line_height":0,"ocean_menu_typo_line_height_tablet":0,"ocean_menu_typo_line_height_mobile":0,"ocean_menu_typo_line_height_unit":"","ocean_menu_typo_spacing":0,"ocean_menu_typo_spacing_tablet":0,"ocean_menu_typo_spacing_mobile":0,"ocean_menu_typo_spacing_unit":"","ocean_menu_link_color":"","ocean_menu_link_color_hover":"","ocean_menu_link_color_active":"","ocean_menu_link_background":"","ocean_menu_link_hover_background":"","ocean_menu_link_active_background":"","ocean_menu_social_links_bg":"","ocean_menu_social_hover_links_bg":"","ocean_menu_social_links_color":"","ocean_menu_social_hover_links_color":"","ocean_disable_title":"default","ocean_disable_heading":"default","ocean_post_title":"","ocean_post_subheading":"","ocean_post_title_style":"","ocean_post_title_background_color":"","ocean_post_title_background":0,"ocean_post_title_bg_image_position":"","ocean_post_title_bg_image_attachment":"","ocean_post_title_bg_image_repeat":"","ocean_post_title_bg_image_size":"","ocean_post_title_height":0,"ocean_post_title_bg_overlay":0.5,"ocean_post_title_bg_overlay_color":"","ocean_disable_breadcrumbs":"default","ocean_breadcrumbs_color":"","ocean_breadcrumbs_separator_color":"","ocean_breadcrumbs_links_color":"","ocean_breadcrumbs_links_hover_color":"","ocean_display_footer_widgets":"default","ocean_display_footer_bottom":"default","ocean_custom_footer_template":"0","ocean_post_oembed":"","ocean_post_self_hosted_media":"","ocean_post_video_embed":"","ocean_link_format":"","ocean_link_format_target":"self","ocean_quote_format":"","ocean_quote_format_link":"post","ocean_gallery_link_images":"on","ocean_gallery_id":[],"footnotes":""},"categories":[5,4],"tags":[],"class_list":["post-4278","post","type-post","status-publish","format-standard","hentry","category-aviso-de-licitacao","category-licitacao","entry"],"_links":{"self":[{"href":"https:\/\/vilaflor.rn.gov.br\/transparencia\/wp-json\/wp\/v2\/posts\/4278","targetHints":{"allow":["GET"]}}],"collection":[{"href":"https:\/\/vilaflor.rn.gov.br\/transparencia\/wp-json\/wp\/v2\/posts"}],"about":[{"href":"https:\/\/vilaflor.rn.gov.br\/transparencia\/wp-json\/wp\/v2\/types\/post"}],"author":[{"embeddable":true,"href":"https:\/\/vilaflor.rn.gov.br\/transparencia\/wp-json\/wp\/v2\/users\/1"}],"replies":[{"embeddable":true,"href":"https:\/\/vilaflor.rn.gov.br\/transparencia\/wp-json\/wp\/v2\/comments?post=4278"}],"version-history":[{"count":1,"href":"https:\/\/vilaflor.rn.gov.br\/transparencia\/wp-json\/wp\/v2\/posts\/4278\/revisions"}],"predecessor-version":[{"id":4279,"href":"https:\/\/vilaflor.rn.gov.br\/transparencia\/wp-json\/wp\/v2\/posts\/4278\/revisions\/4279"}],"wp:attachment":[{"href":"https:\/\/vilaflor.rn.gov.br\/transparencia\/wp-json\/wp\/v2\/media?parent=4278"}],"wp:term":[{"taxonomy":"category","embeddable":true,"href":"https:\/\/vilaflor.rn.gov.br\/transparencia\/wp-json\/wp\/v2\/categories?post=4278"},{"taxonomy":"post_tag","embeddable":true,"href":"https:\/\/vilaflor.rn.gov.br\/transparencia\/wp-json\/wp\/v2\/tags?post=4278"}],"curies":[{"name":"wp","href":"https:\/\/api.w.org\/{rel}","templated":true}]}}]