[{"id":4106,"date":"2026-01-06T09:17:19","date_gmt":"2026-01-06T12:17:19","guid":{"rendered":"https:\/\/vilaflor.rn.gov.br\/transparencia\/?p=4106"},"modified":"2026-01-13T09:18:10","modified_gmt":"2026-01-13T12:18:10","slug":"aviso-de-dispensa-de-licitacao-n-003-2026","status":"publish","type":"post","link":"https:\/\/vilaflor.rn.gov.br\/transparencia\/aviso-de-dispensa-de-licitacao-n-003-2026\/","title":{"rendered":"AVISO DE DISPENSA DE LICITA\u00c7\u00c3O N\u00b0 003\/2026"},"content":{"rendered":"<p><strong>ESTADO DO RIO GRANDE DO NORTE<\/strong><br \/>\n<strong>PREFEITURA MUNICIPAL DE VILA FLOR<\/strong><\/p>\n<p><strong>DADOS DO AVISO<\/strong><\/p>\n<p>Vila Flor\/RN, em 05 de janeiro de 2026.<\/p>\n<p>&nbsp;<\/p>\n<p><strong>PROCESSO ADMINISTRATIVO:\u00a0<\/strong>30120001\/2025<\/p>\n<p>&nbsp;<\/p>\n<p><strong>DATA E HORA LIMITE PARA ENTREGA DA PROPOSTA DE PRE\u00c7O E DOCUMENTOS DE HABILITA\u00c7\u00c3O<\/strong><\/p>\n<p>&nbsp;<\/p>\n<p>At\u00e9 dia 09\/01\/2026, \u00e0s 09:00h<\/p>\n<p>&nbsp;<\/p>\n<p><strong>REFER\u00caNCIA DE HOR\u00c1RIO<\/strong><\/p>\n<p><strong>\u00a0<\/strong><\/p>\n<p>Hor\u00e1rio de Brasilia \u2013 DF<\/p>\n<p><strong>\u00a0<\/strong><\/p>\n<p><strong>ENDERE\u00c7O ELETR\u00d4NICO PARA ENVIO DA PROPOSTA E DOCUMENTOS DE HABILITA\u00c7\u00c3O<\/strong><\/p>\n<p><strong>\u00a0<\/strong><\/p>\n<p><a href=\"mailto:pmvflicitacoes2021@gmail.com\">PMVFLICITACOES2021@GMAIL.COM<\/a><\/p>\n<p><strong>\u00a0<\/strong><\/p>\n<p>A\u00a0<strong>PREFEITURA MUNICIPAL DE VILA FLOR<\/strong>, atrav\u00e9s da\u00a0<strong>COMISS\u00c3O DE LICITA\u00c7\u00c3O<\/strong>, com sede na Rua Jos\u00e9 Calazans, 169, Centro, Vila Flor\/RN, CEP 59.192-000, inscrita no CNPJ\/MF sob n\u00b0 08.169.278\/0001-07, torna p\u00fablico para conhecimento dos interessados a realiza\u00e7\u00e3o de Chamada P\u00fablica para\u00a0<strong>DISPENSA DE LICITA\u00c7\u00c3O<\/strong>, com crit\u00e9rio de julgamento\u00a0<strong>MENOR PRE\u00c7O GLOBAL<\/strong>, nos termos do Art. n\u00ba 75, inciso II da Lei 14.133\/2021, e de acordo com as condi\u00e7\u00f5es, crit\u00e9rios e procedimentos estabelecidos neste Aviso e seus anexos, objetivando obter a melhor proposta, observadas as datas e hor\u00e1rios discriminados.<\/p>\n<p>OS INTERESSADOS DEVER\u00c3O ACOMPANHAR AS MENSAGENS REFERENTES A ESTE AVISO (RESPOSTAS A QUESTIONAMENTOS, IMPUGNA\u00c7\u00d5ES, RECURSOS, ETC.) NO E-MAIL INSTITUCIONAL, SENDO EXCLUSIVOS RESPONS\u00c1VEIS PELO \u00d4NUS DECORRENTE DA PERDA DE NEG\u00d3CIOS DIANTE DA INOBSERV\u00c2NCIA DE QUAISQUER MENSAGENS EMITIDAS PELO PORTAL.<\/p>\n<p>&nbsp;<\/p>\n<p><strong><u>ANEXOS DESTE AVISO<\/u><\/strong><\/p>\n<p><strong>\u00a0<\/strong><\/p>\n<p>Anexo I \u2013 Termo de Refer\u00eancia<\/p>\n<p>Anexo II \u2013 Modelo de Proposta de Pre\u00e7os<\/p>\n<p>Anexo III \u2013 Modelo de Declara\u00e7\u00e3o de cumprimento do disposto no Inc. XXXIII do art. 7\u00ba da Constitui\u00e7\u00e3o Federal<\/p>\n<p>Anexo IV \u2013 Declara\u00e7\u00e3o de reserva de cargos PcD, consoante art. 92, da Lei Federal n\u201d 14.133\/2021<\/p>\n<p>Anexo V \u2013 Declara\u00e7\u00e3o impedimentos do art. 14 da Lei Federal n\u201d 14.133\/2021<\/p>\n<p>Anexo VI \u2013 Modelo de Carta-Contrato<\/p>\n<p>&nbsp;<\/p>\n<p><strong>AVISO DE DISPENSA DE LICITA\u00c7\u00c3O N\u00b0 003\/2026<\/strong><\/p>\n<p><strong>\u00a0<\/strong><\/p>\n<ol>\n<li><strong>REG\u00caNCIA LEGAL<\/strong><\/li>\n<\/ol>\n<p>As contra\u00e7\u00f5es atrav\u00e9s de dispensa de licita\u00e7\u00e3o no Prefeitura Municipal de Vila Flor s\u00e3o regidas pelos dispositivos legais:<\/p>\n<ol start=\"14\">\n<li>a) Lei n\u00ba 133\/2021, Art. 75, Inc. II;<\/li>\n<li>Instru\u00e7\u00e3o Normativa SEMGE n\u00ba 05\/2021, aprovada pela Portaria SEMGE n\u00ba 624\/2021.<\/li>\n<\/ol>\n<p>&nbsp;<\/p>\n<ol start=\"2\">\n<li><strong>OBJETO<\/strong><\/li>\n<\/ol>\n<p>O presente termo de refer\u00eancia visa orientar a licita\u00e7\u00e3o para a\u00a0<strong>CONTRATA\u00c7\u00c3O DE SERVI\u00c7OS DE ATIVIDADES DE CUNHO T\u00c9CNICO E ADMINISTRATIVO DE APOIO A PREFEITURA, COMPREENDENDO O PREENCHIMENTO DO SIAI, INCLUINDO TODOS OS ANEXOS DISPONIBILIZADOS PELO PORTAL DO GESTOR, REALIZANDO CONSULTA AOS PROCESSOS ADMINISTRATIVOS PARA O DESEMPENHO DAS TAREFAS E ENVIO DE DADOS AO TRIBUNAL DE CONTAS<\/strong>, Anexo I deste Aviso.<\/p>\n<p>&nbsp;<\/p>\n<ol start=\"3\">\n<li><strong>INFORMA\u00c7\u00d5ES PRELIMINARES<\/strong><\/li>\n<\/ol>\n<p>Os interessados dever\u00e3o proceder, antes da elabora\u00e7\u00e3o das propostas, verifica\u00e7\u00e3o minuciosa de todos os elementos fornecidos, solicitando por escrito ao\u00a0<strong>SETOR DE LICITA\u00c7\u00c3O<\/strong>, via e-mail:\u00a0<a href=\"mailto:atendimento_cosel@salvador.ba.gov.br\"><strong>PMVFLICITACOES2021@GMAIL.COM<\/strong>,<\/a>\u00a0at\u00e9 01 (um) dia \u00fatil antes do prazo final para apresenta\u00e7\u00e3o da documenta\u00e7\u00e3o, as d\u00favidas suscitadas, que ser\u00e3o esclarecidas no pr\u00f3prio e-mail.<\/p>\n<p>&nbsp;<\/p>\n<ol start=\"4\">\n<li><strong>CONDI\u00c7\u00d5ES DE PARTICIPA\u00c7\u00c3O<\/strong>\n<ul>\n<li>Poder\u00e3o participar desta Dispensa de Licita\u00e7\u00e3o, pessoas f\u00edsica ou jur\u00eddica, regularmente estabelecidas no pa\u00eds que atenda \u00e0s condi\u00e7\u00f5es exigidas neste Aviso e seus anexos, devendo pertencer ao ramo da atividade pertinente e compat\u00edvel com o objeto<\/li>\n<\/ul>\n<\/li>\n<\/ol>\n<p>&nbsp;<\/p>\n<ul>\n<li>N\u00e3o poder\u00e3o participar desta Dispensa de Licita\u00e7\u00e3o os interessados:<\/li>\n<\/ul>\n<p>&nbsp;<\/p>\n<ol>\n<li>Proibidos de participar de licita\u00e7\u00f5es e celebrar contratos administrativos, na forma da legisla\u00e7\u00e3o<\/li>\n<li>Que n\u00e3o atendam \u00e0s condi\u00e7\u00f5es deste Aviso e Termo de Refer\u00eancia;<\/li>\n<li>Estrangeiros que n\u00e3o tenham representa\u00e7\u00e3o legal no Brasil com poderes expressos para receber cita\u00e7\u00e3o e responder administrativa ou judicialmente;<\/li>\n<li>Que se enquadrem nas veda\u00e7\u00f5es previstas no artigo 14\u00ba da Lei Federal n\u00b0 133\/21;<\/li>\n<li>Organiza\u00e7\u00f5es da Sociedade Civil de Interesse P\u00fablico \u2013 OSC IP, atuando nessa condi\u00e7\u00e3o (Ac\u00f3rd\u00e3o n\u00b0746\/2014 \u2013 TCU Plen\u00e1rio);<\/li>\n<li>Estejam cumprindo penalidade de suspens\u00e3o tempor\u00e1ria imposta pela Administra\u00e7\u00e3o P\u00fablica Municipal, ou, ainda, penalidade imposta por qualquer \u00f3rg\u00e3o da Administra\u00e7\u00e3o P\u00fablica, nas hip\u00f3teses previstas nos incisos III e IV do 156 da Lei n\u00b0 14.133\/21<\/li>\n<\/ol>\n<p>&nbsp;<\/p>\n<ol start=\"5\">\n<li><strong>ESPECIFICA\u00c7\u00d5ES DO OBJETO, DOTA\u00c7\u00c3O OR\u00c7AMENT\u00c1RIA, PRAZOS E LOCAL DE PRESTA\u00c7\u00c3O DE SERVI\u00c7OS<\/strong><\/li>\n<\/ol>\n<p>As informa\u00e7\u00f5es relativas a especifica\u00e7\u00f5es do objeto, dota\u00e7\u00e3o or\u00e7ament\u00e1ria, prazos e local de entrega est\u00e3o elencadas no termo de Refer\u00eancia anexo I deste Aviso.<\/p>\n<p>&nbsp;<\/p>\n<ol start=\"6\">\n<li><strong>PRAZO E FORMA PARA ENVIO DOS DOCUMENTOS DE HABILITA\u00c7\u00c3O E PROPOSTA DE PRE\u00c7O<\/strong>\n<ul>\n<li><strong>PRAZO DE ENTREGA DOS DOCUMENTOS<\/strong>: Esta chamada p\u00fablica para Dispensa de Licita\u00e7\u00e3o ficar\u00e1 aberta por um per\u00edodo de\u00a0<strong>03 (TR\u00caS) DIAS UT\u00c9IS,\u00a0<\/strong>contados a partir da data de publica\u00e7\u00e3o do\u00a0<strong>AVISO<\/strong>\u00a0<strong>DE DISPENSA DE LICITA\u00c7\u00c3O\u00a0<\/strong>na imprensa<\/li>\n<li>A proposta de pre\u00e7os e os documentos de habilita\u00e7\u00e3o, dever\u00e3o ser encaminhados via e-mail, para o endere\u00e7o eletr\u00f4nico:\u00a0<a href=\"mailto:atendimento_cosel@salvador.ba.gov.br\"><strong>PMVFLICITACOES2021@GMAIL.COM<\/strong>,<\/a>\u00a0fazendo refer\u00eancia no assunto do e-mail a\u00a0<strong>DISPENSA DE LICITA\u00c7\u00c3O N\u00b0 003\/2026.<\/strong><\/li>\n<\/ul>\n<\/li>\n<\/ol>\n<p>&nbsp;<\/p>\n<p>7.\u00a0\u00a0\u00a0\u00a0\u00a0\u00a0\u00a0 PROPOSTAS DE PRE\u00c7OS<\/p>\n<p><strong>\u00a0<\/strong><\/p>\n<ul>\n<li>A proposta de pre\u00e7os dever\u00e1 ser apresentada na forma, prazo e condi\u00e7\u00f5es estipulados neste Aviso e seus<\/li>\n<\/ul>\n<p>&nbsp;<\/p>\n<ul>\n<li>A proposta dever\u00e1 ser redigida em papel timbrado do interessado, por meio mec\u00e2nico ou informatizado, de forma clara e inequ\u00edvoca, sem emendas, rasuras ou entrelinhas, em estrita observ\u00e2ncia \u00e0s especifica\u00e7\u00f5es contidas neste Aviso, assinada na \u00faltima folha e rubricada nas demais pelo seu titular ou representante legal, devidamente identificado, nela constando, obrigatoriamente:<\/li>\n<\/ul>\n<p>&nbsp;<\/p>\n<ol>\n<li>Raz\u00e3o Social, CNPJ, endere\u00e7o, CEP, telefone\/ e-mail e pessoa de contato;<\/li>\n<li>Pre\u00e7os de acordo com os praticados no mercado, dento do pre\u00e7o m\u00e1ximo que a SEMOP se disp\u00f5e a pagar, em algarismo e por extenso, s\u00f3 reajust\u00e1veis na forma da lei, com valores expressos em moeda corrente nacional (R$). Ocorrendo diverg\u00eancia entre o pre\u00e7o em algarismo e o expresso por extenso, ser\u00e1 levado em conta por extenso.<\/li>\n<li>Prazo de validade de proposta n\u00e3o inferior a 90 (noventa) dias, a contar da data de sua apresenta\u00e7\u00e3o, sendo facultado aos proponentes estender tal validade por prazo<\/li>\n<\/ol>\n<p>&nbsp;<\/p>\n<ul>\n<li>A proposta de pre\u00e7os apresentada dever\u00e1 incluir todas e quaisquer despesas necess\u00e1rias para a execu\u00e7\u00e3o do objeto desta Dispensa de Licita\u00e7\u00e3o, tais como: tributos, emolumentos, contribui\u00e7\u00f5es sociais, fiscais, parafiscais, fretes, seguros e demais despesas inerentes, devendo o pre\u00e7o ofertado corresponder rigorosamente \u00e0s especifica\u00e7\u00f5es do objeto, n\u00e3o cabendo quaisquer reivindica\u00e7\u00f5es devidas a erros nessa avalia\u00e7\u00e3o, para efeito de solicitar revis\u00e3o de pre\u00e7os.<\/li>\n<\/ul>\n<p>&nbsp;<\/p>\n<ul>\n<li>A proposta de pre\u00e7os que n\u00e3o estiver em conson\u00e2ncia com as exig\u00eancias deste Aviso ser\u00e1<\/li>\n<\/ul>\n<p>&nbsp;<\/p>\n<ul>\n<li>Os pre\u00e7os ofertados n\u00e3o poder\u00e3o exceder os pre\u00e7os m\u00e1ximos, constantes neste<\/li>\n<\/ul>\n<p>&nbsp;<\/p>\n<p>8.\u00a0\u00a0\u00a0\u00a0\u00a0\u00a0\u00a0 DOCUMENTA\u00c7\u00c3O DE HABILITA\u00c7\u00c3O<\/p>\n<p><strong>\u00a0<\/strong><\/p>\n<ul>\n<li>Para fins de comprova\u00e7\u00e3o de habilita\u00e7\u00e3o, dever\u00e3o ser apresentados junto com a proposta de pre\u00e7os, os documentos abaixo relacionados, com prazo vigente, \u00e0 exce\u00e7\u00e3o daqueles que por sua natureza n\u00e3o contenham validade:<\/li>\n<\/ul>\n<p>&nbsp;<\/p>\n<ul>\n<li><strong><u>Habilita\u00e7\u00e3o Jur\u00eddica<\/u><\/strong>\n<ol>\n<li>Ato constitutivo, estatuto ou contrato social em vigor, devidamente registrado ou inscrito;<\/li>\n<li>Em se tratando de Microempreendedor individual \u2014 MEI: Certificado da Condi\u00e7\u00e3o de Microempreendedor Individual \u2013 CCMEI;<\/li>\n<\/ol>\n<\/li>\n<\/ul>\n<p>&nbsp;<\/p>\n<ul>\n<li><strong><u>Regularidade Fiscal e Trabalhista<\/u><\/strong>\n<ol start=\"8\">\n<li>Certid\u00e3o Conjunta Negativa de D\u00e9bitos, relativa aos tributos federais e \u00e0 D\u00edvida Ativa da Uni\u00e3o, no \u00e2mbito da RFB e da PGFN abrangendo inclusive as contribui\u00e7\u00f5es sociais previstas nas al\u00edneas \u201ca\u201d e \u201cd\u201d do par\u00e1grafo \u00fanico do art. 11 da Lei n.\u00ba 8.212, de 24 de julho de 1991, com base na Portaria Conjunta RFB\/PGFN no 751, de 02\/10\/2014.<\/li>\n<li>Prova de inscri\u00e7\u00e3o no cadastro de contribuintes estadual e\/ou Municipal, se houver, relativo ao domicilio ou sede do interessado, pertinente ao seu ramo de atividade e compat\u00edvel com o objeto<\/li>\n<li>Prova de regularidade com a Fazenda Estadual relativo ao domicilio ou sede do interessado;<\/li>\n<li>Prova de regularidade com a Fazenda Municipal do relativo ao domicilio ou sede do interessado;<\/li>\n<li>Prova de regularidade com o Fundo de Garantia por Tempo de Servi\u00e7o (FGTS), mediante a apresenta\u00e7\u00e3o de Certificado de Regularidade de Situa\u00e7\u00e3o\/CRF.<\/li>\n<li>Prova de inexist\u00eancia de d\u00e9bitos inadimplidos perante a justi\u00e7a do trabalho, mediante a apresenta\u00e7\u00e3o de Certid\u00e3o Negativa de D\u00e9bitos Trabalhistas (CNDT), com prazo de validade de 180 (cento e oitenta dias), contados da data de sua emiss\u00e3o, de acordo com a Legisla\u00e7\u00e3o federal \u201cLei n\u00ba 440, de 07 de julho de 2011\u201d.<\/li>\n<li>Prova de inscri\u00e7\u00e3o de Cadastro Nacional de Pessoas Jur\u00eddicas CNPJ;<\/li>\n<\/ol>\n<\/li>\n<\/ul>\n<p>&nbsp;<\/p>\n<ul>\n<li><strong><u>Qualifica\u00e7\u00e3o T\u00e9cnica<\/u><\/strong>\n<ol>\n<li>Apresenta\u00e7\u00e3o de pelo menos 01 (um) atestado em nome da pessoa jur\u00eddica, fornecido por pessoa jur\u00eddica de direito p\u00fablico ou privado, suficientes para comprovar a aptid\u00e3o em execu\u00e7\u00e3o de objetos similares ao desta contrata\u00e7\u00e3o.\n<ul>\n<li>O(s) atestado(s) dever\u00e1(\u00e3o) ser apresentado(s) constando as seguintes informa\u00e7\u00f5es da emitente: papel timbrado, CNPJ, endere\u00e7o, telefone, data de emiss\u00e3o, nome e cargo\/fun\u00e7\u00e3o de quem assina o documento, bem como conter objeto, atividades desenvolvidas e per\u00edodo da contrata\u00e7\u00e3o.<\/li>\n<li>N\u00e3o ser\u00e3o aceitos atestados emitidos por empresas do mesmo grupo empresarial da promitente contratada ou pela pr\u00f3pria pessoa jur\u00eddica e\/ou emitidos por empresas, das quais participem s\u00f3cios ou diretores da promitente<\/li>\n<\/ul>\n<\/li>\n<\/ol>\n<\/li>\n<\/ul>\n<p>&nbsp;<\/p>\n<ul>\n<li><strong><u>Qualifica\u00e7\u00e3o econ\u00f4mico-financeira<\/u><\/strong>\n<ol>\n<li>Certid\u00e3o negativa de fal\u00eancia, recupera\u00e7\u00e3o judicial ou extrajudicial ou execu\u00e7\u00e3o patrimonial, conforme o caso, expedida pelo distribuidor da sede do\n<ul>\n<li>Caso o licitante encontre-se em recupera\u00e7\u00e3o judicial, admite-se a participa\u00e7\u00e3o, em licita\u00e7\u00f5es, desde que amparadas em certid\u00e3o emitida pela inst\u00e2ncia judicial competente afirmando que a interessada est\u00e1 apta econ\u00f4mica e financeiramente a participar de procedimento licitat\u00f3rio, na forma do Ac\u00f3rd\u00e3o TCU \u2013 Plen\u00e1rio \u2013 1201\/2020.<\/li>\n<\/ul>\n<\/li>\n<\/ol>\n<\/li>\n<\/ul>\n<p>&nbsp;<\/p>\n<ul>\n<li><strong><u>Documenta\u00e7\u00e3o Complementar de Habilita\u00e7\u00e3o<\/u><\/strong>\n<ol start=\"14\">\n<li>Declara\u00e7\u00e3o de que n\u00e3o est\u00e1 incurso nos impedimentos de que trata o art.14 da Federal n\u00b0 133\/2021, conforme modelo ANEXO IV;<\/li>\n<li>Declara\u00e7\u00e3o de que cumpre as exig\u00eancias de reserva de cargos para Pessoas com Defici\u00eancia \u2014 PcD e para reabilitado da Previd\u00eancia Social, previstas em lei e normas espec\u00edficas, conforme modelo ANEXO III;<\/li>\n<li>Certid\u00e3o Negativa de Cadastro Nacional de Empresas Inid\u00f4neas e Suspensas \u2014 CEIS<\/li>\n<li>Certid\u00e3o Negativa de Cadastro Nacional de Empresas P\u00fablicas \u2014 CNE<\/li>\n<li>Declara\u00e7\u00e3o assinada pelo titular ou representante legal da Requerente, devidamente identificado, em conformidade com o disposto no XXXIII, art. 7\u00ba, da Constitui\u00e7\u00e3o Federal (Modelo no\u00a0<strong>Anexo IV\u00a0<\/strong>deste Aviso).<\/li>\n<\/ol>\n<\/li>\n<\/ul>\n<p>&nbsp;<\/p>\n<p>9.\u00a0\u00a0\u00a0\u00a0\u00a0\u00a0\u00a0 CRIT\u00c9RIO DE JULGAMENTO<\/p>\n<p><strong>\u00a0<\/strong><\/p>\n<ul>\n<li><strong><u>PROPOSTAS DE PRE\u00c7OS<\/u><\/strong><\/li>\n<\/ul>\n<p>&nbsp;<\/p>\n<ul>\n<li>As propostas apresentadas em conson\u00e2ncia com as exig\u00eancias do Aviso ser\u00e3o classificadas e ser\u00e1 declara vencedora a que apresentar o menor pre\u00e7o.<\/li>\n<\/ul>\n<p>&nbsp;<\/p>\n<ul>\n<li>Os interessados que apresentarem proposta de pre\u00e7os com diverg\u00eancia \u00e0s exig\u00eancias deste Aviso e seus anexos ser\u00e1<\/li>\n<\/ul>\n<p>&nbsp;<\/p>\n<ul>\n<li><strong><u>HABILITA\u00c7\u00c3O<\/u><\/strong>\n<ul>\n<li>Ser\u00e1 habilitado o interessado que atender todas as condi\u00e7\u00f5es do Aviso e seus<\/li>\n<li>Ser\u00e1 inabilitada o interessado que n\u00e3o atender as condi\u00e7\u00f5es do Aviso e seus<\/li>\n<\/ul>\n<\/li>\n<\/ul>\n<p>&nbsp;<\/p>\n<p>10.\u00a0\u00a0\u00a0\u00a0\u00a0 OBRIGA\u00c7\u00d5ES, PENALIDADES E SAN\u00c7\u00d5ES<\/p>\n<p><strong>\u00a0<\/strong><\/p>\n<p>As obriga\u00e7\u00f5es, penalidades e sans\u00f5es est\u00e3o elencadas no Termo de Refer\u00eancia, anexo I deste Aviso e s\u00e3o parte integrante independente de transcri\u00e7\u00e3o.<\/p>\n<p>&nbsp;<\/p>\n<p>11.\u00a0\u00a0\u00a0\u00a0\u00a0\u00a0\u00a0\u00a0 DISPOSI\u00c7\u00d5ES GERAIS<\/p>\n<p><strong>\u00a0<\/strong><\/p>\n<ul>\n<li>O interessado n\u00e3o poder\u00e1 alegar como justificativa para se eximir das obriga\u00e7\u00f5es assumidas, o desconhecimento das condi\u00e7\u00f5es para participa\u00e7\u00e3o desta Dispensa de Licita\u00e7\u00e3o.<\/li>\n<li>Poder\u00e1 esta Secretaria Municipal da Prefeitura Municipal de Vila Flor, revogar o presente Aviso, no todo em parte, por conveni\u00eancia administrativa e interesse p\u00fablico, decorrente de falo superveniente, devidamente<\/li>\n<li>A Secretaria Municipal da Prefeitura Municipal de Vila Flor poder\u00e1 anular o presente Aviso, no todo em parte, caso ocorra ilegalidade, de oficio ou por provoca\u00e7\u00e3o. A anula\u00e7\u00e3o do procedimento oriundo deste Aviso, n\u00e3o gera direito a indeniza\u00e7\u00e3o.<\/li>\n<li>Ap\u00f3s a fase de classifica\u00e7\u00e3o da proposta, n\u00e3o cabe desist\u00eancia da mesma, salvo por motivo justo decorrente de fato superveniente, e desde que aceito pela PREFEITURA MUNICIPAL.<\/li>\n<li>Ao apresentar a proposta de pre\u00e7os, o interessado declara sob as penalidades da Lei, da inexist\u00eancia de qualquer v\u00ednculo de natureza t\u00e9cnica, comercial, econ\u00f4mica, financeira ou trabalhista, entre si e os respons\u00e1veis por esta Dispensa de Licita\u00e7\u00e3o, quer direta ou<\/li>\n<li>A apresenta\u00e7\u00e3o de proposta pressup\u00f5e o pleno conhecimento, atendimento e aceita\u00e7\u00e3o integral e irretrat\u00e1vel, por parte do interessado, das exig\u00eancias e condi\u00e7\u00f5es estabelecidas neste Aviso e Termo de Refer\u00eancia.<\/li>\n<li>A falsidade de qualquer documento apresentado ou a inverdade das informa\u00e7\u00f5es nele contidas implicar\u00e1 a imediata desclassifica\u00e7\u00e3o\/inabilita\u00e7\u00e3o do interessado que o tiver apresentado, ou, caso tenha sido o vencedor, a rescis\u00e3o do contrato ou do pedido de compra, sem preju\u00edzo de demais san\u00e7\u00f5es cab\u00edveis.<\/li>\n<li>Na contagem dos prazos estabelecidos neste Aviso, com fulcro no Art 183 da Lei Federal 133\/2021, ser\u00e3o contados com exclus\u00e3o do dia do come\u00e7o e inclus\u00e3o do dia do vencimento, observando-se as seguintes disposi\u00e7\u00f5es:\n<ol>\n<li>os prazos expressos em dias corridos ser\u00e3o computados de modo cont\u00ednuo;<\/li>\n<li>os prazos expressos em meses ou anos ser\u00e3o computados de data a data;<\/li>\n<li>nos prazos expressos em dias \u00fateis, ser\u00e3o computados somente os dias em que ocorrer expediente administrativo no \u00f3rg\u00e3o ou entidade competente.<\/li>\n<\/ol>\n<\/li>\n<\/ul>\n<p>&nbsp;<\/p>\n<ul>\n<li>Salvo disposi\u00e7\u00e3o em contr\u00e1rio, considera-se dia do come\u00e7o do prazo:\n<ol>\n<li>o primeiro dia \u00fatil seguinte ao da disponibiliza\u00e7\u00e3o da informa\u00e7\u00e3o na<\/li>\n<\/ol>\n<\/li>\n<\/ul>\n<p>Vila Flor\/RN, em 05 de janeiro de 2026.<\/p>\n<p>&nbsp;<\/p>\n<p>Kedson Jos\u00e9 de Lima<\/p>\n<p><strong>Agente de Contrata\u00e7\u00e3o<\/strong><\/p>\n<p><strong>\u00a0<\/strong><\/p>\n<p>DISPENSA DE LICITA\u00c7\u00c3O N\u00b0 003\/2026<\/p>\n<p>SETOR DE LICITA\u00c7\u00c3O<\/p>\n<p>ANEXO I \u2013 TERMO DE REFER\u00caNCIA<\/p>\n<p>1.\u00a0\u00a0\u00a0 OBJETO<\/p>\n<p><strong>\u00a0<\/strong><\/p>\n<p>O presente termo de refer\u00eancia visa orientar a licita\u00e7\u00e3o para a\u00a0<strong>CONTRATA\u00c7\u00c3O DE SERVI\u00c7OS DE ATIVIDADES DE CUNHO T\u00c9CNICO E ADMINISTRATIVO DE APOIO A PREFEITURA, COMPREENDENDO O PREENCHIMENTO DO SIAI, INCLUINDO TODOS OS ANEXOS DISPONIBILIZADOS PELO PORTAL DO GESTOR, REALIZANDO CONSULTA AOS PROCESSOS ADMINISTRATIVOS PARA O DESEMPENHO DAS TAREFAS E ENVIO DE DADOS AO TRIBUNAL DE CONTAS<\/strong>.<\/p>\n<p>2.\u00a0\u00a0\u00a0 JUSTIFICATIVA<\/p>\n<p>A justificativa para a contrata\u00e7\u00e3o desses servi\u00e7os pauta-se, primordialmente, no princ\u00edpio da efici\u00eancia e no cumprimento das normas de responsabilidade fiscal e transpar\u00eancia p\u00fablica. A alimenta\u00e7\u00e3o do SIAI e o envio de dados ao Tribunal de Contas n\u00e3o s\u00e3o meras tarefas burocr\u00e1ticas, mas sim o principal mecanismo de fiscaliza\u00e7\u00e3o externa ao qual o munic\u00edpio est\u00e1 submetido.<\/p>\n<p>&nbsp;<\/p>\n<p>A contrata\u00e7\u00e3o se justifica pela natureza cr\u00edtica dessas atividades, uma vez que falhas no preenchimento de anexos ou atrasos na remessa de informa\u00e7\u00f5es podem acarretar san\u00e7\u00f5es graves ao ente federativo, como a suspens\u00e3o de transfer\u00eancias volunt\u00e1rias, o bloqueio de certid\u00f5es de regularidade e a imputa\u00e7\u00e3o de multas aos gestores.<\/p>\n<p>&nbsp;<\/p>\n<p>Al\u00e9m disso, a especializa\u00e7\u00e3o exigida para consultar processos administrativos complexos e traduzi-los para a linguagem do Portal do Gestor demanda uma expertise que, muitas vezes, o quadro permanente de servidores n\u00e3o consegue suprir sem comprometer as fun\u00e7\u00f5es final\u00edsticas de cada setor.<\/p>\n<p>&nbsp;<\/p>\n<p>Ao delegar o apoio t\u00e9cnico e administrativo a uma estrutura capacitada, a prefeitura assegura a integridade dos dados enviados, minimiza o risco de erros humanos que geram dilig\u00eancias por parte do Tribunal de Contas e garante que a gest\u00e3o esteja em plena conformidade com a legisla\u00e7\u00e3o vigente, protegendo o patrim\u00f4nio p\u00fablico e otimizando a governan\u00e7a por meio de um controle rigoroso e profissional da informa\u00e7\u00e3o.<\/p>\n<p>3.\u00a0\u00a0\u00a0 FUNDAMENTA\u00c7\u00d5ES LEGAIS<\/p>\n<p><strong>\u00a0<\/strong><\/p>\n<ul>\n<li>O objeto deste Termo de Refer\u00eancia tem amparo legal nas normas gerais de licita\u00e7\u00e3o e contrata\u00e7\u00e3o para as Administra\u00e7\u00f5es P\u00fablicas diretas, aut\u00e1rquicas e fundacionais, integralmente, na Lei 14.133\/2021, que institui, no \u00e2mbito da Uni\u00e3o, Estados, Distrito Federal e Munic\u00edpios, nos termos do art. 37, inciso XXI, da Constitui\u00e7\u00e3o Federal.<\/li>\n<li>75, inciso II da Lei 14.133\/2021.<\/li>\n<\/ul>\n<p>&nbsp;<\/p>\n<p>4. RESULTADOS PRETENDIDOS<\/p>\n<p>Os resultados pretendidos com a contrata\u00e7\u00e3o desses servi\u00e7os de apoio t\u00e9cnico e administrativo concentram-se na busca pela excel\u00eancia na gest\u00e3o da informa\u00e7\u00e3o e na seguran\u00e7a jur\u00eddica do munic\u00edpio perante os \u00f3rg\u00e3os de controle externo.<\/p>\n<p>O objetivo primordial \u00e9 o estabelecimento de um fluxo cont\u00ednuo e ininterrupto de alimenta\u00e7\u00e3o do\u00a0<strong>Sistema Informatizado de Auditoria de Insumos (SIAI)<\/strong>, garantindo que todos os anexos e dados exigidos pelo\u00a0<strong>Portal do Gestor<\/strong>\u00a0reflitam, com absoluta precis\u00e3o, a realidade dos atos administrativos praticados pela prefeitura. Espera-se que, com o suporte especializado, a administra\u00e7\u00e3o consiga reduzir a zero o \u00edndice de inconsist\u00eancias ou omiss\u00f5es nos envios, o que resulta na manuten\u00e7\u00e3o da regularidade fiscal e na obten\u00e7\u00e3o de certid\u00f5es positivas com efeitos de negativa, essenciais para a celebra\u00e7\u00e3o de conv\u00eanios e recebimento de repasses financeiros.<\/p>\n<p>Al\u00e9m disso, busca-se a otimiza\u00e7\u00e3o do tempo de resposta ao\u00a0<strong>Tribunal de Contas<\/strong>, uma vez que a an\u00e1lise t\u00e9cnica pr\u00e9via dos processos administrativos permitir\u00e1 que as informa\u00e7\u00f5es sejam enviadas de forma saneada e organizada. Isso gera um ganho significativo na efici\u00eancia institucional, pois evita o retrabalho decorrente de notifica\u00e7\u00f5es de erro ou dilig\u00eancias do Tribunal que costumam sobrecarregar o corpo jur\u00eddico e cont\u00e1bil da prefeitura.<\/p>\n<p>Em \u00faltima an\u00e1lise, o resultado esperado \u00e9 o fortalecimento da transpar\u00eancia p\u00fablica e da governan\u00e7a, entregando \u00e0 sociedade e aos \u00f3rg\u00e3os fiscalizadores um banco de dados fidedigno, atualizado em tempo real e em total conformidade com os cronogramas estabelecidos pela legisla\u00e7\u00e3o vigente, assegurando que a gest\u00e3o municipal opere dentro da mais estrita legalidade e efici\u00eancia administrativa.<\/p>\n<ol start=\"5\">\n<li><strong>DOS PRAZOS:<\/strong>\n<ul>\n<li>VIG\u00caNCIA: A vig\u00eancia do contrato dura\u00e7\u00e3o de 12 (Doze) meses, contados a partir da data da assinatura do contrato.<\/li>\n<li>O prazo de presta\u00e7\u00e3o dos servi\u00e7os s\u00e3o de 02 (dois) dias a partir da data da emiss\u00e3o da ordem de servi\u00e7o.<\/li>\n<li>Os prazos de execu\u00e7\u00e3o, de conclus\u00e3o e de entrega admitem prorroga\u00e7\u00e3o, mantidas as demais cl\u00e1usulas do contrato e assegurada a manuten\u00e7\u00e3o de seu equil\u00edbrio econ\u00f4mico financeiro, desde que ocorra algum dos motivos elencados no art. 124, da Lei Federal n\u00ba 14.133\/21, devidamente autuado em processo.<\/li>\n<\/ul>\n<\/li>\n<\/ol>\n<p>&nbsp;<\/p>\n<p>6.\u00a0\u00a0 DO DETALHAMENTO E DA EXECU\u00c7\u00c3O DOS SERVI\u00c7OS<\/p>\n<p>Ciclo de Operacionaliza\u00e7\u00e3o e Fluxo de Trabalho<\/p>\n<p>A execu\u00e7\u00e3o dos servi\u00e7os ser\u00e1 estruturada em etapas sucessivas e interdependentes, iniciando-se pela\u00a0<strong>Triagem e Coleta de Dados<\/strong>. Nesta fase, a equipe t\u00e9cnica dever\u00e1 realizar uma varredura sistem\u00e1tica nos processos administrativos f\u00edsicos ou digitais de todas as secretarias municipais. O foco reside na identifica\u00e7\u00e3o de empenhos, liquida\u00e7\u00f5es, pagamentos, editais de licita\u00e7\u00e3o, contratos e aditivos que possuam repercuss\u00e3o direta nos anexos do SIAI. Esta coleta n\u00e3o \u00e9 meramente documental; ela exige a an\u00e1lise da integridade das informa\u00e7\u00f5es para verificar se o que consta no processo administrativo possui lastro para a inser\u00e7\u00e3o sist\u00eamica.<\/p>\n<p>Ap\u00f3s a coleta, inicia-se a etapa de\u00a0<strong>An\u00e1lise e Tratamento T\u00e9cnico<\/strong>. Aqui, os profissionais de apoio dever\u00e3o organizar as informa\u00e7\u00f5es de acordo com o layout e a taxonomia exigidos pelo Portal do Gestor. Isso inclui a confer\u00eancia de datas, valores, CPFs\/CNPJs de credores e c\u00f3digos de dota\u00e7\u00e3o or\u00e7ament\u00e1ria. Caso sejam detectadas inconsist\u00eancias ou aus\u00eancia de documentos essenciais nos processos consultados, a contratada dever\u00e1 emitir comunica\u00e7\u00f5es internas imediatas aos setores respons\u00e1veis para o saneamento das pend\u00eancias, evitando que o dado seja enviado ao Tribunal de Contas com erros pass\u00edveis de rejei\u00e7\u00e3o.<\/p>\n<p>A terceira fase compreende o\u00a0<strong>Preenchimento e Alimenta\u00e7\u00e3o de Sistemas<\/strong>. Com os dados saneados, a execu\u00e7\u00e3o avan\u00e7a para a inser\u00e7\u00e3o manual ou via integra\u00e7\u00e3o de dados no SIAI, cobrindo todos os anexos disponibilizados pelo portal (pessoal, licita\u00e7\u00f5es, obras, gest\u00e3o fiscal, etc.). Este trabalho exige rigoroso acompanhamento do cronograma de remessas estabelecido pelo Tribunal de Contas, garantindo que a alimenta\u00e7\u00e3o ocorra de forma escalonada e n\u00e3o apenas nos prazos limites, o que permite janelas de corre\u00e7\u00e3o e revis\u00e3o.<\/p>\n<p>Por fim, o servi\u00e7o atinge a etapa de\u00a0<strong>Protocolo e Monitoramento de Retorno<\/strong>. Ap\u00f3s o envio dos dados, a contratada \u00e9 respons\u00e1vel por gerar os comprovantes de transmiss\u00e3o e, fundamentalmente, monitorar os relat\u00f3rios de cr\u00edtica emitidos pelo sistema do Tribunal. Havendo apontamentos de erro pelo validador do portal, a equipe dever\u00e1 realizar o reprocessamento imediato da informa\u00e7\u00e3o. A execu\u00e7\u00e3o encerra-se com a entrega de relat\u00f3rios mensais de conformidade \u00e0 prefeitura, consolidando todos os envios realizados e o status de regularidade do munic\u00edpio perante o \u00f3rg\u00e3o de controle.<\/p>\n<p>7.\u00a0\u00a0\u00a0\u00a0\u00a0 DO PRE\u00c7O:<\/p>\n<p><strong>\u00a0<\/strong><\/p>\n<ul>\n<li>A tabela a seguir engloba os valores das cota\u00e7\u00f5es, ofertados para a presente contrata\u00e7\u00e3o por meio de dispensa de licita\u00e7\u00e3o pelo valor, inclu\u00eddas todas as despesas necess\u00e1rias \u00e0 consecu\u00e7\u00e3o do objeto.<\/li>\n<\/ul>\n<p>&nbsp;<\/p>\n<table width=\"695\">\n<tbody>\n<tr>\n<td width=\"45\"><strong>Item<\/strong><\/td>\n<td width=\"272\"><strong>Nome<\/strong><\/td>\n<td width=\"90\"><strong>Quantidade<\/strong><\/td>\n<td width=\"80\"><strong>Unidade<\/strong><\/td>\n<td width=\"104\"><strong>V. Unit\u00e1rio<\/strong><\/td>\n<td width=\"104\"><strong>V. Total<\/strong><\/td>\n<\/tr>\n<tr>\n<td width=\"45\">1<\/td>\n<td width=\"272\">CONTRATA\u00c7\u00c3O DE SERVI\u00c7OS DE ATIVIDADES DE CUNHO T\u00c9CNICO E ADMINISTRATIVO DE APOIO A PREFEITURA, COMPREENDENDO O PREENCHIMENTO DO SIAI, INCLUINDO TODOS OS ANEXOS DISPONIBILIZADOS PELO PORTAL DO GESTOR, REALIZANDO CONSULTA AOS PROCESSOS ADMINISTRATIVOS PARA O DESEMPENHO DAS TAREFAS E ENVIO DE DADOS AO TRIBUNAL DE CONTAS<\/td>\n<td width=\"90\">12<\/td>\n<td width=\"80\">M\u00eas<\/td>\n<td width=\"104\">R$ 4.771,67<\/td>\n<td width=\"104\">R$ 57.260,00<\/td>\n<\/tr>\n<\/tbody>\n<\/table>\n<p>&nbsp;<\/p>\n<ul>\n<li>O pre\u00e7o GLOBAL m\u00e1ximo que a contratante se disp\u00f5es a pagar \u00e9\u00a0<strong>R$ 57.260,00 (Cinquenta e sete mil, duzentos e sessenta reais)\u00a0<\/strong>obtido atrav\u00e9s da m\u00e9dia da pesquisa de mercado, resultante de cota\u00e7\u00e3o de pre\u00e7os com empresas do ramo pertinente e est\u00e1 compat\u00edvel com os valores praticados atualmente no<\/li>\n<\/ul>\n<p>&nbsp;<\/p>\n<ul>\n<li>Processo licitat\u00f3rio destinado, exclusivamente, \u00e0 participa\u00e7\u00e3o das microempresas e empresas de pequeno porte, conforme inciso I, Art. 48 da Lei Complementar 123\/2006 (contrata\u00e7\u00f5es cujo valor seja de at\u00e9 R$ 80.000,00 \u2013 oitenta mil reais) e Art. 4\u00ba da Lei 133\/2021.<\/li>\n<\/ul>\n<p>&nbsp;<\/p>\n<p>8.\u00a0\u00a0\u00a0\u00a0\u00a0 DOTA\u00c7\u00c3O OR\u00c7AMENT\u00c1RIA:<\/p>\n<p><strong>\u00a0<\/strong><\/p>\n<p>A despesa desta contra\u00e7\u00e3o correr\u00e1 pela dota\u00e7\u00e3o or\u00e7ament\u00e1ria vigente no exerc\u00edcio financeiro do ano de 2025.<\/p>\n<p><strong>Classifica\u00e7\u00e3o econ\u00f4mica: \u00a0\u00a0\u00a0 3.3.90.39.00 \u2013 Outros Servi\u00e7os de Terceiros \u2013 Pessoa Jur\u00eddica<\/strong><\/p>\n<p><strong>\u00a0\u00a0\u00a0\u00a0\u00a0\u00a0\u00a0\u00a0\u00a0\u00a0\u00a0<\/strong><\/p>\n<p><strong>\u00d3rg\u00e3o:<\/strong>\u00a0\u00a0\u00a0\u00a0\u00a0\u00a0\u00a0\u00a0\u00a0\u00a0\u00a0\u00a0\u00a0\u00a0\u00a0\u00a0\u00a0\u00a0\u00a0\u00a0\u00a0\u00a0\u00a0\u00a0\u00a0\u00a0\u00a0\u00a0\u00a0\u00a0\u00a0\u00a0\u00a0\u00a0 PREFEITURA MUNICIPAL DE VILA FLOR<\/p>\n<p><strong>Unidade Or\u00e7ament\u00e1ria: \u00a0\u00a0\u00a0\u00a0\u00a0<\/strong>03.001 \u2013 Secretaria Municipal de Administra\u00e7\u00e3o<\/p>\n<p>Projeto Atividade: \u00a0\u00a0\u00a0\u00a0\u00a0\u00a0\u00a0\u00a0\u00a0\u00a0\u00a0\u00a0\u00a0\u00a0\u00a0\u00a0 2.007 \u2013 MANUTEN\u00c7\u00c3O DAS A\u00c7\u00d5ES DA SECRETARIA MUNICIPAL DE ADMINISTRA\u00c7\u00c3O<\/p>\n<p>Fonte de Recurso: \u00a0\u00a0\u00a0\u00a0\u00a0\u00a0\u00a0\u00a0\u00a0\u00a0\u00a0\u00a0\u00a0\u00a0\u00a0\u00a0 15000000 \u2013 Recursos N\u00e3o Vinculados de Impostos<\/p>\n<p>&nbsp;<\/p>\n<p>9.\u00a0\u00a0\u00a0\u00a0\u00a0\u00a0\u00a0\u00a0\u00a0 DO CRIT\u00c9RIO DE ACEITA\u00c7\u00c3O DO OBJETO<\/p>\n<p><strong>\u00a0<\/strong><\/p>\n<p>Os objetos da contrata\u00e7\u00e3o ser\u00e3o aceitos pela administra\u00e7\u00e3o p\u00fablica t\u00e3o somente no caso de serem ofertados em estrita conformidade com as especifica\u00e7\u00f5es e exig\u00eancias constantes no presente Termo de Refer\u00eancia, livres de quaisquer \u00f4nus ou embara\u00e7os e entregues no local e dentro do prazo exigido;<\/p>\n<p>&nbsp;<\/p>\n<p>10.\u00a0\u00a0\u00a0\u00a0\u00a0 FORMA DE PAGAMENTO:<\/p>\n<ul>\n<li>No valor global deste j\u00e1 est\u00e3o inclusas todas as despesas com tributos, contribui\u00e7\u00f5es fiscais e parafiscais, emolumentos, frete, seguros e quaisquer outras que forem<\/li>\n<\/ul>\n<p>&nbsp;<\/p>\n<ul>\n<li>O pagamento ser\u00e1 realizado pela unidade compradora atrav\u00e9s de cr\u00e9dito em conta corrente indicada na declara\u00e7\u00e3o ou documento similar fornecido por estabelecimento banc\u00e1rio, no prazo de at\u00e9 15 (quinze) dias \u00fateis, contados da entrega da nota fiscal com planilha de composi\u00e7\u00e3o de custos e respectivos comprovantes e a aprova\u00e7\u00e3o das mesmas pela \u00e1rea t\u00e9cnica. A Nota Fiscal dever\u00e1 ser emitida por meio eletr\u00f4nico.<\/li>\n<\/ul>\n<p>&nbsp;<\/p>\n<ul>\n<li>Nenhum pagamento ser\u00e1 efetuado \u00e0 CONTRATADA enquanto pendente de liquida\u00e7\u00e3o qualquer obriga\u00e7\u00e3o financeira que lhe for imposta, em virtude de penalidade ou inadimpl\u00eancia, sem que isso gere direito a reajuste de pre\u00e7o.<\/li>\n<\/ul>\n<p>&nbsp;<\/p>\n<ul>\n<li>Havendo na Nota Fiscal ou descumprimento das condi\u00e7\u00f5es pactuadas, no todo ou em parte, a tramita\u00e7\u00e3o ser\u00e1 suspensa para que a CONTRATADA adote as provid\u00eancias necess\u00e1rias \u00e0 sua corre\u00e7\u00e3o. Passar\u00e1 a ser considerada, para efeito de pagamento, a data de reapresenta\u00e7\u00e3o da fatura, devidamente<\/li>\n<\/ul>\n<p>&nbsp;<\/p>\n<ul>\n<li>A Administra\u00e7\u00e3o poder\u00e1 sustar no todo ou em parte os pagamentos devidos, sempre que ocorrerem irregularidades na execu\u00e7\u00e3o do objeto do contrato ou no documento de cobran\u00e7a.<\/li>\n<\/ul>\n<p>&nbsp;<\/p>\n<ul>\n<li>A Nota Fiscal dever\u00e1 ser entregue na sede da C\u00e2mara Municipal, atrav\u00e9s do Setor de Protocolo, acompanhada dos seguintes<\/li>\n<\/ul>\n<p>&nbsp;<\/p>\n<p>10.6.1\u00a0\u00a0\u00a0\u00a0\u00a0\u00a0\u00a0\u00a0\u00a0\u00a0\u00a0\u00a0\u00a0\u00a0\u00a0\u00a0\u00a0\u00a0\u00a0\u00a0\u00a0 Nota Fiscal Eletr\u00f4nica de Servi\u00e7os, contendo o per\u00edodo do Servi\u00e7o e o n\u00famero do Contrato;<\/p>\n<p><strong>\u00a0<\/strong><\/p>\n<ul>\n<li><strong>Demonstrativo de faturamento demonstrando o quantitativo de servi\u00e7o realizado;<\/strong><\/li>\n<\/ul>\n<p><strong>\u00a0<\/strong><\/p>\n<p>10.6.3\u00a0\u00a0\u00a0\u00a0\u00a0\u00a0\u00a0\u00a0\u00a0\u00a0\u00a0\u00a0\u00a0\u00a0\u00a0\u00a0\u00a0\u00a0\u00a0\u00a0\u00a0 Certid\u00f5es negativas ou positivas com efeitos de negativa de regularidade fiscal federal, estadual, municipal e com a Justi\u00e7a do Trabalho (CNDT);<\/p>\n<p><strong>\u00a0<\/strong><\/p>\n<ul>\n<li><strong>Certificado de regularidade vigente com o FGTS;<\/strong><\/li>\n<\/ul>\n<p><strong>\u00a0<\/strong><\/p>\n<p>10.6.5\u00a0\u00a0\u00a0\u00a0\u00a0\u00a0\u00a0\u00a0\u00a0\u00a0\u00a0\u00a0\u00a0\u00a0\u00a0\u00a0\u00a0\u00a0\u00a0\u00a0\u00a0 C\u00f3pia do Instrumento Contratual com sua Publica\u00e7\u00e3o e aditamentos, se houver.<\/p>\n<p>&nbsp;<\/p>\n<ol start=\"11\">\n<li><strong>DOCUMENTOS DE QUALIFICA\u00c7\u00c3O T\u00c9CNICA E ECON\u00d4MICO-FINANCEIRA<\/strong><\/li>\n<\/ol>\n<p><strong>\u00a0<\/strong><\/p>\n<ul>\n<li><strong>Qualifica\u00e7\u00e3o T\u00e9cnica\u00a0<\/strong>ser\u00e1 comprovada mediante a apresenta\u00e7\u00e3o dos seguintes documentos:<\/li>\n<\/ul>\n<p>&nbsp;<\/p>\n<ul>\n<li>Apresenta\u00e7\u00e3o de Atestado de capacidade t\u00e9cnica, fornecidos por pessoa jur\u00eddica de direito p\u00fablico ou privado, pertinente e compat\u00edvel com o objeto da licita\u00e7\u00e3o. N\u00e3o ser\u00e3o aceitos atestados emitidos por empresas do mesmo grupo empresarial da Concorrente ou pela pr\u00f3pria Concorrente e\/ou emitidos porem presas, das quais participem s\u00f3cio sou diretores da<\/li>\n<\/ul>\n<p>12.\u00a0\u00a0\u00a0\u00a0\u00a0 OBRIGA\u00c7\u00d5ES<\/p>\n<p><strong>\u00a0<\/strong><\/p>\n<ul>\n<li><strong>DA CONTRATANTE\u00a0<\/strong>\u2013 A Contratante estar\u00e1 obrigado a:<\/li>\n<\/ul>\n<p>&nbsp;<\/p>\n<ul>\n<li>Efetuar o pagamento ajustado;<\/li>\n<li>Dar a CONTRATADA as condi\u00e7\u00f5es necess\u00e1rias para a regular execu\u00e7\u00e3o do contrato;<\/li>\n<li>Fiscalizar e acompanhar a execu\u00e7\u00e3o do contrato;<\/li>\n<li>receber ou n\u00e3o, os produtos fornecidos pela CONTRATADA;<\/li>\n<li>Efetuar o pagamento da Notas Fiscal emitida pela CONTRATADA, desde que devidamente atestada pelo fiscal do contrato, na forma da Cl\u00e1usula Terceira deste Contrato;<\/li>\n<li>Notificar a CONTRATADA, por escrito, de modifica\u00e7\u00f5es introduzidas nas especifica\u00e7\u00f5es dos produtos, sempre que houver necessidade de aprimoramento ou corre\u00e7\u00e3o de documentos;<\/li>\n<li>Notificar a CONTRATADA, por escrito, e com seu expresso ciente, fixando-lhe prazo para corrigir defeitos ou irregularidades verificadas na execu\u00e7\u00e3o do Contrato, bem como da eventual aplica\u00e7\u00e3o de multas previstas no<\/li>\n<\/ul>\n<p>&nbsp;<\/p>\n<ul>\n<li><strong>DA CONTRATADA\u00a0<\/strong>\u2013 A Contratada estar\u00e1 obrigado a:<\/li>\n<\/ul>\n<p>&nbsp;<\/p>\n<ul>\n<li>Realizar o fornecimento obedecendo todas as condi\u00e7\u00f5es ora estabelecidas, sem preju\u00edzo de outros encargos previstos em Lei e com observ\u00e2ncia das recomenda\u00e7\u00f5es ditadas pela fiscaliza\u00e7\u00e3o da CONTRATANTE, nas condi\u00e7\u00f5es indicadas na proposta apresentada.<\/li>\n<li>Todos os custos com m\u00e3o de obra, materiais e transporte, EPI\u2019s, impostos, taxas ser\u00e3o por conta da<\/li>\n<li>Manter, durante toda a execu\u00e7\u00e3o do Contrato, em compatibilidade com as obriga\u00e7\u00f5es assumidas, todas as condi\u00e7\u00f5es de habilita\u00e7\u00e3o;<\/li>\n<li>Efetuar o pagamento de todos os impostos, taxas e quaisquer outros encargos fiscais, de origem federal, estadual ou municipal, vigentes, bem como de quaisquer despesas judiciais ou extrajudiciais, que lhe venham a ser imputadas, inclusive em rela\u00e7\u00e3o a terceiros, decorrentes de a\u00e7\u00e3o ou omiss\u00e3o dolosa ou culposa de prepostos da CONTRATADA;<\/li>\n<li>Efetuar o pagamento dos sal\u00e1rios, encargos sociais, trabalhistas, previdenci\u00e1rios, adicionais, despesas de transporte, estada e\/ou di\u00e1rias, alimenta\u00e7\u00e3o, alojamento e quaisquer outras despesas com o seu pessoal encarregado dos servi\u00e7os objeto deste contrato, competindo-lhe, tamb\u00e9m, observar, rigorosamente, as disposi\u00e7\u00f5es da Consolida\u00e7\u00e3o das Leis do Trabalho e da legisla\u00e7\u00e3o correlata.<\/li>\n<\/ul>\n<p>&nbsp;<\/p>\n<p>13.\u00a0\u00a0\u00a0\u00a0\u00a0 DAS PENALIDADES E SAN\u00c7\u00d5ES<\/p>\n<p>&nbsp;<\/p>\n<ul>\n<li><strong>SAN\u00c7\u00d5ES\u00a0<\/strong>\u2013 Ao\u00a0<strong>LICITANTE\u00a0<\/strong>que incidir nas hip\u00f3teses abaixo relacionadas ser\u00e1 aplicada a seguinte san\u00e7\u00e3o, graduada conforme a gravidade da infra\u00e7\u00e3o, sem preju\u00edzo de san\u00e7\u00f5es civis e criminais, ap\u00f3s o pr\u00e9vio processo administrativo, garantida a ampla defesa e o contradit\u00f3rio:<\/li>\n<\/ul>\n<p>&nbsp;<\/p>\n<ul>\n<li><strong>Impedimento de licitar e contratar com a Administra\u00e7\u00e3o P\u00fablica\u00a0<\/strong>pelo prazo de at\u00e9 5 (cinco) anos, quando:<\/li>\n<\/ul>\n<p>&nbsp;<\/p>\n<ul>\n<li>N\u00e3o celebrar o contrato;<\/li>\n<li>n\u00e3o entregar a documenta\u00e7\u00e3o exigida no edital;<\/li>\n<li>Apresentar documenta\u00e7\u00e3o falsa;<\/li>\n<li>N\u00e3o mantiver a proposta;<\/li>\n<li>declarar informa\u00e7\u00f5es falsas; e\/ou<\/li>\n<li>Cometer fraude<\/li>\n<\/ul>\n<p>&nbsp;<\/p>\n<ul>\n<li><strong>PENALIDADES\u00a0<\/strong>\u2013 \u00c0 CONTRATADA que cometer infra\u00e7\u00f5es, descumprirem total ou parcialmente os contratos, ajustes ou acordos celebrados com a Administra\u00e7\u00e3o P\u00fablica Municipal, ser\u00e3o aplicadas as seguintes penalidades:<\/li>\n<\/ul>\n<p>&nbsp;<\/p>\n<ul>\n<li><strong>Advert\u00eancia\u00a0<\/strong>\u2013 comunica\u00e7\u00e3o formal ao fornecedor, sobre o descumprimento de contratos e outras obriga\u00e7\u00f5es assumidas, quando ocorrer atraso na presta\u00e7\u00e3o do servi\u00e7o, em at\u00e9 10 (dez) dias da data estipulada para tanto<\/li>\n<\/ul>\n<p>&nbsp;<\/p>\n<ul>\n<li><strong>Multa\u00a0<\/strong>\u2013 pena pecuni\u00e1ria em favor da Administra\u00e7\u00e3o Municipal pelos preju\u00edzos causados decorrentes do descumprimento de obriga\u00e7\u00f5es legais e<\/li>\n<\/ul>\n<p>&nbsp;<\/p>\n<ul>\n<li><strong>Suspens\u00e3o\u00a0<\/strong>\u2013 ato formal de impedimento tempor\u00e1rio para licitar, e contratar com a Administra\u00e7\u00e3o P\u00fablica Municipal.<\/li>\n<\/ul>\n<p>&nbsp;<\/p>\n<ul>\n<li><strong>Declara\u00e7\u00e3o de inidoneidade\u00a0<\/strong>\u2013 declara\u00e7\u00e3o da qualidade de impr\u00f3prio, de desqualificado, de inconveniente, de incapaz e A declara\u00e7\u00e3o de inidoneidade impede o fornecedor de licitar e contratar com a Administra\u00e7\u00e3o P\u00fablica.<\/li>\n<\/ul>\n<p>&nbsp;<\/p>\n<ul>\n<li>Ser\u00e3o aplicadas as seguintes penalidades, graduadas conforme a gravidade da infra\u00e7\u00e3o, sem preju\u00edzo de san\u00e7\u00f5es civis e criminais, ap\u00f3s o pr\u00e9vio processo administrativo conclusivo, garantido a ampla defesa e o contradit\u00f3rio;\n<ul>\n<li>n\u00e3o atender \u00e0s condi\u00e7\u00f5es da execu\u00e7\u00e3o do servi\u00e7o previstas no edital, termo de refer\u00eancia, contrato ou instrumento equivalente; multa de 10% (dez por cento) a 20% (vinte por cento), al\u00e9m de suspens\u00e3o tempor\u00e1ria de 12 (doze) meses, a depender do preju\u00edzo causado \u00e0 Administra\u00e7\u00e3o P\u00fablica Municipal;<\/li>\n<li>retardar imotivadamente execu\u00e7\u00e3o do servi\u00e7os, ou de suas parcelas quando houver reincid\u00eancia de atraso por mais de 15 (quinze) dias, no caso de fornecimento ou por mais de 30 (trinta) dias no caso de execu\u00e7\u00e3o de obras ou servi\u00e7os:<\/li>\n<\/ul>\n<\/li>\n<li>multa de 0,3% (tr\u00eas d\u00e9cimos por cento) ao dia, at\u00e9 o trig\u00e9simo dia de atraso, sobre o valor da fatura o servi\u00e7os n\u00e3o realizados, ou, ainda, sobre o valor da fatura correspondente \u00e0 etapa do cronograma f\u00edsico do servi\u00e7o n\u00e3o cumprido, al\u00e9m de suspens\u00e3o de 3 (tr\u00eas) meses;<\/li>\n<li>multa de 10% (dez por cento) a 15% (quinze por cento) sobre o valor da fatura da execu\u00e7\u00e3o do servi\u00e7os realizados com atrasos superiores a 30 (trinta) dias, em que n\u00e3o tenha havido o cancelamento da nota de empenho ou documento correspondente, e suspens\u00e3o de 3 (tr\u00eas) meses, a depender do preju\u00edzo causado \u00e0 Administra\u00e7\u00e3o P\u00fablica Municipal;<\/li>\n<\/ul>\n<p>&nbsp;<\/p>\n<ul>\n<li>multa de 20% (vinte por cento) sobre o valor da fatura da execu\u00e7\u00e3o do servi\u00e7os, realizados com atraso superiores a 30 (trinta) dias, em que haja o cancelamento da nota de empenho ou documento correspondente, e suspens\u00e3o de 6 (seis) meses;\n<ul>\n<li>paralisar servi\u00e7os, sem justa causa e pr\u00e9via comunica\u00e7\u00e3o \u00e0 Administra\u00e7\u00e3o: multa de 10% (dez por cento) a 20% (vinte por cento) sobre o valor do contrato ou empenho e suspens\u00e3o de 12 (doze) meses, a depender do preju\u00edzo causado \u00e0 Administra\u00e7\u00e3o P\u00fablica Municipal;<\/li>\n<li>prestar servi\u00e7o em desacordo com o termo de refer\u00eancia de refer\u00eancia, que apresente inseguran\u00e7a no desenvolvimento das atividades ou que comprometa a seguran\u00e7a de pessoas: multa de 10% (dez por cento) a 20% (vinte por cento) sobre o valor do contrato ou empenho e suspens\u00e3o de 12 (doze) meses, a depender do preju\u00edzo causado \u00e0 Administra\u00e7\u00e3o P\u00fablica Municipal;<\/li>\n<li>descumprir, no caso de pessoas jur\u00eddicas prestadoras de servi\u00e7os, obriga\u00e7\u00f5es relativas \u00e0 rela\u00e7\u00e3o de trabalho com seus empregados e prepostos, quanto a verbas previstas e or\u00e7adas nas planilhas que comp\u00f5em a proposta da contratada, especialmente o atraso de pagamento de sal\u00e1rio, 13\u00ba sal\u00e1rio, f\u00e9rias acrescidas de 1\/3, atraso ou n\u00e3o fornecimento de vale-transporte, vale-refei\u00e7\u00e3o ou aux\u00edlio alimenta\u00e7\u00e3o, constantes das respectivas planilhas de pre\u00e7os; multa de 1% (um por cento) sobre o valor mensal da fatura, por evento ocorrido, e suspens\u00e3o de 3 (tr\u00eas) meses;<\/li>\n<li>recusar-se a prestar a garantia contratual, a assinar o contrato ou a receber o empenho; multa de 15% (quinze por cento) sobre o valor do contrato ou empenho e suspens\u00e3o de 6 (seis) meses,<\/li>\n<li>quebrar sigilo, estabelecido em contrato, de informa\u00e7\u00f5es confidenciais sob quaisquer formas; multa de 20% (vinte por cento) sobre o valor do contrato e declara\u00e7\u00e3o de inidoneidade, por um prazo de 2 (dois) anos;<\/li>\n<\/ul>\n<\/li>\n<\/ul>\n<p>&nbsp;<\/p>\n<ul>\n<li>praticar ato il\u00edcito visando frustrar os objetivos da licita\u00e7\u00e3o ou do contrato, no \u00e2mbito da Administra\u00e7\u00e3o Municipal; declara\u00e7\u00e3o de inidoneidade, por um prazo de 2 (dois) anos;<\/li>\n<li>apresentar documentos falsificados, adulterados ou inver\u00eddicos para inscri\u00e7\u00e3o, renova\u00e7\u00e3o ou altera\u00e7\u00e3o no CADFOR ou nos processos licitat\u00f3rios, dispensas ou inexigibilidades de licita\u00e7\u00e3o; declara\u00e7\u00e3o de inidoneidade, por um prazo de 2 (dois) anos;<\/li>\n<\/ul>\n<p>&nbsp;<\/p>\n<ul>\n<li>sofrer condena\u00e7\u00e3o definitiva por praticar, por meio doloso, fraude fiscal no recolhimento de qualquer tributo; declara\u00e7\u00e3o de inidoneidade, por um prazo de 2 (dois)<\/li>\n<\/ul>\n<p>&nbsp;<\/p>\n<ul>\n<li>A suspens\u00e3o tempor\u00e1ria do fornecedor cujo contrato com a Administra\u00e7\u00e3o P\u00fablica Municipal esteja em vigor, impedir\u00e1 o mesmo de participar de outras licita\u00e7\u00f5es e contrata\u00e7\u00f5es no \u00e2mbito do Munic\u00edpio at\u00e9 o cumprimento da penalidade que lhe foi<\/li>\n<\/ul>\n<p>&nbsp;<\/p>\n<ul>\n<li>A declara\u00e7\u00e3o de inidoneidade para licitar ou contratar com a Administra\u00e7\u00e3o P\u00fablica, impedir\u00e1 a pessoa f\u00edsica ou jur\u00eddica de participar de outras licita\u00e7\u00f5es ou contrata\u00e7\u00f5es enquanto perdurarem os motivos determinantes da apena\u00e7\u00e3o ou at\u00e9 que seja promovida a reabilita\u00e7\u00e3o perante a pr\u00f3pria autoridade que aplicou a penalidade, que ser\u00e1 concedida sempre que o contratado ressarcir a Administra\u00e7\u00e3o pelos preju\u00edzos resultantes e ap\u00f3s decorrido o prazo da san\u00e7\u00e3o<\/li>\n<\/ul>\n<p>&nbsp;<\/p>\n<ul>\n<li>As multas aplicadas, nos termos das al\u00edneas do \u00a71\u00ba, dever\u00e3o ser pagas espontaneamente no prazo m\u00e1ximo de 5 (cinco) dias ou ser\u00e3o deduzidas do valor correspondente ao valor do servi\u00e7o, ap\u00f3s pr\u00e9vio processo administrativo, garantida a ampla defesa e o contradit\u00f3rio ou, ainda, cobradas judicialmente, a crit\u00e9rio da Secretaria Municipal de Gest\u00e3o de Vila Flor.<\/li>\n<\/ul>\n<p>&nbsp;<\/p>\n<ul>\n<li>As penalidades previstas neste artigo s\u00e3o de compet\u00eancia exclusiva do titular da Secretaria Municipal da Gest\u00e3o de Vila Flor, permitida a delega\u00e7\u00e3o para a san\u00e7\u00e3o prevista na al\u00ednea \u201ca\u201d do subitem 2 deste edital para a Contratante.<\/li>\n<\/ul>\n<p>&nbsp;<\/p>\n<ul>\n<li>Caso o valor da multa seja superior ao valor da garantia prestada, a CONTRATADA responder\u00e1 pela sua diferen\u00e7a, a qual ser\u00e1 descontada dos pagamentos eventualmente devidos pela Administra\u00e7\u00e3o, ou, ainda, cobrada<\/li>\n<\/ul>\n<p>&nbsp;<\/p>\n<ul>\n<li>A multa poder\u00e1 ser aplicada cumulativamente com as demais penalidades, a depender do grau da infra\u00e7\u00e3o cometida pelo contratado e dos preju\u00edzos causados \u00e0 Administra\u00e7\u00e3o P\u00fablica Municipal.<\/li>\n<\/ul>\n<p>14.\u00a0\u00a0\u00a0\u00a0\u00a0 DA FISCALIZA\u00c7\u00c3O<\/p>\n<p><strong>\u00a0<\/strong><\/p>\n<ul>\n<li>A fiscaliza\u00e7\u00e3o do contrato ser\u00e1 realizada por servidor formalmente designado para acompanhamento;<\/li>\n<\/ul>\n<p>&nbsp;<\/p>\n<ul>\n<li>Os objetos da presente contrata\u00e7\u00e3o ser\u00e3o devidamente fiscalizados, inicialmente a partir de minuciosa confer\u00eancia no momento da entrega\/recebimento;<\/li>\n<\/ul>\n<p>&nbsp;<\/p>\n<ul>\n<li>Ap\u00f3s o recebimento definitivo e aceite, os materiais permanecer\u00e3o em avalia\u00e7\u00e3o quanto \u00e0 sua durabilidade, validade e adequa\u00e7\u00e3o \u00e0s especifica\u00e7\u00f5es exigidas, sendo anotado em protocolo pr\u00f3prio todas as inconformidades para ado\u00e7\u00e3o dos procedimentos administrativos necess\u00e1rios para sanar aas incorre\u00e7\u00f5es<\/li>\n<\/ul>\n<p>15.\u00a0\u00a0\u00a0\u00a0\u00a0 DA DECALRA\u00c7\u00c3O DE INEXIST\u00caNCIA DE DETALHAMENTO EXCESSIVO<\/p>\n<p><strong>\u00a0<\/strong><\/p>\n<ul>\n<li>Declaro para os devidos fins, que na descri\u00e7\u00e3o do objeto n\u00e3o existem detalhes excessivos, irrelevantes ou desnecess\u00e1rios, capazes de conduzir \u00e0 limita\u00e7\u00e3o da competitividade do certame, sendo todos os itens de grande relev\u00e2ncia a devida utiliza\u00e7\u00e3o dos<\/li>\n<\/ul>\n<p>&nbsp;<\/p>\n<p>16.\u00a0\u00a0\u00a0\u00a0\u00a0 VEDA\u00c7\u00d5ES<\/p>\n<p><strong>\u00a0<\/strong><\/p>\n<p>Vedado qualquer execu\u00e7\u00e3o que modifique as condi\u00e7\u00f5es propostas pelo Termo de refer\u00eancia e descumpram o resultado final do objeto.<\/p>\n<p>&nbsp;<\/p>\n<p><strong>DISPENSA DE LICITA\u00c7\u00c3O N\u00b0 003\/2026 \u2013 SETOR DE LICITA\u00c7\u00c3O<\/strong><\/p>\n<p>ANEXO II \u2013 MODELO DE PROPOSTA DE PRE\u00c7OS<\/p>\n<table>\n<tbody>\n<tr>\n<td colspan=\"4\" width=\"680\"><strong>PREFEITURA MUNICIPAL DE VILA FLOR<\/strong>&nbsp;<\/p>\n<p><strong>COMISS\u00c3O SETORIAL DE LICITA\u00c7\u00c3O<\/strong><\/p>\n<p><strong>COMISS\u00c3O DE LICITA\u00c7\u00c3O<\/strong><\/p>\n<p><strong>DISPENSA DE LICITA\u00c7\u00c3O N\u00ba\u00a0<\/strong><strong>003\/2026<\/strong><\/td>\n<\/tr>\n<tr>\n<td colspan=\"4\" width=\"680\"><strong>DADOS DA EMPRESA<\/strong><\/td>\n<\/tr>\n<tr>\n<td width=\"123\"><strong>RAZ\u00c3O SOCIAL<\/strong><\/td>\n<td colspan=\"3\" width=\"558\"><\/td>\n<\/tr>\n<tr>\n<td width=\"123\"><strong>CNPJ<\/strong><\/td>\n<td width=\"130\"><\/td>\n<td width=\"115\"><strong>ENDERE\u00c7O<\/strong><\/td>\n<td width=\"312\"><\/td>\n<\/tr>\n<tr>\n<td width=\"123\"><strong>TELEFONE<\/strong><\/td>\n<td width=\"130\"><\/td>\n<td width=\"115\"><strong>E-MAIL<\/strong><\/td>\n<td width=\"312\"><\/td>\n<\/tr>\n<tr>\n<td colspan=\"4\" width=\"680\"><strong>DADOS DO REPRESENTANTE LEGAL<\/strong><\/td>\n<\/tr>\n<tr>\n<td width=\"123\"><strong>NOME DO REPRESENTANTE LEGAL<\/strong><\/td>\n<td width=\"130\"><\/td>\n<td width=\"115\"><strong>TELEFONE DO REPRESENTANTE LEGAL<\/strong><\/td>\n<td width=\"312\"><\/td>\n<\/tr>\n<\/tbody>\n<\/table>\n<p><strong>\u00a0<\/strong><\/p>\n<table>\n<tbody>\n<tr>\n<td width=\"66\"><strong>\u00a0<\/strong>&nbsp;<\/p>\n<p><strong>OBJETO<\/strong><\/td>\n<td colspan=\"9\" width=\"613\"><strong>CONTRATA\u00c7\u00c3O DE SERVI\u00c7OS DE ATIVIDADES DE CUNHO T\u00c9CNICO E ADMINISTRATIVO DE APOIO A PREFEITURA, COMPREENDENDO O PREENCHIMENTO DO SIAI, INCLUINDO TODOS OS ANEXOS DISPONIBILIZADOS PELO PORTAL DO GESTOR, REALIZANDO CONSULTA AOS PROCESSOS ADMINISTRATIVOS PARA O DESEMPENHO DAS TAREFAS E ENVIO DE DADOS AO TRIBUNAL DE CONTAS<\/strong><\/td>\n<\/tr>\n<tr>\n<td rowspan=\"2\" width=\"66\"><strong>ITEM<\/strong><\/td>\n<td colspan=\"5\" rowspan=\"2\" width=\"265\"><strong>DESCRI\u00c7\u00c3O<\/strong><\/td>\n<td rowspan=\"2\" width=\"76\"><strong>Unidade de Medida<\/strong><\/td>\n<td rowspan=\"2\" width=\"76\"><strong>Qnt.<\/strong><\/td>\n<td colspan=\"2\" width=\"197\"><strong>PRE\u00c7O (R$)<\/strong><\/td>\n<\/tr>\n<tr>\n<td width=\"95\"><strong>UNIT\u00c1RIO<\/strong><\/td>\n<td width=\"102\"><strong>GLOGAL<\/strong><\/td>\n<\/tr>\n<tr>\n<td width=\"66\">1<\/td>\n<td colspan=\"5\" width=\"265\">CONTRATA\u00c7\u00c3O DE SERVI\u00c7OS DE ATIVIDADES DE CUNHO T\u00c9CNICO E ADMINISTRATIVO DE APOIO A PREFEITURA, COMPREENDENDO O PREENCHIMENTO DO SIAI, INCLUINDO TODOS OS ANEXOS DISPONIBILIZADOS PELO PORTAL DO GESTOR, REALIZANDO CONSULTA AOS PROCESSOS ADMINISTRATIVOS PARA O DESEMPENHO DAS TAREFAS E ENVIO DE DADOS AO TRIBUNAL DE CONTAS<\/td>\n<td width=\"76\">M\u00eas<\/td>\n<td width=\"76\">12<\/td>\n<td width=\"95\"><\/td>\n<td width=\"102\"><\/td>\n<\/tr>\n<tr>\n<td colspan=\"3\" width=\"152\"><strong>VALOR GLOBAL POR EXTENSO<\/strong><\/td>\n<td width=\"86\"><\/td>\n<td colspan=\"6\" width=\"442\"><\/td>\n<\/tr>\n<tr>\n<td colspan=\"2\" width=\"90\"><\/td>\n<td colspan=\"8\" width=\"589\">Declaramos que concordamos e atenderemos todas as exig\u00eancias do Aviso e seus anexos.<\/td>\n<\/tr>\n<tr>\n<td colspan=\"3\" width=\"152\"><strong>VALIDADE DA PROPOSTA<\/strong><\/td>\n<td colspan=\"2\" width=\"118\"><strong>\u00a0<\/strong><\/td>\n<td colspan=\"5\" width=\"409\"><strong>ASSINATURA DO REPRESENTANTE LEGAL DA EMPRESA<\/strong><\/td>\n<\/tr>\n<tr>\n<td width=\"66\"><\/td>\n<td width=\"25\"><\/td>\n<td width=\"61\"><\/td>\n<td width=\"86\"><\/td>\n<td width=\"33\"><\/td>\n<td width=\"61\"><\/td>\n<td width=\"76\"><\/td>\n<td width=\"76\"><\/td>\n<td width=\"95\"><\/td>\n<td width=\"102\"><\/td>\n<\/tr>\n<\/tbody>\n<\/table>\n<p>&nbsp;<\/p>\n<p><strong>\u00a0<\/strong><\/p>\n<p>DISPENSA DE LICITA\u00c7\u00c3O N\u00b0 003\/2026<\/p>\n<p>SETOR DE LICITA\u00c7\u00c3O<\/p>\n<p><strong>\u00a0<\/strong><\/p>\n<p><strong>\u00a0<\/strong><\/p>\n<p><strong>ANEXO III \u2013 MODELO DE DECLARA\u00c7\u00c3O DE CUMPRIMENTO DO DISPOSTO NO INC. XXXIII DO ART. 7\u00ba DA CONSTITUI\u00c7\u00c3O FEDERAL<\/strong><\/p>\n<p><strong>\u00a0<\/strong><\/p>\n<p><strong>\u00a0<\/strong><\/p>\n<p>REFERENTE: DISPENSA DE LICITA\u00c7\u00c3O N\u00b0 003\/2026 \u2013 SETOR DE LICITA\u00c7\u00c3O<\/p>\n<p><strong>\u00a0<\/strong><\/p>\n<p><strong>\u00a0<\/strong><\/p>\n<p>Declaramos, para os fins do disposto no inciso VI do art. 68 da Lei 14.133\/2021, que n\u00e3o empregamos menor de 18 (dezoito) anos em trabalho noturno, perigoso ou insalubre e n\u00e3o empregarmos menor de 16 (dezesseis) anos.<\/p>\n<p>&nbsp;<\/p>\n<p>Ressalva: emprega menor, a partir de 14 (quatorze) anos, na condi\u00e7\u00e3o de aprendiz ( ). Observa\u00e7\u00e3o: em caso afirmativo, assinalar a ressalva acima.<\/p>\n<p>&nbsp;<\/p>\n<p>&nbsp;<\/p>\n<p>Vila Flor,<u>\u00a0\u00a0\u00a0\u00a0\u00a0\u00a0\u00a0\u00a0\u00a0\u00a0<\/u>de\u00a0\u00a0\u00a0\u00a0\u00a0\u00a0\u00a0\u00a0\u00a0\u00a0\u00a0\u00a0\u00a0\u00a0\u00a0\u00a0\u00a0\u00a0\u00a0 de\u00a0<u>\u00a0\u00a0\u00a0\u00a0\u00a0\u00a0\u00a0\u00a0\u00a0\u00a0\u00a0\u00a0\u00a0\u00a0\u00a0\u00a0\u00a0\u00a0\u00a0\u00a0\u00a0\u00a0\u00a0\u00a0<\/u><\/p>\n<p>&nbsp;<\/p>\n<p>&nbsp;<\/p>\n<p>&nbsp;<\/p>\n<p>ASSINATURA DO REPRESENTANTE LEGAL DA EMPRESA<\/p>\n<p>&nbsp;<\/p>\n<p>&nbsp;<\/p>\n<p>DISPENSA DE LICITA\u00c7\u00c3O N\u00b0 003\/2026<\/p>\n<p>SETOR DE LICITA\u00c7\u00c3O<\/p>\n<p>&nbsp;<\/p>\n<p><strong>ANEXO IV \u2013 DECLARA\u00c7\u00c3O DE RESERVA DE CARGOS PCD, CONSOANTE ART. 92, DA LEI FEDERAL N\u201d 14.133\/2021<\/strong><\/p>\n<p><strong>\u00a0<\/strong><\/p>\n<p><strong>\u00a0<\/strong><\/p>\n<p><strong>\u00a0<\/strong><\/p>\n<p><strong>\u00a0<\/strong><\/p>\n<p>REFERENTE: DISPENSA DE LICITA\u00c7\u00c3O N\u00b0 003\/2026 \u2013 COMISS\u00c3O DE LICITA\u00c7\u00c3O<\/p>\n<p><strong>\u00a0<\/strong><\/p>\n<p><strong>\u00a0<\/strong><\/p>\n<p>A empresa<u>\u00a0\u00a0\u00a0\u00a0\u00a0\u00a0\u00a0\u00a0\u00a0\u00a0\u00a0\u00a0\u00a0\u00a0\u00a0\u00a0\u00a0\u00a0\u00a0\u00a0\u00a0\u00a0\u00a0<\/u>_<u>\u00a0\u00a0\u00a0\u00a0\u00a0\u00a0\u00a0\u00a0\u00a0\u00a0\u00a0\u00a0\u00a0\u00a0\u00a0\u00a0\u00a0\u00a0\u00a0\u00a0\u00a0\u00a0\u00a0\u00a0\u00a0\u00a0\u00a0\u00a0\u00a0\u00a0\u00a0\u00a0\u00a0\u00a0\u00a0\u00a0\u00a0\u00a0\u00a0<\/u>, declara para os devidos fins licitat\u00f3rios que cumpre as exig\u00eancias de reserva de cargos para Pessoa com Defici\u00eancia \u2014 PcD, para Reabilitado da Previd\u00eancia Social e para aprendiz, em aten\u00e7\u00e3o ao art. 92, inciso XVII da Lei n\u00b0 14.133\/2021.<\/p>\n<p>&nbsp;<\/p>\n<p>&nbsp;<\/p>\n<p>&nbsp;<\/p>\n<p>&nbsp;<\/p>\n<p>Vila Flor,<u>\u00a0\u00a0\u00a0\u00a0\u00a0\u00a0\u00a0\u00a0\u00a0\u00a0\u00a0\u00a0\u00a0\u00a0\u00a0\u00a0\u00a0\u00a0\u00a0\u00a0\u00a0\u00a0\u00a0\u00a0\u00a0\u00a0\u00a0\u00a0\u00a0\u00a0\u00a0\u00a0\u00a0\u00a0\u00a0\u00a0\u00a0\u00a0\u00a0\u00a0\u00a0\u00a0\u00a0\u00a0\u00a0\u00a0\u00a0\u00a0\u00a0\u00a0\u00a0\u00a0\u00a0\u00a0<\/u>de__________ de\u00a0<u>\u00a0\u00a0\u00a0\u00a0\u00a0\u00a0\u00a0\u00a0\u00a0\u00a0\u00a0\u00a0\u00a0\u00a0\u00a0\u00a0\u00a0\u00a0\u00a0\u00a0\u00a0\u00a0\u00a0\u00a0<\/u><\/p>\n<p>&nbsp;<\/p>\n<p>&nbsp;<\/p>\n<p>&nbsp;<\/p>\n<p>ASSINATURA DO REPRESENTANTE LEGAL DA EMPRESA<\/p>\n<p>&nbsp;<\/p>\n<p>&nbsp;<\/p>\n<p>DISPENSA DE LICITA\u00c7\u00c3O N\u00b0 003\/2026 \u2013 SETOR DE LICITA\u00c7\u00c3O<\/p>\n<p><strong>ANEXO V \u2013 DECLARA\u00c7\u00c3O IMPEDIMENTOS DO ART. 14 DA LEI FEDERAL N\u201d 14.133\/2021<\/strong><\/p>\n<p><strong>\u00a0<\/strong><\/p>\n<p><strong>\u00a0<\/strong><\/p>\n<p><strong>\u00a0<\/strong><\/p>\n<p>REFERENTE: DISPENSA DE LICITA\u00c7\u00c3O N\u00b0 003\/2026 \u2013 SETOR DE LICITA\u00c7\u00c3O<\/p>\n<p><strong>\u00a0<\/strong><\/p>\n<p><strong>\u00a0<\/strong><\/p>\n<p><strong>\u00a0<\/strong><\/p>\n<p><strong>\u00a0<\/strong><\/p>\n<p>A empresa<u>\u00a0\u00a0\u00a0\u00a0\u00a0\u00a0\u00a0\u00a0\u00a0\u00a0\u00a0\u00a0\u00a0\u00a0\u00a0\u00a0\u00a0\u00a0\u00a0\u00a0\u00a0\u00a0\u00a0\u00a0\u00a0\u00a0\u00a0\u00a0\u00a0\u00a0\u00a0\u00a0\u00a0\u00a0\u00a0\u00a0\u00a0\u00a0\u00a0\u00a0\u00a0\u00a0\u00a0\u00a0\u00a0\u00a0\u00a0\u00a0\u00a0\u00a0\u00a0\u00a0\u00a0\u00a0\u00a0\u00a0\u00a0\u00a0\u00a0\u00a0\u00a0\u00a0\u00a0\u00a0<\/u>_ , declara para os devidos fins licitat\u00f3rios que n\u00e3o incursa nos impedimentos para disputa de licita\u00e7\u00e3o ou execu\u00e7\u00e3o do contrato de que trata o art. 14 da Lei Federal n\u00b0 14.133\/2021.<\/p>\n<p>&nbsp;<\/p>\n<p>&nbsp;<\/p>\n<p>&nbsp;<\/p>\n<p>Vila Flor,<u>\u00a0\u00a0\u00a0\u00a0\u00a0\u00a0\u00a0\u00a0\u00a0\u00a0\u00a0\u00a0\u00a0\u00a0\u00a0\u00a0\u00a0\u00a0\u00a0\u00a0\u00a0\u00a0\u00a0\u00a0\u00a0\u00a0\u00a0\u00a0\u00a0\u00a0\u00a0\u00a0\u00a0\u00a0\u00a0\u00a0\u00a0\u00a0\u00a0\u00a0\u00a0\u00a0\u00a0\u00a0\u00a0\u00a0\u00a0\u00a0\u00a0\u00a0\u00a0\u00a0\u00a0\u00a0<\/u>de__________ de\u00a0<u>\u00a0\u00a0\u00a0\u00a0\u00a0\u00a0\u00a0\u00a0\u00a0\u00a0\u00a0\u00a0\u00a0\u00a0\u00a0\u00a0\u00a0\u00a0\u00a0\u00a0\u00a0\u00a0\u00a0\u00a0<\/u><\/p>\n<p>&nbsp;<\/p>\n<p>&nbsp;<\/p>\n<p>&nbsp;<\/p>\n<p>ASSINATURA DO REPRESENTANTE LEGAL DA EMPRESA<\/p>\n<p>&nbsp;<\/p>\n<p>&nbsp;<\/p>\n<p><strong>\u00a0<\/strong><\/p>\n<p><strong>DISPENSA DE LICITA\u00c7\u00c3O N\u00b0 003\/2026<\/strong><\/p>\n<p><strong>SETOR DE LICITA\u00c7\u00c3O<\/strong><\/p>\n<p><strong>ANEXO VI \u2013 MODELO DE CARTA CONTRATO<\/strong><\/p>\n<p>&nbsp;<\/p>\n<p>Contrato de presta\u00e7\u00e3o de servi\u00e7os que entre si celebram o\u00a0<strong>PREFEITURA MUNICIPAL DE VILA FLOR\u00a0<\/strong>e a empresa\u00a0<strong>\u2026\u2026\u2026\u2026\u2026\u2026\u2026\u2026\u2026..<\/strong><\/p>\n<p><strong>\u00a0<\/strong><\/p>\n<p>A\u00a0<strong>PREFEITURA MUNICIPAL DE VILA FLOR,\u00a0<\/strong>pessoa jur\u00eddica de direito p\u00fablico interno, \u00f3rg\u00e3o p\u00fablico, com sede nesta Cidade, na Rua Jos\u00e9 Calazans, 169, Centro, Vila Flor\/RN, inscrita no CNPJ sob o n\u00ba 08.169.278\/0001-07, neste ato representado pel Sra. Prefeita Municipal THUANNE KARLA CARVALHO DE SOUZA, doravante denominado\u00a0<strong>CONTRATANTE,\u00a0<\/strong>e a\u00a0<strong>Empresa \u2026\u2026\u2026\u2026\u2026\u2026\u2026\u2026\u2026\u2026.,\u00a0<\/strong>CNPJ n\u00ba\u2026\u2026\u2026\u2026\u2026\u2026\u2026., situado \u00e0 \u2026\u2026\u2026\u2026\u2026\u2026\u2026\u2026.., Cidade-Estado, telefone \u2026\u2026\u2026\u2026\u2026.., e-mail\u00a0\u00a0 , neste ato representada pelo Sr\u00a0\u00a0 , brasileiro, casado, profiss\u00e3o, portador da C\u00e9dula de Identidade n\u00ba \u2026\u2026\u2026\u2026\u2026 \u2013 SSP-\u2026., CPF n\u00ba \u2026\u2026\u2026\u2026.. , residente na Rua \u2026\u2026\u2026\u2026\u2026\u2026., telefone \u2026\u2026\u2026\u2026\u2026, e-mail: \u2026\u2026\u2026\u2026\u2026\u2026\u2026.., doravante denominada\u00a0<strong>CONTRATADA<\/strong>, resolvem celebrar o presente Contrato, autorizado pelo despacho constante no Processo Administrativo n\u00b0\u00a0<strong>XXXXXXXXX\/20XX<\/strong>, mediante parecer jur\u00eddico, que se reger\u00e1 pela Lei Federal n.\u00ba 14.133\/2021 e altera\u00e7\u00f5es posteriores, mediante as cl\u00e1usulas e condi\u00e7\u00f5es a seguir e do qual ficam fazendo parte integrante independentemente de transcri\u00e7\u00e3o, os documentos:<\/p>\n<p>&nbsp;<\/p>\n<ol>\n<li>Aviso de DISPENSA DE LICITA\u00c7\u00c3O N\u00ba 003\/2026 \u2013 COMISS\u00c3O DE LICITA\u00c7\u00c3O e seus<\/li>\n<\/ol>\n<p>&nbsp;<\/p>\n<ol>\n<li>Propostas de pre\u00e7o apresentada pela\u00a0<strong>CONTRATADA\u00a0<\/strong>em 00\/00\/0000.<\/li>\n<\/ol>\n<p>&nbsp;<\/p>\n<p>CL\u00c1USULA PRIMEIRA \u2013 OBJETO<\/p>\n<p><strong>\u00a0<\/strong><\/p>\n<p><strong>CONTRATA\u00c7\u00c3O DE SERVI\u00c7OS DE ATIVIDADES DE CUNHO T\u00c9CNICO E ADMINISTRATIVO DE APOIO A PREFEITURA, COMPREENDENDO O PREENCHIMENTO DO SIAI, INCLUINDO TODOS OS ANEXOS DISPONIBILIZADOS PELO PORTAL DO GESTOR, REALIZANDO CONSULTA AOS PROCESSOS ADMINISTRATIVOS PARA O DESEMPENHO DAS TAREFAS E ENVIO DE DADOS AO TRIBUNAL DE CONTAS<\/strong><strong>\u00a0do Aviso de DISPENSA DE LICITA\u00c7\u00c3O N\u00ba\u00a0<\/strong><strong>003\/2026<\/strong><strong>\u00a0\u2013 COMISS\u00c3O DE LICITA\u00c7\u00c3O e proposta da CONTRATADA que s\u00e3o parte integrante deste instrumento independente de transcri\u00e7\u00e3o<\/strong>.<\/p>\n<p>&nbsp;<\/p>\n<p><strong>Par\u00e1grafo \u00fanico.\u00a0<\/strong>A licitante obriga-se a aceitar, quando solicitado pela Administra\u00e7\u00e3o, nas mesmas condi\u00e7\u00f5es e dentro do prazo contratual estabelecido, os acr\u00e9scimos ou supress\u00f5es\u00a0\u00a0 que se fizer nas compras de at\u00e9 25% (vinte e cinco por cento) do valor inicial atualizado do contrato, e as supress\u00f5es resultantes de acordo celebrado entre as partes, na forma do art. 125 da Lei Federal n\u00ba 14.133\/2021.<\/p>\n<p>&nbsp;<\/p>\n<p>CL\u00c1USULA SEGUNDA \u2013 DOS PRAZOS<\/p>\n<p><strong>\u00a0<\/strong><\/p>\n<ul>\n<li>1\u00ba VIG\u00caNCIA: A vig\u00eancia do contrato ser\u00e1 de 12 (doze) meses, contados a partir da data da assinatura.<\/li>\n<\/ul>\n<p>&nbsp;<\/p>\n<ul>\n<li>2\u00b0 O prazo de presta\u00e7\u00e3o dos servi\u00e7os s\u00e3o de 02 (dois) dias a partir da data da emiss\u00e3o da ordem de servi\u00e7o.<\/li>\n<\/ul>\n<p>&nbsp;<\/p>\n<ul>\n<li>3\u00ba Os prazos poder\u00e3o ser alterados nos termos da Lei Federal n\u00ba 14.133\/2021.<\/li>\n<\/ul>\n<p>&nbsp;<\/p>\n<p>CL\u00c1USULA TERCEIRA \u2013 PRE\u00c7O<\/p>\n<p><strong>\u00a0<\/strong><\/p>\n<table>\n<tbody>\n<tr>\n<td rowspan=\"2\" width=\"66\"><strong>ITEM<\/strong><\/td>\n<td rowspan=\"2\" width=\"265\"><strong>DESCRI\u00c7\u00c3O<\/strong><\/td>\n<td rowspan=\"2\" width=\"76\"><strong>Unidade de Medida<\/strong><\/td>\n<td rowspan=\"2\" width=\"76\"><strong>Qnt.<\/strong><\/td>\n<td colspan=\"2\" width=\"197\"><strong>PRE\u00c7O (R$)<\/strong><\/td>\n<\/tr>\n<tr>\n<td width=\"95\"><strong>UNIT\u00c1RIO<\/strong><\/td>\n<td width=\"102\"><strong>GLOGAL<\/strong><\/td>\n<\/tr>\n<tr>\n<td width=\"66\">1<\/td>\n<td width=\"265\">CONTRATA\u00c7\u00c3O DE SERVI\u00c7OS DE ATIVIDADES DE CUNHO T\u00c9CNICO E ADMINISTRATIVO DE APOIO A PREFEITURA, COMPREENDENDO O PREENCHIMENTO DO SIAI, INCLUINDO TODOS OS ANEXOS DISPONIBILIZADOS PELO PORTAL DO GESTOR, REALIZANDO CONSULTA AOS PROCESSOS ADMINISTRATIVOS PARA O DESEMPENHO DAS TAREFAS E ENVIO DE DADOS AO TRIBUNAL DE CONTAS<\/td>\n<td width=\"76\">M\u00eas<\/td>\n<td width=\"76\">12<\/td>\n<td width=\"95\"><\/td>\n<td width=\"102\"><\/td>\n<\/tr>\n<\/tbody>\n<\/table>\n<p><strong>\u00a0<\/strong><\/p>\n<p>O valor global deste contrato \u00e9 de\u00a0<strong>R$ \u2026\u2026\u2026\u2026\u2026\u2026 (\u2026\u2026\u2026\u2026\u2026\u2026\u2026\u2026\u2026\u2026\u2026\u2026 )\u00a0<\/strong>sendo fixo e irreajust\u00e1vel pelo per\u00edodo de 12 (doze) meses, transcrito da proposta de pre\u00e7o apresentada pela\u00a0<strong>CONTRATADA<\/strong>, entendido este como pre\u00e7o justo e suficiente para a total execu\u00e7\u00e3o do objeto deste Contrato.<\/p>\n<p>&nbsp;<\/p>\n<p>CL\u00c1USULA QUARTA \u2013 RECURSO FINANCEIRO<\/p>\n<p>Asdespesasparapagamentodestecontratocorrer\u00e3o\u00e0contadorecursodaDota\u00e7\u00e3oOr\u00e7ament\u00e1ria:<\/p>\n<p>Unidade Gestora:<\/p>\n<p>Gest\u00e3o<\/p>\n<p>Unidade Or\u00e7ament\u00e1ria<\/p>\n<p>Suba\u00e7\u00e3o<\/p>\n<p>Fonte Recurso:<\/p>\n<p>Elemento de despesa:<\/p>\n<p>&nbsp;<\/p>\n<p>CL\u00c1USULA QUINTA \u2013 ALTERA\u00c7\u00c3O<\/p>\n<p><strong>\u00a0<\/strong><\/p>\n<p>A altera\u00e7\u00e3o de quaisquer das cl\u00e1usulas ou condi\u00e7\u00f5es contidas neste contrato dever\u00e1 ser realizada mediante celebra\u00e7\u00e3o de Termo Aditivo, ressalvadas as hip\u00f3teses previstas em Lei.<\/p>\n<p>&nbsp;<\/p>\n<p>CL\u00c1USULA SEXTA \u2013 RESCIS\u00c3O<\/p>\n<p><strong>\u00a0<\/strong><\/p>\n<p>Este contrato poder\u00e1 ser extinto na forma dos Artigos 137, 138 e 139 da Lei Federal n\u00ba 14.133\/2021.<\/p>\n<p>&nbsp;<\/p>\n<p>CL\u00c1USULA S\u00c9TIMA \u2013 FORO<\/p>\n<p><strong>\u00a0<\/strong><\/p>\n<p>Fica eleito o Foro da Cidade de Vila Flor, Estado da Rio Grande do Norte, como o competente para dirimir quest\u00f5es decorrentes do cumprimento deste contrato, renunciando as partes a qualquer outro por mais privilegiado que seja.<\/p>\n<p>&nbsp;<\/p>\n<p>E, por estarem assim justas e acordadas, firmam as partes o presente instrumento em 03 (tr\u00eas) vias de igual teor e forma, para que produza os efeitos jur\u00eddicos.<\/p>\n<p>&nbsp;<\/p>\n<p>&nbsp;<\/p>\n<p>Vila Flor-Rio Grande do Norte, \u2026\u2026.. de \u2026\u2026\u2026\u2026\u2026\u2026. de \u2026\u2026\u2026\u2026\u2026\u2026..<\/p>\n<p>&nbsp;<\/p>\n<p>&nbsp;<\/p>\n<p><u>\u00a0\u00a0\u00a0\u00a0\u00a0\u00a0\u00a0\u00a0\u00a0\u00a0\u00a0\u00a0\u00a0\u00a0\u00a0\u00a0\u00a0\u00a0\u00a0\u00a0\u00a0\u00a0\u00a0\u00a0\u00a0\u00a0\u00a0\u00a0\u00a0\u00a0\u00a0\u00a0\u00a0\u00a0\u00a0\u00a0\u00a0\u00a0\u00a0<\/u>_<u>\u00a0\u00a0\u00a0\u00a0\u00a0\u00a0\u00a0\u00a0\u00a0\u00a0\u00a0\u00a0\u00a0\u00a0\u00a0\u00a0\u00a0\u00a0\u00a0\u00a0\u00a0\u00a0\u00a0\u00a0\u00a0\u00a0\u00a0\u00a0\u00a0\u00a0\u00a0\u00a0\u00a0\u00a0\u00a0\u00a0\u00a0\u00a0\u00a0<\/u>_<u>\u00a0\u00a0\u00a0\u00a0\u00a0\u00a0\u00a0<\/u><\/p>\n<p>CONTRATANTE<\/p>\n<p><strong>\u00a0<\/strong><\/p>\n<p><strong>\u00a0<\/strong><\/p>\n<p><u>\u00a0\u00a0\u00a0\u00a0\u00a0\u00a0\u00a0\u00a0\u00a0\u00a0\u00a0\u00a0\u00a0\u00a0\u00a0\u00a0\u00a0\u00a0\u00a0\u00a0\u00a0\u00a0\u00a0\u00a0\u00a0\u00a0\u00a0\u00a0\u00a0\u00a0\u00a0\u00a0\u00a0\u00a0\u00a0\u00a0\u00a0\u00a0\u00a0<\/u>_<u>\u00a0\u00a0\u00a0\u00a0\u00a0\u00a0\u00a0\u00a0\u00a0\u00a0\u00a0\u00a0\u00a0\u00a0\u00a0\u00a0\u00a0\u00a0\u00a0\u00a0\u00a0\u00a0\u00a0\u00a0\u00a0\u00a0\u00a0\u00a0\u00a0\u00a0\u00a0\u00a0\u00a0\u00a0\u00a0\u00a0\u00a0\u00a0\u00a0<\/u>_<u>\u00a0\u00a0\u00a0\u00a0\u00a0\u00a0\u00a0<\/u><\/p>\n<p>CONTRATADA<\/p>\n<p style=\"text-align: right;\"><strong>Publicado por:<\/strong><br \/>\nGRINALDO JOAQUIM DE SOUZA<br \/>\nSecret\u00e1rio Municipal de Administra\u00e7\u00e3o<br \/>\n<strong>C\u00f3digo Identificador:<\/strong>\u00a0722WZ5O77Q<\/p>\n<div class=\"pdfprnt-buttons pdfprnt-buttons-post pdfprnt-bottom-right\"><a href=\"https:\/\/vilaflor.rn.gov.br\/transparencia\/wp-json\/wp\/v2\/posts?page=10&print=pdf#038;print=print\" class=\"pdfprnt-button pdfprnt-button-pdf\" target=\"_blank\"><img decoding=\"async\" src=\"https:\/\/vilaflor.rn.gov.br\/transparencia\/wp-content\/plugins\/pdf-print\/images\/pdf.png\" alt=\"image_pdf\" title=\"Baixar PDF\" \/><\/a><a href=\"https:\/\/vilaflor.rn.gov.br\/transparencia\/wp-json\/wp\/v2\/posts?page=10&print=print#038;print=print\" class=\"pdfprnt-button pdfprnt-button-print\" target=\"_blank\"><img decoding=\"async\" src=\"https:\/\/vilaflor.rn.gov.br\/transparencia\/wp-content\/plugins\/pdf-print\/images\/print.png\" alt=\"image_print\" title=\"Conte\u00fado de impress\u00e3o\" \/><\/a><\/div>","protected":false},"excerpt":{"rendered":"<p>ESTADO DO RIO GRANDE DO NORTE PREFEITURA MUNICIPAL DE VILA FLOR DADOS DO AVISO Vila Flor\/RN, em 05 de janeiro de 2026. &nbsp; PROCESSO ADMINISTRATIVO:\u00a030120001\/2025 &nbsp; DATA E HORA LIMITE PARA ENTREGA DA PROPOSTA DE PRE\u00c7O E DOCUMENTOS DE HABILITA\u00c7\u00c3O &nbsp; At\u00e9 dia 09\/01\/2026, \u00e0s 09:00h &nbsp; REFER\u00caNCIA DE HOR\u00c1RIO \u00a0 Hor\u00e1rio de Brasilia \u2013 [&hellip;]<\/p>\n","protected":false},"author":1,"featured_media":0,"comment_status":"open","ping_status":"open","sticky":false,"template":"","format":"standard","meta":{"ocean_post_layout":"","ocean_both_sidebars_style":"","ocean_both_sidebars_content_width":0,"ocean_both_sidebars_sidebars_width":0,"ocean_sidebar":"0","ocean_second_sidebar":"0","ocean_disable_margins":"enable","ocean_add_body_class":"","ocean_shortcode_before_top_bar":"","ocean_shortcode_after_top_bar":"","ocean_shortcode_before_header":"","ocean_shortcode_after_header":"","ocean_has_shortcode":"","ocean_shortcode_after_title":"","ocean_shortcode_before_footer_widgets":"","ocean_shortcode_after_footer_widgets":"","ocean_shortcode_before_footer_bottom":"","ocean_shortcode_after_footer_bottom":"","ocean_display_top_bar":"default","ocean_display_header":"default","ocean_header_style":"","ocean_center_header_left_menu":"0","ocean_custom_header_template":"0","ocean_custom_logo":0,"ocean_custom_retina_logo":0,"ocean_custom_logo_max_width":0,"ocean_custom_logo_tablet_max_width":0,"ocean_custom_logo_mobile_max_width":0,"ocean_custom_logo_max_height":0,"ocean_custom_logo_tablet_max_height":0,"ocean_custom_logo_mobile_max_height":0,"ocean_header_custom_menu":"0","ocean_menu_typo_font_family":"0","ocean_menu_typo_font_subset":"","ocean_menu_typo_font_size":0,"ocean_menu_typo_font_size_tablet":0,"ocean_menu_typo_font_size_mobile":0,"ocean_menu_typo_font_size_unit":"px","ocean_menu_typo_font_weight":"","ocean_menu_typo_font_weight_tablet":"","ocean_menu_typo_font_weight_mobile":"","ocean_menu_typo_transform":"","ocean_menu_typo_transform_tablet":"","ocean_menu_typo_transform_mobile":"","ocean_menu_typo_line_height":0,"ocean_menu_typo_line_height_tablet":0,"ocean_menu_typo_line_height_mobile":0,"ocean_menu_typo_line_height_unit":"","ocean_menu_typo_spacing":0,"ocean_menu_typo_spacing_tablet":0,"ocean_menu_typo_spacing_mobile":0,"ocean_menu_typo_spacing_unit":"","ocean_menu_link_color":"","ocean_menu_link_color_hover":"","ocean_menu_link_color_active":"","ocean_menu_link_background":"","ocean_menu_link_hover_background":"","ocean_menu_link_active_background":"","ocean_menu_social_links_bg":"","ocean_menu_social_hover_links_bg":"","ocean_menu_social_links_color":"","ocean_menu_social_hover_links_color":"","ocean_disable_title":"default","ocean_disable_heading":"default","ocean_post_title":"","ocean_post_subheading":"","ocean_post_title_style":"","ocean_post_title_background_color":"","ocean_post_title_background":0,"ocean_post_title_bg_image_position":"","ocean_post_title_bg_image_attachment":"","ocean_post_title_bg_image_repeat":"","ocean_post_title_bg_image_size":"","ocean_post_title_height":0,"ocean_post_title_bg_overlay":0.5,"ocean_post_title_bg_overlay_color":"","ocean_disable_breadcrumbs":"default","ocean_breadcrumbs_color":"","ocean_breadcrumbs_separator_color":"","ocean_breadcrumbs_links_color":"","ocean_breadcrumbs_links_hover_color":"","ocean_display_footer_widgets":"default","ocean_display_footer_bottom":"default","ocean_custom_footer_template":"0","ocean_post_oembed":"","ocean_post_self_hosted_media":"","ocean_post_video_embed":"","ocean_link_format":"","ocean_link_format_target":"self","ocean_quote_format":"","ocean_quote_format_link":"post","ocean_gallery_link_images":"on","ocean_gallery_id":[],"footnotes":""},"categories":[5,4],"tags":[],"class_list":["post-4106","post","type-post","status-publish","format-standard","hentry","category-aviso-de-licitacao","category-licitacao","entry"],"_links":{"self":[{"href":"https:\/\/vilaflor.rn.gov.br\/transparencia\/wp-json\/wp\/v2\/posts\/4106","targetHints":{"allow":["GET"]}}],"collection":[{"href":"https:\/\/vilaflor.rn.gov.br\/transparencia\/wp-json\/wp\/v2\/posts"}],"about":[{"href":"https:\/\/vilaflor.rn.gov.br\/transparencia\/wp-json\/wp\/v2\/types\/post"}],"author":[{"embeddable":true,"href":"https:\/\/vilaflor.rn.gov.br\/transparencia\/wp-json\/wp\/v2\/users\/1"}],"replies":[{"embeddable":true,"href":"https:\/\/vilaflor.rn.gov.br\/transparencia\/wp-json\/wp\/v2\/comments?post=4106"}],"version-history":[{"count":1,"href":"https:\/\/vilaflor.rn.gov.br\/transparencia\/wp-json\/wp\/v2\/posts\/4106\/revisions"}],"predecessor-version":[{"id":4107,"href":"https:\/\/vilaflor.rn.gov.br\/transparencia\/wp-json\/wp\/v2\/posts\/4106\/revisions\/4107"}],"wp:attachment":[{"href":"https:\/\/vilaflor.rn.gov.br\/transparencia\/wp-json\/wp\/v2\/media?parent=4106"}],"wp:term":[{"taxonomy":"category","embeddable":true,"href":"https:\/\/vilaflor.rn.gov.br\/transparencia\/wp-json\/wp\/v2\/categories?post=4106"},{"taxonomy":"post_tag","embeddable":true,"href":"https:\/\/vilaflor.rn.gov.br\/transparencia\/wp-json\/wp\/v2\/tags?post=4106"}],"curies":[{"name":"wp","href":"https:\/\/api.w.org\/{rel}","templated":true}]}},{"id":4104,"date":"2026-01-06T09:16:05","date_gmt":"2026-01-06T12:16:05","guid":{"rendered":"https:\/\/vilaflor.rn.gov.br\/transparencia\/?p=4104"},"modified":"2026-01-13T09:16:54","modified_gmt":"2026-01-13T12:16:54","slug":"aviso-de-dispensa-de-licitacao-n-002-2026","status":"publish","type":"post","link":"https:\/\/vilaflor.rn.gov.br\/transparencia\/aviso-de-dispensa-de-licitacao-n-002-2026\/","title":{"rendered":"AVISO DE DISPENSA DE LICITA\u00c7\u00c3O N\u00b0 002\/2026"},"content":{"rendered":"<p><strong>ESTADO DO RIO GRANDE DO NORTE<\/strong><br \/>\n<strong>PREFEITURA MUNICIPAL DE VILA FLOR<\/strong><\/p>\n<p><strong>DADOS DO AVISO<\/strong><\/p>\n<p>Vila Flor\/RN, em 05 de janeiro de 2026.<\/p>\n<p>&nbsp;<\/p>\n<p><strong>PROCESSO ADMINISTRATIVO:\u00a0<\/strong>29120002\/2025<\/p>\n<p>&nbsp;<\/p>\n<p><strong>DATA E HORA LIMITE PARA ENTREGA DA PROPOSTA DE PRE\u00c7O E DOCUMENTOS DE HABILITA\u00c7\u00c3O<\/strong><\/p>\n<p>&nbsp;<\/p>\n<p>At\u00e9 dia 09\/01\/2026, \u00e0s 09:00h<\/p>\n<p>&nbsp;<\/p>\n<p><strong>REFER\u00caNCIA DE HOR\u00c1RIO<\/strong><\/p>\n<p><strong>\u00a0<\/strong><\/p>\n<p>Hor\u00e1rio de Brasilia \u2013 DF<\/p>\n<p><strong>\u00a0<\/strong><\/p>\n<p><strong>ENDERE\u00c7O ELETR\u00d4NICO PARA ENVIO DA PROPOSTA E DOCUMENTOS DE HABILITA\u00c7\u00c3O<\/strong><\/p>\n<p><strong>\u00a0<\/strong><\/p>\n<p><a href=\"mailto:pmvflicitacoes2021@gmail.com\">PMVFLICITACOES2021@GMAIL.COM<\/a><\/p>\n<p><strong>\u00a0<\/strong><\/p>\n<p>A\u00a0<strong>PREFEITURA MUNICIPAL DE VILA FLOR<\/strong>, atrav\u00e9s da\u00a0<strong>COMISS\u00c3O DE LICITA\u00c7\u00c3O<\/strong>, com sede na Rua Jos\u00e9 Calazans, 169, Centro, Vila Flor\/RN, CEP 59.192-000, inscrita no CNPJ\/MF sob n\u00b0 08.169.278\/0001-07, torna p\u00fablico para conhecimento dos interessados a realiza\u00e7\u00e3o de Chamada P\u00fablica para\u00a0<strong>DISPENSA DE LICITA\u00c7\u00c3O<\/strong>, com crit\u00e9rio de julgamento\u00a0<strong>MENOR PRE\u00c7O GLOBAL<\/strong>, nos termos do Art. n\u00ba 75, inciso II da Lei 14.133\/2021, e de acordo com as condi\u00e7\u00f5es, crit\u00e9rios e procedimentos estabelecidos neste Aviso e seus anexos, objetivando obter a melhor proposta, observadas as datas e hor\u00e1rios discriminados.<\/p>\n<p>OS INTERESSADOS DEVER\u00c3O ACOMPANHAR AS MENSAGENS REFERENTES A ESTE AVISO (RESPOSTAS A QUESTIONAMENTOS, IMPUGNA\u00c7\u00d5ES, RECURSOS, ETC.) NO E-MAIL INSTITUCIONAL, SENDO EXCLUSIVOS RESPONS\u00c1VEIS PELO \u00d4NUS DECORRENTE DA PERDA DE NEG\u00d3CIOS DIANTE DA INOBSERV\u00c2NCIA DE QUAISQUER MENSAGENS EMITIDAS PELO PORTAL.<\/p>\n<p>&nbsp;<\/p>\n<p><strong><u>ANEXOS DESTE AVISO<\/u><\/strong><\/p>\n<p><strong>\u00a0<\/strong><\/p>\n<p>Anexo I \u2013 Termo de Refer\u00eancia<\/p>\n<p>Anexo II \u2013 Modelo de Proposta de Pre\u00e7os<\/p>\n<p>Anexo III \u2013 Modelo de Declara\u00e7\u00e3o de cumprimento do disposto no Inc. XXXIII do art. 7\u00ba da Constitui\u00e7\u00e3o Federal<\/p>\n<p>Anexo IV \u2013 Declara\u00e7\u00e3o de reserva de cargos PcD, consoante art. 92, da Lei Federal n\u201d 14.133\/2021<\/p>\n<p>Anexo V \u2013 Declara\u00e7\u00e3o impedimentos do art. 14 da Lei Federal n\u201d 14.133\/2021<\/p>\n<p>Anexo VI \u2013 Modelo de Carta-Contrato<\/p>\n<p>&nbsp;<\/p>\n<p><strong>AVISO DE DISPENSA DE LICITA\u00c7\u00c3O N\u00b0 002\/2026<\/strong><\/p>\n<p><strong>\u00a0<\/strong><\/p>\n<ol>\n<li><strong>REG\u00caNCIA LEGAL<\/strong><\/li>\n<\/ol>\n<p>As contra\u00e7\u00f5es atrav\u00e9s de dispensa de licita\u00e7\u00e3o no Prefeitura Municipal de Vila Flor s\u00e3o regidas pelos dispositivos legais:<\/p>\n<ol start=\"14\">\n<li>a) Lei n\u00ba 133\/2021, Art. 75, Inc. II;<\/li>\n<li>Instru\u00e7\u00e3o Normativa SEMGE n\u00ba 05\/2021, aprovada pela Portaria SEMGE n\u00ba 624\/2021.<\/li>\n<\/ol>\n<p>&nbsp;<\/p>\n<ol start=\"2\">\n<li><strong>OBJETO<\/strong><\/li>\n<\/ol>\n<p>O presente termo de refer\u00eancia visa orientar a licita\u00e7\u00e3o para a\u00a0<strong>CONTRATA\u00c7\u00c3O DE SERVI\u00c7OS ESPECIALIZADOS DE ASSESSORIA E CONSULTORIA T\u00c9CNICA AO DEPARTAMENTO DE CONTROLE INTERNO, COM VISTAS A AVALIAR E ORIENTAR A GEST\u00c3O OR\u00c7AMENT\u00c1RIA, FINANCEIRA E PATRIMONIAL, PARA CORRETA E RACIONAL UTILIZA\u00c7\u00c3O DOS RECURSOS E BENS P\u00daBLICOS<\/strong>, Anexo I deste Aviso.<\/p>\n<p>&nbsp;<\/p>\n<ol start=\"3\">\n<li><strong>INFORMA\u00c7\u00d5ES PRELIMINARES<\/strong><\/li>\n<\/ol>\n<p>Os interessados dever\u00e3o proceder, antes da elabora\u00e7\u00e3o das propostas, verifica\u00e7\u00e3o minuciosa de todos os elementos fornecidos, solicitando por escrito ao\u00a0<strong>SETOR DE LICITA\u00c7\u00c3O<\/strong>, via e-mail:\u00a0<a href=\"mailto:atendimento_cosel@salvador.ba.gov.br\"><strong>PMVFLICITACOES2021@GMAIL.COM<\/strong>,<\/a>\u00a0at\u00e9 01 (um) dia \u00fatil antes do prazo final para apresenta\u00e7\u00e3o da documenta\u00e7\u00e3o, as d\u00favidas suscitadas, que ser\u00e3o esclarecidas no pr\u00f3prio e-mail.<\/p>\n<p>&nbsp;<\/p>\n<ol start=\"4\">\n<li><strong>CONDI\u00c7\u00d5ES DE PARTICIPA\u00c7\u00c3O<\/strong>\n<ul>\n<li>Poder\u00e3o participar desta Dispensa de Licita\u00e7\u00e3o, pessoas f\u00edsica ou jur\u00eddica, regularmente estabelecidas no pa\u00eds que atenda \u00e0s condi\u00e7\u00f5es exigidas neste Aviso e seus anexos, devendo pertencer ao ramo da atividade pertinente e compat\u00edvel com o objeto<\/li>\n<\/ul>\n<\/li>\n<\/ol>\n<p>&nbsp;<\/p>\n<ul>\n<li>N\u00e3o poder\u00e3o participar desta Dispensa de Licita\u00e7\u00e3o os interessados:<\/li>\n<\/ul>\n<p>&nbsp;<\/p>\n<ol>\n<li>Proibidos de participar de licita\u00e7\u00f5es e celebrar contratos administrativos, na forma da legisla\u00e7\u00e3o<\/li>\n<li>Que n\u00e3o atendam \u00e0s condi\u00e7\u00f5es deste Aviso e Termo de Refer\u00eancia;<\/li>\n<li>Estrangeiros que n\u00e3o tenham representa\u00e7\u00e3o legal no Brasil com poderes expressos para receber cita\u00e7\u00e3o e responder administrativa ou judicialmente;<\/li>\n<li>Que se enquadrem nas veda\u00e7\u00f5es previstas no artigo 14\u00ba da Lei Federal n\u00b0 133\/21;<\/li>\n<li>Organiza\u00e7\u00f5es da Sociedade Civil de Interesse P\u00fablico \u2013 OSC IP, atuando nessa condi\u00e7\u00e3o (Ac\u00f3rd\u00e3o n\u00b0746\/2014 \u2013 TCU Plen\u00e1rio);<\/li>\n<li>Estejam cumprindo penalidade de suspens\u00e3o tempor\u00e1ria imposta pela Administra\u00e7\u00e3o P\u00fablica Municipal, ou, ainda, penalidade imposta por qualquer \u00f3rg\u00e3o da Administra\u00e7\u00e3o P\u00fablica, nas hip\u00f3teses previstas nos incisos III e IV do 156 da Lei n\u00b0 14.133\/21<\/li>\n<\/ol>\n<p>&nbsp;<\/p>\n<ol start=\"5\">\n<li><strong>ESPECIFICA\u00c7\u00d5ES DO OBJETO, DOTA\u00c7\u00c3O OR\u00c7AMENT\u00c1RIA, PRAZOS E LOCAL DE PRESTA\u00c7\u00c3O DE SERVI\u00c7OS<\/strong><\/li>\n<\/ol>\n<p>As informa\u00e7\u00f5es relativas a especifica\u00e7\u00f5es do objeto, dota\u00e7\u00e3o or\u00e7ament\u00e1ria, prazos e local de entrega est\u00e3o elencadas no termo de Refer\u00eancia anexo I deste Aviso.<\/p>\n<p>&nbsp;<\/p>\n<ol start=\"6\">\n<li><strong>PRAZO E FORMA PARA ENVIO DOS DOCUMENTOS DE HABILITA\u00c7\u00c3O E PROPOSTA DE PRE\u00c7O<\/strong>\n<ul>\n<li><strong>PRAZO DE ENTREGA DOS DOCUMENTOS<\/strong>: Esta chamada p\u00fablica para Dispensa de Licita\u00e7\u00e3o ficar\u00e1 aberta por um per\u00edodo de\u00a0<strong>03 (TR\u00caS) DIAS UT\u00c9IS,\u00a0<\/strong>contados a partir da data de publica\u00e7\u00e3o do\u00a0<strong>AVISO<\/strong>\u00a0<strong>DE DISPENSA DE LICITA\u00c7\u00c3O\u00a0<\/strong>na imprensa<\/li>\n<li>A proposta de pre\u00e7os e os documentos de habilita\u00e7\u00e3o, dever\u00e3o ser encaminhados via e-mail, para o endere\u00e7o eletr\u00f4nico:\u00a0<a href=\"mailto:atendimento_cosel@salvador.ba.gov.br\"><strong>PMVFLICITACOES2021@GMAIL.COM<\/strong>,<\/a>\u00a0fazendo refer\u00eancia no assunto do e-mail a\u00a0<strong>DISPENSA DE LICITA\u00c7\u00c3O N\u00b0 002\/2026.<\/strong><\/li>\n<\/ul>\n<\/li>\n<\/ol>\n<p>&nbsp;<\/p>\n<p>7.\u00a0\u00a0\u00a0\u00a0\u00a0\u00a0\u00a0 PROPOSTAS DE PRE\u00c7OS<\/p>\n<p><strong>\u00a0<\/strong><\/p>\n<ul>\n<li>A proposta de pre\u00e7os dever\u00e1 ser apresentada na forma, prazo e condi\u00e7\u00f5es estipulados neste Aviso e seus<\/li>\n<\/ul>\n<p>&nbsp;<\/p>\n<ul>\n<li>A proposta dever\u00e1 ser redigida em papel timbrado do interessado, por meio mec\u00e2nico ou informatizado, de forma clara e inequ\u00edvoca, sem emendas, rasuras ou entrelinhas, em estrita observ\u00e2ncia \u00e0s especifica\u00e7\u00f5es contidas neste Aviso, assinada na \u00faltima folha e rubricada nas demais pelo seu titular ou representante legal, devidamente identificado, nela constando, obrigatoriamente:<\/li>\n<\/ul>\n<p>&nbsp;<\/p>\n<ol>\n<li>Raz\u00e3o Social, CNPJ, endere\u00e7o, CEP, telefone\/ e-mail e pessoa de contato;<\/li>\n<li>Pre\u00e7os de acordo com os praticados no mercado, dento do pre\u00e7o m\u00e1ximo que a SEMOP se disp\u00f5e a pagar, em algarismo e por extenso, s\u00f3 reajust\u00e1veis na forma da lei, com valores expressos em moeda corrente nacional (R$). Ocorrendo diverg\u00eancia entre o pre\u00e7o em algarismo e o expresso por extenso, ser\u00e1 levado em conta por extenso.<\/li>\n<li>Prazo de validade de proposta n\u00e3o inferior a 90 (noventa) dias, a contar da data de sua apresenta\u00e7\u00e3o, sendo facultado aos proponentes estender tal validade por prazo<\/li>\n<\/ol>\n<p>&nbsp;<\/p>\n<ul>\n<li>A proposta de pre\u00e7os apresentada dever\u00e1 incluir todas e quaisquer despesas necess\u00e1rias para a execu\u00e7\u00e3o do objeto desta Dispensa de Licita\u00e7\u00e3o, tais como: tributos, emolumentos, contribui\u00e7\u00f5es sociais, fiscais, parafiscais, fretes, seguros e demais despesas inerentes, devendo o pre\u00e7o ofertado corresponder rigorosamente \u00e0s especifica\u00e7\u00f5es do objeto, n\u00e3o cabendo quaisquer reivindica\u00e7\u00f5es devidas a erros nessa avalia\u00e7\u00e3o, para efeito de solicitar revis\u00e3o de pre\u00e7os.<\/li>\n<\/ul>\n<p>&nbsp;<\/p>\n<ul>\n<li>A proposta de pre\u00e7os que n\u00e3o estiver em conson\u00e2ncia com as exig\u00eancias deste Aviso ser\u00e1<\/li>\n<\/ul>\n<p>&nbsp;<\/p>\n<ul>\n<li>Os pre\u00e7os ofertados n\u00e3o poder\u00e3o exceder os pre\u00e7os m\u00e1ximos, constantes neste<\/li>\n<\/ul>\n<p>&nbsp;<\/p>\n<p>8.\u00a0\u00a0\u00a0\u00a0\u00a0\u00a0\u00a0 DOCUMENTA\u00c7\u00c3O DE HABILITA\u00c7\u00c3O<\/p>\n<p><strong>\u00a0<\/strong><\/p>\n<ul>\n<li>Para fins de comprova\u00e7\u00e3o de habilita\u00e7\u00e3o, dever\u00e3o ser apresentados junto com a proposta de pre\u00e7os, os documentos abaixo relacionados, com prazo vigente, \u00e0 exce\u00e7\u00e3o daqueles que por sua natureza n\u00e3o contenham validade:<\/li>\n<\/ul>\n<p>&nbsp;<\/p>\n<ul>\n<li><strong><u>Habilita\u00e7\u00e3o Jur\u00eddica<\/u><\/strong>\n<ol>\n<li>Ato constitutivo, estatuto ou contrato social em vigor, devidamente registrado ou inscrito;<\/li>\n<li>Em se tratando de Microempreendedor individual \u2014 MEI: Certificado da Condi\u00e7\u00e3o de Microempreendedor Individual \u2013 CCMEI;<\/li>\n<\/ol>\n<\/li>\n<\/ul>\n<p>&nbsp;<\/p>\n<ul>\n<li><strong><u>Regularidade Fiscal e Trabalhista<\/u><\/strong>\n<ol start=\"8\">\n<li>Certid\u00e3o Conjunta Negativa de D\u00e9bitos, relativa aos tributos federais e \u00e0 D\u00edvida Ativa da Uni\u00e3o, no \u00e2mbito da RFB e da PGFN abrangendo inclusive as contribui\u00e7\u00f5es sociais previstas nas al\u00edneas \u201ca\u201d e \u201cd\u201d do par\u00e1grafo \u00fanico do art. 11 da Lei n.\u00ba 8.212, de 24 de julho de 1991, com base na Portaria Conjunta RFB\/PGFN no 751, de 02\/10\/2014.<\/li>\n<li>Prova de inscri\u00e7\u00e3o no cadastro de contribuintes estadual e\/ou Municipal, se houver, relativo ao domicilio ou sede do interessado, pertinente ao seu ramo de atividade e compat\u00edvel com o objeto<\/li>\n<li>Prova de regularidade com a Fazenda Estadual relativo ao domicilio ou sede do interessado;<\/li>\n<li>Prova de regularidade com a Fazenda Municipal do relativo ao domicilio ou sede do interessado;<\/li>\n<li>Prova de regularidade com o Fundo de Garantia por Tempo de Servi\u00e7o (FGTS), mediante a apresenta\u00e7\u00e3o de Certificado de Regularidade de Situa\u00e7\u00e3o\/CRF.<\/li>\n<li>Prova de inexist\u00eancia de d\u00e9bitos inadimplidos perante a justi\u00e7a do trabalho, mediante a apresenta\u00e7\u00e3o de Certid\u00e3o Negativa de D\u00e9bitos Trabalhistas (CNDT), com prazo de validade de 180 (cento e oitenta dias), contados da data de sua emiss\u00e3o, de acordo com a Legisla\u00e7\u00e3o federal \u201cLei n\u00ba 440, de 07 de julho de 2011\u201d.<\/li>\n<li>Prova de inscri\u00e7\u00e3o de Cadastro Nacional de Pessoas Jur\u00eddicas CNPJ;<\/li>\n<\/ol>\n<\/li>\n<\/ul>\n<p>&nbsp;<\/p>\n<ul>\n<li><strong><u>Qualifica\u00e7\u00e3o T\u00e9cnica<\/u><\/strong>\n<ol>\n<li>Apresenta\u00e7\u00e3o de pelo menos 01 (um) atestado em nome da pessoa jur\u00eddica, fornecido por pessoa jur\u00eddica de direito p\u00fablico ou privado, suficientes para comprovar a aptid\u00e3o em execu\u00e7\u00e3o de objetos similares ao desta contrata\u00e7\u00e3o.\n<ul>\n<li>O(s) atestado(s) dever\u00e1(\u00e3o) ser apresentado(s) constando as seguintes informa\u00e7\u00f5es da emitente: papel timbrado, CNPJ, endere\u00e7o, telefone, data de emiss\u00e3o, nome e cargo\/fun\u00e7\u00e3o de quem assina o documento, bem como conter objeto, atividades desenvolvidas e per\u00edodo da contrata\u00e7\u00e3o.<\/li>\n<li>N\u00e3o ser\u00e3o aceitos atestados emitidos por empresas do mesmo grupo empresarial da promitente contratada ou pela pr\u00f3pria pessoa jur\u00eddica e\/ou emitidos por empresas, das quais participem s\u00f3cios ou diretores da promitente<\/li>\n<\/ul>\n<\/li>\n<\/ol>\n<\/li>\n<\/ul>\n<p>&nbsp;<\/p>\n<ul>\n<li><strong><u>Qualifica\u00e7\u00e3o econ\u00f4mico-financeira<\/u><\/strong>\n<ol>\n<li>Certid\u00e3o negativa de fal\u00eancia, recupera\u00e7\u00e3o judicial ou extrajudicial ou execu\u00e7\u00e3o patrimonial, conforme o caso, expedida pelo distribuidor da sede do\n<ul>\n<li>Caso o licitante encontre-se em recupera\u00e7\u00e3o judicial, admite-se a participa\u00e7\u00e3o, em licita\u00e7\u00f5es, desde que amparadas em certid\u00e3o emitida pela inst\u00e2ncia judicial competente afirmando que a interessada est\u00e1 apta econ\u00f4mica e financeiramente a participar de procedimento licitat\u00f3rio, na forma do Ac\u00f3rd\u00e3o TCU \u2013 Plen\u00e1rio \u2013 1201\/2020.<\/li>\n<\/ul>\n<\/li>\n<\/ol>\n<\/li>\n<\/ul>\n<p>&nbsp;<\/p>\n<ul>\n<li><strong><u>Documenta\u00e7\u00e3o Complementar de Habilita\u00e7\u00e3o<\/u><\/strong>\n<ol start=\"14\">\n<li>Declara\u00e7\u00e3o de que n\u00e3o est\u00e1 incurso nos impedimentos de que trata o art.14 da Federal n\u00b0 133\/2021, conforme modelo ANEXO IV;<\/li>\n<li>Declara\u00e7\u00e3o de que cumpre as exig\u00eancias de reserva de cargos para Pessoas com Defici\u00eancia \u2014 PcD e para reabilitado da Previd\u00eancia Social, previstas em lei e normas espec\u00edficas, conforme modelo ANEXO III;<\/li>\n<li>Certid\u00e3o Negativa de Cadastro Nacional de Empresas Inid\u00f4neas e Suspensas \u2014 CEIS<\/li>\n<li>Certid\u00e3o Negativa de Cadastro Nacional de Empresas P\u00fablicas \u2014 CNE<\/li>\n<li>Declara\u00e7\u00e3o assinada pelo titular ou representante legal da Requerente, devidamente identificado, em conformidade com o disposto no XXXIII, art. 7\u00ba, da Constitui\u00e7\u00e3o Federal (Modelo no\u00a0<strong>Anexo IV\u00a0<\/strong>deste Aviso).<\/li>\n<\/ol>\n<\/li>\n<\/ul>\n<p>&nbsp;<\/p>\n<p>9.\u00a0\u00a0\u00a0\u00a0\u00a0\u00a0\u00a0 CRIT\u00c9RIO DE JULGAMENTO<\/p>\n<p><strong>\u00a0<\/strong><\/p>\n<ul>\n<li><strong><u>PROPOSTAS DE PRE\u00c7OS<\/u><\/strong><\/li>\n<\/ul>\n<p>&nbsp;<\/p>\n<ul>\n<li>As propostas apresentadas em conson\u00e2ncia com as exig\u00eancias do Aviso ser\u00e3o classificadas e ser\u00e1 declara vencedora a que apresentar o menor pre\u00e7o.<\/li>\n<\/ul>\n<p>&nbsp;<\/p>\n<ul>\n<li>Os interessados que apresentarem proposta de pre\u00e7os com diverg\u00eancia \u00e0s exig\u00eancias deste Aviso e seus anexos ser\u00e1<\/li>\n<\/ul>\n<p>&nbsp;<\/p>\n<ul>\n<li><strong><u>HABILITA\u00c7\u00c3O<\/u><\/strong>\n<ul>\n<li>Ser\u00e1 habilitado o interessado que atender todas as condi\u00e7\u00f5es do Aviso e seus<\/li>\n<li>Ser\u00e1 inabilitada o interessado que n\u00e3o atender as condi\u00e7\u00f5es do Aviso e seus<\/li>\n<\/ul>\n<\/li>\n<\/ul>\n<p>&nbsp;<\/p>\n<p>10.\u00a0\u00a0\u00a0\u00a0\u00a0 OBRIGA\u00c7\u00d5ES, PENALIDADES E SAN\u00c7\u00d5ES<\/p>\n<p><strong>\u00a0<\/strong><\/p>\n<p>As obriga\u00e7\u00f5es, penalidades e sans\u00f5es est\u00e3o elencadas no Termo de Refer\u00eancia, anexo I deste Aviso e s\u00e3o parte integrante independente de transcri\u00e7\u00e3o.<\/p>\n<p>&nbsp;<\/p>\n<p>11.\u00a0\u00a0\u00a0\u00a0\u00a0\u00a0\u00a0\u00a0 DISPOSI\u00c7\u00d5ES GERAIS<\/p>\n<p><strong>\u00a0<\/strong><\/p>\n<ul>\n<li>O interessado n\u00e3o poder\u00e1 alegar como justificativa para se eximir das obriga\u00e7\u00f5es assumidas, o desconhecimento das condi\u00e7\u00f5es para participa\u00e7\u00e3o desta Dispensa de Licita\u00e7\u00e3o.<\/li>\n<li>Poder\u00e1 esta Secretaria Municipal da Prefeitura Municipal de Vila Flor, revogar o presente Aviso, no todo em parte, por conveni\u00eancia administrativa e interesse p\u00fablico, decorrente de falo superveniente, devidamente<\/li>\n<li>A Secretaria Municipal da Prefeitura Municipal de Vila Flor poder\u00e1 anular o presente Aviso, no todo em parte, caso ocorra ilegalidade, de oficio ou por provoca\u00e7\u00e3o. A anula\u00e7\u00e3o do procedimento oriundo deste Aviso, n\u00e3o gera direito a indeniza\u00e7\u00e3o.<\/li>\n<li>Ap\u00f3s a fase de classifica\u00e7\u00e3o da proposta, n\u00e3o cabe desist\u00eancia da mesma, salvo por motivo justo decorrente de fato superveniente, e desde que aceito pela PREFEITURA MUNICIPAL.<\/li>\n<li>Ao apresentar a proposta de pre\u00e7os, o interessado declara sob as penalidades da Lei, da inexist\u00eancia de qualquer v\u00ednculo de natureza t\u00e9cnica, comercial, econ\u00f4mica, financeira ou trabalhista, entre si e os respons\u00e1veis por esta Dispensa de Licita\u00e7\u00e3o, quer direta ou<\/li>\n<li>A apresenta\u00e7\u00e3o de proposta pressup\u00f5e o pleno conhecimento, atendimento e aceita\u00e7\u00e3o integral e irretrat\u00e1vel, por parte do interessado, das exig\u00eancias e condi\u00e7\u00f5es estabelecidas neste Aviso e Termo de Refer\u00eancia.<\/li>\n<li>A falsidade de qualquer documento apresentado ou a inverdade das informa\u00e7\u00f5es nele contidas implicar\u00e1 a imediata desclassifica\u00e7\u00e3o\/inabilita\u00e7\u00e3o do interessado que o tiver apresentado, ou, caso tenha sido o vencedor, a rescis\u00e3o do contrato ou do pedido de compra, sem preju\u00edzo de demais san\u00e7\u00f5es cab\u00edveis.<\/li>\n<li>Na contagem dos prazos estabelecidos neste Aviso, com fulcro no Art 183 da Lei Federal 133\/2021, ser\u00e3o contados com exclus\u00e3o do dia do come\u00e7o e inclus\u00e3o do dia do vencimento, observando-se as seguintes disposi\u00e7\u00f5es:\n<ol>\n<li>os prazos expressos em dias corridos ser\u00e3o computados de modo cont\u00ednuo;<\/li>\n<li>os prazos expressos em meses ou anos ser\u00e3o computados de data a data;<\/li>\n<li>nos prazos expressos em dias \u00fateis, ser\u00e3o computados somente os dias em que ocorrer expediente administrativo no \u00f3rg\u00e3o ou entidade competente.<\/li>\n<\/ol>\n<\/li>\n<\/ul>\n<p>&nbsp;<\/p>\n<ul>\n<li>Salvo disposi\u00e7\u00e3o em contr\u00e1rio, considera-se dia do come\u00e7o do prazo:\n<ol>\n<li>o primeiro dia \u00fatil seguinte ao da disponibiliza\u00e7\u00e3o da informa\u00e7\u00e3o na<\/li>\n<\/ol>\n<\/li>\n<\/ul>\n<p>Vila Flor\/RN, em 05 de janeiro de 2026.<\/p>\n<p>&nbsp;<\/p>\n<p>Kedson Jos\u00e9 de Lima<\/p>\n<p><strong>Agente de Contrata\u00e7\u00e3o<\/strong><\/p>\n<p><strong>\u00a0<\/strong><\/p>\n<p>DISPENSA DE LICITA\u00c7\u00c3O N\u00b0 002\/2026<\/p>\n<p>SETOR DE LICITA\u00c7\u00c3O<\/p>\n<p>ANEXO I \u2013 TERMO DE REFER\u00caNCIA<\/p>\n<p>1.\u00a0\u00a0\u00a0 OBJETO<\/p>\n<p><strong>\u00a0<\/strong><\/p>\n<p>O presente termo de refer\u00eancia visa orientar a licita\u00e7\u00e3o para a\u00a0<strong>CONTRATA\u00c7\u00c3O DE SERVI\u00c7OS ESPECIALIZADOS DE ASSESSORIA E CONSULTORIA T\u00c9CNICA AO DEPARTAMENTO DE CONTROLE INTERNO, COM VISTAS A AVALIAR E ORIENTAR A GEST\u00c3O OR\u00c7AMENT\u00c1RIA, FINANCEIRA E PATRIMONIAL, PARA CORRETA E RACIONAL UTILIZA\u00c7\u00c3O DOS RECURSOS E BENS P\u00daBLICOS<\/strong>.<\/p>\n<p>2.\u00a0\u00a0\u00a0 JUSTIFICATIVA<\/p>\n<p>A justificativa para a referida contrata\u00e7\u00e3o repousa no princ\u00edpio constitucional da efici\u00eancia e no dever de prestar contas, sendo uma decis\u00e3o estrat\u00e9gica para a salvaguarda da gest\u00e3o p\u00fablica. Ao contratar uma assessoria especializada, a administra\u00e7\u00e3o n\u00e3o est\u00e1 apenas buscando aux\u00edlio operacional, mas sim investindo na seguran\u00e7a jur\u00eddica do ordenador de despesas e na otimiza\u00e7\u00e3o da aplica\u00e7\u00e3o dos recursos coletivos. A justificativa se pauta no fato de que o custo da contrata\u00e7\u00e3o \u00e9 significativamente inferior aos riscos financeiros decorrentes de multas, glosas de recursos federais ou estaduais, e poss\u00edveis apontamentos de rejei\u00e7\u00e3o de contas por parte do Tribunal de Contas, que frequentemente decorrem de falhas t\u00e9cnicas na gest\u00e3o patrimonial e or\u00e7ament\u00e1ria.<\/p>\n<p>Ademais, justifica-se a medida pela busca da racionaliza\u00e7\u00e3o dos gastos. Uma consultoria t\u00e9cnica prov\u00ea m\u00e9tricas e indicadores de desempenho que permitem identificar desperd\u00edcios e redirecionar verbas para \u00e1reas priorit\u00e1rias, garantindo que o patrim\u00f4nio p\u00fablico seja gerido com m\u00e1xima utilidade social. A transfer\u00eancia de conhecimento da contratada para os servidores da casa tamb\u00e9m justifica o investimento, pois cria um legado de boas pr\u00e1ticas e moderniza\u00e7\u00e3o dos processos internos. Em suma, a contrata\u00e7\u00e3o justifica-se como um mecanismo de controle preventivo que assegura a legalidade e a transpar\u00eancia, transformando o Controle Interno em uma unidade de intelig\u00eancia estrat\u00e9gica capaz de garantir que cada centavo arrecadado seja convertido em servi\u00e7os p\u00fablicos de qualidade, em estrita observ\u00e2ncia \u00e0 Lei de Responsabilidade Fiscal.<\/p>\n<p>3.\u00a0\u00a0\u00a0 FUNDAMENTA\u00c7\u00d5ES LEGAIS<\/p>\n<p><strong>\u00a0<\/strong><\/p>\n<ul>\n<li>O objeto deste Termo de Refer\u00eancia tem amparo legal nas normas gerais de licita\u00e7\u00e3o e contrata\u00e7\u00e3o para as Administra\u00e7\u00f5es P\u00fablicas diretas, aut\u00e1rquicas e fundacionais, integralmente, na Lei 14.133\/2021, que institui, no \u00e2mbito da Uni\u00e3o, Estados, Distrito Federal e Munic\u00edpios, nos termos do art. 37, inciso XXI, da Constitui\u00e7\u00e3o Federal.<\/li>\n<li>75, inciso II da Lei 14.133\/2021.<\/li>\n<\/ul>\n<p>&nbsp;<\/p>\n<p>4. RESULTADOS PRETENDIDOS<\/p>\n<p>4.1. Otimiza\u00e7\u00e3o do Desempenho Or\u00e7ament\u00e1rio e Financeiro<\/p>\n<p data-path-to-node=\"4\">O resultado mais imediato \u00e9 a\u00a0<strong data-path-to-node=\"4\" data-index-in-node=\"30\">eleva\u00e7\u00e3o da precis\u00e3o no planejamento e na execu\u00e7\u00e3o da despesa<\/strong>. Espera-se que, com a orienta\u00e7\u00e3o t\u00e9cnica, a administra\u00e7\u00e3o reduza drasticamente a ocorr\u00eancia de cr\u00e9ditos adicionais desnecess\u00e1rios, erros na classifica\u00e7\u00e3o de despesas e falhas no cronograma de desembolso.<\/p>\n<p data-path-to-node=\"5\">A consultoria deve proporcionar uma vis\u00e3o anal\u00edtica que permita o cumprimento rigoroso das metas fiscais estabelecidas na LDO (Lei de Diretrizes Or\u00e7ament\u00e1rias) e na LOA (Lei Or\u00e7ament\u00e1ria Anual), garantindo que os \u00edndices constitucionais (Sa\u00fade e Educa\u00e7\u00e3o) e os limites com gastos de pessoal da Lei de Responsabilidade Fiscal sejam monitorados preventivamente. O resultado final \u00e9 uma gest\u00e3o financeira equilibrada, com redu\u00e7\u00e3o de restos a pagar e maior liquidez do tesouro municipal ou setorial.<\/p>\n<p data-path-to-node=\"6\">4.2. Integridade e Moderniza\u00e7\u00e3o da Gest\u00e3o Patrimonial<\/p>\n<p data-path-to-node=\"7\">No \u00e2mbito patrimonial, o resultado pretendido \u00e9 o\u00a0<strong data-path-to-node=\"7\" data-index-in-node=\"50\">controle absoluto sobre os bens m\u00f3veis, im\u00f3veis e intang\u00edveis<\/strong>. Isso significa que a administra\u00e7\u00e3o deve alcan\u00e7ar a plena fidedignidade do balan\u00e7o patrimonial, refletindo o valor real dos ativos atrav\u00e9s da correta aplica\u00e7\u00e3o de m\u00e9todos de deprecia\u00e7\u00e3o, amortiza\u00e7\u00e3o e reavalia\u00e7\u00e3o.<\/p>\n<p data-path-to-node=\"8\">Pretende-se eliminar a exist\u00eancia de bens \u201cfantasmas\u201d no sistema ou bens f\u00edsicos sem o devido registro. O resultado esperado \u00e9 a implementa\u00e7\u00e3o de um fluxo de controle que rastreie o ciclo de vida de cada bem p\u00fablico, desde a sua aquisi\u00e7\u00e3o at\u00e9 o seu descarte ou aliena\u00e7\u00e3o, evitando perdas, extravios e o abandono de bens que ainda possuem utilidade para o servi\u00e7o p\u00fablico.<\/p>\n<p data-path-to-node=\"9\">4.3. Seguran\u00e7a Jur\u00eddica e Efic\u00e1cia do Controle Interno<\/p>\n<p data-path-to-node=\"10\">Sob o ponto de vista institucional, o principal resultado \u00e9 o\u00a0<strong data-path-to-node=\"10\" data-index-in-node=\"62\">fortalecimento da governan\u00e7a e a redu\u00e7\u00e3o da vulnerabilidade dos gestores<\/strong>. Com o suporte de pareceres t\u00e9cnicos robustos, as decis\u00f5es administrativas passam a ter maior sustenta\u00e7\u00e3o jur\u00eddica perante os \u00f3rg\u00e3os de controle externo (Tribunais de Contas e Minist\u00e9rio P\u00fablico).<\/p>\n<p data-path-to-node=\"11\">Espera-se que, ao final do per\u00edodo de consultoria, o Departamento de Controle Interno tenha seus processos de auditoria interna padronizados, com manuais de procedimentos claros e servidores mais capacitados. O resultado pretendido \u00e9 a aus\u00eancia de apontamentos graves em auditorias externas e a garantia de que os atos administrativos sejam pautados pela transpar\u00eancia e pela moralidade, consolidando uma administra\u00e7\u00e3o p\u00fablica mais resiliente a erros e mais eficiente na entrega de resultados \u00e0 sociedade.<\/p>\n<ol start=\"5\">\n<li><strong>DOS PRAZOS:<\/strong>\n<ul>\n<li>VIG\u00caNCIA: A vig\u00eancia do contrato dura\u00e7\u00e3o de 12 (Doze) meses, contados a partir da data da assinatura do contrato.<\/li>\n<li>O prazo de presta\u00e7\u00e3o dos servi\u00e7os s\u00e3o de 02 (dois) dias a partir da data da emiss\u00e3o da ordem de servi\u00e7o.<\/li>\n<li>Os prazos de execu\u00e7\u00e3o, de conclus\u00e3o e de entrega admitem prorroga\u00e7\u00e3o, mantidas as demais cl\u00e1usulas do contrato e assegurada a manuten\u00e7\u00e3o de seu equil\u00edbrio econ\u00f4mico financeiro, desde que ocorra algum dos motivos elencados no art. 124, da Lei Federal n\u00ba 14.133\/21, devidamente autuado em processo.<\/li>\n<\/ul>\n<\/li>\n<\/ol>\n<p>&nbsp;<\/p>\n<p>6.\u00a0\u00a0 DO DETALHAMENTO E DA EXECU\u00c7\u00c3O DOS SERVI\u00c7OS<\/p>\n<p>Metodologia de Implementa\u00e7\u00e3o e Diagn\u00f3stico Inicial<\/p>\n<p data-path-to-node=\"4\">A execu\u00e7\u00e3o dos servi\u00e7os dever\u00e1 ser iniciada com a realiza\u00e7\u00e3o de um\u00a0<strong data-path-to-node=\"4\" data-index-in-node=\"67\">Diagn\u00f3stico de Conformidade<\/strong>. A contratada dever\u00e1 proceder a uma varredura nos sistemas de contabilidade, folha de pagamento e gest\u00e3o patrimonial para identificar gargalos e inconsist\u00eancias em rela\u00e7\u00e3o \u00e0s Normas Brasileiras de Contabilidade Aplicadas ao Setor P\u00fablico (NBCASP). Este diagn\u00f3stico servir\u00e1 de base para o\u00a0<strong data-path-to-node=\"4\" data-index-in-node=\"383\">Plano de A\u00e7\u00e3o Semestral<\/strong>, que nortear\u00e1 as prioridades de corre\u00e7\u00e3o e as metas de curto prazo.<\/p>\n<p data-path-to-node=\"5\">Assessoria e Orienta\u00e7\u00e3o T\u00e9cnica Continuada<\/p>\n<p data-path-to-node=\"6\">A execu\u00e7\u00e3o dar-se-\u00e1 de forma ininterrupta por meio de suporte consultivo, que envolve:<\/p>\n<ul>\n<li data-path-to-node=\"7,0,0\"><strong data-path-to-node=\"7,0,0\" data-index-in-node=\"0\">Emiss\u00e3o de Pareceres T\u00e9cnicos:<\/strong>\u00a0Elabora\u00e7\u00e3o de documentos fundamentados sobre processos de licita\u00e7\u00e3o, contratos, conv\u00eanios e despesas de pessoal, sempre que o Controle Interno necessitar de subs\u00eddio jur\u00eddico-cont\u00e1bil para sua manifesta\u00e7\u00e3o.<\/li>\n<li data-path-to-node=\"7,1,0\"><strong data-path-to-node=\"7,1,0\" data-index-in-node=\"0\">Orienta\u00e7\u00e3o Preventiva:<\/strong>\u00a0Realiza\u00e7\u00e3o de reuni\u00f5es peri\u00f3dicas com os ordenadores de despesas para alinhar os procedimentos de execu\u00e7\u00e3o or\u00e7ament\u00e1ria aos limites impostos pela Lei de Responsabilidade Fiscal (LRF).<\/li>\n<li data-path-to-node=\"7,2,0\"><strong data-path-to-node=\"7,2,0\" data-index-in-node=\"0\">Acompanhamento dos Atos de Pessoal:<\/strong>\u00a0Revis\u00e3o t\u00e9cnica de processos de admiss\u00e3o, aposentadoria e pens\u00e3o, verificando a conformidade para posterior envio aos Tribunais de Contas.<\/li>\n<\/ul>\n<p data-path-to-node=\"8\">Gest\u00e3o Patrimonial e Auditoria de Ativos<\/p>\n<p data-path-to-node=\"9\">Nesta frente, a execu\u00e7\u00e3o foca na prote\u00e7\u00e3o dos bens p\u00fablicos. A contratada dever\u00e1 orientar e supervisionar:<\/p>\n<ul>\n<li data-path-to-node=\"10,0,0\"><strong data-path-to-node=\"10,0,0\" data-index-in-node=\"0\">Invent\u00e1rio F\u00edsico e Financeiro:<\/strong>\u00a0Apoio na concilia\u00e7\u00e3o entre o que consta no registro cont\u00e1bil e a exist\u00eancia f\u00edsica dos bens.<\/li>\n<li data-path-to-node=\"10,1,0\"><strong data-path-to-node=\"10,1,0\" data-index-in-node=\"0\">Procedimentos de Deprecia\u00e7\u00e3o:<\/strong>\u00a0Orientar a aplica\u00e7\u00e3o das taxas de deprecia\u00e7\u00e3o e amortiza\u00e7\u00e3o, garantindo que o Balan\u00e7o Patrimonial reflita o valor real de mercado e de uso dos ativos.<\/li>\n<li data-path-to-node=\"10,2,0\"><strong data-path-to-node=\"10,2,0\" data-index-in-node=\"0\">Gest\u00e3o de Estoques e Almoxarifado:<\/strong>\u00a0Avalia\u00e7\u00e3o dos m\u00e9todos de entrada e sa\u00edda de materiais, visando evitar desperd\u00edcios e obsolesc\u00eancia.<\/li>\n<\/ul>\n<p data-path-to-node=\"11\">Apoio na Presta\u00e7\u00e3o de Contas e Transpar\u00eancia<\/p>\n<p data-path-to-node=\"12\">A execu\u00e7\u00e3o prev\u00ea o aux\u00edlio direto na montagem e revis\u00e3o das presta\u00e7\u00f5es de contas mensais e anuais (RREO e RGF). A contratada dever\u00e1 realizar a \u201cpr\u00e9-auditoria\u201d das pe\u00e7as que ser\u00e3o enviadas ao Tribunal de Contas, conferindo se todos os anexos e exig\u00eancias legais foram cumpridos, reduzindo o risco de dilig\u00eancias ou multas. Al\u00e9m disso, dever\u00e1 monitorar o\u00a0<strong data-path-to-node=\"12\" data-index-in-node=\"353\">Portal da Transpar\u00eancia<\/strong>, garantindo que as informa\u00e7\u00f5es or\u00e7ament\u00e1rias estejam atualizadas e acess\u00edveis ao cidad\u00e3o, conforme a Lei de Acesso \u00e0 Informa\u00e7\u00e3o.<\/p>\n<p data-path-to-node=\"13\">Capacita\u00e7\u00e3o e Transfer\u00eancia de Tecnologia<\/p>\n<p data-path-to-node=\"14\">Como parte integrante da execu\u00e7\u00e3o, a consultoria dever\u00e1 promover o treinamento dos servidores do Departamento de Controle Interno. Este detalhe \u00e9 crucial para que o conhecimento n\u00e3o fique restrito \u00e0 empresa externa, mas seja absorvido pela institui\u00e7\u00e3o. Isso deve ocorrer por meio de oficinas t\u00e9cnicas, manuais de procedimentos internos atualizados e suporte remoto para d\u00favidas cotidianas.<\/p>\n<p>7.\u00a0\u00a0\u00a0\u00a0\u00a0 DO PRE\u00c7O:<\/p>\n<p><strong>\u00a0<\/strong><\/p>\n<ul>\n<li>A tabela a seguir engloba os valores das cota\u00e7\u00f5es, ofertados para a presente contrata\u00e7\u00e3o por meio de dispensa de licita\u00e7\u00e3o pelo valor, inclu\u00eddas todas as despesas necess\u00e1rias \u00e0 consecu\u00e7\u00e3o do objeto.<\/li>\n<\/ul>\n<p>&nbsp;<\/p>\n<table width=\"695\">\n<tbody>\n<tr>\n<td width=\"45\"><strong>Item<\/strong><\/td>\n<td width=\"272\"><strong>Nome<\/strong><\/td>\n<td width=\"90\"><strong>Quantidade<\/strong><\/td>\n<td width=\"80\"><strong>Unidade<\/strong><\/td>\n<td width=\"104\"><strong>V. Unit\u00e1rio<\/strong><\/td>\n<td width=\"104\"><strong>V. Total<\/strong><\/td>\n<\/tr>\n<tr>\n<td width=\"45\">1<\/td>\n<td width=\"272\">CONTRATA\u00c7\u00c3O DE SERVI\u00c7OS ESPECIALIZADOS DE ASSESSORIA E CONSULTORIA T\u00c9CNICA AO DEPARTAMENTO DE CONTROLE INTERNO, COM VISTAS A AVALIAR E ORIENTAR A GEST\u00c3O OR\u00c7AMENT\u00c1RIA, FINANCEIRA E PATRIMONIAL, PARA CORRETA E RACIONAL UTILIZA\u00c7\u00c3O DOS RECURSOS E BENS P\u00daBLICOS<\/td>\n<td width=\"90\">12<\/td>\n<td width=\"80\">M\u00eas<\/td>\n<td width=\"104\">R$ 5.447,91<\/td>\n<td width=\"104\">R$ 65.374,96<\/td>\n<\/tr>\n<\/tbody>\n<\/table>\n<p>&nbsp;<\/p>\n<ul>\n<li>O pre\u00e7o GLOBAL m\u00e1ximo que a contratante se disp\u00f5es a pagar \u00e9\u00a0<strong>R$ 65.374,96 (Sessenta e cinco mil, trezentos e setenta e quatro reais e noventa e seis centavos)\u00a0<\/strong>obtido atrav\u00e9s da m\u00e9dia da pesquisa de mercado, resultante de cota\u00e7\u00e3o de pre\u00e7os com empresas do ramo pertinente e est\u00e1 compat\u00edvel com os valores praticados atualmente no<\/li>\n<\/ul>\n<p>&nbsp;<\/p>\n<ul>\n<li>Processo licitat\u00f3rio destinado, exclusivamente, \u00e0 participa\u00e7\u00e3o das microempresas e empresas de pequeno porte, conforme inciso I, Art. 48 da Lei Complementar 123\/2006 (contrata\u00e7\u00f5es cujo valor seja de at\u00e9 R$ 80.000,00 \u2013 oitenta mil reais) e Art. 4\u00ba da Lei 133\/2021.<\/li>\n<\/ul>\n<p>&nbsp;<\/p>\n<p>8.\u00a0\u00a0\u00a0\u00a0\u00a0 DOTA\u00c7\u00c3O OR\u00c7AMENT\u00c1RIA:<\/p>\n<p><strong>\u00a0<\/strong><\/p>\n<p>A despesa desta contra\u00e7\u00e3o correr\u00e1 pela dota\u00e7\u00e3o or\u00e7ament\u00e1ria vigente no exerc\u00edcio financeiro do ano de 2025.<\/p>\n<p><strong>Classifica\u00e7\u00e3o econ\u00f4mica: \u00a0\u00a0\u00a0 3.3.90.39.00 \u2013 Outros Servi\u00e7os de Terceiros \u2013 Pessoa Jur\u00eddica<\/strong><\/p>\n<p><strong>\u00a0\u00a0\u00a0\u00a0\u00a0\u00a0\u00a0\u00a0\u00a0\u00a0\u00a0<\/strong><\/p>\n<p><strong>\u00d3rg\u00e3o:<\/strong>\u00a0\u00a0\u00a0\u00a0\u00a0\u00a0\u00a0\u00a0\u00a0\u00a0\u00a0\u00a0\u00a0\u00a0\u00a0\u00a0\u00a0\u00a0\u00a0\u00a0\u00a0\u00a0\u00a0\u00a0\u00a0\u00a0\u00a0\u00a0\u00a0\u00a0\u00a0\u00a0\u00a0\u00a0 PREFEITURA MUNICIPAL DE VILA FLOR<\/p>\n<p><strong>Unidade Or\u00e7ament\u00e1ria: \u00a0\u00a0\u00a0\u00a0\u00a0<\/strong>03.001 \u2013 Secretaria Municipal de Administra\u00e7\u00e3o<\/p>\n<p>Projeto Atividade: \u00a0\u00a0\u00a0\u00a0\u00a0\u00a0\u00a0\u00a0\u00a0\u00a0\u00a0\u00a0\u00a0\u00a0\u00a0\u00a0 2.007 \u2013 MANUTEN\u00c7\u00c3O DAS A\u00c7\u00d5ES DA SECRETARIA MUNICIPAL DE ADMINISTRA\u00c7\u00c3O<\/p>\n<p>Fonte de Recurso: \u00a0\u00a0\u00a0\u00a0\u00a0\u00a0\u00a0\u00a0\u00a0\u00a0\u00a0\u00a0\u00a0\u00a0\u00a0\u00a0 15000000 \u2013 Recursos N\u00e3o Vinculados de Impostos<\/p>\n<p>&nbsp;<\/p>\n<p>9.\u00a0\u00a0\u00a0\u00a0\u00a0\u00a0\u00a0\u00a0\u00a0 DO CRIT\u00c9RIO DE ACEITA\u00c7\u00c3O DO OBJETO<\/p>\n<p><strong>\u00a0<\/strong><\/p>\n<p>Os objetos da contrata\u00e7\u00e3o ser\u00e3o aceitos pela administra\u00e7\u00e3o p\u00fablica t\u00e3o somente no caso de serem ofertados em estrita conformidade com as especifica\u00e7\u00f5es e exig\u00eancias constantes no presente Termo de Refer\u00eancia, livres de quaisquer \u00f4nus ou embara\u00e7os e entregues no local e dentro do prazo exigido;<\/p>\n<p>&nbsp;<\/p>\n<p>10.\u00a0\u00a0\u00a0\u00a0\u00a0 FORMA DE PAGAMENTO:<\/p>\n<ul>\n<li>No valor global deste j\u00e1 est\u00e3o inclusas todas as despesas com tributos, contribui\u00e7\u00f5es fiscais e parafiscais, emolumentos, frete, seguros e quaisquer outras que forem<\/li>\n<\/ul>\n<p>&nbsp;<\/p>\n<ul>\n<li>O pagamento ser\u00e1 realizado pela unidade compradora atrav\u00e9s de cr\u00e9dito em conta corrente indicada na declara\u00e7\u00e3o ou documento similar fornecido por estabelecimento banc\u00e1rio, no prazo de at\u00e9 15 (quinze) dias \u00fateis, contados da entrega da nota fiscal com planilha de composi\u00e7\u00e3o de custos e respectivos comprovantes e a aprova\u00e7\u00e3o das mesmas pela \u00e1rea t\u00e9cnica. A Nota Fiscal dever\u00e1 ser emitida por meio eletr\u00f4nico.<\/li>\n<\/ul>\n<p>&nbsp;<\/p>\n<ul>\n<li>Nenhum pagamento ser\u00e1 efetuado \u00e0 CONTRATADA enquanto pendente de liquida\u00e7\u00e3o qualquer obriga\u00e7\u00e3o financeira que lhe for imposta, em virtude de penalidade ou inadimpl\u00eancia, sem que isso gere direito a reajuste de pre\u00e7o.<\/li>\n<\/ul>\n<p>&nbsp;<\/p>\n<ul>\n<li>Havendo na Nota Fiscal ou descumprimento das condi\u00e7\u00f5es pactuadas, no todo ou em parte, a tramita\u00e7\u00e3o ser\u00e1 suspensa para que a CONTRATADA adote as provid\u00eancias necess\u00e1rias \u00e0 sua corre\u00e7\u00e3o. Passar\u00e1 a ser considerada, para efeito de pagamento, a data de reapresenta\u00e7\u00e3o da fatura, devidamente<\/li>\n<\/ul>\n<p>&nbsp;<\/p>\n<ul>\n<li>A Administra\u00e7\u00e3o poder\u00e1 sustar no todo ou em parte os pagamentos devidos, sempre que ocorrerem irregularidades na execu\u00e7\u00e3o do objeto do contrato ou no documento de cobran\u00e7a.<\/li>\n<\/ul>\n<p>&nbsp;<\/p>\n<ul>\n<li>A Nota Fiscal dever\u00e1 ser entregue na sede da C\u00e2mara Municipal, atrav\u00e9s do Setor de Protocolo, acompanhada dos seguintes<\/li>\n<\/ul>\n<p>&nbsp;<\/p>\n<p>10.6.1\u00a0\u00a0\u00a0\u00a0\u00a0\u00a0\u00a0\u00a0\u00a0\u00a0\u00a0\u00a0\u00a0\u00a0\u00a0\u00a0\u00a0\u00a0\u00a0\u00a0\u00a0 Nota Fiscal Eletr\u00f4nica de Servi\u00e7os, contendo o per\u00edodo do Servi\u00e7o e o n\u00famero do Contrato;<\/p>\n<p><strong>\u00a0<\/strong><\/p>\n<ul>\n<li><strong>Demonstrativo de faturamento demonstrando o quantitativo de servi\u00e7o realizado;<\/strong><\/li>\n<\/ul>\n<p><strong>\u00a0<\/strong><\/p>\n<p>10.6.3\u00a0\u00a0\u00a0\u00a0\u00a0\u00a0\u00a0\u00a0\u00a0\u00a0\u00a0\u00a0\u00a0\u00a0\u00a0\u00a0\u00a0\u00a0\u00a0\u00a0\u00a0 Certid\u00f5es negativas ou positivas com efeitos de negativa de regularidade fiscal federal, estadual, municipal e com a Justi\u00e7a do Trabalho (CNDT);<\/p>\n<p><strong>\u00a0<\/strong><\/p>\n<ul>\n<li><strong>Certificado de regularidade vigente com o FGTS;<\/strong><\/li>\n<\/ul>\n<p><strong>\u00a0<\/strong><\/p>\n<p>10.6.5\u00a0\u00a0\u00a0\u00a0\u00a0\u00a0\u00a0\u00a0\u00a0\u00a0\u00a0\u00a0\u00a0\u00a0\u00a0\u00a0\u00a0\u00a0\u00a0\u00a0\u00a0 C\u00f3pia do Instrumento Contratual com sua Publica\u00e7\u00e3o e aditamentos, se houver.<\/p>\n<p>&nbsp;<\/p>\n<ol start=\"11\">\n<li><strong>DOCUMENTOS DE QUALIFICA\u00c7\u00c3O T\u00c9CNICA E ECON\u00d4MICO-FINANCEIRA<\/strong><\/li>\n<\/ol>\n<p><strong>\u00a0<\/strong><\/p>\n<ul>\n<li><strong>Qualifica\u00e7\u00e3o T\u00e9cnica\u00a0<\/strong>ser\u00e1 comprovada mediante a apresenta\u00e7\u00e3o dos seguintes documentos:<\/li>\n<\/ul>\n<p>&nbsp;<\/p>\n<ul>\n<li>Apresenta\u00e7\u00e3o de Atestado de capacidade t\u00e9cnica, fornecidos por pessoa jur\u00eddica de direito p\u00fablico ou privado, pertinente e compat\u00edvel com o objeto da licita\u00e7\u00e3o. N\u00e3o ser\u00e3o aceitos atestados emitidos por empresas do mesmo grupo empresarial da Concorrente ou pela pr\u00f3pria Concorrente e\/ou emitidos porem presas, das quais participem s\u00f3cio sou diretores da<\/li>\n<\/ul>\n<p>12.\u00a0\u00a0\u00a0\u00a0\u00a0 OBRIGA\u00c7\u00d5ES<\/p>\n<p><strong>\u00a0<\/strong><\/p>\n<ul>\n<li><strong>DA CONTRATANTE\u00a0<\/strong>\u2013 A Contratante estar\u00e1 obrigado a:<\/li>\n<\/ul>\n<p>&nbsp;<\/p>\n<ul>\n<li>Efetuar o pagamento ajustado;<\/li>\n<li>Dar a CONTRATADA as condi\u00e7\u00f5es necess\u00e1rias para a regular execu\u00e7\u00e3o do contrato;<\/li>\n<li>Fiscalizar e acompanhar a execu\u00e7\u00e3o do contrato;<\/li>\n<li>receber ou n\u00e3o, os produtos fornecidos pela CONTRATADA;<\/li>\n<li>Efetuar o pagamento da Notas Fiscal emitida pela CONTRATADA, desde que devidamente atestada pelo fiscal do contrato, na forma da Cl\u00e1usula Terceira deste Contrato;<\/li>\n<li>Notificar a CONTRATADA, por escrito, de modifica\u00e7\u00f5es introduzidas nas especifica\u00e7\u00f5es dos produtos, sempre que houver necessidade de aprimoramento ou corre\u00e7\u00e3o de documentos;<\/li>\n<li>Notificar a CONTRATADA, por escrito, e com seu expresso ciente, fixando-lhe prazo para corrigir defeitos ou irregularidades verificadas na execu\u00e7\u00e3o do Contrato, bem como da eventual aplica\u00e7\u00e3o de multas previstas no<\/li>\n<\/ul>\n<p>&nbsp;<\/p>\n<ul>\n<li><strong>DA CONTRATADA\u00a0<\/strong>\u2013 A Contratada estar\u00e1 obrigado a:<\/li>\n<\/ul>\n<p>&nbsp;<\/p>\n<ul>\n<li>Realizar o fornecimento obedecendo todas as condi\u00e7\u00f5es ora estabelecidas, sem preju\u00edzo de outros encargos previstos em Lei e com observ\u00e2ncia das recomenda\u00e7\u00f5es ditadas pela fiscaliza\u00e7\u00e3o da CONTRATANTE, nas condi\u00e7\u00f5es indicadas na proposta apresentada.<\/li>\n<li>Todos os custos com m\u00e3o de obra, materiais e transporte, EPI\u2019s, impostos, taxas ser\u00e3o por conta da<\/li>\n<li>Manter, durante toda a execu\u00e7\u00e3o do Contrato, em compatibilidade com as obriga\u00e7\u00f5es assumidas, todas as condi\u00e7\u00f5es de habilita\u00e7\u00e3o;<\/li>\n<li>Efetuar o pagamento de todos os impostos, taxas e quaisquer outros encargos fiscais, de origem federal, estadual ou municipal, vigentes, bem como de quaisquer despesas judiciais ou extrajudiciais, que lhe venham a ser imputadas, inclusive em rela\u00e7\u00e3o a terceiros, decorrentes de a\u00e7\u00e3o ou omiss\u00e3o dolosa ou culposa de prepostos da CONTRATADA;<\/li>\n<li>Efetuar o pagamento dos sal\u00e1rios, encargos sociais, trabalhistas, previdenci\u00e1rios, adicionais, despesas de transporte, estada e\/ou di\u00e1rias, alimenta\u00e7\u00e3o, alojamento e quaisquer outras despesas com o seu pessoal encarregado dos servi\u00e7os objeto deste contrato, competindo-lhe, tamb\u00e9m, observar, rigorosamente, as disposi\u00e7\u00f5es da Consolida\u00e7\u00e3o das Leis do Trabalho e da legisla\u00e7\u00e3o correlata.<\/li>\n<\/ul>\n<p>&nbsp;<\/p>\n<p>13.\u00a0\u00a0\u00a0\u00a0\u00a0 DAS PENALIDADES E SAN\u00c7\u00d5ES<\/p>\n<p>&nbsp;<\/p>\n<ul>\n<li><strong>SAN\u00c7\u00d5ES\u00a0<\/strong>\u2013 Ao\u00a0<strong>LICITANTE\u00a0<\/strong>que incidir nas hip\u00f3teses abaixo relacionadas ser\u00e1 aplicada a seguinte san\u00e7\u00e3o, graduada conforme a gravidade da infra\u00e7\u00e3o, sem preju\u00edzo de san\u00e7\u00f5es civis e criminais, ap\u00f3s o pr\u00e9vio processo administrativo, garantida a ampla defesa e o contradit\u00f3rio:<\/li>\n<\/ul>\n<p>&nbsp;<\/p>\n<ul>\n<li><strong>Impedimento de licitar e contratar com a Administra\u00e7\u00e3o P\u00fablica\u00a0<\/strong>pelo prazo de at\u00e9 5 (cinco) anos, quando:<\/li>\n<\/ul>\n<p>&nbsp;<\/p>\n<ul>\n<li>N\u00e3o celebrar o contrato;<\/li>\n<li>n\u00e3o entregar a documenta\u00e7\u00e3o exigida no edital;<\/li>\n<li>Apresentar documenta\u00e7\u00e3o falsa;<\/li>\n<li>N\u00e3o mantiver a proposta;<\/li>\n<li>declarar informa\u00e7\u00f5es falsas; e\/ou<\/li>\n<li>Cometer fraude<\/li>\n<\/ul>\n<p>&nbsp;<\/p>\n<ul>\n<li><strong>PENALIDADES\u00a0<\/strong>\u2013 \u00c0 CONTRATADA que cometer infra\u00e7\u00f5es, descumprirem total ou parcialmente os contratos, ajustes ou acordos celebrados com a Administra\u00e7\u00e3o P\u00fablica Municipal, ser\u00e3o aplicadas as seguintes penalidades:<\/li>\n<\/ul>\n<p>&nbsp;<\/p>\n<ul>\n<li><strong>Advert\u00eancia\u00a0<\/strong>\u2013 comunica\u00e7\u00e3o formal ao fornecedor, sobre o descumprimento de contratos e outras obriga\u00e7\u00f5es assumidas, quando ocorrer atraso na presta\u00e7\u00e3o do servi\u00e7o, em at\u00e9 10 (dez) dias da data estipulada para tanto<\/li>\n<\/ul>\n<p>&nbsp;<\/p>\n<ul>\n<li><strong>Multa\u00a0<\/strong>\u2013 pena pecuni\u00e1ria em favor da Administra\u00e7\u00e3o Municipal pelos preju\u00edzos causados decorrentes do descumprimento de obriga\u00e7\u00f5es legais e<\/li>\n<\/ul>\n<p>&nbsp;<\/p>\n<ul>\n<li><strong>Suspens\u00e3o\u00a0<\/strong>\u2013 ato formal de impedimento tempor\u00e1rio para licitar, e contratar com a Administra\u00e7\u00e3o P\u00fablica Municipal.<\/li>\n<\/ul>\n<p>&nbsp;<\/p>\n<ul>\n<li><strong>Declara\u00e7\u00e3o de inidoneidade\u00a0<\/strong>\u2013 declara\u00e7\u00e3o da qualidade de impr\u00f3prio, de desqualificado, de inconveniente, de incapaz e A declara\u00e7\u00e3o de inidoneidade impede o fornecedor de licitar e contratar com a Administra\u00e7\u00e3o P\u00fablica.<\/li>\n<\/ul>\n<p>&nbsp;<\/p>\n<ul>\n<li>Ser\u00e3o aplicadas as seguintes penalidades, graduadas conforme a gravidade da infra\u00e7\u00e3o, sem preju\u00edzo de san\u00e7\u00f5es civis e criminais, ap\u00f3s o pr\u00e9vio processo administrativo conclusivo, garantido a ampla defesa e o contradit\u00f3rio;\n<ul>\n<li>n\u00e3o atender \u00e0s condi\u00e7\u00f5es da execu\u00e7\u00e3o do servi\u00e7o previstas no edital, termo de refer\u00eancia, contrato ou instrumento equivalente; multa de 10% (dez por cento) a 20% (vinte por cento), al\u00e9m de suspens\u00e3o tempor\u00e1ria de 12 (doze) meses, a depender do preju\u00edzo causado \u00e0 Administra\u00e7\u00e3o P\u00fablica Municipal;<\/li>\n<li>retardar imotivadamente execu\u00e7\u00e3o do servi\u00e7os, ou de suas parcelas quando houver reincid\u00eancia de atraso por mais de 15 (quinze) dias, no caso de fornecimento ou por mais de 30 (trinta) dias no caso de execu\u00e7\u00e3o de obras ou servi\u00e7os:<\/li>\n<\/ul>\n<\/li>\n<li>multa de 0,3% (tr\u00eas d\u00e9cimos por cento) ao dia, at\u00e9 o trig\u00e9simo dia de atraso, sobre o valor da fatura o servi\u00e7os n\u00e3o realizados, ou, ainda, sobre o valor da fatura correspondente \u00e0 etapa do cronograma f\u00edsico do servi\u00e7o n\u00e3o cumprido, al\u00e9m de suspens\u00e3o de 3 (tr\u00eas) meses;<\/li>\n<li>multa de 10% (dez por cento) a 15% (quinze por cento) sobre o valor da fatura da execu\u00e7\u00e3o do servi\u00e7os realizados com atrasos superiores a 30 (trinta) dias, em que n\u00e3o tenha havido o cancelamento da nota de empenho ou documento correspondente, e suspens\u00e3o de 3 (tr\u00eas) meses, a depender do preju\u00edzo causado \u00e0 Administra\u00e7\u00e3o P\u00fablica Municipal;<\/li>\n<\/ul>\n<p>&nbsp;<\/p>\n<ul>\n<li>multa de 20% (vinte por cento) sobre o valor da fatura da execu\u00e7\u00e3o do servi\u00e7os, realizados com atraso superiores a 30 (trinta) dias, em que haja o cancelamento da nota de empenho ou documento correspondente, e suspens\u00e3o de 6 (seis) meses;\n<ul>\n<li>paralisar servi\u00e7os, sem justa causa e pr\u00e9via comunica\u00e7\u00e3o \u00e0 Administra\u00e7\u00e3o: multa de 10% (dez por cento) a 20% (vinte por cento) sobre o valor do contrato ou empenho e suspens\u00e3o de 12 (doze) meses, a depender do preju\u00edzo causado \u00e0 Administra\u00e7\u00e3o P\u00fablica Municipal;<\/li>\n<li>prestar servi\u00e7o em desacordo com o termo de refer\u00eancia de refer\u00eancia, que apresente inseguran\u00e7a no desenvolvimento das atividades ou que comprometa a seguran\u00e7a de pessoas: multa de 10% (dez por cento) a 20% (vinte por cento) sobre o valor do contrato ou empenho e suspens\u00e3o de 12 (doze) meses, a depender do preju\u00edzo causado \u00e0 Administra\u00e7\u00e3o P\u00fablica Municipal;<\/li>\n<li>descumprir, no caso de pessoas jur\u00eddicas prestadoras de servi\u00e7os, obriga\u00e7\u00f5es relativas \u00e0 rela\u00e7\u00e3o de trabalho com seus empregados e prepostos, quanto a verbas previstas e or\u00e7adas nas planilhas que comp\u00f5em a proposta da contratada, especialmente o atraso de pagamento de sal\u00e1rio, 13\u00ba sal\u00e1rio, f\u00e9rias acrescidas de 1\/3, atraso ou n\u00e3o fornecimento de vale-transporte, vale-refei\u00e7\u00e3o ou aux\u00edlio alimenta\u00e7\u00e3o, constantes das respectivas planilhas de pre\u00e7os; multa de 1% (um por cento) sobre o valor mensal da fatura, por evento ocorrido, e suspens\u00e3o de 3 (tr\u00eas) meses;<\/li>\n<li>recusar-se a prestar a garantia contratual, a assinar o contrato ou a receber o empenho; multa de 15% (quinze por cento) sobre o valor do contrato ou empenho e suspens\u00e3o de 6 (seis) meses,<\/li>\n<li>quebrar sigilo, estabelecido em contrato, de informa\u00e7\u00f5es confidenciais sob quaisquer formas; multa de 20% (vinte por cento) sobre o valor do contrato e declara\u00e7\u00e3o de inidoneidade, por um prazo de 2 (dois) anos;<\/li>\n<\/ul>\n<\/li>\n<\/ul>\n<p>&nbsp;<\/p>\n<ul>\n<li>praticar ato il\u00edcito visando frustrar os objetivos da licita\u00e7\u00e3o ou do contrato, no \u00e2mbito da Administra\u00e7\u00e3o Municipal; declara\u00e7\u00e3o de inidoneidade, por um prazo de 2 (dois) anos;<\/li>\n<li>apresentar documentos falsificados, adulterados ou inver\u00eddicos para inscri\u00e7\u00e3o, renova\u00e7\u00e3o ou altera\u00e7\u00e3o no CADFOR ou nos processos licitat\u00f3rios, dispensas ou inexigibilidades de licita\u00e7\u00e3o; declara\u00e7\u00e3o de inidoneidade, por um prazo de 2 (dois) anos;<\/li>\n<\/ul>\n<p>&nbsp;<\/p>\n<ul>\n<li>sofrer condena\u00e7\u00e3o definitiva por praticar, por meio doloso, fraude fiscal no recolhimento de qualquer tributo; declara\u00e7\u00e3o de inidoneidade, por um prazo de 2 (dois)<\/li>\n<\/ul>\n<p>&nbsp;<\/p>\n<ul>\n<li>A suspens\u00e3o tempor\u00e1ria do fornecedor cujo contrato com a Administra\u00e7\u00e3o P\u00fablica Municipal esteja em vigor, impedir\u00e1 o mesmo de participar de outras licita\u00e7\u00f5es e contrata\u00e7\u00f5es no \u00e2mbito do Munic\u00edpio at\u00e9 o cumprimento da penalidade que lhe foi<\/li>\n<\/ul>\n<p>&nbsp;<\/p>\n<ul>\n<li>A declara\u00e7\u00e3o de inidoneidade para licitar ou contratar com a Administra\u00e7\u00e3o P\u00fablica, impedir\u00e1 a pessoa f\u00edsica ou jur\u00eddica de participar de outras licita\u00e7\u00f5es ou contrata\u00e7\u00f5es enquanto perdurarem os motivos determinantes da apena\u00e7\u00e3o ou at\u00e9 que seja promovida a reabilita\u00e7\u00e3o perante a pr\u00f3pria autoridade que aplicou a penalidade, que ser\u00e1 concedida sempre que o contratado ressarcir a Administra\u00e7\u00e3o pelos preju\u00edzos resultantes e ap\u00f3s decorrido o prazo da san\u00e7\u00e3o<\/li>\n<\/ul>\n<p>&nbsp;<\/p>\n<ul>\n<li>As multas aplicadas, nos termos das al\u00edneas do \u00a71\u00ba, dever\u00e3o ser pagas espontaneamente no prazo m\u00e1ximo de 5 (cinco) dias ou ser\u00e3o deduzidas do valor correspondente ao valor do servi\u00e7o, ap\u00f3s pr\u00e9vio processo administrativo, garantida a ampla defesa e o contradit\u00f3rio ou, ainda, cobradas judicialmente, a crit\u00e9rio da Secretaria Municipal de Gest\u00e3o de Vila Flor.<\/li>\n<\/ul>\n<p>&nbsp;<\/p>\n<ul>\n<li>As penalidades previstas neste artigo s\u00e3o de compet\u00eancia exclusiva do titular da Secretaria Municipal da Gest\u00e3o de Vila Flor, permitida a delega\u00e7\u00e3o para a san\u00e7\u00e3o prevista na al\u00ednea \u201ca\u201d do subitem 2 deste edital para a Contratante.<\/li>\n<\/ul>\n<p>&nbsp;<\/p>\n<ul>\n<li>Caso o valor da multa seja superior ao valor da garantia prestada, a CONTRATADA responder\u00e1 pela sua diferen\u00e7a, a qual ser\u00e1 descontada dos pagamentos eventualmente devidos pela Administra\u00e7\u00e3o, ou, ainda, cobrada<\/li>\n<\/ul>\n<p>&nbsp;<\/p>\n<ul>\n<li>A multa poder\u00e1 ser aplicada cumulativamente com as demais penalidades, a depender do grau da infra\u00e7\u00e3o cometida pelo contratado e dos preju\u00edzos causados \u00e0 Administra\u00e7\u00e3o P\u00fablica Municipal.<\/li>\n<\/ul>\n<p>14.\u00a0\u00a0\u00a0\u00a0\u00a0 DA FISCALIZA\u00c7\u00c3O<\/p>\n<p><strong>\u00a0<\/strong><\/p>\n<ul>\n<li>A fiscaliza\u00e7\u00e3o do contrato ser\u00e1 realizada por servidor formalmente designado para acompanhamento;<\/li>\n<\/ul>\n<p>&nbsp;<\/p>\n<ul>\n<li>Os objetos da presente contrata\u00e7\u00e3o ser\u00e3o devidamente fiscalizados, inicialmente a partir de minuciosa confer\u00eancia no momento da entrega\/recebimento;<\/li>\n<\/ul>\n<p>&nbsp;<\/p>\n<ul>\n<li>Ap\u00f3s o recebimento definitivo e aceite, os materiais permanecer\u00e3o em avalia\u00e7\u00e3o quanto \u00e0 sua durabilidade, validade e adequa\u00e7\u00e3o \u00e0s especifica\u00e7\u00f5es exigidas, sendo anotado em protocolo pr\u00f3prio todas as inconformidades para ado\u00e7\u00e3o dos procedimentos administrativos necess\u00e1rios para sanar aas incorre\u00e7\u00f5es<\/li>\n<\/ul>\n<p>15.\u00a0\u00a0\u00a0\u00a0\u00a0 DA DECALRA\u00c7\u00c3O DE INEXIST\u00caNCIA DE DETALHAMENTO EXCESSIVO<\/p>\n<p><strong>\u00a0<\/strong><\/p>\n<ul>\n<li>Declaro para os devidos fins, que na descri\u00e7\u00e3o do objeto n\u00e3o existem detalhes excessivos, irrelevantes ou desnecess\u00e1rios, capazes de conduzir \u00e0 limita\u00e7\u00e3o da competitividade do certame, sendo todos os itens de grande relev\u00e2ncia a devida utiliza\u00e7\u00e3o dos<\/li>\n<\/ul>\n<p>&nbsp;<\/p>\n<p>16.\u00a0\u00a0\u00a0\u00a0\u00a0 VEDA\u00c7\u00d5ES<\/p>\n<p><strong>\u00a0<\/strong><\/p>\n<p>Vedado qualquer execu\u00e7\u00e3o que modifique as condi\u00e7\u00f5es propostas pelo Termo de refer\u00eancia e descumpram o resultado final do objeto.<\/p>\n<p>&nbsp;<\/p>\n<p><strong>DISPENSA DE LICITA\u00c7\u00c3O N\u00b0 002\/2026 \u2013 SETOR DE LICITA\u00c7\u00c3O<\/strong><\/p>\n<p>ANEXO II \u2013 MODELO DE PROPOSTA DE PRE\u00c7OS<\/p>\n<table>\n<tbody>\n<tr>\n<td colspan=\"4\" width=\"680\"><strong>PREFEITURA MUNICIPAL DE VILA FLOR<\/strong>&nbsp;<\/p>\n<p><strong>COMISS\u00c3O SETORIAL DE LICITA\u00c7\u00c3O<\/strong><\/p>\n<p><strong>COMISS\u00c3O DE LICITA\u00c7\u00c3O<\/strong><\/p>\n<p><strong>DISPENSA DE LICITA\u00c7\u00c3O N\u00ba\u00a0<\/strong><strong>002\/2026<\/strong><\/td>\n<\/tr>\n<tr>\n<td colspan=\"4\" width=\"680\"><strong>DADOS DA EMPRESA<\/strong><\/td>\n<\/tr>\n<tr>\n<td width=\"123\"><strong>RAZ\u00c3O SOCIAL<\/strong><\/td>\n<td colspan=\"3\" width=\"558\"><\/td>\n<\/tr>\n<tr>\n<td width=\"123\"><strong>CNPJ<\/strong><\/td>\n<td width=\"130\"><\/td>\n<td width=\"115\"><strong>ENDERE\u00c7O<\/strong><\/td>\n<td width=\"312\"><\/td>\n<\/tr>\n<tr>\n<td width=\"123\"><strong>TELEFONE<\/strong><\/td>\n<td width=\"130\"><\/td>\n<td width=\"115\"><strong>E-MAIL<\/strong><\/td>\n<td width=\"312\"><\/td>\n<\/tr>\n<tr>\n<td colspan=\"4\" width=\"680\"><strong>DADOS DO REPRESENTANTE LEGAL<\/strong><\/td>\n<\/tr>\n<tr>\n<td width=\"123\"><strong>NOME DO REPRESENTANTE LEGAL<\/strong><\/td>\n<td width=\"130\"><\/td>\n<td width=\"115\"><strong>TELEFONE DO REPRESENTANTE LEGAL<\/strong><\/td>\n<td width=\"312\"><\/td>\n<\/tr>\n<\/tbody>\n<\/table>\n<p><strong>\u00a0<\/strong><\/p>\n<table>\n<tbody>\n<tr>\n<td width=\"66\"><strong>\u00a0<\/strong>&nbsp;<\/p>\n<p><strong>OBJETO<\/strong><\/td>\n<td colspan=\"9\" width=\"613\"><strong>CONTRATA\u00c7\u00c3O DE SERVI\u00c7OS ESPECIALIZADOS DE ASSESSORIA E CONSULTORIA T\u00c9CNICA AO DEPARTAMENTO DE CONTROLE INTERNO, COM VISTAS A AVALIAR E ORIENTAR A GEST\u00c3O OR\u00c7AMENT\u00c1RIA, FINANCEIRA E PATRIMONIAL, PARA CORRETA E RACIONAL UTILIZA\u00c7\u00c3O DOS RECURSOS E BENS P\u00daBLICOS<\/strong><\/td>\n<\/tr>\n<tr>\n<td rowspan=\"2\" width=\"66\"><strong>ITEM<\/strong><\/td>\n<td colspan=\"5\" rowspan=\"2\" width=\"265\"><strong>DESCRI\u00c7\u00c3O<\/strong><\/td>\n<td rowspan=\"2\" width=\"76\"><strong>Unidade de Medida<\/strong><\/td>\n<td rowspan=\"2\" width=\"76\"><strong>Qnt.<\/strong><\/td>\n<td colspan=\"2\" width=\"197\"><strong>PRE\u00c7O (R$)<\/strong><\/td>\n<\/tr>\n<tr>\n<td width=\"95\"><strong>UNIT\u00c1RIO<\/strong><\/td>\n<td width=\"102\"><strong>GLOGAL<\/strong><\/td>\n<\/tr>\n<tr>\n<td width=\"66\">1<\/td>\n<td colspan=\"5\" width=\"265\">CONTRATA\u00c7\u00c3O DE SERVI\u00c7OS ESPECIALIZADOS DE ASSESSORIA E CONSULTORIA T\u00c9CNICA AO DEPARTAMENTO DE CONTROLE INTERNO, COM VISTAS A AVALIAR E ORIENTAR A GEST\u00c3O OR\u00c7AMENT\u00c1RIA, FINANCEIRA E PATRIMONIAL, PARA CORRETA E RACIONAL UTILIZA\u00c7\u00c3O DOS RECURSOS E BENS P\u00daBLICOS<\/td>\n<td width=\"76\">M\u00eas<\/td>\n<td width=\"76\">12<\/td>\n<td width=\"95\"><\/td>\n<td width=\"102\"><\/td>\n<\/tr>\n<tr>\n<td colspan=\"3\" width=\"152\"><strong>VALOR GLOBAL POR EXTENSO<\/strong><\/td>\n<td width=\"86\"><\/td>\n<td colspan=\"6\" width=\"442\"><\/td>\n<\/tr>\n<tr>\n<td colspan=\"2\" width=\"90\"><\/td>\n<td colspan=\"8\" width=\"589\">Declaramos que concordamos e atenderemos todas as exig\u00eancias do Aviso e seus anexos.<\/td>\n<\/tr>\n<tr>\n<td colspan=\"3\" width=\"152\"><strong>VALIDADE DA PROPOSTA<\/strong><\/td>\n<td colspan=\"2\" width=\"118\"><strong>\u00a0<\/strong><\/td>\n<td colspan=\"5\" width=\"409\"><strong>ASSINATURA DO REPRESENTANTE LEGAL DA EMPRESA<\/strong><\/td>\n<\/tr>\n<tr>\n<td width=\"66\"><\/td>\n<td width=\"25\"><\/td>\n<td width=\"61\"><\/td>\n<td width=\"86\"><\/td>\n<td width=\"33\"><\/td>\n<td width=\"61\"><\/td>\n<td width=\"76\"><\/td>\n<td width=\"76\"><\/td>\n<td width=\"95\"><\/td>\n<td width=\"102\"><\/td>\n<\/tr>\n<\/tbody>\n<\/table>\n<p>&nbsp;<\/p>\n<p><strong>\u00a0<\/strong><\/p>\n<p>DISPENSA DE LICITA\u00c7\u00c3O N\u00b0 002\/2026<\/p>\n<p>SETOR DE LICITA\u00c7\u00c3O<\/p>\n<p><strong>\u00a0<\/strong><\/p>\n<p><strong>\u00a0<\/strong><\/p>\n<p><strong>ANEXO III \u2013 MODELO DE DECLARA\u00c7\u00c3O DE CUMPRIMENTO DO DISPOSTO NO INC. XXXIII DO ART. 7\u00ba DA CONSTITUI\u00c7\u00c3O FEDERAL<\/strong><\/p>\n<p><strong>\u00a0<\/strong><\/p>\n<p><strong>\u00a0<\/strong><\/p>\n<p>REFERENTE: DISPENSA DE LICITA\u00c7\u00c3O N\u00b0 002\/2026 \u2013 SETOR DE LICITA\u00c7\u00c3O<\/p>\n<p><strong>\u00a0<\/strong><\/p>\n<p><strong>\u00a0<\/strong><\/p>\n<p>Declaramos, para os fins do disposto no inciso VI do art. 68 da Lei 14.133\/2021, que n\u00e3o empregamos menor de 18 (dezoito) anos em trabalho noturno, perigoso ou insalubre e n\u00e3o empregarmos menor de 16 (dezesseis) anos.<\/p>\n<p>&nbsp;<\/p>\n<p>Ressalva: emprega menor, a partir de 14 (quatorze) anos, na condi\u00e7\u00e3o de aprendiz ( ). Observa\u00e7\u00e3o: em caso afirmativo, assinalar a ressalva acima.<\/p>\n<p>&nbsp;<\/p>\n<p>&nbsp;<\/p>\n<p>Vila Flor,<u>\u00a0\u00a0\u00a0\u00a0\u00a0\u00a0\u00a0\u00a0\u00a0\u00a0<\/u>de\u00a0\u00a0\u00a0\u00a0\u00a0\u00a0\u00a0\u00a0\u00a0\u00a0\u00a0\u00a0\u00a0\u00a0\u00a0\u00a0\u00a0\u00a0\u00a0 de\u00a0<u>\u00a0\u00a0\u00a0\u00a0\u00a0\u00a0\u00a0\u00a0\u00a0\u00a0\u00a0\u00a0\u00a0\u00a0\u00a0\u00a0\u00a0\u00a0\u00a0\u00a0\u00a0\u00a0\u00a0\u00a0<\/u><\/p>\n<p>&nbsp;<\/p>\n<p>&nbsp;<\/p>\n<p>&nbsp;<\/p>\n<p>ASSINATURA DO REPRESENTANTE LEGAL DA EMPRESA<\/p>\n<p>&nbsp;<\/p>\n<p>&nbsp;<\/p>\n<p>DISPENSA DE LICITA\u00c7\u00c3O N\u00b0 002\/2026<\/p>\n<p>SETOR DE LICITA\u00c7\u00c3O<\/p>\n<p>&nbsp;<\/p>\n<p><strong>ANEXO IV \u2013 DECLARA\u00c7\u00c3O DE RESERVA DE CARGOS PCD, CONSOANTE ART. 92, DA LEI FEDERAL N\u201d 14.133\/2021<\/strong><\/p>\n<p><strong>\u00a0<\/strong><\/p>\n<p><strong>\u00a0<\/strong><\/p>\n<p><strong>\u00a0<\/strong><\/p>\n<p><strong>\u00a0<\/strong><\/p>\n<p>REFERENTE: DISPENSA DE LICITA\u00c7\u00c3O N\u00b0 002\/2026 \u2013 COMISS\u00c3O DE LICITA\u00c7\u00c3O<\/p>\n<p><strong>\u00a0<\/strong><\/p>\n<p><strong>\u00a0<\/strong><\/p>\n<p>A empresa<u>\u00a0\u00a0\u00a0\u00a0\u00a0\u00a0\u00a0\u00a0\u00a0\u00a0\u00a0\u00a0\u00a0\u00a0\u00a0\u00a0\u00a0\u00a0\u00a0\u00a0\u00a0\u00a0\u00a0<\/u>_<u>\u00a0\u00a0\u00a0\u00a0\u00a0\u00a0\u00a0\u00a0\u00a0\u00a0\u00a0\u00a0\u00a0\u00a0\u00a0\u00a0\u00a0\u00a0\u00a0\u00a0\u00a0\u00a0\u00a0\u00a0\u00a0\u00a0\u00a0\u00a0\u00a0\u00a0\u00a0\u00a0\u00a0\u00a0\u00a0\u00a0\u00a0\u00a0\u00a0<\/u>, declara para os devidos fins licitat\u00f3rios que cumpre as exig\u00eancias de reserva de cargos para Pessoa com Defici\u00eancia \u2014 PcD, para Reabilitado da Previd\u00eancia Social e para aprendiz, em aten\u00e7\u00e3o ao art. 92, inciso XVII da Lei n\u00b0 14.133\/2021.<\/p>\n<p>&nbsp;<\/p>\n<p>&nbsp;<\/p>\n<p>&nbsp;<\/p>\n<p>&nbsp;<\/p>\n<p>Vila Flor,<u>\u00a0\u00a0\u00a0\u00a0\u00a0\u00a0\u00a0\u00a0\u00a0\u00a0\u00a0\u00a0\u00a0\u00a0\u00a0\u00a0\u00a0\u00a0\u00a0\u00a0\u00a0\u00a0\u00a0\u00a0\u00a0\u00a0\u00a0\u00a0\u00a0\u00a0\u00a0\u00a0\u00a0\u00a0\u00a0\u00a0\u00a0\u00a0\u00a0\u00a0\u00a0\u00a0\u00a0\u00a0\u00a0\u00a0\u00a0\u00a0\u00a0\u00a0\u00a0\u00a0\u00a0\u00a0<\/u>de__________ de\u00a0<u>\u00a0\u00a0\u00a0\u00a0\u00a0\u00a0\u00a0\u00a0\u00a0\u00a0\u00a0\u00a0\u00a0\u00a0\u00a0\u00a0\u00a0\u00a0\u00a0\u00a0\u00a0\u00a0\u00a0\u00a0<\/u><\/p>\n<p>&nbsp;<\/p>\n<p>&nbsp;<\/p>\n<p>&nbsp;<\/p>\n<p>ASSINATURA DO REPRESENTANTE LEGAL DA EMPRESA<\/p>\n<p>&nbsp;<\/p>\n<p>&nbsp;<\/p>\n<p>DISPENSA DE LICITA\u00c7\u00c3O N\u00b0 002\/2026 \u2013 SETOR DE LICITA\u00c7\u00c3O<\/p>\n<p><strong>ANEXO V \u2013 DECLARA\u00c7\u00c3O IMPEDIMENTOS DO ART. 14 DA LEI FEDERAL N\u201d 14.133\/2021<\/strong><\/p>\n<p><strong>\u00a0<\/strong><\/p>\n<p><strong>\u00a0<\/strong><\/p>\n<p><strong>\u00a0<\/strong><\/p>\n<p>REFERENTE: DISPENSA DE LICITA\u00c7\u00c3O N\u00b0 002\/2026 \u2013 SETOR DE LICITA\u00c7\u00c3O<\/p>\n<p><strong>\u00a0<\/strong><\/p>\n<p><strong>\u00a0<\/strong><\/p>\n<p><strong>\u00a0<\/strong><\/p>\n<p><strong>\u00a0<\/strong><\/p>\n<p>A empresa<u>\u00a0\u00a0\u00a0\u00a0\u00a0\u00a0\u00a0\u00a0\u00a0\u00a0\u00a0\u00a0\u00a0\u00a0\u00a0\u00a0\u00a0\u00a0\u00a0\u00a0\u00a0\u00a0\u00a0\u00a0\u00a0\u00a0\u00a0\u00a0\u00a0\u00a0\u00a0\u00a0\u00a0\u00a0\u00a0\u00a0\u00a0\u00a0\u00a0\u00a0\u00a0\u00a0\u00a0\u00a0\u00a0\u00a0\u00a0\u00a0\u00a0\u00a0\u00a0\u00a0\u00a0\u00a0\u00a0\u00a0\u00a0\u00a0\u00a0\u00a0\u00a0\u00a0\u00a0\u00a0<\/u>_ , declara para os devidos fins licitat\u00f3rios que n\u00e3o incursa nos impedimentos para disputa de licita\u00e7\u00e3o ou execu\u00e7\u00e3o do contrato de que trata o art. 14 da Lei Federal n\u00b0 14.133\/2021.<\/p>\n<p>&nbsp;<\/p>\n<p>&nbsp;<\/p>\n<p>&nbsp;<\/p>\n<p>Vila Flor,<u>\u00a0\u00a0\u00a0\u00a0\u00a0\u00a0\u00a0\u00a0\u00a0\u00a0\u00a0\u00a0\u00a0\u00a0\u00a0\u00a0\u00a0\u00a0\u00a0\u00a0\u00a0\u00a0\u00a0\u00a0\u00a0\u00a0\u00a0\u00a0\u00a0\u00a0\u00a0\u00a0\u00a0\u00a0\u00a0\u00a0\u00a0\u00a0\u00a0\u00a0\u00a0\u00a0\u00a0\u00a0\u00a0\u00a0\u00a0\u00a0\u00a0\u00a0\u00a0\u00a0\u00a0\u00a0<\/u>de__________ de\u00a0<u>\u00a0\u00a0\u00a0\u00a0\u00a0\u00a0\u00a0\u00a0\u00a0\u00a0\u00a0\u00a0\u00a0\u00a0\u00a0\u00a0\u00a0\u00a0\u00a0\u00a0\u00a0\u00a0\u00a0\u00a0<\/u><\/p>\n<p>&nbsp;<\/p>\n<p>&nbsp;<\/p>\n<p>&nbsp;<\/p>\n<p>ASSINATURA DO REPRESENTANTE LEGAL DA EMPRESA<\/p>\n<p>&nbsp;<\/p>\n<p>&nbsp;<\/p>\n<p><strong>\u00a0<\/strong><\/p>\n<p><strong>DISPENSA DE LICITA\u00c7\u00c3O N\u00b0 002\/2026<\/strong><\/p>\n<p><strong>SETOR DE LICITA\u00c7\u00c3O<\/strong><\/p>\n<p><strong>ANEXO VI \u2013 MODELO DE CARTA CONTRATO<\/strong><\/p>\n<p>&nbsp;<\/p>\n<p>Contrato de presta\u00e7\u00e3o de servi\u00e7os que entre si celebram o\u00a0<strong>PREFEITURA MUNICIPAL DE VILA FLOR\u00a0<\/strong>e a empresa\u00a0<strong>\u2026\u2026\u2026\u2026\u2026\u2026\u2026\u2026\u2026..<\/strong><\/p>\n<p><strong>\u00a0<\/strong><\/p>\n<p>A\u00a0<strong>PREFEITURA MUNICIPAL DE VILA FLOR,\u00a0<\/strong>pessoa jur\u00eddica de direito p\u00fablico interno, \u00f3rg\u00e3o p\u00fablico, com sede nesta Cidade, na Rua Jos\u00e9 Calazans, 169, Centro, Vila Flor\/RN, inscrita no CNPJ sob o n\u00ba 08.169.278\/0001-07, neste ato representado pel Sra. Prefeita Municipal THUANNE KARLA CARVALHO DE SOUZA, doravante denominado\u00a0<strong>CONTRATANTE,\u00a0<\/strong>e a\u00a0<strong>Empresa \u2026\u2026\u2026\u2026\u2026\u2026\u2026\u2026\u2026\u2026.,\u00a0<\/strong>CNPJ n\u00ba\u2026\u2026\u2026\u2026\u2026\u2026\u2026., situado \u00e0 \u2026\u2026\u2026\u2026\u2026\u2026\u2026\u2026.., Cidade-Estado, telefone \u2026\u2026\u2026\u2026\u2026.., e-mail\u00a0\u00a0 , neste ato representada pelo Sr\u00a0\u00a0 , brasileiro, casado, profiss\u00e3o, portador da C\u00e9dula de Identidade n\u00ba \u2026\u2026\u2026\u2026\u2026 \u2013 SSP-\u2026., CPF n\u00ba \u2026\u2026\u2026\u2026.. , residente na Rua \u2026\u2026\u2026\u2026\u2026\u2026., telefone \u2026\u2026\u2026\u2026\u2026, e-mail: \u2026\u2026\u2026\u2026\u2026\u2026\u2026.., doravante denominada\u00a0<strong>CONTRATADA<\/strong>, resolvem celebrar o presente Contrato, autorizado pelo despacho constante no Processo Administrativo n\u00b0\u00a0<strong>XXXXXXXXX\/20XX<\/strong>, mediante parecer jur\u00eddico, que se reger\u00e1 pela Lei Federal n.\u00ba 14.133\/2021 e altera\u00e7\u00f5es posteriores, mediante as cl\u00e1usulas e condi\u00e7\u00f5es a seguir e do qual ficam fazendo parte integrante independentemente de transcri\u00e7\u00e3o, os documentos:<\/p>\n<p>&nbsp;<\/p>\n<ol>\n<li>Aviso de DISPENSA DE LICITA\u00c7\u00c3O N\u00ba 002\/2026 \u2013 COMISS\u00c3O DE LICITA\u00c7\u00c3O e seus<\/li>\n<\/ol>\n<p>&nbsp;<\/p>\n<ol>\n<li>Propostas de pre\u00e7o apresentada pela\u00a0<strong>CONTRATADA\u00a0<\/strong>em 00\/00\/0000.<\/li>\n<\/ol>\n<p>&nbsp;<\/p>\n<p>CL\u00c1USULA PRIMEIRA \u2013 OBJETO<\/p>\n<p><strong>\u00a0<\/strong><\/p>\n<p><strong>CONTRATA\u00c7\u00c3O DE SERVI\u00c7OS ESPECIALIZADOS DE ASSESSORIA E CONSULTORIA T\u00c9CNICA AO DEPARTAMENTO DE CONTROLE INTERNO, COM VISTAS A AVALIAR E ORIENTAR A GEST\u00c3O OR\u00c7AMENT\u00c1RIA, FINANCEIRA E PATRIMONIAL, PARA CORRETA E RACIONAL UTILIZA\u00c7\u00c3O DOS RECURSOS E BENS P\u00daBLICOS<\/strong><strong>\u00a0do Aviso de DISPENSA DE LICITA\u00c7\u00c3O N\u00ba\u00a0<\/strong><strong>002\/2026<\/strong><strong>\u00a0\u2013 COMISS\u00c3O DE LICITA\u00c7\u00c3O e proposta da CONTRATADA que s\u00e3o parte integrante deste instrumento independente de transcri\u00e7\u00e3o<\/strong>.<\/p>\n<p>&nbsp;<\/p>\n<p><strong>Par\u00e1grafo \u00fanico.\u00a0<\/strong>A licitante obriga-se a aceitar, quando solicitado pela Administra\u00e7\u00e3o, nas mesmas condi\u00e7\u00f5es e dentro do prazo contratual estabelecido, os acr\u00e9scimos ou supress\u00f5es\u00a0\u00a0 que se fizer nas compras de at\u00e9 25% (vinte e cinco por cento) do valor inicial atualizado do contrato, e as supress\u00f5es resultantes de acordo celebrado entre as partes, na forma do art. 125 da Lei Federal n\u00ba 14.133\/2021.<\/p>\n<p>&nbsp;<\/p>\n<p>CL\u00c1USULA SEGUNDA \u2013 DOS PRAZOS<\/p>\n<p><strong>\u00a0<\/strong><\/p>\n<ul>\n<li>1\u00ba VIG\u00caNCIA: A vig\u00eancia do contrato ser\u00e1 de 12 (doze) meses, contados a partir da data da assinatura.<\/li>\n<\/ul>\n<p>&nbsp;<\/p>\n<ul>\n<li>2\u00b0 O prazo de presta\u00e7\u00e3o dos servi\u00e7os s\u00e3o de 02 (dois) dias a partir da data da emiss\u00e3o da ordem de servi\u00e7o.<\/li>\n<\/ul>\n<p>&nbsp;<\/p>\n<ul>\n<li>3\u00ba Os prazos poder\u00e3o ser alterados nos termos da Lei Federal n\u00ba 14.133\/2021.<\/li>\n<\/ul>\n<p>&nbsp;<\/p>\n<p>CL\u00c1USULA TERCEIRA \u2013 PRE\u00c7O<\/p>\n<p><strong>\u00a0<\/strong><\/p>\n<table>\n<tbody>\n<tr>\n<td rowspan=\"2\" width=\"66\"><strong>ITEM<\/strong><\/td>\n<td rowspan=\"2\" width=\"265\"><strong>DESCRI\u00c7\u00c3O<\/strong><\/td>\n<td rowspan=\"2\" width=\"76\"><strong>Unidade de Medida<\/strong><\/td>\n<td rowspan=\"2\" width=\"76\"><strong>Qnt.<\/strong><\/td>\n<td colspan=\"2\" width=\"197\"><strong>PRE\u00c7O (R$)<\/strong><\/td>\n<\/tr>\n<tr>\n<td width=\"95\"><strong>UNIT\u00c1RIO<\/strong><\/td>\n<td width=\"102\"><strong>GLOGAL<\/strong><\/td>\n<\/tr>\n<tr>\n<td width=\"66\">1<\/td>\n<td width=\"265\">CONTRATA\u00c7\u00c3O DE SERVI\u00c7OS ESPECIALIZADOS DE ASSESSORIA E CONSULTORIA T\u00c9CNICA AO DEPARTAMENTO DE CONTROLE INTERNO, COM VISTAS A AVALIAR E ORIENTAR A GEST\u00c3O OR\u00c7AMENT\u00c1RIA, FINANCEIRA E PATRIMONIAL, PARA CORRETA E RACIONAL UTILIZA\u00c7\u00c3O DOS RECURSOS E BENS P\u00daBLICOS<\/td>\n<td width=\"76\">M\u00eas<\/td>\n<td width=\"76\">12<\/td>\n<td width=\"95\"><\/td>\n<td width=\"102\"><\/td>\n<\/tr>\n<\/tbody>\n<\/table>\n<p><strong>\u00a0<\/strong><\/p>\n<p>O valor global deste contrato \u00e9 de\u00a0<strong>R$ \u2026\u2026\u2026\u2026\u2026\u2026 (\u2026\u2026\u2026\u2026\u2026\u2026\u2026\u2026\u2026\u2026\u2026\u2026 )\u00a0<\/strong>sendo fixo e irreajust\u00e1vel pelo per\u00edodo de 12 (doze) meses, transcrito da proposta de pre\u00e7o apresentada pela\u00a0<strong>CONTRATADA<\/strong>, entendido este como pre\u00e7o justo e suficiente para a total execu\u00e7\u00e3o do objeto deste Contrato.<\/p>\n<p>&nbsp;<\/p>\n<p>CL\u00c1USULA QUARTA \u2013 RECURSO FINANCEIRO<\/p>\n<p>Asdespesasparapagamentodestecontratocorrer\u00e3o\u00e0contadorecursodaDota\u00e7\u00e3oOr\u00e7ament\u00e1ria:<\/p>\n<p>Unidade Gestora:<\/p>\n<p>Gest\u00e3o<\/p>\n<p>Unidade Or\u00e7ament\u00e1ria<\/p>\n<p>Suba\u00e7\u00e3o<\/p>\n<p>Fonte Recurso:<\/p>\n<p>Elemento de despesa:<\/p>\n<p>&nbsp;<\/p>\n<p>CL\u00c1USULA QUINTA \u2013 ALTERA\u00c7\u00c3O<\/p>\n<p><strong>\u00a0<\/strong><\/p>\n<p>A altera\u00e7\u00e3o de quaisquer das cl\u00e1usulas ou condi\u00e7\u00f5es contidas neste contrato dever\u00e1 ser realizada mediante celebra\u00e7\u00e3o de Termo Aditivo, ressalvadas as hip\u00f3teses previstas em Lei.<\/p>\n<p>&nbsp;<\/p>\n<p>CL\u00c1USULA SEXTA \u2013 RESCIS\u00c3O<\/p>\n<p><strong>\u00a0<\/strong><\/p>\n<p>Este contrato poder\u00e1 ser extinto na forma dos Artigos 137, 138 e 139 da Lei Federal n\u00ba 14.133\/2021.<\/p>\n<p>&nbsp;<\/p>\n<p>CL\u00c1USULA S\u00c9TIMA \u2013 FORO<\/p>\n<p><strong>\u00a0<\/strong><\/p>\n<p>Fica eleito o Foro da Cidade de Vila Flor, Estado da Rio Grande do Norte, como o competente para dirimir quest\u00f5es decorrentes do cumprimento deste contrato, renunciando as partes a qualquer outro por mais privilegiado que seja.<\/p>\n<p>&nbsp;<\/p>\n<p>E, por estarem assim justas e acordadas, firmam as partes o presente instrumento em 03 (tr\u00eas) vias de igual teor e forma, para que produza os efeitos jur\u00eddicos.<\/p>\n<p>&nbsp;<\/p>\n<p>&nbsp;<\/p>\n<p>Vila Flor-Rio Grande do Norte, \u2026\u2026.. de \u2026\u2026\u2026\u2026\u2026\u2026. de \u2026\u2026\u2026\u2026\u2026\u2026..<\/p>\n<p>&nbsp;<\/p>\n<p>&nbsp;<\/p>\n<p><u>\u00a0\u00a0\u00a0\u00a0\u00a0\u00a0\u00a0\u00a0\u00a0\u00a0\u00a0\u00a0\u00a0\u00a0\u00a0\u00a0\u00a0\u00a0\u00a0\u00a0\u00a0\u00a0\u00a0\u00a0\u00a0\u00a0\u00a0\u00a0\u00a0\u00a0\u00a0\u00a0\u00a0\u00a0\u00a0\u00a0\u00a0\u00a0\u00a0<\/u>_<u>\u00a0\u00a0\u00a0\u00a0\u00a0\u00a0\u00a0\u00a0\u00a0\u00a0\u00a0\u00a0\u00a0\u00a0\u00a0\u00a0\u00a0\u00a0\u00a0\u00a0\u00a0\u00a0\u00a0\u00a0\u00a0\u00a0\u00a0\u00a0\u00a0\u00a0\u00a0\u00a0\u00a0\u00a0\u00a0\u00a0\u00a0\u00a0\u00a0<\/u>_<u>\u00a0\u00a0\u00a0\u00a0\u00a0\u00a0\u00a0<\/u><\/p>\n<p>CONTRATANTE<\/p>\n<p><strong>\u00a0<\/strong><\/p>\n<p><strong>\u00a0<\/strong><\/p>\n<p><u>\u00a0\u00a0\u00a0\u00a0\u00a0\u00a0\u00a0\u00a0\u00a0\u00a0\u00a0\u00a0\u00a0\u00a0\u00a0\u00a0\u00a0\u00a0\u00a0\u00a0\u00a0\u00a0\u00a0\u00a0\u00a0\u00a0\u00a0\u00a0\u00a0\u00a0\u00a0\u00a0\u00a0\u00a0\u00a0\u00a0\u00a0\u00a0\u00a0<\/u>_<u>\u00a0\u00a0\u00a0\u00a0\u00a0\u00a0\u00a0\u00a0\u00a0\u00a0\u00a0\u00a0\u00a0\u00a0\u00a0\u00a0\u00a0\u00a0\u00a0\u00a0\u00a0\u00a0\u00a0\u00a0\u00a0\u00a0\u00a0\u00a0\u00a0\u00a0\u00a0\u00a0\u00a0\u00a0\u00a0\u00a0\u00a0\u00a0\u00a0<\/u>_<u>\u00a0\u00a0\u00a0\u00a0\u00a0\u00a0\u00a0<\/u><\/p>\n<p>CONTRATADA<\/p>\n<p style=\"text-align: right;\"><strong>Publicado por:<\/strong><br \/>\nGRINALDO JOAQUIM DE SOUZA<br \/>\nSecret\u00e1rio Municipal de Administra\u00e7\u00e3o<br \/>\n<strong>C\u00f3digo Identificador:<\/strong>\u00a0DSVLGWO0DV<\/p>\n<div class=\"pdfprnt-buttons pdfprnt-buttons-post pdfprnt-bottom-right\"><a href=\"https:\/\/vilaflor.rn.gov.br\/transparencia\/wp-json\/wp\/v2\/posts?page=10&print=pdf#038;print=print\" class=\"pdfprnt-button pdfprnt-button-pdf\" target=\"_blank\"><img decoding=\"async\" src=\"https:\/\/vilaflor.rn.gov.br\/transparencia\/wp-content\/plugins\/pdf-print\/images\/pdf.png\" alt=\"image_pdf\" title=\"Baixar PDF\" \/><\/a><a href=\"https:\/\/vilaflor.rn.gov.br\/transparencia\/wp-json\/wp\/v2\/posts?page=10&print=print#038;print=print\" class=\"pdfprnt-button pdfprnt-button-print\" target=\"_blank\"><img decoding=\"async\" src=\"https:\/\/vilaflor.rn.gov.br\/transparencia\/wp-content\/plugins\/pdf-print\/images\/print.png\" alt=\"image_print\" title=\"Conte\u00fado de impress\u00e3o\" \/><\/a><\/div>","protected":false},"excerpt":{"rendered":"<p>ESTADO DO RIO GRANDE DO NORTE PREFEITURA MUNICIPAL DE VILA FLOR DADOS DO AVISO Vila Flor\/RN, em 05 de janeiro de 2026. &nbsp; PROCESSO ADMINISTRATIVO:\u00a029120002\/2025 &nbsp; DATA E HORA LIMITE PARA ENTREGA DA PROPOSTA DE PRE\u00c7O E DOCUMENTOS DE HABILITA\u00c7\u00c3O &nbsp; At\u00e9 dia 09\/01\/2026, \u00e0s 09:00h &nbsp; REFER\u00caNCIA DE HOR\u00c1RIO \u00a0 Hor\u00e1rio de Brasilia \u2013 [&hellip;]<\/p>\n","protected":false},"author":1,"featured_media":0,"comment_status":"open","ping_status":"open","sticky":false,"template":"","format":"standard","meta":{"ocean_post_layout":"","ocean_both_sidebars_style":"","ocean_both_sidebars_content_width":0,"ocean_both_sidebars_sidebars_width":0,"ocean_sidebar":"0","ocean_second_sidebar":"0","ocean_disable_margins":"enable","ocean_add_body_class":"","ocean_shortcode_before_top_bar":"","ocean_shortcode_after_top_bar":"","ocean_shortcode_before_header":"","ocean_shortcode_after_header":"","ocean_has_shortcode":"","ocean_shortcode_after_title":"","ocean_shortcode_before_footer_widgets":"","ocean_shortcode_after_footer_widgets":"","ocean_shortcode_before_footer_bottom":"","ocean_shortcode_after_footer_bottom":"","ocean_display_top_bar":"default","ocean_display_header":"default","ocean_header_style":"","ocean_center_header_left_menu":"0","ocean_custom_header_template":"0","ocean_custom_logo":0,"ocean_custom_retina_logo":0,"ocean_custom_logo_max_width":0,"ocean_custom_logo_tablet_max_width":0,"ocean_custom_logo_mobile_max_width":0,"ocean_custom_logo_max_height":0,"ocean_custom_logo_tablet_max_height":0,"ocean_custom_logo_mobile_max_height":0,"ocean_header_custom_menu":"0","ocean_menu_typo_font_family":"0","ocean_menu_typo_font_subset":"","ocean_menu_typo_font_size":0,"ocean_menu_typo_font_size_tablet":0,"ocean_menu_typo_font_size_mobile":0,"ocean_menu_typo_font_size_unit":"px","ocean_menu_typo_font_weight":"","ocean_menu_typo_font_weight_tablet":"","ocean_menu_typo_font_weight_mobile":"","ocean_menu_typo_transform":"","ocean_menu_typo_transform_tablet":"","ocean_menu_typo_transform_mobile":"","ocean_menu_typo_line_height":0,"ocean_menu_typo_line_height_tablet":0,"ocean_menu_typo_line_height_mobile":0,"ocean_menu_typo_line_height_unit":"","ocean_menu_typo_spacing":0,"ocean_menu_typo_spacing_tablet":0,"ocean_menu_typo_spacing_mobile":0,"ocean_menu_typo_spacing_unit":"","ocean_menu_link_color":"","ocean_menu_link_color_hover":"","ocean_menu_link_color_active":"","ocean_menu_link_background":"","ocean_menu_link_hover_background":"","ocean_menu_link_active_background":"","ocean_menu_social_links_bg":"","ocean_menu_social_hover_links_bg":"","ocean_menu_social_links_color":"","ocean_menu_social_hover_links_color":"","ocean_disable_title":"default","ocean_disable_heading":"default","ocean_post_title":"","ocean_post_subheading":"","ocean_post_title_style":"","ocean_post_title_background_color":"","ocean_post_title_background":0,"ocean_post_title_bg_image_position":"","ocean_post_title_bg_image_attachment":"","ocean_post_title_bg_image_repeat":"","ocean_post_title_bg_image_size":"","ocean_post_title_height":0,"ocean_post_title_bg_overlay":0.5,"ocean_post_title_bg_overlay_color":"","ocean_disable_breadcrumbs":"default","ocean_breadcrumbs_color":"","ocean_breadcrumbs_separator_color":"","ocean_breadcrumbs_links_color":"","ocean_breadcrumbs_links_hover_color":"","ocean_display_footer_widgets":"default","ocean_display_footer_bottom":"default","ocean_custom_footer_template":"0","ocean_post_oembed":"","ocean_post_self_hosted_media":"","ocean_post_video_embed":"","ocean_link_format":"","ocean_link_format_target":"self","ocean_quote_format":"","ocean_quote_format_link":"post","ocean_gallery_link_images":"on","ocean_gallery_id":[],"footnotes":""},"categories":[5,4],"tags":[],"class_list":["post-4104","post","type-post","status-publish","format-standard","hentry","category-aviso-de-licitacao","category-licitacao","entry"],"_links":{"self":[{"href":"https:\/\/vilaflor.rn.gov.br\/transparencia\/wp-json\/wp\/v2\/posts\/4104","targetHints":{"allow":["GET"]}}],"collection":[{"href":"https:\/\/vilaflor.rn.gov.br\/transparencia\/wp-json\/wp\/v2\/posts"}],"about":[{"href":"https:\/\/vilaflor.rn.gov.br\/transparencia\/wp-json\/wp\/v2\/types\/post"}],"author":[{"embeddable":true,"href":"https:\/\/vilaflor.rn.gov.br\/transparencia\/wp-json\/wp\/v2\/users\/1"}],"replies":[{"embeddable":true,"href":"https:\/\/vilaflor.rn.gov.br\/transparencia\/wp-json\/wp\/v2\/comments?post=4104"}],"version-history":[{"count":1,"href":"https:\/\/vilaflor.rn.gov.br\/transparencia\/wp-json\/wp\/v2\/posts\/4104\/revisions"}],"predecessor-version":[{"id":4105,"href":"https:\/\/vilaflor.rn.gov.br\/transparencia\/wp-json\/wp\/v2\/posts\/4104\/revisions\/4105"}],"wp:attachment":[{"href":"https:\/\/vilaflor.rn.gov.br\/transparencia\/wp-json\/wp\/v2\/media?parent=4104"}],"wp:term":[{"taxonomy":"category","embeddable":true,"href":"https:\/\/vilaflor.rn.gov.br\/transparencia\/wp-json\/wp\/v2\/categories?post=4104"},{"taxonomy":"post_tag","embeddable":true,"href":"https:\/\/vilaflor.rn.gov.br\/transparencia\/wp-json\/wp\/v2\/tags?post=4104"}],"curies":[{"name":"wp","href":"https:\/\/api.w.org\/{rel}","templated":true}]}},{"id":4100,"date":"2026-01-06T09:00:00","date_gmt":"2026-01-06T12:00:00","guid":{"rendered":"https:\/\/vilaflor.rn.gov.br\/transparencia\/?p=4100"},"modified":"2026-01-13T09:00:37","modified_gmt":"2026-01-13T12:00:37","slug":"extrato-de-contrato-n-001-2026-inexigibilidade-de-licitacao-n-001-2026","status":"publish","type":"post","link":"https:\/\/vilaflor.rn.gov.br\/transparencia\/extrato-de-contrato-n-001-2026-inexigibilidade-de-licitacao-n-001-2026\/","title":{"rendered":"EXTRATO DE CONTRATO N\u00b0 001\/2026 INEXIGIBILIDADE DE LICITA\u00c7\u00c3O N\u00b0 001\/2026"},"content":{"rendered":"<p><strong>ESTADO DO RIO GRANDE DO NORTE<\/strong><br \/>\n<strong>PREFEITURA MUNICIPAL DE VILA FLOR<\/strong><\/p>\n<p><strong>CONTRATANTE<\/strong>: Munic\u00edpio de Vila Flor\/ Prefeitura Municipal<\/p>\n<p><strong>CONTRATADA<\/strong>:\u00a0<strong>CORTEZ E MEDEIROS ADVOGADOS<\/strong><\/p>\n<p><strong>MODALIDADE<\/strong>: Inexigibilidade de Licita\u00e7\u00e3o n\u00b0 001\/2026<\/p>\n<p><strong>OBJETO<\/strong>: Contrata\u00e7\u00e3o de escrit\u00f3rio de advocacia especializados nos servi\u00e7os de assessoria e consultoria jur\u00eddica \u2013 organiza\u00e7\u00e3o jur\u00eddica e treinamento de servidores quanto ao protocolo e andamentos em rela\u00e7\u00e3o aos processos administrativos\u00a0 pareceres e consultoria t\u00e9cnico jur\u00eddico na \u00e1rea administrativa, com capacita\u00e7\u00e3o de servidores voltada para gest\u00e3o p\u00fablica e emiss\u00e3o de pareceres nas impugna\u00e7\u00f5es e recursos apresentados em processos licitat\u00f3rios e casos espec\u00edficos solicitados pelo gabinete do gestor assessoramento e consultoria espec\u00edfica junto \u00e0s recomenda\u00e7\u00f5es e termos de\u00a0\u00a0\u00a0 ajuste e conduta expedidos pelos \u00f3rg\u00e3os de fiscaliza\u00e7\u00e3o\u00a0 elaborar e rever projetos de lei, decretos e outros provimentos regulamentares, bem como minutar mensagens, san\u00e7\u00f5es e vetos governamentais\u00a0 advocacia p\u00fablica junto aos tribunais estaduais, federais e superiores.<\/p>\n<p><strong>VALOR MENSAL ESTIMADO<\/strong>: R$ 8.000,00 (Oito mil reais)<\/p>\n<p><strong>DATA DE ASSINATURA<\/strong>: 05 de janeiro de 2026<\/p>\n<p><strong>VIG\u00caNCIA<\/strong>: 05 de janeiro de 2026 a 04 de janeiro de 2027<\/p>\n<p><strong>FUNDAMENTO LEGAL<\/strong>: Art. 74, Inciso III, \u201cc\u201d, da Lei n\u00ba 14.133\/21.<\/p>\n<p><strong>DOTA\u00c7\u00c3O OR\u00c7AMENT\u00c1RIA:<\/strong><\/p>\n<p>Unidade gestora: \u00a0\u00a0\u00a0\u00a0\u00a0\u00a0\u00a0\u00a0\u00a0\u00a0\u00a0\u00a0\u00a0\u00a0\u00a0\u00a0\u00a0\u00a0 PREFEITURA MUNICIPAL DE VILA FLOR;<\/p>\n<p>Unidade or\u00e7ament\u00e1ria: \u00a0\u00a0\u00a0\u00a0\u00a0\u00a0\u00a0\u00a0\u00a0 03.001 \u2013 Secretaria Municipal de Administra\u00e7\u00e3o<\/p>\n<p>Projeto\/Atividade: \u00a0\u00a0\u00a0\u00a0\u00a0\u00a0\u00a0\u00a0\u00a0\u00a0\u00a0\u00a0\u00a0\u00a0\u00a0\u00a0 2.007 \u2013 Manuten\u00e7\u00e3o das A\u00e7\u00f5es da Secretaria Municipal de Administra\u00e7\u00e3o<\/p>\n<p>Natureza da Despesa: \u00a0\u00a0\u00a0\u00a0\u00a0\u00a0\u00a0\u00a0\u00a0\u00a0\u00a0\u00a0\u00a0\u00a0\u00a0\u00a0\u00a0\u00a0\u00a0\u00a0\u00a0\u00a0 3.3.90.35.00 \u2013 Servi\u00e7os de Consultoria<\/p>\n<p>Fonte de Recursos: \u00a0\u00a0\u00a0\u00a0\u00a0\u00a0\u00a0\u00a0\u00a0\u00a0\u00a0\u00a0\u00a0\u00a0\u00a0 15000000 \u2013 Recursos n\u00e3o vinculados de impostos<\/p>\n<p style=\"text-align: right;\"><strong>Publicado por:<\/strong><br \/>\nGRINALDO JOAQUIM DE SOUZA<br \/>\nSecret\u00e1rio Municipal de Administra\u00e7\u00e3o<br \/>\n<strong>C\u00f3digo Identificador:<\/strong>\u00a048JJKXV2Q4<\/p>\n<div class=\"pdfprnt-buttons pdfprnt-buttons-post pdfprnt-bottom-right\"><a href=\"https:\/\/vilaflor.rn.gov.br\/transparencia\/wp-json\/wp\/v2\/posts?page=10&print=pdf#038;print=print\" class=\"pdfprnt-button pdfprnt-button-pdf\" target=\"_blank\"><img decoding=\"async\" src=\"https:\/\/vilaflor.rn.gov.br\/transparencia\/wp-content\/plugins\/pdf-print\/images\/pdf.png\" alt=\"image_pdf\" title=\"Baixar PDF\" \/><\/a><a href=\"https:\/\/vilaflor.rn.gov.br\/transparencia\/wp-json\/wp\/v2\/posts?page=10&print=print#038;print=print\" class=\"pdfprnt-button pdfprnt-button-print\" target=\"_blank\"><img decoding=\"async\" src=\"https:\/\/vilaflor.rn.gov.br\/transparencia\/wp-content\/plugins\/pdf-print\/images\/print.png\" alt=\"image_print\" title=\"Conte\u00fado de impress\u00e3o\" \/><\/a><\/div>","protected":false},"excerpt":{"rendered":"<p>ESTADO DO RIO GRANDE DO NORTE PREFEITURA MUNICIPAL DE VILA FLOR CONTRATANTE: Munic\u00edpio de Vila Flor\/ Prefeitura Municipal CONTRATADA:\u00a0CORTEZ E MEDEIROS ADVOGADOS MODALIDADE: Inexigibilidade de Licita\u00e7\u00e3o n\u00b0 001\/2026 OBJETO: Contrata\u00e7\u00e3o de escrit\u00f3rio de advocacia especializados nos servi\u00e7os de assessoria e consultoria jur\u00eddica \u2013 organiza\u00e7\u00e3o jur\u00eddica e treinamento de servidores quanto ao protocolo e andamentos em [&hellip;]<\/p>\n","protected":false},"author":1,"featured_media":0,"comment_status":"open","ping_status":"open","sticky":false,"template":"","format":"standard","meta":{"ocean_post_layout":"","ocean_both_sidebars_style":"","ocean_both_sidebars_content_width":0,"ocean_both_sidebars_sidebars_width":0,"ocean_sidebar":"0","ocean_second_sidebar":"0","ocean_disable_margins":"enable","ocean_add_body_class":"","ocean_shortcode_before_top_bar":"","ocean_shortcode_after_top_bar":"","ocean_shortcode_before_header":"","ocean_shortcode_after_header":"","ocean_has_shortcode":"","ocean_shortcode_after_title":"","ocean_shortcode_before_footer_widgets":"","ocean_shortcode_after_footer_widgets":"","ocean_shortcode_before_footer_bottom":"","ocean_shortcode_after_footer_bottom":"","ocean_display_top_bar":"default","ocean_display_header":"default","ocean_header_style":"","ocean_center_header_left_menu":"0","ocean_custom_header_template":"0","ocean_custom_logo":0,"ocean_custom_retina_logo":0,"ocean_custom_logo_max_width":0,"ocean_custom_logo_tablet_max_width":0,"ocean_custom_logo_mobile_max_width":0,"ocean_custom_logo_max_height":0,"ocean_custom_logo_tablet_max_height":0,"ocean_custom_logo_mobile_max_height":0,"ocean_header_custom_menu":"0","ocean_menu_typo_font_family":"0","ocean_menu_typo_font_subset":"","ocean_menu_typo_font_size":0,"ocean_menu_typo_font_size_tablet":0,"ocean_menu_typo_font_size_mobile":0,"ocean_menu_typo_font_size_unit":"px","ocean_menu_typo_font_weight":"","ocean_menu_typo_font_weight_tablet":"","ocean_menu_typo_font_weight_mobile":"","ocean_menu_typo_transform":"","ocean_menu_typo_transform_tablet":"","ocean_menu_typo_transform_mobile":"","ocean_menu_typo_line_height":0,"ocean_menu_typo_line_height_tablet":0,"ocean_menu_typo_line_height_mobile":0,"ocean_menu_typo_line_height_unit":"","ocean_menu_typo_spacing":0,"ocean_menu_typo_spacing_tablet":0,"ocean_menu_typo_spacing_mobile":0,"ocean_menu_typo_spacing_unit":"","ocean_menu_link_color":"","ocean_menu_link_color_hover":"","ocean_menu_link_color_active":"","ocean_menu_link_background":"","ocean_menu_link_hover_background":"","ocean_menu_link_active_background":"","ocean_menu_social_links_bg":"","ocean_menu_social_hover_links_bg":"","ocean_menu_social_links_color":"","ocean_menu_social_hover_links_color":"","ocean_disable_title":"default","ocean_disable_heading":"default","ocean_post_title":"","ocean_post_subheading":"","ocean_post_title_style":"","ocean_post_title_background_color":"","ocean_post_title_background":0,"ocean_post_title_bg_image_position":"","ocean_post_title_bg_image_attachment":"","ocean_post_title_bg_image_repeat":"","ocean_post_title_bg_image_size":"","ocean_post_title_height":0,"ocean_post_title_bg_overlay":0.5,"ocean_post_title_bg_overlay_color":"","ocean_disable_breadcrumbs":"default","ocean_breadcrumbs_color":"","ocean_breadcrumbs_separator_color":"","ocean_breadcrumbs_links_color":"","ocean_breadcrumbs_links_hover_color":"","ocean_display_footer_widgets":"default","ocean_display_footer_bottom":"default","ocean_custom_footer_template":"0","ocean_post_oembed":"","ocean_post_self_hosted_media":"","ocean_post_video_embed":"","ocean_link_format":"","ocean_link_format_target":"self","ocean_quote_format":"","ocean_quote_format_link":"post","ocean_gallery_link_images":"on","ocean_gallery_id":[],"footnotes":""},"categories":[58,75,4],"tags":[],"class_list":["post-4100","post","type-post","status-publish","format-standard","hentry","category-contratos","category-contratos-2026","category-licitacao","entry"],"_links":{"self":[{"href":"https:\/\/vilaflor.rn.gov.br\/transparencia\/wp-json\/wp\/v2\/posts\/4100","targetHints":{"allow":["GET"]}}],"collection":[{"href":"https:\/\/vilaflor.rn.gov.br\/transparencia\/wp-json\/wp\/v2\/posts"}],"about":[{"href":"https:\/\/vilaflor.rn.gov.br\/transparencia\/wp-json\/wp\/v2\/types\/post"}],"author":[{"embeddable":true,"href":"https:\/\/vilaflor.rn.gov.br\/transparencia\/wp-json\/wp\/v2\/users\/1"}],"replies":[{"embeddable":true,"href":"https:\/\/vilaflor.rn.gov.br\/transparencia\/wp-json\/wp\/v2\/comments?post=4100"}],"version-history":[{"count":1,"href":"https:\/\/vilaflor.rn.gov.br\/transparencia\/wp-json\/wp\/v2\/posts\/4100\/revisions"}],"predecessor-version":[{"id":4101,"href":"https:\/\/vilaflor.rn.gov.br\/transparencia\/wp-json\/wp\/v2\/posts\/4100\/revisions\/4101"}],"wp:attachment":[{"href":"https:\/\/vilaflor.rn.gov.br\/transparencia\/wp-json\/wp\/v2\/media?parent=4100"}],"wp:term":[{"taxonomy":"category","embeddable":true,"href":"https:\/\/vilaflor.rn.gov.br\/transparencia\/wp-json\/wp\/v2\/categories?post=4100"},{"taxonomy":"post_tag","embeddable":true,"href":"https:\/\/vilaflor.rn.gov.br\/transparencia\/wp-json\/wp\/v2\/tags?post=4100"}],"curies":[{"name":"wp","href":"https:\/\/api.w.org\/{rel}","templated":true}]}},{"id":4098,"date":"2026-01-06T08:57:41","date_gmt":"2026-01-06T11:57:41","guid":{"rendered":"https:\/\/vilaflor.rn.gov.br\/transparencia\/?p=4098"},"modified":"2026-01-13T08:59:49","modified_gmt":"2026-01-13T11:59:49","slug":"extrato-de-contrato-n-002-2026-inexigibilidade-de-licitacao-n-002-2026","status":"publish","type":"post","link":"https:\/\/vilaflor.rn.gov.br\/transparencia\/extrato-de-contrato-n-002-2026-inexigibilidade-de-licitacao-n-002-2026\/","title":{"rendered":"EXTRATO DE CONTRATO N\u00b0 002\/2026 INEXIGIBILIDADE DE LICITA\u00c7\u00c3O N\u00b0 002\/2026"},"content":{"rendered":"<p><strong>ESTADO DO RIO GRANDE DO NORTE<\/strong><br \/>\n<strong>PREFEITURA MUNICIPAL DE VILA FLOR<\/strong><\/p>\n<p><strong>CONTRATANTE<\/strong>: Munic\u00edpio de Vila Flor\/ Prefeitura Municipal<\/p>\n<p><strong>CONTRATADA<\/strong>:\u00a0<strong>ETECONP ESCRITORIO TECNICO DE CONTABILIDADE PUBLICA S\/S LTDA<\/strong><\/p>\n<p><strong>MODALIDADE<\/strong>: Inexigibilidade de Licita\u00e7\u00e3o n\u00b0 002\/2026<\/p>\n<p><strong>OBJETO<\/strong>: CONTRATA\u00c7\u00c3O DE EMPRESA ESPECIALIZADA NOS SERVI\u00c7OS DE ASSESSORIA E CONSULTORIA T\u00c9CNICA NOS SERVI\u00c7OS DE CONTABILIDADE P\u00daBLICA, VISANDO SUPRIR AS NECESSIDADES DA PREFEITURA MUNICIPAL DE VILA FLOR\/RN E DEMAIS FUNDOS MUNICIPAIS QUE SE FIZEREM NECESS\u00c1RIO.<\/p>\n<p><strong>VALOR MENSAL ESTIMADO<\/strong>: R$ 12.000,00 (Doze mil reais)<\/p>\n<p><strong>DATA DE ASSINATURA<\/strong>: 05 de janeiro de 2026<\/p>\n<p><strong>VIG\u00caNCIA<\/strong>: 05 de janeiro de 2026 a 04 de janeiro de 2027.<\/p>\n<p><strong>FUNDAMENTO LEGAL<\/strong>: Art. 74, Inciso III, \u201cc\u201d, da Lei n\u00ba 14.133\/21.<\/p>\n<p><strong>DOTA\u00c7\u00c3O OR\u00c7AMENT\u00c1RIA:<\/strong><\/p>\n<p>Unidade gestora: \u00a0\u00a0\u00a0\u00a0\u00a0\u00a0\u00a0\u00a0\u00a0\u00a0\u00a0\u00a0\u00a0\u00a0\u00a0\u00a0\u00a0\u00a0 PREFEITURA MUNICIPAL DE VILA FLOR;<\/p>\n<p>Unidade or\u00e7ament\u00e1ria: \u00a0\u00a0\u00a0\u00a0\u00a0\u00a0\u00a0\u00a0\u00a0 03.001 \u2013 Secretaria Municipal de Administra\u00e7\u00e3o<\/p>\n<p>Projeto\/Atividade: \u00a0\u00a0\u00a0\u00a0\u00a0\u00a0\u00a0\u00a0\u00a0\u00a0\u00a0\u00a0\u00a0\u00a0\u00a0\u00a0 2.007 \u2013 Manuten\u00e7\u00e3o das A\u00e7\u00f5es da Secretaria Municipal de Administra\u00e7\u00e3o<\/p>\n<p>Natureza da Despesa: \u00a0\u00a0\u00a0\u00a0\u00a0\u00a0\u00a0\u00a0\u00a0\u00a0\u00a0\u00a0\u00a0\u00a0\u00a0\u00a0\u00a0\u00a0\u00a0\u00a0\u00a0\u00a0 3.3.90.35.00 \u2013 Servi\u00e7os de Consultoria<\/p>\n<p>Fonte de Recursos: \u00a0\u00a0\u00a0\u00a0\u00a0\u00a0\u00a0\u00a0\u00a0\u00a0\u00a0\u00a0\u00a0\u00a0\u00a0 15000000 \u2013 Recursos n\u00e3o vinculados de impostos<\/p>\n<p style=\"text-align: right;\"><strong>Publicado por:<\/strong><br \/>\nGRINALDO JOAQUIM DE SOUZA<br \/>\nSecret\u00e1rio Municipal de Administra\u00e7\u00e3o<br \/>\n<strong>C\u00f3digo Identificador:<\/strong>\u00a0HYA3TFMEMD<\/p>\n<div class=\"pdfprnt-buttons pdfprnt-buttons-post pdfprnt-bottom-right\"><a href=\"https:\/\/vilaflor.rn.gov.br\/transparencia\/wp-json\/wp\/v2\/posts?page=10&print=pdf#038;print=print\" class=\"pdfprnt-button pdfprnt-button-pdf\" target=\"_blank\"><img decoding=\"async\" src=\"https:\/\/vilaflor.rn.gov.br\/transparencia\/wp-content\/plugins\/pdf-print\/images\/pdf.png\" alt=\"image_pdf\" title=\"Baixar PDF\" \/><\/a><a href=\"https:\/\/vilaflor.rn.gov.br\/transparencia\/wp-json\/wp\/v2\/posts?page=10&print=print#038;print=print\" class=\"pdfprnt-button pdfprnt-button-print\" target=\"_blank\"><img decoding=\"async\" src=\"https:\/\/vilaflor.rn.gov.br\/transparencia\/wp-content\/plugins\/pdf-print\/images\/print.png\" alt=\"image_print\" title=\"Conte\u00fado de impress\u00e3o\" \/><\/a><\/div>","protected":false},"excerpt":{"rendered":"<p>ESTADO DO RIO GRANDE DO NORTE PREFEITURA MUNICIPAL DE VILA FLOR CONTRATANTE: Munic\u00edpio de Vila Flor\/ Prefeitura Municipal CONTRATADA:\u00a0ETECONP ESCRITORIO TECNICO DE CONTABILIDADE PUBLICA S\/S LTDA MODALIDADE: Inexigibilidade de Licita\u00e7\u00e3o n\u00b0 002\/2026 OBJETO: CONTRATA\u00c7\u00c3O DE EMPRESA ESPECIALIZADA NOS SERVI\u00c7OS DE ASSESSORIA E CONSULTORIA T\u00c9CNICA NOS SERVI\u00c7OS DE CONTABILIDADE P\u00daBLICA, VISANDO SUPRIR AS NECESSIDADES DA PREFEITURA [&hellip;]<\/p>\n","protected":false},"author":1,"featured_media":0,"comment_status":"open","ping_status":"open","sticky":false,"template":"","format":"standard","meta":{"ocean_post_layout":"","ocean_both_sidebars_style":"","ocean_both_sidebars_content_width":0,"ocean_both_sidebars_sidebars_width":0,"ocean_sidebar":"0","ocean_second_sidebar":"0","ocean_disable_margins":"enable","ocean_add_body_class":"","ocean_shortcode_before_top_bar":"","ocean_shortcode_after_top_bar":"","ocean_shortcode_before_header":"","ocean_shortcode_after_header":"","ocean_has_shortcode":"","ocean_shortcode_after_title":"","ocean_shortcode_before_footer_widgets":"","ocean_shortcode_after_footer_widgets":"","ocean_shortcode_before_footer_bottom":"","ocean_shortcode_after_footer_bottom":"","ocean_display_top_bar":"default","ocean_display_header":"default","ocean_header_style":"","ocean_center_header_left_menu":"0","ocean_custom_header_template":"0","ocean_custom_logo":0,"ocean_custom_retina_logo":0,"ocean_custom_logo_max_width":0,"ocean_custom_logo_tablet_max_width":0,"ocean_custom_logo_mobile_max_width":0,"ocean_custom_logo_max_height":0,"ocean_custom_logo_tablet_max_height":0,"ocean_custom_logo_mobile_max_height":0,"ocean_header_custom_menu":"0","ocean_menu_typo_font_family":"0","ocean_menu_typo_font_subset":"","ocean_menu_typo_font_size":0,"ocean_menu_typo_font_size_tablet":0,"ocean_menu_typo_font_size_mobile":0,"ocean_menu_typo_font_size_unit":"px","ocean_menu_typo_font_weight":"","ocean_menu_typo_font_weight_tablet":"","ocean_menu_typo_font_weight_mobile":"","ocean_menu_typo_transform":"","ocean_menu_typo_transform_tablet":"","ocean_menu_typo_transform_mobile":"","ocean_menu_typo_line_height":0,"ocean_menu_typo_line_height_tablet":0,"ocean_menu_typo_line_height_mobile":0,"ocean_menu_typo_line_height_unit":"","ocean_menu_typo_spacing":0,"ocean_menu_typo_spacing_tablet":0,"ocean_menu_typo_spacing_mobile":0,"ocean_menu_typo_spacing_unit":"","ocean_menu_link_color":"","ocean_menu_link_color_hover":"","ocean_menu_link_color_active":"","ocean_menu_link_background":"","ocean_menu_link_hover_background":"","ocean_menu_link_active_background":"","ocean_menu_social_links_bg":"","ocean_menu_social_hover_links_bg":"","ocean_menu_social_links_color":"","ocean_menu_social_hover_links_color":"","ocean_disable_title":"default","ocean_disable_heading":"default","ocean_post_title":"","ocean_post_subheading":"","ocean_post_title_style":"","ocean_post_title_background_color":"","ocean_post_title_background":0,"ocean_post_title_bg_image_position":"","ocean_post_title_bg_image_attachment":"","ocean_post_title_bg_image_repeat":"","ocean_post_title_bg_image_size":"","ocean_post_title_height":0,"ocean_post_title_bg_overlay":0.5,"ocean_post_title_bg_overlay_color":"","ocean_disable_breadcrumbs":"default","ocean_breadcrumbs_color":"","ocean_breadcrumbs_separator_color":"","ocean_breadcrumbs_links_color":"","ocean_breadcrumbs_links_hover_color":"","ocean_display_footer_widgets":"default","ocean_display_footer_bottom":"default","ocean_custom_footer_template":"0","ocean_post_oembed":"","ocean_post_self_hosted_media":"","ocean_post_video_embed":"","ocean_link_format":"","ocean_link_format_target":"self","ocean_quote_format":"","ocean_quote_format_link":"post","ocean_gallery_link_images":"on","ocean_gallery_id":[],"footnotes":""},"categories":[58,75,4],"tags":[],"class_list":["post-4098","post","type-post","status-publish","format-standard","hentry","category-contratos","category-contratos-2026","category-licitacao","entry"],"_links":{"self":[{"href":"https:\/\/vilaflor.rn.gov.br\/transparencia\/wp-json\/wp\/v2\/posts\/4098","targetHints":{"allow":["GET"]}}],"collection":[{"href":"https:\/\/vilaflor.rn.gov.br\/transparencia\/wp-json\/wp\/v2\/posts"}],"about":[{"href":"https:\/\/vilaflor.rn.gov.br\/transparencia\/wp-json\/wp\/v2\/types\/post"}],"author":[{"embeddable":true,"href":"https:\/\/vilaflor.rn.gov.br\/transparencia\/wp-json\/wp\/v2\/users\/1"}],"replies":[{"embeddable":true,"href":"https:\/\/vilaflor.rn.gov.br\/transparencia\/wp-json\/wp\/v2\/comments?post=4098"}],"version-history":[{"count":1,"href":"https:\/\/vilaflor.rn.gov.br\/transparencia\/wp-json\/wp\/v2\/posts\/4098\/revisions"}],"predecessor-version":[{"id":4099,"href":"https:\/\/vilaflor.rn.gov.br\/transparencia\/wp-json\/wp\/v2\/posts\/4098\/revisions\/4099"}],"wp:attachment":[{"href":"https:\/\/vilaflor.rn.gov.br\/transparencia\/wp-json\/wp\/v2\/media?parent=4098"}],"wp:term":[{"taxonomy":"category","embeddable":true,"href":"https:\/\/vilaflor.rn.gov.br\/transparencia\/wp-json\/wp\/v2\/categories?post=4098"},{"taxonomy":"post_tag","embeddable":true,"href":"https:\/\/vilaflor.rn.gov.br\/transparencia\/wp-json\/wp\/v2\/tags?post=4098"}],"curies":[{"name":"wp","href":"https:\/\/api.w.org\/{rel}","templated":true}]}},{"id":4094,"date":"2026-01-06T08:54:02","date_gmt":"2026-01-06T11:54:02","guid":{"rendered":"https:\/\/vilaflor.rn.gov.br\/transparencia\/?p=4094"},"modified":"2026-01-13T08:55:06","modified_gmt":"2026-01-13T11:55:06","slug":"aviso-de-dispensa-de-licitacao-n-001-2026","status":"publish","type":"post","link":"https:\/\/vilaflor.rn.gov.br\/transparencia\/aviso-de-dispensa-de-licitacao-n-001-2026\/","title":{"rendered":"AVISO DE DISPENSA DE LICITA\u00c7\u00c3O N\u00b0 001\/2026"},"content":{"rendered":"<p><strong>ESTADO DO RIO GRANDE DO NORTE<\/strong><br \/>\n<strong>PREFEITURA MUNICIPAL DE VILA FLOR<\/strong><\/p>\n<p><strong>DADOS DO AVISO<\/strong><\/p>\n<p>Vila Flor\/RN, em 05 de janeiro de 2026.<\/p>\n<p>&nbsp;<\/p>\n<p><strong>PROCESSO ADMINISTRATIVO:\u00a0<\/strong>29120001\/2025<\/p>\n<p>&nbsp;<\/p>\n<p><strong>DATA E HORA LIMITE PARA ENTREGA DA PROPOSTA DE PRE\u00c7O E DOCUMENTOS DE HABILITA\u00c7\u00c3O<\/strong><\/p>\n<p>&nbsp;<\/p>\n<p>At\u00e9 dia 09\/01\/2026, \u00e0s 09:00h<\/p>\n<p>&nbsp;<\/p>\n<p><strong>REFER\u00caNCIA DE HOR\u00c1RIO<\/strong><\/p>\n<p><strong>\u00a0<\/strong><\/p>\n<p>Hor\u00e1rio de Brasilia \u2013 DF<\/p>\n<p><strong>\u00a0<\/strong><\/p>\n<p><strong>ENDERE\u00c7O ELETR\u00d4NICO PARA ENVIO DA PROPOSTA E DOCUMENTOS DE HABILITA\u00c7\u00c3O<\/strong><\/p>\n<p><strong>\u00a0<\/strong><\/p>\n<p><a href=\"mailto:pmvflicitacoes2021@gmail.com\">PMVFLICITACOES2021@GMAIL.COM<\/a><\/p>\n<p><strong>\u00a0<\/strong><\/p>\n<p>A\u00a0<strong>PREFEITURA MUNICIPAL DE VILA FLOR<\/strong>, atrav\u00e9s da\u00a0<strong>COMISS\u00c3O DE LICITA\u00c7\u00c3O<\/strong>, com sede na Rua Jos\u00e9 Calazans, 169, Centro, Vila Flor\/RN, CEP 59.192-000, inscrita no CNPJ\/MF sob n\u00b0 08.169.278\/0001-07, torna p\u00fablico para conhecimento dos interessados a realiza\u00e7\u00e3o de Chamada P\u00fablica para\u00a0<strong>DISPENSA DE LICITA\u00c7\u00c3O<\/strong>, com crit\u00e9rio de julgamento\u00a0<strong>MENOR PRE\u00c7O GLOBAL<\/strong>, nos termos do Art. n\u00ba 75, inciso II da Lei 14.133\/2021, e de acordo com as condi\u00e7\u00f5es, crit\u00e9rios e procedimentos estabelecidos neste Aviso e seus anexos, objetivando obter a melhor proposta, observadas as datas e hor\u00e1rios discriminados.<\/p>\n<p>OS INTERESSADOS DEVER\u00c3O ACOMPANHAR AS MENSAGENS REFERENTES A ESTE AVISO (RESPOSTAS A QUESTIONAMENTOS, IMPUGNA\u00c7\u00d5ES, RECURSOS, ETC.) NO E-MAIL INSTITUCIONAL, SENDO EXCLUSIVOS RESPONS\u00c1VEIS PELO \u00d4NUS DECORRENTE DA PERDA DE NEG\u00d3CIOS DIANTE DA INOBSERV\u00c2NCIA DE QUAISQUER MENSAGENS EMITIDAS PELO PORTAL.<\/p>\n<p>&nbsp;<\/p>\n<p><strong><u>ANEXOS DESTE AVISO<\/u><\/strong><\/p>\n<p><strong>\u00a0<\/strong><\/p>\n<p>Anexo I \u2013 Termo de Refer\u00eancia<\/p>\n<p>Anexo II \u2013 Modelo de Proposta de Pre\u00e7os<\/p>\n<p>Anexo III \u2013 Modelo de Declara\u00e7\u00e3o de cumprimento do disposto no Inc. XXXIII do art. 7\u00ba da Constitui\u00e7\u00e3o Federal<\/p>\n<p>Anexo IV \u2013 Declara\u00e7\u00e3o de reserva de cargos PcD, consoante art. 92, da Lei Federal n\u201d 14.133\/2021<\/p>\n<p>Anexo V \u2013 Declara\u00e7\u00e3o impedimentos do art. 14 da Lei Federal n\u201d 14.133\/2021<\/p>\n<p>Anexo VI \u2013 Modelo de Carta-Contrato<\/p>\n<p>&nbsp;<\/p>\n<p><strong>AVISO DE DISPENSA DE LICITA\u00c7\u00c3O N\u00b0 001\/2026<\/strong><\/p>\n<p><strong>\u00a0<\/strong><\/p>\n<ol>\n<li><strong>REG\u00caNCIA LEGAL<\/strong><\/li>\n<\/ol>\n<p>As contra\u00e7\u00f5es atrav\u00e9s de dispensa de licita\u00e7\u00e3o no Prefeitura Municipal de Vila Flor s\u00e3o regidas pelos dispositivos legais:<\/p>\n<ol start=\"14\">\n<li>a) Lei n\u00ba 133\/2021, Art. 75, Inc. II;<\/li>\n<li>Instru\u00e7\u00e3o Normativa SEMGE n\u00ba 05\/2021, aprovada pela Portaria SEMGE n\u00ba 624\/2021.<\/li>\n<\/ol>\n<p>&nbsp;<\/p>\n<ol start=\"2\">\n<li><strong>OBJETO<\/strong><\/li>\n<\/ol>\n<p>O presente termo de refer\u00eancia visa orientar a licita\u00e7\u00e3o para a\u00a0<strong>CONTRATA\u00c7\u00c3O DE EMPRESA ESPECIALIZADA NOS SERVI\u00c7OS DE ASSESSORIA EM RECURSOS HUMANOS, FOLHA DE PAGAMENTO, GFIP, RAIS, SIAI-DP, DIRF E DEMAIS ROTINAS PERTINENTES A AREA DE SETOR PESSOAL DA PREFEITURA MUNICIPAL DE VILA FLOR\/RN<\/strong>, Anexo I deste Aviso.<\/p>\n<p>&nbsp;<\/p>\n<ol start=\"3\">\n<li><strong>INFORMA\u00c7\u00d5ES PRELIMINARES<\/strong><\/li>\n<\/ol>\n<p>Os interessados dever\u00e3o proceder, antes da elabora\u00e7\u00e3o das propostas, verifica\u00e7\u00e3o minuciosa de todos os elementos fornecidos, solicitando por escrito ao\u00a0<strong>SETOR DE LICITA\u00c7\u00c3O<\/strong>, via e-mail:\u00a0<a href=\"mailto:atendimento_cosel@salvador.ba.gov.br\"><strong>PMVFLICITACOES2021@GMAIL.COM<\/strong>,<\/a>\u00a0at\u00e9 01 (um) dia \u00fatil antes do prazo final para apresenta\u00e7\u00e3o da documenta\u00e7\u00e3o, as d\u00favidas suscitadas, que ser\u00e3o esclarecidas no pr\u00f3prio e-mail.<\/p>\n<p>&nbsp;<\/p>\n<ol start=\"4\">\n<li><strong>CONDI\u00c7\u00d5ES DE PARTICIPA\u00c7\u00c3O<\/strong>\n<ul>\n<li>Poder\u00e3o participar desta Dispensa de Licita\u00e7\u00e3o, pessoas f\u00edsica ou jur\u00eddica, regularmente estabelecidas no pa\u00eds que atenda \u00e0s condi\u00e7\u00f5es exigidas neste Aviso e seus anexos, devendo pertencer ao ramo da atividade pertinente e compat\u00edvel com o objeto<\/li>\n<\/ul>\n<\/li>\n<\/ol>\n<p>&nbsp;<\/p>\n<ul>\n<li>N\u00e3o poder\u00e3o participar desta Dispensa de Licita\u00e7\u00e3o os interessados:<\/li>\n<\/ul>\n<p>&nbsp;<\/p>\n<ol>\n<li>Proibidos de participar de licita\u00e7\u00f5es e celebrar contratos administrativos, na forma da legisla\u00e7\u00e3o<\/li>\n<li>Que n\u00e3o atendam \u00e0s condi\u00e7\u00f5es deste Aviso e Termo de Refer\u00eancia;<\/li>\n<li>Estrangeiros que n\u00e3o tenham representa\u00e7\u00e3o legal no Brasil com poderes expressos para receber cita\u00e7\u00e3o e responder administrativa ou judicialmente;<\/li>\n<li>Que se enquadrem nas veda\u00e7\u00f5es previstas no artigo 14\u00ba da Lei Federal n\u00b0 133\/21;<\/li>\n<li>Organiza\u00e7\u00f5es da Sociedade Civil de Interesse P\u00fablico \u2013 OSC IP, atuando nessa condi\u00e7\u00e3o (Ac\u00f3rd\u00e3o n\u00b0746\/2014 \u2013 TCU Plen\u00e1rio);<\/li>\n<li>Estejam cumprindo penalidade de suspens\u00e3o tempor\u00e1ria imposta pela Administra\u00e7\u00e3o P\u00fablica Municipal, ou, ainda, penalidade imposta por qualquer \u00f3rg\u00e3o da Administra\u00e7\u00e3o P\u00fablica, nas hip\u00f3teses previstas nos incisos III e IV do 156 da Lei n\u00b0 14.133\/21<\/li>\n<\/ol>\n<p>&nbsp;<\/p>\n<ol start=\"5\">\n<li><strong>ESPECIFICA\u00c7\u00d5ES DO OBJETO, DOTA\u00c7\u00c3O OR\u00c7AMENT\u00c1RIA, PRAZOS E LOCAL DE PRESTA\u00c7\u00c3O DE SERVI\u00c7OS<\/strong><\/li>\n<\/ol>\n<p>As informa\u00e7\u00f5es relativas a especifica\u00e7\u00f5es do objeto, dota\u00e7\u00e3o or\u00e7ament\u00e1ria, prazos e local de entrega est\u00e3o elencadas no termo de Refer\u00eancia anexo I deste Aviso.<\/p>\n<p>&nbsp;<\/p>\n<ol start=\"6\">\n<li><strong>PRAZO E FORMA PARA ENVIO DOS DOCUMENTOS DE HABILITA\u00c7\u00c3O E PROPOSTA DE PRE\u00c7O<\/strong>\n<ul>\n<li><strong>PRAZO DE ENTREGA DOS DOCUMENTOS<\/strong>: Esta chamada p\u00fablica para Dispensa de Licita\u00e7\u00e3o ficar\u00e1 aberta por um per\u00edodo de\u00a0<strong>03 (TR\u00caS) DIAS UT\u00c9IS,\u00a0<\/strong>contados a partir da data de publica\u00e7\u00e3o do\u00a0<strong>AVISO<\/strong>\u00a0<strong>DE DISPENSA DE LICITA\u00c7\u00c3O\u00a0<\/strong>na imprensa<\/li>\n<li>A proposta de pre\u00e7os e os documentos de habilita\u00e7\u00e3o, dever\u00e3o ser encaminhados via e-mail, para o endere\u00e7o eletr\u00f4nico:\u00a0<a href=\"mailto:atendimento_cosel@salvador.ba.gov.br\"><strong>PMVFLICITACOES2021@GMAIL.COM<\/strong>,<\/a>\u00a0fazendo refer\u00eancia no assunto do e-mail a\u00a0<strong>DISPENSA DE LICITA\u00c7\u00c3O N\u00b0 001\/2026.<\/strong><\/li>\n<\/ul>\n<\/li>\n<\/ol>\n<p>&nbsp;<\/p>\n<p>7.\u00a0\u00a0\u00a0\u00a0\u00a0\u00a0\u00a0 PROPOSTAS DE PRE\u00c7OS<\/p>\n<p><strong>\u00a0<\/strong><\/p>\n<ul>\n<li>A proposta de pre\u00e7os dever\u00e1 ser apresentada na forma, prazo e condi\u00e7\u00f5es estipulados neste Aviso e seus<\/li>\n<\/ul>\n<p>&nbsp;<\/p>\n<ul>\n<li>A proposta dever\u00e1 ser redigida em papel timbrado do interessado, por meio mec\u00e2nico ou informatizado, de forma clara e inequ\u00edvoca, sem emendas, rasuras ou entrelinhas, em estrita observ\u00e2ncia \u00e0s especifica\u00e7\u00f5es contidas neste Aviso, assinada na \u00faltima folha e rubricada nas demais pelo seu titular ou representante legal, devidamente identificado, nela constando, obrigatoriamente:<\/li>\n<\/ul>\n<p>&nbsp;<\/p>\n<ol>\n<li>Raz\u00e3o Social, CNPJ, endere\u00e7o, CEP, telefone\/ e-mail e pessoa de contato;<\/li>\n<li>Pre\u00e7os de acordo com os praticados no mercado, dento do pre\u00e7o m\u00e1ximo que a SEMOP se disp\u00f5e a pagar, em algarismo e por extenso, s\u00f3 reajust\u00e1veis na forma da lei, com valores expressos em moeda corrente nacional (R$). Ocorrendo diverg\u00eancia entre o pre\u00e7o em algarismo e o expresso por extenso, ser\u00e1 levado em conta por extenso.<\/li>\n<li>Prazo de validade de proposta n\u00e3o inferior a 90 (noventa) dias, a contar da data de sua apresenta\u00e7\u00e3o, sendo facultado aos proponentes estender tal validade por prazo<\/li>\n<\/ol>\n<p>&nbsp;<\/p>\n<ul>\n<li>A proposta de pre\u00e7os apresentada dever\u00e1 incluir todas e quaisquer despesas necess\u00e1rias para a execu\u00e7\u00e3o do objeto desta Dispensa de Licita\u00e7\u00e3o, tais como: tributos, emolumentos, contribui\u00e7\u00f5es sociais, fiscais, parafiscais, fretes, seguros e demais despesas inerentes, devendo o pre\u00e7o ofertado corresponder rigorosamente \u00e0s especifica\u00e7\u00f5es do objeto, n\u00e3o cabendo quaisquer reivindica\u00e7\u00f5es devidas a erros nessa avalia\u00e7\u00e3o, para efeito de solicitar revis\u00e3o de pre\u00e7os.<\/li>\n<\/ul>\n<p>&nbsp;<\/p>\n<ul>\n<li>A proposta de pre\u00e7os que n\u00e3o estiver em conson\u00e2ncia com as exig\u00eancias deste Aviso ser\u00e1<\/li>\n<\/ul>\n<p>&nbsp;<\/p>\n<ul>\n<li>Os pre\u00e7os ofertados n\u00e3o poder\u00e3o exceder os pre\u00e7os m\u00e1ximos, constantes neste<\/li>\n<\/ul>\n<p>&nbsp;<\/p>\n<p>8.\u00a0\u00a0\u00a0\u00a0\u00a0\u00a0\u00a0 DOCUMENTA\u00c7\u00c3O DE HABILITA\u00c7\u00c3O<\/p>\n<p><strong>\u00a0<\/strong><\/p>\n<ul>\n<li>Para fins de comprova\u00e7\u00e3o de habilita\u00e7\u00e3o, dever\u00e3o ser apresentados junto com a proposta de pre\u00e7os, os documentos abaixo relacionados, com prazo vigente, \u00e0 exce\u00e7\u00e3o daqueles que por sua natureza n\u00e3o contenham validade:<\/li>\n<\/ul>\n<p>&nbsp;<\/p>\n<ul>\n<li><strong><u>Habilita\u00e7\u00e3o Jur\u00eddica<\/u><\/strong>\n<ol>\n<li>Ato constitutivo, estatuto ou contrato social em vigor, devidamente registrado ou inscrito;<\/li>\n<li>Em se tratando de Microempreendedor individual \u2014 MEI: Certificado da Condi\u00e7\u00e3o de Microempreendedor Individual \u2013 CCMEI;<\/li>\n<\/ol>\n<\/li>\n<\/ul>\n<p>&nbsp;<\/p>\n<ul>\n<li><strong><u>Regularidade Fiscal e Trabalhista<\/u><\/strong>\n<ol start=\"8\">\n<li>Certid\u00e3o Conjunta Negativa de D\u00e9bitos, relativa aos tributos federais e \u00e0 D\u00edvida Ativa da Uni\u00e3o, no \u00e2mbito da RFB e da PGFN abrangendo inclusive as contribui\u00e7\u00f5es sociais previstas nas al\u00edneas \u201ca\u201d e \u201cd\u201d do par\u00e1grafo \u00fanico do art. 11 da Lei n.\u00ba 8.212, de 24 de julho de 1991, com base na Portaria Conjunta RFB\/PGFN no 751, de 02\/10\/2014.<\/li>\n<li>Prova de inscri\u00e7\u00e3o no cadastro de contribuintes estadual e\/ou Municipal, se houver, relativo ao domicilio ou sede do interessado, pertinente ao seu ramo de atividade e compat\u00edvel com o objeto<\/li>\n<li>Prova de regularidade com a Fazenda Estadual relativo ao domicilio ou sede do interessado;<\/li>\n<li>Prova de regularidade com a Fazenda Municipal do relativo ao domicilio ou sede do interessado;<\/li>\n<li>Prova de regularidade com o Fundo de Garantia por Tempo de Servi\u00e7o (FGTS), mediante a apresenta\u00e7\u00e3o de Certificado de Regularidade de Situa\u00e7\u00e3o\/CRF.<\/li>\n<li>Prova de inexist\u00eancia de d\u00e9bitos inadimplidos perante a justi\u00e7a do trabalho, mediante a apresenta\u00e7\u00e3o de Certid\u00e3o Negativa de D\u00e9bitos Trabalhistas (CNDT), com prazo de validade de 180 (cento e oitenta dias), contados da data de sua emiss\u00e3o, de acordo com a Legisla\u00e7\u00e3o federal \u201cLei n\u00ba 440, de 07 de julho de 2011\u201d.<\/li>\n<li>Prova de inscri\u00e7\u00e3o de Cadastro Nacional de Pessoas Jur\u00eddicas CNPJ;<\/li>\n<\/ol>\n<\/li>\n<\/ul>\n<p>&nbsp;<\/p>\n<ul>\n<li><strong><u>Qualifica\u00e7\u00e3o T\u00e9cnica<\/u><\/strong>\n<ol>\n<li>Apresenta\u00e7\u00e3o de pelo menos 01 (um) atestado em nome da pessoa jur\u00eddica, fornecido por pessoa jur\u00eddica de direito p\u00fablico ou privado, suficientes para comprovar a aptid\u00e3o em execu\u00e7\u00e3o de objetos similares ao desta contrata\u00e7\u00e3o.\n<ul>\n<li>O(s) atestado(s) dever\u00e1(\u00e3o) ser apresentado(s) constando as seguintes informa\u00e7\u00f5es da emitente: papel timbrado, CNPJ, endere\u00e7o, telefone, data de emiss\u00e3o, nome e cargo\/fun\u00e7\u00e3o de quem assina o documento, bem como conter objeto, atividades desenvolvidas e per\u00edodo da contrata\u00e7\u00e3o.<\/li>\n<li>N\u00e3o ser\u00e3o aceitos atestados emitidos por empresas do mesmo grupo empresarial da promitente contratada ou pela pr\u00f3pria pessoa jur\u00eddica e\/ou emitidos por empresas, das quais participem s\u00f3cios ou diretores da promitente<\/li>\n<\/ul>\n<\/li>\n<\/ol>\n<\/li>\n<\/ul>\n<p>&nbsp;<\/p>\n<ul>\n<li><strong><u>Qualifica\u00e7\u00e3o econ\u00f4mico-financeira<\/u><\/strong>\n<ol>\n<li>Certid\u00e3o negativa de fal\u00eancia, recupera\u00e7\u00e3o judicial ou extrajudicial ou execu\u00e7\u00e3o patrimonial, conforme o caso, expedida pelo distribuidor da sede do\n<ul>\n<li>Caso o licitante encontre-se em recupera\u00e7\u00e3o judicial, admite-se a participa\u00e7\u00e3o, em licita\u00e7\u00f5es, desde que amparadas em certid\u00e3o emitida pela inst\u00e2ncia judicial competente afirmando que a interessada est\u00e1 apta econ\u00f4mica e financeiramente a participar de procedimento licitat\u00f3rio, na forma do Ac\u00f3rd\u00e3o TCU \u2013 Plen\u00e1rio \u2013 1201\/2020.<\/li>\n<\/ul>\n<\/li>\n<\/ol>\n<\/li>\n<\/ul>\n<p>&nbsp;<\/p>\n<ul>\n<li><strong><u>Documenta\u00e7\u00e3o Complementar de Habilita\u00e7\u00e3o<\/u><\/strong>\n<ol start=\"14\">\n<li>Declara\u00e7\u00e3o de que n\u00e3o est\u00e1 incurso nos impedimentos de que trata o art.14 da Federal n\u00b0 133\/2021, conforme modelo ANEXO IV;<\/li>\n<li>Declara\u00e7\u00e3o de que cumpre as exig\u00eancias de reserva de cargos para Pessoas com Defici\u00eancia \u2014 PcD e para reabilitado da Previd\u00eancia Social, previstas em lei e normas espec\u00edficas, conforme modelo ANEXO III;<\/li>\n<li>Certid\u00e3o Negativa de Cadastro Nacional de Empresas Inid\u00f4neas e Suspensas \u2014 CEIS<\/li>\n<li>Certid\u00e3o Negativa de Cadastro Nacional de Empresas P\u00fablicas \u2014 CNE<\/li>\n<li>Declara\u00e7\u00e3o assinada pelo titular ou representante legal da Requerente, devidamente identificado, em conformidade com o disposto no XXXIII, art. 7\u00ba, da Constitui\u00e7\u00e3o Federal (Modelo no\u00a0<strong>Anexo IV\u00a0<\/strong>deste Aviso).<\/li>\n<\/ol>\n<\/li>\n<\/ul>\n<p>&nbsp;<\/p>\n<p>9.\u00a0\u00a0\u00a0\u00a0\u00a0\u00a0\u00a0 CRIT\u00c9RIO DE JULGAMENTO<\/p>\n<p><strong>\u00a0<\/strong><\/p>\n<ul>\n<li><strong><u>PROPOSTAS DE PRE\u00c7OS<\/u><\/strong><\/li>\n<\/ul>\n<p>&nbsp;<\/p>\n<ul>\n<li>As propostas apresentadas em conson\u00e2ncia com as exig\u00eancias do Aviso ser\u00e3o classificadas e ser\u00e1 declara vencedora a que apresentar o menor pre\u00e7o.<\/li>\n<\/ul>\n<p>&nbsp;<\/p>\n<ul>\n<li>Os interessados que apresentarem proposta de pre\u00e7os com diverg\u00eancia \u00e0s exig\u00eancias deste Aviso e seus anexos ser\u00e1<\/li>\n<\/ul>\n<p>&nbsp;<\/p>\n<ul>\n<li><strong><u>HABILITA\u00c7\u00c3O<\/u><\/strong>\n<ul>\n<li>Ser\u00e1 habilitado o interessado que atender todas as condi\u00e7\u00f5es do Aviso e seus<\/li>\n<li>Ser\u00e1 inabilitada o interessado que n\u00e3o atender as condi\u00e7\u00f5es do Aviso e seus<\/li>\n<\/ul>\n<\/li>\n<\/ul>\n<p>&nbsp;<\/p>\n<p>10.\u00a0\u00a0\u00a0\u00a0\u00a0 OBRIGA\u00c7\u00d5ES, PENALIDADES E SAN\u00c7\u00d5ES<\/p>\n<p><strong>\u00a0<\/strong><\/p>\n<p>As obriga\u00e7\u00f5es, penalidades e sans\u00f5es est\u00e3o elencadas no Termo de Refer\u00eancia, anexo I deste Aviso e s\u00e3o parte integrante independente de transcri\u00e7\u00e3o.<\/p>\n<p>&nbsp;<\/p>\n<p>11.\u00a0\u00a0\u00a0\u00a0\u00a0\u00a0\u00a0\u00a0 DISPOSI\u00c7\u00d5ES GERAIS<\/p>\n<p><strong>\u00a0<\/strong><\/p>\n<ul>\n<li>O interessado n\u00e3o poder\u00e1 alegar como justificativa para se eximir das obriga\u00e7\u00f5es assumidas, o desconhecimento das condi\u00e7\u00f5es para participa\u00e7\u00e3o desta Dispensa de Licita\u00e7\u00e3o.<\/li>\n<li>Poder\u00e1 esta Secretaria Municipal da Prefeitura Municipal de Vila Flor, revogar o presente Aviso, no todo em parte, por conveni\u00eancia administrativa e interesse p\u00fablico, decorrente de falo superveniente, devidamente<\/li>\n<li>A Secretaria Municipal da Prefeitura Municipal de Vila Flor poder\u00e1 anular o presente Aviso, no todo em parte, caso ocorra ilegalidade, de oficio ou por provoca\u00e7\u00e3o. A anula\u00e7\u00e3o do procedimento oriundo deste Aviso, n\u00e3o gera direito a indeniza\u00e7\u00e3o.<\/li>\n<li>Ap\u00f3s a fase de classifica\u00e7\u00e3o da proposta, n\u00e3o cabe desist\u00eancia da mesma, salvo por motivo justo decorrente de fato superveniente, e desde que aceito pela PREFEITURA MUNICIPAL.<\/li>\n<li>Ao apresentar a proposta de pre\u00e7os, o interessado declara sob as penalidades da Lei, da inexist\u00eancia de qualquer v\u00ednculo de natureza t\u00e9cnica, comercial, econ\u00f4mica, financeira ou trabalhista, entre si e os respons\u00e1veis por esta Dispensa de Licita\u00e7\u00e3o, quer direta ou<\/li>\n<li>A apresenta\u00e7\u00e3o de proposta pressup\u00f5e o pleno conhecimento, atendimento e aceita\u00e7\u00e3o integral e irretrat\u00e1vel, por parte do interessado, das exig\u00eancias e condi\u00e7\u00f5es estabelecidas neste Aviso e Termo de Refer\u00eancia.<\/li>\n<li>A falsidade de qualquer documento apresentado ou a inverdade das informa\u00e7\u00f5es nele contidas implicar\u00e1 a imediata desclassifica\u00e7\u00e3o\/inabilita\u00e7\u00e3o do interessado que o tiver apresentado, ou, caso tenha sido o vencedor, a rescis\u00e3o do contrato ou do pedido de compra, sem preju\u00edzo de demais san\u00e7\u00f5es cab\u00edveis.<\/li>\n<li>Na contagem dos prazos estabelecidos neste Aviso, com fulcro no Art 183 da Lei Federal 133\/2021, ser\u00e3o contados com exclus\u00e3o do dia do come\u00e7o e inclus\u00e3o do dia do vencimento, observando-se as seguintes disposi\u00e7\u00f5es:\n<ol>\n<li>os prazos expressos em dias corridos ser\u00e3o computados de modo cont\u00ednuo;<\/li>\n<li>os prazos expressos em meses ou anos ser\u00e3o computados de data a data;<\/li>\n<li>nos prazos expressos em dias \u00fateis, ser\u00e3o computados somente os dias em que ocorrer expediente administrativo no \u00f3rg\u00e3o ou entidade competente.<\/li>\n<\/ol>\n<\/li>\n<\/ul>\n<p>&nbsp;<\/p>\n<ul>\n<li>Salvo disposi\u00e7\u00e3o em contr\u00e1rio, considera-se dia do come\u00e7o do prazo:\n<ol>\n<li>o primeiro dia \u00fatil seguinte ao da disponibiliza\u00e7\u00e3o da informa\u00e7\u00e3o na<\/li>\n<\/ol>\n<\/li>\n<\/ul>\n<p>Vila Flor\/RN, em 05 de janeiro de 2026.<\/p>\n<p>&nbsp;<\/p>\n<p>Kedson Jos\u00e9 de Lima<\/p>\n<p><strong>Agente de Contrata\u00e7\u00e3o<\/strong><\/p>\n<p><strong>\u00a0<\/strong><\/p>\n<p>DISPENSA DE LICITA\u00c7\u00c3O N\u00b0 001\/2026<\/p>\n<p>SETOR DE LICITA\u00c7\u00c3O<\/p>\n<p>ANEXO I \u2013 TERMO DE REFER\u00caNCIA<\/p>\n<p>1.\u00a0\u00a0\u00a0 OBJETO<\/p>\n<p><strong>\u00a0<\/strong><\/p>\n<p>O presente termo de refer\u00eancia visa orientar a licita\u00e7\u00e3o para a\u00a0<strong>CONTRATA\u00c7\u00c3O DE EMPRESA ESPECIALIZADA NOS SERVI\u00c7OS DE ASSESSORIA EM RECURSOS HUMANOS, FOLHA DE PAGAMENTO, GFIP, RAIS, SIAI-DP, DIRF E DEMAIS ROTINAS PERTINENTES A AREA DE SETOR PESSOAL DA PREFEITURA MUNICIPAL DE VILA FLOR\/RN<\/strong>.<\/p>\n<p>2.\u00a0\u00a0\u00a0 JUSTIFICATIVA<\/p>\n<p>A justificativa para a terceiriza\u00e7\u00e3o deste servi\u00e7o de assessoria fundamenta-se nos princ\u00edpios da efici\u00eancia e da economicidade que regem a Administra\u00e7\u00e3o P\u00fablica. Ao contratar uma empresa especializada, a Prefeitura de Vila Flor assegura o acesso a tecnologias de ponta e profissionais atualizados com as \u00faltimas decis\u00f5es dos tribunais superiores e \u00f3rg\u00e3os de controle, sem a necessidade de investir constantemente em treinamentos exaustivos ou na cria\u00e7\u00e3o de novos cargos efetivos de alta especializa\u00e7\u00e3o t\u00e9cnica, o que geraria maior impacto no \u00edndice de gastos com pessoal.<\/p>\n<p>A presen\u00e7a de uma consultoria externa atua como uma camada de auditoria preventiva. Isso justifica-se pela minimiza\u00e7\u00e3o de erros no c\u00e1lculo de proventos, descontos e encargos sociais, evitando que o munic\u00edpio venha a sofrer condena\u00e7\u00f5es em processos trabalhistas ou administrativos por interpreta\u00e7\u00f5es equivocadas da legisla\u00e7\u00e3o. A regularidade perante o SIAI-DP e outros \u00f3rg\u00e3os fiscalizadores garante que o munic\u00edpio permane\u00e7a adimplente, permitindo o recebimento de transfer\u00eancias volunt\u00e1rias, conv\u00eanios e recursos federais essenciais para o desenvolvimento de obras e servi\u00e7os em Vila Flor.<\/p>\n<p>Ademais, a contrata\u00e7\u00e3o se justifica pela celeridade processual. O setor de recursos humanos \u00e9 o cora\u00e7\u00e3o administrativo da prefeitura; se ele falha, toda a m\u00e1quina p\u00fablica \u00e9 afetada. Ter uma assessoria dedicada exclusivamente ao cumprimento de prazos de entrega de declara\u00e7\u00f5es e ao suporte nas rotinas de setor pessoal permite que a gest\u00e3o municipal foque suas energias e servidores nas atividades-fim, como sa\u00fade e educa\u00e7\u00e3o, garantindo que a retaguarda administrativa funcione com precis\u00e3o cir\u00fargica, transpar\u00eancia e em total conformidade com a Lei de Responsabilidade Fiscal.<\/p>\n<p>3.\u00a0\u00a0\u00a0 FUNDAMENTA\u00c7\u00d5ES LEGAIS<\/p>\n<p><strong>\u00a0<\/strong><\/p>\n<ul>\n<li>O objeto deste Termo de Refer\u00eancia tem amparo legal nas normas gerais de licita\u00e7\u00e3o e contrata\u00e7\u00e3o para as Administra\u00e7\u00f5es P\u00fablicas diretas, aut\u00e1rquicas e fundacionais, integralmente, na Lei 14.133\/2021, que institui, no \u00e2mbito da Uni\u00e3o, Estados, Distrito Federal e Munic\u00edpios, nos termos do art. 37, inciso XXI, da Constitui\u00e7\u00e3o Federal.<\/li>\n<li>75, inciso II da Lei 14.133\/2021.<\/li>\n<\/ul>\n<p>&nbsp;<\/p>\n<p>4. RESULTADOS PRETENDIDOS<\/p>\n<p>Conformidade Legal e Fiscal Plena<\/p>\n<p data-path-to-node=\"5\">O resultado prim\u00e1rio \u00e9 a garantia de que 100% das obriga\u00e7\u00f5es acess\u00f3rias, como eSocial, GFIP, RAIS e DIRF, sejam transmitidas dentro dos prazos legais e com total fidedignidade de dados. Espera-se a elimina\u00e7\u00e3o de multas por atraso ou preenchimento incorreto, bem como a manuten\u00e7\u00e3o da regularidade fiscal e previdenci\u00e1ria do munic\u00edpio, assegurando a obten\u00e7\u00e3o da Certid\u00e3o Negativa de D\u00e9bitos (CND), documento essencial para a celebra\u00e7\u00e3o de conv\u00eanios e recebimento de repasses de recursos estaduais e federais.<\/p>\n<p data-path-to-node=\"6\">Alinhamento com os \u00d3rg\u00e3os de Controle<\/p>\n<p data-path-to-node=\"7\">Pretende-se alcan\u00e7ar uma interface de excel\u00eancia com o Tribunal de Contas do Estado do Rio Grande do Norte (TCE\/RN). O resultado esperado \u00e9 o envio impec\u00e1vel de dados via sistema SIAI-DP, reduzindo drasticamente o n\u00famero de alertas, notifica\u00e7\u00f5es ou dilig\u00eancias por parte dos auditores. Isso resulta em maior celeridade na aprova\u00e7\u00e3o das contas anuais e na transpar\u00eancia p\u00fablica, permitindo que os atos de pessoal (admiss\u00f5es, aposentadorias e pens\u00f5es) sejam homologados sem intercorr\u00eancias t\u00e9cnicas.<\/p>\n<p data-path-to-node=\"8\">Otimiza\u00e7\u00e3o da Gest\u00e3o de Er\u00e1rio<\/p>\n<p data-path-to-node=\"9\">Um resultado estrat\u00e9gico fundamental \u00e9 a precis\u00e3o absoluta no c\u00e1lculo da folha de pagamento. Com o suporte especializado, busca-se evitar pagamentos indevidos, erros em gratifica\u00e7\u00f5es ou reten\u00e7\u00f5es tribut\u00e1rias equivocadas que gerariam passivos trabalhistas futuros. A assessoria deve proporcionar um controle rigoroso sobre os \u00edndices de gastos com pessoal, conforme os limites impostos pela Lei de Responsabilidade Fiscal (LRF), oferecendo relat\u00f3rios gerenciais que auxiliem a tomada de decis\u00e3o do Executivo Municipal sobre novas contrata\u00e7\u00f5es ou reajustes.<\/p>\n<p data-path-to-node=\"10\">Moderniza\u00e7\u00e3o e Seguran\u00e7a dos Processos Internos<\/p>\n<p data-path-to-node=\"11\">Espera-se a implementa\u00e7\u00e3o de um fluxo de trabalho mais din\u00e2mico e seguro no Setor Pessoal. O resultado direto \u00e9 a profissionaliza\u00e7\u00e3o do atendimento ao servidor p\u00fablico de Vila Flor, que passar\u00e1 a contar com contracheques precisos e informa\u00e7\u00f5es previdenci\u00e1rias atualizadas. Internamente, a transfer\u00eancia de conhecimento da assessoria para o quadro permanente da prefeitura eleva o padr\u00e3o de qualidade institucional, garantindo que o hist\u00f3rico funcional dos servidores seja preservado em sistemas robustos e protegidos contra perdas de dados ou manipula\u00e7\u00f5es indevidas.<\/p>\n<ol start=\"5\">\n<li>DOS PRAZOS:<\/li>\n<\/ol>\n<p><strong>\u00a0<\/strong><\/p>\n<ul>\n<li>VIG\u00caNCIA: A vig\u00eancia do contrato dura\u00e7\u00e3o de 12 (Doze) meses, contados a partir da data da assinatura do contrato.<\/li>\n<li>O prazo de presta\u00e7\u00e3o dos servi\u00e7os s\u00e3o de 02 (dois) dias a partir da data da emiss\u00e3o da ordem de servi\u00e7o.<\/li>\n<li>Os prazos de execu\u00e7\u00e3o, de conclus\u00e3o e de entrega admitem prorroga\u00e7\u00e3o, mantidas as demais cl\u00e1usulas do contrato e assegurada a manuten\u00e7\u00e3o de seu equil\u00edbrio econ\u00f4mico financeiro, desde que ocorra algum dos motivos elencados no art. 124, da Lei Federal n\u00ba 14.133\/21, devidamente autuado em processo.<\/li>\n<\/ul>\n<p>&nbsp;<\/p>\n<p>6.\u00a0\u00a0 DO DETALHAMENTO E DA EXECU\u00c7\u00c3O DOS SERVI\u00c7OS<\/p>\n<p>Diagn\u00f3stico e Migra\u00e7\u00e3o de Dados<\/p>\n<p data-path-to-node=\"5\">A execu\u00e7\u00e3o ter\u00e1 in\u00edcio com uma auditoria t\u00e9cnica na base de dados atual da Prefeitura. A contratada dever\u00e1 realizar o levantamento de todos os arquivos magn\u00e9ticos, cadastros de servidores, hist\u00f3ricos funcionais e financeiros. Caso haja troca de sistemas, a empresa ficar\u00e1 respons\u00e1vel pela migra\u00e7\u00e3o \u00edntegra dos dados, garantindo que nenhuma informa\u00e7\u00e3o de tempo de servi\u00e7o ou contribui\u00e7\u00e3o previdenci\u00e1ria seja perdida. Nesta fase, s\u00e3o identificadas inconsist\u00eancias cadastrais que precisam de corre\u00e7\u00e3o imediata para n\u00e3o comprometer o eSocial.<\/p>\n<p data-path-to-node=\"6\">Processamento Mensal da Folha de Pagamento<\/p>\n<p data-path-to-node=\"7\">A execu\u00e7\u00e3o cotidiana envolve o recebimento e o tratamento das movimenta\u00e7\u00f5es de pessoal (frequ\u00eancias, horas extras, licen\u00e7as, concess\u00e3o de gratifica\u00e7\u00f5es e rescis\u00f5es). A empresa dever\u00e1 realizar o processamento eletr\u00f4nico da folha de pagamento de todas as secretarias e fundos municipais, gerando os arquivos de remessa banc\u00e1ria para o pagamento dos servidores e os respectivos contracheques. Este processo inclui o c\u00e1lculo detalhado de tributos retidos na fonte e a apura\u00e7\u00e3o da base de c\u00e1lculo para o Regime Pr\u00f3prio ou Geral de Previd\u00eancia.<\/p>\n<p data-path-to-node=\"8\">Gerenciamento de Obriga\u00e7\u00f5es Acess\u00f3rias e eSocial<\/p>\n<p data-path-to-node=\"9\">Esta etapa consiste na gera\u00e7\u00e3o e transmiss\u00e3o peri\u00f3dica de todas as declara\u00e7\u00f5es exigidas pelos entes federais. A contratada dever\u00e1 alimentar o sistema eSocial mensalmente, enviando os eventos de remunera\u00e7\u00e3o e fechamento, al\u00e9m de realizar a transmiss\u00e3o da GFIP enquanto esta for exigida para fins de FGTS ou compensa\u00e7\u00f5es. Anualmente, a empresa executar\u00e1 o fechamento da DIRF e da RAIS, al\u00e9m de assegurar que todas as informa\u00e7\u00f5es de rendimentos estejam dispon\u00edveis para a Receita Federal, evitando a \u201cmalha fina\u201d para os servidores de Vila Flor.<\/p>\n<p data-path-to-node=\"10\">Alimenta\u00e7\u00e3o do Sistema SIAI-DP (TCE\/RN)<\/p>\n<p data-path-to-node=\"11\">Um ponto cr\u00edtico da execu\u00e7\u00e3o \u00e9 a interface com o Tribunal de Contas do Estado do Rio Grande do Norte. A empresa dever\u00e1 converter os dados da folha para o formato exigido pelo sistema SIAI-DP, enviando mensalmente os arquivos referentes a atos de pessoal, remunera\u00e7\u00f5es e movimenta\u00e7\u00f5es. A execu\u00e7\u00e3o inclui o monitoramento das remessas e a corre\u00e7\u00e3o imediata de quaisquer inconsist\u00eancias apontadas pelo tribunal, garantindo que o munic\u00edpio cumpra os prazos e requisitos da fiscaliza\u00e7\u00e3o eletr\u00f4nica.<\/p>\n<p data-path-to-node=\"12\">Assessoria T\u00e9cnica e Consultoria Jur\u00eddico-Administrativa<\/p>\n<p data-path-to-node=\"13\">Para al\u00e9m do processamento de dados, a execu\u00e7\u00e3o engloba o suporte consultivo direto aos gestores. Isso significa que a contratada dever\u00e1 emitir pareceres t\u00e9cnicos sobre a aplica\u00e7\u00e3o do Estatuto dos Servidores de Vila Flor, realizar simula\u00e7\u00f5es de impacto financeiro para novos planos de carreira e orientar a administra\u00e7\u00e3o sobre mudan\u00e7as na legisla\u00e7\u00e3o previdenci\u00e1ria e trabalhista. O servi\u00e7o inclui tamb\u00e9m o aux\u00edlio na elabora\u00e7\u00e3o de defesas administrativas junto ao TCE\/RN em casos de dilig\u00eancias relacionadas \u00e0 \u00e1rea de pessoal.<\/p>\n<p>7.\u00a0\u00a0\u00a0\u00a0\u00a0 DO PRE\u00c7O:<\/p>\n<p><strong>\u00a0<\/strong><\/p>\n<ul>\n<li>A tabela a seguir engloba os valores das cota\u00e7\u00f5es, ofertados para a presente contrata\u00e7\u00e3o por meio de dispensa de licita\u00e7\u00e3o pelo valor, inclu\u00eddas todas as despesas necess\u00e1rias \u00e0 consecu\u00e7\u00e3o do objeto.<\/li>\n<\/ul>\n<p>&nbsp;<\/p>\n<table width=\"695\">\n<tbody>\n<tr>\n<td width=\"45\"><strong>Item<\/strong><\/td>\n<td width=\"272\"><strong>Nome<\/strong><\/td>\n<td width=\"90\"><strong>Quantidade<\/strong><\/td>\n<td width=\"80\"><strong>Unidade<\/strong><\/td>\n<td width=\"104\"><strong>V. Unit\u00e1rio<\/strong><\/td>\n<td width=\"104\"><strong>V. Total<\/strong><\/td>\n<\/tr>\n<tr>\n<td width=\"45\">1<\/td>\n<td width=\"272\">CONTRATA\u00c7\u00c3O DE EMPRESA ESPECIALIZADA NOS SERVI\u00c7OS DE ASSESSORIA EM RECURSOS HUMANOS, FOLHA DE PAGAMENTO, GFIP, RAIS, SIAI-DP, DIRF E DEMAIS ROTINAS PERTINENTES A AREA DE SETOR PESSOAL DA PREFEITURA MUNICIPAL DE VILA FLOR\/RN<\/td>\n<td width=\"90\">12<\/td>\n<td width=\"80\">M\u00eas<\/td>\n<td width=\"104\">R$ 5.372,22<\/td>\n<td width=\"104\">R$ 64.466,68<\/td>\n<\/tr>\n<\/tbody>\n<\/table>\n<p>&nbsp;<\/p>\n<ul>\n<li>O pre\u00e7o GLOBAL m\u00e1ximo que a contratante se disp\u00f5es a pagar \u00e9\u00a0<strong>R$ 64.466,68 (Sessenta e quatro mil, quatrocentos e sessenta e seis reais e sessenta e oito centavos)\u00a0<\/strong>obtido atrav\u00e9s da m\u00e9dia da pesquisa de mercado, resultante de cota\u00e7\u00e3o de pre\u00e7os com empresas do ramo pertinente e est\u00e1 compat\u00edvel com os valores praticados atualmente no<\/li>\n<\/ul>\n<p>&nbsp;<\/p>\n<ul>\n<li>Processo licitat\u00f3rio destinado, exclusivamente, \u00e0 participa\u00e7\u00e3o das microempresas e empresas de pequeno porte, conforme inciso I, Art. 48 da Lei Complementar 123\/2006 (contrata\u00e7\u00f5es cujo valor seja de at\u00e9 R$ 80.000,00 \u2013 oitenta mil reais) e Art. 4\u00ba da Lei 133\/2021.<\/li>\n<\/ul>\n<p>&nbsp;<\/p>\n<p>8.\u00a0\u00a0\u00a0\u00a0\u00a0 DOTA\u00c7\u00c3O OR\u00c7AMENT\u00c1RIA:<\/p>\n<p><strong>\u00a0<\/strong><\/p>\n<p>A despesa desta contra\u00e7\u00e3o correr\u00e1 pela dota\u00e7\u00e3o or\u00e7ament\u00e1ria vigente no exerc\u00edcio financeiro do ano de 2025.<\/p>\n<p><strong>Classifica\u00e7\u00e3o econ\u00f4mica: \u00a0\u00a0\u00a0 3.3.90.39.00 \u2013 Outros Servi\u00e7os de Terceiros \u2013 Pessoa Jur\u00eddica<\/strong><\/p>\n<p><strong>\u00a0\u00a0\u00a0\u00a0\u00a0\u00a0\u00a0\u00a0\u00a0\u00a0\u00a0<\/strong><\/p>\n<p><strong>\u00d3rg\u00e3o:<\/strong>\u00a0\u00a0\u00a0\u00a0\u00a0\u00a0\u00a0\u00a0\u00a0\u00a0\u00a0\u00a0\u00a0\u00a0\u00a0\u00a0\u00a0\u00a0\u00a0\u00a0\u00a0\u00a0\u00a0\u00a0\u00a0\u00a0\u00a0\u00a0\u00a0\u00a0\u00a0\u00a0\u00a0\u00a0 PREFEITURA MUNICIPAL DE VILA FLOR<\/p>\n<p><strong>Unidade Or\u00e7ament\u00e1ria: \u00a0\u00a0\u00a0\u00a0\u00a0<\/strong>03.001 \u2013 Secretaria Municipal de Administra\u00e7\u00e3o<\/p>\n<p>Projeto Atividade: \u00a0\u00a0\u00a0\u00a0\u00a0\u00a0\u00a0\u00a0\u00a0\u00a0\u00a0\u00a0\u00a0\u00a0\u00a0\u00a0 2.007 \u2013 MANUTEN\u00c7\u00c3O DAS A\u00c7\u00d5ES DA SECRETARIA MUNICIPAL DE ADMINISTRA\u00c7\u00c3O<\/p>\n<p>Fonte de Recurso: \u00a0\u00a0\u00a0\u00a0\u00a0\u00a0\u00a0\u00a0\u00a0\u00a0\u00a0\u00a0\u00a0\u00a0\u00a0\u00a0 15000000 \u2013 Recursos N\u00e3o Vinculados de Impostos<\/p>\n<p>&nbsp;<\/p>\n<p>9.\u00a0\u00a0\u00a0\u00a0\u00a0\u00a0\u00a0\u00a0\u00a0 DO CRIT\u00c9RIO DE ACEITA\u00c7\u00c3O DO OBJETO<\/p>\n<p><strong>\u00a0<\/strong><\/p>\n<p>Os objetos da contrata\u00e7\u00e3o ser\u00e3o aceitos pela administra\u00e7\u00e3o p\u00fablica t\u00e3o somente no caso de serem ofertados em estrita conformidade com as especifica\u00e7\u00f5es e exig\u00eancias constantes no presente Termo de Refer\u00eancia, livres de quaisquer \u00f4nus ou embara\u00e7os e entregues no local e dentro do prazo exigido;<\/p>\n<p>&nbsp;<\/p>\n<p>10.\u00a0\u00a0\u00a0\u00a0\u00a0 FORMA DE PAGAMENTO:<\/p>\n<ul>\n<li>No valor global deste j\u00e1 est\u00e3o inclusas todas as despesas com tributos, contribui\u00e7\u00f5es fiscais e parafiscais, emolumentos, frete, seguros e quaisquer outras que forem<\/li>\n<\/ul>\n<p>&nbsp;<\/p>\n<ul>\n<li>O pagamento ser\u00e1 realizado pela unidade compradora atrav\u00e9s de cr\u00e9dito em conta corrente indicada na declara\u00e7\u00e3o ou documento similar fornecido por estabelecimento banc\u00e1rio, no prazo de at\u00e9 15 (quinze) dias \u00fateis, contados da entrega da nota fiscal com planilha de composi\u00e7\u00e3o de custos e respectivos comprovantes e a aprova\u00e7\u00e3o das mesmas pela \u00e1rea t\u00e9cnica. A Nota Fiscal dever\u00e1 ser emitida por meio eletr\u00f4nico.<\/li>\n<\/ul>\n<p>&nbsp;<\/p>\n<ul>\n<li>Nenhum pagamento ser\u00e1 efetuado \u00e0 CONTRATADA enquanto pendente de liquida\u00e7\u00e3o qualquer obriga\u00e7\u00e3o financeira que lhe for imposta, em virtude de penalidade ou inadimpl\u00eancia, sem que isso gere direito a reajuste de pre\u00e7o.<\/li>\n<\/ul>\n<p>&nbsp;<\/p>\n<ul>\n<li>Havendo na Nota Fiscal ou descumprimento das condi\u00e7\u00f5es pactuadas, no todo ou em parte, a tramita\u00e7\u00e3o ser\u00e1 suspensa para que a CONTRATADA adote as provid\u00eancias necess\u00e1rias \u00e0 sua corre\u00e7\u00e3o. Passar\u00e1 a ser considerada, para efeito de pagamento, a data de reapresenta\u00e7\u00e3o da fatura, devidamente<\/li>\n<\/ul>\n<p>&nbsp;<\/p>\n<ul>\n<li>A Administra\u00e7\u00e3o poder\u00e1 sustar no todo ou em parte os pagamentos devidos, sempre que ocorrerem irregularidades na execu\u00e7\u00e3o do objeto do contrato ou no documento de cobran\u00e7a.<\/li>\n<\/ul>\n<p>&nbsp;<\/p>\n<ul>\n<li>A Nota Fiscal dever\u00e1 ser entregue na sede da C\u00e2mara Municipal, atrav\u00e9s do Setor de Protocolo, acompanhada dos seguintes<\/li>\n<\/ul>\n<p>&nbsp;<\/p>\n<p>10.6.1\u00a0\u00a0\u00a0\u00a0\u00a0\u00a0\u00a0\u00a0\u00a0\u00a0\u00a0\u00a0\u00a0\u00a0\u00a0\u00a0\u00a0\u00a0\u00a0\u00a0\u00a0 Nota Fiscal Eletr\u00f4nica de Servi\u00e7os, contendo o per\u00edodo do Servi\u00e7o e o n\u00famero do Contrato;<\/p>\n<p><strong>\u00a0<\/strong><\/p>\n<ul>\n<li><strong>Demonstrativo de faturamento demonstrando o quantitativo de servi\u00e7o realizado;<\/strong><\/li>\n<\/ul>\n<p><strong>\u00a0<\/strong><\/p>\n<p>10.6.3\u00a0\u00a0\u00a0\u00a0\u00a0\u00a0\u00a0\u00a0\u00a0\u00a0\u00a0\u00a0\u00a0\u00a0\u00a0\u00a0\u00a0\u00a0\u00a0\u00a0\u00a0 Certid\u00f5es negativas ou positivas com efeitos de negativa de regularidade fiscal federal, estadual, municipal e com a Justi\u00e7a do Trabalho (CNDT);<\/p>\n<p><strong>\u00a0<\/strong><\/p>\n<ul>\n<li><strong>Certificado de regularidade vigente com o FGTS;<\/strong><\/li>\n<\/ul>\n<p><strong>\u00a0<\/strong><\/p>\n<p>10.6.5\u00a0\u00a0\u00a0\u00a0\u00a0\u00a0\u00a0\u00a0\u00a0\u00a0\u00a0\u00a0\u00a0\u00a0\u00a0\u00a0\u00a0\u00a0\u00a0\u00a0\u00a0 C\u00f3pia do Instrumento Contratual com sua Publica\u00e7\u00e3o e aditamentos, se houver.<\/p>\n<p>&nbsp;<\/p>\n<ol start=\"11\">\n<li><strong>DOCUMENTOS DE QUALIFICA\u00c7\u00c3O T\u00c9CNICA E ECON\u00d4MICO-FINANCEIRA<\/strong><\/li>\n<\/ol>\n<p><strong>\u00a0<\/strong><\/p>\n<ul>\n<li><strong>Qualifica\u00e7\u00e3o T\u00e9cnica\u00a0<\/strong>ser\u00e1 comprovada mediante a apresenta\u00e7\u00e3o dos seguintes documentos:<\/li>\n<\/ul>\n<p>&nbsp;<\/p>\n<ul>\n<li>Apresenta\u00e7\u00e3o de Atestado de capacidade t\u00e9cnica, fornecidos por pessoa jur\u00eddica de direito p\u00fablico ou privado, pertinente e compat\u00edvel com o objeto da licita\u00e7\u00e3o. N\u00e3o ser\u00e3o aceitos atestados emitidos por empresas do mesmo grupo empresarial da Concorrente ou pela pr\u00f3pria Concorrente e\/ou emitidos porem presas, das quais participem s\u00f3cio sou diretores da<\/li>\n<\/ul>\n<p>12.\u00a0\u00a0\u00a0\u00a0\u00a0 OBRIGA\u00c7\u00d5ES<\/p>\n<p><strong>\u00a0<\/strong><\/p>\n<ul>\n<li><strong>DA CONTRATANTE\u00a0<\/strong>\u2013 A Contratante estar\u00e1 obrigado a:<\/li>\n<\/ul>\n<p>&nbsp;<\/p>\n<ul>\n<li>Efetuar o pagamento ajustado;<\/li>\n<li>Dar a CONTRATADA as condi\u00e7\u00f5es necess\u00e1rias para a regular execu\u00e7\u00e3o do contrato;<\/li>\n<li>Fiscalizar e acompanhar a execu\u00e7\u00e3o do contrato;<\/li>\n<li>receber ou n\u00e3o, os produtos fornecidos pela CONTRATADA;<\/li>\n<li>Efetuar o pagamento da Notas Fiscal emitida pela CONTRATADA, desde que devidamente atestada pelo fiscal do contrato, na forma da Cl\u00e1usula Terceira deste Contrato;<\/li>\n<li>Notificar a CONTRATADA, por escrito, de modifica\u00e7\u00f5es introduzidas nas especifica\u00e7\u00f5es dos produtos, sempre que houver necessidade de aprimoramento ou corre\u00e7\u00e3o de documentos;<\/li>\n<li>Notificar a CONTRATADA, por escrito, e com seu expresso ciente, fixando-lhe prazo para corrigir defeitos ou irregularidades verificadas na execu\u00e7\u00e3o do Contrato, bem como da eventual aplica\u00e7\u00e3o de multas previstas no<\/li>\n<\/ul>\n<p>&nbsp;<\/p>\n<ul>\n<li><strong>DA CONTRATADA\u00a0<\/strong>\u2013 A Contratada estar\u00e1 obrigado a:<\/li>\n<\/ul>\n<p>&nbsp;<\/p>\n<ul>\n<li>Realizar o fornecimento obedecendo todas as condi\u00e7\u00f5es ora estabelecidas, sem preju\u00edzo de outros encargos previstos em Lei e com observ\u00e2ncia das recomenda\u00e7\u00f5es ditadas pela fiscaliza\u00e7\u00e3o da CONTRATANTE, nas condi\u00e7\u00f5es indicadas na proposta apresentada.<\/li>\n<li>Todos os custos com m\u00e3o de obra, materiais e transporte, EPI\u2019s, impostos, taxas ser\u00e3o por conta da<\/li>\n<li>Manter, durante toda a execu\u00e7\u00e3o do Contrato, em compatibilidade com as obriga\u00e7\u00f5es assumidas, todas as condi\u00e7\u00f5es de habilita\u00e7\u00e3o;<\/li>\n<li>Efetuar o pagamento de todos os impostos, taxas e quaisquer outros encargos fiscais, de origem federal, estadual ou municipal, vigentes, bem como de quaisquer despesas judiciais ou extrajudiciais, que lhe venham a ser imputadas, inclusive em rela\u00e7\u00e3o a terceiros, decorrentes de a\u00e7\u00e3o ou omiss\u00e3o dolosa ou culposa de prepostos da CONTRATADA;<\/li>\n<li>Efetuar o pagamento dos sal\u00e1rios, encargos sociais, trabalhistas, previdenci\u00e1rios, adicionais, despesas de transporte, estada e\/ou di\u00e1rias, alimenta\u00e7\u00e3o, alojamento e quaisquer outras despesas com o seu pessoal encarregado dos servi\u00e7os objeto deste contrato, competindo-lhe, tamb\u00e9m, observar, rigorosamente, as disposi\u00e7\u00f5es da Consolida\u00e7\u00e3o das Leis do Trabalho e da legisla\u00e7\u00e3o correlata.<\/li>\n<\/ul>\n<p>&nbsp;<\/p>\n<p>13.\u00a0\u00a0\u00a0\u00a0\u00a0 DAS PENALIDADES E SAN\u00c7\u00d5ES<\/p>\n<p>&nbsp;<\/p>\n<ul>\n<li><strong>SAN\u00c7\u00d5ES\u00a0<\/strong>\u2013 Ao\u00a0<strong>LICITANTE\u00a0<\/strong>que incidir nas hip\u00f3teses abaixo relacionadas ser\u00e1 aplicada a seguinte san\u00e7\u00e3o, graduada conforme a gravidade da infra\u00e7\u00e3o, sem preju\u00edzo de san\u00e7\u00f5es civis e criminais, ap\u00f3s o pr\u00e9vio processo administrativo, garantida a ampla defesa e o contradit\u00f3rio:<\/li>\n<\/ul>\n<p>&nbsp;<\/p>\n<ul>\n<li><strong>Impedimento de licitar e contratar com a Administra\u00e7\u00e3o P\u00fablica\u00a0<\/strong>pelo prazo de at\u00e9 5 (cinco) anos, quando:<\/li>\n<\/ul>\n<p>&nbsp;<\/p>\n<ul>\n<li>N\u00e3o celebrar o contrato;<\/li>\n<li>n\u00e3o entregar a documenta\u00e7\u00e3o exigida no edital;<\/li>\n<li>Apresentar documenta\u00e7\u00e3o falsa;<\/li>\n<li>N\u00e3o mantiver a proposta;<\/li>\n<li>declarar informa\u00e7\u00f5es falsas; e\/ou<\/li>\n<li>Cometer fraude<\/li>\n<\/ul>\n<p>&nbsp;<\/p>\n<ul>\n<li><strong>PENALIDADES\u00a0<\/strong>\u2013 \u00c0 CONTRATADA que cometer infra\u00e7\u00f5es, descumprirem total ou parcialmente os contratos, ajustes ou acordos celebrados com a Administra\u00e7\u00e3o P\u00fablica Municipal, ser\u00e3o aplicadas as seguintes penalidades:<\/li>\n<\/ul>\n<p>&nbsp;<\/p>\n<ul>\n<li><strong>Advert\u00eancia\u00a0<\/strong>\u2013 comunica\u00e7\u00e3o formal ao fornecedor, sobre o descumprimento de contratos e outras obriga\u00e7\u00f5es assumidas, quando ocorrer atraso na presta\u00e7\u00e3o do servi\u00e7o, em at\u00e9 10 (dez) dias da data estipulada para tanto<\/li>\n<\/ul>\n<p>&nbsp;<\/p>\n<ul>\n<li><strong>Multa\u00a0<\/strong>\u2013 pena pecuni\u00e1ria em favor da Administra\u00e7\u00e3o Municipal pelos preju\u00edzos causados decorrentes do descumprimento de obriga\u00e7\u00f5es legais e<\/li>\n<\/ul>\n<p>&nbsp;<\/p>\n<ul>\n<li><strong>Suspens\u00e3o\u00a0<\/strong>\u2013 ato formal de impedimento tempor\u00e1rio para licitar, e contratar com a Administra\u00e7\u00e3o P\u00fablica Municipal.<\/li>\n<\/ul>\n<p>&nbsp;<\/p>\n<ul>\n<li><strong>Declara\u00e7\u00e3o de inidoneidade\u00a0<\/strong>\u2013 declara\u00e7\u00e3o da qualidade de impr\u00f3prio, de desqualificado, de inconveniente, de incapaz e A declara\u00e7\u00e3o de inidoneidade impede o fornecedor de licitar e contratar com a Administra\u00e7\u00e3o P\u00fablica.<\/li>\n<\/ul>\n<p>&nbsp;<\/p>\n<ul>\n<li>Ser\u00e3o aplicadas as seguintes penalidades, graduadas conforme a gravidade da infra\u00e7\u00e3o, sem preju\u00edzo de san\u00e7\u00f5es civis e criminais, ap\u00f3s o pr\u00e9vio processo administrativo conclusivo, garantido a ampla defesa e o contradit\u00f3rio;\n<ul>\n<li>n\u00e3o atender \u00e0s condi\u00e7\u00f5es da execu\u00e7\u00e3o do servi\u00e7o previstas no edital, termo de refer\u00eancia, contrato ou instrumento equivalente; multa de 10% (dez por cento) a 20% (vinte por cento), al\u00e9m de suspens\u00e3o tempor\u00e1ria de 12 (doze) meses, a depender do preju\u00edzo causado \u00e0 Administra\u00e7\u00e3o P\u00fablica Municipal;<\/li>\n<li>retardar imotivadamente execu\u00e7\u00e3o do servi\u00e7os, ou de suas parcelas quando houver reincid\u00eancia de atraso por mais de 15 (quinze) dias, no caso de fornecimento ou por mais de 30 (trinta) dias no caso de execu\u00e7\u00e3o de obras ou servi\u00e7os:<\/li>\n<\/ul>\n<\/li>\n<li>multa de 0,3% (tr\u00eas d\u00e9cimos por cento) ao dia, at\u00e9 o trig\u00e9simo dia de atraso, sobre o valor da fatura o servi\u00e7os n\u00e3o realizados, ou, ainda, sobre o valor da fatura correspondente \u00e0 etapa do cronograma f\u00edsico do servi\u00e7o n\u00e3o cumprido, al\u00e9m de suspens\u00e3o de 3 (tr\u00eas) meses;<\/li>\n<li>multa de 10% (dez por cento) a 15% (quinze por cento) sobre o valor da fatura da execu\u00e7\u00e3o do servi\u00e7os realizados com atrasos superiores a 30 (trinta) dias, em que n\u00e3o tenha havido o cancelamento da nota de empenho ou documento correspondente, e suspens\u00e3o de 3 (tr\u00eas) meses, a depender do preju\u00edzo causado \u00e0 Administra\u00e7\u00e3o P\u00fablica Municipal;<\/li>\n<\/ul>\n<p>&nbsp;<\/p>\n<ul>\n<li>multa de 20% (vinte por cento) sobre o valor da fatura da execu\u00e7\u00e3o do servi\u00e7os, realizados com atraso superiores a 30 (trinta) dias, em que haja o cancelamento da nota de empenho ou documento correspondente, e suspens\u00e3o de 6 (seis) meses;\n<ul>\n<li>paralisar servi\u00e7os, sem justa causa e pr\u00e9via comunica\u00e7\u00e3o \u00e0 Administra\u00e7\u00e3o: multa de 10% (dez por cento) a 20% (vinte por cento) sobre o valor do contrato ou empenho e suspens\u00e3o de 12 (doze) meses, a depender do preju\u00edzo causado \u00e0 Administra\u00e7\u00e3o P\u00fablica Municipal;<\/li>\n<li>prestar servi\u00e7o em desacordo com o termo de refer\u00eancia de refer\u00eancia, que apresente inseguran\u00e7a no desenvolvimento das atividades ou que comprometa a seguran\u00e7a de pessoas: multa de 10% (dez por cento) a 20% (vinte por cento) sobre o valor do contrato ou empenho e suspens\u00e3o de 12 (doze) meses, a depender do preju\u00edzo causado \u00e0 Administra\u00e7\u00e3o P\u00fablica Municipal;<\/li>\n<li>descumprir, no caso de pessoas jur\u00eddicas prestadoras de servi\u00e7os, obriga\u00e7\u00f5es relativas \u00e0 rela\u00e7\u00e3o de trabalho com seus empregados e prepostos, quanto a verbas previstas e or\u00e7adas nas planilhas que comp\u00f5em a proposta da contratada, especialmente o atraso de pagamento de sal\u00e1rio, 13\u00ba sal\u00e1rio, f\u00e9rias acrescidas de 1\/3, atraso ou n\u00e3o fornecimento de vale-transporte, vale-refei\u00e7\u00e3o ou aux\u00edlio alimenta\u00e7\u00e3o, constantes das respectivas planilhas de pre\u00e7os; multa de 1% (um por cento) sobre o valor mensal da fatura, por evento ocorrido, e suspens\u00e3o de 3 (tr\u00eas) meses;<\/li>\n<li>recusar-se a prestar a garantia contratual, a assinar o contrato ou a receber o empenho; multa de 15% (quinze por cento) sobre o valor do contrato ou empenho e suspens\u00e3o de 6 (seis) meses,<\/li>\n<li>quebrar sigilo, estabelecido em contrato, de informa\u00e7\u00f5es confidenciais sob quaisquer formas; multa de 20% (vinte por cento) sobre o valor do contrato e declara\u00e7\u00e3o de inidoneidade, por um prazo de 2 (dois) anos;<\/li>\n<\/ul>\n<\/li>\n<\/ul>\n<p>&nbsp;<\/p>\n<ul>\n<li>praticar ato il\u00edcito visando frustrar os objetivos da licita\u00e7\u00e3o ou do contrato, no \u00e2mbito da Administra\u00e7\u00e3o Municipal; declara\u00e7\u00e3o de inidoneidade, por um prazo de 2 (dois) anos;<\/li>\n<li>apresentar documentos falsificados, adulterados ou inver\u00eddicos para inscri\u00e7\u00e3o, renova\u00e7\u00e3o ou altera\u00e7\u00e3o no CADFOR ou nos processos licitat\u00f3rios, dispensas ou inexigibilidades de licita\u00e7\u00e3o; declara\u00e7\u00e3o de inidoneidade, por um prazo de 2 (dois) anos;<\/li>\n<\/ul>\n<p>&nbsp;<\/p>\n<ul>\n<li>sofrer condena\u00e7\u00e3o definitiva por praticar, por meio doloso, fraude fiscal no recolhimento de qualquer tributo; declara\u00e7\u00e3o de inidoneidade, por um prazo de 2 (dois)<\/li>\n<\/ul>\n<p>&nbsp;<\/p>\n<ul>\n<li>A suspens\u00e3o tempor\u00e1ria do fornecedor cujo contrato com a Administra\u00e7\u00e3o P\u00fablica Municipal esteja em vigor, impedir\u00e1 o mesmo de participar de outras licita\u00e7\u00f5es e contrata\u00e7\u00f5es no \u00e2mbito do Munic\u00edpio at\u00e9 o cumprimento da penalidade que lhe foi<\/li>\n<\/ul>\n<p>&nbsp;<\/p>\n<ul>\n<li>A declara\u00e7\u00e3o de inidoneidade para licitar ou contratar com a Administra\u00e7\u00e3o P\u00fablica, impedir\u00e1 a pessoa f\u00edsica ou jur\u00eddica de participar de outras licita\u00e7\u00f5es ou contrata\u00e7\u00f5es enquanto perdurarem os motivos determinantes da apena\u00e7\u00e3o ou at\u00e9 que seja promovida a reabilita\u00e7\u00e3o perante a pr\u00f3pria autoridade que aplicou a penalidade, que ser\u00e1 concedida sempre que o contratado ressarcir a Administra\u00e7\u00e3o pelos preju\u00edzos resultantes e ap\u00f3s decorrido o prazo da san\u00e7\u00e3o<\/li>\n<\/ul>\n<p>&nbsp;<\/p>\n<ul>\n<li>As multas aplicadas, nos termos das al\u00edneas do \u00a71\u00ba, dever\u00e3o ser pagas espontaneamente no prazo m\u00e1ximo de 5 (cinco) dias ou ser\u00e3o deduzidas do valor correspondente ao valor do servi\u00e7o, ap\u00f3s pr\u00e9vio processo administrativo, garantida a ampla defesa e o contradit\u00f3rio ou, ainda, cobradas judicialmente, a crit\u00e9rio da Secretaria Municipal de Gest\u00e3o de Vila Flor.<\/li>\n<\/ul>\n<p>&nbsp;<\/p>\n<ul>\n<li>As penalidades previstas neste artigo s\u00e3o de compet\u00eancia exclusiva do titular da Secretaria Municipal da Gest\u00e3o de Vila Flor, permitida a delega\u00e7\u00e3o para a san\u00e7\u00e3o prevista na al\u00ednea \u201ca\u201d do subitem 2 deste edital para a Contratante.<\/li>\n<\/ul>\n<p>&nbsp;<\/p>\n<ul>\n<li>Caso o valor da multa seja superior ao valor da garantia prestada, a CONTRATADA responder\u00e1 pela sua diferen\u00e7a, a qual ser\u00e1 descontada dos pagamentos eventualmente devidos pela Administra\u00e7\u00e3o, ou, ainda, cobrada<\/li>\n<\/ul>\n<p>&nbsp;<\/p>\n<ul>\n<li>A multa poder\u00e1 ser aplicada cumulativamente com as demais penalidades, a depender do grau da infra\u00e7\u00e3o cometida pelo contratado e dos preju\u00edzos causados \u00e0 Administra\u00e7\u00e3o P\u00fablica Municipal.<\/li>\n<\/ul>\n<p>14.\u00a0\u00a0\u00a0\u00a0\u00a0 DA FISCALIZA\u00c7\u00c3O<\/p>\n<p><strong>\u00a0<\/strong><\/p>\n<ul>\n<li>A fiscaliza\u00e7\u00e3o do contrato ser\u00e1 realizada por servidor formalmente designado para acompanhamento;<\/li>\n<\/ul>\n<p>&nbsp;<\/p>\n<ul>\n<li>Os objetos da presente contrata\u00e7\u00e3o ser\u00e3o devidamente fiscalizados, inicialmente a partir de minuciosa confer\u00eancia no momento da entrega\/recebimento;<\/li>\n<\/ul>\n<p>&nbsp;<\/p>\n<ul>\n<li>Ap\u00f3s o recebimento definitivo e aceite, os materiais permanecer\u00e3o em avalia\u00e7\u00e3o quanto \u00e0 sua durabilidade, validade e adequa\u00e7\u00e3o \u00e0s especifica\u00e7\u00f5es exigidas, sendo anotado em protocolo pr\u00f3prio todas as inconformidades para ado\u00e7\u00e3o dos procedimentos administrativos necess\u00e1rios para sanar aas incorre\u00e7\u00f5es<\/li>\n<\/ul>\n<p>15.\u00a0\u00a0\u00a0\u00a0\u00a0 DA DECALRA\u00c7\u00c3O DE INEXIST\u00caNCIA DE DETALHAMENTO EXCESSIVO<\/p>\n<p><strong>\u00a0<\/strong><\/p>\n<ul>\n<li>Declaro para os devidos fins, que na descri\u00e7\u00e3o do objeto n\u00e3o existem detalhes excessivos, irrelevantes ou desnecess\u00e1rios, capazes de conduzir \u00e0 limita\u00e7\u00e3o da competitividade do certame, sendo todos os itens de grande relev\u00e2ncia a devida utiliza\u00e7\u00e3o dos<\/li>\n<\/ul>\n<p>&nbsp;<\/p>\n<p>16.\u00a0\u00a0\u00a0\u00a0\u00a0 VEDA\u00c7\u00d5ES<\/p>\n<p><strong>\u00a0<\/strong><\/p>\n<p>Vedado qualquer execu\u00e7\u00e3o que modifique as condi\u00e7\u00f5es propostas pelo Termo de refer\u00eancia e descumpram o resultado final do objeto.<\/p>\n<p>&nbsp;<\/p>\n<p><strong>DISPENSA DE LICITA\u00c7\u00c3O N\u00b0 001\/2026 \u2013 SETOR DE LICITA\u00c7\u00c3O<\/strong><\/p>\n<p>ANEXO II \u2013 MODELO DE PROPOSTA DE PRE\u00c7OS<\/p>\n<table>\n<tbody>\n<tr>\n<td colspan=\"4\" width=\"680\"><strong>PREFEITURA MUNICIPAL DE VILA FLOR<\/strong>&nbsp;<\/p>\n<p><strong>COMISS\u00c3O SETORIAL DE LICITA\u00c7\u00c3O<\/strong><\/p>\n<p><strong>COMISS\u00c3O DE LICITA\u00c7\u00c3O<\/strong><\/p>\n<p><strong>DISPENSA DE LICITA\u00c7\u00c3O N\u00ba\u00a0<\/strong><strong>001\/2026<\/strong><\/td>\n<\/tr>\n<tr>\n<td colspan=\"4\" width=\"680\"><strong>DADOS DA EMPRESA<\/strong><\/td>\n<\/tr>\n<tr>\n<td width=\"123\"><strong>RAZ\u00c3O SOCIAL<\/strong><\/td>\n<td colspan=\"3\" width=\"558\"><\/td>\n<\/tr>\n<tr>\n<td width=\"123\"><strong>CNPJ<\/strong><\/td>\n<td width=\"130\"><\/td>\n<td width=\"115\"><strong>ENDERE\u00c7O<\/strong><\/td>\n<td width=\"312\"><\/td>\n<\/tr>\n<tr>\n<td width=\"123\"><strong>TELEFONE<\/strong><\/td>\n<td width=\"130\"><\/td>\n<td width=\"115\"><strong>E-MAIL<\/strong><\/td>\n<td width=\"312\"><\/td>\n<\/tr>\n<tr>\n<td colspan=\"4\" width=\"680\"><strong>DADOS DO REPRESENTANTE LEGAL<\/strong><\/td>\n<\/tr>\n<tr>\n<td width=\"123\"><strong>NOME DO REPRESENTANTE LEGAL<\/strong><\/td>\n<td width=\"130\"><\/td>\n<td width=\"115\"><strong>TELEFONE DO REPRESENTANTE LEGAL<\/strong><\/td>\n<td width=\"312\"><\/td>\n<\/tr>\n<\/tbody>\n<\/table>\n<p><strong>\u00a0<\/strong><\/p>\n<table>\n<tbody>\n<tr>\n<td width=\"66\"><strong>\u00a0<\/strong>&nbsp;<\/p>\n<p><strong>OBJETO<\/strong><\/td>\n<td colspan=\"9\" width=\"613\"><strong>CONTRATA\u00c7\u00c3O DE EMPRESA ESPECIALIZADA NOS SERVI\u00c7OS DE ASSESSORIA EM RECURSOS HUMANOS, FOLHA DE PAGAMENTO, GFIP, RAIS, SIAI-DP, DIRF E DEMAIS ROTINAS PERTINENTES A AREA DE SETOR PESSOAL DA PREFEITURA MUNICIPAL DE VILA FLOR\/RN<\/strong><\/td>\n<\/tr>\n<tr>\n<td rowspan=\"2\" width=\"66\"><strong>ITEM<\/strong><\/td>\n<td colspan=\"5\" rowspan=\"2\" width=\"265\"><strong>DESCRI\u00c7\u00c3O<\/strong><\/td>\n<td rowspan=\"2\" width=\"76\"><strong>Unidade de Medida<\/strong><\/td>\n<td rowspan=\"2\" width=\"76\"><strong>Qnt.<\/strong><\/td>\n<td colspan=\"2\" width=\"197\"><strong>PRE\u00c7O (R$)<\/strong><\/td>\n<\/tr>\n<tr>\n<td width=\"95\"><strong>UNIT\u00c1RIO<\/strong><\/td>\n<td width=\"102\"><strong>GLOGAL<\/strong><\/td>\n<\/tr>\n<tr>\n<td width=\"66\">1<\/td>\n<td colspan=\"5\" width=\"265\">CONTRATA\u00c7\u00c3O DE EMPRESA ESPECIALIZADA NOS SERVI\u00c7OS DE ASSESSORIA EM RECURSOS HUMANOS, FOLHA DE PAGAMENTO, GFIP, RAIS, SIAI-DP, DIRF E DEMAIS ROTINAS PERTINENTES A AREA DE SETOR PESSOAL DA PREFEITURA MUNICIPAL DE VILA FLOR\/RN<\/td>\n<td width=\"76\">M\u00eas<\/td>\n<td width=\"76\">12<\/td>\n<td width=\"95\"><\/td>\n<td width=\"102\"><\/td>\n<\/tr>\n<tr>\n<td colspan=\"3\" width=\"152\"><strong>VALOR GLOBAL POR EXTENSO<\/strong><\/td>\n<td width=\"86\"><\/td>\n<td colspan=\"6\" width=\"442\"><\/td>\n<\/tr>\n<tr>\n<td colspan=\"2\" width=\"90\"><\/td>\n<td colspan=\"8\" width=\"589\">Declaramos que concordamos e atenderemos todas as exig\u00eancias do Aviso e seus anexos.<\/td>\n<\/tr>\n<tr>\n<td colspan=\"3\" width=\"152\"><strong>VALIDADE DA PROPOSTA<\/strong><\/td>\n<td colspan=\"2\" width=\"118\"><strong>\u00a0<\/strong><\/td>\n<td colspan=\"5\" width=\"409\"><strong>ASSINATURA DO REPRESENTANTE LEGAL DA EMPRESA<\/strong><\/td>\n<\/tr>\n<tr>\n<td width=\"66\"><\/td>\n<td width=\"25\"><\/td>\n<td width=\"61\"><\/td>\n<td width=\"86\"><\/td>\n<td width=\"33\"><\/td>\n<td width=\"61\"><\/td>\n<td width=\"76\"><\/td>\n<td width=\"76\"><\/td>\n<td width=\"95\"><\/td>\n<td width=\"102\"><\/td>\n<\/tr>\n<\/tbody>\n<\/table>\n<p>&nbsp;<\/p>\n<p><strong>\u00a0<\/strong><\/p>\n<p>DISPENSA DE LICITA\u00c7\u00c3O N\u00b0 001\/2026<\/p>\n<p>SETOR DE LICITA\u00c7\u00c3O<\/p>\n<p><strong>\u00a0<\/strong><\/p>\n<p><strong>\u00a0<\/strong><\/p>\n<p><strong>ANEXO III \u2013 MODELO DE DECLARA\u00c7\u00c3O DE CUMPRIMENTO DO DISPOSTO NO INC. XXXIII DO ART. 7\u00ba DA CONSTITUI\u00c7\u00c3O FEDERAL<\/strong><\/p>\n<p><strong>\u00a0<\/strong><\/p>\n<p><strong>\u00a0<\/strong><\/p>\n<p>REFERENTE: DISPENSA DE LICITA\u00c7\u00c3O N\u00b0 001\/2026 \u2013 SETOR DE LICITA\u00c7\u00c3O<\/p>\n<p><strong>\u00a0<\/strong><\/p>\n<p><strong>\u00a0<\/strong><\/p>\n<p>Declaramos, para os fins do disposto no inciso VI do art. 68 da Lei 14.133\/2021, que n\u00e3o empregamos menor de 18 (dezoito) anos em trabalho noturno, perigoso ou insalubre e n\u00e3o empregarmos menor de 16 (dezesseis) anos.<\/p>\n<p>&nbsp;<\/p>\n<p>Ressalva: emprega menor, a partir de 14 (quatorze) anos, na condi\u00e7\u00e3o de aprendiz ( ). Observa\u00e7\u00e3o: em caso afirmativo, assinalar a ressalva acima.<\/p>\n<p>&nbsp;<\/p>\n<p>&nbsp;<\/p>\n<p>Vila Flor,<u>\u00a0\u00a0\u00a0\u00a0\u00a0\u00a0\u00a0\u00a0\u00a0\u00a0<\/u>de\u00a0\u00a0\u00a0\u00a0\u00a0\u00a0\u00a0\u00a0\u00a0\u00a0\u00a0\u00a0\u00a0\u00a0\u00a0\u00a0\u00a0\u00a0\u00a0 de\u00a0<u>\u00a0\u00a0\u00a0\u00a0\u00a0\u00a0\u00a0\u00a0\u00a0\u00a0\u00a0\u00a0\u00a0\u00a0\u00a0\u00a0\u00a0\u00a0\u00a0\u00a0\u00a0\u00a0\u00a0\u00a0<\/u><\/p>\n<p>&nbsp;<\/p>\n<p>&nbsp;<\/p>\n<p>&nbsp;<\/p>\n<p>ASSINATURA DO REPRESENTANTE LEGAL DA EMPRESA<\/p>\n<p>&nbsp;<\/p>\n<p>&nbsp;<\/p>\n<p>DISPENSA DE LICITA\u00c7\u00c3O N\u00b0 001\/2026<\/p>\n<p>SETOR DE LICITA\u00c7\u00c3O<\/p>\n<p>&nbsp;<\/p>\n<p><strong>ANEXO IV \u2013 DECLARA\u00c7\u00c3O DE RESERVA DE CARGOS PCD, CONSOANTE ART. 92, DA LEI FEDERAL N\u201d 14.133\/2021<\/strong><\/p>\n<p><strong>\u00a0<\/strong><\/p>\n<p><strong>\u00a0<\/strong><\/p>\n<p><strong>\u00a0<\/strong><\/p>\n<p><strong>\u00a0<\/strong><\/p>\n<p>REFERENTE: DISPENSA DE LICITA\u00c7\u00c3O N\u00b0 001\/2026 \u2013 COMISS\u00c3O DE LICITA\u00c7\u00c3O<\/p>\n<p><strong>\u00a0<\/strong><\/p>\n<p><strong>\u00a0<\/strong><\/p>\n<p>A empresa<u>\u00a0\u00a0\u00a0\u00a0\u00a0\u00a0\u00a0\u00a0\u00a0\u00a0\u00a0\u00a0\u00a0\u00a0\u00a0\u00a0\u00a0\u00a0\u00a0\u00a0\u00a0\u00a0\u00a0<\/u>_<u>\u00a0\u00a0\u00a0\u00a0\u00a0\u00a0\u00a0\u00a0\u00a0\u00a0\u00a0\u00a0\u00a0\u00a0\u00a0\u00a0\u00a0\u00a0\u00a0\u00a0\u00a0\u00a0\u00a0\u00a0\u00a0\u00a0\u00a0\u00a0\u00a0\u00a0\u00a0\u00a0\u00a0\u00a0\u00a0\u00a0\u00a0\u00a0\u00a0<\/u>, declara para os devidos fins licitat\u00f3rios que cumpre as exig\u00eancias de reserva de cargos para Pessoa com Defici\u00eancia \u2014 PcD, para Reabilitado da Previd\u00eancia Social e para aprendiz, em aten\u00e7\u00e3o ao art. 92, inciso XVII da Lei n\u00b0 14.133\/2021.<\/p>\n<p>&nbsp;<\/p>\n<p>&nbsp;<\/p>\n<p>&nbsp;<\/p>\n<p>&nbsp;<\/p>\n<p>Vila Flor,<u>\u00a0\u00a0\u00a0\u00a0\u00a0\u00a0\u00a0\u00a0\u00a0\u00a0\u00a0\u00a0\u00a0\u00a0\u00a0\u00a0\u00a0\u00a0\u00a0\u00a0\u00a0\u00a0\u00a0\u00a0\u00a0\u00a0\u00a0\u00a0\u00a0\u00a0\u00a0\u00a0\u00a0\u00a0\u00a0\u00a0\u00a0\u00a0\u00a0\u00a0\u00a0\u00a0\u00a0\u00a0\u00a0\u00a0\u00a0\u00a0\u00a0\u00a0\u00a0\u00a0\u00a0\u00a0<\/u>de__________ de\u00a0<u>\u00a0\u00a0\u00a0\u00a0\u00a0\u00a0\u00a0\u00a0\u00a0\u00a0\u00a0\u00a0\u00a0\u00a0\u00a0\u00a0\u00a0\u00a0\u00a0\u00a0\u00a0\u00a0\u00a0\u00a0<\/u><\/p>\n<p>&nbsp;<\/p>\n<p>&nbsp;<\/p>\n<p>&nbsp;<\/p>\n<p>ASSINATURA DO REPRESENTANTE LEGAL DA EMPRESA<\/p>\n<p>&nbsp;<\/p>\n<p>&nbsp;<\/p>\n<p>DISPENSA DE LICITA\u00c7\u00c3O N\u00b0 001\/2026 \u2013 SETOR DE LICITA\u00c7\u00c3O<\/p>\n<p><strong>ANEXO V \u2013 DECLARA\u00c7\u00c3O IMPEDIMENTOS DO ART. 14 DA LEI FEDERAL N\u201d 14.133\/2021<\/strong><\/p>\n<p><strong>\u00a0<\/strong><\/p>\n<p><strong>\u00a0<\/strong><\/p>\n<p><strong>\u00a0<\/strong><\/p>\n<p>REFERENTE: DISPENSA DE LICITA\u00c7\u00c3O N\u00b0 001\/2026 \u2013 SETOR DE LICITA\u00c7\u00c3O<\/p>\n<p><strong>\u00a0<\/strong><\/p>\n<p><strong>\u00a0<\/strong><\/p>\n<p><strong>\u00a0<\/strong><\/p>\n<p><strong>\u00a0<\/strong><\/p>\n<p>A empresa<u>\u00a0\u00a0\u00a0\u00a0\u00a0\u00a0\u00a0\u00a0\u00a0\u00a0\u00a0\u00a0\u00a0\u00a0\u00a0\u00a0\u00a0\u00a0\u00a0\u00a0\u00a0\u00a0\u00a0\u00a0\u00a0\u00a0\u00a0\u00a0\u00a0\u00a0\u00a0\u00a0\u00a0\u00a0\u00a0\u00a0\u00a0\u00a0\u00a0\u00a0\u00a0\u00a0\u00a0\u00a0\u00a0\u00a0\u00a0\u00a0\u00a0\u00a0\u00a0\u00a0\u00a0\u00a0\u00a0\u00a0\u00a0\u00a0\u00a0\u00a0\u00a0\u00a0\u00a0\u00a0<\/u>_ , declara para os devidos fins licitat\u00f3rios que n\u00e3o incursa nos impedimentos para disputa de licita\u00e7\u00e3o ou execu\u00e7\u00e3o do contrato de que trata o art. 14 da Lei Federal n\u00b0 14.133\/2021.<\/p>\n<p>&nbsp;<\/p>\n<p>&nbsp;<\/p>\n<p>&nbsp;<\/p>\n<p>Vila Flor,<u>\u00a0\u00a0\u00a0\u00a0\u00a0\u00a0\u00a0\u00a0\u00a0\u00a0\u00a0\u00a0\u00a0\u00a0\u00a0\u00a0\u00a0\u00a0\u00a0\u00a0\u00a0\u00a0\u00a0\u00a0\u00a0\u00a0\u00a0\u00a0\u00a0\u00a0\u00a0\u00a0\u00a0\u00a0\u00a0\u00a0\u00a0\u00a0\u00a0\u00a0\u00a0\u00a0\u00a0\u00a0\u00a0\u00a0\u00a0\u00a0\u00a0\u00a0\u00a0\u00a0\u00a0\u00a0<\/u>de__________ de\u00a0<u>\u00a0\u00a0\u00a0\u00a0\u00a0\u00a0\u00a0\u00a0\u00a0\u00a0\u00a0\u00a0\u00a0\u00a0\u00a0\u00a0\u00a0\u00a0\u00a0\u00a0\u00a0\u00a0\u00a0\u00a0<\/u><\/p>\n<p>&nbsp;<\/p>\n<p>&nbsp;<\/p>\n<p>&nbsp;<\/p>\n<p>ASSINATURA DO REPRESENTANTE LEGAL DA EMPRESA<\/p>\n<p>&nbsp;<\/p>\n<p>&nbsp;<\/p>\n<p><strong>\u00a0<\/strong><\/p>\n<p><strong>DISPENSA DE LICITA\u00c7\u00c3O N\u00b0 001\/2026<\/strong><\/p>\n<p><strong>SETOR DE LICITA\u00c7\u00c3O<\/strong><\/p>\n<p><strong>ANEXO VI \u2013 MODELO DE CARTA CONTRATO<\/strong><\/p>\n<p>&nbsp;<\/p>\n<p>Contrato de presta\u00e7\u00e3o de servi\u00e7os que entre si celebram o\u00a0<strong>PREFEITURA MUNICIPAL DE VILA FLOR\u00a0<\/strong>e a empresa\u00a0<strong>\u2026\u2026\u2026\u2026\u2026\u2026\u2026\u2026\u2026..<\/strong><\/p>\n<p><strong>\u00a0<\/strong><\/p>\n<p>A\u00a0<strong>PREFEITURA MUNICIPAL DE VILA FLOR,\u00a0<\/strong>pessoa jur\u00eddica de direito p\u00fablico interno, \u00f3rg\u00e3o p\u00fablico, com sede nesta Cidade, na Rua Jos\u00e9 Calazans, 169, Centro, Vila Flor\/RN, inscrita no CNPJ sob o n\u00ba 08.169.278\/0001-07, neste ato representado pel Sra. Prefeita Municipal THUANNE KARLA CARVALHO DE SOUZA, doravante denominado\u00a0<strong>CONTRATANTE,\u00a0<\/strong>e a\u00a0<strong>Empresa \u2026\u2026\u2026\u2026\u2026\u2026\u2026\u2026\u2026\u2026.,\u00a0<\/strong>CNPJ n\u00ba\u2026\u2026\u2026\u2026\u2026\u2026\u2026., situado \u00e0 \u2026\u2026\u2026\u2026\u2026\u2026\u2026\u2026.., Cidade-Estado, telefone \u2026\u2026\u2026\u2026\u2026.., e-mail\u00a0\u00a0 , neste ato representada pelo Sr\u00a0\u00a0 , brasileiro, casado, profiss\u00e3o, portador da C\u00e9dula de Identidade n\u00ba \u2026\u2026\u2026\u2026\u2026 \u2013 SSP-\u2026., CPF n\u00ba \u2026\u2026\u2026\u2026.. , residente na Rua \u2026\u2026\u2026\u2026\u2026\u2026., telefone \u2026\u2026\u2026\u2026\u2026, e-mail: \u2026\u2026\u2026\u2026\u2026\u2026\u2026.., doravante denominada\u00a0<strong>CONTRATADA<\/strong>, resolvem celebrar o presente Contrato, autorizado pelo despacho constante no Processo Administrativo n\u00b0\u00a0<strong>XXXXXXXXX\/20XX<\/strong>, mediante parecer jur\u00eddico, que se reger\u00e1 pela Lei Federal n.\u00ba 14.133\/2021 e altera\u00e7\u00f5es posteriores, mediante as cl\u00e1usulas e condi\u00e7\u00f5es a seguir e do qual ficam fazendo parte integrante independentemente de transcri\u00e7\u00e3o, os documentos:<\/p>\n<p>&nbsp;<\/p>\n<ol>\n<li>Aviso de DISPENSA DE LICITA\u00c7\u00c3O N\u00ba 001\/2026 \u2013 COMISS\u00c3O DE LICITA\u00c7\u00c3O e seus<\/li>\n<\/ol>\n<p>&nbsp;<\/p>\n<ol>\n<li>Propostas de pre\u00e7o apresentada pela\u00a0<strong>CONTRATADA\u00a0<\/strong>em 00\/00\/0000.<\/li>\n<\/ol>\n<p>&nbsp;<\/p>\n<p>CL\u00c1USULA PRIMEIRA \u2013 OBJETO<\/p>\n<p><strong>\u00a0<\/strong><\/p>\n<p><strong>CONTRATA\u00c7\u00c3O DE EMPRESA ESPECIALIZADA NOS SERVI\u00c7OS DE ASSESSORIA EM RECURSOS HUMANOS, FOLHA DE PAGAMENTO, GFIP, RAIS, SIAI-DP, DIRF E DEMAIS ROTINAS PERTINENTES A AREA DE SETOR PESSOAL DA PREFEITURA MUNICIPAL DE VILA FLOR\/RN<\/strong><strong>\u00a0do Aviso de DISPENSA DE LICITA\u00c7\u00c3O N\u00ba\u00a0<\/strong><strong>001\/2026<\/strong><strong>\u00a0\u2013 COMISS\u00c3O DE LICITA\u00c7\u00c3O e proposta da CONTRATADA que s\u00e3o parte integrante deste instrumento independente de transcri\u00e7\u00e3o<\/strong>.<\/p>\n<p>&nbsp;<\/p>\n<p><strong>Par\u00e1grafo \u00fanico.\u00a0<\/strong>A licitante obriga-se a aceitar, quando solicitado pela Administra\u00e7\u00e3o, nas mesmas condi\u00e7\u00f5es e dentro do prazo contratual estabelecido, os acr\u00e9scimos ou supress\u00f5es\u00a0\u00a0 que se fizer nas compras de at\u00e9 25% (vinte e cinco por cento) do valor inicial atualizado do contrato, e as supress\u00f5es resultantes de acordo celebrado entre as partes, na forma do art. 125 da Lei Federal n\u00ba 14.133\/2021.<\/p>\n<p>&nbsp;<\/p>\n<p>CL\u00c1USULA SEGUNDA \u2013 DOS PRAZOS<\/p>\n<p><strong>\u00a0<\/strong><\/p>\n<ul>\n<li>1\u00ba VIG\u00caNCIA: A vig\u00eancia do contrato ser\u00e1 de 12 (doze) meses, contados a partir da data da assinatura.<\/li>\n<\/ul>\n<p>&nbsp;<\/p>\n<ul>\n<li>2\u00b0 O prazo de presta\u00e7\u00e3o dos servi\u00e7os s\u00e3o de 02 (dois) dias a partir da data da emiss\u00e3o da ordem de servi\u00e7o.<\/li>\n<\/ul>\n<p>&nbsp;<\/p>\n<ul>\n<li>3\u00ba Os prazos poder\u00e3o ser alterados nos termos da Lei Federal n\u00ba 14.133\/2021.<\/li>\n<\/ul>\n<p>&nbsp;<\/p>\n<p>CL\u00c1USULA TERCEIRA \u2013 PRE\u00c7O<\/p>\n<p><strong>\u00a0<\/strong><\/p>\n<table>\n<tbody>\n<tr>\n<td rowspan=\"2\" width=\"66\"><strong>ITEM<\/strong><\/td>\n<td rowspan=\"2\" width=\"265\"><strong>DESCRI\u00c7\u00c3O<\/strong><\/td>\n<td rowspan=\"2\" width=\"76\"><strong>Unidade de Medida<\/strong><\/td>\n<td rowspan=\"2\" width=\"76\"><strong>Qnt.<\/strong><\/td>\n<td colspan=\"2\" width=\"197\"><strong>PRE\u00c7O (R$)<\/strong><\/td>\n<\/tr>\n<tr>\n<td width=\"95\"><strong>UNIT\u00c1RIO<\/strong><\/td>\n<td width=\"102\"><strong>GLOGAL<\/strong><\/td>\n<\/tr>\n<tr>\n<td width=\"66\">1<\/td>\n<td width=\"265\">CONTRATA\u00c7\u00c3O DE EMPRESA ESPECIALIZADA NOS SERVI\u00c7OS DE ASSESSORIA EM RECURSOS HUMANOS, FOLHA DE PAGAMENTO, GFIP, RAIS, SIAI-DP, DIRF E DEMAIS ROTINAS PERTINENTES A AREA DE SETOR PESSOAL DA PREFEITURA MUNICIPAL DE VILA FLOR\/RN<\/td>\n<td width=\"76\">M\u00eas<\/td>\n<td width=\"76\">12<\/td>\n<td width=\"95\"><\/td>\n<td width=\"102\"><\/td>\n<\/tr>\n<\/tbody>\n<\/table>\n<p><strong>\u00a0<\/strong><\/p>\n<p>O valor global deste contrato \u00e9 de\u00a0<strong>R$ \u2026\u2026\u2026\u2026\u2026\u2026 (\u2026\u2026\u2026\u2026\u2026\u2026\u2026\u2026\u2026\u2026\u2026\u2026 )\u00a0<\/strong>sendo fixo e irreajust\u00e1vel pelo per\u00edodo de 12 (doze) meses, transcrito da proposta de pre\u00e7o apresentada pela\u00a0<strong>CONTRATADA<\/strong>, entendido este como pre\u00e7o justo e suficiente para a total execu\u00e7\u00e3o do objeto deste Contrato.<\/p>\n<p>&nbsp;<\/p>\n<p>CL\u00c1USULA QUARTA \u2013 RECURSO FINANCEIRO<\/p>\n<p>Asdespesasparapagamentodestecontratocorrer\u00e3o\u00e0contadorecursodaDota\u00e7\u00e3oOr\u00e7ament\u00e1ria:<\/p>\n<p>Unidade Gestora:<\/p>\n<p>Gest\u00e3o<\/p>\n<p>Unidade Or\u00e7ament\u00e1ria<\/p>\n<p>Suba\u00e7\u00e3o<\/p>\n<p>Fonte Recurso:<\/p>\n<p>Elemento de despesa:<\/p>\n<p>&nbsp;<\/p>\n<p>CL\u00c1USULA QUINTA \u2013 ALTERA\u00c7\u00c3O<\/p>\n<p><strong>\u00a0<\/strong><\/p>\n<p>A altera\u00e7\u00e3o de quaisquer das cl\u00e1usulas ou condi\u00e7\u00f5es contidas neste contrato dever\u00e1 ser realizada mediante celebra\u00e7\u00e3o de Termo Aditivo, ressalvadas as hip\u00f3teses previstas em Lei.<\/p>\n<p>&nbsp;<\/p>\n<p>CL\u00c1USULA SEXTA \u2013 RESCIS\u00c3O<\/p>\n<p><strong>\u00a0<\/strong><\/p>\n<p>Este contrato poder\u00e1 ser extinto na forma dos Artigos 137, 138 e 139 da Lei Federal n\u00ba 14.133\/2021.<\/p>\n<p>&nbsp;<\/p>\n<p>CL\u00c1USULA S\u00c9TIMA \u2013 FORO<\/p>\n<p><strong>\u00a0<\/strong><\/p>\n<p>Fica eleito o Foro da Cidade de Vila Flor, Estado da Rio Grande do Norte, como o competente para dirimir quest\u00f5es decorrentes do cumprimento deste contrato, renunciando as partes a qualquer outro por mais privilegiado que seja.<\/p>\n<p>&nbsp;<\/p>\n<p>E, por estarem assim justas e acordadas, firmam as partes o presente instrumento em 03 (tr\u00eas) vias de igual teor e forma, para que produza os efeitos jur\u00eddicos.<\/p>\n<p>&nbsp;<\/p>\n<p>&nbsp;<\/p>\n<p>Vila Flor-Rio Grande do Norte, \u2026\u2026.. de \u2026\u2026\u2026\u2026\u2026\u2026. de \u2026\u2026\u2026\u2026\u2026\u2026..<\/p>\n<p>&nbsp;<\/p>\n<p>&nbsp;<\/p>\n<p><u>\u00a0\u00a0\u00a0\u00a0\u00a0\u00a0\u00a0\u00a0\u00a0\u00a0\u00a0\u00a0\u00a0\u00a0\u00a0\u00a0\u00a0\u00a0\u00a0\u00a0\u00a0\u00a0\u00a0\u00a0\u00a0\u00a0\u00a0\u00a0\u00a0\u00a0\u00a0\u00a0\u00a0\u00a0\u00a0\u00a0\u00a0\u00a0\u00a0<\/u>_<u>\u00a0\u00a0\u00a0\u00a0\u00a0\u00a0\u00a0\u00a0\u00a0\u00a0\u00a0\u00a0\u00a0\u00a0\u00a0\u00a0\u00a0\u00a0\u00a0\u00a0\u00a0\u00a0\u00a0\u00a0\u00a0\u00a0\u00a0\u00a0\u00a0\u00a0\u00a0\u00a0\u00a0\u00a0\u00a0\u00a0\u00a0\u00a0\u00a0<\/u>_<u>\u00a0\u00a0\u00a0\u00a0\u00a0\u00a0\u00a0<\/u><\/p>\n<p>CONTRATANTE<\/p>\n<p><strong>\u00a0<\/strong><\/p>\n<p><strong>\u00a0<\/strong><\/p>\n<p><u>\u00a0\u00a0\u00a0\u00a0\u00a0\u00a0\u00a0\u00a0\u00a0\u00a0\u00a0\u00a0\u00a0\u00a0\u00a0\u00a0\u00a0\u00a0\u00a0\u00a0\u00a0\u00a0\u00a0\u00a0\u00a0\u00a0\u00a0\u00a0\u00a0\u00a0\u00a0\u00a0\u00a0\u00a0\u00a0\u00a0\u00a0\u00a0\u00a0<\/u>_<u>\u00a0\u00a0\u00a0\u00a0\u00a0\u00a0\u00a0\u00a0\u00a0\u00a0\u00a0\u00a0\u00a0\u00a0\u00a0\u00a0\u00a0\u00a0\u00a0\u00a0\u00a0\u00a0\u00a0\u00a0\u00a0\u00a0\u00a0\u00a0\u00a0\u00a0\u00a0\u00a0\u00a0\u00a0\u00a0\u00a0\u00a0\u00a0\u00a0<\/u>_<u>\u00a0\u00a0\u00a0\u00a0\u00a0\u00a0\u00a0<\/u><\/p>\n<p>CONTRATADA<\/p>\n<p style=\"text-align: right;\"><strong>Publicado por:<\/strong><br \/>\nGRINALDO JOAQUIM DE SOUZA<br \/>\nSecret\u00e1rio Municipal de Administra\u00e7\u00e3o<br \/>\n<strong>C\u00f3digo Identificador:<\/strong>\u00a07WSD3FTW0W<\/p>\n<div class=\"pdfprnt-buttons pdfprnt-buttons-post pdfprnt-bottom-right\"><a href=\"https:\/\/vilaflor.rn.gov.br\/transparencia\/wp-json\/wp\/v2\/posts?page=10&print=pdf#038;print=print\" class=\"pdfprnt-button pdfprnt-button-pdf\" target=\"_blank\"><img decoding=\"async\" src=\"https:\/\/vilaflor.rn.gov.br\/transparencia\/wp-content\/plugins\/pdf-print\/images\/pdf.png\" alt=\"image_pdf\" title=\"Baixar PDF\" \/><\/a><a href=\"https:\/\/vilaflor.rn.gov.br\/transparencia\/wp-json\/wp\/v2\/posts?page=10&print=print#038;print=print\" class=\"pdfprnt-button pdfprnt-button-print\" target=\"_blank\"><img decoding=\"async\" src=\"https:\/\/vilaflor.rn.gov.br\/transparencia\/wp-content\/plugins\/pdf-print\/images\/print.png\" alt=\"image_print\" title=\"Conte\u00fado de impress\u00e3o\" \/><\/a><\/div>","protected":false},"excerpt":{"rendered":"<p>ESTADO DO RIO GRANDE DO NORTE PREFEITURA MUNICIPAL DE VILA FLOR DADOS DO AVISO Vila Flor\/RN, em 05 de janeiro de 2026. &nbsp; PROCESSO ADMINISTRATIVO:\u00a029120001\/2025 &nbsp; DATA E HORA LIMITE PARA ENTREGA DA PROPOSTA DE PRE\u00c7O E DOCUMENTOS DE HABILITA\u00c7\u00c3O &nbsp; At\u00e9 dia 09\/01\/2026, \u00e0s 09:00h &nbsp; REFER\u00caNCIA DE HOR\u00c1RIO \u00a0 Hor\u00e1rio de Brasilia \u2013 [&hellip;]<\/p>\n","protected":false},"author":1,"featured_media":0,"comment_status":"open","ping_status":"open","sticky":false,"template":"","format":"standard","meta":{"ocean_post_layout":"","ocean_both_sidebars_style":"","ocean_both_sidebars_content_width":0,"ocean_both_sidebars_sidebars_width":0,"ocean_sidebar":"0","ocean_second_sidebar":"0","ocean_disable_margins":"enable","ocean_add_body_class":"","ocean_shortcode_before_top_bar":"","ocean_shortcode_after_top_bar":"","ocean_shortcode_before_header":"","ocean_shortcode_after_header":"","ocean_has_shortcode":"","ocean_shortcode_after_title":"","ocean_shortcode_before_footer_widgets":"","ocean_shortcode_after_footer_widgets":"","ocean_shortcode_before_footer_bottom":"","ocean_shortcode_after_footer_bottom":"","ocean_display_top_bar":"default","ocean_display_header":"default","ocean_header_style":"","ocean_center_header_left_menu":"0","ocean_custom_header_template":"0","ocean_custom_logo":0,"ocean_custom_retina_logo":0,"ocean_custom_logo_max_width":0,"ocean_custom_logo_tablet_max_width":0,"ocean_custom_logo_mobile_max_width":0,"ocean_custom_logo_max_height":0,"ocean_custom_logo_tablet_max_height":0,"ocean_custom_logo_mobile_max_height":0,"ocean_header_custom_menu":"0","ocean_menu_typo_font_family":"0","ocean_menu_typo_font_subset":"","ocean_menu_typo_font_size":0,"ocean_menu_typo_font_size_tablet":0,"ocean_menu_typo_font_size_mobile":0,"ocean_menu_typo_font_size_unit":"px","ocean_menu_typo_font_weight":"","ocean_menu_typo_font_weight_tablet":"","ocean_menu_typo_font_weight_mobile":"","ocean_menu_typo_transform":"","ocean_menu_typo_transform_tablet":"","ocean_menu_typo_transform_mobile":"","ocean_menu_typo_line_height":0,"ocean_menu_typo_line_height_tablet":0,"ocean_menu_typo_line_height_mobile":0,"ocean_menu_typo_line_height_unit":"","ocean_menu_typo_spacing":0,"ocean_menu_typo_spacing_tablet":0,"ocean_menu_typo_spacing_mobile":0,"ocean_menu_typo_spacing_unit":"","ocean_menu_link_color":"","ocean_menu_link_color_hover":"","ocean_menu_link_color_active":"","ocean_menu_link_background":"","ocean_menu_link_hover_background":"","ocean_menu_link_active_background":"","ocean_menu_social_links_bg":"","ocean_menu_social_hover_links_bg":"","ocean_menu_social_links_color":"","ocean_menu_social_hover_links_color":"","ocean_disable_title":"default","ocean_disable_heading":"default","ocean_post_title":"","ocean_post_subheading":"","ocean_post_title_style":"","ocean_post_title_background_color":"","ocean_post_title_background":0,"ocean_post_title_bg_image_position":"","ocean_post_title_bg_image_attachment":"","ocean_post_title_bg_image_repeat":"","ocean_post_title_bg_image_size":"","ocean_post_title_height":0,"ocean_post_title_bg_overlay":0.5,"ocean_post_title_bg_overlay_color":"","ocean_disable_breadcrumbs":"default","ocean_breadcrumbs_color":"","ocean_breadcrumbs_separator_color":"","ocean_breadcrumbs_links_color":"","ocean_breadcrumbs_links_hover_color":"","ocean_display_footer_widgets":"default","ocean_display_footer_bottom":"default","ocean_custom_footer_template":"0","ocean_post_oembed":"","ocean_post_self_hosted_media":"","ocean_post_video_embed":"","ocean_link_format":"","ocean_link_format_target":"self","ocean_quote_format":"","ocean_quote_format_link":"post","ocean_gallery_link_images":"on","ocean_gallery_id":[],"footnotes":""},"categories":[5,4],"tags":[],"class_list":["post-4094","post","type-post","status-publish","format-standard","hentry","category-aviso-de-licitacao","category-licitacao","entry"],"_links":{"self":[{"href":"https:\/\/vilaflor.rn.gov.br\/transparencia\/wp-json\/wp\/v2\/posts\/4094","targetHints":{"allow":["GET"]}}],"collection":[{"href":"https:\/\/vilaflor.rn.gov.br\/transparencia\/wp-json\/wp\/v2\/posts"}],"about":[{"href":"https:\/\/vilaflor.rn.gov.br\/transparencia\/wp-json\/wp\/v2\/types\/post"}],"author":[{"embeddable":true,"href":"https:\/\/vilaflor.rn.gov.br\/transparencia\/wp-json\/wp\/v2\/users\/1"}],"replies":[{"embeddable":true,"href":"https:\/\/vilaflor.rn.gov.br\/transparencia\/wp-json\/wp\/v2\/comments?post=4094"}],"version-history":[{"count":1,"href":"https:\/\/vilaflor.rn.gov.br\/transparencia\/wp-json\/wp\/v2\/posts\/4094\/revisions"}],"predecessor-version":[{"id":4095,"href":"https:\/\/vilaflor.rn.gov.br\/transparencia\/wp-json\/wp\/v2\/posts\/4094\/revisions\/4095"}],"wp:attachment":[{"href":"https:\/\/vilaflor.rn.gov.br\/transparencia\/wp-json\/wp\/v2\/media?parent=4094"}],"wp:term":[{"taxonomy":"category","embeddable":true,"href":"https:\/\/vilaflor.rn.gov.br\/transparencia\/wp-json\/wp\/v2\/categories?post=4094"},{"taxonomy":"post_tag","embeddable":true,"href":"https:\/\/vilaflor.rn.gov.br\/transparencia\/wp-json\/wp\/v2\/tags?post=4094"}],"curies":[{"name":"wp","href":"https:\/\/api.w.org\/{rel}","templated":true}]}},{"id":4102,"date":"2026-01-05T09:00:45","date_gmt":"2026-01-05T12:00:45","guid":{"rendered":"https:\/\/vilaflor.rn.gov.br\/transparencia\/?p=4102"},"modified":"2026-01-13T09:15:59","modified_gmt":"2026-01-13T12:15:59","slug":"termo-de-inexigibilidade-de-licitacao-n-001-2026","status":"publish","type":"post","link":"https:\/\/vilaflor.rn.gov.br\/transparencia\/termo-de-inexigibilidade-de-licitacao-n-001-2026\/","title":{"rendered":"TERMO DE INEXIGIBILIDADE DE LICITA\u00c7\u00c3O N\u00b0 001\/2026"},"content":{"rendered":"<p><strong>ESTADO DO RIO GRANDE DO NORTE<\/strong><br \/>\n<strong>PREFEITURA MUNICIPAL DE VILA FLOR<\/strong><\/p>\n<p>Fica dispensado da realiza\u00e7\u00e3o do certame licitat\u00f3rio para a Contrata\u00e7\u00e3o de escrit\u00f3rio de advocacia especializados nos servi\u00e7os de assessoria e consultoria jur\u00eddica \u2013 organiza\u00e7\u00e3o jur\u00eddica e treinamento de servidores quanto ao protocolo e andamentos em rela\u00e7\u00e3o aos processos administrativos\u00a0 pareceres e consultoria t\u00e9cnico jur\u00eddico na \u00e1rea administrativa, com capacita\u00e7\u00e3o de servidores voltada para gest\u00e3o p\u00fablica e emiss\u00e3o de pareceres nas impugna\u00e7\u00f5es e recursos apresentados em processos licitat\u00f3rios e casos espec\u00edficos solicitados pelo gabinete do gestor assessoramento e consultoria espec\u00edfica junto \u00e0s recomenda\u00e7\u00f5es e termos de\u00a0\u00a0\u00a0 ajuste e conduta expedidos pelos \u00f3rg\u00e3os de fiscaliza\u00e7\u00e3o\u00a0 elaborar e rever projetos de lei, decretos e outros provimentos regulamentares, bem como minutar mensagens, san\u00e7\u00f5es e vetos governamentais\u00a0 advocacia p\u00fablica junto aos tribunais estaduais, federais e superiores. Declaro o interessado CORTEZ E MEDEIROS ADVOGADOS, CNPJ sob o N\u00b0 22.918.738\/0001-75, como apto e atestado para a execu\u00e7\u00e3o do servi\u00e7o de natureza cont\u00ednua. O servi\u00e7o ser\u00e1 realizado sob a responsabilidade e fiscaliza\u00e7\u00e3o desta Prefeitura Municipal. A motiva\u00e7\u00e3o se d\u00e1 pelo interesse P\u00fablico, tendo em vista ainda a necessidade da administra\u00e7\u00e3o em contratar o servi\u00e7o em apre\u00e7o com o valor R$ 8.000,00 (Oito mil reais) mensais em face de not\u00f3rio interesse p\u00fablico na execu\u00e7\u00e3o das atividades desempenhadas. As despesas decorrentes desta contrata\u00e7\u00e3o est\u00e3o programadas em dota\u00e7\u00e3o or\u00e7ament\u00e1ria pr\u00f3pria, prevista no or\u00e7amento do Munic\u00edpio de Vila Flor\/RN, para o exerc\u00edcio de 2026, na classifica\u00e7\u00e3o a seguir: Unidade or\u00e7ament\u00e1ria: 03.001 \u2013 Secretaria Municipal de Administra\u00e7\u00e3o; Projeto\/Atividade: 2.007 \u2013 Manuten\u00e7\u00e3o das A\u00e7\u00f5es da Secretaria Municipal de Administra\u00e7\u00e3o; Natureza da Despesa: 3.3.90.35.00 \u2013 Servi\u00e7os de Consultoria; Fonte de Recursos: 15000000 \u2013 Recursos n\u00e3o vinculados de impostos;<\/p>\n<p><strong>\u00a0<\/strong><\/p>\n<p><strong>RATIFICA\u00c7\u00c3O<\/strong><\/p>\n<p>&nbsp;<\/p>\n<p>Ante o exposto, tendo em vista os fundamentos apresentados e a regularidade formal do Processo Administrativo n\u00b0\u00a0<strong>22120001\/2025<\/strong>, bem como seu enquadramento legal, que fundamenta a Lei Federal n\u00ba 14.133\/2021 e legisla\u00e7\u00e3o complementar e, ainda de conformidade com o resultado do presente certame, usando das atribui\u00e7\u00f5es que nos s\u00e3o conferidas, a Prefeita Municipal de Vila Flor\/RN, atrav\u00e9s da Secretaria Municipal de Administra\u00e7\u00e3o, no uso de suas atribui\u00e7\u00f5es legais e com base nas informa\u00e7\u00f5es constantes do processo de licita\u00e7\u00e3o em ep\u00edgrafe, resolve\u00a0<strong>RATIFICAR<\/strong>\u00a0o\u00a0<strong>TERMO DE INEXIGIBILIDADE DE LICITA\u00c7\u00c3O N\u00ba 001\/2026,\u00a0<\/strong>para que este produza seus legais efeitos.<\/p>\n<p>Publique-se.<\/p>\n<p>&nbsp;<\/p>\n<p>Vila Flor\/RN, em 05 de janeiro de 2026.<\/p>\n<p>&nbsp;<\/p>\n<p>_______________________________<\/p>\n<p>THUANNE KARLA CARVALHO DE SOUZA<\/p>\n<p><strong>Prefeita Municipal<\/strong><\/p>\n<p style=\"text-align: right;\"><strong>Publicado por:<\/strong><br \/>\nGRINALDO JOAQUIM DE SOUZA<br \/>\nSecret\u00e1rio Municipal de Administra\u00e7\u00e3o<br \/>\n<strong>C\u00f3digo Identificador:<\/strong>\u00a073OMH3UN26<\/p>\n<div class=\"pdfprnt-buttons pdfprnt-buttons-post pdfprnt-bottom-right\"><a href=\"https:\/\/vilaflor.rn.gov.br\/transparencia\/wp-json\/wp\/v2\/posts?page=10&print=pdf#038;print=print\" class=\"pdfprnt-button pdfprnt-button-pdf\" target=\"_blank\"><img decoding=\"async\" src=\"https:\/\/vilaflor.rn.gov.br\/transparencia\/wp-content\/plugins\/pdf-print\/images\/pdf.png\" alt=\"image_pdf\" title=\"Baixar PDF\" \/><\/a><a href=\"https:\/\/vilaflor.rn.gov.br\/transparencia\/wp-json\/wp\/v2\/posts?page=10&print=print#038;print=print\" class=\"pdfprnt-button pdfprnt-button-print\" target=\"_blank\"><img decoding=\"async\" src=\"https:\/\/vilaflor.rn.gov.br\/transparencia\/wp-content\/plugins\/pdf-print\/images\/print.png\" alt=\"image_print\" title=\"Conte\u00fado de impress\u00e3o\" \/><\/a><\/div>","protected":false},"excerpt":{"rendered":"<p>ESTADO DO RIO GRANDE DO NORTE PREFEITURA MUNICIPAL DE VILA FLOR Fica dispensado da realiza\u00e7\u00e3o do certame licitat\u00f3rio para a Contrata\u00e7\u00e3o de escrit\u00f3rio de advocacia especializados nos servi\u00e7os de assessoria e consultoria jur\u00eddica \u2013 organiza\u00e7\u00e3o jur\u00eddica e treinamento de servidores quanto ao protocolo e andamentos em rela\u00e7\u00e3o aos processos administrativos\u00a0 pareceres e consultoria t\u00e9cnico jur\u00eddico [&hellip;]<\/p>\n","protected":false},"author":1,"featured_media":0,"comment_status":"open","ping_status":"open","sticky":false,"template":"","format":"standard","meta":{"ocean_post_layout":"","ocean_both_sidebars_style":"","ocean_both_sidebars_content_width":0,"ocean_both_sidebars_sidebars_width":0,"ocean_sidebar":"0","ocean_second_sidebar":"0","ocean_disable_margins":"enable","ocean_add_body_class":"","ocean_shortcode_before_top_bar":"","ocean_shortcode_after_top_bar":"","ocean_shortcode_before_header":"","ocean_shortcode_after_header":"","ocean_has_shortcode":"","ocean_shortcode_after_title":"","ocean_shortcode_before_footer_widgets":"","ocean_shortcode_after_footer_widgets":"","ocean_shortcode_before_footer_bottom":"","ocean_shortcode_after_footer_bottom":"","ocean_display_top_bar":"default","ocean_display_header":"default","ocean_header_style":"","ocean_center_header_left_menu":"0","ocean_custom_header_template":"0","ocean_custom_logo":0,"ocean_custom_retina_logo":0,"ocean_custom_logo_max_width":0,"ocean_custom_logo_tablet_max_width":0,"ocean_custom_logo_mobile_max_width":0,"ocean_custom_logo_max_height":0,"ocean_custom_logo_tablet_max_height":0,"ocean_custom_logo_mobile_max_height":0,"ocean_header_custom_menu":"0","ocean_menu_typo_font_family":"0","ocean_menu_typo_font_subset":"","ocean_menu_typo_font_size":0,"ocean_menu_typo_font_size_tablet":0,"ocean_menu_typo_font_size_mobile":0,"ocean_menu_typo_font_size_unit":"px","ocean_menu_typo_font_weight":"","ocean_menu_typo_font_weight_tablet":"","ocean_menu_typo_font_weight_mobile":"","ocean_menu_typo_transform":"","ocean_menu_typo_transform_tablet":"","ocean_menu_typo_transform_mobile":"","ocean_menu_typo_line_height":0,"ocean_menu_typo_line_height_tablet":0,"ocean_menu_typo_line_height_mobile":0,"ocean_menu_typo_line_height_unit":"","ocean_menu_typo_spacing":0,"ocean_menu_typo_spacing_tablet":0,"ocean_menu_typo_spacing_mobile":0,"ocean_menu_typo_spacing_unit":"","ocean_menu_link_color":"","ocean_menu_link_color_hover":"","ocean_menu_link_color_active":"","ocean_menu_link_background":"","ocean_menu_link_hover_background":"","ocean_menu_link_active_background":"","ocean_menu_social_links_bg":"","ocean_menu_social_hover_links_bg":"","ocean_menu_social_links_color":"","ocean_menu_social_hover_links_color":"","ocean_disable_title":"default","ocean_disable_heading":"default","ocean_post_title":"","ocean_post_subheading":"","ocean_post_title_style":"","ocean_post_title_background_color":"","ocean_post_title_background":0,"ocean_post_title_bg_image_position":"","ocean_post_title_bg_image_attachment":"","ocean_post_title_bg_image_repeat":"","ocean_post_title_bg_image_size":"","ocean_post_title_height":0,"ocean_post_title_bg_overlay":0.5,"ocean_post_title_bg_overlay_color":"","ocean_disable_breadcrumbs":"default","ocean_breadcrumbs_color":"","ocean_breadcrumbs_separator_color":"","ocean_breadcrumbs_links_color":"","ocean_breadcrumbs_links_hover_color":"","ocean_display_footer_widgets":"default","ocean_display_footer_bottom":"default","ocean_custom_footer_template":"0","ocean_post_oembed":"","ocean_post_self_hosted_media":"","ocean_post_video_embed":"","ocean_link_format":"","ocean_link_format_target":"self","ocean_quote_format":"","ocean_quote_format_link":"post","ocean_gallery_link_images":"on","ocean_gallery_id":[],"footnotes":""},"categories":[12,74,4],"tags":[],"class_list":["post-4102","post","type-post","status-publish","format-standard","hentry","category-inexigibilidade","category-inexigibilidade-2026","category-licitacao","entry"],"_links":{"self":[{"href":"https:\/\/vilaflor.rn.gov.br\/transparencia\/wp-json\/wp\/v2\/posts\/4102","targetHints":{"allow":["GET"]}}],"collection":[{"href":"https:\/\/vilaflor.rn.gov.br\/transparencia\/wp-json\/wp\/v2\/posts"}],"about":[{"href":"https:\/\/vilaflor.rn.gov.br\/transparencia\/wp-json\/wp\/v2\/types\/post"}],"author":[{"embeddable":true,"href":"https:\/\/vilaflor.rn.gov.br\/transparencia\/wp-json\/wp\/v2\/users\/1"}],"replies":[{"embeddable":true,"href":"https:\/\/vilaflor.rn.gov.br\/transparencia\/wp-json\/wp\/v2\/comments?post=4102"}],"version-history":[{"count":1,"href":"https:\/\/vilaflor.rn.gov.br\/transparencia\/wp-json\/wp\/v2\/posts\/4102\/revisions"}],"predecessor-version":[{"id":4103,"href":"https:\/\/vilaflor.rn.gov.br\/transparencia\/wp-json\/wp\/v2\/posts\/4102\/revisions\/4103"}],"wp:attachment":[{"href":"https:\/\/vilaflor.rn.gov.br\/transparencia\/wp-json\/wp\/v2\/media?parent=4102"}],"wp:term":[{"taxonomy":"category","embeddable":true,"href":"https:\/\/vilaflor.rn.gov.br\/transparencia\/wp-json\/wp\/v2\/categories?post=4102"},{"taxonomy":"post_tag","embeddable":true,"href":"https:\/\/vilaflor.rn.gov.br\/transparencia\/wp-json\/wp\/v2\/tags?post=4102"}],"curies":[{"name":"wp","href":"https:\/\/api.w.org\/{rel}","templated":true}]}},{"id":4096,"date":"2026-01-05T08:56:53","date_gmt":"2026-01-05T11:56:53","guid":{"rendered":"https:\/\/vilaflor.rn.gov.br\/transparencia\/?p=4096"},"modified":"2026-01-13T08:57:28","modified_gmt":"2026-01-13T11:57:28","slug":"termo-de-inexigibilidade-de-licitacao-n-002-2026","status":"publish","type":"post","link":"https:\/\/vilaflor.rn.gov.br\/transparencia\/termo-de-inexigibilidade-de-licitacao-n-002-2026\/","title":{"rendered":"TERMO DE INEXIGIBILIDADE DE LICITA\u00c7\u00c3O N\u00b0 002\/2026"},"content":{"rendered":"<p><strong>ESTADO DO RIO GRANDE DO NORTE<\/strong><br \/>\n<strong>PREFEITURA MUNICIPAL DE VILA FLOR<\/strong><\/p>\n<p>Fica dispensado da realiza\u00e7\u00e3o do certame licitat\u00f3rio para a CONTRATA\u00c7\u00c3O DE EMPRESA ESPECIALIZADA NOS SERVI\u00c7OS DE ASSESSORIA E CONSULTORIA T\u00c9CNICA NOS SERVI\u00c7OS DE CONTABILIDADE P\u00daBLICA, VISANDO SUPRIR AS NECESSIDADES DA PREFEITURA MUNICIPAL DE VILA FLOR\/RN E DEMAIS FUNDOS MUNICIPAIS QUE SE FIZEREM NECESS\u00c1RIO. Declaro o interessado ETECONP ESCRITORIO TECNICO DE CONTABILIDADE PUBLICA S\/S LTDA, CNPJ sob o N\u00b0 24.371.015\/0001-24, como apto e atestado para a execu\u00e7\u00e3o do servi\u00e7o de natureza cont\u00ednua. O servi\u00e7o ser\u00e1 realizado sob a responsabilidade e fiscaliza\u00e7\u00e3o desta Prefeitura Municipal. A motiva\u00e7\u00e3o se d\u00e1 pelo interesse P\u00fablico, tendo em vista ainda a necessidade da administra\u00e7\u00e3o em contratar o servi\u00e7o em apre\u00e7o com o valor R$ 12.000,00 (Doze mil reais) mensais em face de not\u00f3rio interesse p\u00fablico na execu\u00e7\u00e3o das atividades desempenhadas. As despesas decorrentes desta contrata\u00e7\u00e3o est\u00e3o programadas em dota\u00e7\u00e3o or\u00e7ament\u00e1ria pr\u00f3pria, prevista no or\u00e7amento do Munic\u00edpio de Vila Flor\/RN, para o exerc\u00edcio de 2025, na classifica\u00e7\u00e3o a seguir: Unidade or\u00e7ament\u00e1ria: 03.001 \u2013 Secretaria Municipal de Administra\u00e7\u00e3o; Projeto\/Atividade: 2.007 \u2013 Manuten\u00e7\u00e3o das A\u00e7\u00f5es da Secretaria Municipal de Administra\u00e7\u00e3o; Natureza da Despesa: 3.3.90.35.00 \u2013 Servi\u00e7os de Consultoria; Fonte de Recursos: 15000000 \u2013 Recursos n\u00e3o vinculados de impostos;<\/p>\n<p><strong>RATIFICA\u00c7\u00c3O<\/strong><\/p>\n<p>Ante o exposto, tendo em vista os fundamentos apresentados e a regularidade formal do Processo Administrativo n\u00b0\u00a0<strong>22120002\/2026<\/strong>, bem como seu enquadramento legal, que fundamenta a Lei Federal n\u00ba 14.133\/2021 e legisla\u00e7\u00e3o complementar e, ainda de conformidade com o resultado do presente certame, usando das atribui\u00e7\u00f5es que nos s\u00e3o conferidas, a Prefeita Municipal de Vila Flor\/RN, atrav\u00e9s da Secretaria Municipal de Administra\u00e7\u00e3o, no uso de suas atribui\u00e7\u00f5es legais e com base nas informa\u00e7\u00f5es constantes do processo de licita\u00e7\u00e3o em ep\u00edgrafe, resolve\u00a0<strong>RATIFICAR<\/strong>\u00a0o\u00a0<strong>TERMO DE INEXIGIBILIDADE DE LICITA\u00c7\u00c3O N\u00ba 002\/2026,\u00a0<\/strong>para que este produza seus legais efeitos.<\/p>\n<p>Publique-se.<\/p>\n<p>&nbsp;<\/p>\n<p>Vila Flor\/RN, em 05 de janeiro de 2026.<\/p>\n<p>&nbsp;<\/p>\n<p>&nbsp;<\/p>\n<p>_______________________________<\/p>\n<p>THUANNE KARLA CARVALHO DE SOUZA<\/p>\n<p><strong>Prefeita Municipal<\/strong><\/p>\n<p style=\"text-align: right;\"><strong>Publicado por:<\/strong><br \/>\nGRINALDO JOAQUIM DE SOUZA<br \/>\nSecret\u00e1rio Municipal de Administra\u00e7\u00e3o<br \/>\n<strong>C\u00f3digo Identificador:<\/strong>\u00a0UWHR0RRHMN<\/p>\n<div class=\"pdfprnt-buttons pdfprnt-buttons-post pdfprnt-bottom-right\"><a href=\"https:\/\/vilaflor.rn.gov.br\/transparencia\/wp-json\/wp\/v2\/posts?page=10&print=pdf#038;print=print\" class=\"pdfprnt-button pdfprnt-button-pdf\" target=\"_blank\"><img decoding=\"async\" src=\"https:\/\/vilaflor.rn.gov.br\/transparencia\/wp-content\/plugins\/pdf-print\/images\/pdf.png\" alt=\"image_pdf\" title=\"Baixar PDF\" \/><\/a><a href=\"https:\/\/vilaflor.rn.gov.br\/transparencia\/wp-json\/wp\/v2\/posts?page=10&print=print#038;print=print\" class=\"pdfprnt-button pdfprnt-button-print\" target=\"_blank\"><img decoding=\"async\" src=\"https:\/\/vilaflor.rn.gov.br\/transparencia\/wp-content\/plugins\/pdf-print\/images\/print.png\" alt=\"image_print\" title=\"Conte\u00fado de impress\u00e3o\" \/><\/a><\/div>","protected":false},"excerpt":{"rendered":"<p>ESTADO DO RIO GRANDE DO NORTE PREFEITURA MUNICIPAL DE VILA FLOR Fica dispensado da realiza\u00e7\u00e3o do certame licitat\u00f3rio para a CONTRATA\u00c7\u00c3O DE EMPRESA ESPECIALIZADA NOS SERVI\u00c7OS DE ASSESSORIA E CONSULTORIA T\u00c9CNICA NOS SERVI\u00c7OS DE CONTABILIDADE P\u00daBLICA, VISANDO SUPRIR AS NECESSIDADES DA PREFEITURA MUNICIPAL DE VILA FLOR\/RN E DEMAIS FUNDOS MUNICIPAIS QUE SE FIZEREM NECESS\u00c1RIO. Declaro [&hellip;]<\/p>\n","protected":false},"author":1,"featured_media":0,"comment_status":"open","ping_status":"open","sticky":false,"template":"","format":"standard","meta":{"ocean_post_layout":"","ocean_both_sidebars_style":"","ocean_both_sidebars_content_width":0,"ocean_both_sidebars_sidebars_width":0,"ocean_sidebar":"0","ocean_second_sidebar":"0","ocean_disable_margins":"enable","ocean_add_body_class":"","ocean_shortcode_before_top_bar":"","ocean_shortcode_after_top_bar":"","ocean_shortcode_before_header":"","ocean_shortcode_after_header":"","ocean_has_shortcode":"","ocean_shortcode_after_title":"","ocean_shortcode_before_footer_widgets":"","ocean_shortcode_after_footer_widgets":"","ocean_shortcode_before_footer_bottom":"","ocean_shortcode_after_footer_bottom":"","ocean_display_top_bar":"default","ocean_display_header":"default","ocean_header_style":"","ocean_center_header_left_menu":"0","ocean_custom_header_template":"0","ocean_custom_logo":0,"ocean_custom_retina_logo":0,"ocean_custom_logo_max_width":0,"ocean_custom_logo_tablet_max_width":0,"ocean_custom_logo_mobile_max_width":0,"ocean_custom_logo_max_height":0,"ocean_custom_logo_tablet_max_height":0,"ocean_custom_logo_mobile_max_height":0,"ocean_header_custom_menu":"0","ocean_menu_typo_font_family":"0","ocean_menu_typo_font_subset":"","ocean_menu_typo_font_size":0,"ocean_menu_typo_font_size_tablet":0,"ocean_menu_typo_font_size_mobile":0,"ocean_menu_typo_font_size_unit":"px","ocean_menu_typo_font_weight":"","ocean_menu_typo_font_weight_tablet":"","ocean_menu_typo_font_weight_mobile":"","ocean_menu_typo_transform":"","ocean_menu_typo_transform_tablet":"","ocean_menu_typo_transform_mobile":"","ocean_menu_typo_line_height":0,"ocean_menu_typo_line_height_tablet":0,"ocean_menu_typo_line_height_mobile":0,"ocean_menu_typo_line_height_unit":"","ocean_menu_typo_spacing":0,"ocean_menu_typo_spacing_tablet":0,"ocean_menu_typo_spacing_mobile":0,"ocean_menu_typo_spacing_unit":"","ocean_menu_link_color":"","ocean_menu_link_color_hover":"","ocean_menu_link_color_active":"","ocean_menu_link_background":"","ocean_menu_link_hover_background":"","ocean_menu_link_active_background":"","ocean_menu_social_links_bg":"","ocean_menu_social_hover_links_bg":"","ocean_menu_social_links_color":"","ocean_menu_social_hover_links_color":"","ocean_disable_title":"default","ocean_disable_heading":"default","ocean_post_title":"","ocean_post_subheading":"","ocean_post_title_style":"","ocean_post_title_background_color":"","ocean_post_title_background":0,"ocean_post_title_bg_image_position":"","ocean_post_title_bg_image_attachment":"","ocean_post_title_bg_image_repeat":"","ocean_post_title_bg_image_size":"","ocean_post_title_height":0,"ocean_post_title_bg_overlay":0.5,"ocean_post_title_bg_overlay_color":"","ocean_disable_breadcrumbs":"default","ocean_breadcrumbs_color":"","ocean_breadcrumbs_separator_color":"","ocean_breadcrumbs_links_color":"","ocean_breadcrumbs_links_hover_color":"","ocean_display_footer_widgets":"default","ocean_display_footer_bottom":"default","ocean_custom_footer_template":"0","ocean_post_oembed":"","ocean_post_self_hosted_media":"","ocean_post_video_embed":"","ocean_link_format":"","ocean_link_format_target":"self","ocean_quote_format":"","ocean_quote_format_link":"post","ocean_gallery_link_images":"on","ocean_gallery_id":[],"footnotes":""},"categories":[12,74,4],"tags":[],"class_list":["post-4096","post","type-post","status-publish","format-standard","hentry","category-inexigibilidade","category-inexigibilidade-2026","category-licitacao","entry"],"_links":{"self":[{"href":"https:\/\/vilaflor.rn.gov.br\/transparencia\/wp-json\/wp\/v2\/posts\/4096","targetHints":{"allow":["GET"]}}],"collection":[{"href":"https:\/\/vilaflor.rn.gov.br\/transparencia\/wp-json\/wp\/v2\/posts"}],"about":[{"href":"https:\/\/vilaflor.rn.gov.br\/transparencia\/wp-json\/wp\/v2\/types\/post"}],"author":[{"embeddable":true,"href":"https:\/\/vilaflor.rn.gov.br\/transparencia\/wp-json\/wp\/v2\/users\/1"}],"replies":[{"embeddable":true,"href":"https:\/\/vilaflor.rn.gov.br\/transparencia\/wp-json\/wp\/v2\/comments?post=4096"}],"version-history":[{"count":1,"href":"https:\/\/vilaflor.rn.gov.br\/transparencia\/wp-json\/wp\/v2\/posts\/4096\/revisions"}],"predecessor-version":[{"id":4097,"href":"https:\/\/vilaflor.rn.gov.br\/transparencia\/wp-json\/wp\/v2\/posts\/4096\/revisions\/4097"}],"wp:attachment":[{"href":"https:\/\/vilaflor.rn.gov.br\/transparencia\/wp-json\/wp\/v2\/media?parent=4096"}],"wp:term":[{"taxonomy":"category","embeddable":true,"href":"https:\/\/vilaflor.rn.gov.br\/transparencia\/wp-json\/wp\/v2\/categories?post=4096"},{"taxonomy":"post_tag","embeddable":true,"href":"https:\/\/vilaflor.rn.gov.br\/transparencia\/wp-json\/wp\/v2\/tags?post=4096"}],"curies":[{"name":"wp","href":"https:\/\/api.w.org\/{rel}","templated":true}]}},{"id":4090,"date":"2025-12-23T08:48:58","date_gmt":"2025-12-23T11:48:58","guid":{"rendered":"https:\/\/vilaflor.rn.gov.br\/transparencia\/?p=4090"},"modified":"2026-01-13T08:50:00","modified_gmt":"2026-01-13T11:50:00","slug":"portaria-no-063-2025-sme-dispoe-sobre-a-homologacao-do-parecer-cme-no-01-2025-que-aprova-a-adesao-as-diretrizes-curriculares-do-ensino-de-computacao-na-educacao-basica-do-rio-grande-do-no","status":"publish","type":"post","link":"https:\/\/vilaflor.rn.gov.br\/transparencia\/portaria-no-063-2025-sme-dispoe-sobre-a-homologacao-do-parecer-cme-no-01-2025-que-aprova-a-adesao-as-diretrizes-curriculares-do-ensino-de-computacao-na-educacao-basica-do-rio-grande-do-no\/","title":{"rendered":"PORTARIA N\u00ba 063\/2025 \u2013 SME &#8211; Disp\u00f5e sobre a homologa\u00e7\u00e3o do Parecer CME n\u00ba 01\/2025, que aprova a Ades\u00e3o as Diretrizes Curriculares do Ensino de Computa\u00e7\u00e3o na Educa\u00e7\u00e3o B\u00e1sica do Rio Grande do Norte, no \u00e2mbito da rede municipal de ensino."},"content":{"rendered":"<p><strong>ESTADO DO RIO GRANDE DO NORTE<\/strong><br \/>\n<strong>PREFEITURA MUNICIPAL DE VILA FLOR<\/strong><\/p>\n<p>Disp\u00f5e sobre a homologa\u00e7\u00e3o do Parecer CME n\u00ba\u00a0<strong>01<\/strong>\/2025, que aprova a Ades\u00e3o as Diretrizes Curriculares do Ensino de Computa\u00e7\u00e3o na Educa\u00e7\u00e3o B\u00e1sica do Rio Grande do Norte, no \u00e2mbito da rede municipal de ensino.<\/p>\n<p>&nbsp;<\/p>\n<p><strong>A<\/strong>\u00a0<strong>SECRET\u00c1RIA MUNICIPAL DE EDUCA\u00c7\u00c3O DE VILA FLOR<\/strong>, no uso das atribui\u00e7\u00f5es que lhe s\u00e3o conferidas pela legisla\u00e7\u00e3o municipal vigente,<\/p>\n<p><strong>CONSIDERANDO<\/strong>\u00a0a necessidade de atualiza\u00e7\u00e3o curricular em conformidade com a Base Nacional Comum Curricular (BNCC), homologada pela Resolu\u00e7\u00e3o CNE\/CP n\u00ba 2, de 22 de dezembro de 2017, bem como a integra\u00e7\u00e3o das compet\u00eancias gerais e espec\u00edficas da \u00e1rea de Computa\u00e7\u00e3o, este Conselho passou a analisar a mat\u00e9ria.<\/p>\n<p>&nbsp;<\/p>\n<p><strong>CONSIDERANDO<\/strong>\u00a0a Lei Federal n\u00ba 14.533, de 11 de janeiro de 2023, que institui a Pol\u00edtica Nacional de Educa\u00e7\u00e3o Digital (PNED), estabelecendo que \u201ca educa\u00e7\u00e3o digital, com foco no letramento digital e no ensino de computa\u00e7\u00e3o, programa\u00e7\u00e3o, rob\u00f3tica e outras compet\u00eancias digitais, ser\u00e1 componente curricular do ensino fundamental e do ensino m\u00e9dio\u201d;<\/p>\n<p><strong>CONSIDERANDO o Parecer CNE\/CB n\u00ba 01\/2022 e a Resolu\u00e7\u00e3o CNE\/CEB n\u00ba 1\/2022, que institu\u00edram a BNCC Computa\u00e7\u00e3o \u2013 Complemento \u00e0 BNCC, definindo compet\u00eancias e habilidades relativas \u00e0 cultura digital, ao mundo digital e ao pensamento computacional em todas as etapas da Educa\u00e7\u00e3o B\u00e1sica.<\/strong><\/p>\n<p><strong>CONSIDERANDO<\/strong>\u00a0a Resolu\u00e7\u00e3o CNE\/CEB n\u00ba 1, de 17 de outubro de 2024, que institui a Computa\u00e7\u00e3o como \u00e1rea do conhecimento da Educa\u00e7\u00e3o B\u00e1sica;<\/p>\n<p><strong>CONSIDERANDO<\/strong>\u00a0a Lei Complementar n\u00ba 220\/2025, de 31 de outubro de 2025, que instituiu o Sistema Nacional de Educa\u00e7\u00e3o (SNE) e fica normais para a coopera\u00e7\u00e3o entre Uni\u00e3o, Estados, o Distrito federal e os munic\u00edpios para elabora\u00e7\u00e3o e implementa\u00e7\u00e3o de pol\u00edticas, programas e de a\u00e7\u00f5es educacionais em regime de colabora\u00e7\u00e3o;<\/p>\n<p><strong>CONSIDERANDO a Resolu\u00e7\u00e3o CIF n\u00ba 15\/2025, que condiciona o recebimento da complementa\u00e7\u00e3o da Uni\u00e3o ao FUNDEB, no exerc\u00edcio de 2026, \u00e0 adequa\u00e7\u00e3o dos referenciais curriculares das redes de ensino \u00e0 BNCC Computa\u00e7\u00e3o.<\/strong><\/p>\n<p><strong>CONSIDERANDO a Portaria-sei n\u00ba 11.123, de 12 de dezembro de 2025, que homologou o Parecer n\u00ba 160\/2025 \u2013 CEB\/CEE-RN, aprova\u00e7\u00e3o das Diretrizes Curriculares do Ensino de Computa\u00e7\u00e3o na Educa\u00e7\u00e3o B\u00e1sica do Rio Grande do Norte (DCEC).<\/strong><\/p>\n<p><strong>CONSIDERANDO<\/strong>\u00a0a decis\u00e3o do Conselho Estadual de Educa\u00e7\u00e3o (CEE), reunido em Sess\u00e3o Plena, em 03 de dezembro de 2025, que acolheu o Parecer n\u00ba 160\/2025 \u2013 origin\u00e1rio da C\u00e2mara de Educa\u00e7\u00e3o B\u00e1sica, deliberou por unanimidade, aprovar a conclus\u00e3o apresentada e tomada nos termos dos votos dos Conselheiros.<\/p>\n<p><strong>CONSIDERANDO<\/strong>\u00a0a necessidade de atualiza\u00e7\u00e3o curricular da rede municipal de ensino, em conson\u00e2ncia com as diretrizes nacionais e com as demandas contempor\u00e2neas da educa\u00e7\u00e3o digital;<\/p>\n<p><strong>CONSIDERANDO<\/strong>\u00a0a autonomia pedag\u00f3gica das unidades escolares e o respeito \u00e0s especificidades do contexto local;<\/p>\n<p><strong>RESOLVE:<\/strong><\/p>\n<p><strong>Art. 1\u00ba<\/strong>\u00a0Homologar o Parecer CME n\u00ba\u00a0<strong>01<\/strong>\/2025, que aprova Ades\u00e3o as Diretrizes Curriculares do Ensino de Computa\u00e7\u00e3o na Educa\u00e7\u00e3o B\u00e1sica do Rio Grande do Norte como documento de refer\u00eancia para a organiza\u00e7\u00e3o curricular da \u00e1rea de Computa\u00e7\u00e3o no \u00e2mbito da rede municipal de ensino de\u00a0<strong>VILA FLOR<\/strong><\/p>\n<p><strong>Art. 2\u00ba<\/strong>\u00a0Estabelecer que a implementa\u00e7\u00e3o do curr\u00edculo homologado ocorrer\u00e1 de forma gradual e preferencialmente transversal \u00e0s \u00e1reas do conhecimento, respeitadas as etapas e modalidades da Educa\u00e7\u00e3o B\u00e1sica, conforme planejamento pedag\u00f3gico da Secretaria Municipal de Educa\u00e7\u00e3o.<\/p>\n<p><strong>Art. 3\u00ba<\/strong>\u00a0Determinar que a Secretaria Municipal de Educa\u00e7\u00e3o promova a\u00e7\u00f5es de forma\u00e7\u00e3o continuada dos profissionais da educa\u00e7\u00e3o, bem como o acompanhamento, o monitoramento e a avalia\u00e7\u00e3o da implementa\u00e7\u00e3o do curr\u00edculo, em articula\u00e7\u00e3o com o Conselho Municipal de Educa\u00e7\u00e3o.<\/p>\n<p><strong>Art. 4\u00ba<\/strong>\u00a0Esta Portaria entra em vigor na data de sua publica\u00e7\u00e3o.<\/p>\n<p>Munic\u00edpio de Vila Flor, 23 de dezembro de 2025.<\/p>\n<p>&nbsp;<\/p>\n<p>____________________________________________________<\/p>\n<p><strong>Ren\u00e1gia Costa Augustinho<\/strong><\/p>\n<p><strong>Secret\u00e1ria Municipal de Educa\u00e7\u00e3o<\/strong><\/p>\n<p style=\"text-align: right;\"><strong>Publicado por:<\/strong><br \/>\nGRINALDO JOAQUIM DE SOUZA<br \/>\nSecret\u00e1rio Municipal de Administra\u00e7\u00e3o<br \/>\n<strong>C\u00f3digo Identificador:<\/strong>\u00a0BG37ZPU18O<\/p>\n<div class=\"pdfprnt-buttons pdfprnt-buttons-post pdfprnt-bottom-right\"><a href=\"https:\/\/vilaflor.rn.gov.br\/transparencia\/wp-json\/wp\/v2\/posts?page=10&print=pdf#038;print=print\" class=\"pdfprnt-button pdfprnt-button-pdf\" target=\"_blank\"><img decoding=\"async\" src=\"https:\/\/vilaflor.rn.gov.br\/transparencia\/wp-content\/plugins\/pdf-print\/images\/pdf.png\" alt=\"image_pdf\" title=\"Baixar PDF\" \/><\/a><a href=\"https:\/\/vilaflor.rn.gov.br\/transparencia\/wp-json\/wp\/v2\/posts?page=10&print=print#038;print=print\" class=\"pdfprnt-button pdfprnt-button-print\" target=\"_blank\"><img decoding=\"async\" src=\"https:\/\/vilaflor.rn.gov.br\/transparencia\/wp-content\/plugins\/pdf-print\/images\/print.png\" alt=\"image_print\" title=\"Conte\u00fado de impress\u00e3o\" \/><\/a><\/div>","protected":false},"excerpt":{"rendered":"<p>ESTADO DO RIO GRANDE DO NORTE PREFEITURA MUNICIPAL DE VILA FLOR Disp\u00f5e sobre a homologa\u00e7\u00e3o do Parecer CME n\u00ba\u00a001\/2025, que aprova a Ades\u00e3o as Diretrizes Curriculares do Ensino de Computa\u00e7\u00e3o na Educa\u00e7\u00e3o B\u00e1sica do Rio Grande do Norte, no \u00e2mbito da rede municipal de ensino. &nbsp; A\u00a0SECRET\u00c1RIA MUNICIPAL DE EDUCA\u00c7\u00c3O DE VILA FLOR, no uso [&hellip;]<\/p>\n","protected":false},"author":1,"featured_media":0,"comment_status":"open","ping_status":"open","sticky":false,"template":"","format":"standard","meta":{"ocean_post_layout":"","ocean_both_sidebars_style":"","ocean_both_sidebars_content_width":0,"ocean_both_sidebars_sidebars_width":0,"ocean_sidebar":"0","ocean_second_sidebar":"0","ocean_disable_margins":"enable","ocean_add_body_class":"","ocean_shortcode_before_top_bar":"","ocean_shortcode_after_top_bar":"","ocean_shortcode_before_header":"","ocean_shortcode_after_header":"","ocean_has_shortcode":"","ocean_shortcode_after_title":"","ocean_shortcode_before_footer_widgets":"","ocean_shortcode_after_footer_widgets":"","ocean_shortcode_before_footer_bottom":"","ocean_shortcode_after_footer_bottom":"","ocean_display_top_bar":"default","ocean_display_header":"default","ocean_header_style":"","ocean_center_header_left_menu":"0","ocean_custom_header_template":"0","ocean_custom_logo":0,"ocean_custom_retina_logo":0,"ocean_custom_logo_max_width":0,"ocean_custom_logo_tablet_max_width":0,"ocean_custom_logo_mobile_max_width":0,"ocean_custom_logo_max_height":0,"ocean_custom_logo_tablet_max_height":0,"ocean_custom_logo_mobile_max_height":0,"ocean_header_custom_menu":"0","ocean_menu_typo_font_family":"0","ocean_menu_typo_font_subset":"","ocean_menu_typo_font_size":0,"ocean_menu_typo_font_size_tablet":0,"ocean_menu_typo_font_size_mobile":0,"ocean_menu_typo_font_size_unit":"px","ocean_menu_typo_font_weight":"","ocean_menu_typo_font_weight_tablet":"","ocean_menu_typo_font_weight_mobile":"","ocean_menu_typo_transform":"","ocean_menu_typo_transform_tablet":"","ocean_menu_typo_transform_mobile":"","ocean_menu_typo_line_height":0,"ocean_menu_typo_line_height_tablet":0,"ocean_menu_typo_line_height_mobile":0,"ocean_menu_typo_line_height_unit":"","ocean_menu_typo_spacing":0,"ocean_menu_typo_spacing_tablet":0,"ocean_menu_typo_spacing_mobile":0,"ocean_menu_typo_spacing_unit":"","ocean_menu_link_color":"","ocean_menu_link_color_hover":"","ocean_menu_link_color_active":"","ocean_menu_link_background":"","ocean_menu_link_hover_background":"","ocean_menu_link_active_background":"","ocean_menu_social_links_bg":"","ocean_menu_social_hover_links_bg":"","ocean_menu_social_links_color":"","ocean_menu_social_hover_links_color":"","ocean_disable_title":"default","ocean_disable_heading":"default","ocean_post_title":"","ocean_post_subheading":"","ocean_post_title_style":"","ocean_post_title_background_color":"","ocean_post_title_background":0,"ocean_post_title_bg_image_position":"","ocean_post_title_bg_image_attachment":"","ocean_post_title_bg_image_repeat":"","ocean_post_title_bg_image_size":"","ocean_post_title_height":0,"ocean_post_title_bg_overlay":0.5,"ocean_post_title_bg_overlay_color":"","ocean_disable_breadcrumbs":"default","ocean_breadcrumbs_color":"","ocean_breadcrumbs_separator_color":"","ocean_breadcrumbs_links_color":"","ocean_breadcrumbs_links_hover_color":"","ocean_display_footer_widgets":"default","ocean_display_footer_bottom":"default","ocean_custom_footer_template":"0","ocean_post_oembed":"","ocean_post_self_hosted_media":"","ocean_post_video_embed":"","ocean_link_format":"","ocean_link_format_target":"self","ocean_quote_format":"","ocean_quote_format_link":"post","ocean_gallery_link_images":"on","ocean_gallery_id":[],"footnotes":""},"categories":[16,24,26],"tags":[],"class_list":["post-4090","post","type-post","status-publish","format-standard","hentry","category-legislacao","category-portarias","category-portarias-2025","entry"],"_links":{"self":[{"href":"https:\/\/vilaflor.rn.gov.br\/transparencia\/wp-json\/wp\/v2\/posts\/4090","targetHints":{"allow":["GET"]}}],"collection":[{"href":"https:\/\/vilaflor.rn.gov.br\/transparencia\/wp-json\/wp\/v2\/posts"}],"about":[{"href":"https:\/\/vilaflor.rn.gov.br\/transparencia\/wp-json\/wp\/v2\/types\/post"}],"author":[{"embeddable":true,"href":"https:\/\/vilaflor.rn.gov.br\/transparencia\/wp-json\/wp\/v2\/users\/1"}],"replies":[{"embeddable":true,"href":"https:\/\/vilaflor.rn.gov.br\/transparencia\/wp-json\/wp\/v2\/comments?post=4090"}],"version-history":[{"count":1,"href":"https:\/\/vilaflor.rn.gov.br\/transparencia\/wp-json\/wp\/v2\/posts\/4090\/revisions"}],"predecessor-version":[{"id":4091,"href":"https:\/\/vilaflor.rn.gov.br\/transparencia\/wp-json\/wp\/v2\/posts\/4090\/revisions\/4091"}],"wp:attachment":[{"href":"https:\/\/vilaflor.rn.gov.br\/transparencia\/wp-json\/wp\/v2\/media?parent=4090"}],"wp:term":[{"taxonomy":"category","embeddable":true,"href":"https:\/\/vilaflor.rn.gov.br\/transparencia\/wp-json\/wp\/v2\/categories?post=4090"},{"taxonomy":"post_tag","embeddable":true,"href":"https:\/\/vilaflor.rn.gov.br\/transparencia\/wp-json\/wp\/v2\/tags?post=4090"}],"curies":[{"name":"wp","href":"https:\/\/api.w.org\/{rel}","templated":true}]}},{"id":4092,"date":"2025-12-16T08:50:36","date_gmt":"2025-12-16T11:50:36","guid":{"rendered":"https:\/\/vilaflor.rn.gov.br\/transparencia\/?p=4092"},"modified":"2026-01-13T08:51:34","modified_gmt":"2026-01-13T11:51:34","slug":"decreto-no-022-2025-decreta-recesso-nas-reparticoes-publicas-municipais-de-24-12-2025-a-09-01-2026-face-as-festividades-alusivas-ao-periodo-de-final-de-ano","status":"publish","type":"post","link":"https:\/\/vilaflor.rn.gov.br\/transparencia\/decreto-no-022-2025-decreta-recesso-nas-reparticoes-publicas-municipais-de-24-12-2025-a-09-01-2026-face-as-festividades-alusivas-ao-periodo-de-final-de-ano\/","title":{"rendered":"DECRETO N\u00ba 022\/2025 &#8211; Decreta recesso nas reparti\u00e7\u00f5es p\u00fablicas municipais de 24.12.2025 a 09.01.2026, face \u00e0s festividades alusivas ao per\u00edodo de final de ano."},"content":{"rendered":"<p><strong>ESTADO DO RIO GRANDE DO NORTE<\/strong><br \/>\n<strong>PREFEITURA MUNICIPAL DE VILA FLOR<\/strong><\/p>\n<p>Decreta recesso nas reparti\u00e7\u00f5es p\u00fablicas municipais de 24.12.2025 a 09.01.2026, face \u00e0s festividades alusivas ao per\u00edodo de final de ano.<\/p>\n<p>&nbsp;<\/p>\n<p><strong>A PREFEITA MUNICIPAL DE VILA FLOR\/RN, no uso de suas atribui\u00e7\u00f5es que lhe confere a lei org\u00e2nica do munic\u00edpio,<\/strong><\/p>\n<p>&nbsp;<\/p>\n<p><strong>D E C R E T A:<\/strong><\/p>\n<p>&nbsp;<\/p>\n<p>Art. 1\u00ba Fica declarado \u201cRECESSO\u201d nas reparti\u00e7\u00f5es p\u00fablicas municipais, no per\u00edodo de 24 de dezembro de 2025 a 09 de janeiro de 2026, considerando as festividades alusivas ao Final de Ano.<\/p>\n<p>&nbsp;<\/p>\n<p>Par\u00e1grafo \u00fanico. As reparti\u00e7\u00f5es p\u00fablicas municipais que prestam atividades essenciais e de interesse p\u00fablico n\u00e3o se aplica o disposto no caput deste artigo, ficando assegurado o atendimento dos of\u00edcios p\u00fablicos considerados de natureza essencial, executado por servidores em miss\u00e3o de urg\u00eancia, emerg\u00eancia ou necessidades indispens\u00e1veis ao funcionamento.<\/p>\n<p>&nbsp;<\/p>\n<p>Art. 2\u00ba Fica a crit\u00e9rio de cada Secretaria Municipal, estabelecer escalas de plant\u00f5es durante o per\u00edodo de recesso, visando atender as necessidades indispens\u00e1veis ao seu funcionamento.<\/p>\n<p>&nbsp;<\/p>\n<p>Registre-se. Publique-se. Cumpra-se.<\/p>\n<p>&nbsp;<\/p>\n<p>Vila-Flor\/RN, em 16 de Dezembro de 2025.<\/p>\n<p>&nbsp;<\/p>\n<p><strong><em>THUANNE KARLA CARVALHO DE SOUZA<\/em><\/strong><\/p>\n<p>Prefeita Municipal<\/p>\n<p>&nbsp;<\/p>\n<p style=\"text-align: right;\"><strong>Publicado por:<\/strong><br \/>\nGRINALDO JOAQUIM DE SOUZA<br \/>\nSecret\u00e1rio Municipal de Administra\u00e7\u00e3o<br \/>\n<strong>C\u00f3digo Identificador:<\/strong>\u00a0RCXV1EI6O2<\/p>\n<div class=\"pdfprnt-buttons pdfprnt-buttons-post pdfprnt-bottom-right\"><a href=\"https:\/\/vilaflor.rn.gov.br\/transparencia\/wp-json\/wp\/v2\/posts?page=10&print=pdf#038;print=print\" class=\"pdfprnt-button pdfprnt-button-pdf\" target=\"_blank\"><img decoding=\"async\" src=\"https:\/\/vilaflor.rn.gov.br\/transparencia\/wp-content\/plugins\/pdf-print\/images\/pdf.png\" alt=\"image_pdf\" title=\"Baixar PDF\" \/><\/a><a href=\"https:\/\/vilaflor.rn.gov.br\/transparencia\/wp-json\/wp\/v2\/posts?page=10&print=print#038;print=print\" class=\"pdfprnt-button pdfprnt-button-print\" target=\"_blank\"><img decoding=\"async\" src=\"https:\/\/vilaflor.rn.gov.br\/transparencia\/wp-content\/plugins\/pdf-print\/images\/print.png\" alt=\"image_print\" title=\"Conte\u00fado de impress\u00e3o\" \/><\/a><\/div>","protected":false},"excerpt":{"rendered":"<p>ESTADO DO RIO GRANDE DO NORTE PREFEITURA MUNICIPAL DE VILA FLOR Decreta recesso nas reparti\u00e7\u00f5es p\u00fablicas municipais de 24.12.2025 a 09.01.2026, face \u00e0s festividades alusivas ao per\u00edodo de final de ano. &nbsp; A PREFEITA MUNICIPAL DE VILA FLOR\/RN, no uso de suas atribui\u00e7\u00f5es que lhe confere a lei org\u00e2nica do munic\u00edpio, &nbsp; D E C [&hellip;]<\/p>\n","protected":false},"author":1,"featured_media":0,"comment_status":"open","ping_status":"open","sticky":false,"template":"","format":"standard","meta":{"ocean_post_layout":"","ocean_both_sidebars_style":"","ocean_both_sidebars_content_width":0,"ocean_both_sidebars_sidebars_width":0,"ocean_sidebar":"0","ocean_second_sidebar":"0","ocean_disable_margins":"enable","ocean_add_body_class":"","ocean_shortcode_before_top_bar":"","ocean_shortcode_after_top_bar":"","ocean_shortcode_before_header":"","ocean_shortcode_after_header":"","ocean_has_shortcode":"","ocean_shortcode_after_title":"","ocean_shortcode_before_footer_widgets":"","ocean_shortcode_after_footer_widgets":"","ocean_shortcode_before_footer_bottom":"","ocean_shortcode_after_footer_bottom":"","ocean_display_top_bar":"default","ocean_display_header":"default","ocean_header_style":"","ocean_center_header_left_menu":"0","ocean_custom_header_template":"0","ocean_custom_logo":0,"ocean_custom_retina_logo":0,"ocean_custom_logo_max_width":0,"ocean_custom_logo_tablet_max_width":0,"ocean_custom_logo_mobile_max_width":0,"ocean_custom_logo_max_height":0,"ocean_custom_logo_tablet_max_height":0,"ocean_custom_logo_mobile_max_height":0,"ocean_header_custom_menu":"0","ocean_menu_typo_font_family":"0","ocean_menu_typo_font_subset":"","ocean_menu_typo_font_size":0,"ocean_menu_typo_font_size_tablet":0,"ocean_menu_typo_font_size_mobile":0,"ocean_menu_typo_font_size_unit":"px","ocean_menu_typo_font_weight":"","ocean_menu_typo_font_weight_tablet":"","ocean_menu_typo_font_weight_mobile":"","ocean_menu_typo_transform":"","ocean_menu_typo_transform_tablet":"","ocean_menu_typo_transform_mobile":"","ocean_menu_typo_line_height":0,"ocean_menu_typo_line_height_tablet":0,"ocean_menu_typo_line_height_mobile":0,"ocean_menu_typo_line_height_unit":"","ocean_menu_typo_spacing":0,"ocean_menu_typo_spacing_tablet":0,"ocean_menu_typo_spacing_mobile":0,"ocean_menu_typo_spacing_unit":"","ocean_menu_link_color":"","ocean_menu_link_color_hover":"","ocean_menu_link_color_active":"","ocean_menu_link_background":"","ocean_menu_link_hover_background":"","ocean_menu_link_active_background":"","ocean_menu_social_links_bg":"","ocean_menu_social_hover_links_bg":"","ocean_menu_social_links_color":"","ocean_menu_social_hover_links_color":"","ocean_disable_title":"default","ocean_disable_heading":"default","ocean_post_title":"","ocean_post_subheading":"","ocean_post_title_style":"","ocean_post_title_background_color":"","ocean_post_title_background":0,"ocean_post_title_bg_image_position":"","ocean_post_title_bg_image_attachment":"","ocean_post_title_bg_image_repeat":"","ocean_post_title_bg_image_size":"","ocean_post_title_height":0,"ocean_post_title_bg_overlay":0.5,"ocean_post_title_bg_overlay_color":"","ocean_disable_breadcrumbs":"default","ocean_breadcrumbs_color":"","ocean_breadcrumbs_separator_color":"","ocean_breadcrumbs_links_color":"","ocean_breadcrumbs_links_hover_color":"","ocean_display_footer_widgets":"default","ocean_display_footer_bottom":"default","ocean_custom_footer_template":"0","ocean_post_oembed":"","ocean_post_self_hosted_media":"","ocean_post_video_embed":"","ocean_link_format":"","ocean_link_format_target":"self","ocean_quote_format":"","ocean_quote_format_link":"post","ocean_gallery_link_images":"on","ocean_gallery_id":[],"footnotes":""},"categories":[20,22,16],"tags":[],"class_list":["post-4092","post","type-post","status-publish","format-standard","hentry","category-decretos","category-decretos-2025","category-legislacao","entry"],"_links":{"self":[{"href":"https:\/\/vilaflor.rn.gov.br\/transparencia\/wp-json\/wp\/v2\/posts\/4092","targetHints":{"allow":["GET"]}}],"collection":[{"href":"https:\/\/vilaflor.rn.gov.br\/transparencia\/wp-json\/wp\/v2\/posts"}],"about":[{"href":"https:\/\/vilaflor.rn.gov.br\/transparencia\/wp-json\/wp\/v2\/types\/post"}],"author":[{"embeddable":true,"href":"https:\/\/vilaflor.rn.gov.br\/transparencia\/wp-json\/wp\/v2\/users\/1"}],"replies":[{"embeddable":true,"href":"https:\/\/vilaflor.rn.gov.br\/transparencia\/wp-json\/wp\/v2\/comments?post=4092"}],"version-history":[{"count":1,"href":"https:\/\/vilaflor.rn.gov.br\/transparencia\/wp-json\/wp\/v2\/posts\/4092\/revisions"}],"predecessor-version":[{"id":4093,"href":"https:\/\/vilaflor.rn.gov.br\/transparencia\/wp-json\/wp\/v2\/posts\/4092\/revisions\/4093"}],"wp:attachment":[{"href":"https:\/\/vilaflor.rn.gov.br\/transparencia\/wp-json\/wp\/v2\/media?parent=4092"}],"wp:term":[{"taxonomy":"category","embeddable":true,"href":"https:\/\/vilaflor.rn.gov.br\/transparencia\/wp-json\/wp\/v2\/categories?post=4092"},{"taxonomy":"post_tag","embeddable":true,"href":"https:\/\/vilaflor.rn.gov.br\/transparencia\/wp-json\/wp\/v2\/tags?post=4092"}],"curies":[{"name":"wp","href":"https:\/\/api.w.org\/{rel}","templated":true}]}},{"id":4059,"date":"2025-12-15T15:20:50","date_gmt":"2025-12-15T18:20:50","guid":{"rendered":"https:\/\/vilaflor.rn.gov.br\/transparencia\/?p=4059"},"modified":"2025-12-15T15:20:50","modified_gmt":"2025-12-15T18:20:50","slug":"lei-municipal-no-493-2025-estima-a-receita-e-fixa-a-despesa-do-municipio-de-vila-flor-rn-para-o-exercicio-financeiro-de-2026-e-da-outras-providencias","status":"publish","type":"post","link":"https:\/\/vilaflor.rn.gov.br\/transparencia\/lei-municipal-no-493-2025-estima-a-receita-e-fixa-a-despesa-do-municipio-de-vila-flor-rn-para-o-exercicio-financeiro-de-2026-e-da-outras-providencias\/","title":{"rendered":"Lei Municipal n\u00ba 493\/2025 &#8211; Estima a receita e fixa a despesa do Munic\u00edpio de Vila Flor\/RN, para o exerc\u00edcio financeiro de 2026 e d\u00e1 outras provid\u00eancias."},"content":{"rendered":"<div class=\"ead-preview\"><div class=\"ead-document\" style=\"position:relative;padding-top:90%;\"><iframe src=\"\/\/docs.google.com\/viewer?url=https%3A%2F%2Fvilaflor.rn.gov.br%2Ftransparencia%2Fwp-content%2Fuploads%2F2025%2F12%2FLoa-Lei-Nubicipal-493-de-11-de-dezembro-de-2025-1.pdf&amp;embedded=true&amp;hl=en\" title=\"Embedded Document\" style=\"width:100%; height:100%; border: none; position: absolute;left:0;top:0;\"><\/iframe><\/div><p class=\"embed_download\"><a href=\"https:\/\/vilaflor.rn.gov.br\/transparencia\/wp-content\/uploads\/2025\/12\/Loa-Lei-Nubicipal-493-de-11-de-dezembro-de-2025-1.pdf\" download >Download [3.89 MB] <\/a><\/p><\/div>\n<div class=\"pdfprnt-buttons pdfprnt-buttons-post pdfprnt-bottom-right\"><a href=\"https:\/\/vilaflor.rn.gov.br\/transparencia\/wp-json\/wp\/v2\/posts?page=10&print=pdf#038;print=print\" class=\"pdfprnt-button pdfprnt-button-pdf\" target=\"_blank\"><img decoding=\"async\" src=\"https:\/\/vilaflor.rn.gov.br\/transparencia\/wp-content\/plugins\/pdf-print\/images\/pdf.png\" alt=\"image_pdf\" title=\"Baixar PDF\" \/><\/a><a href=\"https:\/\/vilaflor.rn.gov.br\/transparencia\/wp-json\/wp\/v2\/posts?page=10&print=print#038;print=print\" class=\"pdfprnt-button pdfprnt-button-print\" target=\"_blank\"><img decoding=\"async\" src=\"https:\/\/vilaflor.rn.gov.br\/transparencia\/wp-content\/plugins\/pdf-print\/images\/print.png\" alt=\"image_print\" title=\"Conte\u00fado de impress\u00e3o\" \/><\/a><\/div>","protected":false},"excerpt":{"rendered":"","protected":false},"author":1,"featured_media":0,"comment_status":"open","ping_status":"open","sticky":false,"template":"","format":"standard","meta":{"ocean_post_layout":"","ocean_both_sidebars_style":"","ocean_both_sidebars_content_width":0,"ocean_both_sidebars_sidebars_width":0,"ocean_sidebar":"0","ocean_second_sidebar":"0","ocean_disable_margins":"enable","ocean_add_body_class":"","ocean_shortcode_before_top_bar":"","ocean_shortcode_after_top_bar":"","ocean_shortcode_before_header":"","ocean_shortcode_after_header":"","ocean_has_shortcode":"","ocean_shortcode_after_title":"","ocean_shortcode_before_footer_widgets":"","ocean_shortcode_after_footer_widgets":"","ocean_shortcode_before_footer_bottom":"","ocean_shortcode_after_footer_bottom":"","ocean_display_top_bar":"default","ocean_display_header":"default","ocean_header_style":"","ocean_center_header_left_menu":"0","ocean_custom_header_template":"0","ocean_custom_logo":0,"ocean_custom_retina_logo":0,"ocean_custom_logo_max_width":0,"ocean_custom_logo_tablet_max_width":0,"ocean_custom_logo_mobile_max_width":0,"ocean_custom_logo_max_height":0,"ocean_custom_logo_tablet_max_height":0,"ocean_custom_logo_mobile_max_height":0,"ocean_header_custom_menu":"0","ocean_menu_typo_font_family":"0","ocean_menu_typo_font_subset":"","ocean_menu_typo_font_size":0,"ocean_menu_typo_font_size_tablet":0,"ocean_menu_typo_font_size_mobile":0,"ocean_menu_typo_font_size_unit":"px","ocean_menu_typo_font_weight":"","ocean_menu_typo_font_weight_tablet":"","ocean_menu_typo_font_weight_mobile":"","ocean_menu_typo_transform":"","ocean_menu_typo_transform_tablet":"","ocean_menu_typo_transform_mobile":"","ocean_menu_typo_line_height":0,"ocean_menu_typo_line_height_tablet":0,"ocean_menu_typo_line_height_mobile":0,"ocean_menu_typo_line_height_unit":"","ocean_menu_typo_spacing":0,"ocean_menu_typo_spacing_tablet":0,"ocean_menu_typo_spacing_mobile":0,"ocean_menu_typo_spacing_unit":"","ocean_menu_link_color":"","ocean_menu_link_color_hover":"","ocean_menu_link_color_active":"","ocean_menu_link_background":"","ocean_menu_link_hover_background":"","ocean_menu_link_active_background":"","ocean_menu_social_links_bg":"","ocean_menu_social_hover_links_bg":"","ocean_menu_social_links_color":"","ocean_menu_social_hover_links_color":"","ocean_disable_title":"default","ocean_disable_heading":"default","ocean_post_title":"","ocean_post_subheading":"","ocean_post_title_style":"","ocean_post_title_background_color":"","ocean_post_title_background":0,"ocean_post_title_bg_image_position":"","ocean_post_title_bg_image_attachment":"","ocean_post_title_bg_image_repeat":"","ocean_post_title_bg_image_size":"","ocean_post_title_height":0,"ocean_post_title_bg_overlay":0.5,"ocean_post_title_bg_overlay_color":"","ocean_disable_breadcrumbs":"default","ocean_breadcrumbs_color":"","ocean_breadcrumbs_separator_color":"","ocean_breadcrumbs_links_color":"","ocean_breadcrumbs_links_hover_color":"","ocean_display_footer_widgets":"default","ocean_display_footer_bottom":"default","ocean_custom_footer_template":"0","ocean_post_oembed":"","ocean_post_self_hosted_media":"","ocean_post_video_embed":"","ocean_link_format":"","ocean_link_format_target":"self","ocean_quote_format":"","ocean_quote_format_link":"post","ocean_gallery_link_images":"on","ocean_gallery_id":[],"footnotes":""},"categories":[16,17,19],"tags":[],"class_list":["post-4059","post","type-post","status-publish","format-standard","hentry","category-legislacao","category-leis-municipais","category-leis-municipais-2025","entry"],"_links":{"self":[{"href":"https:\/\/vilaflor.rn.gov.br\/transparencia\/wp-json\/wp\/v2\/posts\/4059","targetHints":{"allow":["GET"]}}],"collection":[{"href":"https:\/\/vilaflor.rn.gov.br\/transparencia\/wp-json\/wp\/v2\/posts"}],"about":[{"href":"https:\/\/vilaflor.rn.gov.br\/transparencia\/wp-json\/wp\/v2\/types\/post"}],"author":[{"embeddable":true,"href":"https:\/\/vilaflor.rn.gov.br\/transparencia\/wp-json\/wp\/v2\/users\/1"}],"replies":[{"embeddable":true,"href":"https:\/\/vilaflor.rn.gov.br\/transparencia\/wp-json\/wp\/v2\/comments?post=4059"}],"version-history":[{"count":1,"href":"https:\/\/vilaflor.rn.gov.br\/transparencia\/wp-json\/wp\/v2\/posts\/4059\/revisions"}],"predecessor-version":[{"id":4061,"href":"https:\/\/vilaflor.rn.gov.br\/transparencia\/wp-json\/wp\/v2\/posts\/4059\/revisions\/4061"}],"wp:attachment":[{"href":"https:\/\/vilaflor.rn.gov.br\/transparencia\/wp-json\/wp\/v2\/media?parent=4059"}],"wp:term":[{"taxonomy":"category","embeddable":true,"href":"https:\/\/vilaflor.rn.gov.br\/transparencia\/wp-json\/wp\/v2\/categories?post=4059"},{"taxonomy":"post_tag","embeddable":true,"href":"https:\/\/vilaflor.rn.gov.br\/transparencia\/wp-json\/wp\/v2\/tags?post=4059"}],"curies":[{"name":"wp","href":"https:\/\/api.w.org\/{rel}","templated":true}]}}]