{"id":772,"date":"2025-01-23T21:57:54","date_gmt":"2025-01-24T00:57:54","guid":{"rendered":"https:\/\/vilaflor.rn.gov.br\/transparencia\/?p=772"},"modified":"2025-04-22T22:04:52","modified_gmt":"2025-04-23T01:04:52","slug":"portaria-no-007-2023-gab-pref-nomear-o-senhor-vicente-valdivino-de-brito-matos","status":"publish","type":"post","link":"https:\/\/vilaflor.rn.gov.br\/transparencia\/portaria-no-007-2023-gab-pref-nomear-o-senhor-vicente-valdivino-de-brito-matos\/","title":{"rendered":"PORTARIA N\u00ba 007\/2023 \u2013 GAB\/PREF. &#8211; Nomear o senhor\u00a0Vicente Valdivino de Brito Matos"},"content":{"rendered":"<div id=\"separador\" class=\"cabecalhoEstadoSeparador cabecalhoEstadoSeparador1\">\n<p style=\"text-align: center;\"><strong>ESTADO DO RIO GRANDE DO NORTE<\/strong><br \/>\n<strong>PREFEITURA MUNICIPAL DE VILA FLOR<\/strong><\/p>\n<\/div>\n<p class=\"cabecaorgao\" style=\"text-align: center;\"><strong>SECRETARIA MUNICIPAL DE ADMINISTRA\u00c7\u00c3O<\/strong><\/p>\n<hr \/>\n<div id=\"materia\" class=\"materia materia20091123 materia1\">\n<p>PORTARIA N\u00ba 007\/2023 \u2013 GAB\/PREF.<\/p>\n<p>Em 20 de Janeiro de 2025.<\/p>\n<p>&nbsp;<\/p>\n<p><i>Nomeia membro do Conselho Tutelar do Munic\u00edpio de Vila Flor, para o mandato de 17 de janeiro de 2025 a 09 de janeiro de 2028, e d\u00e1 outras provid\u00eancias.<\/i><\/p>\n<p>&nbsp;<\/p>\n<p>A Prefeita Municipal de Vila Flor, Estado do Rio Grande do Norte, no uso de suas atribui\u00e7\u00f5es legais definidas pela Lei Org\u00e2nica Municipal;<\/p>\n<p>&nbsp;<\/p>\n<p><b>R E S O L V E:<\/b><\/p>\n<p>&nbsp;<\/p>\n<p><b>Art.1\u00b0.<\/b>Nomear o senhor\u00a0<b>Vicente Valdivino de Brito Matos\u00a0<\/b>como membro Titular do Conselho Tutelar do Munic\u00edpio de Vila Flor, para mandato de 17 de janeiro de 2025 a 09 de janeiro de 2028.<\/p>\n<p>&nbsp;<\/p>\n<p><b>Art. 2\u00ba.<\/b>A Conselheira Tutelar Titular, no efetivo exerc\u00edcio da fun\u00e7\u00e3o, \u00e0 t\u00edtulo de remunera\u00e7\u00e3o, receber\u00e1 de acordo com a peculiaridade do Munic\u00edpio.<\/p>\n<p><b>Par\u00e1grafo \u00danico.<\/b>Na vig\u00eancia de seu mandato, o Conselheiro Tutelar ter\u00e1 os mesmos direitos e vantagens inerentes ao servidor p\u00fablico municipal.<\/p>\n<p>&nbsp;<\/p>\n<p><b>Art. 3\u00ba.<\/b>Esta Portaria entra em vigor na data de sua publica\u00e7\u00e3o, com efeito a partir de 17 de janeiro de 2025, revogadas as disposi\u00e7\u00f5es em contr\u00e1rio.<\/p>\n<p>&nbsp;<\/p>\n<p>Publique-se, registre-se e cumpra-se.<\/p>\n<p>&nbsp;<\/p>\n<p>Vila Flor\/RN, 20 de janeiro de 2025.<\/p>\n<p>&nbsp;<\/p>\n<p><b><i>THUANNE KARLA CARVALHO DE SOUZA<\/i><\/b><\/p>\n<p>Prefeita Municipal<\/p>\n<p>&nbsp;<\/p>\n<div align=\"right\">\n<b>Publicado por:<\/b><br \/>\nGrinaldo Joaquim de Souza<br \/>\n<b>C\u00f3digo Identificador:<\/b>0060F262<\/div>\n<p>&nbsp;<\/p>\n<hr \/>\n<p>Mat\u00e9ria publicada no Di\u00e1rio Oficial dos Munic\u00edpios do Estado do Rio Grande do Norte no dia 21\/01\/2025. Edi\u00e7\u00e3o 3459<br \/>\nA verifica\u00e7\u00e3o de autenticidade da mat\u00e9ria pode ser feita informando o c\u00f3digo identificador no site:<br \/>\nhttps:\/\/www.diariomunicipal.com.br\/femurn\/<\/p><\/div>\n<div class=\"pdfprnt-buttons pdfprnt-buttons-post pdfprnt-bottom-right\"><a href=\"https:\/\/vilaflor.rn.gov.br\/transparencia\/wp-json\/wp\/v2\/posts\/772?print=pdf\" class=\"pdfprnt-button pdfprnt-button-pdf\" target=\"_blank\"><img decoding=\"async\" src=\"https:\/\/vilaflor.rn.gov.br\/transparencia\/wp-content\/plugins\/pdf-print\/images\/pdf.png\" alt=\"image_pdf\" title=\"Baixar PDF\" \/><\/a><a href=\"https:\/\/vilaflor.rn.gov.br\/transparencia\/wp-json\/wp\/v2\/posts\/772?print=print\" class=\"pdfprnt-button pdfprnt-button-print\" target=\"_blank\"><img decoding=\"async\" src=\"https:\/\/vilaflor.rn.gov.br\/transparencia\/wp-content\/plugins\/pdf-print\/images\/print.png\" alt=\"image_print\" title=\"Conte\u00fado de impress\u00e3o\" \/><\/a><\/div>","protected":false},"excerpt":{"rendered":"<p>ESTADO DO RIO GRANDE DO NORTE PREFEITURA MUNICIPAL DE VILA FLOR SECRETARIA MUNICIPAL DE ADMINISTRA\u00c7\u00c3O PORTARIA N\u00ba 007\/2023 \u2013 GAB\/PREF. Em 20 de Janeiro de 2025. &nbsp; Nomeia membro do Conselho Tutelar do Munic\u00edpio de Vila Flor, para o mandato de 17 de janeiro de 2025 a 09 de janeiro de 2028, e d\u00e1 outras [&hellip;]<\/p>\n","protected":false},"author":1,"featured_media":0,"comment_status":"open","ping_status":"open","sticky":false,"template":"","format":"standard","meta":{"ocean_post_layout":"","ocean_both_sidebars_style":"","ocean_both_sidebars_content_width":0,"ocean_both_sidebars_sidebars_width":0,"ocean_sidebar":"0","ocean_second_sidebar":"0","ocean_disable_margins":"enable","ocean_add_body_class":"","ocean_shortcode_before_top_bar":"","ocean_shortcode_after_top_bar":"","ocean_shortcode_before_header":"","ocean_shortcode_after_header":"","ocean_has_shortcode":"","ocean_shortcode_after_title":"","ocean_shortcode_before_footer_widgets":"","ocean_shortcode_after_footer_widgets":"","ocean_shortcode_before_footer_bottom":"","ocean_shortcode_after_footer_bottom":"","ocean_display_top_bar":"default","ocean_display_header":"default","ocean_header_style":"","ocean_center_header_left_menu":"0","ocean_custom_header_template":"0","ocean_custom_logo":0,"ocean_custom_retina_logo":0,"ocean_custom_logo_max_width":0,"ocean_custom_logo_tablet_max_width":0,"ocean_custom_logo_mobile_max_width":0,"ocean_custom_logo_max_height":0,"ocean_custom_logo_tablet_max_height":0,"ocean_custom_logo_mobile_max_height":0,"ocean_header_custom_menu":"0","ocean_menu_typo_font_family":"0","ocean_menu_typo_font_subset":"","ocean_menu_typo_font_size":0,"ocean_menu_typo_font_size_tablet":0,"ocean_menu_typo_font_size_mobile":0,"ocean_menu_typo_font_size_unit":"px","ocean_menu_typo_font_weight":"","ocean_menu_typo_font_weight_tablet":"","ocean_menu_typo_font_weight_mobile":"","ocean_menu_typo_transform":"","ocean_menu_typo_transform_tablet":"","ocean_menu_typo_transform_mobile":"","ocean_menu_typo_line_height":0,"ocean_menu_typo_line_height_tablet":0,"ocean_menu_typo_line_height_mobile":0,"ocean_menu_typo_line_height_unit":"","ocean_menu_typo_spacing":0,"ocean_menu_typo_spacing_tablet":0,"ocean_menu_typo_spacing_mobile":0,"ocean_menu_typo_spacing_unit":"","ocean_menu_link_color":"","ocean_menu_link_color_hover":"","ocean_menu_link_color_active":"","ocean_menu_link_background":"","ocean_menu_link_hover_background":"","ocean_menu_link_active_background":"","ocean_menu_social_links_bg":"","ocean_menu_social_hover_links_bg":"","ocean_menu_social_links_color":"","ocean_menu_social_hover_links_color":"","ocean_disable_title":"default","ocean_disable_heading":"default","ocean_post_title":"","ocean_post_subheading":"","ocean_post_title_style":"","ocean_post_title_background_color":"","ocean_post_title_background":0,"ocean_post_title_bg_image_position":"","ocean_post_title_bg_image_attachment":"","ocean_post_title_bg_image_repeat":"","ocean_post_title_bg_image_size":"","ocean_post_title_height":0,"ocean_post_title_bg_overlay":0.5,"ocean_post_title_bg_overlay_color":"","ocean_disable_breadcrumbs":"default","ocean_breadcrumbs_color":"","ocean_breadcrumbs_separator_color":"","ocean_breadcrumbs_links_color":"","ocean_breadcrumbs_links_hover_color":"","ocean_display_footer_widgets":"default","ocean_display_footer_bottom":"default","ocean_custom_footer_template":"0","ocean_post_oembed":"","ocean_post_self_hosted_media":"","ocean_post_video_embed":"","ocean_link_format":"","ocean_link_format_target":"self","ocean_quote_format":"","ocean_quote_format_link":"post","ocean_gallery_link_images":"on","ocean_gallery_id":[],"footnotes":""},"categories":[16,24,26],"tags":[],"class_list":["post-772","post","type-post","status-publish","format-standard","hentry","category-legislacao","category-portarias","category-portarias-2025","entry"],"_links":{"self":[{"href":"https:\/\/vilaflor.rn.gov.br\/transparencia\/wp-json\/wp\/v2\/posts\/772","targetHints":{"allow":["GET"]}}],"collection":[{"href":"https:\/\/vilaflor.rn.gov.br\/transparencia\/wp-json\/wp\/v2\/posts"}],"about":[{"href":"https:\/\/vilaflor.rn.gov.br\/transparencia\/wp-json\/wp\/v2\/types\/post"}],"author":[{"embeddable":true,"href":"https:\/\/vilaflor.rn.gov.br\/transparencia\/wp-json\/wp\/v2\/users\/1"}],"replies":[{"embeddable":true,"href":"https:\/\/vilaflor.rn.gov.br\/transparencia\/wp-json\/wp\/v2\/comments?post=772"}],"version-history":[{"count":1,"href":"https:\/\/vilaflor.rn.gov.br\/transparencia\/wp-json\/wp\/v2\/posts\/772\/revisions"}],"predecessor-version":[{"id":773,"href":"https:\/\/vilaflor.rn.gov.br\/transparencia\/wp-json\/wp\/v2\/posts\/772\/revisions\/773"}],"wp:attachment":[{"href":"https:\/\/vilaflor.rn.gov.br\/transparencia\/wp-json\/wp\/v2\/media?parent=772"}],"wp:term":[{"taxonomy":"category","embeddable":true,"href":"https:\/\/vilaflor.rn.gov.br\/transparencia\/wp-json\/wp\/v2\/categories?post=772"},{"taxonomy":"post_tag","embeddable":true,"href":"https:\/\/vilaflor.rn.gov.br\/transparencia\/wp-json\/wp\/v2\/tags?post=772"}],"curies":[{"name":"wp","href":"https:\/\/api.w.org\/{rel}","templated":true}]}}