{"id":4298,"date":"2026-03-09T11:17:08","date_gmt":"2026-03-09T14:17:08","guid":{"rendered":"https:\/\/vilaflor.rn.gov.br\/transparencia\/?p=4298"},"modified":"2026-04-02T11:17:45","modified_gmt":"2026-04-02T14:17:45","slug":"aviso-de-dispensa-de-licitacao-n-009-2026","status":"publish","type":"post","link":"https:\/\/vilaflor.rn.gov.br\/transparencia\/aviso-de-dispensa-de-licitacao-n-009-2026\/","title":{"rendered":"AVISO DE DISPENSA DE LICITA\u00c7\u00c3O N\u00b0 009\/2026"},"content":{"rendered":"<p><strong>ESTADO DO RIO GRANDE DO NORTE<\/strong><br \/>\n<strong>PREFEITURA MUNICIPAL DE VILA FLOR<\/strong><\/p>\n<p><strong>DADOS DO AVISO<\/strong><\/p>\n<p>Vila Flor\/RN, em 05 de mar\u00e7o de 2026.<\/p>\n<p>&nbsp;<\/p>\n<p><strong>PROCESSO ADMINISTRATIVO:\u00a0<\/strong>02030001\/2026<\/p>\n<p>&nbsp;<\/p>\n<p><strong>DATA E HORA LIMITE PARA ENTREGA DA PROPOSTA DE PRE\u00c7O E DOCUMENTOS DE HABILITA\u00c7\u00c3O<\/strong><\/p>\n<p>&nbsp;<\/p>\n<p>At\u00e9 dia 12\/03\/2026, \u00e0s 09:00h<\/p>\n<p>&nbsp;<\/p>\n<p><strong>REFER\u00caNCIA DE HOR\u00c1RIO<\/strong><\/p>\n<p><strong>\u00a0<\/strong><\/p>\n<p>Hor\u00e1rio de Brasilia \u2013 DF<\/p>\n<p><strong>\u00a0<\/strong><\/p>\n<p><strong>ENDERE\u00c7O ELETR\u00d4NICO PARA ENVIO DA PROPOSTA E DOCUMENTOS DE HABILITA\u00c7\u00c3O<\/strong><\/p>\n<p><strong>\u00a0<\/strong><\/p>\n<p><a href=\"mailto:pmvflicitacoes2021@gmail.com\">PMVFLICITACOES2021@GMAIL.COM<\/a><\/p>\n<p><strong>\u00a0<\/strong><\/p>\n<p>A\u00a0<strong>PREFEITURA MUNICIPAL DE VILA FLOR<\/strong>, atrav\u00e9s da\u00a0<strong>COMISS\u00c3O DE LICITA\u00c7\u00c3O<\/strong>, com sede na Rua Jos\u00e9 Calazans, 169, Centro, Vila Flor\/RN, CEP 59.192-000, inscrita no CNPJ\/MF sob n\u00b0 08.169.278\/0001-07, torna p\u00fablico para conhecimento dos interessados a realiza\u00e7\u00e3o de Chamada P\u00fablica para\u00a0<strong>DISPENSA DE LICITA\u00c7\u00c3O<\/strong>, com crit\u00e9rio de julgamento\u00a0<strong>MENOR PRE\u00c7O GLOBAL<\/strong>, nos termos do Art. n\u00ba 75, inciso II da Lei 14.133\/2021, e de acordo com as condi\u00e7\u00f5es, crit\u00e9rios e procedimentos estabelecidos neste Aviso e seus anexos, objetivando obter a melhor proposta, observadas as datas e hor\u00e1rios discriminados.<\/p>\n<p>OS INTERESSADOS DEVER\u00c3O ACOMPANHAR AS MENSAGENS REFERENTES A ESTE AVISO (RESPOSTAS A QUESTIONAMENTOS, IMPUGNA\u00c7\u00d5ES, RECURSOS, ETC.) NO E-MAIL INSTITUCIONAL, SENDO EXCLUSIVOS RESPONS\u00c1VEIS PELO \u00d4NUS DECORRENTE DA PERDA DE NEG\u00d3CIOS DIANTE DA INOBSERV\u00c2NCIA DE QUAISQUER MENSAGENS EMITIDAS PELO PORTAL.<\/p>\n<p>&nbsp;<\/p>\n<p><strong><u>ANEXOS DESTE AVISO<\/u><\/strong><\/p>\n<p><strong>\u00a0<\/strong><\/p>\n<p>Anexo I \u2013 Termo de Refer\u00eancia<\/p>\n<p>Anexo II \u2013 Modelo de Proposta de Pre\u00e7os<\/p>\n<p>Anexo III \u2013 Modelo de Declara\u00e7\u00e3o de cumprimento do disposto no Inc. XXXIII do art. 7\u00ba da Constitui\u00e7\u00e3o Federal<\/p>\n<p>Anexo IV \u2013 Declara\u00e7\u00e3o de reserva de cargos PcD, consoante art. 92, da Lei Federal n\u201d 14.133\/2021<\/p>\n<p>Anexo V \u2013 Declara\u00e7\u00e3o impedimentos do art. 14 da Lei Federal n\u201d 14.133\/2021<\/p>\n<p>Anexo VI \u2013 Instrumento Substitutivo ao Contrato<\/p>\n<p><strong>AVISO DE DISPENSA DE LICITA\u00c7\u00c3O N\u00b0 009\/2026<\/strong><\/p>\n<p><strong>\u00a0<\/strong><\/p>\n<ol>\n<li><strong>REFER\u00caNCIA LEGAL<\/strong><\/li>\n<\/ol>\n<p>As contra\u00e7\u00f5es atrav\u00e9s de dispensa de licita\u00e7\u00e3o no Prefeitura Municipal de Vila Flor s\u00e3o regidas pelos dispositivos \u00a0legais:<\/p>\n<ol start=\"14\">\n<li>a) Lei n\u00ba 133\/2021, Art. 75, Inc. II;<\/li>\n<li>Instru\u00e7\u00e3o Normativa SEMGE n\u00ba 05\/2021, aprovada pela Portaria SEMGE n\u00ba 624\/2021.<\/li>\n<\/ol>\n<p>&nbsp;<\/p>\n<ol start=\"2\">\n<li><strong>OBJETO<\/strong><\/li>\n<\/ol>\n<p>O presente termo de refer\u00eancia visa orientar a licita\u00e7\u00e3o para a\u00a0<strong>FUTURA E EVENTUAL AQUISI\u00c7\u00c3O DE PEIXE, PARA DISTRIBUI\u00c7\u00c3O GRATUITA A POPULA\u00c7\u00c3O DE BAIXA RENDA NA SEMANA SANTA, VISANDO SUPRIR AS NECESSIDADES DA SECRETARIA MUNICIPAL DE ASSIST\u00caNCIA SOCIAL<\/strong>, Anexo I deste Aviso.<\/p>\n<p>&nbsp;<\/p>\n<ol start=\"3\">\n<li><strong>INFORMA\u00c7\u00d5ES PRELIMINARES<\/strong><\/li>\n<\/ol>\n<p>Os interessados dever\u00e3o proceder, antes da elabora\u00e7\u00e3o das propostas, verifica\u00e7\u00e3o minuciosa de todos os elementos fornecidos, solicitando por escrito ao\u00a0<strong>SETOR DE LICITA\u00c7\u00c3O<\/strong>, via e-mail:\u00a0<a href=\"mailto:atendimento_cosel@salvador.ba.gov.br\"><strong>PMVFLICITACOES2021@GMAIL.COM<\/strong>,<\/a>\u00a0at\u00e9 01 (um) dia \u00fatil antes do prazo final para apresenta\u00e7\u00e3o da documenta\u00e7\u00e3o, as d\u00favidas suscitadas, que ser\u00e3o esclarecidas no pr\u00f3prio e-mail.<\/p>\n<p>&nbsp;<\/p>\n<ol start=\"4\">\n<li><strong>CONDI\u00c7\u00d5ES DE PARTICIPA\u00c7\u00c3O<\/strong>\n<ul>\n<li>Poder\u00e3o participar desta Dispensa de Licita\u00e7\u00e3o, pessoas f\u00edsica ou jur\u00eddica, regularmente estabelecidas no pa\u00eds que atenda \u00e0s condi\u00e7\u00f5es exigidas neste Aviso e seus anexos, devendo pertencer ao ramo da atividade pertinente e compat\u00edvel com o objeto<\/li>\n<\/ul>\n<\/li>\n<\/ol>\n<p>&nbsp;<\/p>\n<ul>\n<li>N\u00e3o poder\u00e3o participar desta Dispensa de Licita\u00e7\u00e3o os interessados:<\/li>\n<\/ul>\n<p>&nbsp;<\/p>\n<ol>\n<li>Proibidos de participar de licita\u00e7\u00f5es e celebrar contratos administrativos, na forma da legisla\u00e7\u00e3o<\/li>\n<li>Que n\u00e3o atendam \u00e0s condi\u00e7\u00f5es deste Aviso e Termo de Refer\u00eancia;<\/li>\n<li>Estrangeiros que n\u00e3o tenham representa\u00e7\u00e3o legal no Brasil com poderes expressos para receber cita\u00e7\u00e3o e responder administrativa ou judicialmente;<\/li>\n<li>Que se enquadrem nas veda\u00e7\u00f5es previstas no artigo 14\u00ba da Lei Federal n\u00b0 133\/21;<\/li>\n<li>Organiza\u00e7\u00f5es da Sociedade Civil de Interesse P\u00fablico \u2013 OSC IP, atuando nessa condi\u00e7\u00e3o (Ac\u00f3rd\u00e3o n\u00b0746\/2014 \u2013 TCU Plen\u00e1rio);<\/li>\n<li>Estejam cumprindo penalidade de suspens\u00e3o tempor\u00e1ria imposta pela Administra\u00e7\u00e3o P\u00fablica Municipal, ou, ainda, penalidade imposta por qualquer \u00f3rg\u00e3o da Administra\u00e7\u00e3o P\u00fablica, nas hip\u00f3teses previstas nos incisos III e IV do 156 da Lei n\u00b0 14.133\/21<\/li>\n<\/ol>\n<p>&nbsp;<\/p>\n<ol start=\"5\">\n<li><strong>ESPECIFICA\u00c7\u00d5ES DO OBJETO, DOTA\u00c7\u00c3O OR\u00c7AMENT\u00c1RIA, PRAZOS E LOCAL DE PRESTA\u00c7\u00c3O DE SERVI\u00c7OS<\/strong><\/li>\n<\/ol>\n<p>As informa\u00e7\u00f5es relativas a especifica\u00e7\u00f5es do objeto, dota\u00e7\u00e3o or\u00e7ament\u00e1ria, prazos e local de entrega est\u00e3o elencadas no termo de Refer\u00eancia anexo I deste Aviso.<\/p>\n<p>&nbsp;<\/p>\n<ol start=\"6\">\n<li><strong>PRAZO E FORMA PARA ENVIO DOS DOCUMENTOS DE HABILITA\u00c7\u00c3O E PROPOSTA DE PRE\u00c7O<\/strong>\n<ul>\n<li><strong>PRAZO DE ENTREGA DOS DOCUMENTOS<\/strong>: Esta chamada p\u00fablica para Dispensa de Licita\u00e7\u00e3o ficar\u00e1 aberta por um per\u00edodo de\u00a0<strong>03 (TR\u00caS) DIAS UT\u00c9IS,\u00a0<\/strong>contados a partir da data de publica\u00e7\u00e3o do\u00a0<strong>AVISO<\/strong>\u00a0<strong>DE DISPENSA DE LICITA\u00c7\u00c3O\u00a0<\/strong>na imprensa<\/li>\n<li>A proposta de pre\u00e7os e os documentos de habilita\u00e7\u00e3o, dever\u00e3o ser encaminhados via e-mail, para o endere\u00e7o eletr\u00f4nico:\u00a0<a href=\"mailto:atendimento_cosel@salvador.ba.gov.br\"><strong>PMVFLICITACOES2021@GMAIL.COM<\/strong>,<\/a>\u00a0fazendo refer\u00eancia no assunto do e-mail a\u00a0<strong>DISPENSA DE LICITA\u00c7\u00c3O N\u00b0 009\/2026.<\/strong><\/li>\n<\/ul>\n<\/li>\n<\/ol>\n<p>&nbsp;<\/p>\n<p>7.\u00a0\u00a0\u00a0\u00a0\u00a0\u00a0\u00a0 PROPOSTAS DE PRE\u00c7OS<\/p>\n<p><strong>\u00a0<\/strong><\/p>\n<ul>\n<li>A proposta de pre\u00e7os dever\u00e1 ser apresentada na forma, prazo e condi\u00e7\u00f5es estipulados neste Aviso e seus<\/li>\n<\/ul>\n<p>&nbsp;<\/p>\n<ul>\n<li>A proposta dever\u00e1 ser redigida em papel timbrado do interessado, por meio mec\u00e2nico ou informatizado, de forma clara e inequ\u00edvoca, sem emendas, rasuras ou entrelinhas, em estrita observ\u00e2ncia \u00e0s especifica\u00e7\u00f5es contidas neste Aviso, assinada na \u00faltima folha e rubricada nas demais pelo seu titular ou representante legal, devidamente identificado, nela constando, obrigatoriamente:<\/li>\n<\/ul>\n<p>&nbsp;<\/p>\n<ol>\n<li>Raz\u00e3o Social, CNPJ, endere\u00e7o, CEP, telefone\/ e-mail e pessoa de contato;<\/li>\n<li>Pre\u00e7os de acordo com os praticados no mercado, dento do pre\u00e7o m\u00e1ximo que a SEMOP se disp\u00f5e a pagar, em algarismo e por extenso, s\u00f3 reajust\u00e1veis na forma da lei, com valores expressos em moeda corrente nacional (R$). Ocorrendo diverg\u00eancia entre o pre\u00e7o em algarismo e o expresso por extenso, ser\u00e1 levado em conta por extenso.<\/li>\n<li>Prazo de validade de proposta n\u00e3o inferior a 90 (noventa) dias, a contar da data de sua apresenta\u00e7\u00e3o, sendo facultado aos proponentes estender tal validade por prazo<\/li>\n<\/ol>\n<p>&nbsp;<\/p>\n<ul>\n<li>A proposta de pre\u00e7os apresentada dever\u00e1 incluir todas e quaisquer despesas necess\u00e1rias para a execu\u00e7\u00e3o do objeto desta Dispensa de Licita\u00e7\u00e3o, tais como: tributos, emolumentos, contribui\u00e7\u00f5es sociais, fiscais, parafiscais, fretes, seguros e demais despesas inerentes, devendo o pre\u00e7o ofertado corresponder rigorosamente \u00e0s especifica\u00e7\u00f5es do objeto, n\u00e3o cabendo quaisquer reivindica\u00e7\u00f5es devidas a erros nessa avalia\u00e7\u00e3o, para efeito de solicitar revis\u00e3o de pre\u00e7os.<\/li>\n<\/ul>\n<p>&nbsp;<\/p>\n<ul>\n<li>A proposta de pre\u00e7os que n\u00e3o estiver em conson\u00e2ncia com as exig\u00eancias deste Aviso ser\u00e1<\/li>\n<\/ul>\n<p>&nbsp;<\/p>\n<ul>\n<li>Os pre\u00e7os ofertados n\u00e3o poder\u00e3o exceder os pre\u00e7os m\u00e1ximos, constantes neste<\/li>\n<\/ul>\n<p>&nbsp;<\/p>\n<p>8.\u00a0\u00a0\u00a0\u00a0\u00a0\u00a0\u00a0 DOCUMENTA\u00c7\u00c3O DE HABILITA\u00c7\u00c3O<\/p>\n<ul>\n<li>Para fins de comprova\u00e7\u00e3o de habilita\u00e7\u00e3o, dever\u00e3o ser apresentados junto com a proposta de pre\u00e7os, os documentos abaixo relacionados, com prazo vigente, \u00e0 exce\u00e7\u00e3o daqueles que por sua natureza n\u00e3o contenham validade:<\/li>\n<\/ul>\n<p>&nbsp;<\/p>\n<ul>\n<li><strong><u>Habilita\u00e7\u00e3o Jur\u00eddica<\/u><\/strong>\n<ol>\n<li>Ato constitutivo, estatuto ou contrato social em vigor, devidamente registrado ou inscrito;<\/li>\n<li>Em se tratando de Microempreendedor individual \u2014 MEI: Certificado da Condi\u00e7\u00e3o de Microempreendedor Individual \u2013 CCMEI;<\/li>\n<\/ol>\n<\/li>\n<\/ul>\n<p>&nbsp;<\/p>\n<ul>\n<li><strong><u>Regularidade Fiscal e Trabalhista<\/u><\/strong>\n<ol start=\"8\">\n<li>Certid\u00e3o Conjunta Negativa de D\u00e9bitos, relativa aos tributos federais e \u00e0 D\u00edvida Ativa da Uni\u00e3o, no \u00e2mbito da RFB e da PGFN abrangendo inclusive as contribui\u00e7\u00f5es sociais previstas nas al\u00edneas \u201ca\u201d e \u201cd\u201d do par\u00e1grafo \u00fanico do art. 11 da Lei n.\u00ba 8.212, de 24 de julho de 1991, com base na Portaria Conjunta RFB\/PGFN no 751, de 02\/10\/2014.<\/li>\n<li>Prova de inscri\u00e7\u00e3o no cadastro de contribuintes estadual e\/ou Municipal, se houver, relativo ao domicilio ou sede do interessado, pertinente ao seu ramo de atividade e compat\u00edvel com o objeto<\/li>\n<li>Prova de regularidade com a Fazenda Estadual relativo ao domicilio ou sede do interessado;<\/li>\n<li>Prova de regularidade com a Fazenda Municipal do relativo ao domicilio ou sede do interessado;<\/li>\n<li>Prova de regularidade com o Fundo de Garantia por Tempo de Servi\u00e7o (FGTS), mediante a apresenta\u00e7\u00e3o de Certificado de Regularidade de Situa\u00e7\u00e3o\/CRF.<\/li>\n<li>Prova de inexist\u00eancia de d\u00e9bitos inadimplidos perante a justi\u00e7a do trabalho, mediante a apresenta\u00e7\u00e3o de Certid\u00e3o Negativa de D\u00e9bitos Trabalhistas (CNDT), com prazo de validade de 180 (cento e oitenta dias), contados da data de sua emiss\u00e3o, de acordo com a Legisla\u00e7\u00e3o federal \u201cLei n\u00ba 440, de 07 de julho de 2011\u201d.<\/li>\n<li>Prova de inscri\u00e7\u00e3o de Cadastro Nacional de Pessoas Jur\u00eddicas CNPJ;<\/li>\n<\/ol>\n<\/li>\n<\/ul>\n<p>&nbsp;<\/p>\n<ul>\n<li><strong><u>Qualifica\u00e7\u00e3o T\u00e9cnica<\/u><\/strong>\n<ol>\n<li>Apresenta\u00e7\u00e3o de pelo menos 01 (um) atestado em nome da pessoa jur\u00eddica, fornecido por pessoa jur\u00eddica de direito p\u00fablico ou privado, suficientes para comprovar a aptid\u00e3o em execu\u00e7\u00e3o de objetos similares ao desta contrata\u00e7\u00e3o.\n<ul>\n<li>O(s) atestado(s) dever\u00e1(\u00e3o) ser apresentado(s) constando as seguintes informa\u00e7\u00f5es da emitente: papel timbrado, CNPJ, endere\u00e7o, telefone, data de emiss\u00e3o, nome e cargo\/fun\u00e7\u00e3o de quem assina o documento, bem como conter objeto, atividades desenvolvidas e per\u00edodo da contrata\u00e7\u00e3o.<\/li>\n<li>N\u00e3o ser\u00e3o aceitos atestados emitidos por empresas do mesmo grupo empresarial da promitente contratada ou pela pr\u00f3pria pessoa jur\u00eddica e\/ou emitidos por empresas, das quais participem s\u00f3cios ou diretores da promitente<\/li>\n<li>Alvar\u00e1 Sanit\u00e1rio expedido por \u00f3rg\u00e3o de vigil\u00e2ncia sanit\u00e1ria competente federal, estadual ou municipal da sede do domic\u00edlio do licitante, em vigor;<\/li>\n<li>Certificado dos Servi\u00e7os de Inspe\u00e7\u00e3o Federal do Minist\u00e9rio da Agricultura (SIF), ou T\u00edtulo de Relacionamento expedido pelo Minist\u00e9rio da Agricultura e certificado de Regularidade do CRMV, ambos acompanhados de Declara\u00e7\u00e3o da Delegacia Federal da Agricultura do seu respectivo Estado, em nome da licitante.<\/li>\n<\/ul>\n<\/li>\n<\/ol>\n<\/li>\n<\/ul>\n<ul>\n<li><strong><u>Qualifica\u00e7\u00e3o econ\u00f4mico-financeira<\/u><\/strong>\n<ol>\n<li>Certid\u00e3o negativa de fal\u00eancia, recupera\u00e7\u00e3o judicial ou extrajudicial ou execu\u00e7\u00e3o patrimonial, conforme o caso, expedida pelo distribuidor da sede do\n<ul>\n<li>Caso o licitante encontre-se em recupera\u00e7\u00e3o judicial, admite-se a participa\u00e7\u00e3o, em licita\u00e7\u00f5es, desde que amparadas em certid\u00e3o emitida pela inst\u00e2ncia judicial competente afirmando que a interessada est\u00e1 apta econ\u00f4mica e financeiramente a participar de procedimento licitat\u00f3rio, na forma do Ac\u00f3rd\u00e3o TCU \u2013 Plen\u00e1rio \u2013 1201\/2020.<\/li>\n<\/ul>\n<\/li>\n<\/ol>\n<\/li>\n<\/ul>\n<p>&nbsp;<\/p>\n<ul>\n<li><strong><u>Documenta\u00e7\u00e3o Complementar de Habilita\u00e7\u00e3o<\/u><\/strong>\n<ol start=\"14\">\n<li>Declara\u00e7\u00e3o de que n\u00e3o est\u00e1 incurso nos impedimentos de que trata o art.14 da Federal n\u00b0 133\/2021, conforme modelo ANEXO IV;<\/li>\n<li>Declara\u00e7\u00e3o de que cumpre as exig\u00eancias de reserva de cargos para Pessoas com Defici\u00eancia \u2014 PcD e para reabilitado da Previd\u00eancia Social, previstas em lei e normas espec\u00edficas, conforme modelo ANEXO III;<\/li>\n<li>Certid\u00e3o Negativa de Cadastro Nacional de Empresas Inid\u00f4neas e Suspensas \u2014 CEIS<\/li>\n<li>Certid\u00e3o Negativa de Cadastro Nacional de Empresas P\u00fablicas \u2014 CNEP<\/li>\n<li>Declara\u00e7\u00e3o assinada pelo titular ou representante legal da Requerente, devidamente identificado, em conformidade com o disposto no XXXIII, art. 7\u00ba, da Constitui\u00e7\u00e3o Federal (Modelo no\u00a0<strong>Anexo IV\u00a0<\/strong>deste Aviso).<\/li>\n<\/ol>\n<\/li>\n<\/ul>\n<p>&nbsp;<\/p>\n<p>9.\u00a0\u00a0\u00a0\u00a0\u00a0\u00a0\u00a0 CRIT\u00c9RIO DE JULGAMENTO<\/p>\n<ul>\n<li><strong><u>PROPOSTAS DE PRE\u00c7OS<\/u><\/strong><\/li>\n<\/ul>\n<p>&nbsp;<\/p>\n<ul>\n<li>As propostas apresentadas em conson\u00e2ncia com as exig\u00eancias do Aviso ser\u00e3o classificadas e ser\u00e1 declara vencedora a que apresentar o menor pre\u00e7o.<\/li>\n<\/ul>\n<p>&nbsp;<\/p>\n<ul>\n<li>Os interessados que apresentarem proposta de pre\u00e7os com diverg\u00eancia \u00e0s exig\u00eancias deste Aviso e seus anexos ser\u00e1<\/li>\n<\/ul>\n<p>&nbsp;<\/p>\n<ul>\n<li><strong><u>HABILITA\u00c7\u00c3O<\/u><\/strong>\n<ul>\n<li>Ser\u00e1 habilitado o interessado que atender todas as condi\u00e7\u00f5es do Aviso e seus<\/li>\n<li>Ser\u00e1 inabilitada o interessado que n\u00e3o atender as condi\u00e7\u00f5es do Aviso e seus<\/li>\n<\/ul>\n<\/li>\n<\/ul>\n<p>&nbsp;<\/p>\n<p>10.\u00a0\u00a0\u00a0\u00a0\u00a0 OBRIGA\u00c7\u00d5ES, PENALIDADES E SAN\u00c7\u00d5ES<\/p>\n<p><strong>\u00a0<\/strong><\/p>\n<p>As obriga\u00e7\u00f5es, penalidades e sans\u00f5es est\u00e3o elencadas no Termo de Refer\u00eancia, anexo I deste Aviso e s\u00e3o parte integrante independente de transcri\u00e7\u00e3o.<\/p>\n<p>11.\u00a0\u00a0\u00a0\u00a0\u00a0\u00a0\u00a0\u00a0 DISPOSI\u00c7\u00d5ES GERAIS<\/p>\n<ul>\n<li>O interessado n\u00e3o poder\u00e1 alegar como justificativa para se eximir das obriga\u00e7\u00f5es assumidas, o desconhecimento das condi\u00e7\u00f5es para participa\u00e7\u00e3o desta Dispensa de Licita\u00e7\u00e3o.<\/li>\n<li>Poder\u00e1 esta Secretaria Municipal da Prefeitura Municipal de Vila Flor, revogar o presente Aviso, no todo em parte, por conveni\u00eancia administrativa e interesse p\u00fablico, decorrente de falo superveniente, devidamente<\/li>\n<li>A Secretaria Municipal da Prefeitura Municipal de Vila Flor poder\u00e1 anular o presente Aviso, no todo em parte, caso ocorra ilegalidade, de oficio ou por provoca\u00e7\u00e3o. A anula\u00e7\u00e3o do procedimento oriundo deste Aviso, n\u00e3o gera direito a indeniza\u00e7\u00e3o.<\/li>\n<li>Ap\u00f3s a fase de classifica\u00e7\u00e3o da proposta, n\u00e3o cabe desist\u00eancia da mesma, salvo por motivo justo decorrente de fato superveniente, e desde que aceito pela PREFEITURA MUNICIPAL.<\/li>\n<li>Ao apresentar a proposta de pre\u00e7os, o interessado declara sob as penalidades da Lei, da inexist\u00eancia de qualquer v\u00ednculo de natureza t\u00e9cnica, comercial, econ\u00f4mica, financeira ou trabalhista, entre si e os respons\u00e1veis por esta Dispensa de Licita\u00e7\u00e3o, quer direta ou<\/li>\n<li>A apresenta\u00e7\u00e3o de proposta pressup\u00f5e o pleno conhecimento, atendimento e aceita\u00e7\u00e3o integral e irretrat\u00e1vel, por parte do interessado, das exig\u00eancias e condi\u00e7\u00f5es estabelecidas neste Aviso e Termo de Refer\u00eancia.<\/li>\n<li>A falsidade de qualquer documento apresentado ou a inverdade das informa\u00e7\u00f5es nele contidas implicar\u00e1 a imediata desclassifica\u00e7\u00e3o\/inabilita\u00e7\u00e3o do interessado que o tiver apresentado, ou, caso tenha sido o vencedor, a rescis\u00e3o do contrato ou do pedido de compra, sem preju\u00edzo de demais san\u00e7\u00f5es cab\u00edveis.<\/li>\n<li>Na contagem dos prazos estabelecidos neste Aviso, com fulcro no Art 183 da Lei Federal 133\/2021, ser\u00e3o contados com exclus\u00e3o do dia do come\u00e7o e inclus\u00e3o do dia do vencimento, observando-se as seguintes disposi\u00e7\u00f5es:\n<ol>\n<li>os prazos expressos em dias corridos ser\u00e3o computados de modo cont\u00ednuo;<\/li>\n<li>os prazos expressos em meses ou anos ser\u00e3o computados de data a data;<\/li>\n<li>nos prazos expressos em dias \u00fateis, ser\u00e3o computados somente os dias em que ocorrer expediente administrativo no \u00f3rg\u00e3o ou entidade competente.<\/li>\n<\/ol>\n<\/li>\n<\/ul>\n<p>&nbsp;<\/p>\n<ul>\n<li>Salvo disposi\u00e7\u00e3o em contr\u00e1rio, considera-se dia do come\u00e7o do prazo:\n<ol>\n<li>o primeiro dia \u00fatil seguinte ao da disponibiliza\u00e7\u00e3o da informa\u00e7\u00e3o na<\/li>\n<\/ol>\n<\/li>\n<\/ul>\n<p>Vila Flor\/RN, em 05 de mar\u00e7o de 2026.<\/p>\n<p>&nbsp;<\/p>\n<p>&nbsp;<\/p>\n<p>Kedson Jos\u00e9 de Lima<\/p>\n<p><strong>Agente de Contrata\u00e7\u00e3o<\/strong><\/p>\n<p><strong>\u00a0<\/strong><\/p>\n<p>DISPENSA DE LICITA\u00c7\u00c3O N\u00b0 009\/2026<\/p>\n<p>SETOR DE LICITA\u00c7\u00c3O<\/p>\n<p>ANEXO I \u2013 TERMO DE REFER\u00caNCIA<\/p>\n<ol>\n<li>CONDI\u00c7\u00d5ES GERAIS DA CONTRATA\u00c7\u00c3O<\/li>\n<\/ol>\n<p><strong>FUTURA E EVENTUAL AQUISI\u00c7\u00c3O DE PEIXE, PARA DISTRIBUI\u00c7\u00c3O GRATUITA A POPULA\u00c7\u00c3O DE BAIXA RENDA NA SEMANA SANTA, VISANDO SUPRIR AS NECESSIDADES DA SECRETARIA MUNICIPAL DE ASSIST\u00caNCIA SOCIAL,\u00a0<\/strong>nos termos da tabela abaixo, conforme condi\u00e7\u00f5es e exig\u00eancias estabelecidas neste instrumento.<\/p>\n<table width=\"660\">\n<tbody>\n<tr>\n<td width=\"77\"><strong>ITEM<\/strong><\/td>\n<td width=\"389\"><strong>DESCRI\u00c7\u00c3O<\/strong><\/td>\n<td width=\"89\"><strong>QUANT.<\/strong><\/td>\n<td width=\"105\"><strong>UNIDADE<\/strong><\/td>\n<\/tr>\n<tr>\n<td width=\"77\">001<\/td>\n<td width=\"389\"><strong>PEIXE\u00a0<\/strong>\u2013 Tipo Tainha inteira congelada, acondicionada em caixa. A Validade do produto n\u00e3o poder\u00e1 ser inferior a 152 meses contadas a partir da sua data de entrega. \u00a0\u00a0O produto deve estar em conformidade com as normas e legisla\u00e7\u00e3o vigente da Anvisa, inclusive apresentando em sua embalagem as marcas e carimbos oficiais, pertinentes. \u00a0\u00a0\u00a0A rotulagem deve conter no m\u00ednimo, peso liquido, nome do produto, nome e CNPJ do beneficiador n\u00famero do lote data ou prazo de validade.<\/td>\n<td width=\"89\">4.100<\/td>\n<td width=\"105\">kg<\/td>\n<\/tr>\n<\/tbody>\n<\/table>\n<p>Os bens objeto desta contrata\u00e7\u00e3o s\u00e3o caracterizados como comuns, possuindo padr\u00f5es de desempenho e qualidade que podem ser objetivamente definidos por especifica\u00e7\u00f5es usuais de mercado.<\/p>\n<p>O objeto desta contrata\u00e7\u00e3o n\u00e3o se enquadra como sendo de bem de luxo, conforme Decreto n\u00ba 10.818, de 27 de setembro de 2021.<\/p>\n<p>O prazo de vig\u00eancia da contrata\u00e7\u00e3o \u00e9 de 180 (Cento e oitenta) dias contados da publica\u00e7\u00e3o da homologa\u00e7\u00e3o, na forma do artigo 105 da Lei n\u00b0 14.133, de 2021.<\/p>\n<p>O contrato ou outro instrumento h\u00e1bil que o substitua oferece maior detalhamento das regras que ser\u00e3o aplicadas em rela\u00e7\u00e3o \u00e0 vig\u00eancia da contrata\u00e7\u00e3o<\/p>\n<ol start=\"2\">\n<li>FUNDAMENTA\u00c7\u00c3O E DESCRI\u00c7\u00c3O DA NECESSIDADE DA CONTRATA\u00c7\u00c3O<\/li>\n<\/ol>\n<p>A necessidade refere-se \u00e0 demanda concreta, material e factual que a administra\u00e7\u00e3o p\u00fablica precisa suprir para dar continuidade aos seus servi\u00e7os e atender aos anseios da sociedade. No contexto espec\u00edfico da Secretaria Municipal de Assist\u00eancia Social do munic\u00edpio de Vila Flor, no Estado do Rio Grande do Norte, a necessidade repousa na constata\u00e7\u00e3o de uma car\u00eancia alimentar imediata que se agrava de forma sazonal. Existe no munic\u00edpio uma parcela significativa da popula\u00e7\u00e3o que se encontra em situa\u00e7\u00e3o de vulnerabilidade socioecon\u00f4mica e extrema pobreza, devidamente acompanhada pelos programas socioassistenciais locais. A necessidade surge do fato de que essas fam\u00edlias n\u00e3o possuem poder aquisitivo suficiente para garantir a sua seguran\u00e7a alimentar b\u00e1sica no dia a dia.<\/p>\n<p>Com a aproxima\u00e7\u00e3o da Semana Santa, essa limita\u00e7\u00e3o financeira colide com uma forte demanda cultural e de costumes da regi\u00e3o, que \u00e9 o consumo de peixe. Devido \u00e0 lei de oferta e procura, este item sofre uma expressiva infla\u00e7\u00e3o no mercado local durante o per\u00edodo, tornando-se absolutamente inacess\u00edvel para os cidad\u00e3os de baixa renda. A necessidade da Secretaria, portanto, \u00e9 puramente material e log\u00edstica: o \u00f3rg\u00e3o carece de um estoque de prote\u00edna de qualidade, em volume adequado e no momento exato, para fazer frente \u00e0 demanda de distribui\u00e7\u00e3o de alimentos. Trata-se da obriga\u00e7\u00e3o de suprir uma falta f\u00edsica de mantimentos nas mesas das fam\u00edlias referenciadas pelo Centro de Refer\u00eancia de Assist\u00eancia Social (CRAS), exigindo que o munic\u00edpio organize de forma antecipada a viabilidade f\u00edsica desse alimento para evitar um colapso na rede de prote\u00e7\u00e3o social em um per\u00edodo de grande sensibilidade para a comunidade.<\/p>\n<p>A presente contrata\u00e7\u00e3o encontra seu amparo legal, procedimental e administrativo no instituto da Dispensa de Licita\u00e7\u00e3o em raz\u00e3o do valor, com fulcro expresso no artigo 75, inciso II, da Lei Federal n\u00ba 14.133, de 1\u00ba de abril de 2021. Este dispositivo normativo autoriza expressamente a Administra\u00e7\u00e3o P\u00fablica a proceder com a contrata\u00e7\u00e3o direta para compras e presta\u00e7\u00e3o de servi\u00e7os n\u00e3o caracterizados como obras, servi\u00e7os de engenharia ou servi\u00e7os de manuten\u00e7\u00e3o de ve\u00edculos automotores, condicionada \u00e0 estrita observ\u00e2ncia do teto financeiro legalmente estipulado. Para o presente exerc\u00edcio, os limites financeiros autorizadores desta modalidade de contrata\u00e7\u00e3o direta foram devidamente atualizados pelo Decreto Federal n\u00ba 12.807, de 2025, o qual corrigiu os valores fixados originariamente pela referida Lei, adequando-os \u00e0 realidade econ\u00f4mica atual.<\/p>\n<p>Neste contexto, a estimativa de custos para a aquisi\u00e7\u00e3o de 4.100 quilogramas de peixe tipo Tainha inteira congelada, destinada ao atendimento c\u00e9lere das necessidades da Secretaria Municipal de Assist\u00eancia Social durante o per\u00edodo da Semana Santa, enquadra-se rigorosamente dentro do limite financeiro de pequeno valor estabelecido e atualizado pelo mencionado Decreto. Cumpre destacar que a ado\u00e7\u00e3o desta via de contrata\u00e7\u00e3o direta observa fielmente o princ\u00edpio da economicidade e o postulado da efici\u00eancia administrativa, garantindo o atendimento \u00e1gil de uma demanda sazonal da popula\u00e7\u00e3o em situa\u00e7\u00e3o de extrema vulnerabilidade social, cuja demora inerente a um processo licitat\u00f3rio ordin\u00e1rio poderia inviabilizar a entrega tempestiva do alimento no per\u00edodo de tradi\u00e7\u00e3o.<\/p>\n<p>Adicionalmente, atesta-se para os devidos fins de controle que o planejamento desta aquisi\u00e7\u00e3o obedece rigorosamente \u00e0 veda\u00e7\u00e3o ao fracionamento de despesas. O somat\u00f3rio dos gastos realizados e a realizar com objetos de mesma natureza (g\u00eaneros aliment\u00edcios\/pescados) ao longo do corrente exerc\u00edcio financeiro, no \u00e2mbito da unidade gestora respons\u00e1vel, n\u00e3o ultrapassar\u00e1 o teto de dispensa estipulado pelo artigo 75, inciso II, da Lei Federal n\u00ba 14.133\/2021, combinado com o limite de atualiza\u00e7\u00e3o promovido pelo Decreto n\u00ba 12.807\/2025. Dessa forma, resta cabalmente demonstrada a viabilidade, a adequa\u00e7\u00e3o e a absoluta regularidade jur\u00eddica para a condu\u00e7\u00e3o deste processo por meio de contrata\u00e7\u00e3o direta por dispensa de licita\u00e7\u00e3o.<\/p>\n<p>Abaixo, apresento a consolida\u00e7\u00e3o das duas fundamenta\u00e7\u00f5es em um texto \u00fanico, cont\u00ednuo e coeso, estruturado sem a utiliza\u00e7\u00e3o de t\u00f3picos ou listas, ideal para compor de forma robusta o processo administrativo da Secretaria Municipal de Assist\u00eancia Social de Vila Flor.<\/p>\n<p><strong>DA FUNDAMENTA\u00c7\u00c3O LEGAL DA CONTRATA\u00c7\u00c3O E DA DISPENSA DO ESTUDO T\u00c9CNICO PRELIMINAR<\/strong><\/p>\n<p>A presente contrata\u00e7\u00e3o encontra o seu amparo legal, procedimental e administrativo no instituto da Dispensa de Licita\u00e7\u00e3o em raz\u00e3o do valor, com fulcro expresso no artigo 75, inciso II, da Lei Federal n\u00ba 14.133, de 1\u00ba de abril de 2021. Este dispositivo normativo autoriza expressamente a Administra\u00e7\u00e3o P\u00fablica a proceder com a contrata\u00e7\u00e3o direta para compras e presta\u00e7\u00e3o de servi\u00e7os n\u00e3o caracterizados como obras, servi\u00e7os de engenharia ou servi\u00e7os de manuten\u00e7\u00e3o de ve\u00edculos automotores, condicionada \u00e0 estrita observ\u00e2ncia do teto financeiro legalmente estipulado. Para o presente exerc\u00edcio, os limites financeiros autorizadores desta modalidade de contrata\u00e7\u00e3o direta foram devidamente atualizados pelo Decreto Federal n\u00ba 12.807, de 2025, o qual corrigiu os valores fixados originariamente pela referida Lei, adequando-os \u00e0 realidade econ\u00f3mica atual. Neste contexto, a estimativa de custos para a aquisi\u00e7\u00e3o de 4.100 quilogramas de peixe tipo Tainha inteira congelada, destinada ao atendimento c\u00e9lere das necessidades da popula\u00e7\u00e3o de baixa renda durante o per\u00edodo da Semana Santa, enquadra-se rigorosamente dentro do limite financeiro de pequeno valor estabelecido e atualizado pelo mencionado Decreto. Cumpre destacar que a ado\u00e7\u00e3o desta via de contrata\u00e7\u00e3o direta observa fielmente o princ\u00edpio da economicidade e o postulado da efici\u00eancia administrativa, garantindo o atendimento \u00e1gil de uma demanda sazonal de extrema relev\u00e2ncia social, cuja demora inerente a um processo licitat\u00f3rio ordin\u00e1rio poderia inviabilizar a entrega tempestiva do alimento no per\u00edodo de tradi\u00e7\u00e3o. Adicionalmente, atesta-se para os devidos fins de controlo que o planeamento desta aquisi\u00e7\u00e3o obedece rigorosamente \u00e0 veda\u00e7\u00e3o ao fracionamento de despesas, garantindo-se que o somat\u00f3rio dos gastos com objetos de mesma natureza ao longo do corrente exerc\u00edcio financeiro n\u00e3o ultrapassar\u00e1 o teto de dispensa estipulado pela legisla\u00e7\u00e3o.<\/p>\n<p>De forma complementar, e no que tange aos procedimentos da fase preparat\u00f3ria desta contrata\u00e7\u00e3o, ressalta-se a regularidade e a fundamenta\u00e7\u00e3o legal para a n\u00e3o elabora\u00e7\u00e3o do Estudo T\u00e9cnico Preliminar (ETP), medida que se alinha intrinsecamente aos princ\u00edpios da racionalidade administrativa, da celeridade e da efici\u00eancia. A Nova Lei de Licita\u00e7\u00f5es e Contratos Administrativos, na sua ess\u00eancia, procurou desburocratizar as contrata\u00e7\u00f5es de menor vulto econ\u00f3mico e de baixa complexidade, permitindo a simplifica\u00e7\u00e3o dos artefatos de planeamento para evitar que o custo burocr\u00e1tico do processo superasse o pr\u00f3prio benef\u00edcio da aquisi\u00e7\u00e3o. No \u00e2mbito estrito da regulamenta\u00e7\u00e3o do munic\u00edpio de Vila Flor, essa diretriz modernizadora foi expressamente materializada por meio do Decreto Municipal n\u00ba 007\/2024.<\/p>\n<p>O referido diploma normativo local, no seu artigo 11, inciso I, estabelece de forma cristalina que a elabora\u00e7\u00e3o do ETP \u00e9 facultada nas hip\u00f3teses de contrata\u00e7\u00e3o direta fundamentadas nos incisos I, II, VII e VIII do artigo 75 da legisla\u00e7\u00e3o federal supracitada. Considerando que a presente aquisi\u00e7\u00e3o se enquadra perfeitamente na hip\u00f3tese de dispensa de licita\u00e7\u00e3o em raz\u00e3o do valor, regida pelo artigo 75, inciso II, a Administra\u00e7\u00e3o Municipal exerce, de forma plenamente justificada e legalmente amparada, a prerrogativa de dispensar a confec\u00e7\u00e3o do aludido estudo preparat\u00f3rio. Esta decis\u00e3o administrativa ampara-se no facto de que o objeto a ser adquirido se trata de um bem de natureza comum, cujas especifica\u00e7\u00f5es f\u00edsicas, padr\u00f5es de qualidade exigidos pela vigil\u00e2ncia sanit\u00e1ria e din\u00e2mica de fornecimento no mercado local j\u00e1 s\u00e3o amplamente conhecidos e padronizados. Exigir a tramita\u00e7\u00e3o de um Estudo T\u00e9cnico Preliminar para a compra pontual e direta de um g\u00e9nero aliment\u00edcio de especifica\u00e7\u00f5es exatas representaria um rigorismo excessivo, contrariando o esp\u00edrito de agilidade que a lei confere a estes processos. Dessa forma, a estrutura\u00e7\u00e3o direta e imediata do Termo de Refer\u00eancia mostra-se o instrumento h\u00e1bil e integralmente suficiente para descrever a necessidade social, definir as exig\u00eancias do produto, estabelecer as obriga\u00e7\u00f5es da futura contratada e balizar a pesquisa de pre\u00e7os, garantindo o sucesso, a transpar\u00eancia e a economicidade da contrata\u00e7\u00e3o sem comprometer o tempo ex\u00edguo necess\u00e1rio para o atendimento das fam\u00edlias vulner\u00e1veis no per\u00edodo festivo.<\/p>\n<ol start=\"3\">\n<li>DESCRI\u00c7\u00c3O DA SOLU\u00c7\u00c3O COMO UM TODO CONSIDERADO O CICLO DE VIDA DO OBJETO E ESPECIFICA\u00c7\u00c3O DO PRODUTO<\/li>\n<\/ol>\n<p>A solu\u00e7\u00e3o proposta para suprir a demanda alimentar da popula\u00e7\u00e3o de baixa renda do munic\u00edpio de Vila Flor durante a Semana Santa consiste na aquisi\u00e7\u00e3o direta e no fornecimento pontual de pescado congelado, devidamente inspecionado e apto para o consumo humano, assegurando a manuten\u00e7\u00e3o de uma tradi\u00e7\u00e3o cultural e a promo\u00e7\u00e3o da seguran\u00e7a alimentar e nutricional das fam\u00edlias em situa\u00e7\u00e3o de vulnerabilidade. O ciclo de vida do objeto desta contrata\u00e7\u00e3o abrange uma s\u00e9rie de etapas log\u00edsticas e administrativas interligadas que se iniciam com o planejamento estrat\u00e9gico da aquisi\u00e7\u00e3o pela Secretaria Municipal de Assist\u00eancia Social, passando pela sele\u00e7\u00e3o c\u00e9lere do fornecedor e pela emiss\u00e3o da nota de empenho. Em seguida, o ciclo avan\u00e7a para a fase de execu\u00e7\u00e3o, que engloba a captura ou separa\u00e7\u00e3o em frigor\u00edfico, o transporte em ve\u00edculos refrigerados adequados para evitar a quebra da cadeia de frio e a entrega f\u00edsica do produto nos locais designados pela Administra\u00e7\u00e3o P\u00fablica local. Ap\u00f3s o recebimento provis\u00f3rio e definitivo atestado pelos fiscais do contrato, o ciclo prossegue com o armazenamento tempor\u00e1rio nas instala\u00e7\u00f5es municipais ou a distribui\u00e7\u00e3o imediata e descentralizada para os cidad\u00e3os previamente cadastrados e referenciados pelos programas socioassistenciais. O est\u00e1gio final deste ciclo ocorre no efetivo consumo do alimento nos lares dos mun\u00edcipes e no consequente descarte das embalagens, momento em que se observa a necessidade de conscientiza\u00e7\u00e3o ambiental para que as caixas e inv\u00f3lucros pl\u00e1sticos tenham uma destina\u00e7\u00e3o final adequada, minimizando o impacto ambiental da pol\u00edtica p\u00fablica e garantindo a sustentabilidade de todo o processo.<\/p>\n<p>No que tange \u00e0 especifica\u00e7\u00e3o t\u00e9cnica e qualitativa do produto para viabilizar essa solu\u00e7\u00e3o, a contrata\u00e7\u00e3o exige a aquisi\u00e7\u00e3o exata de quatro mil e cem quilogramas de peixe do tipo Tainha, que deve ser fornecida inteira e em estado de congelamento profundo, sendo rigorosamente acondicionada em caixas apropriadas para a conserva\u00e7\u00e3o e o transporte seguro de g\u00eaneros aliment\u00edcios perec\u00edveis. \u00c9 imperativo que o produto ostente um prazo de validade extenso e compat\u00edvel com as exig\u00eancias do edital, contado estritamente a partir da data de sua efetiva entrega no munic\u00edpio, para garantir a sua total integridade biol\u00f3gica e organol\u00e9ptica at\u00e9 o momento do preparo. Ademais, o pescado deve estar em absoluta conformidade com todas as normas higi\u00eanico-sanit\u00e1rias e legisla\u00e7\u00f5es vigentes estipuladas pela Ag\u00eancia Nacional de Vigil\u00e2ncia Sanit\u00e1ria e pelos \u00f3rg\u00e3os de inspe\u00e7\u00e3o agropecu\u00e1ria. Para atestar essa regularidade, exige-se a presen\u00e7a inconteste de marcas, selos e carimbos oficiais de inspe\u00e7\u00e3o impressos nas embalagens. A rotulagem do produto deve ser visualmente clara, indel\u00e9vel e precisa, contendo obrigatoriamente, no m\u00ednimo, a indica\u00e7\u00e3o do peso l\u00edquido da unidade ou da caixa, a denomina\u00e7\u00e3o exata e comercial do produto, a identifica\u00e7\u00e3o completa com a raz\u00e3o social e o Cadastro Nacional da Pessoa Jur\u00eddica da empresa beneficiadora ou frigor\u00edfico respons\u00e1vel, al\u00e9m do n\u00famero de rastreabilidade do lote e a data de fabrica\u00e7\u00e3o aliada ao prazo de validade. Todo esse rigor na especifica\u00e7\u00e3o \u00e9 indispens\u00e1vel para assegurar a rastreabilidade do alimento, resguardar a sa\u00fade p\u00fablica e certificar que a Administra\u00e7\u00e3o Municipal entregar\u00e1 um produto de excel\u00eancia, dignidade e extrema seguran\u00e7a aos seus benefici\u00e1rios finais.<\/p>\n<ol start=\"4\">\n<li>REQUISITOS DA CONTRATA\u00c7\u00c3O<\/li>\n<\/ol>\n<p>Para o munic\u00edpio de\u00a0<strong data-path-to-node=\"0\" data-index-in-node=\"20\">Vila Flor\/RN<\/strong>, a estrutura\u00e7\u00e3o dos requisitos para a aquisi\u00e7\u00e3o de peixe na Semana Santa deve seguir as diretrizes da\u00a0<strong data-path-to-node=\"0\" data-index-in-node=\"135\">Lei n\u00ba 14.133\/2021<\/strong>\u00a0(Nova Lei de Licita\u00e7\u00f5es) e as normas da Vigil\u00e2ncia Sanit\u00e1ria (ANVISA) e do Minist\u00e9rio da Agricultura (MAPA).<\/p>\n<p>4.1. Requisitos do Objeto<\/p>\n<ul>\n<li data-path-to-node=\"5\"><strong>Esp\u00e9cie:<\/strong>\u00a0<strong>Peixe tipo Tainha<\/strong>\u00a0de primeira qualidade.<\/li>\n<li data-path-to-node=\"6,1,0\"><strong data-path-to-node=\"6,1,0\" data-index-in-node=\"0\">Estado de Conserva\u00e7\u00e3o:<\/strong>\u00a0<strong data-path-to-node=\"6,2,0\" data-index-in-node=\"23\">Congelado<\/strong>, com temperatura de recep\u00e7\u00e3o n\u00e3o superior a\u00a0<strong data-path-to-node=\"6,2,0\" data-index-in-node=\"77\">-18\u00b0C<\/strong>. N\u00e3o ser\u00e3o aceitos peixes com sinais de descongelamento ou recongelamento (presen\u00e7a de gelo solto na embalagem).<\/li>\n<li data-path-to-node=\"6,3,0\"><strong data-path-to-node=\"6,3,0\" data-index-in-node=\"0\">Qualidade Organol\u00e9ptica:<\/strong>\u00a0Carne firme, olhos brilhantes, guelras vermelhas, odor caracter\u00edstico e aus\u00eancia de manchas ou perfura\u00e7\u00f5es.<\/li>\n<\/ul>\n<p data-path-to-node=\"7\">4.2. Embalagem e Rotulagem<\/p>\n<ul>\n<li data-path-to-node=\"8,0,0\"><strong data-path-to-node=\"8,0,0\" data-index-in-node=\"0\">Prim\u00e1ria:<\/strong>\u00a0Saco pl\u00e1stico de polietileno, at\u00f3xico, resistente e transparente.<\/li>\n<li data-path-to-node=\"8,1,0\"><strong data-path-to-node=\"8,1,0\" data-index-in-node=\"0\">Informa\u00e7\u00f5es Obrigat\u00f3rias:<\/strong>\u00a0Nome do produto, peso l\u00edquido, data de embalagem, prazo de validade e, obrigatoriamente, o carimbo de inspe\u00e7\u00e3o sanit\u00e1ria (<strong data-path-to-node=\"8,1,0\" data-index-in-node=\"148\">SIF, SIE ou SIM<\/strong>).<\/li>\n<\/ul>\n<p data-path-to-node=\"9\">4.3. Requisitos de Habilita\u00e7\u00e3o T\u00e9cnica e Sanit\u00e1ria<\/p>\n<p data-path-to-node=\"10\">Para garantir a seguran\u00e7a jur\u00eddica e alimentar da Prefeitura de Vila Flor, a empresa deve apresentar:<\/p>\n<ul>\n<li data-path-to-node=\"11,0,0\"><strong data-path-to-node=\"11,0,0\" data-index-in-node=\"0\">Alvar\u00e1 Sanit\u00e1rio:<\/strong>\u00a0Expedido pela Vigil\u00e2ncia Sanit\u00e1ria competente (Municipal ou Estadual), devidamente atualizado.<\/li>\n<li data-path-to-node=\"11,1,0\"><strong data-path-to-node=\"11,1,0\" data-index-in-node=\"0\">Certificado de Registro:<\/strong>\u00a0Registro no \u00f3rg\u00e3o de inspe\u00e7\u00e3o (SIM, SIE ou SIF) que autorize a manipula\u00e7\u00e3o e com\u00e9rcio de pescados.<\/li>\n<li data-path-to-node=\"11,2,0\"><strong data-path-to-node=\"11,2,0\" data-index-in-node=\"0\">Atestado de Capacidade T\u00e9cnica:<\/strong>\u00a0Comprova\u00e7\u00e3o de que a licitante j\u00e1 forneceu g\u00eaneros aliment\u00edcios (preferencialmente perec\u00edveis) em quantidades compat\u00edveis com o lote licitado.<\/li>\n<\/ul>\n<p>4.4. Log\u00edstica e Condi\u00e7\u00f5es de Entrega<\/p>\n<ul>\n<li data-path-to-node=\"14\"><strong>Transporte:<\/strong>\u00a0O ve\u00edculo deve ser fechado, tipo\u00a0<strong data-path-to-node=\"15,0,0\" data-index-in-node=\"45\">ba\u00fa refrigerado ou isot\u00e9rmico<\/strong>, higienizado, mantendo a temperatura de congelamento durante todo o trajeto at\u00e9 Vila Flor.<\/li>\n<li data-path-to-node=\"15,1,0\"><strong data-path-to-node=\"15,1,0\" data-index-in-node=\"0\">Prazo de Entrega:<\/strong>\u00a0Entrega \u00fanica ou conforme cronograma da Secretaria de Assist\u00eancia Social, geralmente com 48h a 72h de anteced\u00eancia ao dia da distribui\u00e7\u00e3o oficial.<\/li>\n<li data-path-to-node=\"15,2,0\"><strong data-path-to-node=\"15,2,0\" data-index-in-node=\"0\">Local:<\/strong>\u00a0Pontos designados pela Secretaria (ex: CRAS, Escolas Municipais ou Almoxarifado Central).<\/li>\n<\/ul>\n<p>4.5. SUBCONTRATA\u00c7\u00c3O<\/p>\n<p>N\u00e3o \u00e9 admitida a subcontrata\u00e7\u00e3o do objeto contratual.<\/p>\n<p><strong>4.6. GARANTIA DA CONTRATA\u00c7\u00c3O<\/strong><\/p>\n<p>N\u00e3o haver\u00e1 exig\u00eancia da garantia da contrata\u00e7\u00e3o dos\u00a0<a href=\"http:\/\/www.planalto.gov.br\/ccivil_03\/_ato2019-2022\/2021\/lei\/L14133.htm#art96\">artigos 96 e seguintes da Lei n\u00ba 14.133, de 2021<\/a>, pelas raz\u00f5es constantes do Estudo T\u00e9cnico Preliminar.<\/p>\n<ol start=\"5\">\n<li>MODELO DE EXECU\u00c7\u00c3O DO OBJETO<\/li>\n<\/ol>\n<p>5.1. Condi\u00e7\u00f5es de Presta\u00e7\u00e3o de Servi\u00e7os<\/p>\n<p>Regime de Execu\u00e7\u00e3o e Forma de Fornecimento<\/p>\n<ul>\n<li data-path-to-node=\"5,0,0\"><strong data-path-to-node=\"5,0,0\" data-index-in-node=\"0\">Regime de Execu\u00e7\u00e3o:<\/strong>\u00a0Indireta, por empreitada por\u00a0<strong data-path-to-node=\"5,0,0\" data-index-in-node=\"49\">pre\u00e7o global<\/strong>.<\/li>\n<li data-path-to-node=\"5,1,0\"><strong data-path-to-node=\"5,1,0\" data-index-in-node=\"0\">Forma de Fornecimento:<\/strong>\u00a0Entrega\u00a0<strong data-path-to-node=\"5,1,0\" data-index-in-node=\"31\">integral e \u00fanica<\/strong>, tendo em vista a especificidade e a data fixa do evento (Semana Santa). N\u00e3o haver\u00e1 pedidos fracionados.<\/li>\n<\/ul>\n<p data-path-to-node=\"6\">5.2. Fluxo de Recebimento do Objeto<\/p>\n<p data-path-to-node=\"7\">Como n\u00e3o h\u00e1 Registro de Pre\u00e7os, a execu\u00e7\u00e3o \u00e9 linear e imediata ap\u00f3s a assinatura do contrato\/empenho:<\/p>\n<p data-path-to-node=\"8,0,0\"><strong data-path-to-node=\"8,0,0\" data-index-in-node=\"0\">Convoca\u00e7\u00e3o para Entrega:<\/strong>\u00a0Ap\u00f3s a assinatura do contrato e emiss\u00e3o da Nota de Empenho, a contratada ter\u00e1 o prazo de 5\u00a0<strong>[cinco] dias<\/strong>.<\/p>\n<p data-path-to-node=\"8,1,0\"><strong data-path-to-node=\"8,1,0\" data-index-in-node=\"0\">Recebimento Provis\u00f3rio:<\/strong>\u00a0Realizado no ato da entrega pelo servidor respons\u00e1vel, para confer\u00eancia de volumes, integridade das embalagens e temperatura da carga.<\/p>\n<p data-path-to-node=\"8,2,0\"><strong data-path-to-node=\"8,2,0\" data-index-in-node=\"0\">Recebimento Definitivo:<\/strong>\u00a0Ocorrer\u00e1 em at\u00e9\u00a0<strong data-path-to-node=\"8,2,0\" data-index-in-node=\"40\">24 horas<\/strong>\u00a0ap\u00f3s o provis\u00f3rio, ap\u00f3s inspe\u00e7\u00e3o detalhada da Secretaria de Assist\u00eancia Social e da Vigil\u00e2ncia Sanit\u00e1ria de Vila Flor, confirmando se o pescado atende aos crit\u00e9rios de esp\u00e9cie, peso e selo de inspe\u00e7\u00e3o (SIF\/SIE\/SIM).<\/p>\n<p data-path-to-node=\"9\">5.3. Local e Condi\u00e7\u00f5es de Armazenamento<\/p>\n<ul>\n<li data-path-to-node=\"10\"><strong>Local:<\/strong>\u00a0A entrega dever\u00e1 ser efetuada na Secretaria Municipal de Assist\u00eancia Social-Semas \u2013 Rua: Cordeiro n\u00ba 386 \u2013 Centro \u2013 CEP: 59192-000, em local higienizado e isolado.<\/li>\n<li data-path-to-node=\"11,1,0\"><strong data-path-to-node=\"11,1,0\" data-index-in-node=\"0\">Descarga:<\/strong>\u00a0O descarregamento e a arruma\u00e7\u00e3o da carga s\u00e3o de inteira responsabilidade da\u00a0<strong data-path-to-node=\"11,1,0\" data-index-in-node=\"86\">Contratada<\/strong>, inclusive a disponibiliza\u00e7\u00e3o de pessoal e equipamentos necess\u00e1rios.\n<ol start=\"6\">\n<li>MODELO DE GEST\u00c3O DO CONTRATO<\/li>\n<\/ol>\n<\/li>\n<\/ul>\n<p>O contrato dever\u00e1 ser executado fielmente pelas partes, de acordo com as cl\u00e1usulas aven\u00e7adas e as normas da Lei n\u00ba 14.133, de 2021, e cada parte responder\u00e1 pelas consequ\u00eancias de sua inexecu\u00e7\u00e3o total ou parcial.<\/p>\n<p>Em caso de impedimento, ordem de paralisa\u00e7\u00e3o ou suspens\u00e3o do contrato, o cronograma de execu\u00e7\u00e3o ser\u00e1 prorrogado automaticamente pelo tempo correspondente, anotadas tais circunst\u00e2ncias mediante simples apostila.<\/p>\n<p>As comunica\u00e7\u00f5es entre o \u00f3rg\u00e3o ou entidade e a contratada devem ser realizadas por escrito sempre que o ato exigir tal formalidade, admitindo-se o uso de mensagem eletr\u00f4nica para esse fim.<\/p>\n<p>O \u00f3rg\u00e3o ou entidade poder\u00e1 convocar representante da empresa para ado\u00e7\u00e3o de provid\u00eancias que devam ser cumpridas de imediato.<\/p>\n<p>Ap\u00f3s a assinatura do contrato ou instrumento equivalente,\u00a0o \u00f3rg\u00e3o ou entidade poder\u00e1 convocar o representante da empresa contratada para reuni\u00e3o inicial para apresenta\u00e7\u00e3o do plano de fiscaliza\u00e7\u00e3o, que conter\u00e1 informa\u00e7\u00f5es acerca das obriga\u00e7\u00f5es contratuais, dos mecanismos de fiscaliza\u00e7\u00e3o, das estrat\u00e9gias para execu\u00e7\u00e3o do objeto, do plano complementar de execu\u00e7\u00e3o da contratada, quando houver, do m\u00e9todo de aferi\u00e7\u00e3o dos resultados e das san\u00e7\u00f5es aplic\u00e1veis, dentre outros.<\/p>\n<p><strong>6.1 Fiscaliza\u00e7\u00e3o<\/strong><\/p>\n<p>A execu\u00e7\u00e3o do contrato dever\u00e1 ser acompanhada e fiscalizada pelo(s) fiscal(is) do contrato, ou pelos respectivos substitutos (<a href=\"http:\/\/www.planalto.gov.br\/ccivil_03\/_ato2019-2022\/2021\/lei\/L14133.htm#art117\">Lei n\u00ba 14.133, de 2021, art. 117, caput<\/a>).<\/p>\n<ul>\n<li>Fiscal do Contrato<\/li>\n<\/ul>\n<p>O fiscal do contrato acompanhar\u00e1 a execu\u00e7\u00e3o do contrato, para que sejam cumpridas todas as condi\u00e7\u00f5es estabelecidas no contrato, de modo a assegurar os melhores resultados para a Administra\u00e7\u00e3o ou comunica\u00e7\u00e3o. (Decreto n\u00ba 11.246, de 2022, art. 22, VI);<\/p>\n<p>O fiscal do contrato do contrato anotar\u00e1 no hist\u00f3rico de gerenciamento do contrato todas as ocorr\u00eancias relacionadas \u00e0 execu\u00e7\u00e3o do contrato, com a descri\u00e7\u00e3o do que for necess\u00e1rio para a regulariza\u00e7\u00e3o das faltas ou dos defeitos observados. (<a href=\"http:\/\/www.planalto.gov.br\/ccivil_03\/_ato2019-2022\/2021\/lei\/L14133.htm#art117%C2%A71\">Lei n\u00ba 14.133, de 2021, art. 117, \u00a71\u00ba<\/a>, e\u00a0<a href=\"https:\/\/www.planalto.gov.br\/ccivil_03\/_ato2019-2022\/2022\/Decreto\/D11246.htm#art22\">Decreto n\u00ba 11.246, de 2022, art. 22, II);<\/a><\/p>\n<p>Identificada qualquer inexatid\u00e3o ou irregularidade, o fiscal do contrato do contrato emitir\u00e1 notifica\u00e7\u00f5es para a corre\u00e7\u00e3o da execu\u00e7\u00e3o do contrato, determinando prazo para a corre\u00e7\u00e3o. (<a href=\"https:\/\/www.planalto.gov.br\/ccivil_03\/_ato2019-2022\/2022\/Decreto\/D11246.htm#art22\">Decreto n\u00ba 11.246, de 2022, art. 22, III<\/a>);<\/p>\n<p>O fiscal do contrato do contrato informar\u00e1 ao gestor do contato, em tempo h\u00e1bil, a situa\u00e7\u00e3o que demandar decis\u00e3o ou ado\u00e7\u00e3o de medidas que ultrapassem sua compet\u00eancia, para que adote as medidas necess\u00e1rias e saneadoras, se for o caso. (<a href=\"https:\/\/www.planalto.gov.br\/ccivil_03\/_ato2019-2022\/2022\/Decreto\/D11246.htm#art22\">Decreto n\u00ba 11.246, de 2022, art. 22, IV<\/a>).<\/p>\n<p>No caso de ocorr\u00eancias que possam inviabilizar a execu\u00e7\u00e3o do contrato nas datas aprazadas, o fiscal do contrato do contrato comunicar\u00e1 o fato imediatamente ao fiscal do contrato. (<a href=\"https:\/\/www.planalto.gov.br\/ccivil_03\/_ato2019-2022\/2022\/Decreto\/D11246.htm#art22\">Decreto n\u00ba 11.246, de 2022, art. 22, V<\/a>).<\/p>\n<p>O fiscal do contrato do contrato comunicar\u00e1 ao fiscal do contrato, em tempo h\u00e1bil, o t\u00e9rmino do contrato sob sua responsabilidade, com vistas \u00e0 renova\u00e7\u00e3o tempestiva ou \u00e0 prorroga\u00e7\u00e3o contratual\u00a0<a href=\"https:\/\/www.planalto.gov.br\/ccivil_03\/_ato2019-2022\/2022\/Decreto\/D11246.htm#art22\">(Decreto n\u00ba 11.246, de 2022, art. 22, VII<\/a>).<\/p>\n<p><strong>6.3. Fiscaliza\u00e7\u00e3o Administrativa<\/strong><\/p>\n<p>O fiscal administrativo do contrato verificar\u00e1 a manuten\u00e7\u00e3o das condi\u00e7\u00f5es de habilita\u00e7\u00e3o da contratada, acompanhar\u00e1 o empenho, o pagamento, as garantias, as glosas e a formaliza\u00e7\u00e3o de apostilamento e termos aditivos, solicitando quaisquer documentos comprobat\u00f3rios pertinentes, caso necess\u00e1rio (<a href=\"https:\/\/www.planalto.gov.br\/ccivil_03\/_ato2019-2022\/2022\/Decreto\/D11246.htm#art23\">Art. 23, I e II, do Decreto n\u00ba 11.246, de 2022<\/a>).<\/p>\n<p>Caso ocorra descumprimento das obriga\u00e7\u00f5es contratuais, o fiscal administrativo do contrato atuar\u00e1 tempestivamente na solu\u00e7\u00e3o do problema, reportando ao fiscal do contrato para que tome as provid\u00eancias cab\u00edveis, quando ultrapassar a sua compet\u00eancia; (<a href=\"https:\/\/www.planalto.gov.br\/ccivil_03\/_ato2019-2022\/2022\/Decreto\/D11246.htm#art23\">Decreto n\u00ba 11.246, de 2022, art. 23, IV<\/a>).<\/p>\n<p>O fiscal do contrato coordenar\u00e1 a atualiza\u00e7\u00e3o do processo de acompanhamento e fiscaliza\u00e7\u00e3o do contrato contendo todos os registros formais da execu\u00e7\u00e3o no hist\u00f3rico de gerenciamento do contrato, a exemplo da ordem de servi\u00e7o, do registro de ocorr\u00eancias, das altera\u00e7\u00f5es e das prorroga\u00e7\u00f5es contratuais, elaborando relat\u00f3rio com vistas \u00e0 verifica\u00e7\u00e3o da necessidade de adequa\u00e7\u00f5es do contrato para fins de atendimento da finalidade da Administra\u00e7\u00e3o ou comunica\u00e7\u00e3o. (Decreto n\u00ba 11.246, de 2022, art. 21, IV).<\/p>\n<p>O fiscal do contrato acompanhar\u00e1 os registros realizados pelos fiscais do contrato, de todas as ocorr\u00eancias relacionadas \u00e0 execu\u00e7\u00e3o do contrato e as medidas adotadas, informando, se for o caso, \u00e0 autoridade superior \u00e0quelas que ultrapassarem a sua compet\u00eancia. (Decreto n\u00ba 11.246, de 2022, art. 21, II).<\/p>\n<p>O fiscal do contrato acompanhar\u00e1 a manuten\u00e7\u00e3o das condi\u00e7\u00f5es de habilita\u00e7\u00e3o da contratada, para fins de empenho de despesa e pagamento, e anotar\u00e1 os problemas que obstem o fluxo normal da liquida\u00e7\u00e3o e do pagamento da despesa no relat\u00f3rio de riscos eventuais. (Decreto n\u00ba 11.246, de 2022, art. 21, III).<\/p>\n<p>O fiscal do contrato emitir\u00e1 documento comprobat\u00f3rio da avalia\u00e7\u00e3o realizada pelos fiscais t\u00e9cnico, administrativo e setorial quanto ao cumprimento de obriga\u00e7\u00f5es assumidas pelo contratado, com men\u00e7\u00e3o ao seu desempenho na execu\u00e7\u00e3o contratual, baseado nos indicadores objetivamente definidos e aferidos, e a eventuais penalidades aplicadas, devendo constar do cadastro de atesto de cumprimento de obriga\u00e7\u00f5es. (Decreto n\u00ba 11.246, de 2022, art. 21, VIII).<\/p>\n<p>O fiscal do contrato tomar\u00e1 provid\u00eancias para a formaliza\u00e7\u00e3o de processo administrativo de responsabiliza\u00e7\u00e3o para fins de aplica\u00e7\u00e3o de san\u00e7\u00f5es, a ser conduzido pela comiss\u00e3o de que trata o art. 158 da Lei n\u00ba 14.133, de 2021, ou pelo agente ou pelo setor com compet\u00eancia para tal, conforme o caso. (Decreto n\u00ba 11.246, de 2022, art. 21, X).<\/p>\n<p>O fiscal do contrato dever\u00e1 elaborar relat\u00f3rio final com informa\u00e7\u00f5es sobre a consecu\u00e7\u00e3o dos objetivos que tenham justificado a contrata\u00e7\u00e3o e eventuais condutas a serem adotadas para o aprimoramento das atividades da Administra\u00e7\u00e3o ou comunica\u00e7\u00e3o. (Decreto n\u00ba 11.246, de 2022, art. 21, VI).<\/p>\n<p>O fiscal do contrato dever\u00e1 enviar a documenta\u00e7\u00e3o pertinente ao setor de contratos para a formaliza\u00e7\u00e3o dos procedimentos de liquida\u00e7\u00e3o e pagamento, no valor dimensionado pela fiscaliza\u00e7\u00e3o e gest\u00e3o nos termos do contrato.<\/p>\n<ol start=\"7\">\n<li>CRIT\u00c9RIOS DE COMPROVA\u00c7\u00c3O DE PRESTA\u00c7\u00c3O DE SERVI\u00c7OS E DE PAGAMENTO<\/li>\n<li>Recebimento<\/li>\n<\/ol>\n<p>Os servi\u00e7os ser\u00e3o recebidos provisoriamente, no ato da entrega, juntamente com a nota fiscal ou instrumento de cobran\u00e7a equivalente, pelo(a) respons\u00e1vel pelo acompanhamento e fiscaliza\u00e7\u00e3o do contrato, para efeito de posterior verifica\u00e7\u00e3o de sua conformidade com as especifica\u00e7\u00f5es constantes no Termo de Refer\u00eancia e na proposta.<\/p>\n<p>Os servi\u00e7os poder\u00e3o ser rejeitados, no todo ou em parte, inclusive antes do recebimento provis\u00f3rio, quando em desacordo com as especifica\u00e7\u00f5es constantes no Termo de Refer\u00eancia e na proposta, devendo ser substitu\u00eddos no prazo de 24 (vinte e quatro) horas, a contar da notifica\u00e7\u00e3o da contratada, \u00e0s suas custas, sem preju\u00edzo da aplica\u00e7\u00e3o das penalidades.<\/p>\n<p>O recebimento definitivo ocorrer\u00e1 no prazo de 20 dias \u00fateis, a contar do recebimento da nota fiscal ou instrumento de cobran\u00e7a equivalente pela Administra\u00e7\u00e3o ou comunica\u00e7\u00e3o, ap\u00f3s a verifica\u00e7\u00e3o da qualidade e quantidade do material e consequente aceita\u00e7\u00e3o mediante termo detalhado.<\/p>\n<p>O prazo para recebimento definitivo poder\u00e1 ser excepcionalmente prorrogado, de forma justificada, por igual per\u00edodo, quando houver necessidade de dilig\u00eancias para a aferi\u00e7\u00e3o do atendimento das exig\u00eancias contratuais.<\/p>\n<p>No caso de controv\u00e9rsia sobre a execu\u00e7\u00e3o do objeto, quanto \u00e0 dimens\u00e3o, qualidade e quantidade, dever\u00e1 ser observado o teor do\u00a0<a href=\"http:\/\/www.planalto.gov.br\/ccivil_03\/_ato2019-2022\/2021\/lei\/L14133.htm#art143\">art. 143 da Lei n\u00ba 14.133, de 2021<\/a>, comunicando-se \u00e0 empresa para emiss\u00e3o de Nota Fiscal no que pertine \u00e0 parcela incontroversa da execu\u00e7\u00e3o do objeto, para efeito de liquida\u00e7\u00e3o e pagamento.<\/p>\n<p>O prazo para a solu\u00e7\u00e3o, pelo contratado, de inconsist\u00eancias na execu\u00e7\u00e3o do objeto ou de saneamento da nota fiscal ou de instrumento de cobran\u00e7a equivalente, verificadas pela Administra\u00e7\u00e3o ou comunica\u00e7\u00e3o durante a an\u00e1lise pr\u00e9via \u00e0 liquida\u00e7\u00e3o de despesa, n\u00e3o ser\u00e1 computado para os fins do recebimento definitivo.<\/p>\n<p>O recebimento provis\u00f3rio ou definitivo n\u00e3o excluir\u00e1 a responsabilidade civil pela solidez e pela seguran\u00e7a dos servi\u00e7os nem a responsabilidade \u00e9tico-profissional pela perfeita execu\u00e7\u00e3o do contrato.<\/p>\n<ol start=\"9\">\n<li>Liquida\u00e7\u00e3o<\/li>\n<\/ol>\n<p>Recebida a Nota Fiscal ou documento de cobran\u00e7a equivalente, correr\u00e1 o prazo de dez dias \u00fateis para fins de liquida\u00e7\u00e3o, na forma desta se\u00e7\u00e3o, prorrog\u00e1veis por igual per\u00edodo, nos termos do art. 7\u00ba, \u00a73\u00ba da Instru\u00e7\u00e3o Normativa SEGES\/ME n\u00ba 77\/2022.<\/p>\n<p>O prazo de que trata o item anterior ser\u00e1 reduzido \u00e0 metade, mantendo-se a possibilidade de prorroga\u00e7\u00e3o, no caso de contrata\u00e7\u00f5es decorrentes de despesas cujos valores n\u00e3o ultrapassem o limite de que trata o\u00a0<a href=\"http:\/\/www.planalto.gov.br\/ccivil_03\/_ato2019-2022\/2021\/lei\/L14133.htm#art75\">inciso II do art. 75 da Lei n\u00ba 14.133, de 2021<\/a>.<\/p>\n<p>Para fins de liquida\u00e7\u00e3o, o setor competente dever\u00e1 verificar se a nota fiscal ou instrumento de cobran\u00e7a equivalente apresentado expressa os elementos necess\u00e1rios e essenciais do documento, tais como:<\/p>\n<p>o prazo de validade;<\/p>\n<p>a data da emiss\u00e3o;<\/p>\n<p>os dados do contrato e do \u00f3rg\u00e3o contratante;<\/p>\n<p>o per\u00edodo respectivo de execu\u00e7\u00e3o do contrato;<\/p>\n<p>o valor a pagar; e<\/p>\n<p>eventual destaque do valor de reten\u00e7\u00f5es tribut\u00e1rias cab\u00edveis.<\/p>\n<p>Havendo erro na apresenta\u00e7\u00e3o da nota fiscal ou instrumento de cobran\u00e7a equivalente, ou circunst\u00e2ncia que impe\u00e7a a liquida\u00e7\u00e3o da despesa, esta ficar\u00e1 sobrestada at\u00e9 que o contratado providencie as medidas saneadoras, reiniciando-se o prazo ap\u00f3s a comprova\u00e7\u00e3o da regulariza\u00e7\u00e3o da situa\u00e7\u00e3o, sem \u00f4nus ao contratante;<\/p>\n<p>A nota fiscal ou instrumento de cobran\u00e7a equivalente dever\u00e1 ser obrigatoriamente acompanhado da comprova\u00e7\u00e3o da regularidade fiscal, constatada por meio de consulta on-line ao SICAF ou, na impossibilidade de acesso ao referido Sistema, mediante consulta aos s\u00edtios eletr\u00f4nicos oficiais ou \u00e0 documenta\u00e7\u00e3o mencionada no\u00a0<a href=\"http:\/\/www.planalto.gov.br\/ccivil_03\/_ato2019-2022\/2021\/lei\/L14133.htm#art68\">art. 68 da Lei n\u00ba 14.133, de 2021.\u00a0<\/a><\/p>\n<p>A Administra\u00e7\u00e3o ou comunica\u00e7\u00e3o dever\u00e1 realizar consulta ao SICAF para: a) verificar a manuten\u00e7\u00e3o das condi\u00e7\u00f5es de habilita\u00e7\u00e3o exigidas no edital; b) identificar poss\u00edvel raz\u00e3o que impe\u00e7a a participa\u00e7\u00e3o em licita\u00e7\u00e3o, no \u00e2mbito do \u00f3rg\u00e3o ou entidade, proibi\u00e7\u00e3o de contratar com o Poder P\u00fablico, bem como ocorr\u00eancias impeditivas indiretas (INSTRU\u00c7\u00c3O NORMATIVA N\u00ba 3, DE 26 DE ABRIL DE 2018).<\/p>\n<p>Constatando-se, junto ao SICAF, a situa\u00e7\u00e3o de irregularidade do contratado, ser\u00e1 providenciada sua notifica\u00e7\u00e3o, por escrito, para que, no prazo de 5 (cinco) dias \u00fateis, regularize sua situa\u00e7\u00e3o ou, no mesmo prazo, apresente sua defesa. O prazo poder\u00e1 ser prorrogado uma vez, por igual per\u00edodo, a crit\u00e9rio do contratante.<\/p>\n<p>N\u00e3o havendo regulariza\u00e7\u00e3o ou sendo a defesa considerada improcedente, o contratante dever\u00e1 comunicar aos \u00f3rg\u00e3os respons\u00e1veis pela fiscaliza\u00e7\u00e3o da regularidade fiscal quanto \u00e0 inadimpl\u00eancia do contratado, bem como quanto \u00e0 exist\u00eancia de pagamento a ser efetuado, para que sejam acionados os meios pertinentes e necess\u00e1rios para garantir o recebimento de seus cr\u00e9ditos.<\/p>\n<p>Persistindo a irregularidade, o contratante dever\u00e1 adotar as medidas necess\u00e1rias \u00e0 rescis\u00e3o contratual nos autos do processo administrativo correspondente, assegurada ao contratado a ampla defesa.<\/p>\n<p>Havendo a efetiva execu\u00e7\u00e3o do objeto, os pagamentos ser\u00e3o realizados normalmente, at\u00e9 que se decida pela rescis\u00e3o do contrato, caso o contratado n\u00e3o regularize sua situa\u00e7\u00e3o junto ao SICAF.<\/p>\n<ol start=\"10\">\n<li>Prazo de pagamento<\/li>\n<\/ol>\n<p>O pagamento ser\u00e1 efetuado no prazo de at\u00e9 30 (trinta) dias \u00fateis contados da finaliza\u00e7\u00e3o da liquida\u00e7\u00e3o da despesa, conforme se\u00e7\u00e3o anterior, nos termos da\u00a0<a href=\"https:\/\/in.gov.br\/en\/web\/dou\/-\/instrucao-normativa-seges\/me-n-77-de-4-de-novembro-de-2022-441681061\">Instru\u00e7\u00e3o Normativa SEGES\/ME n\u00ba 77, de 2022<\/a>.<\/p>\n<p>No caso de atraso pelo Contratante, os valores devidos ao contratado ser\u00e3o atualizados monetariamente entre o termo final do prazo de pagamento at\u00e9 a data de sua efetiva realiza\u00e7\u00e3o, mediante aplica\u00e7\u00e3o do \u00edndice IPCA de corre\u00e7\u00e3o monet\u00e1ria.<\/p>\n<ol start=\"11\">\n<li>Forma de pagamento<\/li>\n<\/ol>\n<p>O pagamento ser\u00e1 realizado por meio de ordem banc\u00e1ria, para cr\u00e9dito em banco, ag\u00eancia e conta corrente indicados pelo contratado.<\/p>\n<p>Ser\u00e1 considerada data do pagamento o dia em que constar como emitida a ordem banc\u00e1ria para pagamento.<\/p>\n<p>Quando do pagamento, ser\u00e1 efetuada a reten\u00e7\u00e3o tribut\u00e1ria prevista na legisla\u00e7\u00e3o aplic\u00e1vel.<\/p>\n<p>Independentemente do percentual de tributo inserido na planilha, quando houver, ser\u00e3o retidos na fonte, quando da realiza\u00e7\u00e3o do pagamento, os percentuais estabelecidos na legisla\u00e7\u00e3o vigente.<\/p>\n<p>O contratado regularmente optante pelo Simples Nacional, nos termos da\u00a0<a href=\"https:\/\/www.planalto.gov.br\/ccivil_03\/leis\/lcp\/lcp123.htm\">Lei Complementar n\u00ba 123, de 2006<\/a>, n\u00e3o sofrer\u00e1 a reten\u00e7\u00e3o tribut\u00e1ria quanto aos impostos e contribui\u00e7\u00f5es abrangidos por aquele regime. No entanto, o pagamento ficar\u00e1 condicionado \u00e0 apresenta\u00e7\u00e3o de comprova\u00e7\u00e3o, por meio de documento oficial, de que faz jus ao tratamento tribut\u00e1rio favorecido previsto na referida Lei Complementar.<\/p>\n<ol start=\"12\">\n<li>FORMA E CRIT\u00c9RIOS DE SELE\u00c7\u00c3O DO FORNECEDOR E FORMA DE FORNECIMENTO<\/li>\n<li>Forma de sele\u00e7\u00e3o e crit\u00e9rio de julgamento da proposta<\/li>\n<\/ol>\n<p>O fornecedor ser\u00e1 selecionado por meio da realiza\u00e7\u00e3o de procedimento de DISPENSA DE LICITA\u00c7\u00c3O, com ado\u00e7\u00e3o do crit\u00e9rio de julgamento pelo MENOR PRE\u00c7O GLOBAL<\/p>\n<ol start=\"14\">\n<li>Forma de fornecimento<\/li>\n<\/ol>\n<p>O fornecimento do objeto ser\u00e1 parcelado<\/p>\n<ol start=\"15\">\n<li>ADEQUA\u00c7\u00c3O OR\u00c7AMENT\u00c1RIA<\/li>\n<\/ol>\n<p>A dota\u00e7\u00e3o relativa aos exerc\u00edcios financeiros subsequentes ser\u00e1 indicada ap\u00f3s aprova\u00e7\u00e3o da Lei Or\u00e7ament\u00e1ria respectiva e libera\u00e7\u00e3o dos cr\u00e9ditos correspondentes, mediante apostilamento.<\/p>\n<p>&nbsp;<\/p>\n<p><strong>DISPENSA DE LICITA\u00c7\u00c3O N\u00b0 009\/2026 \u2013 SETOR DE LICITA\u00c7\u00c3O<\/strong><\/p>\n<p>ANEXO II \u2013 MODELO DE PROPOSTA DE PRE\u00c7OS<\/p>\n<table>\n<tbody>\n<tr>\n<td colspan=\"4\" width=\"680\"><strong>PREFEITURA MUNICIPAL DE VILA FLOR<\/strong>&nbsp;<\/p>\n<p><strong>COMISS\u00c3O SETORIAL DE LICITA\u00c7\u00c3O<\/strong><\/p>\n<p><strong>COMISS\u00c3O DE LICITA\u00c7\u00c3O<\/strong><\/p>\n<p><strong>DISPENSA DE LICITA\u00c7\u00c3O N\u00ba\u00a0<\/strong><strong>009\/2026<\/strong><\/td>\n<\/tr>\n<tr>\n<td colspan=\"4\" width=\"680\"><strong>DADOS DA EMPRESA<\/strong><\/td>\n<\/tr>\n<tr>\n<td width=\"123\"><strong>RAZ\u00c3O SOCIAL<\/strong><\/td>\n<td colspan=\"3\" width=\"558\"><\/td>\n<\/tr>\n<tr>\n<td width=\"123\"><strong>CNPJ<\/strong><\/td>\n<td width=\"130\"><\/td>\n<td width=\"115\"><strong>ENDERE\u00c7O<\/strong><\/td>\n<td width=\"312\"><\/td>\n<\/tr>\n<tr>\n<td width=\"123\"><strong>TELEFONE<\/strong><\/td>\n<td width=\"130\"><\/td>\n<td width=\"115\"><strong>E-MAIL<\/strong><\/td>\n<td width=\"312\"><\/td>\n<\/tr>\n<tr>\n<td colspan=\"4\" width=\"680\"><strong>DADOS DO REPRESENTANTE LEGAL<\/strong><\/td>\n<\/tr>\n<tr>\n<td width=\"123\"><strong>NOME DO REPRESENTANTE LEGAL<\/strong><\/td>\n<td width=\"130\"><\/td>\n<td width=\"115\"><strong>TELEFONE DO REPRESENTANTE LEGAL<\/strong><\/td>\n<td width=\"312\"><\/td>\n<\/tr>\n<\/tbody>\n<\/table>\n<p><strong>\u00a0<\/strong><\/p>\n<table>\n<tbody>\n<tr>\n<td width=\"66\"><strong>\u00a0<\/strong>&nbsp;<\/p>\n<p><strong>OBJETO<\/strong><\/td>\n<td colspan=\"9\" width=\"613\"><strong>FUTURA E EVENTUAL AQUISI\u00c7\u00c3O DE PEIXE, PARA DISTRIBUI\u00c7\u00c3O GRATUITA A POPULA\u00c7\u00c3O DE BAIXA RENDA NA SEMANA SANTA, VISANDO SUPRIR AS NECESSIDADES DA SECRETARIA MUNICIPAL DE ASSIST\u00caNCIA SOCIAL<\/strong><\/td>\n<\/tr>\n<tr>\n<td rowspan=\"2\" width=\"66\"><strong>ITEM<\/strong><\/td>\n<td colspan=\"5\" rowspan=\"2\" width=\"265\"><strong>DESCRI\u00c7\u00c3O<\/strong><\/td>\n<td rowspan=\"2\" width=\"76\"><strong>Unidade de Medida<\/strong><\/td>\n<td rowspan=\"2\" width=\"76\"><strong>Qnt.<\/strong><\/td>\n<td colspan=\"2\" width=\"197\"><strong>PRE\u00c7O (R$)<\/strong><\/td>\n<\/tr>\n<tr>\n<td width=\"95\"><strong>UNIT\u00c1RIO<\/strong><\/td>\n<td width=\"102\"><strong>GLOGAL<\/strong><\/td>\n<\/tr>\n<tr>\n<td width=\"66\">1<\/td>\n<td colspan=\"5\" width=\"265\"><strong>PEIXE<\/strong>\u00a0\u2013 Tipo Tainha inteira congelada, acondicionada em caixa. A Validade do produto n\u00e3o poder\u00e1 ser inferior a 152 meses contadas a partir da sua data de entrega.&nbsp;<\/p>\n<p>O produto deve estar em conformidade com as normas e legisla\u00e7\u00e3o vigente da Anvisa, inclusive apresentando em sua embalagem as marcas e carimbos oficiais, pertinentes.<\/p>\n<p>A rotulagem deve conter no m\u00ednimo, peso liquido, nome do produto, nome e CNPJ do beneficiador n\u00famero do lote data ou prazo de validade.<\/td>\n<td width=\"76\">Kg<\/td>\n<td width=\"76\">4.100<\/td>\n<td width=\"95\"><\/td>\n<td width=\"102\"><\/td>\n<\/tr>\n<tr>\n<td colspan=\"3\" width=\"152\"><strong>VALOR GLOBAL POR EXTENSO<\/strong><\/td>\n<td width=\"86\"><\/td>\n<td colspan=\"6\" width=\"442\"><\/td>\n<\/tr>\n<tr>\n<td colspan=\"2\" width=\"90\"><\/td>\n<td colspan=\"8\" width=\"589\">Declaramos que concordamos e atenderemos todas as exig\u00eancias do Aviso e seus anexos.<\/td>\n<\/tr>\n<tr>\n<td colspan=\"3\" width=\"152\"><strong>VALIDADE DA PROPOSTA<\/strong><\/td>\n<td colspan=\"2\" width=\"118\"><strong>\u00a0<\/strong><\/td>\n<td colspan=\"5\" width=\"409\"><strong>ASSINATURA DO REPRESENTANTE LEGAL DA EMPRESA<\/strong><\/td>\n<\/tr>\n<tr>\n<td width=\"66\"><\/td>\n<td width=\"25\"><\/td>\n<td width=\"61\"><\/td>\n<td width=\"86\"><\/td>\n<td width=\"33\"><\/td>\n<td width=\"61\"><\/td>\n<td width=\"76\"><\/td>\n<td width=\"76\"><\/td>\n<td width=\"95\"><\/td>\n<td width=\"102\"><\/td>\n<\/tr>\n<\/tbody>\n<\/table>\n<p>&nbsp;<\/p>\n<p><strong>\u00a0<\/strong><\/p>\n<p>DISPENSA DE LICITA\u00c7\u00c3O N\u00b0 009\/2026<\/p>\n<p>SETOR DE LICITA\u00c7\u00c3O<\/p>\n<p><strong>\u00a0<\/strong><\/p>\n<p><strong>\u00a0<\/strong><\/p>\n<p><strong>ANEXO III \u2013 MODELO DE DECLARA\u00c7\u00c3O DE CUMPRIMENTO DO DISPOSTO NO INC. XXXIII DO ART. 7\u00ba DA CONSTITUI\u00c7\u00c3O FEDERAL<\/strong><\/p>\n<p><strong>\u00a0<\/strong><\/p>\n<p><strong>\u00a0<\/strong><\/p>\n<p>REFERENTE: DISPENSA DE LICITA\u00c7\u00c3O N\u00b0 009\/2026 \u2013 SETOR DE LICITA\u00c7\u00c3O<\/p>\n<p><strong>\u00a0<\/strong><\/p>\n<p><strong>\u00a0<\/strong><\/p>\n<p>Declaramos, para os fins do disposto no inciso VI do art. 68 da Lei 14.133\/2021, que n\u00e3o empregamos menor de 18 (dezoito) anos em trabalho noturno, perigoso ou insalubre e n\u00e3o empregarmos menor de 16 (dezesseis) anos.<\/p>\n<p>&nbsp;<\/p>\n<p>Ressalva: emprega menor, a partir de 14 (quatorze) anos, na condi\u00e7\u00e3o de aprendiz ( ). Observa\u00e7\u00e3o: em caso afirmativo, assinalar a ressalva acima.<\/p>\n<p>&nbsp;<\/p>\n<p>&nbsp;<\/p>\n<p>Vila Flor,<u>\u00a0\u00a0\u00a0\u00a0\u00a0\u00a0\u00a0\u00a0\u00a0\u00a0<\/u>de\u00a0\u00a0\u00a0\u00a0\u00a0\u00a0\u00a0\u00a0\u00a0\u00a0\u00a0\u00a0\u00a0\u00a0\u00a0\u00a0\u00a0\u00a0\u00a0 de\u00a0<u>\u00a0\u00a0\u00a0\u00a0\u00a0\u00a0\u00a0\u00a0\u00a0\u00a0\u00a0\u00a0\u00a0\u00a0\u00a0\u00a0\u00a0\u00a0\u00a0\u00a0\u00a0\u00a0\u00a0\u00a0<\/u><\/p>\n<p>&nbsp;<\/p>\n<p>&nbsp;<\/p>\n<p>&nbsp;<\/p>\n<p>ASSINATURA DO REPRESENTANTE LEGAL DA EMPRESA<\/p>\n<p>&nbsp;<\/p>\n<p>&nbsp;<\/p>\n<p>DISPENSA DE LICITA\u00c7\u00c3O N\u00b0 009\/2026<\/p>\n<p>SETOR DE LICITA\u00c7\u00c3O<\/p>\n<p>&nbsp;<\/p>\n<p><strong>ANEXO IV \u2013 DECLARA\u00c7\u00c3O DE RESERVA DE CARGOS PCD, CONSOANTE ART. 92, DA LEI FEDERAL N\u201d 14.133\/2021<\/strong><\/p>\n<p><strong>\u00a0<\/strong><\/p>\n<p><strong>\u00a0<\/strong><\/p>\n<p><strong>\u00a0<\/strong><\/p>\n<p><strong>\u00a0<\/strong><\/p>\n<p>REFERENTE: DISPENSA DE LICITA\u00c7\u00c3O N\u00b0 009\/2026 \u2013 COMISS\u00c3O DE LICITA\u00c7\u00c3O<\/p>\n<p><strong>\u00a0<\/strong><\/p>\n<p><strong>\u00a0<\/strong><\/p>\n<p>A empresa<u>\u00a0\u00a0\u00a0\u00a0\u00a0\u00a0\u00a0\u00a0\u00a0\u00a0\u00a0\u00a0\u00a0\u00a0\u00a0\u00a0\u00a0\u00a0\u00a0\u00a0\u00a0\u00a0\u00a0<\/u>_<u>\u00a0\u00a0\u00a0\u00a0\u00a0\u00a0\u00a0\u00a0\u00a0\u00a0\u00a0\u00a0\u00a0\u00a0\u00a0\u00a0\u00a0\u00a0\u00a0\u00a0\u00a0\u00a0\u00a0\u00a0\u00a0\u00a0\u00a0\u00a0\u00a0\u00a0\u00a0\u00a0\u00a0\u00a0\u00a0\u00a0\u00a0\u00a0\u00a0<\/u>, declara para os devidos fins licitat\u00f3rios que cumpre as exig\u00eancias de reserva de cargos para Pessoa com Defici\u00eancia \u2014 PcD, para Reabilitado da Previd\u00eancia Social e para aprendiz, em aten\u00e7\u00e3o ao art. 92, inciso XVII da Lei n\u00b0 14.133\/2021.<\/p>\n<p>&nbsp;<\/p>\n<p>&nbsp;<\/p>\n<p>&nbsp;<\/p>\n<p>&nbsp;<\/p>\n<p>Vila Flor,<u>\u00a0\u00a0\u00a0\u00a0\u00a0\u00a0\u00a0\u00a0\u00a0\u00a0\u00a0\u00a0\u00a0\u00a0\u00a0\u00a0\u00a0\u00a0\u00a0\u00a0\u00a0\u00a0\u00a0\u00a0\u00a0\u00a0\u00a0\u00a0\u00a0\u00a0\u00a0\u00a0\u00a0\u00a0\u00a0\u00a0\u00a0\u00a0\u00a0\u00a0\u00a0\u00a0\u00a0\u00a0\u00a0\u00a0\u00a0\u00a0\u00a0\u00a0\u00a0\u00a0\u00a0\u00a0<\/u>de__________ de\u00a0<u>\u00a0\u00a0\u00a0\u00a0\u00a0\u00a0\u00a0\u00a0\u00a0\u00a0\u00a0\u00a0\u00a0\u00a0\u00a0\u00a0\u00a0\u00a0\u00a0\u00a0\u00a0\u00a0\u00a0\u00a0<\/u><\/p>\n<p>&nbsp;<\/p>\n<p>&nbsp;<\/p>\n<p>&nbsp;<\/p>\n<p>ASSINATURA DO REPRESENTANTE LEGAL DA EMPRESA<\/p>\n<p>&nbsp;<\/p>\n<p>&nbsp;<\/p>\n<p>DISPENSA DE LICITA\u00c7\u00c3O N\u00b0 009\/2026 \u2013 SETOR DE LICITA\u00c7\u00c3O<\/p>\n<p><strong>ANEXO V \u2013 DECLARA\u00c7\u00c3O IMPEDIMENTOS DO ART. 14 DA LEI FEDERAL N\u201d 14.133\/2021<\/strong><\/p>\n<p><strong>\u00a0<\/strong><\/p>\n<p><strong>\u00a0<\/strong><\/p>\n<p><strong>\u00a0<\/strong><\/p>\n<p>REFERENTE: DISPENSA DE LICITA\u00c7\u00c3O N\u00b0 009\/2026 \u2013 SETOR DE LICITA\u00c7\u00c3O<\/p>\n<p><strong>\u00a0<\/strong><\/p>\n<p><strong>\u00a0<\/strong><\/p>\n<p><strong>\u00a0<\/strong><\/p>\n<p><strong>\u00a0<\/strong><\/p>\n<p>A empresa<u>\u00a0\u00a0\u00a0\u00a0\u00a0\u00a0\u00a0\u00a0\u00a0\u00a0\u00a0\u00a0\u00a0\u00a0\u00a0\u00a0\u00a0\u00a0\u00a0\u00a0\u00a0\u00a0\u00a0\u00a0\u00a0\u00a0\u00a0\u00a0\u00a0\u00a0\u00a0\u00a0\u00a0\u00a0\u00a0\u00a0\u00a0\u00a0\u00a0\u00a0\u00a0\u00a0\u00a0\u00a0\u00a0\u00a0\u00a0\u00a0\u00a0\u00a0\u00a0\u00a0\u00a0\u00a0\u00a0\u00a0\u00a0\u00a0\u00a0\u00a0\u00a0\u00a0\u00a0\u00a0<\/u>_ , declara para os devidos fins licitat\u00f3rios que n\u00e3o incursa nos impedimentos para disputa de licita\u00e7\u00e3o ou execu\u00e7\u00e3o do contrato de que trata o art. 14 da Lei Federal n\u00b0 14.133\/2021.<\/p>\n<p>&nbsp;<\/p>\n<p>&nbsp;<\/p>\n<p>&nbsp;<\/p>\n<p>Vila Flor,<u>\u00a0\u00a0\u00a0\u00a0\u00a0\u00a0\u00a0\u00a0\u00a0\u00a0\u00a0\u00a0\u00a0\u00a0\u00a0\u00a0\u00a0\u00a0\u00a0\u00a0\u00a0\u00a0\u00a0\u00a0\u00a0\u00a0\u00a0\u00a0\u00a0\u00a0\u00a0\u00a0\u00a0\u00a0\u00a0\u00a0\u00a0\u00a0\u00a0\u00a0\u00a0\u00a0\u00a0\u00a0\u00a0\u00a0\u00a0\u00a0\u00a0\u00a0\u00a0\u00a0\u00a0\u00a0<\/u>de__________ de\u00a0<u>\u00a0\u00a0\u00a0\u00a0\u00a0\u00a0\u00a0\u00a0\u00a0\u00a0\u00a0\u00a0\u00a0\u00a0\u00a0\u00a0\u00a0\u00a0\u00a0\u00a0\u00a0\u00a0\u00a0\u00a0<\/u><\/p>\n<p>&nbsp;<\/p>\n<p>&nbsp;<\/p>\n<p>&nbsp;<\/p>\n<p>ASSINATURA DO REPRESENTANTE LEGAL DA EMPRESA<\/p>\n<p>&nbsp;<\/p>\n<p>&nbsp;<\/p>\n<p><strong>\u00a0<\/strong><\/p>\n<p><strong>ANEXO \u2013 VI<\/strong><\/p>\n<p><strong>Regras aplic\u00e1veis ao instrumento substitutivo ao contrato<\/strong><\/p>\n<p><strong><em>(Compra com entrega imediata e integral de bens adquiridos, sem previs\u00e3o de obriga\u00e7\u00f5es futuras, inclusive quanto \u00e0 assist\u00eancia t\u00e9cnica, independentemente do valor \u2013 art. 95, inciso II, da Lei n. 14.133\/2021)<\/em><\/strong><\/p>\n<ol>\n<li>FORMALIZA\u00c7\u00c3O DA CONTRATA\u00c7\u00c3O\n<ul>\n<li>O adjudicat\u00e1rio ter\u00e1 o\u00a0<em>prazo de \u2026\u2026\u2026\u2026\u2026,\u00a0<\/em>contado a partir da data de sua convoca\u00e7\u00e3o, para aceitar o instrumento equivalente a<em>\u00a0Nota de Empenho\/Carta Contrato\/Autoriza\u00e7\u00e3o<\/em>, sob pena de decair do direito \u00e0 contrata\u00e7\u00e3o, sem preju\u00edzo das san\u00e7\u00f5es previstas.<\/li>\n<li>O prazo poder\u00e1 ser prorrogado, por igual per\u00edodo, por solicita\u00e7\u00e3o justificada do adjudicat\u00e1rio e aceita pela Administra\u00e7\u00e3o.<\/li>\n<li>O aceite do instrumento equivalente pelo adjudicat\u00e1rio implica no reconhecimento de que:\n<ul>\n<li>referido instrumento substitui o termo de contrato, sendo-lhe aplic\u00e1veis as disposi\u00e7\u00f5es da Lei n\u00ba 14.133\/2021;<\/li>\n<li>o Contratado se vincula \u00e0 sua proposta e \u00e0s previs\u00f5es contidas\u00a0<em>no Aviso de Dispensa de Licita\u00e7\u00e3o,\u00a0<\/em>no Termo de Refer\u00eancia e em seus anexos, conforme Termo de Ci\u00eancia e Concord\u00e2ncia (Anexo II).<\/li>\n<\/ul>\n<\/li>\n<\/ul>\n<\/li>\n<\/ol>\n<ol start=\"2\">\n<li>VIG\u00caNCIA E PRORROGA\u00c7\u00c3O\n<ul>\n<li>O prazo de vig\u00eancia da contrata\u00e7\u00e3o \u00e9 aquele estabelecido no Termo de Refer\u00eancia, prorrog\u00e1vel por at\u00e9 10 anos, na forma dos artigos 106 e 107 da Lei n\u00b0 14.133, de 2021.<\/li>\n<li>A prorroga\u00e7\u00e3o de que trata este item \u00e9 condicionada ao ateste, pela autoridade competente, de que as condi\u00e7\u00f5es e os pre\u00e7os permanecem vantajosos para a Administra\u00e7\u00e3o, permitida a negocia\u00e7\u00e3o com o Contratado, bem como \u00e0 inexist\u00eancia de registros no Cadastro Informativo de cr\u00e9ditos n\u00e3o quitados do setor p\u00fablico federal (Cadin).<\/li>\n<li>O Contratado n\u00e3o tem direito subjetivo \u00e0 prorroga\u00e7\u00e3o contratual.<\/li>\n<li>A prorroga\u00e7\u00e3o contratual dever\u00e1 ser promovida mediante celebra\u00e7\u00e3o de termo aditivo.<\/li>\n<li>A contrata\u00e7\u00e3o n\u00e3o poder\u00e1 ser prorrogada quando o Contratado tiver sido penalizado nas san\u00e7\u00f5es de declara\u00e7\u00e3o de inidoneidade ou impedimento de licitar e contratar com poder p\u00fablico, observadas as abrang\u00eancias de aplica\u00e7\u00e3o.<\/li>\n<\/ul>\n<\/li>\n<li>OBRIGA\u00c7\u00d5ES DO CONTRATANTE\n<ul>\n<li>S\u00e3o obriga\u00e7\u00f5es do Contratante:\n<ul>\n<li>Exigir o cumprimento de todas as obriga\u00e7\u00f5es assumidas pelo Contratado, de acordo com o Termo de Refer\u00eancia e seus anexos;<\/li>\n<li>Receber o objeto no prazo e condi\u00e7\u00f5es estabelecidas no Termo de Refer\u00eancia;<\/li>\n<li>Notificar o Contratado, por escrito, sobre v\u00edcios, defeitos incorre\u00e7\u00f5es, imperfei\u00e7\u00f5es, falhas ou irregularidades verificadas na execu\u00e7\u00e3o do objeto contratual, fixando prazo para que seja substitu\u00eddo, reparado ou corrigido, total ou parcialmente, \u00e0s suas expensas, certificando-se de que as solu\u00e7\u00f5es por ele propostas sejam as mais adequadas;<\/li>\n<li>Acompanhar e fiscalizar a execu\u00e7\u00e3o contratual e o cumprimento das obriga\u00e7\u00f5es pelo Contratado;<\/li>\n<li>Efetuar o pagamento ao Contratado do valor correspondente ao fornecimento do objeto, no prazo, forma e condi\u00e7\u00f5es estabelecidos no Termo de Refer\u00eancia e neste Anexo;<\/li>\n<li>Aplicar ao Contratado as san\u00e7\u00f5es previstas na lei e no Termo de Refer\u00eancia;<\/li>\n<li>Cientificar o \u00f3rg\u00e3o de representa\u00e7\u00e3o judicial da Advocacia-Geral da Uni\u00e3o para ado\u00e7\u00e3o das medidas cab\u00edveis quando do descumprimento de obriga\u00e7\u00f5es pelo Contratado;<\/li>\n<li>Explicitamente emitir decis\u00e3o sobre todas as solicita\u00e7\u00f5es e reclama\u00e7\u00f5es relacionadas \u00e0 execu\u00e7\u00e3o contratual, ressalvados os requerimentos manifestamente impertinentes, meramente protelat\u00f3rios ou de nenhum interesse para a boa execu\u00e7\u00e3o do ajuste.\n<ul>\n<li>A Administra\u00e7\u00e3o ter\u00e1 o prazo de<em>\u00a010 (dez)<\/em>, a contar da data do protocolo do requerimento para decidir, admitida a prorroga\u00e7\u00e3o motivada, por igual per\u00edodo.<\/li>\n<\/ul>\n<\/li>\n<li>Responder eventuais pedidos de reestabelecimento do equil\u00edbrio econ\u00f4mico-financeiro feitos pelo Contratado no prazo m\u00e1ximo de 10 (dez) dias.<\/li>\n<li>Notificar os emitentes das garantias quanto ao in\u00edcio de processo administrativo para apura\u00e7\u00e3o de descumprimento de cl\u00e1usulas contratuais.<\/li>\n<\/ul>\n<\/li>\n<li>A Administra\u00e7\u00e3o n\u00e3o responder\u00e1 por quaisquer compromissos assumidos pelo Contratado com terceiros, ainda que vinculados \u00e0 execu\u00e7\u00e3o do objeto contratual, bem como por qualquer dano causado a terceiros em decorr\u00eancia de ato do Contratado, de seus empregados, prepostos ou subordinados.<\/li>\n<\/ul>\n<\/li>\n<li>OBRIGA\u00c7\u00d5ES DO CONTRATADO\n<ul>\n<li>O Contratado deve cumprir todas as obriga\u00e7\u00f5es constantes do Termo de Refer\u00eancia e deste Anexo, assumindo como exclusivamente seus os riscos e as despesas decorrentes da boa e perfeita execu\u00e7\u00e3o do objeto, observando, ainda, as obriga\u00e7\u00f5es a seguir dispostas:\n<ul>\n<li>Entregar o objeto acompanhado do manual do usu\u00e1rio, com uma vers\u00e3o em portugu\u00eas;<\/li>\n<li>Responsabilizar-se pelos v\u00edcios e danos decorrentes do objeto, de acordo com o C\u00f3digo de Defesa do Consumidor;<\/li>\n<li>Comunicar ao Contratante, no prazo m\u00e1ximo de 24 (vinte e quatro) horas que antecede a data da entrega, os motivos que impossibilitem o cumprimento do prazo previsto, com a devida comprova\u00e7\u00e3o;<\/li>\n<li>Atender \u00e0s determina\u00e7\u00f5es regulares emitidas pelo fiscal ou gestor contratuais ou autoridade superior e prestar todo esclarecimento ou informa\u00e7\u00e3o por eles solicitados;<\/li>\n<li>Reparar, corrigir, remover, reconstruir ou substituir, \u00e0s suas expensas, no total ou em parte, no prazo fixado pelo fiscal contratual, os bens nos quais se verificarem v\u00edcios, defeitos ou incorre\u00e7\u00f5es resultantes da execu\u00e7\u00e3o ou dos materiais empregados;<\/li>\n<li>Responsabilizar-se pelos v\u00edcios e danos decorrentes da execu\u00e7\u00e3o do objeto, bem como por todo e qualquer dano causado \u00e0 Administra\u00e7\u00e3o ou terceiros, n\u00e3o reduzindo essa responsabilidade a fiscaliza\u00e7\u00e3o ou o acompanhamento da execu\u00e7\u00e3o contratual pelo Contratante, que ficar\u00e1 autorizado a descontar dos pagamentos devidos ou da garantia, caso exigida, o valor correspondente aos danos sofridos;<\/li>\n<li>Quando n\u00e3o for poss\u00edvel a verifica\u00e7\u00e3o da regularidade no Sistema de Cadastro de Fornecedores \u2013 SICAF, o Contratado dever\u00e1 entregar ao setor respons\u00e1vel pela fiscaliza\u00e7\u00e3o contratual, junto com a Nota Fiscal para fins de pagamento, os seguintes documentos:\n<ul>\n<li>prova de regularidade relativa \u00e0 Seguridade Social;<\/li>\n<li>certid\u00e3o conjunta relativa aos tributos federais e \u00e0 D\u00edvida Ativa da Uni\u00e3o;<\/li>\n<li>certid\u00f5es que comprovem a regularidade perante a Fazenda Estadual ou Distrital do domic\u00edlio ou sede do Contratado;<\/li>\n<li>Certid\u00e3o de Regularidade do FGTS \u2013 CRF; e<\/li>\n<li>Certid\u00e3o Negativa de D\u00e9bitos Trabalhistas \u2013 CNDT;<\/li>\n<\/ul>\n<\/li>\n<li>Responsabilizar-se pelo cumprimento de todas as obriga\u00e7\u00f5es trabalhistas, previdenci\u00e1rias, fiscais, comerciais e as demais previstas em legisla\u00e7\u00e3o espec\u00edfica, cuja inadimpl\u00eancia n\u00e3o transfere a responsabilidade ao Contratante e n\u00e3o poder\u00e1 onerar o objeto da contrata\u00e7\u00e3o;<\/li>\n<li>Comunicar ao Fiscal, no prazo de 24 (vinte e quatro) horas, qualquer ocorr\u00eancia anormal ou acidente que se verifique no local da execu\u00e7\u00e3o do objeto contratual.<\/li>\n<li>Paralisar, por determina\u00e7\u00e3o do Contratante, qualquer atividade que n\u00e3o esteja sendo executada de acordo com a boa t\u00e9cnica ou que ponha em risco a seguran\u00e7a de pessoas ou bens de terceiros.<\/li>\n<li>Manter, durante toda a vig\u00eancia da contrata\u00e7\u00e3o, em compatibilidade com as obriga\u00e7\u00f5es assumidas, todas as condi\u00e7\u00f5es exigidas para habilita\u00e7\u00e3o na licita\u00e7\u00e3o ou para qualifica\u00e7\u00e3o na contrata\u00e7\u00e3o direta;<\/li>\n<li>Cumprir, durante todo o per\u00edodo de execu\u00e7\u00e3o contratual, a reserva de cargos prevista em lei para pessoa com defici\u00eancia, para reabilitado da Previd\u00eancia Social ou para aprendiz, bem como as reservas de cargos previstas na legisla\u00e7\u00e3o;<\/li>\n<li>Comprovar a reserva de cargos a que se refere a cl\u00e1usula acima, no prazo fixado pela fiscaliza\u00e7\u00e3o contratual, com a indica\u00e7\u00e3o dos empregados que preencheram as referidas vagas;<\/li>\n<li>Guardar sigilo sobre todas as informa\u00e7\u00f5es obtidas em decorr\u00eancia da execu\u00e7\u00e3o do objeto;<\/li>\n<li>Arcar com o \u00f4nus decorrente de eventual equ\u00edvoco no dimensionamento dos quantitativos de sua proposta, inclusive quanto aos custos vari\u00e1veis decorrentes de fatores futuros e incertos, devendo complement\u00e1-los, caso o previsto inicialmente em sua proposta n\u00e3o seja satisfat\u00f3rio para o atendimento do objeto da contrata\u00e7\u00e3o, exceto quando ocorrer algum dos eventos arrolados no art. 124, II, d, da Lei n\u00ba 14.133, de 2021;<\/li>\n<li>Cumprir, al\u00e9m dos postulados legais vigentes de \u00e2mbito federal, estadual ou municipal, as normas de seguran\u00e7a do Contratante;<\/li>\n<li>Alocar os empregados necess\u00e1rios, com habilita\u00e7\u00e3o e conhecimento adequados, ao perfeito cumprimento das obriga\u00e7\u00f5es assumidas, fornecendo os materiais, equipamentos, ferramentas e utens\u00edlios demandados, cuja quantidade, qualidade e tecnologia dever\u00e3o atender \u00e0s recomenda\u00e7\u00f5es de boa t\u00e9cnica e a legisla\u00e7\u00e3o de reg\u00eancia;<\/li>\n<li>Orientar e treinar seus empregados sobre os deveres previstos na Lei n\u00ba 13.709, de 14 de agosto de 2018, adotando medidas eficazes para prote\u00e7\u00e3o de dados pessoais a que tenha acesso por for\u00e7a da execu\u00e7\u00e3o contratual;<\/li>\n<li>Conduzir os trabalhos com estrita observ\u00e2ncia \u00e0s normas da legisla\u00e7\u00e3o pertinente, cumprindo as determina\u00e7\u00f5es dos Poderes P\u00fablicos, mantendo sempre limpo o local de execu\u00e7\u00e3o do objeto e nas melhores condi\u00e7\u00f5es de seguran\u00e7a, higiene e disciplina.<\/li>\n<li>Submeter previamente, por escrito, ao Contratante, para an\u00e1lise e aprova\u00e7\u00e3o, quaisquer mudan\u00e7as nos m\u00e9todos executivos que fujam \u00e0s especifica\u00e7\u00f5es do memorial descritivo ou instrumento cong\u00eanere.<\/li>\n<li>N\u00e3o permitir a utiliza\u00e7\u00e3o de qualquer trabalho do menor de dezesseis anos, exceto na condi\u00e7\u00e3o de aprendiz para os maiores de quatorze anos, nem permitir a utiliza\u00e7\u00e3o do trabalho do menor de dezoito anos em trabalho noturno, perigoso ou insalubre.<\/li>\n<li>Cumprir as normas de prote\u00e7\u00e3o ao trabalho, inclusive aquelas relativas \u00e0 seguran\u00e7a e \u00e0 sa\u00fade no trabalho;<\/li>\n<li>N\u00e3o submeter os trabalhadores a condi\u00e7\u00f5es degradantes de trabalho, jornadas exaustivas, servid\u00e3o por d\u00edvida ou trabalhos for\u00e7ados;<\/li>\n<li>N\u00e3o permitir a utiliza\u00e7\u00e3o de qualquer trabalho do menor de dezesseis anos de idade, exceto na condi\u00e7\u00e3o de aprendiz para os maiores de quatorze anos de idade, observada a legisla\u00e7\u00e3o pertinente;<\/li>\n<li>N\u00e3o submeter o menor de dezoito anos de idade \u00e0 realiza\u00e7\u00e3o de trabalho noturno e em condi\u00e7\u00f5es perigosas e insalubres e \u00e0 realiza\u00e7\u00e3o de atividades constantes na Lista de Piores Formas de Trabalho Infantil, aprovada pelo Decreto n\u00ba 6.481, de 12 de junho de 2008;<\/li>\n<li>Receber e dar o tratamento adequado a den\u00fancias de discrimina\u00e7\u00e3o, viol\u00eancia e ass\u00e9dio no ambiente de trabalho.<\/li>\n<\/ul>\n<\/li>\n<\/ul>\n<\/li>\n<\/ol>\n<ol start=\"5\">\n<li>DA EXTIN\u00c7\u00c3O CONTRATUAL\n<ul>\n<li>A contrata\u00e7\u00e3o ser\u00e1 extinta quando cumpridas as obriga\u00e7\u00f5es de ambas as partes, ainda que isso ocorra antes do prazo estipulado para tanto.<\/li>\n<li>Se as obriga\u00e7\u00f5es n\u00e3o forem cumpridas no prazo estipulado, a vig\u00eancia ficar\u00e1 prorrogada at\u00e9 a conclus\u00e3o do objeto, caso em que dever\u00e1 a Administra\u00e7\u00e3o providenciar a readequa\u00e7\u00e3o do cronograma fixado para a contrata\u00e7\u00e3o.<\/li>\n<li>Quando a n\u00e3o conclus\u00e3o do objeto referida no item anterior decorrer de culpa do Contratado:\n<ul>\n<li>ficar\u00e1 ele constitu\u00eddo em mora, sendo-lhe aplic\u00e1veis as respectivas san\u00e7\u00f5es administrativas; e<\/li>\n<li>poder\u00e1 a Administra\u00e7\u00e3o optar pela extin\u00e7\u00e3o contratual e, nesse caso, adotar\u00e1 as medidas admitidas em lei para a continuidade da execu\u00e7\u00e3o contratual.<\/li>\n<\/ul>\n<\/li>\n<li>A contrata\u00e7\u00e3o poder\u00e1 ser extinta antes de cumpridas as obriga\u00e7\u00f5es nela estipuladas, ou antes do prazo fixado, por algum dos motivos previstos no artigo 137 da Lei n\u00ba 14.133\/21, bem como amigavelmente, assegurados o contradit\u00f3rio e a ampla defesa.\n<ul>\n<li>Nesta hip\u00f3tese, aplicam-se tamb\u00e9m os artigos 138 e 139 da mesma Lei.<\/li>\n<li>A altera\u00e7\u00e3o social ou a modifica\u00e7\u00e3o da finalidade ou da estrutura da empresa n\u00e3o ensejar\u00e1 a extin\u00e7\u00e3o se n\u00e3o restringir sua capacidade de concluir o objeto.\n<ul>\n<li>Se a opera\u00e7\u00e3o implicar mudan\u00e7a da pessoa jur\u00eddica contratada, dever\u00e1 ser formalizado termo aditivo para altera\u00e7\u00e3o subjetiva.<\/li>\n<\/ul>\n<\/li>\n<li>O termo de extin\u00e7\u00e3o, sempre que poss\u00edvel, ser\u00e1 precedido:\n<ul>\n<li>Balan\u00e7o dos eventos contratuais j\u00e1 cumpridos ou parcialmente cumpridos;<\/li>\n<li>Rela\u00e7\u00e3o dos pagamentos j\u00e1 efetuados e ainda devidos;<\/li>\n<li>Indeniza\u00e7\u00f5es e multas.<\/li>\n<\/ul>\n<\/li>\n<li>A extin\u00e7\u00e3o contratual n\u00e3o configura \u00f3bice para o reconhecimento do desequil\u00edbrio econ\u00f4mico-financeiro, hip\u00f3tese em que ser\u00e1 concedida indeniza\u00e7\u00e3o por meio de termo indenizat\u00f3rio.<\/li>\n<li>A contrata\u00e7\u00e3o poder\u00e1 ser extinta caso se constate que o Contratado mant\u00e9m v\u00ednculo de natureza t\u00e9cnica, comercial, econ\u00f4mica, financeira, trabalhista ou civil com dirigente do \u00f3rg\u00e3o ou entidade contratante ou com agente p\u00fablico que tenha desempenhado fun\u00e7\u00e3o na licita\u00e7\u00e3o ou na contrata\u00e7\u00e3o direta, ou atue na fiscaliza\u00e7\u00e3o ou na gest\u00e3o contratuais, ou que deles seja c\u00f4njuge, companheiro ou parente em linha reta, colateral ou por afinidade, at\u00e9 o terceiro grau.<\/li>\n<\/ul>\n<\/li>\n<\/ul>\n<\/li>\n<\/ol>\n<ol start=\"6\">\n<li>DOS CASOS OMISSOS\n<ul>\n<li>Os casos omissos ser\u00e3o decididos pelo Contratante, segundo as disposi\u00e7\u00f5es contidas na Lei n\u00ba 14.133, de 2021, e demais normas federais aplic\u00e1veis e, subsidiariamente, segundo as disposi\u00e7\u00f5es contidas na\u00a0<a href=\"https:\/\/www.planalto.gov.br\/ccivil_03\/leis\/l8078compilado.htm\">Lei n\u00ba 8.078, de 1990 \u2013 C\u00f3digo de Defesa do Consumidor<\/a>\u00a0\u2013 e normas e princ\u00edpios gerais dos contratos.<\/li>\n<\/ul>\n<\/li>\n<li>ALTERA\u00c7\u00d5ES\n<ul>\n<li>Eventuais altera\u00e7\u00f5es contratuais reger-se-\u00e3o pela disciplina dos arts. 124 e seguintes da Lei n\u00ba 14.133, de 2021.<\/li>\n<li>O Contratado \u00e9 obrigado a aceitar, nas mesmas condi\u00e7\u00f5es contratuais, os acr\u00e9scimos ou supress\u00f5es que se fizerem necess\u00e1rios, at\u00e9 o limite de 25% (vinte e cinco por cento) do valor inicial atualizado da contrata\u00e7\u00e3o.<\/li>\n<li>As supress\u00f5es resultantes de acordo celebrado entre as partes contratantes poder\u00e3o exceder o limite de 25% (vinte e cinco por cento) do valor inicial atualizado do contrato.<\/li>\n<li>As altera\u00e7\u00f5es contratuais dever\u00e3o ser promovidas mediante celebra\u00e7\u00e3o de termo aditivo, submetido \u00e0 pr\u00e9via aprova\u00e7\u00e3o da consultoria jur\u00eddica do Contratante,\u00a0salvo nos casos de justificada necessidade de antecipa\u00e7\u00e3o de seus efeitos, hip\u00f3tese em que a formaliza\u00e7\u00e3o do aditivo dever\u00e1 ocorrer no prazo m\u00e1ximo de 1 (um) m\u00eas.<\/li>\n<li>Registros que n\u00e3o caracterizam altera\u00e7\u00f5es contratuais podem ser realizados por simples apostila, dispensada a celebra\u00e7\u00e3o de termo aditivo, na forma do art. 136 da Lei n\u00ba 14.133, de 2021.<\/li>\n<\/ul>\n<\/li>\n<li>FORO\n<ul>\n<li>Fica definido o Foro da Comarca de Canguaretama\/RN para dirimir os lit\u00edgios que decorrerem da execu\u00e7\u00e3o contratual que n\u00e3o puderem ser compostos pela concilia\u00e7\u00e3o, conforme art. 92, \u00a71\u00ba, da Lei n\u00ba 14.133, de 2021.<\/li>\n<\/ul>\n<\/li>\n<\/ol>\n<p>&nbsp;<\/p>\n<p style=\"text-align: right;\"><strong>Publicado por:<\/strong><br \/>\nGRINALDO JOAQUIM DE SOUZA<br \/>\nSecret\u00e1rio Municipal de Administra\u00e7\u00e3o<br \/>\n<strong>C\u00f3digo Identificador:<\/strong>\u00a04GKF80XWQH<\/p>\n<div class=\"pdfprnt-buttons pdfprnt-buttons-post pdfprnt-bottom-right\"><a href=\"https:\/\/vilaflor.rn.gov.br\/transparencia\/wp-json\/wp\/v2\/posts\/4298?print=pdf\" class=\"pdfprnt-button pdfprnt-button-pdf\" target=\"_blank\"><img decoding=\"async\" src=\"https:\/\/vilaflor.rn.gov.br\/transparencia\/wp-content\/plugins\/pdf-print\/images\/pdf.png\" alt=\"image_pdf\" title=\"Baixar PDF\" \/><\/a><a href=\"https:\/\/vilaflor.rn.gov.br\/transparencia\/wp-json\/wp\/v2\/posts\/4298?print=print\" class=\"pdfprnt-button pdfprnt-button-print\" target=\"_blank\"><img decoding=\"async\" src=\"https:\/\/vilaflor.rn.gov.br\/transparencia\/wp-content\/plugins\/pdf-print\/images\/print.png\" alt=\"image_print\" title=\"Conte\u00fado de impress\u00e3o\" \/><\/a><\/div>","protected":false},"excerpt":{"rendered":"<p>ESTADO DO RIO GRANDE DO NORTE PREFEITURA MUNICIPAL DE VILA FLOR DADOS DO AVISO Vila Flor\/RN, em 05 de mar\u00e7o de 2026. &nbsp; PROCESSO ADMINISTRATIVO:\u00a002030001\/2026 &nbsp; DATA E HORA LIMITE PARA ENTREGA DA PROPOSTA DE PRE\u00c7O E DOCUMENTOS DE HABILITA\u00c7\u00c3O &nbsp; At\u00e9 dia 12\/03\/2026, \u00e0s 09:00h &nbsp; REFER\u00caNCIA DE HOR\u00c1RIO \u00a0 Hor\u00e1rio de Brasilia \u2013 [&hellip;]<\/p>\n","protected":false},"author":1,"featured_media":0,"comment_status":"open","ping_status":"open","sticky":false,"template":"","format":"standard","meta":{"ocean_post_layout":"","ocean_both_sidebars_style":"","ocean_both_sidebars_content_width":0,"ocean_both_sidebars_sidebars_width":0,"ocean_sidebar":"0","ocean_second_sidebar":"0","ocean_disable_margins":"enable","ocean_add_body_class":"","ocean_shortcode_before_top_bar":"","ocean_shortcode_after_top_bar":"","ocean_shortcode_before_header":"","ocean_shortcode_after_header":"","ocean_has_shortcode":"","ocean_shortcode_after_title":"","ocean_shortcode_before_footer_widgets":"","ocean_shortcode_after_footer_widgets":"","ocean_shortcode_before_footer_bottom":"","ocean_shortcode_after_footer_bottom":"","ocean_display_top_bar":"default","ocean_display_header":"default","ocean_header_style":"","ocean_center_header_left_menu":"0","ocean_custom_header_template":"0","ocean_custom_logo":0,"ocean_custom_retina_logo":0,"ocean_custom_logo_max_width":0,"ocean_custom_logo_tablet_max_width":0,"ocean_custom_logo_mobile_max_width":0,"ocean_custom_logo_max_height":0,"ocean_custom_logo_tablet_max_height":0,"ocean_custom_logo_mobile_max_height":0,"ocean_header_custom_menu":"0","ocean_menu_typo_font_family":"0","ocean_menu_typo_font_subset":"","ocean_menu_typo_font_size":0,"ocean_menu_typo_font_size_tablet":0,"ocean_menu_typo_font_size_mobile":0,"ocean_menu_typo_font_size_unit":"px","ocean_menu_typo_font_weight":"","ocean_menu_typo_font_weight_tablet":"","ocean_menu_typo_font_weight_mobile":"","ocean_menu_typo_transform":"","ocean_menu_typo_transform_tablet":"","ocean_menu_typo_transform_mobile":"","ocean_menu_typo_line_height":0,"ocean_menu_typo_line_height_tablet":0,"ocean_menu_typo_line_height_mobile":0,"ocean_menu_typo_line_height_unit":"","ocean_menu_typo_spacing":0,"ocean_menu_typo_spacing_tablet":0,"ocean_menu_typo_spacing_mobile":0,"ocean_menu_typo_spacing_unit":"","ocean_menu_link_color":"","ocean_menu_link_color_hover":"","ocean_menu_link_color_active":"","ocean_menu_link_background":"","ocean_menu_link_hover_background":"","ocean_menu_link_active_background":"","ocean_menu_social_links_bg":"","ocean_menu_social_hover_links_bg":"","ocean_menu_social_links_color":"","ocean_menu_social_hover_links_color":"","ocean_disable_title":"default","ocean_disable_heading":"default","ocean_post_title":"","ocean_post_subheading":"","ocean_post_title_style":"","ocean_post_title_background_color":"","ocean_post_title_background":0,"ocean_post_title_bg_image_position":"","ocean_post_title_bg_image_attachment":"","ocean_post_title_bg_image_repeat":"","ocean_post_title_bg_image_size":"","ocean_post_title_height":0,"ocean_post_title_bg_overlay":0.5,"ocean_post_title_bg_overlay_color":"","ocean_disable_breadcrumbs":"default","ocean_breadcrumbs_color":"","ocean_breadcrumbs_separator_color":"","ocean_breadcrumbs_links_color":"","ocean_breadcrumbs_links_hover_color":"","ocean_display_footer_widgets":"default","ocean_display_footer_bottom":"default","ocean_custom_footer_template":"0","ocean_post_oembed":"","ocean_post_self_hosted_media":"","ocean_post_video_embed":"","ocean_link_format":"","ocean_link_format_target":"self","ocean_quote_format":"","ocean_quote_format_link":"post","ocean_gallery_link_images":"on","ocean_gallery_id":[],"footnotes":""},"categories":[5,4],"tags":[],"class_list":["post-4298","post","type-post","status-publish","format-standard","hentry","category-aviso-de-licitacao","category-licitacao","entry"],"_links":{"self":[{"href":"https:\/\/vilaflor.rn.gov.br\/transparencia\/wp-json\/wp\/v2\/posts\/4298","targetHints":{"allow":["GET"]}}],"collection":[{"href":"https:\/\/vilaflor.rn.gov.br\/transparencia\/wp-json\/wp\/v2\/posts"}],"about":[{"href":"https:\/\/vilaflor.rn.gov.br\/transparencia\/wp-json\/wp\/v2\/types\/post"}],"author":[{"embeddable":true,"href":"https:\/\/vilaflor.rn.gov.br\/transparencia\/wp-json\/wp\/v2\/users\/1"}],"replies":[{"embeddable":true,"href":"https:\/\/vilaflor.rn.gov.br\/transparencia\/wp-json\/wp\/v2\/comments?post=4298"}],"version-history":[{"count":1,"href":"https:\/\/vilaflor.rn.gov.br\/transparencia\/wp-json\/wp\/v2\/posts\/4298\/revisions"}],"predecessor-version":[{"id":4299,"href":"https:\/\/vilaflor.rn.gov.br\/transparencia\/wp-json\/wp\/v2\/posts\/4298\/revisions\/4299"}],"wp:attachment":[{"href":"https:\/\/vilaflor.rn.gov.br\/transparencia\/wp-json\/wp\/v2\/media?parent=4298"}],"wp:term":[{"taxonomy":"category","embeddable":true,"href":"https:\/\/vilaflor.rn.gov.br\/transparencia\/wp-json\/wp\/v2\/categories?post=4298"},{"taxonomy":"post_tag","embeddable":true,"href":"https:\/\/vilaflor.rn.gov.br\/transparencia\/wp-json\/wp\/v2\/tags?post=4298"}],"curies":[{"name":"wp","href":"https:\/\/api.w.org\/{rel}","templated":true}]}}