{"id":4292,"date":"2026-03-06T11:14:45","date_gmt":"2026-03-06T14:14:45","guid":{"rendered":"https:\/\/vilaflor.rn.gov.br\/transparencia\/?p=4292"},"modified":"2026-04-02T11:15:13","modified_gmt":"2026-04-02T14:15:13","slug":"segundo-termo-aditivo-ao-contrato-no-019-2023-pregao-presencial-n-001-2023-2","status":"publish","type":"post","link":"https:\/\/vilaflor.rn.gov.br\/transparencia\/segundo-termo-aditivo-ao-contrato-no-019-2023-pregao-presencial-n-001-2023-2\/","title":{"rendered":"SEGUNDO TERMO ADITIVO AO CONTRATO N\u00ba 019\/2023 PREG\u00c3O PRESENCIAL N\u00b0 001\/2023"},"content":{"rendered":"<p><strong>ESTADO DO RIO GRANDE DO NORTE<\/strong><br \/>\n<strong>PREFEITURA MUNICIPAL DE VILA FLOR<\/strong><\/p>\n<p>A PREFEITURA MUNICIPAL DE VILA FLOR, inscrito(a) no CNPJ sob o n\u00ba 08.169.278\/0001-07, com sede na RUA JOSE CALAZANS, 169, representado por THUANNE KARLA CARVALHO DE SOUZA, PREFEITA MUNICIPAL, doravante denominado(a) CONTRATANTE, e a detentora \u00e9 a empresa APICE CONSULTORIA E PROJETOS LTDA com o CNPJ sob o n\u00b0 41.384.245\/0001-47, j\u00e1 qualificados no contrato inicial, determinaram por meio deste, alterar o referido contrato, consubstanciado nas seguintes cl\u00e1usulas:<\/p>\n<p><strong>CL\u00c1USULA PRIMEIRA \u2013 DO OBJETO<\/strong><\/p>\n<ol>\n<li><strong>CL\u00c1USULA PRIMEIRA \u2013 OBJETO<\/strong><\/li>\n<\/ol>\n<p>1.1. O objeto do presente instrumento \u00e9:<\/p>\n<p>1.1.1. PRORROGAR o prazo da vig\u00eancia do Contrato n\u00ba 019\/2023, por 12 (Doze) meses, contemplando-se, nesta ocasi\u00e3o, o per\u00edodo de 04 de mar\u00e7o de 2026 a 03 de mar\u00e7o de 2027, nos termos do art. 57, II, da Lei n.\u00ba 8.666, de 1993.<\/p>\n<ol start=\"2\">\n<li><strong>CL\u00c1USULA SEGUNDA \u2013 DO PRE\u00c7O<\/strong><\/li>\n<\/ol>\n<p>2.1\u00a0\u00a0\u00a0\u00a0\u00a0 O valor mensal da contrata\u00e7\u00e3o \u00e9 de R$ 3.200,00 (Tr\u00eas mil e duzentos reais), totalizando o valor global de R$ 38.400,00 (Trinta e oito mil e quatrocentos reais);<\/p>\n<p>2.2\u00a0\u00a0\u00a0\u00a0\u00a0 O valor acima \u00e9 meramente estimativo, de forma que os pagamentos devidos \u00e0 CONTRATADA depender\u00e3o dos quantitativos de servi\u00e7os efetivamente prestados.<\/p>\n<ol start=\"3\">\n<li><strong>CL\u00c1USULA SEGUNDA \u2013 DA DOTA\u00c7\u00c3O OR\u00c7AMENT\u00c1RIA<\/strong><\/li>\n<\/ol>\n<p>A despesa decorrente da presente altera\u00e7\u00e3o correr\u00e1 \u00e0 conta da seguinte Dota\u00e7\u00e3o Or\u00e7ament\u00e1ria: Exerc\u00edcio 2026<\/p>\n<p>\u00d3rg\u00e3o requisitante: \u00a0\u00a0\u00a0\u00a0\u00a0\u00a0\u00a0\u00a0\u00a0\u00a0\u00a0\u00a0\u00a0\u00a0\u00a0\u00a0\u00a0\u00a0\u00a0\u00a0\u00a0\u00a0\u00a0 03.001 \u2013 Secretaria Municipal de Administra\u00e7\u00e3o<\/p>\n<p>Projeto\/Atividade: \u00a0\u00a0\u00a0\u00a0\u00a0\u00a0\u00a0\u00a0\u00a0\u00a0\u00a0\u00a0\u00a0\u00a0\u00a0\u00a0\u00a0\u00a0\u00a0\u00a0\u00a0\u00a0\u00a0\u00a0\u00a0\u00a0 2.007 \u2013 Manuten\u00e7\u00e3o das A\u00e7\u00f5es da Secretaria Municipal de Administra\u00e7\u00e3o<\/p>\n<p>Classifica\u00e7\u00e3o Econ\u00f4mica: \u00a0\u00a0\u00a0\u00a0\u00a0\u00a0\u00a0\u00a0\u00a0\u00a0\u00a0 3.3.90.39.00 \u2013 Outros Servi\u00e7os de Terceiros \u2013 Pessoa Jur\u00eddica<\/p>\n<p>Fonte de Recurso: \u00a0\u00a0\u00a0\u00a0\u00a0\u00a0\u00a0\u00a0\u00a0\u00a0\u00a0\u00a0\u00a0\u00a0\u00a0\u00a0\u00a0\u00a0\u00a0\u00a0\u00a0\u00a0\u00a0\u00a0 1500000000 \u2013 Recurso n\u00e3o vinculado de Impostos<\/p>\n<ol start=\"4\">\n<li><strong>CL\u00c1USULA QUINTA \u2013 PRODU\u00c7\u00c3O DOS EFEITOS<\/strong><\/li>\n<\/ol>\n<p>4.1 O presente termo aditivo produzir\u00e1 efeitos a partir 04 de mar\u00e7o de 2026.<\/p>\n<ol start=\"5\">\n<li><strong>CL\u00c1USULA SEXTA \u2013RATIFICA\u00c7\u00c3O<\/strong><\/li>\n<\/ol>\n<p>5.1.\u00a0\u00a0\u00a0\u00a0 Ficam mantidas e ratificadas as demais cl\u00e1usulas e condi\u00e7\u00f5es do contrato origin\u00e1rio, naquilo que n\u00e3o contrariem o presente termo aditivo.<\/p>\n<ol start=\"6\">\n<li><strong>CL\u00c1USULA S\u00c9TIMA \u2013PUBLICA\u00c7\u00c3O<\/strong><\/li>\n<\/ol>\n<p>6.1.\u00a0\u00a0\u00a0\u00a0 Incumbir\u00e1 \u00e0 CONTRATANTE providenciar a publica\u00e7\u00e3o deste instrumento, por extrato, no Di\u00e1rio Oficial dos Munic\u00edpios, de acordo com o prescrito no artigo 61, par\u00e1grafo \u00fanico, da Lei n\u00ba 8.666, de 1993.<\/p>\n<p>&nbsp;<\/p>\n<p>Vila Flor\/RN, em 04 de mar\u00e7o de 2026.<\/p>\n<p>&nbsp;<\/p>\n<p>&nbsp;<\/p>\n<p>&nbsp;<\/p>\n<p><strong>\u00a0PREFEITURA MUNICIPAL DE VILA FLOR<\/strong><\/p>\n<p><strong>CNPJ(MF)\u00a0 08.169.278\/0001-07<\/strong><\/p>\n<p><strong>\u00a0CONTRATANTE<\/strong><\/p>\n<p><strong>\u00a0<\/strong><\/p>\n<p><strong>\u00a0<\/strong><\/p>\n<p><strong>\u00a0<\/strong><\/p>\n<p><strong>\u00a0<\/strong><\/p>\n<p><strong>APICE CONSULTORIA E PROJETOS LTDA<\/strong><\/p>\n<p><strong>CNPJ\/MF:\u00a0<\/strong><strong>41.384.245\/0001-47<\/strong><\/p>\n<p><strong>CONTRATADA<\/strong><\/p>\n<p>&nbsp;<\/p>\n<p style=\"text-align: right;\"><strong>Publicado por:<\/strong><br \/>\nGRINALDO JOAQUIM DE SOUZA<br \/>\nSecret\u00e1rio Municipal de Administra\u00e7\u00e3o<br \/>\n<strong>C\u00f3digo Identificador:<\/strong>\u00a0P4RG300N4X<\/p>\n<div class=\"pdfprnt-buttons pdfprnt-buttons-post pdfprnt-bottom-right\"><a href=\"https:\/\/vilaflor.rn.gov.br\/transparencia\/wp-json\/wp\/v2\/posts\/4292?print=pdf\" class=\"pdfprnt-button pdfprnt-button-pdf\" target=\"_blank\"><img decoding=\"async\" src=\"https:\/\/vilaflor.rn.gov.br\/transparencia\/wp-content\/plugins\/pdf-print\/images\/pdf.png\" alt=\"image_pdf\" title=\"Baixar PDF\" \/><\/a><a href=\"https:\/\/vilaflor.rn.gov.br\/transparencia\/wp-json\/wp\/v2\/posts\/4292?print=print\" class=\"pdfprnt-button pdfprnt-button-print\" target=\"_blank\"><img decoding=\"async\" src=\"https:\/\/vilaflor.rn.gov.br\/transparencia\/wp-content\/plugins\/pdf-print\/images\/print.png\" alt=\"image_print\" title=\"Conte\u00fado de impress\u00e3o\" \/><\/a><\/div>","protected":false},"excerpt":{"rendered":"<p>ESTADO DO RIO GRANDE DO NORTE PREFEITURA MUNICIPAL DE VILA FLOR A PREFEITURA MUNICIPAL DE VILA FLOR, inscrito(a) no CNPJ sob o n\u00ba 08.169.278\/0001-07, com sede na RUA JOSE CALAZANS, 169, representado por THUANNE KARLA CARVALHO DE SOUZA, PREFEITA MUNICIPAL, doravante denominado(a) CONTRATANTE, e a detentora \u00e9 a empresa APICE CONSULTORIA E PROJETOS LTDA com [&hellip;]<\/p>\n","protected":false},"author":1,"featured_media":0,"comment_status":"open","ping_status":"open","sticky":false,"template":"","format":"standard","meta":{"ocean_post_layout":"","ocean_both_sidebars_style":"","ocean_both_sidebars_content_width":0,"ocean_both_sidebars_sidebars_width":0,"ocean_sidebar":"0","ocean_second_sidebar":"0","ocean_disable_margins":"enable","ocean_add_body_class":"","ocean_shortcode_before_top_bar":"","ocean_shortcode_after_top_bar":"","ocean_shortcode_before_header":"","ocean_shortcode_after_header":"","ocean_has_shortcode":"","ocean_shortcode_after_title":"","ocean_shortcode_before_footer_widgets":"","ocean_shortcode_after_footer_widgets":"","ocean_shortcode_before_footer_bottom":"","ocean_shortcode_after_footer_bottom":"","ocean_display_top_bar":"default","ocean_display_header":"default","ocean_header_style":"","ocean_center_header_left_menu":"0","ocean_custom_header_template":"0","ocean_custom_logo":0,"ocean_custom_retina_logo":0,"ocean_custom_logo_max_width":0,"ocean_custom_logo_tablet_max_width":0,"ocean_custom_logo_mobile_max_width":0,"ocean_custom_logo_max_height":0,"ocean_custom_logo_tablet_max_height":0,"ocean_custom_logo_mobile_max_height":0,"ocean_header_custom_menu":"0","ocean_menu_typo_font_family":"0","ocean_menu_typo_font_subset":"","ocean_menu_typo_font_size":0,"ocean_menu_typo_font_size_tablet":0,"ocean_menu_typo_font_size_mobile":0,"ocean_menu_typo_font_size_unit":"px","ocean_menu_typo_font_weight":"","ocean_menu_typo_font_weight_tablet":"","ocean_menu_typo_font_weight_mobile":"","ocean_menu_typo_transform":"","ocean_menu_typo_transform_tablet":"","ocean_menu_typo_transform_mobile":"","ocean_menu_typo_line_height":0,"ocean_menu_typo_line_height_tablet":0,"ocean_menu_typo_line_height_mobile":0,"ocean_menu_typo_line_height_unit":"","ocean_menu_typo_spacing":0,"ocean_menu_typo_spacing_tablet":0,"ocean_menu_typo_spacing_mobile":0,"ocean_menu_typo_spacing_unit":"","ocean_menu_link_color":"","ocean_menu_link_color_hover":"","ocean_menu_link_color_active":"","ocean_menu_link_background":"","ocean_menu_link_hover_background":"","ocean_menu_link_active_background":"","ocean_menu_social_links_bg":"","ocean_menu_social_hover_links_bg":"","ocean_menu_social_links_color":"","ocean_menu_social_hover_links_color":"","ocean_disable_title":"default","ocean_disable_heading":"default","ocean_post_title":"","ocean_post_subheading":"","ocean_post_title_style":"","ocean_post_title_background_color":"","ocean_post_title_background":0,"ocean_post_title_bg_image_position":"","ocean_post_title_bg_image_attachment":"","ocean_post_title_bg_image_repeat":"","ocean_post_title_bg_image_size":"","ocean_post_title_height":0,"ocean_post_title_bg_overlay":0.5,"ocean_post_title_bg_overlay_color":"","ocean_disable_breadcrumbs":"default","ocean_breadcrumbs_color":"","ocean_breadcrumbs_separator_color":"","ocean_breadcrumbs_links_color":"","ocean_breadcrumbs_links_hover_color":"","ocean_display_footer_widgets":"default","ocean_display_footer_bottom":"default","ocean_custom_footer_template":"0","ocean_post_oembed":"","ocean_post_self_hosted_media":"","ocean_post_video_embed":"","ocean_link_format":"","ocean_link_format_target":"self","ocean_quote_format":"","ocean_quote_format_link":"post","ocean_gallery_link_images":"on","ocean_gallery_id":[],"footnotes":""},"categories":[58,75,4],"tags":[],"class_list":["post-4292","post","type-post","status-publish","format-standard","hentry","category-contratos","category-contratos-2026","category-licitacao","entry"],"_links":{"self":[{"href":"https:\/\/vilaflor.rn.gov.br\/transparencia\/wp-json\/wp\/v2\/posts\/4292","targetHints":{"allow":["GET"]}}],"collection":[{"href":"https:\/\/vilaflor.rn.gov.br\/transparencia\/wp-json\/wp\/v2\/posts"}],"about":[{"href":"https:\/\/vilaflor.rn.gov.br\/transparencia\/wp-json\/wp\/v2\/types\/post"}],"author":[{"embeddable":true,"href":"https:\/\/vilaflor.rn.gov.br\/transparencia\/wp-json\/wp\/v2\/users\/1"}],"replies":[{"embeddable":true,"href":"https:\/\/vilaflor.rn.gov.br\/transparencia\/wp-json\/wp\/v2\/comments?post=4292"}],"version-history":[{"count":1,"href":"https:\/\/vilaflor.rn.gov.br\/transparencia\/wp-json\/wp\/v2\/posts\/4292\/revisions"}],"predecessor-version":[{"id":4293,"href":"https:\/\/vilaflor.rn.gov.br\/transparencia\/wp-json\/wp\/v2\/posts\/4292\/revisions\/4293"}],"wp:attachment":[{"href":"https:\/\/vilaflor.rn.gov.br\/transparencia\/wp-json\/wp\/v2\/media?parent=4292"}],"wp:term":[{"taxonomy":"category","embeddable":true,"href":"https:\/\/vilaflor.rn.gov.br\/transparencia\/wp-json\/wp\/v2\/categories?post=4292"},{"taxonomy":"post_tag","embeddable":true,"href":"https:\/\/vilaflor.rn.gov.br\/transparencia\/wp-json\/wp\/v2\/tags?post=4292"}],"curies":[{"name":"wp","href":"https:\/\/api.w.org\/{rel}","templated":true}]}}