{"id":4282,"date":"2026-03-03T11:10:02","date_gmt":"2026-03-03T14:10:02","guid":{"rendered":"https:\/\/vilaflor.rn.gov.br\/transparencia\/?p=4282"},"modified":"2026-04-02T11:10:41","modified_gmt":"2026-04-02T14:10:41","slug":"termo-de-adesao-a-ata-de-registro-de-precos-oriunda-do-pregao-eletronico-srp-n-038-2025","status":"publish","type":"post","link":"https:\/\/vilaflor.rn.gov.br\/transparencia\/termo-de-adesao-a-ata-de-registro-de-precos-oriunda-do-pregao-eletronico-srp-n-038-2025\/","title":{"rendered":"TERMO DE ADES\u00c3O \u00c0 ATA DE REGISTRO DE PRE\u00c7OS ORIUNDA DO PREG\u00c3O ELETR\u00d4NICO SRP N\u00b0 038\/2025"},"content":{"rendered":"<p><strong>ESTADO DO RIO GRANDE DO NORTE<\/strong><br \/>\n<strong>PREFEITURA MUNICIPAL DE VILA FLOR<\/strong><\/p>\n<p>A Prefeita do Munic\u00edpio de Vila Flor\/RN torna p\u00fablico a ades\u00e3o a ATA DE REGISTROS DE PRE\u00c7OS N\u00b0 050\/2025, PREG\u00c3O ELETR\u00d4NICO SRP N\u00b0 038\/2025, oriundo Prefeitura Municipal de Ielmo Marinho\/RN, em que foram registrados os pre\u00e7os da empresa\u00a0<strong>BCS AUTO CENTER LTDA\u00a0<\/strong>inscrito no CNPJ\/MF sob o n\u00b0 49.259.452\/0001-81, totalizando o valor global de\u00a0<strong>R$ 750.010,00 (Setecentos e cinquenta mil reais e dez centavos)<\/strong><\/p>\n<p>&nbsp;<\/p>\n<p>Cujo objeto \u00e9 o REGISTRO DE PRE\u00c7O PARA CONTRATA\u00c7\u00c3O DE EMPRESA ESPECIALIZADA PARA A PRESTA\u00c7\u00c3O DE SERVI\u00c7OS CONTINUADOS DE MANUTEN\u00c7\u00c3O PREVENTIVA E CORRETIVA DA FROTA VEICULAR DO MUNIC\u00cdPIO, INCLUINDO FORNECIMENTO DE PE\u00c7AS E ACESS\u00d3RIOS NOVOS, ORIGINAIS OU SIMILARES DE PRIMEIRA LINHA, DE FORMA A GARANTIR A CONTINUIDADE DOS SERVI\u00c7OS P\u00daBLICOS ESSENCIAIS<\/p>\n<p>&nbsp;<\/p>\n<p><strong>RATIFICA\u00c7\u00c3O<\/strong><\/p>\n<p>&nbsp;<\/p>\n<p>Circunstanciado pelo Parecer da Assessoria Jur\u00eddica, opinando favoravelmente pela ades\u00e3o a ATA DE REGISTROS DE PRE\u00c7OS N\u00b0 050\/2025 oriunda do PREG\u00c3O ELETR\u00d4NICO SRP N\u00b0 038\/2025, oriundo Prefeitura Municipal de Ielmo Marinho\/RN, objetivando a celebra\u00e7\u00e3o de contrato para o registro de pre\u00e7o para contrata\u00e7\u00e3o de empresa especializada para a presta\u00e7\u00e3o de servi\u00e7os continuados de manuten\u00e7\u00e3o preventiva e corretiva da frota veicular do munic\u00edpio, incluindo fornecimento de pe\u00e7as e acess\u00f3rios novos, originais ou similares de primeira linha, de forma a garantir a continuidade dos servi\u00e7os p\u00fablicos essenciais, venho RATIFICAR a contrata\u00e7\u00e3o com a empresa\u00a0<strong>BCS AUTO CENTER LTDA<\/strong>\u00a0inscrito no CNPJ\/MF sob o n\u00b0 49.259.452\/0001-81, totalizando o valor global de\u00a0<strong>R$ 750.010,00 (Setecentos e cinquenta mil reais e dez centavos)<\/strong><\/p>\n<p>&nbsp;<\/p>\n<p>VILA FLOR \/RN, em 02 de mar\u00e7o de 2026.<\/p>\n<p>&nbsp;<\/p>\n<p>&nbsp;<\/p>\n<p><strong><em>THUANNE KARLA CARVALHO DE SOUZA<\/em><\/strong><\/p>\n<p>Prefeita Municipal<\/p>\n<p style=\"text-align: right;\"><strong>Publicado por:<\/strong><br \/>\nGRINALDO JOAQUIM DE SOUZA<br \/>\nSecret\u00e1rio Municipal de Administra\u00e7\u00e3o<br \/>\n<strong>C\u00f3digo Identificador:<\/strong>\u00a07HMLUY2E5Z<\/p>\n<div class=\"pdfprnt-buttons pdfprnt-buttons-post pdfprnt-bottom-right\"><a href=\"https:\/\/vilaflor.rn.gov.br\/transparencia\/wp-json\/wp\/v2\/posts\/4282?print=pdf\" class=\"pdfprnt-button pdfprnt-button-pdf\" target=\"_blank\"><img decoding=\"async\" src=\"https:\/\/vilaflor.rn.gov.br\/transparencia\/wp-content\/plugins\/pdf-print\/images\/pdf.png\" alt=\"image_pdf\" title=\"Baixar PDF\" \/><\/a><a href=\"https:\/\/vilaflor.rn.gov.br\/transparencia\/wp-json\/wp\/v2\/posts\/4282?print=print\" class=\"pdfprnt-button pdfprnt-button-print\" target=\"_blank\"><img decoding=\"async\" src=\"https:\/\/vilaflor.rn.gov.br\/transparencia\/wp-content\/plugins\/pdf-print\/images\/print.png\" alt=\"image_print\" title=\"Conte\u00fado de impress\u00e3o\" \/><\/a><\/div>","protected":false},"excerpt":{"rendered":"<p>ESTADO DO RIO GRANDE DO NORTE PREFEITURA MUNICIPAL DE VILA FLOR A Prefeita do Munic\u00edpio de Vila Flor\/RN torna p\u00fablico a ades\u00e3o a ATA DE REGISTROS DE PRE\u00c7OS N\u00b0 050\/2025, PREG\u00c3O ELETR\u00d4NICO SRP N\u00b0 038\/2025, oriundo Prefeitura Municipal de Ielmo Marinho\/RN, em que foram registrados os pre\u00e7os da empresa\u00a0BCS AUTO CENTER LTDA\u00a0inscrito no CNPJ\/MF sob [&hellip;]<\/p>\n","protected":false},"author":1,"featured_media":0,"comment_status":"open","ping_status":"open","sticky":false,"template":"","format":"standard","meta":{"ocean_post_layout":"","ocean_both_sidebars_style":"","ocean_both_sidebars_content_width":0,"ocean_both_sidebars_sidebars_width":0,"ocean_sidebar":"0","ocean_second_sidebar":"0","ocean_disable_margins":"enable","ocean_add_body_class":"","ocean_shortcode_before_top_bar":"","ocean_shortcode_after_top_bar":"","ocean_shortcode_before_header":"","ocean_shortcode_after_header":"","ocean_has_shortcode":"","ocean_shortcode_after_title":"","ocean_shortcode_before_footer_widgets":"","ocean_shortcode_after_footer_widgets":"","ocean_shortcode_before_footer_bottom":"","ocean_shortcode_after_footer_bottom":"","ocean_display_top_bar":"default","ocean_display_header":"default","ocean_header_style":"","ocean_center_header_left_menu":"0","ocean_custom_header_template":"0","ocean_custom_logo":0,"ocean_custom_retina_logo":0,"ocean_custom_logo_max_width":0,"ocean_custom_logo_tablet_max_width":0,"ocean_custom_logo_mobile_max_width":0,"ocean_custom_logo_max_height":0,"ocean_custom_logo_tablet_max_height":0,"ocean_custom_logo_mobile_max_height":0,"ocean_header_custom_menu":"0","ocean_menu_typo_font_family":"0","ocean_menu_typo_font_subset":"","ocean_menu_typo_font_size":0,"ocean_menu_typo_font_size_tablet":0,"ocean_menu_typo_font_size_mobile":0,"ocean_menu_typo_font_size_unit":"px","ocean_menu_typo_font_weight":"","ocean_menu_typo_font_weight_tablet":"","ocean_menu_typo_font_weight_mobile":"","ocean_menu_typo_transform":"","ocean_menu_typo_transform_tablet":"","ocean_menu_typo_transform_mobile":"","ocean_menu_typo_line_height":0,"ocean_menu_typo_line_height_tablet":0,"ocean_menu_typo_line_height_mobile":0,"ocean_menu_typo_line_height_unit":"","ocean_menu_typo_spacing":0,"ocean_menu_typo_spacing_tablet":0,"ocean_menu_typo_spacing_mobile":0,"ocean_menu_typo_spacing_unit":"","ocean_menu_link_color":"","ocean_menu_link_color_hover":"","ocean_menu_link_color_active":"","ocean_menu_link_background":"","ocean_menu_link_hover_background":"","ocean_menu_link_active_background":"","ocean_menu_social_links_bg":"","ocean_menu_social_hover_links_bg":"","ocean_menu_social_links_color":"","ocean_menu_social_hover_links_color":"","ocean_disable_title":"default","ocean_disable_heading":"default","ocean_post_title":"","ocean_post_subheading":"","ocean_post_title_style":"","ocean_post_title_background_color":"","ocean_post_title_background":0,"ocean_post_title_bg_image_position":"","ocean_post_title_bg_image_attachment":"","ocean_post_title_bg_image_repeat":"","ocean_post_title_bg_image_size":"","ocean_post_title_height":0,"ocean_post_title_bg_overlay":0.5,"ocean_post_title_bg_overlay_color":"","ocean_disable_breadcrumbs":"default","ocean_breadcrumbs_color":"","ocean_breadcrumbs_separator_color":"","ocean_breadcrumbs_links_color":"","ocean_breadcrumbs_links_hover_color":"","ocean_display_footer_widgets":"default","ocean_display_footer_bottom":"default","ocean_custom_footer_template":"0","ocean_post_oembed":"","ocean_post_self_hosted_media":"","ocean_post_video_embed":"","ocean_link_format":"","ocean_link_format_target":"self","ocean_quote_format":"","ocean_quote_format_link":"post","ocean_gallery_link_images":"on","ocean_gallery_id":[],"footnotes":""},"categories":[53,79,4],"tags":[],"class_list":["post-4282","post","type-post","status-publish","format-standard","hentry","category-atas","category-atas-de-adesao-2026","category-licitacao","entry"],"_links":{"self":[{"href":"https:\/\/vilaflor.rn.gov.br\/transparencia\/wp-json\/wp\/v2\/posts\/4282","targetHints":{"allow":["GET"]}}],"collection":[{"href":"https:\/\/vilaflor.rn.gov.br\/transparencia\/wp-json\/wp\/v2\/posts"}],"about":[{"href":"https:\/\/vilaflor.rn.gov.br\/transparencia\/wp-json\/wp\/v2\/types\/post"}],"author":[{"embeddable":true,"href":"https:\/\/vilaflor.rn.gov.br\/transparencia\/wp-json\/wp\/v2\/users\/1"}],"replies":[{"embeddable":true,"href":"https:\/\/vilaflor.rn.gov.br\/transparencia\/wp-json\/wp\/v2\/comments?post=4282"}],"version-history":[{"count":1,"href":"https:\/\/vilaflor.rn.gov.br\/transparencia\/wp-json\/wp\/v2\/posts\/4282\/revisions"}],"predecessor-version":[{"id":4283,"href":"https:\/\/vilaflor.rn.gov.br\/transparencia\/wp-json\/wp\/v2\/posts\/4282\/revisions\/4283"}],"wp:attachment":[{"href":"https:\/\/vilaflor.rn.gov.br\/transparencia\/wp-json\/wp\/v2\/media?parent=4282"}],"wp:term":[{"taxonomy":"category","embeddable":true,"href":"https:\/\/vilaflor.rn.gov.br\/transparencia\/wp-json\/wp\/v2\/categories?post=4282"},{"taxonomy":"post_tag","embeddable":true,"href":"https:\/\/vilaflor.rn.gov.br\/transparencia\/wp-json\/wp\/v2\/tags?post=4282"}],"curies":[{"name":"wp","href":"https:\/\/api.w.org\/{rel}","templated":true}]}}