{"id":4258,"date":"2026-02-24T10:49:33","date_gmt":"2026-02-24T13:49:33","guid":{"rendered":"https:\/\/vilaflor.rn.gov.br\/transparencia\/?p=4258"},"modified":"2026-04-02T10:50:35","modified_gmt":"2026-04-02T13:50:35","slug":"termo-de-inexigibilidade-de-licitacao-no-009-2026","status":"publish","type":"post","link":"https:\/\/vilaflor.rn.gov.br\/transparencia\/termo-de-inexigibilidade-de-licitacao-no-009-2026\/","title":{"rendered":"TERMO DE INEXIGIBILIDADE DE LICITA\u00c7\u00c3O N\u00ba 009\/2026"},"content":{"rendered":"<p><strong>ESTADO DO RIO GRANDE DO NORTE<\/strong><br \/>\n<strong>PREFEITURA MUNICIPAL DE VILA FLOR<\/strong><\/p>\n<p>Foi declarada inexig\u00edvel a realiza\u00e7\u00e3o do certame licitat\u00f3rio para a CONTRATA\u00c7\u00c3O DE APRESENTA\u00c7\u00c3O DE UM SHOW ART\u00cdSTICO AO VIVO DE (TETE PESSOA \u2013 CIRCUITO MUSICAL) PARA O EVENTO FESTA DA PADROEIRA, CUJA APRESENTA\u00c7\u00c3O REALIZAR-SE-\u00c1 NO DIA 28 DE FEVEREIRO DE 2026, conforme especifica\u00e7\u00f5es e condi\u00e7\u00f5es previstas no Termo de Refer\u00eancia. Para a execu\u00e7\u00e3o dos servi\u00e7os objeto desta contrata\u00e7\u00e3o, a Prefeitura Municipal de Vila Flor\/RN pagar\u00e1 \u00e0 contratada a quantia de R$ 100.000,00\u00a0(Cem mil reais). A motiva\u00e7\u00e3o se d\u00e1 pela impossibilidade da realiza\u00e7\u00e3o de concorr\u00eancia em face da inexist\u00eancia de crit\u00e9rios objetivos para diferenciar as performances art\u00edsticas, nos termos do art. 74, inciso II, da Lei 14.133\/21. Contrata-se, portanto, a F. IVO DE MACEDO PRODU\u00c7\u00c3O DE EVENTOS E FESTAS LTDA, inscrita no CNPJ sob o n\u00ba 27.141.623\/0001-30 com sede na Alameda do Sol, no 16, sl.10, Parque das Na\u00e7\u00f5es, Parnamirim\/RN, CEP 59.158-780, fornecedor do servi\u00e7o em tela. A despesa decorrente com a presente contrata\u00e7\u00e3o correr\u00e1 no exerc\u00edcio de 2026\u00a0\u00e0 conta das Dota\u00e7\u00f5es Or\u00e7ament\u00e1rias: \u00d3rg\u00e3o: 20 Secretaria de Cultura, Esporte e Lazer; Gest\u00e3o\/Unidade:\u00a008.001 \u2013 Secretaria Municipal de Cultura, Esporte e Lazer; Projeto\/Atividade:\u00a0 2.048 \u2013 Promo\u00e7\u00f5es e Eventos Culturais; Classifica\u00e7\u00e3o Econ\u00f4mica:\u00a0 3.3.90.39.00 \u2013 Outros servi\u00e7os de Terceiros \u2013 Pessoa Jur\u00eddica; Subelemento: 3.3.90.39.23 \u2013 Festividades e Homenagens; Fonte de Recurso: 1500000000 \u2013 Recrusos n\u00e3o vinculados de Impostos.<\/p>\n<p>&nbsp;<\/p>\n<p><strong><b>RATIFICA\u00c7\u00c3O<\/b><\/strong><\/p>\n<p>Ante o exposto, tendo em vista os fundamentos apresentados e a regularidade formal do\u00a0<strong><b>Processo<\/b><\/strong><strong><b>\u00a0<\/b><\/strong><strong><b>Administrativo n\u00b0<\/b><\/strong><strong><b>\u00a013020002\/2026<\/b><\/strong>, bem como seu enquadramento legal, que fundamenta a Lei Federal n\u00ba14.133\/2021 e legisla\u00e7\u00e3o complementar e, ainda de conformidade com o resultado do presente certame,\u00a0usando das atribui\u00e7\u00f5es que nos s\u00e3o conferidas, a Prefeita Municipal de Vila Flor\/RN, atrav\u00e9s da Secretaria\u00a0Municipal de Cultura, Esporte e Lazer, no uso de suas atribui\u00e7\u00f5es legais e com base nas informa\u00e7\u00f5es constantes do\u00a0processo de licita\u00e7\u00e3o em ep\u00edgrafe, resolve\u00a0RATIFICAR\u00a0o\u00a0<strong><b>TERMO DE INEXIGIBILIDADE DE<\/b><\/strong><strong><b>\u00a0<\/b><\/strong><strong><b>LICITA\u00c7\u00c3O N\u00ba<\/b><\/strong><strong><b>\u00a0009\/2026<\/b><\/strong>,\u00a0para que este produza seus legais efeitos.<\/p>\n<p>Publique-se.<\/p>\n<p>Vila Flor\/RN, em 23 de fevereiro de 2026.<\/p>\n<p><strong><em><b><i>\u00a0<\/i><\/b><\/em><\/strong><em><i>\u00a0<\/i><\/em><\/p>\n<p>Thuanne Karla Carvalho de Souza<\/p>\n<p>Prefeita Municipal de Vila Flor\/RN<\/p>\n<p style=\"text-align: right;\"><strong>Publicado por:<\/strong><br \/>\nGRINALDO JOAQUIM DE SOUZA<br \/>\nSecret\u00e1rio Municipal de Administra\u00e7\u00e3o<br \/>\n<strong>C\u00f3digo Identificador:<\/strong>\u00a0Y71L308CZD<\/p>\n<div class=\"pdfprnt-buttons pdfprnt-buttons-post pdfprnt-bottom-right\"><a href=\"https:\/\/vilaflor.rn.gov.br\/transparencia\/wp-json\/wp\/v2\/posts\/4258?print=pdf\" class=\"pdfprnt-button pdfprnt-button-pdf\" target=\"_blank\"><img decoding=\"async\" src=\"https:\/\/vilaflor.rn.gov.br\/transparencia\/wp-content\/plugins\/pdf-print\/images\/pdf.png\" alt=\"image_pdf\" title=\"Baixar PDF\" \/><\/a><a href=\"https:\/\/vilaflor.rn.gov.br\/transparencia\/wp-json\/wp\/v2\/posts\/4258?print=print\" class=\"pdfprnt-button pdfprnt-button-print\" target=\"_blank\"><img decoding=\"async\" src=\"https:\/\/vilaflor.rn.gov.br\/transparencia\/wp-content\/plugins\/pdf-print\/images\/print.png\" alt=\"image_print\" title=\"Conte\u00fado de impress\u00e3o\" \/><\/a><\/div>","protected":false},"excerpt":{"rendered":"<p>ESTADO DO RIO GRANDE DO NORTE PREFEITURA MUNICIPAL DE VILA FLOR Foi declarada inexig\u00edvel a realiza\u00e7\u00e3o do certame licitat\u00f3rio para a CONTRATA\u00c7\u00c3O DE APRESENTA\u00c7\u00c3O DE UM SHOW ART\u00cdSTICO AO VIVO DE (TETE PESSOA \u2013 CIRCUITO MUSICAL) PARA O EVENTO FESTA DA PADROEIRA, CUJA APRESENTA\u00c7\u00c3O REALIZAR-SE-\u00c1 NO DIA 28 DE FEVEREIRO DE 2026, conforme especifica\u00e7\u00f5es e [&hellip;]<\/p>\n","protected":false},"author":1,"featured_media":0,"comment_status":"open","ping_status":"open","sticky":false,"template":"","format":"standard","meta":{"ocean_post_layout":"","ocean_both_sidebars_style":"","ocean_both_sidebars_content_width":0,"ocean_both_sidebars_sidebars_width":0,"ocean_sidebar":"0","ocean_second_sidebar":"0","ocean_disable_margins":"enable","ocean_add_body_class":"","ocean_shortcode_before_top_bar":"","ocean_shortcode_after_top_bar":"","ocean_shortcode_before_header":"","ocean_shortcode_after_header":"","ocean_has_shortcode":"","ocean_shortcode_after_title":"","ocean_shortcode_before_footer_widgets":"","ocean_shortcode_after_footer_widgets":"","ocean_shortcode_before_footer_bottom":"","ocean_shortcode_after_footer_bottom":"","ocean_display_top_bar":"default","ocean_display_header":"default","ocean_header_style":"","ocean_center_header_left_menu":"0","ocean_custom_header_template":"0","ocean_custom_logo":0,"ocean_custom_retina_logo":0,"ocean_custom_logo_max_width":0,"ocean_custom_logo_tablet_max_width":0,"ocean_custom_logo_mobile_max_width":0,"ocean_custom_logo_max_height":0,"ocean_custom_logo_tablet_max_height":0,"ocean_custom_logo_mobile_max_height":0,"ocean_header_custom_menu":"0","ocean_menu_typo_font_family":"0","ocean_menu_typo_font_subset":"","ocean_menu_typo_font_size":0,"ocean_menu_typo_font_size_tablet":0,"ocean_menu_typo_font_size_mobile":0,"ocean_menu_typo_font_size_unit":"px","ocean_menu_typo_font_weight":"","ocean_menu_typo_font_weight_tablet":"","ocean_menu_typo_font_weight_mobile":"","ocean_menu_typo_transform":"","ocean_menu_typo_transform_tablet":"","ocean_menu_typo_transform_mobile":"","ocean_menu_typo_line_height":0,"ocean_menu_typo_line_height_tablet":0,"ocean_menu_typo_line_height_mobile":0,"ocean_menu_typo_line_height_unit":"","ocean_menu_typo_spacing":0,"ocean_menu_typo_spacing_tablet":0,"ocean_menu_typo_spacing_mobile":0,"ocean_menu_typo_spacing_unit":"","ocean_menu_link_color":"","ocean_menu_link_color_hover":"","ocean_menu_link_color_active":"","ocean_menu_link_background":"","ocean_menu_link_hover_background":"","ocean_menu_link_active_background":"","ocean_menu_social_links_bg":"","ocean_menu_social_hover_links_bg":"","ocean_menu_social_links_color":"","ocean_menu_social_hover_links_color":"","ocean_disable_title":"default","ocean_disable_heading":"default","ocean_post_title":"","ocean_post_subheading":"","ocean_post_title_style":"","ocean_post_title_background_color":"","ocean_post_title_background":0,"ocean_post_title_bg_image_position":"","ocean_post_title_bg_image_attachment":"","ocean_post_title_bg_image_repeat":"","ocean_post_title_bg_image_size":"","ocean_post_title_height":0,"ocean_post_title_bg_overlay":0.5,"ocean_post_title_bg_overlay_color":"","ocean_disable_breadcrumbs":"default","ocean_breadcrumbs_color":"","ocean_breadcrumbs_separator_color":"","ocean_breadcrumbs_links_color":"","ocean_breadcrumbs_links_hover_color":"","ocean_display_footer_widgets":"default","ocean_display_footer_bottom":"default","ocean_custom_footer_template":"0","ocean_post_oembed":"","ocean_post_self_hosted_media":"","ocean_post_video_embed":"","ocean_link_format":"","ocean_link_format_target":"self","ocean_quote_format":"","ocean_quote_format_link":"post","ocean_gallery_link_images":"on","ocean_gallery_id":[],"footnotes":""},"categories":[12,74,4],"tags":[],"class_list":["post-4258","post","type-post","status-publish","format-standard","hentry","category-inexigibilidade","category-inexigibilidade-2026","category-licitacao","entry"],"_links":{"self":[{"href":"https:\/\/vilaflor.rn.gov.br\/transparencia\/wp-json\/wp\/v2\/posts\/4258","targetHints":{"allow":["GET"]}}],"collection":[{"href":"https:\/\/vilaflor.rn.gov.br\/transparencia\/wp-json\/wp\/v2\/posts"}],"about":[{"href":"https:\/\/vilaflor.rn.gov.br\/transparencia\/wp-json\/wp\/v2\/types\/post"}],"author":[{"embeddable":true,"href":"https:\/\/vilaflor.rn.gov.br\/transparencia\/wp-json\/wp\/v2\/users\/1"}],"replies":[{"embeddable":true,"href":"https:\/\/vilaflor.rn.gov.br\/transparencia\/wp-json\/wp\/v2\/comments?post=4258"}],"version-history":[{"count":1,"href":"https:\/\/vilaflor.rn.gov.br\/transparencia\/wp-json\/wp\/v2\/posts\/4258\/revisions"}],"predecessor-version":[{"id":4259,"href":"https:\/\/vilaflor.rn.gov.br\/transparencia\/wp-json\/wp\/v2\/posts\/4258\/revisions\/4259"}],"wp:attachment":[{"href":"https:\/\/vilaflor.rn.gov.br\/transparencia\/wp-json\/wp\/v2\/media?parent=4258"}],"wp:term":[{"taxonomy":"category","embeddable":true,"href":"https:\/\/vilaflor.rn.gov.br\/transparencia\/wp-json\/wp\/v2\/categories?post=4258"},{"taxonomy":"post_tag","embeddable":true,"href":"https:\/\/vilaflor.rn.gov.br\/transparencia\/wp-json\/wp\/v2\/tags?post=4258"}],"curies":[{"name":"wp","href":"https:\/\/api.w.org\/{rel}","templated":true}]}}