{"id":4246,"date":"2026-02-13T10:43:59","date_gmt":"2026-02-13T13:43:59","guid":{"rendered":"https:\/\/vilaflor.rn.gov.br\/transparencia\/?p=4246"},"modified":"2026-04-02T10:45:14","modified_gmt":"2026-04-02T13:45:14","slug":"termo-de-inexigibilidade-de-licitacao-n-008-2026","status":"publish","type":"post","link":"https:\/\/vilaflor.rn.gov.br\/transparencia\/termo-de-inexigibilidade-de-licitacao-n-008-2026\/","title":{"rendered":"TERMO DE INEXIGIBILIDADE DE LICITA\u00c7\u00c3O N\u00b0 008\/2026"},"content":{"rendered":"<p><strong>ESTADO DO RIO GRANDE DO NORTE<\/strong><br \/>\n<strong>PREFEITURA MUNICIPAL DE VILA FLOR<\/strong><\/p>\n<p>Fica dispensado da realiza\u00e7\u00e3o do certame licitat\u00f3rio para a Contrata\u00e7\u00e3o de pessoa jur\u00eddica para a realiza\u00e7\u00e3o da manuten\u00e7\u00e3o e revis\u00e3o de 1 (um) carro modelo Volkswagen SAVEIRO CS RB MF (Chassi 9BWKL4U8SP020936), com intuito de manter a garantia do bem e para atender as necessidades da Secretaria Municipal de Seguran\u00e7a P\u00fablica e Defesa Social. Declaro o interessado NACIONAL VEICULOS E SERVICOS LTDA, CNPJ sob o N\u00b0 04.770.238\/0001-57, como apto e atestado para a execu\u00e7\u00e3o do servi\u00e7o em tela. O servi\u00e7o ser\u00e1 realizado sob a responsabilidade e fiscaliza\u00e7\u00e3o desta Prefeitura Municipal. A motiva\u00e7\u00e3o se d\u00e1 pelo pequeno valor da contrata\u00e7\u00e3o R$ 5.462,23 (Cinco mil, quatrocentos e sessenta e dois reais e vinte e tr\u00eas centavos) e em face de not\u00f3rio interesse p\u00fablico na execu\u00e7\u00e3o das atividades desempenhadas pela Administra\u00e7\u00e3o Municipal. As despesas decorrentes desta contrata\u00e7\u00e3o est\u00e3o programadas em dota\u00e7\u00e3o or\u00e7ament\u00e1ria pr\u00f3pria, prevista no or\u00e7amento do Munic\u00edpio de Vila Flor\/RN, para o exerc\u00edcio de 2026, na classifica\u00e7\u00e3o a seguir: Unidade or\u00e7ament\u00e1ria: 15.001 \u2013 Secretaria Municipal de Seguran\u00e7a P\u00fablica e Defesa Social; Projeto\/Atividade: 2.109 \u2013 MANUTEN\u00c7\u00c3O DAS A\u00c7\u00d5ES DA SECRETARIA MUN. DE SEGURAN\u00c7A P\u00daBLICA E DEFESA SOCIAL; Natureza da Despesa: 3.3.90.39.00 \u2013 Outros Servi\u00e7os de Terceiros \u2013 Pessoa Jur\u00eddica; Fonte de Recursos: 15000000 \u2013 Recursos n\u00e3o vinculados de impostos;<\/p>\n<p><strong>RATIFICA\u00c7\u00c3O<\/strong><\/p>\n<p>Ante o exposto, tendo em vista os fundamentos apresentados e a regularidade formal do Processo Administrativo n\u00b0 05020001\/2026, bem como seu enquadramento legal, que fundamenta a Lei Federal n\u00ba 14.133\/2021 e legisla\u00e7\u00e3o complementar e, ainda de conformidade com o resultado do presente certame, usando das atribui\u00e7\u00f5es que nos s\u00e3o conferidas, a Prefeita Municipal de Vila Flor\/RN, atrav\u00e9s da Secretaria Municipal de Seguran\u00e7a P\u00fablica e Defesa Social, no uso de suas atribui\u00e7\u00f5es legais e com base nas informa\u00e7\u00f5es constantes do processo de licita\u00e7\u00e3o em ep\u00edgrafe, resolve\u00a0<strong>RATIFICAR<\/strong>\u00a0o\u00a0<strong>TERMO DE INEXIGIBILIDADE DE LICITA\u00c7\u00c3O N\u00ba 008\/2026,\u00a0<\/strong>para que este produza seus legais efeitos.<\/p>\n<p>Publique-se.<\/p>\n<p>&nbsp;<\/p>\n<p>Vila Flor\/RN, em 12 de fevereiro de 2026.<\/p>\n<p>&nbsp;<\/p>\n<p>_______________________________<\/p>\n<p>THUANNE KARLA CARVALHO DE SOUZA<\/p>\n<p><strong>Prefeita Municipal<\/strong><\/p>\n<p style=\"text-align: right;\"><strong>Publicado por:<\/strong><br \/>\nGRINALDO JOAQUIM DE SOUZA<br \/>\nSecret\u00e1rio Municipal de Administra\u00e7\u00e3o<br \/>\n<strong>C\u00f3digo Identificador:<\/strong>\u00a08S8IXY1MXB<\/p>\n<div class=\"pdfprnt-buttons pdfprnt-buttons-post pdfprnt-bottom-right\"><a href=\"https:\/\/vilaflor.rn.gov.br\/transparencia\/wp-json\/wp\/v2\/posts\/4246?print=pdf\" class=\"pdfprnt-button pdfprnt-button-pdf\" target=\"_blank\"><img decoding=\"async\" src=\"https:\/\/vilaflor.rn.gov.br\/transparencia\/wp-content\/plugins\/pdf-print\/images\/pdf.png\" alt=\"image_pdf\" title=\"Baixar PDF\" \/><\/a><a href=\"https:\/\/vilaflor.rn.gov.br\/transparencia\/wp-json\/wp\/v2\/posts\/4246?print=print\" class=\"pdfprnt-button pdfprnt-button-print\" target=\"_blank\"><img decoding=\"async\" src=\"https:\/\/vilaflor.rn.gov.br\/transparencia\/wp-content\/plugins\/pdf-print\/images\/print.png\" alt=\"image_print\" title=\"Conte\u00fado de impress\u00e3o\" \/><\/a><\/div>","protected":false},"excerpt":{"rendered":"<p>ESTADO DO RIO GRANDE DO NORTE PREFEITURA MUNICIPAL DE VILA FLOR Fica dispensado da realiza\u00e7\u00e3o do certame licitat\u00f3rio para a Contrata\u00e7\u00e3o de pessoa jur\u00eddica para a realiza\u00e7\u00e3o da manuten\u00e7\u00e3o e revis\u00e3o de 1 (um) carro modelo Volkswagen SAVEIRO CS RB MF (Chassi 9BWKL4U8SP020936), com intuito de manter a garantia do bem e para atender as [&hellip;]<\/p>\n","protected":false},"author":1,"featured_media":0,"comment_status":"open","ping_status":"open","sticky":false,"template":"","format":"standard","meta":{"ocean_post_layout":"","ocean_both_sidebars_style":"","ocean_both_sidebars_content_width":0,"ocean_both_sidebars_sidebars_width":0,"ocean_sidebar":"0","ocean_second_sidebar":"0","ocean_disable_margins":"enable","ocean_add_body_class":"","ocean_shortcode_before_top_bar":"","ocean_shortcode_after_top_bar":"","ocean_shortcode_before_header":"","ocean_shortcode_after_header":"","ocean_has_shortcode":"","ocean_shortcode_after_title":"","ocean_shortcode_before_footer_widgets":"","ocean_shortcode_after_footer_widgets":"","ocean_shortcode_before_footer_bottom":"","ocean_shortcode_after_footer_bottom":"","ocean_display_top_bar":"default","ocean_display_header":"default","ocean_header_style":"","ocean_center_header_left_menu":"0","ocean_custom_header_template":"0","ocean_custom_logo":0,"ocean_custom_retina_logo":0,"ocean_custom_logo_max_width":0,"ocean_custom_logo_tablet_max_width":0,"ocean_custom_logo_mobile_max_width":0,"ocean_custom_logo_max_height":0,"ocean_custom_logo_tablet_max_height":0,"ocean_custom_logo_mobile_max_height":0,"ocean_header_custom_menu":"0","ocean_menu_typo_font_family":"0","ocean_menu_typo_font_subset":"","ocean_menu_typo_font_size":0,"ocean_menu_typo_font_size_tablet":0,"ocean_menu_typo_font_size_mobile":0,"ocean_menu_typo_font_size_unit":"px","ocean_menu_typo_font_weight":"","ocean_menu_typo_font_weight_tablet":"","ocean_menu_typo_font_weight_mobile":"","ocean_menu_typo_transform":"","ocean_menu_typo_transform_tablet":"","ocean_menu_typo_transform_mobile":"","ocean_menu_typo_line_height":0,"ocean_menu_typo_line_height_tablet":0,"ocean_menu_typo_line_height_mobile":0,"ocean_menu_typo_line_height_unit":"","ocean_menu_typo_spacing":0,"ocean_menu_typo_spacing_tablet":0,"ocean_menu_typo_spacing_mobile":0,"ocean_menu_typo_spacing_unit":"","ocean_menu_link_color":"","ocean_menu_link_color_hover":"","ocean_menu_link_color_active":"","ocean_menu_link_background":"","ocean_menu_link_hover_background":"","ocean_menu_link_active_background":"","ocean_menu_social_links_bg":"","ocean_menu_social_hover_links_bg":"","ocean_menu_social_links_color":"","ocean_menu_social_hover_links_color":"","ocean_disable_title":"default","ocean_disable_heading":"default","ocean_post_title":"","ocean_post_subheading":"","ocean_post_title_style":"","ocean_post_title_background_color":"","ocean_post_title_background":0,"ocean_post_title_bg_image_position":"","ocean_post_title_bg_image_attachment":"","ocean_post_title_bg_image_repeat":"","ocean_post_title_bg_image_size":"","ocean_post_title_height":0,"ocean_post_title_bg_overlay":0.5,"ocean_post_title_bg_overlay_color":"","ocean_disable_breadcrumbs":"default","ocean_breadcrumbs_color":"","ocean_breadcrumbs_separator_color":"","ocean_breadcrumbs_links_color":"","ocean_breadcrumbs_links_hover_color":"","ocean_display_footer_widgets":"default","ocean_display_footer_bottom":"default","ocean_custom_footer_template":"0","ocean_post_oembed":"","ocean_post_self_hosted_media":"","ocean_post_video_embed":"","ocean_link_format":"","ocean_link_format_target":"self","ocean_quote_format":"","ocean_quote_format_link":"post","ocean_gallery_link_images":"on","ocean_gallery_id":[],"footnotes":""},"categories":[12,74,4],"tags":[],"class_list":["post-4246","post","type-post","status-publish","format-standard","hentry","category-inexigibilidade","category-inexigibilidade-2026","category-licitacao","entry"],"_links":{"self":[{"href":"https:\/\/vilaflor.rn.gov.br\/transparencia\/wp-json\/wp\/v2\/posts\/4246","targetHints":{"allow":["GET"]}}],"collection":[{"href":"https:\/\/vilaflor.rn.gov.br\/transparencia\/wp-json\/wp\/v2\/posts"}],"about":[{"href":"https:\/\/vilaflor.rn.gov.br\/transparencia\/wp-json\/wp\/v2\/types\/post"}],"author":[{"embeddable":true,"href":"https:\/\/vilaflor.rn.gov.br\/transparencia\/wp-json\/wp\/v2\/users\/1"}],"replies":[{"embeddable":true,"href":"https:\/\/vilaflor.rn.gov.br\/transparencia\/wp-json\/wp\/v2\/comments?post=4246"}],"version-history":[{"count":1,"href":"https:\/\/vilaflor.rn.gov.br\/transparencia\/wp-json\/wp\/v2\/posts\/4246\/revisions"}],"predecessor-version":[{"id":4247,"href":"https:\/\/vilaflor.rn.gov.br\/transparencia\/wp-json\/wp\/v2\/posts\/4246\/revisions\/4247"}],"wp:attachment":[{"href":"https:\/\/vilaflor.rn.gov.br\/transparencia\/wp-json\/wp\/v2\/media?parent=4246"}],"wp:term":[{"taxonomy":"category","embeddable":true,"href":"https:\/\/vilaflor.rn.gov.br\/transparencia\/wp-json\/wp\/v2\/categories?post=4246"},{"taxonomy":"post_tag","embeddable":true,"href":"https:\/\/vilaflor.rn.gov.br\/transparencia\/wp-json\/wp\/v2\/tags?post=4246"}],"curies":[{"name":"wp","href":"https:\/\/api.w.org\/{rel}","templated":true}]}}