{"id":4226,"date":"2025-12-01T10:01:04","date_gmt":"2025-12-01T13:01:04","guid":{"rendered":"https:\/\/vilaflor.rn.gov.br\/transparencia\/?p=4226"},"modified":"2026-04-02T10:01:55","modified_gmt":"2026-04-02T13:01:55","slug":"decreto-orcamentario-gab-no-023-2025-abre-credito-adicional-ao-vigente-orcamento-da-prefeitura-municipal-de-vila-flor-rn-no-valor-de-r-1-549-51033-um-milhao-quinhentos-e-quarenta-e-nove-mil","status":"publish","type":"post","link":"https:\/\/vilaflor.rn.gov.br\/transparencia\/decreto-orcamentario-gab-no-023-2025-abre-credito-adicional-ao-vigente-orcamento-da-prefeitura-municipal-de-vila-flor-rn-no-valor-de-r-1-549-51033-um-milhao-quinhentos-e-quarenta-e-nove-mil\/","title":{"rendered":"DECRETO OR\u00c7AMENT\u00c1RIO GAB.  N\u00ba 023\/2025 &#8211; Abre cr\u00e9dito adicional ao vigente or\u00e7amento da Prefeitura Municipal de Vila Flor\/RN, no valor de R$ 1.549.510,33  (Um milh\u00e3o, quinhentos e quarenta e nove mil e quinhentos e dez reais e trinta e tr\u00eas centavos), para refor\u00e7o de dota\u00e7\u00f5es or\u00e7ament\u00e1rias."},"content":{"rendered":"<p><strong>ESTADO DO RIO GRANDE DO NORTE<\/strong><br \/>\n<strong>PREFEITURA MUNICIPAL DE VILA FLOR<\/strong><\/p>\n<p>Abre cr\u00e9dito adicional ao vigente or\u00e7amento da Prefeitura Municipal de Vila Flor\/RN, no valor de R$ 1.549.510,33\u00a0 (Um milh\u00e3o, quinhentos e quarenta e nove mil e quinhentos e dez reais e trinta e tr\u00eas centavos), para refor\u00e7o de dota\u00e7\u00f5es or\u00e7ament\u00e1rias.<\/p>\n<p>A Prefeita do Munic\u00edpio de Vila Flor, Estado do Rio Grande do Norte, no uso de suas atribui\u00e7\u00f5es legais, nos termos do art. 43, inciso III, da Lei Federal n\u00ba 4.320, de 17 de mar\u00e7o de 1964 e na Lei Or\u00e7ament\u00e1ria vigente n\u00b0 468\/2024.<\/p>\n<p><strong>DECRETA:<\/strong><\/p>\n<p>Art. 1.\u00ba \u2013\u00a0Fica aberto, na forma do anexo I constante do presente instrumento, o cr\u00e9dito suplementar no valor de\u00a0R$ 1.549.510,33\u00a0 (Um milh\u00e3o, quinhentos e quarenta e nove mil e quinhentos e dez reais e trinta e tr\u00eas centavos), aos projetos atividade detalhados na tabela abaixo.<\/p>\n<p>Art. 2.\u00ba \u2013\u00a0Os recursos necess\u00e1rios \u00e0 cobertura do cr\u00e9dito mencionado no artigo primeiro deste instrumento ser\u00e3o obtidos na forma do Art. 43 da Lei n\u00b04.320, de 17 de mar\u00e7o de 1964, sendo:<\/p>\n<p>I \u2013\u00a02.172.128,69\u00a0(Dois milh\u00f5es, cento e setenta e dois mil, cento e vinte e oito reais e sessenta e nove centavos),\u00a0atrav\u00e9s de super\u00e1vit financeiro apurado no balan\u00e7o do exerc\u00edcio anterior, nos termos do art.43, par\u00e1grafo I, \u00a0da Lei Federal n\u00ba 4.320\/64.<\/p>\n<p>Art. 3.\u00ba\u00a0\u2013 Este Decreto entrar\u00e1 em vigor na data de sua publica\u00e7\u00e3o, revogadas as disposi\u00e7\u00f5es em contr\u00e1rio<\/p>\n<p>Vila Flor\/RN, 01 de dezembro de 2025.<\/p>\n<p>&nbsp;<\/p>\n<p>THUANE KARLA CARVALHO DE SOUZA<br \/>\n<strong>PREFEITO MUNICIPAL<\/strong>\u00a0<strong>\u00a0<\/strong><\/p>\n<h4>Anexo I<\/h4>\n<table width=\"100%\">\n<tbody>\n<tr>\n<td width=\"80%\"><strong>0301 \u2013 SEC. MUN. DE ADMINISTRA\u00c7\u00c3O<\/strong><\/td>\n<td width=\"20%\"><\/td>\n<\/tr>\n<tr>\n<td width=\"80%\"><strong>04.122.0021.2007 \u2013 MANUTEN\u00c7\u00c3O DAS A\u00c7\u00d5ES DA SECRETARIA MUNICIPAL DE ADMINISTRA\u00c7\u00c3O<\/strong><\/td>\n<td width=\"20%\"><\/td>\n<\/tr>\n<tr>\n<td width=\"80%\">3190130000 \u2013 Obriga\u00e7\u00f5es Patronais<\/td>\n<td width=\"20%\">69.747,81<\/td>\n<\/tr>\n<tr>\n<td width=\"80%\">25000000 \u2013 Recursos de impostos e transfer\u00eancias de impostos de livre aplica\u00e7\u00e3o.<\/td>\n<td width=\"20%\"><\/td>\n<\/tr>\n<tr>\n<td width=\"80%\"><strong>0301 \u2013 SEC. MUN. DE ADMINISTRA\u00c7\u00c3O<\/strong><\/td>\n<td width=\"20%\"><\/td>\n<\/tr>\n<tr>\n<td width=\"80%\"><strong>04.122.0021.2007 \u2013 MANUTEN\u00c7\u00c3O DAS A\u00c7\u00d5ES DA SECRETARIA MUNICIPAL DE ADMINISTRA\u00c7\u00c3O<\/strong><\/td>\n<td width=\"20%\"><\/td>\n<\/tr>\n<tr>\n<td width=\"80%\">3190110000 \u2013 Vencimentos e Vantagens Fixas \u2013 Pessoal Civil<\/td>\n<td width=\"20%\">507.727,47<\/td>\n<\/tr>\n<tr>\n<td width=\"80%\">25000000 \u2013 Recursos de impostos e transfer\u00eancias de impostos de livre aplica\u00e7\u00e3o.<\/td>\n<td width=\"20%\"><\/td>\n<\/tr>\n<tr>\n<td width=\"80%\"><strong>0301 \u2013 SEC. MUN. DE ADMINISTRA\u00c7\u00c3O<\/strong><\/td>\n<td width=\"20%\"><\/td>\n<\/tr>\n<tr>\n<td width=\"80%\"><strong>04.122.0021.2007 \u2013 MANUTEN\u00c7\u00c3O DAS A\u00c7\u00d5ES DA SECRETARIA MUNICIPAL DE ADMINISTRA\u00c7\u00c3O<\/strong><\/td>\n<td width=\"20%\"><\/td>\n<\/tr>\n<tr>\n<td width=\"80%\">3390390000 \u2013 Outros servi\u00e7os de terceiros (pessoa juridica)<\/td>\n<td width=\"20%\">3.827,15<\/td>\n<\/tr>\n<tr>\n<td width=\"80%\">25000000 \u2013 Recursos de impostos e transfer\u00eancias de impostos de livre aplica\u00e7\u00e3o.<\/td>\n<td width=\"20%\"><\/td>\n<\/tr>\n<tr>\n<td width=\"80%\"><strong>0301 \u2013 SEC. MUN. DE ADMINISTRA\u00c7\u00c3O<\/strong><\/td>\n<td width=\"20%\"><\/td>\n<\/tr>\n<tr>\n<td width=\"80%\"><strong>04.122.0021.2007 \u2013 MANUTEN\u00c7\u00c3O DAS A\u00c7\u00d5ES DA SECRETARIA MUNICIPAL DE ADMINISTRA\u00c7\u00c3O<\/strong><\/td>\n<td width=\"20%\"><\/td>\n<\/tr>\n<tr>\n<td width=\"80%\">4490520000 \u2013 Equipamentos e material permanente<\/td>\n<td width=\"20%\">905.000,00<\/td>\n<\/tr>\n<tr>\n<td width=\"80%\">25000000 \u2013 Recursos de impostos e transfer\u00eancias de impostos de livre aplica\u00e7\u00e3o.<\/td>\n<td width=\"20%\"><\/td>\n<\/tr>\n<tr>\n<td width=\"80%\"><strong>0301 \u2013 SEC. MUN. DE ADMINISTRA\u00c7\u00c3O<\/strong><\/td>\n<td width=\"20%\"><\/td>\n<\/tr>\n<tr>\n<td width=\"80%\"><strong>04.122.0021.2007 \u2013 MANUTEN\u00c7\u00c3O DAS A\u00c7\u00d5ES DA SECRETARIA MUNICIPAL DE ADMINISTRA\u00c7\u00c3O<\/strong><\/td>\n<td width=\"20%\"><\/td>\n<\/tr>\n<tr>\n<td width=\"80%\">3390300000 \u2013 Material de uso e consumo<\/td>\n<td width=\"20%\">30.000,00<\/td>\n<\/tr>\n<tr>\n<td width=\"80%\">25000000 \u2013 Recursos de impostos e transfer\u00eancias de impostos de livre aplica\u00e7\u00e3o.<\/td>\n<td width=\"20%\"><\/td>\n<\/tr>\n<tr>\n<td width=\"80%\"><strong>1201 \u2013 SEC. MUN. DE SERVI\u00c7OS URBANOS<\/strong><\/td>\n<td width=\"20%\"><\/td>\n<\/tr>\n<tr>\n<td width=\"80%\"><strong>15.452.0021.2100 \u2013 MANUTEN\u00c7\u00c3O DAS A\u00c7\u00d5ES DA SECRETARIA DE SERVI\u00c7OS URBANOS \u2013 SECRETARIA DE SERVI\u00c7OS URBANOS<\/strong><\/td>\n<td width=\"20%\"><\/td>\n<\/tr>\n<tr>\n<td width=\"80%\">3390390000 \u2013 Outros servi\u00e7os de terceiros (pessoa juridica)<\/td>\n<td width=\"20%\">28.900,00<\/td>\n<\/tr>\n<tr>\n<td width=\"80%\">25000000 \u2013 Recursos de impostos e transfer\u00eancias de impostos de livre aplica\u00e7\u00e3o.<\/td>\n<td width=\"20%\"><\/td>\n<\/tr>\n<tr>\n<td width=\"80%\"><strong>1501 \u2013 SEC. MUN. DE SEGURAN\u00c7A P\u00daBL.E DEFESA SOC.<\/strong><\/td>\n<td width=\"20%\"><\/td>\n<\/tr>\n<tr>\n<td width=\"80%\"><strong>06.181.0005.2109 \u2013 MANUTEN\u00c7\u00c3O DAS A\u00c7\u00d5ES DA SECRETARIA MUN. DE SEGURAN\u00c7A PP\u00daBLICA E DEFESA SOCIAL<\/strong><\/td>\n<td width=\"20%\"><\/td>\n<\/tr>\n<tr>\n<td width=\"80%\">3390300000 \u2013 Material de uso e consumo<\/td>\n<td width=\"20%\">102,00<\/td>\n<\/tr>\n<tr>\n<td width=\"80%\">25000000 \u2013 Recursos de impostos e transfer\u00eancias de impostos de livre aplica\u00e7\u00e3o.<\/td>\n<td width=\"20%\"><\/td>\n<\/tr>\n<tr>\n<td width=\"80%\"><strong>1502 \u2013 FUNDO MUNICIPAL DE SEGURAN\u00c7A P\u00daBLICA<\/strong><\/td>\n<td width=\"20%\"><\/td>\n<\/tr>\n<tr>\n<td width=\"80%\"><strong>06.181.0004.2110 \u2013 MANUTEN\u00c7\u00c3O DOS SERVI\u00c7OS DE SEGURAN\u00c7A P\u00daBLICA<\/strong><\/td>\n<td width=\"20%\"><\/td>\n<\/tr>\n<tr>\n<td width=\"80%\">3390300000 \u2013 Material de uso e consumo<\/td>\n<td width=\"20%\">4.205,90<\/td>\n<\/tr>\n<tr>\n<td width=\"80%\">25000000 \u2013 Recursos de impostos e transfer\u00eancias de impostos de livre aplica\u00e7\u00e3o.<\/td>\n<td width=\"20%\"><\/td>\n<\/tr>\n<tr>\n<td width=\"100%\"><\/td>\n<td><\/td>\n<\/tr>\n<tr>\n<td width=\"80%\"><strong>TOTAL<\/strong><\/td>\n<td width=\"20%\"><strong>1.549.510,33<\/strong><\/td>\n<\/tr>\n<\/tbody>\n<\/table>\n<p>&nbsp;<\/p>\n<p style=\"text-align: right;\"><strong>Publicado por:<\/strong><br \/>\nGRINALDO JOAQUIM DE SOUZA<br \/>\nSecret\u00e1rio Municipal de Administra\u00e7\u00e3o<br \/>\n<strong>C\u00f3digo Identificador:<\/strong>\u00a0QY53U2RPJX<\/p>\n<div class=\"pdfprnt-buttons pdfprnt-buttons-post pdfprnt-bottom-right\"><a href=\"https:\/\/vilaflor.rn.gov.br\/transparencia\/wp-json\/wp\/v2\/posts\/4226?print=pdf\" class=\"pdfprnt-button pdfprnt-button-pdf\" target=\"_blank\"><img decoding=\"async\" src=\"https:\/\/vilaflor.rn.gov.br\/transparencia\/wp-content\/plugins\/pdf-print\/images\/pdf.png\" alt=\"image_pdf\" title=\"Baixar PDF\" \/><\/a><a href=\"https:\/\/vilaflor.rn.gov.br\/transparencia\/wp-json\/wp\/v2\/posts\/4226?print=print\" class=\"pdfprnt-button pdfprnt-button-print\" target=\"_blank\"><img decoding=\"async\" src=\"https:\/\/vilaflor.rn.gov.br\/transparencia\/wp-content\/plugins\/pdf-print\/images\/print.png\" alt=\"image_print\" title=\"Conte\u00fado de impress\u00e3o\" \/><\/a><\/div>","protected":false},"excerpt":{"rendered":"<p>ESTADO DO RIO GRANDE DO NORTE PREFEITURA MUNICIPAL DE VILA FLOR Abre cr\u00e9dito adicional ao vigente or\u00e7amento da Prefeitura Municipal de Vila Flor\/RN, no valor de R$ 1.549.510,33\u00a0 (Um milh\u00e3o, quinhentos e quarenta e nove mil e quinhentos e dez reais e trinta e tr\u00eas centavos), para refor\u00e7o de dota\u00e7\u00f5es or\u00e7ament\u00e1rias. A Prefeita do Munic\u00edpio [&hellip;]<\/p>\n","protected":false},"author":1,"featured_media":0,"comment_status":"open","ping_status":"open","sticky":false,"template":"","format":"standard","meta":{"ocean_post_layout":"","ocean_both_sidebars_style":"","ocean_both_sidebars_content_width":0,"ocean_both_sidebars_sidebars_width":0,"ocean_sidebar":"0","ocean_second_sidebar":"0","ocean_disable_margins":"enable","ocean_add_body_class":"","ocean_shortcode_before_top_bar":"","ocean_shortcode_after_top_bar":"","ocean_shortcode_before_header":"","ocean_shortcode_after_header":"","ocean_has_shortcode":"","ocean_shortcode_after_title":"","ocean_shortcode_before_footer_widgets":"","ocean_shortcode_after_footer_widgets":"","ocean_shortcode_before_footer_bottom":"","ocean_shortcode_after_footer_bottom":"","ocean_display_top_bar":"default","ocean_display_header":"default","ocean_header_style":"","ocean_center_header_left_menu":"0","ocean_custom_header_template":"0","ocean_custom_logo":0,"ocean_custom_retina_logo":0,"ocean_custom_logo_max_width":0,"ocean_custom_logo_tablet_max_width":0,"ocean_custom_logo_mobile_max_width":0,"ocean_custom_logo_max_height":0,"ocean_custom_logo_tablet_max_height":0,"ocean_custom_logo_mobile_max_height":0,"ocean_header_custom_menu":"0","ocean_menu_typo_font_family":"0","ocean_menu_typo_font_subset":"","ocean_menu_typo_font_size":0,"ocean_menu_typo_font_size_tablet":0,"ocean_menu_typo_font_size_mobile":0,"ocean_menu_typo_font_size_unit":"px","ocean_menu_typo_font_weight":"","ocean_menu_typo_font_weight_tablet":"","ocean_menu_typo_font_weight_mobile":"","ocean_menu_typo_transform":"","ocean_menu_typo_transform_tablet":"","ocean_menu_typo_transform_mobile":"","ocean_menu_typo_line_height":0,"ocean_menu_typo_line_height_tablet":0,"ocean_menu_typo_line_height_mobile":0,"ocean_menu_typo_line_height_unit":"","ocean_menu_typo_spacing":0,"ocean_menu_typo_spacing_tablet":0,"ocean_menu_typo_spacing_mobile":0,"ocean_menu_typo_spacing_unit":"","ocean_menu_link_color":"","ocean_menu_link_color_hover":"","ocean_menu_link_color_active":"","ocean_menu_link_background":"","ocean_menu_link_hover_background":"","ocean_menu_link_active_background":"","ocean_menu_social_links_bg":"","ocean_menu_social_hover_links_bg":"","ocean_menu_social_links_color":"","ocean_menu_social_hover_links_color":"","ocean_disable_title":"default","ocean_disable_heading":"default","ocean_post_title":"","ocean_post_subheading":"","ocean_post_title_style":"","ocean_post_title_background_color":"","ocean_post_title_background":0,"ocean_post_title_bg_image_position":"","ocean_post_title_bg_image_attachment":"","ocean_post_title_bg_image_repeat":"","ocean_post_title_bg_image_size":"","ocean_post_title_height":0,"ocean_post_title_bg_overlay":0.5,"ocean_post_title_bg_overlay_color":"","ocean_disable_breadcrumbs":"default","ocean_breadcrumbs_color":"","ocean_breadcrumbs_separator_color":"","ocean_breadcrumbs_links_color":"","ocean_breadcrumbs_links_hover_color":"","ocean_display_footer_widgets":"default","ocean_display_footer_bottom":"default","ocean_custom_footer_template":"0","ocean_post_oembed":"","ocean_post_self_hosted_media":"","ocean_post_video_embed":"","ocean_link_format":"","ocean_link_format_target":"self","ocean_quote_format":"","ocean_quote_format_link":"post","ocean_gallery_link_images":"on","ocean_gallery_id":[],"footnotes":""},"categories":[20,22,16],"tags":[],"class_list":["post-4226","post","type-post","status-publish","format-standard","hentry","category-decretos","category-decretos-2025","category-legislacao","entry"],"_links":{"self":[{"href":"https:\/\/vilaflor.rn.gov.br\/transparencia\/wp-json\/wp\/v2\/posts\/4226","targetHints":{"allow":["GET"]}}],"collection":[{"href":"https:\/\/vilaflor.rn.gov.br\/transparencia\/wp-json\/wp\/v2\/posts"}],"about":[{"href":"https:\/\/vilaflor.rn.gov.br\/transparencia\/wp-json\/wp\/v2\/types\/post"}],"author":[{"embeddable":true,"href":"https:\/\/vilaflor.rn.gov.br\/transparencia\/wp-json\/wp\/v2\/users\/1"}],"replies":[{"embeddable":true,"href":"https:\/\/vilaflor.rn.gov.br\/transparencia\/wp-json\/wp\/v2\/comments?post=4226"}],"version-history":[{"count":1,"href":"https:\/\/vilaflor.rn.gov.br\/transparencia\/wp-json\/wp\/v2\/posts\/4226\/revisions"}],"predecessor-version":[{"id":4227,"href":"https:\/\/vilaflor.rn.gov.br\/transparencia\/wp-json\/wp\/v2\/posts\/4226\/revisions\/4227"}],"wp:attachment":[{"href":"https:\/\/vilaflor.rn.gov.br\/transparencia\/wp-json\/wp\/v2\/media?parent=4226"}],"wp:term":[{"taxonomy":"category","embeddable":true,"href":"https:\/\/vilaflor.rn.gov.br\/transparencia\/wp-json\/wp\/v2\/categories?post=4226"},{"taxonomy":"post_tag","embeddable":true,"href":"https:\/\/vilaflor.rn.gov.br\/transparencia\/wp-json\/wp\/v2\/tags?post=4226"}],"curies":[{"name":"wp","href":"https:\/\/api.w.org\/{rel}","templated":true}]}}