{"id":4208,"date":"2026-02-06T09:48:22","date_gmt":"2026-02-06T12:48:22","guid":{"rendered":"https:\/\/vilaflor.rn.gov.br\/transparencia\/?p=4208"},"modified":"2026-04-02T09:49:14","modified_gmt":"2026-04-02T12:49:14","slug":"lei-ordinaria-municipal-no-496-2026-dispoe-sobre-a-elevacao-do-piso-salarial-do-magisterio-da-educacao-basica-altera-o-orcamento-municipal-quanto-aos-creditos-adicionais-e-da-outras-providencias","status":"publish","type":"post","link":"https:\/\/vilaflor.rn.gov.br\/transparencia\/lei-ordinaria-municipal-no-496-2026-dispoe-sobre-a-elevacao-do-piso-salarial-do-magisterio-da-educacao-basica-altera-o-orcamento-municipal-quanto-aos-creditos-adicionais-e-da-outras-providencias\/","title":{"rendered":"Lei Ordin\u00e1ria Municipal n\u00ba 496\/2026 &#8211; Disp\u00f5e sobre a eleva\u00e7\u00e3o do piso salarial do magist\u00e9rio da educa\u00e7\u00e3o b\u00e1sica, altera o or\u00e7amento municipal quanto aos cr\u00e9ditos adicionais, e d\u00e1 outras provid\u00eancias."},"content":{"rendered":"<p><strong>ESTADO DO RIO GRANDE DO NORTE<\/strong><br \/>\n<strong>PREFEITURA MUNICIPAL DE VILA FLOR<\/strong><\/p>\n<p><em>Disp\u00f5e sobre a eleva\u00e7\u00e3o do piso salarial do magist\u00e9rio da educa\u00e7\u00e3o b\u00e1sica, altera o or\u00e7amento municipal quanto aos cr\u00e9ditos adicionais, e d\u00e1 outras provid\u00eancias.<\/em><\/p>\n<p><em>\u00a0<\/em><\/p>\n<p><em>\u00a0<\/em><\/p>\n<p>A Prefeita Municipal de Vila Flor\/RN:<\/p>\n<p>Faz saber que a C\u00e2mara Municipal aprova e Ele sanciona a seguinte Lei.<\/p>\n<p><strong>Art. 1\u00ba\u00a0<\/strong>\u2013 Fica o Poder Executivo Municipal de Vila Flor\/RN, autorizado a reajustar o valor do piso salarial do magist\u00e9rio da educa\u00e7\u00e3o b\u00e1sica municipal, seguindo a carga hor\u00e1ria local, em mais 5,4% (Cinco v\u00edrgula quatro d\u00e9cimos por cento).<\/p>\n<p><strong>Art. 2\u00ba\u00a0<\/strong>\u2013 Os gastos ora majorados correr\u00e3o por conta dos recursos do Fundo de Manuten\u00e7\u00e3o e Desenvolvimento da Educa\u00e7\u00e3o B\u00e1sica e de Valoriza\u00e7\u00e3o dos Profissionais da Educa\u00e7\u00e3o\/Fundeb, atrav\u00e9s da sua cota-parte do Fundeb 70%.<\/p>\n<p><strong>Par\u00e1grafo \u00danico\u00a0<\/strong>\u2013 Havendo insufici\u00eancia de recursos na fonte financeira indicada no\u00a0<em>caput,\u00a0<\/em>a administra\u00e7\u00e3o poder\u00e1 alocar recursos da cota parte do Fundeb 30%, do Fundeb\/VAAT e outras fontes de receitas pr\u00f3prias para custeio das despesas ora majoradas.<\/p>\n<p>&nbsp;<\/p>\n<p><strong>Art. 3\u00ba\u00a0<\/strong>\u2013 Fica o Executivo Municipal autorizado a proceder no corrente ano, a abertura de novos cr\u00e9ditos adicionais suplementares em mais 5,4% (Cinco v\u00edrgula quatro d\u00e9cimos por cento) das despesas or\u00e7ament\u00e1rias anuais.<\/p>\n<p>&nbsp;<\/p>\n<p><strong>Art. 4\u00ba\u00a0<\/strong>\u2013 Esta Lei entra em vigor a partir de sua publica\u00e7\u00e3o, retroagindo seus a 1\u00ba de janeiro de 2026.<\/p>\n<p>&nbsp;<\/p>\n<p><strong>Art. 5\u00ba.\u00a0<\/strong>\u2013 Revogam-se as disposi\u00e7\u00f5es em contr\u00e1rio.<\/p>\n<p>&nbsp;<\/p>\n<p>Vila Flor\/RN, 05 de fevereiro de 2026.<\/p>\n<p>&nbsp;<\/p>\n<p>&nbsp;<\/p>\n<p><strong>Thuanne<\/strong>\u00a0<strong>Karla<\/strong>\u00a0<strong>Carvalho<\/strong>\u00a0<strong>de<\/strong>\u00a0<strong>Souza<\/strong><\/p>\n<p><strong>Prefeita Municipal<\/strong><\/p>\n<p style=\"text-align: right;\"><strong>Publicado por:<\/strong><br \/>\nGRINALDO JOAQUIM DE SOUZA<br \/>\nSecret\u00e1rio Municipal de Administra\u00e7\u00e3o<br \/>\n<strong>C\u00f3digo Identificador:<\/strong>\u00a031ZHOHML23<\/p>\n<div class=\"pdfprnt-buttons pdfprnt-buttons-post pdfprnt-bottom-right\"><a href=\"https:\/\/vilaflor.rn.gov.br\/transparencia\/wp-json\/wp\/v2\/posts\/4208?print=pdf\" class=\"pdfprnt-button pdfprnt-button-pdf\" target=\"_blank\"><img decoding=\"async\" src=\"https:\/\/vilaflor.rn.gov.br\/transparencia\/wp-content\/plugins\/pdf-print\/images\/pdf.png\" alt=\"image_pdf\" title=\"Baixar PDF\" \/><\/a><a href=\"https:\/\/vilaflor.rn.gov.br\/transparencia\/wp-json\/wp\/v2\/posts\/4208?print=print\" class=\"pdfprnt-button pdfprnt-button-print\" target=\"_blank\"><img decoding=\"async\" src=\"https:\/\/vilaflor.rn.gov.br\/transparencia\/wp-content\/plugins\/pdf-print\/images\/print.png\" alt=\"image_print\" title=\"Conte\u00fado de impress\u00e3o\" \/><\/a><\/div>","protected":false},"excerpt":{"rendered":"<p>ESTADO DO RIO GRANDE DO NORTE PREFEITURA MUNICIPAL DE VILA FLOR Disp\u00f5e sobre a eleva\u00e7\u00e3o do piso salarial do magist\u00e9rio da educa\u00e7\u00e3o b\u00e1sica, altera o or\u00e7amento municipal quanto aos cr\u00e9ditos adicionais, e d\u00e1 outras provid\u00eancias. \u00a0 \u00a0 A Prefeita Municipal de Vila Flor\/RN: Faz saber que a C\u00e2mara Municipal aprova e Ele sanciona a seguinte [&hellip;]<\/p>\n","protected":false},"author":1,"featured_media":0,"comment_status":"open","ping_status":"open","sticky":false,"template":"","format":"standard","meta":{"ocean_post_layout":"","ocean_both_sidebars_style":"","ocean_both_sidebars_content_width":0,"ocean_both_sidebars_sidebars_width":0,"ocean_sidebar":"0","ocean_second_sidebar":"0","ocean_disable_margins":"enable","ocean_add_body_class":"","ocean_shortcode_before_top_bar":"","ocean_shortcode_after_top_bar":"","ocean_shortcode_before_header":"","ocean_shortcode_after_header":"","ocean_has_shortcode":"","ocean_shortcode_after_title":"","ocean_shortcode_before_footer_widgets":"","ocean_shortcode_after_footer_widgets":"","ocean_shortcode_before_footer_bottom":"","ocean_shortcode_after_footer_bottom":"","ocean_display_top_bar":"default","ocean_display_header":"default","ocean_header_style":"","ocean_center_header_left_menu":"0","ocean_custom_header_template":"0","ocean_custom_logo":0,"ocean_custom_retina_logo":0,"ocean_custom_logo_max_width":0,"ocean_custom_logo_tablet_max_width":0,"ocean_custom_logo_mobile_max_width":0,"ocean_custom_logo_max_height":0,"ocean_custom_logo_tablet_max_height":0,"ocean_custom_logo_mobile_max_height":0,"ocean_header_custom_menu":"0","ocean_menu_typo_font_family":"0","ocean_menu_typo_font_subset":"","ocean_menu_typo_font_size":0,"ocean_menu_typo_font_size_tablet":0,"ocean_menu_typo_font_size_mobile":0,"ocean_menu_typo_font_size_unit":"px","ocean_menu_typo_font_weight":"","ocean_menu_typo_font_weight_tablet":"","ocean_menu_typo_font_weight_mobile":"","ocean_menu_typo_transform":"","ocean_menu_typo_transform_tablet":"","ocean_menu_typo_transform_mobile":"","ocean_menu_typo_line_height":0,"ocean_menu_typo_line_height_tablet":0,"ocean_menu_typo_line_height_mobile":0,"ocean_menu_typo_line_height_unit":"","ocean_menu_typo_spacing":0,"ocean_menu_typo_spacing_tablet":0,"ocean_menu_typo_spacing_mobile":0,"ocean_menu_typo_spacing_unit":"","ocean_menu_link_color":"","ocean_menu_link_color_hover":"","ocean_menu_link_color_active":"","ocean_menu_link_background":"","ocean_menu_link_hover_background":"","ocean_menu_link_active_background":"","ocean_menu_social_links_bg":"","ocean_menu_social_hover_links_bg":"","ocean_menu_social_links_color":"","ocean_menu_social_hover_links_color":"","ocean_disable_title":"default","ocean_disable_heading":"default","ocean_post_title":"","ocean_post_subheading":"","ocean_post_title_style":"","ocean_post_title_background_color":"","ocean_post_title_background":0,"ocean_post_title_bg_image_position":"","ocean_post_title_bg_image_attachment":"","ocean_post_title_bg_image_repeat":"","ocean_post_title_bg_image_size":"","ocean_post_title_height":0,"ocean_post_title_bg_overlay":0.5,"ocean_post_title_bg_overlay_color":"","ocean_disable_breadcrumbs":"default","ocean_breadcrumbs_color":"","ocean_breadcrumbs_separator_color":"","ocean_breadcrumbs_links_color":"","ocean_breadcrumbs_links_hover_color":"","ocean_display_footer_widgets":"default","ocean_display_footer_bottom":"default","ocean_custom_footer_template":"0","ocean_post_oembed":"","ocean_post_self_hosted_media":"","ocean_post_video_embed":"","ocean_link_format":"","ocean_link_format_target":"self","ocean_quote_format":"","ocean_quote_format_link":"post","ocean_gallery_link_images":"on","ocean_gallery_id":[],"footnotes":""},"categories":[16,17,77],"tags":[],"class_list":["post-4208","post","type-post","status-publish","format-standard","hentry","category-legislacao","category-leis-municipais","category-leis-municipais-2026","entry"],"_links":{"self":[{"href":"https:\/\/vilaflor.rn.gov.br\/transparencia\/wp-json\/wp\/v2\/posts\/4208","targetHints":{"allow":["GET"]}}],"collection":[{"href":"https:\/\/vilaflor.rn.gov.br\/transparencia\/wp-json\/wp\/v2\/posts"}],"about":[{"href":"https:\/\/vilaflor.rn.gov.br\/transparencia\/wp-json\/wp\/v2\/types\/post"}],"author":[{"embeddable":true,"href":"https:\/\/vilaflor.rn.gov.br\/transparencia\/wp-json\/wp\/v2\/users\/1"}],"replies":[{"embeddable":true,"href":"https:\/\/vilaflor.rn.gov.br\/transparencia\/wp-json\/wp\/v2\/comments?post=4208"}],"version-history":[{"count":1,"href":"https:\/\/vilaflor.rn.gov.br\/transparencia\/wp-json\/wp\/v2\/posts\/4208\/revisions"}],"predecessor-version":[{"id":4209,"href":"https:\/\/vilaflor.rn.gov.br\/transparencia\/wp-json\/wp\/v2\/posts\/4208\/revisions\/4209"}],"wp:attachment":[{"href":"https:\/\/vilaflor.rn.gov.br\/transparencia\/wp-json\/wp\/v2\/media?parent=4208"}],"wp:term":[{"taxonomy":"category","embeddable":true,"href":"https:\/\/vilaflor.rn.gov.br\/transparencia\/wp-json\/wp\/v2\/categories?post=4208"},{"taxonomy":"post_tag","embeddable":true,"href":"https:\/\/vilaflor.rn.gov.br\/transparencia\/wp-json\/wp\/v2\/tags?post=4208"}],"curies":[{"name":"wp","href":"https:\/\/api.w.org\/{rel}","templated":true}]}}