{"id":4206,"date":"2026-02-06T09:47:43","date_gmt":"2026-02-06T12:47:43","guid":{"rendered":"https:\/\/vilaflor.rn.gov.br\/transparencia\/?p=4206"},"modified":"2026-04-02T09:48:16","modified_gmt":"2026-04-02T12:48:16","slug":"extrato-de-contrato-n-011-2026-inexigibilidade-de-licitacao-n-007-2026","status":"publish","type":"post","link":"https:\/\/vilaflor.rn.gov.br\/transparencia\/extrato-de-contrato-n-011-2026-inexigibilidade-de-licitacao-n-007-2026\/","title":{"rendered":"EXTRATO DE CONTRATO N\u00b0 011\/2026 INEXIGIBILIDADE DE LICITA\u00c7\u00c3O N\u00b0 007\/2026"},"content":{"rendered":"<p><strong>ESTADO DO RIO GRANDE DO NORTE<\/strong><br \/>\n<strong>PREFEITURA MUNICIPAL DE VILA FLOR<\/strong><\/p>\n<p><strong>CONTRATANTE<\/strong>: Munic\u00edpio de Vila Flor\/ Prefeitura Municipal<\/p>\n<p><strong>CONTRATADA<\/strong>:\u00a0<strong>SISTEMA INTEGRADO DE FERRAMENTAS P\u00daBLICAS LTDA<\/strong><\/p>\n<p><strong>MODALIDADE<\/strong>: Inexigibilidade de Licita\u00e7\u00e3o n\u00b0 007\/2026<\/p>\n<p><strong>OBJETO<\/strong>: CONTRATA\u00c7\u00c3O DE PESSOA JUR\u00cdDICA ESPECIALIZADA PARA PRESTAR OS SERVI\u00c7OS COM A CAPACITA\u00c7\u00c3O E TREINAMENTO A SERVIDORES DA PREFEITURA MUNICIPAL PARA OPERA\u00c7\u00c3O E ALIMENTA\u00c7\u00c3O DAS PLATAFORMAS E-SIC E PORTAL DA TRANSPAR\u00caNCIA EM OBEDI\u00caNCIA AS LEIS FEDERAL N\u00ba 131\/2009 E 12.527\/2011 DE ACESSO AS INFORMA\u00c7\u00d5ES E TRANSPAR\u00caNCIAS, CONFORME SOLICITA\u00c7\u00c3O DA SECRETARIA MUNICIPAL DE ADMINISTRA\u00c7\u00c3O.<\/p>\n<p><strong>VALOR MENSAL ESTIMADO<\/strong>: R$ 5.500,00 (Cinco mil e quinhentos reais)<\/p>\n<p><strong>DATA DE ASSINATURA<\/strong>: 04 de fevereiro de 2026<\/p>\n<p><strong>VIG\u00caNCIA<\/strong>: 04 de fevereiro de 2026 a 05 de fevereiro de 2027.<\/p>\n<p><strong>FUNDAMENTO LEGAL<\/strong>: Art. 74, Inciso III, \u201cc\u201d, da Lei n\u00ba 14.133\/21.<\/p>\n<p><strong>DOTA\u00c7\u00c3O OR\u00c7AMENT\u00c1RIA:<\/strong><\/p>\n<p><strong>\u00a0<\/strong><\/p>\n<p>Unidade gestora: \u00a0\u00a0\u00a0\u00a0\u00a0\u00a0\u00a0\u00a0\u00a0\u00a0\u00a0\u00a0\u00a0\u00a0\u00a0\u00a0\u00a0\u00a0 PREFEITURA MUNICIPAL DE VILA FLOR;<\/p>\n<p>Unidade or\u00e7ament\u00e1ria: \u00a0\u00a0\u00a0\u00a0\u00a0\u00a0\u00a0\u00a0\u00a0 03.001 \u2013 Secretaria Municipal de Administra\u00e7\u00e3o<\/p>\n<p>Projeto\/Atividade: \u00a0\u00a0\u00a0\u00a0\u00a0\u00a0\u00a0\u00a0\u00a0\u00a0\u00a0\u00a0\u00a0\u00a0\u00a0\u00a0 2.007 \u2013 Manuten\u00e7\u00e3o das A\u00e7\u00f5es da Secretaria Municipal de Administra\u00e7\u00e3o<\/p>\n<p>Natureza da Despesa: \u00a0\u00a0\u00a0\u00a0\u00a0\u00a0\u00a0\u00a0\u00a0\u00a0\u00a0\u00a0\u00a0\u00a0\u00a0\u00a0\u00a0\u00a0\u00a0\u00a0\u00a0\u00a0 3.3.90.39.00 \u2013 Outros Servi\u00e7os de Terceiros \u2013 Pessoa Jur\u00eddica<\/p>\n<p>Fonte de Recursos: \u00a0\u00a0\u00a0\u00a0\u00a0\u00a0\u00a0\u00a0\u00a0\u00a0\u00a0\u00a0\u00a0\u00a0\u00a0 15000000 \u2013 Recursos n\u00e3o vinculados de impostos<\/p>\n<p style=\"text-align: right;\"><strong>Publicado por:<\/strong><br \/>\nGRINALDO JOAQUIM DE SOUZA<br \/>\nSecret\u00e1rio Municipal de Administra\u00e7\u00e3o<br \/>\n<strong>C\u00f3digo Identificador:<\/strong>\u00a0QUDUW2NF0X<\/p>\n<div class=\"pdfprnt-buttons pdfprnt-buttons-post pdfprnt-bottom-right\"><a href=\"https:\/\/vilaflor.rn.gov.br\/transparencia\/wp-json\/wp\/v2\/posts\/4206?print=pdf\" class=\"pdfprnt-button pdfprnt-button-pdf\" target=\"_blank\"><img decoding=\"async\" src=\"https:\/\/vilaflor.rn.gov.br\/transparencia\/wp-content\/plugins\/pdf-print\/images\/pdf.png\" alt=\"image_pdf\" title=\"Baixar PDF\" \/><\/a><a href=\"https:\/\/vilaflor.rn.gov.br\/transparencia\/wp-json\/wp\/v2\/posts\/4206?print=print\" class=\"pdfprnt-button pdfprnt-button-print\" target=\"_blank\"><img decoding=\"async\" src=\"https:\/\/vilaflor.rn.gov.br\/transparencia\/wp-content\/plugins\/pdf-print\/images\/print.png\" alt=\"image_print\" title=\"Conte\u00fado de impress\u00e3o\" \/><\/a><\/div>","protected":false},"excerpt":{"rendered":"<p>ESTADO DO RIO GRANDE DO NORTE PREFEITURA MUNICIPAL DE VILA FLOR CONTRATANTE: Munic\u00edpio de Vila Flor\/ Prefeitura Municipal CONTRATADA:\u00a0SISTEMA INTEGRADO DE FERRAMENTAS P\u00daBLICAS LTDA MODALIDADE: Inexigibilidade de Licita\u00e7\u00e3o n\u00b0 007\/2026 OBJETO: CONTRATA\u00c7\u00c3O DE PESSOA JUR\u00cdDICA ESPECIALIZADA PARA PRESTAR OS SERVI\u00c7OS COM A CAPACITA\u00c7\u00c3O E TREINAMENTO A SERVIDORES DA PREFEITURA MUNICIPAL PARA OPERA\u00c7\u00c3O E ALIMENTA\u00c7\u00c3O DAS [&hellip;]<\/p>\n","protected":false},"author":1,"featured_media":0,"comment_status":"open","ping_status":"open","sticky":false,"template":"","format":"standard","meta":{"ocean_post_layout":"","ocean_both_sidebars_style":"","ocean_both_sidebars_content_width":0,"ocean_both_sidebars_sidebars_width":0,"ocean_sidebar":"0","ocean_second_sidebar":"0","ocean_disable_margins":"enable","ocean_add_body_class":"","ocean_shortcode_before_top_bar":"","ocean_shortcode_after_top_bar":"","ocean_shortcode_before_header":"","ocean_shortcode_after_header":"","ocean_has_shortcode":"","ocean_shortcode_after_title":"","ocean_shortcode_before_footer_widgets":"","ocean_shortcode_after_footer_widgets":"","ocean_shortcode_before_footer_bottom":"","ocean_shortcode_after_footer_bottom":"","ocean_display_top_bar":"default","ocean_display_header":"default","ocean_header_style":"","ocean_center_header_left_menu":"0","ocean_custom_header_template":"0","ocean_custom_logo":0,"ocean_custom_retina_logo":0,"ocean_custom_logo_max_width":0,"ocean_custom_logo_tablet_max_width":0,"ocean_custom_logo_mobile_max_width":0,"ocean_custom_logo_max_height":0,"ocean_custom_logo_tablet_max_height":0,"ocean_custom_logo_mobile_max_height":0,"ocean_header_custom_menu":"0","ocean_menu_typo_font_family":"0","ocean_menu_typo_font_subset":"","ocean_menu_typo_font_size":0,"ocean_menu_typo_font_size_tablet":0,"ocean_menu_typo_font_size_mobile":0,"ocean_menu_typo_font_size_unit":"px","ocean_menu_typo_font_weight":"","ocean_menu_typo_font_weight_tablet":"","ocean_menu_typo_font_weight_mobile":"","ocean_menu_typo_transform":"","ocean_menu_typo_transform_tablet":"","ocean_menu_typo_transform_mobile":"","ocean_menu_typo_line_height":0,"ocean_menu_typo_line_height_tablet":0,"ocean_menu_typo_line_height_mobile":0,"ocean_menu_typo_line_height_unit":"","ocean_menu_typo_spacing":0,"ocean_menu_typo_spacing_tablet":0,"ocean_menu_typo_spacing_mobile":0,"ocean_menu_typo_spacing_unit":"","ocean_menu_link_color":"","ocean_menu_link_color_hover":"","ocean_menu_link_color_active":"","ocean_menu_link_background":"","ocean_menu_link_hover_background":"","ocean_menu_link_active_background":"","ocean_menu_social_links_bg":"","ocean_menu_social_hover_links_bg":"","ocean_menu_social_links_color":"","ocean_menu_social_hover_links_color":"","ocean_disable_title":"default","ocean_disable_heading":"default","ocean_post_title":"","ocean_post_subheading":"","ocean_post_title_style":"","ocean_post_title_background_color":"","ocean_post_title_background":0,"ocean_post_title_bg_image_position":"","ocean_post_title_bg_image_attachment":"","ocean_post_title_bg_image_repeat":"","ocean_post_title_bg_image_size":"","ocean_post_title_height":0,"ocean_post_title_bg_overlay":0.5,"ocean_post_title_bg_overlay_color":"","ocean_disable_breadcrumbs":"default","ocean_breadcrumbs_color":"","ocean_breadcrumbs_separator_color":"","ocean_breadcrumbs_links_color":"","ocean_breadcrumbs_links_hover_color":"","ocean_display_footer_widgets":"default","ocean_display_footer_bottom":"default","ocean_custom_footer_template":"0","ocean_post_oembed":"","ocean_post_self_hosted_media":"","ocean_post_video_embed":"","ocean_link_format":"","ocean_link_format_target":"self","ocean_quote_format":"","ocean_quote_format_link":"post","ocean_gallery_link_images":"on","ocean_gallery_id":[],"footnotes":""},"categories":[58,75,4],"tags":[],"class_list":["post-4206","post","type-post","status-publish","format-standard","hentry","category-contratos","category-contratos-2026","category-licitacao","entry"],"_links":{"self":[{"href":"https:\/\/vilaflor.rn.gov.br\/transparencia\/wp-json\/wp\/v2\/posts\/4206","targetHints":{"allow":["GET"]}}],"collection":[{"href":"https:\/\/vilaflor.rn.gov.br\/transparencia\/wp-json\/wp\/v2\/posts"}],"about":[{"href":"https:\/\/vilaflor.rn.gov.br\/transparencia\/wp-json\/wp\/v2\/types\/post"}],"author":[{"embeddable":true,"href":"https:\/\/vilaflor.rn.gov.br\/transparencia\/wp-json\/wp\/v2\/users\/1"}],"replies":[{"embeddable":true,"href":"https:\/\/vilaflor.rn.gov.br\/transparencia\/wp-json\/wp\/v2\/comments?post=4206"}],"version-history":[{"count":1,"href":"https:\/\/vilaflor.rn.gov.br\/transparencia\/wp-json\/wp\/v2\/posts\/4206\/revisions"}],"predecessor-version":[{"id":4207,"href":"https:\/\/vilaflor.rn.gov.br\/transparencia\/wp-json\/wp\/v2\/posts\/4206\/revisions\/4207"}],"wp:attachment":[{"href":"https:\/\/vilaflor.rn.gov.br\/transparencia\/wp-json\/wp\/v2\/media?parent=4206"}],"wp:term":[{"taxonomy":"category","embeddable":true,"href":"https:\/\/vilaflor.rn.gov.br\/transparencia\/wp-json\/wp\/v2\/categories?post=4206"},{"taxonomy":"post_tag","embeddable":true,"href":"https:\/\/vilaflor.rn.gov.br\/transparencia\/wp-json\/wp\/v2\/tags?post=4206"}],"curies":[{"name":"wp","href":"https:\/\/api.w.org\/{rel}","templated":true}]}}