{"id":4180,"date":"2026-01-23T09:33:17","date_gmt":"2026-01-23T12:33:17","guid":{"rendered":"https:\/\/vilaflor.rn.gov.br\/transparencia\/?p=4180"},"modified":"2026-04-02T09:33:57","modified_gmt":"2026-04-02T12:33:57","slug":"primeiro-termo-aditivo-ao-contrato-administrativo-no-003-2025-dispensa-de-licitacao-no-001-2025","status":"publish","type":"post","link":"https:\/\/vilaflor.rn.gov.br\/transparencia\/primeiro-termo-aditivo-ao-contrato-administrativo-no-003-2025-dispensa-de-licitacao-no-001-2025\/","title":{"rendered":"PRIMEIRO TERMO ADITIVO AO CONTRATO ADMINISTRATIVO N\u00ba 003\/2025 DISPENSA DE LICITA\u00c7\u00c3O N\u00ba 001\/2025"},"content":{"rendered":"<p><strong>ESTADO DO RIO GRANDE DO NORTE<\/strong><br \/>\n<strong>PREFEITURA MUNICIPAL DE VILA FLOR<\/strong><\/p>\n<p>A PREFEITURA MUNICIPAL DE VILA FLOR, inscrito(a) no CNPJ sob o n\u00ba 08.169.278\/0001-07, com sede na RUA JOSE CALAZANS, 169, CENTRO, VILA FLOR\/RN, CEP 59.192-000 representado por THUANNE KARLA CARVALHO DE SOUZA, PREFEITA MUNICIPAL, doravante denominado(a) CONTRATANTE, e a detentora \u00e9 a empresa F3C COMERCIO E SERVICOS LTDA, inscrita no CNPJ sob o n\u00ba 23.984.553.0001-21, com sede no Av. Maria Lacerda Montenegro, n\u00ba 1962 \u2013 Nova Parnamirim \u2013 CEP: 59.152-600, tendo em vista o que consta no Processo n\u00ba 02010002\/2025 e em observ\u00e2ncia \u00e0s disposi\u00e7\u00f5es da Lei n\u00ba 14.133, de 1\u00ba de abril de 2021, e demais legisla\u00e7\u00e3o aplic\u00e1vel, resolvem celebrar o presente Termo Aditivo ao Contrato n\u00ba 003\/2025, mediante as cl\u00e1usulas e condi\u00e7\u00f5es a seguir enunciadas:<br \/>\n1. CL\u00c1USULA PRIMEIRA \u2013 OBJETO<br \/>\n1.1. O presente termo aditivo tem por objeto a prorroga\u00e7\u00e3o do prazo de vig\u00eancia do Contrato por mais 12 (Doze) meses, a partir de 22 de janeiro de 2026 a 21 de janeiro de 2027, podendo ser prorrogado sucessivamente, respeitada a vig\u00eancia m\u00e1xima decenal, na forma do artigo 107 da Lei n\u00ba 14.133, de 2021<br \/>\n2. CL\u00c1USULA SEGUNDA \u2013 PRE\u00c7O<br \/>\n2.1. O CONTRATANTE pagar\u00e1 ao CONTRATADO pela execu\u00e7\u00e3o do objeto deste Contrato o valor global de R$ 60.915,00 (Sessenta mil, novecentos e quinze reais), conforme descrito na Cl\u00e1usula Terceira do Contrato.<br \/>\n2.2. O valor acima \u00e9 meramente estimativo, de forma que os pagamentos devidos ao CONTRATADO depender\u00e3o dos quantitativos efetivamente prestados.<br \/>\n3. CL\u00c1USULA TERCEIRA \u2013 DOTA\u00c7\u00c3O OR\u00c7AMENT\u00c1RIA<br \/>\n3.1. As despesas decorrentes do presente termo aditivo correr\u00e3o \u00e0 conta de recursos espec\u00edficos consignados no Or\u00e7amento Geral da Prefeitura Municipal deste exerc\u00edcio, na dota\u00e7\u00e3o abaixo discriminada:<br \/>\nUnid. Adm.: 03.001 \u2013 Secretaria Municipal de Administra\u00e7\u00e3o<br \/>\nProj\/Ativ.: 2.007 \u2013 Manuten\u00e7\u00e3o das atividades da Secretaria Municipal de Administra\u00e7\u00e3o<br \/>\nUnid. Adm.: 07.001 \u2013 Secretaria Municipal de Educa\u00e7\u00e3o<br \/>\nProj\/Ativ.: 2.017 \u2013 Manuten\u00e7\u00e3o das atividades da Secretaria Municipal de Educa\u00e7\u00e3o<br \/>\nUnid. Adm.: 10.001 \u2013 Secretaria Municipal de Sa\u00fade<br \/>\nProj\/Ativ.: 2.061 \u2013 Manuten\u00e7\u00e3o das atividades da Secretaria Municipal de Sa\u00fade<br \/>\nUnid. Adm.: 11.001 \u2013 Secretaria Municipal de Assist\u00eancia Social<br \/>\nProj\/Ativ.: 2.075 \u2013 Manuten\u00e7\u00e3o das atividades da Secretaria Municipal de Assist\u00eancia Social<br \/>\nNat. Despesa: 3.3.90.39.00 \u2013 Outros Servi\u00e7os de Terceiros \u2013 Pessoa Jur\u00eddico<br \/>\nFonte de Recurso: 1500000000 \u2013 Recursos n\u00e3o vinculados de impostos<\/p>\n<p>3.2. A dota\u00e7\u00e3o relativa aos exerc\u00edcios financeiros subsequentes ser\u00e1 indicada ap\u00f3s aprova\u00e7\u00e3o da Lei Or\u00e7ament\u00e1ria respectiva e libera\u00e7\u00e3o dos cr\u00e9ditos correspondentes, mediante apostilamento.<br \/>\n4. CL\u00c1USULA QUINTA \u2013 PRODU\u00c7\u00c3O DOS EFEITOS<\/p>\n<p>4.1 O presente termo aditivo produzir\u00e1 efeitos a partir 22 de janeiro de 2026;<\/p>\n<p>5. CL\u00c1USULA SEXTA \u2013RATIFICA\u00c7\u00c3O<\/p>\n<p>5.1 Ficam mantidas e ratificadas as demais cl\u00e1usulas e condi\u00e7\u00f5es do contrato origin\u00e1rio, naquilo que n\u00e3o contrariem o presente termo aditivo.<\/p>\n<p>6. CL\u00c1USULA S\u00c9TIMA \u2013 PUBLICA\u00c7\u00c3O<\/p>\n<p>6.1 Incumbir\u00e1 ao contratante divulgar o presente instrumento no Portal Nacional de Contrata\u00e7\u00f5es P\u00fablicas (PNCP), na forma prevista no art. 94 da Lei n\u00ba 14.133, de 2021, bem como no respectivo s\u00edtio oficial na Internet, em aten\u00e7\u00e3o ao art. 91, caput, da Lei n\u00ba 14.133, de 2021, e ao art. 8\u00ba, \u00a72\u00ba, da Lei n\u00ba 12.527, de 2011, c\/c art. 7\u00ba, \u00a73\u00ba, inciso V, do Decreto n\u00ba 7.724, de 2012.<\/p>\n<p>Vila Flor\/RN, em 22 de janeiro de 2026.<\/p>\n<p>PREFEITURA MUNICIPAL DE VILA FLOR<br \/>\nCNPJ(MF) 08.169.278\/0001-07<br \/>\nCONTRATANTE<\/p>\n<p>F3C COMERCIO E SERVICOS LTDA<br \/>\nCNPJ N\u00ba 23.984.553.0001-21<br \/>\nCONTRATADA<\/p>\n<p style=\"text-align: right;\"><strong>Publicado por:<\/strong><br \/>\nGRINALDO JOAQUIM DE SOUZA<br \/>\nSecret\u00e1rio Municipal de Administra\u00e7\u00e3o<br \/>\n<strong>C\u00f3digo Identificador:<\/strong>\u00a0B4PIDI03GW<\/p>\n<div id=\"masteqr-wrap69ce620a52212\" class=\"masteqr-postwarpper\">\n<div id=\"masteqr-post69ce620a52212\" class=\"masteqr-post\" data-size=\"150\" data-content=\"https:\/\/diariooficial.vilaflor.rn.gov.br\/primeiro-termo-aditivo-ao-contrato-administrativo-no-003-2025-dispensa-de-licitacao-no-001-2025\"><\/div>\n<div class=\"mqrbtnalign\">\n<div><\/div>\n<\/div>\n<\/div>\n<div class=\"pdfprnt-buttons pdfprnt-buttons-post pdfprnt-bottom-right\"><a href=\"https:\/\/vilaflor.rn.gov.br\/transparencia\/wp-json\/wp\/v2\/posts\/4180?print=pdf\" class=\"pdfprnt-button pdfprnt-button-pdf\" target=\"_blank\"><img decoding=\"async\" src=\"https:\/\/vilaflor.rn.gov.br\/transparencia\/wp-content\/plugins\/pdf-print\/images\/pdf.png\" alt=\"image_pdf\" title=\"Baixar PDF\" \/><\/a><a href=\"https:\/\/vilaflor.rn.gov.br\/transparencia\/wp-json\/wp\/v2\/posts\/4180?print=print\" class=\"pdfprnt-button pdfprnt-button-print\" target=\"_blank\"><img decoding=\"async\" src=\"https:\/\/vilaflor.rn.gov.br\/transparencia\/wp-content\/plugins\/pdf-print\/images\/print.png\" alt=\"image_print\" title=\"Conte\u00fado de impress\u00e3o\" \/><\/a><\/div>","protected":false},"excerpt":{"rendered":"<p>ESTADO DO RIO GRANDE DO NORTE PREFEITURA MUNICIPAL DE VILA FLOR A PREFEITURA MUNICIPAL DE VILA FLOR, inscrito(a) no CNPJ sob o n\u00ba 08.169.278\/0001-07, com sede na RUA JOSE CALAZANS, 169, CENTRO, VILA FLOR\/RN, CEP 59.192-000 representado por THUANNE KARLA CARVALHO DE SOUZA, PREFEITA MUNICIPAL, doravante denominado(a) CONTRATANTE, e a detentora \u00e9 a empresa F3C [&hellip;]<\/p>\n","protected":false},"author":1,"featured_media":0,"comment_status":"open","ping_status":"open","sticky":false,"template":"","format":"standard","meta":{"ocean_post_layout":"","ocean_both_sidebars_style":"","ocean_both_sidebars_content_width":0,"ocean_both_sidebars_sidebars_width":0,"ocean_sidebar":"0","ocean_second_sidebar":"0","ocean_disable_margins":"enable","ocean_add_body_class":"","ocean_shortcode_before_top_bar":"","ocean_shortcode_after_top_bar":"","ocean_shortcode_before_header":"","ocean_shortcode_after_header":"","ocean_has_shortcode":"","ocean_shortcode_after_title":"","ocean_shortcode_before_footer_widgets":"","ocean_shortcode_after_footer_widgets":"","ocean_shortcode_before_footer_bottom":"","ocean_shortcode_after_footer_bottom":"","ocean_display_top_bar":"default","ocean_display_header":"default","ocean_header_style":"","ocean_center_header_left_menu":"0","ocean_custom_header_template":"0","ocean_custom_logo":0,"ocean_custom_retina_logo":0,"ocean_custom_logo_max_width":0,"ocean_custom_logo_tablet_max_width":0,"ocean_custom_logo_mobile_max_width":0,"ocean_custom_logo_max_height":0,"ocean_custom_logo_tablet_max_height":0,"ocean_custom_logo_mobile_max_height":0,"ocean_header_custom_menu":"0","ocean_menu_typo_font_family":"0","ocean_menu_typo_font_subset":"","ocean_menu_typo_font_size":0,"ocean_menu_typo_font_size_tablet":0,"ocean_menu_typo_font_size_mobile":0,"ocean_menu_typo_font_size_unit":"px","ocean_menu_typo_font_weight":"","ocean_menu_typo_font_weight_tablet":"","ocean_menu_typo_font_weight_mobile":"","ocean_menu_typo_transform":"","ocean_menu_typo_transform_tablet":"","ocean_menu_typo_transform_mobile":"","ocean_menu_typo_line_height":0,"ocean_menu_typo_line_height_tablet":0,"ocean_menu_typo_line_height_mobile":0,"ocean_menu_typo_line_height_unit":"","ocean_menu_typo_spacing":0,"ocean_menu_typo_spacing_tablet":0,"ocean_menu_typo_spacing_mobile":0,"ocean_menu_typo_spacing_unit":"","ocean_menu_link_color":"","ocean_menu_link_color_hover":"","ocean_menu_link_color_active":"","ocean_menu_link_background":"","ocean_menu_link_hover_background":"","ocean_menu_link_active_background":"","ocean_menu_social_links_bg":"","ocean_menu_social_hover_links_bg":"","ocean_menu_social_links_color":"","ocean_menu_social_hover_links_color":"","ocean_disable_title":"default","ocean_disable_heading":"default","ocean_post_title":"","ocean_post_subheading":"","ocean_post_title_style":"","ocean_post_title_background_color":"","ocean_post_title_background":0,"ocean_post_title_bg_image_position":"","ocean_post_title_bg_image_attachment":"","ocean_post_title_bg_image_repeat":"","ocean_post_title_bg_image_size":"","ocean_post_title_height":0,"ocean_post_title_bg_overlay":0.5,"ocean_post_title_bg_overlay_color":"","ocean_disable_breadcrumbs":"default","ocean_breadcrumbs_color":"","ocean_breadcrumbs_separator_color":"","ocean_breadcrumbs_links_color":"","ocean_breadcrumbs_links_hover_color":"","ocean_display_footer_widgets":"default","ocean_display_footer_bottom":"default","ocean_custom_footer_template":"0","ocean_post_oembed":"","ocean_post_self_hosted_media":"","ocean_post_video_embed":"","ocean_link_format":"","ocean_link_format_target":"self","ocean_quote_format":"","ocean_quote_format_link":"post","ocean_gallery_link_images":"on","ocean_gallery_id":[],"footnotes":""},"categories":[58,75,4],"tags":[],"class_list":["post-4180","post","type-post","status-publish","format-standard","hentry","category-contratos","category-contratos-2026","category-licitacao","entry"],"_links":{"self":[{"href":"https:\/\/vilaflor.rn.gov.br\/transparencia\/wp-json\/wp\/v2\/posts\/4180","targetHints":{"allow":["GET"]}}],"collection":[{"href":"https:\/\/vilaflor.rn.gov.br\/transparencia\/wp-json\/wp\/v2\/posts"}],"about":[{"href":"https:\/\/vilaflor.rn.gov.br\/transparencia\/wp-json\/wp\/v2\/types\/post"}],"author":[{"embeddable":true,"href":"https:\/\/vilaflor.rn.gov.br\/transparencia\/wp-json\/wp\/v2\/users\/1"}],"replies":[{"embeddable":true,"href":"https:\/\/vilaflor.rn.gov.br\/transparencia\/wp-json\/wp\/v2\/comments?post=4180"}],"version-history":[{"count":1,"href":"https:\/\/vilaflor.rn.gov.br\/transparencia\/wp-json\/wp\/v2\/posts\/4180\/revisions"}],"predecessor-version":[{"id":4181,"href":"https:\/\/vilaflor.rn.gov.br\/transparencia\/wp-json\/wp\/v2\/posts\/4180\/revisions\/4181"}],"wp:attachment":[{"href":"https:\/\/vilaflor.rn.gov.br\/transparencia\/wp-json\/wp\/v2\/media?parent=4180"}],"wp:term":[{"taxonomy":"category","embeddable":true,"href":"https:\/\/vilaflor.rn.gov.br\/transparencia\/wp-json\/wp\/v2\/categories?post=4180"},{"taxonomy":"post_tag","embeddable":true,"href":"https:\/\/vilaflor.rn.gov.br\/transparencia\/wp-json\/wp\/v2\/tags?post=4180"}],"curies":[{"name":"wp","href":"https:\/\/api.w.org\/{rel}","templated":true}]}}