{"id":4174,"date":"2026-01-23T09:30:48","date_gmt":"2026-01-23T12:30:48","guid":{"rendered":"https:\/\/vilaflor.rn.gov.br\/transparencia\/?p=4174"},"modified":"2026-04-02T09:31:37","modified_gmt":"2026-04-02T12:31:37","slug":"termo-aditivo-ao-termo-de-colaboracao-no-20230106","status":"publish","type":"post","link":"https:\/\/vilaflor.rn.gov.br\/transparencia\/termo-aditivo-ao-termo-de-colaboracao-no-20230106\/","title":{"rendered":"Termo Aditivo ao Termo de Colabora\u00e7\u00e3o n\u00ba 20230106"},"content":{"rendered":"<p><strong>ESTADO DO RIO GRANDE DO NORTE<\/strong><br \/>\n<strong>PREFEITURA MUNICIPAL DE VILA FLOR<\/strong><\/p>\n<p><strong>TERMO ADITIVO AO TERMO DE COLABORA\u00c7\u00c3O N\u00ba\u00a0<em>20230106\u00a0<\/em>QUE ENTRE SI CELEBRAM\u00a0<em>PREFEITURA MUNICIPAL DE VILA FLOR<\/em>\u00a0E O INSTITUTO SOCIAL DE SAUDE E EDUCACAO DO RIO GRANDE DO NORTE, PARA OS FINS QUE ESPECIFICA.<\/strong><\/p>\n<p><strong>\u00a0<\/strong><\/p>\n<p>Pelo presente instrumento particular de Aditivo, onde de um lado, como CONTRATANTE, a PREFEITURA MUNICIPAL DE VILA FLOR, inscrita no CNPJ (MF) sob o n\u00ba 08.169.278\/0001-07, com sede \u00e0 Rua Jos\u00e9 Calazans, 169, Centro, Vila Flor\/RN, CEP 59.192-000, aqui representada pela Prefeita, a Sra. Thuanne Karla Carvalho de Souza, inscrito no CPF (MF) sob o n\u00ba 084.453.074-36, e INSTITUTO SOCIAL DE SAUDE E EDUCACAO DO RIO GRANDE DO NORTE, inscrito(a) no CNPJ 10.335.101\/0001-77, com sede na Rua Doutor Paulo Pinto de Abreu, 1997, Lagoa Nova, CEP 59.064-360, representada por ROBERVAL MARINHO DE ALMEIRA com o CPF sob o n\u00b0 110.144.954-31, conforme atos constitutivos da entidade, RESOLVEM celebrar o presente\u00a0<strong>Termo Aditivo ao Termo de Colabora\u00e7\u00e3o<\/strong>, tendo em vista o que consta do Processo Administrativo n\u00ba 10110001\/2022 e em observ\u00e2ncia \u00e0s disposi\u00e7\u00f5es da Lei n\u00ba 13.019, de 31 de julho de 2014, do Decreto n\u00ba 8.726, de 27 de abril de 2016, do Decreto Municipal n\u00b0 26, DE 25 DE NOVEMBRO DE 2021, mediante as cl\u00e1usulas e condi\u00e7\u00f5es a seguir enunciadas:<\/p>\n<p>&nbsp;<\/p>\n<p>CL\u00c1USULA PRIMEIRA \u2013 DO OBJETO<\/p>\n<p>O presente Termo Aditivo visa prorrogar a vig\u00eancia do Termo de Colabora\u00e7\u00e3o n\u00ba\u00a0<em>20230106<\/em>,\u00a0<strong>at\u00e9 a data de\u00a0<em>02 de janeiro de 2027<\/em><\/strong>, como tamb\u00e9m visa ampliar o valor total do instrumento em R$ 83.347,25 (Oitenta e tr\u00eas mil, trezentos e quarenta e sete reais e vinte e cinco centavos) e correspondentes altera\u00e7\u00f5es no Plano de Trabalho, conforme permite o art. 55 e 57 da Lei n\u00ba 13.019, de 2014, e o art. 43, inciso I, al\u00ednea \u201ca\u201d, do Decreto n\u00ba 8.726, de 2016.<\/p>\n<p>&nbsp;<\/p>\n<p>&nbsp;<\/p>\n<p>CL\u00c1USULA SEGUNDA \u2013 DA VIG\u00caNCIA<\/p>\n<p>A Cl\u00e1usula Terceira do Termo de Colabora\u00e7\u00e3o n\u00ba\u00a0<em>20230106\u00a0<\/em>passa a viger com a seguinte reda\u00e7\u00e3o:<\/p>\n<p>&nbsp;<\/p>\n<p><strong>CL\u00c1USULA TERCEIRA \u2013 DO PRAZO DE VIG\u00caNCIA\u00a0\u00a0\u00a0\u00a0\u00a0\u00a0\u00a0\u00a0\u00a0\u00a0\u00a0\u00a0\u00a0\u00a0\u00a0\u00a0\u00a0\u00a0\u00a0\u00a0\u00a0\u00a0\u00a0\u00a0\u00a0\u00a0\u00a0\u00a0\u00a0\u00a0\u00a0\u00a0\u00a0\u00a0\u00a0\u00a0\u00a0\u00a0\u00a0\u00a0\u00a0<\/strong><\/p>\n<p>O valor do Termo de Colabora\u00e7\u00e3o, previsto na Cl\u00e1usula do instrumento, foi aditado em 25%, passando a corresponder ao valor de repasse de R$ 416.731,25 (Quatrocentos e dezesseis mil, setecentos e trinta e um reais e vinte e cinco centavos).<\/p>\n<p>Subcl\u00e1usula \u00fanica. A Cl\u00e1usula Quarta do Termo de Colabora\u00e7\u00e3o n\u00ba 20230106 passa a viger com a seguinte reda\u00e7\u00e3o:<\/p>\n<p>&nbsp;<\/p>\n<p><strong>DOS RECURSOS FINANCEIROS<\/strong><\/p>\n<p>Para a execu\u00e7\u00e3o das [atividades] e [projetos] previstas(os) neste Termo de Colabora\u00e7\u00e3o, ser\u00e3o disponibilizados recursos pelo Secretaria Municipal de Educa\u00e7\u00e3o no valor de R$ 416.731,25 (Quatrocentos e dezesseis mil, setecentos e trinta e um reais e vinte e cinco centavos), conforme cronograma de desembolso constante do plano de trabalho, de acordo com a seguinte distribui\u00e7\u00e3o:<\/p>\n<p>&nbsp;<\/p>\n<p><strong>\u00a0<\/strong><strong>CL\u00c1USULA TERCEIRA \u2013 DO PRAZO DE VIG\u00caNCIA\u00a0\u00a0\u00a0\u00a0\u00a0\u00a0\u00a0\u00a0\u00a0\u00a0\u00a0\u00a0\u00a0\u00a0\u00a0\u00a0\u00a0\u00a0\u00a0\u00a0\u00a0\u00a0\u00a0\u00a0\u00a0\u00a0\u00a0\u00a0\u00a0\u00a0\u00a0\u00a0\u00a0\u00a0\u00a0\u00a0\u00a0\u00a0\u00a0\u00a0<\/strong><\/p>\n<p>O presente Termo de Colabora\u00e7\u00e3o ir\u00e1 viger at\u00e9 a data de 02 de janeiro de 2027, podendo ser prorrogado nos seguintes casos e condi\u00e7\u00f5es:<\/p>\n<p><em>Excepcionalmente o per\u00edodo total de vig\u00eancia poder\u00e1 ser superior aos dez anos, quando houver decis\u00e3o t\u00e9cnica fundamentada da administra\u00e7\u00e3o p\u00fablica federal que, sem preju\u00edzo de outros elementos, reconhe\u00e7a:<\/em><\/p>\n<p><em>I\u00a0\u00a0\u00a0 \u2013 a excepcionalidade da situa\u00e7\u00e3o f\u00e1tica; e<\/em><\/p>\n<p><em>II\u00a0\u00a0 \u2013 o interesse p\u00fablico no prazo maior da parceria.<\/em><\/p>\n<p><strong>CL\u00c1USULA TERCEIRA \u2013 DA RATIFICA\u00c7\u00c3O<\/strong><\/p>\n<p>Ficam ratificadas as demais cl\u00e1usulas e condi\u00e7\u00f5es do Termo de Colabora\u00e7\u00e3o original.<\/p>\n<p>&nbsp;<\/p>\n<p>CL\u00c1USULA QUARTA \u2013 DA PUBLICA\u00c7\u00c3O<\/p>\n<p>A efic\u00e1cia do presente Termo Aditivo fica condicionada \u00e0 publica\u00e7\u00e3o do respectivo extrato no Di\u00e1rio Oficial do Munic\u00edpio, a qual dever\u00e1 ser providenciada pela Prefeitura Muincipal, no prazo de at\u00e9 20 (vinte) dias a contar de sua assinatura.<\/p>\n<p>&nbsp;<\/p>\n<p>Vila Flor\/RN, em 29 de dezembro de 2025.<\/p>\n<p>&nbsp;<\/p>\n<p>&nbsp;<\/p>\n<p>&nbsp;<\/p>\n<p>RENAGIA COSTA AUGUSTINHO<\/p>\n<p>SECRET\u00c1RIA MUNICIPAL DE EDUCA\u00c7\u00c3O<\/p>\n<p>&nbsp;<\/p>\n<p>PREFEITURA MUNICIPAL DE VILA FLOR CNPJ(MF) 08.169.278\/0001-07<\/p>\n<p>CONTRATANTE<\/p>\n<p>&nbsp;<\/p>\n<p>&nbsp;<\/p>\n<p>&nbsp;<\/p>\n<p>&nbsp;<\/p>\n<p>INSTITUTO SOCIAL DE SAUDE E EDUCACAO DO RIO GRANDE DO NORTE<\/p>\n<p>CNPJ 10.335.101\/0001-77<\/p>\n<p>CONTRATADO(A)<\/p>\n<p>ROBERVAL MARINHO DE ALMEIDA<\/p>\n<p>CPF: 110.144.954-31<\/p>\n<p>PRESIDENTE<\/p>\n<p>&nbsp;<\/p>\n<p>&nbsp;<\/p>\n<p style=\"text-align: right;\"><strong>Publicado por:<\/strong><br \/>\nGRINALDO JOAQUIM DE SOUZA<br \/>\nSecret\u00e1rio Municipal de Administra\u00e7\u00e3o<br \/>\n<strong>C\u00f3digo Identificador:<\/strong>\u00a0OKMPOJ0I8P<\/p>\n<div class=\"pdfprnt-buttons pdfprnt-buttons-post pdfprnt-bottom-right\"><a href=\"https:\/\/vilaflor.rn.gov.br\/transparencia\/wp-json\/wp\/v2\/posts\/4174?print=pdf\" class=\"pdfprnt-button pdfprnt-button-pdf\" target=\"_blank\"><img decoding=\"async\" src=\"https:\/\/vilaflor.rn.gov.br\/transparencia\/wp-content\/plugins\/pdf-print\/images\/pdf.png\" alt=\"image_pdf\" title=\"Baixar PDF\" \/><\/a><a href=\"https:\/\/vilaflor.rn.gov.br\/transparencia\/wp-json\/wp\/v2\/posts\/4174?print=print\" class=\"pdfprnt-button pdfprnt-button-print\" target=\"_blank\"><img decoding=\"async\" src=\"https:\/\/vilaflor.rn.gov.br\/transparencia\/wp-content\/plugins\/pdf-print\/images\/print.png\" alt=\"image_print\" title=\"Conte\u00fado de impress\u00e3o\" \/><\/a><\/div>","protected":false},"excerpt":{"rendered":"<p>ESTADO DO RIO GRANDE DO NORTE PREFEITURA MUNICIPAL DE VILA FLOR TERMO ADITIVO AO TERMO DE COLABORA\u00c7\u00c3O N\u00ba\u00a020230106\u00a0QUE ENTRE SI CELEBRAM\u00a0PREFEITURA MUNICIPAL DE VILA FLOR\u00a0E O INSTITUTO SOCIAL DE SAUDE E EDUCACAO DO RIO GRANDE DO NORTE, PARA OS FINS QUE ESPECIFICA. \u00a0 Pelo presente instrumento particular de Aditivo, onde de um lado, como CONTRATANTE, [&hellip;]<\/p>\n","protected":false},"author":1,"featured_media":0,"comment_status":"open","ping_status":"open","sticky":false,"template":"","format":"standard","meta":{"ocean_post_layout":"","ocean_both_sidebars_style":"","ocean_both_sidebars_content_width":0,"ocean_both_sidebars_sidebars_width":0,"ocean_sidebar":"0","ocean_second_sidebar":"0","ocean_disable_margins":"enable","ocean_add_body_class":"","ocean_shortcode_before_top_bar":"","ocean_shortcode_after_top_bar":"","ocean_shortcode_before_header":"","ocean_shortcode_after_header":"","ocean_has_shortcode":"","ocean_shortcode_after_title":"","ocean_shortcode_before_footer_widgets":"","ocean_shortcode_after_footer_widgets":"","ocean_shortcode_before_footer_bottom":"","ocean_shortcode_after_footer_bottom":"","ocean_display_top_bar":"default","ocean_display_header":"default","ocean_header_style":"","ocean_center_header_left_menu":"0","ocean_custom_header_template":"0","ocean_custom_logo":0,"ocean_custom_retina_logo":0,"ocean_custom_logo_max_width":0,"ocean_custom_logo_tablet_max_width":0,"ocean_custom_logo_mobile_max_width":0,"ocean_custom_logo_max_height":0,"ocean_custom_logo_tablet_max_height":0,"ocean_custom_logo_mobile_max_height":0,"ocean_header_custom_menu":"0","ocean_menu_typo_font_family":"0","ocean_menu_typo_font_subset":"","ocean_menu_typo_font_size":0,"ocean_menu_typo_font_size_tablet":0,"ocean_menu_typo_font_size_mobile":0,"ocean_menu_typo_font_size_unit":"px","ocean_menu_typo_font_weight":"","ocean_menu_typo_font_weight_tablet":"","ocean_menu_typo_font_weight_mobile":"","ocean_menu_typo_transform":"","ocean_menu_typo_transform_tablet":"","ocean_menu_typo_transform_mobile":"","ocean_menu_typo_line_height":0,"ocean_menu_typo_line_height_tablet":0,"ocean_menu_typo_line_height_mobile":0,"ocean_menu_typo_line_height_unit":"","ocean_menu_typo_spacing":0,"ocean_menu_typo_spacing_tablet":0,"ocean_menu_typo_spacing_mobile":0,"ocean_menu_typo_spacing_unit":"","ocean_menu_link_color":"","ocean_menu_link_color_hover":"","ocean_menu_link_color_active":"","ocean_menu_link_background":"","ocean_menu_link_hover_background":"","ocean_menu_link_active_background":"","ocean_menu_social_links_bg":"","ocean_menu_social_hover_links_bg":"","ocean_menu_social_links_color":"","ocean_menu_social_hover_links_color":"","ocean_disable_title":"default","ocean_disable_heading":"default","ocean_post_title":"","ocean_post_subheading":"","ocean_post_title_style":"","ocean_post_title_background_color":"","ocean_post_title_background":0,"ocean_post_title_bg_image_position":"","ocean_post_title_bg_image_attachment":"","ocean_post_title_bg_image_repeat":"","ocean_post_title_bg_image_size":"","ocean_post_title_height":0,"ocean_post_title_bg_overlay":0.5,"ocean_post_title_bg_overlay_color":"","ocean_disable_breadcrumbs":"default","ocean_breadcrumbs_color":"","ocean_breadcrumbs_separator_color":"","ocean_breadcrumbs_links_color":"","ocean_breadcrumbs_links_hover_color":"","ocean_display_footer_widgets":"default","ocean_display_footer_bottom":"default","ocean_custom_footer_template":"0","ocean_post_oembed":"","ocean_post_self_hosted_media":"","ocean_post_video_embed":"","ocean_link_format":"","ocean_link_format_target":"self","ocean_quote_format":"","ocean_quote_format_link":"post","ocean_gallery_link_images":"on","ocean_gallery_id":[],"footnotes":""},"categories":[58,75,4],"tags":[],"class_list":["post-4174","post","type-post","status-publish","format-standard","hentry","category-contratos","category-contratos-2026","category-licitacao","entry"],"_links":{"self":[{"href":"https:\/\/vilaflor.rn.gov.br\/transparencia\/wp-json\/wp\/v2\/posts\/4174","targetHints":{"allow":["GET"]}}],"collection":[{"href":"https:\/\/vilaflor.rn.gov.br\/transparencia\/wp-json\/wp\/v2\/posts"}],"about":[{"href":"https:\/\/vilaflor.rn.gov.br\/transparencia\/wp-json\/wp\/v2\/types\/post"}],"author":[{"embeddable":true,"href":"https:\/\/vilaflor.rn.gov.br\/transparencia\/wp-json\/wp\/v2\/users\/1"}],"replies":[{"embeddable":true,"href":"https:\/\/vilaflor.rn.gov.br\/transparencia\/wp-json\/wp\/v2\/comments?post=4174"}],"version-history":[{"count":1,"href":"https:\/\/vilaflor.rn.gov.br\/transparencia\/wp-json\/wp\/v2\/posts\/4174\/revisions"}],"predecessor-version":[{"id":4175,"href":"https:\/\/vilaflor.rn.gov.br\/transparencia\/wp-json\/wp\/v2\/posts\/4174\/revisions\/4175"}],"wp:attachment":[{"href":"https:\/\/vilaflor.rn.gov.br\/transparencia\/wp-json\/wp\/v2\/media?parent=4174"}],"wp:term":[{"taxonomy":"category","embeddable":true,"href":"https:\/\/vilaflor.rn.gov.br\/transparencia\/wp-json\/wp\/v2\/categories?post=4174"},{"taxonomy":"post_tag","embeddable":true,"href":"https:\/\/vilaflor.rn.gov.br\/transparencia\/wp-json\/wp\/v2\/tags?post=4174"}],"curies":[{"name":"wp","href":"https:\/\/api.w.org\/{rel}","templated":true}]}}