{"id":4141,"date":"2026-01-15T08:21:02","date_gmt":"2026-01-15T11:21:02","guid":{"rendered":"https:\/\/vilaflor.rn.gov.br\/transparencia\/?p=4141"},"modified":"2026-01-16T08:22:13","modified_gmt":"2026-01-16T11:22:13","slug":"lei-muncipal-no-494-2026-institui-a-semana-municipal-da-cultura-evangelica-e-o-dia-municipal-do-evangelico","status":"publish","type":"post","link":"https:\/\/vilaflor.rn.gov.br\/transparencia\/lei-muncipal-no-494-2026-institui-a-semana-municipal-da-cultura-evangelica-e-o-dia-municipal-do-evangelico\/","title":{"rendered":"LEI MUNCIPAL N\u00ba 494\/2026 &#8211; Institui a Semana Municipal da Cultura Evang\u00e9lica e o Dia Municipal do Evang\u00e9lico."},"content":{"rendered":"<p><strong>ESTADO DO RIO GRANDE DO NORTE<\/strong><br \/>\n<strong>PREFEITURA MUNICIPAL DE VILA FLOR<\/strong><\/p>\n<p><em>Institui a Semana Municipal da Cultura Evang\u00e9lica e o Dia Municipal do Evang\u00e9lico.<\/em><\/p>\n<p><em>\u00a0<\/em><\/p>\n<p><strong>A PREFEITA MUNICIPAL DE VILA FLOR,\u00a0<\/strong>Estado do Rio Grande do Norte, no uso das atribui\u00e7\u00f5es que lhe s\u00e3o conferidas pela Lei Org\u00e2nica do Munic\u00edpio, faz saber que a C\u00e2mara Municipal aprovou e ela sanciona a seguinte Lei:<\/p>\n<p>&nbsp;<\/p>\n<p><strong>Art. 1\u00ba \u2013\u00a0<\/strong>Fica institu\u00edda no \u00e2mbito da cidade de Vila Flor\/RN, a semana da Cultura Evang\u00e9lica, a ser realizada na segunda semana do m\u00eas de novembro de cada ano, culminado com o Dia Municipal do Evang\u00e9lico, este sendo compreendido no segundo s\u00e1bado do m\u00eas de novembro de cada ano.<\/p>\n<p>&nbsp;<\/p>\n<p><strong>Art. 2\u00ba\u00a0<\/strong>\u2013 A semana a que se refere esta Lei tem por finalidade divulgar a cultura evang\u00e9lica, mediante a realiza\u00e7\u00e3o das diversas atividades e ser\u00e1 um evento de consagramento de todas as igrejas evang\u00e9licas e institui\u00e7\u00f5es evang\u00e9licas do munic\u00edpio, isso independentemente de ordem denominacional, sendo seu inicio na segunda-feira e encerrando-se no domingo.<\/p>\n<p>&nbsp;<\/p>\n<p><strong>Art. 3\u00ba\u00a0<\/strong>\u2013 S\u00e3o institu\u00eddos, durante a Semana da Cultura Evang\u00e9lica, as seguintes \u00eanfases:<\/p>\n<ul>\n<li>\u2013 Dia do Pastor;<\/li>\n<li>\u2013 Dia do movimento das mulheres e homens evang\u00e9licos;<\/li>\n<li>\u2013 Dia do movimento dos jovens evang\u00e9licos;<\/li>\n<li>\u2013 Dia da M\u00fasica evang\u00e9lica;<\/li>\n<li>\u2013 Dia do teatro evang\u00e9lico e departamento infantil;<\/li>\n<li>\u2013 Dia da marcha para Jesus\/Dia Municipal do Evang\u00e9lico;<\/li>\n<li>\u2013 Dia da a\u00e7\u00e3o<\/li>\n<\/ul>\n<p>&nbsp;<\/p>\n<p><strong>Art. 4\u00ba\u00a0<\/strong>\u2013 A semana de que trata esta Lei, ser\u00e1 constitu\u00edda das diversas atividades e manifesta\u00e7\u00f5es religiosas, art\u00edsticas, culturais e sociais, al\u00e9m de trabalhos evangel\u00edsticos desenvolvidos pela comunidade evang\u00e9lica da cidade de Vila Flor\/RN, tendo a colabora\u00e7\u00e3o dos Poderes Legislativo e Executivo.<\/p>\n<p>&nbsp;<\/p>\n<p><strong>Art. 5\u00ba \u2013\u00a0<\/strong>A comemora\u00e7\u00e3o ora institu\u00edda passa a integrar o calend\u00e1rio oficial de datas e eventos da cidade de Vila Flor\/RN.<\/p>\n<p>&nbsp;<\/p>\n<p><strong>Art. 6\u00ba\u00a0<\/strong>\u2013 O evento poder\u00e1 contar com a participa\u00e7\u00e3o de todas as institui\u00e7\u00f5es evang\u00e9licas situadas na cidade de Vila Flor\/RN.<\/p>\n<p>&nbsp;<\/p>\n<p><strong>Art. 7\u00ba \u2013\u00a0<\/strong>A organiza\u00e7\u00e3o e coordena\u00e7\u00e3o do evento estar\u00e1 sob a responsabilidade da OMEG, Ordem de Pastores e L\u00edderes evang\u00e9licos de Vila Flor\/RN, da qual contara com a<\/p>\n<p>&nbsp;<\/p>\n<p>participa\u00e7\u00e3o de todos os Pastores, Pastoras e entidades evang\u00e9licas existentes no munic\u00edpio.<\/p>\n<p>&nbsp;<\/p>\n<p><strong>Art. 8\u00ba \u2013\u00a0<\/strong>A Secret\u00e1ria Municipal de Cultura, Esporte e Lazer dar\u00e1 apoio e suporte na organiza\u00e7\u00e3o dos eventos, para a execu\u00e7\u00e3o e realiza\u00e7\u00e3o da Semana Municipal da Cultura Evang\u00e9lica, e ced\u00eancia de espa\u00e7os e equipamentos p\u00fablicos.<\/p>\n<p><strong>Art. 9\u00ba \u2013\u00a0<\/strong>Esta Lei entra em vigor na data de sua publica\u00e7\u00e3o, revogando-se as disposi\u00e7\u00f5es em contr\u00e1rio.<\/p>\n<p>&nbsp;<\/p>\n<p>&nbsp;<\/p>\n<p>&nbsp;<\/p>\n<p>&nbsp;<\/p>\n<p>Vila Flor\/RN, 13 de janeiro de 2026.<\/p>\n<p>&nbsp;<\/p>\n<p><strong>Thuanne<\/strong>\u00a0<strong>Karla Carvalho<\/strong>\u00a0<strong>de<\/strong>\u00a0<strong>Souza<\/strong><\/p>\n<p><strong>Prefeita Municipal<\/strong><\/p>\n<p style=\"text-align: right;\"><strong>Publicado por:<\/strong><br \/>\nGRINALDO JOAQUIM DE SOUZA<br \/>\nSecret\u00e1rio Municipal de Administra\u00e7\u00e3o<br \/>\n<strong>C\u00f3digo Identificador:<\/strong>\u00a0AZS9RLQNJ9<\/p>\n<div class=\"pdfprnt-buttons pdfprnt-buttons-post pdfprnt-bottom-right\"><a href=\"https:\/\/vilaflor.rn.gov.br\/transparencia\/wp-json\/wp\/v2\/posts\/4141?print=pdf\" class=\"pdfprnt-button pdfprnt-button-pdf\" target=\"_blank\"><img decoding=\"async\" src=\"https:\/\/vilaflor.rn.gov.br\/transparencia\/wp-content\/plugins\/pdf-print\/images\/pdf.png\" alt=\"image_pdf\" title=\"Baixar PDF\" \/><\/a><a href=\"https:\/\/vilaflor.rn.gov.br\/transparencia\/wp-json\/wp\/v2\/posts\/4141?print=print\" class=\"pdfprnt-button pdfprnt-button-print\" target=\"_blank\"><img decoding=\"async\" src=\"https:\/\/vilaflor.rn.gov.br\/transparencia\/wp-content\/plugins\/pdf-print\/images\/print.png\" alt=\"image_print\" title=\"Conte\u00fado de impress\u00e3o\" \/><\/a><\/div>","protected":false},"excerpt":{"rendered":"<p>ESTADO DO RIO GRANDE DO NORTE PREFEITURA MUNICIPAL DE VILA FLOR Institui a Semana Municipal da Cultura Evang\u00e9lica e o Dia Municipal do Evang\u00e9lico. \u00a0 A PREFEITA MUNICIPAL DE VILA FLOR,\u00a0Estado do Rio Grande do Norte, no uso das atribui\u00e7\u00f5es que lhe s\u00e3o conferidas pela Lei Org\u00e2nica do Munic\u00edpio, faz saber que a C\u00e2mara Municipal [&hellip;]<\/p>\n","protected":false},"author":1,"featured_media":0,"comment_status":"open","ping_status":"open","sticky":false,"template":"","format":"standard","meta":{"ocean_post_layout":"","ocean_both_sidebars_style":"","ocean_both_sidebars_content_width":0,"ocean_both_sidebars_sidebars_width":0,"ocean_sidebar":"0","ocean_second_sidebar":"0","ocean_disable_margins":"enable","ocean_add_body_class":"","ocean_shortcode_before_top_bar":"","ocean_shortcode_after_top_bar":"","ocean_shortcode_before_header":"","ocean_shortcode_after_header":"","ocean_has_shortcode":"","ocean_shortcode_after_title":"","ocean_shortcode_before_footer_widgets":"","ocean_shortcode_after_footer_widgets":"","ocean_shortcode_before_footer_bottom":"","ocean_shortcode_after_footer_bottom":"","ocean_display_top_bar":"default","ocean_display_header":"default","ocean_header_style":"","ocean_center_header_left_menu":"0","ocean_custom_header_template":"0","ocean_custom_logo":0,"ocean_custom_retina_logo":0,"ocean_custom_logo_max_width":0,"ocean_custom_logo_tablet_max_width":0,"ocean_custom_logo_mobile_max_width":0,"ocean_custom_logo_max_height":0,"ocean_custom_logo_tablet_max_height":0,"ocean_custom_logo_mobile_max_height":0,"ocean_header_custom_menu":"0","ocean_menu_typo_font_family":"0","ocean_menu_typo_font_subset":"","ocean_menu_typo_font_size":0,"ocean_menu_typo_font_size_tablet":0,"ocean_menu_typo_font_size_mobile":0,"ocean_menu_typo_font_size_unit":"px","ocean_menu_typo_font_weight":"","ocean_menu_typo_font_weight_tablet":"","ocean_menu_typo_font_weight_mobile":"","ocean_menu_typo_transform":"","ocean_menu_typo_transform_tablet":"","ocean_menu_typo_transform_mobile":"","ocean_menu_typo_line_height":0,"ocean_menu_typo_line_height_tablet":0,"ocean_menu_typo_line_height_mobile":0,"ocean_menu_typo_line_height_unit":"","ocean_menu_typo_spacing":0,"ocean_menu_typo_spacing_tablet":0,"ocean_menu_typo_spacing_mobile":0,"ocean_menu_typo_spacing_unit":"","ocean_menu_link_color":"","ocean_menu_link_color_hover":"","ocean_menu_link_color_active":"","ocean_menu_link_background":"","ocean_menu_link_hover_background":"","ocean_menu_link_active_background":"","ocean_menu_social_links_bg":"","ocean_menu_social_hover_links_bg":"","ocean_menu_social_links_color":"","ocean_menu_social_hover_links_color":"","ocean_disable_title":"default","ocean_disable_heading":"default","ocean_post_title":"","ocean_post_subheading":"","ocean_post_title_style":"","ocean_post_title_background_color":"","ocean_post_title_background":0,"ocean_post_title_bg_image_position":"","ocean_post_title_bg_image_attachment":"","ocean_post_title_bg_image_repeat":"","ocean_post_title_bg_image_size":"","ocean_post_title_height":0,"ocean_post_title_bg_overlay":0.5,"ocean_post_title_bg_overlay_color":"","ocean_disable_breadcrumbs":"default","ocean_breadcrumbs_color":"","ocean_breadcrumbs_separator_color":"","ocean_breadcrumbs_links_color":"","ocean_breadcrumbs_links_hover_color":"","ocean_display_footer_widgets":"default","ocean_display_footer_bottom":"default","ocean_custom_footer_template":"0","ocean_post_oembed":"","ocean_post_self_hosted_media":"","ocean_post_video_embed":"","ocean_link_format":"","ocean_link_format_target":"self","ocean_quote_format":"","ocean_quote_format_link":"post","ocean_gallery_link_images":"on","ocean_gallery_id":[],"footnotes":""},"categories":[16,17,77],"tags":[],"class_list":["post-4141","post","type-post","status-publish","format-standard","hentry","category-legislacao","category-leis-municipais","category-leis-municipais-2026","entry"],"_links":{"self":[{"href":"https:\/\/vilaflor.rn.gov.br\/transparencia\/wp-json\/wp\/v2\/posts\/4141","targetHints":{"allow":["GET"]}}],"collection":[{"href":"https:\/\/vilaflor.rn.gov.br\/transparencia\/wp-json\/wp\/v2\/posts"}],"about":[{"href":"https:\/\/vilaflor.rn.gov.br\/transparencia\/wp-json\/wp\/v2\/types\/post"}],"author":[{"embeddable":true,"href":"https:\/\/vilaflor.rn.gov.br\/transparencia\/wp-json\/wp\/v2\/users\/1"}],"replies":[{"embeddable":true,"href":"https:\/\/vilaflor.rn.gov.br\/transparencia\/wp-json\/wp\/v2\/comments?post=4141"}],"version-history":[{"count":1,"href":"https:\/\/vilaflor.rn.gov.br\/transparencia\/wp-json\/wp\/v2\/posts\/4141\/revisions"}],"predecessor-version":[{"id":4142,"href":"https:\/\/vilaflor.rn.gov.br\/transparencia\/wp-json\/wp\/v2\/posts\/4141\/revisions\/4142"}],"wp:attachment":[{"href":"https:\/\/vilaflor.rn.gov.br\/transparencia\/wp-json\/wp\/v2\/media?parent=4141"}],"wp:term":[{"taxonomy":"category","embeddable":true,"href":"https:\/\/vilaflor.rn.gov.br\/transparencia\/wp-json\/wp\/v2\/categories?post=4141"},{"taxonomy":"post_tag","embeddable":true,"href":"https:\/\/vilaflor.rn.gov.br\/transparencia\/wp-json\/wp\/v2\/tags?post=4141"}],"curies":[{"name":"wp","href":"https:\/\/api.w.org\/{rel}","templated":true}]}}