{"id":4134,"date":"2026-01-14T08:15:56","date_gmt":"2026-01-14T11:15:56","guid":{"rendered":"https:\/\/vilaflor.rn.gov.br\/transparencia\/?p=4134"},"modified":"2026-01-16T08:17:26","modified_gmt":"2026-01-16T11:17:26","slug":"primeiro-termo-aditivo-ao-contrato-administrativo-no-002-2025","status":"publish","type":"post","link":"https:\/\/vilaflor.rn.gov.br\/transparencia\/primeiro-termo-aditivo-ao-contrato-administrativo-no-002-2025\/","title":{"rendered":"PRIMEIRO TERMO ADITIVO AO CONTRATO ADMINISTRATIVO N\u00ba 002\/2025"},"content":{"rendered":"<p><strong>ESTADO DO RIO GRANDE DO NORTE<\/strong><br \/>\n<strong>PREFEITURA MUNICIPAL DE VILA FLOR<\/strong><\/p>\n<p>&nbsp;<\/p>\n<p>A PREFEITURA MUNICIPAL DE VILA FLOR, inscrito(a) no CNPJ sob o n\u00ba 08.169.278\/0001-07, com sede na RUA JOSE CALAZANS, 169, CENTRO, VILA FLOR\/RN, CEP 59.192-000 representado por THUANNE KARLA CARVALHO DE SOUZA, PREFEITA MUNICIPAL, doravante denominado(a) CONTRATANTE, e a detentora \u00e9 a empresa\u00a0<strong>R H BIO COMERCIO E SERVICO EM EQUIPAMENTOS BIOMEDICOS LTDA<\/strong>, inscrita no CNPJ sob o n\u00ba\u00a0<strong>36.920.896\/0001-74<\/strong>, com sede no Rua Nova Jerusal\u00e9m, 11, Centro, Extremoz\/RN, CEP 59.575-000, tendo em vista o que consta no Processo n\u00ba 18110001\/2024 e em observ\u00e2ncia \u00e0s disposi\u00e7\u00f5es da Lei n\u00ba 14.133, de 1\u00ba de abril de 2021, e demais legisla\u00e7\u00e3o aplic\u00e1vel, resolvem celebrar o presente Termo Aditivo ao Contrato n\u00ba 002\/2025, mediante as cl\u00e1usulas e condi\u00e7\u00f5es a seguir enunciadas:<\/p>\n<ol>\n<li><strong>CL\u00c1USULA PRIMEIRA \u2013 OBJETO<\/strong><\/li>\n<\/ol>\n<p>1.1.\u00a0\u00a0\u00a0\u00a0 O presente termo aditivo tem por objeto a prorroga\u00e7\u00e3o do prazo de vig\u00eancia do Contrato por mais 12 (Doze) meses, a partir de 13 de janeiro de 2026 a 12 de janeiro de 2027, podendo ser prorrogado sucessivamente, respeitada a vig\u00eancia m\u00e1xima decenal, na forma do artigo 107 da Lei n\u00ba 14.133, de 2021<\/p>\n<ol start=\"2\">\n<li><strong>CL\u00c1USULA SEGUNDA \u2013 PRE\u00c7O<\/strong><\/li>\n<\/ol>\n<p><strong>2.1.\u00a0\u00a0\u00a0\u00a0\u00a0<\/strong>O CONTRATANTE pagar\u00e1 ao CONTRATADO pela execu\u00e7\u00e3o do objeto deste Contrato o valor global de R$ 57.200,00 (Cinquenta e sete mil e duzentos reais), conforme descrito na Cl\u00e1usula Quinta do Contrato.<\/p>\n<p><strong>2.2.<\/strong>\u00a0\u00a0\u00a0\u00a0 O valor acima \u00e9 meramente estimativo, de forma que os pagamentos devidos ao CONTRATADO depender\u00e3o dos quantitativos efetivamente prestados.<\/p>\n<ol start=\"3\">\n<li><strong>CL\u00c1USULA TERCEIRA \u2013 DOTA\u00c7\u00c3O OR\u00c7AMENT\u00c1RIA<\/strong><\/li>\n<\/ol>\n<p><strong>3.1.\u00a0\u00a0\u00a0\u00a0\u00a0<\/strong>As despesas decorrentes do presente termo aditivo correr\u00e3o \u00e0 conta de recursos espec\u00edficos consignados no Or\u00e7amento Geral da Prefeitura Municipal deste exerc\u00edcio, na dota\u00e7\u00e3o abaixo discriminada:<\/p>\n<p><strong>Gest\u00e3o\/Unidade: \u00a0\u00a0\u00a0\u00a0\u00a0\u00a0\u00a0\u00a0\u00a0\u00a0\u00a0\u00a0\u00a0\u00a0\u00a0\u00a0\u00a0<\/strong>10.002 \u2013 FUNDO MUNICIPAL DE SA\u00daDE<\/p>\n<p><strong>Fonte de Recursos:\u00a0 \u00a0\u00a0\u00a0\u00a0\u00a0\u00a0\u00a0\u00a0\u00a0\u00a0<\/strong>1500100200 \u2013 Receita de Impostos e Transfer\u00eancia \u2013 Sa\u00fade<\/p>\n<p><strong>Programa de Trabalho: \u00a0\u00a0\u00a0\u00a0\u00a0<\/strong>2.063 \u2013 Manuten\u00e7\u00e3o das A\u00e7\u00f5es do Fundo Municipal de Sa\u00fade \u2013 FMS<\/p>\n<p><strong>Elemento de Despesa: \u00a0\u00a0\u00a0\u00a0\u00a0\u00a0<\/strong>3.3.90.39.00 \u2013 Outros Servi\u00e7os de Terceiros \u2013 Pessoa Jur\u00eddica<\/p>\n<p><strong>\u00a0<\/strong><\/p>\n<p><strong>3.2.\u00a0\u00a0\u00a0\u00a0\u00a0<\/strong>A dota\u00e7\u00e3o relativa aos exerc\u00edcios financeiros subsequentes ser\u00e1 indicada ap\u00f3s aprova\u00e7\u00e3o da Lei Or\u00e7ament\u00e1ria respectiva e libera\u00e7\u00e3o dos cr\u00e9ditos correspondentes, mediante apostilamento.<\/p>\n<p>&nbsp;<\/p>\n<ol start=\"4\">\n<li><strong>CL\u00c1USULA QUINTA \u2013 PRODU\u00c7\u00c3O DOS EFEITOS<\/strong><\/li>\n<\/ol>\n<p><strong>\u00a0<\/strong><\/p>\n<ul>\n<li>O presente termo aditivo produzir\u00e1 efeitos a partir 13 de janeiro de 2026;<\/li>\n<\/ul>\n<p><strong>\u00a0<\/strong><\/p>\n<ol start=\"5\">\n<li><strong>CL\u00c1USULA SEXTA \u2013RATIFICA\u00c7\u00c3O<\/strong><\/li>\n<\/ol>\n<p><strong>\u00a0<\/strong><\/p>\n<ul>\n<li>Ficam mantidas e ratificadas as demais cl\u00e1usulas e condi\u00e7\u00f5es do contrato origin\u00e1rio, naquilo que n\u00e3o contrariem o presente termo aditivo.<\/li>\n<\/ul>\n<p><strong>\u00a0<\/strong><\/p>\n<ol start=\"6\">\n<li><strong>CL\u00c1USULA S\u00c9TIMA \u2013 PUBLICA\u00c7\u00c3O<\/strong><\/li>\n<\/ol>\n<p><strong>\u00a0<\/strong><\/p>\n<ul>\n<li>Incumbir\u00e1 ao contratante divulgar o presente instrumento no Portal Nacional de Contrata\u00e7\u00f5es P\u00fablicas (PNCP), na forma prevista no art. 94 da Lei n\u00ba 14.133, de 2021, bem como no respectivo s\u00edtio oficial na Internet, em aten\u00e7\u00e3o ao art. 91, caput, da Lei n\u00ba 14.133, de 2021, e ao art. 8\u00ba, \u00a72\u00ba, da Lei n\u00ba 12.527, de 2011, c\/c art. 7\u00ba, \u00a73\u00ba, inciso V, do Decreto n\u00ba 7.724, de 2012.<\/li>\n<\/ul>\n<p>&nbsp;<\/p>\n<p>Vila Flor\/RN, em 12 de janeiro de 2026.<\/p>\n<p>&nbsp;<\/p>\n<p>&nbsp;<\/p>\n<p><strong>PREFEITURA MUNICIPAL DE VILA FLOR<\/strong><\/p>\n<p><strong>CNPJ(MF)\u00a0 08.169.278\/0001-07<\/strong><\/p>\n<p><strong>CONTRATANTE<\/strong><\/p>\n<p><strong>\u00a0<\/strong><\/p>\n<p><strong>\u00a0<\/strong><\/p>\n<p><strong>\u00a0<\/strong><\/p>\n<p><strong>\u00a0<\/strong><\/p>\n<p><strong>R H BIO COMERCIO E SERVICO EM EQUIPAMENTOS BIOMEDICOS LTDA<\/strong><\/p>\n<p><strong>\u00a0<\/strong><\/p>\n<p>&nbsp;<\/p>\n<p><strong>CNPJ N\u00ba<\/strong>\u00a0<strong>36.920.896\/0001-74<\/strong><\/p>\n<p><strong>CONTRATADA<\/strong><\/p>\n<p style=\"text-align: right;\"><strong>Publicado por:<\/strong><\/p>\n<p style=\"text-align: right;\">GRINALDO JOAQUIM DE SOUZA<\/p>\n<p style=\"text-align: right;\">Secret\u00e1rio Municipal de Administra\u00e7\u00e3o<\/p>\n<p style=\"text-align: right;\"><strong>C\u00f3digo Identificador: <\/strong>CBKOZTXF1U<\/p>\n<div class=\"pdfprnt-buttons pdfprnt-buttons-post pdfprnt-bottom-right\"><a href=\"https:\/\/vilaflor.rn.gov.br\/transparencia\/wp-json\/wp\/v2\/posts\/4134?print=pdf\" class=\"pdfprnt-button pdfprnt-button-pdf\" target=\"_blank\"><img decoding=\"async\" src=\"https:\/\/vilaflor.rn.gov.br\/transparencia\/wp-content\/plugins\/pdf-print\/images\/pdf.png\" alt=\"image_pdf\" title=\"Baixar PDF\" \/><\/a><a href=\"https:\/\/vilaflor.rn.gov.br\/transparencia\/wp-json\/wp\/v2\/posts\/4134?print=print\" class=\"pdfprnt-button pdfprnt-button-print\" target=\"_blank\"><img decoding=\"async\" src=\"https:\/\/vilaflor.rn.gov.br\/transparencia\/wp-content\/plugins\/pdf-print\/images\/print.png\" alt=\"image_print\" title=\"Conte\u00fado de impress\u00e3o\" \/><\/a><\/div>","protected":false},"excerpt":{"rendered":"<p>ESTADO DO RIO GRANDE DO NORTE PREFEITURA MUNICIPAL DE VILA FLOR &nbsp; A PREFEITURA MUNICIPAL DE VILA FLOR, inscrito(a) no CNPJ sob o n\u00ba 08.169.278\/0001-07, com sede na RUA JOSE CALAZANS, 169, CENTRO, VILA FLOR\/RN, CEP 59.192-000 representado por THUANNE KARLA CARVALHO DE SOUZA, PREFEITA MUNICIPAL, doravante denominado(a) CONTRATANTE, e a detentora \u00e9 a empresa\u00a0R [&hellip;]<\/p>\n","protected":false},"author":1,"featured_media":0,"comment_status":"open","ping_status":"open","sticky":false,"template":"","format":"standard","meta":{"ocean_post_layout":"","ocean_both_sidebars_style":"","ocean_both_sidebars_content_width":0,"ocean_both_sidebars_sidebars_width":0,"ocean_sidebar":"0","ocean_second_sidebar":"0","ocean_disable_margins":"enable","ocean_add_body_class":"","ocean_shortcode_before_top_bar":"","ocean_shortcode_after_top_bar":"","ocean_shortcode_before_header":"","ocean_shortcode_after_header":"","ocean_has_shortcode":"","ocean_shortcode_after_title":"","ocean_shortcode_before_footer_widgets":"","ocean_shortcode_after_footer_widgets":"","ocean_shortcode_before_footer_bottom":"","ocean_shortcode_after_footer_bottom":"","ocean_display_top_bar":"default","ocean_display_header":"default","ocean_header_style":"","ocean_center_header_left_menu":"0","ocean_custom_header_template":"0","ocean_custom_logo":0,"ocean_custom_retina_logo":0,"ocean_custom_logo_max_width":0,"ocean_custom_logo_tablet_max_width":0,"ocean_custom_logo_mobile_max_width":0,"ocean_custom_logo_max_height":0,"ocean_custom_logo_tablet_max_height":0,"ocean_custom_logo_mobile_max_height":0,"ocean_header_custom_menu":"0","ocean_menu_typo_font_family":"0","ocean_menu_typo_font_subset":"","ocean_menu_typo_font_size":0,"ocean_menu_typo_font_size_tablet":0,"ocean_menu_typo_font_size_mobile":0,"ocean_menu_typo_font_size_unit":"px","ocean_menu_typo_font_weight":"","ocean_menu_typo_font_weight_tablet":"","ocean_menu_typo_font_weight_mobile":"","ocean_menu_typo_transform":"","ocean_menu_typo_transform_tablet":"","ocean_menu_typo_transform_mobile":"","ocean_menu_typo_line_height":0,"ocean_menu_typo_line_height_tablet":0,"ocean_menu_typo_line_height_mobile":0,"ocean_menu_typo_line_height_unit":"","ocean_menu_typo_spacing":0,"ocean_menu_typo_spacing_tablet":0,"ocean_menu_typo_spacing_mobile":0,"ocean_menu_typo_spacing_unit":"","ocean_menu_link_color":"","ocean_menu_link_color_hover":"","ocean_menu_link_color_active":"","ocean_menu_link_background":"","ocean_menu_link_hover_background":"","ocean_menu_link_active_background":"","ocean_menu_social_links_bg":"","ocean_menu_social_hover_links_bg":"","ocean_menu_social_links_color":"","ocean_menu_social_hover_links_color":"","ocean_disable_title":"default","ocean_disable_heading":"default","ocean_post_title":"","ocean_post_subheading":"","ocean_post_title_style":"","ocean_post_title_background_color":"","ocean_post_title_background":0,"ocean_post_title_bg_image_position":"","ocean_post_title_bg_image_attachment":"","ocean_post_title_bg_image_repeat":"","ocean_post_title_bg_image_size":"","ocean_post_title_height":0,"ocean_post_title_bg_overlay":0.5,"ocean_post_title_bg_overlay_color":"","ocean_disable_breadcrumbs":"default","ocean_breadcrumbs_color":"","ocean_breadcrumbs_separator_color":"","ocean_breadcrumbs_links_color":"","ocean_breadcrumbs_links_hover_color":"","ocean_display_footer_widgets":"default","ocean_display_footer_bottom":"default","ocean_custom_footer_template":"0","ocean_post_oembed":"","ocean_post_self_hosted_media":"","ocean_post_video_embed":"","ocean_link_format":"","ocean_link_format_target":"self","ocean_quote_format":"","ocean_quote_format_link":"post","ocean_gallery_link_images":"on","ocean_gallery_id":[],"footnotes":""},"categories":[58,75,4],"tags":[],"class_list":["post-4134","post","type-post","status-publish","format-standard","hentry","category-contratos","category-contratos-2026","category-licitacao","entry"],"_links":{"self":[{"href":"https:\/\/vilaflor.rn.gov.br\/transparencia\/wp-json\/wp\/v2\/posts\/4134","targetHints":{"allow":["GET"]}}],"collection":[{"href":"https:\/\/vilaflor.rn.gov.br\/transparencia\/wp-json\/wp\/v2\/posts"}],"about":[{"href":"https:\/\/vilaflor.rn.gov.br\/transparencia\/wp-json\/wp\/v2\/types\/post"}],"author":[{"embeddable":true,"href":"https:\/\/vilaflor.rn.gov.br\/transparencia\/wp-json\/wp\/v2\/users\/1"}],"replies":[{"embeddable":true,"href":"https:\/\/vilaflor.rn.gov.br\/transparencia\/wp-json\/wp\/v2\/comments?post=4134"}],"version-history":[{"count":1,"href":"https:\/\/vilaflor.rn.gov.br\/transparencia\/wp-json\/wp\/v2\/posts\/4134\/revisions"}],"predecessor-version":[{"id":4135,"href":"https:\/\/vilaflor.rn.gov.br\/transparencia\/wp-json\/wp\/v2\/posts\/4134\/revisions\/4135"}],"wp:attachment":[{"href":"https:\/\/vilaflor.rn.gov.br\/transparencia\/wp-json\/wp\/v2\/media?parent=4134"}],"wp:term":[{"taxonomy":"category","embeddable":true,"href":"https:\/\/vilaflor.rn.gov.br\/transparencia\/wp-json\/wp\/v2\/categories?post=4134"},{"taxonomy":"post_tag","embeddable":true,"href":"https:\/\/vilaflor.rn.gov.br\/transparencia\/wp-json\/wp\/v2\/tags?post=4134"}],"curies":[{"name":"wp","href":"https:\/\/api.w.org\/{rel}","templated":true}]}}