{"id":4092,"date":"2025-12-16T08:50:36","date_gmt":"2025-12-16T11:50:36","guid":{"rendered":"https:\/\/vilaflor.rn.gov.br\/transparencia\/?p=4092"},"modified":"2026-01-13T08:51:34","modified_gmt":"2026-01-13T11:51:34","slug":"decreto-no-022-2025-decreta-recesso-nas-reparticoes-publicas-municipais-de-24-12-2025-a-09-01-2026-face-as-festividades-alusivas-ao-periodo-de-final-de-ano","status":"publish","type":"post","link":"https:\/\/vilaflor.rn.gov.br\/transparencia\/decreto-no-022-2025-decreta-recesso-nas-reparticoes-publicas-municipais-de-24-12-2025-a-09-01-2026-face-as-festividades-alusivas-ao-periodo-de-final-de-ano\/","title":{"rendered":"DECRETO N\u00ba 022\/2025 &#8211; Decreta recesso nas reparti\u00e7\u00f5es p\u00fablicas municipais de 24.12.2025 a 09.01.2026, face \u00e0s festividades alusivas ao per\u00edodo de final de ano."},"content":{"rendered":"<p><strong>ESTADO DO RIO GRANDE DO NORTE<\/strong><br \/>\n<strong>PREFEITURA MUNICIPAL DE VILA FLOR<\/strong><\/p>\n<p>Decreta recesso nas reparti\u00e7\u00f5es p\u00fablicas municipais de 24.12.2025 a 09.01.2026, face \u00e0s festividades alusivas ao per\u00edodo de final de ano.<\/p>\n<p>&nbsp;<\/p>\n<p><strong>A PREFEITA MUNICIPAL DE VILA FLOR\/RN, no uso de suas atribui\u00e7\u00f5es que lhe confere a lei org\u00e2nica do munic\u00edpio,<\/strong><\/p>\n<p>&nbsp;<\/p>\n<p><strong>D E C R E T A:<\/strong><\/p>\n<p>&nbsp;<\/p>\n<p>Art. 1\u00ba Fica declarado \u201cRECESSO\u201d nas reparti\u00e7\u00f5es p\u00fablicas municipais, no per\u00edodo de 24 de dezembro de 2025 a 09 de janeiro de 2026, considerando as festividades alusivas ao Final de Ano.<\/p>\n<p>&nbsp;<\/p>\n<p>Par\u00e1grafo \u00fanico. As reparti\u00e7\u00f5es p\u00fablicas municipais que prestam atividades essenciais e de interesse p\u00fablico n\u00e3o se aplica o disposto no caput deste artigo, ficando assegurado o atendimento dos of\u00edcios p\u00fablicos considerados de natureza essencial, executado por servidores em miss\u00e3o de urg\u00eancia, emerg\u00eancia ou necessidades indispens\u00e1veis ao funcionamento.<\/p>\n<p>&nbsp;<\/p>\n<p>Art. 2\u00ba Fica a crit\u00e9rio de cada Secretaria Municipal, estabelecer escalas de plant\u00f5es durante o per\u00edodo de recesso, visando atender as necessidades indispens\u00e1veis ao seu funcionamento.<\/p>\n<p>&nbsp;<\/p>\n<p>Registre-se. Publique-se. Cumpra-se.<\/p>\n<p>&nbsp;<\/p>\n<p>Vila-Flor\/RN, em 16 de Dezembro de 2025.<\/p>\n<p>&nbsp;<\/p>\n<p><strong><em>THUANNE KARLA CARVALHO DE SOUZA<\/em><\/strong><\/p>\n<p>Prefeita Municipal<\/p>\n<p>&nbsp;<\/p>\n<p style=\"text-align: right;\"><strong>Publicado por:<\/strong><br \/>\nGRINALDO JOAQUIM DE SOUZA<br \/>\nSecret\u00e1rio Municipal de Administra\u00e7\u00e3o<br \/>\n<strong>C\u00f3digo Identificador:<\/strong>\u00a0RCXV1EI6O2<\/p>\n<div class=\"pdfprnt-buttons pdfprnt-buttons-post pdfprnt-bottom-right\"><a href=\"https:\/\/vilaflor.rn.gov.br\/transparencia\/wp-json\/wp\/v2\/posts\/4092?print=pdf\" class=\"pdfprnt-button pdfprnt-button-pdf\" target=\"_blank\"><img decoding=\"async\" src=\"https:\/\/vilaflor.rn.gov.br\/transparencia\/wp-content\/plugins\/pdf-print\/images\/pdf.png\" alt=\"image_pdf\" title=\"Baixar PDF\" \/><\/a><a href=\"https:\/\/vilaflor.rn.gov.br\/transparencia\/wp-json\/wp\/v2\/posts\/4092?print=print\" class=\"pdfprnt-button pdfprnt-button-print\" target=\"_blank\"><img decoding=\"async\" src=\"https:\/\/vilaflor.rn.gov.br\/transparencia\/wp-content\/plugins\/pdf-print\/images\/print.png\" alt=\"image_print\" title=\"Conte\u00fado de impress\u00e3o\" \/><\/a><\/div>","protected":false},"excerpt":{"rendered":"<p>ESTADO DO RIO GRANDE DO NORTE PREFEITURA MUNICIPAL DE VILA FLOR Decreta recesso nas reparti\u00e7\u00f5es p\u00fablicas municipais de 24.12.2025 a 09.01.2026, face \u00e0s festividades alusivas ao per\u00edodo de final de ano. &nbsp; A PREFEITA MUNICIPAL DE VILA FLOR\/RN, no uso de suas atribui\u00e7\u00f5es que lhe confere a lei org\u00e2nica do munic\u00edpio, &nbsp; D E C [&hellip;]<\/p>\n","protected":false},"author":1,"featured_media":0,"comment_status":"open","ping_status":"open","sticky":false,"template":"","format":"standard","meta":{"ocean_post_layout":"","ocean_both_sidebars_style":"","ocean_both_sidebars_content_width":0,"ocean_both_sidebars_sidebars_width":0,"ocean_sidebar":"0","ocean_second_sidebar":"0","ocean_disable_margins":"enable","ocean_add_body_class":"","ocean_shortcode_before_top_bar":"","ocean_shortcode_after_top_bar":"","ocean_shortcode_before_header":"","ocean_shortcode_after_header":"","ocean_has_shortcode":"","ocean_shortcode_after_title":"","ocean_shortcode_before_footer_widgets":"","ocean_shortcode_after_footer_widgets":"","ocean_shortcode_before_footer_bottom":"","ocean_shortcode_after_footer_bottom":"","ocean_display_top_bar":"default","ocean_display_header":"default","ocean_header_style":"","ocean_center_header_left_menu":"0","ocean_custom_header_template":"0","ocean_custom_logo":0,"ocean_custom_retina_logo":0,"ocean_custom_logo_max_width":0,"ocean_custom_logo_tablet_max_width":0,"ocean_custom_logo_mobile_max_width":0,"ocean_custom_logo_max_height":0,"ocean_custom_logo_tablet_max_height":0,"ocean_custom_logo_mobile_max_height":0,"ocean_header_custom_menu":"0","ocean_menu_typo_font_family":"0","ocean_menu_typo_font_subset":"","ocean_menu_typo_font_size":0,"ocean_menu_typo_font_size_tablet":0,"ocean_menu_typo_font_size_mobile":0,"ocean_menu_typo_font_size_unit":"px","ocean_menu_typo_font_weight":"","ocean_menu_typo_font_weight_tablet":"","ocean_menu_typo_font_weight_mobile":"","ocean_menu_typo_transform":"","ocean_menu_typo_transform_tablet":"","ocean_menu_typo_transform_mobile":"","ocean_menu_typo_line_height":0,"ocean_menu_typo_line_height_tablet":0,"ocean_menu_typo_line_height_mobile":0,"ocean_menu_typo_line_height_unit":"","ocean_menu_typo_spacing":0,"ocean_menu_typo_spacing_tablet":0,"ocean_menu_typo_spacing_mobile":0,"ocean_menu_typo_spacing_unit":"","ocean_menu_link_color":"","ocean_menu_link_color_hover":"","ocean_menu_link_color_active":"","ocean_menu_link_background":"","ocean_menu_link_hover_background":"","ocean_menu_link_active_background":"","ocean_menu_social_links_bg":"","ocean_menu_social_hover_links_bg":"","ocean_menu_social_links_color":"","ocean_menu_social_hover_links_color":"","ocean_disable_title":"default","ocean_disable_heading":"default","ocean_post_title":"","ocean_post_subheading":"","ocean_post_title_style":"","ocean_post_title_background_color":"","ocean_post_title_background":0,"ocean_post_title_bg_image_position":"","ocean_post_title_bg_image_attachment":"","ocean_post_title_bg_image_repeat":"","ocean_post_title_bg_image_size":"","ocean_post_title_height":0,"ocean_post_title_bg_overlay":0.5,"ocean_post_title_bg_overlay_color":"","ocean_disable_breadcrumbs":"default","ocean_breadcrumbs_color":"","ocean_breadcrumbs_separator_color":"","ocean_breadcrumbs_links_color":"","ocean_breadcrumbs_links_hover_color":"","ocean_display_footer_widgets":"default","ocean_display_footer_bottom":"default","ocean_custom_footer_template":"0","ocean_post_oembed":"","ocean_post_self_hosted_media":"","ocean_post_video_embed":"","ocean_link_format":"","ocean_link_format_target":"self","ocean_quote_format":"","ocean_quote_format_link":"post","ocean_gallery_link_images":"on","ocean_gallery_id":[],"footnotes":""},"categories":[20,22,16],"tags":[],"class_list":["post-4092","post","type-post","status-publish","format-standard","hentry","category-decretos","category-decretos-2025","category-legislacao","entry"],"_links":{"self":[{"href":"https:\/\/vilaflor.rn.gov.br\/transparencia\/wp-json\/wp\/v2\/posts\/4092","targetHints":{"allow":["GET"]}}],"collection":[{"href":"https:\/\/vilaflor.rn.gov.br\/transparencia\/wp-json\/wp\/v2\/posts"}],"about":[{"href":"https:\/\/vilaflor.rn.gov.br\/transparencia\/wp-json\/wp\/v2\/types\/post"}],"author":[{"embeddable":true,"href":"https:\/\/vilaflor.rn.gov.br\/transparencia\/wp-json\/wp\/v2\/users\/1"}],"replies":[{"embeddable":true,"href":"https:\/\/vilaflor.rn.gov.br\/transparencia\/wp-json\/wp\/v2\/comments?post=4092"}],"version-history":[{"count":1,"href":"https:\/\/vilaflor.rn.gov.br\/transparencia\/wp-json\/wp\/v2\/posts\/4092\/revisions"}],"predecessor-version":[{"id":4093,"href":"https:\/\/vilaflor.rn.gov.br\/transparencia\/wp-json\/wp\/v2\/posts\/4092\/revisions\/4093"}],"wp:attachment":[{"href":"https:\/\/vilaflor.rn.gov.br\/transparencia\/wp-json\/wp\/v2\/media?parent=4092"}],"wp:term":[{"taxonomy":"category","embeddable":true,"href":"https:\/\/vilaflor.rn.gov.br\/transparencia\/wp-json\/wp\/v2\/categories?post=4092"},{"taxonomy":"post_tag","embeddable":true,"href":"https:\/\/vilaflor.rn.gov.br\/transparencia\/wp-json\/wp\/v2\/tags?post=4092"}],"curies":[{"name":"wp","href":"https:\/\/api.w.org\/{rel}","templated":true}]}}