{"id":4090,"date":"2025-12-23T08:48:58","date_gmt":"2025-12-23T11:48:58","guid":{"rendered":"https:\/\/vilaflor.rn.gov.br\/transparencia\/?p=4090"},"modified":"2026-01-13T08:50:00","modified_gmt":"2026-01-13T11:50:00","slug":"portaria-no-063-2025-sme-dispoe-sobre-a-homologacao-do-parecer-cme-no-01-2025-que-aprova-a-adesao-as-diretrizes-curriculares-do-ensino-de-computacao-na-educacao-basica-do-rio-grande-do-no","status":"publish","type":"post","link":"https:\/\/vilaflor.rn.gov.br\/transparencia\/portaria-no-063-2025-sme-dispoe-sobre-a-homologacao-do-parecer-cme-no-01-2025-que-aprova-a-adesao-as-diretrizes-curriculares-do-ensino-de-computacao-na-educacao-basica-do-rio-grande-do-no\/","title":{"rendered":"PORTARIA N\u00ba 063\/2025 \u2013 SME &#8211; Disp\u00f5e sobre a homologa\u00e7\u00e3o do Parecer CME n\u00ba 01\/2025, que aprova a Ades\u00e3o as Diretrizes Curriculares do Ensino de Computa\u00e7\u00e3o na Educa\u00e7\u00e3o B\u00e1sica do Rio Grande do Norte, no \u00e2mbito da rede municipal de ensino."},"content":{"rendered":"<p><strong>ESTADO DO RIO GRANDE DO NORTE<\/strong><br \/>\n<strong>PREFEITURA MUNICIPAL DE VILA FLOR<\/strong><\/p>\n<p>Disp\u00f5e sobre a homologa\u00e7\u00e3o do Parecer CME n\u00ba\u00a0<strong>01<\/strong>\/2025, que aprova a Ades\u00e3o as Diretrizes Curriculares do Ensino de Computa\u00e7\u00e3o na Educa\u00e7\u00e3o B\u00e1sica do Rio Grande do Norte, no \u00e2mbito da rede municipal de ensino.<\/p>\n<p>&nbsp;<\/p>\n<p><strong>A<\/strong>\u00a0<strong>SECRET\u00c1RIA MUNICIPAL DE EDUCA\u00c7\u00c3O DE VILA FLOR<\/strong>, no uso das atribui\u00e7\u00f5es que lhe s\u00e3o conferidas pela legisla\u00e7\u00e3o municipal vigente,<\/p>\n<p><strong>CONSIDERANDO<\/strong>\u00a0a necessidade de atualiza\u00e7\u00e3o curricular em conformidade com a Base Nacional Comum Curricular (BNCC), homologada pela Resolu\u00e7\u00e3o CNE\/CP n\u00ba 2, de 22 de dezembro de 2017, bem como a integra\u00e7\u00e3o das compet\u00eancias gerais e espec\u00edficas da \u00e1rea de Computa\u00e7\u00e3o, este Conselho passou a analisar a mat\u00e9ria.<\/p>\n<p>&nbsp;<\/p>\n<p><strong>CONSIDERANDO<\/strong>\u00a0a Lei Federal n\u00ba 14.533, de 11 de janeiro de 2023, que institui a Pol\u00edtica Nacional de Educa\u00e7\u00e3o Digital (PNED), estabelecendo que \u201ca educa\u00e7\u00e3o digital, com foco no letramento digital e no ensino de computa\u00e7\u00e3o, programa\u00e7\u00e3o, rob\u00f3tica e outras compet\u00eancias digitais, ser\u00e1 componente curricular do ensino fundamental e do ensino m\u00e9dio\u201d;<\/p>\n<p><strong>CONSIDERANDO o Parecer CNE\/CB n\u00ba 01\/2022 e a Resolu\u00e7\u00e3o CNE\/CEB n\u00ba 1\/2022, que institu\u00edram a BNCC Computa\u00e7\u00e3o \u2013 Complemento \u00e0 BNCC, definindo compet\u00eancias e habilidades relativas \u00e0 cultura digital, ao mundo digital e ao pensamento computacional em todas as etapas da Educa\u00e7\u00e3o B\u00e1sica.<\/strong><\/p>\n<p><strong>CONSIDERANDO<\/strong>\u00a0a Resolu\u00e7\u00e3o CNE\/CEB n\u00ba 1, de 17 de outubro de 2024, que institui a Computa\u00e7\u00e3o como \u00e1rea do conhecimento da Educa\u00e7\u00e3o B\u00e1sica;<\/p>\n<p><strong>CONSIDERANDO<\/strong>\u00a0a Lei Complementar n\u00ba 220\/2025, de 31 de outubro de 2025, que instituiu o Sistema Nacional de Educa\u00e7\u00e3o (SNE) e fica normais para a coopera\u00e7\u00e3o entre Uni\u00e3o, Estados, o Distrito federal e os munic\u00edpios para elabora\u00e7\u00e3o e implementa\u00e7\u00e3o de pol\u00edticas, programas e de a\u00e7\u00f5es educacionais em regime de colabora\u00e7\u00e3o;<\/p>\n<p><strong>CONSIDERANDO a Resolu\u00e7\u00e3o CIF n\u00ba 15\/2025, que condiciona o recebimento da complementa\u00e7\u00e3o da Uni\u00e3o ao FUNDEB, no exerc\u00edcio de 2026, \u00e0 adequa\u00e7\u00e3o dos referenciais curriculares das redes de ensino \u00e0 BNCC Computa\u00e7\u00e3o.<\/strong><\/p>\n<p><strong>CONSIDERANDO a Portaria-sei n\u00ba 11.123, de 12 de dezembro de 2025, que homologou o Parecer n\u00ba 160\/2025 \u2013 CEB\/CEE-RN, aprova\u00e7\u00e3o das Diretrizes Curriculares do Ensino de Computa\u00e7\u00e3o na Educa\u00e7\u00e3o B\u00e1sica do Rio Grande do Norte (DCEC).<\/strong><\/p>\n<p><strong>CONSIDERANDO<\/strong>\u00a0a decis\u00e3o do Conselho Estadual de Educa\u00e7\u00e3o (CEE), reunido em Sess\u00e3o Plena, em 03 de dezembro de 2025, que acolheu o Parecer n\u00ba 160\/2025 \u2013 origin\u00e1rio da C\u00e2mara de Educa\u00e7\u00e3o B\u00e1sica, deliberou por unanimidade, aprovar a conclus\u00e3o apresentada e tomada nos termos dos votos dos Conselheiros.<\/p>\n<p><strong>CONSIDERANDO<\/strong>\u00a0a necessidade de atualiza\u00e7\u00e3o curricular da rede municipal de ensino, em conson\u00e2ncia com as diretrizes nacionais e com as demandas contempor\u00e2neas da educa\u00e7\u00e3o digital;<\/p>\n<p><strong>CONSIDERANDO<\/strong>\u00a0a autonomia pedag\u00f3gica das unidades escolares e o respeito \u00e0s especificidades do contexto local;<\/p>\n<p><strong>RESOLVE:<\/strong><\/p>\n<p><strong>Art. 1\u00ba<\/strong>\u00a0Homologar o Parecer CME n\u00ba\u00a0<strong>01<\/strong>\/2025, que aprova Ades\u00e3o as Diretrizes Curriculares do Ensino de Computa\u00e7\u00e3o na Educa\u00e7\u00e3o B\u00e1sica do Rio Grande do Norte como documento de refer\u00eancia para a organiza\u00e7\u00e3o curricular da \u00e1rea de Computa\u00e7\u00e3o no \u00e2mbito da rede municipal de ensino de\u00a0<strong>VILA FLOR<\/strong><\/p>\n<p><strong>Art. 2\u00ba<\/strong>\u00a0Estabelecer que a implementa\u00e7\u00e3o do curr\u00edculo homologado ocorrer\u00e1 de forma gradual e preferencialmente transversal \u00e0s \u00e1reas do conhecimento, respeitadas as etapas e modalidades da Educa\u00e7\u00e3o B\u00e1sica, conforme planejamento pedag\u00f3gico da Secretaria Municipal de Educa\u00e7\u00e3o.<\/p>\n<p><strong>Art. 3\u00ba<\/strong>\u00a0Determinar que a Secretaria Municipal de Educa\u00e7\u00e3o promova a\u00e7\u00f5es de forma\u00e7\u00e3o continuada dos profissionais da educa\u00e7\u00e3o, bem como o acompanhamento, o monitoramento e a avalia\u00e7\u00e3o da implementa\u00e7\u00e3o do curr\u00edculo, em articula\u00e7\u00e3o com o Conselho Municipal de Educa\u00e7\u00e3o.<\/p>\n<p><strong>Art. 4\u00ba<\/strong>\u00a0Esta Portaria entra em vigor na data de sua publica\u00e7\u00e3o.<\/p>\n<p>Munic\u00edpio de Vila Flor, 23 de dezembro de 2025.<\/p>\n<p>&nbsp;<\/p>\n<p>____________________________________________________<\/p>\n<p><strong>Ren\u00e1gia Costa Augustinho<\/strong><\/p>\n<p><strong>Secret\u00e1ria Municipal de Educa\u00e7\u00e3o<\/strong><\/p>\n<p style=\"text-align: right;\"><strong>Publicado por:<\/strong><br \/>\nGRINALDO JOAQUIM DE SOUZA<br \/>\nSecret\u00e1rio Municipal de Administra\u00e7\u00e3o<br \/>\n<strong>C\u00f3digo Identificador:<\/strong>\u00a0BG37ZPU18O<\/p>\n<div class=\"pdfprnt-buttons pdfprnt-buttons-post pdfprnt-bottom-right\"><a href=\"https:\/\/vilaflor.rn.gov.br\/transparencia\/wp-json\/wp\/v2\/posts\/4090?print=pdf\" class=\"pdfprnt-button pdfprnt-button-pdf\" target=\"_blank\"><img decoding=\"async\" src=\"https:\/\/vilaflor.rn.gov.br\/transparencia\/wp-content\/plugins\/pdf-print\/images\/pdf.png\" alt=\"image_pdf\" title=\"Baixar PDF\" \/><\/a><a href=\"https:\/\/vilaflor.rn.gov.br\/transparencia\/wp-json\/wp\/v2\/posts\/4090?print=print\" class=\"pdfprnt-button pdfprnt-button-print\" target=\"_blank\"><img decoding=\"async\" src=\"https:\/\/vilaflor.rn.gov.br\/transparencia\/wp-content\/plugins\/pdf-print\/images\/print.png\" alt=\"image_print\" title=\"Conte\u00fado de impress\u00e3o\" \/><\/a><\/div>","protected":false},"excerpt":{"rendered":"<p>ESTADO DO RIO GRANDE DO NORTE PREFEITURA MUNICIPAL DE VILA FLOR Disp\u00f5e sobre a homologa\u00e7\u00e3o do Parecer CME n\u00ba\u00a001\/2025, que aprova a Ades\u00e3o as Diretrizes Curriculares do Ensino de Computa\u00e7\u00e3o na Educa\u00e7\u00e3o B\u00e1sica do Rio Grande do Norte, no \u00e2mbito da rede municipal de ensino. &nbsp; A\u00a0SECRET\u00c1RIA MUNICIPAL DE EDUCA\u00c7\u00c3O DE VILA FLOR, no uso [&hellip;]<\/p>\n","protected":false},"author":1,"featured_media":0,"comment_status":"open","ping_status":"open","sticky":false,"template":"","format":"standard","meta":{"ocean_post_layout":"","ocean_both_sidebars_style":"","ocean_both_sidebars_content_width":0,"ocean_both_sidebars_sidebars_width":0,"ocean_sidebar":"0","ocean_second_sidebar":"0","ocean_disable_margins":"enable","ocean_add_body_class":"","ocean_shortcode_before_top_bar":"","ocean_shortcode_after_top_bar":"","ocean_shortcode_before_header":"","ocean_shortcode_after_header":"","ocean_has_shortcode":"","ocean_shortcode_after_title":"","ocean_shortcode_before_footer_widgets":"","ocean_shortcode_after_footer_widgets":"","ocean_shortcode_before_footer_bottom":"","ocean_shortcode_after_footer_bottom":"","ocean_display_top_bar":"default","ocean_display_header":"default","ocean_header_style":"","ocean_center_header_left_menu":"0","ocean_custom_header_template":"0","ocean_custom_logo":0,"ocean_custom_retina_logo":0,"ocean_custom_logo_max_width":0,"ocean_custom_logo_tablet_max_width":0,"ocean_custom_logo_mobile_max_width":0,"ocean_custom_logo_max_height":0,"ocean_custom_logo_tablet_max_height":0,"ocean_custom_logo_mobile_max_height":0,"ocean_header_custom_menu":"0","ocean_menu_typo_font_family":"0","ocean_menu_typo_font_subset":"","ocean_menu_typo_font_size":0,"ocean_menu_typo_font_size_tablet":0,"ocean_menu_typo_font_size_mobile":0,"ocean_menu_typo_font_size_unit":"px","ocean_menu_typo_font_weight":"","ocean_menu_typo_font_weight_tablet":"","ocean_menu_typo_font_weight_mobile":"","ocean_menu_typo_transform":"","ocean_menu_typo_transform_tablet":"","ocean_menu_typo_transform_mobile":"","ocean_menu_typo_line_height":0,"ocean_menu_typo_line_height_tablet":0,"ocean_menu_typo_line_height_mobile":0,"ocean_menu_typo_line_height_unit":"","ocean_menu_typo_spacing":0,"ocean_menu_typo_spacing_tablet":0,"ocean_menu_typo_spacing_mobile":0,"ocean_menu_typo_spacing_unit":"","ocean_menu_link_color":"","ocean_menu_link_color_hover":"","ocean_menu_link_color_active":"","ocean_menu_link_background":"","ocean_menu_link_hover_background":"","ocean_menu_link_active_background":"","ocean_menu_social_links_bg":"","ocean_menu_social_hover_links_bg":"","ocean_menu_social_links_color":"","ocean_menu_social_hover_links_color":"","ocean_disable_title":"default","ocean_disable_heading":"default","ocean_post_title":"","ocean_post_subheading":"","ocean_post_title_style":"","ocean_post_title_background_color":"","ocean_post_title_background":0,"ocean_post_title_bg_image_position":"","ocean_post_title_bg_image_attachment":"","ocean_post_title_bg_image_repeat":"","ocean_post_title_bg_image_size":"","ocean_post_title_height":0,"ocean_post_title_bg_overlay":0.5,"ocean_post_title_bg_overlay_color":"","ocean_disable_breadcrumbs":"default","ocean_breadcrumbs_color":"","ocean_breadcrumbs_separator_color":"","ocean_breadcrumbs_links_color":"","ocean_breadcrumbs_links_hover_color":"","ocean_display_footer_widgets":"default","ocean_display_footer_bottom":"default","ocean_custom_footer_template":"0","ocean_post_oembed":"","ocean_post_self_hosted_media":"","ocean_post_video_embed":"","ocean_link_format":"","ocean_link_format_target":"self","ocean_quote_format":"","ocean_quote_format_link":"post","ocean_gallery_link_images":"on","ocean_gallery_id":[],"footnotes":""},"categories":[16,24,26],"tags":[],"class_list":["post-4090","post","type-post","status-publish","format-standard","hentry","category-legislacao","category-portarias","category-portarias-2025","entry"],"_links":{"self":[{"href":"https:\/\/vilaflor.rn.gov.br\/transparencia\/wp-json\/wp\/v2\/posts\/4090","targetHints":{"allow":["GET"]}}],"collection":[{"href":"https:\/\/vilaflor.rn.gov.br\/transparencia\/wp-json\/wp\/v2\/posts"}],"about":[{"href":"https:\/\/vilaflor.rn.gov.br\/transparencia\/wp-json\/wp\/v2\/types\/post"}],"author":[{"embeddable":true,"href":"https:\/\/vilaflor.rn.gov.br\/transparencia\/wp-json\/wp\/v2\/users\/1"}],"replies":[{"embeddable":true,"href":"https:\/\/vilaflor.rn.gov.br\/transparencia\/wp-json\/wp\/v2\/comments?post=4090"}],"version-history":[{"count":1,"href":"https:\/\/vilaflor.rn.gov.br\/transparencia\/wp-json\/wp\/v2\/posts\/4090\/revisions"}],"predecessor-version":[{"id":4091,"href":"https:\/\/vilaflor.rn.gov.br\/transparencia\/wp-json\/wp\/v2\/posts\/4090\/revisions\/4091"}],"wp:attachment":[{"href":"https:\/\/vilaflor.rn.gov.br\/transparencia\/wp-json\/wp\/v2\/media?parent=4090"}],"wp:term":[{"taxonomy":"category","embeddable":true,"href":"https:\/\/vilaflor.rn.gov.br\/transparencia\/wp-json\/wp\/v2\/categories?post=4090"},{"taxonomy":"post_tag","embeddable":true,"href":"https:\/\/vilaflor.rn.gov.br\/transparencia\/wp-json\/wp\/v2\/tags?post=4090"}],"curies":[{"name":"wp","href":"https:\/\/api.w.org\/{rel}","templated":true}]}}