{"id":4083,"date":"2025-12-12T15:37:35","date_gmt":"2025-12-12T18:37:35","guid":{"rendered":"https:\/\/vilaflor.rn.gov.br\/transparencia\/?p=4083"},"modified":"2025-12-15T15:38:59","modified_gmt":"2025-12-15T18:38:59","slug":"portaria-no-62-2025-semas-nomeia-membros-para-o-conselho-municipal-de-assistencia-no-ambito-do-municipio-de-vila-flor-rn","status":"publish","type":"post","link":"https:\/\/vilaflor.rn.gov.br\/transparencia\/portaria-no-62-2025-semas-nomeia-membros-para-o-conselho-municipal-de-assistencia-no-ambito-do-municipio-de-vila-flor-rn\/","title":{"rendered":"PORTARIA N\u00ba 62\/2025 \u2013 SEMAS &#8211; Nomeia membros para o Conselho Municipal de Assist\u00eancia, no \u00e2mbito do Munic\u00edpio de Vila Flor\/RN."},"content":{"rendered":"<p><strong>ESTADO DO RIO GRANDE DO NORTE<\/strong><br \/>\n<strong>PREFEITURA MUNICIPAL DE VILA FLOR<\/strong><\/p>\n<p><em>Nomeia membros para o Conselho Municipal de Assist\u00eancia, no \u00e2mbito do Munic\u00edpio de Vila Flor\/RN.<\/em><\/p>\n<p><em>\u00a0<\/em><\/p>\n<p>&nbsp;<\/p>\n<p>A PREFEITA CONSTITUCIONAL DO MUNIC\u00cdPIO <strong>DE VILA FLOR,\u00a0<\/strong>Estado do Rio Grande do Norte, no uso das atribui\u00e7\u00f5es legais,<\/p>\n<p>&nbsp;<\/p>\n<p><strong>CONSIDERANDO<\/strong>\u00a0a Lei Municipal 223\/2005 que rege o Conselho Municipal de Assist\u00eancia Social de Vila Flor\/RN,<\/p>\n<p>&nbsp;<\/p>\n<p>RESOLVE:<\/p>\n<p><strong>\u00a0<\/strong><\/p>\n<p><strong>Art. 1\u00ba NOMEAR\u00a0<\/strong>a nova composi\u00e7\u00e3o do Conselho Municipal de Educa\u00e7\u00e3o de Vila Flor\/RN, para o bi\u00eanio 2025\/2027, com os seguintes membros:<\/p>\n<p>&nbsp;<\/p>\n<p>REPRESENTANTES DO PODER P\u00daBLICO MUNICIPAL<\/p>\n<p>Representante da Secretaria Municipal de Assist\u00eancia Social<\/p>\n<p>Titular \u2013 Rubia Flaustino Cruz Cruz CPF: 011.***.***-84 \u2013 Vice presidente<\/p>\n<p>Suplente \u2013 Reneane Valdivino de Brito Matos CPF: 101.***.***-24<\/p>\n<p>Representantes da Secretaria Mnicipal de Sa\u00fade<\/p>\n<p>T\u00edtular \u2013 Kleyson Alves de Lima CPF: 109.***.***-25<\/p>\n<p>Suplente \u2013 Maria do Desterro Leandro de Santana CPF: 106.***.***-37<\/p>\n<p>Representantes da Secretaria Muicipal de Administra\u00e7\u00e3o\/Finan\u00e7a<\/p>\n<p>Titular \u2013 Livanne da Silva Marinho CPF: 111.***.***-24<\/p>\n<p>Suplente \u2013 Gerlani Maria Barbosa CPF:048.***.***-70<\/p>\n<p>Representante da Secretaria Municipal de Educa\u00e7\u00e3o<\/p>\n<p>Titular \u2013 Valdeir Felix Barbosa CPF: 701.***.***-10<\/p>\n<p>Suplente \u2013 Maria da Concei\u00e7\u00e3o Cruz da Silva CPF: 012.***.***-10<\/p>\n<p>REPRSENTANTES DE ENTIDADES N\u00c3O GOVERNAMENTAIS<\/p>\n<p>Representantes da Igreja Cat\u00f3lica<\/p>\n<p>Titular \u2013 Geilda Maria da Rocha CPF: 481. ***.***-72<\/p>\n<p>Suplente \u2013 Irene Vicente da Silva CPF: 297.***.***-20<\/p>\n<p>Representantes da Igreja Evang\u00e9lica<\/p>\n<p>Titular \u2013 Katiene Cruz Martins CPF: 071.***.***-27<\/p>\n<p>Suplente \u2013 Wanderl\u00e9a Felismino da Silva Bezerra CPF: 101.***.***-10<\/p>\n<p>Representantes dos Trabalhadores Rurais<\/p>\n<p>Titular \u2013 \u00a0Manoel do Desterro do Nascimento \u2013 701.***.***-72<\/p>\n<p>Suplente \u2013 Oziel Jos\u00e9 Costa CPF 777.***.***-30<\/p>\n<p>Representantes da Sociedade Civil<\/p>\n<p>Titular \u2013 Eliezio Paulo da Silva \u2013 CPF: 701.***.***-87 \u2013 Presidente<\/p>\n<p>Suplente \u2013 Jane Patricia Gomes \u2013 CPF:054.***.***-73<\/p>\n<p><strong>\u00a0<\/strong><\/p>\n<p>&nbsp;<\/p>\n<p><strong>Art. 2\u00ba\u00a0<\/strong>Esta Portaria entrar\u00e1 em vigor a partir desta data, \u00a0revogadas \u00e0s disposi\u00e7\u00f5es em contr\u00e1rio.<\/p>\n<p>&nbsp;<\/p>\n<p>Registre-se. Publique-se. Cumpra-se.<\/p>\n<p><strong>\u00a0<\/strong><\/p>\n<p>Vila Flor\/RN, em 11 de dezembro de 2025.<\/p>\n<p>&nbsp;<\/p>\n<p><strong><em>THUANNE KARLA CARVALHO DE SOUZA<\/em><\/strong><\/p>\n<p>Prefeita Municipal<\/p>\n<p style=\"text-align: right;\"><strong>Publicado por:<\/strong><br \/>\nGRINALDO JOAQUIM DE SOUZA<br \/>\nSecret\u00e1rio Municipal de Administra\u00e7\u00e3o<br \/>\n<strong>C\u00f3digo Identificador:<\/strong>\u00a0BSBV6QKDYR<\/p>\n<div class=\"pdfprnt-buttons pdfprnt-buttons-post pdfprnt-bottom-right\"><a href=\"https:\/\/vilaflor.rn.gov.br\/transparencia\/wp-json\/wp\/v2\/posts\/4083?print=pdf\" class=\"pdfprnt-button pdfprnt-button-pdf\" target=\"_blank\"><img decoding=\"async\" src=\"https:\/\/vilaflor.rn.gov.br\/transparencia\/wp-content\/plugins\/pdf-print\/images\/pdf.png\" alt=\"image_pdf\" title=\"Baixar PDF\" \/><\/a><a href=\"https:\/\/vilaflor.rn.gov.br\/transparencia\/wp-json\/wp\/v2\/posts\/4083?print=print\" class=\"pdfprnt-button pdfprnt-button-print\" target=\"_blank\"><img decoding=\"async\" src=\"https:\/\/vilaflor.rn.gov.br\/transparencia\/wp-content\/plugins\/pdf-print\/images\/print.png\" alt=\"image_print\" title=\"Conte\u00fado de impress\u00e3o\" \/><\/a><\/div>","protected":false},"excerpt":{"rendered":"<p>ESTADO DO RIO GRANDE DO NORTE PREFEITURA MUNICIPAL DE VILA FLOR Nomeia membros para o Conselho Municipal de Assist\u00eancia, no \u00e2mbito do Munic\u00edpio de Vila Flor\/RN. \u00a0 &nbsp; A PREFEITA CONSTITUCIONAL DO MUNIC\u00cdPIO DE VILA FLOR,\u00a0Estado do Rio Grande do Norte, no uso das atribui\u00e7\u00f5es legais, &nbsp; CONSIDERANDO\u00a0a Lei Municipal 223\/2005 que rege o Conselho [&hellip;]<\/p>\n","protected":false},"author":1,"featured_media":0,"comment_status":"open","ping_status":"open","sticky":false,"template":"","format":"standard","meta":{"ocean_post_layout":"","ocean_both_sidebars_style":"","ocean_both_sidebars_content_width":0,"ocean_both_sidebars_sidebars_width":0,"ocean_sidebar":"0","ocean_second_sidebar":"0","ocean_disable_margins":"enable","ocean_add_body_class":"","ocean_shortcode_before_top_bar":"","ocean_shortcode_after_top_bar":"","ocean_shortcode_before_header":"","ocean_shortcode_after_header":"","ocean_has_shortcode":"","ocean_shortcode_after_title":"","ocean_shortcode_before_footer_widgets":"","ocean_shortcode_after_footer_widgets":"","ocean_shortcode_before_footer_bottom":"","ocean_shortcode_after_footer_bottom":"","ocean_display_top_bar":"default","ocean_display_header":"default","ocean_header_style":"","ocean_center_header_left_menu":"0","ocean_custom_header_template":"0","ocean_custom_logo":0,"ocean_custom_retina_logo":0,"ocean_custom_logo_max_width":0,"ocean_custom_logo_tablet_max_width":0,"ocean_custom_logo_mobile_max_width":0,"ocean_custom_logo_max_height":0,"ocean_custom_logo_tablet_max_height":0,"ocean_custom_logo_mobile_max_height":0,"ocean_header_custom_menu":"0","ocean_menu_typo_font_family":"0","ocean_menu_typo_font_subset":"","ocean_menu_typo_font_size":0,"ocean_menu_typo_font_size_tablet":0,"ocean_menu_typo_font_size_mobile":0,"ocean_menu_typo_font_size_unit":"px","ocean_menu_typo_font_weight":"","ocean_menu_typo_font_weight_tablet":"","ocean_menu_typo_font_weight_mobile":"","ocean_menu_typo_transform":"","ocean_menu_typo_transform_tablet":"","ocean_menu_typo_transform_mobile":"","ocean_menu_typo_line_height":0,"ocean_menu_typo_line_height_tablet":0,"ocean_menu_typo_line_height_mobile":0,"ocean_menu_typo_line_height_unit":"","ocean_menu_typo_spacing":0,"ocean_menu_typo_spacing_tablet":0,"ocean_menu_typo_spacing_mobile":0,"ocean_menu_typo_spacing_unit":"","ocean_menu_link_color":"","ocean_menu_link_color_hover":"","ocean_menu_link_color_active":"","ocean_menu_link_background":"","ocean_menu_link_hover_background":"","ocean_menu_link_active_background":"","ocean_menu_social_links_bg":"","ocean_menu_social_hover_links_bg":"","ocean_menu_social_links_color":"","ocean_menu_social_hover_links_color":"","ocean_disable_title":"default","ocean_disable_heading":"default","ocean_post_title":"","ocean_post_subheading":"","ocean_post_title_style":"","ocean_post_title_background_color":"","ocean_post_title_background":0,"ocean_post_title_bg_image_position":"","ocean_post_title_bg_image_attachment":"","ocean_post_title_bg_image_repeat":"","ocean_post_title_bg_image_size":"","ocean_post_title_height":0,"ocean_post_title_bg_overlay":0.5,"ocean_post_title_bg_overlay_color":"","ocean_disable_breadcrumbs":"default","ocean_breadcrumbs_color":"","ocean_breadcrumbs_separator_color":"","ocean_breadcrumbs_links_color":"","ocean_breadcrumbs_links_hover_color":"","ocean_display_footer_widgets":"default","ocean_display_footer_bottom":"default","ocean_custom_footer_template":"0","ocean_post_oembed":"","ocean_post_self_hosted_media":"","ocean_post_video_embed":"","ocean_link_format":"","ocean_link_format_target":"self","ocean_quote_format":"","ocean_quote_format_link":"post","ocean_gallery_link_images":"on","ocean_gallery_id":[],"footnotes":""},"categories":[16,24,26],"tags":[],"class_list":["post-4083","post","type-post","status-publish","format-standard","hentry","category-legislacao","category-portarias","category-portarias-2025","entry"],"_links":{"self":[{"href":"https:\/\/vilaflor.rn.gov.br\/transparencia\/wp-json\/wp\/v2\/posts\/4083","targetHints":{"allow":["GET"]}}],"collection":[{"href":"https:\/\/vilaflor.rn.gov.br\/transparencia\/wp-json\/wp\/v2\/posts"}],"about":[{"href":"https:\/\/vilaflor.rn.gov.br\/transparencia\/wp-json\/wp\/v2\/types\/post"}],"author":[{"embeddable":true,"href":"https:\/\/vilaflor.rn.gov.br\/transparencia\/wp-json\/wp\/v2\/users\/1"}],"replies":[{"embeddable":true,"href":"https:\/\/vilaflor.rn.gov.br\/transparencia\/wp-json\/wp\/v2\/comments?post=4083"}],"version-history":[{"count":1,"href":"https:\/\/vilaflor.rn.gov.br\/transparencia\/wp-json\/wp\/v2\/posts\/4083\/revisions"}],"predecessor-version":[{"id":4084,"href":"https:\/\/vilaflor.rn.gov.br\/transparencia\/wp-json\/wp\/v2\/posts\/4083\/revisions\/4084"}],"wp:attachment":[{"href":"https:\/\/vilaflor.rn.gov.br\/transparencia\/wp-json\/wp\/v2\/media?parent=4083"}],"wp:term":[{"taxonomy":"category","embeddable":true,"href":"https:\/\/vilaflor.rn.gov.br\/transparencia\/wp-json\/wp\/v2\/categories?post=4083"},{"taxonomy":"post_tag","embeddable":true,"href":"https:\/\/vilaflor.rn.gov.br\/transparencia\/wp-json\/wp\/v2\/tags?post=4083"}],"curies":[{"name":"wp","href":"https:\/\/api.w.org\/{rel}","templated":true}]}}