{"id":4081,"date":"2025-11-26T15:36:31","date_gmt":"2025-11-26T18:36:31","guid":{"rendered":"https:\/\/vilaflor.rn.gov.br\/transparencia\/?p=4081"},"modified":"2025-12-15T15:37:18","modified_gmt":"2025-12-15T18:37:18","slug":"portaria-no-061-2025-dispoe-sobre-a-nomeacao-da-equipe-tecnica-e-equipe-local-plano-de-acoes-articuladas-novo-par-ciclo-5-2025-2028-do-municipio","status":"publish","type":"post","link":"https:\/\/vilaflor.rn.gov.br\/transparencia\/portaria-no-061-2025-dispoe-sobre-a-nomeacao-da-equipe-tecnica-e-equipe-local-plano-de-acoes-articuladas-novo-par-ciclo-5-2025-2028-do-municipio\/","title":{"rendered":"PORTARIA N\u00ba 061\/2025 &#8211; Disp\u00f5e sobre a nomea\u00e7\u00e3o da Equipe T\u00e9cnica e Equipe Local Plano de A\u00e7\u00f5es Articuladas \u2013 NOVO PAR \u2013 Ciclo 5, 2025-2028, do municipio."},"content":{"rendered":"<p><strong>ESTADO DO RIO GRANDE DO NORTE<\/strong><br \/>\n<strong>PREFEITURA MUNICIPAL DE VILA FLOR<\/strong><\/p>\n<p>Disp\u00f5e sobre a nomea\u00e7\u00e3o da Equipe T\u00e9cnica e Equipe Local Plano de A\u00e7\u00f5es Articuladas \u2013 NOVO PAR \u2013 Ciclo 5, 2025-2028, do municipio.<\/p>\n<p><strong>\u00a0<\/strong><\/p>\n<p>A Prefeita do Munic\u00edpio de Vila Flor, Estado do Rio Grande do Norte, usando de suas atribui\u00e7\u00f5es legais;<\/p>\n<p>&nbsp;<\/p>\n<p>&nbsp;<\/p>\n<p>RESOLVE:<\/p>\n<p><strong>Art. 1\u00ba\u00a0<\/strong>\u00a0Nomear os membros da Equipe T\u00e9cnica e Equipe Local do plano de A\u00e7\u00f5es Articuladasno NOVO PAR \u2013 Ciclo 5, 2025-2028, munic\u00edpio de Vila Flor\/RN, com suas atribui\u00e7\u00f5es:<\/p>\n<ol>\n<li><strong>DIRIGENTES<\/strong><\/li>\n<li>Prefeita: Thuanne Karla Carvalho de Souza<\/li>\n<li>Secret\u00e1ria de Educa\u00e7\u00e3o: Renagia Costa Augustinho<\/li>\n<li><strong>EQUIPE T\u00c9CNICA<\/strong><\/li>\n<li>Coordenadora PAR: Ju\u00e2ngela Marinho de Carvalho<\/li>\n<li>Articulador Ped\u00e1gogico: Jhoseff Douglas Marinho Vieira<\/li>\n<li>Tecnica do PAR: Sayonara Lorenna Campos de Melo Ferreira<\/li>\n<\/ol>\n<ul>\n<li><strong>EQUIPE LOCAL<\/strong><\/li>\n<\/ul>\n<ol>\n<li>T\u00e9cnicos da Secretaria de Educa\u00e7\u00e3o: Leila de Oliveira Felix Lopes<\/li>\n<li>Representantes dos (as) diretores (as) de escola: Maria do Rosario de Oliveira<\/li>\n<li>Represetantes de professores do Atendimento Educacional Especializado (AEEs):<\/li>\n<li>Representantes do (as) coordenadores (as) ou supervisores escolares:<\/li>\n<li>Representantes do quadro t\u00e9cnico administrativo das escolas:<\/li>\n<li>Representantes do Conselho Municipal de Educa\u00e7\u00e3o (quando houver):<\/li>\n<\/ol>\n<p>Art. 2\u00ba Caber\u00e1 \u00e0 equipe t\u00e9cnica e local<\/p>\n<ul>\n<li>1\u00ba. Participar das Reuni\u00f5es agendadas, a fim de entender a logica do PAR, apresentar e discutir propostas;<\/li>\n<li>2\u00ba. Elaborar, implementar e monitorar a execu\u00e7\u00e3o do PAR e dar suporte ao trabalho da Equipe T\u00e9cnica.<\/li>\n<\/ul>\n<p>Art. 3\u00ba Esta portaria entra em vigor na data de sua publica\u00e7\u00e3o, revogada as disposi\u00e7oes em contr\u00e1rio.<\/p>\n<p>&nbsp;<\/p>\n<p>Registre-se, publique-se e cumpra-se.<\/p>\n<p>&nbsp;<\/p>\n<p>Gabinete da Prefeita do Munic\u00edpio de Vila Flor, em 25 de novembro de 2025.<\/p>\n<p>&nbsp;<\/p>\n<p>&nbsp;<\/p>\n<p>THUANNE KARLA CARVALHO DE SOUZA<\/p>\n<p>Prefeita Municipal<\/p>\n<p style=\"text-align: right;\"><strong>Publicado por:<\/strong><br \/>\nGRINALDO JOAQUIM DE SOUZA<br \/>\nSecret\u00e1rio Municipal de Administra\u00e7\u00e3o<br \/>\n<strong>C\u00f3digo Identificador:<\/strong>\u00a0PJ3NFD8IXF<\/p>\n<div class=\"pdfprnt-buttons pdfprnt-buttons-post pdfprnt-bottom-right\"><a href=\"https:\/\/vilaflor.rn.gov.br\/transparencia\/wp-json\/wp\/v2\/posts\/4081?print=pdf\" class=\"pdfprnt-button pdfprnt-button-pdf\" target=\"_blank\"><img decoding=\"async\" src=\"https:\/\/vilaflor.rn.gov.br\/transparencia\/wp-content\/plugins\/pdf-print\/images\/pdf.png\" alt=\"image_pdf\" title=\"Baixar PDF\" \/><\/a><a href=\"https:\/\/vilaflor.rn.gov.br\/transparencia\/wp-json\/wp\/v2\/posts\/4081?print=print\" class=\"pdfprnt-button pdfprnt-button-print\" target=\"_blank\"><img decoding=\"async\" src=\"https:\/\/vilaflor.rn.gov.br\/transparencia\/wp-content\/plugins\/pdf-print\/images\/print.png\" alt=\"image_print\" title=\"Conte\u00fado de impress\u00e3o\" \/><\/a><\/div>","protected":false},"excerpt":{"rendered":"<p>ESTADO DO RIO GRANDE DO NORTE PREFEITURA MUNICIPAL DE VILA FLOR Disp\u00f5e sobre a nomea\u00e7\u00e3o da Equipe T\u00e9cnica e Equipe Local Plano de A\u00e7\u00f5es Articuladas \u2013 NOVO PAR \u2013 Ciclo 5, 2025-2028, do municipio. \u00a0 A Prefeita do Munic\u00edpio de Vila Flor, Estado do Rio Grande do Norte, usando de suas atribui\u00e7\u00f5es legais; &nbsp; &nbsp; [&hellip;]<\/p>\n","protected":false},"author":1,"featured_media":0,"comment_status":"open","ping_status":"open","sticky":false,"template":"","format":"standard","meta":{"ocean_post_layout":"","ocean_both_sidebars_style":"","ocean_both_sidebars_content_width":0,"ocean_both_sidebars_sidebars_width":0,"ocean_sidebar":"0","ocean_second_sidebar":"0","ocean_disable_margins":"enable","ocean_add_body_class":"","ocean_shortcode_before_top_bar":"","ocean_shortcode_after_top_bar":"","ocean_shortcode_before_header":"","ocean_shortcode_after_header":"","ocean_has_shortcode":"","ocean_shortcode_after_title":"","ocean_shortcode_before_footer_widgets":"","ocean_shortcode_after_footer_widgets":"","ocean_shortcode_before_footer_bottom":"","ocean_shortcode_after_footer_bottom":"","ocean_display_top_bar":"default","ocean_display_header":"default","ocean_header_style":"","ocean_center_header_left_menu":"0","ocean_custom_header_template":"0","ocean_custom_logo":0,"ocean_custom_retina_logo":0,"ocean_custom_logo_max_width":0,"ocean_custom_logo_tablet_max_width":0,"ocean_custom_logo_mobile_max_width":0,"ocean_custom_logo_max_height":0,"ocean_custom_logo_tablet_max_height":0,"ocean_custom_logo_mobile_max_height":0,"ocean_header_custom_menu":"0","ocean_menu_typo_font_family":"0","ocean_menu_typo_font_subset":"","ocean_menu_typo_font_size":0,"ocean_menu_typo_font_size_tablet":0,"ocean_menu_typo_font_size_mobile":0,"ocean_menu_typo_font_size_unit":"px","ocean_menu_typo_font_weight":"","ocean_menu_typo_font_weight_tablet":"","ocean_menu_typo_font_weight_mobile":"","ocean_menu_typo_transform":"","ocean_menu_typo_transform_tablet":"","ocean_menu_typo_transform_mobile":"","ocean_menu_typo_line_height":0,"ocean_menu_typo_line_height_tablet":0,"ocean_menu_typo_line_height_mobile":0,"ocean_menu_typo_line_height_unit":"","ocean_menu_typo_spacing":0,"ocean_menu_typo_spacing_tablet":0,"ocean_menu_typo_spacing_mobile":0,"ocean_menu_typo_spacing_unit":"","ocean_menu_link_color":"","ocean_menu_link_color_hover":"","ocean_menu_link_color_active":"","ocean_menu_link_background":"","ocean_menu_link_hover_background":"","ocean_menu_link_active_background":"","ocean_menu_social_links_bg":"","ocean_menu_social_hover_links_bg":"","ocean_menu_social_links_color":"","ocean_menu_social_hover_links_color":"","ocean_disable_title":"default","ocean_disable_heading":"default","ocean_post_title":"","ocean_post_subheading":"","ocean_post_title_style":"","ocean_post_title_background_color":"","ocean_post_title_background":0,"ocean_post_title_bg_image_position":"","ocean_post_title_bg_image_attachment":"","ocean_post_title_bg_image_repeat":"","ocean_post_title_bg_image_size":"","ocean_post_title_height":0,"ocean_post_title_bg_overlay":0.5,"ocean_post_title_bg_overlay_color":"","ocean_disable_breadcrumbs":"default","ocean_breadcrumbs_color":"","ocean_breadcrumbs_separator_color":"","ocean_breadcrumbs_links_color":"","ocean_breadcrumbs_links_hover_color":"","ocean_display_footer_widgets":"default","ocean_display_footer_bottom":"default","ocean_custom_footer_template":"0","ocean_post_oembed":"","ocean_post_self_hosted_media":"","ocean_post_video_embed":"","ocean_link_format":"","ocean_link_format_target":"self","ocean_quote_format":"","ocean_quote_format_link":"post","ocean_gallery_link_images":"on","ocean_gallery_id":[],"footnotes":""},"categories":[16,24,26],"tags":[],"class_list":["post-4081","post","type-post","status-publish","format-standard","hentry","category-legislacao","category-portarias","category-portarias-2025","entry"],"_links":{"self":[{"href":"https:\/\/vilaflor.rn.gov.br\/transparencia\/wp-json\/wp\/v2\/posts\/4081","targetHints":{"allow":["GET"]}}],"collection":[{"href":"https:\/\/vilaflor.rn.gov.br\/transparencia\/wp-json\/wp\/v2\/posts"}],"about":[{"href":"https:\/\/vilaflor.rn.gov.br\/transparencia\/wp-json\/wp\/v2\/types\/post"}],"author":[{"embeddable":true,"href":"https:\/\/vilaflor.rn.gov.br\/transparencia\/wp-json\/wp\/v2\/users\/1"}],"replies":[{"embeddable":true,"href":"https:\/\/vilaflor.rn.gov.br\/transparencia\/wp-json\/wp\/v2\/comments?post=4081"}],"version-history":[{"count":1,"href":"https:\/\/vilaflor.rn.gov.br\/transparencia\/wp-json\/wp\/v2\/posts\/4081\/revisions"}],"predecessor-version":[{"id":4082,"href":"https:\/\/vilaflor.rn.gov.br\/transparencia\/wp-json\/wp\/v2\/posts\/4081\/revisions\/4082"}],"wp:attachment":[{"href":"https:\/\/vilaflor.rn.gov.br\/transparencia\/wp-json\/wp\/v2\/media?parent=4081"}],"wp:term":[{"taxonomy":"category","embeddable":true,"href":"https:\/\/vilaflor.rn.gov.br\/transparencia\/wp-json\/wp\/v2\/categories?post=4081"},{"taxonomy":"post_tag","embeddable":true,"href":"https:\/\/vilaflor.rn.gov.br\/transparencia\/wp-json\/wp\/v2\/tags?post=4081"}],"curies":[{"name":"wp","href":"https:\/\/api.w.org\/{rel}","templated":true}]}}