{"id":3958,"date":"2025-09-15T17:18:33","date_gmt":"2025-09-15T20:18:33","guid":{"rendered":"https:\/\/vilaflor.rn.gov.br\/transparencia\/?p=3958"},"modified":"2025-09-25T17:26:24","modified_gmt":"2025-09-25T20:26:24","slug":"aviso-de-dispensa-de-licitacao-n-028-2025","status":"publish","type":"post","link":"https:\/\/vilaflor.rn.gov.br\/transparencia\/aviso-de-dispensa-de-licitacao-n-028-2025\/","title":{"rendered":"AVISO DE DISPENSA DE LICITA\u00c7\u00c3O N\u00b0 028\/2025"},"content":{"rendered":"<p style=\"text-align: center;\"><strong>ESTADO DO RIO GRANDE DO NORTE<\/strong><br \/>\n<strong>PREFEITURA MUNICIPAL DE VILA FLOR<\/strong><\/p>\n<p><strong>DADOS DO AVISO<\/strong><\/p>\n<p>Vila Flor\/RN, em 12 de setembro de 2025.<\/p>\n<p><strong>PROCESSO ADMINISTRATIVO:\u00a0<\/strong>08090001\/2025<\/p>\n<p>&nbsp;<\/p>\n<p><strong>DATA E HORA LIMITE PARA ENTREGA DA PROPOSTA DE PRE\u00c7O E DOCUMENTOS DE HABILITA\u00c7\u00c3O<\/strong><\/p>\n<p>&nbsp;<\/p>\n<p>At\u00e9 dia 18\/09\/2025, \u00e0s 09:00h<\/p>\n<p><strong>REFER\u00caNCIA DE HOR\u00c1RIO<\/strong><\/p>\n<p><strong>\u00a0<\/strong><\/p>\n<p>Hor\u00e1rio de Brasilia \u2013 DF<\/p>\n<p><strong>ENDERE\u00c7O ELETR\u00d4NICO PARA ENVIO DA PROPOSTA E DOCUMENTOS DE HABILITA\u00c7\u00c3O<\/strong><\/p>\n<p><strong>\u00a0<\/strong><\/p>\n<p><a href=\"mailto:pmvflicitacoes2021@gmail.com\">PMVFLICITACOES2021@GMAIL.COM<\/a><\/p>\n<p><strong>\u00a0<\/strong><\/p>\n<p>A\u00a0<strong>PREFEITURA MUNICIPAL DE VILA FLOR<\/strong>, atrav\u00e9s da\u00a0<strong>COMISS\u00c3O DE LICITA\u00c7\u00c3O<\/strong>, com sede na Rua Jos\u00e9 Calazans, 169, Centro, Vila Flor\/RN, CEP 59.192-000, inscrita no CNPJ\/MF sob n\u00b0 08.169.278\/0001-07, torna p\u00fablico para conhecimento dos interessados a realiza\u00e7\u00e3o de Chamada P\u00fablica para\u00a0<strong>DISPENSA DE LICITA\u00c7\u00c3O<\/strong>, com crit\u00e9rio de julgamento\u00a0<strong>MENOR PRE\u00c7O GLOBAL<\/strong>, nos termos do Art. n\u00ba 75, inciso I da Lei 14.133\/2021, e de acordo com as condi\u00e7\u00f5es, crit\u00e9rios e procedimentos estabelecidos neste Aviso e seus anexos, objetivando obter a melhor proposta, observadas as datas e hor\u00e1rios discriminados.<\/p>\n<p>OS INTERESSADOS DEVER\u00c3O ACOMPANHAR AS MENSAGENS REFERENTES A ESTE AVISO (RESPOSTAS A QUESTIONAMENTOS, IMPUGNA\u00c7\u00d5ES, RECURSOS, ETC.) NO E-MAIL INSTITUCIONAL, SENDO EXCLUSIVOS RESPONS\u00c1VEIS PELO \u00d4NUS DECORRENTE DA PERDA DE NEG\u00d3CIOS DIANTE DA INOBSERV\u00c2NCIA DE QUAISQUER MENSAGENS EMITIDAS PELO PORTAL.<\/p>\n<p><strong><u>ANEXOS DESTE AVISO<\/u><\/strong><\/p>\n<p><strong>\u00a0<\/strong><\/p>\n<p>Anexo I \u2013 Termo de Refer\u00eancia<\/p>\n<p>Anexo II \u2013 Modelo de Proposta de Pre\u00e7os<\/p>\n<p>Anexo III \u2013 Modelo de Declara\u00e7\u00e3o de cumprimento do disposto no Inc. XXXIII do art. 7\u00ba da Constitui\u00e7\u00e3o Federal<\/p>\n<p>Anexo IV \u2013 Declara\u00e7\u00e3o de reserva de cargos PcD, consoante art. 92, da Lei Federal n\u201d 14.133\/2021<\/p>\n<p>Anexo V \u2013 Declara\u00e7\u00e3o impedimentos do art. 14 da Lei Federal n\u201d 14.133\/2021<\/p>\n<p>Anexo VI \u2013 Modelo de Carta-Contrato<\/p>\n<p><strong>AVISO DE DISPENSA DE LICITA\u00c7\u00c3O N\u00b0 028\/2025<\/strong><\/p>\n<p><strong>\u00a0<\/strong><\/p>\n<ol>\n<li><strong>REG\u00caNCIA LEGAL<\/strong><\/li>\n<\/ol>\n<p>As contra\u00e7\u00f5es atrav\u00e9s de dispensa de licita\u00e7\u00e3o no Prefeitura Municipal de Vila Flor s\u00e3o regidas pelos dispositivos legais:<\/p>\n<ol start=\"14\">\n<li>a) Lei n\u00ba 133\/2021, Art. 75, Inc. I;<\/li>\n<li>Instru\u00e7\u00e3o Normativa SEMGE n\u00ba 05\/2021, aprovada pela Portaria SEMGE n\u00ba 624\/2021.<\/li>\n<\/ol>\n<p>&nbsp;<\/p>\n<ol start=\"2\">\n<li><strong>OBJETO<\/strong><\/li>\n<\/ol>\n<p>O presente termo de refer\u00eancia visa orientar a licita\u00e7\u00e3o para a\u00a0<strong>FUTURA E EVENTUAL CONTRATA\u00c7\u00c3O DE EMPRESA PARA AQUISI\u00c7\u00c3O E INSTALA\u00c7\u00c3O DE ACADEMIAS AO AR LIVRE<\/strong>, Anexo I deste Aviso.<\/p>\n<p>&nbsp;<\/p>\n<ol start=\"3\">\n<li><strong>INFORMA\u00c7\u00d5ES PRELIMINARES<\/strong><\/li>\n<\/ol>\n<p>Os interessados dever\u00e3o proceder, antes da elabora\u00e7\u00e3o das propostas, verifica\u00e7\u00e3o minuciosa de todos os elementos fornecidos, solicitando por escrito ao\u00a0<strong>SETOR DE LICITA\u00c7\u00c3O<\/strong>, via e-mail:\u00a0<a href=\"mailto:atendimento_cosel@salvador.ba.gov.br\"><strong>PMVFLICITACOES2021@GMAIL.COM<\/strong>,<\/a>\u00a0at\u00e9 01 (um) dia \u00fatil antes do prazo final para apresenta\u00e7\u00e3o da documenta\u00e7\u00e3o, as d\u00favidas suscitadas, que ser\u00e3o esclarecidas no pr\u00f3prio e-mail.<\/p>\n<p>&nbsp;<\/p>\n<ol start=\"4\">\n<li><strong>CONDI\u00c7\u00d5ES DE PARTICIPA\u00c7\u00c3O<\/strong>\n<ul>\n<li>Poder\u00e3o participar desta Dispensa de Licita\u00e7\u00e3o, pessoas f\u00edsica ou jur\u00eddica, regularmente estabelecidas no pa\u00eds que atenda \u00e0s condi\u00e7\u00f5es exigidas neste Aviso e seus anexos, devendo pertencer ao ramo da atividade pertinente e compat\u00edvel com o objeto<\/li>\n<\/ul>\n<\/li>\n<\/ol>\n<p>&nbsp;<\/p>\n<ul>\n<li>N\u00e3o poder\u00e3o participar desta Dispensa de Licita\u00e7\u00e3o os interessados:<\/li>\n<\/ul>\n<p>&nbsp;<\/p>\n<ol>\n<li>Proibidos de participar de licita\u00e7\u00f5es e celebrar contratos administrativos, na forma da legisla\u00e7\u00e3o<\/li>\n<li>Que n\u00e3o atendam \u00e0s condi\u00e7\u00f5es deste Aviso e Termo de Refer\u00eancia;<\/li>\n<li>Estrangeiros que n\u00e3o tenham representa\u00e7\u00e3o legal no Brasil com poderes expressos para receber cita\u00e7\u00e3o e responder administrativa ou judicialmente;<\/li>\n<li>Que se enquadrem nas veda\u00e7\u00f5es previstas no artigo 14\u00ba da Lei Federal n\u00b0 133\/21;<\/li>\n<li>Organiza\u00e7\u00f5es da Sociedade Civil de Interesse P\u00fablico \u2013 OSC IP, atuando nessa condi\u00e7\u00e3o (Ac\u00f3rd\u00e3o n\u00b0746\/2014 \u2013 TCU Plen\u00e1rio);<\/li>\n<li>Estejam cumprindo penalidade de suspens\u00e3o tempor\u00e1ria imposta pela Administra\u00e7\u00e3o P\u00fablica Municipal, ou, ainda, penalidade imposta por qualquer \u00f3rg\u00e3o da Administra\u00e7\u00e3o P\u00fablica, nas hip\u00f3teses previstas nos incisos III e IV do 156 da Lei n\u00b0 14.133\/21<\/li>\n<\/ol>\n<p>&nbsp;<\/p>\n<ol start=\"5\">\n<li><strong>ESPECIFICA\u00c7\u00d5ES DO OBJETO, DOTA\u00c7\u00c3O OR\u00c7AMENT\u00c1RIA, PRAZOS E LOCAL DE PRESTA\u00c7\u00c3O DE SERVI\u00c7OS<\/strong><\/li>\n<\/ol>\n<p>As informa\u00e7\u00f5es relativas a especifica\u00e7\u00f5es do objeto, dota\u00e7\u00e3o or\u00e7ament\u00e1ria, prazos e local de entrega est\u00e3o elencadas no termo de Refer\u00eancia anexo I deste Aviso.<\/p>\n<ol start=\"6\">\n<li><strong>PRAZO E FORMA PARA ENVIO DOS DOCUMENTOS DE HABILITA\u00c7\u00c3O E PROPOSTA DE PRE\u00c7O<\/strong>\n<ul>\n<li><strong>PRAZO DE ENTREGA DOS DOCUMENTOS<\/strong>: Esta chamada p\u00fablica para Dispensa de Licita\u00e7\u00e3o ficar\u00e1 aberta por um per\u00edodo de\u00a0<strong>03 (TR\u00caS) DIAS UT\u00c9IS,\u00a0<\/strong>contados a partir da data de publica\u00e7\u00e3o do\u00a0<strong>AVISO<\/strong><strong>DE DISPENSA DE LICITA\u00c7\u00c3O\u00a0<\/strong>na imprensa<\/li>\n<li>A proposta de pre\u00e7os e os documentos de habilita\u00e7\u00e3o, dever\u00e3o ser encaminhados via e-mail, para o endere\u00e7o eletr\u00f4nico:\u00a0<a href=\"mailto:atendimento_cosel@salvador.ba.gov.br\"><strong>PMVFLICITACOES2021@GMAIL.COM<\/strong>,<\/a>fazendo refer\u00eancia no assunto do e-mail a\u00a0<strong>DISPENSA DE LICITA\u00c7\u00c3O N\u00b0 028\/2025.<\/strong><\/li>\n<\/ul>\n<\/li>\n<\/ol>\n<p>&nbsp;<\/p>\n<ol start=\"7\">\n<li>PROPOSTAS DE PRE\u00c7OS<\/li>\n<\/ol>\n<ul>\n<li>A proposta de pre\u00e7os dever\u00e1 ser apresentada na forma, prazo e condi\u00e7\u00f5es estipulados neste Aviso e seus<\/li>\n<li>A proposta dever\u00e1 ser redigida em papel timbrado do interessado, por meio mec\u00e2nico ou informatizado, de forma clara e inequ\u00edvoca, sem emendas, rasuras ou entrelinhas, em estrita observ\u00e2ncia \u00e0s especifica\u00e7\u00f5es contidas neste Aviso, assinada na \u00faltima folha e rubricada nas demais pelo seu titular ou representante legal, devidamente identificado, nela constando, obrigatoriamente:<\/li>\n<\/ul>\n<p>&nbsp;<\/p>\n<ol>\n<li>Raz\u00e3o Social, CNPJ, endere\u00e7o, CEP, telefone\/ e-mail e pessoa de contato;<\/li>\n<li>Pre\u00e7os de acordo com os praticados no mercado, dento do pre\u00e7o m\u00e1ximo que a SEMOP se disp\u00f5e a pagar, em algarismo e por extenso, s\u00f3 reajust\u00e1veis na forma da lei, com valores expressos em moeda corrente nacional (R$). Ocorrendo diverg\u00eancia entre o pre\u00e7o em algarismo e o expresso por extenso, ser\u00e1 levado em conta por extenso.<\/li>\n<li>Prazo de validade de proposta n\u00e3o inferior a 90 (noventa) dias, a contar da data de sua apresenta\u00e7\u00e3o, sendo facultado aos proponentes estender tal validade por prazo<\/li>\n<\/ol>\n<p>&nbsp;<\/p>\n<ul>\n<li>A proposta de pre\u00e7os apresentada dever\u00e1 incluir todas e quaisquer despesas necess\u00e1rias para a execu\u00e7\u00e3o do objeto desta Dispensa de Licita\u00e7\u00e3o, tais como: tributos, emolumentos, contribui\u00e7\u00f5es sociais, fiscais, parafiscais, fretes, seguros e demais despesas inerentes, devendo o pre\u00e7o ofertado corresponder rigorosamente \u00e0s especifica\u00e7\u00f5es do objeto, n\u00e3o cabendo quaisquer reivindica\u00e7\u00f5es devidas a erros nessa avalia\u00e7\u00e3o, para efeito de solicitar revis\u00e3o de pre\u00e7os.<\/li>\n<\/ul>\n<p>&nbsp;<\/p>\n<ul>\n<li>A proposta de pre\u00e7os que n\u00e3o estiver em conson\u00e2ncia com as exig\u00eancias deste Aviso ser\u00e1<\/li>\n<\/ul>\n<p>&nbsp;<\/p>\n<ul>\n<li>Os pre\u00e7os ofertados n\u00e3o poder\u00e3o exceder os pre\u00e7os m\u00e1ximos, constantes neste<\/li>\n<\/ul>\n<p>&nbsp;<\/p>\n<ol start=\"8\">\n<li>DOCUMENTA\u00c7\u00c3O DE HABILITA\u00c7\u00c3O<\/li>\n<\/ol>\n<ul>\n<li>Para fins de comprova\u00e7\u00e3o de habilita\u00e7\u00e3o, dever\u00e3o ser apresentados junto com a proposta de pre\u00e7os, os documentos abaixo relacionados, com prazo vigente, \u00e0 exce\u00e7\u00e3o daqueles que por sua natureza n\u00e3o contenham validade:<\/li>\n<\/ul>\n<p>&nbsp;<\/p>\n<ul>\n<li><strong><u>Habilita\u00e7\u00e3o Jur\u00eddica<\/u><\/strong>\n<ol>\n<li>Ato constitutivo, estatuto ou contrato social em vigor, devidamente registrado ou inscrito;<\/li>\n<li>Em se tratando de Microempreendedor individual \u2014 MEI: Certificado da Condi\u00e7\u00e3o de Microempreendedor Individual \u2013 CCMEI;<\/li>\n<\/ol>\n<\/li>\n<\/ul>\n<p>&nbsp;<\/p>\n<ul>\n<li><strong><u>Regularidade Fiscal e Trabalhista<\/u><\/strong>\n<ol start=\"8\">\n<li>Certid\u00e3o Conjunta Negativa de D\u00e9bitos, relativa aos tributos federais e \u00e0 D\u00edvida Ativa da Uni\u00e3o, no \u00e2mbito da RFB e da PGFN abrangendo inclusive as contribui\u00e7\u00f5es sociais previstas nas al\u00edneas \u201ca\u201d e \u201cd\u201d do par\u00e1grafo \u00fanico do art. 11 da Lei n.\u00ba 8.212, de 24 de julho de 1991, com base na Portaria Conjunta RFB\/PGFN no 751, de 02\/10\/2014.<\/li>\n<li>Prova de inscri\u00e7\u00e3o no cadastro de contribuintes estadual e\/ou Municipal, se houver, relativo ao domicilio ou sede do interessado, pertinente ao seu ramo de atividade e compat\u00edvel com o objeto<\/li>\n<li>Prova de regularidade com a Fazenda Estadual relativo ao domicilio ou sede do interessado;<\/li>\n<li>Prova de regularidade com a Fazenda Municipal do relativo ao domicilio ou sede do interessado;<\/li>\n<li>Prova de regularidade com o Fundo de Garantia por Tempo de Servi\u00e7o (FGTS), mediante a apresenta\u00e7\u00e3o de Certificado de Regularidade de Situa\u00e7\u00e3o\/CRF.<\/li>\n<li>Prova de inexist\u00eancia de d\u00e9bitos inadimplidos perante a justi\u00e7a do trabalho, mediante a apresenta\u00e7\u00e3o de Certid\u00e3o Negativa de D\u00e9bitos Trabalhistas (CNDT), com prazo de validade de 180 (cento e oitenta dias), contados da data de sua emiss\u00e3o, de acordo com a Legisla\u00e7\u00e3o federal \u201cLei n\u00ba 440, de 07 de julho de 2011\u201d.<\/li>\n<li>Prova de inscri\u00e7\u00e3o de Cadastro Nacional de Pessoas Jur\u00eddicas CNPJ;<\/li>\n<\/ol>\n<\/li>\n<\/ul>\n<p>&nbsp;<\/p>\n<p>8.1.3\u00a0\u00a0 QUALIFICA\u00c7\u00c3O T\u00c9CNICA.<\/p>\n<ul>\n<li>Atestado de capacidade t\u00e9cnica que comprove aptid\u00e3o de desempenho de atividade pertinente e compat\u00edvel, em caracter\u00edsticas, quantidades e prazos, com os servi\u00e7os a serem prestados juntamente com a\u00a0<strong>NOTA FISCAL ELETR\u00d4NICA<\/strong>.<\/li>\n<li>Certificado que a fabricante est\u00e1 registrada no Conselho Regional de Engenharia e Agronomia (CREA), Conselho Regional dos T\u00e9cnicos Industriais (CRT) ou Conselho de Arquitetura e Urbanismo (CAU).<\/li>\n<li>Laudo T\u00e9cnico de Ergonomia e Biomec\u00e2nica de Equipamentos de academia ao ar livre, expedido por profissional qualificado (Educador F\u00edsico ou Fisioterapeuta), inclusive comprova\u00e7\u00e3o de registro do profissional no conselho de classe correspondente;<\/li>\n<li>Laudo Mec\u00e2nico de produ\u00e7\u00e3o de Equipamentos de academia ao ar livre, expedido por profissional qualificado (Engenheiro Mec\u00e2nico ou T\u00e9cnico em Mec\u00e2nica), acostado da devida ART \u201cAnota\u00e7\u00e3o de Responsabilidade T\u00e9cnica\u201d referente ao laudo expedido;<\/li>\n<li>Laudo de Inspe\u00e7\u00e3o e ensaios emitidos por empresa qualificada para tal, acostado de Anota\u00e7\u00e3o de responsabilidade t\u00e9cnica do conselho pertinente, com as exig\u00eancias m\u00ednimas abaixo:<\/li>\n<\/ul>\n<ol>\n<li>ABNT NBR 5841:2015<\/li>\n<li>ABNT NBR 9209:1986<\/li>\n<li>ABNT NBR 11003:2009 \u2013 (ERRATA 01\/2010)<\/li>\n<li>ABNT NBR 10443:2008<\/li>\n<li>ABNT NBR NM 87:1996 (ERRATA 1\/2000)<\/li>\n<\/ol>\n<ul>\n<li><strong><u>Qualifica\u00e7\u00e3o econ\u00f4mico-financeira<\/u><\/strong>\n<ol>\n<li>Certid\u00e3o negativa de fal\u00eancia, recupera\u00e7\u00e3o judicial ou extrajudicial ou execu\u00e7\u00e3o patrimonial, conforme o caso, expedida pelo distribuidor da sede do\n<ul>\n<li>Caso o licitante encontre-se em recupera\u00e7\u00e3o judicial, admite-se a participa\u00e7\u00e3o, em licita\u00e7\u00f5es, desde que amparadas em certid\u00e3o emitida pela inst\u00e2ncia judicial competente afirmando que a interessada est\u00e1 apta econ\u00f4mica e financeiramente a participar de procedimento licitat\u00f3rio, na forma do Ac\u00f3rd\u00e3o TCU \u2013 Plen\u00e1rio \u2013 1201\/2020.<\/li>\n<\/ul>\n<\/li>\n<\/ol>\n<\/li>\n<\/ul>\n<p>&nbsp;<\/p>\n<ul>\n<li><strong><u>Documenta\u00e7\u00e3o Complementar de Habilita\u00e7\u00e3o<\/u><\/strong>\n<ol start=\"14\">\n<li>Declara\u00e7\u00e3o de que n\u00e3o est\u00e1 incurso nos impedimentos de que trata o art.14 da Federal n\u00b0 133\/2021, conforme modelo ANEXO IV;<\/li>\n<li>Declara\u00e7\u00e3o de que cumpre as exig\u00eancias de reserva de cargos para Pessoas com Defici\u00eancia \u2014 PcD e para reabilitado da Previd\u00eancia Social, previstas em lei e normas espec\u00edficas, conforme modelo ANEXO III;<\/li>\n<li>Certid\u00e3o Negativa de Cadastro Nacional de Empresas Inid\u00f4neas e Suspensas \u2014 CEIS<\/li>\n<li>Certid\u00e3o Negativa de Cadastro Nacional de Empresas P\u00fablicas \u2014 CNE<\/li>\n<li>Declara\u00e7\u00e3o assinada pelo titular ou representante legal da Requerente, devidamente identificado, em conformidade com o disposto no XXXIII, art. 7\u00ba, da Constitui\u00e7\u00e3o Federal (Modelo no\u00a0<strong>Anexo IV\u00a0<\/strong>deste Aviso).<\/li>\n<\/ol>\n<\/li>\n<\/ul>\n<p>&nbsp;<\/p>\n<ol start=\"9\">\n<li>CRIT\u00c9RIO DE JULGAMENTO<\/li>\n<\/ol>\n<ul>\n<li><strong><u>PROPOSTAS DE PRE\u00c7OS<\/u><\/strong><\/li>\n<\/ul>\n<p>&nbsp;<\/p>\n<ul>\n<li>As propostas apresentadas em conson\u00e2ncia com as exig\u00eancias do Aviso ser\u00e3o classificadas e ser\u00e1 declara vencedora a que apresentar o menor pre\u00e7o.<\/li>\n<\/ul>\n<p>&nbsp;<\/p>\n<ul>\n<li>Os interessados que apresentarem proposta de pre\u00e7os com diverg\u00eancia \u00e0s exig\u00eancias deste Aviso e seus anexos ser\u00e1<\/li>\n<\/ul>\n<p>&nbsp;<\/p>\n<ul>\n<li><strong><u>HABILITA\u00c7\u00c3O<\/u><\/strong>\n<ul>\n<li>Ser\u00e1 habilitado o interessado que atender todas as condi\u00e7\u00f5es do Aviso e seus<\/li>\n<li>Ser\u00e1 inabilitada o interessado que n\u00e3o atender as condi\u00e7\u00f5es do Aviso e seus<\/li>\n<\/ul>\n<\/li>\n<\/ul>\n<p>&nbsp;<\/p>\n<ol start=\"10\">\n<li>OBRIGA\u00c7\u00d5ES, PENALIDADES E SAN\u00c7\u00d5ES<\/li>\n<\/ol>\n<p>As obriga\u00e7\u00f5es, penalidades e sans\u00f5es est\u00e3o elencadas no Termo de Refer\u00eancia, anexo I deste Aviso e s\u00e3o parte integrante independente de transcri\u00e7\u00e3o.<\/p>\n<ol start=\"11\">\n<li>DISPOSI\u00c7\u00d5ES GERAIS<\/li>\n<\/ol>\n<ul>\n<li>O interessado n\u00e3o poder\u00e1 alegar como justificativa para se eximir das obriga\u00e7\u00f5es assumidas, o desconhecimento das condi\u00e7\u00f5es para participa\u00e7\u00e3o desta Dispensa de Licita\u00e7\u00e3o.<\/li>\n<li>Poder\u00e1 esta Secretaria Municipal da Prefeitura Municipal de Vila Flor, revogar o presente Aviso, no todo em parte, por conveni\u00eancia administrativa e interesse p\u00fablico, decorrente de falo superveniente, devidamente<\/li>\n<li>A Secretaria Municipal da Prefeitura Municipal de Vila Flor poder\u00e1 anular o presente Aviso, no todo em parte, caso ocorra ilegalidade, de oficio ou por provoca\u00e7\u00e3o. A anula\u00e7\u00e3o do procedimento oriundo deste Aviso, n\u00e3o gera direito a indeniza\u00e7\u00e3o.<\/li>\n<li>Ap\u00f3s a fase de classifica\u00e7\u00e3o da proposta, n\u00e3o cabe desist\u00eancia da mesma, salvo por motivo justo decorrente de fato superveniente, e desde que aceito pela Prefeitura Municipal.<\/li>\n<li>Ao apresentar a proposta de pre\u00e7os, o interessado declara sob as penalidades da Lei, da inexist\u00eancia de qualquer v\u00ednculo de natureza t\u00e9cnica, comercial, econ\u00f4mica, financeira ou trabalhista, entre si e os respons\u00e1veis por esta Dispensa de Licita\u00e7\u00e3o, quer direta ou<\/li>\n<li>A apresenta\u00e7\u00e3o de proposta pressup\u00f5e o pleno conhecimento, atendimento e aceita\u00e7\u00e3o integral e irretrat\u00e1vel, por parte do interessado, das exig\u00eancias e condi\u00e7\u00f5es estabelecidas neste Aviso e Termo de Refer\u00eancia.<\/li>\n<li>A falsidade de qualquer documento apresentado ou a inverdade das informa\u00e7\u00f5es nele contidas implicar\u00e1 a imediata desclassifica\u00e7\u00e3o\/inabilita\u00e7\u00e3o do interessado que o tiver apresentado, ou, caso tenha sido o vencedor, a rescis\u00e3o do contrato ou do pedido de compra, sem preju\u00edzo de demais san\u00e7\u00f5es cab\u00edveis.<\/li>\n<li>Na contagem dos prazos estabelecidos neste Aviso, com fulcro no Art 183 da Lei Federal 133\/2021, ser\u00e3o contados com exclus\u00e3o do dia do come\u00e7o e inclus\u00e3o do dia do vencimento, observando-se as seguintes disposi\u00e7\u00f5es:\n<ol>\n<li>os prazos expressos em dias corridos ser\u00e3o computados de modo cont\u00ednuo;<\/li>\n<li>os prazos expressos em meses ou anos ser\u00e3o computados de data a data;<\/li>\n<li>nos prazos expressos em dias \u00fateis, ser\u00e3o computados somente os dias em que ocorrer expediente administrativo no \u00f3rg\u00e3o ou entidade competente.<\/li>\n<\/ol>\n<\/li>\n<li>Salvo disposi\u00e7\u00e3o em contr\u00e1rio, considera-se dia do come\u00e7o do prazo:\n<ol>\n<li>o primeiro dia \u00fatil seguinte ao da disponibiliza\u00e7\u00e3o da informa\u00e7\u00e3o na<\/li>\n<\/ol>\n<\/li>\n<\/ul>\n<p>&nbsp;<\/p>\n<p>Vila Flor\/RN, em 12 de setembro de 2025.<\/p>\n<p>&nbsp;<\/p>\n<p>KEDSON JOS\u00c9 DE LIMA<\/p>\n<p><strong>AGENTE DE CONTRATA\u00c7\u00c3O<\/strong><\/p>\n<p><strong>\u00a0<\/strong><\/p>\n<p>DISPENSA DE LICITA\u00c7\u00c3O N\u00b0 028\/2025<\/p>\n<p>SETOR DE LICITA\u00c7\u00c3O<\/p>\n<p>ANEXO I \u2013 TERMO DE REFER\u00caNCIA<\/p>\n<ol>\n<li>\u00a0CONDI\u00c7\u00d5ES GERAIS DA CONTRATA\u00c7\u00c3O<\/li>\n<\/ol>\n<p><strong>\u00a0<\/strong><\/p>\n<ul>\n<li><strong>REGISTRO<\/strong><strong>DE<\/strong>\u00a0<strong>PRE\u00c7OS<\/strong>\u00a0<strong>PARA<\/strong>\u00a0<strong>FUTURA<\/strong>\u00a0<strong>E<\/strong>\u00a0<strong>EVENTUAL<\/strong>\u00a0<strong>CONTRATA\u00c7\u00c3O<\/strong>\u00a0<strong>DE<\/strong>\u00a0<strong>EMPRESA<\/strong>\u00a0<strong>PARA<\/strong>\u00a0<strong>AQUISI\u00c7\u00c3O<\/strong>\u00a0<strong>E<\/strong>\u00a0<strong>INSTALA\u00c7\u00c3O<\/strong>\u00a0<strong>DE<\/strong>\u00a0<strong>ACADEMIAS<\/strong>\u00a0<strong>AO<\/strong>\u00a0<strong>AR<\/strong>\u00a0<strong>LIVRE,<\/strong>\u00a0nos termos da tabela abaixo, conforme condi\u00e7\u00f5es e exig\u00eancias estabelecidas neste<\/li>\n<\/ul>\n<p>&nbsp;<\/p>\n<table width=\"100%\">\n<tbody>\n<tr>\n<td rowspan=\"2\" width=\"7%\"><strong>ITEM<\/strong><\/td>\n<td colspan=\"2\" rowspan=\"2\" width=\"11%\"><strong>C\u00d3DIGO<\/strong><\/td>\n<td rowspan=\"2\" width=\"21%\"><strong>DESCRI\u00c7\u00c3O<\/strong><\/td>\n<td rowspan=\"2\" width=\"13%\"><strong>FONTE<\/strong><\/td>\n<td colspan=\"2\" rowspan=\"2\" width=\"13%\"><strong>UNIDADE<\/strong><\/td>\n<td colspan=\"2\" rowspan=\"2\" width=\"8%\"><strong>QTD<\/strong><\/td>\n<td width=\"3%\"><\/td>\n<td colspan=\"6\" width=\"20%\">&nbsp;<\/td>\n<\/tr>\n<tr>\n<td width=\"3%\"><strong>1<\/strong><\/td>\n<td colspan=\"5\" width=\"17%\"><strong>SERVI\u00c7OS PRELIMINARES<\/strong><\/td>\n<td width=\"2%\"><\/td>\n<\/tr>\n<tr>\n<td width=\"7%\">1.1<\/td>\n<td colspan=\"2\" width=\"11%\">CREA RN 003<\/td>\n<td width=\"21%\">ANOTA\u00c7\u00c3O DE RESPONSABILIDADE T\u00c9CNICA ART \u2013 CONTRATOS ACIMA DE R$ 15.000,00<\/td>\n<td width=\"13%\">COMPOSI\u00c7\u00d5ES PR\u00d3PRIAS<\/td>\n<td colspan=\"2\" width=\"13%\">UN<\/td>\n<td colspan=\"2\" width=\"8%\">1,00<\/td>\n<td width=\"3%\"><\/td>\n<td width=\"3%\"><\/td>\n<td width=\"3%\"><\/td>\n<td width=\"3%\"><\/td>\n<td width=\"3%\"><\/td>\n<td width=\"3%\"><\/td>\n<td width=\"2%\"><\/td>\n<\/tr>\n<tr>\n<td width=\"7%\"><strong>2<\/strong><\/td>\n<td colspan=\"8\" width=\"67%\"><strong>ACADEMIAS AO AR LIVRE<\/strong><\/td>\n<td width=\"3%\"><\/td>\n<td width=\"3%\"><\/td>\n<td width=\"3%\"><\/td>\n<td width=\"3%\"><\/td>\n<td width=\"3%\"><\/td>\n<td width=\"3%\"><\/td>\n<td width=\"2%\"><\/td>\n<\/tr>\n<tr>\n<td width=\"7%\">2.1<\/td>\n<td width=\"10%\">&nbsp;<\/p>\n<p>103209<\/td>\n<td colspan=\"2\" width=\"22%\">INSTALA\u00c7\u00c3O DE SURF DUPLO, EM TUBO DE A\u00c7O CARBONO \u2013 EQUIPAMENTO DE GIN\u00c1STICA PARA ACADEMIA AO AR LIVRE \/ ACADEMIA DA TERCEIRA IDADE \u2013 ATI, INSTALADO SOBRE PISO DE CONCRETO EXISTENTE. AF_10\/2021<\/td>\n<td colspan=\"2\" width=\"16%\">&nbsp;<\/p>\n<p>SINAPI<\/td>\n<td colspan=\"2\" width=\"11%\">UN<\/td>\n<td width=\"6%\">3,00<\/td>\n<td width=\"3%\"><\/td>\n<td width=\"3%\"><\/td>\n<td width=\"3%\"><\/td>\n<td width=\"3%\"><\/td>\n<td width=\"3%\"><\/td>\n<td width=\"3%\"><\/td>\n<td width=\"2%\"><\/td>\n<\/tr>\n<tr>\n<td width=\"7%\">2.2<\/td>\n<td width=\"10%\">&nbsp;<\/p>\n<p>103185<\/td>\n<td colspan=\"2\" width=\"22%\">INSTALA\u00c7\u00c3O DE ESQUI TRIPLO, EM TUBO DE A\u00c7O CARBONO \u2013 EQUIPAMENTO DE GIN\u00c1STICA PARA ACADEMIA AO AR LIVRE \/ ACADEMIA DA TERCEIRA IDADE \u2013 ATI, INSTALADO SOBRE PISO DE CONCRETO EXISTENTE. AF_10\/2021<\/td>\n<td colspan=\"2\" width=\"16%\">&nbsp;<\/p>\n<p>SINAPI<\/td>\n<td colspan=\"2\" width=\"11%\">UN<\/td>\n<td width=\"6%\">3,00<\/td>\n<td width=\"3%\"><\/td>\n<td width=\"3%\"><\/td>\n<td width=\"3%\"><\/td>\n<td width=\"3%\"><\/td>\n<td width=\"3%\"><\/td>\n<td width=\"3%\"><\/td>\n<td width=\"2%\"><\/td>\n<\/tr>\n<tr>\n<td width=\"7%\">&nbsp;<\/p>\n<p>2.3<\/td>\n<td width=\"10%\">&nbsp;<\/p>\n<p>103186<\/td>\n<td colspan=\"2\" width=\"22%\">INSTALA\u00c7\u00c3O DE MULTIEXERCITADOR COM SEIS FUN\u00c7\u00d5ES, EM TUBO DE A\u00c7O CARBONO \u2013 EQUIPAMENTO DE GIN\u00c1STICA PARA ACADEMIA AO AR LIVRE \/ ACADEMIA DA TERCEIRA IDADE \u2013 ATI, INSTALADO SOBRE PISO DE CONCRETO EXISTENTE. AF_10\/2021<\/td>\n<td colspan=\"2\" width=\"16%\">&nbsp;<\/p>\n<p>SINAPI<\/td>\n<td colspan=\"2\" width=\"11%\">&nbsp;<\/p>\n<p>UN<\/td>\n<td width=\"6%\">&nbsp;<\/p>\n<p>3,00<\/td>\n<td width=\"3%\"><\/td>\n<td width=\"3%\"><\/td>\n<td width=\"3%\"><\/td>\n<td width=\"3%\"><\/td>\n<td width=\"3%\"><\/td>\n<td width=\"3%\"><\/td>\n<td width=\"2%\"><\/td>\n<\/tr>\n<tr>\n<td width=\"7%\">&nbsp;<\/p>\n<p>2.4<\/td>\n<td width=\"10%\">&nbsp;<\/p>\n<p>103205<\/td>\n<td colspan=\"2\" width=\"22%\">INSTALA\u00c7\u00c3O DE PRESS\u00c3O DE PERNAS TRIPLO, EM TUBO DE A\u00c7O CARBONO \u2013 EQUIPAMENTO DE GIN\u00c1STICA PARA ACADEMIA AO AR LIVRE \/ ACADEMIA DA TERCEIRA IDADE \u2013 ATI, INSTALADO SOBRE PISO DE CONCRETO EXISTENTE. AF_10\/2021<\/td>\n<td colspan=\"2\" width=\"16%\">&nbsp;<\/p>\n<p>SINAPI<\/td>\n<td colspan=\"2\" width=\"11%\">&nbsp;<\/p>\n<p>UN<\/td>\n<td width=\"6%\">&nbsp;<\/p>\n<p>3,00<\/td>\n<td width=\"3%\"><\/td>\n<td width=\"3%\"><\/td>\n<td width=\"3%\"><\/td>\n<td width=\"3%\"><\/td>\n<td width=\"3%\"><\/td>\n<td width=\"3%\"><\/td>\n<td width=\"2%\"><\/td>\n<\/tr>\n<tr>\n<td width=\"7%\">&nbsp;<\/p>\n<p>2.5<\/td>\n<td width=\"10%\">&nbsp;<\/p>\n<p>103187<\/td>\n<td colspan=\"2\" width=\"22%\">INSTALA\u00c7\u00c3O DE SIMULADOR DE CAMINHADA TRIPLO, EM TUBO DE A\u00c7O CARBONO \u2013 EQUIPAMENTO DE GIN\u00c1STICA PARA ACADEMIA AO AR LIVRE \/ ACADEMIA DA TERCEIRA IDADE \u2013 ATI, INSTALADO SOBRE PISO DE CONCRETO EXISTENTE. AF_10\/2021<\/td>\n<td colspan=\"2\" width=\"16%\">&nbsp;<\/p>\n<p>SINAPI<\/td>\n<td colspan=\"2\" width=\"11%\">&nbsp;<\/p>\n<p>UN<\/td>\n<td width=\"6%\">&nbsp;<\/p>\n<p>3,00<\/td>\n<td width=\"3%\"><\/td>\n<td width=\"3%\"><\/td>\n<td width=\"3%\"><\/td>\n<td width=\"3%\"><\/td>\n<td width=\"3%\"><\/td>\n<td width=\"3%\"><\/td>\n<td width=\"2%\"><\/td>\n<\/tr>\n<tr>\n<td width=\"7%\">&nbsp;<\/p>\n<p>2.6<\/td>\n<td width=\"10%\">&nbsp;<\/p>\n<p>103188<\/td>\n<td colspan=\"2\" width=\"22%\">INSTALA\u00c7\u00c3O DE SIMULADOR DE CAVALGADA TRIPLO, EM TUBO DE A\u00c7O CARBONO \u2013 EQUIPAMENTO DE GIN\u00c1STICA PARA ACADEMIA AO AR LIVRE \/ ACADEMIA DA TERCEIRA IDADE \u2013 ATI, INSTALADO SOBRE PISO DE CONCRETO EXISTENTE. AF_10\/2021<\/td>\n<td colspan=\"2\" width=\"16%\">&nbsp;<\/p>\n<p>SINAPI<\/td>\n<td colspan=\"2\" width=\"11%\">&nbsp;<\/p>\n<p>UN<\/td>\n<td width=\"6%\">&nbsp;<\/p>\n<p>3,00<\/td>\n<td width=\"3%\"><\/td>\n<td width=\"3%\"><\/td>\n<td width=\"3%\"><\/td>\n<td width=\"3%\"><\/td>\n<td width=\"3%\"><\/td>\n<td width=\"3%\"><\/td>\n<td width=\"2%\"><\/td>\n<\/tr>\n<tr>\n<td width=\"7%\">&nbsp;<\/p>\n<p>2.7<\/td>\n<td width=\"10%\">&nbsp;<\/p>\n<p>103189<\/td>\n<td colspan=\"2\" width=\"22%\">INSTALA\u00c7\u00c3O DE SIMULADOR DE REMO INDIVIDUAL, EM TUBO DE A\u00c7O CARBONO \u2013 EQUIPAMENTO DE GIN\u00c1STICA PARA ACADEMIA AO AR LIVRE \/ ACADEMIA DA TERCEIRA IDADE \u2013 ATI, INSTALADO SOBRE PISO DE CONCRETO EXISTENTE. AF_10\/2021<\/td>\n<td colspan=\"2\" width=\"16%\">&nbsp;<\/p>\n<p>SINAPI<\/td>\n<td colspan=\"2\" width=\"11%\">&nbsp;<\/p>\n<p>UN<\/td>\n<td width=\"6%\">&nbsp;<\/p>\n<p>3,00<\/td>\n<td width=\"3%\"><\/td>\n<td width=\"3%\"><\/td>\n<td width=\"3%\"><\/td>\n<td width=\"3%\"><\/td>\n<td width=\"3%\"><\/td>\n<td width=\"3%\"><\/td>\n<td width=\"2%\"><\/td>\n<\/tr>\n<tr>\n<td width=\"7%\">&nbsp;<\/p>\n<p>2.8<\/td>\n<td width=\"10%\">&nbsp;<\/p>\n<p>103210<\/td>\n<td colspan=\"2\" width=\"22%\">INSTALA\u00c7\u00c3O DE PLACA ORIENTATIVA SOBRE EXERC\u00cdCIOS, 2,00M X 1,00M, EM TUBO DE A\u00c7O CARBONO \u2013 PARA ACADEMIA AO AR LIVRE \/ ACADEMIA DA TERCEIRA IDADE \u2013 ATI, INSTALADO SOBRE PISO DE CONCRETO EXISTENTE. AF_10\/2021<\/td>\n<td colspan=\"2\" width=\"16%\">&nbsp;<\/p>\n<p>SINAPI<\/td>\n<td colspan=\"2\" width=\"11%\">&nbsp;<\/p>\n<p>UN<\/td>\n<td width=\"6%\">&nbsp;<\/p>\n<p>3,00<\/td>\n<td width=\"3%\"><\/td>\n<td width=\"3%\"><\/td>\n<td width=\"3%\"><\/td>\n<td width=\"3%\"><\/td>\n<td width=\"3%\"><\/td>\n<td width=\"3%\"><\/td>\n<td width=\"2%\"><\/td>\n<\/tr>\n<tr>\n<td width=\"60\"><\/td>\n<td width=\"75\"><\/td>\n<td width=\"9\"><\/td>\n<td width=\"167\"><\/td>\n<td width=\"124\"><\/td>\n<td width=\"21\"><\/td>\n<td width=\"70\"><\/td>\n<td width=\"10\"><\/td>\n<td width=\"48\"><\/td>\n<td width=\"28\"><\/td>\n<td width=\"28\"><\/td>\n<td width=\"27\"><\/td>\n<td width=\"27\"><\/td>\n<td width=\"27\"><\/td>\n<td width=\"27\"><\/td>\n<td width=\"20\"><\/td>\n<\/tr>\n<\/tbody>\n<\/table>\n<p>&nbsp;<\/p>\n<ul>\n<li>Os servi\u00e7os objeto desta contrata\u00e7\u00e3o s\u00e3o caracterizados como comuns, pois a aquisi\u00e7\u00e3o e instala\u00e7\u00e3o de bens m\u00f3veis, como equipamentos de academia, \u00e9 uma necessidade rotineira da administra\u00e7\u00e3o p\u00fablica, n\u00e3o demandando t\u00e9cnicas ou conhecimentos especializados exclusivos de um \u00fanico fornecedor no mercado.<\/li>\n<\/ul>\n<p>&nbsp;<\/p>\n<ul>\n<li>O objeto desta contrata\u00e7\u00e3o n\u00e3o se enquadra como sendo de bem de luxo, conforme Decreto n\u00ba 818, de 27 de setembro de 2021.<\/li>\n<\/ul>\n<p>&nbsp;<\/p>\n<ul>\n<li><em>O<\/em><em>prazo<\/em>\u00a0<em>de<\/em>\u00a0<em>vig\u00eancia<\/em>\u00a0<em>da<\/em>\u00a0<em>contrata\u00e7\u00e3o<\/em>\u00a0<em>\u00e9<\/em>\u00a0<em>de<\/em>\u00a0<em>12<\/em>\u00a0<em>(doze)<\/em>\u00a0<em>meses<\/em>\u00a0<em>contados<\/em>\u00a0<em>da<\/em>\u00a0<em>data<\/em>\u00a0<em>da<\/em>\u00a0<em>homologa\u00e7\u00e3o,<\/em>\u00a0<em>prorrog\u00e1vel,<\/em>\u00a0<em>na<\/em>\u00a0<em>forma<\/em>\u00a0<em>dos<\/em>\u00a0<em>artigos<\/em>\u00a0<em>106<\/em>\u00a0<em>e<\/em>\u00a0<em>107<\/em>\u00a0<em>da<\/em>\u00a0<em>Lei<\/em>\u00a0<em>n\u00b0<\/em>\u00a0<em>133,<\/em>\u00a0<em>de<\/em><\/li>\n<\/ul>\n<p><em>\u00a0<\/em><\/p>\n<ul>\n<li>O contrato oferece maior detalhamento das regras que ser\u00e3o aplicadas em rela\u00e7\u00e3o \u00e0 vig\u00eancia da contrata\u00e7\u00e3o.<\/li>\n<\/ul>\n<p>&nbsp;<\/p>\n<ol start=\"2\">\n<li>FUNDAMENTA\u00c7\u00c3O E DESCRI\u00c7\u00c3O DA NECESSIDADE DA CONTRATA\u00c7\u00c3O<\/li>\n<\/ol>\n<p><strong>\u00a0<\/strong><\/p>\n<p>FUNDAMENTA\u00c7\u00c3O LEGAL<\/p>\n<p>A presente contrata\u00e7\u00e3o fundamenta-se na Lei Federal n\u00ba 14.133, de 1\u00ba de abril de 2021 (Lei de Licita\u00e7\u00f5es e Contratos Administrativos), em especial nos seguintes dispositivos:<\/p>\n<p>&nbsp;<\/p>\n<p>Art. 4\u00ba: A licita\u00e7\u00e3o ser\u00e1 realizada para a aquisi\u00e7\u00e3o de bens, presta\u00e7\u00e3o de servi\u00e7os, inclusive engenharia, e compra ou loca\u00e7\u00e3o de im\u00f3veis, observados os princ\u00edpios da legalidade, impessoalidade, moralidade, publicidade, probidade administrativa, vincula\u00e7\u00e3o ao instrumento convocat\u00f3rio, igualdade, efici\u00eancia, sustentabilidade e demais preceitos estabelecidos nesta Lei.<\/p>\n<p>Art. 22, inciso I: A licita\u00e7\u00e3o do tipo convite \u00e9 dispens\u00e1vel para contrata\u00e7\u00f5es de servi\u00e7os comuns cujo valor estimado n\u00e3o ultrapasse o valor de R$ 90.000,00 (noventa mil reais) para \u00f3rg\u00e3os e entidades da administra\u00e7\u00e3o p\u00fablica direta, aut\u00e1rquica e fundacional dos Estados, do Distrito Federal e dos Munic\u00edpios.<\/p>\n<p>Art. 74, inciso I: A licita\u00e7\u00e3o na modalidade preg\u00e3o, na forma eletr\u00f4nica ou presencial, poder\u00e1 ser utilizada para a aquisi\u00e7\u00e3o de bens e servi\u00e7os comuns, independentemente do valor estimado da contrata\u00e7\u00e3o.<\/p>\n<p>Art. 113: A contrata\u00e7\u00e3o direta, na modalidade dispensa de licita\u00e7\u00e3o, \u00e9 poss\u00edvel nos casos previstos em lei, como no Art. 114, inciso IV, para contrata\u00e7\u00f5es de servi\u00e7os comuns de valor at\u00e9 R$ 30.000,00 (trinta mil reais) para os entes municipais.<\/p>\n<p>A contrata\u00e7\u00e3o tamb\u00e9m encontra amparo no Art. 30, inciso V, da Constitui\u00e7\u00e3o Federal de 1988, que atribui aos Munic\u00edpios a compet\u00eancia para organizar e prestar, diretamente ou sob regime de concess\u00e3o ou permiss\u00e3o, os servi\u00e7os p\u00fablicos de interesse local, incluindo a gest\u00e3o de \u00e1reas de lazer.<\/p>\n<p><strong>DESCRI\u00c7\u00c3O DA NECESSIDADE<\/strong><\/p>\n<p>&nbsp;<\/p>\n<p>A necessidade da contrata\u00e7\u00e3o decorre da constata\u00e7\u00e3o da inexist\u00eancia de infraestrutura p\u00fablica adequada para a pr\u00e1tica de atividades f\u00edsicas orientadas e de lazer ativo no munic\u00edpio de Vila Flor\/RN. Esta car\u00eancia limita as op\u00e7\u00f5es de promo\u00e7\u00e3o de sa\u00fade, bem-estar e conviv\u00eancia comunit\u00e1ria de forma livre e democr\u00e1tica para a popula\u00e7\u00e3o em geral, com \u00eanfase no p\u00fablico adulto e da terceira idade.<\/p>\n<p>A aquisi\u00e7\u00e3o e instala\u00e7\u00e3o de academias ao ar livre visa suprir esta lacuna, proporcionando \u00e0 comunidade equipamentos permanentes, seguros e de uso gratuito que permitam a realiza\u00e7\u00e3o de exerc\u00edcios f\u00edsicos diversos. O projeto tem como objetivo fomentar a pr\u00e1tica de atividades que contribuam para a melhoria da capacidade cardiorrespirat\u00f3ria, o fortalecimento muscular, a manuten\u00e7\u00e3o da mobilidade articular e a redu\u00e7\u00e3o de fatores de risco para doen\u00e7as cr\u00f4nicas, atuando como uma ferramenta de sa\u00fade p\u00fablica preventiva.<\/p>\n<p>Al\u00e9m dos benef\u00edcios \u00e0 sa\u00fade, a iniciativa busca valorizar e qualificar os espa\u00e7os p\u00fablicos existentes, transformando \u00e1reas de lazer em polos de converg\u00eancia social que estimulem a apropria\u00e7\u00e3o positiva do espa\u00e7o, a socializa\u00e7\u00e3o e o fortalecimento dos v\u00ednculos comunit\u00e1rios. Trata-se, portanto, de um investimento em infraestrutura urbana de baixo custo operacional e alto impacto social, alinhado com as diretrizes de promo\u00e7\u00e3o da qualidade de vida e do desenvolvimento humano integral no munic\u00edpio.<\/p>\n<ol start=\"3\">\n<li>DESCRI\u00c7\u00c3O DA SOLU\u00c7\u00c3O COMO UM TODO CONSIDERADO O CICLO DE VIDA DO OBJETO E ESPECIFICA\u00c7\u00c3O DO PRODUTO<\/li>\n<\/ol>\n<p><strong>\u00a0<\/strong><\/p>\n<p><strong>DESCRI\u00c7\u00c3O DA SOLU\u00c7\u00c3O COMO UM TODO<\/strong><\/p>\n<p>&nbsp;<\/p>\n<p>A solu\u00e7\u00e3o compreende a\u00a0<strong>aquisi\u00e7\u00e3o, fornecimento, transporte, instala\u00e7\u00e3o, garantia e assist\u00eancia t\u00e9cnica p\u00f3s-venda<\/strong>\u00a0de conjuntos de equipamentos para academia ao ar livre, destinados \u00e0 implanta\u00e7\u00e3o em \u00e1rea p\u00fablica de lazer no munic\u00edpio de Vila Flor\/RN.<\/p>\n<p>&nbsp;<\/p>\n<p>O objeto deve ser entendido como um projeto integrado, onde n\u00e3o apenas a entrega dos equipamentos \u00e9 essencial, mas tamb\u00e9m a sua correta instala\u00e7\u00e3o em base adequada, garantindo seguran\u00e7a, durabilidade e usabilidade para a popula\u00e7\u00e3o. A solu\u00e7\u00e3o final deve resultar em um ambiente de conviv\u00eancia e pr\u00e1tica de exerc\u00edcios f\u00edsicos completo, funcional e de baixa manuten\u00e7\u00e3o.<\/p>\n<p>&nbsp;<\/p>\n<p><strong>CICLO DE VIDA DO OBJETO (DA AQUISI\u00c7\u00c3O \u00c0 DESMOBILIZA\u00c7\u00c3O)<\/strong><\/p>\n<p>&nbsp;<\/p>\n<ul>\n<li><strong>Aquisi\u00e7\u00e3o:<\/strong>Sele\u00e7\u00e3o de fornecedor com produtos que atendam a especifica\u00e7\u00f5es t\u00e9cnicas de qualidade, seguran\u00e7a e durabilidade.<\/li>\n<li><strong>Fornecimento:<\/strong>Fabrica\u00e7\u00e3o e entrega dos equipamentos e todos os componentes necess\u00e1rios (parafusos, concretos, etc.) no local definido.<\/li>\n<li><strong>Transporte:<\/strong>Log\u00edstica adequada para entrega dos materiais sem avarias.<\/li>\n<li><strong>Instala\u00e7\u00e3o\/Montagem:<\/strong>Prepara\u00e7\u00e3o do terreno, execu\u00e7\u00e3o de funda\u00e7\u00f5es (com base de concreto), fixa\u00e7\u00e3o robusta dos equipamentos, aplica\u00e7\u00e3o de revestimentos anticorrosivos em soldas e cortes, e sinaliza\u00e7\u00e3o com placas de instru\u00e7\u00f5es de uso.<\/li>\n<li><strong>Opera\u00e7\u00e3o\/Uso:<\/strong>Disponibiliza\u00e7\u00e3o do equipamento para uso p\u00fablico, exigindo inspe\u00e7\u00f5es visuais peri\u00f3dicas pela administra\u00e7\u00e3o municipal.<\/li>\n<li><strong>Manuten\u00e7\u00e3o:<\/strong>A solu\u00e7\u00e3o deve prever baixa necessidade de manuten\u00e7\u00e3o corretiva. A manuten\u00e7\u00e3o preventiva consistir\u00e1 basicamente na apertagem peri\u00f3dica de conex\u00f5es e na aplica\u00e7\u00e3o de tinta de acabamento para reparo de pequenos riscos, conforme manual do fornecedor.<\/li>\n<li><strong>Garantia:<\/strong>Per\u00edodo de cobertura contra defeitos de fabrica\u00e7\u00e3o, falhas estruturais e corros\u00e3o prematura.<\/li>\n<li><strong>Assist\u00eancia T\u00e9cnica:<\/strong>Suporte do fornecedor para orientar a administra\u00e7\u00e3o municipal em eventuais necessidades de reparo.<\/li>\n<li><strong>Desmobiliza\u00e7\u00e3o\/Descarte:<\/strong>Ao final de sua vida \u00fatil (estimada em anos), os equipamentos, majoritariamente met\u00e1licos, permitem a desmontagem e destina\u00e7\u00e3o adequada por meio de reciclagem.<\/li>\n<\/ul>\n<p><strong>\u00a0<\/strong><\/p>\n<p><strong>ESPECIFICA\u00c7\u00c3O T\u00c9CNICA DO PRODUTO<\/strong><\/p>\n<p>&nbsp;<\/p>\n<p>Com base em pesquisas em editais de outros munic\u00edpios e \u00f3rg\u00e3os (como prefeituras, funda\u00e7\u00f5es de esporte e empresas estatais), estabelecem-se as seguintes especifica\u00e7\u00f5es m\u00ednimas:<\/p>\n<ul>\n<li><strong>Estrutura:<\/strong>Tubos de a\u00e7o carbono de di\u00e2metro m\u00ednimo de 76mm (tr\u00eas polegadas) para os principais elementos de sustenta\u00e7\u00e3o e 48mm para componentes auxiliares, com espessura m\u00ednima de 2,5mm.<\/li>\n<li><strong>Acabamento e Prote\u00e7\u00e3o:<\/strong>Sistema de galvaniza\u00e7\u00e3o a fogo (zincagem) seguido de pintura com tinta epoxy em p\u00f3 eletrostaticamente aplicada e curada em estufa, garantindo alta resist\u00eancia \u00e0 corros\u00e3o, intemp\u00e9ries e a\u00e7\u00e3o de vandalismo.<\/li>\n<li><strong>Componentes:<\/strong>Partes m\u00f3veis (como rolamentos e mancais) devem ser de metal sinterizado ou material composite autolubrificante, dispensando manuten\u00e7\u00e3o. Assentos e encostos devem ser em madeira pl\u00e1stica ou polipropileno de alta densidade, resistente a raios UV e ao desgaste.<\/li>\n<li><strong>Seguran\u00e7a:<\/strong>Todas as soldas devem ser cont\u00ednuas, limpas e livres de trincas. Cantos e bordas devem ser arredondados. Os equipamentos devem ser fixados em bases de concreto armado, conforme projeto de funda\u00e7\u00e3o fornecido pelo fabricante.<\/li>\n<li><strong>Conformidade:<\/strong>Os equipamentos devem atender \u00e0s normas t\u00e9cnicas nacionais aplic\u00e1veis, como a NBR 16325 (Academias ao Ar Livre \u2013 Requisitos de Seguran\u00e7a).<\/li>\n<\/ul>\n<p>&nbsp;<\/p>\n<p><strong>PESQUISA DE POSS\u00cdVEIS M\u00c9TODOS DE AQUISI\u00c7\u00c3O<\/strong><\/p>\n<p>&nbsp;<\/p>\n<p>A pesquisa em portais de transpar\u00eancia e compras de outros \u00f3rg\u00e3os (como Cidades, Funda\u00e7\u00f5es de Esporte e Prefeituras de porte similar) demonstra que aquisi\u00e7\u00f5es deste tipo s\u00e3o comumente realizadas atrav\u00e9s das seguintes modalidades:<\/p>\n<ul>\n<li><strong>Preg\u00e3o Eletr\u00f4nico (Modalidade mais frequente):<\/strong>Modalidade \u00e1gil e eficiente para a aquisi\u00e7\u00e3o de bens e servi\u00e7os comuns, permitindo ampla disputa de pre\u00e7os entre fornecedores cadastrados, o que geralmente resulta em melhores pre\u00e7os para a administra\u00e7\u00e3o p\u00fablica. Ideal para este objeto.<\/li>\n<li><strong>Dispensa de Licita\u00e7\u00e3o (para valores menores):<\/strong>Para casos onde o valor total da contrata\u00e7\u00e3o esteja dentro do limite legal para dispensa, mediante realiza\u00e7\u00e3o de cota\u00e7\u00e3o pr\u00e9via com tr\u00eas fornecedores para comprova\u00e7\u00e3o da vantagem do pre\u00e7o.<\/li>\n<li><strong>Ades\u00e3o a Ata de Registro de Pre\u00e7os:\u00a0<\/strong>Verificar a exist\u00eancia de Atas de Registro de Pre\u00e7os vigentes e compat\u00edveis com o objeto, realizadas por outros \u00f3rg\u00e3os ou entidades (como prefeituras de maior porte, cons\u00f3rcios intermunicipais ou at\u00e9 mesmo por \u00f3rg\u00e3os estaduais\/federais). A ades\u00e3o a uma ARP existente, nos termos do\u00a0 123 da Lei 14.133\/2021, constitui-se em m\u00e9todo extremamente \u00e1gil e economicamente vantajoso, desde que observados os requisitos legais, como a compatibilidade do objeto, a condi\u00e7\u00e3o de pre\u00e7o vantajoso e a concord\u00e2ncia do gerenciador da ata.<\/li>\n<\/ul>\n<p><em>\u00a0<\/em><\/p>\n<ol start=\"4\">\n<li>REQUISITOS DA CONTRATA\u00c7\u00c3O<\/li>\n<\/ol>\n<p><strong>\u00a0<\/strong><\/p>\n<p>4.1\u00a0 Subcontrata\u00e7\u00e3o<\/p>\n<p><strong>\u00a0<\/strong><\/p>\n<ul>\n<li>N\u00e3o \u00e9 admitida a subcontrata\u00e7\u00e3o do objeto<\/li>\n<li>Garantia da contrata\u00e7\u00e3o<\/li>\n<li><em>N\u00e3o<\/em><em>haver\u00e1<\/em>\u00a0<em>exig\u00eancia<\/em>\u00a0<em>da<\/em>\u00a0<em>garantia<\/em>\u00a0<em>da<\/em>\u00a0<em>contrata\u00e7\u00e3o<\/em>\u00a0<em>dos<\/em>\u00a0<em><u>artigos<\/u><\/em><u>\u00a0<em>96<\/em>\u00a0<em>e<\/em>\u00a0<em>seguintes<\/em>\u00a0<em>da<\/em>\u00a0<em>Lei<\/em>\u00a0<em>n\u00ba<\/em><\/u>\u00a0<em><u>133,<\/u><\/em><u>\u00a0<em>de<\/em>\u00a0<em>2021<\/em><\/u><em>,<\/em>\u00a0<em>pelas<\/em>\u00a0<em>raz\u00f5es<\/em>\u00a0<em>constantes<\/em>\u00a0<em>do<\/em>\u00a0<em>Estudo<\/em>\u00a0<em>T\u00e9cnico<\/em><\/li>\n<li>Os requisitos da contrata\u00e7\u00e3o abrangem o seguinte:<\/li>\n<li>Em sujei\u00e7\u00e3o \u00e0s normas t\u00e9cnicas, os materiais devem atender aos requisitos m\u00ednimos de utilidade, resist\u00eancia e seguran\u00e7a e atender \u00e0s normas t\u00e9cnicas aplic\u00e1veis ao objeto e divulgadas por \u00f3rg\u00e3os oficiais competentes.<\/li>\n<li>Para a presta\u00e7\u00e3o dos servi\u00e7os, objeto deste estudo t\u00e9cnico preliminar, a contratada dever\u00e1 observar, no que couber, os crit\u00e9rios de sustentabilidade ambiental, contidos na Instru\u00e7\u00e3o Normativa n\u00ba 01, de 19 de janeiro de 2010, da Secretaria de Log\u00edstica e Tecnologia da Informa\u00e7\u00e3o do Minist\u00e9rio do Planejamento, Or\u00e7amento e Gest\u00e3o \u2013 SLTI\/MPOG e no Decreto n.\u00ba 7.746, de 05 \/06\/2012, da Casa Civil, da Presid\u00eancia da Rep\u00fablica.<\/li>\n<li>A contratada dever\u00e1 prestar os servi\u00e7os, quando da solicita\u00e7\u00e3o da Contratante, nos endere\u00e7os especificados em ordem de servi\u00e7o ou instrumento equivalente;<\/li>\n<li>A contratada dever\u00e1 assumir a responsabilidade por todas as provid\u00eancias e obriga\u00e7\u00f5es estabelecidas na legisla\u00e7\u00e3o espec\u00edfica sobre a qualidade e especifica\u00e7\u00e3o dos materiais que ser\u00e3o entregues;<\/li>\n<li>A contratada dever\u00e1 prestar os servi\u00e7os diretamente o objeto, n\u00e3o podendo transferir a responsabilidade pelo objeto licitado para nenhuma outra empresa ou institui\u00e7\u00e3o de qualquer natureza;<\/li>\n<li>Nos valores propostos dever\u00e3o estar inclusos todos os custos operacionais, encargos previdenci\u00e1rios, trabalhistas, tribut\u00e1rios, comerciais e quaisquer outros que incidam direta ou indiretamente no fornecimento dos bens;<\/li>\n<li>A proposta da contratada dever\u00e1 ser redigida em l\u00edngua portuguesa, datilografada ou digitada, em uma via, sem emendas, rasuras, entrelinhas ou ressalvas, devendo a \u00faltima folha ser assinada e as demais rubricadas pelo licitante ou seu representante legal. Dever\u00e1 ainda conter a indica\u00e7\u00e3o do banco, n\u00famero da conta e ag\u00eancia, para fins de pagamento;<\/li>\n<li>N\u00e3o haver\u00e1 exig\u00eancia de garantia de execu\u00e7\u00e3o para a presente contrata\u00e7\u00e3o.<\/li>\n<li>Todas as especifica\u00e7\u00f5es do objeto contidas na proposta, tais como marca, modelo, tipo, fabricante e proced\u00eancia, vinculam a Contratada.<\/li>\n<\/ul>\n<p><em>\u00a0<\/em><\/p>\n<ol start=\"5\">\n<li>MODELO DE EXECU\u00c7\u00c3O DO OBJETO<\/li>\n<\/ol>\n<p><strong>\u00a0<\/strong><\/p>\n<p>5.1 Condi\u00e7\u00f5es de Presta\u00e7\u00e3o de Servi\u00e7o<\/p>\n<ul>\n<li><em>O<\/em><em>prazo<\/em>\u00a0<em>de<\/em>\u00a0<em>presta\u00e7\u00e3o<\/em>\u00a0<em>de<\/em>\u00a0<em>servi\u00e7os<\/em>\u00a0<em>\u00e9<\/em>\u00a0<em>de<\/em>\u00a0<em>10<\/em>\u00a0<em>(dez)<\/em>\u00a0<em>dias,<\/em>\u00a0<em>contados<\/em>\u00a0<em>da<\/em>\u00a0<em>data<\/em>\u00a0<em>da<\/em>\u00a0<em>emiss\u00e3o<\/em>\u00a0<em>da<\/em>\u00a0<em>ordem<\/em>\u00a0<em>de<\/em>\u00a0<em>compra\/servi\u00e7o,<\/em>\u00a0<em>de<\/em>\u00a0<em>forma<\/em><\/li>\n<li><em><u>Caso<\/u><\/em><u><em>n\u00e3o<\/em>\u00a0<em>seja<\/em>\u00a0<em>poss\u00edvel<\/em>\u00a0<em>a<\/em>\u00a0<em>presta\u00e7\u00e3o<\/em>\u00a0<em>de<\/em>\u00a0<em>servi\u00e7o<\/em>\u00a0<em>na<\/em>\u00a0<em>data<\/em>\u00a0<em>assinalada,<\/em>\u00a0<em>a<\/em>\u00a0<em>empresa<\/em>\u00a0<em>dever\u00e1<\/em><\/u>\u00a0<em><u>comunicar<\/u><\/em><u>\u00a0<em>as<\/em>\u00a0<em>raz\u00f5es<\/em>\u00a0<em>respectivas<\/em>\u00a0<em>com<\/em>\u00a0<em>pelo<\/em>\u00a0<em>menos<\/em>\u00a0<em>2<\/em>\u00a0<em>dois)<\/em>\u00a0<em>dias<\/em>\u00a0<em>de<\/em>\u00a0<em>anteced\u00eancia<\/em>\u00a0<em>para<\/em>\u00a0<em>que<\/em><\/u>\u00a0<em><u>qualquer<\/u><\/em><u>\u00a0<em>pleito<\/em>\u00a0<em>de<\/em>\u00a0<em>prorroga\u00e7\u00e3o<\/em>\u00a0<em>de<\/em>\u00a0<em>prazo<\/em>\u00a0<em>seja<\/em>\u00a0<em>analisado,<\/em>\u00a0<em>ressalvadas<\/em>\u00a0<em>situa\u00e7\u00f5es<\/em>\u00a0<em>de<\/em>\u00a0<em>caso<\/em><\/u>\u00a0<em>fortuito<\/em>\u00a0<em>e<\/em>\u00a0<em>for\u00e7a<\/em><\/li>\n<\/ul>\n<p><em>\u00a0<\/em><\/p>\n<ol start=\"6\">\n<li>MODELO DE GEST\u00c3O DO CONTRATO<\/li>\n<\/ol>\n<p><strong>\u00a0<\/strong><\/p>\n<ul>\n<li>O contrato dever\u00e1 ser executado fielmente pelas partes, de acordo com as cl\u00e1usulas aven\u00e7adas e as normas da Lei n\u00ba 133, de 2021, e cada parte responder\u00e1 pelas consequ\u00eancias de sua inexecu\u00e7\u00e3o total ou parcial.<\/li>\n<li>Em caso de impedimento, ordem de paralisa\u00e7\u00e3o ou suspens\u00e3o do contrato, o cronograma de execu\u00e7\u00e3o ser\u00e1 prorrogado automaticamente pelo tempo correspondente, anotadas tais circunst\u00e2ncias mediante simples apostila.<\/li>\n<li>As comunica\u00e7\u00f5es entre o \u00f3rg\u00e3o ou entidade e a contratada devem ser realizadas por escrito sempre que o ato exigir tal formalidade, admitindo-se o uso de mensagem eletr\u00f4nica para esse fim.<\/li>\n<li>O \u00f3rg\u00e3o ou entidade poder\u00e1 convocar representante da empresa para ado\u00e7\u00e3o de provid\u00eancias que devam ser cumpridas de imediato.<\/li>\n<li>Ap\u00f3s a assinatura do contrato ou instrumento equivalente, o \u00f3rg\u00e3o ou entidade poder\u00e1 convocar o representante da empresa contratada para reuni\u00e3o inicial para apresenta\u00e7\u00e3o do plano de fiscaliza\u00e7\u00e3o, que conter\u00e1 informa\u00e7\u00f5es acerca das obriga\u00e7\u00f5es contratuais, dos mecanismos de fiscaliza\u00e7\u00e3o, das estrat\u00e9gias para execu\u00e7\u00e3o do objeto, do plano complementar de execu\u00e7\u00e3o da contratada, quando houver, do m\u00e9todo de aferi\u00e7\u00e3o dos resultados e das san\u00e7\u00f5es aplic\u00e1veis, dentre<\/li>\n<\/ul>\n<ol start=\"7\">\n<li>Fiscaliza\u00e7\u00e3o<\/li>\n<\/ol>\n<ul>\n<li>A execu\u00e7\u00e3o do contrato dever\u00e1 ser acompanhada e fiscalizada pelo(s) fiscal(is) do contrato, ou pelos respectivos substitutos (Lei n\u00ba 14.133, de 2021, art. 117, caput).<\/li>\n<\/ul>\n<p>7.2 Fiscaliza\u00e7\u00e3o T\u00e9cnica<\/p>\n<ul>\n<li>O fiscal t\u00e9cnico do contrato acompanhar\u00e1 a execu\u00e7\u00e3o do contrato, para que sejam cumpridas todas as condi\u00e7\u00f5es estabelecidas no contrato, de modo a assegurar os melhores resultados para a Prefeitura Municipal. (Decreto n\u00ba 11.246, de 2022, art. 22, VI);<\/li>\n<li>O fiscal t\u00e9cnico do contrato anotar\u00e1 no hist\u00f3rico de gerenciamento do contrato todas as ocorr\u00eancias relacionadas \u00e0 execu\u00e7\u00e3o do contrato, com a descri\u00e7\u00e3o do que for necess\u00e1rio para a regulariza\u00e7\u00e3o das faltas ou dos defeitos observados. (<u>Lei n\u00ba 14.133, de 2021, art. 117, \u00a71\u00ba<\/u>, e\u00a0<u>Decreto n\u00ba 11.246, de 2022, art. 22, II);<\/u><\/li>\n<li>Identificada qualquer inexatid\u00e3o ou irregularidade, o fiscal t\u00e9cnico do contrato emitir\u00e1 notifica\u00e7\u00f5es para a corre\u00e7\u00e3o da execu\u00e7\u00e3o do contrato, determinando prazo para a corre\u00e7\u00e3o. (<u>Decreto n\u00ba 11.246, de 2022, art. 22, III<\/u>);<\/li>\n<li>O fiscal t\u00e9cnico do contrato informar\u00e1 ao gestor do contato, em tempo h\u00e1bil, a situa\u00e7\u00e3o que demandar decis\u00e3o ou ado\u00e7\u00e3o de medidas que ultrapassem sua compet\u00eancia, para que adote as medidas necess\u00e1rias e saneadoras, se for o caso. (<u>Decreto n\u00ba 11.246, de 2022, art. 22, IV<\/u>).<\/li>\n<li>No caso de ocorr\u00eancias que possam inviabilizar a execu\u00e7\u00e3o do contrato nas datas aprazadas, o fiscal t\u00e9cnico do contrato comunicar\u00e1 o fato imediatamente ao gestor do contrato. (<u>Decreto n\u00ba<\/u><u>246, de 2022, art. 22, V<\/u>).<\/li>\n<li>O fiscal t\u00e9cnico do contrato comunicar\u00e1 ao gestor do contrato, em tempo h\u00e1bil, o t\u00e9rmino do contrato sob sua responsabilidade, com vistas \u00e0 renova\u00e7\u00e3o tempestiva ou \u00e0 prorroga\u00e7\u00e3o contratual\u00a0<u>(Decreto n\u00ba 11.246, de 2022, art. 22, VII<\/u>).<\/li>\n<\/ul>\n<p>&nbsp;<\/p>\n<p>7.3 Fiscaliza\u00e7\u00e3o Administrativa<\/p>\n<ul>\n<li>O fiscal administrativo do contrato verificar\u00e1 a manuten\u00e7\u00e3o das condi\u00e7\u00f5es de habilita\u00e7\u00e3o da contratada, acompanhar\u00e1 o empenho, o pagamento, as garantias, as glosas e a formaliza\u00e7\u00e3o de apostilamento e termos aditivos, solicitando quaisquer documentos comprobat\u00f3rios pertinentes, caso necess\u00e1rio (<u>23, I e II, do Decreto n\u00ba<\/u>\u00a0<u>246, de 2022<\/u>).<\/li>\n<li>Caso ocorra descumprimento das obriga\u00e7\u00f5es contratuais, o fiscal administrativo do contrato atuar\u00e1 tempestivamente na solu\u00e7\u00e3o do problema, reportando ao gestor do contrato para que tome as provid\u00eancias cab\u00edveis, quando ultrapassar a sua compet\u00eancia; (<u>Decreto n\u00ba 11.246, de 2022, art. 23, IV<\/u>).<\/li>\n<\/ul>\n<p>7.4 Gestor do Contrato<\/p>\n<ul>\n<li>O gestor do contrato coordenar\u00e1 a atualiza\u00e7\u00e3o do processo de acompanhamento e fiscaliza\u00e7\u00e3o do contrato contendo todos os registros formais da execu\u00e7\u00e3o no hist\u00f3rico de gerenciamento do contrato, a exemplo da ordem de servi\u00e7o, do registro de ocorr\u00eancias, das altera\u00e7\u00f5es e das prorroga\u00e7\u00f5es contratuais, elaborando relat\u00f3rio com vistas \u00e0 verifica\u00e7\u00e3o da necessidade de adequa\u00e7\u00f5es do contrato para fins de atendimento da finalidade da Prefeitura Municipal. (Decreto n\u00ba 11.246, de 2022, art. 21, IV).<\/li>\n<li>O gestor do contrato acompanhar\u00e1 os registros realizados pelos fiscais do contrato, de todas as ocorr\u00eancias relacionadas \u00e0 execu\u00e7\u00e3o do contrato e as medidas adotadas, informando, se for o caso, \u00e0 autoridade superior \u00e0quelas que ultrapassarem a sua compet\u00eancia. (Decreto n\u00ba 11.246, de 2022, art. 21, II).<\/li>\n<li>O gestor do contrato acompanhar\u00e1 a manuten\u00e7\u00e3o das condi\u00e7\u00f5es de habilita\u00e7\u00e3o da contratada, para fins de empenho de despesa e pagamento, e anotar\u00e1 os problemas que obstem o fluxo normal da liquida\u00e7\u00e3o e do pagamento da despesa no relat\u00f3rio de riscos eventuais. (Decreto n\u00ba 11.246, de 2022, art. 21, III).<\/li>\n<li>O gestor do contrato emitir\u00e1 documento comprobat\u00f3rio da avalia\u00e7\u00e3o realizada pelos fiscais t\u00e9cnico, administrativo e setorial quanto ao cumprimento de obriga\u00e7\u00f5es assumidas pelo contratado, com men\u00e7\u00e3o ao seu desempenho na execu\u00e7\u00e3o contratual, baseado nos indicadores objetivamente definidos e aferidos, e a eventuais penalidades aplicadas, devendo constar do cadastro de atesto de cumprimento de obriga\u00e7\u00f5es. (Decreto n\u00ba 11.246, de 2022, art. 21, VIII).<\/li>\n<li>O gestor do contrato tomar\u00e1 provid\u00eancias para a formaliza\u00e7\u00e3o de processo administrativo de responsabiliza\u00e7\u00e3o para fins de aplica\u00e7\u00e3o de san\u00e7\u00f5es, a ser conduzido pela comiss\u00e3o de que trata o 158 da Lei n\u00ba 14.133, de 2021, ou pelo agente ou pelo setor com compet\u00eancia para tal, conforme o caso. (Decreto n\u00ba 11.246, de 2022, art. 21, X).<\/li>\n<li>O gestor do contrato dever\u00e1 elaborar relat\u00f3rio final com informa\u00e7\u00f5es sobre a consecu\u00e7\u00e3o dos objetivos que tenham justificado a contrata\u00e7\u00e3o e eventuais condutas a serem adotadas para o aprimoramento das atividades da Prefeitura (Decreto n\u00ba 11.246, de 2022, art. 21, VI).<\/li>\n<li>O gestor do contrato dever\u00e1 enviar a documenta\u00e7\u00e3o pertinente ao setor de contratos para a formaliza\u00e7\u00e3o dos procedimentos de liquida\u00e7\u00e3o e pagamento, no valor dimensionado pela fiscaliza\u00e7\u00e3o e gest\u00e3o nos termos do contrato.<\/li>\n<\/ul>\n<p>&nbsp;<\/p>\n<ol start=\"8\">\n<li>CRIT\u00c9RIOS DE MEDI\u00c7\u00c3O E DE PAGAMENTO<\/li>\n<\/ol>\n<p><strong>\u00a0<\/strong><\/p>\n<p>8.1 Recebimento<\/p>\n<ul>\n<li>Os bens ser\u00e3o recebidos provisoriamente, de forma sum\u00e1ria, no ato da entrega, juntamente com a nota fiscal ou instrumento de cobran\u00e7a equivalente, pelo(a) respons\u00e1vel pelo acompanhamento e fiscaliza\u00e7\u00e3o do contrato, para efeito de posterior verifica\u00e7\u00e3o de sua conformidade com as especifica\u00e7\u00f5es constantes no Termo de Refer\u00eancia e na proposta.<\/li>\n<li>Os bens poder\u00e3o ser rejeitados, no todo ou em parte, inclusive antes do recebimento provis\u00f3rio, quando em desacordo com as especifica\u00e7\u00f5es constantes no Termo de Refer\u00eancia e na proposta, devendo ser substitu\u00eddos no prazo de 24 (vinte e quatro) horas, a contar da notifica\u00e7\u00e3o da contratada, \u00e0s suas custas, sem preju\u00edzo da aplica\u00e7\u00e3o das penalidades.<\/li>\n<li>O recebimento definitivo ocorrer\u00e1 no prazo de 20 dias \u00fateis, a contar do recebimento da nota fiscal ou instrumento de cobran\u00e7a equivalente pela Prefeitura Municipal, ap\u00f3s a verifica\u00e7\u00e3o da qualidade e quantidade do material e consequente aceita\u00e7\u00e3o mediante termo detalhado.<\/li>\n<li>O prazo para recebimento definitivo poder\u00e1 ser excepcionalmente prorrogado, de forma justificada, por igual per\u00edodo, quando houver necessidade de dilig\u00eancias para a aferi\u00e7\u00e3o do atendimento das exig\u00eancias contratuais.<\/li>\n<li>No caso de controv\u00e9rsia sobre a execu\u00e7\u00e3o do objeto, quanto \u00e0 dimens\u00e3o, qualidade e quantidade, dever\u00e1 ser observado o teor do\u00a0<u>143 da Lei n\u00ba 14.133, de 2021<\/u>, comunicando-se \u00e0 empresa para emiss\u00e3o de Nota Fiscal no que pertine \u00e0 parcela incontroversa da execu\u00e7\u00e3o do objeto, para efeito de liquida\u00e7\u00e3o e pagamento.<\/li>\n<li>O prazo para a solu\u00e7\u00e3o, pelo contratado, de inconsist\u00eancias na execu\u00e7\u00e3o do objeto ou de saneamento da nota fiscal ou de instrumento de cobran\u00e7a equivalente, verificadas pela Prefeitura Municipal durante a an\u00e1lise pr\u00e9via \u00e0 liquida\u00e7\u00e3o de despesa, n\u00e3o ser\u00e1 computado para os fins do recebimento definitivo.<\/li>\n<li>O recebimento provis\u00f3rio ou definitivo n\u00e3o excluir\u00e1 a responsabilidade civil pela solidez e pela seguran\u00e7a dos bens nem a responsabilidade \u00e9tico-profissional pela perfeita execu\u00e7\u00e3o do contrato.<\/li>\n<\/ul>\n<p>&nbsp;<\/p>\n<p>8.2\u00a0 Liquida\u00e7\u00e3o<\/p>\n<p><strong>\u00a0<\/strong><\/p>\n<ul>\n<li>Recebida a Nota Fiscal ou documento de cobran\u00e7a equivalente, correr\u00e1 o prazo de dez dias \u00fateis para fins de liquida\u00e7\u00e3o, na forma desta se\u00e7\u00e3o, prorrog\u00e1veis por igual per\u00edodo, nos termos do art. 7\u00ba, \u00a73<u>\u00ba da<\/u><u>Instru\u00e7\u00e3o Normativa SEGES\/ME n\u00ba 77\/2022<\/u>.<\/li>\n<li>O prazo de que trata o item anterior ser\u00e1 reduzido \u00e0 metade, mantendo-se a possibilidade de prorroga\u00e7\u00e3o, no caso de contrata\u00e7\u00f5es decorrentes de despesas cujos valores n\u00e3o ultrapassem o limite de que trata o\u00a0<u>inciso II do art. 75 da Lei n\u00ba 14.133, de 2021<\/u>.<\/li>\n<li>Para fins de liquida\u00e7\u00e3o, o setor competente dever\u00e1 verificar se a nota fiscal ou instrumento de cobran\u00e7a equivalente apresentado expressa os elementos necess\u00e1rios e essenciais do documento, tais como:<\/li>\n<li>o prazo de validade;<\/li>\n<li>a data da emiss\u00e3o;<\/li>\n<li>os dados do contrato e do \u00f3rg\u00e3o contratante;<\/li>\n<li>o per\u00edodo respectivo de execu\u00e7\u00e3o do contrato;<\/li>\n<li>o valor a pagar; e<\/li>\n<li>eventual destaque do valor de reten\u00e7\u00f5es tribut\u00e1rias cab\u00edveis.<\/li>\n<li>Havendo erro na apresenta\u00e7\u00e3o da nota fiscal ou instrumento de cobran\u00e7a equivalente, ou circunst\u00e2ncia que impe\u00e7a a liquida\u00e7\u00e3o da despesa, esta ficar\u00e1 sobrestada at\u00e9 que o contratado providencie as medidas saneadoras, reiniciando-se o prazo ap\u00f3s a comprova\u00e7\u00e3o da regulariza\u00e7\u00e3o da situa\u00e7\u00e3o, sem \u00f4nus ao contratante;<\/li>\n<li>A nota fiscal ou instrumento de cobran\u00e7a equivalente dever\u00e1 ser obrigatoriamente acompanhado da comprova\u00e7\u00e3o da regularidade fiscal, constatada por meio de consulta\u00a0<em>on-line<\/em>ao SICAF ou, na impossibilidade de acesso ao referido Sistema, mediante consulta aos s\u00edtios eletr\u00f4nicos oficiais ou \u00e0 documenta\u00e7\u00e3o mencionada no\u00a0<u>68 da Lei n\u00ba 14.133, de 2021.<\/u><\/li>\n<li>A Prefeitura Municipal dever\u00e1 realizar consulta ao SICAF para: a) verificar a manuten\u00e7\u00e3o das condi\u00e7\u00f5es de habilita\u00e7\u00e3o exigidas no edital; b) identificar poss\u00edvel raz\u00e3o que impe\u00e7a a participa\u00e7\u00e3o em licita\u00e7\u00e3o, no \u00e2mbito do \u00f3rg\u00e3o ou entidade, proibi\u00e7\u00e3o de contratar com o Poder P\u00fablico, bem como ocorr\u00eancias impeditivas indiretas (INSTRU\u00c7\u00c3O NORMATIVA N\u00ba 3, DE 26 DE ABRIL DE 2018).<\/li>\n<li>Constatando-se, junto ao SICAF, a situa\u00e7\u00e3o de irregularidade do contratado, ser\u00e1 providenciada sua notifica\u00e7\u00e3o, por escrito, para que, no prazo de 5 (cinco) dias \u00fateis, regularize sua situa\u00e7\u00e3o ou, no mesmo prazo, apresente sua defesa. O prazo poder\u00e1 ser prorrogado uma vez, por igual per\u00edodo, a crit\u00e9rio do<\/li>\n<li>N\u00e3o havendo regulariza\u00e7\u00e3o ou sendo a defesa considerada improcedente, o contratante dever\u00e1 comunicar aos \u00f3rg\u00e3os respons\u00e1veis pela fiscaliza\u00e7\u00e3o da regularidade fiscal quanto \u00e0 inadimpl\u00eancia do contratado, bem como quanto \u00e0 exist\u00eancia de pagamento a ser efetuado, para que sejam acionados os meios pertinentes e necess\u00e1rios para garantir o recebimento de seus cr\u00e9ditos.<\/li>\n<li>Persistindo a irregularidade, o contratante dever\u00e1 adotar as medidas necess\u00e1rias \u00e0 rescis\u00e3o contratual nos autos do processo administrativo correspondente, assegurada ao contratado a ampla defesa.<\/li>\n<li>Havendo a efetiva execu\u00e7\u00e3o do objeto, os pagamentos ser\u00e3o realizados normalmente, at\u00e9 que se decida pela rescis\u00e3o do contrato, caso o contratado n\u00e3o regularize sua situa\u00e7\u00e3o junto ao SICAF.<\/li>\n<\/ul>\n<p>&nbsp;<\/p>\n<p>8.3 Prazo de pagamento<\/p>\n<p><strong>\u00a0<\/strong><\/p>\n<ul>\n<li>O pagamento ser\u00e1 efetuado no prazo de at\u00e9 30 (trinta) dias \u00fateis contados da finaliza\u00e7\u00e3o da liquida\u00e7\u00e3o da despesa, conforme se\u00e7\u00e3o anterior, nos termos da\u00a0<u>Instru\u00e7\u00e3o Normativa SEGES\/ME n\u00ba 77, de 2022<\/u>.<\/li>\n<li>No caso de atraso pelo Contratante, os valores devidos ao contratado ser\u00e3o atualizados monetariamente entre o termo final do prazo de pagamento at\u00e9 a data de sua efetiva realiza\u00e7\u00e3o, mediante aplica\u00e7\u00e3o do \u00edndice\u00a0<em>IPCA<\/em>de corre\u00e7\u00e3o monet\u00e1ria.<\/li>\n<\/ul>\n<p>&nbsp;<\/p>\n<p>8.4 Forma de pagamento<\/p>\n<p><strong>\u00a0<\/strong><\/p>\n<ul>\n<li>O pagamento ser\u00e1 realizado por meio de ordem banc\u00e1ria, para cr\u00e9dito em banco, ag\u00eancia e conta corrente indicados pelo contratado.<\/li>\n<li>Ser\u00e1 considerada data do pagamento o dia em que constar como emitida a ordem banc\u00e1ria para<\/li>\n<li>Quando do pagamento, ser\u00e1 efetuada a reten\u00e7\u00e3o tribut\u00e1ria prevista na legisla\u00e7\u00e3o aplic\u00e1vel.<\/li>\n<li>Independentemente do percentual de tributo inserido na planilha, quando houver, ser\u00e3o retidos na fonte, quando da realiza\u00e7\u00e3o do pagamento, os percentuais estabelecidos na legisla\u00e7\u00e3o vigente.<\/li>\n<li>O contratado regularmente optante pelo Simples Nacional, nos termos da\u00a0<u>Lei Complementar n\u00ba 123,<\/u><u>de 2006<\/u>, n\u00e3o sofrer\u00e1 a reten\u00e7\u00e3o tribut\u00e1ria quanto aos impostos e contribui\u00e7\u00f5es abrangidos por aquele regime. No entanto, o pagamento ficar\u00e1 condicionado \u00e0 apresenta\u00e7\u00e3o de comprova\u00e7\u00e3o, por meio de documento oficial, de que faz jus ao tratamento tribut\u00e1rio favorecido previsto na referida Lei<\/li>\n<\/ul>\n<p>&nbsp;<\/p>\n<ol start=\"9\">\n<li>FORMA\u00a0\u00a0\u00a0\u00a0 E\u00a0\u00a0\u00a0\u00a0 CRIT\u00c9RIOS\u00a0\u00a0\u00a0\u00a0\u00a0 DE\u00a0\u00a0\u00a0\u00a0 SELE\u00c7\u00c3O\u00a0\u00a0\u00a0\u00a0 DO\u00a0\u00a0\u00a0\u00a0\u00a0\u00a0\u00a0\u00a0\u00a0\u00a0\u00a0\u00a0\u00a0\u00a0\u00a0\u00a0 FORNECEDOR E\u00a0\u00a0\u00a0\u00a0\u00a0\u00a0\u00a0\u00a0\u00a0\u00a0\u00a0\u00a0\u00a0\u00a0\u00a0\u00a0\u00a0\u00a0\u00a0\u00a0\u00a0\u00a0\u00a0\u00a0 FORMA\u00a0\u00a0\u00a0\u00a0\u00a0\u00a0\u00a0\u00a0\u00a0\u00a0\u00a0\u00a0\u00a0\u00a0\u00a0\u00a0\u00a0\u00a0 DE FORNECIMENTO<\/li>\n<\/ol>\n<p><strong>\u00a0<\/strong><\/p>\n<p>9.1 Forma de sele\u00e7\u00e3o e crit\u00e9rio de julgamento da proposta<\/p>\n<ul>\n<li>O fornecedor ser\u00e1 selecionado por meio da realiza\u00e7\u00e3o de procedimento de\u00a0<strong>LICITA\u00c7\u00c3O<\/strong>, na modalidade\u00a0<strong>DISPENSA DE LICITA\u00c7\u00c3O<\/strong>, com ado\u00e7\u00e3o do crit\u00e9rio de julgamento pelo\u00a0<strong>MENOR PRE\u00c7O GLOBAL<\/strong>.<\/li>\n<\/ul>\n<p>9.2 Forma de fornecimento<\/p>\n<p><strong>\u00a0<\/strong><\/p>\n<ul>\n<li>O fornecimento do objeto ser\u00e1 parcelado<\/li>\n<\/ul>\n<p>&nbsp;<\/p>\n<ol start=\"10\">\n<li>ESTIMATIVAS DO VALOR DA CONTRATA\u00c7\u00c3O<\/li>\n<\/ol>\n<ul>\n<li>O custo estimado da contrata\u00e7\u00e3o possui car\u00e1ter sigiloso e ser\u00e1 tornado p\u00fablico apenas e imediatamente ap\u00f3s o julgamento das propostas.<\/li>\n<li>A estimativa de custo levou em considera\u00e7\u00e3o o risco envolvido na contrata\u00e7\u00e3o e sua aloca\u00e7\u00e3o entre contratante e contratado, conforme especificado na matriz de risco constante do Contrato.<\/li>\n<li>Em caso de licita\u00e7\u00e3o para Registro de Pre\u00e7os, os pre\u00e7os registrados poder\u00e3o ser alterados ou atualizados em decorr\u00eancia de eventual redu\u00e7\u00e3o dos pre\u00e7os praticados no mercado ou de fato que eleve o custo dos bens, das obras ou dos servi\u00e7os registrados, nas seguintes situa\u00e7\u00f5es (art. 25 do Decreto n\u00ba 11.462\/2023):\n<ul>\n<li>em caso de for\u00e7a maior, caso fortuito ou fato do pr\u00edncipe ou em decorr\u00eancia de fatos imprevis\u00edveis ou previs\u00edveis de consequ\u00eancias incalcul\u00e1veis, que inviabilizem a execu\u00e7\u00e3o da ata tal como pactuada, nos termos do disposto na\u00a0<u>al\u00ednea \u201cd\u201d do inciso II do capu<strong>t<\/strong>do art. 124 da Lei n\u00ba 14.133, de 2021;<\/u><\/li>\n<li>em caso de cria\u00e7\u00e3o, altera\u00e7\u00e3o ou extin\u00e7\u00e3o de quaisquer tributos ou encargos legais ou superveni\u00eancia de disposi\u00e7\u00f5es legais, com comprovada repercuss\u00e3o sobre os pre\u00e7os registrados;<\/li>\n<li>ser\u00e3o reajustados os pre\u00e7os registrados, respeitada a contagem da anualidade e o \u00edndice previsto para a contrata\u00e7\u00e3o; ou<\/li>\n<li>poder\u00e3o ser repactuados, a pedido do interessado, conforme crit\u00e9rios definidos para a contrata\u00e7\u00e3o.<\/li>\n<\/ul>\n<\/li>\n<\/ul>\n<p>&nbsp;<\/p>\n<ol start=\"11\">\n<li>ADEQUA\u00c7\u00c3O OR\u00c7AMENT\u00c1RIA<\/li>\n<\/ol>\n<p><strong>\u00a0<\/strong><\/p>\n<ul>\n<li><em>A<\/em><em>dota\u00e7\u00e3o<\/em>\u00a0<em>relativa<\/em>\u00a0<em>aos<\/em>\u00a0<em>exerc\u00edcios<\/em>\u00a0<em>financeiros<\/em>\u00a0<em>subsequentes<\/em>\u00a0<em>ser\u00e1<\/em>\u00a0<em>indicada<\/em>\u00a0<em>ap\u00f3s<\/em>\u00a0<em>aprova\u00e7\u00e3o<\/em>\u00a0<em>da<\/em>\u00a0<em>Lei<\/em>\u00a0<em>Or\u00e7ament\u00e1ria<\/em>\u00a0<em>respectiva<\/em>\u00a0<em>e<\/em>\u00a0<em>libera\u00e7\u00e3o<\/em>\u00a0<em>dos<\/em>\u00a0<em>cr\u00e9ditos<\/em>\u00a0<em>correspondentes,<\/em>\u00a0<em>mediante<\/em><\/li>\n<\/ul>\n<p>&nbsp;<\/p>\n<p><strong>DISPENSA DE LICITA\u00c7\u00c3O N\u00b0 028\/2025 \u2013 SETOR DE LICITA\u00c7\u00c3O<\/strong><\/p>\n<p>ANEXO II \u2013 MODELO DE PROPOSTA DE PRE\u00c7OS<\/p>\n<table width=\"100%\">\n<tbody>\n<tr>\n<td colspan=\"4\" width=\"100%\"><strong>PREFEITURA MUNICIPAL DE VILA FLOR<\/strong><\/p>\n<p><strong>COMISS\u00c3O SETORIAL DE LICITA\u00c7\u00c3O<\/strong><\/p>\n<p><strong>COMISS\u00c3O DE LICITA\u00c7\u00c3O<\/strong><\/p>\n<p><strong>DISPENSA DE LICITA\u00c7\u00c3O N\u00ba 028\/2025<\/strong><\/td>\n<\/tr>\n<tr>\n<td colspan=\"4\" width=\"100%\"><strong>DADOS DA EMPRESA<\/strong><\/td>\n<\/tr>\n<tr>\n<td width=\"20%\"><strong>RAZ\u00c3O SOCIAL<\/strong><\/td>\n<td colspan=\"3\" width=\"79%\"><\/td>\n<\/tr>\n<tr>\n<td width=\"20%\"><strong>CNPJ<\/strong><\/td>\n<td width=\"17%\"><\/td>\n<td width=\"20%\"><strong>ENDERE\u00c7O<\/strong><\/td>\n<td width=\"42%\"><\/td>\n<\/tr>\n<tr>\n<td width=\"20%\"><strong>TELEFONE<\/strong><\/td>\n<td width=\"17%\"><\/td>\n<td width=\"20%\"><strong>E-MAIL<\/strong><\/td>\n<td width=\"42%\"><\/td>\n<\/tr>\n<tr>\n<td colspan=\"4\" width=\"100%\"><strong>DADOS DO REPRESENTANTE LEGAL<\/strong><\/td>\n<\/tr>\n<tr>\n<td width=\"20%\"><strong>NOME DO REPRESENTANTE LEGAL<\/strong><\/td>\n<td width=\"17%\"><\/td>\n<td width=\"20%\"><strong>TELEFONE DO REPRESENTANTE LEGAL<\/strong><\/td>\n<td width=\"42%\"><\/td>\n<\/tr>\n<\/tbody>\n<\/table>\n<p><strong>\u00a0<\/strong><\/p>\n<table width=\"100%\">\n<tbody>\n<tr>\n<td width=\"11%\"><strong>\u00a0<\/strong><\/p>\n<p><strong>OBJETO<\/strong><\/td>\n<td colspan=\"9\" width=\"88%\"><strong>FUTURA E EVENTUAL CONTRATA\u00c7\u00c3O DE EMPRESA PARA AQUISI\u00c7\u00c3O E INSTALA\u00c7\u00c3O DE ACADEMIAS AO AR LIVRE<\/strong><\/td>\n<\/tr>\n<tr>\n<td rowspan=\"2\" width=\"11%\"><strong>ITEM<\/strong><\/td>\n<td colspan=\"5\" rowspan=\"2\" width=\"38%\"><strong>DESCRI\u00c7\u00c3O<\/strong><\/td>\n<td rowspan=\"2\" width=\"10%\"><strong>Unidade de Medida<\/strong><\/td>\n<td rowspan=\"2\" width=\"10%\"><strong>Qnt.<\/strong><\/td>\n<td colspan=\"2\" width=\"28%\"><strong>PRE\u00c7O (R$)<\/strong><\/td>\n<\/tr>\n<tr>\n<td width=\"13%\"><strong>UNIT\u00c1RIO<\/strong><\/td>\n<td width=\"14%\"><strong>GLOGAL<\/strong><\/td>\n<\/tr>\n<tr>\n<td width=\"11%\">1<\/td>\n<td colspan=\"5\" width=\"38%\"><\/td>\n<td width=\"10%\"><\/td>\n<td width=\"10%\"><\/td>\n<td width=\"13%\"><\/td>\n<td width=\"14%\"><\/td>\n<\/tr>\n<tr>\n<td colspan=\"3\" width=\"23%\"><strong>VALOR GLOBAL POR EXTENSO<\/strong><\/td>\n<td width=\"12%\"><\/td>\n<td colspan=\"6\" width=\"63%\"><\/td>\n<\/tr>\n<tr>\n<td colspan=\"2\" width=\"14%\"><\/td>\n<td colspan=\"8\" width=\"85%\">Declaramos que concordamos e atenderemos todas as exig\u00eancias do Aviso e seus anexos.<\/td>\n<\/tr>\n<tr>\n<td colspan=\"3\" width=\"23%\"><strong>VALIDADE DA PROPOSTA<\/strong><\/td>\n<td colspan=\"2\" width=\"17%\"><strong>\u00a0<\/strong><\/td>\n<td colspan=\"5\" width=\"59%\"><strong>ASSINATURA DO REPRESENTANTE LEGAL DA EMPRESA<\/strong><\/td>\n<\/tr>\n<tr>\n<td width=\"11%\"><\/td>\n<td width=\"3%\"><\/td>\n<td width=\"8%\"><\/td>\n<td width=\"12%\"><\/td>\n<td width=\"4%\"><\/td>\n<td width=\"8%\"><\/td>\n<td width=\"10%\"><\/td>\n<td width=\"10%\"><\/td>\n<td width=\"13%\"><\/td>\n<td width=\"14%\"><\/td>\n<\/tr>\n<\/tbody>\n<\/table>\n<p>&nbsp;<\/p>\n<p><strong>\u00a0<\/strong><\/p>\n<p>DISPENSA DE LICITA\u00c7\u00c3O N\u00b0 028\/2025<\/p>\n<p>SETOR DE LICITA\u00c7\u00c3O<\/p>\n<p><strong>\u00a0<\/strong><\/p>\n<p><strong>ANEXO III \u2013 MODELO DE DECLARA\u00c7\u00c3O DE CUMPRIMENTO DO DISPOSTO NO INC. XXXIII DO ART. 7\u00ba DA CONSTITUI\u00c7\u00c3O FEDERAL<\/strong><\/p>\n<p><strong>\u00a0<\/strong><\/p>\n<p><strong>\u00a0<\/strong><\/p>\n<p>REFERENTE: DISPENSA DE LICITA\u00c7\u00c3O N\u00b0 028\/2025 \u2013 SETOR DE LICITA\u00c7\u00c3O<\/p>\n<p><strong>\u00a0<\/strong><\/p>\n<p>Declaramos, para os fins do disposto no inciso VI do art. 68 da Lei 14.133\/2021, que n\u00e3o empregamos menor de 18 (dezoito) anos em trabalho noturno, perigoso ou insalubre e n\u00e3o empregarmos menor de 16 (dezesseis) anos.<\/p>\n<p>Ressalva: emprega menor, a partir de 14 (quatorze) anos, na condi\u00e7\u00e3o de aprendiz ( ). Observa\u00e7\u00e3o: em caso afirmativo, assinalar a ressalva acima.<\/p>\n<p>Vila Flor,<u>____\u00a0<\/u>de\u00a0\u00a0\u00a0\u00a0\u00a0\u00a0\u00a0\u00a0\u00a0\u00a0\u00a0\u00a0\u00a0\u00a0\u00a0\u00a0\u00a0\u00a0\u00a0 de\u00a0<u>\u00a0\u00a0\u00a0\u00a0\u00a0\u00a0\u00a0\u00a0\u00a0\u00a0\u00a0\u00a0\u00a0\u00a0\u00a0\u00a0\u00a0\u00a0\u00a0\u00a0\u00a0\u00a0\u00a0\u00a0<\/u><\/p>\n<p>&nbsp;<\/p>\n<p>&nbsp;<\/p>\n<p>ASSINATURA DO REPRESENTANTE LEGAL DA EMPRESA<\/p>\n<p>&nbsp;<\/p>\n<p>DISPENSA DE LICITA\u00c7\u00c3O N\u00b0 028\/2025<\/p>\n<p>SETOR DE LICITA\u00c7\u00c3O<\/p>\n<p>&nbsp;<\/p>\n<p><strong>ANEXO IV \u2013 DECLARA\u00c7\u00c3O DE RESERVA DE CARGOS PCD, CONSOANTE ART. 92, DA LEI\u00a0FEDERAL N\u201d 14.133\/2021<\/strong><\/p>\n<p><strong>\u00a0<\/strong><\/p>\n<p><strong>\u00a0<\/strong><\/p>\n<p><strong>\u00a0<\/strong><\/p>\n<p>REFERENTE: DISPENSA DE LICITA\u00c7\u00c3O N\u00b0 028\/2025 \u2013 COMISS\u00c3O DE LICITA\u00c7\u00c3O<\/p>\n<p><strong>\u00a0<\/strong><\/p>\n<p>A empresa<u>\u00a0\u00a0\u00a0\u00a0\u00a0\u00a0\u00a0\u00a0\u00a0\u00a0\u00a0\u00a0\u00a0\u00a0\u00a0\u00a0\u00a0\u00a0\u00a0\u00a0\u00a0\u00a0\u00a0<\/u>_<u>\u00a0\u00a0\u00a0\u00a0\u00a0\u00a0\u00a0\u00a0\u00a0\u00a0\u00a0\u00a0\u00a0\u00a0\u00a0\u00a0\u00a0\u00a0\u00a0\u00a0\u00a0\u00a0\u00a0\u00a0\u00a0\u00a0\u00a0\u00a0\u00a0\u00a0\u00a0\u00a0\u00a0\u00a0\u00a0\u00a0\u00a0\u00a0\u00a0<\/u>, declara para os devidos fins licitat\u00f3rios que cumpre as exig\u00eancias de reserva de cargos para Pessoa com Defici\u00eancia \u2014 PcD, para Reabilitado da Previd\u00eancia Social e para aprendiz, em aten\u00e7\u00e3o ao art. 92, inciso XVII da Lei n\u00b0 14.133\/2021.<\/p>\n<p>&nbsp;<\/p>\n<p>Vila Flor,<u>\u00a0\u00a0\u00a0\u00a0\u00a0\u00a0\u00a0\u00a0\u00a0\u00a0\u00a0\u00a0\u00a0\u00a0\u00a0\u00a0\u00a0\u00a0\u00a0\u00a0\u00a0\u00a0\u00a0\u00a0\u00a0\u00a0\u00a0\u00a0\u00a0\u00a0\u00a0\u00a0\u00a0\u00a0\u00a0\u00a0\u00a0\u00a0\u00a0\u00a0\u00a0\u00a0\u00a0\u00a0\u00a0\u00a0\u00a0\u00a0\u00a0\u00a0\u00a0\u00a0\u00a0\u00a0<\/u>de__________ de\u00a0<u>\u00a0\u00a0\u00a0\u00a0\u00a0\u00a0\u00a0\u00a0\u00a0\u00a0\u00a0\u00a0\u00a0\u00a0\u00a0\u00a0\u00a0\u00a0\u00a0\u00a0\u00a0\u00a0\u00a0\u00a0<\/u><\/p>\n<p>&nbsp;<\/p>\n<p>ASSINATURA DO REPRESENTANTE LEGAL DA EMPRESA<\/p>\n<p>&nbsp;<\/p>\n<p>DISPENSA DE LICITA\u00c7\u00c3O N\u00b0 028\/2025 \u2013 SETOR DE LICITA\u00c7\u00c3O<\/p>\n<p><strong>ANEXO V \u2013 DECLARA\u00c7\u00c3O IMPEDIMENTOS DO ART. 14 DA LEI FEDERAL N\u201d 14.133\/2021<\/strong><\/p>\n<p><strong>\u00a0<\/strong><\/p>\n<p><strong>\u00a0<\/strong><\/p>\n<p><strong>\u00a0<\/strong><\/p>\n<p>REFERENTE: DISPENSA DE LICITA\u00c7\u00c3O N\u00b0 028\/2025 \u2013 SETOR DE LICITA\u00c7\u00c3O<\/p>\n<p><strong>\u00a0<\/strong><\/p>\n<p><strong>\u00a0<\/strong><\/p>\n<p>A empresa<u>\u00a0\u00a0\u00a0\u00a0\u00a0\u00a0\u00a0\u00a0\u00a0\u00a0\u00a0\u00a0\u00a0\u00a0\u00a0\u00a0\u00a0\u00a0\u00a0\u00a0\u00a0\u00a0\u00a0\u00a0\u00a0\u00a0\u00a0\u00a0\u00a0\u00a0\u00a0\u00a0\u00a0\u00a0\u00a0\u00a0\u00a0\u00a0\u00a0\u00a0\u00a0\u00a0\u00a0\u00a0\u00a0\u00a0\u00a0\u00a0\u00a0\u00a0\u00a0\u00a0\u00a0\u00a0\u00a0\u00a0\u00a0\u00a0\u00a0\u00a0\u00a0\u00a0\u00a0\u00a0<\/u>_ , declara para os devidos fins licitat\u00f3rios que n\u00e3o incursa nos impedimentos para disputa de licita\u00e7\u00e3o ou execu\u00e7\u00e3o do contrato de que trata o art. 14 da Lei Federal n\u00b0 14.133\/2021.<\/p>\n<p>&nbsp;<\/p>\n<p>&nbsp;<\/p>\n<p>Vila Flor,<u>\u00a0\u00a0\u00a0\u00a0\u00a0\u00a0\u00a0\u00a0\u00a0\u00a0\u00a0\u00a0\u00a0\u00a0\u00a0\u00a0\u00a0\u00a0\u00a0\u00a0\u00a0\u00a0\u00a0\u00a0\u00a0\u00a0\u00a0\u00a0\u00a0\u00a0\u00a0\u00a0\u00a0\u00a0\u00a0\u00a0\u00a0\u00a0\u00a0\u00a0\u00a0\u00a0\u00a0\u00a0\u00a0\u00a0\u00a0\u00a0\u00a0\u00a0\u00a0\u00a0\u00a0\u00a0<\/u>de__________ de\u00a0<u>\u00a0\u00a0\u00a0\u00a0\u00a0\u00a0\u00a0\u00a0\u00a0\u00a0\u00a0\u00a0\u00a0\u00a0\u00a0\u00a0\u00a0\u00a0\u00a0\u00a0\u00a0\u00a0\u00a0\u00a0<\/u><\/p>\n<p>&nbsp;<\/p>\n<p>&nbsp;<\/p>\n<p>ASSINATURA DO REPRESENTANTE LEGAL DA EMPRESA<\/p>\n<p>&nbsp;<\/p>\n<p><strong>\u00a0<\/strong><\/p>\n<p><strong>DISPENSA DE LICITA\u00c7\u00c3O N\u00b0 028\/2025<\/strong><\/p>\n<p><strong>SETOR DE LICITA\u00c7\u00c3O<\/strong><\/p>\n<p><strong>ANEXO V \u2013 MODELO DE CARTA CONTRATO<\/strong><\/p>\n<p>&nbsp;<\/p>\n<p>CARTA CONTRATO N\u00ba 0XX\/20XX<\/p>\n<p><strong>\u00a0<\/strong><\/p>\n<p>Contrato de presta\u00e7\u00e3o de servi\u00e7os que entre si celebram o\u00a0<strong>PREFEITURA MUNICIPAL DE VILA FLOR\u00a0<\/strong>e a empresa\u00a0<strong>\u2026\u2026\u2026\u2026\u2026\u2026\u2026\u2026\u2026..<\/strong><\/p>\n<p><strong>\u00a0<\/strong><\/p>\n<p>A\u00a0<strong>PREFEITURA MUNICIPAL DE VILA FLOR,\u00a0<\/strong>pessoa jur\u00eddica de direito p\u00fablico interno, \u00f3rg\u00e3o p\u00fablico, com sede nesta Cidade, na Rua Jos\u00e9 Calazans, 169, Centro, Vila Flor\/RN, inscrita no CNPJ sob o n\u00ba 08.169.278\/0001-07, neste ato representado pel Sra. Prefeita Municipal THUANNE KARLA CARVALHO DE SOUZA, doravante denominado\u00a0<strong>CONTRATANTE,\u00a0<\/strong>e a\u00a0<strong>Empresa \u2026\u2026\u2026\u2026\u2026\u2026\u2026\u2026\u2026\u2026.,\u00a0<\/strong>CNPJ n\u00ba\u2026\u2026\u2026\u2026\u2026\u2026\u2026., situado \u00e0 \u2026\u2026\u2026\u2026\u2026\u2026\u2026\u2026.., Cidade-Estado, telefone \u2026\u2026\u2026\u2026\u2026.., e-mail\u00a0\u00a0\u00a0\u00a0\u00a0\u00a0\u00a0\u00a0\u00a0 , neste ato representada pelo Sr\u00a0\u00a0 , brasileiro, casado, profiss\u00e3o, portador da C\u00e9dula de Identidade n\u00ba \u2026\u2026\u2026\u2026\u2026 \u2013 SSP-\u2026., CPF n\u00ba \u2026\u2026\u2026\u2026.. , residente na Rua \u2026\u2026\u2026\u2026\u2026\u2026., telefone \u2026\u2026\u2026\u2026\u2026, e-mail: \u2026\u2026\u2026\u2026\u2026\u2026\u2026.., doravante denominada\u00a0<strong>CONTRATADA<\/strong>, resolvem celebrar o presente Contrato, autorizado pelo despacho constante no Processo Administrativo n\u00b0\u00a0<strong>XXXXXXXXX\/20XX<\/strong>, mediante parecer jur\u00eddico, que se reger\u00e1 pela Lei Federal n.\u00ba 14.133\/2021 e altera\u00e7\u00f5es posteriores, mediante as cl\u00e1usulas e condi\u00e7\u00f5es a seguir e do qual ficam fazendo parte integrante independentemente de transcri\u00e7\u00e3o, os documentos:<\/p>\n<p>&nbsp;<\/p>\n<ol>\n<li>Aviso de DISPENSA DE LICITA\u00c7\u00c3O N\u00ba 028\/2025 \u2013 COMISS\u00c3O DE LICITA\u00c7\u00c3O e seus<\/li>\n<\/ol>\n<p>&nbsp;<\/p>\n<ol>\n<li>Propostas de pre\u00e7o apresentada pela\u00a0<strong>CONTRATADA\u00a0<\/strong>em 00\/00\/0000.<\/li>\n<\/ol>\n<p>&nbsp;<\/p>\n<p>CL\u00c1USULA PRIMEIRA \u2013 OBJETO<\/p>\n<p><strong>\u00a0<\/strong><\/p>\n<p><strong>FUTURA E EVENTUAL CONTRATA\u00c7\u00c3O DE EMPRESA PARA AQUISI\u00c7\u00c3O E INSTALA\u00c7\u00c3O DE ACADEMIAS AO AR LIVRE\u00a0do Aviso de DISPENSA DE LICITA\u00c7\u00c3O N\u00ba 028\/2025 \u2013 COMISS\u00c3O DE LICITA\u00c7\u00c3O e proposta da CONTRATADA que s\u00e3o parte integrante deste instrumento independente de transcri\u00e7\u00e3o<\/strong>.<\/p>\n<p>&nbsp;<\/p>\n<p><strong>Par\u00e1grafo \u00fanico.\u00a0<\/strong>A licitante obriga-se a aceitar, quando solicitado pela Administra\u00e7\u00e3o, nas mesmas condi\u00e7\u00f5es e dentro do prazo contratual estabelecido, os acr\u00e9scimos ou supress\u00f5es\u00a0\u00a0 que se fizer nas compras de at\u00e9 25% (vinte e cinco por cento) do valor inicial atualizado do contrato, e as supress\u00f5es resultantes de acordo celebrado entre as partes, na forma do art. 125 da Lei Federal n\u00ba 14.133\/2021.<\/p>\n<p>&nbsp;<\/p>\n<p>CL\u00c1USULA SEGUNDA \u2013 DOS PRAZOS<\/p>\n<p><strong>\u00a0<\/strong><\/p>\n<ul>\n<li>1\u00ba VIG\u00caNCIA: A vig\u00eancia do contrato ser\u00e1 de 12 (doze) meses, contados a partir da data da assinatura.<\/li>\n<\/ul>\n<p>&nbsp;<\/p>\n<ul>\n<li>2\u00ba Os prazos poder\u00e3o ser alterados nos termos da Lei Federal n\u00ba 14.133\/2021.<\/li>\n<\/ul>\n<p>&nbsp;<\/p>\n<p>CL\u00c1USULA TERCEIRA \u2013 PRE\u00c7O<\/p>\n<p><strong>\u00a0<\/strong><\/p>\n<table width=\"100%\">\n<tbody>\n<tr>\n<td rowspan=\"2\" width=\"9%\"><strong>ITEM<\/strong><\/td>\n<td rowspan=\"2\" width=\"38%\"><strong>DESCRI\u00c7\u00c3O<\/strong><\/td>\n<td rowspan=\"2\" width=\"11%\"><strong>Unidade de Medida<\/strong><\/td>\n<td rowspan=\"2\" width=\"11%\"><strong>Qnt.<\/strong><\/td>\n<td colspan=\"2\" width=\"28%\"><strong>PRE\u00c7O (R$)<\/strong><\/td>\n<\/tr>\n<tr>\n<td width=\"13%\"><strong>UNIT\u00c1RIO<\/strong><\/td>\n<td width=\"15%\"><strong>GLOGAL<\/strong><\/td>\n<\/tr>\n<tr>\n<td width=\"9%\">1<\/td>\n<td width=\"38%\"><\/td>\n<td width=\"11%\"><\/td>\n<td width=\"11%\"><\/td>\n<td width=\"13%\"><\/td>\n<td width=\"15%\"><\/td>\n<\/tr>\n<\/tbody>\n<\/table>\n<p><strong>\u00a0<\/strong><\/p>\n<p>O valor global deste contrato \u00e9 de\u00a0<strong>R$ \u2026\u2026\u2026\u2026\u2026\u2026 (\u2026\u2026\u2026\u2026\u2026\u2026\u2026\u2026\u2026\u2026\u2026\u2026 )\u00a0<\/strong>sendo fixo e irreajust\u00e1vel pelo per\u00edodo de 12 (doze) meses, transcrito da proposta de pre\u00e7o apresentada pela\u00a0<strong>CONTRATADA<\/strong>, entendido este como pre\u00e7o justo e suficiente para a total execu\u00e7\u00e3o do objeto deste Contrato.<\/p>\n<p>&nbsp;<\/p>\n<p>CL\u00c1USULA QUARTA \u2013 RECURSO FINANCEIRO<\/p>\n<p>As despesas para pagamento deste contrato correr\u00e3o \u00e0 conta do recurso da Dota\u00e7\u00e3o Or\u00e7ament\u00e1ria:<\/p>\n<p>Unidade Gestora:<\/p>\n<p>Gest\u00e3o<\/p>\n<p>Unidade Or\u00e7ament\u00e1ria<\/p>\n<p>Suba\u00e7\u00e3o<\/p>\n<p>Fonte Recurso:<\/p>\n<p>Elemento de despesa:<\/p>\n<p>&nbsp;<\/p>\n<p>CL\u00c1USULA QUINTA \u2013 ALTERA\u00c7\u00c3O<\/p>\n<p><strong>\u00a0<\/strong><\/p>\n<p>A altera\u00e7\u00e3o de quaisquer das cl\u00e1usulas ou condi\u00e7\u00f5es contidas neste contrato dever\u00e1 ser realizada mediante celebra\u00e7\u00e3o de Termo Aditivo, ressalvadas as hip\u00f3teses previstas em Lei.<\/p>\n<p>CL\u00c1USULA SEXTA \u2013 RESCIS\u00c3O<\/p>\n<p><strong>\u00a0<\/strong><\/p>\n<p>Este contrato poder\u00e1 ser extinto na forma dos Artigos 137, 138 e 139 da Lei Federal n\u00ba 14.133\/2021.<\/p>\n<p>CL\u00c1USULA S\u00c9TIMA \u2013 FORO<\/p>\n<p><strong>\u00a0<\/strong><\/p>\n<p>Fica eleito o Foro da Cidade de Vila Flor, Estado da Rio Grande do Norte, como o competente para dirimir quest\u00f5es decorrentes do cumprimento deste contrato, renunciando as partes a qualquer outro por mais privilegiado que seja.<\/p>\n<p>E, por estarem assim justas e acordadas, firmam as partes o presente instrumento em 03 (tr\u00eas) vias de igual teor e forma, para que produza os efeitos jur\u00eddicos.<\/p>\n<p>&nbsp;<\/p>\n<p>Vila Flor-Rio Grande do Norte, \u2026\u2026.. de \u2026\u2026\u2026\u2026\u2026\u2026. de \u2026\u2026\u2026\u2026\u2026\u2026..<\/p>\n<p>&nbsp;<\/p>\n<p><u>\u00a0\u00a0\u00a0\u00a0\u00a0\u00a0\u00a0\u00a0\u00a0\u00a0\u00a0\u00a0\u00a0\u00a0\u00a0\u00a0\u00a0\u00a0\u00a0\u00a0\u00a0\u00a0\u00a0\u00a0\u00a0\u00a0\u00a0\u00a0\u00a0\u00a0\u00a0\u00a0\u00a0\u00a0\u00a0\u00a0\u00a0\u00a0\u00a0<\/u>_<u>\u00a0\u00a0\u00a0\u00a0\u00a0\u00a0\u00a0\u00a0\u00a0\u00a0\u00a0\u00a0\u00a0\u00a0\u00a0\u00a0\u00a0\u00a0\u00a0\u00a0\u00a0\u00a0\u00a0\u00a0\u00a0\u00a0\u00a0\u00a0\u00a0\u00a0\u00a0\u00a0\u00a0\u00a0\u00a0\u00a0\u00a0\u00a0\u00a0<\/u>_<u>\u00a0\u00a0\u00a0\u00a0\u00a0\u00a0\u00a0<\/u><\/p>\n<p>CONTRATANTE<\/p>\n<p><strong>\u00a0<\/strong><\/p>\n<p><strong>\u00a0<\/strong><\/p>\n<p><u>\u00a0\u00a0\u00a0\u00a0\u00a0\u00a0\u00a0\u00a0\u00a0\u00a0\u00a0\u00a0\u00a0\u00a0\u00a0\u00a0\u00a0\u00a0\u00a0\u00a0\u00a0\u00a0\u00a0\u00a0\u00a0\u00a0\u00a0\u00a0\u00a0\u00a0\u00a0\u00a0\u00a0\u00a0\u00a0\u00a0\u00a0\u00a0\u00a0<\/u>_<u>\u00a0\u00a0\u00a0\u00a0\u00a0\u00a0\u00a0\u00a0\u00a0\u00a0\u00a0\u00a0\u00a0\u00a0\u00a0\u00a0\u00a0\u00a0\u00a0\u00a0\u00a0\u00a0\u00a0\u00a0\u00a0\u00a0\u00a0\u00a0\u00a0\u00a0\u00a0\u00a0\u00a0\u00a0\u00a0\u00a0\u00a0\u00a0\u00a0<\/u>_<u>\u00a0\u00a0\u00a0\u00a0\u00a0\u00a0\u00a0<\/u><\/p>\n<p>CONTRATADA<\/p>\n<p>&nbsp;<\/p>\n<p style=\"text-align: right;\"><strong>Publicado por:<\/strong><\/p>\n<p style=\"text-align: right;\">GRINALDO JOAQUIM DE SOUZA<\/p>\n<p style=\"text-align: right;\">Secret\u00e1rio Municipal de Administra\u00e7\u00e3o<\/p>\n<p style=\"text-align: right;\"><strong>C\u00f3digo Identificador: <\/strong>338N5QUYC7<\/p>\n<div class=\"pdfprnt-buttons pdfprnt-buttons-post pdfprnt-bottom-right\"><a href=\"https:\/\/vilaflor.rn.gov.br\/transparencia\/wp-json\/wp\/v2\/posts\/3958?print=pdf\" class=\"pdfprnt-button pdfprnt-button-pdf\" target=\"_blank\"><img decoding=\"async\" src=\"https:\/\/vilaflor.rn.gov.br\/transparencia\/wp-content\/plugins\/pdf-print\/images\/pdf.png\" alt=\"image_pdf\" title=\"Baixar PDF\" \/><\/a><a href=\"https:\/\/vilaflor.rn.gov.br\/transparencia\/wp-json\/wp\/v2\/posts\/3958?print=print\" class=\"pdfprnt-button pdfprnt-button-print\" target=\"_blank\"><img decoding=\"async\" src=\"https:\/\/vilaflor.rn.gov.br\/transparencia\/wp-content\/plugins\/pdf-print\/images\/print.png\" alt=\"image_print\" title=\"Conte\u00fado de impress\u00e3o\" \/><\/a><\/div>","protected":false},"excerpt":{"rendered":"<p>ESTADO DO RIO GRANDE DO NORTE PREFEITURA MUNICIPAL DE VILA FLOR DADOS DO AVISO Vila Flor\/RN, em 12 de setembro de 2025. PROCESSO ADMINISTRATIVO:\u00a008090001\/2025 &nbsp; DATA E HORA LIMITE PARA ENTREGA DA PROPOSTA DE PRE\u00c7O E DOCUMENTOS DE HABILITA\u00c7\u00c3O &nbsp; At\u00e9 dia 18\/09\/2025, \u00e0s 09:00h REFER\u00caNCIA DE HOR\u00c1RIO \u00a0 Hor\u00e1rio de Brasilia \u2013 DF ENDERE\u00c7O [&hellip;]<\/p>\n","protected":false},"author":1,"featured_media":0,"comment_status":"open","ping_status":"open","sticky":false,"template":"","format":"standard","meta":{"ocean_post_layout":"","ocean_both_sidebars_style":"","ocean_both_sidebars_content_width":0,"ocean_both_sidebars_sidebars_width":0,"ocean_sidebar":"0","ocean_second_sidebar":"0","ocean_disable_margins":"enable","ocean_add_body_class":"","ocean_shortcode_before_top_bar":"","ocean_shortcode_after_top_bar":"","ocean_shortcode_before_header":"","ocean_shortcode_after_header":"","ocean_has_shortcode":"","ocean_shortcode_after_title":"","ocean_shortcode_before_footer_widgets":"","ocean_shortcode_after_footer_widgets":"","ocean_shortcode_before_footer_bottom":"","ocean_shortcode_after_footer_bottom":"","ocean_display_top_bar":"default","ocean_display_header":"default","ocean_header_style":"","ocean_center_header_left_menu":"0","ocean_custom_header_template":"0","ocean_custom_logo":0,"ocean_custom_retina_logo":0,"ocean_custom_logo_max_width":0,"ocean_custom_logo_tablet_max_width":0,"ocean_custom_logo_mobile_max_width":0,"ocean_custom_logo_max_height":0,"ocean_custom_logo_tablet_max_height":0,"ocean_custom_logo_mobile_max_height":0,"ocean_header_custom_menu":"0","ocean_menu_typo_font_family":"0","ocean_menu_typo_font_subset":"","ocean_menu_typo_font_size":0,"ocean_menu_typo_font_size_tablet":0,"ocean_menu_typo_font_size_mobile":0,"ocean_menu_typo_font_size_unit":"px","ocean_menu_typo_font_weight":"","ocean_menu_typo_font_weight_tablet":"","ocean_menu_typo_font_weight_mobile":"","ocean_menu_typo_transform":"","ocean_menu_typo_transform_tablet":"","ocean_menu_typo_transform_mobile":"","ocean_menu_typo_line_height":0,"ocean_menu_typo_line_height_tablet":0,"ocean_menu_typo_line_height_mobile":0,"ocean_menu_typo_line_height_unit":"","ocean_menu_typo_spacing":0,"ocean_menu_typo_spacing_tablet":0,"ocean_menu_typo_spacing_mobile":0,"ocean_menu_typo_spacing_unit":"","ocean_menu_link_color":"","ocean_menu_link_color_hover":"","ocean_menu_link_color_active":"","ocean_menu_link_background":"","ocean_menu_link_hover_background":"","ocean_menu_link_active_background":"","ocean_menu_social_links_bg":"","ocean_menu_social_hover_links_bg":"","ocean_menu_social_links_color":"","ocean_menu_social_hover_links_color":"","ocean_disable_title":"default","ocean_disable_heading":"default","ocean_post_title":"","ocean_post_subheading":"","ocean_post_title_style":"","ocean_post_title_background_color":"","ocean_post_title_background":0,"ocean_post_title_bg_image_position":"","ocean_post_title_bg_image_attachment":"","ocean_post_title_bg_image_repeat":"","ocean_post_title_bg_image_size":"","ocean_post_title_height":0,"ocean_post_title_bg_overlay":0.5,"ocean_post_title_bg_overlay_color":"","ocean_disable_breadcrumbs":"default","ocean_breadcrumbs_color":"","ocean_breadcrumbs_separator_color":"","ocean_breadcrumbs_links_color":"","ocean_breadcrumbs_links_hover_color":"","ocean_display_footer_widgets":"default","ocean_display_footer_bottom":"default","ocean_custom_footer_template":"0","ocean_post_oembed":"","ocean_post_self_hosted_media":"","ocean_post_video_embed":"","ocean_link_format":"","ocean_link_format_target":"self","ocean_quote_format":"","ocean_quote_format_link":"post","ocean_gallery_link_images":"on","ocean_gallery_id":[],"footnotes":""},"categories":[5,4],"tags":[],"class_list":["post-3958","post","type-post","status-publish","format-standard","hentry","category-aviso-de-licitacao","category-licitacao","entry"],"_links":{"self":[{"href":"https:\/\/vilaflor.rn.gov.br\/transparencia\/wp-json\/wp\/v2\/posts\/3958","targetHints":{"allow":["GET"]}}],"collection":[{"href":"https:\/\/vilaflor.rn.gov.br\/transparencia\/wp-json\/wp\/v2\/posts"}],"about":[{"href":"https:\/\/vilaflor.rn.gov.br\/transparencia\/wp-json\/wp\/v2\/types\/post"}],"author":[{"embeddable":true,"href":"https:\/\/vilaflor.rn.gov.br\/transparencia\/wp-json\/wp\/v2\/users\/1"}],"replies":[{"embeddable":true,"href":"https:\/\/vilaflor.rn.gov.br\/transparencia\/wp-json\/wp\/v2\/comments?post=3958"}],"version-history":[{"count":1,"href":"https:\/\/vilaflor.rn.gov.br\/transparencia\/wp-json\/wp\/v2\/posts\/3958\/revisions"}],"predecessor-version":[{"id":3959,"href":"https:\/\/vilaflor.rn.gov.br\/transparencia\/wp-json\/wp\/v2\/posts\/3958\/revisions\/3959"}],"wp:attachment":[{"href":"https:\/\/vilaflor.rn.gov.br\/transparencia\/wp-json\/wp\/v2\/media?parent=3958"}],"wp:term":[{"taxonomy":"category","embeddable":true,"href":"https:\/\/vilaflor.rn.gov.br\/transparencia\/wp-json\/wp\/v2\/categories?post=3958"},{"taxonomy":"post_tag","embeddable":true,"href":"https:\/\/vilaflor.rn.gov.br\/transparencia\/wp-json\/wp\/v2\/tags?post=3958"}],"curies":[{"name":"wp","href":"https:\/\/api.w.org\/{rel}","templated":true}]}}