{"id":3956,"date":"2025-09-15T17:16:20","date_gmt":"2025-09-15T20:16:20","guid":{"rendered":"https:\/\/vilaflor.rn.gov.br\/transparencia\/?p=3956"},"modified":"2025-09-25T17:18:09","modified_gmt":"2025-09-25T20:18:09","slug":"portaria-no-051-2025-sme-nomeia-diretor-a-escolar-vinculados-a-secretaria-municipal-de-educacao-e-da-outras-providencias","status":"publish","type":"post","link":"https:\/\/vilaflor.rn.gov.br\/transparencia\/portaria-no-051-2025-sme-nomeia-diretor-a-escolar-vinculados-a-secretaria-municipal-de-educacao-e-da-outras-providencias\/","title":{"rendered":"PORTARIA N\u00ba 051\/2025 \u2013 SME &#8211; Nomeia diretor (a) escolar, vinculados \u00e0 Secretaria Municipal de Educa\u00e7\u00e3o e d\u00e1 outras provid\u00eancias."},"content":{"rendered":"<p style=\"text-align: center;\"><strong>ESTADO DO RIO GRANDE DO NORTE<\/strong><br \/>\n<strong>PREFEITURA MUNICIPAL DE VILA FLOR<\/strong><\/p>\n<p><em>Nomeia diretor (a) escolar, vinculados \u00e0 Secretaria Municipal de Educa\u00e7\u00e3o e d\u00e1 outras provid\u00eancias.<\/em><\/p>\n<p><em>\u00a0<\/em><\/p>\n<p>A PREFEITA CONSTITUCIONAL DO MUNIC\u00cdPIO DE VILA FLOR, Estado do Rio Grande do Norte, no uso de suas atribui\u00e7\u00f5es legais,<\/p>\n<p>Considerando os crit\u00e9rios do Decreto n\u00ba 16\/2022, que disp\u00f5es sobre criterios para o provimento da fun\u00e7\u00e3o de Diretor (a) escolares da Rede Municipal de Ensino de Vila Flor\/RN<\/p>\n<p>RESOLVE:<\/p>\n<p>Art. 1\u00ba \u2013 TORNAR P\u00daBLICO o resultado final do processo de nomea\u00e7\u00e3o de gestores escolares e NOMEAR diretores, vinculados \u00e0 Secretaria Municipal de Educa\u00e7\u00e3o.<\/p>\n<table width=\"100%\">\n<tbody>\n<tr>\n<td width=\"33%\"><strong>Nome<\/strong><\/td>\n<td width=\"18%\"><strong>Cargo<\/strong><\/td>\n<td width=\"48%\"><strong>Escola<\/strong><\/td>\n<\/tr>\n<tr>\n<td width=\"33%\">Maria Helena de Oliveira<\/td>\n<td width=\"18%\">Diretora<\/td>\n<td width=\"48%\">Creche Municipal Joana Darc<\/td>\n<\/tr>\n<tr>\n<td width=\"33%\">Joana Darc do Nascimento<\/td>\n<td width=\"18%\">Diretora<\/td>\n<td width=\"48%\">Escola Municipal Juv\u00eancio dos Santos<\/td>\n<\/tr>\n<tr>\n<td width=\"33%\">Maria do Rosario de Oliveira<\/td>\n<td width=\"18%\">Diretora<\/td>\n<td width=\"48%\">Escola Municipal Nossa Senhora do Desterro<\/td>\n<\/tr>\n<tr>\n<td width=\"33%\">Erinalva Cassiano de Ara\u00fajo<\/td>\n<td width=\"18%\">Diretora<\/td>\n<td width=\"48%\">Escola Municipal Bartolomeu Fagundes<\/td>\n<\/tr>\n<\/tbody>\n<\/table>\n<p>Art. 2\u00ba- Esta portaria entrar\u00e1 em vigor na data de sua publica\u00e7\u00e3o, revogadas as disposi\u00e7\u00f5es em contr\u00e1rio.<\/p>\n<p>Registre-se. Publique-se. Cumpra-se. Vila Flor\/RN, em 12 de setembro de 2025.<\/p>\n<p><strong><em>THUANNE KARLA CARVALHO DE SOUZA<\/em><\/strong><\/p>\n<p>Prefeita Municipal<\/p>\n<p>&nbsp;<\/p>\n<p style=\"text-align: right;\"><strong>Publicado por:<\/strong><\/p>\n<p style=\"text-align: right;\">GRINALDO JOAQUIM DE SOUZA<\/p>\n<p style=\"text-align: right;\">Secret\u00e1rio Municipal de Administra\u00e7\u00e3o<\/p>\n<p style=\"text-align: right;\"><strong>C\u00f3digo Identificador: <\/strong>PX1ORFX97X<\/p>\n<div class=\"pdfprnt-buttons pdfprnt-buttons-post pdfprnt-bottom-right\"><a href=\"https:\/\/vilaflor.rn.gov.br\/transparencia\/wp-json\/wp\/v2\/posts\/3956?print=pdf\" class=\"pdfprnt-button pdfprnt-button-pdf\" target=\"_blank\"><img decoding=\"async\" src=\"https:\/\/vilaflor.rn.gov.br\/transparencia\/wp-content\/plugins\/pdf-print\/images\/pdf.png\" alt=\"image_pdf\" title=\"Baixar PDF\" \/><\/a><a href=\"https:\/\/vilaflor.rn.gov.br\/transparencia\/wp-json\/wp\/v2\/posts\/3956?print=print\" class=\"pdfprnt-button pdfprnt-button-print\" target=\"_blank\"><img decoding=\"async\" src=\"https:\/\/vilaflor.rn.gov.br\/transparencia\/wp-content\/plugins\/pdf-print\/images\/print.png\" alt=\"image_print\" title=\"Conte\u00fado de impress\u00e3o\" \/><\/a><\/div>","protected":false},"excerpt":{"rendered":"<p>ESTADO DO RIO GRANDE DO NORTE PREFEITURA MUNICIPAL DE VILA FLOR Nomeia diretor (a) escolar, vinculados \u00e0 Secretaria Municipal de Educa\u00e7\u00e3o e d\u00e1 outras provid\u00eancias. \u00a0 A PREFEITA CONSTITUCIONAL DO MUNIC\u00cdPIO DE VILA FLOR, Estado do Rio Grande do Norte, no uso de suas atribui\u00e7\u00f5es legais, Considerando os crit\u00e9rios do Decreto n\u00ba 16\/2022, que disp\u00f5es [&hellip;]<\/p>\n","protected":false},"author":1,"featured_media":0,"comment_status":"open","ping_status":"open","sticky":false,"template":"","format":"standard","meta":{"ocean_post_layout":"","ocean_both_sidebars_style":"","ocean_both_sidebars_content_width":0,"ocean_both_sidebars_sidebars_width":0,"ocean_sidebar":"0","ocean_second_sidebar":"0","ocean_disable_margins":"enable","ocean_add_body_class":"","ocean_shortcode_before_top_bar":"","ocean_shortcode_after_top_bar":"","ocean_shortcode_before_header":"","ocean_shortcode_after_header":"","ocean_has_shortcode":"","ocean_shortcode_after_title":"","ocean_shortcode_before_footer_widgets":"","ocean_shortcode_after_footer_widgets":"","ocean_shortcode_before_footer_bottom":"","ocean_shortcode_after_footer_bottom":"","ocean_display_top_bar":"default","ocean_display_header":"default","ocean_header_style":"","ocean_center_header_left_menu":"0","ocean_custom_header_template":"0","ocean_custom_logo":0,"ocean_custom_retina_logo":0,"ocean_custom_logo_max_width":0,"ocean_custom_logo_tablet_max_width":0,"ocean_custom_logo_mobile_max_width":0,"ocean_custom_logo_max_height":0,"ocean_custom_logo_tablet_max_height":0,"ocean_custom_logo_mobile_max_height":0,"ocean_header_custom_menu":"0","ocean_menu_typo_font_family":"0","ocean_menu_typo_font_subset":"","ocean_menu_typo_font_size":0,"ocean_menu_typo_font_size_tablet":0,"ocean_menu_typo_font_size_mobile":0,"ocean_menu_typo_font_size_unit":"px","ocean_menu_typo_font_weight":"","ocean_menu_typo_font_weight_tablet":"","ocean_menu_typo_font_weight_mobile":"","ocean_menu_typo_transform":"","ocean_menu_typo_transform_tablet":"","ocean_menu_typo_transform_mobile":"","ocean_menu_typo_line_height":0,"ocean_menu_typo_line_height_tablet":0,"ocean_menu_typo_line_height_mobile":0,"ocean_menu_typo_line_height_unit":"","ocean_menu_typo_spacing":0,"ocean_menu_typo_spacing_tablet":0,"ocean_menu_typo_spacing_mobile":0,"ocean_menu_typo_spacing_unit":"","ocean_menu_link_color":"","ocean_menu_link_color_hover":"","ocean_menu_link_color_active":"","ocean_menu_link_background":"","ocean_menu_link_hover_background":"","ocean_menu_link_active_background":"","ocean_menu_social_links_bg":"","ocean_menu_social_hover_links_bg":"","ocean_menu_social_links_color":"","ocean_menu_social_hover_links_color":"","ocean_disable_title":"default","ocean_disable_heading":"default","ocean_post_title":"","ocean_post_subheading":"","ocean_post_title_style":"","ocean_post_title_background_color":"","ocean_post_title_background":0,"ocean_post_title_bg_image_position":"","ocean_post_title_bg_image_attachment":"","ocean_post_title_bg_image_repeat":"","ocean_post_title_bg_image_size":"","ocean_post_title_height":0,"ocean_post_title_bg_overlay":0.5,"ocean_post_title_bg_overlay_color":"","ocean_disable_breadcrumbs":"default","ocean_breadcrumbs_color":"","ocean_breadcrumbs_separator_color":"","ocean_breadcrumbs_links_color":"","ocean_breadcrumbs_links_hover_color":"","ocean_display_footer_widgets":"default","ocean_display_footer_bottom":"default","ocean_custom_footer_template":"0","ocean_post_oembed":"","ocean_post_self_hosted_media":"","ocean_post_video_embed":"","ocean_link_format":"","ocean_link_format_target":"self","ocean_quote_format":"","ocean_quote_format_link":"post","ocean_gallery_link_images":"on","ocean_gallery_id":[],"footnotes":""},"categories":[16,24,26],"tags":[],"class_list":["post-3956","post","type-post","status-publish","format-standard","hentry","category-legislacao","category-portarias","category-portarias-2025","entry"],"_links":{"self":[{"href":"https:\/\/vilaflor.rn.gov.br\/transparencia\/wp-json\/wp\/v2\/posts\/3956","targetHints":{"allow":["GET"]}}],"collection":[{"href":"https:\/\/vilaflor.rn.gov.br\/transparencia\/wp-json\/wp\/v2\/posts"}],"about":[{"href":"https:\/\/vilaflor.rn.gov.br\/transparencia\/wp-json\/wp\/v2\/types\/post"}],"author":[{"embeddable":true,"href":"https:\/\/vilaflor.rn.gov.br\/transparencia\/wp-json\/wp\/v2\/users\/1"}],"replies":[{"embeddable":true,"href":"https:\/\/vilaflor.rn.gov.br\/transparencia\/wp-json\/wp\/v2\/comments?post=3956"}],"version-history":[{"count":1,"href":"https:\/\/vilaflor.rn.gov.br\/transparencia\/wp-json\/wp\/v2\/posts\/3956\/revisions"}],"predecessor-version":[{"id":3957,"href":"https:\/\/vilaflor.rn.gov.br\/transparencia\/wp-json\/wp\/v2\/posts\/3956\/revisions\/3957"}],"wp:attachment":[{"href":"https:\/\/vilaflor.rn.gov.br\/transparencia\/wp-json\/wp\/v2\/media?parent=3956"}],"wp:term":[{"taxonomy":"category","embeddable":true,"href":"https:\/\/vilaflor.rn.gov.br\/transparencia\/wp-json\/wp\/v2\/categories?post=3956"},{"taxonomy":"post_tag","embeddable":true,"href":"https:\/\/vilaflor.rn.gov.br\/transparencia\/wp-json\/wp\/v2\/tags?post=3956"}],"curies":[{"name":"wp","href":"https:\/\/api.w.org\/{rel}","templated":true}]}}