{"id":3932,"date":"2025-09-05T16:27:04","date_gmt":"2025-09-05T19:27:04","guid":{"rendered":"https:\/\/vilaflor.rn.gov.br\/transparencia\/?p=3932"},"modified":"2025-09-25T16:28:20","modified_gmt":"2025-09-25T19:28:20","slug":"portaria-no-046-2025-sme-institui-o-comite-gestor-intersetorial-do-programa-busca-ativa-escolar-no-municipio-de-vila-flor-rn","status":"publish","type":"post","link":"https:\/\/vilaflor.rn.gov.br\/transparencia\/portaria-no-046-2025-sme-institui-o-comite-gestor-intersetorial-do-programa-busca-ativa-escolar-no-municipio-de-vila-flor-rn\/","title":{"rendered":"PORTARIA N\u00ba 046\/2025 &#8211; SME &#8211; Institui o Comit\u00ea Gestor Intersetorial do Programa Busca Ativa Escolar no munic\u00edpio de Vila Flor\/RN."},"content":{"rendered":"<p style=\"text-align: center;\"><strong>ESTADO DO RIO GRANDE DO NORTE<\/strong><br \/>\n<strong>PREFEITURA MUNICIPAL DE VILA FLOR<\/strong><\/p>\n<p>Institui o Comit\u00ea Gestor Intersetorial do Programa Busca Ativa Escolar no munic\u00edpio de Vila Flor\/RN.<\/p>\n<p><strong>\u00a0<\/strong><\/p>\n<p>A Prefeita do Munic\u00edpio de Vila flor, Estado do Rio Grande do Norte, usando de suas atribui\u00e7\u00f5es legais;<\/p>\n<p>Considerando a ades\u00e3o do munic\u00edpio de Vila Flor\/RN \u00e0 plataforma do\u00a0<strong>Busca Ativa Escolar<\/strong>;<\/p>\n<p>RESOLVE:<\/p>\n<p><strong>Art. 1\u00ba\u00a0<\/strong>Instituir o Comit\u00ea Gestor Intersetorial do Programa Busca Ativa Escolar no Munic\u00edpio de Vila Flor\/RN.<\/p>\n<p><strong>Art. 2\u00ba\u00a0<\/strong>O Comit\u00ea Gestor Intersetorial do Programa Busca Ativa Escolar \u00e9 respons\u00e1vel por gerir todos os casos de crian\u00e7as e adolescentes fora da escola, providenciando os encaminhamentos para os servi\u00e7os p\u00fablicos adequados, sendo respons\u00e1vel tamb\u00e9m pela (re)matr\u00edcula e pelo acompanhamento, durante um ano, dos estudantes dentro da escola.<\/p>\n<p><strong>Art. 3\u00ba\u00a0<\/strong>O Comit\u00ea Gestor Intersetorial ser\u00e1 composto da seguinte forma, bem como, pelos seguintes membros:<\/p>\n<p>&nbsp;<\/p>\n<ul>\n<li><strong>\u2013\u00a0<\/strong>Gestor(a) Pol\u00edtico(a):\n<ol>\n<li>Renagia Costa Augustinho;<\/li>\n<\/ol>\n<\/li>\n<\/ul>\n<p>&nbsp;<\/p>\n<ul>\n<li><strong>\u2013\u00a0<\/strong>Coordenadores Operacionais:\n<ol>\n<li>Sayonara Lorenna Campos de Melo Ferreira;<\/li>\n<\/ol>\n<\/li>\n<\/ul>\n<p>&nbsp;<\/p>\n<ul>\n<li><strong>\u2013\u00a0<\/strong>Supervisores(as) Institucionais:\n<ol>\n<li>Ju\u00e2ngela Marinho de Carvalho;<\/li>\n<li>Valdeir Felix Barbosa;<\/li>\n<\/ol>\n<\/li>\n<\/ul>\n<p>&nbsp;<\/p>\n<ul>\n<li><strong>\u2013\u00a0<\/strong>Representantes T\u00e9cnicas:\n<ol>\n<li>;<\/li>\n<li>;<\/li>\n<\/ol>\n<\/li>\n<\/ul>\n<p>&nbsp;<\/p>\n<ul>\n<li><strong>\u2013\u00a0<\/strong>Representantes da Secret\u00e1ria Municipal de Sa\u00fade \u2013 SEMUS:\n<ol>\n<li>Kaliane Quirino da Silva<\/li>\n<li>Livia Camile felix da Silva<\/li>\n<\/ol>\n<\/li>\n<\/ul>\n<p>&nbsp;<\/p>\n<ul>\n<li><strong>\u2013\u00a0<\/strong>Representante da Secret\u00e1ria Municipal de Assist\u00eancia Social \u2013<\/li>\n<\/ul>\n<p>SEMAS:<\/p>\n<ol>\n<li>R\u00fabia Euflausino da Cruz;<\/li>\n<li>Damiana Alves dos Santos;<\/li>\n<\/ol>\n<p>&nbsp;<\/p>\n<ul>\n<li><strong>\u2013\u00a0<\/strong>Representante da Secret\u00e1ria Municipal de Cultura, Esporte e Lazer:\n<ol>\n<li>Luiz Andr\u00e9 da Silva<\/li>\n<\/ol>\n<\/li>\n<\/ul>\n<p>&nbsp;<\/p>\n<p><strong>VIII-\u00a0<\/strong>Representante do Conselho Tutelar:<\/p>\n<ol>\n<li>Arlene Marques da Silva do Vale;<\/li>\n<li>Ericarla Suene Rocha da Silva;<\/li>\n<\/ol>\n<p>&nbsp;<\/p>\n<p><strong>IX\u00a0\u00a0\u00a0\u00a0 \u2013\u00a0\u00a0\u00a0\u00a0<\/strong>Representantes\u00a0\u00a0\u00a0\u00a0\u00a0\u00a0\u00a0\u00a0\u00a0\u00a0 do\u00a0\u00a0\u00a0\u00a0 Conselho\u00a0\u00a0\u00a0\u00a0\u00a0\u00a0 Municipal\u00a0\u00a0\u00a0\u00a0\u00a0 de\u00a0\u00a0\u00a0\u00a0 Direitos\u00a0\u00a0\u00a0\u00a0\u00a0\u00a0\u00a0\u00a0\u00a0\u00a0\u00a0\u00a0\u00a0\u00a0\u00a0\u00a0\u00a0\u00a0\u00a0\u00a0\u00a0\u00a0 das Crian\u00e7as e dos Adolescentes \u2013 COMDCA:<\/p>\n<ol>\n<li>Ver\u00e1 Lucia Luiz Soares;<\/li>\n<\/ol>\n<p>&nbsp;<\/p>\n<p><strong>IX\u00a0\u00a0\u00a0\u00a0 \u2013\u00a0\u00a0\u00a0\u00a0<\/strong>Representantes\u00a0\u00a0\u00a0\u00a0\u00a0\u00a0\u00a0\u00a0\u00a0\u00a0 do\u00a0\u00a0\u00a0\u00a0 Conselho\u00a0\u00a0\u00a0\u00a0\u00a0\u00a0 Municipal de Sa\u00fade \u2013 CMS<\/p>\n<ol>\n<li>Maria da Concei\u00e7ao Cruz de Santana Silva;<\/li>\n<\/ol>\n<p>&nbsp;<\/p>\n<p><strong>Art. 4\u00ba\u00a0<\/strong>O Comit\u00ea Gestor Intersetorial instituir\u00e1 Grupo de Campo e definir\u00e1 quem ser\u00e3o os profissionais que o compor\u00e3o, devendo ainda elaborar, de forma conjunta, Plano de Trabalho para o Munic\u00edpio.<\/p>\n<ul>\n<li><strong>1\u00ba\u00a0<\/strong>O Grupo de Campo \u00e9 respons\u00e1vel por identificar crian\u00e7as e adolescentes fora da escola nos territ\u00f3rios onde vivem e visitar as fam\u00edlias dos estudantes identificados para entender as causas da exclus\u00e3o escolar.<\/li>\n<li><strong>2\u00ba\u00a0<\/strong>O Grupo de Campo ser\u00e1 composto da seguinte forma:<\/li>\n<\/ul>\n<p>&nbsp;<\/p>\n<ul>\n<li><strong>\u2013\u00a0<\/strong>T\u00e9cnicos Verificadores: Respons\u00e1veis por visitar as fam\u00edlias para entender os motivos da exclus\u00e3o escolar e fazer uma an\u00e1lise t\u00e9cnica para garantir a (re)matr\u00edcula;<\/li>\n<\/ul>\n<p>&nbsp;<\/p>\n<ul>\n<li><strong>\u2013\u00a0<\/strong>Agentes Comunit\u00e1rios: Respons\u00e1veis por fazer a busca ativa das crian\u00e7as e adolescentes fora da escola e enviar os alertas.<\/li>\n<\/ul>\n<p><strong>\u00a0<\/strong><\/p>\n<p><strong>Art. 5\u00ba\u00a0<\/strong>Os membros nomeados para compor o Comit\u00ea Gestor Intersetorial e o Grupo de Campo, n\u00e3o receber\u00e3o qualquer tipo de remunera\u00e7\u00e3o, vencimento ou gratifica\u00e7\u00e3o em raz\u00e3o da respectiva nomea\u00e7\u00e3o, sendo seu exerc\u00edcio considerado servi\u00e7o p\u00fablico relevante, de modo que as atividades desempenhadas ser\u00e3o realizadas sem preju\u00edzo daquelas decorrentes dos respectivos cargos e fun\u00e7\u00f5es.<\/p>\n<p><strong>Art. 6\u00ba\u00a0<\/strong>O Comit\u00ea Gestor Intersetorial poder\u00e1 convidar para participar de suas reuni\u00f5es, sem direito a voto, representantes de outros \u00f3rg\u00e3os p\u00fablicos ou privados, de institui\u00e7\u00f5es de ensino superior e de organiza\u00e7\u00f5es n\u00e3o governamentais, entre outras, desde que devidamente justificado pela necessidade de informa\u00e7\u00f5es adicionais de d\u00f3minio exclusivo do participante.<\/p>\n<p><strong>Art. 7\u00ba\u00a0<\/strong>A perman\u00eancia do servidor neste Comit\u00ea est\u00e1 vinculada \u00e0 sua perman\u00eancia na Secretaria\/\u00f3rg\u00e3o em que atua.<\/p>\n<p><strong>Art. 8\u00ba\u00a0<\/strong>Esta Portaria entra em vigor na data de sua publica\u00e7\u00e3o.<\/p>\n<p>&nbsp;<\/p>\n<p>Registre-se, publique-se e cumpra-se.<\/p>\n<p>Vila Flor\/RN, em 04 de setembro de 2025.<\/p>\n<p>&nbsp;<\/p>\n<p>THUANNE KARLA CARVALHO DE SOUZA<\/p>\n<p>Prefeita Municipal<\/p>\n<p>&nbsp;<\/p>\n<p style=\"text-align: right;\"><strong>Publicado por:<\/strong><\/p>\n<p style=\"text-align: right;\">GRINALDO JOAQUIM DE SOUZA<\/p>\n<p style=\"text-align: right;\">Secret\u00e1rio Municipal de Administra\u00e7\u00e3o<\/p>\n<p style=\"text-align: right;\"><strong>C\u00f3digo Identificador: <\/strong>73KK9746MY<\/p>\n<div class=\"pdfprnt-buttons pdfprnt-buttons-post pdfprnt-bottom-right\"><a href=\"https:\/\/vilaflor.rn.gov.br\/transparencia\/wp-json\/wp\/v2\/posts\/3932?print=pdf\" class=\"pdfprnt-button pdfprnt-button-pdf\" target=\"_blank\"><img decoding=\"async\" src=\"https:\/\/vilaflor.rn.gov.br\/transparencia\/wp-content\/plugins\/pdf-print\/images\/pdf.png\" alt=\"image_pdf\" title=\"Baixar PDF\" \/><\/a><a href=\"https:\/\/vilaflor.rn.gov.br\/transparencia\/wp-json\/wp\/v2\/posts\/3932?print=print\" class=\"pdfprnt-button pdfprnt-button-print\" target=\"_blank\"><img decoding=\"async\" src=\"https:\/\/vilaflor.rn.gov.br\/transparencia\/wp-content\/plugins\/pdf-print\/images\/print.png\" alt=\"image_print\" title=\"Conte\u00fado de impress\u00e3o\" \/><\/a><\/div>","protected":false},"excerpt":{"rendered":"<p>ESTADO DO RIO GRANDE DO NORTE PREFEITURA MUNICIPAL DE VILA FLOR Institui o Comit\u00ea Gestor Intersetorial do Programa Busca Ativa Escolar no munic\u00edpio de Vila Flor\/RN. \u00a0 A Prefeita do Munic\u00edpio de Vila flor, Estado do Rio Grande do Norte, usando de suas atribui\u00e7\u00f5es legais; Considerando a ades\u00e3o do munic\u00edpio de Vila Flor\/RN \u00e0 plataforma [&hellip;]<\/p>\n","protected":false},"author":1,"featured_media":0,"comment_status":"open","ping_status":"open","sticky":false,"template":"","format":"standard","meta":{"ocean_post_layout":"","ocean_both_sidebars_style":"","ocean_both_sidebars_content_width":0,"ocean_both_sidebars_sidebars_width":0,"ocean_sidebar":"0","ocean_second_sidebar":"0","ocean_disable_margins":"enable","ocean_add_body_class":"","ocean_shortcode_before_top_bar":"","ocean_shortcode_after_top_bar":"","ocean_shortcode_before_header":"","ocean_shortcode_after_header":"","ocean_has_shortcode":"","ocean_shortcode_after_title":"","ocean_shortcode_before_footer_widgets":"","ocean_shortcode_after_footer_widgets":"","ocean_shortcode_before_footer_bottom":"","ocean_shortcode_after_footer_bottom":"","ocean_display_top_bar":"default","ocean_display_header":"default","ocean_header_style":"","ocean_center_header_left_menu":"0","ocean_custom_header_template":"0","ocean_custom_logo":0,"ocean_custom_retina_logo":0,"ocean_custom_logo_max_width":0,"ocean_custom_logo_tablet_max_width":0,"ocean_custom_logo_mobile_max_width":0,"ocean_custom_logo_max_height":0,"ocean_custom_logo_tablet_max_height":0,"ocean_custom_logo_mobile_max_height":0,"ocean_header_custom_menu":"0","ocean_menu_typo_font_family":"0","ocean_menu_typo_font_subset":"","ocean_menu_typo_font_size":0,"ocean_menu_typo_font_size_tablet":0,"ocean_menu_typo_font_size_mobile":0,"ocean_menu_typo_font_size_unit":"px","ocean_menu_typo_font_weight":"","ocean_menu_typo_font_weight_tablet":"","ocean_menu_typo_font_weight_mobile":"","ocean_menu_typo_transform":"","ocean_menu_typo_transform_tablet":"","ocean_menu_typo_transform_mobile":"","ocean_menu_typo_line_height":0,"ocean_menu_typo_line_height_tablet":0,"ocean_menu_typo_line_height_mobile":0,"ocean_menu_typo_line_height_unit":"","ocean_menu_typo_spacing":0,"ocean_menu_typo_spacing_tablet":0,"ocean_menu_typo_spacing_mobile":0,"ocean_menu_typo_spacing_unit":"","ocean_menu_link_color":"","ocean_menu_link_color_hover":"","ocean_menu_link_color_active":"","ocean_menu_link_background":"","ocean_menu_link_hover_background":"","ocean_menu_link_active_background":"","ocean_menu_social_links_bg":"","ocean_menu_social_hover_links_bg":"","ocean_menu_social_links_color":"","ocean_menu_social_hover_links_color":"","ocean_disable_title":"default","ocean_disable_heading":"default","ocean_post_title":"","ocean_post_subheading":"","ocean_post_title_style":"","ocean_post_title_background_color":"","ocean_post_title_background":0,"ocean_post_title_bg_image_position":"","ocean_post_title_bg_image_attachment":"","ocean_post_title_bg_image_repeat":"","ocean_post_title_bg_image_size":"","ocean_post_title_height":0,"ocean_post_title_bg_overlay":0.5,"ocean_post_title_bg_overlay_color":"","ocean_disable_breadcrumbs":"default","ocean_breadcrumbs_color":"","ocean_breadcrumbs_separator_color":"","ocean_breadcrumbs_links_color":"","ocean_breadcrumbs_links_hover_color":"","ocean_display_footer_widgets":"default","ocean_display_footer_bottom":"default","ocean_custom_footer_template":"0","ocean_post_oembed":"","ocean_post_self_hosted_media":"","ocean_post_video_embed":"","ocean_link_format":"","ocean_link_format_target":"self","ocean_quote_format":"","ocean_quote_format_link":"post","ocean_gallery_link_images":"on","ocean_gallery_id":[],"footnotes":""},"categories":[16,24,26],"tags":[],"class_list":["post-3932","post","type-post","status-publish","format-standard","hentry","category-legislacao","category-portarias","category-portarias-2025","entry"],"_links":{"self":[{"href":"https:\/\/vilaflor.rn.gov.br\/transparencia\/wp-json\/wp\/v2\/posts\/3932","targetHints":{"allow":["GET"]}}],"collection":[{"href":"https:\/\/vilaflor.rn.gov.br\/transparencia\/wp-json\/wp\/v2\/posts"}],"about":[{"href":"https:\/\/vilaflor.rn.gov.br\/transparencia\/wp-json\/wp\/v2\/types\/post"}],"author":[{"embeddable":true,"href":"https:\/\/vilaflor.rn.gov.br\/transparencia\/wp-json\/wp\/v2\/users\/1"}],"replies":[{"embeddable":true,"href":"https:\/\/vilaflor.rn.gov.br\/transparencia\/wp-json\/wp\/v2\/comments?post=3932"}],"version-history":[{"count":1,"href":"https:\/\/vilaflor.rn.gov.br\/transparencia\/wp-json\/wp\/v2\/posts\/3932\/revisions"}],"predecessor-version":[{"id":3933,"href":"https:\/\/vilaflor.rn.gov.br\/transparencia\/wp-json\/wp\/v2\/posts\/3932\/revisions\/3933"}],"wp:attachment":[{"href":"https:\/\/vilaflor.rn.gov.br\/transparencia\/wp-json\/wp\/v2\/media?parent=3932"}],"wp:term":[{"taxonomy":"category","embeddable":true,"href":"https:\/\/vilaflor.rn.gov.br\/transparencia\/wp-json\/wp\/v2\/categories?post=3932"},{"taxonomy":"post_tag","embeddable":true,"href":"https:\/\/vilaflor.rn.gov.br\/transparencia\/wp-json\/wp\/v2\/tags?post=3932"}],"curies":[{"name":"wp","href":"https:\/\/api.w.org\/{rel}","templated":true}]}}