{"id":3897,"date":"2025-08-22T15:09:52","date_gmt":"2025-08-22T18:09:52","guid":{"rendered":"https:\/\/vilaflor.rn.gov.br\/transparencia\/?p=3897"},"modified":"2025-09-25T15:10:49","modified_gmt":"2025-09-25T18:10:49","slug":"terceiro-termo-aditivo-ao-contrato-no-005-2022","status":"publish","type":"post","link":"https:\/\/vilaflor.rn.gov.br\/transparencia\/terceiro-termo-aditivo-ao-contrato-no-005-2022\/","title":{"rendered":"TERCEIRO TERMO ADITIVO AO CONTRATO N\u00ba 005\/2022"},"content":{"rendered":"<p style=\"text-align: center;\"><strong>ESTADO DO RIO GRANDE DO NORTE<\/strong><br \/>\n<strong>PREFEITURA MUNICIPAL DE VILA FLOR<\/strong><\/p>\n<p>O Munic\u00edpio de VILA FL\u00d4R, atrav\u00e9s da PREFEITURA MUNICIPAL DE VILA FLOR, inscrito(a) no CNPJ sob o n\u00ba 08.169.278\/0001-07, com sede na RUA JOSE CALAZANS, 69, representado por THUANNE KARLA CARVALHO DE SOUZA, PREFEITA MUNICIPAL, doravante denominado(a) CONTRATANTE, e VERA CRUZ SPE LTDA, inscrito(a) no CNPJ 29.309.384\/0001-00, com sede na estrada que liga o Distrito de Papagaio a Vera Cruz\/RN, S\/N, CEP 59.184-000, representada por Soane dos Santos Silva, com o CPF n\u00b0 226.514.878-48, j\u00e1 qualificados no contrato inicial, determinaram por meio deste, alterar o referido contrato, consubstanciado nas seguintes cl\u00e1usulas:<\/p>\n<p><strong>CL\u00c1USULA PRIMEIRA \u2013 DO OBJETO<\/strong><\/p>\n<p>CONTRATA\u00c7\u00c3O DE EMPRESA ESPECIALIZADA PARA DESTINA\u00c7\u00c3O FINAL DE RES\u00cdDUOS S\u00d3LIDOS, DOMICILIAR, (CLASSE II), EM ATERRO SANIT\u00c1RIO ORIGINADOS PELA COLETA DE RES\u00cdDUOS S\u00d3LIDOS URBANOS DO MUNIC\u00cdPIO DE VILA FLOR\/RN<\/p>\n<p><strong>CL\u00c1USULA SEGUNDA \u2013 DO VALOR<\/strong><\/p>\n<p>Pelos\u00a0 servi\u00e7os do objeto deste aditivo, a CONTRANTANTE pagar\u00e1 a CONTRATADA a quantia global de R$ 86.400,00 (Oitenta e seis mil e quatrocentos reais), que ser\u00e1 parcelado mensalmente e de acordo com a execu\u00e7\u00e3o dos servi\u00e7os.<\/p>\n<p>&nbsp;<\/p>\n<p><strong>CL\u00c1USULA SEGUNDA \u2013 DA DOTA\u00c7\u00c3O OR\u00c7AMENT\u00c1RIA<\/strong><\/p>\n<p>&nbsp;<\/p>\n<p>A despesa decorrente da presente altera\u00e7\u00e3o correr\u00e1 \u00e0 conta da seguinte Dota\u00e7\u00e3o Or\u00e7ament\u00e1ria:<\/p>\n<p><strong>\u00d3rg\u00e3o<\/strong>: \u00a0\u00a0\u00a0\u00a0\u00a0\u00a0\u00a0\u00a0\u00a0\u00a0\u00a0\u00a0\u00a0\u00a0\u00a0\u00a0\u00a0\u00a0\u00a0\u00a0\u00a0\u00a0\u00a0\u00a0\u00a0\u00a0\u00a0\u00a0\u00a0\u00a0\u00a0\u00a0 \u00a0\u00a0\u00a0\u00a0\u00a0\u00a0\u00a0\u00a0\u00a0\u00a0\u00a0 12 \u2013 Secretaria Municipal de Servi\u00e7os Urbanos<\/p>\n<p><strong>Unidade Or\u00e7ament\u00e1ria<\/strong>: \u00a0 \u00a0\u00a0\u00a0\u00a0\u00a0\u00a0\u00a0\u00a0\u00a0\u00a0\u00a0 12.001 \u2013 Secretaria Municipal de Servi\u00e7os Urbanos<\/p>\n<p><strong>Projeto Atividade<\/strong>: \u00a0\u00a0\u00a0\u00a0\u00a0\u00a0\u00a0\u00a0\u00a0\u00a0\u00a0 \u00a0\u00a0\u00a0\u00a0\u00a0\u00a0\u00a0\u00a0\u00a0\u00a0\u00a0 2.101 \u2013 Manuten\u00e7\u00e3o das A\u00e7\u00f5es da Secretaria Municipal de Servi\u00e7os Urbanos<\/p>\n<p><strong>Classifica\u00e7\u00e3o econ\u00f4mica<\/strong>: \u00a0\u00a0\u00a0\u00a0\u00a0\u00a0\u00a0\u00a0 3.3.90.39.00 \u2013 Outros Servi\u00e7os de Terceiros \u2013 Pessoa Jur\u00eddica<\/p>\n<p><strong>Fonte de Recurso<\/strong>: \u00a0\u00a0\u00a0\u00a0\u00a0\u00a0\u00a0\u00a0\u00a0\u00a0\u00a0\u00a0\u00a0\u00a0\u00a0\u00a0\u00a0\u00a0\u00a0\u00a0\u00a0\u00a0 15000000 \u2013 Recursos N\u00e3o Vinculados de Impostos<\/p>\n<p><strong>\u00a0<\/strong><\/p>\n<p><strong>CL\u00c1USULA TERCEIRA \u2013 DO PRAZO DE VIG\u00caNCIA<\/strong><\/p>\n<p>&nbsp;<\/p>\n<p>O presente Termo Aditivo entra em vigor a partir do dia 08 de agosto de 2025 a 07 de agosto de 2026, nos termo do art. 57, inciso II, da Lei Federal n\u00ba 8.666\/93.<\/p>\n<p><strong>\u00a0<\/strong><\/p>\n<p><strong>CL\u00c1USULA QUARTA \u2013 DA RATIFICA\u00c7\u00c3O<\/strong><\/p>\n<p>&nbsp;<\/p>\n<p>Permanecem inalteradas as demais cl\u00e1usulas do Contrato a que se refere o presente Termo Aditivo.<\/p>\n<p>&nbsp;<\/p>\n<p>E por estarem justos e contratados, firmam o presente aditivo, em 3 (tr\u00eas) vias de igual teor e forma, para que surtam os seus efeitos legais.<\/p>\n<p>&nbsp;<\/p>\n<p>Vila Flor\/RN, em 08 de agosto de 2025.<\/p>\n<p>&nbsp;<\/p>\n<p>PREFEITURA MUNICIPAL DE VILA FLOR<\/p>\n<p>CNPJ(MF)\u00a0 08.169.278\/0001-07<\/p>\n<p>CONTRATANTE<\/p>\n<p>&nbsp;<\/p>\n<p>VERA CRUZ SPE LTDA<\/p>\n<p>CNPJ 29.309.384\/0001-00<\/p>\n<p>CONTRATADO(A)<\/p>\n<p>&nbsp;<\/p>\n<p style=\"text-align: right;\"><strong>Publicado por:<\/strong><\/p>\n<p style=\"text-align: right;\">GRINALDO JOAQUIM DE SOUZA<\/p>\n<p style=\"text-align: right;\">Secret\u00e1rio Municipal de Administra\u00e7\u00e3o<\/p>\n<p style=\"text-align: right;\"><strong>C\u00f3digo Identificador: <\/strong>3OLSYQU57Q<\/p>\n<div class=\"pdfprnt-buttons pdfprnt-buttons-post pdfprnt-bottom-right\"><a href=\"https:\/\/vilaflor.rn.gov.br\/transparencia\/wp-json\/wp\/v2\/posts\/3897?print=pdf\" class=\"pdfprnt-button pdfprnt-button-pdf\" target=\"_blank\"><img decoding=\"async\" src=\"https:\/\/vilaflor.rn.gov.br\/transparencia\/wp-content\/plugins\/pdf-print\/images\/pdf.png\" alt=\"image_pdf\" title=\"Baixar PDF\" \/><\/a><a href=\"https:\/\/vilaflor.rn.gov.br\/transparencia\/wp-json\/wp\/v2\/posts\/3897?print=print\" class=\"pdfprnt-button pdfprnt-button-print\" target=\"_blank\"><img decoding=\"async\" src=\"https:\/\/vilaflor.rn.gov.br\/transparencia\/wp-content\/plugins\/pdf-print\/images\/print.png\" alt=\"image_print\" title=\"Conte\u00fado de impress\u00e3o\" \/><\/a><\/div>","protected":false},"excerpt":{"rendered":"<p>ESTADO DO RIO GRANDE DO NORTE PREFEITURA MUNICIPAL DE VILA FLOR O Munic\u00edpio de VILA FL\u00d4R, atrav\u00e9s da PREFEITURA MUNICIPAL DE VILA FLOR, inscrito(a) no CNPJ sob o n\u00ba 08.169.278\/0001-07, com sede na RUA JOSE CALAZANS, 69, representado por THUANNE KARLA CARVALHO DE SOUZA, PREFEITA MUNICIPAL, doravante denominado(a) CONTRATANTE, e VERA CRUZ SPE LTDA, inscrito(a) [&hellip;]<\/p>\n","protected":false},"author":1,"featured_media":0,"comment_status":"open","ping_status":"open","sticky":false,"template":"","format":"standard","meta":{"ocean_post_layout":"","ocean_both_sidebars_style":"","ocean_both_sidebars_content_width":0,"ocean_both_sidebars_sidebars_width":0,"ocean_sidebar":"0","ocean_second_sidebar":"0","ocean_disable_margins":"enable","ocean_add_body_class":"","ocean_shortcode_before_top_bar":"","ocean_shortcode_after_top_bar":"","ocean_shortcode_before_header":"","ocean_shortcode_after_header":"","ocean_has_shortcode":"","ocean_shortcode_after_title":"","ocean_shortcode_before_footer_widgets":"","ocean_shortcode_after_footer_widgets":"","ocean_shortcode_before_footer_bottom":"","ocean_shortcode_after_footer_bottom":"","ocean_display_top_bar":"default","ocean_display_header":"default","ocean_header_style":"","ocean_center_header_left_menu":"0","ocean_custom_header_template":"0","ocean_custom_logo":0,"ocean_custom_retina_logo":0,"ocean_custom_logo_max_width":0,"ocean_custom_logo_tablet_max_width":0,"ocean_custom_logo_mobile_max_width":0,"ocean_custom_logo_max_height":0,"ocean_custom_logo_tablet_max_height":0,"ocean_custom_logo_mobile_max_height":0,"ocean_header_custom_menu":"0","ocean_menu_typo_font_family":"0","ocean_menu_typo_font_subset":"","ocean_menu_typo_font_size":0,"ocean_menu_typo_font_size_tablet":0,"ocean_menu_typo_font_size_mobile":0,"ocean_menu_typo_font_size_unit":"px","ocean_menu_typo_font_weight":"","ocean_menu_typo_font_weight_tablet":"","ocean_menu_typo_font_weight_mobile":"","ocean_menu_typo_transform":"","ocean_menu_typo_transform_tablet":"","ocean_menu_typo_transform_mobile":"","ocean_menu_typo_line_height":0,"ocean_menu_typo_line_height_tablet":0,"ocean_menu_typo_line_height_mobile":0,"ocean_menu_typo_line_height_unit":"","ocean_menu_typo_spacing":0,"ocean_menu_typo_spacing_tablet":0,"ocean_menu_typo_spacing_mobile":0,"ocean_menu_typo_spacing_unit":"","ocean_menu_link_color":"","ocean_menu_link_color_hover":"","ocean_menu_link_color_active":"","ocean_menu_link_background":"","ocean_menu_link_hover_background":"","ocean_menu_link_active_background":"","ocean_menu_social_links_bg":"","ocean_menu_social_hover_links_bg":"","ocean_menu_social_links_color":"","ocean_menu_social_hover_links_color":"","ocean_disable_title":"default","ocean_disable_heading":"default","ocean_post_title":"","ocean_post_subheading":"","ocean_post_title_style":"","ocean_post_title_background_color":"","ocean_post_title_background":0,"ocean_post_title_bg_image_position":"","ocean_post_title_bg_image_attachment":"","ocean_post_title_bg_image_repeat":"","ocean_post_title_bg_image_size":"","ocean_post_title_height":0,"ocean_post_title_bg_overlay":0.5,"ocean_post_title_bg_overlay_color":"","ocean_disable_breadcrumbs":"default","ocean_breadcrumbs_color":"","ocean_breadcrumbs_separator_color":"","ocean_breadcrumbs_links_color":"","ocean_breadcrumbs_links_hover_color":"","ocean_display_footer_widgets":"default","ocean_display_footer_bottom":"default","ocean_custom_footer_template":"0","ocean_post_oembed":"","ocean_post_self_hosted_media":"","ocean_post_video_embed":"","ocean_link_format":"","ocean_link_format_target":"self","ocean_quote_format":"","ocean_quote_format_link":"post","ocean_gallery_link_images":"on","ocean_gallery_id":[],"footnotes":""},"categories":[58,59,4],"tags":[],"class_list":["post-3897","post","type-post","status-publish","format-standard","hentry","category-contratos","category-contratos-2025","category-licitacao","entry"],"_links":{"self":[{"href":"https:\/\/vilaflor.rn.gov.br\/transparencia\/wp-json\/wp\/v2\/posts\/3897","targetHints":{"allow":["GET"]}}],"collection":[{"href":"https:\/\/vilaflor.rn.gov.br\/transparencia\/wp-json\/wp\/v2\/posts"}],"about":[{"href":"https:\/\/vilaflor.rn.gov.br\/transparencia\/wp-json\/wp\/v2\/types\/post"}],"author":[{"embeddable":true,"href":"https:\/\/vilaflor.rn.gov.br\/transparencia\/wp-json\/wp\/v2\/users\/1"}],"replies":[{"embeddable":true,"href":"https:\/\/vilaflor.rn.gov.br\/transparencia\/wp-json\/wp\/v2\/comments?post=3897"}],"version-history":[{"count":1,"href":"https:\/\/vilaflor.rn.gov.br\/transparencia\/wp-json\/wp\/v2\/posts\/3897\/revisions"}],"predecessor-version":[{"id":3898,"href":"https:\/\/vilaflor.rn.gov.br\/transparencia\/wp-json\/wp\/v2\/posts\/3897\/revisions\/3898"}],"wp:attachment":[{"href":"https:\/\/vilaflor.rn.gov.br\/transparencia\/wp-json\/wp\/v2\/media?parent=3897"}],"wp:term":[{"taxonomy":"category","embeddable":true,"href":"https:\/\/vilaflor.rn.gov.br\/transparencia\/wp-json\/wp\/v2\/categories?post=3897"},{"taxonomy":"post_tag","embeddable":true,"href":"https:\/\/vilaflor.rn.gov.br\/transparencia\/wp-json\/wp\/v2\/tags?post=3897"}],"curies":[{"name":"wp","href":"https:\/\/api.w.org\/{rel}","templated":true}]}}