{"id":3865,"date":"2025-08-01T12:03:23","date_gmt":"2025-08-01T15:03:23","guid":{"rendered":"https:\/\/vilaflor.rn.gov.br\/transparencia\/?p=3865"},"modified":"2025-09-25T12:04:21","modified_gmt":"2025-09-25T15:04:21","slug":"extrato-de-contrato-n-048-2025","status":"publish","type":"post","link":"https:\/\/vilaflor.rn.gov.br\/transparencia\/extrato-de-contrato-n-048-2025\/","title":{"rendered":"EXTRATO DE CONTRATO N\u00b0 048\/2025"},"content":{"rendered":"<p style=\"text-align: center;\"><strong>ESTADO DO RIO GRANDE DO NORTE<\/strong><br \/>\n<strong>PREFEITURA MUNICIPAL DE VILA FLOR<\/strong><\/p>\n<p>CONTRATANTE: Munic\u00edpio de Vila Flor\/ Prefeitura Municipal<\/p>\n<p>CONTRATADA:\u00a0<strong>2P PRIME \u2013 LOCACOES, EMPREENDIMENTOS E PRODUCOES LTDA.<\/strong><\/p>\n<p>&nbsp;<\/p>\n<p>MODALIDADE: Dispensa de Licita\u00e7\u00e3o 021\/2025.<\/p>\n<p>OBJETO:\u00a0<strong>CONTRATA\u00c7\u00c3O DE EMPRESA PARA AQUISI\u00c7\u00c3O DE TECIDOS E AVIAMENTO DE COSTURA, A SEREM UTILIZADOS NA REFORMA\/RECUPERA\u00c7\u00c3O DE M\u00d3VEIS, ESTOFADOS, CONFEC\u00c7\u00c3O DE FIGURINOS, ADERE\u00c7OS E DECORA\u00c7\u00d5ES EM GERAL, PARA SUPRIMIR AS NECESSIDADES E DEMANDAS DAS SECRETARIAS DA PREFEITURA MUNICIPAL DE VILA FLOR\/RN<\/strong><\/p>\n<p>&nbsp;<\/p>\n<p>VALOR TOTAL: R$ 54.870,00 (Cinquenta e quatro mil, oitocentos e setenta reais)<\/p>\n<p>DATA DE ASSINATURA: 31\/07\/2025<\/p>\n<p>VIG\u00caNCIA: O prazo de vig\u00eancia deste Termo de Contrato se inicia com a sua assinatura e tem dura\u00e7\u00e3o at\u00e9 o final do exerc\u00edcio financeiro, podendo ser prorrogado por interesse das partes nos termos do art. 107, da Lei n\u00ba 14.133\/21, desde que haja autoriza\u00e7\u00e3o formal da autoridade competente e observados os requisitos previstos no Termo de Contrato.<\/p>\n<p>FUNDAMENTO LEGAL: Art. 75, II, da Lei n\u00ba 14.133\/21.<\/p>\n<p>DOTA\u00c7\u00c3O:<\/p>\n<p><strong>Classifica\u00e7\u00e3o econ\u00f4mica: \u00a0\u00a0\u00a0 3.3.90.39.00 \u2013 Outros Servi\u00e7os de Terceiros \u2013 Pessoa Jur\u00eddica<\/strong><\/p>\n<p><strong>\u00a0\u00a0\u00a0\u00a0\u00a0\u00a0\u00a0\u00a0\u00a0\u00a0\u00a0<\/strong><\/p>\n<p><strong>\u00d3rg\u00e3o:<\/strong>\u00a0\u00a0\u00a0\u00a0\u00a0\u00a0\u00a0\u00a0\u00a0\u00a0\u00a0\u00a0\u00a0\u00a0\u00a0\u00a0\u00a0\u00a0\u00a0\u00a0\u00a0\u00a0\u00a0\u00a0\u00a0\u00a0\u00a0\u00a0\u00a0\u00a0\u00a0\u00a0\u00a0\u00a0 03 \u2013 SECRETARIA MUNICIPAL DE ADMINISTRA\u00c7\u00c3O<\/p>\n<p><strong>Unidade Or\u00e7ament\u00e1ria: \u00a0\u00a0\u00a0\u00a0\u00a0<\/strong>03.001 \u2013 SECRETARIA MUNICIPAL DE ADMINISTRA\u00c7\u00c3O<\/p>\n<p><strong>Projeto Atividade:<\/strong>\u00a0\u00a0\u00a0\u00a0\u00a0\u00a0\u00a0\u00a0\u00a0\u00a0\u00a0\u00a0\u00a0\u00a0\u00a0 2007 \u2013 MANUTEN\u00c7\u00c3O DAS A\u00c7\u00d5ES DA SECRETARIA MUNICIPAL DE ADMINISTRA\u00c7\u00c3O<\/p>\n<p><strong>Fonte de Recurso:<\/strong>\u00a0\u00a0\u00a0\u00a0\u00a0\u00a0\u00a0\u00a0\u00a0\u00a0\u00a0\u00a0\u00a0\u00a0\u00a0 15000000 \u2013 Recursos n\u00e3o Vinculados de Impostos<\/p>\n<p>&nbsp;<\/p>\n<p>\u00d3rg\u00e3o: \u00a0\u00a0\u00a0\u00a0\u00a0\u00a0\u00a0\u00a0\u00a0\u00a0\u00a0\u00a0\u00a0\u00a0\u00a0\u00a0\u00a0\u00a0\u00a0\u00a0\u00a0\u00a0\u00a0\u00a0\u00a0\u00a0\u00a0\u00a0\u00a0\u00a0\u00a0\u00a0\u00a0\u00a0 05 \u2013 Secretaria Municipal de Agricultura<\/p>\n<p>Unidade Or\u00e7ament\u00e1ria: \u00a0\u00a0\u00a0\u00a0\u00a0\u00a0\u00a0\u00a0 0501 \u2013 Secretaria Municipal de Agricultura<\/p>\n<p>Projeto Atividade: \u00a0\u00a0\u00a0\u00a0\u00a0\u00a0\u00a0\u00a0\u00a0\u00a0\u00a0\u00a0\u00a0\u00a0\u00a0\u00a0 2013 \u2013 Manuten\u00e7\u00e3o das A\u00e7\u00f5es da Secretaria Municipal de Agricultura<\/p>\n<p>Classifica\u00e7\u00e3o econ\u00f4mica: \u00a0\u00a0\u00a0\u00a0\u00a0 3.3.90.39.00 \u2013 Outros Servi\u00e7os de Terceiros \u2013 Pessoa Jur\u00eddica<\/p>\n<p>Fonte de Recurso: \u00a0\u00a0\u00a0\u00a0\u00a0\u00a0\u00a0\u00a0\u00a0\u00a0\u00a0\u00a0\u00a0\u00a0\u00a0\u00a0 15000000 \u2013 Recursos N\u00e3o Vinculados de Impostos<\/p>\n<p>&nbsp;<\/p>\n<p>\u00d3rg\u00e3o: \u00a0\u00a0\u00a0\u00a0\u00a0\u00a0\u00a0\u00a0\u00a0\u00a0\u00a0\u00a0\u00a0\u00a0\u00a0\u00a0\u00a0\u00a0\u00a0\u00a0\u00a0\u00a0\u00a0\u00a0\u00a0\u00a0\u00a0\u00a0\u00a0\u00a0\u00a0\u00a0\u00a0\u00a0 07 \u2013 Secretaria Municipal de Educa\u00e7\u00e3o<\/p>\n<p>Unidade Or\u00e7ament\u00e1ria: \u00a0\u00a0\u00a0\u00a0\u00a0\u00a0\u00a0\u00a0 0701 \u2013 Secretaria Municipal de Educa\u00e7\u00e3o<\/p>\n<p>Projeto Atividade: \u00a0\u00a0\u00a0\u00a0\u00a0\u00a0\u00a0\u00a0\u00a0\u00a0\u00a0\u00a0\u00a0\u00a0\u00a0\u00a0 2017 \u2013 Manuten\u00e7\u00e3o das A\u00e7\u00f5es da Secretaria Municipal de Educa\u00e7\u00e3o<\/p>\n<p>2019 \u2013 Contribui\u00e7\u00e3o do Sal\u00e1rio Educa\u00e7\u00e3o \u2013 SAE<\/p>\n<p>2020 \u2013 Manuten\u00e7\u00e3o do Programa Dinheiro Direto na Escola \u2013 PDDE<\/p>\n<p>2021 \u2013 Manuten\u00e7\u00e3o do Ensino Fundamental<\/p>\n<p>2029 \u2013 Manuten\u00e7\u00e3o do Ensino Infantil \u2013 Creche<\/p>\n<p>Classifica\u00e7\u00e3o econ\u00f4mica: \u00a0\u00a0\u00a0\u00a0\u00a0 3.3.90.39.00 \u2013 Outros Servi\u00e7os de Terceiros \u2013 Pessoa Jur\u00eddica<\/p>\n<p>Fonte de Recurso: \u00a0\u00a0\u00a0\u00a0\u00a0\u00a0\u00a0\u00a0\u00a0\u00a0\u00a0\u00a0\u00a0\u00a0\u00a0\u00a0 15000000 \u2013 Recursos N\u00e3o Vinculados de Impostos<\/p>\n<p>&nbsp;<\/p>\n<p>\u00d3rg\u00e3o: \u00a0\u00a0\u00a0\u00a0\u00a0\u00a0\u00a0\u00a0\u00a0\u00a0\u00a0\u00a0\u00a0\u00a0\u00a0\u00a0\u00a0\u00a0\u00a0\u00a0\u00a0\u00a0\u00a0\u00a0\u00a0\u00a0\u00a0\u00a0\u00a0\u00a0\u00a0\u00a0\u00a0\u00a0 12 \u2013 Secretaria Municipal de Servi\u00e7os Urbanos<\/p>\n<p>Unidade Or\u00e7ament\u00e1ria: \u00a0\u00a0\u00a0\u00a0\u00a0\u00a0\u00a0\u00a0 1201 \u2013 Secretaria Municipal de Servi\u00e7os Urbanos<\/p>\n<p>Projeto Atividade: \u00a0\u00a0\u00a0\u00a0\u00a0\u00a0\u00a0\u00a0\u00a0\u00a0\u00a0\u00a0\u00a0\u00a0\u00a0\u00a0 2100 \u2013 Manuten\u00e7\u00e3o das A\u00e7\u00f5es da Secretaria Municipal de Servi\u00e7os Urbanos<\/p>\n<p>Classifica\u00e7\u00e3o econ\u00f4mica: \u00a0\u00a0\u00a0\u00a0\u00a0 3.3.90.39.00 \u2013 Outros Servi\u00e7os de Terceiros \u2013 Pessoa Jur\u00eddica<\/p>\n<p>Fonte de Recurso: \u00a0\u00a0\u00a0\u00a0\u00a0\u00a0\u00a0\u00a0\u00a0\u00a0\u00a0\u00a0\u00a0\u00a0\u00a0\u00a0 15000000 \u2013 Recursos N\u00e3o Vinculados de Impostos<\/p>\n<p>&nbsp;<\/p>\n<p>\u00d3rg\u00e3o: \u00a0\u00a0\u00a0\u00a0\u00a0\u00a0\u00a0\u00a0\u00a0\u00a0\u00a0\u00a0\u00a0\u00a0\u00a0\u00a0\u00a0\u00a0\u00a0\u00a0\u00a0\u00a0\u00a0\u00a0\u00a0\u00a0\u00a0\u00a0\u00a0\u00a0\u00a0\u00a0\u00a0\u00a0 13 \u2013 Secretaria Municipal de Obras<\/p>\n<p>Unidade Or\u00e7ament\u00e1ria: \u00a0\u00a0\u00a0\u00a0\u00a0\u00a0\u00a0\u00a0 1301 \u2013 Secretaria Municipal de Obras<\/p>\n<p>Projeto Atividade: \u00a0\u00a0\u00a0\u00a0\u00a0\u00a0\u00a0\u00a0\u00a0\u00a0\u00a0\u00a0\u00a0\u00a0\u00a0\u00a0 2104 \u2013 Manuten\u00e7\u00e3o das A\u00e7\u00f5es da Secretaria Municipal de Obras<\/p>\n<p>Classifica\u00e7\u00e3o econ\u00f4mica: \u00a0\u00a0\u00a0\u00a0\u00a0 3.3.90.39.00 \u2013 Outros Servi\u00e7os de Terceiros \u2013 Pessoa Jur\u00eddica<\/p>\n<p>Fonte de Recurso: \u00a0\u00a0\u00a0\u00a0\u00a0\u00a0\u00a0\u00a0\u00a0\u00a0\u00a0\u00a0\u00a0\u00a0\u00a0\u00a0 15000000 \u2013 Recursos N\u00e3o Vinculados de Impostos<\/p>\n<p>&nbsp;<\/p>\n<p>\u00d3rg\u00e3o: \u00a0\u00a0\u00a0\u00a0\u00a0\u00a0\u00a0\u00a0\u00a0\u00a0\u00a0\u00a0\u00a0\u00a0\u00a0\u00a0\u00a0\u00a0\u00a0\u00a0\u00a0\u00a0\u00a0\u00a0\u00a0\u00a0\u00a0\u00a0\u00a0\u00a0\u00a0\u00a0\u00a0\u00a0 11 \u2013 Secretaria Municipal de Assist\u00eancia Social<\/p>\n<p>Unidade Or\u00e7ament\u00e1ria: \u00a0\u00a0\u00a0\u00a0\u00a0\u00a0\u00a0\u00a0 1102 \u2013 Fundo Municipal de Assist\u00eancia Social<\/p>\n<p>Projeto Atividade: \u00a0\u00a0\u00a0\u00a0\u00a0\u00a0\u00a0\u00a0\u00a0\u00a0\u00a0\u00a0\u00a0\u00a0\u00a0\u00a0 2092 \u2013 Manuten\u00e7\u00e3o das A\u00e7\u00f5es de Desenvolvimento no CRAS<\/p>\n<p>2095 \u2013 Manuten\u00e7\u00e3o do Fundo Municipal de Assist\u00eancia Social \u2013 FMAS<\/p>\n<p>Classifica\u00e7\u00e3o econ\u00f4mica: \u00a0\u00a0\u00a0\u00a0\u00a0 3.3.90.39.00 \u2013 Outros Servi\u00e7os de Terceiros \u2013 Pessoa Jur\u00eddica<\/p>\n<p>Fonte de Recurso: \u00a0\u00a0\u00a0\u00a0\u00a0\u00a0\u00a0\u00a0\u00a0\u00a0\u00a0\u00a0\u00a0\u00a0\u00a0\u00a0 15000000 \u2013 Recursos N\u00e3o Vinculados de Impostos<\/p>\n<p>&nbsp;<\/p>\n<p>\u00d3rg\u00e3o: \u00a0\u00a0\u00a0\u00a0\u00a0\u00a0\u00a0\u00a0\u00a0\u00a0\u00a0\u00a0\u00a0\u00a0\u00a0\u00a0\u00a0\u00a0\u00a0\u00a0\u00a0\u00a0\u00a0\u00a0\u00a0\u00a0\u00a0\u00a0\u00a0\u00a0\u00a0\u00a0\u00a0\u00a0 10 \u2013 Secretaria Municipal de Sa\u00fade<\/p>\n<p>Unidade Or\u00e7ament\u00e1ria: \u00a0\u00a0\u00a0\u00a0\u00a0\u00a0\u00a0\u00a0 1002 \u2013 Fundo Municipal de Sa\u00fade<\/p>\n<p>Projeto Atividade: \u00a0\u00a0\u00a0\u00a0\u00a0\u00a0\u00a0\u00a0\u00a0\u00a0\u00a0\u00a0\u00a0\u00a0\u00a0\u00a0 2063 \u2013 Manuten\u00e7\u00e3o das A\u00e7\u00f5es do Fundo Municipal de Sa\u00fade \u2013 FMS<\/p>\n<p>Classifica\u00e7\u00e3o econ\u00f4mica: \u00a0\u00a0\u00a0\u00a0\u00a0 3.3.90.39.00 \u2013 Outros Servi\u00e7os de Terceiros \u2013 Pessoa Jur\u00eddica<\/p>\n<p>Fonte de Recurso: \u00a0\u00a0\u00a0\u00a0\u00a0\u00a0\u00a0\u00a0\u00a0\u00a0\u00a0\u00a0\u00a0\u00a0\u00a0\u00a0 15000000 \u2013 Recursos N\u00e3o Vinculados de Impostos<\/p>\n<p>&nbsp;<\/p>\n<p style=\"text-align: right;\"><strong>Publicado por:<\/strong><\/p>\n<p style=\"text-align: right;\">GRINALDO JOAQUIM DE SOUZA<\/p>\n<p style=\"text-align: right;\">Secret\u00e1rio Municipal de Administra\u00e7\u00e3o<\/p>\n<p style=\"text-align: right;\"><strong>C\u00f3digo Identificador: <\/strong>EGPX1EXRXZ<\/p>\n<div class=\"pdfprnt-buttons pdfprnt-buttons-post pdfprnt-bottom-right\"><a href=\"https:\/\/vilaflor.rn.gov.br\/transparencia\/wp-json\/wp\/v2\/posts\/3865?print=pdf\" class=\"pdfprnt-button pdfprnt-button-pdf\" target=\"_blank\"><img decoding=\"async\" src=\"https:\/\/vilaflor.rn.gov.br\/transparencia\/wp-content\/plugins\/pdf-print\/images\/pdf.png\" alt=\"image_pdf\" title=\"Baixar PDF\" \/><\/a><a href=\"https:\/\/vilaflor.rn.gov.br\/transparencia\/wp-json\/wp\/v2\/posts\/3865?print=print\" class=\"pdfprnt-button pdfprnt-button-print\" target=\"_blank\"><img decoding=\"async\" src=\"https:\/\/vilaflor.rn.gov.br\/transparencia\/wp-content\/plugins\/pdf-print\/images\/print.png\" alt=\"image_print\" title=\"Conte\u00fado de impress\u00e3o\" \/><\/a><\/div>","protected":false},"excerpt":{"rendered":"<p>ESTADO DO RIO GRANDE DO NORTE PREFEITURA MUNICIPAL DE VILA FLOR CONTRATANTE: Munic\u00edpio de Vila Flor\/ Prefeitura Municipal CONTRATADA:\u00a02P PRIME \u2013 LOCACOES, EMPREENDIMENTOS E PRODUCOES LTDA. &nbsp; MODALIDADE: Dispensa de Licita\u00e7\u00e3o 021\/2025. OBJETO:\u00a0CONTRATA\u00c7\u00c3O DE EMPRESA PARA AQUISI\u00c7\u00c3O DE TECIDOS E AVIAMENTO DE COSTURA, A SEREM UTILIZADOS NA REFORMA\/RECUPERA\u00c7\u00c3O DE M\u00d3VEIS, ESTOFADOS, CONFEC\u00c7\u00c3O DE FIGURINOS, ADERE\u00c7OS [&hellip;]<\/p>\n","protected":false},"author":1,"featured_media":0,"comment_status":"open","ping_status":"open","sticky":false,"template":"","format":"standard","meta":{"ocean_post_layout":"","ocean_both_sidebars_style":"","ocean_both_sidebars_content_width":0,"ocean_both_sidebars_sidebars_width":0,"ocean_sidebar":"0","ocean_second_sidebar":"0","ocean_disable_margins":"enable","ocean_add_body_class":"","ocean_shortcode_before_top_bar":"","ocean_shortcode_after_top_bar":"","ocean_shortcode_before_header":"","ocean_shortcode_after_header":"","ocean_has_shortcode":"","ocean_shortcode_after_title":"","ocean_shortcode_before_footer_widgets":"","ocean_shortcode_after_footer_widgets":"","ocean_shortcode_before_footer_bottom":"","ocean_shortcode_after_footer_bottom":"","ocean_display_top_bar":"default","ocean_display_header":"default","ocean_header_style":"","ocean_center_header_left_menu":"0","ocean_custom_header_template":"0","ocean_custom_logo":0,"ocean_custom_retina_logo":0,"ocean_custom_logo_max_width":0,"ocean_custom_logo_tablet_max_width":0,"ocean_custom_logo_mobile_max_width":0,"ocean_custom_logo_max_height":0,"ocean_custom_logo_tablet_max_height":0,"ocean_custom_logo_mobile_max_height":0,"ocean_header_custom_menu":"0","ocean_menu_typo_font_family":"0","ocean_menu_typo_font_subset":"","ocean_menu_typo_font_size":0,"ocean_menu_typo_font_size_tablet":0,"ocean_menu_typo_font_size_mobile":0,"ocean_menu_typo_font_size_unit":"px","ocean_menu_typo_font_weight":"","ocean_menu_typo_font_weight_tablet":"","ocean_menu_typo_font_weight_mobile":"","ocean_menu_typo_transform":"","ocean_menu_typo_transform_tablet":"","ocean_menu_typo_transform_mobile":"","ocean_menu_typo_line_height":0,"ocean_menu_typo_line_height_tablet":0,"ocean_menu_typo_line_height_mobile":0,"ocean_menu_typo_line_height_unit":"","ocean_menu_typo_spacing":0,"ocean_menu_typo_spacing_tablet":0,"ocean_menu_typo_spacing_mobile":0,"ocean_menu_typo_spacing_unit":"","ocean_menu_link_color":"","ocean_menu_link_color_hover":"","ocean_menu_link_color_active":"","ocean_menu_link_background":"","ocean_menu_link_hover_background":"","ocean_menu_link_active_background":"","ocean_menu_social_links_bg":"","ocean_menu_social_hover_links_bg":"","ocean_menu_social_links_color":"","ocean_menu_social_hover_links_color":"","ocean_disable_title":"default","ocean_disable_heading":"default","ocean_post_title":"","ocean_post_subheading":"","ocean_post_title_style":"","ocean_post_title_background_color":"","ocean_post_title_background":0,"ocean_post_title_bg_image_position":"","ocean_post_title_bg_image_attachment":"","ocean_post_title_bg_image_repeat":"","ocean_post_title_bg_image_size":"","ocean_post_title_height":0,"ocean_post_title_bg_overlay":0.5,"ocean_post_title_bg_overlay_color":"","ocean_disable_breadcrumbs":"default","ocean_breadcrumbs_color":"","ocean_breadcrumbs_separator_color":"","ocean_breadcrumbs_links_color":"","ocean_breadcrumbs_links_hover_color":"","ocean_display_footer_widgets":"default","ocean_display_footer_bottom":"default","ocean_custom_footer_template":"0","ocean_post_oembed":"","ocean_post_self_hosted_media":"","ocean_post_video_embed":"","ocean_link_format":"","ocean_link_format_target":"self","ocean_quote_format":"","ocean_quote_format_link":"post","ocean_gallery_link_images":"on","ocean_gallery_id":[],"footnotes":""},"categories":[58,59,4],"tags":[],"class_list":["post-3865","post","type-post","status-publish","format-standard","hentry","category-contratos","category-contratos-2025","category-licitacao","entry"],"_links":{"self":[{"href":"https:\/\/vilaflor.rn.gov.br\/transparencia\/wp-json\/wp\/v2\/posts\/3865","targetHints":{"allow":["GET"]}}],"collection":[{"href":"https:\/\/vilaflor.rn.gov.br\/transparencia\/wp-json\/wp\/v2\/posts"}],"about":[{"href":"https:\/\/vilaflor.rn.gov.br\/transparencia\/wp-json\/wp\/v2\/types\/post"}],"author":[{"embeddable":true,"href":"https:\/\/vilaflor.rn.gov.br\/transparencia\/wp-json\/wp\/v2\/users\/1"}],"replies":[{"embeddable":true,"href":"https:\/\/vilaflor.rn.gov.br\/transparencia\/wp-json\/wp\/v2\/comments?post=3865"}],"version-history":[{"count":1,"href":"https:\/\/vilaflor.rn.gov.br\/transparencia\/wp-json\/wp\/v2\/posts\/3865\/revisions"}],"predecessor-version":[{"id":3866,"href":"https:\/\/vilaflor.rn.gov.br\/transparencia\/wp-json\/wp\/v2\/posts\/3865\/revisions\/3866"}],"wp:attachment":[{"href":"https:\/\/vilaflor.rn.gov.br\/transparencia\/wp-json\/wp\/v2\/media?parent=3865"}],"wp:term":[{"taxonomy":"category","embeddable":true,"href":"https:\/\/vilaflor.rn.gov.br\/transparencia\/wp-json\/wp\/v2\/categories?post=3865"},{"taxonomy":"post_tag","embeddable":true,"href":"https:\/\/vilaflor.rn.gov.br\/transparencia\/wp-json\/wp\/v2\/tags?post=3865"}],"curies":[{"name":"wp","href":"https:\/\/api.w.org\/{rel}","templated":true}]}}