{"id":3854,"date":"2025-07-28T11:52:16","date_gmt":"2025-07-28T14:52:16","guid":{"rendered":"https:\/\/vilaflor.rn.gov.br\/transparencia\/?p=3854"},"modified":"2025-09-25T11:53:24","modified_gmt":"2025-09-25T14:53:24","slug":"portaria-no-41-2025-institui-a-comissao-organizadora-municipal-da-1a-conferencia-regional-de-politica-para-as-mulheres-do-agreste-litoral-sul-rn","status":"publish","type":"post","link":"https:\/\/vilaflor.rn.gov.br\/transparencia\/portaria-no-41-2025-institui-a-comissao-organizadora-municipal-da-1a-conferencia-regional-de-politica-para-as-mulheres-do-agreste-litoral-sul-rn\/","title":{"rendered":"PORTARIA N\u00ba 41\/2025 &#8211; Institui a Comiss\u00e3o Organizadora Municipal da 1\u00aa Confer\u00eancia Regional de Pol\u00edtica para as Mulheres do Agreste \u2013 Litoral Sul\/RN"},"content":{"rendered":"<p style=\"text-align: center;\"><strong>ESTADO DO RIO GRANDE DO NORTE<\/strong><br \/>\n<strong>PREFEITURA MUNICIPAL DE VILA FLOR<\/strong><\/p>\n<p>&nbsp;<\/p>\n<p>Institui a Comiss\u00e3o Organizadora Municipal da 1\u00aa Confer\u00eancia Regional de Pol\u00edtica para as Mulheres do Agreste \u2013 Litoral Sul\/RN<\/p>\n<p>&nbsp;<\/p>\n<p>A PREFEITA MUNICIPAL DE VILA FLOR\/RN, no uso das atribui\u00e7\u00f5es que lhe confere o inciso IV, do art. 68, da lei Org\u00e2nica Municipal, e Considerando pelo Decreto n\u00ba 34.600, de 28 de maio de 2025, que convoca a 5\u00aa Confer\u00eancia Estadual de Pol\u00edtica para as Mulheres do Rio Grande do Norte, e<\/p>\n<p>&nbsp;<\/p>\n<p>CONSIDERANDO a import\u00e2ncia da ampla participa\u00e7\u00e3o social na constru\u00e7\u00e3o das pol\u00edticas p\u00fablicas para as mulheres no Estado do Rio Grande do Norte;<\/p>\n<p>&nbsp;<\/p>\n<p>CONSIDERANDO a necessidade de instituir a Comiss\u00e3o Organizadora respons\u00e1vel por planejar e executar as a\u00e7\u00f5es relacionadas \u00e0 realiza\u00e7\u00e3o da Confer\u00eancia;<\/p>\n<p>&nbsp;<\/p>\n<p>RESOLVE:<\/p>\n<p>&nbsp;<\/p>\n<p>Art. 1\u00ba Instituir a Comiss\u00e3o Organizadora Regional da 1\u00aa Confer\u00eancia Regional de Pol\u00edtica para as Mulheres do Agreste \u2013 Litoral Sul\/RN com a finalidade de planejar, coordenar, acompanhar e executar as a\u00e7\u00f5es necess\u00e1rias \u00e0 realiza\u00e7\u00e3o da referida Confer\u00eancia.<\/p>\n<p>&nbsp;<\/p>\n<p>Art. 2\u00ba A Comiss\u00e3o Organizadora ser\u00e1 composta por representantes dos seguintes \u00f3rg\u00e3os e entidades:<\/p>\n<p>I \u2013 Secretaria Municipal do Trabalho, Habita\u00e7\u00e3o e da Assist\u00eancia Social \/ Canguaretama \u2013 RN;<\/p>\n<p>II \u2013 Representante dos Usu\u00e1rios do SUAS \/ Canguaretama \u2013 RN;<\/p>\n<p>III \u2013 Secretaria Municipal de Pol\u00edtica para Mulher \/ Montanhas \u2013 RN;<\/p>\n<p>IV\u2013 Representante das Mulheres \/ Montanhas RN;<\/p>\n<p>V \u2013 Secretaria Municipal de Trabalho, Habita\u00e7\u00e3o e Assist\u00eancia Social \/ Ba\u00eda Formosa \u2013R RN;<\/p>\n<p>VI \u2013 Associa\u00e7\u00e3o de Desenvolvimento Comunit\u00e1rio e apoio as habilidades artesanais e culturais de Ba\u00eda Formosa-RN;<\/p>\n<p>VII \u2013 Secretaria Municipal de Assist\u00eancia Social \/ Vila Flor \u2013 RN;<\/p>\n<p>VIII \u2013 Representante dos Usu\u00e1rios do SUAS\/ Vila Flor \u2013 RN; IX \u2013 Secretaria Municipal de Assist\u00eancia Social\/ Pedro Velho \u2013 RN;<\/p>\n<p>X \u2013 Representante dos Usu\u00e1rios do SUAS \/ Pedro Velho \u2013 RN.<\/p>\n<p>&nbsp;<\/p>\n<p>Art. 3\u00ba A Comiss\u00e3o Organizadora ser\u00e1 composta pelas seguintes representantes:<\/p>\n<p>&nbsp;<\/p>\n<ol>\n<li>Josivane de Carvalho dos Santos;<\/li>\n<li>Maria do Carmo Caeira da Silva<\/li>\n<li>Izabel Larissy Soares Pereira Ferreira de Farias;<\/li>\n<li>Lidiana Batista Duarte;<\/li>\n<li>Deyse Danielle Duarte da Silva;<\/li>\n<li>Maria de F\u00e1tima Vieira;<\/li>\n<li>Ane K\u00e9cia da Silva Ferreira;<\/li>\n<li>Wanderl\u00e9a Felismino da Silva Bezerra<\/li>\n<li>Daiana ValentimFreire<\/li>\n<li>Elisabeth Teresinha Galv\u00e3o Alves.<\/li>\n<\/ol>\n<p>&nbsp;<\/p>\n<p>Art. 4\u00ba Compete \u00e0 Comiss\u00e3o Organizadora:<\/p>\n<p>&nbsp;<\/p>\n<p>I \u2013 Estabelecer o cronograma de atividades e etapas preparat\u00f3rias;<\/p>\n<p>II \u2013 Mobilizar a participa\u00e7\u00e3o dos segmentos sociais;<\/p>\n<p>III \u2013 Garantir a infraestrutura, acessibilidade e ampla divulga\u00e7\u00e3o da Confer\u00eancia;<\/p>\n<p>IV \u2013 Articular com a Comiss\u00e3o Organizadora Estadual, quando necess\u00e1rio.<\/p>\n<p>Art. 5\u00ba Esta Portaria entra em vigor na data de sua publica\u00e7\u00e3o, retroagindo seus efeitos ao dia 24 de Julho de 2025.<\/p>\n<p>&nbsp;<\/p>\n<p>Vila Flor\/RN, 28 de julho de 2025.<\/p>\n<p>&nbsp;<\/p>\n<p>THUANNE KARLA CARVALHO DE SOUZA<\/p>\n<p>Prefeita Municipal<\/p>\n<p>&nbsp;<\/p>\n<p style=\"text-align: right;\"><strong>Publicado por:<\/strong><\/p>\n<p style=\"text-align: right;\">GRINALDO JOAQUIM DE SOUZA<\/p>\n<p style=\"text-align: right;\">Secret\u00e1rio Municipal de Administra\u00e7\u00e3o<\/p>\n<p style=\"text-align: right;\"><strong>C\u00f3digo Identificador: <\/strong>5M5ENX1D8Q<\/p>\n<div class=\"pdfprnt-buttons pdfprnt-buttons-post pdfprnt-bottom-right\"><a href=\"https:\/\/vilaflor.rn.gov.br\/transparencia\/wp-json\/wp\/v2\/posts\/3854?print=pdf\" class=\"pdfprnt-button pdfprnt-button-pdf\" target=\"_blank\"><img decoding=\"async\" src=\"https:\/\/vilaflor.rn.gov.br\/transparencia\/wp-content\/plugins\/pdf-print\/images\/pdf.png\" alt=\"image_pdf\" title=\"Baixar PDF\" \/><\/a><a href=\"https:\/\/vilaflor.rn.gov.br\/transparencia\/wp-json\/wp\/v2\/posts\/3854?print=print\" class=\"pdfprnt-button pdfprnt-button-print\" target=\"_blank\"><img decoding=\"async\" src=\"https:\/\/vilaflor.rn.gov.br\/transparencia\/wp-content\/plugins\/pdf-print\/images\/print.png\" alt=\"image_print\" title=\"Conte\u00fado de impress\u00e3o\" \/><\/a><\/div>","protected":false},"excerpt":{"rendered":"<p>ESTADO DO RIO GRANDE DO NORTE PREFEITURA MUNICIPAL DE VILA FLOR &nbsp; Institui a Comiss\u00e3o Organizadora Municipal da 1\u00aa Confer\u00eancia Regional de Pol\u00edtica para as Mulheres do Agreste \u2013 Litoral Sul\/RN &nbsp; A PREFEITA MUNICIPAL DE VILA FLOR\/RN, no uso das atribui\u00e7\u00f5es que lhe confere o inciso IV, do art. 68, da lei Org\u00e2nica Municipal, [&hellip;]<\/p>\n","protected":false},"author":1,"featured_media":0,"comment_status":"open","ping_status":"open","sticky":false,"template":"","format":"standard","meta":{"ocean_post_layout":"","ocean_both_sidebars_style":"","ocean_both_sidebars_content_width":0,"ocean_both_sidebars_sidebars_width":0,"ocean_sidebar":"0","ocean_second_sidebar":"0","ocean_disable_margins":"enable","ocean_add_body_class":"","ocean_shortcode_before_top_bar":"","ocean_shortcode_after_top_bar":"","ocean_shortcode_before_header":"","ocean_shortcode_after_header":"","ocean_has_shortcode":"","ocean_shortcode_after_title":"","ocean_shortcode_before_footer_widgets":"","ocean_shortcode_after_footer_widgets":"","ocean_shortcode_before_footer_bottom":"","ocean_shortcode_after_footer_bottom":"","ocean_display_top_bar":"default","ocean_display_header":"default","ocean_header_style":"","ocean_center_header_left_menu":"0","ocean_custom_header_template":"0","ocean_custom_logo":0,"ocean_custom_retina_logo":0,"ocean_custom_logo_max_width":0,"ocean_custom_logo_tablet_max_width":0,"ocean_custom_logo_mobile_max_width":0,"ocean_custom_logo_max_height":0,"ocean_custom_logo_tablet_max_height":0,"ocean_custom_logo_mobile_max_height":0,"ocean_header_custom_menu":"0","ocean_menu_typo_font_family":"0","ocean_menu_typo_font_subset":"","ocean_menu_typo_font_size":0,"ocean_menu_typo_font_size_tablet":0,"ocean_menu_typo_font_size_mobile":0,"ocean_menu_typo_font_size_unit":"px","ocean_menu_typo_font_weight":"","ocean_menu_typo_font_weight_tablet":"","ocean_menu_typo_font_weight_mobile":"","ocean_menu_typo_transform":"","ocean_menu_typo_transform_tablet":"","ocean_menu_typo_transform_mobile":"","ocean_menu_typo_line_height":0,"ocean_menu_typo_line_height_tablet":0,"ocean_menu_typo_line_height_mobile":0,"ocean_menu_typo_line_height_unit":"","ocean_menu_typo_spacing":0,"ocean_menu_typo_spacing_tablet":0,"ocean_menu_typo_spacing_mobile":0,"ocean_menu_typo_spacing_unit":"","ocean_menu_link_color":"","ocean_menu_link_color_hover":"","ocean_menu_link_color_active":"","ocean_menu_link_background":"","ocean_menu_link_hover_background":"","ocean_menu_link_active_background":"","ocean_menu_social_links_bg":"","ocean_menu_social_hover_links_bg":"","ocean_menu_social_links_color":"","ocean_menu_social_hover_links_color":"","ocean_disable_title":"default","ocean_disable_heading":"default","ocean_post_title":"","ocean_post_subheading":"","ocean_post_title_style":"","ocean_post_title_background_color":"","ocean_post_title_background":0,"ocean_post_title_bg_image_position":"","ocean_post_title_bg_image_attachment":"","ocean_post_title_bg_image_repeat":"","ocean_post_title_bg_image_size":"","ocean_post_title_height":0,"ocean_post_title_bg_overlay":0.5,"ocean_post_title_bg_overlay_color":"","ocean_disable_breadcrumbs":"default","ocean_breadcrumbs_color":"","ocean_breadcrumbs_separator_color":"","ocean_breadcrumbs_links_color":"","ocean_breadcrumbs_links_hover_color":"","ocean_display_footer_widgets":"default","ocean_display_footer_bottom":"default","ocean_custom_footer_template":"0","ocean_post_oembed":"","ocean_post_self_hosted_media":"","ocean_post_video_embed":"","ocean_link_format":"","ocean_link_format_target":"self","ocean_quote_format":"","ocean_quote_format_link":"post","ocean_gallery_link_images":"on","ocean_gallery_id":[],"footnotes":""},"categories":[16,24,26],"tags":[],"class_list":["post-3854","post","type-post","status-publish","format-standard","hentry","category-legislacao","category-portarias","category-portarias-2025","entry"],"_links":{"self":[{"href":"https:\/\/vilaflor.rn.gov.br\/transparencia\/wp-json\/wp\/v2\/posts\/3854","targetHints":{"allow":["GET"]}}],"collection":[{"href":"https:\/\/vilaflor.rn.gov.br\/transparencia\/wp-json\/wp\/v2\/posts"}],"about":[{"href":"https:\/\/vilaflor.rn.gov.br\/transparencia\/wp-json\/wp\/v2\/types\/post"}],"author":[{"embeddable":true,"href":"https:\/\/vilaflor.rn.gov.br\/transparencia\/wp-json\/wp\/v2\/users\/1"}],"replies":[{"embeddable":true,"href":"https:\/\/vilaflor.rn.gov.br\/transparencia\/wp-json\/wp\/v2\/comments?post=3854"}],"version-history":[{"count":2,"href":"https:\/\/vilaflor.rn.gov.br\/transparencia\/wp-json\/wp\/v2\/posts\/3854\/revisions"}],"predecessor-version":[{"id":3856,"href":"https:\/\/vilaflor.rn.gov.br\/transparencia\/wp-json\/wp\/v2\/posts\/3854\/revisions\/3856"}],"wp:attachment":[{"href":"https:\/\/vilaflor.rn.gov.br\/transparencia\/wp-json\/wp\/v2\/media?parent=3854"}],"wp:term":[{"taxonomy":"category","embeddable":true,"href":"https:\/\/vilaflor.rn.gov.br\/transparencia\/wp-json\/wp\/v2\/categories?post=3854"},{"taxonomy":"post_tag","embeddable":true,"href":"https:\/\/vilaflor.rn.gov.br\/transparencia\/wp-json\/wp\/v2\/tags?post=3854"}],"curies":[{"name":"wp","href":"https:\/\/api.w.org\/{rel}","templated":true}]}}