{"id":3852,"date":"2025-07-30T11:49:43","date_gmt":"2025-07-30T14:49:43","guid":{"rendered":"https:\/\/vilaflor.rn.gov.br\/transparencia\/?p=3852"},"modified":"2025-09-25T11:52:08","modified_gmt":"2025-09-25T14:52:08","slug":"extrato-de-contrato-n-046-2025-dispensa-de-licitacao-015-2025","status":"publish","type":"post","link":"https:\/\/vilaflor.rn.gov.br\/transparencia\/extrato-de-contrato-n-046-2025-dispensa-de-licitacao-015-2025\/","title":{"rendered":"EXTRATO DE CONTRATO N\u00b0 046\/2025 DISPENSA DE LICITA\u00c7\u00c3O 015\/2025"},"content":{"rendered":"<p style=\"text-align: center;\"><strong>ESTADO DO RIO GRANDE DO NORTE<\/strong><br \/>\n<strong>PREFEITURA MUNICIPAL DE VILA FLOR<\/strong><\/p>\n<p>CONTRATANTE: Munic\u00edpio de Vila Flor\/ Prefeitura Municipal<\/p>\n<p>CONTRATADA:\u00a0<strong>F3C COMERCIO E SERVI\u00c7OS LTDA.<\/strong><\/p>\n<p>MODALIDADE: Dispensa de Licita\u00e7\u00e3o 015\/2025.<\/p>\n<p>OBJETO: AQUISI\u00c7\u00c3O DE (KIT NATALIDADE) PARA ATENDER FAM\u00cdLIAS EM SITUA\u00c7\u00c3O DE VULNERABILIDADE SOCIAL E ECON\u00d4MICA, DE FORMA TEMPOR\u00c1RIA ESTANDO ESTAS DEVIDAMENTE CADASTRADAS PELA SECRETARIA MUNICIPAL DE ASSIST\u00caNCIA SOCIAL-SEMAS E CENTRO DE REFER\u00caNCIA DE ASSIST\u00caNCIA SOCIAL-CRAS, E TEM COMO PRETENS\u00c3O ATENDER FAM\u00cdLIAS QUE RESIDEM NO MUNIC\u00cdPIO, ESTANDO ESTAS NA LINHA DA POBREZA OU EXTREMA POBREZA.<\/p>\n<p>VALOR TOTAL: R$ 62.473,28 (Sessenta e dois mil, quatrocentos e setenta e tr\u00eas reais e vinte e oito centavos)<\/p>\n<p>DATA DE ASSINATURA: 25\/07\/2025<\/p>\n<p>VIG\u00caNCIA: O prazo de vig\u00eancia deste Termo de Contrato se inicia com a sua assinatura e se encerra no final do exerc\u00edcio financeiro<\/p>\n<p>FUNDAMENTO LEGAL: Art. 75, II, da Lei n\u00ba 14.133\/21.<\/p>\n<p>DOTA\u00c7\u00c3O:<\/p>\n<p><strong>Classifica\u00e7\u00e3o econ\u00f4mica: \u00a0\u00a0\u00a0 3.3.90.30.00 \u2013 Material de Consumo<\/strong><\/p>\n<p><strong>\u00a0 \u00a0 \u00a0 \u00a0 \u00a0 \u00a0 \u00a0 \u00a0 \u00a0 \u00a0 \u00a0 \u00a0 \u00a0 \u00a0 \u00a0 \u00a0 \u00a0 \u00a0 \u00a0 \u00a0 \u00a0 \u00a0 \u00a0 \u00a0 \u00a0 \u00a0 \u00a0 \u00a03.3.90.32.00 \u2013 Material, bem ou servi\u00e7o para distribui\u00e7\u00e3o gratuita<\/strong><\/p>\n<p><strong>\u00a0\u00a0\u00a0\u00a0\u00a0\u00a0\u00a0\u00a0\u00a0\u00a0\u00a0<\/strong><\/p>\n<p><strong>\u00d3rg\u00e3o:<\/strong>\u00a0 PREFEITURA MUNICIPAL DE VILA FLOR<\/p>\n<p><strong>Unidade Or\u00e7ament\u00e1ria:\u00a0<\/strong>1102 \u2013 FUNDO MUNICIPAL DE ASSISTENCIA SOCIAL<\/p>\n<p><strong>Projeto Atividade:<\/strong>\u00a0\u00a0 2087 \u2013 PRIMEIRA INFANCIA NO SUAS\/CRIAN\u00c7A FELIZ<\/p>\n<p>2091 \u2013 MANUTE\u00c7\u00c3O DAS A\u00c7\u00d5ES DE ATENDIMENTO A GESTANTES, NUTRIZES E CRIAN\u00c7AS<\/p>\n<p>2096 \u2013 GEST\u00c3O DE BENEFICIOS EVENTUAIS<\/p>\n<p><strong>Fonte de Recurso:<\/strong>\u00a0 15000000 \u2013 Recursos n\u00e3o Vinculados de Impostos<\/p>\n<p>16600000 \u2013 Transfer\u00eancia de Recursos do Fundo Nacional de Assist\u00eancia Social \u2013 FNAS.<\/p>\n<p>&nbsp;<\/p>\n<p style=\"text-align: right;\"><strong>Publicado por:<\/strong><\/p>\n<p style=\"text-align: right;\">GRINALDO JOAQUIM DE SOUZA<\/p>\n<p style=\"text-align: right;\">Secret\u00e1rio Municipal de Administra\u00e7\u00e3o<\/p>\n<p style=\"text-align: right;\"><strong>C\u00f3digo Identificador: <\/strong>JJ0C24AJK5<\/p>\n<div class=\"pdfprnt-buttons pdfprnt-buttons-post pdfprnt-bottom-right\"><a href=\"https:\/\/vilaflor.rn.gov.br\/transparencia\/wp-json\/wp\/v2\/posts\/3852?print=pdf\" class=\"pdfprnt-button pdfprnt-button-pdf\" target=\"_blank\"><img decoding=\"async\" src=\"https:\/\/vilaflor.rn.gov.br\/transparencia\/wp-content\/plugins\/pdf-print\/images\/pdf.png\" alt=\"image_pdf\" title=\"Baixar PDF\" \/><\/a><a href=\"https:\/\/vilaflor.rn.gov.br\/transparencia\/wp-json\/wp\/v2\/posts\/3852?print=print\" class=\"pdfprnt-button pdfprnt-button-print\" target=\"_blank\"><img decoding=\"async\" src=\"https:\/\/vilaflor.rn.gov.br\/transparencia\/wp-content\/plugins\/pdf-print\/images\/print.png\" alt=\"image_print\" title=\"Conte\u00fado de impress\u00e3o\" \/><\/a><\/div>","protected":false},"excerpt":{"rendered":"<p>ESTADO DO RIO GRANDE DO NORTE PREFEITURA MUNICIPAL DE VILA FLOR CONTRATANTE: Munic\u00edpio de Vila Flor\/ Prefeitura Municipal CONTRATADA:\u00a0F3C COMERCIO E SERVI\u00c7OS LTDA. MODALIDADE: Dispensa de Licita\u00e7\u00e3o 015\/2025. OBJETO: AQUISI\u00c7\u00c3O DE (KIT NATALIDADE) PARA ATENDER FAM\u00cdLIAS EM SITUA\u00c7\u00c3O DE VULNERABILIDADE SOCIAL E ECON\u00d4MICA, DE FORMA TEMPOR\u00c1RIA ESTANDO ESTAS DEVIDAMENTE CADASTRADAS PELA SECRETARIA MUNICIPAL DE ASSIST\u00caNCIA [&hellip;]<\/p>\n","protected":false},"author":1,"featured_media":0,"comment_status":"open","ping_status":"open","sticky":false,"template":"","format":"standard","meta":{"ocean_post_layout":"","ocean_both_sidebars_style":"","ocean_both_sidebars_content_width":0,"ocean_both_sidebars_sidebars_width":0,"ocean_sidebar":"0","ocean_second_sidebar":"0","ocean_disable_margins":"enable","ocean_add_body_class":"","ocean_shortcode_before_top_bar":"","ocean_shortcode_after_top_bar":"","ocean_shortcode_before_header":"","ocean_shortcode_after_header":"","ocean_has_shortcode":"","ocean_shortcode_after_title":"","ocean_shortcode_before_footer_widgets":"","ocean_shortcode_after_footer_widgets":"","ocean_shortcode_before_footer_bottom":"","ocean_shortcode_after_footer_bottom":"","ocean_display_top_bar":"default","ocean_display_header":"default","ocean_header_style":"","ocean_center_header_left_menu":"0","ocean_custom_header_template":"0","ocean_custom_logo":0,"ocean_custom_retina_logo":0,"ocean_custom_logo_max_width":0,"ocean_custom_logo_tablet_max_width":0,"ocean_custom_logo_mobile_max_width":0,"ocean_custom_logo_max_height":0,"ocean_custom_logo_tablet_max_height":0,"ocean_custom_logo_mobile_max_height":0,"ocean_header_custom_menu":"0","ocean_menu_typo_font_family":"0","ocean_menu_typo_font_subset":"","ocean_menu_typo_font_size":0,"ocean_menu_typo_font_size_tablet":0,"ocean_menu_typo_font_size_mobile":0,"ocean_menu_typo_font_size_unit":"px","ocean_menu_typo_font_weight":"","ocean_menu_typo_font_weight_tablet":"","ocean_menu_typo_font_weight_mobile":"","ocean_menu_typo_transform":"","ocean_menu_typo_transform_tablet":"","ocean_menu_typo_transform_mobile":"","ocean_menu_typo_line_height":0,"ocean_menu_typo_line_height_tablet":0,"ocean_menu_typo_line_height_mobile":0,"ocean_menu_typo_line_height_unit":"","ocean_menu_typo_spacing":0,"ocean_menu_typo_spacing_tablet":0,"ocean_menu_typo_spacing_mobile":0,"ocean_menu_typo_spacing_unit":"","ocean_menu_link_color":"","ocean_menu_link_color_hover":"","ocean_menu_link_color_active":"","ocean_menu_link_background":"","ocean_menu_link_hover_background":"","ocean_menu_link_active_background":"","ocean_menu_social_links_bg":"","ocean_menu_social_hover_links_bg":"","ocean_menu_social_links_color":"","ocean_menu_social_hover_links_color":"","ocean_disable_title":"default","ocean_disable_heading":"default","ocean_post_title":"","ocean_post_subheading":"","ocean_post_title_style":"","ocean_post_title_background_color":"","ocean_post_title_background":0,"ocean_post_title_bg_image_position":"","ocean_post_title_bg_image_attachment":"","ocean_post_title_bg_image_repeat":"","ocean_post_title_bg_image_size":"","ocean_post_title_height":0,"ocean_post_title_bg_overlay":0.5,"ocean_post_title_bg_overlay_color":"","ocean_disable_breadcrumbs":"default","ocean_breadcrumbs_color":"","ocean_breadcrumbs_separator_color":"","ocean_breadcrumbs_links_color":"","ocean_breadcrumbs_links_hover_color":"","ocean_display_footer_widgets":"default","ocean_display_footer_bottom":"default","ocean_custom_footer_template":"0","ocean_post_oembed":"","ocean_post_self_hosted_media":"","ocean_post_video_embed":"","ocean_link_format":"","ocean_link_format_target":"self","ocean_quote_format":"","ocean_quote_format_link":"post","ocean_gallery_link_images":"on","ocean_gallery_id":[],"footnotes":""},"categories":[58,59,4],"tags":[],"class_list":["post-3852","post","type-post","status-publish","format-standard","hentry","category-contratos","category-contratos-2025","category-licitacao","entry"],"_links":{"self":[{"href":"https:\/\/vilaflor.rn.gov.br\/transparencia\/wp-json\/wp\/v2\/posts\/3852","targetHints":{"allow":["GET"]}}],"collection":[{"href":"https:\/\/vilaflor.rn.gov.br\/transparencia\/wp-json\/wp\/v2\/posts"}],"about":[{"href":"https:\/\/vilaflor.rn.gov.br\/transparencia\/wp-json\/wp\/v2\/types\/post"}],"author":[{"embeddable":true,"href":"https:\/\/vilaflor.rn.gov.br\/transparencia\/wp-json\/wp\/v2\/users\/1"}],"replies":[{"embeddable":true,"href":"https:\/\/vilaflor.rn.gov.br\/transparencia\/wp-json\/wp\/v2\/comments?post=3852"}],"version-history":[{"count":1,"href":"https:\/\/vilaflor.rn.gov.br\/transparencia\/wp-json\/wp\/v2\/posts\/3852\/revisions"}],"predecessor-version":[{"id":3853,"href":"https:\/\/vilaflor.rn.gov.br\/transparencia\/wp-json\/wp\/v2\/posts\/3852\/revisions\/3853"}],"wp:attachment":[{"href":"https:\/\/vilaflor.rn.gov.br\/transparencia\/wp-json\/wp\/v2\/media?parent=3852"}],"wp:term":[{"taxonomy":"category","embeddable":true,"href":"https:\/\/vilaflor.rn.gov.br\/transparencia\/wp-json\/wp\/v2\/categories?post=3852"},{"taxonomy":"post_tag","embeddable":true,"href":"https:\/\/vilaflor.rn.gov.br\/transparencia\/wp-json\/wp\/v2\/tags?post=3852"}],"curies":[{"name":"wp","href":"https:\/\/api.w.org\/{rel}","templated":true}]}}