{"id":3432,"date":"2022-02-15T08:33:33","date_gmt":"2022-02-15T11:33:33","guid":{"rendered":"https:\/\/vilaflor.rn.gov.br\/transparencia\/?p=3432"},"modified":"2025-08-15T08:34:07","modified_gmt":"2025-08-15T11:34:07","slug":"extrato-de-dispensa-de-licitacao-no-150200012022","status":"publish","type":"post","link":"https:\/\/vilaflor.rn.gov.br\/transparencia\/extrato-de-dispensa-de-licitacao-no-150200012022\/","title":{"rendered":"EXTRATO DE DISPENSA DE LICITA\u00c7\u00c3O N\u00ba 150200012022"},"content":{"rendered":"<section id=\"container\" class=\"tipos-materias\">\n<section id=\"content\" class=\"tipos-materias\">\n<section id=\"conteudo-materia\">\n<article>\n<div id=\"separador\" class=\"cabecalhoEstadoSeparador cabecalhoEstadoSeparador1\">\n<p><strong>ESTADO DO RIO GRANDE DO NORTE<\/strong><br \/>\n<strong>PREFEITURA MUNICIPAL DE VILA FLOR<\/strong><\/p>\n<\/div>\n<p id=\"cabecaorgao\" class=\"cabecaorgao\">\n<div id=\"materia\" class=\"materia materia20091123 materia1\">\n<p><strong>SECRETARIA MUNICIPAL DE ADMINISTRA\u00c7\u00c3O<\/strong><br \/>\n<strong>EXTRATO DE DISPENSA DE LICITA\u00c7\u00c3O N\u00ba 150200012022<\/strong><\/p>\n<div class=\"mat\">A Comiss\u00e3o de Licita\u00e7\u00e3o do Munic\u00edpio de VILA FLOR, atrav\u00e9s da PREFEITURA MUNICIPAL DE VILA FLOR, em cumprimento \u00e0 ratifica\u00e7\u00e3o procedida pela Sr\u00aa THUANNE KARLA CARVALHO DE SOUZA, PREFEITA MUNICIPAL, faz publicar o extrato resumido do processo de dispensa de licita\u00e7\u00e3o a seguir:<\/div>\n<p>&nbsp;<\/p>\n<p><b>Objeto:<\/b> Contrata\u00e7\u00e3o de empresa para a presta\u00e7\u00e3o de servi\u00e7os t\u00e9cnicos especializados em Fotoc\u00f3pias, na triagem, higieniza\u00e7\u00e3o e digitaliza\u00e7\u00e3o de documentos em papel tamanho A4, formato pdf, com resolu\u00e7\u00e3o de at\u00e9 300dpi de modo a atender as necessidades da Prefeitura Municipal de Vila Flor\/RN.<\/p>\n<p>&nbsp;<\/p>\n<p><b> Contratado:<\/b> FRANCISCO ALCIDERES DE ARAUJO VIEIRA 04803209421, inscrito no CNPJ sob o n\u00famero 31.946.112\/0001-63.<\/p>\n<p>&nbsp;<\/p>\n<p><b>Fundamento Legal:<\/b> art. 24, inciso II , da Lei n\u00ba 8.666\/93 e suas altera\u00e7\u00f5es posteriores.<\/p>\n<p>&nbsp;<\/p>\n<p>Declara\u00e7\u00e3o de Dispensa de Licita\u00e7\u00e3o emitida pela Comiss\u00e3o de Licita\u00e7\u00e3o e ratificado pela Sr\u00aa THUANNE KARLA CARVALHO DE SOUZA, PREFEITA MUNICIPAL.<\/p>\n<p>&nbsp;<\/p>\n<p>VILA FLOR &#8211; RN, 15 de Fevereiro de 2022<\/p>\n<p>&nbsp;<\/p>\n<p>&nbsp;<\/p>\n<p><b><i>RIVAILTON MARIA SANTANA DE PASCHOA<\/i><\/b><\/p>\n<p><b><i> <\/i><\/b>&nbsp;<\/p>\n<p>Comiss\u00e3o de Licita\u00e7\u00e3o<\/p>\n<p>Presidente<\/p>\n<p>&nbsp;<\/p>\n<div align=\"right\">\n<b>Publicado por:<\/b><br \/>\nGrinaldo Joaquim de Souza<br \/>\n<b>C\u00f3digo Identificador:<\/b>217D96F8<\/div>\n<p>&nbsp;<\/p>\n<hr \/>\n<p>Mat\u00e9ria publicada no Di\u00e1rio Oficial dos Munic\u00edpios do Estado do Rio Grande do Norte no dia 21\/02\/2022. Edi\u00e7\u00e3o 2721<br \/>\nA verifica\u00e7\u00e3o de autenticidade da mat\u00e9ria pode ser feita informando o c\u00f3digo identificador no site:<br \/>\nhttps:\/\/www.diariomunicipal.com.br\/femurn\/&nbsp;<\/p>\n<\/div>\n<\/article>\n<\/section>\n<\/section>\n<\/section>\n<div class=\"pdfprnt-buttons pdfprnt-buttons-post pdfprnt-bottom-right\"><a href=\"https:\/\/vilaflor.rn.gov.br\/transparencia\/wp-json\/wp\/v2\/posts\/3432?print=pdf\" class=\"pdfprnt-button pdfprnt-button-pdf\" target=\"_blank\"><img decoding=\"async\" src=\"https:\/\/vilaflor.rn.gov.br\/transparencia\/wp-content\/plugins\/pdf-print\/images\/pdf.png\" alt=\"image_pdf\" title=\"Baixar PDF\" \/><\/a><a href=\"https:\/\/vilaflor.rn.gov.br\/transparencia\/wp-json\/wp\/v2\/posts\/3432?print=print\" class=\"pdfprnt-button pdfprnt-button-print\" target=\"_blank\"><img decoding=\"async\" src=\"https:\/\/vilaflor.rn.gov.br\/transparencia\/wp-content\/plugins\/pdf-print\/images\/print.png\" alt=\"image_print\" title=\"Conte\u00fado de impress\u00e3o\" \/><\/a><\/div>","protected":false},"excerpt":{"rendered":"<p>ESTADO DO RIO GRANDE DO NORTE PREFEITURA MUNICIPAL DE VILA FLOR SECRETARIA MUNICIPAL DE ADMINISTRA\u00c7\u00c3O EXTRATO DE DISPENSA DE LICITA\u00c7\u00c3O N\u00ba 150200012022 A Comiss\u00e3o de Licita\u00e7\u00e3o do Munic\u00edpio de VILA FLOR, atrav\u00e9s da PREFEITURA MUNICIPAL DE VILA FLOR, em cumprimento \u00e0 ratifica\u00e7\u00e3o procedida pela Sr\u00aa THUANNE KARLA CARVALHO DE SOUZA, PREFEITA MUNICIPAL, faz publicar o [&hellip;]<\/p>\n","protected":false},"author":1,"featured_media":0,"comment_status":"open","ping_status":"open","sticky":false,"template":"","format":"standard","meta":{"ocean_post_layout":"","ocean_both_sidebars_style":"","ocean_both_sidebars_content_width":0,"ocean_both_sidebars_sidebars_width":0,"ocean_sidebar":"0","ocean_second_sidebar":"0","ocean_disable_margins":"enable","ocean_add_body_class":"","ocean_shortcode_before_top_bar":"","ocean_shortcode_after_top_bar":"","ocean_shortcode_before_header":"","ocean_shortcode_after_header":"","ocean_has_shortcode":"","ocean_shortcode_after_title":"","ocean_shortcode_before_footer_widgets":"","ocean_shortcode_after_footer_widgets":"","ocean_shortcode_before_footer_bottom":"","ocean_shortcode_after_footer_bottom":"","ocean_display_top_bar":"default","ocean_display_header":"default","ocean_header_style":"","ocean_center_header_left_menu":"0","ocean_custom_header_template":"0","ocean_custom_logo":0,"ocean_custom_retina_logo":0,"ocean_custom_logo_max_width":0,"ocean_custom_logo_tablet_max_width":0,"ocean_custom_logo_mobile_max_width":0,"ocean_custom_logo_max_height":0,"ocean_custom_logo_tablet_max_height":0,"ocean_custom_logo_mobile_max_height":0,"ocean_header_custom_menu":"0","ocean_menu_typo_font_family":"0","ocean_menu_typo_font_subset":"","ocean_menu_typo_font_size":0,"ocean_menu_typo_font_size_tablet":0,"ocean_menu_typo_font_size_mobile":0,"ocean_menu_typo_font_size_unit":"px","ocean_menu_typo_font_weight":"","ocean_menu_typo_font_weight_tablet":"","ocean_menu_typo_font_weight_mobile":"","ocean_menu_typo_transform":"","ocean_menu_typo_transform_tablet":"","ocean_menu_typo_transform_mobile":"","ocean_menu_typo_line_height":0,"ocean_menu_typo_line_height_tablet":0,"ocean_menu_typo_line_height_mobile":0,"ocean_menu_typo_line_height_unit":"","ocean_menu_typo_spacing":0,"ocean_menu_typo_spacing_tablet":0,"ocean_menu_typo_spacing_mobile":0,"ocean_menu_typo_spacing_unit":"","ocean_menu_link_color":"","ocean_menu_link_color_hover":"","ocean_menu_link_color_active":"","ocean_menu_link_background":"","ocean_menu_link_hover_background":"","ocean_menu_link_active_background":"","ocean_menu_social_links_bg":"","ocean_menu_social_hover_links_bg":"","ocean_menu_social_links_color":"","ocean_menu_social_hover_links_color":"","ocean_disable_title":"default","ocean_disable_heading":"default","ocean_post_title":"","ocean_post_subheading":"","ocean_post_title_style":"","ocean_post_title_background_color":"","ocean_post_title_background":0,"ocean_post_title_bg_image_position":"","ocean_post_title_bg_image_attachment":"","ocean_post_title_bg_image_repeat":"","ocean_post_title_bg_image_size":"","ocean_post_title_height":0,"ocean_post_title_bg_overlay":0.5,"ocean_post_title_bg_overlay_color":"","ocean_disable_breadcrumbs":"default","ocean_breadcrumbs_color":"","ocean_breadcrumbs_separator_color":"","ocean_breadcrumbs_links_color":"","ocean_breadcrumbs_links_hover_color":"","ocean_display_footer_widgets":"default","ocean_display_footer_bottom":"default","ocean_custom_footer_template":"0","ocean_post_oembed":"","ocean_post_self_hosted_media":"","ocean_post_video_embed":"","ocean_link_format":"","ocean_link_format_target":"self","ocean_quote_format":"","ocean_quote_format_link":"post","ocean_gallery_link_images":"on","ocean_gallery_id":[],"footnotes":""},"categories":[13,67,4],"tags":[],"class_list":["post-3432","post","type-post","status-publish","format-standard","hentry","category-dispensa-de-licitacao","category-dispensa-de-licitacao-2022","category-licitacao","entry"],"_links":{"self":[{"href":"https:\/\/vilaflor.rn.gov.br\/transparencia\/wp-json\/wp\/v2\/posts\/3432","targetHints":{"allow":["GET"]}}],"collection":[{"href":"https:\/\/vilaflor.rn.gov.br\/transparencia\/wp-json\/wp\/v2\/posts"}],"about":[{"href":"https:\/\/vilaflor.rn.gov.br\/transparencia\/wp-json\/wp\/v2\/types\/post"}],"author":[{"embeddable":true,"href":"https:\/\/vilaflor.rn.gov.br\/transparencia\/wp-json\/wp\/v2\/users\/1"}],"replies":[{"embeddable":true,"href":"https:\/\/vilaflor.rn.gov.br\/transparencia\/wp-json\/wp\/v2\/comments?post=3432"}],"version-history":[{"count":1,"href":"https:\/\/vilaflor.rn.gov.br\/transparencia\/wp-json\/wp\/v2\/posts\/3432\/revisions"}],"predecessor-version":[{"id":3433,"href":"https:\/\/vilaflor.rn.gov.br\/transparencia\/wp-json\/wp\/v2\/posts\/3432\/revisions\/3433"}],"wp:attachment":[{"href":"https:\/\/vilaflor.rn.gov.br\/transparencia\/wp-json\/wp\/v2\/media?parent=3432"}],"wp:term":[{"taxonomy":"category","embeddable":true,"href":"https:\/\/vilaflor.rn.gov.br\/transparencia\/wp-json\/wp\/v2\/categories?post=3432"},{"taxonomy":"post_tag","embeddable":true,"href":"https:\/\/vilaflor.rn.gov.br\/transparencia\/wp-json\/wp\/v2\/tags?post=3432"}],"curies":[{"name":"wp","href":"https:\/\/api.w.org\/{rel}","templated":true}]}}