{"id":3335,"date":"2022-07-08T13:11:46","date_gmt":"2022-07-08T16:11:46","guid":{"rendered":"https:\/\/vilaflor.rn.gov.br\/transparencia\/?p=3335"},"modified":"2025-08-14T13:31:16","modified_gmt":"2025-08-14T16:31:16","slug":"extrato-do-contrato-chamada-publica-no-003-2022","status":"publish","type":"post","link":"https:\/\/vilaflor.rn.gov.br\/transparencia\/extrato-do-contrato-chamada-publica-no-003-2022\/","title":{"rendered":"EXTRATO DO CONTRATO CHAMADA P\u00daBLICA N\u00ba. 003\/2022 (*)"},"content":{"rendered":"<section id=\"container\" class=\"tipos-materias\">\n<section id=\"content\" class=\"tipos-materias\">\n<section id=\"conteudo-materia\">\n<article>\n<div id=\"separador\" class=\"cabecalhoEstadoSeparador cabecalhoEstadoSeparador1\">\n<p><strong>ESTADO DO RIO GRANDE DO NORTE<\/strong><br \/>\n<strong>PREFEITURA MUNICIPAL DE VILA FLOR<\/strong><\/p>\n<\/div>\n<p id=\"cabecaorgao\" class=\"cabecaorgao\">\n<div id=\"materia\" class=\"materia materia20091123 materia1\">\n<p><strong>SECRETARIA MUNICIPAL DE ADMINISTRA\u00c7\u00c3O<\/strong><br \/>\n<strong>EXTRATO DO CONTRATO CHAMADA P\u00daBLICA N\u00ba. 003\/2022 (*)<\/strong><\/p>\n<p><b>CHAMADA P\u00daBLICA N\u00ba. 003\/2022<\/b><\/p>\n<p><b>CONTRATANTE:<\/b> PREFEITURA MUNICIPAL DE VILA FLOR<\/p>\n<p><b>CONTRATADA: <\/b>COOPERATIVA DOS PRONAFIANOS DA MICRO REGI\u00c3O AGRESTE LITORAL SUL \u2013 CNPJ\/MF: 41.888.196\/0001-80<\/p>\n<p>Processo Administrativo n\u00ba. 2705003\/2022 \u2013 Chamada P\u00fablica &#8211; n\u00ba 003\/2022.<\/p>\n<p>Objeto: AQUISI\u00c7\u00c3O DE G\u00caNEROS ALIMENT\u00cdCIOS DA AGRICULTURA FAMILIAR E DO EMPREENDEDOR FAMILIAR RURAL, NAS QUANTIDADES ABAIXO ESPECIFICADAS E CONFORME ESPECIFICA\u00c7\u00c3O T\u00c9CNICA, PARA O ATENDIMENTO DE ALUNOS MATRICULADOS NA REDE MUNICIPAL DE ENSINO, JURISDICIONADAS A SECRETARIA DA EDUCA\u00c7\u00c3O DO MUNIC\u00cdPIO DE VILA FLOR\/RN NOS TERMOS DO PRESENTE EDITAL<b>.<\/b><\/p>\n<p>&nbsp;<\/p>\n<p><b>VENCEDORA NO VALOR DE: <\/b>R$ 247.833,61 (duzentos e quarenta e sete mil, oitocentos e trinta e tr\u00eas reais, sessenta e um centavos)<\/p>\n<p>.<\/p>\n<p><b>DOTA\u00c7\u00c3O OR\u00c7AMENT\u00c1RIA:<\/b><\/p>\n<p>&nbsp;<\/p>\n<p><b>\u00d3rg\u00e3o: <\/b>07 \u2013 Secretaria Municipal de Educa\u00e7\u00e3o<\/p>\n<p><b>Unidade Or\u00e7ament\u00e1ria: <\/b>0701 \u2013 Secretaria Municipal de Educa\u00e7\u00e3o<\/p>\n<p>&nbsp;<\/p>\n<p>Projeto Atividade: 2023 \u2013 Manuten\u00e7\u00e3o do Programa de Alimenta\u00e7\u00e3o Escolar da Agricultura Familiar \/Fundamental<\/p>\n<p>Classifica\u00e7\u00e3o econ\u00f4mica: 33.90.30.00 \u2013 Material de Consumo<\/p>\n<p>Sub \u2013 elemento: 33.90.30.07 \u2013 G\u00eaneros de alimenta\u00e7\u00e3o<\/p>\n<p>Fonte de Recurso: 1500100100 \u2013 Receita de impostos e Transfer\u00eancias &#8211; Educa\u00e7\u00e3o<\/p>\n<p>1552000000 \u2013 Transfer\u00eancia de recursos do PNAE<\/p>\n<p>Projeto Atividade: 2031 \u2013 Manuten\u00e7\u00e3o do Programa de Alimenta\u00e7\u00e3o Escolar da Agricultura Familiar \/Creche<\/p>\n<p>Classifica\u00e7\u00e3o econ\u00f4mica: 33.90.30.00 \u2013 Material de Consumo<\/p>\n<p>Sub \u2013 elemento: 33.90.30.07 \u2013 G\u00eaneros de alimenta\u00e7\u00e3o<\/p>\n<p>Fonte de Recurso: 1500100100 \u2013 Receita de impostos e Transfer\u00eancias &#8211; Educa\u00e7\u00e3o<\/p>\n<p>1552000000 &#8211; Transfer\u00eancia de recursos do PNAE<\/p>\n<p>Projeto Atividade: 2032 \u2013 Manuten\u00e7\u00e3o do Programa de Alimenta\u00e7\u00e3o Escolar da Agricultura Familiar \/Pr\u00e9 Escola<\/p>\n<p>Classifica\u00e7\u00e3o econ\u00f4mica: 33.90.30.00 \u2013 Material de Consumo<\/p>\n<p>Sub \u2013 elemento: 33.90.30.07 \u2013 G\u00eaneros de alimenta\u00e7\u00e3o<\/p>\n<p>Fonte de Recurso: 1500100100 \u2013 Receita de impostos e Transfer\u00eancias &#8211; Educa\u00e7\u00e3o<\/p>\n<p>1552000000 \u2013 Transfer\u00eancia de recursos do PNAE<\/p>\n<p>Projeto Atividade: 2035 \u2013 Manuten\u00e7\u00e3o do Programa de Alimenta\u00e7\u00e3o Escolar da Agricultura Familiar \/EJA<\/p>\n<p>Classifica\u00e7\u00e3o econ\u00f4mica: 33.90.30.00 \u2013 Material de Consumo<\/p>\n<p>Sub \u2013 elemento: 33.90.30.07 \u2013 G\u00eaneros de alimenta\u00e7\u00e3o<\/p>\n<p>Fonte de Recurso: 1500100100 \u2013 Receita de impostos e Transfer\u00eancias &#8211; Educa\u00e7\u00e3o<\/p>\n<p>1552000000 &#8211; Transfer\u00eancia de recursos do PNAE<\/p>\n<p>&nbsp;<\/p>\n<p>Vila Flor\/RN, em 08 Julho de 2022.<\/p>\n<p>&nbsp;<\/p>\n<p>Prefeituramunicipal de Vila Flor\/RN<\/p>\n<p>&nbsp;<\/p>\n<p><b><i>THUANNE KARLA CARVALHO DE SOUZA<\/i><\/b><\/p>\n<p><b><i> <\/i><\/b>&nbsp;<\/p>\n<p>Contratante<\/p>\n<p>&nbsp;<\/p>\n<p>Cooperativa Dos Pronafianos da Micro Regi\u00e3o Agreste Litoral Sul \u2013\u00a0 CNPJ\/MF: 41.888.196\/0001-80<\/p>\n<p>Contratada<\/p>\n<p>&nbsp;<\/p>\n<p><b><i>VALTER CESAR DANTAS LIMA<\/i><\/b><\/p>\n<p><b><i> <\/i><\/b>&nbsp;<\/p>\n<p>CPF\/MF: 060.130.094-73<\/p>\n<p>Representante Legal<\/p>\n<p>&nbsp;<\/p>\n<p><b>*REPUBLICADO POR INCORRE\u00c7\u00c3O<\/b><\/p>\n<p>&nbsp;<\/p>\n<div align=\"right\">\n<b>Publicado por:<\/b><br \/>\nGrinaldo Joaquim de Souza<br \/>\n<b>C\u00f3digo Identificador:<\/b>D9E1604A<\/div>\n<p>&nbsp;<\/p>\n<hr \/>\n<p>Mat\u00e9ria publicada no Di\u00e1rio Oficial dos Munic\u00edpios do Estado do Rio Grande do Norte no dia 12\/07\/2022. Edi\u00e7\u00e3o 2820<br \/>\nA verifica\u00e7\u00e3o de autenticidade da mat\u00e9ria pode ser feita informando o c\u00f3digo identificador no site:<br \/>\nhttps:\/\/www.diariomunicipal.com.br\/femurn\/&nbsp;<\/p>\n<\/div>\n<\/article>\n<\/section>\n<\/section>\n<\/section>\n<div class=\"pdfprnt-buttons pdfprnt-buttons-post pdfprnt-bottom-right\"><a href=\"https:\/\/vilaflor.rn.gov.br\/transparencia\/wp-json\/wp\/v2\/posts\/3335?print=pdf\" class=\"pdfprnt-button pdfprnt-button-pdf\" target=\"_blank\"><img decoding=\"async\" src=\"https:\/\/vilaflor.rn.gov.br\/transparencia\/wp-content\/plugins\/pdf-print\/images\/pdf.png\" alt=\"image_pdf\" title=\"Baixar PDF\" \/><\/a><a href=\"https:\/\/vilaflor.rn.gov.br\/transparencia\/wp-json\/wp\/v2\/posts\/3335?print=print\" class=\"pdfprnt-button pdfprnt-button-print\" target=\"_blank\"><img decoding=\"async\" src=\"https:\/\/vilaflor.rn.gov.br\/transparencia\/wp-content\/plugins\/pdf-print\/images\/print.png\" alt=\"image_print\" title=\"Conte\u00fado de impress\u00e3o\" \/><\/a><\/div>","protected":false},"excerpt":{"rendered":"<p>ESTADO DO RIO GRANDE DO NORTE PREFEITURA MUNICIPAL DE VILA FLOR SECRETARIA MUNICIPAL DE ADMINISTRA\u00c7\u00c3O EXTRATO DO CONTRATO CHAMADA P\u00daBLICA N\u00ba. 003\/2022 (*) CHAMADA P\u00daBLICA N\u00ba. 003\/2022 CONTRATANTE: PREFEITURA MUNICIPAL DE VILA FLOR CONTRATADA: COOPERATIVA DOS PRONAFIANOS DA MICRO REGI\u00c3O AGRESTE LITORAL SUL \u2013 CNPJ\/MF: 41.888.196\/0001-80 Processo Administrativo n\u00ba. 2705003\/2022 \u2013 Chamada P\u00fablica &#8211; n\u00ba [&hellip;]<\/p>\n","protected":false},"author":1,"featured_media":0,"comment_status":"open","ping_status":"open","sticky":false,"template":"","format":"standard","meta":{"ocean_post_layout":"","ocean_both_sidebars_style":"","ocean_both_sidebars_content_width":0,"ocean_both_sidebars_sidebars_width":0,"ocean_sidebar":"0","ocean_second_sidebar":"0","ocean_disable_margins":"enable","ocean_add_body_class":"","ocean_shortcode_before_top_bar":"","ocean_shortcode_after_top_bar":"","ocean_shortcode_before_header":"","ocean_shortcode_after_header":"","ocean_has_shortcode":"","ocean_shortcode_after_title":"","ocean_shortcode_before_footer_widgets":"","ocean_shortcode_after_footer_widgets":"","ocean_shortcode_before_footer_bottom":"","ocean_shortcode_after_footer_bottom":"","ocean_display_top_bar":"default","ocean_display_header":"default","ocean_header_style":"","ocean_center_header_left_menu":"0","ocean_custom_header_template":"0","ocean_custom_logo":0,"ocean_custom_retina_logo":0,"ocean_custom_logo_max_width":0,"ocean_custom_logo_tablet_max_width":0,"ocean_custom_logo_mobile_max_width":0,"ocean_custom_logo_max_height":0,"ocean_custom_logo_tablet_max_height":0,"ocean_custom_logo_mobile_max_height":0,"ocean_header_custom_menu":"0","ocean_menu_typo_font_family":"0","ocean_menu_typo_font_subset":"","ocean_menu_typo_font_size":0,"ocean_menu_typo_font_size_tablet":0,"ocean_menu_typo_font_size_mobile":0,"ocean_menu_typo_font_size_unit":"px","ocean_menu_typo_font_weight":"","ocean_menu_typo_font_weight_tablet":"","ocean_menu_typo_font_weight_mobile":"","ocean_menu_typo_transform":"","ocean_menu_typo_transform_tablet":"","ocean_menu_typo_transform_mobile":"","ocean_menu_typo_line_height":0,"ocean_menu_typo_line_height_tablet":0,"ocean_menu_typo_line_height_mobile":0,"ocean_menu_typo_line_height_unit":"","ocean_menu_typo_spacing":0,"ocean_menu_typo_spacing_tablet":0,"ocean_menu_typo_spacing_mobile":0,"ocean_menu_typo_spacing_unit":"","ocean_menu_link_color":"","ocean_menu_link_color_hover":"","ocean_menu_link_color_active":"","ocean_menu_link_background":"","ocean_menu_link_hover_background":"","ocean_menu_link_active_background":"","ocean_menu_social_links_bg":"","ocean_menu_social_hover_links_bg":"","ocean_menu_social_links_color":"","ocean_menu_social_hover_links_color":"","ocean_disable_title":"default","ocean_disable_heading":"default","ocean_post_title":"","ocean_post_subheading":"","ocean_post_title_style":"","ocean_post_title_background_color":"","ocean_post_title_background":0,"ocean_post_title_bg_image_position":"","ocean_post_title_bg_image_attachment":"","ocean_post_title_bg_image_repeat":"","ocean_post_title_bg_image_size":"","ocean_post_title_height":0,"ocean_post_title_bg_overlay":0.5,"ocean_post_title_bg_overlay_color":"","ocean_disable_breadcrumbs":"default","ocean_breadcrumbs_color":"","ocean_breadcrumbs_separator_color":"","ocean_breadcrumbs_links_color":"","ocean_breadcrumbs_links_hover_color":"","ocean_display_footer_widgets":"default","ocean_display_footer_bottom":"default","ocean_custom_footer_template":"0","ocean_post_oembed":"","ocean_post_self_hosted_media":"","ocean_post_video_embed":"","ocean_link_format":"","ocean_link_format_target":"self","ocean_quote_format":"","ocean_quote_format_link":"post","ocean_gallery_link_images":"on","ocean_gallery_id":[],"footnotes":""},"categories":[58,62],"tags":[],"class_list":["post-3335","post","type-post","status-publish","format-standard","hentry","category-contratos","category-contratos-2022","entry"],"_links":{"self":[{"href":"https:\/\/vilaflor.rn.gov.br\/transparencia\/wp-json\/wp\/v2\/posts\/3335","targetHints":{"allow":["GET"]}}],"collection":[{"href":"https:\/\/vilaflor.rn.gov.br\/transparencia\/wp-json\/wp\/v2\/posts"}],"about":[{"href":"https:\/\/vilaflor.rn.gov.br\/transparencia\/wp-json\/wp\/v2\/types\/post"}],"author":[{"embeddable":true,"href":"https:\/\/vilaflor.rn.gov.br\/transparencia\/wp-json\/wp\/v2\/users\/1"}],"replies":[{"embeddable":true,"href":"https:\/\/vilaflor.rn.gov.br\/transparencia\/wp-json\/wp\/v2\/comments?post=3335"}],"version-history":[{"count":1,"href":"https:\/\/vilaflor.rn.gov.br\/transparencia\/wp-json\/wp\/v2\/posts\/3335\/revisions"}],"predecessor-version":[{"id":3336,"href":"https:\/\/vilaflor.rn.gov.br\/transparencia\/wp-json\/wp\/v2\/posts\/3335\/revisions\/3336"}],"wp:attachment":[{"href":"https:\/\/vilaflor.rn.gov.br\/transparencia\/wp-json\/wp\/v2\/media?parent=3335"}],"wp:term":[{"taxonomy":"category","embeddable":true,"href":"https:\/\/vilaflor.rn.gov.br\/transparencia\/wp-json\/wp\/v2\/categories?post=3335"},{"taxonomy":"post_tag","embeddable":true,"href":"https:\/\/vilaflor.rn.gov.br\/transparencia\/wp-json\/wp\/v2\/tags?post=3335"}],"curies":[{"name":"wp","href":"https:\/\/api.w.org\/{rel}","templated":true}]}}