{"id":3309,"date":"2023-11-01T12:53:35","date_gmt":"2023-11-01T15:53:35","guid":{"rendered":"https:\/\/vilaflor.rn.gov.br\/transparencia\/?p=3309"},"modified":"2025-08-14T12:54:22","modified_gmt":"2025-08-14T15:54:22","slug":"segundo-aditivo-ao-contrato-de-prestacao-de-servicos-dispensa-de-licitacao-n-012-2023","status":"publish","type":"post","link":"https:\/\/vilaflor.rn.gov.br\/transparencia\/segundo-aditivo-ao-contrato-de-prestacao-de-servicos-dispensa-de-licitacao-n-012-2023\/","title":{"rendered":"SEGUNDO ADITIVO AO CONTRATO DE PRESTA\u00c7\u00c3O DE SERVI\u00c7OS DISPENSA DE LICITA\u00c7\u00c3O N\u00b0 012\/2023"},"content":{"rendered":"<section id=\"container\" class=\"tipos-materias\">\n<section id=\"content\" class=\"tipos-materias\">\n<section id=\"conteudo-materia\">\n<article>\n<div id=\"separador\" class=\"cabecalhoEstadoSeparador cabecalhoEstadoSeparador2\">\n<p><strong>ESTADO DO RIO GRANDE DO NORTE<\/strong><br \/>\n<strong>PREFEITURA MUNICIPAL DE VILA FLOR<\/strong><\/p>\n<\/div>\n<p id=\"cabecaorgao\" class=\"cabecaorgao\">\n<div id=\"materia\" class=\"materia materia20091123 materia2\">\n<p><strong>COMISS\u00c3O PERMANENTE DE LICITA\u00c7\u00c3O<\/strong><br \/>\n<strong>SEGUNDO ADITIVO AO CONTRATO DE PRESTA\u00c7\u00c3O DE SERVI\u00c7OS DISPENSA DE LICITA\u00c7\u00c3O N\u00b0 012\/2023<\/strong><\/p>\n<div class=\"mat\"><\/div>\n<p>Pelo presente instrumento particular de Aditivo, onde de um lado, como <b>CONTRATANTE<\/b>, a PREFEITURA MUNICIPAL DE Vila Flor, inscrita no CNPJ (MF) sob o n\u00ba 08.159.089\/0001-45, com sede \u00e0 Rua Jos\u00e9 Calazans, 69, Centro, Vila Flor\/RN, aqui representada pela Prefeita, a Sra. Thuanne Karla Carvalho de Souza, inscrito no CPF (MF) sob o n\u00ba 084.453.074-36, e do outro lado como <b>CONTRATADA<\/b>, a empresa SEC PUBLICIDADE LTDA &#8211; EPP, inscrita no CNPJ (MF) sob o n\u00ba 08.381.234\/0001-38, com sede na <b>Av. Prudente de Morais, 744, Sala 1109, Tirol, Natal\/RN, CEP 59.020-510<\/b>, aqui representada pelo Sr. Gilvan Ara\u00fajo Lopes, inscrita no CPF (MF) sob o n\u00ba 365.735.824-20, ficam aditados de acordo com a Lei Federal n\u00ba 8.666\/93 e suas combina\u00e7\u00f5es, conforme especifica\u00e7\u00f5es a seguir:<\/p>\n<p>&nbsp;<\/p>\n<p><b>CL\u00c1USULA 1\u00aa &#8211; DO OBJETO:<\/b><\/p>\n<p>&nbsp;<\/p>\n<p>O presente Aditivo tem como objeto autorizar a altera\u00e7\u00e3o das quantidades dos servi\u00e7os celebrados conforme Contrato pactuado entre as partes acima mencionadas, em 27 de fevereiro de 2023 e oriundo da DISPENSA DE LICITA\u00c7\u00c3O N\u00b0 012\/2023.<\/p>\n<p>&nbsp;<\/p>\n<table class=\"mat\" border=\"1\" cellspacing=\"0\" cellpadding=\"0\" align=\"left\">\n<tbody>\n<tr>\n<td width=\"94\"><b>Item<\/b><\/td>\n<td width=\"195\"><b>Descri\u00e7\u00e3o<\/b><\/td>\n<td width=\"69\"><b>Unid.<\/b><\/td>\n<td width=\"137\"><b>Quant. Contratada<\/b><\/td>\n<td width=\"106\"><b>Pre\u00e7o<\/b><\/p>\n<p><b>Unit. (R$)<\/b><\/td>\n<td width=\"128\"><b>Total a ser reduzido (R$)<\/b><\/td>\n<td width=\"148\"><b>Total a ser acrescentado (R$)<\/b><\/td>\n<\/tr>\n<tr>\n<td width=\"94\">01<\/td>\n<td width=\"195\">DI\u00c1RIO OFICIAL DA UNI\u00c3O &#8211; DOU<\/td>\n<td width=\"69\">CM<\/td>\n<td width=\"137\">115,00<\/td>\n<td width=\"106\">62,00<\/td>\n<td width=\"128\">R$ 0,00<\/td>\n<td width=\"148\">R$ 4.340,00<\/td>\n<\/tr>\n<tr>\n<td width=\"94\">02<\/td>\n<td width=\"195\">DI\u00c1RIO OFICIAL DO ESTADO DO RN \u2013 DOE<\/td>\n<td width=\"69\">CM<\/td>\n<td width=\"137\">115,00<\/td>\n<td width=\"106\">46,00<\/td>\n<td width=\"128\">R$ 2.300,00<\/td>\n<td width=\"148\">R$ 0,00<\/td>\n<\/tr>\n<tr>\n<td width=\"94\">03<\/td>\n<td width=\"195\">JORNAL DE GRANDE CIRCULA\u00c7\u00c3O<\/td>\n<td width=\"69\">CM<\/td>\n<td width=\"137\">115,00<\/td>\n<td width=\"106\">42,00<\/td>\n<td width=\"128\">R$ 2.100,00<\/td>\n<td width=\"148\">R$ 0,00<\/td>\n<\/tr>\n<\/tbody>\n<\/table>\n<p>&nbsp;<\/p>\n<p><b>CL\u00c1USULA 2\u00aa &#8211; DO VALOR:<\/b><\/p>\n<p>&nbsp;<\/p>\n<p>Com a altera\u00e7\u00e3o da meta contratada este Aditivo importar\u00e1 representado a supress\u00e3o de -0,44% da meta inicialmente contratada, conforme altera\u00e7\u00e3o de quantitativos detalhado na tabela em anexo<\/p>\n<p>&nbsp;<\/p>\n<p><b>CL\u00c1USULA 3\u00aa &#8211; DA BASE LEGAL:<\/b><\/p>\n<p>A celebra\u00e7\u00e3o do presente Aditivo est\u00e1 prevista no par\u00e1grafo 1\u00ba, do artigo 65, da Lei Federal n\u00ba 8.666\/93.<\/p>\n<p>&nbsp;<\/p>\n<p><b>CL\u00c1USULA 4\u00aa &#8211; DAS DEMAIS CL\u00c1USULAS:<\/b><\/p>\n<p>Ficam mantidas as demais condi\u00e7\u00f5es contidas no Contrato de Presta\u00e7\u00e3o de Servi\u00e7os oriundo da DISPENSA DE LICITA\u00c7\u00c3O N\u00b0 012\/2023, inclusive no que se refere \u00e0s condi\u00e7\u00f5es de pagamento.<\/p>\n<p>&nbsp;<\/p>\n<p>E por estarem justos e aditados, mandou-se lavrar o presente termo, em 03 (tr\u00eas) vias, para que surta os efeitos legais e jur\u00eddicos.<\/p>\n<p>&nbsp;<\/p>\n<p>Vila Flor\/RN, em 01 de novembro de 2023.<\/p>\n<p>&nbsp;<\/p>\n<table class=\"mat\" border=\"1\" cellspacing=\"0\" cellpadding=\"0\" align=\"left\">\n<tbody>\n<tr>\n<td width=\"424\"><b><i>THUANNE KARLA CARVALHO DE SOUZA<\/i><\/b><\/p>\n<p>Pela Contratante<\/p>\n<p>Prefeita Municipal<\/td>\n<td width=\"319\"><b><i>SEC PUBLICIDADE LTDA &#8211; EPP<\/i><\/b><\/p>\n<p>Pela Contratada<\/td>\n<\/tr>\n<\/tbody>\n<\/table>\n<div align=\"right\">\n<b>Publicado por:<\/b><br \/>\nRamon Borges da Silva<br \/>\n<b>C\u00f3digo Identificador:<\/b>8AF45854<\/div>\n<p>&nbsp;<\/p>\n<hr \/>\n<p>Mat\u00e9ria publicada no Di\u00e1rio Oficial dos Munic\u00edpios do Estado do Rio Grande do Norte no dia 13\/12\/2023. Edi\u00e7\u00e3o 3179<br \/>\nA verifica\u00e7\u00e3o de autenticidade da mat\u00e9ria pode ser feita informando o c\u00f3digo identificador no site:<br \/>\nhttps:\/\/www.diariomunicipal.com.br\/femurn\/&nbsp;<\/p>\n<\/div>\n<\/article>\n<\/section>\n<\/section>\n<\/section>\n<div class=\"pdfprnt-buttons pdfprnt-buttons-post pdfprnt-bottom-right\"><a href=\"https:\/\/vilaflor.rn.gov.br\/transparencia\/wp-json\/wp\/v2\/posts\/3309?print=pdf\" class=\"pdfprnt-button pdfprnt-button-pdf\" target=\"_blank\"><img decoding=\"async\" src=\"https:\/\/vilaflor.rn.gov.br\/transparencia\/wp-content\/plugins\/pdf-print\/images\/pdf.png\" alt=\"image_pdf\" title=\"Baixar PDF\" \/><\/a><a href=\"https:\/\/vilaflor.rn.gov.br\/transparencia\/wp-json\/wp\/v2\/posts\/3309?print=print\" class=\"pdfprnt-button pdfprnt-button-print\" target=\"_blank\"><img decoding=\"async\" src=\"https:\/\/vilaflor.rn.gov.br\/transparencia\/wp-content\/plugins\/pdf-print\/images\/print.png\" alt=\"image_print\" title=\"Conte\u00fado de impress\u00e3o\" \/><\/a><\/div>","protected":false},"excerpt":{"rendered":"<p>ESTADO DO RIO GRANDE DO NORTE PREFEITURA MUNICIPAL DE VILA FLOR COMISS\u00c3O PERMANENTE DE LICITA\u00c7\u00c3O SEGUNDO ADITIVO AO CONTRATO DE PRESTA\u00c7\u00c3O DE SERVI\u00c7OS DISPENSA DE LICITA\u00c7\u00c3O N\u00b0 012\/2023 Pelo presente instrumento particular de Aditivo, onde de um lado, como CONTRATANTE, a PREFEITURA MUNICIPAL DE Vila Flor, inscrita no CNPJ (MF) sob o n\u00ba 08.159.089\/0001-45, com [&hellip;]<\/p>\n","protected":false},"author":1,"featured_media":0,"comment_status":"open","ping_status":"open","sticky":false,"template":"","format":"standard","meta":{"ocean_post_layout":"","ocean_both_sidebars_style":"","ocean_both_sidebars_content_width":0,"ocean_both_sidebars_sidebars_width":0,"ocean_sidebar":"0","ocean_second_sidebar":"0","ocean_disable_margins":"enable","ocean_add_body_class":"","ocean_shortcode_before_top_bar":"","ocean_shortcode_after_top_bar":"","ocean_shortcode_before_header":"","ocean_shortcode_after_header":"","ocean_has_shortcode":"","ocean_shortcode_after_title":"","ocean_shortcode_before_footer_widgets":"","ocean_shortcode_after_footer_widgets":"","ocean_shortcode_before_footer_bottom":"","ocean_shortcode_after_footer_bottom":"","ocean_display_top_bar":"default","ocean_display_header":"default","ocean_header_style":"","ocean_center_header_left_menu":"0","ocean_custom_header_template":"0","ocean_custom_logo":0,"ocean_custom_retina_logo":0,"ocean_custom_logo_max_width":0,"ocean_custom_logo_tablet_max_width":0,"ocean_custom_logo_mobile_max_width":0,"ocean_custom_logo_max_height":0,"ocean_custom_logo_tablet_max_height":0,"ocean_custom_logo_mobile_max_height":0,"ocean_header_custom_menu":"0","ocean_menu_typo_font_family":"0","ocean_menu_typo_font_subset":"","ocean_menu_typo_font_size":0,"ocean_menu_typo_font_size_tablet":0,"ocean_menu_typo_font_size_mobile":0,"ocean_menu_typo_font_size_unit":"px","ocean_menu_typo_font_weight":"","ocean_menu_typo_font_weight_tablet":"","ocean_menu_typo_font_weight_mobile":"","ocean_menu_typo_transform":"","ocean_menu_typo_transform_tablet":"","ocean_menu_typo_transform_mobile":"","ocean_menu_typo_line_height":0,"ocean_menu_typo_line_height_tablet":0,"ocean_menu_typo_line_height_mobile":0,"ocean_menu_typo_line_height_unit":"","ocean_menu_typo_spacing":0,"ocean_menu_typo_spacing_tablet":0,"ocean_menu_typo_spacing_mobile":0,"ocean_menu_typo_spacing_unit":"","ocean_menu_link_color":"","ocean_menu_link_color_hover":"","ocean_menu_link_color_active":"","ocean_menu_link_background":"","ocean_menu_link_hover_background":"","ocean_menu_link_active_background":"","ocean_menu_social_links_bg":"","ocean_menu_social_hover_links_bg":"","ocean_menu_social_links_color":"","ocean_menu_social_hover_links_color":"","ocean_disable_title":"default","ocean_disable_heading":"default","ocean_post_title":"","ocean_post_subheading":"","ocean_post_title_style":"","ocean_post_title_background_color":"","ocean_post_title_background":0,"ocean_post_title_bg_image_position":"","ocean_post_title_bg_image_attachment":"","ocean_post_title_bg_image_repeat":"","ocean_post_title_bg_image_size":"","ocean_post_title_height":0,"ocean_post_title_bg_overlay":0.5,"ocean_post_title_bg_overlay_color":"","ocean_disable_breadcrumbs":"default","ocean_breadcrumbs_color":"","ocean_breadcrumbs_separator_color":"","ocean_breadcrumbs_links_color":"","ocean_breadcrumbs_links_hover_color":"","ocean_display_footer_widgets":"default","ocean_display_footer_bottom":"default","ocean_custom_footer_template":"0","ocean_post_oembed":"","ocean_post_self_hosted_media":"","ocean_post_video_embed":"","ocean_link_format":"","ocean_link_format_target":"self","ocean_quote_format":"","ocean_quote_format_link":"post","ocean_gallery_link_images":"on","ocean_gallery_id":[],"footnotes":""},"categories":[58,61],"tags":[],"class_list":["post-3309","post","type-post","status-publish","format-standard","hentry","category-contratos","category-contratos-2023","entry"],"_links":{"self":[{"href":"https:\/\/vilaflor.rn.gov.br\/transparencia\/wp-json\/wp\/v2\/posts\/3309","targetHints":{"allow":["GET"]}}],"collection":[{"href":"https:\/\/vilaflor.rn.gov.br\/transparencia\/wp-json\/wp\/v2\/posts"}],"about":[{"href":"https:\/\/vilaflor.rn.gov.br\/transparencia\/wp-json\/wp\/v2\/types\/post"}],"author":[{"embeddable":true,"href":"https:\/\/vilaflor.rn.gov.br\/transparencia\/wp-json\/wp\/v2\/users\/1"}],"replies":[{"embeddable":true,"href":"https:\/\/vilaflor.rn.gov.br\/transparencia\/wp-json\/wp\/v2\/comments?post=3309"}],"version-history":[{"count":1,"href":"https:\/\/vilaflor.rn.gov.br\/transparencia\/wp-json\/wp\/v2\/posts\/3309\/revisions"}],"predecessor-version":[{"id":3310,"href":"https:\/\/vilaflor.rn.gov.br\/transparencia\/wp-json\/wp\/v2\/posts\/3309\/revisions\/3310"}],"wp:attachment":[{"href":"https:\/\/vilaflor.rn.gov.br\/transparencia\/wp-json\/wp\/v2\/media?parent=3309"}],"wp:term":[{"taxonomy":"category","embeddable":true,"href":"https:\/\/vilaflor.rn.gov.br\/transparencia\/wp-json\/wp\/v2\/categories?post=3309"},{"taxonomy":"post_tag","embeddable":true,"href":"https:\/\/vilaflor.rn.gov.br\/transparencia\/wp-json\/wp\/v2\/tags?post=3309"}],"curies":[{"name":"wp","href":"https:\/\/api.w.org\/{rel}","templated":true}]}}