{"id":3305,"date":"2023-11-23T12:50:21","date_gmt":"2023-11-23T15:50:21","guid":{"rendered":"https:\/\/vilaflor.rn.gov.br\/transparencia\/?p=3305"},"modified":"2025-08-14T12:52:34","modified_gmt":"2025-08-14T15:52:34","slug":"segundo-aditivo-ao-contrato-de-prestacao-de-servicos-tomada-de-preco-001-2022","status":"publish","type":"post","link":"https:\/\/vilaflor.rn.gov.br\/transparencia\/segundo-aditivo-ao-contrato-de-prestacao-de-servicos-tomada-de-preco-001-2022\/","title":{"rendered":"SEGUNDO ADITIVO AO CONTRATO DE PRESTA\u00c7\u00c3O DE SERVI\u00c7OS \u2013 TOMADA DE PRE\u00c7O 001\/2022"},"content":{"rendered":"<section id=\"container\" class=\"tipos-materias\">\n<section id=\"content\" class=\"tipos-materias\">\n<section id=\"conteudo-materia\">\n<article>\n<div id=\"separador\" class=\"cabecalhoEstadoSeparador cabecalhoEstadoSeparador1\">\n<p><strong>ESTADO DO RIO GRANDE DO NORTE<\/strong><br \/>\n<strong>PREFEITURA MUNICIPAL DE VILA FLOR<\/strong><\/p>\n<\/div>\n<p id=\"cabecaorgao\" class=\"cabecaorgao\">\n<div id=\"materia\" class=\"materia materia20091123 materia1\">\n<p><strong>COMISS\u00c3O PERMANENTE DE LICITA\u00c7\u00c3O<\/strong><br \/>\n<strong>SEGUNDO ADITIVO AO CONTRATO DE PRESTA\u00c7\u00c3O DE SERVI\u00c7OS \u2013 TOMADA DE PRE\u00c7O 001\/2022<\/strong><\/p>\n<div class=\"mat\"><\/div>\n<p>Pelo presente instrumento particular de Aditivo, onde de um lado, como <b>CONTRATANTE<\/b>, a PREFEITURA MUNICIPAL DE Vila Flor, inscrita no CNPJ (MF) sob o n\u00ba 08.169.278\/0001-07, com sede \u00e0 Rua Jos\u00e9 Calazans, 69, Centro, Vila Flor\/RN, CEP 59.192-000, aqui representada pela Prefeita, a Sra. Thuanne Karla Carvalho de Souza, inscrito no CPF (MF) sob o n\u00ba 084.453.074-36, e do outro lado como <b>CONTRATADA<\/b>, a empresa LISBOA ENGENHARIA, CONSTRU\u00c7\u00d5ES E SERVI\u00c7OS EIRELI, inscrita no CNPJ (MF) sob o n\u00ba 29.769.351\/0001-43, com sede na Rua Francisco Pinto Ferreira, 59, Centro, Pasa e Fica\/RN, aqui representada pelo Sr., Jose Carlos de Melo Silva, inscrita no CPF (MF) sob o n\u00ba 700.516.834-82, ficam aditados de acordo com a Lei Federal n\u00ba 8.666\/93 e suas combina\u00e7\u00f5es, conforme especifica\u00e7\u00f5es a seguir:<\/p>\n<p>&nbsp;<\/p>\n<p><b>CL\u00c1USULA 1\u00aa &#8211; DO OBJETO:<\/b><\/p>\n<p>&nbsp;<\/p>\n<p>O presente Aditivo tem como objeto autorizar a altera\u00e7\u00e3o das quantidades dos servi\u00e7os celebrados conforme Contrato pactuado entre as partes acima mencionadas, e oriundo da Licita\u00e7\u00e3o \u2013 TOMADA DE PRE\u00c7O N\u00b0 001\/2022.<\/p>\n<p>&nbsp;<\/p>\n<p><b>CL\u00c1USULA 2\u00aa &#8211; DO VALOR:<\/b><\/p>\n<p>&nbsp;<\/p>\n<p>Com a altera\u00e7\u00e3o da meta contratada este Aditivo importar\u00e1 em R$ 154.408,02 (Cento e cinquenta e quatro mil, quatrocentos e oito reais e dois centavos), representado 15,32% da meta inicialmente contratada, conforme aumento de quantitativos detalhado na tabela em anexo<\/p>\n<p>&nbsp;<\/p>\n<p><b>CL\u00c1USULA 3\u00aa &#8211; DA BASE LEGAL:<\/b><\/p>\n<p>&nbsp;<\/p>\n<p>A celebra\u00e7\u00e3o do presente Aditivo est\u00e1 prevista no par\u00e1grafo 1\u00ba, do artigo 65, da Lei Federal n\u00ba 8.666\/93.<\/p>\n<p>&nbsp;<\/p>\n<p><b>CL\u00c1USULA 4\u00aa &#8211; DAS DEMAIS CL\u00c1USULAS:<\/b><\/p>\n<p>&nbsp;<\/p>\n<p>Ficam mantidas as demais condi\u00e7\u00f5es contidas no Contrato de Presta\u00e7\u00e3o de Servi\u00e7os oriundo da Licita\u00e7\u00e3o \u2013 TOMADA DE PRE\u00c7O 001\/2022, inclusive no que se refere \u00e0s condi\u00e7\u00f5es de pagamento.<\/p>\n<p>&nbsp;<\/p>\n<p>E por estarem justos e aditados, mandou-se lavrar o presente termo, em 03 (tr\u00eas) vias, para que surta os efeitos legais e jur\u00eddicos.<\/p>\n<p>&nbsp;<\/p>\n<p>Vila Flor\/RN, em 23 de novembro de 2023.<\/p>\n<p>&nbsp;<\/p>\n<table class=\"mat\" border=\"1\" cellspacing=\"0\" cellpadding=\"0\" align=\"left\">\n<tbody>\n<tr>\n<td width=\"339\">THUANNE KARLA CARVALHO DE SOUZA<\/p>\n<p>Pela Contratante<\/p>\n<p>Prefeita Municipal<\/td>\n<td width=\"255\">JOSE CARLOS DE MELO SILVA<\/p>\n<p>Pela Contratada<\/p>\n<p>S\u00f3cio-Administrador<\/td>\n<\/tr>\n<\/tbody>\n<\/table>\n<div align=\"right\">\n<b>Publicado por:<\/b><br \/>\nRamon Borges da Silva<br \/>\n<b>C\u00f3digo Identificador:<\/b>19EE4212<\/div>\n<p>&nbsp;<\/p>\n<hr \/>\n<p>Mat\u00e9ria publicada no Di\u00e1rio Oficial dos Munic\u00edpios do Estado do Rio Grande do Norte no dia 24\/11\/2023. Edi\u00e7\u00e3o 3166<br \/>\nA verifica\u00e7\u00e3o de autenticidade da mat\u00e9ria pode ser feita informando o c\u00f3digo identificador no site:<br \/>\nhttps:\/\/www.diariomunicipal.com.br\/femurn\/&nbsp;<\/p>\n<\/div>\n<\/article>\n<\/section>\n<\/section>\n<\/section>\n<div class=\"pdfprnt-buttons pdfprnt-buttons-post pdfprnt-bottom-right\"><a href=\"https:\/\/vilaflor.rn.gov.br\/transparencia\/wp-json\/wp\/v2\/posts\/3305?print=pdf\" class=\"pdfprnt-button pdfprnt-button-pdf\" target=\"_blank\"><img decoding=\"async\" src=\"https:\/\/vilaflor.rn.gov.br\/transparencia\/wp-content\/plugins\/pdf-print\/images\/pdf.png\" alt=\"image_pdf\" title=\"Baixar PDF\" \/><\/a><a href=\"https:\/\/vilaflor.rn.gov.br\/transparencia\/wp-json\/wp\/v2\/posts\/3305?print=print\" class=\"pdfprnt-button pdfprnt-button-print\" target=\"_blank\"><img decoding=\"async\" src=\"https:\/\/vilaflor.rn.gov.br\/transparencia\/wp-content\/plugins\/pdf-print\/images\/print.png\" alt=\"image_print\" title=\"Conte\u00fado de impress\u00e3o\" \/><\/a><\/div>","protected":false},"excerpt":{"rendered":"<p>ESTADO DO RIO GRANDE DO NORTE PREFEITURA MUNICIPAL DE VILA FLOR COMISS\u00c3O PERMANENTE DE LICITA\u00c7\u00c3O SEGUNDO ADITIVO AO CONTRATO DE PRESTA\u00c7\u00c3O DE SERVI\u00c7OS \u2013 TOMADA DE PRE\u00c7O 001\/2022 Pelo presente instrumento particular de Aditivo, onde de um lado, como CONTRATANTE, a PREFEITURA MUNICIPAL DE Vila Flor, inscrita no CNPJ (MF) sob o n\u00ba 08.169.278\/0001-07, com [&hellip;]<\/p>\n","protected":false},"author":1,"featured_media":0,"comment_status":"open","ping_status":"open","sticky":false,"template":"","format":"standard","meta":{"ocean_post_layout":"","ocean_both_sidebars_style":"","ocean_both_sidebars_content_width":0,"ocean_both_sidebars_sidebars_width":0,"ocean_sidebar":"0","ocean_second_sidebar":"0","ocean_disable_margins":"enable","ocean_add_body_class":"","ocean_shortcode_before_top_bar":"","ocean_shortcode_after_top_bar":"","ocean_shortcode_before_header":"","ocean_shortcode_after_header":"","ocean_has_shortcode":"","ocean_shortcode_after_title":"","ocean_shortcode_before_footer_widgets":"","ocean_shortcode_after_footer_widgets":"","ocean_shortcode_before_footer_bottom":"","ocean_shortcode_after_footer_bottom":"","ocean_display_top_bar":"default","ocean_display_header":"default","ocean_header_style":"","ocean_center_header_left_menu":"0","ocean_custom_header_template":"0","ocean_custom_logo":0,"ocean_custom_retina_logo":0,"ocean_custom_logo_max_width":0,"ocean_custom_logo_tablet_max_width":0,"ocean_custom_logo_mobile_max_width":0,"ocean_custom_logo_max_height":0,"ocean_custom_logo_tablet_max_height":0,"ocean_custom_logo_mobile_max_height":0,"ocean_header_custom_menu":"0","ocean_menu_typo_font_family":"0","ocean_menu_typo_font_subset":"","ocean_menu_typo_font_size":0,"ocean_menu_typo_font_size_tablet":0,"ocean_menu_typo_font_size_mobile":0,"ocean_menu_typo_font_size_unit":"px","ocean_menu_typo_font_weight":"","ocean_menu_typo_font_weight_tablet":"","ocean_menu_typo_font_weight_mobile":"","ocean_menu_typo_transform":"","ocean_menu_typo_transform_tablet":"","ocean_menu_typo_transform_mobile":"","ocean_menu_typo_line_height":0,"ocean_menu_typo_line_height_tablet":0,"ocean_menu_typo_line_height_mobile":0,"ocean_menu_typo_line_height_unit":"","ocean_menu_typo_spacing":0,"ocean_menu_typo_spacing_tablet":0,"ocean_menu_typo_spacing_mobile":0,"ocean_menu_typo_spacing_unit":"","ocean_menu_link_color":"","ocean_menu_link_color_hover":"","ocean_menu_link_color_active":"","ocean_menu_link_background":"","ocean_menu_link_hover_background":"","ocean_menu_link_active_background":"","ocean_menu_social_links_bg":"","ocean_menu_social_hover_links_bg":"","ocean_menu_social_links_color":"","ocean_menu_social_hover_links_color":"","ocean_disable_title":"default","ocean_disable_heading":"default","ocean_post_title":"","ocean_post_subheading":"","ocean_post_title_style":"","ocean_post_title_background_color":"","ocean_post_title_background":0,"ocean_post_title_bg_image_position":"","ocean_post_title_bg_image_attachment":"","ocean_post_title_bg_image_repeat":"","ocean_post_title_bg_image_size":"","ocean_post_title_height":0,"ocean_post_title_bg_overlay":0.5,"ocean_post_title_bg_overlay_color":"","ocean_disable_breadcrumbs":"default","ocean_breadcrumbs_color":"","ocean_breadcrumbs_separator_color":"","ocean_breadcrumbs_links_color":"","ocean_breadcrumbs_links_hover_color":"","ocean_display_footer_widgets":"default","ocean_display_footer_bottom":"default","ocean_custom_footer_template":"0","ocean_post_oembed":"","ocean_post_self_hosted_media":"","ocean_post_video_embed":"","ocean_link_format":"","ocean_link_format_target":"self","ocean_quote_format":"","ocean_quote_format_link":"post","ocean_gallery_link_images":"on","ocean_gallery_id":[],"footnotes":""},"categories":[58,61],"tags":[],"class_list":["post-3305","post","type-post","status-publish","format-standard","hentry","category-contratos","category-contratos-2023","entry"],"_links":{"self":[{"href":"https:\/\/vilaflor.rn.gov.br\/transparencia\/wp-json\/wp\/v2\/posts\/3305","targetHints":{"allow":["GET"]}}],"collection":[{"href":"https:\/\/vilaflor.rn.gov.br\/transparencia\/wp-json\/wp\/v2\/posts"}],"about":[{"href":"https:\/\/vilaflor.rn.gov.br\/transparencia\/wp-json\/wp\/v2\/types\/post"}],"author":[{"embeddable":true,"href":"https:\/\/vilaflor.rn.gov.br\/transparencia\/wp-json\/wp\/v2\/users\/1"}],"replies":[{"embeddable":true,"href":"https:\/\/vilaflor.rn.gov.br\/transparencia\/wp-json\/wp\/v2\/comments?post=3305"}],"version-history":[{"count":1,"href":"https:\/\/vilaflor.rn.gov.br\/transparencia\/wp-json\/wp\/v2\/posts\/3305\/revisions"}],"predecessor-version":[{"id":3306,"href":"https:\/\/vilaflor.rn.gov.br\/transparencia\/wp-json\/wp\/v2\/posts\/3305\/revisions\/3306"}],"wp:attachment":[{"href":"https:\/\/vilaflor.rn.gov.br\/transparencia\/wp-json\/wp\/v2\/media?parent=3305"}],"wp:term":[{"taxonomy":"category","embeddable":true,"href":"https:\/\/vilaflor.rn.gov.br\/transparencia\/wp-json\/wp\/v2\/categories?post=3305"},{"taxonomy":"post_tag","embeddable":true,"href":"https:\/\/vilaflor.rn.gov.br\/transparencia\/wp-json\/wp\/v2\/tags?post=3305"}],"curies":[{"name":"wp","href":"https:\/\/api.w.org\/{rel}","templated":true}]}}