{"id":3042,"date":"2024-01-12T20:43:56","date_gmt":"2024-01-12T23:43:56","guid":{"rendered":"https:\/\/vilaflor.rn.gov.br\/transparencia\/?p=3042"},"modified":"2025-08-13T20:44:30","modified_gmt":"2025-08-13T23:44:30","slug":"extrato-de-contrato-n-002-2024-inexigibilidade-de-licitacao-n-001-2024","status":"publish","type":"post","link":"https:\/\/vilaflor.rn.gov.br\/transparencia\/extrato-de-contrato-n-002-2024-inexigibilidade-de-licitacao-n-001-2024\/","title":{"rendered":"EXTRATO DE CONTRATO N\u00b0 002\/2024 INEXIGIBILIDADE DE LICITA\u00c7\u00c3O N\u00b0 001\/2024"},"content":{"rendered":"<section id=\"container\" class=\"tipos-materias\">\n<section id=\"content\" class=\"tipos-materias\">\n<section id=\"conteudo-materia\">\n<article>\n<div id=\"separador\" class=\"cabecalhoEstadoSeparador cabecalhoEstadoSeparador1\">\n<p><strong>ESTADO DO RIO GRANDE DO NORTE<\/strong><br \/>\n<strong>PREFEITURA MUNICIPAL DE VILA FLOR<\/strong><\/p>\n<\/div>\n<p id=\"cabecaorgao\" class=\"cabecaorgao\">\n<div id=\"materia\" class=\"materia materia20091123 materia1\">\n<p><strong>SECRETARIA MUNICIPAL DE ADMINISTRA\u00c7\u00c3O<\/strong><br \/>\n<strong>EXTRATO DE CONTRATO N\u00b0 002\/2024 INEXIGIBILIDADE DE LICITA\u00c7\u00c3O N\u00b0 001\/2024<\/strong><\/p>\n<p><b>CONTRATO N\u00ba&#8230;&#8230;&#8230;..:<\/b> 002\/2024<\/p>\n<p>&nbsp;<\/p>\n<p><b>ORIGEM&#8230;&#8230;&#8230;&#8230;&#8230;&#8230;&#8230;:<\/b> INEXIGIBILIDADE N\u00ba 001-2024 INEXIG<\/p>\n<p>&nbsp;<\/p>\n<p><b>CONTRATANTE&#8230;&#8230;..:<\/b> PREFEITURA MUNICIPAL DE VILA FLOR<\/p>\n<p>&nbsp;<\/p>\n<p><b>CONTRATADA(O)&#8230;..:<\/b> LOURIVAL JOSE DE FREITAS<\/p>\n<p>&nbsp;<\/p>\n<p><b>OBJETO&#8230;&#8230;&#8230;&#8230;&#8230;&#8230;&#8230;.:<\/b> Loca\u00e7\u00e3o de um terreno situado a Zona Rural de Vila Flor, Fazenda amparo, N\u00f8 05, visando a destina\u00e7\u00e3o final do lixo dom\u00e9stico dos cidad\u00e3os do Munic\u00edpio de Vila Flor\/RN<\/p>\n<p>&nbsp;<\/p>\n<p><b>VALOR MENSAL&#8230;&#8230;&#8230;&#8230;&#8230;.:<\/b> R$ 4.000,00 (QUATRO MIL REAIS)<\/p>\n<p>&nbsp;<\/p>\n<p><b>PROGRAMA DE TRABALHO&#8230;&#8230;.:<\/b> Exerc\u00edcio 2024 Atividade 1201.154520021.2.100 Manuten\u00e7\u00e3o das A\u00e7\u00f5es da Secretaria Municipal de Servi\u00e7os Urbanos , Classifica\u00e7\u00e3o econ\u00f4mica 3.3.90.36.00 Outros serv. de terceiros pessoa f\u00edsica, Subelemento 3.3.90.36.15.<\/p>\n<p>&nbsp;<\/p>\n<p><b>VIG\u00caNCIA&#8230;&#8230;&#8230;&#8230;&#8230;&#8230;.:<\/b> 12 de Janeiro de 2024 a 31 de Dezembro de 2024<\/p>\n<p>&nbsp;<\/p>\n<p><b>DATA DA ASSINATURA&#8230;&#8230;&#8230;:<\/b> 12 de Janeiro de 2024<\/p>\n<div align=\"right\">\n<b>Publicado por:<\/b><br \/>\nGrinaldo Joaquim de Souza<br \/>\n<b>C\u00f3digo Identificador:<\/b>1F38ECA7<\/div>\n<p>&nbsp;<\/p>\n<hr \/>\n<p>Mat\u00e9ria publicada no Di\u00e1rio Oficial dos Munic\u00edpios do Estado do Rio Grande do Norte no dia 29\/01\/2024. Edi\u00e7\u00e3o 3210<br \/>\nA verifica\u00e7\u00e3o de autenticidade da mat\u00e9ria pode ser feita informando o c\u00f3digo identificador no site:<br \/>\nhttps:\/\/www.diariomunicipal.com.br\/femurn\/&nbsp;<\/p>\n<\/div>\n<\/article>\n<\/section>\n<\/section>\n<\/section>\n<div class=\"pdfprnt-buttons pdfprnt-buttons-post pdfprnt-bottom-right\"><a href=\"https:\/\/vilaflor.rn.gov.br\/transparencia\/wp-json\/wp\/v2\/posts\/3042?print=pdf\" class=\"pdfprnt-button pdfprnt-button-pdf\" target=\"_blank\"><img decoding=\"async\" src=\"https:\/\/vilaflor.rn.gov.br\/transparencia\/wp-content\/plugins\/pdf-print\/images\/pdf.png\" alt=\"image_pdf\" title=\"Baixar PDF\" \/><\/a><a href=\"https:\/\/vilaflor.rn.gov.br\/transparencia\/wp-json\/wp\/v2\/posts\/3042?print=print\" class=\"pdfprnt-button pdfprnt-button-print\" target=\"_blank\"><img decoding=\"async\" src=\"https:\/\/vilaflor.rn.gov.br\/transparencia\/wp-content\/plugins\/pdf-print\/images\/print.png\" alt=\"image_print\" title=\"Conte\u00fado de impress\u00e3o\" \/><\/a><\/div>","protected":false},"excerpt":{"rendered":"<p>ESTADO DO RIO GRANDE DO NORTE PREFEITURA MUNICIPAL DE VILA FLOR SECRETARIA MUNICIPAL DE ADMINISTRA\u00c7\u00c3O EXTRATO DE CONTRATO N\u00b0 002\/2024 INEXIGIBILIDADE DE LICITA\u00c7\u00c3O N\u00b0 001\/2024 CONTRATO N\u00ba&#8230;&#8230;&#8230;..: 002\/2024 &nbsp; ORIGEM&#8230;&#8230;&#8230;&#8230;&#8230;&#8230;&#8230;: INEXIGIBILIDADE N\u00ba 001-2024 INEXIG &nbsp; CONTRATANTE&#8230;&#8230;..: PREFEITURA MUNICIPAL DE VILA FLOR &nbsp; CONTRATADA(O)&#8230;..: LOURIVAL JOSE DE FREITAS &nbsp; OBJETO&#8230;&#8230;&#8230;&#8230;&#8230;&#8230;&#8230;.: Loca\u00e7\u00e3o de um terreno situado a [&hellip;]<\/p>\n","protected":false},"author":1,"featured_media":0,"comment_status":"open","ping_status":"open","sticky":false,"template":"","format":"standard","meta":{"ocean_post_layout":"","ocean_both_sidebars_style":"","ocean_both_sidebars_content_width":0,"ocean_both_sidebars_sidebars_width":0,"ocean_sidebar":"0","ocean_second_sidebar":"0","ocean_disable_margins":"enable","ocean_add_body_class":"","ocean_shortcode_before_top_bar":"","ocean_shortcode_after_top_bar":"","ocean_shortcode_before_header":"","ocean_shortcode_after_header":"","ocean_has_shortcode":"","ocean_shortcode_after_title":"","ocean_shortcode_before_footer_widgets":"","ocean_shortcode_after_footer_widgets":"","ocean_shortcode_before_footer_bottom":"","ocean_shortcode_after_footer_bottom":"","ocean_display_top_bar":"default","ocean_display_header":"default","ocean_header_style":"","ocean_center_header_left_menu":"0","ocean_custom_header_template":"0","ocean_custom_logo":0,"ocean_custom_retina_logo":0,"ocean_custom_logo_max_width":0,"ocean_custom_logo_tablet_max_width":0,"ocean_custom_logo_mobile_max_width":0,"ocean_custom_logo_max_height":0,"ocean_custom_logo_tablet_max_height":0,"ocean_custom_logo_mobile_max_height":0,"ocean_header_custom_menu":"0","ocean_menu_typo_font_family":"0","ocean_menu_typo_font_subset":"","ocean_menu_typo_font_size":0,"ocean_menu_typo_font_size_tablet":0,"ocean_menu_typo_font_size_mobile":0,"ocean_menu_typo_font_size_unit":"px","ocean_menu_typo_font_weight":"","ocean_menu_typo_font_weight_tablet":"","ocean_menu_typo_font_weight_mobile":"","ocean_menu_typo_transform":"","ocean_menu_typo_transform_tablet":"","ocean_menu_typo_transform_mobile":"","ocean_menu_typo_line_height":0,"ocean_menu_typo_line_height_tablet":0,"ocean_menu_typo_line_height_mobile":0,"ocean_menu_typo_line_height_unit":"","ocean_menu_typo_spacing":0,"ocean_menu_typo_spacing_tablet":0,"ocean_menu_typo_spacing_mobile":0,"ocean_menu_typo_spacing_unit":"","ocean_menu_link_color":"","ocean_menu_link_color_hover":"","ocean_menu_link_color_active":"","ocean_menu_link_background":"","ocean_menu_link_hover_background":"","ocean_menu_link_active_background":"","ocean_menu_social_links_bg":"","ocean_menu_social_hover_links_bg":"","ocean_menu_social_links_color":"","ocean_menu_social_hover_links_color":"","ocean_disable_title":"default","ocean_disable_heading":"default","ocean_post_title":"","ocean_post_subheading":"","ocean_post_title_style":"","ocean_post_title_background_color":"","ocean_post_title_background":0,"ocean_post_title_bg_image_position":"","ocean_post_title_bg_image_attachment":"","ocean_post_title_bg_image_repeat":"","ocean_post_title_bg_image_size":"","ocean_post_title_height":0,"ocean_post_title_bg_overlay":0.5,"ocean_post_title_bg_overlay_color":"","ocean_disable_breadcrumbs":"default","ocean_breadcrumbs_color":"","ocean_breadcrumbs_separator_color":"","ocean_breadcrumbs_links_color":"","ocean_breadcrumbs_links_hover_color":"","ocean_display_footer_widgets":"default","ocean_display_footer_bottom":"default","ocean_custom_footer_template":"0","ocean_post_oembed":"","ocean_post_self_hosted_media":"","ocean_post_video_embed":"","ocean_link_format":"","ocean_link_format_target":"self","ocean_quote_format":"","ocean_quote_format_link":"post","ocean_gallery_link_images":"on","ocean_gallery_id":[],"footnotes":""},"categories":[58,60],"tags":[],"class_list":["post-3042","post","type-post","status-publish","format-standard","hentry","category-contratos","category-contratos-2024","entry"],"_links":{"self":[{"href":"https:\/\/vilaflor.rn.gov.br\/transparencia\/wp-json\/wp\/v2\/posts\/3042","targetHints":{"allow":["GET"]}}],"collection":[{"href":"https:\/\/vilaflor.rn.gov.br\/transparencia\/wp-json\/wp\/v2\/posts"}],"about":[{"href":"https:\/\/vilaflor.rn.gov.br\/transparencia\/wp-json\/wp\/v2\/types\/post"}],"author":[{"embeddable":true,"href":"https:\/\/vilaflor.rn.gov.br\/transparencia\/wp-json\/wp\/v2\/users\/1"}],"replies":[{"embeddable":true,"href":"https:\/\/vilaflor.rn.gov.br\/transparencia\/wp-json\/wp\/v2\/comments?post=3042"}],"version-history":[{"count":1,"href":"https:\/\/vilaflor.rn.gov.br\/transparencia\/wp-json\/wp\/v2\/posts\/3042\/revisions"}],"predecessor-version":[{"id":3043,"href":"https:\/\/vilaflor.rn.gov.br\/transparencia\/wp-json\/wp\/v2\/posts\/3042\/revisions\/3043"}],"wp:attachment":[{"href":"https:\/\/vilaflor.rn.gov.br\/transparencia\/wp-json\/wp\/v2\/media?parent=3042"}],"wp:term":[{"taxonomy":"category","embeddable":true,"href":"https:\/\/vilaflor.rn.gov.br\/transparencia\/wp-json\/wp\/v2\/categories?post=3042"},{"taxonomy":"post_tag","embeddable":true,"href":"https:\/\/vilaflor.rn.gov.br\/transparencia\/wp-json\/wp\/v2\/tags?post=3042"}],"curies":[{"name":"wp","href":"https:\/\/api.w.org\/{rel}","templated":true}]}}