{"id":3001,"date":"2025-05-03T20:07:43","date_gmt":"2025-05-03T23:07:43","guid":{"rendered":"https:\/\/vilaflor.rn.gov.br\/transparencia\/?p=3001"},"modified":"2025-08-13T20:08:15","modified_gmt":"2025-08-13T23:08:15","slug":"terceiro-termo-aditivo-ao-contrato-no-003-2022","status":"publish","type":"post","link":"https:\/\/vilaflor.rn.gov.br\/transparencia\/terceiro-termo-aditivo-ao-contrato-no-003-2022\/","title":{"rendered":"TERCEIRO TERMO ADITIVO AO CONTRATO N\u00ba 003\/2022"},"content":{"rendered":"<section id=\"container\" class=\"tipos-materias\">\n<section id=\"content\" class=\"tipos-materias\">\n<section id=\"conteudo-materia\">\n<article>\n<div id=\"separador\" class=\"cabecalhoEstadoSeparador cabecalhoEstadoSeparador1\">\n<p><strong>ESTADO DO RIO GRANDE DO NORTE<\/strong><br \/>\n<strong>PREFEITURA MUNICIPAL DE VILA FLOR<\/strong><\/p>\n<\/div>\n<p id=\"cabecaorgao\" class=\"cabecaorgao\">\n<div id=\"materia\" class=\"materia materia20091123 materia1\">\n<p><strong>SECRETARIA MUNICIPAL DE ADMINISTRA\u00c7\u00c3O<\/strong><br \/>\n<strong>TERCEIRO TERMO ADITIVO AO CONTRATO N\u00ba 003\/2022<\/strong><\/p>\n<p>A PREFEITURA MUNICIPAL DE VILA FLOR, inscrito(a) no CNPJ sob o n\u00ba 08.169.278\/0001-07, com sede na RUA JOSE CALAZANS, 69, representado por THUANNE KARLA CARVALHO DE SOUZA, PREFEITA MUNICIPAL, doravante denominado(a) CONTRATANTE, e a detentora \u00e9 a empresa JUANGELA MARINHO DE CARVALHO 02817067436, CNPJ\/MF: 36.091.294\/0001-51, j\u00e1 qualificados no contrato inicial, determinaram por meio deste, alterar o referido contrato, consubstanciado nas seguintes cl\u00e1usulas:<\/p>\n<p>&nbsp;<\/p>\n<p><b>CL\u00c1USULA PRIMEIRA &#8211; DO OBJETO<\/b><\/p>\n<p>O presente Termo Aditivo objetiva a prorroga\u00e7\u00e3o do prazo de vig\u00eancia do contrato pelo per\u00edodo de 12 (doze) meses at\u00e9 02 de maio de 2026, nos termo do art. 57, inciso II, da Lei Federal n\u00ba 8.666\/93.<\/p>\n<p>&nbsp;<\/p>\n<p><b>CL\u00c1USULA SEGUNDA &#8211; DA DOTA\u00c7\u00c3O OR\u00c7AMENT\u00c1RIA<\/b><\/p>\n<p>A despesa decorrente da presente altera\u00e7\u00e3o correr\u00e1 \u00e0 conta da seguinte Dota\u00e7\u00e3o Or\u00e7ament\u00e1ria: Exerc\u00edcio 2025<\/p>\n<p>\u00d3rg\u00e3o requisitante: 07.001 \u2013 Secretaria Municipal de Educa\u00e7\u00e3o<\/p>\n<p>11.002 \u2013 Fundo Municipal de Assist\u00eancia Social<\/p>\n<p>&nbsp;<\/p>\n<p>Projeto\/Atividade: 2.017 \u2013 Manuten\u00e7\u00e3o das A\u00e7\u00f5es da Secretaria Municipal de Educa\u00e7\u00e3o<\/p>\n<p>2.095 \u2013 Manuten\u00e7\u00e3o do Fundo Municipal de Assist\u00eancia Social \u2013 FMAS<\/p>\n<p>&nbsp;<\/p>\n<p>Classifica\u00e7\u00e3o Econ\u00f4mica: 3.3.90.39.00 \u2013 Outros Servi\u00e7os de Terceiros \u2013 Pessoa Jur\u00eddica<\/p>\n<p>&nbsp;<\/p>\n<p>Fonte de Recurso: 1500100100 \u2013 Recurso de Impostos e Transfer\u00eancia \u2013 Educa\u00e7\u00e3o<\/p>\n<p>1500000000 \u2013 Recurso n\u00e3o vinculado de Impostos<\/p>\n<p>&nbsp;<\/p>\n<p><b>CL\u00c1USULA TERCEIRA &#8211; DO PRAZO DE VIG\u00caNCIA<\/b><\/p>\n<p>O presente Termo Aditivo entra em vigor a partir da data de sua publica\u00e7\u00e3o at\u00e9 o dia 02 de maio de 2026.<\/p>\n<p><b>CL\u00c1USULA QUARTA &#8211; DA RATIFICA\u00c7\u00c3O<\/b><\/p>\n<p>Permanecem inalteradas as demais cl\u00e1usulas do Contrato a que se refere o presente Termo Aditivo.<\/p>\n<p>E por estarem justos e contratados, firmam o presente aditivo, em 3 (tr\u00eas) vias de igual teor e forma, para que surtam os seus efeitos legais.<\/p>\n<p>&nbsp;<\/p>\n<p>Vila Flor\/RN, em 03 de maio de 2025.<\/p>\n<p>&nbsp;<\/p>\n<p>&nbsp;<\/p>\n<p><b><i>PREFEITURA MUNICIPAL DE VILA FLOR<\/i><\/b><\/p>\n<p><b><i> <\/i><\/b>&nbsp;<\/p>\n<p>CNPJ(MF) 08.169.278\/0001-07<\/p>\n<p>Contratante<\/p>\n<p>&nbsp;<\/p>\n<p>&nbsp;<\/p>\n<p><b><i>JUANGELA MARINHO DE CARVALHO 02817067436<\/i><\/b><\/p>\n<p><b><i> <\/i><\/b>&nbsp;<\/p>\n<p>CNPJ\/MF: 36.091.294\/0001-51<\/p>\n<p>Contratada<\/p>\n<div align=\"right\">\n<b>Publicado por:<\/b><br \/>\nGrinaldo Joaquim de Souza<br \/>\n<b>C\u00f3digo Identificador:<\/b>793275F2<\/div>\n<p>&nbsp;<\/p>\n<hr \/>\n<p>Mat\u00e9ria publicada no Di\u00e1rio Oficial dos Munic\u00edpios do Estado do Rio Grande do Norte no dia 23\/05\/2025. Edi\u00e7\u00e3o 3543<br \/>\nA verifica\u00e7\u00e3o de autenticidade da mat\u00e9ria pode ser feita informando o c\u00f3digo identificador no site:<br \/>\nhttps:\/\/www.diariomunicipal.com.br\/femurn\/&nbsp;<\/p>\n<\/div>\n<\/article>\n<\/section>\n<\/section>\n<\/section>\n<div class=\"pdfprnt-buttons pdfprnt-buttons-post pdfprnt-bottom-right\"><a href=\"https:\/\/vilaflor.rn.gov.br\/transparencia\/wp-json\/wp\/v2\/posts\/3001?print=pdf\" class=\"pdfprnt-button pdfprnt-button-pdf\" target=\"_blank\"><img decoding=\"async\" src=\"https:\/\/vilaflor.rn.gov.br\/transparencia\/wp-content\/plugins\/pdf-print\/images\/pdf.png\" alt=\"image_pdf\" title=\"Baixar PDF\" \/><\/a><a href=\"https:\/\/vilaflor.rn.gov.br\/transparencia\/wp-json\/wp\/v2\/posts\/3001?print=print\" class=\"pdfprnt-button pdfprnt-button-print\" target=\"_blank\"><img decoding=\"async\" src=\"https:\/\/vilaflor.rn.gov.br\/transparencia\/wp-content\/plugins\/pdf-print\/images\/print.png\" alt=\"image_print\" title=\"Conte\u00fado de impress\u00e3o\" \/><\/a><\/div>","protected":false},"excerpt":{"rendered":"<p>ESTADO DO RIO GRANDE DO NORTE PREFEITURA MUNICIPAL DE VILA FLOR SECRETARIA MUNICIPAL DE ADMINISTRA\u00c7\u00c3O TERCEIRO TERMO ADITIVO AO CONTRATO N\u00ba 003\/2022 A PREFEITURA MUNICIPAL DE VILA FLOR, inscrito(a) no CNPJ sob o n\u00ba 08.169.278\/0001-07, com sede na RUA JOSE CALAZANS, 69, representado por THUANNE KARLA CARVALHO DE SOUZA, PREFEITA MUNICIPAL, doravante denominado(a) CONTRATANTE, e [&hellip;]<\/p>\n","protected":false},"author":1,"featured_media":0,"comment_status":"open","ping_status":"open","sticky":false,"template":"","format":"standard","meta":{"ocean_post_layout":"","ocean_both_sidebars_style":"","ocean_both_sidebars_content_width":0,"ocean_both_sidebars_sidebars_width":0,"ocean_sidebar":"0","ocean_second_sidebar":"0","ocean_disable_margins":"enable","ocean_add_body_class":"","ocean_shortcode_before_top_bar":"","ocean_shortcode_after_top_bar":"","ocean_shortcode_before_header":"","ocean_shortcode_after_header":"","ocean_has_shortcode":"","ocean_shortcode_after_title":"","ocean_shortcode_before_footer_widgets":"","ocean_shortcode_after_footer_widgets":"","ocean_shortcode_before_footer_bottom":"","ocean_shortcode_after_footer_bottom":"","ocean_display_top_bar":"default","ocean_display_header":"default","ocean_header_style":"","ocean_center_header_left_menu":"0","ocean_custom_header_template":"0","ocean_custom_logo":0,"ocean_custom_retina_logo":0,"ocean_custom_logo_max_width":0,"ocean_custom_logo_tablet_max_width":0,"ocean_custom_logo_mobile_max_width":0,"ocean_custom_logo_max_height":0,"ocean_custom_logo_tablet_max_height":0,"ocean_custom_logo_mobile_max_height":0,"ocean_header_custom_menu":"0","ocean_menu_typo_font_family":"0","ocean_menu_typo_font_subset":"","ocean_menu_typo_font_size":0,"ocean_menu_typo_font_size_tablet":0,"ocean_menu_typo_font_size_mobile":0,"ocean_menu_typo_font_size_unit":"px","ocean_menu_typo_font_weight":"","ocean_menu_typo_font_weight_tablet":"","ocean_menu_typo_font_weight_mobile":"","ocean_menu_typo_transform":"","ocean_menu_typo_transform_tablet":"","ocean_menu_typo_transform_mobile":"","ocean_menu_typo_line_height":0,"ocean_menu_typo_line_height_tablet":0,"ocean_menu_typo_line_height_mobile":0,"ocean_menu_typo_line_height_unit":"","ocean_menu_typo_spacing":0,"ocean_menu_typo_spacing_tablet":0,"ocean_menu_typo_spacing_mobile":0,"ocean_menu_typo_spacing_unit":"","ocean_menu_link_color":"","ocean_menu_link_color_hover":"","ocean_menu_link_color_active":"","ocean_menu_link_background":"","ocean_menu_link_hover_background":"","ocean_menu_link_active_background":"","ocean_menu_social_links_bg":"","ocean_menu_social_hover_links_bg":"","ocean_menu_social_links_color":"","ocean_menu_social_hover_links_color":"","ocean_disable_title":"default","ocean_disable_heading":"default","ocean_post_title":"","ocean_post_subheading":"","ocean_post_title_style":"","ocean_post_title_background_color":"","ocean_post_title_background":0,"ocean_post_title_bg_image_position":"","ocean_post_title_bg_image_attachment":"","ocean_post_title_bg_image_repeat":"","ocean_post_title_bg_image_size":"","ocean_post_title_height":0,"ocean_post_title_bg_overlay":0.5,"ocean_post_title_bg_overlay_color":"","ocean_disable_breadcrumbs":"default","ocean_breadcrumbs_color":"","ocean_breadcrumbs_separator_color":"","ocean_breadcrumbs_links_color":"","ocean_breadcrumbs_links_hover_color":"","ocean_display_footer_widgets":"default","ocean_display_footer_bottom":"default","ocean_custom_footer_template":"0","ocean_post_oembed":"","ocean_post_self_hosted_media":"","ocean_post_video_embed":"","ocean_link_format":"","ocean_link_format_target":"self","ocean_quote_format":"","ocean_quote_format_link":"post","ocean_gallery_link_images":"on","ocean_gallery_id":[],"footnotes":""},"categories":[58,59],"tags":[],"class_list":["post-3001","post","type-post","status-publish","format-standard","hentry","category-contratos","category-contratos-2025","entry"],"_links":{"self":[{"href":"https:\/\/vilaflor.rn.gov.br\/transparencia\/wp-json\/wp\/v2\/posts\/3001","targetHints":{"allow":["GET"]}}],"collection":[{"href":"https:\/\/vilaflor.rn.gov.br\/transparencia\/wp-json\/wp\/v2\/posts"}],"about":[{"href":"https:\/\/vilaflor.rn.gov.br\/transparencia\/wp-json\/wp\/v2\/types\/post"}],"author":[{"embeddable":true,"href":"https:\/\/vilaflor.rn.gov.br\/transparencia\/wp-json\/wp\/v2\/users\/1"}],"replies":[{"embeddable":true,"href":"https:\/\/vilaflor.rn.gov.br\/transparencia\/wp-json\/wp\/v2\/comments?post=3001"}],"version-history":[{"count":1,"href":"https:\/\/vilaflor.rn.gov.br\/transparencia\/wp-json\/wp\/v2\/posts\/3001\/revisions"}],"predecessor-version":[{"id":3002,"href":"https:\/\/vilaflor.rn.gov.br\/transparencia\/wp-json\/wp\/v2\/posts\/3001\/revisions\/3002"}],"wp:attachment":[{"href":"https:\/\/vilaflor.rn.gov.br\/transparencia\/wp-json\/wp\/v2\/media?parent=3001"}],"wp:term":[{"taxonomy":"category","embeddable":true,"href":"https:\/\/vilaflor.rn.gov.br\/transparencia\/wp-json\/wp\/v2\/categories?post=3001"},{"taxonomy":"post_tag","embeddable":true,"href":"https:\/\/vilaflor.rn.gov.br\/transparencia\/wp-json\/wp\/v2\/tags?post=3001"}],"curies":[{"name":"wp","href":"https:\/\/api.w.org\/{rel}","templated":true}]}}