{"id":2979,"date":"2025-03-28T19:57:40","date_gmt":"2025-03-28T22:57:40","guid":{"rendered":"https:\/\/vilaflor.rn.gov.br\/transparencia\/?p=2979"},"modified":"2025-08-13T19:59:01","modified_gmt":"2025-08-13T22:59:01","slug":"quarto-termo-aditivo-ao-contrato-no-013-2022-tomada-de-precos-n-002-2021","status":"publish","type":"post","link":"https:\/\/vilaflor.rn.gov.br\/transparencia\/quarto-termo-aditivo-ao-contrato-no-013-2022-tomada-de-precos-n-002-2021\/","title":{"rendered":"QUARTO TERMO ADITIVO AO CONTRATO N\u00ba 013\/2022 TOMADA DE PRE\u00c7OS N\u00b0 002\/2021"},"content":{"rendered":"<section id=\"container\" class=\"tipos-materias\">\n<section id=\"content\" class=\"tipos-materias\">\n<section id=\"conteudo-materia\">\n<article>\n<div id=\"separador\" class=\"cabecalhoEstadoSeparador cabecalhoEstadoSeparador1\">\n<p><strong>ESTADO DO RIO GRANDE DO NORTE<\/strong><br \/>\n<strong>PREFEITURA MUNICIPAL DE VILA FLOR<\/strong><\/p>\n<\/div>\n<p id=\"cabecaorgao\" class=\"cabecaorgao\">\n<div id=\"materia\" class=\"materia materia20091123 materia1\">\n<p><strong>SECRETARIA MUNICIPAL DE ADMINISTRA\u00c7\u00c3O<\/strong><br \/>\n<strong>QUARTO TERMO ADITIVO AO CONTRATO N\u00ba 013\/2022 TOMADA DE PRE\u00c7OS N\u00b0 002\/2021<\/strong><\/p>\n<div class=\"mat\">A PREFEITURA MUNICIPAL DE VILA FLOR, inscrito(a) no CNPJ sob o n\u00ba 08.169.278\/0001-07, com sede na RUA JOSE CALAZANS, 69, representado por THUANNE KARLA CARVALHO DE SOUZA, PREFEITA MUNICIPAL, doravante denominado(a) CONTRATANTE, e a detentora \u00e9 a empresa GLOBALTHEC INDUSTRIA COMERCIO E SERVICOS LTDA, CNPJ\/MF: 70.323.134\/0001-29, situada a Rua Santa Clara, 340, Felipe Camar\u00e3o, Natal\/RN, CEP 59.072-470 j\u00e1 qualificados no contrato inicial, determinaram por meio deste, alterar o referido contrato, consubstanciado nas seguintes cl\u00e1usulas:<\/div>\n<p><b>CL\u00c1USULA PRIMEIRA &#8211; DO OBJETO<\/b><\/p>\n<p><b>1. CL\u00c1USULA PRIMEIRA \u2013 OBJETO<\/b><\/p>\n<p>1.1. O objeto do presente instrumento \u00e9:<\/p>\n<p>1.1.1. PRORROGAR o prazo da vig\u00eancia do Contrato n\u00ba 013\/2022, por 6 (seis) meses, contemplando-se, nesta ocasi\u00e3o, o per\u00edodo de 29 de mar\u00e7o de 2025 a 28\/09\/2025, nos termos do art. 57, (II ou IV), da Lei n.\u00ba 8.666, de 1993.<\/p>\n<p>CL\u00c1USULA SEGUNDA \u2013 PRE\u00c7O<\/p>\n<p>O valor mensal da contrata\u00e7\u00e3o \u00e9 de R$ 80.548,21 (Oitenta mil, quinhentos e quarenta e oito reais e vinte e um centavos), perfazendo o valor total de R$ 483.289,26 (Quatrocentos e oitenta e tr\u00eas mil, duzentos e oitenta e nove reais e vinte e seis centavos)<\/p>\n<p><i>O valor acima \u00e9 meramente estimativo, de forma que os pagamentos devidos \u00e0 CONTRATADA depender\u00e3o dos quantitativos de servi\u00e7os efetivamente prestados.<\/i><\/p>\n<p><b>CL\u00c1USULA SEGUNDA &#8211; DA DOTA\u00c7\u00c3O OR\u00c7AMENT\u00c1RIA<\/b><\/p>\n<p>&nbsp;<\/p>\n<p>A despesa decorrente da presente altera\u00e7\u00e3o correr\u00e1 \u00e0 conta da seguinte Dota\u00e7\u00e3o Or\u00e7ament\u00e1ria: Exerc\u00edcio 2025<\/p>\n<p>\u00d3rg\u00e3o requisitante: 12.001 \u2013 Secretaria Municipal de Servi\u00e7os Urbanos<\/p>\n<p>Projeto\/Atividade: 2.100 \u2013 Manuten\u00e7\u00e3o das A\u00e7\u00f5es da Secretaria Municipal de Servi\u00e7os Urbanos<\/p>\n<p>Classifica\u00e7\u00e3o Econ\u00f4mica: 3.3.90.39.00 \u2013 Outros Servi\u00e7os de Terceiros \u2013 Pessoa Jur\u00eddica<\/p>\n<p>Fonte de Recurso: 1500000000 \u2013 Recurso n\u00e3o vinculado de Impostos<\/p>\n<p>&nbsp;<\/p>\n<p><b>CL\u00c1USULA SEXTA \u2013 RATIFICA\u00c7\u00c3O<\/b><\/p>\n<p>Ficam mantidas as demais cl\u00e1usulas e condi\u00e7\u00f5es do contrato origin\u00e1rio, naquilo que n\u00e3o contrariem o presente termo aditivo.<\/p>\n<p>&nbsp;<\/p>\n<p><b>CL\u00c1USULA S\u00c9TIMA \u2013 PUBLICA\u00c7\u00c3O<\/b><\/p>\n<p>Incumbir\u00e1 \u00e0 CONTRATANTE providenciar a publica\u00e7\u00e3o deste instrumento, por extrato, no Di\u00e1rio Oficial dos Munic\u00edpios, de acordo com o prescrito no artigo 61, par\u00e1grafo \u00fanico, da Lei n\u00ba 8.666, de 1993<\/p>\n<p>&nbsp;<\/p>\n<p>Para firmeza e validade do pactuado, o presente termo aditivo vai eletronicamente pelos contraentes, depois de lido e achado em ordem, e por duas testemunhas.<\/p>\n<p>&nbsp;<\/p>\n<p>Vila Flor\/RN, em 28 de mar\u00e7o de 2025.<\/p>\n<p>&nbsp;<\/p>\n<p>&nbsp;<\/p>\n<p><b><i>PREFEITURA MUNICIPAL DE VILA FLOR<\/i><\/b><\/p>\n<p><b><i> <\/i><\/b>&nbsp;<\/p>\n<p>CNPJ(MF) 08.169.278\/0001-07<\/p>\n<p>Contratante<\/p>\n<p>&nbsp;<\/p>\n<p>&nbsp;<\/p>\n<p><b><i>GLOBALTHEC INDUSTRIA COMERCIO E SERVICOS LTDA<\/i><\/b><\/p>\n<p><b><i> <\/i><\/b>&nbsp;<\/p>\n<p>CNPJ\/MF: 70.323.134\/0001-29<\/p>\n<p>Contratada<\/p>\n<div align=\"right\">\n<b>Publicado por:<\/b><br \/>\nGrinaldo Joaquim de Souza<br \/>\n<b>C\u00f3digo Identificador:<\/b>5D8C21C1<\/div>\n<p>&nbsp;<\/p>\n<hr \/>\n<p>Mat\u00e9ria publicada no Di\u00e1rio Oficial dos Munic\u00edpios do Estado do Rio Grande do Norte no dia 04\/04\/2025. Edi\u00e7\u00e3o 3511<br \/>\nA verifica\u00e7\u00e3o de autenticidade da mat\u00e9ria pode ser feita informando o c\u00f3digo identificador no site:<br \/>\nhttps:\/\/www.diariomunicipal.com.br\/femurn\/&nbsp;<\/p>\n<\/div>\n<\/article>\n<\/section>\n<\/section>\n<\/section>\n<div class=\"pdfprnt-buttons pdfprnt-buttons-post pdfprnt-bottom-right\"><a href=\"https:\/\/vilaflor.rn.gov.br\/transparencia\/wp-json\/wp\/v2\/posts\/2979?print=pdf\" class=\"pdfprnt-button pdfprnt-button-pdf\" target=\"_blank\"><img decoding=\"async\" src=\"https:\/\/vilaflor.rn.gov.br\/transparencia\/wp-content\/plugins\/pdf-print\/images\/pdf.png\" alt=\"image_pdf\" title=\"Baixar PDF\" \/><\/a><a href=\"https:\/\/vilaflor.rn.gov.br\/transparencia\/wp-json\/wp\/v2\/posts\/2979?print=print\" class=\"pdfprnt-button pdfprnt-button-print\" target=\"_blank\"><img decoding=\"async\" src=\"https:\/\/vilaflor.rn.gov.br\/transparencia\/wp-content\/plugins\/pdf-print\/images\/print.png\" alt=\"image_print\" title=\"Conte\u00fado de impress\u00e3o\" \/><\/a><\/div>","protected":false},"excerpt":{"rendered":"<p>ESTADO DO RIO GRANDE DO NORTE PREFEITURA MUNICIPAL DE VILA FLOR SECRETARIA MUNICIPAL DE ADMINISTRA\u00c7\u00c3O QUARTO TERMO ADITIVO AO CONTRATO N\u00ba 013\/2022 TOMADA DE PRE\u00c7OS N\u00b0 002\/2021 A PREFEITURA MUNICIPAL DE VILA FLOR, inscrito(a) no CNPJ sob o n\u00ba 08.169.278\/0001-07, com sede na RUA JOSE CALAZANS, 69, representado por THUANNE KARLA CARVALHO DE SOUZA, PREFEITA [&hellip;]<\/p>\n","protected":false},"author":1,"featured_media":0,"comment_status":"open","ping_status":"open","sticky":false,"template":"","format":"standard","meta":{"ocean_post_layout":"","ocean_both_sidebars_style":"","ocean_both_sidebars_content_width":0,"ocean_both_sidebars_sidebars_width":0,"ocean_sidebar":"0","ocean_second_sidebar":"0","ocean_disable_margins":"enable","ocean_add_body_class":"","ocean_shortcode_before_top_bar":"","ocean_shortcode_after_top_bar":"","ocean_shortcode_before_header":"","ocean_shortcode_after_header":"","ocean_has_shortcode":"","ocean_shortcode_after_title":"","ocean_shortcode_before_footer_widgets":"","ocean_shortcode_after_footer_widgets":"","ocean_shortcode_before_footer_bottom":"","ocean_shortcode_after_footer_bottom":"","ocean_display_top_bar":"default","ocean_display_header":"default","ocean_header_style":"","ocean_center_header_left_menu":"0","ocean_custom_header_template":"0","ocean_custom_logo":0,"ocean_custom_retina_logo":0,"ocean_custom_logo_max_width":0,"ocean_custom_logo_tablet_max_width":0,"ocean_custom_logo_mobile_max_width":0,"ocean_custom_logo_max_height":0,"ocean_custom_logo_tablet_max_height":0,"ocean_custom_logo_mobile_max_height":0,"ocean_header_custom_menu":"0","ocean_menu_typo_font_family":"0","ocean_menu_typo_font_subset":"","ocean_menu_typo_font_size":0,"ocean_menu_typo_font_size_tablet":0,"ocean_menu_typo_font_size_mobile":0,"ocean_menu_typo_font_size_unit":"px","ocean_menu_typo_font_weight":"","ocean_menu_typo_font_weight_tablet":"","ocean_menu_typo_font_weight_mobile":"","ocean_menu_typo_transform":"","ocean_menu_typo_transform_tablet":"","ocean_menu_typo_transform_mobile":"","ocean_menu_typo_line_height":0,"ocean_menu_typo_line_height_tablet":0,"ocean_menu_typo_line_height_mobile":0,"ocean_menu_typo_line_height_unit":"","ocean_menu_typo_spacing":0,"ocean_menu_typo_spacing_tablet":0,"ocean_menu_typo_spacing_mobile":0,"ocean_menu_typo_spacing_unit":"","ocean_menu_link_color":"","ocean_menu_link_color_hover":"","ocean_menu_link_color_active":"","ocean_menu_link_background":"","ocean_menu_link_hover_background":"","ocean_menu_link_active_background":"","ocean_menu_social_links_bg":"","ocean_menu_social_hover_links_bg":"","ocean_menu_social_links_color":"","ocean_menu_social_hover_links_color":"","ocean_disable_title":"default","ocean_disable_heading":"default","ocean_post_title":"","ocean_post_subheading":"","ocean_post_title_style":"","ocean_post_title_background_color":"","ocean_post_title_background":0,"ocean_post_title_bg_image_position":"","ocean_post_title_bg_image_attachment":"","ocean_post_title_bg_image_repeat":"","ocean_post_title_bg_image_size":"","ocean_post_title_height":0,"ocean_post_title_bg_overlay":0.5,"ocean_post_title_bg_overlay_color":"","ocean_disable_breadcrumbs":"default","ocean_breadcrumbs_color":"","ocean_breadcrumbs_separator_color":"","ocean_breadcrumbs_links_color":"","ocean_breadcrumbs_links_hover_color":"","ocean_display_footer_widgets":"default","ocean_display_footer_bottom":"default","ocean_custom_footer_template":"0","ocean_post_oembed":"","ocean_post_self_hosted_media":"","ocean_post_video_embed":"","ocean_link_format":"","ocean_link_format_target":"self","ocean_quote_format":"","ocean_quote_format_link":"post","ocean_gallery_link_images":"on","ocean_gallery_id":[],"footnotes":""},"categories":[58,59],"tags":[],"class_list":["post-2979","post","type-post","status-publish","format-standard","hentry","category-contratos","category-contratos-2025","entry"],"_links":{"self":[{"href":"https:\/\/vilaflor.rn.gov.br\/transparencia\/wp-json\/wp\/v2\/posts\/2979","targetHints":{"allow":["GET"]}}],"collection":[{"href":"https:\/\/vilaflor.rn.gov.br\/transparencia\/wp-json\/wp\/v2\/posts"}],"about":[{"href":"https:\/\/vilaflor.rn.gov.br\/transparencia\/wp-json\/wp\/v2\/types\/post"}],"author":[{"embeddable":true,"href":"https:\/\/vilaflor.rn.gov.br\/transparencia\/wp-json\/wp\/v2\/users\/1"}],"replies":[{"embeddable":true,"href":"https:\/\/vilaflor.rn.gov.br\/transparencia\/wp-json\/wp\/v2\/comments?post=2979"}],"version-history":[{"count":1,"href":"https:\/\/vilaflor.rn.gov.br\/transparencia\/wp-json\/wp\/v2\/posts\/2979\/revisions"}],"predecessor-version":[{"id":2980,"href":"https:\/\/vilaflor.rn.gov.br\/transparencia\/wp-json\/wp\/v2\/posts\/2979\/revisions\/2980"}],"wp:attachment":[{"href":"https:\/\/vilaflor.rn.gov.br\/transparencia\/wp-json\/wp\/v2\/media?parent=2979"}],"wp:term":[{"taxonomy":"category","embeddable":true,"href":"https:\/\/vilaflor.rn.gov.br\/transparencia\/wp-json\/wp\/v2\/categories?post=2979"},{"taxonomy":"post_tag","embeddable":true,"href":"https:\/\/vilaflor.rn.gov.br\/transparencia\/wp-json\/wp\/v2\/tags?post=2979"}],"curies":[{"name":"wp","href":"https:\/\/api.w.org\/{rel}","templated":true}]}}