{"id":2954,"date":"2025-02-26T19:47:42","date_gmt":"2025-02-26T22:47:42","guid":{"rendered":"https:\/\/vilaflor.rn.gov.br\/transparencia\/?p=2954"},"modified":"2025-08-13T19:48:11","modified_gmt":"2025-08-13T22:48:11","slug":"extrato-do-contrato-no-017-2025","status":"publish","type":"post","link":"https:\/\/vilaflor.rn.gov.br\/transparencia\/extrato-do-contrato-no-017-2025\/","title":{"rendered":"EXTRATO DO CONTRATO N\u00ba 017\/2025"},"content":{"rendered":"<section id=\"container\" class=\"tipos-materias\">\n<section id=\"content\" class=\"tipos-materias\">\n<section id=\"conteudo-materia\">\n<article>\n<div id=\"separador\" class=\"cabecalhoEstadoSeparador cabecalhoEstadoSeparador1\">\n<p><strong>ESTADO DO RIO GRANDE DO NORTE<\/strong><br \/>\n<strong>PREFEITURA MUNICIPAL DE VILA FLOR<\/strong><\/p>\n<\/div>\n<p id=\"cabecaorgao\" class=\"cabecaorgao\">\n<div id=\"materia\" class=\"materia materia20091123 materia1\">\n<p><strong>SECRETARIA MUNICIPAL DE ADMINISTRA\u00c7\u00c3O<\/strong><br \/>\n<strong>EXTRATO DO CONTRATO N\u00ba 017\/2025<\/strong><\/p>\n<div class=\"mat\"><b>ORIGEM: <\/b>PREG\u00c3O ELETR\u00d4NICO &#8211; SRP N\u00ba 002\/2025<\/div>\n<p>&nbsp;<\/p>\n<p><b>OBJETO: <\/b><b>LOCA\u00c7\u00c3O DE VE\u00cdCULOS AUTOMOTORES COM MANUTEN\u00c7\u00c3O, SEGURO E GUINCHO, COM QUILOMETRAGEM LIVRE, ATENDENDO A NECESSIDADE DA PREFEITURA MUNICIPAL DE VILA FLOR\/RN<\/b>, conforme especifica\u00e7\u00f5es e quantidades conditas no termo de refer\u00eancia.<\/p>\n<p>&nbsp;<\/p>\n<p><b>\u00d3RG\u00c3O GERENCIADOR: <\/b>PREFEITURA MUNICIPAL DE VILA FLOR\/RN, inscrita no CNPJ\/MF n\u00ba 08.169.278\/0001-07.<\/p>\n<p>&nbsp;<\/p>\n<p><b>PROMITENTE FORNECEDOR AUTOR DO MENOR PRE\u00c7O REGISTRADO:<\/b><\/p>\n<p>Empresa: <b>B K SERVICOS E LOCACOES EIRELI <\/b><b>\u2013 CNPJ: 24.201.524\/0001-09.<\/b><\/p>\n<p>&nbsp;<\/p>\n<p>Vencedora, no valor global de <b>R$ 393.688,00 (trezentos e noventa e tr\u00eas mil, seiscentos e oitenta e oito reais).<\/b><\/p>\n<p>&nbsp;<\/p>\n<p><b>VIG\u00caNCIA: <\/b>12 (doze) meses, a contar da data da sua assinatura.<\/p>\n<p>&nbsp;<\/p>\n<p><b>DATA DA ASSINATURA: <\/b>26 de fevereiro de 2025.<\/p>\n<p>&nbsp;<\/p>\n<p>Pela Contratante Prefeitura Municipal de Vila Flor\/RN &#8211; CNPJ\/MF n\u00ba 08.169.278\/0001-07<\/p>\n<p>&nbsp;<\/p>\n<p><b><i>THUANNE KARLA CARVALHO DE SOUZA<\/i><\/b><\/p>\n<p><b><i> <\/i><\/b>&nbsp;<\/p>\n<p>Prefeita Municipal<\/p>\n<p>&nbsp;<\/p>\n<p>Pela Contratada B K\u00a0Servicos e Locacoes\u00a0EIRELI \u2013 CNPJ: 24.201.524\/0001-09.<\/p>\n<p>Representante o<\/p>\n<p><b><i>SR. <\/i><\/b><b><i>BRUNO KELVIN FELIPE DO NESCIMENTO &#8211; <\/i><\/b><\/p>\n<p>CPF\/MF: 105.782.014-88.<\/p>\n<div align=\"right\">\n<b>Publicado por:<\/b><br \/>\nGrinaldo Joaquim de Souza<br \/>\n<b>C\u00f3digo Identificador:<\/b>5EC5571D<\/div>\n<p>&nbsp;<\/p>\n<hr \/>\n<p>Mat\u00e9ria publicada no Di\u00e1rio Oficial dos Munic\u00edpios do Estado do Rio Grande do Norte no dia 13\/03\/2025. Edi\u00e7\u00e3o 3495<br \/>\nA verifica\u00e7\u00e3o de autenticidade da mat\u00e9ria pode ser feita informando o c\u00f3digo identificador no site:<br \/>\nhttps:\/\/www.diariomunicipal.com.br\/femurn\/&nbsp;<\/p>\n<\/div>\n<\/article>\n<\/section>\n<\/section>\n<\/section>\n<div class=\"pdfprnt-buttons pdfprnt-buttons-post pdfprnt-bottom-right\"><a href=\"https:\/\/vilaflor.rn.gov.br\/transparencia\/wp-json\/wp\/v2\/posts\/2954?print=pdf\" class=\"pdfprnt-button pdfprnt-button-pdf\" target=\"_blank\"><img decoding=\"async\" src=\"https:\/\/vilaflor.rn.gov.br\/transparencia\/wp-content\/plugins\/pdf-print\/images\/pdf.png\" alt=\"image_pdf\" title=\"Baixar PDF\" \/><\/a><a href=\"https:\/\/vilaflor.rn.gov.br\/transparencia\/wp-json\/wp\/v2\/posts\/2954?print=print\" class=\"pdfprnt-button pdfprnt-button-print\" target=\"_blank\"><img decoding=\"async\" src=\"https:\/\/vilaflor.rn.gov.br\/transparencia\/wp-content\/plugins\/pdf-print\/images\/print.png\" alt=\"image_print\" title=\"Conte\u00fado de impress\u00e3o\" \/><\/a><\/div>","protected":false},"excerpt":{"rendered":"<p>ESTADO DO RIO GRANDE DO NORTE PREFEITURA MUNICIPAL DE VILA FLOR SECRETARIA MUNICIPAL DE ADMINISTRA\u00c7\u00c3O EXTRATO DO CONTRATO N\u00ba 017\/2025 ORIGEM: PREG\u00c3O ELETR\u00d4NICO &#8211; SRP N\u00ba 002\/2025 &nbsp; OBJETO: LOCA\u00c7\u00c3O DE VE\u00cdCULOS AUTOMOTORES COM MANUTEN\u00c7\u00c3O, SEGURO E GUINCHO, COM QUILOMETRAGEM LIVRE, ATENDENDO A NECESSIDADE DA PREFEITURA MUNICIPAL DE VILA FLOR\/RN, conforme especifica\u00e7\u00f5es e quantidades conditas [&hellip;]<\/p>\n","protected":false},"author":1,"featured_media":0,"comment_status":"open","ping_status":"open","sticky":false,"template":"","format":"standard","meta":{"ocean_post_layout":"","ocean_both_sidebars_style":"","ocean_both_sidebars_content_width":0,"ocean_both_sidebars_sidebars_width":0,"ocean_sidebar":"0","ocean_second_sidebar":"0","ocean_disable_margins":"enable","ocean_add_body_class":"","ocean_shortcode_before_top_bar":"","ocean_shortcode_after_top_bar":"","ocean_shortcode_before_header":"","ocean_shortcode_after_header":"","ocean_has_shortcode":"","ocean_shortcode_after_title":"","ocean_shortcode_before_footer_widgets":"","ocean_shortcode_after_footer_widgets":"","ocean_shortcode_before_footer_bottom":"","ocean_shortcode_after_footer_bottom":"","ocean_display_top_bar":"default","ocean_display_header":"default","ocean_header_style":"","ocean_center_header_left_menu":"0","ocean_custom_header_template":"0","ocean_custom_logo":0,"ocean_custom_retina_logo":0,"ocean_custom_logo_max_width":0,"ocean_custom_logo_tablet_max_width":0,"ocean_custom_logo_mobile_max_width":0,"ocean_custom_logo_max_height":0,"ocean_custom_logo_tablet_max_height":0,"ocean_custom_logo_mobile_max_height":0,"ocean_header_custom_menu":"0","ocean_menu_typo_font_family":"0","ocean_menu_typo_font_subset":"","ocean_menu_typo_font_size":0,"ocean_menu_typo_font_size_tablet":0,"ocean_menu_typo_font_size_mobile":0,"ocean_menu_typo_font_size_unit":"px","ocean_menu_typo_font_weight":"","ocean_menu_typo_font_weight_tablet":"","ocean_menu_typo_font_weight_mobile":"","ocean_menu_typo_transform":"","ocean_menu_typo_transform_tablet":"","ocean_menu_typo_transform_mobile":"","ocean_menu_typo_line_height":0,"ocean_menu_typo_line_height_tablet":0,"ocean_menu_typo_line_height_mobile":0,"ocean_menu_typo_line_height_unit":"","ocean_menu_typo_spacing":0,"ocean_menu_typo_spacing_tablet":0,"ocean_menu_typo_spacing_mobile":0,"ocean_menu_typo_spacing_unit":"","ocean_menu_link_color":"","ocean_menu_link_color_hover":"","ocean_menu_link_color_active":"","ocean_menu_link_background":"","ocean_menu_link_hover_background":"","ocean_menu_link_active_background":"","ocean_menu_social_links_bg":"","ocean_menu_social_hover_links_bg":"","ocean_menu_social_links_color":"","ocean_menu_social_hover_links_color":"","ocean_disable_title":"default","ocean_disable_heading":"default","ocean_post_title":"","ocean_post_subheading":"","ocean_post_title_style":"","ocean_post_title_background_color":"","ocean_post_title_background":0,"ocean_post_title_bg_image_position":"","ocean_post_title_bg_image_attachment":"","ocean_post_title_bg_image_repeat":"","ocean_post_title_bg_image_size":"","ocean_post_title_height":0,"ocean_post_title_bg_overlay":0.5,"ocean_post_title_bg_overlay_color":"","ocean_disable_breadcrumbs":"default","ocean_breadcrumbs_color":"","ocean_breadcrumbs_separator_color":"","ocean_breadcrumbs_links_color":"","ocean_breadcrumbs_links_hover_color":"","ocean_display_footer_widgets":"default","ocean_display_footer_bottom":"default","ocean_custom_footer_template":"0","ocean_post_oembed":"","ocean_post_self_hosted_media":"","ocean_post_video_embed":"","ocean_link_format":"","ocean_link_format_target":"self","ocean_quote_format":"","ocean_quote_format_link":"post","ocean_gallery_link_images":"on","ocean_gallery_id":[],"footnotes":""},"categories":[58,59],"tags":[],"class_list":["post-2954","post","type-post","status-publish","format-standard","hentry","category-contratos","category-contratos-2025","entry"],"_links":{"self":[{"href":"https:\/\/vilaflor.rn.gov.br\/transparencia\/wp-json\/wp\/v2\/posts\/2954","targetHints":{"allow":["GET"]}}],"collection":[{"href":"https:\/\/vilaflor.rn.gov.br\/transparencia\/wp-json\/wp\/v2\/posts"}],"about":[{"href":"https:\/\/vilaflor.rn.gov.br\/transparencia\/wp-json\/wp\/v2\/types\/post"}],"author":[{"embeddable":true,"href":"https:\/\/vilaflor.rn.gov.br\/transparencia\/wp-json\/wp\/v2\/users\/1"}],"replies":[{"embeddable":true,"href":"https:\/\/vilaflor.rn.gov.br\/transparencia\/wp-json\/wp\/v2\/comments?post=2954"}],"version-history":[{"count":1,"href":"https:\/\/vilaflor.rn.gov.br\/transparencia\/wp-json\/wp\/v2\/posts\/2954\/revisions"}],"predecessor-version":[{"id":2955,"href":"https:\/\/vilaflor.rn.gov.br\/transparencia\/wp-json\/wp\/v2\/posts\/2954\/revisions\/2955"}],"wp:attachment":[{"href":"https:\/\/vilaflor.rn.gov.br\/transparencia\/wp-json\/wp\/v2\/media?parent=2954"}],"wp:term":[{"taxonomy":"category","embeddable":true,"href":"https:\/\/vilaflor.rn.gov.br\/transparencia\/wp-json\/wp\/v2\/categories?post=2954"},{"taxonomy":"post_tag","embeddable":true,"href":"https:\/\/vilaflor.rn.gov.br\/transparencia\/wp-json\/wp\/v2\/tags?post=2954"}],"curies":[{"name":"wp","href":"https:\/\/api.w.org\/{rel}","templated":true}]}}