{"id":2942,"date":"2025-02-03T19:41:33","date_gmt":"2025-02-03T22:41:33","guid":{"rendered":"https:\/\/vilaflor.rn.gov.br\/transparencia\/?p=2942"},"modified":"2025-08-13T19:42:08","modified_gmt":"2025-08-13T22:42:08","slug":"termo-aditivo-ao-contrato-no-20220128","status":"publish","type":"post","link":"https:\/\/vilaflor.rn.gov.br\/transparencia\/termo-aditivo-ao-contrato-no-20220128\/","title":{"rendered":"TERMO ADITIVO AO CONTRATO N\u00ba 20220128"},"content":{"rendered":"<section id=\"container\" class=\"tipos-materias\">\n<section id=\"content\" class=\"tipos-materias\">\n<section id=\"conteudo-materia\">\n<article>\n<div id=\"separador\" class=\"cabecalhoEstadoSeparador cabecalhoEstadoSeparador1\">\n<p><strong>ESTADO DO RIO GRANDE DO NORTE<\/strong><br \/>\n<strong>PREFEITURA MUNICIPAL DE VILA FLOR<\/strong><\/p>\n<\/div>\n<p id=\"cabecaorgao\" class=\"cabecaorgao\">\n<div id=\"materia\" class=\"materia materia20091123 materia1\">\n<p><strong>SECRETARIA MUNICIPAL DE ADMINISTRA\u00c7\u00c3O<\/strong><br \/>\n<strong>TERMO ADITIVO AO CONTRATO N\u00ba 20220128<\/strong><\/p>\n<div class=\"mat\"><\/div>\n<p>Processo n\u00ba 17120001\/2022<\/p>\n<p>&nbsp;<\/p>\n<p>TERMO ADITIVO AO CONTRATO N\u00ba 20220128, QUE ENTRE SI FAZEM A PREFEITURA MUNICIPAL DE VILA FLOR\/RN, POR INTERM\u00c9DIO DA SECRETARIA MUNICIPAL DE ADMINISTRA\u00c7\u00c3O E A EMPRESA WALBER CESAR MELO DA ROCHA &#8211; ME COM O CNPJ SOB O N\u00b0 13.920.428\/0001-02<\/p>\n<p>&nbsp;<\/p>\n<p>A PREFEITURA MUNICIPAL DE VILA FLOR, inscrito(a) no CNPJ sob o n\u00ba 08.169.278\/0001-07, com sede na RUA JOSE CALAZANS, 69, representado por THUANNE KARLA CARVALHO DE SOUZA, PREFEITA MUNICIPAL, doravante denominado(a) CONTRATANTE, e a detentora \u00e9 a empresa WALBER CESAR MELO DA ROCHA &#8211; ME, CNPJ\/MF: 13.920.428\/0001-02, j\u00e1 qualificados no contrato inicial, determinaram por meio deste, alterar o referido contrato<i>, <\/i>tendo em vista o que consta no Processo n\u00ba 17120001\/2022 e em observ\u00e2ncia do disposto no Par\u00e1grafo \u00danico, do artigo 38, da Lei n\u00ba 8.666, de 21 de Junho de 1993, e autorizado por despacho do Prefeito Municipal, em conformidade com o disposto no artigo 61 da Lei n\u00ba 8.666\/93, e demais legisla\u00e7\u00e3o aplic\u00e1vel, resolvem celebrar o presente Termo aditivo de acr\u00e9scimo de altera\u00e7\u00e3o contratual, mediante as cl\u00e1usulas e condi\u00e7\u00f5es a seguir enunciadas.<\/p>\n<p><b>CL\u00c1USULA PRIMEIRA \u2013 OBJETO (art. 65, I, al\u00ednea \u201ca\u201d c\/c \u00a71\u00ba, da Lei 8.666\/93)<\/b><\/p>\n<p>O presente termo aditivo de acr\u00e9scimo tem por objeto a(s) seguinte(s) altera\u00e7\u00e3o(\u00f5es) contratual(is):<\/p>\n<p><b>CL\u00c1USULA SEGUNDA \u2013 PRE\u00c7O<\/b><\/p>\n<p><i>2.1. Com a(s) altera\u00e7\u00e3o(\u00f5es), o valor da contrata\u00e7\u00e3o passar\u00e1 a ser R$ 873.965,61 (Oitocentos e setenta e tr\u00eas mil, novecentos e sessenta e cinco reais e sessenta e um centavos), o que corresponde a 24,79% do contrato incialmente pactuado, conforme tabela em anexo<\/i><\/p>\n<p><i>2.2. O valor \u00e9 meramente estimativo, de forma que os pagamentos devidos ao CONTRATADO depender\u00e3o dos quantitativos efetivamente prestados.<\/i><\/p>\n<p><b>CL\u00c1USULA TERCEIRA &#8211; DOTA\u00c7\u00c3O OR\u00c7AMENT\u00c1RIA <\/b><\/p>\n<p>3.1. As despesas decorrentes do presente termo aditivo de acr\u00e9scimo correr\u00e3o \u00e0 conta de recursos espec\u00edficos consignados no Or\u00e7amento Geral do Executivo deste exerc\u00edcio, na dota\u00e7\u00e3o abaixo discriminada:<\/p>\n<p>\u00d3rg\u00e3o requisitante: 02.001 \u2013 Gabinete da Prefeita<\/p>\n<p>Projeto\/Atividade: 2.003 \u2013 Manuten\u00e7\u00e3o das A\u00e7\u00f5es do Gabinete da Prefeita<\/p>\n<p>2.005 \u2013 Manuten\u00e7\u00e3o das A\u00e7\u00f5es do Conselho Tutelar da Crian\u00e7a e do Adolescente<\/p>\n<p>&nbsp;<\/p>\n<p>\u00d3rg\u00e3o requisitante: 03.001 \u2013 Secretaria Municipal de Administra\u00e7\u00e3o<\/p>\n<p>Projeto\/Atividade: 2.007 \u2013 Manuten\u00e7\u00e3o das A\u00e7\u00f5es da Secretaria Municipal de Administra\u00e7\u00e3o<\/p>\n<p>2.009 \u2013 Manuten\u00e7\u00e3o das A\u00e7\u00f5es do Setor de Arquivo, Patrim\u00f4nio e Almoxarifado<\/p>\n<p>&nbsp;<\/p>\n<p>\u00d3rg\u00e3o requisitante: 05.001 \u2013 Secretaria Municipal de Agricultura<\/p>\n<p>Projeto\/Atividade: 2.013 \u2013 Manuten\u00e7\u00e3o das A\u00e7\u00f5es da Secretaria Municipal de Agricultura<\/p>\n<p>&nbsp;<\/p>\n<p>\u00d3rg\u00e3o requisitante: 06.001 \u2013 Secretaria Municipal de Meio Ambiente<\/p>\n<p>Projeto\/Atividade: 2.015 \u2013 Manuten\u00e7\u00e3o das A\u00e7\u00f5es da Secretaria Municipal de Meio Ambiente<\/p>\n<p>&nbsp;<\/p>\n<p>\u00d3rg\u00e3o requisitante: 07.001 \u2013 Secretaria Municipal de Educa\u00e7\u00e3o<\/p>\n<p>Projeto\/Atividade: 2.017 \u2013 Manuten\u00e7\u00e3o das A\u00e7\u00f5es da Secretaria Municipal de Educa\u00e7\u00e3o<\/p>\n<p>&nbsp;<\/p>\n<p>\u00d3rg\u00e3o requisitante: 08.001 \u2013 Secretaria Municipal de Cultura, Esporte e Lazer<\/p>\n<p>Projeto\/Atividade: 2.048 \u2013 Promo\u00e7\u00f5es e Eventos Culturais<\/p>\n<p>2.049 &#8211; Manuten\u00e7\u00e3o das A\u00e7\u00f5es da Secretaria Municipal de Cultura, Esporte e Lazer<\/p>\n<p>&nbsp;<\/p>\n<p>\u00d3rg\u00e3o requisitante: 09.001 \u2013 Secretaria Municipal de Turismo<\/p>\n<p>Projeto\/Atividade: 2.055 \u2013 Manuten\u00e7\u00e3o das A\u00e7\u00f5es da Secretaria Municipal de Turismo<\/p>\n<p>&nbsp;<\/p>\n<p>\u00d3rg\u00e3o requisitante: 10.001 \u2013 Secretaria Municipal de Sa\u00fade<\/p>\n<p>Projeto\/Atividade: 2.061 \u2013 Manuten\u00e7\u00e3o das A\u00e7\u00f5es da Secretaria Municipal de Sa\u00fade<\/p>\n<p>&nbsp;<\/p>\n<p>\u00d3rg\u00e3o requisitante: 11.001 \u2013 Secretaria Municipal de Assist\u00eancia Social<\/p>\n<p>Projeto\/Atividade: 2.075 \u2013 Manuten\u00e7\u00e3o das A\u00e7\u00f5es da Secretaria Municipal de Assist\u00eancia Social<\/p>\n<p>&nbsp;<\/p>\n<p>\u00d3rg\u00e3o requisitante: 12.001 \u2013 Secretaria Municipal de Servi\u00e7os Urbanos<\/p>\n<p>Projeto\/Atividade: 2.100 \u2013 Manuten\u00e7\u00e3o das A\u00e7\u00f5es Secretaria Municipal da Servi\u00e7os Urbanos<\/p>\n<p>&nbsp;<\/p>\n<p>\u00d3rg\u00e3o requisitante: 13.001 \u2013 Secretaria Municipal de Obras<\/p>\n<p>Projeto\/Atividade: 2.104 \u2013 Manuten\u00e7\u00e3o das A\u00e7\u00f5es da Secretaria Municipal Servi\u00e7os Urbanos<\/p>\n<p>&nbsp;<\/p>\n<p>\u00d3rg\u00e3o requisitante: 14.001 \u2013 Secretaria Municipal de Transporte<\/p>\n<p>Projeto\/Atividade: 2.106 \u2013 Manuten\u00e7\u00e3o das A\u00e7\u00f5es da Secretaria Municipal Transporte<\/p>\n<p>&nbsp;<\/p>\n<p>\u00d3rg\u00e3o requisitante: 15.001 \u2013 Secretaria Municipal de Seguran\u00e7a P\u00fablica e Defesa Social<\/p>\n<p>Projeto\/Atividade: 2.109 \u2013 Manuten\u00e7\u00e3o das A\u00e7\u00f5es da Secretaria Municipal Seguran\u00e7a P\u00fablica e Defesa Social<\/p>\n<p>&nbsp;<\/p>\n<p>\u00d3rg\u00e3o requisitante: 16.001 \u2013 Secretaria Municipal de Tributa\u00e7\u00e3o e Planejamento<\/p>\n<p>Projeto\/Atividade: 2.114 \u2013 Manuten\u00e7\u00e3o das A\u00e7\u00f5es da Secretaria Municipal de Tributa\u00e7\u00e3o e Planejamento<\/p>\n<p>&nbsp;<\/p>\n<p>Classifica\u00e7\u00e3o Econ\u00f4mica: 3.3.90.30.00 &#8211; Material de Consumo<\/p>\n<p>Fonte de Recurso: 1500000000; 1705000000; 1720000000; 1500100200; 1700000000<\/p>\n<p><i>3.2. A dota\u00e7\u00e3o relativa aos exerc\u00edcios financeiros subsequentes ser\u00e1 indicada ap\u00f3s aprova\u00e7\u00e3o da Lei Or\u00e7ament\u00e1ria respectiva e libera\u00e7\u00e3o dos cr\u00e9ditos correspondentes, mediante apostilamento<\/i>.<\/p>\n<p><b>CL\u00c1USULA QUARTA \u2013 RATIFICA\u00c7\u00c3O<\/b><\/p>\n<p>5.1. Ficam mantidas e ratificadas as demais cl\u00e1usulas e condi\u00e7\u00f5es do contrato origin\u00e1rio, naquilo que n\u00e3o contrariem o presente termo aditivo.<\/p>\n<p><b>CL\u00c1USULA QUINTA \u2013 DA PUBLICA\u00c7\u00c3O<\/b><\/p>\n<p>6.1. E para firmeza, e como prova de assim haverem, entre si, ajustado e contratado, \u00e9 lavrado o presente Termo Aditivo Unilateral de Contrato. De acordo com a Lei 8.666\/93, o qual, depois de lido e achado conforme, \u00e9 assinado unilateralmente pelo CONTRATANTE e pelas testemunhas abaixo nomeadas, dele extraindo-se as c\u00f3pias necess\u00e1rias para sua aprova\u00e7\u00e3o e execu\u00e7\u00e3o.<\/p>\n<p><i>Vila Flor\/RN, em 03 de fevereiro de 2025<\/i><\/p>\n<p>&nbsp;<\/p>\n<p><b><i>PREFEITURA MUNICIPAL DE VILA FLOR<\/i><\/b><\/p>\n<p>CNPJ(MF) 08.169.278\/0001-07<\/p>\n<p>Contratante<\/p>\n<p>&nbsp;<\/p>\n<p><b><i>WALBER CESAR MELO DA ROCHA &#8211; ME<\/i><\/b><\/p>\n<p>CNPJ\/MF: 13.920.428\/0001-02<\/p>\n<p>Contratada<\/p>\n<p>&nbsp;<\/p>\n<table class=\"mat\" border=\"1\" cellspacing=\"0\" cellpadding=\"0\" align=\"left\">\n<tbody>\n<tr>\n<td width=\"335\"><b>TESTEMUNHAS<\/b><\/p>\n<p>______________________________<\/p>\n<p>Nome:<\/p>\n<p>CPF n\u00b0:<\/p>\n<p>Identidade n\u00b0:<\/p>\n<p>&nbsp;<\/td>\n<td width=\"316\">_________________________________<\/p>\n<p>Nome:<\/p>\n<p>CPF n\u00b0:<\/p>\n<p>Identidade n\u00b0:<\/td>\n<\/tr>\n<\/tbody>\n<\/table>\n<div align=\"right\">\n<b>Publicado por:<\/b><br \/>\nGrinaldo Joaquim de Souza<br \/>\n<b>C\u00f3digo Identificador:<\/b>AFDB7A18<\/div>\n<p>&nbsp;<\/p>\n<hr \/>\n<p>Mat\u00e9ria publicada no Di\u00e1rio Oficial dos Munic\u00edpios do Estado do Rio Grande do Norte no dia 28\/02\/2025. Edi\u00e7\u00e3o 3487<br \/>\nA verifica\u00e7\u00e3o de autenticidade da mat\u00e9ria pode ser feita informando o c\u00f3digo identificador no site:<br \/>\nhttps:\/\/www.diariomunicipal.com.br\/femurn\/&nbsp;<\/p>\n<\/div>\n<\/article>\n<\/section>\n<\/section>\n<\/section>\n<div class=\"pdfprnt-buttons pdfprnt-buttons-post pdfprnt-bottom-right\"><a href=\"https:\/\/vilaflor.rn.gov.br\/transparencia\/wp-json\/wp\/v2\/posts\/2942?print=pdf\" class=\"pdfprnt-button pdfprnt-button-pdf\" target=\"_blank\"><img decoding=\"async\" src=\"https:\/\/vilaflor.rn.gov.br\/transparencia\/wp-content\/plugins\/pdf-print\/images\/pdf.png\" alt=\"image_pdf\" title=\"Baixar PDF\" \/><\/a><a href=\"https:\/\/vilaflor.rn.gov.br\/transparencia\/wp-json\/wp\/v2\/posts\/2942?print=print\" class=\"pdfprnt-button pdfprnt-button-print\" target=\"_blank\"><img decoding=\"async\" src=\"https:\/\/vilaflor.rn.gov.br\/transparencia\/wp-content\/plugins\/pdf-print\/images\/print.png\" alt=\"image_print\" title=\"Conte\u00fado de impress\u00e3o\" \/><\/a><\/div>","protected":false},"excerpt":{"rendered":"<p>ESTADO DO RIO GRANDE DO NORTE PREFEITURA MUNICIPAL DE VILA FLOR SECRETARIA MUNICIPAL DE ADMINISTRA\u00c7\u00c3O TERMO ADITIVO AO CONTRATO N\u00ba 20220128 Processo n\u00ba 17120001\/2022 &nbsp; TERMO ADITIVO AO CONTRATO N\u00ba 20220128, QUE ENTRE SI FAZEM A PREFEITURA MUNICIPAL DE VILA FLOR\/RN, POR INTERM\u00c9DIO DA SECRETARIA MUNICIPAL DE ADMINISTRA\u00c7\u00c3O E A EMPRESA WALBER CESAR MELO DA [&hellip;]<\/p>\n","protected":false},"author":1,"featured_media":0,"comment_status":"open","ping_status":"open","sticky":false,"template":"","format":"standard","meta":{"ocean_post_layout":"","ocean_both_sidebars_style":"","ocean_both_sidebars_content_width":0,"ocean_both_sidebars_sidebars_width":0,"ocean_sidebar":"0","ocean_second_sidebar":"0","ocean_disable_margins":"enable","ocean_add_body_class":"","ocean_shortcode_before_top_bar":"","ocean_shortcode_after_top_bar":"","ocean_shortcode_before_header":"","ocean_shortcode_after_header":"","ocean_has_shortcode":"","ocean_shortcode_after_title":"","ocean_shortcode_before_footer_widgets":"","ocean_shortcode_after_footer_widgets":"","ocean_shortcode_before_footer_bottom":"","ocean_shortcode_after_footer_bottom":"","ocean_display_top_bar":"default","ocean_display_header":"default","ocean_header_style":"","ocean_center_header_left_menu":"0","ocean_custom_header_template":"0","ocean_custom_logo":0,"ocean_custom_retina_logo":0,"ocean_custom_logo_max_width":0,"ocean_custom_logo_tablet_max_width":0,"ocean_custom_logo_mobile_max_width":0,"ocean_custom_logo_max_height":0,"ocean_custom_logo_tablet_max_height":0,"ocean_custom_logo_mobile_max_height":0,"ocean_header_custom_menu":"0","ocean_menu_typo_font_family":"0","ocean_menu_typo_font_subset":"","ocean_menu_typo_font_size":0,"ocean_menu_typo_font_size_tablet":0,"ocean_menu_typo_font_size_mobile":0,"ocean_menu_typo_font_size_unit":"px","ocean_menu_typo_font_weight":"","ocean_menu_typo_font_weight_tablet":"","ocean_menu_typo_font_weight_mobile":"","ocean_menu_typo_transform":"","ocean_menu_typo_transform_tablet":"","ocean_menu_typo_transform_mobile":"","ocean_menu_typo_line_height":0,"ocean_menu_typo_line_height_tablet":0,"ocean_menu_typo_line_height_mobile":0,"ocean_menu_typo_line_height_unit":"","ocean_menu_typo_spacing":0,"ocean_menu_typo_spacing_tablet":0,"ocean_menu_typo_spacing_mobile":0,"ocean_menu_typo_spacing_unit":"","ocean_menu_link_color":"","ocean_menu_link_color_hover":"","ocean_menu_link_color_active":"","ocean_menu_link_background":"","ocean_menu_link_hover_background":"","ocean_menu_link_active_background":"","ocean_menu_social_links_bg":"","ocean_menu_social_hover_links_bg":"","ocean_menu_social_links_color":"","ocean_menu_social_hover_links_color":"","ocean_disable_title":"default","ocean_disable_heading":"default","ocean_post_title":"","ocean_post_subheading":"","ocean_post_title_style":"","ocean_post_title_background_color":"","ocean_post_title_background":0,"ocean_post_title_bg_image_position":"","ocean_post_title_bg_image_attachment":"","ocean_post_title_bg_image_repeat":"","ocean_post_title_bg_image_size":"","ocean_post_title_height":0,"ocean_post_title_bg_overlay":0.5,"ocean_post_title_bg_overlay_color":"","ocean_disable_breadcrumbs":"default","ocean_breadcrumbs_color":"","ocean_breadcrumbs_separator_color":"","ocean_breadcrumbs_links_color":"","ocean_breadcrumbs_links_hover_color":"","ocean_display_footer_widgets":"default","ocean_display_footer_bottom":"default","ocean_custom_footer_template":"0","ocean_post_oembed":"","ocean_post_self_hosted_media":"","ocean_post_video_embed":"","ocean_link_format":"","ocean_link_format_target":"self","ocean_quote_format":"","ocean_quote_format_link":"post","ocean_gallery_link_images":"on","ocean_gallery_id":[],"footnotes":""},"categories":[58,59],"tags":[],"class_list":["post-2942","post","type-post","status-publish","format-standard","hentry","category-contratos","category-contratos-2025","entry"],"_links":{"self":[{"href":"https:\/\/vilaflor.rn.gov.br\/transparencia\/wp-json\/wp\/v2\/posts\/2942","targetHints":{"allow":["GET"]}}],"collection":[{"href":"https:\/\/vilaflor.rn.gov.br\/transparencia\/wp-json\/wp\/v2\/posts"}],"about":[{"href":"https:\/\/vilaflor.rn.gov.br\/transparencia\/wp-json\/wp\/v2\/types\/post"}],"author":[{"embeddable":true,"href":"https:\/\/vilaflor.rn.gov.br\/transparencia\/wp-json\/wp\/v2\/users\/1"}],"replies":[{"embeddable":true,"href":"https:\/\/vilaflor.rn.gov.br\/transparencia\/wp-json\/wp\/v2\/comments?post=2942"}],"version-history":[{"count":1,"href":"https:\/\/vilaflor.rn.gov.br\/transparencia\/wp-json\/wp\/v2\/posts\/2942\/revisions"}],"predecessor-version":[{"id":2943,"href":"https:\/\/vilaflor.rn.gov.br\/transparencia\/wp-json\/wp\/v2\/posts\/2942\/revisions\/2943"}],"wp:attachment":[{"href":"https:\/\/vilaflor.rn.gov.br\/transparencia\/wp-json\/wp\/v2\/media?parent=2942"}],"wp:term":[{"taxonomy":"category","embeddable":true,"href":"https:\/\/vilaflor.rn.gov.br\/transparencia\/wp-json\/wp\/v2\/categories?post=2942"},{"taxonomy":"post_tag","embeddable":true,"href":"https:\/\/vilaflor.rn.gov.br\/transparencia\/wp-json\/wp\/v2\/tags?post=2942"}],"curies":[{"name":"wp","href":"https:\/\/api.w.org\/{rel}","templated":true}]}}