{"id":2916,"date":"2025-01-10T19:27:49","date_gmt":"2025-01-10T22:27:49","guid":{"rendered":"https:\/\/vilaflor.rn.gov.br\/transparencia\/?p=2916"},"modified":"2025-08-13T19:28:28","modified_gmt":"2025-08-13T22:28:28","slug":"quarto-termo-aditivo-ao-contrato-no-016-2021","status":"publish","type":"post","link":"https:\/\/vilaflor.rn.gov.br\/transparencia\/quarto-termo-aditivo-ao-contrato-no-016-2021\/","title":{"rendered":"QUARTO TERMO ADITIVO AO CONTRATO N\u00ba 016\/2021"},"content":{"rendered":"<section id=\"container\" class=\"tipos-materias\">\n<section id=\"content\" class=\"tipos-materias\">\n<section id=\"conteudo-materia\">\n<article>\n<div id=\"separador\" class=\"cabecalhoEstadoSeparador cabecalhoEstadoSeparador2\">\n<p><strong>ESTADO DO RIO GRANDE DO NORTE<\/strong><br \/>\n<strong>PREFEITURA MUNICIPAL DE VILA FLOR<\/strong><\/p>\n<\/div>\n<p id=\"cabecaorgao\" class=\"cabecaorgao\">\n<div id=\"materia\" class=\"materia materia20091123 materia2\">\n<p><strong>SECRETARIA MUNICIPAL DE ADMINISTRA\u00c7\u00c3O<\/strong><br \/>\n<strong>QUARTO TERMO ADITIVO AO CONTRATO N\u00ba 016\/2021<\/strong><\/p>\n<div class=\"mat\"><\/div>\n<p>A PREFEITURA MUNICIPAL DE VILA FLOR, inscrito(a) no CNPJ sob o n\u00ba 08.169.278\/0001-07, com sede na RUA JOSE CALAZANS, 69, representado por THUANNE KARLA CARVALHO DE SOUZA, PREFEITA MUNICIPAL, doravante denominado(a) CONTRATANTE, e a detentora \u00e9 a empresa FRANCISCO DE ASSIS FARIAS FILHO &#8211; ME, sob o CNPJ\/MF n\u00b0 11.488.852\/0001-96, j\u00e1 qualificados no contrato inicial, determinaram por meio deste, alterar o referido contrato, consubstanciado nas seguintes cl\u00e1usulas:<\/p>\n<p><b>CL\u00c1USULA PRIMEIRA &#8211; DO OBJETO<\/b><\/p>\n<p>O objeto do presente instrumento \u00e9<\/p>\n<p>ACRESCENTAR 24,15% do valor inicial atualizado do contrato, a partir da data de assinatura deste instrumento, equivalente a R$ 990,15 (Novecentos e noventa reais e quinze centavos), nos moldes do art. 65, inciso I, al\u00ednea \u201cb\u201d, \u00a7 1\u00ba, da Lei n.\u00ba 8.666\/1993;<\/p>\n<p><b>ALTERAR<\/b> a Cl\u00e1usula Terceira \u2013 Pre\u00e7o, em fun\u00e7\u00e3o do acr\u00e9scimo.<\/p>\n<p><b>CL\u00c1USULA SEGUNDA &#8211; PRE\u00c7O<\/b><\/p>\n<p><i>O valor mensal da contrata\u00e7\u00e3o \u00e9 de R$ 5.090,15 (Cinco mil, noventa reais e quinze centavos), perfazendo o valor anual de R$ 61.081,80 (Sessenta e um mil, oitenta e um reais e oitenta centavos), conforme tabela abaixo:<\/i><\/p>\n<table class=\"mat\" border=\"1\" cellspacing=\"0\" cellpadding=\"0\" align=\"left\">\n<tbody>\n<tr>\n<td width=\"71\"><b><i>ITEM<\/i><\/b><\/td>\n<td width=\"378\"><b><i>DESCRI\u00c7\u00c3O<\/i><\/b><\/td>\n<td width=\"95\"><b><i>UNIDADE DE MEDIDA<\/i><\/b><\/td>\n<td width=\"71\"><b><i>QT.<\/i><\/b><\/td>\n<td width=\"118\"><b><i>PRE\u00c7O UNIT.<\/i><\/b><\/td>\n<td width=\"136\"><b><i>PRE\u00c7O GLOBAL<\/i><\/b><\/td>\n<\/tr>\n<tr>\n<td width=\"71\"><b><i>1<\/i><\/b><\/td>\n<td width=\"378\"><i>A SERVI\u00c7OS DE ASSESSORIA EM RECURSOS HUMANOS, FOLHA DE PAGAMENTO, GFIP, RAIS, SIAI-DP, DIRF E DEMAIS ROTINAS PERTINENTES \u00c0 \u00c1REA DE SETOR PESSOAL<\/i><\/td>\n<td width=\"95\"><i>M\u00eas<\/i><\/td>\n<td width=\"71\"><i>12<\/i><\/td>\n<td width=\"118\"><i>R$ 5.090,15<\/i><\/td>\n<td width=\"136\"><i>R$ 61.081,80<\/i><\/td>\n<\/tr>\n<\/tbody>\n<\/table>\n<p>&nbsp;<\/p>\n<p>CL\u00c1USULA TERCEIRA &#8211; DOTA\u00c7\u00c3O OR\u00c7AMENT\u00c1RIA<\/p>\n<p>As despesas decorrentes da presente contrata\u00e7\u00e3o correr\u00e3o \u00e0 conta de recursos espec\u00edficos consignados no Or\u00e7amento Geral deste exerc\u00edcio, na dota\u00e7\u00e3o abaixo discriminada:<\/p>\n<p>\u00d3rg\u00e3o requisitante: 03.001 \u2013 Secretaria Municipal de Administra\u00e7\u00e3o<\/p>\n<p>Projeto\/Atividade: 2.007 \u2013 Manuten\u00e7\u00e3o das A\u00e7\u00f5es da Secretaria Municipal de Administra\u00e7\u00e3o<\/p>\n<p>Classifica\u00e7\u00e3o Econ\u00f4mica: 3.3.90.39.00 &#8211; Outros Servi\u00e7os de Terceiros &#8211; Pessoa Jur\u00eddica<\/p>\n<p>Fonte de Recurso: 1500000000 \u2013 Recurso n\u00e3o vinculado de Impostos<\/p>\n<p>&nbsp;<\/p>\n<p><b>CL\u00c1USULA QUARTA &#8211; DA RATIFICA\u00c7\u00c3O<\/b><\/p>\n<p>Permanecem inalteradas as demais cl\u00e1usulas do Contrato a que se refere o presente Termo Aditivo.<\/p>\n<p>CL\u00c1USULA QUINTA \u2013 PUBLICA\u00c7\u00c3O<\/p>\n<p>Incumbir\u00e1 \u00e0 CONTRATANTE providenciar a publica\u00e7\u00e3o deste instrumento, por extrato, no Di\u00e1rio Oficial, de acordo com o prescrito no artigo 61, par\u00e1grafo \u00fanico, da Lei n\u00ba 8.666, de 1993.<\/p>\n<p>Para firmeza e validade do pactuado, o presente termo aditivo vai eletronicamente assinado pelos contraentes, depois de lido e achado em ordem.<\/p>\n<p>&nbsp;<\/p>\n<p>Vila Flor\/RN, em 10 de janeiro de 2025.<\/p>\n<p>&nbsp;<\/p>\n<p>&nbsp;<\/p>\n<p><b><i>PREFEITURA MUNICIPAL DE VILA FLOR<\/i><\/b><\/p>\n<p><b><i> <\/i><\/b>&nbsp;<\/p>\n<p>CNPJ(MF) 08.169.278\/0001-07<\/p>\n<p>Contratante<\/p>\n<p>&nbsp;<\/p>\n<p>&nbsp;<\/p>\n<p><b><i>FRANCISCO DE ASSIS FARIAS FILHO &#8211; ME<\/i><\/b><\/p>\n<p><b><i> <\/i><\/b>&nbsp;<\/p>\n<p>CNPJ\/MF: 11.488.852\/0001-96<\/p>\n<p>Contratada<\/p>\n<div align=\"right\">\n<b>Publicado por:<\/b><br \/>\nGrinaldo Joaquim de Souza<br \/>\n<b>C\u00f3digo Identificador:<\/b>1E5C90F8<\/div>\n<p>&nbsp;<\/p>\n<hr \/>\n<p>Mat\u00e9ria publicada no Di\u00e1rio Oficial dos Munic\u00edpios do Estado do Rio Grande do Norte no dia 05\/02\/2025. Edi\u00e7\u00e3o 3470<br \/>\nA verifica\u00e7\u00e3o de autenticidade da mat\u00e9ria pode ser feita informando o c\u00f3digo identificador no site:<br \/>\nhttps:\/\/www.diariomunicipal.com.br\/femurn\/&nbsp;<\/p>\n<\/div>\n<\/article>\n<\/section>\n<\/section>\n<\/section>\n<div class=\"pdfprnt-buttons pdfprnt-buttons-post pdfprnt-bottom-right\"><a href=\"https:\/\/vilaflor.rn.gov.br\/transparencia\/wp-json\/wp\/v2\/posts\/2916?print=pdf\" class=\"pdfprnt-button pdfprnt-button-pdf\" target=\"_blank\"><img decoding=\"async\" src=\"https:\/\/vilaflor.rn.gov.br\/transparencia\/wp-content\/plugins\/pdf-print\/images\/pdf.png\" alt=\"image_pdf\" title=\"Baixar PDF\" \/><\/a><a href=\"https:\/\/vilaflor.rn.gov.br\/transparencia\/wp-json\/wp\/v2\/posts\/2916?print=print\" class=\"pdfprnt-button pdfprnt-button-print\" target=\"_blank\"><img decoding=\"async\" src=\"https:\/\/vilaflor.rn.gov.br\/transparencia\/wp-content\/plugins\/pdf-print\/images\/print.png\" alt=\"image_print\" title=\"Conte\u00fado de impress\u00e3o\" \/><\/a><\/div>","protected":false},"excerpt":{"rendered":"<p>ESTADO DO RIO GRANDE DO NORTE PREFEITURA MUNICIPAL DE VILA FLOR SECRETARIA MUNICIPAL DE ADMINISTRA\u00c7\u00c3O QUARTO TERMO ADITIVO AO CONTRATO N\u00ba 016\/2021 A PREFEITURA MUNICIPAL DE VILA FLOR, inscrito(a) no CNPJ sob o n\u00ba 08.169.278\/0001-07, com sede na RUA JOSE CALAZANS, 69, representado por THUANNE KARLA CARVALHO DE SOUZA, PREFEITA MUNICIPAL, doravante denominado(a) CONTRATANTE, e [&hellip;]<\/p>\n","protected":false},"author":1,"featured_media":0,"comment_status":"open","ping_status":"open","sticky":false,"template":"","format":"standard","meta":{"ocean_post_layout":"","ocean_both_sidebars_style":"","ocean_both_sidebars_content_width":0,"ocean_both_sidebars_sidebars_width":0,"ocean_sidebar":"0","ocean_second_sidebar":"0","ocean_disable_margins":"enable","ocean_add_body_class":"","ocean_shortcode_before_top_bar":"","ocean_shortcode_after_top_bar":"","ocean_shortcode_before_header":"","ocean_shortcode_after_header":"","ocean_has_shortcode":"","ocean_shortcode_after_title":"","ocean_shortcode_before_footer_widgets":"","ocean_shortcode_after_footer_widgets":"","ocean_shortcode_before_footer_bottom":"","ocean_shortcode_after_footer_bottom":"","ocean_display_top_bar":"default","ocean_display_header":"default","ocean_header_style":"","ocean_center_header_left_menu":"0","ocean_custom_header_template":"0","ocean_custom_logo":0,"ocean_custom_retina_logo":0,"ocean_custom_logo_max_width":0,"ocean_custom_logo_tablet_max_width":0,"ocean_custom_logo_mobile_max_width":0,"ocean_custom_logo_max_height":0,"ocean_custom_logo_tablet_max_height":0,"ocean_custom_logo_mobile_max_height":0,"ocean_header_custom_menu":"0","ocean_menu_typo_font_family":"0","ocean_menu_typo_font_subset":"","ocean_menu_typo_font_size":0,"ocean_menu_typo_font_size_tablet":0,"ocean_menu_typo_font_size_mobile":0,"ocean_menu_typo_font_size_unit":"px","ocean_menu_typo_font_weight":"","ocean_menu_typo_font_weight_tablet":"","ocean_menu_typo_font_weight_mobile":"","ocean_menu_typo_transform":"","ocean_menu_typo_transform_tablet":"","ocean_menu_typo_transform_mobile":"","ocean_menu_typo_line_height":0,"ocean_menu_typo_line_height_tablet":0,"ocean_menu_typo_line_height_mobile":0,"ocean_menu_typo_line_height_unit":"","ocean_menu_typo_spacing":0,"ocean_menu_typo_spacing_tablet":0,"ocean_menu_typo_spacing_mobile":0,"ocean_menu_typo_spacing_unit":"","ocean_menu_link_color":"","ocean_menu_link_color_hover":"","ocean_menu_link_color_active":"","ocean_menu_link_background":"","ocean_menu_link_hover_background":"","ocean_menu_link_active_background":"","ocean_menu_social_links_bg":"","ocean_menu_social_hover_links_bg":"","ocean_menu_social_links_color":"","ocean_menu_social_hover_links_color":"","ocean_disable_title":"default","ocean_disable_heading":"default","ocean_post_title":"","ocean_post_subheading":"","ocean_post_title_style":"","ocean_post_title_background_color":"","ocean_post_title_background":0,"ocean_post_title_bg_image_position":"","ocean_post_title_bg_image_attachment":"","ocean_post_title_bg_image_repeat":"","ocean_post_title_bg_image_size":"","ocean_post_title_height":0,"ocean_post_title_bg_overlay":0.5,"ocean_post_title_bg_overlay_color":"","ocean_disable_breadcrumbs":"default","ocean_breadcrumbs_color":"","ocean_breadcrumbs_separator_color":"","ocean_breadcrumbs_links_color":"","ocean_breadcrumbs_links_hover_color":"","ocean_display_footer_widgets":"default","ocean_display_footer_bottom":"default","ocean_custom_footer_template":"0","ocean_post_oembed":"","ocean_post_self_hosted_media":"","ocean_post_video_embed":"","ocean_link_format":"","ocean_link_format_target":"self","ocean_quote_format":"","ocean_quote_format_link":"post","ocean_gallery_link_images":"on","ocean_gallery_id":[],"footnotes":""},"categories":[58,59],"tags":[],"class_list":["post-2916","post","type-post","status-publish","format-standard","hentry","category-contratos","category-contratos-2025","entry"],"_links":{"self":[{"href":"https:\/\/vilaflor.rn.gov.br\/transparencia\/wp-json\/wp\/v2\/posts\/2916","targetHints":{"allow":["GET"]}}],"collection":[{"href":"https:\/\/vilaflor.rn.gov.br\/transparencia\/wp-json\/wp\/v2\/posts"}],"about":[{"href":"https:\/\/vilaflor.rn.gov.br\/transparencia\/wp-json\/wp\/v2\/types\/post"}],"author":[{"embeddable":true,"href":"https:\/\/vilaflor.rn.gov.br\/transparencia\/wp-json\/wp\/v2\/users\/1"}],"replies":[{"embeddable":true,"href":"https:\/\/vilaflor.rn.gov.br\/transparencia\/wp-json\/wp\/v2\/comments?post=2916"}],"version-history":[{"count":1,"href":"https:\/\/vilaflor.rn.gov.br\/transparencia\/wp-json\/wp\/v2\/posts\/2916\/revisions"}],"predecessor-version":[{"id":2917,"href":"https:\/\/vilaflor.rn.gov.br\/transparencia\/wp-json\/wp\/v2\/posts\/2916\/revisions\/2917"}],"wp:attachment":[{"href":"https:\/\/vilaflor.rn.gov.br\/transparencia\/wp-json\/wp\/v2\/media?parent=2916"}],"wp:term":[{"taxonomy":"category","embeddable":true,"href":"https:\/\/vilaflor.rn.gov.br\/transparencia\/wp-json\/wp\/v2\/categories?post=2916"},{"taxonomy":"post_tag","embeddable":true,"href":"https:\/\/vilaflor.rn.gov.br\/transparencia\/wp-json\/wp\/v2\/tags?post=2916"}],"curies":[{"name":"wp","href":"https:\/\/api.w.org\/{rel}","templated":true}]}}