{"id":2914,"date":"2024-12-26T19:23:47","date_gmt":"2024-12-26T22:23:47","guid":{"rendered":"https:\/\/vilaflor.rn.gov.br\/transparencia\/?p=2914"},"modified":"2025-08-13T19:24:40","modified_gmt":"2025-08-13T22:24:40","slug":"segundo-termo-aditivo-ao-contrato-n-044-2023-adesao-n-010-2023","status":"publish","type":"post","link":"https:\/\/vilaflor.rn.gov.br\/transparencia\/segundo-termo-aditivo-ao-contrato-n-044-2023-adesao-n-010-2023\/","title":{"rendered":"SEGUNDO TERMO ADITIVO AO CONTRATO N\u00b0 044\/2023 &#8211; ADES\u00c3O N\u00b0 010\/2023"},"content":{"rendered":"<div id=\"separador\" class=\"cabecalhoEstadoSeparador cabecalhoEstadoSeparador1\">\n<p><strong>ESTADO DO RIO GRANDE DO NORTE<\/strong><br \/>\n<strong>PREFEITURA MUNICIPAL DE VILA FLOR<\/strong><\/p>\n<\/div>\n<p id=\"cabecaorgao\" class=\"cabecaorgao\">\n<div id=\"materia\" class=\"materia materia20091123 materia1\">\n<p><strong>SECRETARIA MUNICIPAL DE ADMINISTRA\u00c7\u00c3O<\/strong><br \/>\n<strong>SEGUNDO TERMO ADITIVO AO CONTRATO N\u00b0 044\/2023 &#8211; ADES\u00c3O N\u00b0 010\/2023<\/strong><\/p>\n<div class=\"mat\"><\/div>\n<p>A PREFEITURA MUNICIPAL DE VILA FLOR, inscrito(a) no CNPJ sob o n\u00ba 08.169.278\/0001-07, com sede na RUA JOSE CALAZANS, 69, representado por THUANNE KARLA CARVALHO DE SOUZA, PREFEITA MUNICIPAL, doravante denominado(a) CONTRATANTE, e N COMERCIO E SERVI\u00c7OS EIRELI, inscrito(a) no CNPJ sob o n\u00b0 14.405.165\/0001-58, com sede na Rua Francisco Gomes, Centro, Bom Jesus\/RN, CEP 59.270-000, representada por JOSE NILTON XAVIER FERREIRA, j\u00e1 qualificados no contrato inicial, determinaram por meio deste, alterar o referido contrato, consubstanciado nas seguintes cl\u00e1usulas:<\/p>\n<p>&nbsp;<\/p>\n<p><b>CL\u00c1USULA PRIMEIRA &#8211; DO OBJETO<\/b><\/p>\n<p>&nbsp;<\/p>\n<p>O objeto do presente instrumento \u00e9<\/p>\n<p>&nbsp;<\/p>\n<p>ACRESCENTAR 22,89% do valor inicial atualizado do contrato, a partir da data de assinatura deste instrumento, equivalente a R$ 15.625,00 (Quinze mil, seiscentos e vinte e cinco reais), nos moldes do art. 65, inciso I, al\u00ednea \u201cb\u201d, \u00a7 1\u00ba, da Lei n.\u00ba 8.666\/1993, e prorrogar o prazo por mais 12 (doze) meses, se encerrando em 31 de dezembro de 2025.<\/p>\n<p>&nbsp;<\/p>\n<p><b>CL\u00c1USULA SEGUNDA &#8211; PRE\u00c7O<\/b><\/p>\n<p>&nbsp;<\/p>\n<p>O valor da contrata\u00e7\u00e3o perfaz o total de R$ 15.625,00 (Quinze mil, seiscentos e vinte e cinco reais), conforme composi\u00e7\u00e3o em anexo a este Termo Aditivo, conforme tabela abaixo:<\/p>\n<table class=\"mat\" border=\"1\" cellspacing=\"0\" cellpadding=\"0\" align=\"left\">\n<tbody>\n<tr>\n<td width=\"68\"><b>Item<\/b><\/td>\n<td width=\"249\"><b>Descri\u00e7\u00e3o<\/b><\/td>\n<td width=\"105\"><b>Unid.<\/b><\/td>\n<td width=\"118\"><b>Quant. Contratada<\/b><\/td>\n<td width=\"129\"><b>Pre\u00e7o<\/b><\/p>\n<p><b>Unit. (R$)<\/b><\/td>\n<td width=\"142\"><b>Total a ser acrescido (R$)<\/b><\/td>\n<\/tr>\n<tr>\n<td width=\"68\">01<\/td>\n<td width=\"249\">GIR\u00c2NDOLA 1080 TIDO<\/td>\n<td width=\"105\">CAIXA<\/td>\n<td width=\"118\">11,00<\/td>\n<td width=\"129\">R$ 485,00<\/td>\n<td width=\"142\">R$ 5.335,00<\/td>\n<\/tr>\n<tr>\n<td width=\"68\">02<\/td>\n<td width=\"249\">TORTA 38MM \u2013 100 TUBOS<\/td>\n<td width=\"105\">CAIXA<\/td>\n<td width=\"118\">3,00<\/td>\n<td width=\"129\">R$ 640,00<\/td>\n<td width=\"142\">R$ 1.920,00<\/td>\n<\/tr>\n<tr>\n<td width=\"68\">03<\/td>\n<td width=\"249\">TORTA 38MM \u2013 25 TUBOS<\/td>\n<td width=\"105\">CAIXA<\/td>\n<td width=\"118\">3,00<\/td>\n<td width=\"129\">R$ 210,00<\/td>\n<td width=\"142\">R$ 630,00<\/td>\n<\/tr>\n<tr>\n<td width=\"68\">04<\/td>\n<td width=\"249\">JUT DE NIRTEURIS DE 96 TUBOS DE 3 POLEGADAS<\/td>\n<td width=\"105\">CAIXA<\/td>\n<td width=\"118\">11,00<\/td>\n<td width=\"129\">R$ 640,00<\/td>\n<td width=\"142\">R$ 7.040,00<\/td>\n<\/tr>\n<tr>\n<td width=\"68\">05<\/td>\n<td width=\"249\">TORTA 50 TUBOS 44MM<\/td>\n<td width=\"105\">CAIXA<\/td>\n<td width=\"118\">1,00<\/td>\n<td width=\"129\">R$ 490,00<\/td>\n<td width=\"142\">R$ 490,00<\/td>\n<\/tr>\n<tr>\n<td width=\"68\">06<\/td>\n<td width=\"249\">TORTA 25 TUBOS DE 37 MM COLORIDOS<\/td>\n<td width=\"105\">CAIXA<\/td>\n<td width=\"118\">1,00<\/td>\n<td width=\"129\">R$ 210,00<\/td>\n<td width=\"142\">R$ 210,00<\/td>\n<\/tr>\n<\/tbody>\n<\/table>\n<p>&nbsp;<\/p>\n<p><b>CL\u00c1USULA TERCEIRA &#8211; DA DOTA\u00c7\u00c3O OR\u00c7AMENT\u00c1RIA<\/b><\/p>\n<p>&nbsp;<\/p>\n<p>As despesas decorrentes da presente contrata\u00e7\u00e3o correr\u00e3o \u00e0 conta de recursos espec\u00edficos consignados no Or\u00e7amento Geral deste exerc\u00edcio, na dota\u00e7\u00e3o abaixo discriminada:<\/p>\n<p><b>Gest\u00e3o\/Unidade<\/b>: 03.001 \u2013 Secretaria Municipal de Administra\u00e7\u00e3o<\/p>\n<p><b>Fonte de Recursos<\/b>: 1500000000 \u2013 Recursos n\u00e3o Vinculados de Impostos<\/p>\n<p><b>Programa de Trabalho<\/b>: 2.007 \u2013 Manuten\u00e7\u00e3o das A\u00e7\u00f5es da Secretaria Municipal de Administra\u00e7\u00e3o<\/p>\n<p><b>Elemento de Despesa<\/b>: 3.3.90.30.00 \u2013 Material de Consumo<\/p>\n<p>&nbsp;<\/p>\n<p><b>CL\u00c1USULA QUARTA &#8211; DO PRAZO DE VIG\u00caNCIA<\/b><\/p>\n<p>&nbsp;<\/p>\n<p>O presente Termo Aditivo entra em vigor a partir da data de sua publica\u00e7\u00e3o e encerra em 31 de dezembro de 2025.<\/p>\n<p>&nbsp;<\/p>\n<p><b>CL\u00c1USULA QUARTA &#8211; DA RATIFICA\u00c7\u00c3O<\/b><\/p>\n<p>&nbsp;<\/p>\n<p>Permanecem inalteradas as demais cl\u00e1usulas do Contrato a que se refere o presente Termo Aditivo.<\/p>\n<p>&nbsp;<\/p>\n<p>E por estarem justos e contratados, firmam o presente aditivo, em 3 (tr\u00eas) vias de igual teor e forma, para que surtam os seus efeitos legais.<\/p>\n<p>&nbsp;<\/p>\n<p>Vila Flor\/RN, em 26 de dezembro de 2024.<\/p>\n<p>&nbsp;<\/p>\n<table class=\"mat\" border=\"1\" cellspacing=\"0\" cellpadding=\"0\" align=\"left\">\n<tbody>\n<tr>\n<td width=\"382\"><b><i>THUANNE KARLA CARVALHO DE SOUZA<\/i><\/b><\/p>\n<p>Pela Contratante<\/p>\n<p>Prefeita Municipal<\/td>\n<td width=\"405\"><b><i>N COMERCIO E SERVI\u00c7OS EIRELI<\/i><\/b><\/p>\n<p>Pela Contratada<\/td>\n<\/tr>\n<\/tbody>\n<\/table>\n<div align=\"right\">\n<b>Publicado por:<\/b><br \/>\nGrinaldo Joaquim de Souza<br \/>\n<b>C\u00f3digo Identificador:<\/b>71A5EF9B<\/div>\n<p>&nbsp;<\/p>\n<hr \/>\n<p>Mat\u00e9ria publicada no Di\u00e1rio Oficial dos Munic\u00edpios do Estado do Rio Grande do Norte no dia 05\/02\/2025. Edi\u00e7\u00e3o 3470<br \/>\nA verifica\u00e7\u00e3o de autenticidade da mat\u00e9ria pode ser feita informando o c\u00f3digo identificador no site:<br \/>\nhttps:\/\/www.diariomunicipal.com.br\/femurn\/<\/p><\/div>\n<div class=\"pdfprnt-buttons pdfprnt-buttons-post pdfprnt-bottom-right\"><a href=\"https:\/\/vilaflor.rn.gov.br\/transparencia\/wp-json\/wp\/v2\/posts\/2914?print=pdf\" class=\"pdfprnt-button pdfprnt-button-pdf\" target=\"_blank\"><img decoding=\"async\" src=\"https:\/\/vilaflor.rn.gov.br\/transparencia\/wp-content\/plugins\/pdf-print\/images\/pdf.png\" alt=\"image_pdf\" title=\"Baixar PDF\" \/><\/a><a href=\"https:\/\/vilaflor.rn.gov.br\/transparencia\/wp-json\/wp\/v2\/posts\/2914?print=print\" class=\"pdfprnt-button pdfprnt-button-print\" target=\"_blank\"><img decoding=\"async\" src=\"https:\/\/vilaflor.rn.gov.br\/transparencia\/wp-content\/plugins\/pdf-print\/images\/print.png\" alt=\"image_print\" title=\"Conte\u00fado de impress\u00e3o\" \/><\/a><\/div>","protected":false},"excerpt":{"rendered":"<p>ESTADO DO RIO GRANDE DO NORTE PREFEITURA MUNICIPAL DE VILA FLOR SECRETARIA MUNICIPAL DE ADMINISTRA\u00c7\u00c3O SEGUNDO TERMO ADITIVO AO CONTRATO N\u00b0 044\/2023 &#8211; ADES\u00c3O N\u00b0 010\/2023 A PREFEITURA MUNICIPAL DE VILA FLOR, inscrito(a) no CNPJ sob o n\u00ba 08.169.278\/0001-07, com sede na RUA JOSE CALAZANS, 69, representado por THUANNE KARLA CARVALHO DE SOUZA, PREFEITA MUNICIPAL, [&hellip;]<\/p>\n","protected":false},"author":1,"featured_media":0,"comment_status":"open","ping_status":"open","sticky":false,"template":"","format":"standard","meta":{"ocean_post_layout":"","ocean_both_sidebars_style":"","ocean_both_sidebars_content_width":0,"ocean_both_sidebars_sidebars_width":0,"ocean_sidebar":"0","ocean_second_sidebar":"0","ocean_disable_margins":"enable","ocean_add_body_class":"","ocean_shortcode_before_top_bar":"","ocean_shortcode_after_top_bar":"","ocean_shortcode_before_header":"","ocean_shortcode_after_header":"","ocean_has_shortcode":"","ocean_shortcode_after_title":"","ocean_shortcode_before_footer_widgets":"","ocean_shortcode_after_footer_widgets":"","ocean_shortcode_before_footer_bottom":"","ocean_shortcode_after_footer_bottom":"","ocean_display_top_bar":"default","ocean_display_header":"default","ocean_header_style":"","ocean_center_header_left_menu":"0","ocean_custom_header_template":"0","ocean_custom_logo":0,"ocean_custom_retina_logo":0,"ocean_custom_logo_max_width":0,"ocean_custom_logo_tablet_max_width":0,"ocean_custom_logo_mobile_max_width":0,"ocean_custom_logo_max_height":0,"ocean_custom_logo_tablet_max_height":0,"ocean_custom_logo_mobile_max_height":0,"ocean_header_custom_menu":"0","ocean_menu_typo_font_family":"0","ocean_menu_typo_font_subset":"","ocean_menu_typo_font_size":0,"ocean_menu_typo_font_size_tablet":0,"ocean_menu_typo_font_size_mobile":0,"ocean_menu_typo_font_size_unit":"px","ocean_menu_typo_font_weight":"","ocean_menu_typo_font_weight_tablet":"","ocean_menu_typo_font_weight_mobile":"","ocean_menu_typo_transform":"","ocean_menu_typo_transform_tablet":"","ocean_menu_typo_transform_mobile":"","ocean_menu_typo_line_height":0,"ocean_menu_typo_line_height_tablet":0,"ocean_menu_typo_line_height_mobile":0,"ocean_menu_typo_line_height_unit":"","ocean_menu_typo_spacing":0,"ocean_menu_typo_spacing_tablet":0,"ocean_menu_typo_spacing_mobile":0,"ocean_menu_typo_spacing_unit":"","ocean_menu_link_color":"","ocean_menu_link_color_hover":"","ocean_menu_link_color_active":"","ocean_menu_link_background":"","ocean_menu_link_hover_background":"","ocean_menu_link_active_background":"","ocean_menu_social_links_bg":"","ocean_menu_social_hover_links_bg":"","ocean_menu_social_links_color":"","ocean_menu_social_hover_links_color":"","ocean_disable_title":"default","ocean_disable_heading":"default","ocean_post_title":"","ocean_post_subheading":"","ocean_post_title_style":"","ocean_post_title_background_color":"","ocean_post_title_background":0,"ocean_post_title_bg_image_position":"","ocean_post_title_bg_image_attachment":"","ocean_post_title_bg_image_repeat":"","ocean_post_title_bg_image_size":"","ocean_post_title_height":0,"ocean_post_title_bg_overlay":0.5,"ocean_post_title_bg_overlay_color":"","ocean_disable_breadcrumbs":"default","ocean_breadcrumbs_color":"","ocean_breadcrumbs_separator_color":"","ocean_breadcrumbs_links_color":"","ocean_breadcrumbs_links_hover_color":"","ocean_display_footer_widgets":"default","ocean_display_footer_bottom":"default","ocean_custom_footer_template":"0","ocean_post_oembed":"","ocean_post_self_hosted_media":"","ocean_post_video_embed":"","ocean_link_format":"","ocean_link_format_target":"self","ocean_quote_format":"","ocean_quote_format_link":"post","ocean_gallery_link_images":"on","ocean_gallery_id":[],"footnotes":""},"categories":[58,60],"tags":[],"class_list":["post-2914","post","type-post","status-publish","format-standard","hentry","category-contratos","category-contratos-2024","entry"],"_links":{"self":[{"href":"https:\/\/vilaflor.rn.gov.br\/transparencia\/wp-json\/wp\/v2\/posts\/2914","targetHints":{"allow":["GET"]}}],"collection":[{"href":"https:\/\/vilaflor.rn.gov.br\/transparencia\/wp-json\/wp\/v2\/posts"}],"about":[{"href":"https:\/\/vilaflor.rn.gov.br\/transparencia\/wp-json\/wp\/v2\/types\/post"}],"author":[{"embeddable":true,"href":"https:\/\/vilaflor.rn.gov.br\/transparencia\/wp-json\/wp\/v2\/users\/1"}],"replies":[{"embeddable":true,"href":"https:\/\/vilaflor.rn.gov.br\/transparencia\/wp-json\/wp\/v2\/comments?post=2914"}],"version-history":[{"count":1,"href":"https:\/\/vilaflor.rn.gov.br\/transparencia\/wp-json\/wp\/v2\/posts\/2914\/revisions"}],"predecessor-version":[{"id":2915,"href":"https:\/\/vilaflor.rn.gov.br\/transparencia\/wp-json\/wp\/v2\/posts\/2914\/revisions\/2915"}],"wp:attachment":[{"href":"https:\/\/vilaflor.rn.gov.br\/transparencia\/wp-json\/wp\/v2\/media?parent=2914"}],"wp:term":[{"taxonomy":"category","embeddable":true,"href":"https:\/\/vilaflor.rn.gov.br\/transparencia\/wp-json\/wp\/v2\/categories?post=2914"},{"taxonomy":"post_tag","embeddable":true,"href":"https:\/\/vilaflor.rn.gov.br\/transparencia\/wp-json\/wp\/v2\/tags?post=2914"}],"curies":[{"name":"wp","href":"https:\/\/api.w.org\/{rel}","templated":true}]}}