{"id":2898,"date":"2023-12-31T15:38:28","date_gmt":"2023-12-31T18:38:28","guid":{"rendered":"https:\/\/vilaflor.rn.gov.br\/transparencia\/?p=2898"},"modified":"2025-08-13T15:39:18","modified_gmt":"2025-08-13T18:39:18","slug":"primeiro-aditivo-ao-contrato-inexigibilidade-de-licitacao-001-2024","status":"publish","type":"post","link":"https:\/\/vilaflor.rn.gov.br\/transparencia\/primeiro-aditivo-ao-contrato-inexigibilidade-de-licitacao-001-2024\/","title":{"rendered":"PRIMEIRO ADITIVO AO CONTRATO \u2013 INEXIGIBILIDADE DE LICITA\u00c7\u00c3O 001\/2024"},"content":{"rendered":"<div id=\"separador\" class=\"cabecalhoEstadoSeparador cabecalhoEstadoSeparador1\">\n<p><strong>ESTADO DO RIO GRANDE DO NORTE<\/strong><br \/>\n<strong>PREFEITURA MUNICIPAL DE VILA FLOR<\/strong><\/p>\n<\/div>\n<p id=\"cabecaorgao\" class=\"cabecaorgao\">\n<div id=\"materia\" class=\"materia materia20091123 materia1\">\n<p><strong>SECRETARIA MUNICIPAL DE ADMINISTRA\u00c7\u00c3O<\/strong><br \/>\n<strong>PRIMEIRO ADITIVO AO CONTRATO \u2013 INEXIGIBILIDADE DE LICITA\u00c7\u00c3O 001\/2024<\/strong><\/p>\n<div class=\"mat\"><\/div>\n<p>Pelo presente instrumento particular de Aditivo, onde de um lado, como\u00a0<b>CONTRATANTE<\/b>, a PREFEITURA MUNICIPAL DE Vila Flor, inscrita no CNPJ (MF) sob o n\u00ba 08.169.278\/0001-07, com sede \u00e0 Rua Jos\u00e9 Calazans, 69, Centro, Vila Flor\/RN, CEP 59.192-000, aqui representada pela Prefeita, a Sra. Thuanne Karla Carvalho de Souza, inscrito no CPF (MF) sob o n\u00ba 084.453.074-36, e do outro lado como\u00a0<b>CONTRATADA<\/b>, a empresa LOURIVAL JOSE DE FREITAS, inscrita no CPF (MF) sob o n\u00ba 047.511.084-68, com sede na Fazenda Amparo, 5, Zona Rural, Canguaretama\/RN, CEP 59.190-000, aqui representada pelo Sr., LOURIVAL JOSE DE FREITAS, inscrita no CPF (MF) sob o n\u00ba 047.511.084-68, ficam aditados de acordo com a Lei Federal n\u00ba 8.666\/93 e suas combina\u00e7\u00f5es, conforme especifica\u00e7\u00f5es a seguir:<\/p>\n<p>&nbsp;<\/p>\n<p><b>CL\u00c1USULA 1\u00aa &#8211; DO OBJETO:<\/b><\/p>\n<p>&nbsp;<\/p>\n<p>O presente Termo Aditivo objetiva a prorroga\u00e7\u00e3o do prazo de vig\u00eancia do contrato at\u00e9 31 de dezembro de 2025, nos termos do art. 107, \u00a71, da Lei Federal n\u00ba 14.133\/21.<\/p>\n<p>&nbsp;<\/p>\n<p><b>CL\u00c1USULA 2\u00aa &#8211; DA DOTA\u00c7\u00c3O OR\u00c7AMENT\u00c1RIA<\/b><\/p>\n<p>&nbsp;<\/p>\n<p>A despesa decorrente da presente altera\u00e7\u00e3o correr\u00e1 \u00e0 conta da seguinte Dota\u00e7\u00e3o Or\u00e7ament\u00e1ria: Exerc\u00edcio 2024<\/p>\n<p>&nbsp;<\/p>\n<p>\u00d3rg\u00e3o requisitante: 12.001 &#8211; Secretaria Municipal de Servi\u00e7os Urbanos<\/p>\n<p>Projeto\/Atividade: 2.100 \u2013 Manuten\u00e7\u00e3o das A\u00e7\u00f5es da Secretaria Municipal de Servi\u00e7os Urbanos<\/p>\n<p>Classifica\u00e7\u00e3o Econ\u00f4mica: 3.3.90.36.00 \u2013 Outros Servi\u00e7os de Terceiros \u2013 Pessoa F\u00edsica<\/p>\n<p>Fonte de Recurso: 1500000000<b>\u00a0\u2013\u00a0<\/b>Recurso n\u00e3o vinculado de Impostos<\/p>\n<p>&nbsp;<\/p>\n<p><b>CL\u00c1USULA 3\u00aa &#8211; DA BASE LEGAL:<\/b><\/p>\n<p>&nbsp;<\/p>\n<p>A celebra\u00e7\u00e3o do presente Aditivo est\u00e1 prevista no art. 107, \u00a71, da Lei Federal n\u00ba 14.133\/21 e suas altera\u00e7\u00f5es posteriores.<\/p>\n<p>&nbsp;<\/p>\n<p><b>CL\u00c1USULA 4\u00aa &#8211; DAS DEMAIS CL\u00c1USULAS:<\/b><\/p>\n<p>&nbsp;<\/p>\n<p>Ficam mantidas as demais condi\u00e7\u00f5es contidas no Contrato de Presta\u00e7\u00e3o de Servi\u00e7os oriundo da Licita\u00e7\u00e3o \u2013 INEXIGIBILIDADE DE LICITA\u00c7\u00c3O 001\/2024, inclusive no que se refere \u00e0s condi\u00e7\u00f5es de pagamento.<\/p>\n<p>&nbsp;<\/p>\n<p>E por estarem justos e aditados, mandou-se lavrar o presente termo, em 03 (tr\u00eas) vias, para que surta os efeitos legais e jur\u00eddicos.<\/p>\n<p>&nbsp;<\/p>\n<p>Vila Flor\/RN, em 31 de dezembro de 2023.<\/p>\n<p>&nbsp;<\/p>\n<table class=\"mat\" border=\"1\" cellspacing=\"0\" cellpadding=\"0\" align=\"left\">\n<tbody>\n<tr>\n<td width=\"424\"><b><i>THUANNE KARLA CARVALHO DE SOUZA<\/i><\/b><\/td>\n<td width=\"319\"><b><i>LOURIVAL JOSE DE FREITAS<\/i><\/b><\/td>\n<\/tr>\n<tr>\n<td width=\"424\">Pela Contratante<\/td>\n<td width=\"319\">Pela Contratada<\/td>\n<\/tr>\n<tr>\n<td width=\"424\">Prefeita Municipal<\/td>\n<td width=\"319\">S\u00f3cio-Administrador<\/td>\n<\/tr>\n<\/tbody>\n<\/table>\n<div align=\"right\">\n<b>Publicado por:<\/b><br \/>\nGrinaldo Joaquim de Souza<br \/>\n<b>C\u00f3digo Identificador:<\/b>992DBF47<\/div>\n<p>&nbsp;<\/p>\n<hr \/>\n<p>Mat\u00e9ria publicada no Di\u00e1rio Oficial dos Munic\u00edpios do Estado do Rio Grande do Norte no dia 13\/01\/2025. Edi\u00e7\u00e3o 3453<br \/>\nA verifica\u00e7\u00e3o de autenticidade da mat\u00e9ria pode ser feita informando o c\u00f3digo identificador no site:<br \/>\nhttps:\/\/www.diariomunicipal.com.br\/femurn\/<\/p><\/div>\n<div class=\"pdfprnt-buttons pdfprnt-buttons-post pdfprnt-bottom-right\"><a href=\"https:\/\/vilaflor.rn.gov.br\/transparencia\/wp-json\/wp\/v2\/posts\/2898?print=pdf\" class=\"pdfprnt-button pdfprnt-button-pdf\" target=\"_blank\"><img decoding=\"async\" src=\"https:\/\/vilaflor.rn.gov.br\/transparencia\/wp-content\/plugins\/pdf-print\/images\/pdf.png\" alt=\"image_pdf\" title=\"Baixar PDF\" \/><\/a><a href=\"https:\/\/vilaflor.rn.gov.br\/transparencia\/wp-json\/wp\/v2\/posts\/2898?print=print\" class=\"pdfprnt-button pdfprnt-button-print\" target=\"_blank\"><img decoding=\"async\" src=\"https:\/\/vilaflor.rn.gov.br\/transparencia\/wp-content\/plugins\/pdf-print\/images\/print.png\" alt=\"image_print\" title=\"Conte\u00fado de impress\u00e3o\" \/><\/a><\/div>","protected":false},"excerpt":{"rendered":"<p>ESTADO DO RIO GRANDE DO NORTE PREFEITURA MUNICIPAL DE VILA FLOR SECRETARIA MUNICIPAL DE ADMINISTRA\u00c7\u00c3O PRIMEIRO ADITIVO AO CONTRATO \u2013 INEXIGIBILIDADE DE LICITA\u00c7\u00c3O 001\/2024 Pelo presente instrumento particular de Aditivo, onde de um lado, como\u00a0CONTRATANTE, a PREFEITURA MUNICIPAL DE Vila Flor, inscrita no CNPJ (MF) sob o n\u00ba 08.169.278\/0001-07, com sede \u00e0 Rua Jos\u00e9 Calazans, [&hellip;]<\/p>\n","protected":false},"author":1,"featured_media":0,"comment_status":"open","ping_status":"open","sticky":false,"template":"","format":"standard","meta":{"ocean_post_layout":"","ocean_both_sidebars_style":"","ocean_both_sidebars_content_width":0,"ocean_both_sidebars_sidebars_width":0,"ocean_sidebar":"0","ocean_second_sidebar":"0","ocean_disable_margins":"enable","ocean_add_body_class":"","ocean_shortcode_before_top_bar":"","ocean_shortcode_after_top_bar":"","ocean_shortcode_before_header":"","ocean_shortcode_after_header":"","ocean_has_shortcode":"","ocean_shortcode_after_title":"","ocean_shortcode_before_footer_widgets":"","ocean_shortcode_after_footer_widgets":"","ocean_shortcode_before_footer_bottom":"","ocean_shortcode_after_footer_bottom":"","ocean_display_top_bar":"default","ocean_display_header":"default","ocean_header_style":"","ocean_center_header_left_menu":"0","ocean_custom_header_template":"0","ocean_custom_logo":0,"ocean_custom_retina_logo":0,"ocean_custom_logo_max_width":0,"ocean_custom_logo_tablet_max_width":0,"ocean_custom_logo_mobile_max_width":0,"ocean_custom_logo_max_height":0,"ocean_custom_logo_tablet_max_height":0,"ocean_custom_logo_mobile_max_height":0,"ocean_header_custom_menu":"0","ocean_menu_typo_font_family":"0","ocean_menu_typo_font_subset":"","ocean_menu_typo_font_size":0,"ocean_menu_typo_font_size_tablet":0,"ocean_menu_typo_font_size_mobile":0,"ocean_menu_typo_font_size_unit":"px","ocean_menu_typo_font_weight":"","ocean_menu_typo_font_weight_tablet":"","ocean_menu_typo_font_weight_mobile":"","ocean_menu_typo_transform":"","ocean_menu_typo_transform_tablet":"","ocean_menu_typo_transform_mobile":"","ocean_menu_typo_line_height":0,"ocean_menu_typo_line_height_tablet":0,"ocean_menu_typo_line_height_mobile":0,"ocean_menu_typo_line_height_unit":"","ocean_menu_typo_spacing":0,"ocean_menu_typo_spacing_tablet":0,"ocean_menu_typo_spacing_mobile":0,"ocean_menu_typo_spacing_unit":"","ocean_menu_link_color":"","ocean_menu_link_color_hover":"","ocean_menu_link_color_active":"","ocean_menu_link_background":"","ocean_menu_link_hover_background":"","ocean_menu_link_active_background":"","ocean_menu_social_links_bg":"","ocean_menu_social_hover_links_bg":"","ocean_menu_social_links_color":"","ocean_menu_social_hover_links_color":"","ocean_disable_title":"default","ocean_disable_heading":"default","ocean_post_title":"","ocean_post_subheading":"","ocean_post_title_style":"","ocean_post_title_background_color":"","ocean_post_title_background":0,"ocean_post_title_bg_image_position":"","ocean_post_title_bg_image_attachment":"","ocean_post_title_bg_image_repeat":"","ocean_post_title_bg_image_size":"","ocean_post_title_height":0,"ocean_post_title_bg_overlay":0.5,"ocean_post_title_bg_overlay_color":"","ocean_disable_breadcrumbs":"default","ocean_breadcrumbs_color":"","ocean_breadcrumbs_separator_color":"","ocean_breadcrumbs_links_color":"","ocean_breadcrumbs_links_hover_color":"","ocean_display_footer_widgets":"default","ocean_display_footer_bottom":"default","ocean_custom_footer_template":"0","ocean_post_oembed":"","ocean_post_self_hosted_media":"","ocean_post_video_embed":"","ocean_link_format":"","ocean_link_format_target":"self","ocean_quote_format":"","ocean_quote_format_link":"post","ocean_gallery_link_images":"on","ocean_gallery_id":[],"footnotes":""},"categories":[58,61],"tags":[],"class_list":["post-2898","post","type-post","status-publish","format-standard","hentry","category-contratos","category-contratos-2023","entry"],"_links":{"self":[{"href":"https:\/\/vilaflor.rn.gov.br\/transparencia\/wp-json\/wp\/v2\/posts\/2898","targetHints":{"allow":["GET"]}}],"collection":[{"href":"https:\/\/vilaflor.rn.gov.br\/transparencia\/wp-json\/wp\/v2\/posts"}],"about":[{"href":"https:\/\/vilaflor.rn.gov.br\/transparencia\/wp-json\/wp\/v2\/types\/post"}],"author":[{"embeddable":true,"href":"https:\/\/vilaflor.rn.gov.br\/transparencia\/wp-json\/wp\/v2\/users\/1"}],"replies":[{"embeddable":true,"href":"https:\/\/vilaflor.rn.gov.br\/transparencia\/wp-json\/wp\/v2\/comments?post=2898"}],"version-history":[{"count":1,"href":"https:\/\/vilaflor.rn.gov.br\/transparencia\/wp-json\/wp\/v2\/posts\/2898\/revisions"}],"predecessor-version":[{"id":2899,"href":"https:\/\/vilaflor.rn.gov.br\/transparencia\/wp-json\/wp\/v2\/posts\/2898\/revisions\/2899"}],"wp:attachment":[{"href":"https:\/\/vilaflor.rn.gov.br\/transparencia\/wp-json\/wp\/v2\/media?parent=2898"}],"wp:term":[{"taxonomy":"category","embeddable":true,"href":"https:\/\/vilaflor.rn.gov.br\/transparencia\/wp-json\/wp\/v2\/categories?post=2898"},{"taxonomy":"post_tag","embeddable":true,"href":"https:\/\/vilaflor.rn.gov.br\/transparencia\/wp-json\/wp\/v2\/tags?post=2898"}],"curies":[{"name":"wp","href":"https:\/\/api.w.org\/{rel}","templated":true}]}}