{"id":2890,"date":"2024-12-20T15:35:11","date_gmt":"2024-12-20T18:35:11","guid":{"rendered":"https:\/\/vilaflor.rn.gov.br\/transparencia\/?p=2890"},"modified":"2025-08-13T15:35:51","modified_gmt":"2025-08-13T18:35:51","slug":"segundo-termo-aditivo-ao-contrato-de-prestacao-de-servicos-n-003-2023-inexigibilidade-de-licitacao-n-003-2023","status":"publish","type":"post","link":"https:\/\/vilaflor.rn.gov.br\/transparencia\/segundo-termo-aditivo-ao-contrato-de-prestacao-de-servicos-n-003-2023-inexigibilidade-de-licitacao-n-003-2023\/","title":{"rendered":"SEGUNDO TERMO ADITIVO AO CONTRATO DE PRESTA\u00c7\u00c3O DE SERVI\u00c7OS N\u00b0 003\/2023 INEXIGIBILIDADE DE LICITA\u00c7\u00c3O N\u00b0 003\/2023"},"content":{"rendered":"<div id=\"separador\" class=\"cabecalhoEstadoSeparador cabecalhoEstadoSeparador1\">\n<p><strong>ESTADO DO RIO GRANDE DO NORTE<\/strong><br \/>\n<strong>PREFEITURA MUNICIPAL DE VILA FLOR<\/strong><\/p>\n<\/div>\n<p id=\"cabecaorgao\" class=\"cabecaorgao\">\n<div id=\"materia\" class=\"materia materia20091123 materia1\">\n<p><strong>SECRETARIA MUNICIPAL DE ADMINISTRA\u00c7\u00c3O<\/strong><br \/>\n<strong>SEGUNDO TERMO ADITIVO AO CONTRATO DE PRESTA\u00c7\u00c3O DE SERVI\u00c7OS N\u00b0 003\/2023 INEXIGIBILIDADE DE LICITA\u00c7\u00c3O N\u00b0 003\/2023<\/strong><\/p>\n<div class=\"mat\"><\/div>\n<p>Pelo presente instrumento particular de Aditivo, onde de um lado, como\u00a0<b>CONTRATANTE<\/b>, a PREFEITURA MUNICIPAL DE Vila Flor, inscrita no CNPJ (MF) sob o n\u00ba 08.159.089\/0001-45, com sede \u00e0 Rua Jos\u00e9 Calazans, 69, Centro, Vila Flor\/RN, aqui representada pela Prefeita, a Sra. Thuanne Karla Carvalho de Souza, inscrito no CPF (MF) sob o n\u00ba 084.453.074-36, e do outro lado como\u00a0<b>CONTRATADA<\/b>, a empresa NP TECNOLOGIA E GEST\u00c3O DE DADOS LTDA, inscrita no CNPJ (MF) sob o n\u00ba 07.797.967\/0001-95, com sede na\u00a0<b>Rua Izabel a Redentora, 2356, Centro, S\u00e3o Jos\u00e9 dos Pinhais, PR<\/b>, aqui representada pelo Sr. Rudimar Barbosa dos Reis, inscrita no CPF (MF) sob o n\u00ba 574.460.249-68, ficam aditados de acordo com a Lei Federal n\u00ba 8.666\/93 e suas combina\u00e7\u00f5es, conforme especifica\u00e7\u00f5es a seguir:<\/p>\n<p>&nbsp;<\/p>\n<p><b>CL\u00c1USULA 1\u00aa &#8211; DO OBJETO:<\/b><\/p>\n<p>&nbsp;<\/p>\n<p>O presente Aditivo tem como objeto autorizar o acr\u00e9scimo de valor e a dura\u00e7\u00e3o do contrato por igual e sucessivo per\u00edodo dos servi\u00e7os celebrados conforme Contrato pactuado entre as partes acima mencionadas, em 27 de janeiro de 2023 e oriundo da INEXIGIBILIDADE DE LICITA\u00c7\u00c3O N\u00b0 003\/2023.<\/p>\n<p>&nbsp;<\/p>\n<table class=\"mat\" border=\"1\" cellspacing=\"0\" cellpadding=\"0\" align=\"left\">\n<tbody>\n<tr>\n<td width=\"78\"><b>Item<\/b><\/td>\n<td width=\"287\"><b>Descri\u00e7\u00e3o<\/b><\/td>\n<td width=\"95\"><b>Unid.<\/b><\/td>\n<td width=\"116\"><b>Quant. Contratada<\/b><\/td>\n<td width=\"148\"><b>Valor total do contrato (R$)<\/b><\/td>\n<\/tr>\n<tr>\n<td width=\"78\">01<\/td>\n<td width=\"287\">Contrata\u00e7\u00e3o de assinatura anual de acesso \u00e0 ferramenta de pesquisas de pre\u00e7os praticados pela Administra\u00e7\u00e3o P\u00fablica, com sistema de pesquisas baseado na Instru\u00e7\u00e3o Normativa n\u00ba 73\/2020 e 65\/2021, realizou a Inexigibilidade de Licita\u00e7\u00e3o n\u00b0 003\/2023<\/td>\n<td width=\"95\">SERVI\u00c7O<\/td>\n<td width=\"116\">1<\/td>\n<td width=\"148\">R$ 9.050,00<\/td>\n<\/tr>\n<\/tbody>\n<\/table>\n<p>&nbsp;<\/p>\n<p><b>CL\u00c1USULA 2\u00aa &#8211; DO VALOR:<\/b><\/p>\n<p>&nbsp;<\/p>\n<p>Com a altera\u00e7\u00e3o da meta contratada este Aditivo importar\u00e1 representado o acr\u00e9scimo de R$ 250,00 (Duzentos e cinquenta reais) da meta inicialmente contratada, conforme altera\u00e7\u00e3o de quantitativos detalhado na tabela em anexo<\/p>\n<p>&nbsp;<\/p>\n<p><b>CL\u00c1USULA 3\u00aa &#8211; DA BASE LEGAL:<\/b><\/p>\n<p>A celebra\u00e7\u00e3o do presente Aditivo est\u00e1 prevista no par\u00e1grafo 1\u00ba, do artigo 65, da Lei Federal n\u00ba 8.666\/93.<\/p>\n<p>&nbsp;<\/p>\n<p><b>CL\u00c1USULA 4\u00aa &#8211; DAS DEMAIS CL\u00c1USULAS:<\/b><\/p>\n<p>Ficam mantidas as demais condi\u00e7\u00f5es contidas no Contrato de Presta\u00e7\u00e3o de Servi\u00e7os oriundo da INEXIGIBILIDADE DE LICITA\u00c7\u00c3O N\u00b0 003\/2023, inclusive no que se refere \u00e0s condi\u00e7\u00f5es de pagamento.<\/p>\n<p>&nbsp;<\/p>\n<p>E por estarem justos e aditados, mandou-se lavrar o presente termo, em 03 (tr\u00eas) vias, para que surta os efeitos legais e jur\u00eddicos.<\/p>\n<p>&nbsp;<\/p>\n<p>Vila Flor\/RN, em 20 de dezembro de 2024.<\/p>\n<p>&nbsp;<\/p>\n<table class=\"mat\" border=\"1\" cellspacing=\"0\" cellpadding=\"0\" align=\"left\">\n<tbody>\n<tr>\n<td width=\"382\">THUANNE KARLA CARVALHO DE SOUZA<\/p>\n<p>Pela Contratante<\/p>\n<p>Prefeita Municipal<\/td>\n<td width=\"405\"><b><i>NP TECNOLOGIA E GEST\u00c3O DE DADOS LTDA<\/i><\/b><\/p>\n<p>Pela Contratada<\/td>\n<\/tr>\n<\/tbody>\n<\/table>\n<div align=\"right\">\n<b>Publicado por:<\/b><br \/>\nGrinaldo Joaquim de Souza<br \/>\n<b>C\u00f3digo Identificador:<\/b>A233E75D<\/div>\n<p>&nbsp;<\/p>\n<hr \/>\n<p>Mat\u00e9ria publicada no Di\u00e1rio Oficial dos Munic\u00edpios do Estado do Rio Grande do Norte no dia 10\/01\/2025. Edi\u00e7\u00e3o 3452<br \/>\nA verifica\u00e7\u00e3o de autenticidade da mat\u00e9ria pode ser feita informando o c\u00f3digo identificador no site:<br \/>\nhttps:\/\/www.diariomunicipal.com.br\/femurn\/<\/p><\/div>\n<div class=\"pdfprnt-buttons pdfprnt-buttons-post pdfprnt-bottom-right\"><a href=\"https:\/\/vilaflor.rn.gov.br\/transparencia\/wp-json\/wp\/v2\/posts\/2890?print=pdf\" class=\"pdfprnt-button pdfprnt-button-pdf\" target=\"_blank\"><img decoding=\"async\" src=\"https:\/\/vilaflor.rn.gov.br\/transparencia\/wp-content\/plugins\/pdf-print\/images\/pdf.png\" alt=\"image_pdf\" title=\"Baixar PDF\" \/><\/a><a href=\"https:\/\/vilaflor.rn.gov.br\/transparencia\/wp-json\/wp\/v2\/posts\/2890?print=print\" class=\"pdfprnt-button pdfprnt-button-print\" target=\"_blank\"><img decoding=\"async\" src=\"https:\/\/vilaflor.rn.gov.br\/transparencia\/wp-content\/plugins\/pdf-print\/images\/print.png\" alt=\"image_print\" title=\"Conte\u00fado de impress\u00e3o\" \/><\/a><\/div>","protected":false},"excerpt":{"rendered":"<p>ESTADO DO RIO GRANDE DO NORTE PREFEITURA MUNICIPAL DE VILA FLOR SECRETARIA MUNICIPAL DE ADMINISTRA\u00c7\u00c3O SEGUNDO TERMO ADITIVO AO CONTRATO DE PRESTA\u00c7\u00c3O DE SERVI\u00c7OS N\u00b0 003\/2023 INEXIGIBILIDADE DE LICITA\u00c7\u00c3O N\u00b0 003\/2023 Pelo presente instrumento particular de Aditivo, onde de um lado, como\u00a0CONTRATANTE, a PREFEITURA MUNICIPAL DE Vila Flor, inscrita no CNPJ (MF) sob o n\u00ba [&hellip;]<\/p>\n","protected":false},"author":1,"featured_media":0,"comment_status":"open","ping_status":"open","sticky":false,"template":"","format":"standard","meta":{"ocean_post_layout":"","ocean_both_sidebars_style":"","ocean_both_sidebars_content_width":0,"ocean_both_sidebars_sidebars_width":0,"ocean_sidebar":"0","ocean_second_sidebar":"0","ocean_disable_margins":"enable","ocean_add_body_class":"","ocean_shortcode_before_top_bar":"","ocean_shortcode_after_top_bar":"","ocean_shortcode_before_header":"","ocean_shortcode_after_header":"","ocean_has_shortcode":"","ocean_shortcode_after_title":"","ocean_shortcode_before_footer_widgets":"","ocean_shortcode_after_footer_widgets":"","ocean_shortcode_before_footer_bottom":"","ocean_shortcode_after_footer_bottom":"","ocean_display_top_bar":"default","ocean_display_header":"default","ocean_header_style":"","ocean_center_header_left_menu":"0","ocean_custom_header_template":"0","ocean_custom_logo":0,"ocean_custom_retina_logo":0,"ocean_custom_logo_max_width":0,"ocean_custom_logo_tablet_max_width":0,"ocean_custom_logo_mobile_max_width":0,"ocean_custom_logo_max_height":0,"ocean_custom_logo_tablet_max_height":0,"ocean_custom_logo_mobile_max_height":0,"ocean_header_custom_menu":"0","ocean_menu_typo_font_family":"0","ocean_menu_typo_font_subset":"","ocean_menu_typo_font_size":0,"ocean_menu_typo_font_size_tablet":0,"ocean_menu_typo_font_size_mobile":0,"ocean_menu_typo_font_size_unit":"px","ocean_menu_typo_font_weight":"","ocean_menu_typo_font_weight_tablet":"","ocean_menu_typo_font_weight_mobile":"","ocean_menu_typo_transform":"","ocean_menu_typo_transform_tablet":"","ocean_menu_typo_transform_mobile":"","ocean_menu_typo_line_height":0,"ocean_menu_typo_line_height_tablet":0,"ocean_menu_typo_line_height_mobile":0,"ocean_menu_typo_line_height_unit":"","ocean_menu_typo_spacing":0,"ocean_menu_typo_spacing_tablet":0,"ocean_menu_typo_spacing_mobile":0,"ocean_menu_typo_spacing_unit":"","ocean_menu_link_color":"","ocean_menu_link_color_hover":"","ocean_menu_link_color_active":"","ocean_menu_link_background":"","ocean_menu_link_hover_background":"","ocean_menu_link_active_background":"","ocean_menu_social_links_bg":"","ocean_menu_social_hover_links_bg":"","ocean_menu_social_links_color":"","ocean_menu_social_hover_links_color":"","ocean_disable_title":"default","ocean_disable_heading":"default","ocean_post_title":"","ocean_post_subheading":"","ocean_post_title_style":"","ocean_post_title_background_color":"","ocean_post_title_background":0,"ocean_post_title_bg_image_position":"","ocean_post_title_bg_image_attachment":"","ocean_post_title_bg_image_repeat":"","ocean_post_title_bg_image_size":"","ocean_post_title_height":0,"ocean_post_title_bg_overlay":0.5,"ocean_post_title_bg_overlay_color":"","ocean_disable_breadcrumbs":"default","ocean_breadcrumbs_color":"","ocean_breadcrumbs_separator_color":"","ocean_breadcrumbs_links_color":"","ocean_breadcrumbs_links_hover_color":"","ocean_display_footer_widgets":"default","ocean_display_footer_bottom":"default","ocean_custom_footer_template":"0","ocean_post_oembed":"","ocean_post_self_hosted_media":"","ocean_post_video_embed":"","ocean_link_format":"","ocean_link_format_target":"self","ocean_quote_format":"","ocean_quote_format_link":"post","ocean_gallery_link_images":"on","ocean_gallery_id":[],"footnotes":""},"categories":[58,60],"tags":[],"class_list":["post-2890","post","type-post","status-publish","format-standard","hentry","category-contratos","category-contratos-2024","entry"],"_links":{"self":[{"href":"https:\/\/vilaflor.rn.gov.br\/transparencia\/wp-json\/wp\/v2\/posts\/2890","targetHints":{"allow":["GET"]}}],"collection":[{"href":"https:\/\/vilaflor.rn.gov.br\/transparencia\/wp-json\/wp\/v2\/posts"}],"about":[{"href":"https:\/\/vilaflor.rn.gov.br\/transparencia\/wp-json\/wp\/v2\/types\/post"}],"author":[{"embeddable":true,"href":"https:\/\/vilaflor.rn.gov.br\/transparencia\/wp-json\/wp\/v2\/users\/1"}],"replies":[{"embeddable":true,"href":"https:\/\/vilaflor.rn.gov.br\/transparencia\/wp-json\/wp\/v2\/comments?post=2890"}],"version-history":[{"count":1,"href":"https:\/\/vilaflor.rn.gov.br\/transparencia\/wp-json\/wp\/v2\/posts\/2890\/revisions"}],"predecessor-version":[{"id":2891,"href":"https:\/\/vilaflor.rn.gov.br\/transparencia\/wp-json\/wp\/v2\/posts\/2890\/revisions\/2891"}],"wp:attachment":[{"href":"https:\/\/vilaflor.rn.gov.br\/transparencia\/wp-json\/wp\/v2\/media?parent=2890"}],"wp:term":[{"taxonomy":"category","embeddable":true,"href":"https:\/\/vilaflor.rn.gov.br\/transparencia\/wp-json\/wp\/v2\/categories?post=2890"},{"taxonomy":"post_tag","embeddable":true,"href":"https:\/\/vilaflor.rn.gov.br\/transparencia\/wp-json\/wp\/v2\/tags?post=2890"}],"curies":[{"name":"wp","href":"https:\/\/api.w.org\/{rel}","templated":true}]}}