{"id":2885,"date":"2024-12-30T15:32:46","date_gmt":"2024-12-30T18:32:46","guid":{"rendered":"https:\/\/vilaflor.rn.gov.br\/transparencia\/?p=2885"},"modified":"2025-08-13T15:33:49","modified_gmt":"2025-08-13T18:33:49","slug":"primeiro-termo-aditivo-ao-contrato-no-003-2024","status":"publish","type":"post","link":"https:\/\/vilaflor.rn.gov.br\/transparencia\/primeiro-termo-aditivo-ao-contrato-no-003-2024\/","title":{"rendered":"PRIMEIRO TERMO ADITIVO AO CONTRATO N\u00ba 003\/2024"},"content":{"rendered":"<div id=\"separador\" class=\"cabecalhoEstadoSeparador cabecalhoEstadoSeparador2\">\n<p><strong>ESTADO DO RIO GRANDE DO NORTE<\/strong><br \/>\n<strong>PREFEITURA MUNICIPAL DE VILA FLOR<\/strong><\/p>\n<\/div>\n<p id=\"cabecaorgao\" class=\"cabecaorgao\">\n<div id=\"materia\" class=\"materia materia20091123 materia2\">\n<p><strong>SECRETARIA MUNICIPAL DE ADMINISTRA\u00c7\u00c3O<\/strong><br \/>\n<strong>PRIMEIRO TERMO ADITIVO AO CONTRATO N\u00ba 003\/2024<\/strong><\/p>\n<div class=\"mat\"><\/div>\n<p>A PREFEITURA MUNICIPAL DE VILA FLOR, inscrito(a) no CNPJ sob o n\u00ba 08.169.278\/0001-07, com sede na RUA JOSE CALAZANS, 69, representado por THUANNE KARLA CARVALHO DE SOUZA, PREFEITA MUNICIPAL, doravante denominado(a) CONTRATANTE, e a detentora \u00e9 a empresa A.O.S SOFTWARE LTDA, CNPJ\/MF: 27.158.141\/0001-93, j\u00e1 qualificados no contrato inicial, determinaram por meio deste, alterar o referido contrato, consubstanciado nas seguintes cl\u00e1usulas:<\/p>\n<p><b>CL\u00c1USULA PRIMEIRA &#8211; DO OBJETO<\/b><\/p>\n<p>O presente Termo Aditivo objetiva a prorroga\u00e7\u00e3o do prazo de vig\u00eancia do contrato durante mais 12 (doze) meses como tamb\u00e9m o valor, nos termo do art. 107, \u00a71, C\/C Art. 124, I, \u201ca\u201d da Lei Federal n\u00ba 14.133\/21.<\/p>\n<p><b>CL\u00c1USULA SEGUNDA \u2013 DO VALOR<\/b><\/p>\n<p>1.1. a altera\u00e7\u00e3o do presente instrumento \u00e9<\/p>\n<p>1.1.1. ACRESCENTAR 25% do valor inicial atualizado do contrato, a partir da data de assinatura deste instrumento, equivalente a R$ 300,00 (Trezentos reais), nos moldes do art. 65, inciso I, al\u00ednea \u201cb\u201d, \u00a7 1\u00ba, da Lei n.\u00ba 8.666\/1993;<\/p>\n<p>1.1.2. ALTERAR a Cl\u00e1usula Terceira \u2013 Pre\u00e7o, em fun\u00e7\u00e3o do acr\u00e9scimo.<\/p>\n<p><b>2. CL\u00c1USULA SEGUNDA &#8211; PRE\u00c7O<\/b><\/p>\n<p>2.1. O valor mensal da contrata\u00e7\u00e3o \u00e9 de R$ 1.500,00 (Um mil e quinhentos reais), perfazendo o valor anual de R$ 18.000,00 (Dezoito mil reais), conforme tabela abaixo:<\/p>\n<table class=\"mat\" border=\"1\" cellspacing=\"0\" cellpadding=\"0\" align=\"left\">\n<tbody>\n<tr>\n<td width=\"76\">&nbsp;<\/p>\n<p><b>ITEM<\/b><\/p>\n<p>&nbsp;<\/td>\n<td width=\"293\">&nbsp;<\/p>\n<p><b>DESCRI\u00c7\u00c3O<\/b><\/p>\n<p>&nbsp;<\/td>\n<td width=\"86\">&nbsp;<\/p>\n<p><b>QTD.<\/b><\/p>\n<p>&nbsp;<\/td>\n<td width=\"142\">&nbsp;<\/p>\n<p><b>UNIDADE DE MEDIDA<\/b><\/p>\n<p>&nbsp;<\/td>\n<td width=\"142\">&nbsp;<\/p>\n<p><b>VALOR MENSAL<\/b><\/p>\n<p>&nbsp;<\/td>\n<td width=\"147\">&nbsp;<\/p>\n<p><b>VALOR TOTAL<\/b><\/p>\n<p>&nbsp;<\/td>\n<\/tr>\n<tr>\n<td width=\"76\">&nbsp;<\/p>\n<p>01<\/p>\n<p>&nbsp;<\/td>\n<td width=\"293\">&nbsp;<\/p>\n<p>Contrato para Contrata\u00e7\u00e3o de empresa especializada para os servi\u00e7os de implanta\u00e7\u00e3o e manuten\u00e7\u00e3o do sistema de folha de pagamento da Prefeitura Municipal de Vila Flor\/RN<\/p>\n<p>&nbsp;<\/td>\n<td width=\"86\">&nbsp;<\/p>\n<p>12<\/p>\n<p>&nbsp;<\/td>\n<td width=\"142\">&nbsp;<\/p>\n<p>M\u00eas<\/p>\n<p>&nbsp;<\/td>\n<td width=\"142\">&nbsp;<\/p>\n<p>R$ 1.500,00<\/p>\n<p>&nbsp;<\/td>\n<td width=\"147\">&nbsp;<\/p>\n<p>R$ 18.000,00<\/p>\n<p>&nbsp;<\/td>\n<\/tr>\n<tr>\n<td colspan=\"5\" width=\"738\">&nbsp;<\/p>\n<p><b>VALOR TOTAL<\/b><\/p>\n<p>&nbsp;<\/td>\n<td width=\"147\">&nbsp;<\/p>\n<p><b>R$ 18.000,00<\/b><\/p>\n<p>&nbsp;<\/td>\n<\/tr>\n<\/tbody>\n<\/table>\n<p>&nbsp;<\/p>\n<p><b>CL\u00c1USULA TERCEIRA &#8211; DA DOTA\u00c7\u00c3O OR\u00c7AMENT\u00c1RIA<\/b><\/p>\n<p>\u00d3rg\u00e3o requisitante: 03.001 \u2013 Secretaria Municipal de Administra\u00e7\u00e3o<\/p>\n<p>Projeto\/Atividade: 2.007 \u2013 Manuten\u00e7\u00e3o das A\u00e7\u00f5es da Secretaria Municipal de Administra\u00e7\u00e3o<\/p>\n<p>Classifica\u00e7\u00e3o Econ\u00f4mica: 3.3.90.39.00 &#8211; Outros Servi\u00e7os de Terceiros &#8211; Pessoa Jur\u00eddica<\/p>\n<p>Fonte de Recurso: 1500000000 \u2013 Recurso n\u00e3o vinculado de Impostos<\/p>\n<p>&nbsp;<\/p>\n<p><b>CL\u00c1USULA QUARTA &#8211; DO PRAZO DE VIG\u00caNCIA<\/b><\/p>\n<p>O presente Termo Aditivo entra em vigor a partir da data de sua publica\u00e7\u00e3o e encerrando em 31 de dezembro de 2025.<\/p>\n<p><b>CL\u00c1USULA QUINTA \u2013 RATIFICA\u00c7\u00c3O<\/b><\/p>\n<p>Ficam mantidas e ratificadas as demais cl\u00e1usulas e condi\u00e7\u00f5es do contrato origin\u00e1rio, naquilo que n\u00e3o contrariem o presente termo aditivo.<\/p>\n<p><b>CL\u00c1USULA SEXTA \u2013 DA PUBLICA\u00c7\u00c3O<\/b><\/p>\n<p>Incumbir\u00e1 ao contratante divulgar o presente instrumento no Portal Nacional de Contrata\u00e7\u00f5es P\u00fablicas (PNCP), na forma prevista no art. 94 da Lei n\u00ba 14.133, de 2021, bem como no respectivo s\u00edtio oficial na Internet, em aten\u00e7\u00e3o ao art. 91, caput, da Lei n\u00ba 14.133, de 2021, e ao art. 8\u00ba, \u00a72\u00ba, da Lei n\u00ba 12.527, de 2011, c\/c art. 7\u00ba, \u00a73\u00ba, inciso V, do Decreto n\u00ba 7.724, de 2012.<\/p>\n<p>&nbsp;<\/p>\n<p>Vila Flor\/RN, em 30 de dezembro de 2024.<\/p>\n<p>&nbsp;<\/p>\n<p>&nbsp;<\/p>\n<p><b><i>PREFEITURA MUNICIPAL DE VILA FLOR<\/i><\/b><\/p>\n<p><b><i><\/i><\/b><\/p>\n<p>CNPJ(MF) 08.169.278\/0001-07<\/p>\n<p>Contratante<\/p>\n<p>&nbsp;<\/p>\n<p>&nbsp;<\/p>\n<p><b><i>A.O.S SOFTWARE LTDA<\/i><\/b><\/p>\n<p><b><i><\/i><\/b><\/p>\n<p>CNPJ\/MF: 27.158.141\/0001-93<\/p>\n<p>Contratada<\/p>\n<div align=\"right\"><b>Publicado por:<\/b><br \/>\nGrinaldo Joaquim de Souza<br \/>\n<b>C\u00f3digo Identificador:<\/b>2CC3AB22<\/div>\n<p>&nbsp;<\/p>\n<hr \/>\n<p>Mat\u00e9ria publicada no Di\u00e1rio Oficial dos Munic\u00edpios do Estado do Rio Grande do Norte no dia 06\/01\/2025. Edi\u00e7\u00e3o 3448<br \/>\nA verifica\u00e7\u00e3o de autenticidade da mat\u00e9ria pode ser feita informando o c\u00f3digo identificador no site:<br \/>\nhttps:\/\/www.diariomunicipal.com.br\/femurn\/<\/p>\n<\/div>\n<div class=\"pdfprnt-buttons pdfprnt-buttons-post pdfprnt-bottom-right\"><a href=\"https:\/\/vilaflor.rn.gov.br\/transparencia\/wp-json\/wp\/v2\/posts\/2885?print=pdf\" class=\"pdfprnt-button pdfprnt-button-pdf\" target=\"_blank\"><img decoding=\"async\" src=\"https:\/\/vilaflor.rn.gov.br\/transparencia\/wp-content\/plugins\/pdf-print\/images\/pdf.png\" alt=\"image_pdf\" title=\"Baixar PDF\" \/><\/a><a href=\"https:\/\/vilaflor.rn.gov.br\/transparencia\/wp-json\/wp\/v2\/posts\/2885?print=print\" class=\"pdfprnt-button pdfprnt-button-print\" target=\"_blank\"><img decoding=\"async\" src=\"https:\/\/vilaflor.rn.gov.br\/transparencia\/wp-content\/plugins\/pdf-print\/images\/print.png\" alt=\"image_print\" title=\"Conte\u00fado de impress\u00e3o\" \/><\/a><\/div>","protected":false},"excerpt":{"rendered":"<p>ESTADO DO RIO GRANDE DO NORTE PREFEITURA MUNICIPAL DE VILA FLOR SECRETARIA MUNICIPAL DE ADMINISTRA\u00c7\u00c3O PRIMEIRO TERMO ADITIVO AO CONTRATO N\u00ba 003\/2024 A PREFEITURA MUNICIPAL DE VILA FLOR, inscrito(a) no CNPJ sob o n\u00ba 08.169.278\/0001-07, com sede na RUA JOSE CALAZANS, 69, representado por THUANNE KARLA CARVALHO DE SOUZA, PREFEITA MUNICIPAL, doravante denominado(a) CONTRATANTE, e [&hellip;]<\/p>\n","protected":false},"author":1,"featured_media":0,"comment_status":"open","ping_status":"open","sticky":false,"template":"","format":"standard","meta":{"ocean_post_layout":"","ocean_both_sidebars_style":"","ocean_both_sidebars_content_width":0,"ocean_both_sidebars_sidebars_width":0,"ocean_sidebar":"0","ocean_second_sidebar":"0","ocean_disable_margins":"enable","ocean_add_body_class":"","ocean_shortcode_before_top_bar":"","ocean_shortcode_after_top_bar":"","ocean_shortcode_before_header":"","ocean_shortcode_after_header":"","ocean_has_shortcode":"","ocean_shortcode_after_title":"","ocean_shortcode_before_footer_widgets":"","ocean_shortcode_after_footer_widgets":"","ocean_shortcode_before_footer_bottom":"","ocean_shortcode_after_footer_bottom":"","ocean_display_top_bar":"default","ocean_display_header":"default","ocean_header_style":"","ocean_center_header_left_menu":"0","ocean_custom_header_template":"0","ocean_custom_logo":0,"ocean_custom_retina_logo":0,"ocean_custom_logo_max_width":0,"ocean_custom_logo_tablet_max_width":0,"ocean_custom_logo_mobile_max_width":0,"ocean_custom_logo_max_height":0,"ocean_custom_logo_tablet_max_height":0,"ocean_custom_logo_mobile_max_height":0,"ocean_header_custom_menu":"0","ocean_menu_typo_font_family":"0","ocean_menu_typo_font_subset":"","ocean_menu_typo_font_size":0,"ocean_menu_typo_font_size_tablet":0,"ocean_menu_typo_font_size_mobile":0,"ocean_menu_typo_font_size_unit":"px","ocean_menu_typo_font_weight":"","ocean_menu_typo_font_weight_tablet":"","ocean_menu_typo_font_weight_mobile":"","ocean_menu_typo_transform":"","ocean_menu_typo_transform_tablet":"","ocean_menu_typo_transform_mobile":"","ocean_menu_typo_line_height":0,"ocean_menu_typo_line_height_tablet":0,"ocean_menu_typo_line_height_mobile":0,"ocean_menu_typo_line_height_unit":"","ocean_menu_typo_spacing":0,"ocean_menu_typo_spacing_tablet":0,"ocean_menu_typo_spacing_mobile":0,"ocean_menu_typo_spacing_unit":"","ocean_menu_link_color":"","ocean_menu_link_color_hover":"","ocean_menu_link_color_active":"","ocean_menu_link_background":"","ocean_menu_link_hover_background":"","ocean_menu_link_active_background":"","ocean_menu_social_links_bg":"","ocean_menu_social_hover_links_bg":"","ocean_menu_social_links_color":"","ocean_menu_social_hover_links_color":"","ocean_disable_title":"default","ocean_disable_heading":"default","ocean_post_title":"","ocean_post_subheading":"","ocean_post_title_style":"","ocean_post_title_background_color":"","ocean_post_title_background":0,"ocean_post_title_bg_image_position":"","ocean_post_title_bg_image_attachment":"","ocean_post_title_bg_image_repeat":"","ocean_post_title_bg_image_size":"","ocean_post_title_height":0,"ocean_post_title_bg_overlay":0.5,"ocean_post_title_bg_overlay_color":"","ocean_disable_breadcrumbs":"default","ocean_breadcrumbs_color":"","ocean_breadcrumbs_separator_color":"","ocean_breadcrumbs_links_color":"","ocean_breadcrumbs_links_hover_color":"","ocean_display_footer_widgets":"default","ocean_display_footer_bottom":"default","ocean_custom_footer_template":"0","ocean_post_oembed":"","ocean_post_self_hosted_media":"","ocean_post_video_embed":"","ocean_link_format":"","ocean_link_format_target":"self","ocean_quote_format":"","ocean_quote_format_link":"post","ocean_gallery_link_images":"on","ocean_gallery_id":[],"footnotes":""},"categories":[58,60],"tags":[],"class_list":["post-2885","post","type-post","status-publish","format-standard","hentry","category-contratos","category-contratos-2024","entry"],"_links":{"self":[{"href":"https:\/\/vilaflor.rn.gov.br\/transparencia\/wp-json\/wp\/v2\/posts\/2885","targetHints":{"allow":["GET"]}}],"collection":[{"href":"https:\/\/vilaflor.rn.gov.br\/transparencia\/wp-json\/wp\/v2\/posts"}],"about":[{"href":"https:\/\/vilaflor.rn.gov.br\/transparencia\/wp-json\/wp\/v2\/types\/post"}],"author":[{"embeddable":true,"href":"https:\/\/vilaflor.rn.gov.br\/transparencia\/wp-json\/wp\/v2\/users\/1"}],"replies":[{"embeddable":true,"href":"https:\/\/vilaflor.rn.gov.br\/transparencia\/wp-json\/wp\/v2\/comments?post=2885"}],"version-history":[{"count":2,"href":"https:\/\/vilaflor.rn.gov.br\/transparencia\/wp-json\/wp\/v2\/posts\/2885\/revisions"}],"predecessor-version":[{"id":2887,"href":"https:\/\/vilaflor.rn.gov.br\/transparencia\/wp-json\/wp\/v2\/posts\/2885\/revisions\/2887"}],"wp:attachment":[{"href":"https:\/\/vilaflor.rn.gov.br\/transparencia\/wp-json\/wp\/v2\/media?parent=2885"}],"wp:term":[{"taxonomy":"category","embeddable":true,"href":"https:\/\/vilaflor.rn.gov.br\/transparencia\/wp-json\/wp\/v2\/categories?post=2885"},{"taxonomy":"post_tag","embeddable":true,"href":"https:\/\/vilaflor.rn.gov.br\/transparencia\/wp-json\/wp\/v2\/tags?post=2885"}],"curies":[{"name":"wp","href":"https:\/\/api.w.org\/{rel}","templated":true}]}}