{"id":2827,"date":"2022-01-03T14:10:48","date_gmt":"2022-01-03T17:10:48","guid":{"rendered":"https:\/\/vilaflor.rn.gov.br\/transparencia\/?p=2827"},"modified":"2025-08-13T14:12:06","modified_gmt":"2025-08-13T17:12:06","slug":"portaria-no-002-2022-gab-pref-nomear-o-senhor-fabio-francisco-viana","status":"publish","type":"post","link":"https:\/\/vilaflor.rn.gov.br\/transparencia\/portaria-no-002-2022-gab-pref-nomear-o-senhor-fabio-francisco-viana\/","title":{"rendered":"PORTARIA N\u00ba 002\/2022 \u2013 GAB\/PREF. &#8211; Nomear o Senhor Fabio Francisco Viana"},"content":{"rendered":"<div id=\"separador\" class=\"cabecalhoEstadoSeparador cabecalhoEstadoSeparador1\">\n<p style=\"text-align: center;\"><strong>ESTADO DO RIO GRANDE DO NORTE<\/strong><br \/>\n<strong>PREFEITURA MUNICIPAL DE VILA FLOR<\/strong><\/p>\n<\/div>\n<p class=\"cabecaorgao\" style=\"text-align: center;\"><strong>SECRETARIA MUNICIPAL DE ADMINISTRA\u00c7\u00c3O<\/strong><\/p>\n<hr \/>\n<div id=\"materia\" class=\"materia materia20091123 materia1\">\n<p>PORTARIA N\u00ba 002\/2022 \u2013 GAB\/PREF.<\/p>\n<div class=\"mat\"><b><u>Portaria n\u00ba 002\/2022 \u2013 Gab\/Pref.<\/u><\/b><\/div>\n<p>Em, 03 de Janeiro de 2022.<\/p>\n<p>&nbsp;<\/p>\n<p><i>A Prefeita Municipal de Vila Flor\/RN, no uso de suas atribui\u00e7\u00f5es legais definidas pela Lei Org\u00e2nica Municipal;<\/i><\/p>\n<p>&nbsp;<\/p>\n<p>Resolve:<\/p>\n<p>&nbsp;<\/p>\n<p>Art. 1\u00ba &#8211; Nomear o Senhor<b>Fabio Francisco Viana<\/b>, portador do CPF\/MF<b>022.385.554-55<\/b>, para ocupar o cargo \u201cAssessor T\u00e9cnico\u201d, cargo esse lotado na estrutura administrativa da Prefeitura Municipal de Vila Flor\/RN.<\/p>\n<p>&nbsp;<\/p>\n<p>Art. 2\u00ba &#8211; Esta portaria entra em vigor na data de sua publica\u00e7\u00e3o, retroagindo seus efeitos ao dia 03 de Janeiro de 2022, revogadas as disposi\u00e7\u00f5es em contr\u00e1rio.<\/p>\n<p>&nbsp;<\/p>\n<p>Art. 3\u00ba &#8211; Revogam-se as disposi\u00e7\u00f5es em contr\u00e1rio.<\/p>\n<p>&nbsp;<\/p>\n<p>Publique-se e Cumpra-se.<\/p>\n<p>&nbsp;<\/p>\n<p><b><i>THUANNE KARLA CARVALHO DE SOUZA<\/i><\/b><\/p>\n<p>Prefeita Municipal de Vila Flor<\/p>\n<div align=\"right\">\n<b>Publicado por:<\/b><br \/>\nGrinaldo Joaquim de Souza<br \/>\n<b>C\u00f3digo Identificador:<\/b>4B1D9E36<\/div>\n<p>&nbsp;<\/p>\n<hr \/>\n<p>Mat\u00e9ria publicada no Di\u00e1rio Oficial dos Munic\u00edpios do Estado do Rio Grande do Norte no dia 19\/01\/2022. Edi\u00e7\u00e3o 2697<br \/>\nA verifica\u00e7\u00e3o de autenticidade da mat\u00e9ria pode ser feita informando o c\u00f3digo identificador no site:<br \/>\nhttps:\/\/www.diariomunicipal.com.br\/femurn\/<\/p><\/div>\n<div class=\"pdfprnt-buttons pdfprnt-buttons-post pdfprnt-bottom-right\"><a href=\"https:\/\/vilaflor.rn.gov.br\/transparencia\/wp-json\/wp\/v2\/posts\/2827?print=pdf\" class=\"pdfprnt-button pdfprnt-button-pdf\" target=\"_blank\"><img decoding=\"async\" src=\"https:\/\/vilaflor.rn.gov.br\/transparencia\/wp-content\/plugins\/pdf-print\/images\/pdf.png\" alt=\"image_pdf\" title=\"Baixar PDF\" \/><\/a><a href=\"https:\/\/vilaflor.rn.gov.br\/transparencia\/wp-json\/wp\/v2\/posts\/2827?print=print\" class=\"pdfprnt-button pdfprnt-button-print\" target=\"_blank\"><img decoding=\"async\" src=\"https:\/\/vilaflor.rn.gov.br\/transparencia\/wp-content\/plugins\/pdf-print\/images\/print.png\" alt=\"image_print\" title=\"Conte\u00fado de impress\u00e3o\" \/><\/a><\/div>","protected":false},"excerpt":{"rendered":"<p>ESTADO DO RIO GRANDE DO NORTE PREFEITURA MUNICIPAL DE VILA FLOR SECRETARIA MUNICIPAL DE ADMINISTRA\u00c7\u00c3O PORTARIA N\u00ba 002\/2022 \u2013 GAB\/PREF. Portaria n\u00ba 002\/2022 \u2013 Gab\/Pref. Em, 03 de Janeiro de 2022. &nbsp; A Prefeita Municipal de Vila Flor\/RN, no uso de suas atribui\u00e7\u00f5es legais definidas pela Lei Org\u00e2nica Municipal; &nbsp; Resolve: &nbsp; Art. 1\u00ba &#8211; [&hellip;]<\/p>\n","protected":false},"author":1,"featured_media":0,"comment_status":"open","ping_status":"open","sticky":false,"template":"","format":"standard","meta":{"ocean_post_layout":"","ocean_both_sidebars_style":"","ocean_both_sidebars_content_width":0,"ocean_both_sidebars_sidebars_width":0,"ocean_sidebar":"0","ocean_second_sidebar":"0","ocean_disable_margins":"enable","ocean_add_body_class":"","ocean_shortcode_before_top_bar":"","ocean_shortcode_after_top_bar":"","ocean_shortcode_before_header":"","ocean_shortcode_after_header":"","ocean_has_shortcode":"","ocean_shortcode_after_title":"","ocean_shortcode_before_footer_widgets":"","ocean_shortcode_after_footer_widgets":"","ocean_shortcode_before_footer_bottom":"","ocean_shortcode_after_footer_bottom":"","ocean_display_top_bar":"default","ocean_display_header":"default","ocean_header_style":"","ocean_center_header_left_menu":"0","ocean_custom_header_template":"0","ocean_custom_logo":0,"ocean_custom_retina_logo":0,"ocean_custom_logo_max_width":0,"ocean_custom_logo_tablet_max_width":0,"ocean_custom_logo_mobile_max_width":0,"ocean_custom_logo_max_height":0,"ocean_custom_logo_tablet_max_height":0,"ocean_custom_logo_mobile_max_height":0,"ocean_header_custom_menu":"0","ocean_menu_typo_font_family":"0","ocean_menu_typo_font_subset":"","ocean_menu_typo_font_size":0,"ocean_menu_typo_font_size_tablet":0,"ocean_menu_typo_font_size_mobile":0,"ocean_menu_typo_font_size_unit":"px","ocean_menu_typo_font_weight":"","ocean_menu_typo_font_weight_tablet":"","ocean_menu_typo_font_weight_mobile":"","ocean_menu_typo_transform":"","ocean_menu_typo_transform_tablet":"","ocean_menu_typo_transform_mobile":"","ocean_menu_typo_line_height":0,"ocean_menu_typo_line_height_tablet":0,"ocean_menu_typo_line_height_mobile":0,"ocean_menu_typo_line_height_unit":"","ocean_menu_typo_spacing":0,"ocean_menu_typo_spacing_tablet":0,"ocean_menu_typo_spacing_mobile":0,"ocean_menu_typo_spacing_unit":"","ocean_menu_link_color":"","ocean_menu_link_color_hover":"","ocean_menu_link_color_active":"","ocean_menu_link_background":"","ocean_menu_link_hover_background":"","ocean_menu_link_active_background":"","ocean_menu_social_links_bg":"","ocean_menu_social_hover_links_bg":"","ocean_menu_social_links_color":"","ocean_menu_social_hover_links_color":"","ocean_disable_title":"default","ocean_disable_heading":"default","ocean_post_title":"","ocean_post_subheading":"","ocean_post_title_style":"","ocean_post_title_background_color":"","ocean_post_title_background":0,"ocean_post_title_bg_image_position":"","ocean_post_title_bg_image_attachment":"","ocean_post_title_bg_image_repeat":"","ocean_post_title_bg_image_size":"","ocean_post_title_height":0,"ocean_post_title_bg_overlay":0.5,"ocean_post_title_bg_overlay_color":"","ocean_disable_breadcrumbs":"default","ocean_breadcrumbs_color":"","ocean_breadcrumbs_separator_color":"","ocean_breadcrumbs_links_color":"","ocean_breadcrumbs_links_hover_color":"","ocean_display_footer_widgets":"default","ocean_display_footer_bottom":"default","ocean_custom_footer_template":"0","ocean_post_oembed":"","ocean_post_self_hosted_media":"","ocean_post_video_embed":"","ocean_link_format":"","ocean_link_format_target":"self","ocean_quote_format":"","ocean_quote_format_link":"post","ocean_gallery_link_images":"on","ocean_gallery_id":[],"footnotes":""},"categories":[16,24,52],"tags":[],"class_list":["post-2827","post","type-post","status-publish","format-standard","hentry","category-legislacao","category-portarias","category-portarias-2022","entry"],"_links":{"self":[{"href":"https:\/\/vilaflor.rn.gov.br\/transparencia\/wp-json\/wp\/v2\/posts\/2827","targetHints":{"allow":["GET"]}}],"collection":[{"href":"https:\/\/vilaflor.rn.gov.br\/transparencia\/wp-json\/wp\/v2\/posts"}],"about":[{"href":"https:\/\/vilaflor.rn.gov.br\/transparencia\/wp-json\/wp\/v2\/types\/post"}],"author":[{"embeddable":true,"href":"https:\/\/vilaflor.rn.gov.br\/transparencia\/wp-json\/wp\/v2\/users\/1"}],"replies":[{"embeddable":true,"href":"https:\/\/vilaflor.rn.gov.br\/transparencia\/wp-json\/wp\/v2\/comments?post=2827"}],"version-history":[{"count":1,"href":"https:\/\/vilaflor.rn.gov.br\/transparencia\/wp-json\/wp\/v2\/posts\/2827\/revisions"}],"predecessor-version":[{"id":2828,"href":"https:\/\/vilaflor.rn.gov.br\/transparencia\/wp-json\/wp\/v2\/posts\/2827\/revisions\/2828"}],"wp:attachment":[{"href":"https:\/\/vilaflor.rn.gov.br\/transparencia\/wp-json\/wp\/v2\/media?parent=2827"}],"wp:term":[{"taxonomy":"category","embeddable":true,"href":"https:\/\/vilaflor.rn.gov.br\/transparencia\/wp-json\/wp\/v2\/categories?post=2827"},{"taxonomy":"post_tag","embeddable":true,"href":"https:\/\/vilaflor.rn.gov.br\/transparencia\/wp-json\/wp\/v2\/tags?post=2827"}],"curies":[{"name":"wp","href":"https:\/\/api.w.org\/{rel}","templated":true}]}}