{"id":2825,"date":"2022-01-13T14:09:50","date_gmt":"2022-01-13T17:09:50","guid":{"rendered":"https:\/\/vilaflor.rn.gov.br\/transparencia\/?p=2825"},"modified":"2025-08-13T14:10:39","modified_gmt":"2025-08-13T17:10:39","slug":"portaria-no-012022-nomear-os-representantes-abaixo-relacionados-para-integrarem-o-conselho-municipal-de-turismo-no-municipio-de-vila-flor-rn","status":"publish","type":"post","link":"https:\/\/vilaflor.rn.gov.br\/transparencia\/portaria-no-012022-nomear-os-representantes-abaixo-relacionados-para-integrarem-o-conselho-municipal-de-turismo-no-municipio-de-vila-flor-rn\/","title":{"rendered":"PORTARIA N\u00ba 012022 &#8211; NOMEAR\u00a0os representantes abaixo relacionados para integrarem o Conselho Municipal de Turismo no Munic\u00edpio de Vila Flor\/RN."},"content":{"rendered":"<div id=\"separador\" class=\"cabecalhoEstadoSeparador cabecalhoEstadoSeparador1\">\n<p style=\"text-align: center;\"><strong>ESTADO DO RIO GRANDE DO NORTE<\/strong><br \/>\n<strong>PREFEITURA MUNICIPAL DE VILA FLOR<\/strong><\/p>\n<\/div>\n<p class=\"cabecaorgao\" style=\"text-align: center;\"><strong>SECRETARIA MUNICIPAL DE ADMINISTRA\u00c7\u00c3O<\/strong><\/p>\n<hr \/>\n<div id=\"materia\" class=\"materia materia20091123 materia1\">\n<p>PORTARIA N\u00ba 01, DE 13 DE JANEIRO DE 2022.<\/p>\n<div class=\"mat\"><\/div>\n<p>Nomeia o Conselho Municipal de Turismo, do Munic\u00edpio de Vila Flor\/RN.<\/p>\n<p>&nbsp;<\/p>\n<p><b>A PREFEITA CONSTITUCIONAL DO MUNIC\u00cdPIO<\/b>\u00a0<b>DE VILA FLOR,\u00a0<\/b>Estado do Rio Grande do Norte, no uso das atribui\u00e7\u00f5es que lhe s\u00e3o conferidas pela Lei Org\u00e2nica Municipal e pela Lei n\u00ba 412, de 19 de mar\u00e7o de 2021,<\/p>\n<p>&nbsp;<\/p>\n<p><b>RESOLVE:<\/b><\/p>\n<p>&nbsp;<\/p>\n<p><b>Art. 1\u00ba NOMEAR\u00a0<\/b>os representantes abaixo relacionados para integrarem o Conselho Municipal de Turismo no Munic\u00edpio de Vila Flor\/RN.<\/p>\n<p>&nbsp;<\/p>\n<p><b><u>MEMBROS TITULARES<\/u><\/b><\/p>\n<p>&nbsp;<\/p>\n<p><b>Franknilson Andr\u00e9 da Silva<\/b><\/p>\n<p>CPF:\u00a0<b>072.***.***-09<\/b><\/p>\n<p>Representante da Secretaria Municipal do Turismo;<\/p>\n<p>&nbsp;<\/p>\n<p><b>Jos\u00e9 Geraldo da Silva<\/b><\/p>\n<p>CPF:\u00a0<b>422.***.***-20<\/b><\/p>\n<p>Representante da Secretaria Municipal de Meio Ambiente;<\/p>\n<p>&nbsp;<\/p>\n<p><b>Lucas Andre da Silva<\/b><\/p>\n<p>CPF:\u00a0<b>088.***.***-07<\/b><\/p>\n<p>Representante da Secretaria Municipal de Esporte, Cultura e Lazer;<\/p>\n<p>&nbsp;<\/p>\n<p><b>Nilton Rodrigues Pereira<\/b><\/p>\n<p>CPF:\u00a0<b>101.***.***-63<\/b><\/p>\n<p>Representante do Comercio;<\/p>\n<p>&nbsp;<\/p>\n<p><b>Isabel Cristina da Cruz Alves<\/b><\/p>\n<p>CPF:\u00a0<b>051<\/b><b>.***.***-79<\/b><\/p>\n<p>Representante do Ecoturismo e Turismo de Aventura;<\/p>\n<p>&nbsp;<\/p>\n<p><b>Maria Luiza Bezerra dos Santos<\/b><\/p>\n<p>CPF:\u00a0<b>416.***.***-34<\/b><\/p>\n<p>Representante de Artes\u00e3o;<\/p>\n<p>&nbsp;<\/p>\n<p><b>Vit\u00f3ria Regia Alves Cavalcanti<\/b><\/p>\n<p>CPF:\u00a0<b>051.***.***-54<\/b><\/p>\n<p>Representante dos Meios de Hospedagem<\/p>\n<p>&nbsp;<\/p>\n<p><b>Janesa Cassimiro de Lima Martins<\/b><\/p>\n<p>CPF:\u00a0<b>017<\/b><b>.***.***-60<\/b><\/p>\n<p>Representantes dos Servi\u00e7ocs de Alimenta\u00e7\u00e3o Fora do Lar<\/p>\n<p>&nbsp;<\/p>\n<p><b>Irene Vicente da Silva<\/b><\/p>\n<p>CPF:\u00a0<b>297<\/b><b>.***.***-20<\/b><\/p>\n<p>Representante do Segmento do Turismo Religioso e Cultural<\/p>\n<p>&nbsp;<\/p>\n<p><b><u>MEMBROS SUPLENTES:<\/u><\/b><\/p>\n<p>&nbsp;<\/p>\n<p><b>Euzy Eliza da Silva<\/b><\/p>\n<p>CPF:\u00a0<b>056.***.***-92<\/b><\/p>\n<p>Representante da Secretaria Municipal do Turismo;<\/p>\n<p>&nbsp;<\/p>\n<p><b>Lucio Querino de Lima<\/b><\/p>\n<p>CPF:\u00a0<b>670.***.***-20<\/b><\/p>\n<p>Representante da Secretaria Municipal de Meio Ambiente;<\/p>\n<p>&nbsp;<\/p>\n<p><b>Avelino de Melo Martins<\/b><\/p>\n<p>CPF:\u00a0<b>010.***.***-01<\/b><\/p>\n<p>Representante da Secretaria Municipal de Esporte, Cultura e Lazer;<\/p>\n<p>&nbsp;<\/p>\n<p><b>Livane da Silva Marinho<\/b><\/p>\n<p>CPF:\u00a0<b>111.***.***-24<\/b><\/p>\n<p>Representante do Comercio;<\/p>\n<p>&nbsp;<\/p>\n<p><b>Maria de Lourdes Bezerra<\/b><\/p>\n<p>CPF:\u00a0<b>704<\/b><b>.***.***-11<\/b><\/p>\n<p>Representante do Ecoturismo e Turismo de Aventura;<\/p>\n<p>&nbsp;<\/p>\n<p><b>Jo\u00e3o Paulo da Silva<\/b><\/p>\n<p>CPF:\u00a0<b>704.***.***-11<\/b><\/p>\n<p>Representante de Artes\u00e3o;<\/p>\n<p>&nbsp;<\/p>\n<p><b>Irinaldo da Silva<\/b><\/p>\n<p>CPF:\u00a0<b>722<\/b><b>.***.***-87<\/b><\/p>\n<p>Representante dos Meios de Hospedagem<\/p>\n<p>&nbsp;<\/p>\n<p><b>Bruna Carolina do Vale Caetano<\/b><\/p>\n<p>CPF:\u00a0<b>124<\/b><b>.***.***-10<\/b><\/p>\n<p>Representantes dos Servi\u00e7ocs de Alimenta\u00e7\u00e3o Fora do Lar<\/p>\n<p>&nbsp;<\/p>\n<p><b>Alcione Maria de Lima<\/b><\/p>\n<p>CPF:\u00a0<b>944<\/b><b>.***.***-19<\/b><\/p>\n<p>Representante do Segmento do Turismo Religioso e Cultural<\/p>\n<p>&nbsp;<\/p>\n<p><b>Art. 2\u00ba\u00a0<\/b>Esta Portaria entra em vigor na data de sua publica\u00e7\u00e3o, revogadas \u00e0s disposi\u00e7\u00f5es em contr\u00e1rio.<\/p>\n<p>&nbsp;<\/p>\n<p><b>Registre-se. Publique-se. Cumpra-se.<\/b><\/p>\n<p>&nbsp;<\/p>\n<p>Vila Flor\/RN, em 13 de janeiro de 2022.<\/p>\n<p>&nbsp;<\/p>\n<p><b><i>THUANNE KARLA CARVALHO DE SOUZA<\/i><\/b><\/p>\n<p>Prefeita Municipal<\/p>\n<div align=\"right\">\n<b>Publicado por:<\/b><br \/>\nGrinaldo Joaquim de Souza<br \/>\n<b>C\u00f3digo Identificador:<\/b>EBEFEE81<\/div>\n<p>&nbsp;<\/p>\n<hr \/>\n<p>Mat\u00e9ria publicada no Di\u00e1rio Oficial dos Munic\u00edpios do Estado do Rio Grande do Norte no dia 17\/01\/2022. Edi\u00e7\u00e3o 2695<br \/>\nA verifica\u00e7\u00e3o de autenticidade da mat\u00e9ria pode ser feita informando o c\u00f3digo identificador no site:<br \/>\nhttps:\/\/www.diariomunicipal.com.br\/femurn\/<\/p><\/div>\n<div class=\"pdfprnt-buttons pdfprnt-buttons-post pdfprnt-bottom-right\"><a href=\"https:\/\/vilaflor.rn.gov.br\/transparencia\/wp-json\/wp\/v2\/posts\/2825?print=pdf\" class=\"pdfprnt-button pdfprnt-button-pdf\" target=\"_blank\"><img decoding=\"async\" src=\"https:\/\/vilaflor.rn.gov.br\/transparencia\/wp-content\/plugins\/pdf-print\/images\/pdf.png\" alt=\"image_pdf\" title=\"Baixar PDF\" \/><\/a><a href=\"https:\/\/vilaflor.rn.gov.br\/transparencia\/wp-json\/wp\/v2\/posts\/2825?print=print\" class=\"pdfprnt-button pdfprnt-button-print\" target=\"_blank\"><img decoding=\"async\" src=\"https:\/\/vilaflor.rn.gov.br\/transparencia\/wp-content\/plugins\/pdf-print\/images\/print.png\" alt=\"image_print\" title=\"Conte\u00fado de impress\u00e3o\" \/><\/a><\/div>","protected":false},"excerpt":{"rendered":"<p>ESTADO DO RIO GRANDE DO NORTE PREFEITURA MUNICIPAL DE VILA FLOR SECRETARIA MUNICIPAL DE ADMINISTRA\u00c7\u00c3O PORTARIA N\u00ba 01, DE 13 DE JANEIRO DE 2022. Nomeia o Conselho Municipal de Turismo, do Munic\u00edpio de Vila Flor\/RN. &nbsp; A PREFEITA CONSTITUCIONAL DO MUNIC\u00cdPIO\u00a0DE VILA FLOR,\u00a0Estado do Rio Grande do Norte, no uso das atribui\u00e7\u00f5es que lhe s\u00e3o [&hellip;]<\/p>\n","protected":false},"author":1,"featured_media":0,"comment_status":"open","ping_status":"open","sticky":false,"template":"","format":"standard","meta":{"ocean_post_layout":"","ocean_both_sidebars_style":"","ocean_both_sidebars_content_width":0,"ocean_both_sidebars_sidebars_width":0,"ocean_sidebar":"0","ocean_second_sidebar":"0","ocean_disable_margins":"enable","ocean_add_body_class":"","ocean_shortcode_before_top_bar":"","ocean_shortcode_after_top_bar":"","ocean_shortcode_before_header":"","ocean_shortcode_after_header":"","ocean_has_shortcode":"","ocean_shortcode_after_title":"","ocean_shortcode_before_footer_widgets":"","ocean_shortcode_after_footer_widgets":"","ocean_shortcode_before_footer_bottom":"","ocean_shortcode_after_footer_bottom":"","ocean_display_top_bar":"default","ocean_display_header":"default","ocean_header_style":"","ocean_center_header_left_menu":"0","ocean_custom_header_template":"0","ocean_custom_logo":0,"ocean_custom_retina_logo":0,"ocean_custom_logo_max_width":0,"ocean_custom_logo_tablet_max_width":0,"ocean_custom_logo_mobile_max_width":0,"ocean_custom_logo_max_height":0,"ocean_custom_logo_tablet_max_height":0,"ocean_custom_logo_mobile_max_height":0,"ocean_header_custom_menu":"0","ocean_menu_typo_font_family":"0","ocean_menu_typo_font_subset":"","ocean_menu_typo_font_size":0,"ocean_menu_typo_font_size_tablet":0,"ocean_menu_typo_font_size_mobile":0,"ocean_menu_typo_font_size_unit":"px","ocean_menu_typo_font_weight":"","ocean_menu_typo_font_weight_tablet":"","ocean_menu_typo_font_weight_mobile":"","ocean_menu_typo_transform":"","ocean_menu_typo_transform_tablet":"","ocean_menu_typo_transform_mobile":"","ocean_menu_typo_line_height":0,"ocean_menu_typo_line_height_tablet":0,"ocean_menu_typo_line_height_mobile":0,"ocean_menu_typo_line_height_unit":"","ocean_menu_typo_spacing":0,"ocean_menu_typo_spacing_tablet":0,"ocean_menu_typo_spacing_mobile":0,"ocean_menu_typo_spacing_unit":"","ocean_menu_link_color":"","ocean_menu_link_color_hover":"","ocean_menu_link_color_active":"","ocean_menu_link_background":"","ocean_menu_link_hover_background":"","ocean_menu_link_active_background":"","ocean_menu_social_links_bg":"","ocean_menu_social_hover_links_bg":"","ocean_menu_social_links_color":"","ocean_menu_social_hover_links_color":"","ocean_disable_title":"default","ocean_disable_heading":"default","ocean_post_title":"","ocean_post_subheading":"","ocean_post_title_style":"","ocean_post_title_background_color":"","ocean_post_title_background":0,"ocean_post_title_bg_image_position":"","ocean_post_title_bg_image_attachment":"","ocean_post_title_bg_image_repeat":"","ocean_post_title_bg_image_size":"","ocean_post_title_height":0,"ocean_post_title_bg_overlay":0.5,"ocean_post_title_bg_overlay_color":"","ocean_disable_breadcrumbs":"default","ocean_breadcrumbs_color":"","ocean_breadcrumbs_separator_color":"","ocean_breadcrumbs_links_color":"","ocean_breadcrumbs_links_hover_color":"","ocean_display_footer_widgets":"default","ocean_display_footer_bottom":"default","ocean_custom_footer_template":"0","ocean_post_oembed":"","ocean_post_self_hosted_media":"","ocean_post_video_embed":"","ocean_link_format":"","ocean_link_format_target":"self","ocean_quote_format":"","ocean_quote_format_link":"post","ocean_gallery_link_images":"on","ocean_gallery_id":[],"footnotes":""},"categories":[16,24,52],"tags":[],"class_list":["post-2825","post","type-post","status-publish","format-standard","hentry","category-legislacao","category-portarias","category-portarias-2022","entry"],"_links":{"self":[{"href":"https:\/\/vilaflor.rn.gov.br\/transparencia\/wp-json\/wp\/v2\/posts\/2825","targetHints":{"allow":["GET"]}}],"collection":[{"href":"https:\/\/vilaflor.rn.gov.br\/transparencia\/wp-json\/wp\/v2\/posts"}],"about":[{"href":"https:\/\/vilaflor.rn.gov.br\/transparencia\/wp-json\/wp\/v2\/types\/post"}],"author":[{"embeddable":true,"href":"https:\/\/vilaflor.rn.gov.br\/transparencia\/wp-json\/wp\/v2\/users\/1"}],"replies":[{"embeddable":true,"href":"https:\/\/vilaflor.rn.gov.br\/transparencia\/wp-json\/wp\/v2\/comments?post=2825"}],"version-history":[{"count":1,"href":"https:\/\/vilaflor.rn.gov.br\/transparencia\/wp-json\/wp\/v2\/posts\/2825\/revisions"}],"predecessor-version":[{"id":2826,"href":"https:\/\/vilaflor.rn.gov.br\/transparencia\/wp-json\/wp\/v2\/posts\/2825\/revisions\/2826"}],"wp:attachment":[{"href":"https:\/\/vilaflor.rn.gov.br\/transparencia\/wp-json\/wp\/v2\/media?parent=2825"}],"wp:term":[{"taxonomy":"category","embeddable":true,"href":"https:\/\/vilaflor.rn.gov.br\/transparencia\/wp-json\/wp\/v2\/categories?post=2825"},{"taxonomy":"post_tag","embeddable":true,"href":"https:\/\/vilaflor.rn.gov.br\/transparencia\/wp-json\/wp\/v2\/tags?post=2825"}],"curies":[{"name":"wp","href":"https:\/\/api.w.org\/{rel}","templated":true}]}}