{"id":1228,"date":"2024-01-26T11:03:07","date_gmt":"2024-01-26T14:03:07","guid":{"rendered":"https:\/\/vilaflor.rn.gov.br\/transparencia\/?p=1228"},"modified":"2025-04-28T11:07:32","modified_gmt":"2025-04-28T14:07:32","slug":"termo-de-revogacao-dispensa-de-licitacao-no-002-2024","status":"publish","type":"post","link":"https:\/\/vilaflor.rn.gov.br\/transparencia\/termo-de-revogacao-dispensa-de-licitacao-no-002-2024\/","title":{"rendered":"TERMO DE REVOGA\u00c7\u00c3O DISPENSA DE LICITA\u00c7\u00c3O N\u00ba 002\/2024"},"content":{"rendered":"<div id=\"separador\" class=\"cabecalhoEstadoSeparador cabecalhoEstadoSeparador1\">\n<p style=\"text-align: center;\"><strong>ESTADO DO RIO GRANDE DO NORTE<\/strong><br \/>\n<strong>PREFEITURA MUNICIPAL DE VILA FLOR<\/strong><\/p>\n<\/div>\n<p class=\"cabecaorgao\" style=\"text-align: center;\"><strong>SECRETARIA MUNICIPAL DE ADMINISTRA\u00c7\u00c3O<\/strong><\/p>\n<hr \/>\n<div id=\"materia\" class=\"materia materia20091123 materia1\">\n<p>TERMO DE REVOGA\u00c7\u00c3O DISPENSA DE LICITA\u00c7\u00c3O N\u00ba 002\/2024<\/p>\n<div class=\"mat\"><b>OBJETO<\/b>: Contrata\u00e7\u00e3o de empresa especializada para a presta\u00e7\u00e3o de servi\u00e7os de loca\u00e7\u00e3o de licen\u00e7a de uso de plataforma digital integrada de portais, aplicativos m\u00f3veis e sistemas de inform\u00e1tica e comunica\u00e7\u00e3o, desenvolvida em ambiente internet, conforme condi\u00e7\u00f5es constantes neste Termo de Refer\u00eancia<\/div>\n<p>&nbsp;<\/p>\n<p>A Prefeita Municipal de Vila Flor, considerando os erros encontrados na publica\u00e7\u00e3o do aviso de Dispensa de Licita\u00e7\u00e3o n\u00b0 002\/2024 e o parecer do Controle Interno na qual recomenda o cancelamento do procedimento licitat\u00f3rio e no uso de suas atribui\u00e7\u00f5es legais, que lhe s\u00e3o conferidas pela legisla\u00e7\u00e3o em vigor, especialmente a Lei Federal n\u00ba 14.133\/2021 e suas altera\u00e7\u00f5es posteriores, resolve:\u00a0<b>REVOGAR<\/b>, o processo licitat\u00f3rio\u00a0<b>DISPENSA DE LICITA\u00c7\u00c3O N\u00ba 002\/2024<\/b>. D\u00ea ci\u00eancia aos interessados, observados as prescri\u00e7\u00f5es legais pertinentes.<\/p>\n<p>&nbsp;<\/p>\n<p>Com efeito, necess\u00e1rio fundamentar no posicionamento da Jurisprud\u00eancia p\u00e1tria e pela an\u00e1lise da previs\u00e3o do art. 71 da Lei 14.133\/2021 a possibilidade da revoga\u00e7\u00e3o do Procedimento Licitat\u00f3rio, com raz\u00e3o no interesse p\u00fablico, conveni\u00eancia e oportunidade, por ato da pr\u00f3pria administra\u00e7\u00e3o.<\/p>\n<p>&nbsp;<\/p>\n<p>O art. 71 da Lei Federal 14.133\/2021, que trata da revoga\u00e7\u00e3o do procedimento \u00e9 de uma clareza exemplar no momento em que disp\u00f5e: Art. 71. Encerradas as fases de julgamento e habilita\u00e7\u00e3o, e exauridos os recursos administrativos, o processo licitat\u00f3rio ser\u00e1 encaminhado \u00e0 autoridade superior, que poder\u00e1: II &#8211; revogar a licita\u00e7\u00e3o por motivo de conveni\u00eancia e oportunidade; \u00a7 2\u00ba O motivo determinante para a revoga\u00e7\u00e3o do processo licitat\u00f3rio dever\u00e1 ser resultante de fato superveniente devidamente comprovado.<\/p>\n<p>&nbsp;<\/p>\n<p>Ademais a Administra\u00e7\u00e3o P\u00fablica tem o poder-dever, com ou sem provoca\u00e7\u00e3o, de anular o ato administrativo, sem que isso se constitua em ato de ilegalidade ou abuso de poder, li\u00e7\u00e3o assentada pelo STF no enunciado das S\u00famulas 346 e 473, sen\u00e3o vejamos:<\/p>\n<p>&nbsp;<\/p>\n<p><b>STF S\u00famula n\u00ba 346 &#8211; Administra\u00e7\u00e3o P\u00fablica &#8211; Declara\u00e7\u00e3o da Nulidade dos Seus Pr\u00f3prios Atos: A administra\u00e7\u00e3o p\u00fablica pode declarar a nulidade dos seus pr\u00f3prios atos.<\/b><\/p>\n<p><b>STF S\u00famula n\u00ba 473 &#8211; Administra\u00e7\u00e3o P\u00fablica &#8211; Anula\u00e7\u00e3o ou Revoga\u00e7\u00e3o dos Seus Pr\u00f3prios Atos: A administra\u00e7\u00e3o pode anular seus pr\u00f3prios atos, quando eivados de v\u00edcios que os tornam ilegais, porque deles n\u00e3o se originam direitos; ou revog\u00e1-los, por motivo de conveni\u00eancia ou oportunidade, respeitados os direitos adquiridos, e ressalvada, em todos os casos, a aprecia\u00e7\u00e3o judicial.<\/b><\/p>\n<p>&nbsp;<\/p>\n<p>Diante do exposto, revogo processo licitat\u00f3rio, em atendimento aos princ\u00edpios licitat\u00f3rios e constitucionais.<\/p>\n<p>&nbsp;<\/p>\n<p>Vila Flor\/RN, em 26 de janeiro de 2024<\/p>\n<p>&nbsp;<\/p>\n<p>&nbsp;<\/p>\n<p><b><i>THUANNE KARLA CARVALHO DE SOUZA<\/i><\/b><\/p>\n<p><b><i><\/i><\/b>&nbsp;<\/p>\n<p>Prefeita Municipal<\/p>\n<div id=\"icpbravoaccess_loaded\"><\/div>\n<div id=\"icpbravoaccess_loaded\"><\/div>\n<div align=\"right\">\n<b>Publicado por:<\/b><br \/>\nGrinaldo Joaquim de Souza<br \/>\n<b>C\u00f3digo Identificador:<\/b>1D3E92B7<\/div>\n<p>&nbsp;<\/p>\n<hr \/>\n<p>Mat\u00e9ria publicada no Di\u00e1rio Oficial dos Munic\u00edpios do Estado do Rio Grande do Norte no dia 29\/01\/2024. Edi\u00e7\u00e3o 3210<br \/>\nA verifica\u00e7\u00e3o de autenticidade da mat\u00e9ria pode ser feita informando o c\u00f3digo identificador no site:<br \/>\nhttps:\/\/www.diariomunicipal.com.br\/femurn\/<\/p><\/div>\n<div class=\"pdfprnt-buttons pdfprnt-buttons-post pdfprnt-bottom-right\"><a href=\"https:\/\/vilaflor.rn.gov.br\/transparencia\/wp-json\/wp\/v2\/posts\/1228?print=pdf\" class=\"pdfprnt-button pdfprnt-button-pdf\" target=\"_blank\"><img decoding=\"async\" src=\"https:\/\/vilaflor.rn.gov.br\/transparencia\/wp-content\/plugins\/pdf-print\/images\/pdf.png\" alt=\"image_pdf\" title=\"Baixar PDF\" \/><\/a><a href=\"https:\/\/vilaflor.rn.gov.br\/transparencia\/wp-json\/wp\/v2\/posts\/1228?print=print\" class=\"pdfprnt-button pdfprnt-button-print\" target=\"_blank\"><img decoding=\"async\" src=\"https:\/\/vilaflor.rn.gov.br\/transparencia\/wp-content\/plugins\/pdf-print\/images\/print.png\" alt=\"image_print\" title=\"Conte\u00fado de impress\u00e3o\" \/><\/a><\/div>","protected":false},"excerpt":{"rendered":"<p>ESTADO DO RIO GRANDE DO NORTE PREFEITURA MUNICIPAL DE VILA FLOR SECRETARIA MUNICIPAL DE ADMINISTRA\u00c7\u00c3O TERMO DE REVOGA\u00c7\u00c3O DISPENSA DE LICITA\u00c7\u00c3O N\u00ba 002\/2024 OBJETO: Contrata\u00e7\u00e3o de empresa especializada para a presta\u00e7\u00e3o de servi\u00e7os de loca\u00e7\u00e3o de licen\u00e7a de uso de plataforma digital integrada de portais, aplicativos m\u00f3veis e sistemas de inform\u00e1tica e comunica\u00e7\u00e3o, desenvolvida em [&hellip;]<\/p>\n","protected":false},"author":1,"featured_media":0,"comment_status":"open","ping_status":"open","sticky":false,"template":"","format":"standard","meta":{"ocean_post_layout":"","ocean_both_sidebars_style":"","ocean_both_sidebars_content_width":0,"ocean_both_sidebars_sidebars_width":0,"ocean_sidebar":"0","ocean_second_sidebar":"0","ocean_disable_margins":"enable","ocean_add_body_class":"","ocean_shortcode_before_top_bar":"","ocean_shortcode_after_top_bar":"","ocean_shortcode_before_header":"","ocean_shortcode_after_header":"","ocean_has_shortcode":"","ocean_shortcode_after_title":"","ocean_shortcode_before_footer_widgets":"","ocean_shortcode_after_footer_widgets":"","ocean_shortcode_before_footer_bottom":"","ocean_shortcode_after_footer_bottom":"","ocean_display_top_bar":"default","ocean_display_header":"default","ocean_header_style":"","ocean_center_header_left_menu":"0","ocean_custom_header_template":"0","ocean_custom_logo":0,"ocean_custom_retina_logo":0,"ocean_custom_logo_max_width":0,"ocean_custom_logo_tablet_max_width":0,"ocean_custom_logo_mobile_max_width":0,"ocean_custom_logo_max_height":0,"ocean_custom_logo_tablet_max_height":0,"ocean_custom_logo_mobile_max_height":0,"ocean_header_custom_menu":"0","ocean_menu_typo_font_family":"0","ocean_menu_typo_font_subset":"","ocean_menu_typo_font_size":0,"ocean_menu_typo_font_size_tablet":0,"ocean_menu_typo_font_size_mobile":0,"ocean_menu_typo_font_size_unit":"px","ocean_menu_typo_font_weight":"","ocean_menu_typo_font_weight_tablet":"","ocean_menu_typo_font_weight_mobile":"","ocean_menu_typo_transform":"","ocean_menu_typo_transform_tablet":"","ocean_menu_typo_transform_mobile":"","ocean_menu_typo_line_height":0,"ocean_menu_typo_line_height_tablet":0,"ocean_menu_typo_line_height_mobile":0,"ocean_menu_typo_line_height_unit":"","ocean_menu_typo_spacing":0,"ocean_menu_typo_spacing_tablet":0,"ocean_menu_typo_spacing_mobile":0,"ocean_menu_typo_spacing_unit":"","ocean_menu_link_color":"","ocean_menu_link_color_hover":"","ocean_menu_link_color_active":"","ocean_menu_link_background":"","ocean_menu_link_hover_background":"","ocean_menu_link_active_background":"","ocean_menu_social_links_bg":"","ocean_menu_social_hover_links_bg":"","ocean_menu_social_links_color":"","ocean_menu_social_hover_links_color":"","ocean_disable_title":"default","ocean_disable_heading":"default","ocean_post_title":"","ocean_post_subheading":"","ocean_post_title_style":"","ocean_post_title_background_color":"","ocean_post_title_background":0,"ocean_post_title_bg_image_position":"","ocean_post_title_bg_image_attachment":"","ocean_post_title_bg_image_repeat":"","ocean_post_title_bg_image_size":"","ocean_post_title_height":0,"ocean_post_title_bg_overlay":0.5,"ocean_post_title_bg_overlay_color":"","ocean_disable_breadcrumbs":"default","ocean_breadcrumbs_color":"","ocean_breadcrumbs_separator_color":"","ocean_breadcrumbs_links_color":"","ocean_breadcrumbs_links_hover_color":"","ocean_display_footer_widgets":"default","ocean_display_footer_bottom":"default","ocean_custom_footer_template":"0","ocean_post_oembed":"","ocean_post_self_hosted_media":"","ocean_post_video_embed":"","ocean_link_format":"","ocean_link_format_target":"self","ocean_quote_format":"","ocean_quote_format_link":"post","ocean_gallery_link_images":"on","ocean_gallery_id":[],"footnotes":""},"categories":[13,14,4],"tags":[],"class_list":["post-1228","post","type-post","status-publish","format-standard","hentry","category-dispensa-de-licitacao","category-dispensa-de-licitacao-2024","category-licitacao","entry"],"_links":{"self":[{"href":"https:\/\/vilaflor.rn.gov.br\/transparencia\/wp-json\/wp\/v2\/posts\/1228","targetHints":{"allow":["GET"]}}],"collection":[{"href":"https:\/\/vilaflor.rn.gov.br\/transparencia\/wp-json\/wp\/v2\/posts"}],"about":[{"href":"https:\/\/vilaflor.rn.gov.br\/transparencia\/wp-json\/wp\/v2\/types\/post"}],"author":[{"embeddable":true,"href":"https:\/\/vilaflor.rn.gov.br\/transparencia\/wp-json\/wp\/v2\/users\/1"}],"replies":[{"embeddable":true,"href":"https:\/\/vilaflor.rn.gov.br\/transparencia\/wp-json\/wp\/v2\/comments?post=1228"}],"version-history":[{"count":1,"href":"https:\/\/vilaflor.rn.gov.br\/transparencia\/wp-json\/wp\/v2\/posts\/1228\/revisions"}],"predecessor-version":[{"id":1229,"href":"https:\/\/vilaflor.rn.gov.br\/transparencia\/wp-json\/wp\/v2\/posts\/1228\/revisions\/1229"}],"wp:attachment":[{"href":"https:\/\/vilaflor.rn.gov.br\/transparencia\/wp-json\/wp\/v2\/media?parent=1228"}],"wp:term":[{"taxonomy":"category","embeddable":true,"href":"https:\/\/vilaflor.rn.gov.br\/transparencia\/wp-json\/wp\/v2\/categories?post=1228"},{"taxonomy":"post_tag","embeddable":true,"href":"https:\/\/vilaflor.rn.gov.br\/transparencia\/wp-json\/wp\/v2\/tags?post=1228"}],"curies":[{"name":"wp","href":"https:\/\/api.w.org\/{rel}","templated":true}]}}