{"id":1201,"date":"2025-03-25T10:47:24","date_gmt":"2025-03-25T13:47:24","guid":{"rendered":"https:\/\/vilaflor.rn.gov.br\/transparencia\/?p=1201"},"modified":"2025-04-28T10:48:13","modified_gmt":"2025-04-28T13:48:13","slug":"aviso-de-dispensa-de-licitacao-n-011-2025","status":"publish","type":"post","link":"https:\/\/vilaflor.rn.gov.br\/transparencia\/aviso-de-dispensa-de-licitacao-n-011-2025\/","title":{"rendered":"AVISO DE DISPENSA DE LICITA\u00c7\u00c3O N\u00b0 011\/2025"},"content":{"rendered":"<div id=\"separador\" class=\"cabecalhoEstadoSeparador cabecalhoEstadoSeparador2\">\n<p style=\"text-align: center;\"><strong>ESTADO DO RIO GRANDE DO NORTE<\/strong><br \/>\n<strong>PREFEITURA MUNICIPAL DE VILA FLOR<\/strong><\/p>\n<\/div>\n<p class=\"cabecaorgao\" style=\"text-align: center;\"><strong>SECRETARIA MUNICIPAL DE ADMINISTRA\u00c7\u00c3O<\/strong><\/p>\n<hr \/>\n<div id=\"materia\" class=\"materia materia20091123 materia2\">\n<p>AVISO DE DISPENSA DE LICITA\u00c7\u00c3O N\u00b0 011\/2025 FUNDAMENTA\u00c7\u00c3O LEGAL: ART. 75, INCISO II E \u00a7\u00a7 1\u00ba A 4\u00ba, DA LEI FEDERAL N\u00ba 14.133\/2021; INSTRU\u00c7\u00c3O NORMATIVA SEMGE N\u00ba 05\/2021<\/p>\n<div class=\"mat\"><\/div>\n<p><b>DADOS DO AVISO<\/b><\/p>\n<p>Vila Flor\/RN, em 25 de mar\u00e7o de 2025.<\/p>\n<p>&nbsp;<\/p>\n<p><b>PROCESSO ADMINISTRATIVO:\u00a0<\/b>26020001\/2025<\/p>\n<p>&nbsp;<\/p>\n<p><b>DATA E HORA LIMITE PARA ENTREGA DA PROPOSTA DE PRE\u00c7O E DOCUMENTOS DE HABILITA\u00c7\u00c3O<\/b><\/p>\n<p>&nbsp;<\/p>\n<p>At\u00e9 dia 02\/04\/2025, \u00e0s 09:00h<\/p>\n<p>&nbsp;<\/p>\n<p><b>REFER\u00caNCIA DE HOR\u00c1RIO<\/b><\/p>\n<p>&nbsp;<\/p>\n<p>Hor\u00e1rio de Brasilia &#8211; DF<\/p>\n<p>&nbsp;<\/p>\n<p><b>ENDERE\u00c7O ELETR\u00d4NICO PARA ENVIO DA PROPOSTA E DOCUMENTOS DE HABILITA\u00c7\u00c3O<\/b><\/p>\n<p>&nbsp;<\/p>\n<p>PMVFLICITACOES2021@GMAIL.COM<\/p>\n<p>&nbsp;<\/p>\n<p>A\u00a0<b>PREFEITURA MUNICIPAL DE VILA FLOR<\/b>, atrav\u00e9s da\u00a0<b>COMISS\u00c3O DE LICITA\u00c7\u00c3O<\/b>, com sede na Rua Jos\u00e9 Calazans, 169, Centro, Vila Flor\/RN, CEP 59.192-000, inscrita no CNPJ\/MF sob n\u00b0 08.169.278\/0001-07, torna p\u00fablico para conhecimento dos interessados a realiza\u00e7\u00e3o de Chamada P\u00fablica para\u00a0<b>DISPENSA DE LICITA\u00c7\u00c3O<\/b>, com crit\u00e9rio de julgamento\u00a0<b>MENOR PRE\u00c7O POR ITEM<\/b>, nos termos do Art. n\u00ba 75, inciso II da Lei 14.133\/2021, e de acordo com as condi\u00e7\u00f5es, crit\u00e9rios e procedimentos estabelecidos neste Aviso e seus anexos, objetivando obter a melhor proposta, observadas as datas e hor\u00e1rios discriminados.<\/p>\n<p><b>OS INTERESSADOS DEVER\u00c3O ACOMPANHAR AS MENSAGENS REFERENTES A ESTE AVISO (RESPOSTAS A QUESTIONAMENTOS, IMPUGNA\u00c7\u00d5ES, RECURSOS, ETC.) NO E-MAIL INSTITUCIONAL, SENDO EXCLUSIVOS RESPONS\u00c1VEIS PELO \u00d4NUS DECORRENTE DA PERDA DE NEG\u00d3CIOS DIANTE DA INOBSERV\u00c2NCIA DE QUAISQUER MENSAGENS EMITIDAS PELO PORTAL.<\/b><\/p>\n<p>&nbsp;<\/p>\n<p><b><u>ANEXOS DESTE AVISO<\/u><\/b><\/p>\n<p>&nbsp;<\/p>\n<p>Anexo I &#8211; Termo de Refer\u00eancia<\/p>\n<p>Anexo II &#8211; Modelo de Proposta de Pre\u00e7os<\/p>\n<p>Anexo III &#8211; Modelo de Declara\u00e7\u00e3o de cumprimento do disposto no Inc. XXXIII do art. 7\u00ba da Constitui\u00e7\u00e3o Federal<\/p>\n<p>Anexo IV &#8211; Declara\u00e7\u00e3o de reserva de cargos PcD, consoante art. 92, da Lei Federal n\u201d 14.133\/2021<\/p>\n<p>Anexo V &#8211; Declara\u00e7\u00e3o impedimentos do art. 14 da Lei Federal n\u201d 14.133\/2021<\/p>\n<p>Anexo VI \u2013 Modelo de Carta-Contrato<\/p>\n<p>&nbsp;<\/p>\n<p><b>AVISO DE DISPENSA DE LICITA\u00c7\u00c3O N\u00b0 011\/2025<\/b><\/p>\n<p>&nbsp;<\/p>\n<p><b>REG\u00caNCIA LEGAL<\/b><\/p>\n<p>As contra\u00e7\u00f5es atrav\u00e9s de dispensa de licita\u00e7\u00e3o no Prefeitura Municipal de Vila Flor s\u00e3o regidas pelos dispositivos legais:<\/p>\n<p>a) Lei n\u00ba 14.133\/2021, Art. 75, Inc. II;<\/p>\n<p>Instru\u00e7\u00e3o Normativa SEMGE n\u00ba 05\/2021, aprovada pela Portaria SEMGE n\u00ba 624\/2021.<\/p>\n<p>&nbsp;<\/p>\n<p><b>OBJETO<\/b><\/p>\n<p>O presente termo de refer\u00eancia visa orientar a licita\u00e7\u00e3o para a\u00a0<b>CONTRATA\u00c7\u00c3O DE EMPRESA ESPECIALIZADA EM FORNECIMENTO DE KITS DE ATEN\u00c7\u00c3O B\u00c1SICA DESTINADA AO ATENDIMENTO DAS DEMANDAS DAS UNIDADES B\u00c1SICAS DE SA\u00daDE DESTE MUNIC\u00cdPIO<\/b>, Anexo I deste Aviso.<\/p>\n<p>&nbsp;<\/p>\n<p><b>INFORMA\u00c7\u00d5ES PRELIMINARES<\/b><\/p>\n<p>Os interessados dever\u00e3o proceder, antes da elabora\u00e7\u00e3o das propostas, verifica\u00e7\u00e3o minuciosa de todos os elementos fornecidos, solicitando por escrito ao\u00a0<b>SETOR DE LICITA\u00c7\u00c3O<\/b>, via e-mail:\u00a0<b>PMVFLICITACOES2021@GMAIL.COM<\/b>, at\u00e9 01 (um) dia \u00fatil antes do prazo final para apresenta\u00e7\u00e3o da documenta\u00e7\u00e3o, as d\u00favidas suscitadas, que ser\u00e3o esclarecidas no pr\u00f3prio e-mail.<\/p>\n<p>&nbsp;<\/p>\n<p><b>CONDI\u00c7\u00d5ES DE PARTICIPA\u00c7\u00c3O<\/b><\/p>\n<p>Poder\u00e3o participar desta Dispensa de Licita\u00e7\u00e3o, pessoas f\u00edsica ou jur\u00eddica, regularmente estabelecidas no pa\u00eds que atenda \u00e0s condi\u00e7\u00f5es exigidas neste Aviso e seus anexos, devendo pertencer ao ramo da atividade pertinente e compat\u00edvel com o objeto pretendido.<\/p>\n<p>&nbsp;<\/p>\n<p>N\u00e3o poder\u00e3o participar desta Dispensa de Licita\u00e7\u00e3o os interessados:<\/p>\n<p>&nbsp;<\/p>\n<p>Proibidos de participar de licita\u00e7\u00f5es e celebrar contratos administrativos, na forma da legisla\u00e7\u00e3o vigente.<\/p>\n<p>Que n\u00e3o atendam \u00e0s condi\u00e7\u00f5es deste Aviso e Termo de Refer\u00eancia;<\/p>\n<p>Estrangeiros que n\u00e3o tenham representa\u00e7\u00e3o legal no Brasil com poderes expressos para receber cita\u00e7\u00e3o e responder administrativa ou judicialmente;<\/p>\n<p>Que se enquadrem nas veda\u00e7\u00f5es previstas no artigo 14\u00ba da Lei Federal n\u00b0 14.133\/21;<\/p>\n<p>Organiza\u00e7\u00f5es da Sociedade Civil de Interesse P\u00fablico &#8211; OSC IP, atuando nessa condi\u00e7\u00e3o (Ac\u00f3rd\u00e3o n\u00b0746\/2014 &#8211; TCU Plen\u00e1rio);<\/p>\n<p>Estejam cumprindo penalidade de suspens\u00e3o tempor\u00e1ria imposta pela Administra\u00e7\u00e3o P\u00fablica Municipal, ou, ainda, penalidade imposta por qualquer \u00f3rg\u00e3o da Administra\u00e7\u00e3o P\u00fablica, nas hip\u00f3teses previstas nos incisos III e IV do art. 156 da Lei n\u00b0 14.133\/21<\/p>\n<p>&nbsp;<\/p>\n<p><b>ESPECIFICA\u00c7\u00d5ES DO OBJETO, DOTA\u00c7\u00c3O OR\u00c7AMENT\u00c1RIA, PRAZOS E LOCAL DE PRESTA\u00c7\u00c3O DE SERVI\u00c7OS<\/b><\/p>\n<p>As informa\u00e7\u00f5es relativas a especifica\u00e7\u00f5es do objeto, dota\u00e7\u00e3o or\u00e7ament\u00e1ria, prazos e local de entrega est\u00e3o elencadas no termo de Refer\u00eancia anexo I deste Aviso.<\/p>\n<p>&nbsp;<\/p>\n<p><b>PRAZO E FORMA PARA ENVIO DOS DOCUMENTOS DE HABILITA\u00c7\u00c3O E PROPOSTA DE PRE\u00c7O<\/b><\/p>\n<p><b>PRAZO DE ENTREGA DOS DOCUMENTOS<\/b>: Esta chamada p\u00fablica para Dispensa de Licita\u00e7\u00e3o ficar\u00e1 aberta por um per\u00edodo de\u00a0<b>03 (TR\u00caS) DIAS UT\u00c9IS,\u00a0<\/b>contados a partir da data de publica\u00e7\u00e3o do\u00a0<b>AVISO<\/b>\u00a0<b>DE DISPENSA DE LICITA\u00c7\u00c3O\u00a0<\/b>na imprensa oficial.<\/p>\n<p>A proposta de pre\u00e7os e os documentos de habilita\u00e7\u00e3o, dever\u00e3o ser encaminhados via e-mail, para o endere\u00e7o eletr\u00f4nico:\u00a0<b>PMVFLICITACOES2021@GMAIL.COM<\/b>, fazendo refer\u00eancia no assunto do e-mail a\u00a0<b>DISPENSA DE LICITA\u00c7\u00c3O N\u00b0 011\/2025.<\/b><\/p>\n<p>&nbsp;<\/p>\n<p><b>PROPOSTAS DE PRE\u00c7OS<\/b><\/p>\n<p>&nbsp;<\/p>\n<p>A proposta de pre\u00e7os dever\u00e1 ser apresentada na forma, prazo e condi\u00e7\u00f5es estipulados neste Aviso e seus anexos.<\/p>\n<p>&nbsp;<\/p>\n<p>A proposta dever\u00e1 ser redigida em papel timbrado do interessado, por meio mec\u00e2nico ou informatizado, de forma clara e inequ\u00edvoca, sem emendas, rasuras ou entrelinhas, em estrita observ\u00e2ncia \u00e0s especifica\u00e7\u00f5es contidas neste Aviso, assinada na \u00faltima folha e rubricada nas demais pelo seu titular ou representante legal, devidamente identificado, nela constando, obrigatoriamente:<\/p>\n<p>&nbsp;<\/p>\n<p>Raz\u00e3o Social, CNPJ, endere\u00e7o, CEP, telefone\/ e-mail e pessoa de contato;<\/p>\n<p>Pre\u00e7os de acordo com os praticados no mercado, dento do pre\u00e7o m\u00e1ximo que a SEMOP se disp\u00f5e a pagar, em algarismo e por extenso, s\u00f3 reajust\u00e1veis na forma da lei, com valores expressos em moeda corrente nacional (R$). Ocorrendo diverg\u00eancia entre o pre\u00e7o em algarismo e o expresso por extenso, ser\u00e1 levado em conta por extenso.<\/p>\n<p>Prazo de validade de proposta n\u00e3o inferior a 90 (noventa) dias, a contar da data de sua apresenta\u00e7\u00e3o, sendo facultado aos proponentes estender tal validade por prazo superior.<\/p>\n<p>&nbsp;<\/p>\n<p>A proposta de pre\u00e7os apresentada dever\u00e1 incluir todas e quaisquer despesas necess\u00e1rias para a execu\u00e7\u00e3o do objeto desta Dispensa de Licita\u00e7\u00e3o, tais como: tributos, emolumentos, contribui\u00e7\u00f5es sociais, fiscais, parafiscais, fretes, seguros e demais despesas inerentes, devendo o pre\u00e7o ofertado corresponder rigorosamente \u00e0s especifica\u00e7\u00f5es do objeto, n\u00e3o cabendo quaisquer reivindica\u00e7\u00f5es devidas a erros nessa avalia\u00e7\u00e3o, para efeito de solicitar revis\u00e3o de pre\u00e7os.<\/p>\n<p>&nbsp;<\/p>\n<p>A proposta de pre\u00e7os que n\u00e3o estiver em conson\u00e2ncia com as exig\u00eancias deste Aviso ser\u00e1 desclassificada.<\/p>\n<p>&nbsp;<\/p>\n<p>Os pre\u00e7os ofertados n\u00e3o poder\u00e3o exceder os pre\u00e7os m\u00e1ximos, constantes neste Aviso.<\/p>\n<p>&nbsp;<\/p>\n<p><b>DOCUMENTA\u00c7\u00c3O DE HABILITA\u00c7\u00c3O<\/b><\/p>\n<p>&nbsp;<\/p>\n<p>Para fins de comprova\u00e7\u00e3o de habilita\u00e7\u00e3o, dever\u00e3o ser apresentados junto com a proposta de pre\u00e7os, os documentos abaixo relacionados, com prazo vigente, \u00e0 exce\u00e7\u00e3o daqueles que por sua natureza n\u00e3o contenham validade:<\/p>\n<p>&nbsp;<\/p>\n<p><b><u>Habilita\u00e7\u00e3o Jur\u00eddica<\/u><\/b><\/p>\n<p>Ato constitutivo, estatuto ou contrato social em vigor, devidamente registrado ou inscrito;<\/p>\n<p>Em se tratando de Microempreendedor individual \u2014 MEI: Certificado da Condi\u00e7\u00e3o de Microempreendedor Individual &#8211; CCMEI;<\/p>\n<p>&nbsp;<\/p>\n<p><b><u>Regularidade Fiscal e Trabalhista<\/u><\/b><\/p>\n<p>Certid\u00e3o Conjunta Negativa de D\u00e9bitos, relativa aos tributos federais e \u00e0 D\u00edvida Ativa da Uni\u00e3o, no \u00e2mbito da RFB e da PGFN abrangendo inclusive as contribui\u00e7\u00f5es sociais previstas nas al\u00edneas \u201ca\u201d e \u201cd\u201d do par\u00e1grafo \u00fanico do art. 11 da Lei n.\u00ba 8.212, de 24 de julho de 1991, com base na Portaria Conjunta RFB\/PGFN no 1.751, de 02\/10\/2014.<\/p>\n<p>Prova de inscri\u00e7\u00e3o no cadastro de contribuintes estadual e\/ou Municipal, se houver, relativo ao domicilio ou sede do interessado, pertinente ao seu ramo de atividade e compat\u00edvel com o objeto contratual.<\/p>\n<p>Prova de regularidade com a Fazenda Estadual relativo ao domicilio ou sede do interessado;<\/p>\n<p>Prova de regularidade com a Fazenda Municipal do relativo ao domicilio ou sede do interessado;<\/p>\n<p>Prova de regularidade com o Fundo de Garantia por Tempo de Servi\u00e7o (FGTS), mediante a apresenta\u00e7\u00e3o de Certificado de Regularidade de Situa\u00e7\u00e3o\/CRF.<\/p>\n<p>Prova de inexist\u00eancia de d\u00e9bitos inadimplidos perante a justi\u00e7a do trabalho, mediante a apresenta\u00e7\u00e3o de Certid\u00e3o Negativa de D\u00e9bitos Trabalhistas (CNDT), com prazo de validade de 180 (cento e oitenta dias), contados da data de sua emiss\u00e3o, de acordo com a Legisla\u00e7\u00e3o federal \u201cLei n\u00ba 12.440, de 07 de julho de 2011\u201d.<\/p>\n<p>Prova de inscri\u00e7\u00e3o de Cadastro Nacional de Pessoas Jur\u00eddicas CNPJ;<\/p>\n<p>&nbsp;<\/p>\n<p><b><u>Qualifica\u00e7\u00e3o T\u00e9cnica<\/u><\/b><\/p>\n<p>Apresenta\u00e7\u00e3o de pelo menos 01 (um) atestado em nome da pessoa jur\u00eddica, fornecido por pessoa jur\u00eddica de direito p\u00fablico ou privado, suficientes para comprovar a aptid\u00e3o em execu\u00e7\u00e3o de objetos similares ao desta contrata\u00e7\u00e3o.<\/p>\n<p>O(s) atestado(s) dever\u00e1(\u00e3o) ser apresentado(s) constando as seguintes informa\u00e7\u00f5es da emitente: papel timbrado, CNPJ, endere\u00e7o, telefone, data de emiss\u00e3o, nome e cargo\/fun\u00e7\u00e3o de quem assina o documento, bem como conter objeto, atividades desenvolvidas e per\u00edodo da contrata\u00e7\u00e3o.<\/p>\n<p>N\u00e3o ser\u00e3o aceitos atestados emitidos por empresas do mesmo grupo empresarial da promitente contratada ou pela pr\u00f3pria pessoa jur\u00eddica e\/ou emitidos por empresas, das quais participem s\u00f3cios ou diretores da promitente contratada.<\/p>\n<p>&nbsp;<\/p>\n<p><b><u>Qualifica\u00e7\u00e3o econ\u00f4mico-financeira<\/u><\/b><\/p>\n<p>Certid\u00e3o negativa de fal\u00eancia, recupera\u00e7\u00e3o judicial ou extrajudicial ou execu\u00e7\u00e3o patrimonial, conforme o caso, expedida pelo distribuidor da sede do licitante.<\/p>\n<p>Caso o licitante encontre-se em recupera\u00e7\u00e3o judicial, admite-se a participa\u00e7\u00e3o, em licita\u00e7\u00f5es, desde que amparadas em certid\u00e3o emitida pela inst\u00e2ncia judicial competente afirmando que a interessada est\u00e1 apta econ\u00f4mica e financeiramente a participar de procedimento licitat\u00f3rio, na forma do Ac\u00f3rd\u00e3o TCU \u2013 Plen\u00e1rio \u2013 1201\/2020.<\/p>\n<p>&nbsp;<\/p>\n<p><b><u>Documenta\u00e7\u00e3o Complementar de Habilita\u00e7\u00e3o<\/u><\/b><\/p>\n<p>Declara\u00e7\u00e3o de que n\u00e3o est\u00e1 incurso nos impedimentos de que trata o art.14 da Federal n\u00b0 14.133\/2021, conforme modelo ANEXO IV;<\/p>\n<p>Declara\u00e7\u00e3o de que cumpre as exig\u00eancias de reserva de cargos para Pessoas com Defici\u00eancia \u2014 PcD e para reabilitado da Previd\u00eancia Social, previstas em lei e normas espec\u00edficas, conforme modelo ANEXO III;<\/p>\n<p>Certid\u00e3o Negativa de Cadastro Nacional de Empresas Inid\u00f4neas e Suspensas \u2014 CEIS<\/p>\n<p>Certid\u00e3o Negativa de Cadastro Nacional de Empresas P\u00fablicas \u2014 CNE<\/p>\n<p>Declara\u00e7\u00e3o assinada pelo titular ou representante legal da Requerente, devidamente identificado, em conformidade com o disposto no XXXIII, art. 7\u00ba, da Constitui\u00e7\u00e3o Federal (Modelo no\u00a0<b>Anexo IV\u00a0<\/b>deste Aviso).<\/p>\n<p>&nbsp;<\/p>\n<p><b>CRIT\u00c9RIO DE JULGAMENTO<\/b><\/p>\n<p>&nbsp;<\/p>\n<p><b><u>PROPOSTAS DE PRE\u00c7OS<\/u><\/b><\/p>\n<p>&nbsp;<\/p>\n<p>As propostas apresentadas em conson\u00e2ncia com as exig\u00eancias do Aviso ser\u00e3o classificadas e ser\u00e1 declara vencedora a que apresentar o menor pre\u00e7o.<\/p>\n<p>&nbsp;<\/p>\n<p>Os interessados que apresentarem proposta de pre\u00e7os com diverg\u00eancia \u00e0s exig\u00eancias deste Aviso e seus anexos ser\u00e1 desclassificada.<\/p>\n<p>&nbsp;<\/p>\n<p><b><u>HABILITA\u00c7\u00c3O<\/u><\/b><\/p>\n<p>Ser\u00e1 habilitado o interessado que atender todas as condi\u00e7\u00f5es do Aviso e seus anexos.<\/p>\n<p>Ser\u00e1 inabilitada o interessado que n\u00e3o atender as condi\u00e7\u00f5es do Aviso e seus anexos.<\/p>\n<p>&nbsp;<\/p>\n<p><b>OBRIGA\u00c7\u00d5ES, PENALIDADES E SAN\u00c7\u00d5ES<\/b><\/p>\n<p>&nbsp;<\/p>\n<p>As obriga\u00e7\u00f5es, penalidades e sans\u00f5es est\u00e3o elencadas no Termo de Refer\u00eancia, anexo I deste Aviso e s\u00e3o parte integrante independente de transcri\u00e7\u00e3o.<\/p>\n<p>&nbsp;<\/p>\n<p><b>DISPOSI\u00c7\u00d5ES GERAIS<\/b><\/p>\n<p>&nbsp;<\/p>\n<p>O interessado n\u00e3o poder\u00e1 alegar como justificativa para se eximir das obriga\u00e7\u00f5es assumidas, o desconhecimento das condi\u00e7\u00f5es para participa\u00e7\u00e3o desta Dispensa de Licita\u00e7\u00e3o.<\/p>\n<p>Poder\u00e1 esta Secretaria Municipal da Prefeitura Municipal de Vila Flor, revogar o presente Aviso, no todo em parte, por conveni\u00eancia administrativa e interesse p\u00fablico, decorrente de falo superveniente, devidamente justificado.<\/p>\n<p>A Secretaria Municipal da Prefeitura Municipal de Vila Flor poder\u00e1 anular o presente Aviso, no todo em parte, caso ocorra ilegalidade, de oficio ou por provoca\u00e7\u00e3o. A anula\u00e7\u00e3o do procedimento oriundo deste Aviso, n\u00e3o gera direito a indeniza\u00e7\u00e3o.<\/p>\n<p>Ap\u00f3s a fase de classifica\u00e7\u00e3o da proposta, n\u00e3o cabe desist\u00eancia da mesma, salvo por motivo justo decorrente de fato superveniente, e desde que aceito pela PREFEITURA MUNICIPAL.<\/p>\n<p>Ao apresentar a proposta de pre\u00e7os, o interessado declara sob as penalidades da Lei, da inexist\u00eancia de qualquer v\u00ednculo de natureza t\u00e9cnica, comercial, econ\u00f4mica, financeira ou trabalhista, entre si e os respons\u00e1veis por esta Dispensa de Licita\u00e7\u00e3o, quer direta ou indiretamente.<\/p>\n<p>A apresenta\u00e7\u00e3o de proposta pressup\u00f5e o pleno conhecimento, atendimento e aceita\u00e7\u00e3o integral e irretrat\u00e1vel, por parte do interessado, das exig\u00eancias e condi\u00e7\u00f5es estabelecidas neste Aviso e Termo de Refer\u00eancia.<\/p>\n<p>A falsidade de qualquer documento apresentado ou a inverdade das informa\u00e7\u00f5es nele contidas implicar\u00e1 a imediata desclassifica\u00e7\u00e3o\/inabilita\u00e7\u00e3o do interessado que o tiver apresentado, ou, caso tenha sido o vencedor, a rescis\u00e3o do contrato ou do pedido de compra, sem preju\u00edzo de demais san\u00e7\u00f5es cab\u00edveis.<\/p>\n<p>Na contagem dos prazos estabelecidos neste Aviso, com fulcro no Art 183 da Lei Federal 14.133\/2021, ser\u00e3o contados com exclus\u00e3o do dia do come\u00e7o e inclus\u00e3o do dia do vencimento, observando-se as seguintes disposi\u00e7\u00f5es:<\/p>\n<p>os prazos expressos em dias corridos ser\u00e3o computados de modo cont\u00ednuo;<\/p>\n<p>os prazos expressos em meses ou anos ser\u00e3o computados de data a data;<\/p>\n<p>nos prazos expressos em dias \u00fateis, ser\u00e3o computados somente os dias em que ocorrer expediente administrativo no \u00f3rg\u00e3o ou entidade competente.<\/p>\n<p>&nbsp;<\/p>\n<p>Salvo disposi\u00e7\u00e3o em contr\u00e1rio, considera-se dia do come\u00e7o do prazo:<\/p>\n<p>o primeiro dia \u00fatil seguinte ao da disponibiliza\u00e7\u00e3o da informa\u00e7\u00e3o na internet.<\/p>\n<p>Vila Flor\/RN, em 25 de mar\u00e7o de 2025.<\/p>\n<p>&nbsp;<\/p>\n<p>&nbsp;<\/p>\n<p><b><i>KEDSON JOS\u00c9 DE LIMA<\/i><\/b><\/p>\n<p><b><i><\/i><\/b>&nbsp;<\/p>\n<p>Agente de Contrata\u00e7\u00e3o<\/p>\n<p>&nbsp;<\/p>\n<p><b>DISPENSA DE LICITA\u00c7\u00c3O N\u00b0 011\/2025<\/b><\/p>\n<p><b>SETOR DE LICITA\u00c7\u00c3O<\/b><\/p>\n<p><b>ANEXO I \u2013 TERMO DE REFER\u00caNCIA<\/b><\/p>\n<p><b>OBJETO<\/b><\/p>\n<p>&nbsp;<\/p>\n<p>O presente termo de refer\u00eancia visa orientar a licita\u00e7\u00e3o para a\u00a0<b>CONTRATA\u00c7\u00c3O DE EMPRESA ESPECIALIZADA EM FORNECIMENTO DE KITS DE ATEN\u00c7\u00c3O B\u00c1SICA DESTINADA AO ATENDIMENTO DAS DEMANDAS DAS UNIDADES B\u00c1SICAS DE SA\u00daDE DESTE MUNIC\u00cdPIO<\/b>.<\/p>\n<p><b>JUSTIFICATIVA<\/b><\/p>\n<p>&nbsp;<\/p>\n<p>A contrata\u00e7\u00e3o de kits da aten\u00e7\u00e3o b\u00e1sica com material l\u00fadico pela administra\u00e7\u00e3o p\u00fablica fundamenta-se no<b>cumprimento de diretrizes legais e estrat\u00e9gicas do Sistema \u00danico de Sa\u00fade (SUS)<\/b>, que priorizam a humaniza\u00e7\u00e3o do atendimento e a equidade no acesso \u00e0 sa\u00fade. A<b>Portaria n\u00ba 2.436\/2017<\/b>, que estabelece a Pol\u00edtica Nacional de Aten\u00e7\u00e3o B\u00e1sica, refor\u00e7a a obrigatoriedade de pr\u00e1ticas inovadoras e acolhedoras para garantir a integralidade do cuidado, especialmente para crian\u00e7as, idosos e popula\u00e7\u00f5es vulner\u00e1veis. Al\u00e9m disso, o<b>Estatuto da Crian\u00e7a e do Adolescente (Lei n\u00ba 8.069\/1990)<\/b>assegura o direito a atendimento adaptado \u00e0s necessidades infantis, incluindo abordagens que reduzam traumas e promovam confian\u00e7a nos servi\u00e7os de sa\u00fade.<\/p>\n<p>&nbsp;<\/p>\n<p>A aquisi\u00e7\u00e3o tamb\u00e9m est\u00e1 alinhada a recomenda\u00e7\u00f5es t\u00e9cnicas do<b>Minist\u00e9rio da Sa\u00fade<\/b>, que destacam o uso de metodologias l\u00fadicas como ferramenta eficaz para educa\u00e7\u00e3o em sa\u00fade, preven\u00e7\u00e3o de doen\u00e7as e ades\u00e3o a tratamentos. A<b>Resolu\u00e7\u00e3o CNS n\u00ba 553\/2017<\/b>refor\u00e7a a import\u00e2ncia de estrat\u00e9gias participativas para fortalecer o v\u00ednculo entre usu\u00e1rios e equipes de sa\u00fade, elemento cr\u00edtico para o sucesso de pol\u00edticas p\u00fablicas.<\/p>\n<p>&nbsp;<\/p>\n<p>Ao integrar materiais l\u00fadicos, a administra\u00e7\u00e3o p\u00fablica n\u00e3o apenas cumpre obriga\u00e7\u00f5es legais, mas tamb\u00e9m investe em<b>redu\u00e7\u00e3o de custos indiretos<\/b>(ex.: diminui\u00e7\u00e3o de retornos desnecess\u00e1rios por falhas na comunica\u00e7\u00e3o) e em<b>qualifica\u00e7\u00e3o dos indicadores de sa\u00fade<\/b>, garantindo que o SUS opere com efic\u00e1cia, empatia e alinhamento \u00e0s melhores pr\u00e1ticas mundiais em aten\u00e7\u00e3o prim\u00e1ria.<\/p>\n<p>&nbsp;<\/p>\n<p><b>FUNDAMENTA\u00c7\u00d5ES LEGAIS<\/b><\/p>\n<p>&nbsp;<\/p>\n<p>O objeto deste Termo de Refer\u00eancia tem amparo legal nas normas gerais de licita\u00e7\u00e3o e contrata\u00e7\u00e3o para as Administra\u00e7\u00f5es P\u00fablicas diretas, aut\u00e1rquicas e fundacionais, integralmente, na Lei 14.133\/2021, que institui, no \u00e2mbito da Uni\u00e3o, Estados, Distrito Federal e Munic\u00edpios, nos termos do art. 37, inciso XXI, da Constitui\u00e7\u00e3o Federal.<\/p>\n<p>Art. 75, inciso II da Lei 14.133\/2021.<\/p>\n<p>&nbsp;<\/p>\n<p><b>RESULTADOS PRETENDIDOS<\/b><\/p>\n<p>&nbsp;<\/p>\n<p>Os resultados pretendidos com a contrata\u00e7\u00e3o de empresa especializada em fornecimento de kits de aten\u00e7\u00e3o b\u00e1sica destinada ao atendimento das demandas das unidades b\u00e1sicas de sa\u00fade deste munic\u00edpio para a\u00a0<b>Secretaria Municipal de Sa\u00fade da Prefeitura de Vila Flor\/RN<\/b>, incluem:<\/p>\n<p><b>Melhoria na Comunica\u00e7\u00e3o Profissional-Paciente:<\/b><\/p>\n<p>Facilitar a intera\u00e7\u00e3o entre equipes de sa\u00fade e crian\u00e7as\/pacientes, tornando consultas, diagn\u00f3sticos e explica\u00e7\u00f5es sobre tratamentos mais acess\u00edveis e menos intimidantes, especialmente para quem tem dificuldade de express\u00e3o ou compreens\u00e3o.<\/p>\n<p><b>Redu\u00e7\u00e3o de Ansiedade e Trauma em Procedimentos:<\/b><\/p>\n<p>Transformar ambientes de sa\u00fade em espa\u00e7os acolhedores, diminuindo o medo de agulhas, exames ou interna\u00e7\u00f5es por meio de brincadeiras e recursos visuais, o que contribui para experi\u00eancias mais positivas e cooperativas.<\/p>\n<p><b>Aumento da Ades\u00e3o a Tratamentos e Preven\u00e7\u00e3o:<\/b><\/p>\n<p>Utilizar jogos e atividades l\u00fadicas para explicar a import\u00e2ncia de medicamentos, higiene ou alimenta\u00e7\u00e3o saud\u00e1vel, aumentando a compreens\u00e3o e o engajamento de pacientes e familiares em cuidados de longo prazo.<\/p>\n<p><b>Fortalecimento de A\u00e7\u00f5es Educativas Coletivas:<\/b><\/p>\n<p>Realizar workshops em escolas, grupos comunit\u00e1rios ou unidades de sa\u00fade com materiais interativos, promovendo educa\u00e7\u00e3o em sa\u00fade de forma din\u00e2mica e memor\u00e1vel (ex.: preven\u00e7\u00e3o de doen\u00e7as, planejamento familiar).<\/p>\n<p><b>Inclus\u00e3o de P\u00fablicos Vulner\u00e1veis:<\/b><\/p>\n<p>Adaptar o atendimento a crian\u00e7as com defici\u00eancia, idosos ou popula\u00e7\u00f5es com baixa escolaridade, garantindo que informa\u00e7\u00f5es cr\u00edticas sejam transmitidas de maneira adaptada e respeitosa.<\/p>\n<p><b>Otimiza\u00e7\u00e3o do Tempo e Recursos da Equipe:<\/b><\/p>\n<p>Reduzir retrabalho causado por falhas na comunica\u00e7\u00e3o ou resist\u00eancia a tratamentos, permitindo que profissionais foquem em a\u00e7\u00f5es estrat\u00e9gicas e preventivas.<\/p>\n<p><b>Alinhamento a Pol\u00edticas de Humaniza\u00e7\u00e3o:<\/b><\/p>\n<p>Cumprir metas do SUS e diretrizes nacionais que exigem pr\u00e1ticas inovadoras e humanizadas, melhorando indicadores de qualidade e satisfa\u00e7\u00e3o nos servi\u00e7os p\u00fablicos de sa\u00fade.<\/p>\n<p><b>Promo\u00e7\u00e3o de V\u00ednculo Comunit\u00e1rio:<\/b><\/p>\n<p>Fortalecer a confian\u00e7a da popula\u00e7\u00e3o nos servi\u00e7os de sa\u00fade, incentivando o retorno peri\u00f3dico e a participa\u00e7\u00e3o ativa em campanhas de vacina\u00e7\u00e3o, preven\u00e7\u00e3o e monitoramento.<\/p>\n<p>&nbsp;<\/p>\n<p>Em s\u00edntese, os kits l\u00fadicos visam transformar a aten\u00e7\u00e3o b\u00e1sica em um ambiente mais eficaz, acolhedor e transformador, onde a sa\u00fade n\u00e3o seja apenas um tratamento, mas uma experi\u00eancia que eduque, envolva e empodere a comunidade.<\/p>\n<p>DOS PRAZOS:<\/p>\n<p>&nbsp;<\/p>\n<p>VIG\u00caNCIA: A vig\u00eancia do contrato ser\u00e1 de 12 (Doze) meses contados a partir da data da assinatura.<\/p>\n<p>O prazo de entrega das mercadorias s\u00e3o de 02 (dois) dias \u00fateis a partir da data da emiss\u00e3o da ordem de servi\u00e7o\/compra;<\/p>\n<p>&nbsp;<\/p>\n<p>Os prazos de execu\u00e7\u00e3o, de conclus\u00e3o e de entrega admitem prorroga\u00e7\u00e3o, mantidas as demais cl\u00e1usulas do contrato e assegurada a manuten\u00e7\u00e3o de seu equil\u00edbrio econ\u00f4mico financeiro, desde que ocorra algum dos motivos elencados no art. 124, da Lei Federal n\u00ba 14.133\/21, devidamente autuado em processo.<\/p>\n<p>&nbsp;<\/p>\n<p><b>DO PRE\u00c7O:<\/b><\/p>\n<p>&nbsp;<\/p>\n<p>A tabela a seguir engloba os valores das cota\u00e7\u00f5es, ofertados para a presente contrata\u00e7\u00e3o por meio de dispensa de licita\u00e7\u00e3o pelo valor, inclu\u00eddas todas as despesas necess\u00e1rias \u00e0 consecu\u00e7\u00e3o do objeto.<\/p>\n<table class=\"mat\" border=\"1\" cellspacing=\"0\" cellpadding=\"0\" align=\"left\">\n<tbody>\n<tr>\n<td width=\"62\"><b>Item<\/b><\/td>\n<td width=\"274\"><b>Nome<\/b><\/td>\n<td width=\"104\"><b>Quantidade<\/b><\/td>\n<td width=\"76\"><b>Unidade<\/b><\/td>\n<td width=\"94\"><b>V. Unit\u00e1rio<\/b><\/td>\n<td width=\"89\"><b>V. Total<\/b><\/td>\n<\/tr>\n<tr>\n<td width=\"62\">1<\/td>\n<td width=\"274\">Kit Aten\u00e7\u00e3o B\u00e1sica, composto por: Manual did\u00e1tico preservativo DST, confeccionado em tecido Tactel bora bora, 100% poli\u00e9ster, com sublima\u00e7\u00e3o, fundo em bagum, preenchido de espuma densidade 23, medindo 27 cm x 27 cm, com capa e mais 4 folhas, acompanha 1 fantasia educativa representando um preservativo, confeccionada em tecido Tactel bora bora, 100% poli\u00e9ster, com sublima\u00e7\u00e3o fluorescente, malha, preenchido em espuma com densidade 23, medindo 75 cm x 88 cm, macac\u00e3o em malha, tamanho adulto, com par de sapatos em bagum preto. Embalagem em TNT com z\u00edper. Manual did\u00e1tico doa\u00e7\u00e3o de sangue, confeccionado em tecido Tactel bora bora, 100% poli\u00e9ster, com sublima\u00e7\u00e3o fluorescente, fundo em bagum, preenchido de espuma densidade 23, medindo 30&#215;30 cm, com capa e mais 4 folhas, acompanha 1 fantasia educativa da gota de sangue, confeccionada em tecido Welboa e detalhes feltro com arma\u00e7\u00e3o em espuma densidade 23, tamanho 77 cm x 57 cm, macac\u00e3o tamanho adulto em malha, com par de sapatos em bagum preto, com sublima\u00e7\u00e3o escrito DOE SANGUE. Embalagem em TNT com z\u00edper. Manual did\u00e1tico sa\u00fade bucal, confeccionado em tecido Tactel bora bora, 100% poli\u00e9ster, com sublima\u00e7\u00e3o fluorescente, fundo em bagum, preenchido de espuma densidade 23, medindo 30&#215;30 cm, com capa e mais 4 folhas, acompanha 1 fantasia educativa da sa\u00fade bucal, composta por cabe\u00e7a em pele sint\u00e9tica com arma\u00e7\u00e3o em espuma densidade 23, bon\u00e9 e acabamentos em feltro, tamanho 50&#215;34 cm, macac\u00e3o tamanho adulto, com par de sapatos em bagum preto, 1 fantoche de escova de dente, confeccionados em feltro, EVA, malha, olhos em pvc, l\u00e3 e espuma densidade 23. Embalagem em TNT com z\u00edper. Manual did\u00e1tico vacina\u00e7\u00e3o, confeccionado em tecido Tactel bora bora, 100% poli\u00e9ster, com sublima\u00e7\u00e3o fluorescente, fundo em bagum, preenchido de espuma densidade 23, medindo 30&#215;30 cm, com capa e mais 4 folhas, acompanha 1 fantasia educativa representando uma seringa, composta por cabe\u00e7a confeccionada em feltro com acabamentos em malha, pele sint\u00e9tica e sublima\u00e7\u00e3o dos ML da seringa, arma\u00e7\u00e3o em espuma densidade 23, macac\u00e3o tamanho adulto confeccionado de malha, com par de sapatos em bagum preto, sublima\u00e7\u00e3o de VACINE-SE tamanho 28&#215;18 cm. Embalagem de TNT com z\u00edper. Manual did\u00e1tico endemias, confeccionado em tecido Tactel bora bora, 100% poli\u00e9ster, com sublima\u00e7\u00e3o fluorescente, fundo em bagum, preenchido de espuma densidade 23, medindo 30&#215;30 cm, com capa e mais 4 folhas, acompanha 8 fantoches educativos das endemias (menina negra, menino branco, mosquito da dengue, escorpi\u00e3o, rato, agente de sa\u00fade, caixa d\u2019\u00e1gua, pneu e z\u00e9 gotinha), confeccionados em tecido Welboa, feltro, tecido Oxford, malha, olhos em PVC r\u00edgido, boca em pl\u00e1stico PET 40, cabelos em l\u00e3 e kanekalon, preenchidos com fibra sint\u00e9tica e espuma densidade 23, medidas aproximadas de 40&#215;35 cm. Embalagem em TNT com z\u00edper. Manual did\u00e1tico teatro tem\u00e1tico SUS, confeccionado em tecido Tactel bora bora, 100% poli\u00e9ster, com sublima\u00e7\u00e3o fluorescente, fundo em bagum, preenchido de espuma densidade 23, medindo 30&#215;30 cm, com capa e mais 4 folhas, acompanha 1 palco tem\u00e1tico educativo do SUS, confeccionado em tecido Tactel bora 100% poli\u00e9ster com sublima\u00e7\u00e3o, fundo em Bagum e cortina em welboa, medindo 90&#215;210 cm. Embalagem em bagum com z\u00edper. Manual did\u00e1tico campanhas de sa\u00fade, confeccionado em tecido Tactel bora bora, 100% poli\u00e9ster, com sublima\u00e7\u00e3o fluorescente, fundo em bagum, preenchido de espuma densidade 23, medindo 30&#215;30 cm, com capa e mais 4 folhas, acompanha 6 pain\u00e9is representando as campanhas educativas de sa\u00fade (janeiro branco, junho vermelho, agosto dourado, setembro amarelo, outubro rosa e novembro azul), confeccionados em tecido Tactel bora bora, 100% poli\u00e9ster, com sublima\u00e7\u00e3o e fundo em bagum, com velcro e ilh\u00f3s para fixa\u00e7\u00e3o, tamanho 80&#215;60 cm. Embalagem em TNT com z\u00edper. Manual did\u00e1tico mosquito da dengue, confeccionado em tecido Tactel bora bora, 100% poli\u00e9ster, com sublima\u00e7\u00e3o fluorescente, fundo em bagum, preenchido de espuma densidade 23, medindo 30&#215;30 cm, com capa e mais 4 folhas, acompanha 1 fantasia educativa representando o mosquito da dengue, composta por cabe\u00e7a confeccionada em tecido Welboa e detalhes feltro com arma\u00e7\u00e3o em espuma densidade 23, macac\u00e3o tamanho adulto em malha, com par de sapatos em bagum preto, medindo aproximadamente 2,20m, com cabe\u00e7a m\u00f3vel. Embalagem em TNT com z\u00edper. Manual did\u00e1tico Super SUS, confeccionado em tecido Tactel bora bora, 100% poli\u00e9ster, com sublima\u00e7\u00e3o fluorescente, fundo em bagum, preenchido de espuma densidade 23, medindo 30&#215;30 cm, com capa e mais 4 folhas, acompanha 1 fantasia educativa representando o z\u00e9 gotinha, composta por cabe\u00e7a confeccionada em tecido Welboa e detalhes feltro com arma\u00e7\u00e3o em espuma densidade 23, macac\u00e3o tamanho adulto em malha, com par de sapatos em bagum, medindo aproximadamente 2,20m, com cabe\u00e7a m\u00f3vel. Embalagem em TNT com z\u00edper.<\/td>\n<td width=\"104\">01<\/td>\n<td width=\"76\">KIT<\/td>\n<td width=\"94\">R$ 7.041,33<\/td>\n<td width=\"89\">R$ 7.041,33<\/td>\n<\/tr>\n<\/tbody>\n<\/table>\n<p>&nbsp;<\/p>\n<p>O pre\u00e7o GLOBAL m\u00e1ximo que a contratante se disp\u00f5es a pagar \u00e9\u00a0<b>R$ 7.041,33 (sete mil, quarenta e um reais e trinta e tr\u00eas centavos)\u00a0<\/b>obtido atrav\u00e9s da m\u00e9dia da pesquisa de mercado, resultante de cota\u00e7\u00e3o de pre\u00e7os e est\u00e1 compat\u00edvel com os valores praticados atualmente no mercado.<\/p>\n<p>&nbsp;<\/p>\n<p>Processo licitat\u00f3rio destinado, exclusivamente, \u00e0 participa\u00e7\u00e3o das microempresas e empresas de pequeno porte, conforme inciso I, Art. 48 da Lei Complementar 123\/2006 (contrata\u00e7\u00f5es cujo valor seja de at\u00e9 R$ 80.000,00 \u2013 oitenta mil reais) e Art. 4\u00ba da Lei 14.133\/2021.<\/p>\n<p>&nbsp;<\/p>\n<p><b>DOTA\u00c7\u00c3O OR\u00c7AMENT\u00c1RIA:<\/b><\/p>\n<p>&nbsp;<\/p>\n<p>A despesa desta contra\u00e7\u00e3o correr\u00e1 pela dota\u00e7\u00e3o or\u00e7ament\u00e1ria vigente no exerc\u00edcio financeiro do ano de 2025.<\/p>\n<p><b>Classifica\u00e7\u00e3o econ\u00f4mica: 4.4.90.52.00 \u2013 Equipamentos e material permanente<\/b><\/p>\n<p><b>\u00d3rg\u00e3o:<\/b>\u00a010 &#8211; Secretaria Municipal de Sa\u00fade<\/p>\n<p><b>Unidade Or\u00e7ament\u00e1ria:\u00a0<\/b>10.002 \u2013 Fundo Municipal de Sa\u00fade<\/p>\n<p><b>Projeto Atividade<\/b>: 2.111 &#8211; ATEN\u00c7\u00c3O PRIM\u00c1RIA A SA\u00daDE &#8211; PROGRAMA SA\u00daDE NA ESCOLA &#8211; PSE<\/p>\n<p><b>Fonte de Recurso<\/b>: 16000000 &#8211; CUSTEIO SUS FEDERAL &#8211; Transfer\u00eancias Fundo a Fundo de Recursos do SUS provenientes do Governo Federal &#8211; Bloco de Manuten\u00e7\u00e3o das A\u00e7\u00f5es e Servi\u00e7os P\u00fablicos de Sa\u00fade<\/p>\n<p>&nbsp;<\/p>\n<p><b>DO CRIT\u00c9RIO DE ACEITA\u00c7\u00c3O DO OBJETO<\/b><\/p>\n<p>&nbsp;<\/p>\n<p>Os objetos da contrata\u00e7\u00e3o ser\u00e3o aceitos pela administra\u00e7\u00e3o p\u00fablica t\u00e3o somente no caso de serem ofertados em estrita conformidade com as especifica\u00e7\u00f5es e exig\u00eancias constantes no presente Termo de Refer\u00eancia, livres de quaisquer \u00f4nus ou embara\u00e7os e entregues no local e dentro do prazo exigido;<\/p>\n<p>&nbsp;<\/p>\n<p><b>FORMA DE PAGAMENTO:<\/b><\/p>\n<p>No valor global deste j\u00e1 est\u00e3o inclusas todas as despesas com tributos, contribui\u00e7\u00f5es fiscais e parafiscais, emolumentos, frete, seguros e quaisquer outras que forem devidas.<\/p>\n<p>&nbsp;<\/p>\n<p>O pagamento ser\u00e1 realizado pela unidade compradora atrav\u00e9s de cr\u00e9dito em conta corrente indicada na declara\u00e7\u00e3o ou documento similar fornecido por estabelecimento banc\u00e1rio, no prazo de at\u00e9 15 (quinze) dias \u00fateis, contados da entrega da nota fiscal com planilha de composi\u00e7\u00e3o de custos e respectivos comprovantes e a aprova\u00e7\u00e3o das mesmas pela \u00e1rea t\u00e9cnica. A Nota Fiscal dever\u00e1 ser emitida por meio eletr\u00f4nico.<\/p>\n<p>&nbsp;<\/p>\n<p>Nenhum pagamento ser\u00e1 efetuado \u00e0 CONTRATADA enquanto pendente de liquida\u00e7\u00e3o qualquer obriga\u00e7\u00e3o financeira que lhe for imposta, em virtude de penalidade ou inadimpl\u00eancia, sem que isso gere direito a reajuste de pre\u00e7o.<\/p>\n<p>&nbsp;<\/p>\n<p>Havendo na Nota Fiscal ou descumprimento das condi\u00e7\u00f5es pactuadas, no todo ou em parte, a tramita\u00e7\u00e3o ser\u00e1 suspensa para que a CONTRATADA adote as provid\u00eancias necess\u00e1rias \u00e0 sua corre\u00e7\u00e3o. Passar\u00e1 a ser considerada, para efeito de pagamento, a data de reapresenta\u00e7\u00e3o da fatura, devidamente corrigida.<\/p>\n<p>&nbsp;<\/p>\n<p>A Administra\u00e7\u00e3o poder\u00e1 sustar no todo ou em parte os pagamentos devidos, sempre que ocorrerem irregularidades na execu\u00e7\u00e3o do objeto do contrato ou no documento de cobran\u00e7a.<\/p>\n<p>&nbsp;<\/p>\n<p>A Nota Fiscal dever\u00e1 ser entregue na sede da C\u00e2mara Municipal, atrav\u00e9s do Setor de Protocolo, acompanhada dos seguintes documentos.<\/p>\n<p>&nbsp;<\/p>\n<p><b>Nota Fiscal Eletr\u00f4nica de Servi\u00e7os, contendo o per\u00edodo do Servi\u00e7o e o n\u00famero do Contrato;<\/b><\/p>\n<p>&nbsp;<\/p>\n<p><b>Demonstrativo de faturamento demonstrando o quantitativo de servi\u00e7o realizado;<\/b><\/p>\n<p>&nbsp;<\/p>\n<p><b>Certid\u00f5es negativas ou positivas com efeitos de negativa de regularidade fiscal federal, estadual, municipal e com a Justi\u00e7a do Trabalho (CNDT);<\/b><\/p>\n<p>&nbsp;<\/p>\n<p><b>Certificado de regularidade vigente com o FGTS;<\/b><\/p>\n<p>&nbsp;<\/p>\n<p><b>C\u00f3pia do Instrumento Contratual com sua Publica\u00e7\u00e3o e aditamentos, se houver.<\/b><\/p>\n<p>&nbsp;<\/p>\n<p><b>DOCUMENTOS DE QUALIFICA\u00c7\u00c3O T\u00c9CNICA E ECON\u00d4MICO-FINANCEIRA<\/b><\/p>\n<p>&nbsp;<\/p>\n<p><b>Qualifica\u00e7\u00e3o T\u00e9cnica\u00a0<\/b>ser\u00e1 comprovada mediante a apresenta\u00e7\u00e3o dos seguintes documentos:<\/p>\n<p>&nbsp;<\/p>\n<p>Apresenta\u00e7\u00e3o de Atestado de capacidade t\u00e9cnica, fornecidos por pessoa jur\u00eddica de direito p\u00fablico ou privado, pertinente e compat\u00edvel com o objeto da licita\u00e7\u00e3o. N\u00e3o ser\u00e3o aceitos atestados emitidos por empresas do mesmo grupo empresarial da Concorrente ou pela pr\u00f3pria Concorrente e\/ou emitidos porem presas, das quais participem s\u00f3cio sou diretores da Concorrente.<\/p>\n<p><b>OBRIGA\u00c7\u00d5ES<\/b><\/p>\n<p>&nbsp;<\/p>\n<p><b>DA CONTRATANTE\u00a0<\/b>&#8211; A Contratante estar\u00e1 obrigado a:<\/p>\n<p>&nbsp;<\/p>\n<p>Efetuar o pagamento ajustado;<\/p>\n<p>Dar a CONTRATADA as condi\u00e7\u00f5es necess\u00e1rias para a regular execu\u00e7\u00e3o do contrato;<\/p>\n<p>Fiscalizar e acompanhar a execu\u00e7\u00e3o do contrato;<\/p>\n<p>receber ou n\u00e3o, os produtos fornecidos pela CONTRATADA;<\/p>\n<p>Efetuar o pagamento da Notas Fiscal emitida pela CONTRATADA, desde que devidamente atestada pelo fiscal do contrato, na forma da Cl\u00e1usula Terceira deste Contrato;<\/p>\n<p>Notificar a CONTRATADA, por escrito, de modifica\u00e7\u00f5es introduzidas nas especifica\u00e7\u00f5es dos produtos, sempre que houver necessidade de aprimoramento ou corre\u00e7\u00e3o de documentos;<\/p>\n<p>Notificar a CONTRATADA, por escrito, e com seu expresso ciente, fixando-lhe prazo para corrigir defeitos ou irregularidades verificadas na execu\u00e7\u00e3o do Contrato, bem como da eventual aplica\u00e7\u00e3o de multas previstas no Contrato.<\/p>\n<p>&nbsp;<\/p>\n<p><b>DA CONTRATADA\u00a0<\/b>&#8211; A Contratada estar\u00e1 obrigado a:<\/p>\n<p>&nbsp;<\/p>\n<p>Realizar o fornecimento obedecendo todas as condi\u00e7\u00f5es ora estabelecidas, sem preju\u00edzo de outros encargos previstos em Lei e com observ\u00e2ncia das recomenda\u00e7\u00f5es ditadas pela fiscaliza\u00e7\u00e3o da CONTRATANTE, nas condi\u00e7\u00f5es indicadas na proposta apresentada.<\/p>\n<p>Todos os custos com m\u00e3o de obra, materiais e transporte, EPI\u2019s, impostos, taxas ser\u00e3o por conta da CONTRATADA.<\/p>\n<p>Manter, durante toda a execu\u00e7\u00e3o do Contrato, em compatibilidade com as obriga\u00e7\u00f5es assumidas, todas as condi\u00e7\u00f5es de habilita\u00e7\u00e3o;<\/p>\n<p>Efetuar o pagamento de todos os impostos, taxas e quaisquer outros encargos fiscais, de origem federal, estadual ou municipal, vigentes, bem como de quaisquer despesas judiciais ou extrajudiciais, que lhe venham a ser imputadas, inclusive em rela\u00e7\u00e3o a terceiros, decorrentes de a\u00e7\u00e3o ou omiss\u00e3o dolosa ou culposa de prepostos da CONTRATADA;<\/p>\n<p>Efetuar o pagamento dos sal\u00e1rios, encargos sociais, trabalhistas, previdenci\u00e1rios, adicionais, despesas de transporte, estada e\/ou di\u00e1rias, alimenta\u00e7\u00e3o, alojamento e quaisquer outras despesas com o seu pessoal encarregado dos servi\u00e7os objeto deste contrato, competindo-lhe, tamb\u00e9m, observar, rigorosamente, as disposi\u00e7\u00f5es da Consolida\u00e7\u00e3o das Leis do Trabalho e da legisla\u00e7\u00e3o correlata.<\/p>\n<p>&nbsp;<\/p>\n<p><b>DAS PENALIDADES E SAN\u00c7\u00d5ES<\/b><\/p>\n<p>&nbsp;<\/p>\n<p><b>SAN\u00c7\u00d5ES\u00a0<\/b>&#8211; Ao\u00a0<b>LICITANTE\u00a0<\/b>que incidir nas hip\u00f3teses abaixo relacionadas ser\u00e1 aplicada a seguinte san\u00e7\u00e3o, graduada conforme a gravidade da infra\u00e7\u00e3o, sem preju\u00edzo de san\u00e7\u00f5es civis e criminais, ap\u00f3s o pr\u00e9vio processo administrativo, garantida a ampla defesa e o contradit\u00f3rio:<\/p>\n<p>&nbsp;<\/p>\n<p><b>Impedimento de licitar e contratar com a Administra\u00e7\u00e3o P\u00fablica\u00a0<\/b>pelo prazo de at\u00e9 5 (cinco) anos, quando:<\/p>\n<p>&nbsp;<\/p>\n<p>N\u00e3o celebrar o contrato;<\/p>\n<p>n\u00e3o entregar a documenta\u00e7\u00e3o exigida no edital;<\/p>\n<p>Apresentar documenta\u00e7\u00e3o falsa;<\/p>\n<p>N\u00e3o mantiver a proposta;<\/p>\n<p>declarar informa\u00e7\u00f5es falsas; e\/ou<\/p>\n<p>Cometer fraude fiscal.<\/p>\n<p>&nbsp;<\/p>\n<p><b>PENALIDADES\u00a0<\/b>&#8211; \u00c0 CONTRATADA que cometer infra\u00e7\u00f5es, descumprirem total ou parcialmente os contratos, ajustes ou acordos celebrados com a Administra\u00e7\u00e3o P\u00fablica Municipal, ser\u00e3o aplicadas as seguintes penalidades:<\/p>\n<p>&nbsp;<\/p>\n<p><b>Advert\u00eancia\u00a0<\/b>&#8211; comunica\u00e7\u00e3o formal ao fornecedor, sobre o descumprimento de contratos e outras obriga\u00e7\u00f5es assumidas, quando ocorrer atraso na presta\u00e7\u00e3o do servi\u00e7o, em at\u00e9 10 (dez) dias da data estipulada para tanto<\/p>\n<p>&nbsp;<\/p>\n<p><b>Multa\u00a0<\/b>&#8211; pena pecuni\u00e1ria em favor da Administra\u00e7\u00e3o Municipal pelos preju\u00edzos causados decorrentes do descumprimento de obriga\u00e7\u00f5es legais e contratuais.<\/p>\n<p>&nbsp;<\/p>\n<p><b>Suspens\u00e3o\u00a0<\/b>&#8211; ato formal de impedimento tempor\u00e1rio para licitar, e contratar com a Administra\u00e7\u00e3o P\u00fablica Municipal.<\/p>\n<p>&nbsp;<\/p>\n<p><b>Declara\u00e7\u00e3o de inidoneidade\u00a0<\/b>&#8211; declara\u00e7\u00e3o da qualidade de impr\u00f3prio, de desqualificado, de inconveniente, de incapaz e inapto. A declara\u00e7\u00e3o de inidoneidade impede o fornecedor de licitar e contratar com a Administra\u00e7\u00e3o P\u00fablica.<\/p>\n<p>&nbsp;<\/p>\n<p>Ser\u00e3o aplicadas as seguintes penalidades, graduadas conforme a gravidade da infra\u00e7\u00e3o, sem preju\u00edzo de san\u00e7\u00f5es civis e criminais, ap\u00f3s o pr\u00e9vio processo administrativo conclusivo, garantido a ampla defesa e o contradit\u00f3rio;<\/p>\n<p>n\u00e3o atender \u00e0s condi\u00e7\u00f5es da execu\u00e7\u00e3o do servi\u00e7o previstas no edital, termo de refer\u00eancia, contrato ou instrumento equivalente; multa de 10% (dez por cento) a 20% (vinte por cento), al\u00e9m de suspens\u00e3o tempor\u00e1ria de 12 (doze) meses, a depender do preju\u00edzo causado \u00e0 Administra\u00e7\u00e3o P\u00fablica Municipal;<\/p>\n<p>retardar imotivadamente execu\u00e7\u00e3o do servi\u00e7os, ou de suas parcelas quando houver reincid\u00eancia de atraso por mais de 15 (quinze) dias, no caso de fornecimento ou por mais de 30 (trinta) dias no caso de execu\u00e7\u00e3o de obras ou servi\u00e7os:<\/p>\n<p>multa de 0,3% (tr\u00eas d\u00e9cimos por cento) ao dia, at\u00e9 o trig\u00e9simo dia de atraso, sobre o valor da fatura o servi\u00e7os n\u00e3o realizados, ou, ainda, sobre o valor da fatura correspondente \u00e0 etapa do cronograma f\u00edsico do servi\u00e7o n\u00e3o cumprido, al\u00e9m de suspens\u00e3o de 3 (tr\u00eas) meses;<\/p>\n<p>multa de 10% (dez por cento) a 15% (quinze por cento) sobre o valor da fatura da execu\u00e7\u00e3o do servi\u00e7os realizados com atrasos superiores a 30 (trinta) dias, em que n\u00e3o tenha havido o cancelamento da nota de empenho ou documento correspondente, e suspens\u00e3o de 3 (tr\u00eas) meses, a depender do preju\u00edzo causado \u00e0 Administra\u00e7\u00e3o P\u00fablica Municipal;<\/p>\n<p>&nbsp;<\/p>\n<p>multa de 20% (vinte por cento) sobre o valor da fatura da execu\u00e7\u00e3o do servi\u00e7os, realizados com atraso superiores a 30 (trinta) dias, em que haja o cancelamento da nota de empenho ou documento correspondente, e suspens\u00e3o de 6 (seis) meses;<\/p>\n<p>paralisar servi\u00e7os, sem justa causa e pr\u00e9via comunica\u00e7\u00e3o \u00e0 Administra\u00e7\u00e3o: multa de 10% (dez por cento) a 20% (vinte por cento) sobre o valor do contrato ou empenho e suspens\u00e3o de 12 (doze) meses, a depender do preju\u00edzo causado \u00e0 Administra\u00e7\u00e3o P\u00fablica Municipal;<\/p>\n<p>prestar servi\u00e7o em desacordo com o termo de refer\u00eancia de refer\u00eancia, que apresente inseguran\u00e7a no desenvolvimento das atividades ou que comprometa a seguran\u00e7a de pessoas: multa de 10% (dez por cento) a 20% (vinte por cento) sobre o valor do contrato ou empenho e suspens\u00e3o de 12 (doze) meses, a depender do preju\u00edzo causado \u00e0 Administra\u00e7\u00e3o P\u00fablica Municipal;<\/p>\n<p>descumprir, no caso de pessoas jur\u00eddicas prestadoras de servi\u00e7os, obriga\u00e7\u00f5es relativas \u00e0 rela\u00e7\u00e3o de trabalho com seus empregados e prepostos, quanto a verbas previstas e or\u00e7adas nas planilhas que comp\u00f5em a proposta da contratada, especialmente o atraso de pagamento de sal\u00e1rio, 13\u00ba sal\u00e1rio, f\u00e9rias acrescidas de 1\/3, atraso ou n\u00e3o fornecimento de vale-transporte, vale-refei\u00e7\u00e3o ou aux\u00edlio alimenta\u00e7\u00e3o, constantes das respectivas planilhas de pre\u00e7os; multa de 1% (um por cento) sobre o valor mensal da fatura, por evento ocorrido, e suspens\u00e3o de 3 (tr\u00eas) meses;<\/p>\n<p>recusar-se a prestar a garantia contratual, a assinar o contrato ou a receber o empenho; multa de 15% (quinze por cento) sobre o valor do contrato ou empenho e suspens\u00e3o de 6 (seis) meses,<\/p>\n<p>quebrar sigilo, estabelecido em contrato, de informa\u00e7\u00f5es confidenciais sob quaisquer formas; multa de 20% (vinte por cento) sobre o valor do contrato e declara\u00e7\u00e3o de inidoneidade, por um prazo de 2 (dois) anos;<\/p>\n<p>&nbsp;<\/p>\n<p>praticar ato il\u00edcito visando frustrar os objetivos da licita\u00e7\u00e3o ou do contrato, no \u00e2mbito da Administra\u00e7\u00e3o Municipal; declara\u00e7\u00e3o de inidoneidade, por um prazo de 2 (dois) anos;<\/p>\n<p>apresentar documentos falsificados, adulterados ou inver\u00eddicos para inscri\u00e7\u00e3o, renova\u00e7\u00e3o ou altera\u00e7\u00e3o no CADFOR ou nos processos licitat\u00f3rios, dispensas ou inexigibilidades de licita\u00e7\u00e3o; declara\u00e7\u00e3o de inidoneidade, por um prazo de 2 (dois) anos;<\/p>\n<p>&nbsp;<\/p>\n<p>sofrer condena\u00e7\u00e3o definitiva por praticar, por meio doloso, fraude fiscal no recolhimento de qualquer tributo; declara\u00e7\u00e3o de inidoneidade, por um prazo de 2 (dois) anos.<\/p>\n<p>&nbsp;<\/p>\n<p>A suspens\u00e3o tempor\u00e1ria do fornecedor cujo contrato com a Administra\u00e7\u00e3o P\u00fablica Municipal esteja em vigor, impedir\u00e1 o mesmo de participar de outras licita\u00e7\u00f5es e contrata\u00e7\u00f5es no \u00e2mbito do Munic\u00edpio at\u00e9 o cumprimento da penalidade que lhe foi imposta.<\/p>\n<p>&nbsp;<\/p>\n<p>A declara\u00e7\u00e3o de inidoneidade para licitar ou contratar com a Administra\u00e7\u00e3o P\u00fablica, impedir\u00e1 a pessoa f\u00edsica ou jur\u00eddica de participar de outras licita\u00e7\u00f5es ou contrata\u00e7\u00f5es enquanto perdurarem os motivos determinantes da apena\u00e7\u00e3o ou at\u00e9 que seja promovida a reabilita\u00e7\u00e3o perante a pr\u00f3pria autoridade que aplicou a penalidade, que ser\u00e1 concedida sempre que o contratado ressarcir a Administra\u00e7\u00e3o pelos preju\u00edzos resultantes e ap\u00f3s decorrido o prazo da san\u00e7\u00e3o aplicada.<\/p>\n<p>&nbsp;<\/p>\n<p>As multas aplicadas, nos termos das al\u00edneas do \u00a71\u00ba, dever\u00e3o ser pagas espontaneamente no prazo m\u00e1ximo de 5 (cinco) dias ou ser\u00e3o deduzidas do valor correspondente ao valor do servi\u00e7o, ap\u00f3s pr\u00e9vio processo administrativo, garantida a ampla defesa e o contradit\u00f3rio ou, ainda, cobradas judicialmente, a crit\u00e9rio da Secretaria Municipal de Gest\u00e3o de Vila Flor.<\/p>\n<p>&nbsp;<\/p>\n<p>As penalidades previstas neste artigo s\u00e3o de compet\u00eancia exclusiva do titular da Secretaria Municipal da Gest\u00e3o de Vila Flor, permitida a delega\u00e7\u00e3o para a san\u00e7\u00e3o prevista na al\u00ednea \u201ca\u201d do subitem 20.2 deste edital para a Contratante.<\/p>\n<p>&nbsp;<\/p>\n<p>Caso o valor da multa seja superior ao valor da garantia prestada, a CONTRATADA responder\u00e1 pela sua diferen\u00e7a, a qual ser\u00e1 descontada dos pagamentos eventualmente devidos pela Administra\u00e7\u00e3o, ou, ainda, cobrada judicialmente.<\/p>\n<p>&nbsp;<\/p>\n<p>A multa poder\u00e1 ser aplicada cumulativamente com as demais penalidades, a depender do grau da infra\u00e7\u00e3o cometida pelo contratado e dos preju\u00edzos causados \u00e0 Administra\u00e7\u00e3o P\u00fablica Municipal.<\/p>\n<p><b>DA FISCALIZA\u00c7\u00c3O<\/b><\/p>\n<p>&nbsp;<\/p>\n<p>A fiscaliza\u00e7\u00e3o do contrato ser\u00e1 realizada por servidor formalmente designado para acompanhamento;<\/p>\n<p>&nbsp;<\/p>\n<p>Os objetos da presente contrata\u00e7\u00e3o ser\u00e3o devidamente fiscalizados, inicialmente a partir de minuciosa confer\u00eancia no momento da entrega\/recebimento;<\/p>\n<p>&nbsp;<\/p>\n<p>Ap\u00f3s o recebimento definitivo e aceite, os materiais permanecer\u00e3o em avalia\u00e7\u00e3o quanto \u00e0 sua durabilidade, validade e adequa\u00e7\u00e3o \u00e0s especifica\u00e7\u00f5es exigidas, sendo anotado em protocolo pr\u00f3prio todas as inconformidades para ado\u00e7\u00e3o dos procedimentos administrativos necess\u00e1rios para sanar aas incorre\u00e7\u00f5es<\/p>\n<p><b>DA DECALRA\u00c7\u00c3O DE INEXIST\u00caNCIA DE DETALHAMENTO EXCESSIVO<\/b><\/p>\n<p>&nbsp;<\/p>\n<p>Declaro para os devidos fins, que na descri\u00e7\u00e3o do objeto n\u00e3o existem detalhes excessivos, irrelevantes ou desnecess\u00e1rios, capazes de conduzir \u00e0 limita\u00e7\u00e3o da competitividade do certame, sendo todos os itens de grande relev\u00e2ncia a devida utiliza\u00e7\u00e3o dos equipamentos.<\/p>\n<p>&nbsp;<\/p>\n<p><b>VEDA\u00c7\u00d5ES<\/b><\/p>\n<p>&nbsp;<\/p>\n<p>Vedado qualquer execu\u00e7\u00e3o que modifique as condi\u00e7\u00f5es propostas pelo Termo de refer\u00eancia e descumpram o resultado final do objeto.<\/p>\n<p>&nbsp;<\/p>\n<p><b>DISPENSA DE LICITA\u00c7\u00c3O N\u00b0 011\/2025 &#8211; SETOR DE LICITA\u00c7\u00c3O<\/b><\/p>\n<p><b>ANEXO II \u2013 MODELO DE PROPOSTA DE PRE\u00c7OS<\/b><\/p>\n<p>&nbsp;<\/p>\n<table class=\"mat\" border=\"1\" cellspacing=\"0\" cellpadding=\"0\" align=\"left\">\n<tbody>\n<tr>\n<td colspan=\"4\" width=\"680\"><b>PREFEITURA MUNICIPAL DE VILA FLOR<\/b><\/p>\n<p><b>COMISS\u00c3O SETORIAL DE LICITA\u00c7\u00c3O<\/b><\/p>\n<p><b>COMISS\u00c3O DE LICITA\u00c7\u00c3O<\/b><\/p>\n<p><b>DISPENSA DE LICITA\u00c7\u00c3O N\u00ba 011\/2025<\/b><\/td>\n<\/tr>\n<tr>\n<td colspan=\"4\" width=\"680\"><b>DADOS DA EMPRESA<\/b><\/td>\n<\/tr>\n<tr>\n<td width=\"123\"><b>RAZ\u00c3O SOCIAL<\/b><\/td>\n<td colspan=\"3\" width=\"558\">&nbsp;<\/td>\n<\/tr>\n<tr>\n<td width=\"123\"><b>CNPJ<\/b><\/td>\n<td width=\"130\">&nbsp;<\/td>\n<td width=\"115\"><b>ENDERE\u00c7O<\/b><\/td>\n<td width=\"312\">&nbsp;<\/td>\n<\/tr>\n<tr>\n<td width=\"123\"><b>TELEFONE<\/b><\/td>\n<td width=\"130\">&nbsp;<\/td>\n<td width=\"115\"><b>E-MAIL<\/b><\/td>\n<td width=\"312\">&nbsp;<\/td>\n<\/tr>\n<tr>\n<td colspan=\"4\" width=\"680\"><b>DADOS DO REPRESENTANTE LEGAL<\/b><\/td>\n<\/tr>\n<tr>\n<td width=\"123\"><b>NOME DO REPRESENTANTE LEGAL<\/b><\/td>\n<td width=\"130\">&nbsp;<\/td>\n<td width=\"115\"><b>TELEFONE DO REPRESENTANTE LEGAL<\/b><\/td>\n<td width=\"312\">&nbsp;<\/td>\n<\/tr>\n<\/tbody>\n<\/table>\n<p>&nbsp;<\/p>\n<table class=\"mat\" border=\"1\" cellspacing=\"0\" cellpadding=\"0\" align=\"left\">\n<tbody>\n<tr>\n<td width=\"66\">&nbsp;<\/p>\n<p><b>OBJETO<\/b><\/td>\n<td colspan=\"9\" width=\"613\"><b>CONTRATA\u00c7\u00c3O DE EMPRESA ESPECIALIZADA EM FORNECIMENTO DE KITS DE ATEN\u00c7\u00c3O B\u00c1SICA DESTINADA AO ATENDIMENTO DAS DEMANDAS DAS UNIDADES B\u00c1SICAS DE SA\u00daDE DESTE MUNIC\u00cdPIO<\/b><\/td>\n<\/tr>\n<tr>\n<td rowspan=\"2\" width=\"66\"><b>ITEM<\/b><\/td>\n<td colspan=\"5\" rowspan=\"2\" width=\"265\"><b>DESCRI\u00c7\u00c3O<\/b><\/td>\n<td rowspan=\"2\" width=\"76\"><b>Unidade de Medida<\/b><\/td>\n<td rowspan=\"2\" width=\"76\"><b>Qnt.<\/b><\/td>\n<td colspan=\"2\" width=\"197\"><b>PRE\u00c7O (R$)<\/b><\/td>\n<\/tr>\n<tr>\n<td width=\"95\"><b>UNIT\u00c1RIO<\/b><\/td>\n<td width=\"102\"><b>GLOGAL<\/b><\/td>\n<\/tr>\n<tr>\n<td width=\"66\">1<\/td>\n<td colspan=\"5\" width=\"265\">Kit Aten\u00e7\u00e3o B\u00e1sica, composto por: Manual did\u00e1tico preservativo DST, confeccionado em tecido Tactel bora bora, 100% poli\u00e9ster, com sublima\u00e7\u00e3o, fundo em bagum, preenchido de espuma densidade 23, medindo 27 cm x 27 cm, com capa e mais 4 folhas, acompanha 1 fantasia educativa representando um preservativo, confeccionada em tecido Tactel bora bora, 100% poli\u00e9ster, com sublima\u00e7\u00e3o fluorescente, malha, preenchido em espuma com densidade 23, medindo 75 cm x 88 cm, macac\u00e3o em malha, tamanho adulto, com par de sapatos em bagum preto. Embalagem em TNT com z\u00edper. Manual did\u00e1tico doa\u00e7\u00e3o de sangue, confeccionado em tecido Tactel bora bora, 100% poli\u00e9ster, com sublima\u00e7\u00e3o fluorescente, fundo em bagum, preenchido de espuma densidade 23, medindo 30&#215;30 cm, com capa e mais 4 folhas, acompanha 1 fantasia educativa da gota de sangue, confeccionada em tecido Welboa e detalhes feltro com arma\u00e7\u00e3o em espuma densidade 23, tamanho 77 cm x 57 cm, macac\u00e3o tamanho adulto em malha, com par de sapatos em bagum preto, com sublima\u00e7\u00e3o escrito DOE SANGUE. Embalagem em TNT com z\u00edper. Manual did\u00e1tico sa\u00fade bucal, confeccionado em tecido Tactel bora bora, 100% poli\u00e9ster, com sublima\u00e7\u00e3o fluorescente, fundo em bagum, preenchido de espuma densidade 23, medindo 30&#215;30 cm, com capa e mais 4 folhas, acompanha 1 fantasia educativa da sa\u00fade bucal, composta por cabe\u00e7a em pele sint\u00e9tica com arma\u00e7\u00e3o em espuma densidade 23, bon\u00e9 e acabamentos em feltro, tamanho 50&#215;34 cm, macac\u00e3o tamanho adulto, com par de sapatos em bagum preto, 1 fantoche de escova de dente, confeccionados em feltro, EVA, malha, olhos em pvc, l\u00e3 e espuma densidade 23. Embalagem em TNT com z\u00edper. Manual did\u00e1tico vacina\u00e7\u00e3o, confeccionado em tecido Tactel bora bora, 100% poli\u00e9ster, com sublima\u00e7\u00e3o fluorescente, fundo em bagum, preenchido de espuma densidade 23, medindo 30&#215;30 cm, com capa e mais 4 folhas, acompanha 1 fantasia educativa representando uma seringa, composta por cabe\u00e7a confeccionada em feltro com acabamentos em malha, pele sint\u00e9tica e sublima\u00e7\u00e3o dos ML da seringa, arma\u00e7\u00e3o em espuma densidade 23, macac\u00e3o tamanho adulto confeccionado de malha, com par de sapatos em bagum preto, sublima\u00e7\u00e3o de VACINE-SE tamanho 28&#215;18 cm. Embalagem de TNT com z\u00edper. Manual did\u00e1tico endemias, confeccionado em tecido Tactel bora bora, 100% poli\u00e9ster, com sublima\u00e7\u00e3o fluorescente, fundo em bagum, preenchido de espuma densidade 23, medindo 30&#215;30 cm, com capa e mais 4 folhas, acompanha 8 fantoches educativos das endemias (menina negra, menino branco, mosquito da dengue, escorpi\u00e3o, rato, agente de sa\u00fade, caixa d\u2019\u00e1gua, pneu e z\u00e9 gotinha), confeccionados em tecido Welboa, feltro, tecido Oxford, malha, olhos em PVC r\u00edgido, boca em pl\u00e1stico PET 40, cabelos em l\u00e3 e kanekalon, preenchidos com fibra sint\u00e9tica e espuma densidade 23, medidas aproximadas de 40&#215;35 cm. Embalagem em TNT com z\u00edper. Manual did\u00e1tico teatro tem\u00e1tico SUS, confeccionado em tecido Tactel bora bora, 100% poli\u00e9ster, com sublima\u00e7\u00e3o fluorescente, fundo em bagum, preenchido de espuma densidade 23, medindo 30&#215;30 cm, com capa e mais 4 folhas, acompanha 1 palco tem\u00e1tico educativo do SUS, confeccionado em tecido Tactel bora 100% poli\u00e9ster com sublima\u00e7\u00e3o, fundo em Bagum e cortina em welboa, medindo 90&#215;210 cm. Embalagem em bagum com z\u00edper. Manual did\u00e1tico campanhas de sa\u00fade, confeccionado em tecido Tactel bora bora, 100% poli\u00e9ster, com sublima\u00e7\u00e3o fluorescente, fundo em bagum, preenchido de espuma densidade 23, medindo 30&#215;30 cm, com capa e mais 4 folhas, acompanha 6 pain\u00e9is representando as campanhas educativas de sa\u00fade (janeiro branco, junho vermelho, agosto dourado, setembro amarelo, outubro rosa e novembro azul), confeccionados em tecido Tactel bora bora, 100% poli\u00e9ster, com sublima\u00e7\u00e3o e fundo em bagum, com velcro e ilh\u00f3s para fixa\u00e7\u00e3o, tamanho 80&#215;60 cm. Embalagem em TNT com z\u00edper. Manual did\u00e1tico mosquito da dengue, confeccionado em tecido Tactel bora bora, 100% poli\u00e9ster, com sublima\u00e7\u00e3o fluorescente, fundo em bagum, preenchido de espuma densidade 23, medindo 30&#215;30 cm, com capa e mais 4 folhas, acompanha 1 fantasia educativa representando o mosquito da dengue, composta por cabe\u00e7a confeccionada em tecido Welboa e detalhes feltro com arma\u00e7\u00e3o em espuma densidade 23, macac\u00e3o tamanho adulto em malha, com par de sapatos em bagum preto, medindo aproximadamente 2,20m, com cabe\u00e7a m\u00f3vel. Embalagem em TNT com z\u00edper. Manual did\u00e1tico Super SUS, confeccionado em tecido Tactel bora bora, 100% poli\u00e9ster, com sublima\u00e7\u00e3o fluorescente, fundo em bagum, preenchido de espuma densidade 23, medindo 30&#215;30 cm, com capa e mais 4 folhas, acompanha 1 fantasia educativa representando o z\u00e9 gotinha, composta por cabe\u00e7a confeccionada em tecido Welboa e detalhes feltro com arma\u00e7\u00e3o em espuma densidade 23, macac\u00e3o tamanho adulto em malha, com par de sapatos em bagum, medindo aproximadamente 2,20m, com cabe\u00e7a m\u00f3vel. Embalagem em TNT com z\u00edper.<\/td>\n<td width=\"76\">KIT<\/td>\n<td width=\"76\">01<\/td>\n<td width=\"95\">&nbsp;<\/td>\n<td width=\"102\">&nbsp;<\/td>\n<\/tr>\n<tr>\n<td colspan=\"3\" width=\"152\"><b>VALOR GLOBAL POR EXTENSO<\/b><\/td>\n<td width=\"86\">&nbsp;<\/td>\n<td colspan=\"6\" width=\"442\">&nbsp;<\/td>\n<\/tr>\n<tr>\n<td colspan=\"2\" width=\"90\">&nbsp;<\/td>\n<td colspan=\"8\" width=\"589\">Declaramos que concordamos e atenderemos todas as exig\u00eancias do Aviso e seus anexos.<\/td>\n<\/tr>\n<tr>\n<td colspan=\"3\" width=\"152\"><b>VALIDADE DA PROPOSTA<\/b><\/td>\n<td colspan=\"2\" width=\"118\">&nbsp;<\/td>\n<td colspan=\"5\" width=\"409\"><b>ASSINATURA DO REPRESENTANTE LEGAL DA EMPRESA<\/b><\/td>\n<\/tr>\n<tr>\n<td width=\"72\">&nbsp;<\/td>\n<td width=\"27\">&nbsp;<\/td>\n<td width=\"68\">&nbsp;<\/td>\n<td width=\"94\">&nbsp;<\/td>\n<td width=\"36\">&nbsp;<\/td>\n<td width=\"67\">&nbsp;<\/td>\n<td width=\"83\">&nbsp;<\/td>\n<td width=\"83\">&nbsp;<\/td>\n<td width=\"104\">&nbsp;<\/td>\n<td width=\"112\">&nbsp;<\/td>\n<\/tr>\n<\/tbody>\n<\/table>\n<p>&nbsp;<\/p>\n<p><b>DISPENSA DE LICITA\u00c7\u00c3O N\u00b0 011\/2025<\/b><\/p>\n<p><b>SETOR DE LICITA\u00c7\u00c3O<\/b><\/p>\n<p>&nbsp;<\/p>\n<p><b>ANEXO III \u2013 MODELO DE DECLARA\u00c7\u00c3O DE CUMPRIMENTO DO DISPOSTO NO INC. XXXIII DO ART. 7\u00ba DA CONSTITUI\u00c7\u00c3O FEDERAL<\/b><\/p>\n<p>&nbsp;<\/p>\n<p><b>REFERENTE: DISPENSA DE LICITA\u00c7\u00c3O N\u00b0 011\/2025 &#8211; SETOR DE LICITA\u00c7\u00c3O<\/b><\/p>\n<p>&nbsp;<\/p>\n<p>Declaramos, para os fins do disposto no inciso VI do art. 68 da Lei 14.133\/2021, que n\u00e3o empregamos menor de 18 (dezoito) anos em trabalho noturno, perigoso ou insalubre e n\u00e3o empregarmos menor de 16 (dezesseis) anos.<\/p>\n<p>&nbsp;<\/p>\n<p>Ressalva: emprega menor, a partir de 14 (quatorze) anos, na condi\u00e7\u00e3o de aprendiz ( ). Observa\u00e7\u00e3o: em caso afirmativo, assinalar a ressalva acima.<\/p>\n<p>&nbsp;<\/p>\n<p>Vila Flor,<u>\u00a0<\/u>de de<\/p>\n<p>&nbsp;<\/p>\n<p>ASSINATURA DO REPRESENTANTE LEGAL DA EMPRESA<\/p>\n<p>&nbsp;<\/p>\n<p><b>DISPENSA DE LICITA\u00c7\u00c3O N\u00b0 011\/2025<\/b><\/p>\n<p><b>SETOR DE LICITA\u00c7\u00c3O<\/b><\/p>\n<p>&nbsp;<\/p>\n<p><b>ANEXO IV &#8211; DECLARA\u00c7\u00c3O DE RESERVA DE CARGOS PCD, CONSOANTE ART. 92, DA LEI FEDERAL N\u201d 14.133\/2021<\/b><\/p>\n<p>&nbsp;<\/p>\n<p><b>REFERENTE: DISPENSA DE LICITA\u00c7\u00c3O N\u00b0 011\/2025 &#8211; COMISS\u00c3O DE LICITA\u00c7\u00c3O<\/b><\/p>\n<p>&nbsp;<\/p>\n<p>A empresa<u>\u00a0<\/u>_<u>\u00a0<\/u>, declara para os devidos fins licitat\u00f3rios que cumpre as exig\u00eancias de reserva de cargos para Pessoa com Defici\u00eancia \u2014 PcD, para Reabilitado da Previd\u00eancia Social e para aprendiz, em aten\u00e7\u00e3o ao art. 92, inciso XVII da Lei n\u00b0 14.133\/2021.<\/p>\n<p>&nbsp;<\/p>\n<p>Vila Flor,<u>\u00a0<\/u>de__________ de<\/p>\n<p>&nbsp;<\/p>\n<p>ASSINATURA DO REPRESENTANTE LEGAL DA EMPRESA<\/p>\n<p>&nbsp;<\/p>\n<p><b>DISPENSA DE LICITA\u00c7\u00c3O N\u00b0 011\/2025 &#8211; SETOR DE LICITA\u00c7\u00c3O<\/b><\/p>\n<p><b>ANEXO V &#8211; DECLARA\u00c7\u00c3O IMPEDIMENTOS DO ART. 14 DA LEI FEDERAL N\u201d 14.133\/2021<\/b><\/p>\n<p>&nbsp;<\/p>\n<p><b>REFERENTE: DISPENSA DE LICITA\u00c7\u00c3O N\u00b0 011\/2025 &#8211; SETOR DE LICITA\u00c7\u00c3O<\/b><\/p>\n<p>&nbsp;<\/p>\n<p>A empresa<u>\u00a0<\/u>_<u>\u00a0<\/u>, declara para os devidos fins licitat\u00f3rios que n\u00e3o incursa nos impedimentos para disputa de licita\u00e7\u00e3o ou execu\u00e7\u00e3o do contrato de que trata o art. 14 da Lei Federal n\u00b0 14.133\/2021.<\/p>\n<p>&nbsp;<\/p>\n<p>Vila Flor,<u>\u00a0<\/u>de__________ de<\/p>\n<p>&nbsp;<\/p>\n<p>ASSINATURA DO REPRESENTANTE LEGAL DA EMPRESA<\/p>\n<p>&nbsp;<\/p>\n<p><b>DISPENSA DE LICITA\u00c7\u00c3O N\u00b0 011\/2025<\/b><\/p>\n<p><b>SETOR DE LICITA\u00c7\u00c3O<\/b><\/p>\n<p><b>ANEXO V \u2013 MODELO DE CARTA CONTRATO<\/b><\/p>\n<p>&nbsp;<\/p>\n<p><b>CARTA CONTRATO N\u00ba 0XX\/20XX<\/b><\/p>\n<p>&nbsp;<\/p>\n<p>Contrato de presta\u00e7\u00e3o de servi\u00e7os que entre si celebram o\u00a0<b>PREFEITURA MUNICIPAL DE VILA FLOR\u00a0<\/b>e a empresa\u00a0<b>&#8230;&#8230;&#8230;&#8230;&#8230;&#8230;&#8230;&#8230;&#8230;..<\/b><\/p>\n<p>&nbsp;<\/p>\n<p>A\u00a0<b>PREFEITURA MUNICIPAL DE VILA FLOR,\u00a0<\/b>pessoa jur\u00eddica de direito p\u00fablico interno, \u00f3rg\u00e3o p\u00fablico, com sede nesta Cidade, na Rua Jos\u00e9 Calazans, 169, Centro, Vila Flor\/RN, inscrita no CNPJ sob o n\u00ba 08.169.278\/0001-07, neste ato representado pel Sra. Prefeita Municipal THUANNE KARLA CARVALHO DE SOUZA, doravante denominado\u00a0<b>CONTRATANTE,\u00a0<\/b>e a\u00a0<b>Empresa &#8230;&#8230;&#8230;&#8230;&#8230;&#8230;&#8230;&#8230;&#8230;&#8230;.,\u00a0<\/b>CNPJ n\u00ba&#8230;&#8230;&#8230;&#8230;&#8230;&#8230;&#8230;., situado \u00e0 &#8230;&#8230;&#8230;&#8230;&#8230;&#8230;&#8230;&#8230;.., Cidade-Estado, telefone &#8230;&#8230;&#8230;&#8230;&#8230;.., e-mail , neste ato representada pelo Sr , brasileiro, casado, profiss\u00e3o, portador da C\u00e9dula de Identidade n\u00ba &#8230;&#8230;&#8230;&#8230;&#8230; &#8211; SSP-&#8230;., CPF n\u00ba &#8230;&#8230;&#8230;&#8230;.. , residente na Rua &#8230;&#8230;&#8230;&#8230;&#8230;&#8230;., telefone &#8230;&#8230;&#8230;&#8230;&#8230;, e-mail: &#8230;&#8230;&#8230;&#8230;&#8230;&#8230;&#8230;.., doravante denominada\u00a0<b>CONTRATADA<\/b>, resolvem celebrar o presente Contrato, autorizado pelo despacho constante no Processo Administrativo n\u00b0\u00a0<b>XXXXXXXXX\/20XX<\/b>, mediante parecer jur\u00eddico, que se reger\u00e1 pela Lei Federal n.\u00ba 14.133\/2021 e altera\u00e7\u00f5es posteriores, mediante as cl\u00e1usulas e condi\u00e7\u00f5es a seguir e do qual ficam fazendo parte integrante independentemente de transcri\u00e7\u00e3o, os documentos:<\/p>\n<p>&nbsp;<\/p>\n<p>Aviso de DISPENSA DE LICITA\u00c7\u00c3O N\u00ba 011\/2025 &#8211; COMISS\u00c3O DE LICITA\u00c7\u00c3O e seus anexos.<\/p>\n<p>&nbsp;<\/p>\n<p>Propostas de pre\u00e7o apresentada pela\u00a0<b>CONTRATADA\u00a0<\/b>em 00\/00\/0000.<\/p>\n<p>&nbsp;<\/p>\n<p><b>CL\u00c1USULA PRIMEIRA &#8211; OBJETO<\/b><\/p>\n<p>&nbsp;<\/p>\n<p><b>CONTRATA\u00c7\u00c3O DE EMPRESA ESPECIALIZADA EM FORNECIMENTO DE KITS DE ATEN\u00c7\u00c3O B\u00c1SICA DESTINADA AO ATENDIMENTO DAS DEMANDAS DAS UNIDADES B\u00c1SICAS DE SA\u00daDE DESTE MUNIC\u00cdPIO do Aviso de DISPENSA DE LICITA\u00c7\u00c3O N\u00ba 011\/2025 \u2013 COMISS\u00c3O DE LICITA\u00c7\u00c3O e proposta da CONTRATADA que s\u00e3o parte integrante deste instrumento independente de transcri\u00e7\u00e3o<\/b>.<\/p>\n<p>&nbsp;<\/p>\n<p><b>Par\u00e1grafo \u00fanico.\u00a0<\/b>A licitante obriga-se a aceitar, quando solicitado pela Administra\u00e7\u00e3o, nas mesmas condi\u00e7\u00f5es e dentro do prazo contratual estabelecido, os acr\u00e9scimos ou supress\u00f5es que se fizer nas compras de at\u00e9 25% (vinte e cinco por cento) do valor inicial atualizado do contrato, e as supress\u00f5es resultantes de acordo celebrado entre as partes, na forma do art. 125 da Lei Federal n\u00ba 14.133\/2021.<\/p>\n<p><b>CL\u00c1USULA SEGUNDA \u2013 DOS PRAZOS<\/b><\/p>\n<p>&nbsp;<\/p>\n<p>\u00a71\u00ba VIG\u00caNCIA: A vig\u00eancia do contrato ser\u00e1 de 12 (doze) meses, contados a partir da data da assinatura.<\/p>\n<p>&nbsp;<\/p>\n<p>\u00a72\u00ba Os prazos poder\u00e3o ser alterados nos termos da Lei Federal n\u00ba 14.133\/2021.<\/p>\n<p>&nbsp;<\/p>\n<p><b>CL\u00c1USULA TERCEIRA \u2013 PRE\u00c7O<\/b><\/p>\n<p>&nbsp;<\/p>\n<table class=\"mat\" border=\"1\" cellspacing=\"0\" cellpadding=\"0\" align=\"left\">\n<tbody>\n<tr>\n<td rowspan=\"2\" width=\"66\"><b>ITEM<\/b><\/td>\n<td rowspan=\"2\" width=\"265\"><b>DESCRI\u00c7\u00c3O<\/b><\/td>\n<td rowspan=\"2\" width=\"76\"><b>Unidade de Medida<\/b><\/td>\n<td rowspan=\"2\" width=\"76\"><b>Qnt.<\/b><\/td>\n<td colspan=\"2\" width=\"197\"><b>PRE\u00c7O (R$)<\/b><\/td>\n<\/tr>\n<tr>\n<td width=\"95\"><b>UNIT\u00c1RIO<\/b><\/td>\n<td width=\"102\"><b>GLOGAL<\/b><\/td>\n<\/tr>\n<tr>\n<td width=\"66\">1<\/td>\n<td width=\"265\">Kit Aten\u00e7\u00e3o B\u00e1sica, composto por: Manual did\u00e1tico preservativo DST, confeccionado em tecido Tactel bora bora, 100% poli\u00e9ster, com sublima\u00e7\u00e3o, fundo em bagum, preenchido de espuma densidade 23, medindo 27 cm x 27 cm, com capa e mais 4 folhas, acompanha 1 fantasia educativa representando um preservativo, confeccionada em tecido Tactel bora bora, 100% poli\u00e9ster, com sublima\u00e7\u00e3o fluorescente, malha, preenchido em espuma com densidade 23, medindo 75 cm x 88 cm, macac\u00e3o em malha, tamanho adulto, com par de sapatos em bagum preto. Embalagem em TNT com z\u00edper. Manual did\u00e1tico doa\u00e7\u00e3o de sangue, confeccionado em tecido Tactel bora bora, 100% poli\u00e9ster, com sublima\u00e7\u00e3o fluorescente, fundo em bagum, preenchido de espuma densidade 23, medindo 30&#215;30 cm, com capa e mais 4 folhas, acompanha 1 fantasia educativa da gota de sangue, confeccionada em tecido Welboa e detalhes feltro com arma\u00e7\u00e3o em espuma densidade 23, tamanho 77 cm x 57 cm, macac\u00e3o tamanho adulto em malha, com par de sapatos em bagum preto, com sublima\u00e7\u00e3o escrito DOE SANGUE. Embalagem em TNT com z\u00edper. Manual did\u00e1tico sa\u00fade bucal, confeccionado em tecido Tactel bora bora, 100% poli\u00e9ster, com sublima\u00e7\u00e3o fluorescente, fundo em bagum, preenchido de espuma densidade 23, medindo 30&#215;30 cm, com capa e mais 4 folhas, acompanha 1 fantasia educativa da sa\u00fade bucal, composta por cabe\u00e7a em pele sint\u00e9tica com arma\u00e7\u00e3o em espuma densidade 23, bon\u00e9 e acabamentos em feltro, tamanho 50&#215;34 cm, macac\u00e3o tamanho adulto, com par de sapatos em bagum preto, 1 fantoche de escova de dente, confeccionados em feltro, EVA, malha, olhos em pvc, l\u00e3 e espuma densidade 23. Embalagem em TNT com z\u00edper. Manual did\u00e1tico vacina\u00e7\u00e3o, confeccionado em tecido Tactel bora bora, 100% poli\u00e9ster, com sublima\u00e7\u00e3o fluorescente, fundo em bagum, preenchido de espuma densidade 23, medindo 30&#215;30 cm, com capa e mais 4 folhas, acompanha 1 fantasia educativa representando uma seringa, composta por cabe\u00e7a confeccionada em feltro com acabamentos em malha, pele sint\u00e9tica e sublima\u00e7\u00e3o dos ML da seringa, arma\u00e7\u00e3o em espuma densidade 23, macac\u00e3o tamanho adulto confeccionado de malha, com par de sapatos em bagum preto, sublima\u00e7\u00e3o de VACINE-SE tamanho 28&#215;18 cm. Embalagem de TNT com z\u00edper. Manual did\u00e1tico endemias, confeccionado em tecido Tactel bora bora, 100% poli\u00e9ster, com sublima\u00e7\u00e3o fluorescente, fundo em bagum, preenchido de espuma densidade 23, medindo 30&#215;30 cm, com capa e mais 4 folhas, acompanha 8 fantoches educativos das endemias (menina negra, menino branco, mosquito da dengue, escorpi\u00e3o, rato, agente de sa\u00fade, caixa d\u2019\u00e1gua, pneu e z\u00e9 gotinha), confeccionados em tecido Welboa, feltro, tecido Oxford, malha, olhos em PVC r\u00edgido, boca em pl\u00e1stico PET 40, cabelos em l\u00e3 e kanekalon, preenchidos com fibra sint\u00e9tica e espuma densidade 23, medidas aproximadas de 40&#215;35 cm. Embalagem em TNT com z\u00edper. Manual did\u00e1tico teatro tem\u00e1tico SUS, confeccionado em tecido Tactel bora bora, 100% poli\u00e9ster, com sublima\u00e7\u00e3o fluorescente, fundo em bagum, preenchido de espuma densidade 23, medindo 30&#215;30 cm, com capa e mais 4 folhas, acompanha 1 palco tem\u00e1tico educativo do SUS, confeccionado em tecido Tactel bora 100% poli\u00e9ster com sublima\u00e7\u00e3o, fundo em Bagum e cortina em welboa, medindo 90&#215;210 cm. Embalagem em bagum com z\u00edper. Manual did\u00e1tico campanhas de sa\u00fade, confeccionado em tecido Tactel bora bora, 100% poli\u00e9ster, com sublima\u00e7\u00e3o fluorescente, fundo em bagum, preenchido de espuma densidade 23, medindo 30&#215;30 cm, com capa e mais 4 folhas, acompanha 6 pain\u00e9is representando as campanhas educativas de sa\u00fade (janeiro branco, junho vermelho, agosto dourado, setembro amarelo, outubro rosa e novembro azul), confeccionados em tecido Tactel bora bora, 100% poli\u00e9ster, com sublima\u00e7\u00e3o e fundo em bagum, com velcro e ilh\u00f3s para fixa\u00e7\u00e3o, tamanho 80&#215;60 cm. Embalagem em TNT com z\u00edper. Manual did\u00e1tico mosquito da dengue, confeccionado em tecido Tactel bora bora, 100% poli\u00e9ster, com sublima\u00e7\u00e3o fluorescente, fundo em bagum, preenchido de espuma densidade 23, medindo 30&#215;30 cm, com capa e mais 4 folhas, acompanha 1 fantasia educativa representando o mosquito da dengue, composta por cabe\u00e7a confeccionada em tecido Welboa e detalhes feltro com arma\u00e7\u00e3o em espuma densidade 23, macac\u00e3o tamanho adulto em malha, com par de sapatos em bagum preto, medindo aproximadamente 2,20m, com cabe\u00e7a m\u00f3vel. Embalagem em TNT com z\u00edper. Manual did\u00e1tico Super SUS, confeccionado em tecido Tactel bora bora, 100% poli\u00e9ster, com sublima\u00e7\u00e3o fluorescente, fundo em bagum, preenchido de espuma densidade 23, medindo 30&#215;30 cm, com capa e mais 4 folhas, acompanha 1 fantasia educativa representando o z\u00e9 gotinha, composta por cabe\u00e7a confeccionada em tecido Welboa e detalhes feltro com arma\u00e7\u00e3o em espuma densidade 23, macac\u00e3o tamanho adulto em malha, com par de sapatos em bagum, medindo aproximadamente 2,20m, com cabe\u00e7a m\u00f3vel. Embalagem em TNT com z\u00edper.<\/td>\n<td width=\"76\">KIT<\/td>\n<td width=\"76\">01<\/td>\n<td width=\"95\">&nbsp;<\/td>\n<td width=\"102\">&nbsp;<\/td>\n<\/tr>\n<\/tbody>\n<\/table>\n<p>&nbsp;<\/p>\n<p>O valor global deste contrato \u00e9 de\u00a0<b>R$ &#8230;&#8230;&#8230;&#8230;&#8230;&#8230; (&#8230;&#8230;&#8230;&#8230;&#8230;&#8230;&#8230;&#8230;&#8230;&#8230;&#8230;&#8230; )\u00a0<\/b>sendo fixo e irreajust\u00e1vel pelo per\u00edodo de 12 (doze) meses, transcrito da proposta de pre\u00e7o apresentada pela\u00a0<b>CONTRATADA<\/b>, entendido este como pre\u00e7o justo e suficiente para a total execu\u00e7\u00e3o do objeto deste Contrato.<\/p>\n<p>&nbsp;<\/p>\n<p><b>CL\u00c1USULA QUARTA \u2013 RECURSO FINANCEIRO<\/b><\/p>\n<p>As despesas para pagamento deste contrato correr\u00e3o \u00e0 conta do recurso da Dota\u00e7\u00e3o Or\u00e7ament\u00e1ria:<\/p>\n<p>&nbsp;<\/p>\n<p>Unidade Gestora:<\/p>\n<p>Gest\u00e3o<\/p>\n<p>Unidade Or\u00e7ament\u00e1ria<\/p>\n<p>Suba\u00e7\u00e3o<\/p>\n<p>Fonte Recurso:<\/p>\n<p>Elemento de despesa:<\/p>\n<p>&nbsp;<\/p>\n<p><b>CL\u00c1USULA QUINTA \u2013 ALTERA\u00c7\u00c3O<\/b><\/p>\n<p>&nbsp;<\/p>\n<p>A altera\u00e7\u00e3o de quaisquer das cl\u00e1usulas ou condi\u00e7\u00f5es contidas neste contrato dever\u00e1 ser realizada mediante celebra\u00e7\u00e3o de Termo Aditivo, ressalvadas as hip\u00f3teses previstas em Lei.<\/p>\n<p>&nbsp;<\/p>\n<p><b>CL\u00c1USULA SEXTA \u2013 RESCIS\u00c3O<\/b><\/p>\n<p>&nbsp;<\/p>\n<p>Este contrato poder\u00e1 ser extinto na forma dos Artigos 137, 138 e 139 da Lei Federal n\u00ba 14.133\/2021.<\/p>\n<p>&nbsp;<\/p>\n<p><b>CL\u00c1USULA S\u00c9TIMA &#8211; FORO<\/b><\/p>\n<p>&nbsp;<\/p>\n<p>Fica eleito o Foro da Cidade de Vila Flor, Estado da Rio Grande do Norte, como o competente para dirimir quest\u00f5es decorrentes do cumprimento deste contrato, renunciando as partes a qualquer outro por mais privilegiado que seja.<\/p>\n<p>&nbsp;<\/p>\n<p>E, por estarem assim justas e acordadas, firmam as partes o presente instrumento em 03 (tr\u00eas) vias de igual teor e forma, para que produza os efeitos jur\u00eddicos.<\/p>\n<p>&nbsp;<\/p>\n<p>Vila Flor-Rio Grande do Norte, &#8230;&#8230;.. de &#8230;&#8230;&#8230;&#8230;&#8230;&#8230;. de &#8230;&#8230;&#8230;&#8230;&#8230;&#8230;..<\/p>\n<p>&nbsp;<\/p>\n<p>_<u>\u00a0<\/u>_<u><\/u><\/p>\n<p>Contratante<\/p>\n<p>&nbsp;<\/p>\n<p>_ _<\/p>\n<p>Contratada<\/p>\n<div align=\"right\">\n<b>Publicado por:<\/b><br \/>\nGrinaldo Joaquim de Souza<br \/>\n<b>C\u00f3digo Identificador:<\/b>CD12F3BF<\/div>\n<p>&nbsp;<\/p>\n<hr \/>\n<p>Mat\u00e9ria publicada no Di\u00e1rio Oficial dos Munic\u00edpios do Estado do Rio Grande do Norte no dia 31\/03\/2025. Edi\u00e7\u00e3o 3507<br \/>\nA verifica\u00e7\u00e3o de autenticidade da mat\u00e9ria pode ser feita informando o c\u00f3digo identificador no site:<br \/>\nhttps:\/\/www.diariomunicipal.com.br\/femurn\/<\/p><\/div>\n<div class=\"pdfprnt-buttons pdfprnt-buttons-post pdfprnt-bottom-right\"><a href=\"https:\/\/vilaflor.rn.gov.br\/transparencia\/wp-json\/wp\/v2\/posts\/1201?print=pdf\" class=\"pdfprnt-button pdfprnt-button-pdf\" target=\"_blank\"><img decoding=\"async\" src=\"https:\/\/vilaflor.rn.gov.br\/transparencia\/wp-content\/plugins\/pdf-print\/images\/pdf.png\" alt=\"image_pdf\" title=\"Baixar PDF\" \/><\/a><a href=\"https:\/\/vilaflor.rn.gov.br\/transparencia\/wp-json\/wp\/v2\/posts\/1201?print=print\" class=\"pdfprnt-button pdfprnt-button-print\" target=\"_blank\"><img decoding=\"async\" src=\"https:\/\/vilaflor.rn.gov.br\/transparencia\/wp-content\/plugins\/pdf-print\/images\/print.png\" alt=\"image_print\" title=\"Conte\u00fado de impress\u00e3o\" \/><\/a><\/div>","protected":false},"excerpt":{"rendered":"<p>ESTADO DO RIO GRANDE DO NORTE PREFEITURA MUNICIPAL DE VILA FLOR SECRETARIA MUNICIPAL DE ADMINISTRA\u00c7\u00c3O AVISO DE DISPENSA DE LICITA\u00c7\u00c3O N\u00b0 011\/2025 FUNDAMENTA\u00c7\u00c3O LEGAL: ART. 75, INCISO II E \u00a7\u00a7 1\u00ba A 4\u00ba, DA LEI FEDERAL N\u00ba 14.133\/2021; INSTRU\u00c7\u00c3O NORMATIVA SEMGE N\u00ba 05\/2021 DADOS DO AVISO Vila Flor\/RN, em 25 de mar\u00e7o de 2025. &nbsp; [&hellip;]<\/p>\n","protected":false},"author":1,"featured_media":0,"comment_status":"open","ping_status":"open","sticky":false,"template":"","format":"standard","meta":{"ocean_post_layout":"","ocean_both_sidebars_style":"","ocean_both_sidebars_content_width":0,"ocean_both_sidebars_sidebars_width":0,"ocean_sidebar":"0","ocean_second_sidebar":"0","ocean_disable_margins":"enable","ocean_add_body_class":"","ocean_shortcode_before_top_bar":"","ocean_shortcode_after_top_bar":"","ocean_shortcode_before_header":"","ocean_shortcode_after_header":"","ocean_has_shortcode":"","ocean_shortcode_after_title":"","ocean_shortcode_before_footer_widgets":"","ocean_shortcode_after_footer_widgets":"","ocean_shortcode_before_footer_bottom":"","ocean_shortcode_after_footer_bottom":"","ocean_display_top_bar":"default","ocean_display_header":"default","ocean_header_style":"","ocean_center_header_left_menu":"0","ocean_custom_header_template":"0","ocean_custom_logo":0,"ocean_custom_retina_logo":0,"ocean_custom_logo_max_width":0,"ocean_custom_logo_tablet_max_width":0,"ocean_custom_logo_mobile_max_width":0,"ocean_custom_logo_max_height":0,"ocean_custom_logo_tablet_max_height":0,"ocean_custom_logo_mobile_max_height":0,"ocean_header_custom_menu":"0","ocean_menu_typo_font_family":"0","ocean_menu_typo_font_subset":"","ocean_menu_typo_font_size":0,"ocean_menu_typo_font_size_tablet":0,"ocean_menu_typo_font_size_mobile":0,"ocean_menu_typo_font_size_unit":"px","ocean_menu_typo_font_weight":"","ocean_menu_typo_font_weight_tablet":"","ocean_menu_typo_font_weight_mobile":"","ocean_menu_typo_transform":"","ocean_menu_typo_transform_tablet":"","ocean_menu_typo_transform_mobile":"","ocean_menu_typo_line_height":0,"ocean_menu_typo_line_height_tablet":0,"ocean_menu_typo_line_height_mobile":0,"ocean_menu_typo_line_height_unit":"","ocean_menu_typo_spacing":0,"ocean_menu_typo_spacing_tablet":0,"ocean_menu_typo_spacing_mobile":0,"ocean_menu_typo_spacing_unit":"","ocean_menu_link_color":"","ocean_menu_link_color_hover":"","ocean_menu_link_color_active":"","ocean_menu_link_background":"","ocean_menu_link_hover_background":"","ocean_menu_link_active_background":"","ocean_menu_social_links_bg":"","ocean_menu_social_hover_links_bg":"","ocean_menu_social_links_color":"","ocean_menu_social_hover_links_color":"","ocean_disable_title":"default","ocean_disable_heading":"default","ocean_post_title":"","ocean_post_subheading":"","ocean_post_title_style":"","ocean_post_title_background_color":"","ocean_post_title_background":0,"ocean_post_title_bg_image_position":"","ocean_post_title_bg_image_attachment":"","ocean_post_title_bg_image_repeat":"","ocean_post_title_bg_image_size":"","ocean_post_title_height":0,"ocean_post_title_bg_overlay":0.5,"ocean_post_title_bg_overlay_color":"","ocean_disable_breadcrumbs":"default","ocean_breadcrumbs_color":"","ocean_breadcrumbs_separator_color":"","ocean_breadcrumbs_links_color":"","ocean_breadcrumbs_links_hover_color":"","ocean_display_footer_widgets":"default","ocean_display_footer_bottom":"default","ocean_custom_footer_template":"0","ocean_post_oembed":"","ocean_post_self_hosted_media":"","ocean_post_video_embed":"","ocean_link_format":"","ocean_link_format_target":"self","ocean_quote_format":"","ocean_quote_format_link":"post","ocean_gallery_link_images":"on","ocean_gallery_id":[],"footnotes":""},"categories":[5,13,15,4],"tags":[],"class_list":["post-1201","post","type-post","status-publish","format-standard","hentry","category-aviso-de-licitacao","category-dispensa-de-licitacao","category-dispensa-de-licitacao-2025","category-licitacao","entry"],"_links":{"self":[{"href":"https:\/\/vilaflor.rn.gov.br\/transparencia\/wp-json\/wp\/v2\/posts\/1201","targetHints":{"allow":["GET"]}}],"collection":[{"href":"https:\/\/vilaflor.rn.gov.br\/transparencia\/wp-json\/wp\/v2\/posts"}],"about":[{"href":"https:\/\/vilaflor.rn.gov.br\/transparencia\/wp-json\/wp\/v2\/types\/post"}],"author":[{"embeddable":true,"href":"https:\/\/vilaflor.rn.gov.br\/transparencia\/wp-json\/wp\/v2\/users\/1"}],"replies":[{"embeddable":true,"href":"https:\/\/vilaflor.rn.gov.br\/transparencia\/wp-json\/wp\/v2\/comments?post=1201"}],"version-history":[{"count":1,"href":"https:\/\/vilaflor.rn.gov.br\/transparencia\/wp-json\/wp\/v2\/posts\/1201\/revisions"}],"predecessor-version":[{"id":1202,"href":"https:\/\/vilaflor.rn.gov.br\/transparencia\/wp-json\/wp\/v2\/posts\/1201\/revisions\/1202"}],"wp:attachment":[{"href":"https:\/\/vilaflor.rn.gov.br\/transparencia\/wp-json\/wp\/v2\/media?parent=1201"}],"wp:term":[{"taxonomy":"category","embeddable":true,"href":"https:\/\/vilaflor.rn.gov.br\/transparencia\/wp-json\/wp\/v2\/categories?post=1201"},{"taxonomy":"post_tag","embeddable":true,"href":"https:\/\/vilaflor.rn.gov.br\/transparencia\/wp-json\/wp\/v2\/tags?post=1201"}],"curies":[{"name":"wp","href":"https:\/\/api.w.org\/{rel}","templated":true}]}}